{"id":18516,"date":"2025-10-07T05:06:37","date_gmt":"2025-10-07T05:06:37","guid":{"rendered":"https:\/\/africadailyreport.com\/2025\/10\/07\/in-congo-a-fragile-truce-ends-the-feud-inside-tshisekedis-party\/"},"modified":"2025-10-07T05:20:19","modified_gmt":"2025-10-07T05:20:19","slug":"in-congo-a-fragile-truce-ends-the-feud-inside-tshisekedis-party","status":"publish","type":"post","link":"https:\/\/africadailyreport.com\/fr\/2025\/10\/07\/in-congo-a-fragile-truce-ends-the-feud-inside-tshisekedis-party\/","title":{"rendered":"En RDC, une tr\u00eave fragile met fin \u00e0 la guerre des chefs au sein du parti pr\u00e9sidentiel"},"content":{"rendered":"\n<h2 class=\"wp-block-heading\" id=\"h-kinshasa-republique-democratique-du-congo-sous-le-soleil-brulant-d-octobre-dans-la-commune-de-limete-a-kinshasa-la-foule-s-est-soudain-tue-devant-le-siege-du-parti-presidentiel-deo-bizibu-a-pris-la-parole-d-une-voix-grave\"><strong>KINSHASA, R\u00e9publique d\u00e9mocratique du Congo<\/strong> \u2014<br>Sous le soleil br\u00fblant d\u2019octobre, dans la commune de Limete \u00e0 Kinshasa, la foule s\u2019est soudain tue. Devant le si\u00e8ge du parti pr\u00e9sidentiel, Deo Bizibu a pris la parole d\u2019une voix grave :<\/h2>\n\n\n\n<blockquote class=\"wp-block-quote is-layout-flow wp-block-quote-is-layout-flow\">\n<p>\u00ab Le secr\u00e9taire g\u00e9n\u00e9ral, il est bel et bien l\u00e0 : l\u2019honorable Augustin Kabuya ! \u00bb<\/p>\n<\/blockquote>\n\n\n\n<figure class=\"wp-block-image size-large\"><img data-recalc-dims=\"1\" loading=\"lazy\" decoding=\"async\" width=\"696\" height=\"466\" src=\"https:\/\/i0.wp.com\/africadailyreport.com\/wp-content\/uploads\/2025\/10\/image.png?resize=696%2C466&#038;ssl=1\" alt=\"\" class=\"wp-image-18513\" srcset=\"https:\/\/i0.wp.com\/africadailyreport.com\/wp-content\/uploads\/2025\/10\/image.png?resize=1024%2C685&amp;ssl=1 1024w, https:\/\/i0.wp.com\/africadailyreport.com\/wp-content\/uploads\/2025\/10\/image.png?resize=300%2C201&amp;ssl=1 300w, https:\/\/i0.wp.com\/africadailyreport.com\/wp-content\/uploads\/2025\/10\/image.png?resize=768%2C514&amp;ssl=1 768w, https:\/\/i0.wp.com\/africadailyreport.com\/wp-content\/uploads\/2025\/10\/image.png?resize=628%2C420&amp;ssl=1 628w, https:\/\/i0.wp.com\/africadailyreport.com\/wp-content\/uploads\/2025\/10\/image.png?resize=150%2C100&amp;ssl=1 150w, https:\/\/i0.wp.com\/africadailyreport.com\/wp-content\/uploads\/2025\/10\/image.png?resize=696%2C466&amp;ssl=1 696w, https:\/\/i0.wp.com\/africadailyreport.com\/wp-content\/uploads\/2025\/10\/image.png?resize=1068%2C714&amp;ssl=1 1068w, https:\/\/i0.wp.com\/africadailyreport.com\/wp-content\/uploads\/2025\/10\/image.png?w=1214&amp;ssl=1 1214w\" sizes=\"auto, (max-width: 696px) 100vw, 696px\" \/><figcaption class=\"wp-element-caption\">F\u00e9lix Tshisekedi (\u00e0 dr) a r\u00e9ussi \u00e0 mettre fin le 4 octobre au schisme qui fracturait le parti entre les pro et les anti-Kabuya (\u00e0 g.) depuis le 11 ao\u00fbt 2024. \u00a9 UDPS RDC<\/figcaption><\/figure>\n\n\n\n<h3 class=\"wp-block-heading\" id=\"h-\"><\/h3>\n\n\n\n<h2 class=\"wp-block-heading\" id=\"h-\"><\/h2>\n\n\n\n<p><\/p>\n\n\n\n<blockquote class=\"wp-block-quote is-layout-flow wp-block-quote-is-layout-flow\">\n<p><\/p>\n<\/blockquote>\n\n\n\n<p>Ce 4 octobre, celui qui contestait depuis plus d\u2019un an l\u2019autorit\u00e9 du secr\u00e9taire g\u00e9n\u00e9ral venait, solennellement, d\u2019abdiquer. En un geste symbolique, Bizibu a rendu son tr\u00f4ne \u00e0 Kabuya et scell\u00e9, du moins en apparence, la r\u00e9conciliation d\u2019un parti fractur\u00e9 depuis l\u2019\u00e9t\u00e9 2024.<\/p>\n\n\n\n<hr class=\"wp-block-separator has-alpha-channel-opacity\"\/>\n\n\n\n<h3 class=\"wp-block-heading\"><strong>Un parti au bord de la rupture<\/strong><\/h3>\n\n\n\n<p>Depuis plus d\u2019un an, l\u2019Union pour la d\u00e9mocratie et le progr\u00e8s social (UDPS) vivait une querelle interne qui mena\u00e7ait sa survie.<br>Accus\u00e9 de d\u00e9rives autoritaires, Augustin Kabuya avait \u00e9t\u00e9 destitu\u00e9 par une faction autoproclam\u00e9e \u00ab convention d\u00e9mocratique \u00bb. Mais le secr\u00e9taire g\u00e9n\u00e9ral n\u2019avait jamais c\u00e9d\u00e9. Il continuait \u00e0 occuper son bureau, tandis que ses opposants, emmen\u00e9s par Deo Bizibu, tenaient leurs propres r\u00e9unions, leurs propres discours, leurs propres r\u00eaves de l\u00e9gitimit\u00e9.<\/p>\n\n\n\n<p>Samedi, v\u00eatu de blanc \u2014 couleur du parti et symbole de paix \u2014 Bizibu a enfin fait all\u00e9geance :<\/p>\n\n\n\n<blockquote class=\"wp-block-quote is-layout-flow wp-block-quote-is-layout-flow\">\n<p>\u00ab L\u2019UDPS n\u2019a qu\u2019un seul chef : Fatshi Beton, F\u00e9lix Tshisekedi \u00bb, a-t-il proclam\u00e9, reprenant le surnom populaire du pr\u00e9sident.<\/p>\n<\/blockquote>\n\n\n\n<p>\u00c0 ses c\u00f4t\u00e9s, Augustin Kabuya a r\u00e9pondu dans un ton de contrition :<\/p>\n\n\n\n<blockquote class=\"wp-block-quote is-layout-flow wp-block-quote-is-layout-flow\">\n<p>\u00ab Nous avons ouvert une nouvelle page. Nous respectons les orientations du chef de l\u2019\u00c9tat et demandons pardon pour les scandales caus\u00e9s. \u00bb<\/p>\n<\/blockquote>\n\n\n\n<hr class=\"wp-block-separator has-alpha-channel-opacity\"\/>\n\n\n\n<h3 class=\"wp-block-heading\"><strong>L\u2019arbitre silencieux : F\u00e9lix Tshisekedi<\/strong><\/h3>\n\n\n\n<p>Derri\u00e8re cette sc\u00e8ne d\u2019unit\u00e9 retrouv\u00e9e, une main invisible : celle du chef de l\u2019\u00c9tat lui-m\u00eame.<br>Le 19 septembre, tard dans la nuit, F\u00e9lix Tshisekedi avait convoqu\u00e9 les deux camps rivaux au Palais de la Nation. Apr\u00e8s des entretiens s\u00e9par\u00e9s, il leur proposa un compromis : Kabuya resterait secr\u00e9taire g\u00e9n\u00e9ral jusqu\u2019au congr\u00e8s de d\u00e9cembre, Bizibu retrouverait son poste de secr\u00e9taire g\u00e9n\u00e9ral adjoint.<\/p>\n\n\n\n<blockquote class=\"wp-block-quote is-layout-flow wp-block-quote-is-layout-flow\">\n<p>\u00ab Il n\u2019y a pas de vainqueur ni de vaincu \u00bb, r\u00e9sume Adolphe Amisi Makutano, d\u00e9put\u00e9 et pr\u00e9sident de la Ligue des jeunes du parti. \u00ab L\u2019unit\u00e9, c\u2019est d\u00e9j\u00e0 une victoire. \u00bb<\/p>\n<\/blockquote>\n\n\n\n<p>Officiellement, la Constitution congolaise interdit au pr\u00e9sident d\u2019exercer un pouvoir au sein d\u2019un parti. Officieusement, sans son arbitrage, le schisme aurait pu s\u2019envenimer.<\/p>\n\n\n\n<p>\u00ab Il attendait peut-\u00eatre qu\u2019un camp s\u2019\u00e9puise, confie Marcellin Bilomba, proche de Deo Bizibu. Mais nous n\u2019avons pas faibli. Beaucoup ont perdu leur emploi, mais cela a renforc\u00e9 notre d\u00e9termination. \u00c0 un moment, il fallait trancher. \u00bb<\/p>\n\n\n\n<hr class=\"wp-block-separator has-alpha-channel-opacity\"\/>\n\n\n\n<h3 class=\"wp-block-heading\"><strong>La peur de l\u2019effacement<\/strong><\/h3>\n\n\n\n<p>Au sein du parti, un sentiment d\u2019urgence r\u00e9gnait. L\u2019UDPS, jadis symbole de r\u00e9sistance sous Mobutu, craignait de se marginaliser dans la coalition de l\u2019Union sacr\u00e9e.<br>\u00ab Pendant que nous nous disputions, d\u2019autres pr\u00e9paraient 2028 \u00bb, glisse un cadre du parti sous couvert d\u2019anonymat.<\/p>\n\n\n\n<blockquote class=\"wp-block-quote is-layout-flow wp-block-quote-is-layout-flow\">\n<p>\u00ab L\u2019objectif d\u2019un parti, c\u2019est de conqu\u00e9rir le pouvoir et de le conserver \u00bb, tranche froidement Emmany Dioko, ancien pr\u00e9sident de la Ligue des jeunes.<\/p>\n<\/blockquote>\n\n\n\n<p>Plusieurs figures du parti, dont Daniel Aselo, Peter Kazadi, Jean-Claude Tshilumbayi et Eteni Longondo \u2014 l\u2019auteur d\u2019une lettre cinglante adress\u00e9e \u00e0 Kabuya en 2024 \u2014 avaient d\u00e9j\u00e0 \u0153uvr\u00e9 dans l\u2019ombre \u00e0 une m\u00e9diation.<br>M\u00eame Marthe Kasalu, la m\u00e8re du pr\u00e9sident, aurait encourag\u00e9 la r\u00e9conciliation. Ensemble, ils forment aujourd\u2019hui un \u00ab comit\u00e9 d\u2019accompagnement \u00bb charg\u00e9 de superviser les r\u00e9formes internes et d\u2019organiser le congr\u00e8s de d\u00e9cembre.<\/p>\n\n\n\n<hr class=\"wp-block-separator has-alpha-channel-opacity\"\/>\n\n\n\n<h3 class=\"wp-block-heading\"><strong>Refonder l\u2019UDPS<\/strong><\/h3>\n\n\n\n<p>Derri\u00e8re la paix sign\u00e9e, le chantier reste immense.<br>Les statuts du parti, h\u00e9rit\u00e9s de son \u00e9poque d\u2019opposition, paraissent d\u00e9pass\u00e9s pour une formation d\u00e9sormais au pouvoir. Un poste de vice-pr\u00e9sident pourrait \u00eatre cr\u00e9\u00e9 pour \u00e9pauler le chef du parti et \u00e9viter de nouveaux blocages.<\/p>\n\n\n\n<p>Chaque camp d\u00e9signera aussi ses repr\u00e9sentants dans les commissions pr\u00e9paratoires du congr\u00e8s \u2014 une mesure symbolique pour restaurer la confiance.<\/p>\n\n\n\n<blockquote class=\"wp-block-quote is-layout-flow wp-block-quote-is-layout-flow\">\n<p>\u00ab Dans toutes les familles, il y a des diff\u00e9rends. Mais c\u2019est notre capacit\u00e9 \u00e0 nous d\u00e9passer qui fera notre force \u00bb, insiste Makutano.<\/p>\n<\/blockquote>\n\n\n\n<p>M\u00eame Bilomba, l\u2019un des visages de la fronde, adopte un ton conciliant :<\/p>\n\n\n\n<blockquote class=\"wp-block-quote is-layout-flow wp-block-quote-is-layout-flow\">\n<p>\u00ab Je ne suis pas un frondeur. Je veux simplement que l\u2019UDPS retrouve sa place. \u00bb<\/p>\n<\/blockquote>\n\n\n\n<hr class=\"wp-block-separator has-alpha-channel-opacity\"\/>\n\n\n\n<h3 class=\"wp-block-heading\"><strong>Une paix encore provisoire<\/strong><\/h3>\n\n\n\n<p>Personne, au sein du parti, n\u2019ose dire que tout est r\u00e9gl\u00e9.<br>Mais la journ\u00e9e du 4 octobre a marqu\u00e9 une respiration rare, un moment suspendu entre rancunes et r\u00e9conciliation.<\/p>\n\n\n\n<p>\u00ab J\u2019ai aim\u00e9 ce qui a \u00e9t\u00e9 dit, raconte un cadre pr\u00e9sent. Nous sommes dans un processus de paix, m\u00eame si elle prendra du temps. \u00bb<\/p>\n\n\n\n<p>L\u2019histoire de l\u2019UDPS, marqu\u00e9e par des d\u00e9cennies de divisions et de luttes internes, prouve qu\u2019elle sait rena\u00eetre de ses crises.<\/p>\n\n\n\n<blockquote class=\"wp-block-quote is-layout-flow wp-block-quote-is-layout-flow\">\n<p>\u00ab Avec des amis, on s\u2019est dit pardon pour les mots trop durs qu\u2019on a \u00e9chang\u00e9s \u00bb, confie un militant. \u00ab Il faut avancer. \u00bb<\/p>\n<\/blockquote>\n\n\n\n<p>Mais dans le tumulte politique congolais, la paix est toujours fragile \u2014 et souvent provisoire.<\/p>\n\n\n\n<p>O Bulamba \/ ADR<\/p>\n\n\n\n<h3 class=\"wp-block-heading\" id=\"h-\"><\/h3>\n","protected":false},"excerpt":{"rendered":"<p>KINSHASA, R\u00e9publique d\u00e9mocratique du Congo \u2014Sous le soleil br\u00fblant d\u2019octobre, dans la commune de Limete \u00e0 Kinshasa, la foule s\u2019est soudain tue. Devant le si\u00e8ge du parti pr\u00e9sidentiel, Deo Bizibu a pris la parole d\u2019une voix grave : \u00ab Le secr\u00e9taire g\u00e9n\u00e9ral, il est bel et bien l\u00e0 : l\u2019honorable Augustin Kabuya ! \u00bb Ce [&hellip;]<\/p>\n","protected":false},"author":1,"featured_media":18514,"comment_status":"open","ping_status":"open","sticky":false,"template":"","format":"standard","meta":{"_acf_changed":false,"om_disable_all_campaigns":false,"_monsterinsights_skip_tracking":false,"_monsterinsights_sitenote_active":false,"_monsterinsights_sitenote_note":"","_monsterinsights_sitenote_category":0,"tdm_status":"","tdm_grid_status":"","_jetpack_newsletter_access":"","_jetpack_dont_email_post_to_subs":false,"_jetpack_newsletter_tier_id":0,"_jetpack_memberships_contains_paywalled_content":false,"_jetpack_memberships_contains_paid_content":false,"footnotes":""},"categories":[293,1236,1008],"tags":[1665,3066,1480],"adr_country":[1089],"class_list":{"0":"post-18516","1":"post","2":"type-post","3":"status-publish","4":"format-standard","5":"has-post-thumbnail","7":"category-actualites-fr","8":"category-lead","9":"category-politics-fr","10":"tag-felix-tshisekedi-fr","11":"tag-kabuya-fr","12":"tag-udps-fr","13":"adr_country-d-r-congo"},"acf":{"post_version":""},"yoast_head":"<!-- This site is optimized with the Yoast SEO Premium plugin v26.0 (Yoast SEO v27.4) - https:\/\/yoast.com\/product\/yoast-seo-premium-wordpress\/ -->\n<title>En RDC, une tr\u00eave fragile met fin \u00e0 la guerre des chefs au sein du parti pr\u00e9sidentiel - Africa Daily Report<\/title>\n<meta name=\"robots\" content=\"index, follow, max-snippet:-1, max-image-preview:large, max-video-preview:-1\" \/>\n<link rel=\"canonical\" href=\"https:\/\/africadailyreport.com\/fr\/2025\/10\/07\/in-congo-a-fragile-truce-ends-the-feud-inside-tshisekedis-party\/\" \/>\n<meta property=\"og:locale\" content=\"fr_FR\" \/>\n<meta property=\"og:type\" content=\"article\" \/>\n<meta property=\"og:title\" content=\"En RDC, une tr\u00eave fragile met fin \u00e0 la guerre des chefs au sein du parti pr\u00e9sidentiel\" \/>\n<meta property=\"og:description\" content=\"KINSHASA, R\u00e9publique d\u00e9mocratique du Congo \u2014Sous le soleil br\u00fblant d\u2019octobre, dans la commune de Limete \u00e0 Kinshasa, la foule s\u2019est soudain tue. Devant le si\u00e8ge du parti pr\u00e9sidentiel, Deo Bizibu a pris la parole d\u2019une voix grave : \u00ab Le secr\u00e9taire g\u00e9n\u00e9ral, il est bel et bien l\u00e0 : l\u2019honorable Augustin Kabuya ! \u00bb Ce [&hellip;]\" \/>\n<meta property=\"og:url\" content=\"https:\/\/africadailyreport.com\/fr\/2025\/10\/07\/in-congo-a-fragile-truce-ends-the-feud-inside-tshisekedis-party\/\" \/>\n<meta property=\"og:site_name\" content=\"Africa Daily Report\" \/>\n<meta property=\"article:publisher\" content=\"https:\/\/www.facebook.com\/africadailyreport\" \/>\n<meta property=\"article:published_time\" content=\"2025-10-07T05:06:37+00:00\" \/>\n<meta property=\"article:modified_time\" content=\"2025-10-07T05:20:19+00:00\" \/>\n<meta property=\"og:image\" content=\"https:\/\/africadailyreport.com\/wp-content\/uploads\/2025\/10\/image.png\" \/>\n\t<meta property=\"og:image:width\" content=\"1214\" \/>\n\t<meta property=\"og:image:height\" content=\"812\" \/>\n\t<meta property=\"og:image:type\" content=\"image\/png\" \/>\n<meta name=\"author\" content=\"O Bulamba \/ ADR\" \/>\n<meta name=\"twitter:card\" content=\"summary_large_image\" \/>\n<meta name=\"twitter:creator\" content=\"@adr_africa\" \/>\n<meta name=\"twitter:site\" content=\"@adr_africa\" \/>\n<meta name=\"twitter:label1\" content=\"\u00c9crit par\" \/>\n\t<meta name=\"twitter:data1\" content=\"O Bulamba \/ ADR\" \/>\n\t<meta name=\"twitter:label2\" content=\"Dur\u00e9e de lecture estim\u00e9e\" \/>\n\t<meta name=\"twitter:data2\" content=\"4 minutes\" \/>\n<script type=\"application\/ld+json\" class=\"yoast-schema-graph\">{\"@context\":\"https:\\\/\\\/schema.org\",\"@graph\":[{\"@type\":\"Article\",\"@id\":\"https:\\\/\\\/africadailyreport.com\\\/fr\\\/2025\\\/10\\\/07\\\/in-congo-a-fragile-truce-ends-the-feud-inside-tshisekedis-party\\\/#article\",\"isPartOf\":{\"@id\":\"https:\\\/\\\/africadailyreport.com\\\/fr\\\/2025\\\/10\\\/07\\\/in-congo-a-fragile-truce-ends-the-feud-inside-tshisekedis-party\\\/\"},\"author\":{\"name\":\"O Bulamba \\\/ ADR\",\"@id\":\"https:\\\/\\\/africadailyreport.com\\\/fr\\\/#\\\/schema\\\/person\\\/88148059337754d1a3dc29a78c8d1fa9\"},\"headline\":\"En RDC, une tr\u00eave fragile met fin \u00e0 la guerre des chefs au sein du parti pr\u00e9sidentiel\",\"datePublished\":\"2025-10-07T05:06:37+00:00\",\"dateModified\":\"2025-10-07T05:20:19+00:00\",\"mainEntityOfPage\":{\"@id\":\"https:\\\/\\\/africadailyreport.com\\\/fr\\\/2025\\\/10\\\/07\\\/in-congo-a-fragile-truce-ends-the-feud-inside-tshisekedis-party\\\/\"},\"wordCount\":927,\"commentCount\":0,\"publisher\":{\"@id\":\"https:\\\/\\\/africadailyreport.com\\\/fr\\\/#organization\"},\"image\":{\"@id\":\"https:\\\/\\\/africadailyreport.com\\\/fr\\\/2025\\\/10\\\/07\\\/in-congo-a-fragile-truce-ends-the-feud-inside-tshisekedis-party\\\/#primaryimage\"},\"thumbnailUrl\":\"https:\\\/\\\/i0.wp.com\\\/africadailyreport.com\\\/wp-content\\\/uploads\\\/2025\\\/10\\\/image.png?fit=1214%2C812&ssl=1\",\"keywords\":[\"felix tshisekedi\",\"kabuya\",\"udps\"],\"articleSection\":[\"Actualit\u00e9s\",\"LEAD\",\"Politics\"],\"inLanguage\":\"fr-FR\",\"potentialAction\":[{\"@type\":\"CommentAction\",\"name\":\"Comment\",\"target\":[\"https:\\\/\\\/africadailyreport.com\\\/fr\\\/2025\\\/10\\\/07\\\/in-congo-a-fragile-truce-ends-the-feud-inside-tshisekedis-party\\\/#respond\"]}],\"copyrightYear\":\"2025\",\"copyrightHolder\":{\"@id\":\"https:\\\/\\\/africadailyreport.com\\\/#organization\"}},{\"@type\":\"WebPage\",\"@id\":\"https:\\\/\\\/africadailyreport.com\\\/fr\\\/2025\\\/10\\\/07\\\/in-congo-a-fragile-truce-ends-the-feud-inside-tshisekedis-party\\\/\",\"url\":\"https:\\\/\\\/africadailyreport.com\\\/fr\\\/2025\\\/10\\\/07\\\/in-congo-a-fragile-truce-ends-the-feud-inside-tshisekedis-party\\\/\",\"name\":\"En RDC, une tr\u00eave fragile met fin \u00e0 la guerre des chefs au sein du parti pr\u00e9sidentiel - Africa Daily Report\",\"isPartOf\":{\"@id\":\"https:\\\/\\\/africadailyreport.com\\\/fr\\\/#website\"},\"primaryImageOfPage\":{\"@id\":\"https:\\\/\\\/africadailyreport.com\\\/fr\\\/2025\\\/10\\\/07\\\/in-congo-a-fragile-truce-ends-the-feud-inside-tshisekedis-party\\\/#primaryimage\"},\"image\":{\"@id\":\"https:\\\/\\\/africadailyreport.com\\\/fr\\\/2025\\\/10\\\/07\\\/in-congo-a-fragile-truce-ends-the-feud-inside-tshisekedis-party\\\/#primaryimage\"},\"thumbnailUrl\":\"https:\\\/\\\/i0.wp.com\\\/africadailyreport.com\\\/wp-content\\\/uploads\\\/2025\\\/10\\\/image.png?fit=1214%2C812&ssl=1\",\"datePublished\":\"2025-10-07T05:06:37+00:00\",\"dateModified\":\"2025-10-07T05:20:19+00:00\",\"breadcrumb\":{\"@id\":\"https:\\\/\\\/africadailyreport.com\\\/fr\\\/2025\\\/10\\\/07\\\/in-congo-a-fragile-truce-ends-the-feud-inside-tshisekedis-party\\\/#breadcrumb\"},\"inLanguage\":\"fr-FR\",\"potentialAction\":[{\"@type\":\"ReadAction\",\"target\":[\"https:\\\/\\\/africadailyreport.com\\\/fr\\\/2025\\\/10\\\/07\\\/in-congo-a-fragile-truce-ends-the-feud-inside-tshisekedis-party\\\/\"]}]},{\"@type\":\"ImageObject\",\"inLanguage\":\"fr-FR\",\"@id\":\"https:\\\/\\\/africadailyreport.com\\\/fr\\\/2025\\\/10\\\/07\\\/in-congo-a-fragile-truce-ends-the-feud-inside-tshisekedis-party\\\/#primaryimage\",\"url\":\"https:\\\/\\\/i0.wp.com\\\/africadailyreport.com\\\/wp-content\\\/uploads\\\/2025\\\/10\\\/image.png?fit=1214%2C812&ssl=1\",\"contentUrl\":\"https:\\\/\\\/i0.wp.com\\\/africadailyreport.com\\\/wp-content\\\/uploads\\\/2025\\\/10\\\/image.png?fit=1214%2C812&ssl=1\",\"width\":1214,\"height\":812},{\"@type\":\"BreadcrumbList\",\"@id\":\"https:\\\/\\\/africadailyreport.com\\\/fr\\\/2025\\\/10\\\/07\\\/in-congo-a-fragile-truce-ends-the-feud-inside-tshisekedis-party\\\/#breadcrumb\",\"itemListElement\":[{\"@type\":\"ListItem\",\"position\":1,\"name\":\"Home\",\"item\":\"https:\\\/\\\/africadailyreport.com\\\/fr\\\/\"},{\"@type\":\"ListItem\",\"position\":2,\"name\":\"En RDC, une tr\u00eave fragile met fin \u00e0 la guerre des chefs au sein du parti pr\u00e9sidentiel\"}]},{\"@type\":\"WebSite\",\"@id\":\"https:\\\/\\\/africadailyreport.com\\\/fr\\\/#website\",\"url\":\"https:\\\/\\\/africadailyreport.com\\\/fr\\\/\",\"name\":\"Africa Daily Report\",\"description\":\"\",\"publisher\":{\"@id\":\"https:\\\/\\\/africadailyreport.com\\\/fr\\\/#organization\"},\"potentialAction\":[{\"@type\":\"SearchAction\",\"target\":{\"@type\":\"EntryPoint\",\"urlTemplate\":\"https:\\\/\\\/africadailyreport.com\\\/fr\\\/?s={search_term_string}\"},\"query-input\":{\"@type\":\"PropertyValueSpecification\",\"valueRequired\":true,\"valueName\":\"search_term_string\"}}],\"inLanguage\":\"fr-FR\"},{\"@type\":\"Organization\",\"@id\":\"https:\\\/\\\/africadailyreport.com\\\/fr\\\/#organization\",\"name\":\"Africa Daily Report\",\"url\":\"https:\\\/\\\/africadailyreport.com\\\/fr\\\/\",\"logo\":{\"@type\":\"ImageObject\",\"inLanguage\":\"fr-FR\",\"@id\":\"https:\\\/\\\/africadailyreport.com\\\/fr\\\/#\\\/schema\\\/logo\\\/image\\\/\",\"url\":\"https:\\\/\\\/africadailyreport.com\\\/wp-content\\\/uploads\\\/2024\\\/09\\\/ADR-Transparent-Green-Logo-1.png\",\"contentUrl\":\"https:\\\/\\\/africadailyreport.com\\\/wp-content\\\/uploads\\\/2024\\\/09\\\/ADR-Transparent-Green-Logo-1.png\",\"width\":267,\"height\":185,\"caption\":\"Africa Daily Report\"},\"image\":{\"@id\":\"https:\\\/\\\/africadailyreport.com\\\/fr\\\/#\\\/schema\\\/logo\\\/image\\\/\"},\"sameAs\":[\"https:\\\/\\\/www.facebook.com\\\/africadailyreport\",\"https:\\\/\\\/x.com\\\/adr_africa\",\"https:\\\/\\\/www.youtube.com\\\/@africadailyreport\",\"https:\\\/\\\/instagram.com\\\/africadailyreport\"]},{\"@type\":\"Person\",\"@id\":\"https:\\\/\\\/africadailyreport.com\\\/fr\\\/#\\\/schema\\\/person\\\/88148059337754d1a3dc29a78c8d1fa9\",\"name\":\"O Bulamba \\\/ ADR\",\"image\":{\"@type\":\"ImageObject\",\"inLanguage\":\"fr-FR\",\"@id\":\"https:\\\/\\\/secure.gravatar.com\\\/avatar\\\/fd520a50d8518deba0eea821be01c7d4b5be681fe77b8720ce2b45e22a147b24?s=96&d=mm&r=g\",\"url\":\"https:\\\/\\\/secure.gravatar.com\\\/avatar\\\/fd520a50d8518deba0eea821be01c7d4b5be681fe77b8720ce2b45e22a147b24?s=96&d=mm&r=g\",\"contentUrl\":\"https:\\\/\\\/secure.gravatar.com\\\/avatar\\\/fd520a50d8518deba0eea821be01c7d4b5be681fe77b8720ce2b45e22a147b24?s=96&d=mm&r=g\",\"caption\":\"O Bulamba \\\/ ADR\"},\"sameAs\":[\"https:\\\/\\\/africadailyreport.com\"],\"url\":\"https:\\\/\\\/africadailyreport.com\\\/fr\\\/author\\\/oblenabergmail-com\\\/\"}]}<\/script>\n<!-- \/ Yoast SEO Premium plugin. -->","yoast_head_json":{"title":"En RDC, une tr\u00eave fragile met fin \u00e0 la guerre des chefs au sein du parti pr\u00e9sidentiel - Africa Daily Report","robots":{"index":"index","follow":"follow","max-snippet":"max-snippet:-1","max-image-preview":"max-image-preview:large","max-video-preview":"max-video-preview:-1"},"canonical":"https:\/\/africadailyreport.com\/fr\/2025\/10\/07\/in-congo-a-fragile-truce-ends-the-feud-inside-tshisekedis-party\/","og_locale":"fr_FR","og_type":"article","og_title":"En RDC, une tr\u00eave fragile met fin \u00e0 la guerre des chefs au sein du parti pr\u00e9sidentiel","og_description":"KINSHASA, R\u00e9publique d\u00e9mocratique du Congo \u2014Sous le soleil br\u00fblant d\u2019octobre, dans la commune de Limete \u00e0 Kinshasa, la foule s\u2019est soudain tue. Devant le si\u00e8ge du parti pr\u00e9sidentiel, Deo Bizibu a pris la parole d\u2019une voix grave : \u00ab Le secr\u00e9taire g\u00e9n\u00e9ral, il est bel et bien l\u00e0 : l\u2019honorable Augustin Kabuya ! \u00bb Ce [&hellip;]","og_url":"https:\/\/africadailyreport.com\/fr\/2025\/10\/07\/in-congo-a-fragile-truce-ends-the-feud-inside-tshisekedis-party\/","og_site_name":"Africa Daily Report","article_publisher":"https:\/\/www.facebook.com\/africadailyreport","article_published_time":"2025-10-07T05:06:37+00:00","article_modified_time":"2025-10-07T05:20:19+00:00","og_image":[{"width":1214,"height":812,"url":"https:\/\/africadailyreport.com\/wp-content\/uploads\/2025\/10\/image.png","type":"image\/png"}],"author":"O Bulamba \/ ADR","twitter_card":"summary_large_image","twitter_creator":"@adr_africa","twitter_site":"@adr_africa","twitter_misc":{"\u00c9crit par":"O Bulamba \/ ADR","Dur\u00e9e de lecture estim\u00e9e":"4 minutes"},"schema":{"@context":"https:\/\/schema.org","@graph":[{"@type":"Article","@id":"https:\/\/africadailyreport.com\/fr\/2025\/10\/07\/in-congo-a-fragile-truce-ends-the-feud-inside-tshisekedis-party\/#article","isPartOf":{"@id":"https:\/\/africadailyreport.com\/fr\/2025\/10\/07\/in-congo-a-fragile-truce-ends-the-feud-inside-tshisekedis-party\/"},"author":{"name":"O Bulamba \/ ADR","@id":"https:\/\/africadailyreport.com\/fr\/#\/schema\/person\/88148059337754d1a3dc29a78c8d1fa9"},"headline":"En RDC, une tr\u00eave fragile met fin \u00e0 la guerre des chefs au sein du parti pr\u00e9sidentiel","datePublished":"2025-10-07T05:06:37+00:00","dateModified":"2025-10-07T05:20:19+00:00","mainEntityOfPage":{"@id":"https:\/\/africadailyreport.com\/fr\/2025\/10\/07\/in-congo-a-fragile-truce-ends-the-feud-inside-tshisekedis-party\/"},"wordCount":927,"commentCount":0,"publisher":{"@id":"https:\/\/africadailyreport.com\/fr\/#organization"},"image":{"@id":"https:\/\/africadailyreport.com\/fr\/2025\/10\/07\/in-congo-a-fragile-truce-ends-the-feud-inside-tshisekedis-party\/#primaryimage"},"thumbnailUrl":"https:\/\/i0.wp.com\/africadailyreport.com\/wp-content\/uploads\/2025\/10\/image.png?fit=1214%2C812&ssl=1","keywords":["felix tshisekedi","kabuya","udps"],"articleSection":["Actualit\u00e9s","LEAD","Politics"],"inLanguage":"fr-FR","potentialAction":[{"@type":"CommentAction","name":"Comment","target":["https:\/\/africadailyreport.com\/fr\/2025\/10\/07\/in-congo-a-fragile-truce-ends-the-feud-inside-tshisekedis-party\/#respond"]}],"copyrightYear":"2025","copyrightHolder":{"@id":"https:\/\/africadailyreport.com\/#organization"}},{"@type":"WebPage","@id":"https:\/\/africadailyreport.com\/fr\/2025\/10\/07\/in-congo-a-fragile-truce-ends-the-feud-inside-tshisekedis-party\/","url":"https:\/\/africadailyreport.com\/fr\/2025\/10\/07\/in-congo-a-fragile-truce-ends-the-feud-inside-tshisekedis-party\/","name":"En RDC, une tr\u00eave fragile met fin \u00e0 la guerre des chefs au sein du parti pr\u00e9sidentiel - Africa Daily Report","isPartOf":{"@id":"https:\/\/africadailyreport.com\/fr\/#website"},"primaryImageOfPage":{"@id":"https:\/\/africadailyreport.com\/fr\/2025\/10\/07\/in-congo-a-fragile-truce-ends-the-feud-inside-tshisekedis-party\/#primaryimage"},"image":{"@id":"https:\/\/africadailyreport.com\/fr\/2025\/10\/07\/in-congo-a-fragile-truce-ends-the-feud-inside-tshisekedis-party\/#primaryimage"},"thumbnailUrl":"https:\/\/i0.wp.com\/africadailyreport.com\/wp-content\/uploads\/2025\/10\/image.png?fit=1214%2C812&ssl=1","datePublished":"2025-10-07T05:06:37+00:00","dateModified":"2025-10-07T05:20:19+00:00","breadcrumb":{"@id":"https:\/\/africadailyreport.com\/fr\/2025\/10\/07\/in-congo-a-fragile-truce-ends-the-feud-inside-tshisekedis-party\/#breadcrumb"},"inLanguage":"fr-FR","potentialAction":[{"@type":"ReadAction","target":["https:\/\/africadailyreport.com\/fr\/2025\/10\/07\/in-congo-a-fragile-truce-ends-the-feud-inside-tshisekedis-party\/"]}]},{"@type":"ImageObject","inLanguage":"fr-FR","@id":"https:\/\/africadailyreport.com\/fr\/2025\/10\/07\/in-congo-a-fragile-truce-ends-the-feud-inside-tshisekedis-party\/#primaryimage","url":"https:\/\/i0.wp.com\/africadailyreport.com\/wp-content\/uploads\/2025\/10\/image.png?fit=1214%2C812&ssl=1","contentUrl":"https:\/\/i0.wp.com\/africadailyreport.com\/wp-content\/uploads\/2025\/10\/image.png?fit=1214%2C812&ssl=1","width":1214,"height":812},{"@type":"BreadcrumbList","@id":"https:\/\/africadailyreport.com\/fr\/2025\/10\/07\/in-congo-a-fragile-truce-ends-the-feud-inside-tshisekedis-party\/#breadcrumb","itemListElement":[{"@type":"ListItem","position":1,"name":"Home","item":"https:\/\/africadailyreport.com\/fr\/"},{"@type":"ListItem","position":2,"name":"En RDC, une tr\u00eave fragile met fin \u00e0 la guerre des chefs au sein du parti pr\u00e9sidentiel"}]},{"@type":"WebSite","@id":"https:\/\/africadailyreport.com\/fr\/#website","url":"https:\/\/africadailyreport.com\/fr\/","name":"Africa Daily Report","description":"","publisher":{"@id":"https:\/\/africadailyreport.com\/fr\/#organization"},"potentialAction":[{"@type":"SearchAction","target":{"@type":"EntryPoint","urlTemplate":"https:\/\/africadailyreport.com\/fr\/?s={search_term_string}"},"query-input":{"@type":"PropertyValueSpecification","valueRequired":true,"valueName":"search_term_string"}}],"inLanguage":"fr-FR"},{"@type":"Organization","@id":"https:\/\/africadailyreport.com\/fr\/#organization","name":"Africa Daily Report","url":"https:\/\/africadailyreport.com\/fr\/","logo":{"@type":"ImageObject","inLanguage":"fr-FR","@id":"https:\/\/africadailyreport.com\/fr\/#\/schema\/logo\/image\/","url":"https:\/\/africadailyreport.com\/wp-content\/uploads\/2024\/09\/ADR-Transparent-Green-Logo-1.png","contentUrl":"https:\/\/africadailyreport.com\/wp-content\/uploads\/2024\/09\/ADR-Transparent-Green-Logo-1.png","width":267,"height":185,"caption":"Africa Daily Report"},"image":{"@id":"https:\/\/africadailyreport.com\/fr\/#\/schema\/logo\/image\/"},"sameAs":["https:\/\/www.facebook.com\/africadailyreport","https:\/\/x.com\/adr_africa","https:\/\/www.youtube.com\/@africadailyreport","https:\/\/instagram.com\/africadailyreport"]},{"@type":"Person","@id":"https:\/\/africadailyreport.com\/fr\/#\/schema\/person\/88148059337754d1a3dc29a78c8d1fa9","name":"O Bulamba \/ ADR","image":{"@type":"ImageObject","inLanguage":"fr-FR","@id":"https:\/\/secure.gravatar.com\/avatar\/fd520a50d8518deba0eea821be01c7d4b5be681fe77b8720ce2b45e22a147b24?s=96&d=mm&r=g","url":"https:\/\/secure.gravatar.com\/avatar\/fd520a50d8518deba0eea821be01c7d4b5be681fe77b8720ce2b45e22a147b24?s=96&d=mm&r=g","contentUrl":"https:\/\/secure.gravatar.com\/avatar\/fd520a50d8518deba0eea821be01c7d4b5be681fe77b8720ce2b45e22a147b24?s=96&d=mm&r=g","caption":"O Bulamba \/ ADR"},"sameAs":["https:\/\/africadailyreport.com"],"url":"https:\/\/africadailyreport.com\/fr\/author\/oblenabergmail-com\/"}]}},"jetpack_featured_media_url":"https:\/\/i0.wp.com\/africadailyreport.com\/wp-content\/uploads\/2025\/10\/image.png?fit=1214%2C812&ssl=1","jetpack_sharing_enabled":true,"amp_enabled":true,"_links":{"self":[{"href":"https:\/\/africadailyreport.com\/fr\/wp-json\/wp\/v2\/posts\/18516","targetHints":{"allow":["GET"]}}],"collection":[{"href":"https:\/\/africadailyreport.com\/fr\/wp-json\/wp\/v2\/posts"}],"about":[{"href":"https:\/\/africadailyreport.com\/fr\/wp-json\/wp\/v2\/types\/post"}],"author":[{"embeddable":true,"href":"https:\/\/africadailyreport.com\/fr\/wp-json\/wp\/v2\/users\/1"}],"replies":[{"embeddable":true,"href":"https:\/\/africadailyreport.com\/fr\/wp-json\/wp\/v2\/comments?post=18516"}],"version-history":[{"count":2,"href":"https:\/\/africadailyreport.com\/fr\/wp-json\/wp\/v2\/posts\/18516\/revisions"}],"predecessor-version":[{"id":18519,"href":"https:\/\/africadailyreport.com\/fr\/wp-json\/wp\/v2\/posts\/18516\/revisions\/18519"}],"wp:featuredmedia":[{"embeddable":true,"href":"https:\/\/africadailyreport.com\/fr\/wp-json\/wp\/v2\/media\/18514"}],"wp:attachment":[{"href":"https:\/\/africadailyreport.com\/fr\/wp-json\/wp\/v2\/media?parent=18516"}],"wp:term":[{"taxonomy":"category","embeddable":true,"href":"https:\/\/africadailyreport.com\/fr\/wp-json\/wp\/v2\/categories?post=18516"},{"taxonomy":"post_tag","embeddable":true,"href":"https:\/\/africadailyreport.com\/fr\/wp-json\/wp\/v2\/tags?post=18516"},{"taxonomy":"adr_country","embeddable":true,"href":"https:\/\/africadailyreport.com\/fr\/wp-json\/wp\/v2\/adr_country?post=18516"}],"curies":[{"name":"wp","href":"https:\/\/api.w.org\/{rel}","templated":true}]}}