{"id":18390,"date":"2025-08-12T01:20:57","date_gmt":"2025-08-12T01:20:57","guid":{"rendered":"https:\/\/africadailyreport.com\/2025\/08\/12\/rwanda-says-un-claims-it-helped-kill-dr-congo-civilians-unacceptable\/"},"modified":"2025-08-12T02:03:32","modified_gmt":"2025-08-12T02:03:32","slug":"rwanda-says-un-claims-it-helped-kill-dr-congo-civilians-unacceptable","status":"publish","type":"post","link":"https:\/\/africadailyreport.com\/fr\/2025\/08\/12\/rwanda-says-un-claims-it-helped-kill-dr-congo-civilians-unacceptable\/","title":{"rendered":"Le Rwanda juge \u00ab\u00a0inacceptable\u00a0\u00bb que l&rsquo;ONU l&rsquo;accuse d&rsquo;avoir aid\u00e9 \u00e0 tuer 319 civils en RDC"},"content":{"rendered":"\n<h1 class=\"wp-block-heading\" id=\"h-kigali-rwanda-le-rwanda-a-juge-lundi-inacceptables-les-recentes-accusations-du-haut-commissaire-de-l-onu-aux-droits-de-l-homme-selon-lequel-l-armee-rwandaise-a-soutenu-le-groupe-arme-m23-dans-des-tueries-de-civils-ayant-fait-au-moins-319-morts-en-juillet-dans-l-est-de-la-republique-democratique-du-congo-rdc\">Kigali,\u00a0Rwanda &#8211; Le Rwanda a jug\u00e9 lundi \u00ab\u00a0inacceptables\u00a0\u00bb les r\u00e9centes accusations du Haut-Commissaire de l&rsquo;ONU aux droits de l&rsquo;Homme, selon lequel l&rsquo;arm\u00e9e rwandaise a \u00ab\u00a0soutenu\u00a0\u00bb le groupe arm\u00e9 M23 dans des tueries de civils ayant fait au moins 319 morts en juillet dans l&rsquo;est de la R\u00e9publique d\u00e9mocratique du Congo (RDC).<\/h1>\n\n\n\n<figure class=\"wp-block-image size-large\"><img data-recalc-dims=\"1\" loading=\"lazy\" decoding=\"async\" width=\"696\" height=\"464\" src=\"https:\/\/i0.wp.com\/africadailyreport.com\/wp-content\/uploads\/2025\/04\/AFP__20250417__42N23G2__v1__HighRes__FilesDrcongoUnrest-1.jpg?resize=696%2C464&#038;ssl=1\" alt=\"\" class=\"wp-image-17876\" srcset=\"https:\/\/i0.wp.com\/africadailyreport.com\/wp-content\/uploads\/2025\/04\/AFP__20250417__42N23G2__v1__HighRes__FilesDrcongoUnrest-1-scaled.jpg?resize=1024%2C683&amp;ssl=1 1024w, https:\/\/i0.wp.com\/africadailyreport.com\/wp-content\/uploads\/2025\/04\/AFP__20250417__42N23G2__v1__HighRes__FilesDrcongoUnrest-1-scaled.jpg?resize=300%2C200&amp;ssl=1 300w, https:\/\/i0.wp.com\/africadailyreport.com\/wp-content\/uploads\/2025\/04\/AFP__20250417__42N23G2__v1__HighRes__FilesDrcongoUnrest-1-scaled.jpg?resize=768%2C512&amp;ssl=1 768w, https:\/\/i0.wp.com\/africadailyreport.com\/wp-content\/uploads\/2025\/04\/AFP__20250417__42N23G2__v1__HighRes__FilesDrcongoUnrest-1-scaled.jpg?resize=1536%2C1024&amp;ssl=1 1536w, https:\/\/i0.wp.com\/africadailyreport.com\/wp-content\/uploads\/2025\/04\/AFP__20250417__42N23G2__v1__HighRes__FilesDrcongoUnrest-1-scaled.jpg?w=1392&amp;ssl=1 1392w, https:\/\/i0.wp.com\/africadailyreport.com\/wp-content\/uploads\/2025\/04\/AFP__20250417__42N23G2__v1__HighRes__FilesDrcongoUnrest-1-scaled.jpg?w=2088&amp;ssl=1 2088w\" sizes=\"auto, (max-width: 696px) 100vw, 696px\" \/><figcaption class=\"wp-element-caption\">(FILES) M23 soldiers are seen at the Stade de l&rsquo;Unite&rsquo; (Unity Stadium in French) in Goma on February 6, 2025 for a public gathering called by the armed group. The US special envoy to Africa on April 17, 2025 called on Rwanda to withdraw all its troops from the Democratic Republic of Congo and stop any support for the M23 rebel group.\n\u00ab\u00a0Rwanda should cease all military support to M23, and withdraw all Rwandan troops from DRC territory,\u00a0\u00bb Massad Boulos said after meeting this week with the leaders of both countries. (Photo by Alexis Huguet \/ AFP)<\/figcaption><\/figure>\n\n\n\n<h1 class=\"wp-block-heading\" id=\"h-\"><\/h1>\n\n\n\n<p><\/p>\n\n\n\n<p>\u00ab\u00a0Selon les t\u00e9moignages directs re\u00e7us (&#8230;) au moins 319 civils ont \u00e9t\u00e9 tu\u00e9s par le M23, soutenu par des membres des Forces de d\u00e9fense du Rwanda, entre le 9 et le 21 juillet dans quatre villages du territoire de Rutshuru, dans la province du Nord-Kivu \u2013 l&rsquo;un des bilans les plus \u00e9lev\u00e9s document\u00e9s lors de telles attaques depuis la r\u00e9surgence du M23\u00a0\u00bb fin 2021, avaient d\u00e9nonc\u00e9 la semaine derni\u00e8re les services de Volker T\u00fcrk dans un communiqu\u00e9.<\/p>\n\n\n\n<p>La plupart des victimes &#8211; dont au moins 48 femmes et 19 enfants &#8211; \u00e9taient des agriculteurs campant dans leurs champs pendant la saison des plantations, avait d\u00e9taill\u00e9 le Haut-Commissariat.<\/p>\n\n\n\n<p>M. T\u00fcrk s&rsquo;est dit \u00ab\u00a0constern\u00e9 par les attaques contre les civils\u00a0\u00bb dans l&rsquo;est de la RDC o\u00f9 les \u00ab\u00a0combats qui se poursuivent, malgr\u00e9 le cessez-le-feu r\u00e9cemment sign\u00e9 \u00e0 Doha\u00a0\u00bb.<\/p>\n\n\n\n<p>Si le minist\u00e8re rwandais des Affaires \u00e9trang\u00e8res, dans un communiqu\u00e9 paru lundi, ne nie pas les attaques du groupe arm\u00e9, il rejette \u00ab\u00a0l&rsquo;inclusion gratuite de l&rsquo;arm\u00e9e rwandaise dans ces accusations\u00a0\u00bb, \u00ab\u00a0sans aucune preuve\u00a0\u00bb, ce qu&rsquo;il qualifie d'\u00a0\u00bbinacceptable\u00a0\u00bb et de nature \u00e0 \u00ab\u00a0remettre en question la cr\u00e9dibilit\u00e9 du Haut-Commissariat et sa m\u00e9thodologie\u00a0\u00bb.<\/p>\n\n\n\n<p>\u00ab\u00a0Les accusations sensationnalistes risquent de compromettre le processus en cours d&rsquo;une r\u00e9solution pacifique du conflit en RDC\u00a0\u00bb, affirme encore Kigali.<\/p>\n\n\n\n<p>Le M23, soutenu par le Rwanda, a pris le contr\u00f4le de vastes zones de l\u2019est de la&nbsp;RDC depuis fin 2021 et s&rsquo;est empar\u00e9 en janvier et f\u00e9vrier des grandes villes de Goma et de Bukavu \u00e0 la suite d\u2019une offensive-\u00e9clair.<\/p>\n\n\n\n<p>Il a depuis lors \u00e9t\u00e9 accus\u00e9 de multiples exactions dans l&rsquo;est de la RDC, riche en minerais mais en proie aux conflits depuis plus de 30 ans.<\/p>\n\n\n\n<p>La RDC et le M23 ont sign\u00e9 le 19 juillet \u00e0 Doha un accord dans lequel les&nbsp;deux parties s&rsquo;engagent \u00ab\u00a0en faveur d\u2019un cessez-le-feu permanent\u00a0\u00bb. Mais les effets concrets de cet accord restent limit\u00e9s sur le terrain, selon le Haut-commissariat onusien.<\/p>\n\n\n\n<p>Kinshasa et Kigali ont sign\u00e9 en juin \u00e0 Washington un accord de paix, dont les dispositions doivent encore \u00eatre mises en oeuvre.<\/p>\n\n\n\n<p><\/p>\n\n\n\n<p>\u00a9 Agence France-Presse<\/p>\n","protected":false},"excerpt":{"rendered":"<p>Kigali,\u00a0Rwanda &#8211; Le Rwanda a jug\u00e9 lundi \u00ab\u00a0inacceptables\u00a0\u00bb les r\u00e9centes accusations du Haut-Commissaire de l&rsquo;ONU aux droits de l&rsquo;Homme, selon lequel l&rsquo;arm\u00e9e rwandaise a \u00ab\u00a0soutenu\u00a0\u00bb le groupe arm\u00e9 M23 dans des tueries de civils ayant fait au moins 319 morts en juillet dans l&rsquo;est de la R\u00e9publique d\u00e9mocratique du Congo (RDC). \u00ab\u00a0Selon les t\u00e9moignages directs [&hellip;]<\/p>\n","protected":false},"author":10,"featured_media":16266,"comment_status":"open","ping_status":"open","sticky":false,"template":"","format":"standard","meta":{"_acf_changed":false,"om_disable_all_campaigns":false,"_monsterinsights_skip_tracking":false,"_monsterinsights_sitenote_active":false,"_monsterinsights_sitenote_note":"","_monsterinsights_sitenote_category":0,"tdm_status":"","tdm_grid_status":"","_jetpack_newsletter_access":"","_jetpack_dont_email_post_to_subs":false,"_jetpack_newsletter_tier_id":0,"_jetpack_memberships_contains_paywalled_content":false,"_jetpack_memberships_contains_paid_content":false,"footnotes":""},"categories":[2716],"tags":[1074,808,1126,1518,2361,958,863,1531],"adr_country":[1667,1083],"class_list":{"0":"post-18390","1":"post","2":"type-post","3":"status-publish","4":"format-standard","5":"has-post-thumbnail","7":"category-actualites-fr-2","8":"tag-conflict-fr","9":"tag-conflit-fr","10":"tag-drc-fr","11":"tag-drcongo-fr","12":"tag-droits-2","13":"tag-onu-fr","14":"tag-rwanda-fr","15":"tag-un-fr","16":"adr_country-rd-congo-fr","17":"adr_country-rwanda"},"acf":{"post_version":""},"yoast_head":"<!-- This site is optimized with the Yoast SEO Premium plugin v26.0 (Yoast SEO v27.4) - https:\/\/yoast.com\/product\/yoast-seo-premium-wordpress\/ -->\n<title>Le Rwanda juge &quot;inacceptable&quot; que l&#039;ONU l&#039;accuse d&#039;avoir aid\u00e9 \u00e0 tuer 319 civils en RDC - Africa Daily Report<\/title>\n<meta name=\"robots\" content=\"index, follow, max-snippet:-1, max-image-preview:large, max-video-preview:-1\" \/>\n<link rel=\"canonical\" href=\"https:\/\/africadailyreport.com\/fr\/2025\/08\/12\/rwanda-says-un-claims-it-helped-kill-dr-congo-civilians-unacceptable\/\" \/>\n<meta property=\"og:locale\" content=\"fr_FR\" \/>\n<meta property=\"og:type\" content=\"article\" \/>\n<meta property=\"og:title\" content=\"Le Rwanda juge &quot;inacceptable&quot; que l&#039;ONU l&#039;accuse d&#039;avoir aid\u00e9 \u00e0 tuer 319 civils en RDC\" \/>\n<meta property=\"og:description\" content=\"Kigali,\u00a0Rwanda &#8211; Le Rwanda a jug\u00e9 lundi \u00ab\u00a0inacceptables\u00a0\u00bb les r\u00e9centes accusations du Haut-Commissaire de l&rsquo;ONU aux droits de l&rsquo;Homme, selon lequel l&rsquo;arm\u00e9e rwandaise a \u00ab\u00a0soutenu\u00a0\u00bb le groupe arm\u00e9 M23 dans des tueries de civils ayant fait au moins 319 morts en juillet dans l&rsquo;est de la R\u00e9publique d\u00e9mocratique du Congo (RDC). \u00ab\u00a0Selon les t\u00e9moignages directs [&hellip;]\" \/>\n<meta property=\"og:url\" content=\"https:\/\/africadailyreport.com\/fr\/2025\/08\/12\/rwanda-says-un-claims-it-helped-kill-dr-congo-civilians-unacceptable\/\" \/>\n<meta property=\"og:site_name\" content=\"Africa Daily Report\" \/>\n<meta property=\"article:publisher\" content=\"https:\/\/www.facebook.com\/africadailyreport\" \/>\n<meta property=\"article:published_time\" content=\"2025-08-12T01:20:57+00:00\" \/>\n<meta property=\"article:modified_time\" content=\"2025-08-12T02:03:32+00:00\" \/>\n<meta property=\"og:image\" content=\"https:\/\/africadailyreport.com\/wp-content\/uploads\/2025\/01\/AFP__20250127__36WB2MB__v2__HighRes__TopshotDrcongoUnrest-scaled.jpg\" \/>\n\t<meta property=\"og:image:width\" content=\"2560\" \/>\n\t<meta property=\"og:image:height\" content=\"1707\" \/>\n\t<meta property=\"og:image:type\" content=\"image\/jpeg\" \/>\n<meta name=\"author\" content=\"ADR\/AFP\" \/>\n<meta name=\"twitter:card\" content=\"summary_large_image\" \/>\n<meta name=\"twitter:creator\" content=\"@adr_africa\" \/>\n<meta name=\"twitter:site\" content=\"@adr_africa\" \/>\n<meta name=\"twitter:label1\" content=\"\u00c9crit par\" \/>\n\t<meta name=\"twitter:data1\" content=\"ADR\/AFP\" \/>\n\t<meta name=\"twitter:label2\" content=\"Dur\u00e9e de lecture estim\u00e9e\" \/>\n\t<meta name=\"twitter:data2\" content=\"3 minutes\" \/>\n<script type=\"application\/ld+json\" class=\"yoast-schema-graph\">{\"@context\":\"https:\\\/\\\/schema.org\",\"@graph\":[{\"@type\":\"Article\",\"@id\":\"https:\\\/\\\/africadailyreport.com\\\/fr\\\/2025\\\/08\\\/12\\\/rwanda-says-un-claims-it-helped-kill-dr-congo-civilians-unacceptable\\\/#article\",\"isPartOf\":{\"@id\":\"https:\\\/\\\/africadailyreport.com\\\/fr\\\/2025\\\/08\\\/12\\\/rwanda-says-un-claims-it-helped-kill-dr-congo-civilians-unacceptable\\\/\"},\"author\":{\"name\":\"ADR\\\/AFP\",\"@id\":\"https:\\\/\\\/africadailyreport.com\\\/fr\\\/#\\\/schema\\\/person\\\/c44d86d79f5570b3ba4cf70c989843f8\"},\"headline\":\"Le Rwanda juge \u00ab\u00a0inacceptable\u00a0\u00bb que l&rsquo;ONU l&rsquo;accuse d&rsquo;avoir aid\u00e9 \u00e0 tuer 319 civils en RDC\",\"datePublished\":\"2025-08-12T01:20:57+00:00\",\"dateModified\":\"2025-08-12T02:03:32+00:00\",\"mainEntityOfPage\":{\"@id\":\"https:\\\/\\\/africadailyreport.com\\\/fr\\\/2025\\\/08\\\/12\\\/rwanda-says-un-claims-it-helped-kill-dr-congo-civilians-unacceptable\\\/\"},\"wordCount\":531,\"commentCount\":0,\"publisher\":{\"@id\":\"https:\\\/\\\/africadailyreport.com\\\/fr\\\/#organization\"},\"image\":{\"@id\":\"https:\\\/\\\/africadailyreport.com\\\/fr\\\/2025\\\/08\\\/12\\\/rwanda-says-un-claims-it-helped-kill-dr-congo-civilians-unacceptable\\\/#primaryimage\"},\"thumbnailUrl\":\"https:\\\/\\\/i0.wp.com\\\/africadailyreport.com\\\/wp-content\\\/uploads\\\/2025\\\/01\\\/AFP__20250127__36WB2MB__v2__HighRes__TopshotDrcongoUnrest-scaled.jpg?fit=2560%2C1707&ssl=1\",\"keywords\":[\"conflict\",\"conflit\",\"DRC\",\"drCONGO\",\"Droits\",\"onu\",\"Rwanda\",\"un\"],\"articleSection\":[\"Actualit\u00e9s\"],\"inLanguage\":\"fr-FR\",\"potentialAction\":[{\"@type\":\"CommentAction\",\"name\":\"Comment\",\"target\":[\"https:\\\/\\\/africadailyreport.com\\\/fr\\\/2025\\\/08\\\/12\\\/rwanda-says-un-claims-it-helped-kill-dr-congo-civilians-unacceptable\\\/#respond\"]}],\"copyrightYear\":\"2025\",\"copyrightHolder\":{\"@id\":\"https:\\\/\\\/africadailyreport.com\\\/#organization\"}},{\"@type\":\"WebPage\",\"@id\":\"https:\\\/\\\/africadailyreport.com\\\/fr\\\/2025\\\/08\\\/12\\\/rwanda-says-un-claims-it-helped-kill-dr-congo-civilians-unacceptable\\\/\",\"url\":\"https:\\\/\\\/africadailyreport.com\\\/fr\\\/2025\\\/08\\\/12\\\/rwanda-says-un-claims-it-helped-kill-dr-congo-civilians-unacceptable\\\/\",\"name\":\"Le Rwanda juge \\\"inacceptable\\\" que l'ONU l'accuse d'avoir aid\u00e9 \u00e0 tuer 319 civils en RDC - Africa Daily Report\",\"isPartOf\":{\"@id\":\"https:\\\/\\\/africadailyreport.com\\\/fr\\\/#website\"},\"primaryImageOfPage\":{\"@id\":\"https:\\\/\\\/africadailyreport.com\\\/fr\\\/2025\\\/08\\\/12\\\/rwanda-says-un-claims-it-helped-kill-dr-congo-civilians-unacceptable\\\/#primaryimage\"},\"image\":{\"@id\":\"https:\\\/\\\/africadailyreport.com\\\/fr\\\/2025\\\/08\\\/12\\\/rwanda-says-un-claims-it-helped-kill-dr-congo-civilians-unacceptable\\\/#primaryimage\"},\"thumbnailUrl\":\"https:\\\/\\\/i0.wp.com\\\/africadailyreport.com\\\/wp-content\\\/uploads\\\/2025\\\/01\\\/AFP__20250127__36WB2MB__v2__HighRes__TopshotDrcongoUnrest-scaled.jpg?fit=2560%2C1707&ssl=1\",\"datePublished\":\"2025-08-12T01:20:57+00:00\",\"dateModified\":\"2025-08-12T02:03:32+00:00\",\"breadcrumb\":{\"@id\":\"https:\\\/\\\/africadailyreport.com\\\/fr\\\/2025\\\/08\\\/12\\\/rwanda-says-un-claims-it-helped-kill-dr-congo-civilians-unacceptable\\\/#breadcrumb\"},\"inLanguage\":\"fr-FR\",\"potentialAction\":[{\"@type\":\"ReadAction\",\"target\":[\"https:\\\/\\\/africadailyreport.com\\\/fr\\\/2025\\\/08\\\/12\\\/rwanda-says-un-claims-it-helped-kill-dr-congo-civilians-unacceptable\\\/\"]}]},{\"@type\":\"ImageObject\",\"inLanguage\":\"fr-FR\",\"@id\":\"https:\\\/\\\/africadailyreport.com\\\/fr\\\/2025\\\/08\\\/12\\\/rwanda-says-un-claims-it-helped-kill-dr-congo-civilians-unacceptable\\\/#primaryimage\",\"url\":\"https:\\\/\\\/i0.wp.com\\\/africadailyreport.com\\\/wp-content\\\/uploads\\\/2025\\\/01\\\/AFP__20250127__36WB2MB__v2__HighRes__TopshotDrcongoUnrest-scaled.jpg?fit=2560%2C1707&ssl=1\",\"contentUrl\":\"https:\\\/\\\/i0.wp.com\\\/africadailyreport.com\\\/wp-content\\\/uploads\\\/2025\\\/01\\\/AFP__20250127__36WB2MB__v2__HighRes__TopshotDrcongoUnrest-scaled.jpg?fit=2560%2C1707&ssl=1\",\"width\":2560,\"height\":1707,\"caption\":\"A member of the M23 armed group walk alongside residents through a street of the Keshero neighborhood in Goma, on January 27, 2025. The besieged Congolese city of Goma was rocked by heavy artillery fire on January 27, 2025 as France warned the regional capital was on the brink of falling to militia fighters and Rwandan troops. The M23 armed group and Rwandan soldiers entered Goma's centre on the night of January 26, 2025 after weeks of advancing on the main city in DR Congo's mineral-rich North Kivu province. (Photo by -STR \\\/ AFP)\"},{\"@type\":\"BreadcrumbList\",\"@id\":\"https:\\\/\\\/africadailyreport.com\\\/fr\\\/2025\\\/08\\\/12\\\/rwanda-says-un-claims-it-helped-kill-dr-congo-civilians-unacceptable\\\/#breadcrumb\",\"itemListElement\":[{\"@type\":\"ListItem\",\"position\":1,\"name\":\"Home\",\"item\":\"https:\\\/\\\/africadailyreport.com\\\/fr\\\/\"},{\"@type\":\"ListItem\",\"position\":2,\"name\":\"Le Rwanda juge &#8220;inacceptable&#8221; que l&#8217;ONU l&#8217;accuse d&#8217;avoir aid\u00e9 \u00e0 tuer 319 civils en RDC\"}]},{\"@type\":\"WebSite\",\"@id\":\"https:\\\/\\\/africadailyreport.com\\\/fr\\\/#website\",\"url\":\"https:\\\/\\\/africadailyreport.com\\\/fr\\\/\",\"name\":\"Africa Daily Report\",\"description\":\"\",\"publisher\":{\"@id\":\"https:\\\/\\\/africadailyreport.com\\\/fr\\\/#organization\"},\"potentialAction\":[{\"@type\":\"SearchAction\",\"target\":{\"@type\":\"EntryPoint\",\"urlTemplate\":\"https:\\\/\\\/africadailyreport.com\\\/fr\\\/?s={search_term_string}\"},\"query-input\":{\"@type\":\"PropertyValueSpecification\",\"valueRequired\":true,\"valueName\":\"search_term_string\"}}],\"inLanguage\":\"fr-FR\"},{\"@type\":\"Organization\",\"@id\":\"https:\\\/\\\/africadailyreport.com\\\/fr\\\/#organization\",\"name\":\"Africa Daily Report\",\"url\":\"https:\\\/\\\/africadailyreport.com\\\/fr\\\/\",\"logo\":{\"@type\":\"ImageObject\",\"inLanguage\":\"fr-FR\",\"@id\":\"https:\\\/\\\/africadailyreport.com\\\/fr\\\/#\\\/schema\\\/logo\\\/image\\\/\",\"url\":\"https:\\\/\\\/africadailyreport.com\\\/wp-content\\\/uploads\\\/2024\\\/09\\\/ADR-Transparent-Green-Logo-1.png\",\"contentUrl\":\"https:\\\/\\\/africadailyreport.com\\\/wp-content\\\/uploads\\\/2024\\\/09\\\/ADR-Transparent-Green-Logo-1.png\",\"width\":267,\"height\":185,\"caption\":\"Africa Daily Report\"},\"image\":{\"@id\":\"https:\\\/\\\/africadailyreport.com\\\/fr\\\/#\\\/schema\\\/logo\\\/image\\\/\"},\"sameAs\":[\"https:\\\/\\\/www.facebook.com\\\/africadailyreport\",\"https:\\\/\\\/x.com\\\/adr_africa\",\"https:\\\/\\\/www.youtube.com\\\/@africadailyreport\",\"https:\\\/\\\/instagram.com\\\/africadailyreport\"]},{\"@type\":\"Person\",\"@id\":\"https:\\\/\\\/africadailyreport.com\\\/fr\\\/#\\\/schema\\\/person\\\/c44d86d79f5570b3ba4cf70c989843f8\",\"name\":\"ADR\\\/AFP\",\"image\":{\"@type\":\"ImageObject\",\"inLanguage\":\"fr-FR\",\"@id\":\"https:\\\/\\\/secure.gravatar.com\\\/avatar\\\/2fbdc3782aa386b408fd9a36f0bc78ee569c94a7a05670cab3a1d72916408214?s=96&d=mm&r=g\",\"url\":\"https:\\\/\\\/secure.gravatar.com\\\/avatar\\\/2fbdc3782aa386b408fd9a36f0bc78ee569c94a7a05670cab3a1d72916408214?s=96&d=mm&r=g\",\"contentUrl\":\"https:\\\/\\\/secure.gravatar.com\\\/avatar\\\/2fbdc3782aa386b408fd9a36f0bc78ee569c94a7a05670cab3a1d72916408214?s=96&d=mm&r=g\",\"caption\":\"ADR\\\/AFP\"},\"sameAs\":[\"http:\\\/\\\/africadailyreport.com\"],\"url\":\"https:\\\/\\\/africadailyreport.com\\\/fr\\\/author\\\/both\\\/\"}]}<\/script>\n<!-- \/ Yoast SEO Premium plugin. -->","yoast_head_json":{"title":"Le Rwanda juge \"inacceptable\" que l'ONU l'accuse d'avoir aid\u00e9 \u00e0 tuer 319 civils en RDC - Africa Daily Report","robots":{"index":"index","follow":"follow","max-snippet":"max-snippet:-1","max-image-preview":"max-image-preview:large","max-video-preview":"max-video-preview:-1"},"canonical":"https:\/\/africadailyreport.com\/fr\/2025\/08\/12\/rwanda-says-un-claims-it-helped-kill-dr-congo-civilians-unacceptable\/","og_locale":"fr_FR","og_type":"article","og_title":"Le Rwanda juge \"inacceptable\" que l'ONU l'accuse d'avoir aid\u00e9 \u00e0 tuer 319 civils en RDC","og_description":"Kigali,\u00a0Rwanda &#8211; Le Rwanda a jug\u00e9 lundi \u00ab\u00a0inacceptables\u00a0\u00bb les r\u00e9centes accusations du Haut-Commissaire de l&rsquo;ONU aux droits de l&rsquo;Homme, selon lequel l&rsquo;arm\u00e9e rwandaise a \u00ab\u00a0soutenu\u00a0\u00bb le groupe arm\u00e9 M23 dans des tueries de civils ayant fait au moins 319 morts en juillet dans l&rsquo;est de la R\u00e9publique d\u00e9mocratique du Congo (RDC). \u00ab\u00a0Selon les t\u00e9moignages directs [&hellip;]","og_url":"https:\/\/africadailyreport.com\/fr\/2025\/08\/12\/rwanda-says-un-claims-it-helped-kill-dr-congo-civilians-unacceptable\/","og_site_name":"Africa Daily Report","article_publisher":"https:\/\/www.facebook.com\/africadailyreport","article_published_time":"2025-08-12T01:20:57+00:00","article_modified_time":"2025-08-12T02:03:32+00:00","og_image":[{"width":2560,"height":1707,"url":"https:\/\/africadailyreport.com\/wp-content\/uploads\/2025\/01\/AFP__20250127__36WB2MB__v2__HighRes__TopshotDrcongoUnrest-scaled.jpg","type":"image\/jpeg"}],"author":"ADR\/AFP","twitter_card":"summary_large_image","twitter_creator":"@adr_africa","twitter_site":"@adr_africa","twitter_misc":{"\u00c9crit par":"ADR\/AFP","Dur\u00e9e de lecture estim\u00e9e":"3 minutes"},"schema":{"@context":"https:\/\/schema.org","@graph":[{"@type":"Article","@id":"https:\/\/africadailyreport.com\/fr\/2025\/08\/12\/rwanda-says-un-claims-it-helped-kill-dr-congo-civilians-unacceptable\/#article","isPartOf":{"@id":"https:\/\/africadailyreport.com\/fr\/2025\/08\/12\/rwanda-says-un-claims-it-helped-kill-dr-congo-civilians-unacceptable\/"},"author":{"name":"ADR\/AFP","@id":"https:\/\/africadailyreport.com\/fr\/#\/schema\/person\/c44d86d79f5570b3ba4cf70c989843f8"},"headline":"Le Rwanda juge \u00ab\u00a0inacceptable\u00a0\u00bb que l&rsquo;ONU l&rsquo;accuse d&rsquo;avoir aid\u00e9 \u00e0 tuer 319 civils en RDC","datePublished":"2025-08-12T01:20:57+00:00","dateModified":"2025-08-12T02:03:32+00:00","mainEntityOfPage":{"@id":"https:\/\/africadailyreport.com\/fr\/2025\/08\/12\/rwanda-says-un-claims-it-helped-kill-dr-congo-civilians-unacceptable\/"},"wordCount":531,"commentCount":0,"publisher":{"@id":"https:\/\/africadailyreport.com\/fr\/#organization"},"image":{"@id":"https:\/\/africadailyreport.com\/fr\/2025\/08\/12\/rwanda-says-un-claims-it-helped-kill-dr-congo-civilians-unacceptable\/#primaryimage"},"thumbnailUrl":"https:\/\/i0.wp.com\/africadailyreport.com\/wp-content\/uploads\/2025\/01\/AFP__20250127__36WB2MB__v2__HighRes__TopshotDrcongoUnrest-scaled.jpg?fit=2560%2C1707&ssl=1","keywords":["conflict","conflit","DRC","drCONGO","Droits","onu","Rwanda","un"],"articleSection":["Actualit\u00e9s"],"inLanguage":"fr-FR","potentialAction":[{"@type":"CommentAction","name":"Comment","target":["https:\/\/africadailyreport.com\/fr\/2025\/08\/12\/rwanda-says-un-claims-it-helped-kill-dr-congo-civilians-unacceptable\/#respond"]}],"copyrightYear":"2025","copyrightHolder":{"@id":"https:\/\/africadailyreport.com\/#organization"}},{"@type":"WebPage","@id":"https:\/\/africadailyreport.com\/fr\/2025\/08\/12\/rwanda-says-un-claims-it-helped-kill-dr-congo-civilians-unacceptable\/","url":"https:\/\/africadailyreport.com\/fr\/2025\/08\/12\/rwanda-says-un-claims-it-helped-kill-dr-congo-civilians-unacceptable\/","name":"Le Rwanda juge \"inacceptable\" que l'ONU l'accuse d'avoir aid\u00e9 \u00e0 tuer 319 civils en RDC - Africa Daily Report","isPartOf":{"@id":"https:\/\/africadailyreport.com\/fr\/#website"},"primaryImageOfPage":{"@id":"https:\/\/africadailyreport.com\/fr\/2025\/08\/12\/rwanda-says-un-claims-it-helped-kill-dr-congo-civilians-unacceptable\/#primaryimage"},"image":{"@id":"https:\/\/africadailyreport.com\/fr\/2025\/08\/12\/rwanda-says-un-claims-it-helped-kill-dr-congo-civilians-unacceptable\/#primaryimage"},"thumbnailUrl":"https:\/\/i0.wp.com\/africadailyreport.com\/wp-content\/uploads\/2025\/01\/AFP__20250127__36WB2MB__v2__HighRes__TopshotDrcongoUnrest-scaled.jpg?fit=2560%2C1707&ssl=1","datePublished":"2025-08-12T01:20:57+00:00","dateModified":"2025-08-12T02:03:32+00:00","breadcrumb":{"@id":"https:\/\/africadailyreport.com\/fr\/2025\/08\/12\/rwanda-says-un-claims-it-helped-kill-dr-congo-civilians-unacceptable\/#breadcrumb"},"inLanguage":"fr-FR","potentialAction":[{"@type":"ReadAction","target":["https:\/\/africadailyreport.com\/fr\/2025\/08\/12\/rwanda-says-un-claims-it-helped-kill-dr-congo-civilians-unacceptable\/"]}]},{"@type":"ImageObject","inLanguage":"fr-FR","@id":"https:\/\/africadailyreport.com\/fr\/2025\/08\/12\/rwanda-says-un-claims-it-helped-kill-dr-congo-civilians-unacceptable\/#primaryimage","url":"https:\/\/i0.wp.com\/africadailyreport.com\/wp-content\/uploads\/2025\/01\/AFP__20250127__36WB2MB__v2__HighRes__TopshotDrcongoUnrest-scaled.jpg?fit=2560%2C1707&ssl=1","contentUrl":"https:\/\/i0.wp.com\/africadailyreport.com\/wp-content\/uploads\/2025\/01\/AFP__20250127__36WB2MB__v2__HighRes__TopshotDrcongoUnrest-scaled.jpg?fit=2560%2C1707&ssl=1","width":2560,"height":1707,"caption":"A member of the M23 armed group walk alongside residents through a street of the Keshero neighborhood in Goma, on January 27, 2025. The besieged Congolese city of Goma was rocked by heavy artillery fire on January 27, 2025 as France warned the regional capital was on the brink of falling to militia fighters and Rwandan troops. The M23 armed group and Rwandan soldiers entered Goma's centre on the night of January 26, 2025 after weeks of advancing on the main city in DR Congo's mineral-rich North Kivu province. (Photo by -STR \/ AFP)"},{"@type":"BreadcrumbList","@id":"https:\/\/africadailyreport.com\/fr\/2025\/08\/12\/rwanda-says-un-claims-it-helped-kill-dr-congo-civilians-unacceptable\/#breadcrumb","itemListElement":[{"@type":"ListItem","position":1,"name":"Home","item":"https:\/\/africadailyreport.com\/fr\/"},{"@type":"ListItem","position":2,"name":"Le Rwanda juge &#8220;inacceptable&#8221; que l&#8217;ONU l&#8217;accuse d&#8217;avoir aid\u00e9 \u00e0 tuer 319 civils en RDC"}]},{"@type":"WebSite","@id":"https:\/\/africadailyreport.com\/fr\/#website","url":"https:\/\/africadailyreport.com\/fr\/","name":"Africa Daily Report","description":"","publisher":{"@id":"https:\/\/africadailyreport.com\/fr\/#organization"},"potentialAction":[{"@type":"SearchAction","target":{"@type":"EntryPoint","urlTemplate":"https:\/\/africadailyreport.com\/fr\/?s={search_term_string}"},"query-input":{"@type":"PropertyValueSpecification","valueRequired":true,"valueName":"search_term_string"}}],"inLanguage":"fr-FR"},{"@type":"Organization","@id":"https:\/\/africadailyreport.com\/fr\/#organization","name":"Africa Daily Report","url":"https:\/\/africadailyreport.com\/fr\/","logo":{"@type":"ImageObject","inLanguage":"fr-FR","@id":"https:\/\/africadailyreport.com\/fr\/#\/schema\/logo\/image\/","url":"https:\/\/africadailyreport.com\/wp-content\/uploads\/2024\/09\/ADR-Transparent-Green-Logo-1.png","contentUrl":"https:\/\/africadailyreport.com\/wp-content\/uploads\/2024\/09\/ADR-Transparent-Green-Logo-1.png","width":267,"height":185,"caption":"Africa Daily Report"},"image":{"@id":"https:\/\/africadailyreport.com\/fr\/#\/schema\/logo\/image\/"},"sameAs":["https:\/\/www.facebook.com\/africadailyreport","https:\/\/x.com\/adr_africa","https:\/\/www.youtube.com\/@africadailyreport","https:\/\/instagram.com\/africadailyreport"]},{"@type":"Person","@id":"https:\/\/africadailyreport.com\/fr\/#\/schema\/person\/c44d86d79f5570b3ba4cf70c989843f8","name":"ADR\/AFP","image":{"@type":"ImageObject","inLanguage":"fr-FR","@id":"https:\/\/secure.gravatar.com\/avatar\/2fbdc3782aa386b408fd9a36f0bc78ee569c94a7a05670cab3a1d72916408214?s=96&d=mm&r=g","url":"https:\/\/secure.gravatar.com\/avatar\/2fbdc3782aa386b408fd9a36f0bc78ee569c94a7a05670cab3a1d72916408214?s=96&d=mm&r=g","contentUrl":"https:\/\/secure.gravatar.com\/avatar\/2fbdc3782aa386b408fd9a36f0bc78ee569c94a7a05670cab3a1d72916408214?s=96&d=mm&r=g","caption":"ADR\/AFP"},"sameAs":["http:\/\/africadailyreport.com"],"url":"https:\/\/africadailyreport.com\/fr\/author\/both\/"}]}},"jetpack_featured_media_url":"https:\/\/i0.wp.com\/africadailyreport.com\/wp-content\/uploads\/2025\/01\/AFP__20250127__36WB2MB__v2__HighRes__TopshotDrcongoUnrest-scaled.jpg?fit=2560%2C1707&ssl=1","jetpack_sharing_enabled":true,"amp_enabled":true,"_links":{"self":[{"href":"https:\/\/africadailyreport.com\/fr\/wp-json\/wp\/v2\/posts\/18390","targetHints":{"allow":["GET"]}}],"collection":[{"href":"https:\/\/africadailyreport.com\/fr\/wp-json\/wp\/v2\/posts"}],"about":[{"href":"https:\/\/africadailyreport.com\/fr\/wp-json\/wp\/v2\/types\/post"}],"author":[{"embeddable":true,"href":"https:\/\/africadailyreport.com\/fr\/wp-json\/wp\/v2\/users\/10"}],"replies":[{"embeddable":true,"href":"https:\/\/africadailyreport.com\/fr\/wp-json\/wp\/v2\/comments?post=18390"}],"version-history":[{"count":2,"href":"https:\/\/africadailyreport.com\/fr\/wp-json\/wp\/v2\/posts\/18390\/revisions"}],"predecessor-version":[{"id":18392,"href":"https:\/\/africadailyreport.com\/fr\/wp-json\/wp\/v2\/posts\/18390\/revisions\/18392"}],"wp:featuredmedia":[{"embeddable":true,"href":"https:\/\/africadailyreport.com\/fr\/wp-json\/wp\/v2\/media\/16266"}],"wp:attachment":[{"href":"https:\/\/africadailyreport.com\/fr\/wp-json\/wp\/v2\/media?parent=18390"}],"wp:term":[{"taxonomy":"category","embeddable":true,"href":"https:\/\/africadailyreport.com\/fr\/wp-json\/wp\/v2\/categories?post=18390"},{"taxonomy":"post_tag","embeddable":true,"href":"https:\/\/africadailyreport.com\/fr\/wp-json\/wp\/v2\/tags?post=18390"},{"taxonomy":"adr_country","embeddable":true,"href":"https:\/\/africadailyreport.com\/fr\/wp-json\/wp\/v2\/adr_country?post=18390"}],"curies":[{"name":"wp","href":"https:\/\/api.w.org\/{rel}","templated":true}]}}