{"id":18353,"date":"2025-08-12T00:40:06","date_gmt":"2025-08-12T00:40:06","guid":{"rendered":"https:\/\/africadailyreport.com\/2025\/08\/12\/malian-army-roots-out-alleged-anti-junta-plotters\/"},"modified":"2025-08-12T02:24:55","modified_gmt":"2025-08-12T02:24:55","slug":"malian-army-roots-out-alleged-anti-junta-plotters","status":"publish","type":"post","link":"https:\/\/africadailyreport.com\/fr\/2025\/08\/12\/malian-army-roots-out-alleged-anti-junta-plotters\/","title":{"rendered":"Ce que l&rsquo;on sait des dizaines d&rsquo;arrestations de militaires au Mali"},"content":{"rendered":"\n<h1 class=\"wp-block-heading\" id=\"h-bamako-mali-les-autorites-maliennes-ont-procede-ces-derniers-jours-a-l-arrestation-de-dizaines-de-militaires-dont-deux-generaux-soupconnes-de-vouloir-renverser-la-junte-arrivee-au-pouvoir-apres-deux-coups-d-etat-successifs-en-2020-et-2021\">Bamako,\u00a0Mali &#8211; Les autorit\u00e9s maliennes ont proc\u00e9d\u00e9 ces derniers jours \u00e0 l&rsquo;arrestation de dizaines de militaires, dont deux g\u00e9n\u00e9raux, soup\u00e7onn\u00e9s de vouloir renverser la junte, arriv\u00e9e au pouvoir apr\u00e8s deux coups d&rsquo;Etat successifs en 2020 et 2021.<\/h1>\n\n\n\n<figure class=\"wp-block-image size-large\"><img data-recalc-dims=\"1\" loading=\"lazy\" decoding=\"async\" width=\"696\" height=\"464\" src=\"https:\/\/i0.wp.com\/africadailyreport.com\/wp-content\/uploads\/2024\/10\/AFP__20220120__9WM3YH__v1__HighRes__MaliUnrestConflict.jpg?resize=696%2C464&#038;ssl=1\" alt=\"\" class=\"wp-image-13167\" srcset=\"https:\/\/i0.wp.com\/africadailyreport.com\/wp-content\/uploads\/2024\/10\/AFP__20220120__9WM3YH__v1__HighRes__MaliUnrestConflict-scaled.jpg?resize=1024%2C683&amp;ssl=1 1024w, https:\/\/i0.wp.com\/africadailyreport.com\/wp-content\/uploads\/2024\/10\/AFP__20220120__9WM3YH__v1__HighRes__MaliUnrestConflict-scaled.jpg?resize=300%2C200&amp;ssl=1 300w, https:\/\/i0.wp.com\/africadailyreport.com\/wp-content\/uploads\/2024\/10\/AFP__20220120__9WM3YH__v1__HighRes__MaliUnrestConflict-scaled.jpg?resize=768%2C512&amp;ssl=1 768w, https:\/\/i0.wp.com\/africadailyreport.com\/wp-content\/uploads\/2024\/10\/AFP__20220120__9WM3YH__v1__HighRes__MaliUnrestConflict-scaled.jpg?resize=1536%2C1024&amp;ssl=1 1536w, https:\/\/i0.wp.com\/africadailyreport.com\/wp-content\/uploads\/2024\/10\/AFP__20220120__9WM3YH__v1__HighRes__MaliUnrestConflict-scaled.jpg?resize=2048%2C1365&amp;ssl=1 2048w, https:\/\/i0.wp.com\/africadailyreport.com\/wp-content\/uploads\/2024\/10\/AFP__20220120__9WM3YH__v1__HighRes__MaliUnrestConflict-scaled.jpg?resize=630%2C420&amp;ssl=1 630w, https:\/\/i0.wp.com\/africadailyreport.com\/wp-content\/uploads\/2024\/10\/AFP__20220120__9WM3YH__v1__HighRes__MaliUnrestConflict-scaled.jpg?resize=150%2C100&amp;ssl=1 150w, https:\/\/i0.wp.com\/africadailyreport.com\/wp-content\/uploads\/2024\/10\/AFP__20220120__9WM3YH__v1__HighRes__MaliUnrestConflict-scaled.jpg?resize=696%2C464&amp;ssl=1 696w, https:\/\/i0.wp.com\/africadailyreport.com\/wp-content\/uploads\/2024\/10\/AFP__20220120__9WM3YH__v1__HighRes__MaliUnrestConflict-scaled.jpg?resize=1068%2C712&amp;ssl=1 1068w, https:\/\/i0.wp.com\/africadailyreport.com\/wp-content\/uploads\/2024\/10\/AFP__20220120__9WM3YH__v1__HighRes__MaliUnrestConflict-scaled.jpg?resize=1920%2C1280&amp;ssl=1 1920w, https:\/\/i0.wp.com\/africadailyreport.com\/wp-content\/uploads\/2024\/10\/AFP__20220120__9WM3YH__v1__HighRes__MaliUnrestConflict-scaled.jpg?w=1392&amp;ssl=1 1392w\" sizes=\"auto, (max-width: 696px) 100vw, 696px\" \/><figcaption class=\"wp-element-caption\">A member of the Malian special forces stands guard during the ceremony that celebrates the national army day, in Kati, on January 20, 2022. With the support of French, European and Russian partners, the Malian army is trying to regain the territories occupied by armed groups and jihadists. (Photo by FLORENT VERGNES \/ AFP<\/figcaption><\/figure>\n\n\n\n<p><\/p>\n\n\n\n<p>Voici ce que l&rsquo;on sait de cette vague d&rsquo;arrestations dans ce pays coutumier des troubles politiques et militaires dans un contexte de restrictions s\u00e9v\u00e8res des libert\u00e9s par la junte et de violences jihadistes meurtri\u00e8res sur le territoire:<\/p>\n\n\n\n<h2 class=\"wp-block-heading\">&#8211; Au moins 55 arrestations<\/h2>\n\n\n\n<p>Depuis la semaine derni\u00e8re, au moins 55 militaires, dont deux g\u00e9n\u00e9raux, ont \u00e9t\u00e9 arr\u00eat\u00e9s selon des sources s\u00e9curitaires et des proches des personnes concern\u00e9es.<\/p>\n\n\n\n<p>Ces arrestations se sont poursuivies dans la nuit de dimanche \u00e0 lundi, ont confirm\u00e9 ces m\u00eames sources contact\u00e9es lundi par l&rsquo;AFP.<\/p>\n\n\n\n<p>\u00ab\u00a0Il y a des arrestations li\u00e9es \u00e0 une tentative de d\u00e9stabilisation des institutions\u00a0\u00bb, a indiqu\u00e9 dimanche une source s\u00e9curitaire.<\/p>\n\n\n\n<p>Une autre source au sein de l&rsquo;arm\u00e9e a affirm\u00e9 que les autorit\u00e9s ont \u00ab\u00a0proc\u00e9d\u00e9 aux arrestations n\u00e9cessaires\u00a0\u00bb pour contrer une \u00ab\u00a0tentative de d\u00e9stabilisation\u00a0\u00bb de l&rsquo;Etat.<\/p>\n\n\n\n<p>Selon un membre du Conseil National de Transition (CNT), l&rsquo;organe l\u00e9gislatif mis en place par la junte, \u00ab\u00a0tous (les gens arr\u00eat\u00e9s) sont des militaires\u00a0\u00bb.<\/p>\n\n\n\n<p>Leur \u00ab\u00a0objectif \u00e9tait de renverser la junte\u00a0\u00bb, a poursuivi ce l\u00e9gislateur.<\/p>\n\n\n\n<h2 class=\"wp-block-heading\">&#8211; La garde nationale dans le viseur<\/h2>\n\n\n\n<p>Les arrestations se sont principalement faites au sein de la garde nationale, un corps de l&rsquo;arm\u00e9e malienne.<\/p>\n\n\n\n<p>C&rsquo;est notoirement le corps d&rsquo;origine du ministre de la D\u00e9fense, le g\u00e9n\u00e9ral Sadio Camara, une des principales figures de la junte.<\/p>\n\n\n\n<p>Plusieurs observateurs ont relev\u00e9 que certaines des personnes arr\u00eat\u00e9es par les autorit\u00e9s sont des proches de M. Camara, mais celui-ci n&rsquo;a pas \u00e9t\u00e9 inqui\u00e9t\u00e9 \u00e0 ce jour.<\/p>\n\n\n\n<p>Certains hauts grad\u00e9s comptent parmi les militaires interpell\u00e9s, dont le g\u00e9n\u00e9ral Abass Demb\u00e9l\u00e9, une figure tr\u00e8s respect\u00e9e au sein de l&rsquo;arm\u00e9e. Cet ancien gouverneur de la r\u00e9gion de Mopti (centre) a r\u00e9cemment \u00e9t\u00e9 d\u00e9mis de cette fonction par la junte.<\/p>\n\n\n\n<p>\u00ab\u00a0Des militaires sont venus t\u00f4t (dimanche) pour arr\u00eater le g\u00e9n\u00e9ral Abass Demb\u00e9l\u00e9 \u00e0 Kati (en banlieue de Bamako). On ne lui a pas dit pourquoi\u00a0\u00bb, a racont\u00e9 \u00e0 l&rsquo;AFP un de ses proches.<\/p>\n\n\n\n<p>Une des rares femmes \u00e0 occuper un poste de haut grad\u00e9 au Mali, Nema Sagara, g\u00e9n\u00e9rale de brigade \u00e0 l&rsquo;Etat-major de l&rsquo;arm\u00e9e de l&rsquo;Air, a \u00e9galement \u00e9t\u00e9 interpell\u00e9e.<\/p>\n\n\n\n<p>Selon une source s\u00e9curitaire malienne, \u00ab\u00a0des civils pourraient \u00e9galement bient\u00f4t \u00eatre interrog\u00e9s dans cette affaire\u00a0\u00bb.<\/p>\n\n\n\n<h2 class=\"wp-block-heading\">&#8211; Silence de la junte<\/h2>\n\n\n\n<p>Lundi matin, la junte n&rsquo;avait toujours pas communiqu\u00e9 sur cette s\u00e9rie d&rsquo;arrestations.<\/p>\n\n\n\n<p>On ne sait pas s&rsquo;il s&rsquo;agit d&rsquo;arrestations pr\u00e9ventives ou s&rsquo;il est reproch\u00e9 aux personnes arr\u00eat\u00e9es d&rsquo;\u00eatre en phase de pr\u00e9paration d&rsquo;un renversement de la junte.<\/p>\n\n\n\n<p>Un diplomate africain en poste \u00e0 Bamako s&rsquo;interroge sur ce \u00ab\u00a0silence du gouvernement\u00a0\u00bb et \u00e9voque une situation \u00ab\u00a0complexe\u00a0\u00bb dans un contexte de \u00ab\u00a0loi de l&rsquo;omerta\u00a0\u00bb.<\/p>\n\n\n\n<h2 class=\"wp-block-heading\">&#8211; Le contexte<\/h2>\n\n\n\n<p>Depuis 2012, ce pays sah\u00e9lien fait face \u00e0 une profonde crise s\u00e9curitaire nourrie notamment par les violences de groupes affili\u00e9s \u00e0 Al-Qa\u00efda et \u00e0 l&rsquo;organisation \u00c9tat islamique (EI), ainsi que de groupes criminels communautaires. Elle s&rsquo;ajoute \u00e0 une grave crise \u00e9conomique.<\/p>\n\n\n\n<p>La junte, dirig\u00e9e par le pr\u00e9sident Assimi Go\u00efta, s&rsquo;est d\u00e9tourn\u00e9e des partenaires occidentaux, notamment l&rsquo;ancien colonisateur fran\u00e7ais, pour se tourner politiquement et militairement vers la Russie au nom d&rsquo;un souverainisme.<\/p>\n\n\n\n<p>L&rsquo;arm\u00e9e malienne et ses alli\u00e9s, les mercenaires russes d&rsquo;Africa Corps, charg\u00e9s notamment de traquer les jihadistes, sont r\u00e9guli\u00e8rement accus\u00e9s de commettre des exactions contre des civils<\/p>\n\n\n\n<p>Pour le sociologue malien Oumar Ma\u00efga, \u00ab\u00a0cette histoire est la preuve que les militaires ont du mal \u00e0 ma\u00eetriser la situation. Dans les rangs de l&rsquo;arm\u00e9e il y a une grogne\u00a0\u00bb.<\/p>\n\n\n\n<p><\/p>\n\n\n\n<p>\u00a9 Agence France-Presse<\/p>\n","protected":false},"excerpt":{"rendered":"<p>Bamako,\u00a0Mali &#8211; Les autorit\u00e9s maliennes ont proc\u00e9d\u00e9 ces derniers jours \u00e0 l&rsquo;arrestation de dizaines de militaires, dont deux g\u00e9n\u00e9raux, soup\u00e7onn\u00e9s de vouloir renverser la junte, arriv\u00e9e au pouvoir apr\u00e8s deux coups d&rsquo;Etat successifs en 2020 et 2021. Voici ce que l&rsquo;on sait de cette vague d&rsquo;arrestations dans ce pays coutumier des troubles politiques et militaires [&hellip;]<\/p>\n","protected":false},"author":10,"featured_media":13168,"comment_status":"open","ping_status":"open","sticky":false,"template":"","format":"standard","meta":{"_acf_changed":false,"om_disable_all_campaigns":false,"_monsterinsights_skip_tracking":false,"_monsterinsights_sitenote_active":false,"_monsterinsights_sitenote_note":"","_monsterinsights_sitenote_category":0,"tdm_status":"","tdm_grid_status":"","_jetpack_newsletter_access":"","_jetpack_dont_email_post_to_subs":false,"_jetpack_newsletter_tier_id":0,"_jetpack_memberships_contains_paywalled_content":false,"_jetpack_memberships_contains_paid_content":false,"footnotes":""},"categories":[2716,1794,690],"tags":[1230,1398,1685,1168,1529,1170,692],"adr_country":[316],"class_list":{"0":"post-18353","1":"post","2":"type-post","3":"status-publish","4":"format-standard","5":"has-post-thumbnail","7":"category-actualites-fr-2","8":"category-choix-de-la-redaction","9":"category-politique-2","10":"tag-armee-3","11":"tag-army-fr","12":"tag-coup-fr","13":"tag-government-fr","14":"tag-mali-fr","15":"tag-politics-fr","16":"tag-politique-3","17":"adr_country-mali"},"acf":{"post_version":""},"yoast_head":"<!-- This site is optimized with the Yoast SEO Premium plugin v26.0 (Yoast SEO v27.4) - https:\/\/yoast.com\/product\/yoast-seo-premium-wordpress\/ -->\n<title>Ce que l&#039;on sait des dizaines d&#039;arrestations de militaires au Mali - Africa Daily Report<\/title>\n<meta name=\"robots\" content=\"index, follow, max-snippet:-1, max-image-preview:large, max-video-preview:-1\" \/>\n<link rel=\"canonical\" href=\"https:\/\/africadailyreport.com\/fr\/2025\/08\/12\/malian-army-roots-out-alleged-anti-junta-plotters\/\" \/>\n<meta property=\"og:locale\" content=\"fr_FR\" \/>\n<meta property=\"og:type\" content=\"article\" \/>\n<meta property=\"og:title\" content=\"Ce que l&#039;on sait des dizaines d&#039;arrestations de militaires au Mali\" \/>\n<meta property=\"og:description\" content=\"Bamako,\u00a0Mali &#8211; Les autorit\u00e9s maliennes ont proc\u00e9d\u00e9 ces derniers jours \u00e0 l&rsquo;arrestation de dizaines de militaires, dont deux g\u00e9n\u00e9raux, soup\u00e7onn\u00e9s de vouloir renverser la junte, arriv\u00e9e au pouvoir apr\u00e8s deux coups d&rsquo;Etat successifs en 2020 et 2021. Voici ce que l&rsquo;on sait de cette vague d&rsquo;arrestations dans ce pays coutumier des troubles politiques et militaires [&hellip;]\" \/>\n<meta property=\"og:url\" content=\"https:\/\/africadailyreport.com\/fr\/2025\/08\/12\/malian-army-roots-out-alleged-anti-junta-plotters\/\" \/>\n<meta property=\"og:site_name\" content=\"Africa Daily Report\" \/>\n<meta property=\"article:publisher\" content=\"https:\/\/www.facebook.com\/africadailyreport\" \/>\n<meta property=\"article:published_time\" content=\"2025-08-12T00:40:06+00:00\" \/>\n<meta property=\"article:modified_time\" content=\"2025-08-12T02:24:55+00:00\" \/>\n<meta property=\"og:image\" content=\"https:\/\/africadailyreport.com\/wp-content\/uploads\/2024\/10\/AFP__20220120__9WM3YH__v1__HighRes__MaliUnrestConflict-scaled.jpg\" \/>\n\t<meta property=\"og:image:width\" content=\"2560\" \/>\n\t<meta property=\"og:image:height\" content=\"1707\" \/>\n\t<meta property=\"og:image:type\" content=\"image\/jpeg\" \/>\n<meta name=\"author\" content=\"ADR\/AFP\" \/>\n<meta name=\"twitter:card\" content=\"summary_large_image\" \/>\n<meta name=\"twitter:creator\" content=\"@adr_africa\" \/>\n<meta name=\"twitter:site\" content=\"@adr_africa\" \/>\n<meta name=\"twitter:label1\" content=\"\u00c9crit par\" \/>\n\t<meta name=\"twitter:data1\" content=\"ADR\/AFP\" \/>\n\t<meta name=\"twitter:label2\" content=\"Dur\u00e9e de lecture estim\u00e9e\" \/>\n\t<meta name=\"twitter:data2\" content=\"4 minutes\" \/>\n<script type=\"application\/ld+json\" class=\"yoast-schema-graph\">{\"@context\":\"https:\\\/\\\/schema.org\",\"@graph\":[{\"@type\":\"Article\",\"@id\":\"https:\\\/\\\/africadailyreport.com\\\/fr\\\/2025\\\/08\\\/12\\\/malian-army-roots-out-alleged-anti-junta-plotters\\\/#article\",\"isPartOf\":{\"@id\":\"https:\\\/\\\/africadailyreport.com\\\/fr\\\/2025\\\/08\\\/12\\\/malian-army-roots-out-alleged-anti-junta-plotters\\\/\"},\"author\":{\"name\":\"ADR\\\/AFP\",\"@id\":\"https:\\\/\\\/africadailyreport.com\\\/fr\\\/#\\\/schema\\\/person\\\/c44d86d79f5570b3ba4cf70c989843f8\"},\"headline\":\"Ce que l&rsquo;on sait des dizaines d&rsquo;arrestations de militaires au Mali\",\"datePublished\":\"2025-08-12T00:40:06+00:00\",\"dateModified\":\"2025-08-12T02:24:55+00:00\",\"mainEntityOfPage\":{\"@id\":\"https:\\\/\\\/africadailyreport.com\\\/fr\\\/2025\\\/08\\\/12\\\/malian-army-roots-out-alleged-anti-junta-plotters\\\/\"},\"wordCount\":760,\"commentCount\":0,\"publisher\":{\"@id\":\"https:\\\/\\\/africadailyreport.com\\\/fr\\\/#organization\"},\"image\":{\"@id\":\"https:\\\/\\\/africadailyreport.com\\\/fr\\\/2025\\\/08\\\/12\\\/malian-army-roots-out-alleged-anti-junta-plotters\\\/#primaryimage\"},\"thumbnailUrl\":\"https:\\\/\\\/i0.wp.com\\\/africadailyreport.com\\\/wp-content\\\/uploads\\\/2024\\\/10\\\/AFP__20220120__9WM3YH__v1__HighRes__MaliUnrestConflict-scaled.jpg?fit=2560%2C1707&ssl=1\",\"keywords\":[\"arm\u00e9e\",\"army\",\"coup\",\"Government\",\"MALI\",\"Politics\",\"politique\"],\"articleSection\":[\"Actualit\u00e9s\",\"Choix de la R\u00e9daction\",\"POLITIQUE\"],\"inLanguage\":\"fr-FR\",\"potentialAction\":[{\"@type\":\"CommentAction\",\"name\":\"Comment\",\"target\":[\"https:\\\/\\\/africadailyreport.com\\\/fr\\\/2025\\\/08\\\/12\\\/malian-army-roots-out-alleged-anti-junta-plotters\\\/#respond\"]}],\"copyrightYear\":\"2025\",\"copyrightHolder\":{\"@id\":\"https:\\\/\\\/africadailyreport.com\\\/#organization\"}},{\"@type\":\"WebPage\",\"@id\":\"https:\\\/\\\/africadailyreport.com\\\/fr\\\/2025\\\/08\\\/12\\\/malian-army-roots-out-alleged-anti-junta-plotters\\\/\",\"url\":\"https:\\\/\\\/africadailyreport.com\\\/fr\\\/2025\\\/08\\\/12\\\/malian-army-roots-out-alleged-anti-junta-plotters\\\/\",\"name\":\"Ce que l'on sait des dizaines d'arrestations de militaires au Mali - Africa Daily Report\",\"isPartOf\":{\"@id\":\"https:\\\/\\\/africadailyreport.com\\\/fr\\\/#website\"},\"primaryImageOfPage\":{\"@id\":\"https:\\\/\\\/africadailyreport.com\\\/fr\\\/2025\\\/08\\\/12\\\/malian-army-roots-out-alleged-anti-junta-plotters\\\/#primaryimage\"},\"image\":{\"@id\":\"https:\\\/\\\/africadailyreport.com\\\/fr\\\/2025\\\/08\\\/12\\\/malian-army-roots-out-alleged-anti-junta-plotters\\\/#primaryimage\"},\"thumbnailUrl\":\"https:\\\/\\\/i0.wp.com\\\/africadailyreport.com\\\/wp-content\\\/uploads\\\/2024\\\/10\\\/AFP__20220120__9WM3YH__v1__HighRes__MaliUnrestConflict-scaled.jpg?fit=2560%2C1707&ssl=1\",\"datePublished\":\"2025-08-12T00:40:06+00:00\",\"dateModified\":\"2025-08-12T02:24:55+00:00\",\"breadcrumb\":{\"@id\":\"https:\\\/\\\/africadailyreport.com\\\/fr\\\/2025\\\/08\\\/12\\\/malian-army-roots-out-alleged-anti-junta-plotters\\\/#breadcrumb\"},\"inLanguage\":\"fr-FR\",\"potentialAction\":[{\"@type\":\"ReadAction\",\"target\":[\"https:\\\/\\\/africadailyreport.com\\\/fr\\\/2025\\\/08\\\/12\\\/malian-army-roots-out-alleged-anti-junta-plotters\\\/\"]}]},{\"@type\":\"ImageObject\",\"inLanguage\":\"fr-FR\",\"@id\":\"https:\\\/\\\/africadailyreport.com\\\/fr\\\/2025\\\/08\\\/12\\\/malian-army-roots-out-alleged-anti-junta-plotters\\\/#primaryimage\",\"url\":\"https:\\\/\\\/i0.wp.com\\\/africadailyreport.com\\\/wp-content\\\/uploads\\\/2024\\\/10\\\/AFP__20220120__9WM3YH__v1__HighRes__MaliUnrestConflict-scaled.jpg?fit=2560%2C1707&ssl=1\",\"contentUrl\":\"https:\\\/\\\/i0.wp.com\\\/africadailyreport.com\\\/wp-content\\\/uploads\\\/2024\\\/10\\\/AFP__20220120__9WM3YH__v1__HighRes__MaliUnrestConflict-scaled.jpg?fit=2560%2C1707&ssl=1\",\"width\":2560,\"height\":1707,\"caption\":\"A member of the Malian special forces stands guard during the ceremony that celebrates the national army day, in Kati, on January 20, 2022. With the support of French, European and Russian partners, the Malian army is trying to regain the territories occupied by armed groups and jihadists. (Photo by FLORENT VERGNES \\\/ AFP)\"},{\"@type\":\"BreadcrumbList\",\"@id\":\"https:\\\/\\\/africadailyreport.com\\\/fr\\\/2025\\\/08\\\/12\\\/malian-army-roots-out-alleged-anti-junta-plotters\\\/#breadcrumb\",\"itemListElement\":[{\"@type\":\"ListItem\",\"position\":1,\"name\":\"Home\",\"item\":\"https:\\\/\\\/africadailyreport.com\\\/fr\\\/\"},{\"@type\":\"ListItem\",\"position\":2,\"name\":\"Ce que l&#8217;on sait des dizaines d&#8217;arrestations de militaires au Mali\"}]},{\"@type\":\"WebSite\",\"@id\":\"https:\\\/\\\/africadailyreport.com\\\/fr\\\/#website\",\"url\":\"https:\\\/\\\/africadailyreport.com\\\/fr\\\/\",\"name\":\"Africa Daily Report\",\"description\":\"\",\"publisher\":{\"@id\":\"https:\\\/\\\/africadailyreport.com\\\/fr\\\/#organization\"},\"potentialAction\":[{\"@type\":\"SearchAction\",\"target\":{\"@type\":\"EntryPoint\",\"urlTemplate\":\"https:\\\/\\\/africadailyreport.com\\\/fr\\\/?s={search_term_string}\"},\"query-input\":{\"@type\":\"PropertyValueSpecification\",\"valueRequired\":true,\"valueName\":\"search_term_string\"}}],\"inLanguage\":\"fr-FR\"},{\"@type\":\"Organization\",\"@id\":\"https:\\\/\\\/africadailyreport.com\\\/fr\\\/#organization\",\"name\":\"Africa Daily Report\",\"url\":\"https:\\\/\\\/africadailyreport.com\\\/fr\\\/\",\"logo\":{\"@type\":\"ImageObject\",\"inLanguage\":\"fr-FR\",\"@id\":\"https:\\\/\\\/africadailyreport.com\\\/fr\\\/#\\\/schema\\\/logo\\\/image\\\/\",\"url\":\"https:\\\/\\\/africadailyreport.com\\\/wp-content\\\/uploads\\\/2024\\\/09\\\/ADR-Transparent-Green-Logo-1.png\",\"contentUrl\":\"https:\\\/\\\/africadailyreport.com\\\/wp-content\\\/uploads\\\/2024\\\/09\\\/ADR-Transparent-Green-Logo-1.png\",\"width\":267,\"height\":185,\"caption\":\"Africa Daily Report\"},\"image\":{\"@id\":\"https:\\\/\\\/africadailyreport.com\\\/fr\\\/#\\\/schema\\\/logo\\\/image\\\/\"},\"sameAs\":[\"https:\\\/\\\/www.facebook.com\\\/africadailyreport\",\"https:\\\/\\\/x.com\\\/adr_africa\",\"https:\\\/\\\/www.youtube.com\\\/@africadailyreport\",\"https:\\\/\\\/instagram.com\\\/africadailyreport\"]},{\"@type\":\"Person\",\"@id\":\"https:\\\/\\\/africadailyreport.com\\\/fr\\\/#\\\/schema\\\/person\\\/c44d86d79f5570b3ba4cf70c989843f8\",\"name\":\"ADR\\\/AFP\",\"image\":{\"@type\":\"ImageObject\",\"inLanguage\":\"fr-FR\",\"@id\":\"https:\\\/\\\/secure.gravatar.com\\\/avatar\\\/2fbdc3782aa386b408fd9a36f0bc78ee569c94a7a05670cab3a1d72916408214?s=96&d=mm&r=g\",\"url\":\"https:\\\/\\\/secure.gravatar.com\\\/avatar\\\/2fbdc3782aa386b408fd9a36f0bc78ee569c94a7a05670cab3a1d72916408214?s=96&d=mm&r=g\",\"contentUrl\":\"https:\\\/\\\/secure.gravatar.com\\\/avatar\\\/2fbdc3782aa386b408fd9a36f0bc78ee569c94a7a05670cab3a1d72916408214?s=96&d=mm&r=g\",\"caption\":\"ADR\\\/AFP\"},\"sameAs\":[\"http:\\\/\\\/africadailyreport.com\"],\"url\":\"https:\\\/\\\/africadailyreport.com\\\/fr\\\/author\\\/both\\\/\"}]}<\/script>\n<!-- \/ Yoast SEO Premium plugin. -->","yoast_head_json":{"title":"Ce que l'on sait des dizaines d'arrestations de militaires au Mali - Africa Daily Report","robots":{"index":"index","follow":"follow","max-snippet":"max-snippet:-1","max-image-preview":"max-image-preview:large","max-video-preview":"max-video-preview:-1"},"canonical":"https:\/\/africadailyreport.com\/fr\/2025\/08\/12\/malian-army-roots-out-alleged-anti-junta-plotters\/","og_locale":"fr_FR","og_type":"article","og_title":"Ce que l'on sait des dizaines d'arrestations de militaires au Mali","og_description":"Bamako,\u00a0Mali &#8211; Les autorit\u00e9s maliennes ont proc\u00e9d\u00e9 ces derniers jours \u00e0 l&rsquo;arrestation de dizaines de militaires, dont deux g\u00e9n\u00e9raux, soup\u00e7onn\u00e9s de vouloir renverser la junte, arriv\u00e9e au pouvoir apr\u00e8s deux coups d&rsquo;Etat successifs en 2020 et 2021. Voici ce que l&rsquo;on sait de cette vague d&rsquo;arrestations dans ce pays coutumier des troubles politiques et militaires [&hellip;]","og_url":"https:\/\/africadailyreport.com\/fr\/2025\/08\/12\/malian-army-roots-out-alleged-anti-junta-plotters\/","og_site_name":"Africa Daily Report","article_publisher":"https:\/\/www.facebook.com\/africadailyreport","article_published_time":"2025-08-12T00:40:06+00:00","article_modified_time":"2025-08-12T02:24:55+00:00","og_image":[{"width":2560,"height":1707,"url":"https:\/\/africadailyreport.com\/wp-content\/uploads\/2024\/10\/AFP__20220120__9WM3YH__v1__HighRes__MaliUnrestConflict-scaled.jpg","type":"image\/jpeg"}],"author":"ADR\/AFP","twitter_card":"summary_large_image","twitter_creator":"@adr_africa","twitter_site":"@adr_africa","twitter_misc":{"\u00c9crit par":"ADR\/AFP","Dur\u00e9e de lecture estim\u00e9e":"4 minutes"},"schema":{"@context":"https:\/\/schema.org","@graph":[{"@type":"Article","@id":"https:\/\/africadailyreport.com\/fr\/2025\/08\/12\/malian-army-roots-out-alleged-anti-junta-plotters\/#article","isPartOf":{"@id":"https:\/\/africadailyreport.com\/fr\/2025\/08\/12\/malian-army-roots-out-alleged-anti-junta-plotters\/"},"author":{"name":"ADR\/AFP","@id":"https:\/\/africadailyreport.com\/fr\/#\/schema\/person\/c44d86d79f5570b3ba4cf70c989843f8"},"headline":"Ce que l&rsquo;on sait des dizaines d&rsquo;arrestations de militaires au Mali","datePublished":"2025-08-12T00:40:06+00:00","dateModified":"2025-08-12T02:24:55+00:00","mainEntityOfPage":{"@id":"https:\/\/africadailyreport.com\/fr\/2025\/08\/12\/malian-army-roots-out-alleged-anti-junta-plotters\/"},"wordCount":760,"commentCount":0,"publisher":{"@id":"https:\/\/africadailyreport.com\/fr\/#organization"},"image":{"@id":"https:\/\/africadailyreport.com\/fr\/2025\/08\/12\/malian-army-roots-out-alleged-anti-junta-plotters\/#primaryimage"},"thumbnailUrl":"https:\/\/i0.wp.com\/africadailyreport.com\/wp-content\/uploads\/2024\/10\/AFP__20220120__9WM3YH__v1__HighRes__MaliUnrestConflict-scaled.jpg?fit=2560%2C1707&ssl=1","keywords":["arm\u00e9e","army","coup","Government","MALI","Politics","politique"],"articleSection":["Actualit\u00e9s","Choix de la R\u00e9daction","POLITIQUE"],"inLanguage":"fr-FR","potentialAction":[{"@type":"CommentAction","name":"Comment","target":["https:\/\/africadailyreport.com\/fr\/2025\/08\/12\/malian-army-roots-out-alleged-anti-junta-plotters\/#respond"]}],"copyrightYear":"2025","copyrightHolder":{"@id":"https:\/\/africadailyreport.com\/#organization"}},{"@type":"WebPage","@id":"https:\/\/africadailyreport.com\/fr\/2025\/08\/12\/malian-army-roots-out-alleged-anti-junta-plotters\/","url":"https:\/\/africadailyreport.com\/fr\/2025\/08\/12\/malian-army-roots-out-alleged-anti-junta-plotters\/","name":"Ce que l'on sait des dizaines d'arrestations de militaires au Mali - Africa Daily Report","isPartOf":{"@id":"https:\/\/africadailyreport.com\/fr\/#website"},"primaryImageOfPage":{"@id":"https:\/\/africadailyreport.com\/fr\/2025\/08\/12\/malian-army-roots-out-alleged-anti-junta-plotters\/#primaryimage"},"image":{"@id":"https:\/\/africadailyreport.com\/fr\/2025\/08\/12\/malian-army-roots-out-alleged-anti-junta-plotters\/#primaryimage"},"thumbnailUrl":"https:\/\/i0.wp.com\/africadailyreport.com\/wp-content\/uploads\/2024\/10\/AFP__20220120__9WM3YH__v1__HighRes__MaliUnrestConflict-scaled.jpg?fit=2560%2C1707&ssl=1","datePublished":"2025-08-12T00:40:06+00:00","dateModified":"2025-08-12T02:24:55+00:00","breadcrumb":{"@id":"https:\/\/africadailyreport.com\/fr\/2025\/08\/12\/malian-army-roots-out-alleged-anti-junta-plotters\/#breadcrumb"},"inLanguage":"fr-FR","potentialAction":[{"@type":"ReadAction","target":["https:\/\/africadailyreport.com\/fr\/2025\/08\/12\/malian-army-roots-out-alleged-anti-junta-plotters\/"]}]},{"@type":"ImageObject","inLanguage":"fr-FR","@id":"https:\/\/africadailyreport.com\/fr\/2025\/08\/12\/malian-army-roots-out-alleged-anti-junta-plotters\/#primaryimage","url":"https:\/\/i0.wp.com\/africadailyreport.com\/wp-content\/uploads\/2024\/10\/AFP__20220120__9WM3YH__v1__HighRes__MaliUnrestConflict-scaled.jpg?fit=2560%2C1707&ssl=1","contentUrl":"https:\/\/i0.wp.com\/africadailyreport.com\/wp-content\/uploads\/2024\/10\/AFP__20220120__9WM3YH__v1__HighRes__MaliUnrestConflict-scaled.jpg?fit=2560%2C1707&ssl=1","width":2560,"height":1707,"caption":"A member of the Malian special forces stands guard during the ceremony that celebrates the national army day, in Kati, on January 20, 2022. With the support of French, European and Russian partners, the Malian army is trying to regain the territories occupied by armed groups and jihadists. (Photo by FLORENT VERGNES \/ AFP)"},{"@type":"BreadcrumbList","@id":"https:\/\/africadailyreport.com\/fr\/2025\/08\/12\/malian-army-roots-out-alleged-anti-junta-plotters\/#breadcrumb","itemListElement":[{"@type":"ListItem","position":1,"name":"Home","item":"https:\/\/africadailyreport.com\/fr\/"},{"@type":"ListItem","position":2,"name":"Ce que l&#8217;on sait des dizaines d&#8217;arrestations de militaires au Mali"}]},{"@type":"WebSite","@id":"https:\/\/africadailyreport.com\/fr\/#website","url":"https:\/\/africadailyreport.com\/fr\/","name":"Africa Daily Report","description":"","publisher":{"@id":"https:\/\/africadailyreport.com\/fr\/#organization"},"potentialAction":[{"@type":"SearchAction","target":{"@type":"EntryPoint","urlTemplate":"https:\/\/africadailyreport.com\/fr\/?s={search_term_string}"},"query-input":{"@type":"PropertyValueSpecification","valueRequired":true,"valueName":"search_term_string"}}],"inLanguage":"fr-FR"},{"@type":"Organization","@id":"https:\/\/africadailyreport.com\/fr\/#organization","name":"Africa Daily Report","url":"https:\/\/africadailyreport.com\/fr\/","logo":{"@type":"ImageObject","inLanguage":"fr-FR","@id":"https:\/\/africadailyreport.com\/fr\/#\/schema\/logo\/image\/","url":"https:\/\/africadailyreport.com\/wp-content\/uploads\/2024\/09\/ADR-Transparent-Green-Logo-1.png","contentUrl":"https:\/\/africadailyreport.com\/wp-content\/uploads\/2024\/09\/ADR-Transparent-Green-Logo-1.png","width":267,"height":185,"caption":"Africa Daily Report"},"image":{"@id":"https:\/\/africadailyreport.com\/fr\/#\/schema\/logo\/image\/"},"sameAs":["https:\/\/www.facebook.com\/africadailyreport","https:\/\/x.com\/adr_africa","https:\/\/www.youtube.com\/@africadailyreport","https:\/\/instagram.com\/africadailyreport"]},{"@type":"Person","@id":"https:\/\/africadailyreport.com\/fr\/#\/schema\/person\/c44d86d79f5570b3ba4cf70c989843f8","name":"ADR\/AFP","image":{"@type":"ImageObject","inLanguage":"fr-FR","@id":"https:\/\/secure.gravatar.com\/avatar\/2fbdc3782aa386b408fd9a36f0bc78ee569c94a7a05670cab3a1d72916408214?s=96&d=mm&r=g","url":"https:\/\/secure.gravatar.com\/avatar\/2fbdc3782aa386b408fd9a36f0bc78ee569c94a7a05670cab3a1d72916408214?s=96&d=mm&r=g","contentUrl":"https:\/\/secure.gravatar.com\/avatar\/2fbdc3782aa386b408fd9a36f0bc78ee569c94a7a05670cab3a1d72916408214?s=96&d=mm&r=g","caption":"ADR\/AFP"},"sameAs":["http:\/\/africadailyreport.com"],"url":"https:\/\/africadailyreport.com\/fr\/author\/both\/"}]}},"jetpack_featured_media_url":"https:\/\/i0.wp.com\/africadailyreport.com\/wp-content\/uploads\/2024\/10\/AFP__20220120__9WM3YH__v1__HighRes__MaliUnrestConflict-scaled.jpg?fit=2560%2C1707&ssl=1","jetpack_sharing_enabled":true,"amp_enabled":true,"_links":{"self":[{"href":"https:\/\/africadailyreport.com\/fr\/wp-json\/wp\/v2\/posts\/18353","targetHints":{"allow":["GET"]}}],"collection":[{"href":"https:\/\/africadailyreport.com\/fr\/wp-json\/wp\/v2\/posts"}],"about":[{"href":"https:\/\/africadailyreport.com\/fr\/wp-json\/wp\/v2\/types\/post"}],"author":[{"embeddable":true,"href":"https:\/\/africadailyreport.com\/fr\/wp-json\/wp\/v2\/users\/10"}],"replies":[{"embeddable":true,"href":"https:\/\/africadailyreport.com\/fr\/wp-json\/wp\/v2\/comments?post=18353"}],"version-history":[{"count":2,"href":"https:\/\/africadailyreport.com\/fr\/wp-json\/wp\/v2\/posts\/18353\/revisions"}],"predecessor-version":[{"id":18395,"href":"https:\/\/africadailyreport.com\/fr\/wp-json\/wp\/v2\/posts\/18353\/revisions\/18395"}],"wp:featuredmedia":[{"embeddable":true,"href":"https:\/\/africadailyreport.com\/fr\/wp-json\/wp\/v2\/media\/13168"}],"wp:attachment":[{"href":"https:\/\/africadailyreport.com\/fr\/wp-json\/wp\/v2\/media?parent=18353"}],"wp:term":[{"taxonomy":"category","embeddable":true,"href":"https:\/\/africadailyreport.com\/fr\/wp-json\/wp\/v2\/categories?post=18353"},{"taxonomy":"post_tag","embeddable":true,"href":"https:\/\/africadailyreport.com\/fr\/wp-json\/wp\/v2\/tags?post=18353"},{"taxonomy":"adr_country","embeddable":true,"href":"https:\/\/africadailyreport.com\/fr\/wp-json\/wp\/v2\/adr_country?post=18353"}],"curies":[{"name":"wp","href":"https:\/\/api.w.org\/{rel}","templated":true}]}}