{"id":18214,"date":"2025-05-29T22:00:10","date_gmt":"2025-05-29T22:00:10","guid":{"rendered":"https:\/\/africadailyreport.com\/2025\/05\/29\/ex-leader-kabila-back-in-dr-congo-in-m23-held-city\/"},"modified":"2025-05-29T22:05:27","modified_gmt":"2025-05-29T22:05:27","slug":"ex-leader-kabila-back-in-dr-congo-in-m23-held-city","status":"publish","type":"post","link":"https:\/\/africadailyreport.com\/fr\/2025\/05\/29\/ex-leader-kabila-back-in-dr-congo-in-m23-held-city\/","title":{"rendered":"RDC: l&rsquo;ex-pr\u00e9sident Joseph Kabila \u00e0 Goma contr\u00f4l\u00e9e par le M23"},"content":{"rendered":"\n<h2 class=\"wp-block-heading\" id=\"h-goma-rd-congo-l-ex-president-de-la-rdc-joseph-kabila-est-apparu-jeudi-dans-la-grande-ville-de-goma-controlee-par-le-m23-signifiant-devant-la-presse-quelques-jours-apres-avoir-appele-a-mettre-fin-a-la-dictature-du-regime-actuel-son-retour-dans-le-pays-qu-il-avait-quitte-fin-2023\"><em>Goma,\u00a0RD Congo<\/em> &#8211; L&rsquo;ex-pr\u00e9sident de la RDC Joseph Kabila est apparu jeudi dans la grande ville de Goma contr\u00f4l\u00e9e par le M23, signifiant devant la presse, quelques jours apr\u00e8s avoir appel\u00e9 \u00e0 mettre fin \u00e0 \u00ab\u00a0la dictature\u00a0\u00bb du r\u00e9gime actuel, son retour dans le pays qu&rsquo;il avait quitt\u00e9 fin 2023.<\/h2>\n\n\n\n\n\n<p><\/p>\n\n\n\n<p>D\u00e9sormais opposant d\u00e9clar\u00e9 de l&rsquo;actuel pr\u00e9sident F\u00e9lix Tshisekedi, il s&rsquo;est avanc\u00e9, en pr\u00e9sence du porte-parole du groupe arm\u00e9 antigouvernemental M23 Lawrence Kanyuka, vers les journalistes invit\u00e9s&nbsp;dans une de ses r\u00e9sidences o\u00f9 il recevait des responsables religieux.<\/p>\n\n\n\n<p>Les lieux \u00e9taient gard\u00e9s par des militaires du M23 et des membres du service de s\u00e9curit\u00e9 de ce militaire de carri\u00e8re \u00e0 la silhouette carr\u00e9e et r\u00e9put\u00e9 taiseux.<\/p>\n\n\n\n<p>V\u00eatu d&rsquo;un costume sombre et d\u00e9par\u00e9 de son habituelle barbe, l&rsquo;ex- chef d&rsquo;Etat (2001-2019) n&rsquo;a fait aucune d\u00e9claration. Affichant un air d\u00e9tendu et un large sourire, il s&rsquo;est pr\u00eat\u00e9 au jeu des prises de vue devant les cam\u00e9ras et les appareils photo.<\/p>\n\n\n\n<p>\u00ab\u00a0Son souhait est que la paix soit restaur\u00e9e\u00a0\u00bb, a d\u00e9clar\u00e9 \u00e0 l&rsquo;AFP l&rsquo;\u00e9v\u00eaque Jo\u00ebl Amurani, \u00e0 l&rsquo;issue de l&rsquo;entretien que l&rsquo;ex-pr\u00e9sident a tenu avec une d\u00e9l\u00e9gation religieuse locale. Joseph Kabila pr\u00e9voit de rencontrer des repr\u00e9sentants de la soci\u00e9t\u00e9 civile et des autorit\u00e9s traditionnelles de l&rsquo;est, dans les prochains jours, avant de s&rsquo;exprimer en public.<\/p>\n\n\n\n<p>Selon un proche de M. Kabila \u00e0 l&rsquo;AFP, aucune alliance formelle n&rsquo;a \u00e9t\u00e9 conclue entre l&rsquo;ancien chef d&rsquo;Etat et le M23, mais ils partagent un \u00ab\u00a0m\u00eame objectif\u00a0\u00bb: mettre fin au r\u00e9gime de F\u00e9lix Tshisekedi.<\/p>\n\n\n\n<p>Vendredi dans une rare allocution transmise en ligne, l&rsquo;ancien pr\u00e9sident qui jouit toujours d&rsquo;un important r\u00e9seau d&rsquo;influence, a d\u00e9clar\u00e9 compter jouer \u00ab\u00a0sa partition\u00a0\u00bb pour \u00ab\u00a0mettre fin \u00e0 la dictature, mieux, \u00e0 la tyrannie\u00a0\u00bb de son successeur.<\/p>\n\n\n\n<p>Il a \u00e9galement d\u00e9clar\u00e9 qu&rsquo;il serait \u00e0 Goma \u00ab\u00a0dans le prochains jours\u00a0\u00bb. En avril, il avait d\u00e9j\u00e0 annonc\u00e9 dans la presse son prochain retour au pays \u00ab\u00a0par la partie orientale\u00a0\u00bb, dont une grande portion est sous contr\u00f4le du M23, soutenu par le Rwanda et son arm\u00e9e.<\/p>\n\n\n\n<p>L&rsquo;Est congolais, r\u00e9gion riche en ressources naturelles frontali\u00e8re du Rwanda, est d\u00e9chir\u00e9 par des conflits depuis 30 ans.&nbsp;Les violences se sont intensifi\u00e9es ces derniers mois avec la prise de contr\u00f4le par le M23 de Goma et Bukavu, capitales des provinces du Nord-Kivu et du Sud-Kivu.<\/p>\n\n\n\n<h2 class=\"wp-block-heading\">&#8211; Accus\u00e9 de trahison &#8211;<\/h2>\n\n\n\n<p>Dans son discours, M. Kabila a \u00e9galement d\u00e9nonc\u00e9 les \u00ab\u00a0d\u00e9cisions\u00a0\u00bb arbitraires du r\u00e9gime et fustig\u00e9 une justice n&rsquo;\u00e9tant plus \u00ab\u00a0qu&rsquo;un instrument d&rsquo;oppression d&rsquo;une dictature qui tente d\u00e9sesp\u00e9r\u00e9ment de survivre\u00a0\u00bb, au lendemain de la lev\u00e9e de l&rsquo;immunit\u00e9 parlementaire dont il b\u00e9n\u00e9ficiait en tant qu&rsquo;ancien pr\u00e9sident et s\u00e9nateur \u00e0 vie.<\/p>\n\n\n\n<p>Cette d\u00e9cision du S\u00e9nat, tomb\u00e9e sans surprise avec une coalition pr\u00e9sidentielle d\u00e9tenant une majorit\u00e9 \u00e9crasante au Parlement, ouvre la voie \u00e0 des poursuites judiciaires \u00e0 son encontre alors que Kinshasa l&rsquo;accuse de complicit\u00e9 avec le M23.<\/p>\n\n\n\n<p>En avril, le ministre de la Justice Constant Mutamba a saisi la justice militaire afin d&rsquo;engager des poursuites contre Joseph Kabila pour trahison, participation \u00e0 un mouvement insurrectionnel, participation \u00e0 des crimes de guerre et crimes contre l&rsquo;humanit\u00e9.<\/p>\n\n\n\n<p>Ces faits sont passibles de la peine de mort en RDC, o\u00f9 un moratoire sur l&rsquo;ex\u00e9cution de la peine capitale en vigueur depuis 2003 a \u00e9t\u00e9 lev\u00e9 en 2024. Aucune ex\u00e9cution n&rsquo;a cependant eu lieu depuis.<\/p>\n\n\n\n<p>La justice militaire a affirm\u00e9 au S\u00e9nat avoir rassembl\u00e9 \u00ab\u00a0un faisceau de preuves\u00a0\u00bb, sous le coup du secret de l&rsquo;instruction.<\/p>\n\n\n\n<p>Un des principaux \u00e9l\u00e9ments expos\u00e9s est un t\u00e9moignage qui attesterait que Joseph Kabila a tenu une conversation t\u00e9l\u00e9phonique avec un haut responsable du M23 au sujet d&rsquo;un plan orchestr\u00e9 par le Rwanda visant \u00e0 assassiner l&rsquo;actuel pr\u00e9sident de la RDC, F\u00e9lix Tshisekedi.<\/p>\n\n\n\n<p>Dans la foul\u00e9e de l&rsquo;annonce de M. Kabila en avril, les autorit\u00e9s congolaises avaient men\u00e9 des perquisitions dans plusieurs de ses propri\u00e9t\u00e9s et prononc\u00e9 la suspension des activit\u00e9s de son mouvement politique, le Parti du peuple pour la reconstruction et la d\u00e9mocratie (PPRD).<\/p>\n\n\n\n<p><\/p>\n\n\n\n<p>\u00a9 Agence France-Presse<\/p>\n","protected":false},"excerpt":{"rendered":"<p>Goma,\u00a0RD Congo &#8211; L&rsquo;ex-pr\u00e9sident de la RDC Joseph Kabila est apparu jeudi dans la grande ville de Goma contr\u00f4l\u00e9e par le M23, signifiant devant la presse, quelques jours apr\u00e8s avoir appel\u00e9 \u00e0 mettre fin \u00e0 \u00ab\u00a0la dictature\u00a0\u00bb du r\u00e9gime actuel, son retour dans le pays qu&rsquo;il avait quitt\u00e9 fin 2023. D\u00e9sormais opposant d\u00e9clar\u00e9 de l&rsquo;actuel [&hellip;]<\/p>\n","protected":false},"author":10,"featured_media":18212,"comment_status":"open","ping_status":"open","sticky":false,"template":"","format":"standard","meta":{"_acf_changed":false,"om_disable_all_campaigns":false,"_monsterinsights_skip_tracking":false,"_monsterinsights_sitenote_active":false,"_monsterinsights_sitenote_note":"","_monsterinsights_sitenote_category":0,"tdm_status":"","tdm_grid_status":"","_jetpack_newsletter_access":"","_jetpack_dont_email_post_to_subs":false,"_jetpack_newsletter_tier_id":0,"_jetpack_memberships_contains_paywalled_content":false,"_jetpack_memberships_contains_paid_content":false,"footnotes":""},"categories":[293,1008],"tags":[808,856,1126,2312,2989,861,1170,785,313,863],"adr_country":[1089],"class_list":{"0":"post-18214","1":"post","2":"type-post","3":"status-publish","4":"format-standard","5":"has-post-thumbnail","7":"category-actualites-fr","8":"category-politics-fr","9":"tag-conflit-fr","10":"tag-congo-fr","11":"tag-drc-fr","12":"tag-goma-fr","13":"tag-jkk-fr","14":"tag-m23-fr","15":"tag-politics-fr","16":"tag-politique-fr","17":"tag-rdc-fr","18":"tag-rwanda-fr","19":"adr_country-d-r-congo"},"acf":{"post_version":""},"yoast_head":"<!-- This site is optimized with the Yoast SEO Premium plugin v26.0 (Yoast SEO v27.4) - https:\/\/yoast.com\/product\/yoast-seo-premium-wordpress\/ -->\n<title>RDC: l&#039;ex-pr\u00e9sident Joseph Kabila \u00e0 Goma contr\u00f4l\u00e9e par le M23 - Africa Daily Report<\/title>\n<meta name=\"robots\" content=\"index, follow, max-snippet:-1, max-image-preview:large, max-video-preview:-1\" \/>\n<link rel=\"canonical\" href=\"https:\/\/africadailyreport.com\/fr\/2025\/05\/29\/ex-leader-kabila-back-in-dr-congo-in-m23-held-city\/\" \/>\n<meta property=\"og:locale\" content=\"fr_FR\" \/>\n<meta property=\"og:type\" content=\"article\" \/>\n<meta property=\"og:title\" content=\"RDC: l&#039;ex-pr\u00e9sident Joseph Kabila \u00e0 Goma contr\u00f4l\u00e9e par le M23\" \/>\n<meta property=\"og:description\" content=\"Goma,\u00a0RD Congo &#8211; L&rsquo;ex-pr\u00e9sident de la RDC Joseph Kabila est apparu jeudi dans la grande ville de Goma contr\u00f4l\u00e9e par le M23, signifiant devant la presse, quelques jours apr\u00e8s avoir appel\u00e9 \u00e0 mettre fin \u00e0 \u00ab\u00a0la dictature\u00a0\u00bb du r\u00e9gime actuel, son retour dans le pays qu&rsquo;il avait quitt\u00e9 fin 2023. D\u00e9sormais opposant d\u00e9clar\u00e9 de l&rsquo;actuel [&hellip;]\" \/>\n<meta property=\"og:url\" content=\"https:\/\/africadailyreport.com\/fr\/2025\/05\/29\/ex-leader-kabila-back-in-dr-congo-in-m23-held-city\/\" \/>\n<meta property=\"og:site_name\" content=\"Africa Daily Report\" \/>\n<meta property=\"article:publisher\" content=\"https:\/\/www.facebook.com\/africadailyreport\" \/>\n<meta property=\"article:published_time\" content=\"2025-05-29T22:00:10+00:00\" \/>\n<meta property=\"article:modified_time\" content=\"2025-05-29T22:05:27+00:00\" \/>\n<meta property=\"og:image\" content=\"https:\/\/africadailyreport.com\/wp-content\/uploads\/2025\/05\/AFP__20250529__48JW2DQ__v1__HighRes__DrcongoUnrestPoliticsKabila.jpg\" \/>\n\t<meta property=\"og:image:width\" content=\"1\" \/>\n\t<meta property=\"og:image:height\" content=\"1\" \/>\n\t<meta property=\"og:image:type\" content=\"image\/jpeg\" \/>\n<meta name=\"author\" content=\"ADR\/AFP\" \/>\n<meta name=\"twitter:card\" content=\"summary_large_image\" \/>\n<meta name=\"twitter:creator\" content=\"@adr_africa\" \/>\n<meta name=\"twitter:site\" content=\"@adr_africa\" \/>\n<meta name=\"twitter:label1\" content=\"\u00c9crit par\" \/>\n\t<meta name=\"twitter:data1\" content=\"ADR\/AFP\" \/>\n\t<meta name=\"twitter:label2\" content=\"Dur\u00e9e de lecture estim\u00e9e\" \/>\n\t<meta name=\"twitter:data2\" content=\"4 minutes\" \/>\n<script type=\"application\/ld+json\" class=\"yoast-schema-graph\">{\"@context\":\"https:\\\/\\\/schema.org\",\"@graph\":[{\"@type\":\"Article\",\"@id\":\"https:\\\/\\\/africadailyreport.com\\\/fr\\\/2025\\\/05\\\/29\\\/ex-leader-kabila-back-in-dr-congo-in-m23-held-city\\\/#article\",\"isPartOf\":{\"@id\":\"https:\\\/\\\/africadailyreport.com\\\/fr\\\/2025\\\/05\\\/29\\\/ex-leader-kabila-back-in-dr-congo-in-m23-held-city\\\/\"},\"author\":{\"name\":\"ADR\\\/AFP\",\"@id\":\"https:\\\/\\\/africadailyreport.com\\\/fr\\\/#\\\/schema\\\/person\\\/c44d86d79f5570b3ba4cf70c989843f8\"},\"headline\":\"RDC: l&rsquo;ex-pr\u00e9sident Joseph Kabila \u00e0 Goma contr\u00f4l\u00e9e par le M23\",\"datePublished\":\"2025-05-29T22:00:10+00:00\",\"dateModified\":\"2025-05-29T22:05:27+00:00\",\"mainEntityOfPage\":{\"@id\":\"https:\\\/\\\/africadailyreport.com\\\/fr\\\/2025\\\/05\\\/29\\\/ex-leader-kabila-back-in-dr-congo-in-m23-held-city\\\/\"},\"wordCount\":761,\"commentCount\":0,\"publisher\":{\"@id\":\"https:\\\/\\\/africadailyreport.com\\\/fr\\\/#organization\"},\"image\":{\"@id\":\"https:\\\/\\\/africadailyreport.com\\\/fr\\\/2025\\\/05\\\/29\\\/ex-leader-kabila-back-in-dr-congo-in-m23-held-city\\\/#primaryimage\"},\"thumbnailUrl\":\"https:\\\/\\\/i0.wp.com\\\/africadailyreport.com\\\/wp-content\\\/uploads\\\/2025\\\/05\\\/AFP__20250529__48JW2DQ__v1__HighRes__DrcongoUnrestPoliticsKabila.jpg?fit=%2C&ssl=1\",\"keywords\":[\"conflit\",\"congo\",\"DRC\",\"Goma\",\"jkk\",\"m23\",\"Politics\",\"politique\",\"rdc\",\"Rwanda\"],\"articleSection\":[\"Actualit\u00e9s\",\"Politics\"],\"inLanguage\":\"fr-FR\",\"potentialAction\":[{\"@type\":\"CommentAction\",\"name\":\"Comment\",\"target\":[\"https:\\\/\\\/africadailyreport.com\\\/fr\\\/2025\\\/05\\\/29\\\/ex-leader-kabila-back-in-dr-congo-in-m23-held-city\\\/#respond\"]}],\"copyrightYear\":\"2025\",\"copyrightHolder\":{\"@id\":\"https:\\\/\\\/africadailyreport.com\\\/#organization\"}},{\"@type\":\"WebPage\",\"@id\":\"https:\\\/\\\/africadailyreport.com\\\/fr\\\/2025\\\/05\\\/29\\\/ex-leader-kabila-back-in-dr-congo-in-m23-held-city\\\/\",\"url\":\"https:\\\/\\\/africadailyreport.com\\\/fr\\\/2025\\\/05\\\/29\\\/ex-leader-kabila-back-in-dr-congo-in-m23-held-city\\\/\",\"name\":\"RDC: l'ex-pr\u00e9sident Joseph Kabila \u00e0 Goma contr\u00f4l\u00e9e par le M23 - Africa Daily Report\",\"isPartOf\":{\"@id\":\"https:\\\/\\\/africadailyreport.com\\\/fr\\\/#website\"},\"primaryImageOfPage\":{\"@id\":\"https:\\\/\\\/africadailyreport.com\\\/fr\\\/2025\\\/05\\\/29\\\/ex-leader-kabila-back-in-dr-congo-in-m23-held-city\\\/#primaryimage\"},\"image\":{\"@id\":\"https:\\\/\\\/africadailyreport.com\\\/fr\\\/2025\\\/05\\\/29\\\/ex-leader-kabila-back-in-dr-congo-in-m23-held-city\\\/#primaryimage\"},\"thumbnailUrl\":\"https:\\\/\\\/i0.wp.com\\\/africadailyreport.com\\\/wp-content\\\/uploads\\\/2025\\\/05\\\/AFP__20250529__48JW2DQ__v1__HighRes__DrcongoUnrestPoliticsKabila.jpg?fit=%2C&ssl=1\",\"datePublished\":\"2025-05-29T22:00:10+00:00\",\"dateModified\":\"2025-05-29T22:05:27+00:00\",\"breadcrumb\":{\"@id\":\"https:\\\/\\\/africadailyreport.com\\\/fr\\\/2025\\\/05\\\/29\\\/ex-leader-kabila-back-in-dr-congo-in-m23-held-city\\\/#breadcrumb\"},\"inLanguage\":\"fr-FR\",\"potentialAction\":[{\"@type\":\"ReadAction\",\"target\":[\"https:\\\/\\\/africadailyreport.com\\\/fr\\\/2025\\\/05\\\/29\\\/ex-leader-kabila-back-in-dr-congo-in-m23-held-city\\\/\"]}]},{\"@type\":\"ImageObject\",\"inLanguage\":\"fr-FR\",\"@id\":\"https:\\\/\\\/africadailyreport.com\\\/fr\\\/2025\\\/05\\\/29\\\/ex-leader-kabila-back-in-dr-congo-in-m23-held-city\\\/#primaryimage\",\"url\":\"https:\\\/\\\/i0.wp.com\\\/africadailyreport.com\\\/wp-content\\\/uploads\\\/2025\\\/05\\\/AFP__20250529__48JW2DQ__v1__HighRes__DrcongoUnrestPoliticsKabila.jpg?fit=%2C&ssl=1\",\"contentUrl\":\"https:\\\/\\\/i0.wp.com\\\/africadailyreport.com\\\/wp-content\\\/uploads\\\/2025\\\/05\\\/AFP__20250529__48JW2DQ__v1__HighRes__DrcongoUnrestPoliticsKabila.jpg?fit=%2C&ssl=1\",\"caption\":\"Former President of the Democratic Republic of Congo Joseph Kabila (2nd R) greets religious leaders after posing for a photograph with them at one of his residences in Goma on May 29, 2025. Ex-president Joseph Kabila was back in the Democratic Republic of Congo on May 29, 2025 via Goma, an eastern city seized by the Rwanda-backed M23 militia whose lightning offensive the government accuses him of orchestrating. Kabila's appearance comes despite the former president facing the possibility of a treason trial over his alleged support for the M23, which has seized swathes of the resource-rich Congolese east with Rwanda's help. Felix Tshisekedi, his successor as the DRC's president, accuses Kabila of being the brains behind the armed group. (Photo by Jospin Mwisha \\\/ AFP)\"},{\"@type\":\"BreadcrumbList\",\"@id\":\"https:\\\/\\\/africadailyreport.com\\\/fr\\\/2025\\\/05\\\/29\\\/ex-leader-kabila-back-in-dr-congo-in-m23-held-city\\\/#breadcrumb\",\"itemListElement\":[{\"@type\":\"ListItem\",\"position\":1,\"name\":\"Home\",\"item\":\"https:\\\/\\\/africadailyreport.com\\\/fr\\\/\"},{\"@type\":\"ListItem\",\"position\":2,\"name\":\"RDC: l&#8217;ex-pr\u00e9sident Joseph Kabila \u00e0 Goma contr\u00f4l\u00e9e par le M23\"}]},{\"@type\":\"WebSite\",\"@id\":\"https:\\\/\\\/africadailyreport.com\\\/fr\\\/#website\",\"url\":\"https:\\\/\\\/africadailyreport.com\\\/fr\\\/\",\"name\":\"Africa Daily Report\",\"description\":\"\",\"publisher\":{\"@id\":\"https:\\\/\\\/africadailyreport.com\\\/fr\\\/#organization\"},\"potentialAction\":[{\"@type\":\"SearchAction\",\"target\":{\"@type\":\"EntryPoint\",\"urlTemplate\":\"https:\\\/\\\/africadailyreport.com\\\/fr\\\/?s={search_term_string}\"},\"query-input\":{\"@type\":\"PropertyValueSpecification\",\"valueRequired\":true,\"valueName\":\"search_term_string\"}}],\"inLanguage\":\"fr-FR\"},{\"@type\":\"Organization\",\"@id\":\"https:\\\/\\\/africadailyreport.com\\\/fr\\\/#organization\",\"name\":\"Africa Daily Report\",\"url\":\"https:\\\/\\\/africadailyreport.com\\\/fr\\\/\",\"logo\":{\"@type\":\"ImageObject\",\"inLanguage\":\"fr-FR\",\"@id\":\"https:\\\/\\\/africadailyreport.com\\\/fr\\\/#\\\/schema\\\/logo\\\/image\\\/\",\"url\":\"https:\\\/\\\/africadailyreport.com\\\/wp-content\\\/uploads\\\/2024\\\/09\\\/ADR-Transparent-Green-Logo-1.png\",\"contentUrl\":\"https:\\\/\\\/africadailyreport.com\\\/wp-content\\\/uploads\\\/2024\\\/09\\\/ADR-Transparent-Green-Logo-1.png\",\"width\":267,\"height\":185,\"caption\":\"Africa Daily Report\"},\"image\":{\"@id\":\"https:\\\/\\\/africadailyreport.com\\\/fr\\\/#\\\/schema\\\/logo\\\/image\\\/\"},\"sameAs\":[\"https:\\\/\\\/www.facebook.com\\\/africadailyreport\",\"https:\\\/\\\/x.com\\\/adr_africa\",\"https:\\\/\\\/www.youtube.com\\\/@africadailyreport\",\"https:\\\/\\\/instagram.com\\\/africadailyreport\"]},{\"@type\":\"Person\",\"@id\":\"https:\\\/\\\/africadailyreport.com\\\/fr\\\/#\\\/schema\\\/person\\\/c44d86d79f5570b3ba4cf70c989843f8\",\"name\":\"ADR\\\/AFP\",\"image\":{\"@type\":\"ImageObject\",\"inLanguage\":\"fr-FR\",\"@id\":\"https:\\\/\\\/secure.gravatar.com\\\/avatar\\\/2fbdc3782aa386b408fd9a36f0bc78ee569c94a7a05670cab3a1d72916408214?s=96&d=mm&r=g\",\"url\":\"https:\\\/\\\/secure.gravatar.com\\\/avatar\\\/2fbdc3782aa386b408fd9a36f0bc78ee569c94a7a05670cab3a1d72916408214?s=96&d=mm&r=g\",\"contentUrl\":\"https:\\\/\\\/secure.gravatar.com\\\/avatar\\\/2fbdc3782aa386b408fd9a36f0bc78ee569c94a7a05670cab3a1d72916408214?s=96&d=mm&r=g\",\"caption\":\"ADR\\\/AFP\"},\"sameAs\":[\"http:\\\/\\\/africadailyreport.com\"],\"url\":\"https:\\\/\\\/africadailyreport.com\\\/fr\\\/author\\\/both\\\/\"}]}<\/script>\n<!-- \/ Yoast SEO Premium plugin. -->","yoast_head_json":{"title":"RDC: l'ex-pr\u00e9sident Joseph Kabila \u00e0 Goma contr\u00f4l\u00e9e par le M23 - Africa Daily Report","robots":{"index":"index","follow":"follow","max-snippet":"max-snippet:-1","max-image-preview":"max-image-preview:large","max-video-preview":"max-video-preview:-1"},"canonical":"https:\/\/africadailyreport.com\/fr\/2025\/05\/29\/ex-leader-kabila-back-in-dr-congo-in-m23-held-city\/","og_locale":"fr_FR","og_type":"article","og_title":"RDC: l'ex-pr\u00e9sident Joseph Kabila \u00e0 Goma contr\u00f4l\u00e9e par le M23","og_description":"Goma,\u00a0RD Congo &#8211; L&rsquo;ex-pr\u00e9sident de la RDC Joseph Kabila est apparu jeudi dans la grande ville de Goma contr\u00f4l\u00e9e par le M23, signifiant devant la presse, quelques jours apr\u00e8s avoir appel\u00e9 \u00e0 mettre fin \u00e0 \u00ab\u00a0la dictature\u00a0\u00bb du r\u00e9gime actuel, son retour dans le pays qu&rsquo;il avait quitt\u00e9 fin 2023. D\u00e9sormais opposant d\u00e9clar\u00e9 de l&rsquo;actuel [&hellip;]","og_url":"https:\/\/africadailyreport.com\/fr\/2025\/05\/29\/ex-leader-kabila-back-in-dr-congo-in-m23-held-city\/","og_site_name":"Africa Daily Report","article_publisher":"https:\/\/www.facebook.com\/africadailyreport","article_published_time":"2025-05-29T22:00:10+00:00","article_modified_time":"2025-05-29T22:05:27+00:00","og_image":[{"url":"https:\/\/africadailyreport.com\/wp-content\/uploads\/2025\/05\/AFP__20250529__48JW2DQ__v1__HighRes__DrcongoUnrestPoliticsKabila.jpg","width":1,"height":1,"type":"image\/jpeg"}],"author":"ADR\/AFP","twitter_card":"summary_large_image","twitter_creator":"@adr_africa","twitter_site":"@adr_africa","twitter_misc":{"\u00c9crit par":"ADR\/AFP","Dur\u00e9e de lecture estim\u00e9e":"4 minutes"},"schema":{"@context":"https:\/\/schema.org","@graph":[{"@type":"Article","@id":"https:\/\/africadailyreport.com\/fr\/2025\/05\/29\/ex-leader-kabila-back-in-dr-congo-in-m23-held-city\/#article","isPartOf":{"@id":"https:\/\/africadailyreport.com\/fr\/2025\/05\/29\/ex-leader-kabila-back-in-dr-congo-in-m23-held-city\/"},"author":{"name":"ADR\/AFP","@id":"https:\/\/africadailyreport.com\/fr\/#\/schema\/person\/c44d86d79f5570b3ba4cf70c989843f8"},"headline":"RDC: l&rsquo;ex-pr\u00e9sident Joseph Kabila \u00e0 Goma contr\u00f4l\u00e9e par le M23","datePublished":"2025-05-29T22:00:10+00:00","dateModified":"2025-05-29T22:05:27+00:00","mainEntityOfPage":{"@id":"https:\/\/africadailyreport.com\/fr\/2025\/05\/29\/ex-leader-kabila-back-in-dr-congo-in-m23-held-city\/"},"wordCount":761,"commentCount":0,"publisher":{"@id":"https:\/\/africadailyreport.com\/fr\/#organization"},"image":{"@id":"https:\/\/africadailyreport.com\/fr\/2025\/05\/29\/ex-leader-kabila-back-in-dr-congo-in-m23-held-city\/#primaryimage"},"thumbnailUrl":"https:\/\/i0.wp.com\/africadailyreport.com\/wp-content\/uploads\/2025\/05\/AFP__20250529__48JW2DQ__v1__HighRes__DrcongoUnrestPoliticsKabila.jpg?fit=%2C&ssl=1","keywords":["conflit","congo","DRC","Goma","jkk","m23","Politics","politique","rdc","Rwanda"],"articleSection":["Actualit\u00e9s","Politics"],"inLanguage":"fr-FR","potentialAction":[{"@type":"CommentAction","name":"Comment","target":["https:\/\/africadailyreport.com\/fr\/2025\/05\/29\/ex-leader-kabila-back-in-dr-congo-in-m23-held-city\/#respond"]}],"copyrightYear":"2025","copyrightHolder":{"@id":"https:\/\/africadailyreport.com\/#organization"}},{"@type":"WebPage","@id":"https:\/\/africadailyreport.com\/fr\/2025\/05\/29\/ex-leader-kabila-back-in-dr-congo-in-m23-held-city\/","url":"https:\/\/africadailyreport.com\/fr\/2025\/05\/29\/ex-leader-kabila-back-in-dr-congo-in-m23-held-city\/","name":"RDC: l'ex-pr\u00e9sident Joseph Kabila \u00e0 Goma contr\u00f4l\u00e9e par le M23 - Africa Daily Report","isPartOf":{"@id":"https:\/\/africadailyreport.com\/fr\/#website"},"primaryImageOfPage":{"@id":"https:\/\/africadailyreport.com\/fr\/2025\/05\/29\/ex-leader-kabila-back-in-dr-congo-in-m23-held-city\/#primaryimage"},"image":{"@id":"https:\/\/africadailyreport.com\/fr\/2025\/05\/29\/ex-leader-kabila-back-in-dr-congo-in-m23-held-city\/#primaryimage"},"thumbnailUrl":"https:\/\/i0.wp.com\/africadailyreport.com\/wp-content\/uploads\/2025\/05\/AFP__20250529__48JW2DQ__v1__HighRes__DrcongoUnrestPoliticsKabila.jpg?fit=%2C&ssl=1","datePublished":"2025-05-29T22:00:10+00:00","dateModified":"2025-05-29T22:05:27+00:00","breadcrumb":{"@id":"https:\/\/africadailyreport.com\/fr\/2025\/05\/29\/ex-leader-kabila-back-in-dr-congo-in-m23-held-city\/#breadcrumb"},"inLanguage":"fr-FR","potentialAction":[{"@type":"ReadAction","target":["https:\/\/africadailyreport.com\/fr\/2025\/05\/29\/ex-leader-kabila-back-in-dr-congo-in-m23-held-city\/"]}]},{"@type":"ImageObject","inLanguage":"fr-FR","@id":"https:\/\/africadailyreport.com\/fr\/2025\/05\/29\/ex-leader-kabila-back-in-dr-congo-in-m23-held-city\/#primaryimage","url":"https:\/\/i0.wp.com\/africadailyreport.com\/wp-content\/uploads\/2025\/05\/AFP__20250529__48JW2DQ__v1__HighRes__DrcongoUnrestPoliticsKabila.jpg?fit=%2C&ssl=1","contentUrl":"https:\/\/i0.wp.com\/africadailyreport.com\/wp-content\/uploads\/2025\/05\/AFP__20250529__48JW2DQ__v1__HighRes__DrcongoUnrestPoliticsKabila.jpg?fit=%2C&ssl=1","caption":"Former President of the Democratic Republic of Congo Joseph Kabila (2nd R) greets religious leaders after posing for a photograph with them at one of his residences in Goma on May 29, 2025. Ex-president Joseph Kabila was back in the Democratic Republic of Congo on May 29, 2025 via Goma, an eastern city seized by the Rwanda-backed M23 militia whose lightning offensive the government accuses him of orchestrating. Kabila's appearance comes despite the former president facing the possibility of a treason trial over his alleged support for the M23, which has seized swathes of the resource-rich Congolese east with Rwanda's help. Felix Tshisekedi, his successor as the DRC's president, accuses Kabila of being the brains behind the armed group. (Photo by Jospin Mwisha \/ AFP)"},{"@type":"BreadcrumbList","@id":"https:\/\/africadailyreport.com\/fr\/2025\/05\/29\/ex-leader-kabila-back-in-dr-congo-in-m23-held-city\/#breadcrumb","itemListElement":[{"@type":"ListItem","position":1,"name":"Home","item":"https:\/\/africadailyreport.com\/fr\/"},{"@type":"ListItem","position":2,"name":"RDC: l&#8217;ex-pr\u00e9sident Joseph Kabila \u00e0 Goma contr\u00f4l\u00e9e par le M23"}]},{"@type":"WebSite","@id":"https:\/\/africadailyreport.com\/fr\/#website","url":"https:\/\/africadailyreport.com\/fr\/","name":"Africa Daily Report","description":"","publisher":{"@id":"https:\/\/africadailyreport.com\/fr\/#organization"},"potentialAction":[{"@type":"SearchAction","target":{"@type":"EntryPoint","urlTemplate":"https:\/\/africadailyreport.com\/fr\/?s={search_term_string}"},"query-input":{"@type":"PropertyValueSpecification","valueRequired":true,"valueName":"search_term_string"}}],"inLanguage":"fr-FR"},{"@type":"Organization","@id":"https:\/\/africadailyreport.com\/fr\/#organization","name":"Africa Daily Report","url":"https:\/\/africadailyreport.com\/fr\/","logo":{"@type":"ImageObject","inLanguage":"fr-FR","@id":"https:\/\/africadailyreport.com\/fr\/#\/schema\/logo\/image\/","url":"https:\/\/africadailyreport.com\/wp-content\/uploads\/2024\/09\/ADR-Transparent-Green-Logo-1.png","contentUrl":"https:\/\/africadailyreport.com\/wp-content\/uploads\/2024\/09\/ADR-Transparent-Green-Logo-1.png","width":267,"height":185,"caption":"Africa Daily Report"},"image":{"@id":"https:\/\/africadailyreport.com\/fr\/#\/schema\/logo\/image\/"},"sameAs":["https:\/\/www.facebook.com\/africadailyreport","https:\/\/x.com\/adr_africa","https:\/\/www.youtube.com\/@africadailyreport","https:\/\/instagram.com\/africadailyreport"]},{"@type":"Person","@id":"https:\/\/africadailyreport.com\/fr\/#\/schema\/person\/c44d86d79f5570b3ba4cf70c989843f8","name":"ADR\/AFP","image":{"@type":"ImageObject","inLanguage":"fr-FR","@id":"https:\/\/secure.gravatar.com\/avatar\/2fbdc3782aa386b408fd9a36f0bc78ee569c94a7a05670cab3a1d72916408214?s=96&d=mm&r=g","url":"https:\/\/secure.gravatar.com\/avatar\/2fbdc3782aa386b408fd9a36f0bc78ee569c94a7a05670cab3a1d72916408214?s=96&d=mm&r=g","contentUrl":"https:\/\/secure.gravatar.com\/avatar\/2fbdc3782aa386b408fd9a36f0bc78ee569c94a7a05670cab3a1d72916408214?s=96&d=mm&r=g","caption":"ADR\/AFP"},"sameAs":["http:\/\/africadailyreport.com"],"url":"https:\/\/africadailyreport.com\/fr\/author\/both\/"}]}},"jetpack_featured_media_url":"https:\/\/i0.wp.com\/africadailyreport.com\/wp-content\/uploads\/2025\/05\/AFP__20250529__48JW2DQ__v1__HighRes__DrcongoUnrestPoliticsKabila.jpg?fit=%2C&ssl=1","jetpack_sharing_enabled":true,"amp_enabled":true,"_links":{"self":[{"href":"https:\/\/africadailyreport.com\/fr\/wp-json\/wp\/v2\/posts\/18214","targetHints":{"allow":["GET"]}}],"collection":[{"href":"https:\/\/africadailyreport.com\/fr\/wp-json\/wp\/v2\/posts"}],"about":[{"href":"https:\/\/africadailyreport.com\/fr\/wp-json\/wp\/v2\/types\/post"}],"author":[{"embeddable":true,"href":"https:\/\/africadailyreport.com\/fr\/wp-json\/wp\/v2\/users\/10"}],"replies":[{"embeddable":true,"href":"https:\/\/africadailyreport.com\/fr\/wp-json\/wp\/v2\/comments?post=18214"}],"version-history":[{"count":2,"href":"https:\/\/africadailyreport.com\/fr\/wp-json\/wp\/v2\/posts\/18214\/revisions"}],"predecessor-version":[{"id":18216,"href":"https:\/\/africadailyreport.com\/fr\/wp-json\/wp\/v2\/posts\/18214\/revisions\/18216"}],"wp:featuredmedia":[{"embeddable":true,"href":"https:\/\/africadailyreport.com\/fr\/wp-json\/wp\/v2\/media\/18212"}],"wp:attachment":[{"href":"https:\/\/africadailyreport.com\/fr\/wp-json\/wp\/v2\/media?parent=18214"}],"wp:term":[{"taxonomy":"category","embeddable":true,"href":"https:\/\/africadailyreport.com\/fr\/wp-json\/wp\/v2\/categories?post=18214"},{"taxonomy":"post_tag","embeddable":true,"href":"https:\/\/africadailyreport.com\/fr\/wp-json\/wp\/v2\/tags?post=18214"},{"taxonomy":"adr_country","embeddable":true,"href":"https:\/\/africadailyreport.com\/fr\/wp-json\/wp\/v2\/adr_country?post=18214"}],"curies":[{"name":"wp","href":"https:\/\/api.w.org\/{rel}","templated":true}]}}