{"id":17712,"date":"2025-03-31T03:26:52","date_gmt":"2025-03-31T03:26:52","guid":{"rendered":"https:\/\/africadailyreport.com\/2025\/03\/31\/centrafrique-le-president-touadera-celebre-pour-ses-deux-mandats-appele-a-un-troisieme\/"},"modified":"2025-03-31T03:27:56","modified_gmt":"2025-03-31T03:27:56","slug":"centrafrique-le-president-touadera-celebre-pour-ses-deux-mandats-appele-a-un-troisieme","status":"publish","type":"post","link":"https:\/\/africadailyreport.com\/fr\/2025\/03\/31\/centrafrique-le-president-touadera-celebre-pour-ses-deux-mandats-appele-a-un-troisieme\/","title":{"rendered":"Centrafrique: le pr\u00e9sident Touad\u00e9ra c\u00e9l\u00e9br\u00e9 pour ses deux mandats, appel\u00e9 \u00e0 un troisi\u00e8me"},"content":{"rendered":"\n<h2 class=\"wp-block-heading\" id=\"h-bangui-centrafrique-la-celebration-du-9e-anniversaire-de-l-investiture-du-president-centrafricain-faustin-archange-touadera-dimanche-a-ete-l-occasion-d-un-appel-a-se-presenter-pour-un-troisieme-mandat-a-l-election-presidentielle-prevue-en-decembre\">Bangui,&nbsp;Centrafrique &#8211; La c\u00e9l\u00e9bration du 9e anniversaire de l&rsquo;investiture du pr\u00e9sident centrafricain Faustin Archange Touad\u00e9ra dimanche a \u00e9t\u00e9 l&rsquo;occasion d&rsquo;un appel \u00e0 se pr\u00e9senter pour un troisi\u00e8me mandat \u00e0 l&rsquo;\u00e9lection pr\u00e9sidentielle pr\u00e9vue en d\u00e9cembre.<\/h2>\n\n\n\n\n\n<p>Une cohorte de partis politiques, associations et repr\u00e9sentants de la soci\u00e9t\u00e9 civile ont encha\u00een\u00e9 les discours pour porter la candidature de leur \u00ab\u00a0champion\u00a0\u00bb, \u00ab\u00a0b\u00e2tisseur\u00a0\u00bb, et \u00ab\u00a0p\u00e8re de la nation\u00a0\u00bb lors de cette c\u00e9r\u00e9monie officielle organis\u00e9e par le gouvernement chaque ann\u00e9e dans l&rsquo;enceinte de l&rsquo;Assembl\u00e9e nationale \u00e0 Bangui.<\/p>\n\n\n\n<p>Une foule dense, en pagne blanc et bleu ou en T-shirt floqu\u00e9 de \u00ab\u00a0Touad\u00e9ra mon pr\u00e9sident\u00a0\u00bb soufflait dans les vuvuzelas et applaudissait copieusement chaque intervention \u00e9logieuse sur le bilan de M. Touad\u00e9ra \u00e0 la t\u00eate de l&rsquo;Etat.<\/p>\n\n\n\n<p>Depuis plusieurs mois, les manifestations en faveur d&rsquo;un tel sc\u00e9nario se multiplient dans le pays.<\/p>\n\n\n\n<p>Le ministre de l&rsquo;Education et porte-parole de l&rsquo;Union des forces de l&rsquo;opposition, une plateforme depuis ralli\u00e9e au r\u00e9gime au pouvoir, Aur\u00e9lien Simplice Zingas a m\u00eame remis une enveloppe de 2 millions de francs CFA au pr\u00e9sident, en contribution \u00e0 ses frais de campagne \u00e9lectorale.<\/p>\n\n\n\n<p>Mais M. Touad\u00e9ra n&rsquo;a pas d\u00e9voil\u00e9 ses intentions.<\/p>\n\n\n\n<p>\u00ab\u00a0Je me concentre sur mon mandat actuel\u00a0\u00bb, a-t-il assur\u00e9 au terme d&rsquo;un discours de pr\u00e8s d&rsquo;une heure.<\/p>\n\n\n\n<p>Le Bloc r\u00e9publicain pour la d\u00e9fense de la constitution (BRDC), qui milite pour un retour au texte adopt\u00e9 en 2016, a appel\u00e9 \u00e0 une \u00ab\u00a0marche citoyenne et pacifique\u00a0\u00bb vendredi notamment contre un troisi\u00e8me mandat du pr\u00e9sident Touad\u00e9ra.<\/p>\n\n\n\n<p>Dans un premier temps interdite, la manifestation a finalement \u00e9t\u00e9 autoris\u00e9e par le pr\u00e9sident.<\/p>\n\n\n\n<p>Des \u00e9lections locales et municipales, par deux fois repouss\u00e9es, doivent avoir lieu fin ao\u00fbt.<\/p>\n\n\n\n<p>\u00c9lu en 2016, M. Touad\u00e9ra a \u00e9t\u00e9 r\u00e9\u00e9lu en 2020 apr\u00e8s un scrutin perturb\u00e9 par des groupes arm\u00e9s rebelles et entach\u00e9 d&rsquo;accusations de fraude. Ses opposants l&rsquo;accusent de vouloir rester pr\u00e9sident \u00e0 vie depuis la nouvelle constitution vot\u00e9e par r\u00e9f\u00e9rendum en 2023 et qui l&rsquo;autorise \u00e0 se pr\u00e9senter pour un nouveau mandat.<\/p>\n\n\n\n<p><\/p>\n\n\n\n<p>\u00a9 Agence France-Presse<\/p>\n","protected":false},"excerpt":{"rendered":"<p>Bangui,&nbsp;Centrafrique &#8211; La c\u00e9l\u00e9bration du 9e anniversaire de l&rsquo;investiture du pr\u00e9sident centrafricain Faustin Archange Touad\u00e9ra dimanche a \u00e9t\u00e9 l&rsquo;occasion d&rsquo;un appel \u00e0 se pr\u00e9senter pour un troisi\u00e8me mandat \u00e0 l&rsquo;\u00e9lection pr\u00e9sidentielle pr\u00e9vue en d\u00e9cembre. Une cohorte de partis politiques, associations et repr\u00e9sentants de la soci\u00e9t\u00e9 civile ont encha\u00een\u00e9 les discours pour porter la candidature de [&hellip;]<\/p>\n","protected":false},"author":10,"featured_media":17709,"comment_status":"open","ping_status":"open","sticky":false,"template":"","format":"standard","meta":{"_acf_changed":false,"om_disable_all_campaigns":false,"_monsterinsights_skip_tracking":false,"_monsterinsights_sitenote_active":false,"_monsterinsights_sitenote_note":"","_monsterinsights_sitenote_category":0,"tdm_status":"","tdm_grid_status":"","_jetpack_newsletter_access":"","_jetpack_dont_email_post_to_subs":false,"_jetpack_newsletter_tier_id":0,"_jetpack_memberships_contains_paywalled_content":false,"_jetpack_memberships_contains_paid_content":false,"footnotes":""},"categories":[2716],"tags":[1740,1808,2862],"adr_country":[1744],"class_list":{"0":"post-17712","1":"post","2":"type-post","3":"status-publish","4":"format-standard","5":"has-post-thumbnail","7":"category-actualites-fr-2","8":"tag-centrafrique-fr","9":"tag-elections-2-fr","10":"tag-touadera-fr","11":"adr_country-centrafrique-fr"},"acf":{"post_version":""},"yoast_head":"<!-- This site is optimized with the Yoast SEO Premium plugin v26.0 (Yoast SEO v27.4) - https:\/\/yoast.com\/product\/yoast-seo-premium-wordpress\/ -->\n<title>Centrafrique: le pr\u00e9sident Touad\u00e9ra c\u00e9l\u00e9br\u00e9 pour ses deux mandats, appel\u00e9 \u00e0 un troisi\u00e8me - Africa Daily Report<\/title>\n<meta name=\"robots\" content=\"index, follow, max-snippet:-1, max-image-preview:large, max-video-preview:-1\" \/>\n<link rel=\"canonical\" href=\"https:\/\/africadailyreport.com\/fr\/2025\/03\/31\/centrafrique-le-president-touadera-celebre-pour-ses-deux-mandats-appele-a-un-troisieme\/\" \/>\n<meta property=\"og:locale\" content=\"fr_FR\" \/>\n<meta property=\"og:type\" content=\"article\" \/>\n<meta property=\"og:title\" content=\"Centrafrique: le pr\u00e9sident Touad\u00e9ra c\u00e9l\u00e9br\u00e9 pour ses deux mandats, appel\u00e9 \u00e0 un troisi\u00e8me\" \/>\n<meta property=\"og:description\" content=\"Bangui,&nbsp;Centrafrique &#8211; La c\u00e9l\u00e9bration du 9e anniversaire de l&rsquo;investiture du pr\u00e9sident centrafricain Faustin Archange Touad\u00e9ra dimanche a \u00e9t\u00e9 l&rsquo;occasion d&rsquo;un appel \u00e0 se pr\u00e9senter pour un troisi\u00e8me mandat \u00e0 l&rsquo;\u00e9lection pr\u00e9sidentielle pr\u00e9vue en d\u00e9cembre. Une cohorte de partis politiques, associations et repr\u00e9sentants de la soci\u00e9t\u00e9 civile ont encha\u00een\u00e9 les discours pour porter la candidature de [&hellip;]\" \/>\n<meta property=\"og:url\" content=\"https:\/\/africadailyreport.com\/fr\/2025\/03\/31\/centrafrique-le-president-touadera-celebre-pour-ses-deux-mandats-appele-a-un-troisieme\/\" \/>\n<meta property=\"og:site_name\" content=\"Africa Daily Report\" \/>\n<meta property=\"article:publisher\" content=\"https:\/\/www.facebook.com\/africadailyreport\" \/>\n<meta property=\"article:published_time\" content=\"2025-03-31T03:26:52+00:00\" \/>\n<meta property=\"article:modified_time\" content=\"2025-03-31T03:27:56+00:00\" \/>\n<meta property=\"og:image\" content=\"https:\/\/africadailyreport.com\/wp-content\/uploads\/2025\/03\/AFP__20250310__36ZP4NK__v1__HighRes__CafricaPolitics-scaled.jpg\" \/>\n\t<meta property=\"og:image:width\" content=\"1\" \/>\n\t<meta property=\"og:image:height\" content=\"1\" \/>\n\t<meta property=\"og:image:type\" content=\"image\/jpeg\" \/>\n<meta name=\"author\" content=\"ADR\/AFP\" \/>\n<meta name=\"twitter:card\" content=\"summary_large_image\" \/>\n<meta name=\"twitter:creator\" content=\"@adr_africa\" \/>\n<meta name=\"twitter:site\" content=\"@adr_africa\" \/>\n<meta name=\"twitter:label1\" content=\"\u00c9crit par\" \/>\n\t<meta name=\"twitter:data1\" content=\"ADR\/AFP\" \/>\n\t<meta name=\"twitter:label2\" content=\"Dur\u00e9e de lecture estim\u00e9e\" \/>\n\t<meta name=\"twitter:data2\" content=\"2 minutes\" \/>\n<script type=\"application\/ld+json\" class=\"yoast-schema-graph\">{\"@context\":\"https:\\\/\\\/schema.org\",\"@graph\":[{\"@type\":\"Article\",\"@id\":\"https:\\\/\\\/africadailyreport.com\\\/fr\\\/2025\\\/03\\\/31\\\/centrafrique-le-president-touadera-celebre-pour-ses-deux-mandats-appele-a-un-troisieme\\\/#article\",\"isPartOf\":{\"@id\":\"https:\\\/\\\/africadailyreport.com\\\/fr\\\/2025\\\/03\\\/31\\\/centrafrique-le-president-touadera-celebre-pour-ses-deux-mandats-appele-a-un-troisieme\\\/\"},\"author\":{\"name\":\"ADR\\\/AFP\",\"@id\":\"https:\\\/\\\/africadailyreport.com\\\/fr\\\/#\\\/schema\\\/person\\\/c44d86d79f5570b3ba4cf70c989843f8\"},\"headline\":\"Centrafrique: le pr\u00e9sident Touad\u00e9ra c\u00e9l\u00e9br\u00e9 pour ses deux mandats, appel\u00e9 \u00e0 un troisi\u00e8me\",\"datePublished\":\"2025-03-31T03:26:52+00:00\",\"dateModified\":\"2025-03-31T03:27:56+00:00\",\"mainEntityOfPage\":{\"@id\":\"https:\\\/\\\/africadailyreport.com\\\/fr\\\/2025\\\/03\\\/31\\\/centrafrique-le-president-touadera-celebre-pour-ses-deux-mandats-appele-a-un-troisieme\\\/\"},\"wordCount\":394,\"commentCount\":0,\"publisher\":{\"@id\":\"https:\\\/\\\/africadailyreport.com\\\/fr\\\/#organization\"},\"image\":{\"@id\":\"https:\\\/\\\/africadailyreport.com\\\/fr\\\/2025\\\/03\\\/31\\\/centrafrique-le-president-touadera-celebre-pour-ses-deux-mandats-appele-a-un-troisieme\\\/#primaryimage\"},\"thumbnailUrl\":\"https:\\\/\\\/i0.wp.com\\\/africadailyreport.com\\\/wp-content\\\/uploads\\\/2025\\\/03\\\/AFP__20250310__36ZP4NK__v1__HighRes__CafricaPolitics-scaled.jpg?fit=%2C&ssl=1\",\"keywords\":[\"centrafrique\",\"Elections\",\"touadera\"],\"articleSection\":[\"Actualit\u00e9s\"],\"inLanguage\":\"fr-FR\",\"potentialAction\":[{\"@type\":\"CommentAction\",\"name\":\"Comment\",\"target\":[\"https:\\\/\\\/africadailyreport.com\\\/fr\\\/2025\\\/03\\\/31\\\/centrafrique-le-president-touadera-celebre-pour-ses-deux-mandats-appele-a-un-troisieme\\\/#respond\"]}],\"copyrightYear\":\"2025\",\"copyrightHolder\":{\"@id\":\"https:\\\/\\\/africadailyreport.com\\\/#organization\"}},{\"@type\":\"WebPage\",\"@id\":\"https:\\\/\\\/africadailyreport.com\\\/fr\\\/2025\\\/03\\\/31\\\/centrafrique-le-president-touadera-celebre-pour-ses-deux-mandats-appele-a-un-troisieme\\\/\",\"url\":\"https:\\\/\\\/africadailyreport.com\\\/fr\\\/2025\\\/03\\\/31\\\/centrafrique-le-president-touadera-celebre-pour-ses-deux-mandats-appele-a-un-troisieme\\\/\",\"name\":\"Centrafrique: le pr\u00e9sident Touad\u00e9ra c\u00e9l\u00e9br\u00e9 pour ses deux mandats, appel\u00e9 \u00e0 un troisi\u00e8me - Africa Daily Report\",\"isPartOf\":{\"@id\":\"https:\\\/\\\/africadailyreport.com\\\/fr\\\/#website\"},\"primaryImageOfPage\":{\"@id\":\"https:\\\/\\\/africadailyreport.com\\\/fr\\\/2025\\\/03\\\/31\\\/centrafrique-le-president-touadera-celebre-pour-ses-deux-mandats-appele-a-un-troisieme\\\/#primaryimage\"},\"image\":{\"@id\":\"https:\\\/\\\/africadailyreport.com\\\/fr\\\/2025\\\/03\\\/31\\\/centrafrique-le-president-touadera-celebre-pour-ses-deux-mandats-appele-a-un-troisieme\\\/#primaryimage\"},\"thumbnailUrl\":\"https:\\\/\\\/i0.wp.com\\\/africadailyreport.com\\\/wp-content\\\/uploads\\\/2025\\\/03\\\/AFP__20250310__36ZP4NK__v1__HighRes__CafricaPolitics-scaled.jpg?fit=%2C&ssl=1\",\"datePublished\":\"2025-03-31T03:26:52+00:00\",\"dateModified\":\"2025-03-31T03:27:56+00:00\",\"breadcrumb\":{\"@id\":\"https:\\\/\\\/africadailyreport.com\\\/fr\\\/2025\\\/03\\\/31\\\/centrafrique-le-president-touadera-celebre-pour-ses-deux-mandats-appele-a-un-troisieme\\\/#breadcrumb\"},\"inLanguage\":\"fr-FR\",\"potentialAction\":[{\"@type\":\"ReadAction\",\"target\":[\"https:\\\/\\\/africadailyreport.com\\\/fr\\\/2025\\\/03\\\/31\\\/centrafrique-le-president-touadera-celebre-pour-ses-deux-mandats-appele-a-un-troisieme\\\/\"]}]},{\"@type\":\"ImageObject\",\"inLanguage\":\"fr-FR\",\"@id\":\"https:\\\/\\\/africadailyreport.com\\\/fr\\\/2025\\\/03\\\/31\\\/centrafrique-le-president-touadera-celebre-pour-ses-deux-mandats-appele-a-un-troisieme\\\/#primaryimage\",\"url\":\"https:\\\/\\\/i0.wp.com\\\/africadailyreport.com\\\/wp-content\\\/uploads\\\/2025\\\/03\\\/AFP__20250310__36ZP4NK__v1__HighRes__CafricaPolitics-scaled.jpg?fit=%2C&ssl=1\",\"contentUrl\":\"https:\\\/\\\/i0.wp.com\\\/africadailyreport.com\\\/wp-content\\\/uploads\\\/2025\\\/03\\\/AFP__20250310__36ZP4NK__v1__HighRes__CafricaPolitics-scaled.jpg?fit=%2C&ssl=1\",\"caption\":\"Central African Republic President Faustin Archange Touadera speaks during the African Day of School Feeding at the City of Heads of State in Bangui, on March 1, 2025. (Photo by PATRICK MEINHARDT \\\/ AFP)\"},{\"@type\":\"BreadcrumbList\",\"@id\":\"https:\\\/\\\/africadailyreport.com\\\/fr\\\/2025\\\/03\\\/31\\\/centrafrique-le-president-touadera-celebre-pour-ses-deux-mandats-appele-a-un-troisieme\\\/#breadcrumb\",\"itemListElement\":[{\"@type\":\"ListItem\",\"position\":1,\"name\":\"Home\",\"item\":\"https:\\\/\\\/africadailyreport.com\\\/fr\\\/\"},{\"@type\":\"ListItem\",\"position\":2,\"name\":\"Centrafrique: le pr\u00e9sident Touad\u00e9ra c\u00e9l\u00e9br\u00e9 pour ses deux mandats, appel\u00e9 \u00e0 un troisi\u00e8me\"}]},{\"@type\":\"WebSite\",\"@id\":\"https:\\\/\\\/africadailyreport.com\\\/fr\\\/#website\",\"url\":\"https:\\\/\\\/africadailyreport.com\\\/fr\\\/\",\"name\":\"Africa Daily Report\",\"description\":\"\",\"publisher\":{\"@id\":\"https:\\\/\\\/africadailyreport.com\\\/fr\\\/#organization\"},\"potentialAction\":[{\"@type\":\"SearchAction\",\"target\":{\"@type\":\"EntryPoint\",\"urlTemplate\":\"https:\\\/\\\/africadailyreport.com\\\/fr\\\/?s={search_term_string}\"},\"query-input\":{\"@type\":\"PropertyValueSpecification\",\"valueRequired\":true,\"valueName\":\"search_term_string\"}}],\"inLanguage\":\"fr-FR\"},{\"@type\":\"Organization\",\"@id\":\"https:\\\/\\\/africadailyreport.com\\\/fr\\\/#organization\",\"name\":\"Africa Daily Report\",\"url\":\"https:\\\/\\\/africadailyreport.com\\\/fr\\\/\",\"logo\":{\"@type\":\"ImageObject\",\"inLanguage\":\"fr-FR\",\"@id\":\"https:\\\/\\\/africadailyreport.com\\\/fr\\\/#\\\/schema\\\/logo\\\/image\\\/\",\"url\":\"https:\\\/\\\/africadailyreport.com\\\/wp-content\\\/uploads\\\/2024\\\/09\\\/ADR-Transparent-Green-Logo-1.png\",\"contentUrl\":\"https:\\\/\\\/africadailyreport.com\\\/wp-content\\\/uploads\\\/2024\\\/09\\\/ADR-Transparent-Green-Logo-1.png\",\"width\":267,\"height\":185,\"caption\":\"Africa Daily Report\"},\"image\":{\"@id\":\"https:\\\/\\\/africadailyreport.com\\\/fr\\\/#\\\/schema\\\/logo\\\/image\\\/\"},\"sameAs\":[\"https:\\\/\\\/www.facebook.com\\\/africadailyreport\",\"https:\\\/\\\/x.com\\\/adr_africa\",\"https:\\\/\\\/www.youtube.com\\\/@africadailyreport\",\"https:\\\/\\\/instagram.com\\\/africadailyreport\"]},{\"@type\":\"Person\",\"@id\":\"https:\\\/\\\/africadailyreport.com\\\/fr\\\/#\\\/schema\\\/person\\\/c44d86d79f5570b3ba4cf70c989843f8\",\"name\":\"ADR\\\/AFP\",\"image\":{\"@type\":\"ImageObject\",\"inLanguage\":\"fr-FR\",\"@id\":\"https:\\\/\\\/secure.gravatar.com\\\/avatar\\\/2fbdc3782aa386b408fd9a36f0bc78ee569c94a7a05670cab3a1d72916408214?s=96&d=mm&r=g\",\"url\":\"https:\\\/\\\/secure.gravatar.com\\\/avatar\\\/2fbdc3782aa386b408fd9a36f0bc78ee569c94a7a05670cab3a1d72916408214?s=96&d=mm&r=g\",\"contentUrl\":\"https:\\\/\\\/secure.gravatar.com\\\/avatar\\\/2fbdc3782aa386b408fd9a36f0bc78ee569c94a7a05670cab3a1d72916408214?s=96&d=mm&r=g\",\"caption\":\"ADR\\\/AFP\"},\"sameAs\":[\"http:\\\/\\\/africadailyreport.com\"],\"url\":\"https:\\\/\\\/africadailyreport.com\\\/fr\\\/author\\\/both\\\/\"}]}<\/script>\n<!-- \/ Yoast SEO Premium plugin. -->","yoast_head_json":{"title":"Centrafrique: le pr\u00e9sident Touad\u00e9ra c\u00e9l\u00e9br\u00e9 pour ses deux mandats, appel\u00e9 \u00e0 un troisi\u00e8me - Africa Daily Report","robots":{"index":"index","follow":"follow","max-snippet":"max-snippet:-1","max-image-preview":"max-image-preview:large","max-video-preview":"max-video-preview:-1"},"canonical":"https:\/\/africadailyreport.com\/fr\/2025\/03\/31\/centrafrique-le-president-touadera-celebre-pour-ses-deux-mandats-appele-a-un-troisieme\/","og_locale":"fr_FR","og_type":"article","og_title":"Centrafrique: le pr\u00e9sident Touad\u00e9ra c\u00e9l\u00e9br\u00e9 pour ses deux mandats, appel\u00e9 \u00e0 un troisi\u00e8me","og_description":"Bangui,&nbsp;Centrafrique &#8211; La c\u00e9l\u00e9bration du 9e anniversaire de l&rsquo;investiture du pr\u00e9sident centrafricain Faustin Archange Touad\u00e9ra dimanche a \u00e9t\u00e9 l&rsquo;occasion d&rsquo;un appel \u00e0 se pr\u00e9senter pour un troisi\u00e8me mandat \u00e0 l&rsquo;\u00e9lection pr\u00e9sidentielle pr\u00e9vue en d\u00e9cembre. Une cohorte de partis politiques, associations et repr\u00e9sentants de la soci\u00e9t\u00e9 civile ont encha\u00een\u00e9 les discours pour porter la candidature de [&hellip;]","og_url":"https:\/\/africadailyreport.com\/fr\/2025\/03\/31\/centrafrique-le-president-touadera-celebre-pour-ses-deux-mandats-appele-a-un-troisieme\/","og_site_name":"Africa Daily Report","article_publisher":"https:\/\/www.facebook.com\/africadailyreport","article_published_time":"2025-03-31T03:26:52+00:00","article_modified_time":"2025-03-31T03:27:56+00:00","og_image":[{"url":"https:\/\/africadailyreport.com\/wp-content\/uploads\/2025\/03\/AFP__20250310__36ZP4NK__v1__HighRes__CafricaPolitics-scaled.jpg","width":1,"height":1,"type":"image\/jpeg"}],"author":"ADR\/AFP","twitter_card":"summary_large_image","twitter_creator":"@adr_africa","twitter_site":"@adr_africa","twitter_misc":{"\u00c9crit par":"ADR\/AFP","Dur\u00e9e de lecture estim\u00e9e":"2 minutes"},"schema":{"@context":"https:\/\/schema.org","@graph":[{"@type":"Article","@id":"https:\/\/africadailyreport.com\/fr\/2025\/03\/31\/centrafrique-le-president-touadera-celebre-pour-ses-deux-mandats-appele-a-un-troisieme\/#article","isPartOf":{"@id":"https:\/\/africadailyreport.com\/fr\/2025\/03\/31\/centrafrique-le-president-touadera-celebre-pour-ses-deux-mandats-appele-a-un-troisieme\/"},"author":{"name":"ADR\/AFP","@id":"https:\/\/africadailyreport.com\/fr\/#\/schema\/person\/c44d86d79f5570b3ba4cf70c989843f8"},"headline":"Centrafrique: le pr\u00e9sident Touad\u00e9ra c\u00e9l\u00e9br\u00e9 pour ses deux mandats, appel\u00e9 \u00e0 un troisi\u00e8me","datePublished":"2025-03-31T03:26:52+00:00","dateModified":"2025-03-31T03:27:56+00:00","mainEntityOfPage":{"@id":"https:\/\/africadailyreport.com\/fr\/2025\/03\/31\/centrafrique-le-president-touadera-celebre-pour-ses-deux-mandats-appele-a-un-troisieme\/"},"wordCount":394,"commentCount":0,"publisher":{"@id":"https:\/\/africadailyreport.com\/fr\/#organization"},"image":{"@id":"https:\/\/africadailyreport.com\/fr\/2025\/03\/31\/centrafrique-le-president-touadera-celebre-pour-ses-deux-mandats-appele-a-un-troisieme\/#primaryimage"},"thumbnailUrl":"https:\/\/i0.wp.com\/africadailyreport.com\/wp-content\/uploads\/2025\/03\/AFP__20250310__36ZP4NK__v1__HighRes__CafricaPolitics-scaled.jpg?fit=%2C&ssl=1","keywords":["centrafrique","Elections","touadera"],"articleSection":["Actualit\u00e9s"],"inLanguage":"fr-FR","potentialAction":[{"@type":"CommentAction","name":"Comment","target":["https:\/\/africadailyreport.com\/fr\/2025\/03\/31\/centrafrique-le-president-touadera-celebre-pour-ses-deux-mandats-appele-a-un-troisieme\/#respond"]}],"copyrightYear":"2025","copyrightHolder":{"@id":"https:\/\/africadailyreport.com\/#organization"}},{"@type":"WebPage","@id":"https:\/\/africadailyreport.com\/fr\/2025\/03\/31\/centrafrique-le-president-touadera-celebre-pour-ses-deux-mandats-appele-a-un-troisieme\/","url":"https:\/\/africadailyreport.com\/fr\/2025\/03\/31\/centrafrique-le-president-touadera-celebre-pour-ses-deux-mandats-appele-a-un-troisieme\/","name":"Centrafrique: le pr\u00e9sident Touad\u00e9ra c\u00e9l\u00e9br\u00e9 pour ses deux mandats, appel\u00e9 \u00e0 un troisi\u00e8me - Africa Daily Report","isPartOf":{"@id":"https:\/\/africadailyreport.com\/fr\/#website"},"primaryImageOfPage":{"@id":"https:\/\/africadailyreport.com\/fr\/2025\/03\/31\/centrafrique-le-president-touadera-celebre-pour-ses-deux-mandats-appele-a-un-troisieme\/#primaryimage"},"image":{"@id":"https:\/\/africadailyreport.com\/fr\/2025\/03\/31\/centrafrique-le-president-touadera-celebre-pour-ses-deux-mandats-appele-a-un-troisieme\/#primaryimage"},"thumbnailUrl":"https:\/\/i0.wp.com\/africadailyreport.com\/wp-content\/uploads\/2025\/03\/AFP__20250310__36ZP4NK__v1__HighRes__CafricaPolitics-scaled.jpg?fit=%2C&ssl=1","datePublished":"2025-03-31T03:26:52+00:00","dateModified":"2025-03-31T03:27:56+00:00","breadcrumb":{"@id":"https:\/\/africadailyreport.com\/fr\/2025\/03\/31\/centrafrique-le-president-touadera-celebre-pour-ses-deux-mandats-appele-a-un-troisieme\/#breadcrumb"},"inLanguage":"fr-FR","potentialAction":[{"@type":"ReadAction","target":["https:\/\/africadailyreport.com\/fr\/2025\/03\/31\/centrafrique-le-president-touadera-celebre-pour-ses-deux-mandats-appele-a-un-troisieme\/"]}]},{"@type":"ImageObject","inLanguage":"fr-FR","@id":"https:\/\/africadailyreport.com\/fr\/2025\/03\/31\/centrafrique-le-president-touadera-celebre-pour-ses-deux-mandats-appele-a-un-troisieme\/#primaryimage","url":"https:\/\/i0.wp.com\/africadailyreport.com\/wp-content\/uploads\/2025\/03\/AFP__20250310__36ZP4NK__v1__HighRes__CafricaPolitics-scaled.jpg?fit=%2C&ssl=1","contentUrl":"https:\/\/i0.wp.com\/africadailyreport.com\/wp-content\/uploads\/2025\/03\/AFP__20250310__36ZP4NK__v1__HighRes__CafricaPolitics-scaled.jpg?fit=%2C&ssl=1","caption":"Central African Republic President Faustin Archange Touadera speaks during the African Day of School Feeding at the City of Heads of State in Bangui, on March 1, 2025. (Photo by PATRICK MEINHARDT \/ AFP)"},{"@type":"BreadcrumbList","@id":"https:\/\/africadailyreport.com\/fr\/2025\/03\/31\/centrafrique-le-president-touadera-celebre-pour-ses-deux-mandats-appele-a-un-troisieme\/#breadcrumb","itemListElement":[{"@type":"ListItem","position":1,"name":"Home","item":"https:\/\/africadailyreport.com\/fr\/"},{"@type":"ListItem","position":2,"name":"Centrafrique: le pr\u00e9sident Touad\u00e9ra c\u00e9l\u00e9br\u00e9 pour ses deux mandats, appel\u00e9 \u00e0 un troisi\u00e8me"}]},{"@type":"WebSite","@id":"https:\/\/africadailyreport.com\/fr\/#website","url":"https:\/\/africadailyreport.com\/fr\/","name":"Africa Daily Report","description":"","publisher":{"@id":"https:\/\/africadailyreport.com\/fr\/#organization"},"potentialAction":[{"@type":"SearchAction","target":{"@type":"EntryPoint","urlTemplate":"https:\/\/africadailyreport.com\/fr\/?s={search_term_string}"},"query-input":{"@type":"PropertyValueSpecification","valueRequired":true,"valueName":"search_term_string"}}],"inLanguage":"fr-FR"},{"@type":"Organization","@id":"https:\/\/africadailyreport.com\/fr\/#organization","name":"Africa Daily Report","url":"https:\/\/africadailyreport.com\/fr\/","logo":{"@type":"ImageObject","inLanguage":"fr-FR","@id":"https:\/\/africadailyreport.com\/fr\/#\/schema\/logo\/image\/","url":"https:\/\/africadailyreport.com\/wp-content\/uploads\/2024\/09\/ADR-Transparent-Green-Logo-1.png","contentUrl":"https:\/\/africadailyreport.com\/wp-content\/uploads\/2024\/09\/ADR-Transparent-Green-Logo-1.png","width":267,"height":185,"caption":"Africa Daily Report"},"image":{"@id":"https:\/\/africadailyreport.com\/fr\/#\/schema\/logo\/image\/"},"sameAs":["https:\/\/www.facebook.com\/africadailyreport","https:\/\/x.com\/adr_africa","https:\/\/www.youtube.com\/@africadailyreport","https:\/\/instagram.com\/africadailyreport"]},{"@type":"Person","@id":"https:\/\/africadailyreport.com\/fr\/#\/schema\/person\/c44d86d79f5570b3ba4cf70c989843f8","name":"ADR\/AFP","image":{"@type":"ImageObject","inLanguage":"fr-FR","@id":"https:\/\/secure.gravatar.com\/avatar\/2fbdc3782aa386b408fd9a36f0bc78ee569c94a7a05670cab3a1d72916408214?s=96&d=mm&r=g","url":"https:\/\/secure.gravatar.com\/avatar\/2fbdc3782aa386b408fd9a36f0bc78ee569c94a7a05670cab3a1d72916408214?s=96&d=mm&r=g","contentUrl":"https:\/\/secure.gravatar.com\/avatar\/2fbdc3782aa386b408fd9a36f0bc78ee569c94a7a05670cab3a1d72916408214?s=96&d=mm&r=g","caption":"ADR\/AFP"},"sameAs":["http:\/\/africadailyreport.com"],"url":"https:\/\/africadailyreport.com\/fr\/author\/both\/"}]}},"jetpack_featured_media_url":"https:\/\/i0.wp.com\/africadailyreport.com\/wp-content\/uploads\/2025\/03\/AFP__20250310__36ZP4NK__v1__HighRes__CafricaPolitics-scaled.jpg?fit=%2C&ssl=1","jetpack_sharing_enabled":true,"amp_enabled":true,"_links":{"self":[{"href":"https:\/\/africadailyreport.com\/fr\/wp-json\/wp\/v2\/posts\/17712","targetHints":{"allow":["GET"]}}],"collection":[{"href":"https:\/\/africadailyreport.com\/fr\/wp-json\/wp\/v2\/posts"}],"about":[{"href":"https:\/\/africadailyreport.com\/fr\/wp-json\/wp\/v2\/types\/post"}],"author":[{"embeddable":true,"href":"https:\/\/africadailyreport.com\/fr\/wp-json\/wp\/v2\/users\/10"}],"replies":[{"embeddable":true,"href":"https:\/\/africadailyreport.com\/fr\/wp-json\/wp\/v2\/comments?post=17712"}],"version-history":[{"count":2,"href":"https:\/\/africadailyreport.com\/fr\/wp-json\/wp\/v2\/posts\/17712\/revisions"}],"predecessor-version":[{"id":17716,"href":"https:\/\/africadailyreport.com\/fr\/wp-json\/wp\/v2\/posts\/17712\/revisions\/17716"}],"wp:featuredmedia":[{"embeddable":true,"href":"https:\/\/africadailyreport.com\/fr\/wp-json\/wp\/v2\/media\/17709"}],"wp:attachment":[{"href":"https:\/\/africadailyreport.com\/fr\/wp-json\/wp\/v2\/media?parent=17712"}],"wp:term":[{"taxonomy":"category","embeddable":true,"href":"https:\/\/africadailyreport.com\/fr\/wp-json\/wp\/v2\/categories?post=17712"},{"taxonomy":"post_tag","embeddable":true,"href":"https:\/\/africadailyreport.com\/fr\/wp-json\/wp\/v2\/tags?post=17712"},{"taxonomy":"adr_country","embeddable":true,"href":"https:\/\/africadailyreport.com\/fr\/wp-json\/wp\/v2\/adr_country?post=17712"}],"curies":[{"name":"wp","href":"https:\/\/api.w.org\/{rel}","templated":true}]}}