{"id":17473,"date":"2025-02-28T12:31:55","date_gmt":"2025-02-28T12:31:55","guid":{"rendered":"https:\/\/africadailyreport.com\/2025\/02\/28\/un-authorises-evacuation-of-staff-families-from-burundi\/"},"modified":"2025-02-28T12:45:11","modified_gmt":"2025-02-28T12:45:11","slug":"un-authorises-evacuation-of-staff-families-from-burundi","status":"publish","type":"post","link":"https:\/\/africadailyreport.com\/fr\/2025\/02\/28\/un-authorises-evacuation-of-staff-families-from-burundi\/","title":{"rendered":"RDC: l&rsquo;ONU \u00e9vacue les familles de son personnel au Burundi"},"content":{"rendered":"\n<h2 class=\"wp-block-heading\" id=\"h-nairobi-kenya-l-onu-est-a-son-tour-en-train-d-evacuer-des-familles-de-son-personnel-international-du-burundi-en-raison-du-conflit-dans-l-est-de-la-republique-democratique-du-congo-selon-une-lettre-obtenue-par-l-afp-tandis-que-le-president-burundais-evariste-ndayishimiye-tente-de-rassurer-les-diplomates\">Nairobi,\u00a0Kenya &#8211; L&rsquo;ONU est, \u00e0 son tour, en train d&rsquo;\u00e9vacuer des familles de son personnel international du Burundi en raison du conflit dans l&rsquo;est de la R\u00e9publique d\u00e9mocratique du Congo, selon une lettre obtenue par l&rsquo;AFP, tandis que le pr\u00e9sident burundais Evariste Ndayishimiye tente de rassurer les diplomates.<\/h2>\n\n\n\n\n\n<p><\/p>\n\n\n\n<p>Le groupe arm\u00e9 M23 aid\u00e9 par des soldats rwandais a pris le contr\u00f4le depuis janvier d&rsquo;une portion de l&rsquo;est la R\u00e9publique d\u00e9mocratique du Congo, notamment les villes de Goma puis Bukavu, et continu\u00e9 sa progression dans plusieurs directions.<\/p>\n\n\n\n<p>Plusieurs t\u00e9moins ont signal\u00e9 mardi \u00e0 l&rsquo;AFP la pr\u00e9sence de combattants du M23 \u00e0 environ 75 km au nord d&rsquo;Uvira, ville \u00e0 la pointe nord-ouest du lac Tanganyika face \u00e0 la capitale \u00e9conomique burundaise Bujumbura.<\/p>\n\n\n\n<p>D&rsquo;autres habitants ont \u00e9galement rapport\u00e9 le d\u00e9ploiement de troupes burundaises dans la zone.<\/p>\n\n\n\n<p>Le Burundi, qui a d\u00e9ploy\u00e9 depuis 2023 plus de 10.000 soldats en soutien \u00e0 l&rsquo;arm\u00e9e congolaise dans le cadre d&rsquo;un accord de coop\u00e9ration militaire avec Kinshasa, avait commenc\u00e9&nbsp;\u00e0 retirer des troupes face \u00e0 l&rsquo;avanc\u00e9e du M23 et de ses alli\u00e9s, selon des sources militaires \u00e0 l&rsquo;AFP.<\/p>\n\n\n\n<p>Mais le pays a depuis, selon une source militaire burundaise et des t\u00e9moignages sur place, substantiellement renforc\u00e9 son dispositif militaire dans sa zone frontali\u00e8re.<\/p>\n\n\n\n<p>L&rsquo;ONU, \u00e0 l&rsquo;instar de nombreuses repr\u00e9sentations, a autoris\u00e9 la semaine derni\u00e8re l&rsquo;\u00e9vacuation des familles de son personnel \u00e0 Bujumbura, d\u00e9taille une missive dat\u00e9e du 21 f\u00e9vrier du D\u00e9partement de la s\u00fbret\u00e9 et de la s\u00e9curit\u00e9.<\/p>\n\n\n\n<p>Plusieurs avions ont \u00e9t\u00e9 affr\u00e9t\u00e9s depuis, a relat\u00e9 jeudi soir \u00e0 l&rsquo;AFP un responsable onusien sous couvert d&rsquo;anonymat.<\/p>\n\n\n\n<p>\u00ab\u00a0D&rsquo;autres sont attendus (\u2026) pour mettre en lieu s\u00fbr ces familles et certains personnels non essentiels\u00a0\u00bb, a-t-il poursuivi.<\/p>\n\n\n\n<p>\u00ab\u00a0Nous agissons avec la plus grande discr\u00e9tion pour ne pas vexer le gouvernement\u00a0\u00bb, a-t-il pr\u00e9cis\u00e9, tout en soulignant qu&rsquo;il s&rsquo;agit de \u00ab\u00a0consignes qui s&rsquo;appliquent partout (&#8230;) lorsqu&rsquo;il y a des risques s\u00e9curitaires\u00a0\u00bb.<\/p>\n\n\n\n<p>Au d\u00e9but de l&rsquo;offensive du M23, le pr\u00e9sident burundais a averti le Rwanda qu&rsquo;il se d\u00e9fendrait en cas d&rsquo;attaque mais il semble avoir adopt\u00e9 un ton plus conciliant envers Kigali.<\/p>\n\n\n\n<p>\u00ab\u00a0Nous nous inscrivons toujours dans la logique de r\u00e9soudre les diff\u00e9rends entre nos deux pays par la voie pacifique\u00a0\u00bb, a-t-il d\u00e9clar\u00e9 jeudi soir dans un discours au corps diplomatique \u00e0 Gitega, la capitale administrative du Burundi.<\/p>\n\n\n\n<p>Le Burundi conna\u00eet par ailleurs un afflux de r\u00e9fugi\u00e9s in\u00e9dit depuis 25 ans. Plus de 43.000 personnes y ont trouv\u00e9 refuge ces deux derni\u00e8res semaines, selon l&rsquo;ONU.<\/p>\n\n\n\n<p><\/p>\n\n\n\n<p>\u00a9 Agence France-Presse<\/p>\n","protected":false},"excerpt":{"rendered":"<p>Nairobi,\u00a0Kenya &#8211; L&rsquo;ONU est, \u00e0 son tour, en train d&rsquo;\u00e9vacuer des familles de son personnel international du Burundi en raison du conflit dans l&rsquo;est de la R\u00e9publique d\u00e9mocratique du Congo, selon une lettre obtenue par l&rsquo;AFP, tandis que le pr\u00e9sident burundais Evariste Ndayishimiye tente de rassurer les diplomates. Le groupe arm\u00e9 M23 aid\u00e9 par des [&hellip;]<\/p>\n","protected":false},"author":10,"featured_media":17471,"comment_status":"open","ping_status":"open","sticky":false,"template":"","format":"standard","meta":{"_acf_changed":false,"om_disable_all_campaigns":false,"_monsterinsights_skip_tracking":false,"_monsterinsights_sitenote_active":false,"_monsterinsights_sitenote_note":"","_monsterinsights_sitenote_category":0,"tdm_status":"","tdm_grid_status":"","_jetpack_newsletter_access":"","_jetpack_dont_email_post_to_subs":false,"_jetpack_newsletter_tier_id":0,"_jetpack_memberships_contains_paywalled_content":false,"_jetpack_memberships_contains_paid_content":false,"footnotes":""},"categories":[2716,802,690],"tags":[2634,1074,1518,861,2741,863,1227,1144],"adr_country":[1198],"class_list":{"0":"post-17473","1":"post","2":"type-post","3":"status-publish","4":"format-standard","5":"has-post-thumbnail","7":"category-actualites-fr-2","8":"category-depeche-fr","9":"category-politique-2","10":"tag-burundi-fr","11":"tag-conflict-fr","12":"tag-drcongo-fr","13":"tag-m23-fr","14":"tag-rest-fr","15":"tag-rwanda-fr","16":"tag-unrest-fr","17":"tag-war-fr","18":"adr_country-burundi"},"acf":{"post_version":""},"yoast_head":"<!-- This site is optimized with the Yoast SEO Premium plugin v26.0 (Yoast SEO v27.4) - https:\/\/yoast.com\/product\/yoast-seo-premium-wordpress\/ -->\n<title>RDC: l&#039;ONU \u00e9vacue les familles de son personnel au Burundi - Africa Daily Report<\/title>\n<meta name=\"robots\" content=\"index, follow, max-snippet:-1, max-image-preview:large, max-video-preview:-1\" \/>\n<link rel=\"canonical\" href=\"https:\/\/africadailyreport.com\/fr\/2025\/02\/28\/un-authorises-evacuation-of-staff-families-from-burundi\/\" \/>\n<meta property=\"og:locale\" content=\"fr_FR\" \/>\n<meta property=\"og:type\" content=\"article\" \/>\n<meta property=\"og:title\" content=\"RDC: l&#039;ONU \u00e9vacue les familles de son personnel au Burundi\" \/>\n<meta property=\"og:description\" content=\"Nairobi,\u00a0Kenya &#8211; L&rsquo;ONU est, \u00e0 son tour, en train d&rsquo;\u00e9vacuer des familles de son personnel international du Burundi en raison du conflit dans l&rsquo;est de la R\u00e9publique d\u00e9mocratique du Congo, selon une lettre obtenue par l&rsquo;AFP, tandis que le pr\u00e9sident burundais Evariste Ndayishimiye tente de rassurer les diplomates. Le groupe arm\u00e9 M23 aid\u00e9 par des [&hellip;]\" \/>\n<meta property=\"og:url\" content=\"https:\/\/africadailyreport.com\/fr\/2025\/02\/28\/un-authorises-evacuation-of-staff-families-from-burundi\/\" \/>\n<meta property=\"og:site_name\" content=\"Africa Daily Report\" \/>\n<meta property=\"article:publisher\" content=\"https:\/\/www.facebook.com\/africadailyreport\" \/>\n<meta property=\"article:published_time\" content=\"2025-02-28T12:31:55+00:00\" \/>\n<meta property=\"article:modified_time\" content=\"2025-02-28T12:45:11+00:00\" \/>\n<meta property=\"og:image\" content=\"https:\/\/africadailyreport.com\/wp-content\/uploads\/2025\/02\/AFP__20230505__33EH37D__v1__HighRes__BurundiUnDrcongoDiplomacy.jpg\" \/>\n\t<meta property=\"og:image:width\" content=\"1\" \/>\n\t<meta property=\"og:image:height\" content=\"1\" \/>\n\t<meta property=\"og:image:type\" content=\"image\/jpeg\" \/>\n<meta name=\"author\" content=\"ADR\/AFP\" \/>\n<meta name=\"twitter:card\" content=\"summary_large_image\" \/>\n<meta name=\"twitter:creator\" content=\"@adr_africa\" \/>\n<meta name=\"twitter:site\" content=\"@adr_africa\" \/>\n<meta name=\"twitter:label1\" content=\"\u00c9crit par\" \/>\n\t<meta name=\"twitter:data1\" content=\"ADR\/AFP\" \/>\n\t<meta name=\"twitter:label2\" content=\"Dur\u00e9e de lecture estim\u00e9e\" \/>\n\t<meta name=\"twitter:data2\" content=\"3 minutes\" \/>\n<script type=\"application\/ld+json\" class=\"yoast-schema-graph\">{\"@context\":\"https:\\\/\\\/schema.org\",\"@graph\":[{\"@type\":\"Article\",\"@id\":\"https:\\\/\\\/africadailyreport.com\\\/fr\\\/2025\\\/02\\\/28\\\/un-authorises-evacuation-of-staff-families-from-burundi\\\/#article\",\"isPartOf\":{\"@id\":\"https:\\\/\\\/africadailyreport.com\\\/fr\\\/2025\\\/02\\\/28\\\/un-authorises-evacuation-of-staff-families-from-burundi\\\/\"},\"author\":{\"name\":\"ADR\\\/AFP\",\"@id\":\"https:\\\/\\\/africadailyreport.com\\\/fr\\\/#\\\/schema\\\/person\\\/c44d86d79f5570b3ba4cf70c989843f8\"},\"headline\":\"RDC: l&rsquo;ONU \u00e9vacue les familles de son personnel au Burundi\",\"datePublished\":\"2025-02-28T12:31:55+00:00\",\"dateModified\":\"2025-02-28T12:45:11+00:00\",\"mainEntityOfPage\":{\"@id\":\"https:\\\/\\\/africadailyreport.com\\\/fr\\\/2025\\\/02\\\/28\\\/un-authorises-evacuation-of-staff-families-from-burundi\\\/\"},\"wordCount\":463,\"commentCount\":0,\"publisher\":{\"@id\":\"https:\\\/\\\/africadailyreport.com\\\/fr\\\/#organization\"},\"image\":{\"@id\":\"https:\\\/\\\/africadailyreport.com\\\/fr\\\/2025\\\/02\\\/28\\\/un-authorises-evacuation-of-staff-families-from-burundi\\\/#primaryimage\"},\"thumbnailUrl\":\"https:\\\/\\\/i0.wp.com\\\/africadailyreport.com\\\/wp-content\\\/uploads\\\/2025\\\/02\\\/AFP__20230505__33EH37D__v1__HighRes__BurundiUnDrcongoDiplomacy.jpg?fit=%2C&ssl=1\",\"keywords\":[\"burundi\",\"conflict\",\"drCONGO\",\"m23\",\"rest\",\"Rwanda\",\"unrest\",\"WAR\"],\"articleSection\":[\"Actualit\u00e9s\",\"D\u00e9p\u00eache\",\"POLITIQUE\"],\"inLanguage\":\"fr-FR\",\"potentialAction\":[{\"@type\":\"CommentAction\",\"name\":\"Comment\",\"target\":[\"https:\\\/\\\/africadailyreport.com\\\/fr\\\/2025\\\/02\\\/28\\\/un-authorises-evacuation-of-staff-families-from-burundi\\\/#respond\"]}],\"copyrightYear\":\"2025\",\"copyrightHolder\":{\"@id\":\"https:\\\/\\\/africadailyreport.com\\\/#organization\"}},{\"@type\":\"WebPage\",\"@id\":\"https:\\\/\\\/africadailyreport.com\\\/fr\\\/2025\\\/02\\\/28\\\/un-authorises-evacuation-of-staff-families-from-burundi\\\/\",\"url\":\"https:\\\/\\\/africadailyreport.com\\\/fr\\\/2025\\\/02\\\/28\\\/un-authorises-evacuation-of-staff-families-from-burundi\\\/\",\"name\":\"RDC: l'ONU \u00e9vacue les familles de son personnel au Burundi - Africa Daily Report\",\"isPartOf\":{\"@id\":\"https:\\\/\\\/africadailyreport.com\\\/fr\\\/#website\"},\"primaryImageOfPage\":{\"@id\":\"https:\\\/\\\/africadailyreport.com\\\/fr\\\/2025\\\/02\\\/28\\\/un-authorises-evacuation-of-staff-families-from-burundi\\\/#primaryimage\"},\"image\":{\"@id\":\"https:\\\/\\\/africadailyreport.com\\\/fr\\\/2025\\\/02\\\/28\\\/un-authorises-evacuation-of-staff-families-from-burundi\\\/#primaryimage\"},\"thumbnailUrl\":\"https:\\\/\\\/i0.wp.com\\\/africadailyreport.com\\\/wp-content\\\/uploads\\\/2025\\\/02\\\/AFP__20230505__33EH37D__v1__HighRes__BurundiUnDrcongoDiplomacy.jpg?fit=%2C&ssl=1\",\"datePublished\":\"2025-02-28T12:31:55+00:00\",\"dateModified\":\"2025-02-28T12:45:11+00:00\",\"breadcrumb\":{\"@id\":\"https:\\\/\\\/africadailyreport.com\\\/fr\\\/2025\\\/02\\\/28\\\/un-authorises-evacuation-of-staff-families-from-burundi\\\/#breadcrumb\"},\"inLanguage\":\"fr-FR\",\"potentialAction\":[{\"@type\":\"ReadAction\",\"target\":[\"https:\\\/\\\/africadailyreport.com\\\/fr\\\/2025\\\/02\\\/28\\\/un-authorises-evacuation-of-staff-families-from-burundi\\\/\"]}]},{\"@type\":\"ImageObject\",\"inLanguage\":\"fr-FR\",\"@id\":\"https:\\\/\\\/africadailyreport.com\\\/fr\\\/2025\\\/02\\\/28\\\/un-authorises-evacuation-of-staff-families-from-burundi\\\/#primaryimage\",\"url\":\"https:\\\/\\\/i0.wp.com\\\/africadailyreport.com\\\/wp-content\\\/uploads\\\/2025\\\/02\\\/AFP__20230505__33EH37D__v1__HighRes__BurundiUnDrcongoDiplomacy.jpg?fit=%2C&ssl=1\",\"contentUrl\":\"https:\\\/\\\/i0.wp.com\\\/africadailyreport.com\\\/wp-content\\\/uploads\\\/2025\\\/02\\\/AFP__20230505__33EH37D__v1__HighRes__BurundiUnDrcongoDiplomacy.jpg?fit=%2C&ssl=1\",\"caption\":\"UN Secretary-General Antonio Guterres (L) shakes hands with Burundian President Evariste Ndayishimiye (R) as they meet at the Statehouse in Bujumbura, on May 5, 2023. Guterres is visiting Burundi to take part in the 11th High-level meeting of the regional oversight mechanism of the Peace, security and cooperation framework for the Democratic Republic of the Congo and the region. (Photo by Tchandrou NITANGA \\\/ AFP)\"},{\"@type\":\"BreadcrumbList\",\"@id\":\"https:\\\/\\\/africadailyreport.com\\\/fr\\\/2025\\\/02\\\/28\\\/un-authorises-evacuation-of-staff-families-from-burundi\\\/#breadcrumb\",\"itemListElement\":[{\"@type\":\"ListItem\",\"position\":1,\"name\":\"Home\",\"item\":\"https:\\\/\\\/africadailyreport.com\\\/fr\\\/\"},{\"@type\":\"ListItem\",\"position\":2,\"name\":\"RDC: l&#8217;ONU \u00e9vacue les familles de son personnel au Burundi\"}]},{\"@type\":\"WebSite\",\"@id\":\"https:\\\/\\\/africadailyreport.com\\\/fr\\\/#website\",\"url\":\"https:\\\/\\\/africadailyreport.com\\\/fr\\\/\",\"name\":\"Africa Daily Report\",\"description\":\"\",\"publisher\":{\"@id\":\"https:\\\/\\\/africadailyreport.com\\\/fr\\\/#organization\"},\"potentialAction\":[{\"@type\":\"SearchAction\",\"target\":{\"@type\":\"EntryPoint\",\"urlTemplate\":\"https:\\\/\\\/africadailyreport.com\\\/fr\\\/?s={search_term_string}\"},\"query-input\":{\"@type\":\"PropertyValueSpecification\",\"valueRequired\":true,\"valueName\":\"search_term_string\"}}],\"inLanguage\":\"fr-FR\"},{\"@type\":\"Organization\",\"@id\":\"https:\\\/\\\/africadailyreport.com\\\/fr\\\/#organization\",\"name\":\"Africa Daily Report\",\"url\":\"https:\\\/\\\/africadailyreport.com\\\/fr\\\/\",\"logo\":{\"@type\":\"ImageObject\",\"inLanguage\":\"fr-FR\",\"@id\":\"https:\\\/\\\/africadailyreport.com\\\/fr\\\/#\\\/schema\\\/logo\\\/image\\\/\",\"url\":\"https:\\\/\\\/africadailyreport.com\\\/wp-content\\\/uploads\\\/2024\\\/09\\\/ADR-Transparent-Green-Logo-1.png\",\"contentUrl\":\"https:\\\/\\\/africadailyreport.com\\\/wp-content\\\/uploads\\\/2024\\\/09\\\/ADR-Transparent-Green-Logo-1.png\",\"width\":267,\"height\":185,\"caption\":\"Africa Daily Report\"},\"image\":{\"@id\":\"https:\\\/\\\/africadailyreport.com\\\/fr\\\/#\\\/schema\\\/logo\\\/image\\\/\"},\"sameAs\":[\"https:\\\/\\\/www.facebook.com\\\/africadailyreport\",\"https:\\\/\\\/x.com\\\/adr_africa\",\"https:\\\/\\\/www.youtube.com\\\/@africadailyreport\",\"https:\\\/\\\/instagram.com\\\/africadailyreport\"]},{\"@type\":\"Person\",\"@id\":\"https:\\\/\\\/africadailyreport.com\\\/fr\\\/#\\\/schema\\\/person\\\/c44d86d79f5570b3ba4cf70c989843f8\",\"name\":\"ADR\\\/AFP\",\"image\":{\"@type\":\"ImageObject\",\"inLanguage\":\"fr-FR\",\"@id\":\"https:\\\/\\\/secure.gravatar.com\\\/avatar\\\/2fbdc3782aa386b408fd9a36f0bc78ee569c94a7a05670cab3a1d72916408214?s=96&d=mm&r=g\",\"url\":\"https:\\\/\\\/secure.gravatar.com\\\/avatar\\\/2fbdc3782aa386b408fd9a36f0bc78ee569c94a7a05670cab3a1d72916408214?s=96&d=mm&r=g\",\"contentUrl\":\"https:\\\/\\\/secure.gravatar.com\\\/avatar\\\/2fbdc3782aa386b408fd9a36f0bc78ee569c94a7a05670cab3a1d72916408214?s=96&d=mm&r=g\",\"caption\":\"ADR\\\/AFP\"},\"sameAs\":[\"http:\\\/\\\/africadailyreport.com\"],\"url\":\"https:\\\/\\\/africadailyreport.com\\\/fr\\\/author\\\/both\\\/\"}]}<\/script>\n<!-- \/ Yoast SEO Premium plugin. -->","yoast_head_json":{"title":"RDC: l'ONU \u00e9vacue les familles de son personnel au Burundi - Africa Daily Report","robots":{"index":"index","follow":"follow","max-snippet":"max-snippet:-1","max-image-preview":"max-image-preview:large","max-video-preview":"max-video-preview:-1"},"canonical":"https:\/\/africadailyreport.com\/fr\/2025\/02\/28\/un-authorises-evacuation-of-staff-families-from-burundi\/","og_locale":"fr_FR","og_type":"article","og_title":"RDC: l'ONU \u00e9vacue les familles de son personnel au Burundi","og_description":"Nairobi,\u00a0Kenya &#8211; L&rsquo;ONU est, \u00e0 son tour, en train d&rsquo;\u00e9vacuer des familles de son personnel international du Burundi en raison du conflit dans l&rsquo;est de la R\u00e9publique d\u00e9mocratique du Congo, selon une lettre obtenue par l&rsquo;AFP, tandis que le pr\u00e9sident burundais Evariste Ndayishimiye tente de rassurer les diplomates. Le groupe arm\u00e9 M23 aid\u00e9 par des [&hellip;]","og_url":"https:\/\/africadailyreport.com\/fr\/2025\/02\/28\/un-authorises-evacuation-of-staff-families-from-burundi\/","og_site_name":"Africa Daily Report","article_publisher":"https:\/\/www.facebook.com\/africadailyreport","article_published_time":"2025-02-28T12:31:55+00:00","article_modified_time":"2025-02-28T12:45:11+00:00","og_image":[{"url":"https:\/\/africadailyreport.com\/wp-content\/uploads\/2025\/02\/AFP__20230505__33EH37D__v1__HighRes__BurundiUnDrcongoDiplomacy.jpg","width":1,"height":1,"type":"image\/jpeg"}],"author":"ADR\/AFP","twitter_card":"summary_large_image","twitter_creator":"@adr_africa","twitter_site":"@adr_africa","twitter_misc":{"\u00c9crit par":"ADR\/AFP","Dur\u00e9e de lecture estim\u00e9e":"3 minutes"},"schema":{"@context":"https:\/\/schema.org","@graph":[{"@type":"Article","@id":"https:\/\/africadailyreport.com\/fr\/2025\/02\/28\/un-authorises-evacuation-of-staff-families-from-burundi\/#article","isPartOf":{"@id":"https:\/\/africadailyreport.com\/fr\/2025\/02\/28\/un-authorises-evacuation-of-staff-families-from-burundi\/"},"author":{"name":"ADR\/AFP","@id":"https:\/\/africadailyreport.com\/fr\/#\/schema\/person\/c44d86d79f5570b3ba4cf70c989843f8"},"headline":"RDC: l&rsquo;ONU \u00e9vacue les familles de son personnel au Burundi","datePublished":"2025-02-28T12:31:55+00:00","dateModified":"2025-02-28T12:45:11+00:00","mainEntityOfPage":{"@id":"https:\/\/africadailyreport.com\/fr\/2025\/02\/28\/un-authorises-evacuation-of-staff-families-from-burundi\/"},"wordCount":463,"commentCount":0,"publisher":{"@id":"https:\/\/africadailyreport.com\/fr\/#organization"},"image":{"@id":"https:\/\/africadailyreport.com\/fr\/2025\/02\/28\/un-authorises-evacuation-of-staff-families-from-burundi\/#primaryimage"},"thumbnailUrl":"https:\/\/i0.wp.com\/africadailyreport.com\/wp-content\/uploads\/2025\/02\/AFP__20230505__33EH37D__v1__HighRes__BurundiUnDrcongoDiplomacy.jpg?fit=%2C&ssl=1","keywords":["burundi","conflict","drCONGO","m23","rest","Rwanda","unrest","WAR"],"articleSection":["Actualit\u00e9s","D\u00e9p\u00eache","POLITIQUE"],"inLanguage":"fr-FR","potentialAction":[{"@type":"CommentAction","name":"Comment","target":["https:\/\/africadailyreport.com\/fr\/2025\/02\/28\/un-authorises-evacuation-of-staff-families-from-burundi\/#respond"]}],"copyrightYear":"2025","copyrightHolder":{"@id":"https:\/\/africadailyreport.com\/#organization"}},{"@type":"WebPage","@id":"https:\/\/africadailyreport.com\/fr\/2025\/02\/28\/un-authorises-evacuation-of-staff-families-from-burundi\/","url":"https:\/\/africadailyreport.com\/fr\/2025\/02\/28\/un-authorises-evacuation-of-staff-families-from-burundi\/","name":"RDC: l'ONU \u00e9vacue les familles de son personnel au Burundi - Africa Daily Report","isPartOf":{"@id":"https:\/\/africadailyreport.com\/fr\/#website"},"primaryImageOfPage":{"@id":"https:\/\/africadailyreport.com\/fr\/2025\/02\/28\/un-authorises-evacuation-of-staff-families-from-burundi\/#primaryimage"},"image":{"@id":"https:\/\/africadailyreport.com\/fr\/2025\/02\/28\/un-authorises-evacuation-of-staff-families-from-burundi\/#primaryimage"},"thumbnailUrl":"https:\/\/i0.wp.com\/africadailyreport.com\/wp-content\/uploads\/2025\/02\/AFP__20230505__33EH37D__v1__HighRes__BurundiUnDrcongoDiplomacy.jpg?fit=%2C&ssl=1","datePublished":"2025-02-28T12:31:55+00:00","dateModified":"2025-02-28T12:45:11+00:00","breadcrumb":{"@id":"https:\/\/africadailyreport.com\/fr\/2025\/02\/28\/un-authorises-evacuation-of-staff-families-from-burundi\/#breadcrumb"},"inLanguage":"fr-FR","potentialAction":[{"@type":"ReadAction","target":["https:\/\/africadailyreport.com\/fr\/2025\/02\/28\/un-authorises-evacuation-of-staff-families-from-burundi\/"]}]},{"@type":"ImageObject","inLanguage":"fr-FR","@id":"https:\/\/africadailyreport.com\/fr\/2025\/02\/28\/un-authorises-evacuation-of-staff-families-from-burundi\/#primaryimage","url":"https:\/\/i0.wp.com\/africadailyreport.com\/wp-content\/uploads\/2025\/02\/AFP__20230505__33EH37D__v1__HighRes__BurundiUnDrcongoDiplomacy.jpg?fit=%2C&ssl=1","contentUrl":"https:\/\/i0.wp.com\/africadailyreport.com\/wp-content\/uploads\/2025\/02\/AFP__20230505__33EH37D__v1__HighRes__BurundiUnDrcongoDiplomacy.jpg?fit=%2C&ssl=1","caption":"UN Secretary-General Antonio Guterres (L) shakes hands with Burundian President Evariste Ndayishimiye (R) as they meet at the Statehouse in Bujumbura, on May 5, 2023. Guterres is visiting Burundi to take part in the 11th High-level meeting of the regional oversight mechanism of the Peace, security and cooperation framework for the Democratic Republic of the Congo and the region. (Photo by Tchandrou NITANGA \/ AFP)"},{"@type":"BreadcrumbList","@id":"https:\/\/africadailyreport.com\/fr\/2025\/02\/28\/un-authorises-evacuation-of-staff-families-from-burundi\/#breadcrumb","itemListElement":[{"@type":"ListItem","position":1,"name":"Home","item":"https:\/\/africadailyreport.com\/fr\/"},{"@type":"ListItem","position":2,"name":"RDC: l&#8217;ONU \u00e9vacue les familles de son personnel au Burundi"}]},{"@type":"WebSite","@id":"https:\/\/africadailyreport.com\/fr\/#website","url":"https:\/\/africadailyreport.com\/fr\/","name":"Africa Daily Report","description":"","publisher":{"@id":"https:\/\/africadailyreport.com\/fr\/#organization"},"potentialAction":[{"@type":"SearchAction","target":{"@type":"EntryPoint","urlTemplate":"https:\/\/africadailyreport.com\/fr\/?s={search_term_string}"},"query-input":{"@type":"PropertyValueSpecification","valueRequired":true,"valueName":"search_term_string"}}],"inLanguage":"fr-FR"},{"@type":"Organization","@id":"https:\/\/africadailyreport.com\/fr\/#organization","name":"Africa Daily Report","url":"https:\/\/africadailyreport.com\/fr\/","logo":{"@type":"ImageObject","inLanguage":"fr-FR","@id":"https:\/\/africadailyreport.com\/fr\/#\/schema\/logo\/image\/","url":"https:\/\/africadailyreport.com\/wp-content\/uploads\/2024\/09\/ADR-Transparent-Green-Logo-1.png","contentUrl":"https:\/\/africadailyreport.com\/wp-content\/uploads\/2024\/09\/ADR-Transparent-Green-Logo-1.png","width":267,"height":185,"caption":"Africa Daily Report"},"image":{"@id":"https:\/\/africadailyreport.com\/fr\/#\/schema\/logo\/image\/"},"sameAs":["https:\/\/www.facebook.com\/africadailyreport","https:\/\/x.com\/adr_africa","https:\/\/www.youtube.com\/@africadailyreport","https:\/\/instagram.com\/africadailyreport"]},{"@type":"Person","@id":"https:\/\/africadailyreport.com\/fr\/#\/schema\/person\/c44d86d79f5570b3ba4cf70c989843f8","name":"ADR\/AFP","image":{"@type":"ImageObject","inLanguage":"fr-FR","@id":"https:\/\/secure.gravatar.com\/avatar\/2fbdc3782aa386b408fd9a36f0bc78ee569c94a7a05670cab3a1d72916408214?s=96&d=mm&r=g","url":"https:\/\/secure.gravatar.com\/avatar\/2fbdc3782aa386b408fd9a36f0bc78ee569c94a7a05670cab3a1d72916408214?s=96&d=mm&r=g","contentUrl":"https:\/\/secure.gravatar.com\/avatar\/2fbdc3782aa386b408fd9a36f0bc78ee569c94a7a05670cab3a1d72916408214?s=96&d=mm&r=g","caption":"ADR\/AFP"},"sameAs":["http:\/\/africadailyreport.com"],"url":"https:\/\/africadailyreport.com\/fr\/author\/both\/"}]}},"jetpack_featured_media_url":"https:\/\/i0.wp.com\/africadailyreport.com\/wp-content\/uploads\/2025\/02\/AFP__20230505__33EH37D__v1__HighRes__BurundiUnDrcongoDiplomacy.jpg?fit=%2C&ssl=1","jetpack_sharing_enabled":true,"amp_enabled":true,"_links":{"self":[{"href":"https:\/\/africadailyreport.com\/fr\/wp-json\/wp\/v2\/posts\/17473","targetHints":{"allow":["GET"]}}],"collection":[{"href":"https:\/\/africadailyreport.com\/fr\/wp-json\/wp\/v2\/posts"}],"about":[{"href":"https:\/\/africadailyreport.com\/fr\/wp-json\/wp\/v2\/types\/post"}],"author":[{"embeddable":true,"href":"https:\/\/africadailyreport.com\/fr\/wp-json\/wp\/v2\/users\/10"}],"replies":[{"embeddable":true,"href":"https:\/\/africadailyreport.com\/fr\/wp-json\/wp\/v2\/comments?post=17473"}],"version-history":[{"count":4,"href":"https:\/\/africadailyreport.com\/fr\/wp-json\/wp\/v2\/posts\/17473\/revisions"}],"predecessor-version":[{"id":17478,"href":"https:\/\/africadailyreport.com\/fr\/wp-json\/wp\/v2\/posts\/17473\/revisions\/17478"}],"wp:featuredmedia":[{"embeddable":true,"href":"https:\/\/africadailyreport.com\/fr\/wp-json\/wp\/v2\/media\/17471"}],"wp:attachment":[{"href":"https:\/\/africadailyreport.com\/fr\/wp-json\/wp\/v2\/media?parent=17473"}],"wp:term":[{"taxonomy":"category","embeddable":true,"href":"https:\/\/africadailyreport.com\/fr\/wp-json\/wp\/v2\/categories?post=17473"},{"taxonomy":"post_tag","embeddable":true,"href":"https:\/\/africadailyreport.com\/fr\/wp-json\/wp\/v2\/tags?post=17473"},{"taxonomy":"adr_country","embeddable":true,"href":"https:\/\/africadailyreport.com\/fr\/wp-json\/wp\/v2\/adr_country?post=17473"}],"curies":[{"name":"wp","href":"https:\/\/api.w.org\/{rel}","templated":true}]}}