{"id":17353,"date":"2025-02-28T03:56:49","date_gmt":"2025-02-28T03:56:49","guid":{"rendered":"https:\/\/africadailyreport.com\/2025\/02\/28\/algeria-blames-french-far-right-as-relations-with-former-colonial-ruler-fray\/"},"modified":"2025-02-28T06:08:31","modified_gmt":"2025-02-28T06:08:31","slug":"algeria-blames-french-far-right-as-relations-with-former-colonial-ruler-fray","status":"publish","type":"post","link":"https:\/\/africadailyreport.com\/fr\/2025\/02\/28\/algeria-blames-french-far-right-as-relations-with-former-colonial-ruler-fray\/","title":{"rendered":"Dans la crise avec Paris, l&rsquo;Alg\u00e9rie juge \u00eatre la cible d&rsquo;une \u00ab\u00a0cabale\u00a0\u00bb"},"content":{"rendered":"\n<h2 class=\"wp-block-heading\" id=\"h-alger-algerie-algiers-algeria-face-a-des-positions-francaises-jugees-illisibles-l-algerie-estime-etre-la-cible-d-une-cabale-et-parait-en-attente-d-une-intervention-du-president-francais-emmanuel-macron-dans-la-plus-grave-crise-depuis-la-fin-de-la-guerre-d-independance-selon-des-analystes-et-editorialistes\">Alger,\u00a0Alg\u00e9rie &#8211; Algiers,\u00a0Algeria &#8211; Face \u00e0 des positions fran\u00e7aises jug\u00e9es illisibles, l&rsquo;Alg\u00e9rie estime \u00eatre la cible d&rsquo;une \u00ab\u00a0cabale\u00a0\u00bb et para\u00eet en attente d&rsquo;une intervention du pr\u00e9sident fran\u00e7ais Emmanuel Macron dans \u00ab\u00a0la plus grave crise\u00a0\u00bb depuis la fin de la guerre d&rsquo;ind\u00e9pendance, selon des analystes et \u00e9ditorialistes.<\/h2>\n\n\n\n\n\n<h2 class=\"wp-block-heading\" id=\"h-\"><\/h2>\n\n\n\n<p>D\u00e9non\u00e7ant une \u00ab\u00a0extr\u00eame droite fran\u00e7aise revancharde et haineuse\u00a0\u00bb, accus\u00e9e d&rsquo;attiser les flammes, le minist\u00e8re alg\u00e9rien des Affaires \u00e9trang\u00e8res a affirm\u00e9 jeudi qu&rsquo;Alger s&rsquo;\u00e9tait astreint au \u00ab\u00a0calme\u00a0\u00bb et \u00e0 la \u00ab\u00a0retenue\u00a0\u00bb face \u00e0 l'\u00a0\u00bbescalade\u00a0\u00bb fran\u00e7aise.<\/p>\n\n\n\n<p>\u00ab\u00a0L&rsquo;Alg\u00e9rie n&rsquo;a pris l&rsquo;initiative d&rsquo;aucune rupture\u00a0\u00bb, a dit le minist\u00e8re dans un communiqu\u00e9.<\/p>\n\n\n\n<p>La relation bilat\u00e9rale a connu un violent coup de frein fin juillet quand Paris a apport\u00e9 son soutien \u00e0 la \u00ab\u00a0souverainet\u00e9 marocaine\u00a0\u00bb sur le Sahara occidental.<\/p>\n\n\n\n<p>Ce territoire non autonome selon l&rsquo;ONU est le th\u00e9\u00e2tre d&rsquo;un conflit depuis 50 ans entre le Maroc et les ind\u00e9pendantistes du Front Polisario, soutenus par Alger.<\/p>\n\n\n\n<p>L&rsquo;Alg\u00e9rie a r\u00e9agi en retirant son ambassadeur \u00e0 Paris et menac\u00e9 d&rsquo;autres repr\u00e9sailles.<\/p>\n\n\n\n<p>La crise s&rsquo;est aggrav\u00e9e avec l&rsquo;incarc\u00e9ration \u00e0 Alger \u00e0 la mi-novembre de l&rsquo;\u00e9crivain franco-alg\u00e9rien Boualem Sansal, poursuivi pour des d\u00e9clarations faites en France \u00e0 un m\u00e9dia r\u00e9put\u00e9 d&rsquo;extr\u00eame droite et consid\u00e9r\u00e9es comme portant atteinte \u00e0 l&rsquo;int\u00e9grit\u00e9 du territoire alg\u00e9rien.<\/p>\n\n\n\n<p>L&rsquo;arrestation par Paris en d\u00e9but d&rsquo;ann\u00e9e d&rsquo;influenceurs alg\u00e9riens pour apologie de la violence, et l&rsquo;expulsion d&rsquo;Alg\u00e9riens renvoy\u00e9s par Alger, ont envenim\u00e9 la situation.<\/p>\n\n\n\n<p>Avant de nouvelles critiques ces derniers jours envers le refus de l&rsquo;Alg\u00e9rie d&rsquo;accepter un ressortissant en situation irr\u00e9guli\u00e8re, auteur d&rsquo;un attentat le 22 f\u00e9vrier \u00e0 Mulhouse, dans l&rsquo;est de la France, qui a fait un mort.<\/p>\n\n\n\n<h2 class=\"wp-block-heading\">&#8211; \u00ab\u00a0Silence\u00a0\u00bb &#8211;<\/h2>\n\n\n\n<p>Dans ce contexte explosif, le Premier ministre fran\u00e7ais Fran\u00e7ois Bayrou a lanc\u00e9 mercredi un ultimatum \u00ab\u00a0d&rsquo;un mois \u00e0 six semaines\u00a0\u00bb \u00e0 l&rsquo;Alg\u00e9rie, mena\u00e7ant de d\u00e9noncer \u00ab\u00a0la totalit\u00e9 des accords\u00a0\u00bb bilat\u00e9raux sur les questions migratoires, \u00ab\u00a0pas respect\u00e9s\u00a0\u00bb selon lui.<\/p>\n\n\n\n<p>Ce \u00e0 quoi le minist\u00e8re alg\u00e9rien des Affaires \u00e9trang\u00e8res a r\u00e9pliqu\u00e9 que l&rsquo;Alg\u00e9rie rejetait \u00ab\u00a0cat\u00e9goriquement les ultimatums et les menaces\u00a0\u00bb.<\/p>\n\n\n\n<p>L&rsquo;Alg\u00e9rie \u00ab\u00a0appliquera une r\u00e9ciprocit\u00e9 stricte et imm\u00e9diate \u00e0 toutes les restrictions apport\u00e9es aux mobilit\u00e9s entre l&rsquo;Alg\u00e9rie et la France\u00a0\u00bb, a-t-il ajout\u00e9.<\/p>\n\n\n\n<p>\u00ab\u00a0Toute remise en cause de l&rsquo;Accord de 1968 (&#8230;) sera suivie de la part de l&rsquo;Alg\u00e9rie d&rsquo;une m\u00eame remise en cause des autres accords et protocoles de m\u00eame nature\u00a0\u00bb, a-t-il encore dit.<\/p>\n\n\n\n<p>Pour le site d&rsquo;information TSA, \u00ab\u00a0la rupture n&rsquo;est plus impensable\u00a0\u00bb.<\/p>\n\n\n\n<p>\u00ab\u00a0L&rsquo;Alg\u00e9rie ne trouve pas d&rsquo;interlocuteur autre que les voix extr\u00e9mistes. Invit\u00e9 par le pr\u00e9sident Tebboune \u00e0 s&rsquo;exprimer, Emmanuel Macron se mure dans le silence\u00a0\u00bb, a d\u00e9plor\u00e9 TSA.<\/p>\n\n\n\n<p>Le pr\u00e9sident fran\u00e7ais avait pourtant op\u00e9r\u00e9 un rapprochement spectaculaire avec Alger lors d&rsquo;une visite officielle \u00e0 l&rsquo;\u00e9t\u00e9 2022, marqu\u00e9e par le lancement d&rsquo;une commission mixte d&rsquo;historiens sur le difficile dossier m\u00e9moriel et&nbsp;un r\u00e9d\u00e9marrage tous azimuts de la relation bilat\u00e9rale.<\/p>\n\n\n\n<p>Aujourd&rsquo;hui, plusieurs observateurs jugent les menaces fran\u00e7aises contre-productives.<\/p>\n\n\n\n<p>\u00ab\u00a0Paris fait fausse route\u00a0\u00bb, affirme ainsi le politologue Hasni Abidi, car \u00ab\u00a0les sanctions brandies par la France ne sont de nature ni \u00e0 ramener la s\u00e9r\u00e9nit\u00e9 ni \u00e0 constituer une pression sur les autorit\u00e9s alg\u00e9riennes\u00a0\u00bb.<\/p>\n\n\n\n<p>La r\u00e9union de Paris sur l&rsquo;immigration a \u00e9t\u00e9 \u00ab\u00a0per\u00e7ue comme une \u00e9ni\u00e8me cabale contre l&rsquo;Alg\u00e9rie\u00a0\u00bb, explique M. Abidi, pour qui \u00ab\u00a0le laisser-faire du pr\u00e9sident Macron a donn\u00e9 des ailes \u00e0 la droite conservatrice et l&rsquo;extr\u00eame droite\u00a0\u00bb.<\/p>\n\n\n\n<p>Jusqu&rsquo;\u00e0 pr\u00e9sent, note M. Abidi, Alger semble \u00ab\u00a0dans l&rsquo;attente d&rsquo;une prise de parole (de Macron) pour revenir \u00e0 des n\u00e9gociations plus sereines\u00a0\u00bb.<\/p>\n\n\n\n<h2 class=\"wp-block-heading\">&#8211; Enjeux &#8211;<\/h2>\n\n\n\n<p>Mais si la situation d\u00e9g\u00e9n\u00e8re, plusieurs volets de la relation bilat\u00e9rale risquent d&rsquo;en p\u00e2tir.<\/p>\n\n\n\n<p>L&rsquo;Alg\u00e9rie, qui compte parmi ses gros clients l&rsquo;Italie, l&rsquo;Espagne ou l&rsquo;Allemagne, avec qui les relations sont au beau fixe, est un important fournisseur de gaz pour la France. Environ 450 entreprises fran\u00e7aises sont \u00e9galement implant\u00e9es en Alg\u00e9rie.<\/p>\n\n\n\n<p>Et \u00e0 la mi-janvier, le chef de l&rsquo;agence de renseignements fran\u00e7ais DGSE a effectu\u00e9, selon Le Figaro, une visite \u00e0 Alger pour relancer la coop\u00e9ration dans la lutte antiterroriste au Sahel, o\u00f9 la mont\u00e9e en puissance de groupes li\u00e9s \u00e0 l&rsquo;organisation jihadiste Etat islamique inqui\u00e8te les experts.<\/p>\n\n\n\n<p>Conscients des enjeux, quelques rares politiciens fran\u00e7ais appellent \u00e0 un changement de ton \u00e0 Paris, comme l&rsquo;ex-chef de la diplomatie Dominique de Villepin qui a r\u00e9cemment expliqu\u00e9 que \u00ab\u00a0le bras de fer ne fonctionne pas avec un Etat comme l&rsquo;Alg\u00e9rie\u00a0\u00bb.<\/p>\n\n\n\n<p>L&rsquo;historien fran\u00e7ais sp\u00e9cialiste de l&rsquo;Alg\u00e9rie, Benjamin Stora, a exhort\u00e9 mercredi M. Macron \u00e0 \u00ab\u00a0parler\u00a0\u00bb et \u00ab\u00a0trouver les mots justes\u00a0\u00bb, alors qu&rsquo;on n&rsquo;a \u00ab\u00a0jamais connu de crise aussi grave entre les deux pays\u00a0\u00bb.<\/p>\n\n\n\n<p><\/p>\n\n\n\n<p>\u00a9 Agence France-Presse<\/p>\n\n\n\n<p><\/p>\n","protected":false},"excerpt":{"rendered":"<p>Alger,\u00a0Alg\u00e9rie &#8211; Algiers,\u00a0Algeria &#8211; Face \u00e0 des positions fran\u00e7aises jug\u00e9es illisibles, l&rsquo;Alg\u00e9rie estime \u00eatre la cible d&rsquo;une \u00ab\u00a0cabale\u00a0\u00bb et para\u00eet en attente d&rsquo;une intervention du pr\u00e9sident fran\u00e7ais Emmanuel Macron dans \u00ab\u00a0la plus grave crise\u00a0\u00bb depuis la fin de la guerre d&rsquo;ind\u00e9pendance, selon des analystes et \u00e9ditorialistes. D\u00e9non\u00e7ant une \u00ab\u00a0extr\u00eame droite fran\u00e7aise revancharde et haineuse\u00a0\u00bb, accus\u00e9e [&hellip;]<\/p>\n","protected":false},"author":10,"featured_media":17350,"comment_status":"open","ping_status":"open","sticky":false,"template":"","format":"standard","meta":{"_acf_changed":false,"om_disable_all_campaigns":false,"_monsterinsights_skip_tracking":false,"_monsterinsights_sitenote_active":false,"_monsterinsights_sitenote_note":"","_monsterinsights_sitenote_category":0,"tdm_status":"","tdm_grid_status":"","_jetpack_newsletter_access":"","_jetpack_dont_email_post_to_subs":false,"_jetpack_newsletter_tier_id":0,"_jetpack_memberships_contains_paywalled_content":false,"_jetpack_memberships_contains_paid_content":false,"footnotes":""},"categories":[293,1236,1008],"tags":[2002,1067,812,1170],"adr_country":[1195,1090],"class_list":{"0":"post-17353","1":"post","2":"type-post","3":"status-publish","4":"format-standard","5":"has-post-thumbnail","7":"category-actualites-fr","8":"category-lead","9":"category-politics-fr","10":"tag-algeria-fr","11":"tag-diplomacy-fr","12":"tag-france-fr","13":"tag-politics-fr","14":"adr_country-algerie","15":"adr_country-france"},"acf":{"post_version":""},"yoast_head":"<!-- This site is optimized with the Yoast SEO Premium plugin v26.0 (Yoast SEO v27.4) - https:\/\/yoast.com\/product\/yoast-seo-premium-wordpress\/ -->\n<title>Dans la crise avec Paris, l&#039;Alg\u00e9rie juge \u00eatre la cible d&#039;une &quot;cabale&quot; - Africa Daily Report<\/title>\n<meta name=\"robots\" content=\"index, follow, max-snippet:-1, max-image-preview:large, max-video-preview:-1\" \/>\n<link rel=\"canonical\" href=\"https:\/\/africadailyreport.com\/fr\/2025\/02\/28\/algeria-blames-french-far-right-as-relations-with-former-colonial-ruler-fray\/\" \/>\n<meta property=\"og:locale\" content=\"fr_FR\" \/>\n<meta property=\"og:type\" content=\"article\" \/>\n<meta property=\"og:title\" content=\"Dans la crise avec Paris, l&#039;Alg\u00e9rie juge \u00eatre la cible d&#039;une &quot;cabale&quot;\" \/>\n<meta property=\"og:description\" content=\"Alger,\u00a0Alg\u00e9rie &#8211; Algiers,\u00a0Algeria &#8211; Face \u00e0 des positions fran\u00e7aises jug\u00e9es illisibles, l&rsquo;Alg\u00e9rie estime \u00eatre la cible d&rsquo;une \u00ab\u00a0cabale\u00a0\u00bb et para\u00eet en attente d&rsquo;une intervention du pr\u00e9sident fran\u00e7ais Emmanuel Macron dans \u00ab\u00a0la plus grave crise\u00a0\u00bb depuis la fin de la guerre d&rsquo;ind\u00e9pendance, selon des analystes et \u00e9ditorialistes. D\u00e9non\u00e7ant une \u00ab\u00a0extr\u00eame droite fran\u00e7aise revancharde et haineuse\u00a0\u00bb, accus\u00e9e [&hellip;]\" \/>\n<meta property=\"og:url\" content=\"https:\/\/africadailyreport.com\/fr\/2025\/02\/28\/algeria-blames-french-far-right-as-relations-with-former-colonial-ruler-fray\/\" \/>\n<meta property=\"og:site_name\" content=\"Africa Daily Report\" \/>\n<meta property=\"article:publisher\" content=\"https:\/\/www.facebook.com\/africadailyreport\" \/>\n<meta property=\"article:published_time\" content=\"2025-02-28T03:56:49+00:00\" \/>\n<meta property=\"article:modified_time\" content=\"2025-02-28T06:08:31+00:00\" \/>\n<meta property=\"og:image\" content=\"https:\/\/africadailyreport.com\/wp-content\/uploads\/2025\/02\/AFP__20250227__36YR78C__v1__HighRes__FilesAlgeriaFranceDiplomacy.jpg\" \/>\n\t<meta property=\"og:image:width\" content=\"1\" \/>\n\t<meta property=\"og:image:height\" content=\"1\" \/>\n\t<meta property=\"og:image:type\" content=\"image\/jpeg\" \/>\n<meta name=\"author\" content=\"ADR\/AFP\" \/>\n<meta name=\"twitter:card\" content=\"summary_large_image\" \/>\n<meta name=\"twitter:creator\" content=\"@adr_africa\" \/>\n<meta name=\"twitter:site\" content=\"@adr_africa\" \/>\n<meta name=\"twitter:label1\" content=\"\u00c9crit par\" \/>\n\t<meta name=\"twitter:data1\" content=\"ADR\/AFP\" \/>\n\t<meta name=\"twitter:label2\" content=\"Dur\u00e9e de lecture estim\u00e9e\" \/>\n\t<meta name=\"twitter:data2\" content=\"4 minutes\" \/>\n<script type=\"application\/ld+json\" class=\"yoast-schema-graph\">{\"@context\":\"https:\\\/\\\/schema.org\",\"@graph\":[{\"@type\":\"Article\",\"@id\":\"https:\\\/\\\/africadailyreport.com\\\/fr\\\/2025\\\/02\\\/28\\\/algeria-blames-french-far-right-as-relations-with-former-colonial-ruler-fray\\\/#article\",\"isPartOf\":{\"@id\":\"https:\\\/\\\/africadailyreport.com\\\/fr\\\/2025\\\/02\\\/28\\\/algeria-blames-french-far-right-as-relations-with-former-colonial-ruler-fray\\\/\"},\"author\":{\"name\":\"ADR\\\/AFP\",\"@id\":\"https:\\\/\\\/africadailyreport.com\\\/fr\\\/#\\\/schema\\\/person\\\/c44d86d79f5570b3ba4cf70c989843f8\"},\"headline\":\"Dans la crise avec Paris, l&rsquo;Alg\u00e9rie juge \u00eatre la cible d&rsquo;une \u00ab\u00a0cabale\u00a0\u00bb\",\"datePublished\":\"2025-02-28T03:56:49+00:00\",\"dateModified\":\"2025-02-28T06:08:31+00:00\",\"mainEntityOfPage\":{\"@id\":\"https:\\\/\\\/africadailyreport.com\\\/fr\\\/2025\\\/02\\\/28\\\/algeria-blames-french-far-right-as-relations-with-former-colonial-ruler-fray\\\/\"},\"wordCount\":887,\"commentCount\":0,\"publisher\":{\"@id\":\"https:\\\/\\\/africadailyreport.com\\\/fr\\\/#organization\"},\"image\":{\"@id\":\"https:\\\/\\\/africadailyreport.com\\\/fr\\\/2025\\\/02\\\/28\\\/algeria-blames-french-far-right-as-relations-with-former-colonial-ruler-fray\\\/#primaryimage\"},\"thumbnailUrl\":\"https:\\\/\\\/i0.wp.com\\\/africadailyreport.com\\\/wp-content\\\/uploads\\\/2025\\\/02\\\/AFP__20250227__36YR78C__v1__HighRes__FilesAlgeriaFranceDiplomacy.jpg?fit=%2C&ssl=1\",\"keywords\":[\"algeria\",\"diplomacy\",\"france\",\"Politics\"],\"articleSection\":[\"Actualit\u00e9s\",\"LEAD\",\"Politics\"],\"inLanguage\":\"fr-FR\",\"potentialAction\":[{\"@type\":\"CommentAction\",\"name\":\"Comment\",\"target\":[\"https:\\\/\\\/africadailyreport.com\\\/fr\\\/2025\\\/02\\\/28\\\/algeria-blames-french-far-right-as-relations-with-former-colonial-ruler-fray\\\/#respond\"]}],\"copyrightYear\":\"2025\",\"copyrightHolder\":{\"@id\":\"https:\\\/\\\/africadailyreport.com\\\/#organization\"}},{\"@type\":\"WebPage\",\"@id\":\"https:\\\/\\\/africadailyreport.com\\\/fr\\\/2025\\\/02\\\/28\\\/algeria-blames-french-far-right-as-relations-with-former-colonial-ruler-fray\\\/\",\"url\":\"https:\\\/\\\/africadailyreport.com\\\/fr\\\/2025\\\/02\\\/28\\\/algeria-blames-french-far-right-as-relations-with-former-colonial-ruler-fray\\\/\",\"name\":\"Dans la crise avec Paris, l'Alg\u00e9rie juge \u00eatre la cible d'une \\\"cabale\\\" - Africa Daily Report\",\"isPartOf\":{\"@id\":\"https:\\\/\\\/africadailyreport.com\\\/fr\\\/#website\"},\"primaryImageOfPage\":{\"@id\":\"https:\\\/\\\/africadailyreport.com\\\/fr\\\/2025\\\/02\\\/28\\\/algeria-blames-french-far-right-as-relations-with-former-colonial-ruler-fray\\\/#primaryimage\"},\"image\":{\"@id\":\"https:\\\/\\\/africadailyreport.com\\\/fr\\\/2025\\\/02\\\/28\\\/algeria-blames-french-far-right-as-relations-with-former-colonial-ruler-fray\\\/#primaryimage\"},\"thumbnailUrl\":\"https:\\\/\\\/i0.wp.com\\\/africadailyreport.com\\\/wp-content\\\/uploads\\\/2025\\\/02\\\/AFP__20250227__36YR78C__v1__HighRes__FilesAlgeriaFranceDiplomacy.jpg?fit=%2C&ssl=1\",\"datePublished\":\"2025-02-28T03:56:49+00:00\",\"dateModified\":\"2025-02-28T06:08:31+00:00\",\"breadcrumb\":{\"@id\":\"https:\\\/\\\/africadailyreport.com\\\/fr\\\/2025\\\/02\\\/28\\\/algeria-blames-french-far-right-as-relations-with-former-colonial-ruler-fray\\\/#breadcrumb\"},\"inLanguage\":\"fr-FR\",\"potentialAction\":[{\"@type\":\"ReadAction\",\"target\":[\"https:\\\/\\\/africadailyreport.com\\\/fr\\\/2025\\\/02\\\/28\\\/algeria-blames-french-far-right-as-relations-with-former-colonial-ruler-fray\\\/\"]}]},{\"@type\":\"ImageObject\",\"inLanguage\":\"fr-FR\",\"@id\":\"https:\\\/\\\/africadailyreport.com\\\/fr\\\/2025\\\/02\\\/28\\\/algeria-blames-french-far-right-as-relations-with-former-colonial-ruler-fray\\\/#primaryimage\",\"url\":\"https:\\\/\\\/i0.wp.com\\\/africadailyreport.com\\\/wp-content\\\/uploads\\\/2025\\\/02\\\/AFP__20250227__36YR78C__v1__HighRes__FilesAlgeriaFranceDiplomacy.jpg?fit=%2C&ssl=1\",\"contentUrl\":\"https:\\\/\\\/i0.wp.com\\\/africadailyreport.com\\\/wp-content\\\/uploads\\\/2025\\\/02\\\/AFP__20250227__36YR78C__v1__HighRes__FilesAlgeriaFranceDiplomacy.jpg?fit=%2C&ssl=1\",\"caption\":\"(FILES) French President Emmanuel Macron (L) speaks with Algeria's President Abdelmadjid Tebboune (R) during a working session on Artificial Intelligence (AI), Energy, Africa-Mediterranean at the Borgo Egnazia resort during the G7 Summit in Savelletri near Bari, Italy, on June 14, 2024. Relations between Algeria and France have grown fraught recently, with Algiers blaming the French far-right for fuelling what observers see as their worst rift in decades, awaiting an appeasement move by President Emmanuel Macron. (Photo by Ludovic MARIN \\\/ AFP)\"},{\"@type\":\"BreadcrumbList\",\"@id\":\"https:\\\/\\\/africadailyreport.com\\\/fr\\\/2025\\\/02\\\/28\\\/algeria-blames-french-far-right-as-relations-with-former-colonial-ruler-fray\\\/#breadcrumb\",\"itemListElement\":[{\"@type\":\"ListItem\",\"position\":1,\"name\":\"Home\",\"item\":\"https:\\\/\\\/africadailyreport.com\\\/fr\\\/\"},{\"@type\":\"ListItem\",\"position\":2,\"name\":\"Dans la crise avec Paris, l&#8217;Alg\u00e9rie juge \u00eatre la cible d&#8217;une &#8220;cabale&#8221;\"}]},{\"@type\":\"WebSite\",\"@id\":\"https:\\\/\\\/africadailyreport.com\\\/fr\\\/#website\",\"url\":\"https:\\\/\\\/africadailyreport.com\\\/fr\\\/\",\"name\":\"Africa Daily Report\",\"description\":\"\",\"publisher\":{\"@id\":\"https:\\\/\\\/africadailyreport.com\\\/fr\\\/#organization\"},\"potentialAction\":[{\"@type\":\"SearchAction\",\"target\":{\"@type\":\"EntryPoint\",\"urlTemplate\":\"https:\\\/\\\/africadailyreport.com\\\/fr\\\/?s={search_term_string}\"},\"query-input\":{\"@type\":\"PropertyValueSpecification\",\"valueRequired\":true,\"valueName\":\"search_term_string\"}}],\"inLanguage\":\"fr-FR\"},{\"@type\":\"Organization\",\"@id\":\"https:\\\/\\\/africadailyreport.com\\\/fr\\\/#organization\",\"name\":\"Africa Daily Report\",\"url\":\"https:\\\/\\\/africadailyreport.com\\\/fr\\\/\",\"logo\":{\"@type\":\"ImageObject\",\"inLanguage\":\"fr-FR\",\"@id\":\"https:\\\/\\\/africadailyreport.com\\\/fr\\\/#\\\/schema\\\/logo\\\/image\\\/\",\"url\":\"https:\\\/\\\/africadailyreport.com\\\/wp-content\\\/uploads\\\/2024\\\/09\\\/ADR-Transparent-Green-Logo-1.png\",\"contentUrl\":\"https:\\\/\\\/africadailyreport.com\\\/wp-content\\\/uploads\\\/2024\\\/09\\\/ADR-Transparent-Green-Logo-1.png\",\"width\":267,\"height\":185,\"caption\":\"Africa Daily Report\"},\"image\":{\"@id\":\"https:\\\/\\\/africadailyreport.com\\\/fr\\\/#\\\/schema\\\/logo\\\/image\\\/\"},\"sameAs\":[\"https:\\\/\\\/www.facebook.com\\\/africadailyreport\",\"https:\\\/\\\/x.com\\\/adr_africa\",\"https:\\\/\\\/www.youtube.com\\\/@africadailyreport\",\"https:\\\/\\\/instagram.com\\\/africadailyreport\"]},{\"@type\":\"Person\",\"@id\":\"https:\\\/\\\/africadailyreport.com\\\/fr\\\/#\\\/schema\\\/person\\\/c44d86d79f5570b3ba4cf70c989843f8\",\"name\":\"ADR\\\/AFP\",\"image\":{\"@type\":\"ImageObject\",\"inLanguage\":\"fr-FR\",\"@id\":\"https:\\\/\\\/secure.gravatar.com\\\/avatar\\\/2fbdc3782aa386b408fd9a36f0bc78ee569c94a7a05670cab3a1d72916408214?s=96&d=mm&r=g\",\"url\":\"https:\\\/\\\/secure.gravatar.com\\\/avatar\\\/2fbdc3782aa386b408fd9a36f0bc78ee569c94a7a05670cab3a1d72916408214?s=96&d=mm&r=g\",\"contentUrl\":\"https:\\\/\\\/secure.gravatar.com\\\/avatar\\\/2fbdc3782aa386b408fd9a36f0bc78ee569c94a7a05670cab3a1d72916408214?s=96&d=mm&r=g\",\"caption\":\"ADR\\\/AFP\"},\"sameAs\":[\"http:\\\/\\\/africadailyreport.com\"],\"url\":\"https:\\\/\\\/africadailyreport.com\\\/fr\\\/author\\\/both\\\/\"}]}<\/script>\n<!-- \/ Yoast SEO Premium plugin. -->","yoast_head_json":{"title":"Dans la crise avec Paris, l'Alg\u00e9rie juge \u00eatre la cible d'une \"cabale\" - Africa Daily Report","robots":{"index":"index","follow":"follow","max-snippet":"max-snippet:-1","max-image-preview":"max-image-preview:large","max-video-preview":"max-video-preview:-1"},"canonical":"https:\/\/africadailyreport.com\/fr\/2025\/02\/28\/algeria-blames-french-far-right-as-relations-with-former-colonial-ruler-fray\/","og_locale":"fr_FR","og_type":"article","og_title":"Dans la crise avec Paris, l'Alg\u00e9rie juge \u00eatre la cible d'une \"cabale\"","og_description":"Alger,\u00a0Alg\u00e9rie &#8211; Algiers,\u00a0Algeria &#8211; Face \u00e0 des positions fran\u00e7aises jug\u00e9es illisibles, l&rsquo;Alg\u00e9rie estime \u00eatre la cible d&rsquo;une \u00ab\u00a0cabale\u00a0\u00bb et para\u00eet en attente d&rsquo;une intervention du pr\u00e9sident fran\u00e7ais Emmanuel Macron dans \u00ab\u00a0la plus grave crise\u00a0\u00bb depuis la fin de la guerre d&rsquo;ind\u00e9pendance, selon des analystes et \u00e9ditorialistes. D\u00e9non\u00e7ant une \u00ab\u00a0extr\u00eame droite fran\u00e7aise revancharde et haineuse\u00a0\u00bb, accus\u00e9e [&hellip;]","og_url":"https:\/\/africadailyreport.com\/fr\/2025\/02\/28\/algeria-blames-french-far-right-as-relations-with-former-colonial-ruler-fray\/","og_site_name":"Africa Daily Report","article_publisher":"https:\/\/www.facebook.com\/africadailyreport","article_published_time":"2025-02-28T03:56:49+00:00","article_modified_time":"2025-02-28T06:08:31+00:00","og_image":[{"url":"https:\/\/africadailyreport.com\/wp-content\/uploads\/2025\/02\/AFP__20250227__36YR78C__v1__HighRes__FilesAlgeriaFranceDiplomacy.jpg","width":1,"height":1,"type":"image\/jpeg"}],"author":"ADR\/AFP","twitter_card":"summary_large_image","twitter_creator":"@adr_africa","twitter_site":"@adr_africa","twitter_misc":{"\u00c9crit par":"ADR\/AFP","Dur\u00e9e de lecture estim\u00e9e":"4 minutes"},"schema":{"@context":"https:\/\/schema.org","@graph":[{"@type":"Article","@id":"https:\/\/africadailyreport.com\/fr\/2025\/02\/28\/algeria-blames-french-far-right-as-relations-with-former-colonial-ruler-fray\/#article","isPartOf":{"@id":"https:\/\/africadailyreport.com\/fr\/2025\/02\/28\/algeria-blames-french-far-right-as-relations-with-former-colonial-ruler-fray\/"},"author":{"name":"ADR\/AFP","@id":"https:\/\/africadailyreport.com\/fr\/#\/schema\/person\/c44d86d79f5570b3ba4cf70c989843f8"},"headline":"Dans la crise avec Paris, l&rsquo;Alg\u00e9rie juge \u00eatre la cible d&rsquo;une \u00ab\u00a0cabale\u00a0\u00bb","datePublished":"2025-02-28T03:56:49+00:00","dateModified":"2025-02-28T06:08:31+00:00","mainEntityOfPage":{"@id":"https:\/\/africadailyreport.com\/fr\/2025\/02\/28\/algeria-blames-french-far-right-as-relations-with-former-colonial-ruler-fray\/"},"wordCount":887,"commentCount":0,"publisher":{"@id":"https:\/\/africadailyreport.com\/fr\/#organization"},"image":{"@id":"https:\/\/africadailyreport.com\/fr\/2025\/02\/28\/algeria-blames-french-far-right-as-relations-with-former-colonial-ruler-fray\/#primaryimage"},"thumbnailUrl":"https:\/\/i0.wp.com\/africadailyreport.com\/wp-content\/uploads\/2025\/02\/AFP__20250227__36YR78C__v1__HighRes__FilesAlgeriaFranceDiplomacy.jpg?fit=%2C&ssl=1","keywords":["algeria","diplomacy","france","Politics"],"articleSection":["Actualit\u00e9s","LEAD","Politics"],"inLanguage":"fr-FR","potentialAction":[{"@type":"CommentAction","name":"Comment","target":["https:\/\/africadailyreport.com\/fr\/2025\/02\/28\/algeria-blames-french-far-right-as-relations-with-former-colonial-ruler-fray\/#respond"]}],"copyrightYear":"2025","copyrightHolder":{"@id":"https:\/\/africadailyreport.com\/#organization"}},{"@type":"WebPage","@id":"https:\/\/africadailyreport.com\/fr\/2025\/02\/28\/algeria-blames-french-far-right-as-relations-with-former-colonial-ruler-fray\/","url":"https:\/\/africadailyreport.com\/fr\/2025\/02\/28\/algeria-blames-french-far-right-as-relations-with-former-colonial-ruler-fray\/","name":"Dans la crise avec Paris, l'Alg\u00e9rie juge \u00eatre la cible d'une \"cabale\" - Africa Daily Report","isPartOf":{"@id":"https:\/\/africadailyreport.com\/fr\/#website"},"primaryImageOfPage":{"@id":"https:\/\/africadailyreport.com\/fr\/2025\/02\/28\/algeria-blames-french-far-right-as-relations-with-former-colonial-ruler-fray\/#primaryimage"},"image":{"@id":"https:\/\/africadailyreport.com\/fr\/2025\/02\/28\/algeria-blames-french-far-right-as-relations-with-former-colonial-ruler-fray\/#primaryimage"},"thumbnailUrl":"https:\/\/i0.wp.com\/africadailyreport.com\/wp-content\/uploads\/2025\/02\/AFP__20250227__36YR78C__v1__HighRes__FilesAlgeriaFranceDiplomacy.jpg?fit=%2C&ssl=1","datePublished":"2025-02-28T03:56:49+00:00","dateModified":"2025-02-28T06:08:31+00:00","breadcrumb":{"@id":"https:\/\/africadailyreport.com\/fr\/2025\/02\/28\/algeria-blames-french-far-right-as-relations-with-former-colonial-ruler-fray\/#breadcrumb"},"inLanguage":"fr-FR","potentialAction":[{"@type":"ReadAction","target":["https:\/\/africadailyreport.com\/fr\/2025\/02\/28\/algeria-blames-french-far-right-as-relations-with-former-colonial-ruler-fray\/"]}]},{"@type":"ImageObject","inLanguage":"fr-FR","@id":"https:\/\/africadailyreport.com\/fr\/2025\/02\/28\/algeria-blames-french-far-right-as-relations-with-former-colonial-ruler-fray\/#primaryimage","url":"https:\/\/i0.wp.com\/africadailyreport.com\/wp-content\/uploads\/2025\/02\/AFP__20250227__36YR78C__v1__HighRes__FilesAlgeriaFranceDiplomacy.jpg?fit=%2C&ssl=1","contentUrl":"https:\/\/i0.wp.com\/africadailyreport.com\/wp-content\/uploads\/2025\/02\/AFP__20250227__36YR78C__v1__HighRes__FilesAlgeriaFranceDiplomacy.jpg?fit=%2C&ssl=1","caption":"(FILES) French President Emmanuel Macron (L) speaks with Algeria's President Abdelmadjid Tebboune (R) during a working session on Artificial Intelligence (AI), Energy, Africa-Mediterranean at the Borgo Egnazia resort during the G7 Summit in Savelletri near Bari, Italy, on June 14, 2024. Relations between Algeria and France have grown fraught recently, with Algiers blaming the French far-right for fuelling what observers see as their worst rift in decades, awaiting an appeasement move by President Emmanuel Macron. (Photo by Ludovic MARIN \/ AFP)"},{"@type":"BreadcrumbList","@id":"https:\/\/africadailyreport.com\/fr\/2025\/02\/28\/algeria-blames-french-far-right-as-relations-with-former-colonial-ruler-fray\/#breadcrumb","itemListElement":[{"@type":"ListItem","position":1,"name":"Home","item":"https:\/\/africadailyreport.com\/fr\/"},{"@type":"ListItem","position":2,"name":"Dans la crise avec Paris, l&#8217;Alg\u00e9rie juge \u00eatre la cible d&#8217;une &#8220;cabale&#8221;"}]},{"@type":"WebSite","@id":"https:\/\/africadailyreport.com\/fr\/#website","url":"https:\/\/africadailyreport.com\/fr\/","name":"Africa Daily Report","description":"","publisher":{"@id":"https:\/\/africadailyreport.com\/fr\/#organization"},"potentialAction":[{"@type":"SearchAction","target":{"@type":"EntryPoint","urlTemplate":"https:\/\/africadailyreport.com\/fr\/?s={search_term_string}"},"query-input":{"@type":"PropertyValueSpecification","valueRequired":true,"valueName":"search_term_string"}}],"inLanguage":"fr-FR"},{"@type":"Organization","@id":"https:\/\/africadailyreport.com\/fr\/#organization","name":"Africa Daily Report","url":"https:\/\/africadailyreport.com\/fr\/","logo":{"@type":"ImageObject","inLanguage":"fr-FR","@id":"https:\/\/africadailyreport.com\/fr\/#\/schema\/logo\/image\/","url":"https:\/\/africadailyreport.com\/wp-content\/uploads\/2024\/09\/ADR-Transparent-Green-Logo-1.png","contentUrl":"https:\/\/africadailyreport.com\/wp-content\/uploads\/2024\/09\/ADR-Transparent-Green-Logo-1.png","width":267,"height":185,"caption":"Africa Daily Report"},"image":{"@id":"https:\/\/africadailyreport.com\/fr\/#\/schema\/logo\/image\/"},"sameAs":["https:\/\/www.facebook.com\/africadailyreport","https:\/\/x.com\/adr_africa","https:\/\/www.youtube.com\/@africadailyreport","https:\/\/instagram.com\/africadailyreport"]},{"@type":"Person","@id":"https:\/\/africadailyreport.com\/fr\/#\/schema\/person\/c44d86d79f5570b3ba4cf70c989843f8","name":"ADR\/AFP","image":{"@type":"ImageObject","inLanguage":"fr-FR","@id":"https:\/\/secure.gravatar.com\/avatar\/2fbdc3782aa386b408fd9a36f0bc78ee569c94a7a05670cab3a1d72916408214?s=96&d=mm&r=g","url":"https:\/\/secure.gravatar.com\/avatar\/2fbdc3782aa386b408fd9a36f0bc78ee569c94a7a05670cab3a1d72916408214?s=96&d=mm&r=g","contentUrl":"https:\/\/secure.gravatar.com\/avatar\/2fbdc3782aa386b408fd9a36f0bc78ee569c94a7a05670cab3a1d72916408214?s=96&d=mm&r=g","caption":"ADR\/AFP"},"sameAs":["http:\/\/africadailyreport.com"],"url":"https:\/\/africadailyreport.com\/fr\/author\/both\/"}]}},"jetpack_featured_media_url":"https:\/\/i0.wp.com\/africadailyreport.com\/wp-content\/uploads\/2025\/02\/AFP__20250227__36YR78C__v1__HighRes__FilesAlgeriaFranceDiplomacy.jpg?fit=%2C&ssl=1","jetpack_sharing_enabled":true,"amp_enabled":true,"_links":{"self":[{"href":"https:\/\/africadailyreport.com\/fr\/wp-json\/wp\/v2\/posts\/17353","targetHints":{"allow":["GET"]}}],"collection":[{"href":"https:\/\/africadailyreport.com\/fr\/wp-json\/wp\/v2\/posts"}],"about":[{"href":"https:\/\/africadailyreport.com\/fr\/wp-json\/wp\/v2\/types\/post"}],"author":[{"embeddable":true,"href":"https:\/\/africadailyreport.com\/fr\/wp-json\/wp\/v2\/users\/10"}],"replies":[{"embeddable":true,"href":"https:\/\/africadailyreport.com\/fr\/wp-json\/wp\/v2\/comments?post=17353"}],"version-history":[{"count":2,"href":"https:\/\/africadailyreport.com\/fr\/wp-json\/wp\/v2\/posts\/17353\/revisions"}],"predecessor-version":[{"id":17382,"href":"https:\/\/africadailyreport.com\/fr\/wp-json\/wp\/v2\/posts\/17353\/revisions\/17382"}],"wp:featuredmedia":[{"embeddable":true,"href":"https:\/\/africadailyreport.com\/fr\/wp-json\/wp\/v2\/media\/17350"}],"wp:attachment":[{"href":"https:\/\/africadailyreport.com\/fr\/wp-json\/wp\/v2\/media?parent=17353"}],"wp:term":[{"taxonomy":"category","embeddable":true,"href":"https:\/\/africadailyreport.com\/fr\/wp-json\/wp\/v2\/categories?post=17353"},{"taxonomy":"post_tag","embeddable":true,"href":"https:\/\/africadailyreport.com\/fr\/wp-json\/wp\/v2\/tags?post=17353"},{"taxonomy":"adr_country","embeddable":true,"href":"https:\/\/africadailyreport.com\/fr\/wp-json\/wp\/v2\/adr_country?post=17353"}],"curies":[{"name":"wp","href":"https:\/\/api.w.org\/{rel}","templated":true}]}}