{"id":17320,"date":"2025-02-28T03:09:50","date_gmt":"2025-02-28T03:09:50","guid":{"rendered":"https:\/\/africadailyreport.com\/2025\/02\/28\/senegal-fraud-charges-for-pro-sall-lawmaker\/"},"modified":"2025-02-28T06:21:42","modified_gmt":"2025-02-28T06:21:42","slug":"senegal-fraud-charges-for-pro-sall-lawmaker","status":"publish","type":"post","link":"https:\/\/africadailyreport.com\/fr\/2025\/02\/28\/senegal-fraud-charges-for-pro-sall-lawmaker\/","title":{"rendered":"S\u00e9n\u00e9gal: un d\u00e9put\u00e9 proche de l&rsquo;ex-pr\u00e9sident Sall \u00e9crou\u00e9 pour \u00ab\u00a0blanchiment et escroquerie\u00a0\u00bb"},"content":{"rendered":"\n<h2 class=\"wp-block-heading\" id=\"h-dakar-senegal-un-depute-d-opposition-senegalais-proche-de-l-ex-president-macky-sall-a-ete-inculpe-et-ecroue-jeudi-a-dakar-pour-blanchiment-escroquerie-sur-les-deniers-publics-et-association-de-malfaiteurs-a-indique-a-l-afp-l-un-de-ses-avocats-qui-s-est-dit-scandalise-par-cette-decision\">Dakar,\u00a0S\u00e9n\u00e9gal &#8211; Un d\u00e9put\u00e9 d&rsquo;opposition s\u00e9n\u00e9galais proche de l&rsquo;ex-pr\u00e9sident Macky Sall a \u00e9t\u00e9 inculp\u00e9 et \u00e9crou\u00e9 jeudi \u00e0 Dakar pour \u00ab\u00a0blanchiment, escroquerie sur les deniers publics et association de malfaiteurs\u00a0\u00bb, a indiqu\u00e9 \u00e0 l&rsquo;AFP l&rsquo;un de ses avocats qui s&rsquo;est dit \u00ab\u00a0scandalis\u00e9\u00a0\u00bb par cette d\u00e9cision.<\/h2>\n\n\n\n\n\n<h2 class=\"wp-block-heading\" id=\"h-\"><\/h2>\n\n\n\n<p><\/p>\n\n\n\n<p>Mouhamadou Ngom dit Farba, \u00e9galement maire d&rsquo;une commune dans le nord du pays, a \u00e9t\u00e9 entendu par un juge du pool judiciaire financier (PJF), un organe anti-corruption, qui l&rsquo;a \u00e9crou\u00e9, a d\u00e9clar\u00e9 Me Doudou Ndoye.<\/p>\n\n\n\n<p>Il a \u00e9t\u00e9 \u00ab\u00a0plac\u00e9 sous mandat \u00e0 la tr\u00e8s grande surprise de ses avocats scandalis\u00e9s par la proc\u00e9dure qui ne correspond \u00e0 aucune des r\u00e8gles du droit s\u00e9n\u00e9galais. L&rsquo;accusateur ne dit rien de ce qu&rsquo;il a fait. On le met en prison en attendant de savoir ce qu&rsquo;il a fait\u00a0\u00bb, a fustig\u00e9 Me Ndoye.<\/p>\n\n\n\n<p>L&rsquo;Assembl\u00e9e nationale du S\u00e9n\u00e9gal, saisie par le PJF, un organe mis en place par les anciennes autorit\u00e9s, avait le 24 janvier lev\u00e9 l&rsquo;immunit\u00e9 parlementaire de M. Ngom pour qu&rsquo;il soit entendu par la justice apr\u00e8s des soup\u00e7ons sur son implication pr\u00e9sum\u00e9e dans des irr\u00e9gularit\u00e9s.<\/p>\n\n\n\n<p>Le parquet de cette juridiction affirmait avoir re\u00e7u des rapports de la Cellule nationale de traitement des informations financi\u00e8res (Centif), un organe du minist\u00e8re des Finances, qu&rsquo;il a transmis \u00e0 l&rsquo;institution parlementaire, largement contr\u00f4l\u00e9e par le pouvoir, pour la lev\u00e9e de l&rsquo;immunit\u00e9 de M. Ngom, un homme de confiance de l&rsquo;ex-pr\u00e9sident Sall (2012-2024).<\/p>\n\n\n\n<p>\u00ab\u00a0Les investigations men\u00e9es r\u00e9v\u00e8lent des m\u00e9canismes sophistiqu\u00e9s de blanchiment de capitaux par le biais de soci\u00e9t\u00e9s \u00e9crans qui auraient \u00e9t\u00e9 utilis\u00e9es pour des transactions suspectes d&rsquo;une valeur estim\u00e9e provisoirement \u00e0 plus de 125 milliards de francs CFA\u00a0\u00bb (plus de 192 millions d&rsquo;euros), avait affirm\u00e9 le parquet du PJF dans un communiqu\u00e9 publi\u00e9 le 12 janvier.<\/p>\n\n\n\n<p>Plusieurs autres personnes proches de l&rsquo;ex-pouvoir sont cit\u00e9es dans ce dossier, selon la presse locale.<\/p>\n\n\n\n<p>Des dizaines de partisans du d\u00e9put\u00e9 Ngom qui ont manifest\u00e9 jeudi aux abords du si\u00e8ge du PJF, en face de l&rsquo;Universit\u00e9 de Dakar, ont \u00e9t\u00e9 dispers\u00e9s par la police, a constat\u00e9 un photographe de l&rsquo;AFP.<\/p>\n\n\n\n<p>L&rsquo;entourage du d\u00e9put\u00e9 d\u00e9nonce depuis plusieurs semaines l&rsquo;ex\u00e9cution, selon lui, d&rsquo;une \u00ab\u00a0commande politique\u00a0\u00bb par la justice.<\/p>\n\n\n\n<p>Le nouveau pouvoir s\u00e9n\u00e9galais, issu de l&rsquo;\u00e9lection en mars du pr\u00e9sident Bassirou Diomaye Faye, a notamment promis de rompre avec l&rsquo;ancien syst\u00e8me.<\/p>\n\n\n\n<p>Le Premier ministre Ousmane Sonko a promis en septembre des enqu\u00eates sur la \u00ab\u00a0corruption g\u00e9n\u00e9ralis\u00e9e\u00a0\u00bb ayant s\u00e9vi selon lui sous l&rsquo;ex-r\u00e9gime. Plusieurs ex-responsables ont \u00e9t\u00e9 inculp\u00e9s et \u00e9crou\u00e9s ces derniers mois.<\/p>\n\n\n\n<p><\/p>\n\n\n\n<p>\u00a9 Agence France-Presse<\/p>\n","protected":false},"excerpt":{"rendered":"<p>Dakar,\u00a0S\u00e9n\u00e9gal &#8211; Un d\u00e9put\u00e9 d&rsquo;opposition s\u00e9n\u00e9galais proche de l&rsquo;ex-pr\u00e9sident Macky Sall a \u00e9t\u00e9 inculp\u00e9 et \u00e9crou\u00e9 jeudi \u00e0 Dakar pour \u00ab\u00a0blanchiment, escroquerie sur les deniers publics et association de malfaiteurs\u00a0\u00bb, a indiqu\u00e9 \u00e0 l&rsquo;AFP l&rsquo;un de ses avocats qui s&rsquo;est dit \u00ab\u00a0scandalis\u00e9\u00a0\u00bb par cette d\u00e9cision. Mouhamadou Ngom dit Farba, \u00e9galement maire d&rsquo;une commune dans le [&hellip;]<\/p>\n","protected":false},"author":10,"featured_media":0,"comment_status":"open","ping_status":"open","sticky":false,"template":"","format":"standard","meta":{"_acf_changed":false,"om_disable_all_campaigns":false,"_monsterinsights_skip_tracking":false,"_monsterinsights_sitenote_active":false,"_monsterinsights_sitenote_note":"","_monsterinsights_sitenote_category":0,"tdm_status":"","tdm_grid_status":"","_jetpack_newsletter_access":"","_jetpack_dont_email_post_to_subs":false,"_jetpack_newsletter_tier_id":0,"_jetpack_memberships_contains_paywalled_content":false,"_jetpack_memberships_contains_paid_content":false,"footnotes":""},"categories":[1772,1241],"tags":[1458,1590,1731,815],"adr_country":[],"class_list":{"0":"post-17320","1":"post","2":"type-post","3":"status-publish","4":"format-standard","6":"category-editors-choice-fr","7":"category-lead-2-fr","8":"tag-corruption-fr","9":"tag-justice-fr","10":"tag-macky-sall-fr","11":"tag-senegal-2-fr"},"acf":{"post_version":""},"yoast_head":"<!-- This site is optimized with the Yoast SEO Premium plugin v26.0 (Yoast SEO v27.4) - https:\/\/yoast.com\/product\/yoast-seo-premium-wordpress\/ -->\n<title>S\u00e9n\u00e9gal: un d\u00e9put\u00e9 proche de l&#039;ex-pr\u00e9sident Sall \u00e9crou\u00e9 pour &quot;blanchiment et escroquerie&quot; - Africa Daily Report<\/title>\n<meta name=\"robots\" content=\"index, follow, max-snippet:-1, max-image-preview:large, max-video-preview:-1\" \/>\n<link rel=\"canonical\" href=\"https:\/\/africadailyreport.com\/fr\/2025\/02\/28\/senegal-fraud-charges-for-pro-sall-lawmaker\/\" \/>\n<meta property=\"og:locale\" content=\"fr_FR\" \/>\n<meta property=\"og:type\" content=\"article\" \/>\n<meta property=\"og:title\" content=\"S\u00e9n\u00e9gal: un d\u00e9put\u00e9 proche de l&#039;ex-pr\u00e9sident Sall \u00e9crou\u00e9 pour &quot;blanchiment et escroquerie&quot;\" \/>\n<meta property=\"og:description\" content=\"Dakar,\u00a0S\u00e9n\u00e9gal &#8211; Un d\u00e9put\u00e9 d&rsquo;opposition s\u00e9n\u00e9galais proche de l&rsquo;ex-pr\u00e9sident Macky Sall a \u00e9t\u00e9 inculp\u00e9 et \u00e9crou\u00e9 jeudi \u00e0 Dakar pour \u00ab\u00a0blanchiment, escroquerie sur les deniers publics et association de malfaiteurs\u00a0\u00bb, a indiqu\u00e9 \u00e0 l&rsquo;AFP l&rsquo;un de ses avocats qui s&rsquo;est dit \u00ab\u00a0scandalis\u00e9\u00a0\u00bb par cette d\u00e9cision. Mouhamadou Ngom dit Farba, \u00e9galement maire d&rsquo;une commune dans le [&hellip;]\" \/>\n<meta property=\"og:url\" content=\"https:\/\/africadailyreport.com\/fr\/2025\/02\/28\/senegal-fraud-charges-for-pro-sall-lawmaker\/\" \/>\n<meta property=\"og:site_name\" content=\"Africa Daily Report\" \/>\n<meta property=\"article:publisher\" content=\"https:\/\/www.facebook.com\/africadailyreport\" \/>\n<meta property=\"article:published_time\" content=\"2025-02-28T03:09:50+00:00\" \/>\n<meta property=\"article:modified_time\" content=\"2025-02-28T06:21:42+00:00\" \/>\n<meta property=\"og:image\" content=\"https:\/\/i0.wp.com\/africadailyreport.com\/wp-content\/uploads\/2024\/09\/ADR-Transparent-Green-Logo.png?fit=361%2C361&ssl=1\" \/>\n\t<meta property=\"og:image:width\" content=\"361\" \/>\n\t<meta property=\"og:image:height\" content=\"361\" \/>\n\t<meta property=\"og:image:type\" content=\"image\/png\" \/>\n<meta name=\"author\" content=\"ADR\/AFP\" \/>\n<meta name=\"twitter:card\" content=\"summary_large_image\" \/>\n<meta name=\"twitter:creator\" content=\"@adr_africa\" \/>\n<meta name=\"twitter:site\" content=\"@adr_africa\" \/>\n<meta name=\"twitter:label1\" content=\"\u00c9crit par\" \/>\n\t<meta name=\"twitter:data1\" content=\"ADR\/AFP\" \/>\n\t<meta name=\"twitter:label2\" content=\"Dur\u00e9e de lecture estim\u00e9e\" \/>\n\t<meta name=\"twitter:data2\" content=\"2 minutes\" \/>\n<script type=\"application\/ld+json\" class=\"yoast-schema-graph\">{\"@context\":\"https:\\\/\\\/schema.org\",\"@graph\":[{\"@type\":\"Article\",\"@id\":\"https:\\\/\\\/africadailyreport.com\\\/fr\\\/2025\\\/02\\\/28\\\/senegal-fraud-charges-for-pro-sall-lawmaker\\\/#article\",\"isPartOf\":{\"@id\":\"https:\\\/\\\/africadailyreport.com\\\/fr\\\/2025\\\/02\\\/28\\\/senegal-fraud-charges-for-pro-sall-lawmaker\\\/\"},\"author\":{\"name\":\"ADR\\\/AFP\",\"@id\":\"https:\\\/\\\/africadailyreport.com\\\/fr\\\/#\\\/schema\\\/person\\\/c44d86d79f5570b3ba4cf70c989843f8\"},\"headline\":\"S\u00e9n\u00e9gal: un d\u00e9put\u00e9 proche de l&rsquo;ex-pr\u00e9sident Sall \u00e9crou\u00e9 pour \u00ab\u00a0blanchiment et escroquerie\u00a0\u00bb\",\"datePublished\":\"2025-02-28T03:09:50+00:00\",\"dateModified\":\"2025-02-28T06:21:42+00:00\",\"mainEntityOfPage\":{\"@id\":\"https:\\\/\\\/africadailyreport.com\\\/fr\\\/2025\\\/02\\\/28\\\/senegal-fraud-charges-for-pro-sall-lawmaker\\\/\"},\"wordCount\":502,\"commentCount\":0,\"publisher\":{\"@id\":\"https:\\\/\\\/africadailyreport.com\\\/fr\\\/#organization\"},\"keywords\":[\"corruption\",\"justice\",\"Macky Sall\",\"Senegal\"],\"articleSection\":[\"Editor&#8217;s Choice\",\"LEAD\"],\"inLanguage\":\"fr-FR\",\"potentialAction\":[{\"@type\":\"CommentAction\",\"name\":\"Comment\",\"target\":[\"https:\\\/\\\/africadailyreport.com\\\/fr\\\/2025\\\/02\\\/28\\\/senegal-fraud-charges-for-pro-sall-lawmaker\\\/#respond\"]}],\"copyrightYear\":\"2025\",\"copyrightHolder\":{\"@id\":\"https:\\\/\\\/africadailyreport.com\\\/#organization\"}},{\"@type\":\"WebPage\",\"@id\":\"https:\\\/\\\/africadailyreport.com\\\/fr\\\/2025\\\/02\\\/28\\\/senegal-fraud-charges-for-pro-sall-lawmaker\\\/\",\"url\":\"https:\\\/\\\/africadailyreport.com\\\/fr\\\/2025\\\/02\\\/28\\\/senegal-fraud-charges-for-pro-sall-lawmaker\\\/\",\"name\":\"S\u00e9n\u00e9gal: un d\u00e9put\u00e9 proche de l'ex-pr\u00e9sident Sall \u00e9crou\u00e9 pour \\\"blanchiment et escroquerie\\\" - Africa Daily Report\",\"isPartOf\":{\"@id\":\"https:\\\/\\\/africadailyreport.com\\\/fr\\\/#website\"},\"datePublished\":\"2025-02-28T03:09:50+00:00\",\"dateModified\":\"2025-02-28T06:21:42+00:00\",\"breadcrumb\":{\"@id\":\"https:\\\/\\\/africadailyreport.com\\\/fr\\\/2025\\\/02\\\/28\\\/senegal-fraud-charges-for-pro-sall-lawmaker\\\/#breadcrumb\"},\"inLanguage\":\"fr-FR\",\"potentialAction\":[{\"@type\":\"ReadAction\",\"target\":[\"https:\\\/\\\/africadailyreport.com\\\/fr\\\/2025\\\/02\\\/28\\\/senegal-fraud-charges-for-pro-sall-lawmaker\\\/\"]}]},{\"@type\":\"BreadcrumbList\",\"@id\":\"https:\\\/\\\/africadailyreport.com\\\/fr\\\/2025\\\/02\\\/28\\\/senegal-fraud-charges-for-pro-sall-lawmaker\\\/#breadcrumb\",\"itemListElement\":[{\"@type\":\"ListItem\",\"position\":1,\"name\":\"Home\",\"item\":\"https:\\\/\\\/africadailyreport.com\\\/fr\\\/\"},{\"@type\":\"ListItem\",\"position\":2,\"name\":\"S\u00e9n\u00e9gal: un d\u00e9put\u00e9 proche de l&#8217;ex-pr\u00e9sident Sall \u00e9crou\u00e9 pour &#8220;blanchiment et escroquerie&#8221;\"}]},{\"@type\":\"WebSite\",\"@id\":\"https:\\\/\\\/africadailyreport.com\\\/fr\\\/#website\",\"url\":\"https:\\\/\\\/africadailyreport.com\\\/fr\\\/\",\"name\":\"Africa Daily Report\",\"description\":\"\",\"publisher\":{\"@id\":\"https:\\\/\\\/africadailyreport.com\\\/fr\\\/#organization\"},\"potentialAction\":[{\"@type\":\"SearchAction\",\"target\":{\"@type\":\"EntryPoint\",\"urlTemplate\":\"https:\\\/\\\/africadailyreport.com\\\/fr\\\/?s={search_term_string}\"},\"query-input\":{\"@type\":\"PropertyValueSpecification\",\"valueRequired\":true,\"valueName\":\"search_term_string\"}}],\"inLanguage\":\"fr-FR\"},{\"@type\":\"Organization\",\"@id\":\"https:\\\/\\\/africadailyreport.com\\\/fr\\\/#organization\",\"name\":\"Africa Daily Report\",\"url\":\"https:\\\/\\\/africadailyreport.com\\\/fr\\\/\",\"logo\":{\"@type\":\"ImageObject\",\"inLanguage\":\"fr-FR\",\"@id\":\"https:\\\/\\\/africadailyreport.com\\\/fr\\\/#\\\/schema\\\/logo\\\/image\\\/\",\"url\":\"https:\\\/\\\/africadailyreport.com\\\/wp-content\\\/uploads\\\/2024\\\/09\\\/ADR-Transparent-Green-Logo-1.png\",\"contentUrl\":\"https:\\\/\\\/africadailyreport.com\\\/wp-content\\\/uploads\\\/2024\\\/09\\\/ADR-Transparent-Green-Logo-1.png\",\"width\":267,\"height\":185,\"caption\":\"Africa Daily Report\"},\"image\":{\"@id\":\"https:\\\/\\\/africadailyreport.com\\\/fr\\\/#\\\/schema\\\/logo\\\/image\\\/\"},\"sameAs\":[\"https:\\\/\\\/www.facebook.com\\\/africadailyreport\",\"https:\\\/\\\/x.com\\\/adr_africa\",\"https:\\\/\\\/www.youtube.com\\\/@africadailyreport\",\"https:\\\/\\\/instagram.com\\\/africadailyreport\"]},{\"@type\":\"Person\",\"@id\":\"https:\\\/\\\/africadailyreport.com\\\/fr\\\/#\\\/schema\\\/person\\\/c44d86d79f5570b3ba4cf70c989843f8\",\"name\":\"ADR\\\/AFP\",\"image\":{\"@type\":\"ImageObject\",\"inLanguage\":\"fr-FR\",\"@id\":\"https:\\\/\\\/secure.gravatar.com\\\/avatar\\\/2fbdc3782aa386b408fd9a36f0bc78ee569c94a7a05670cab3a1d72916408214?s=96&d=mm&r=g\",\"url\":\"https:\\\/\\\/secure.gravatar.com\\\/avatar\\\/2fbdc3782aa386b408fd9a36f0bc78ee569c94a7a05670cab3a1d72916408214?s=96&d=mm&r=g\",\"contentUrl\":\"https:\\\/\\\/secure.gravatar.com\\\/avatar\\\/2fbdc3782aa386b408fd9a36f0bc78ee569c94a7a05670cab3a1d72916408214?s=96&d=mm&r=g\",\"caption\":\"ADR\\\/AFP\"},\"sameAs\":[\"http:\\\/\\\/africadailyreport.com\"],\"url\":\"https:\\\/\\\/africadailyreport.com\\\/fr\\\/author\\\/both\\\/\"}]}<\/script>\n<!-- \/ Yoast SEO Premium plugin. -->","yoast_head_json":{"title":"S\u00e9n\u00e9gal: un d\u00e9put\u00e9 proche de l'ex-pr\u00e9sident Sall \u00e9crou\u00e9 pour \"blanchiment et escroquerie\" - Africa Daily Report","robots":{"index":"index","follow":"follow","max-snippet":"max-snippet:-1","max-image-preview":"max-image-preview:large","max-video-preview":"max-video-preview:-1"},"canonical":"https:\/\/africadailyreport.com\/fr\/2025\/02\/28\/senegal-fraud-charges-for-pro-sall-lawmaker\/","og_locale":"fr_FR","og_type":"article","og_title":"S\u00e9n\u00e9gal: un d\u00e9put\u00e9 proche de l'ex-pr\u00e9sident Sall \u00e9crou\u00e9 pour \"blanchiment et escroquerie\"","og_description":"Dakar,\u00a0S\u00e9n\u00e9gal &#8211; Un d\u00e9put\u00e9 d&rsquo;opposition s\u00e9n\u00e9galais proche de l&rsquo;ex-pr\u00e9sident Macky Sall a \u00e9t\u00e9 inculp\u00e9 et \u00e9crou\u00e9 jeudi \u00e0 Dakar pour \u00ab\u00a0blanchiment, escroquerie sur les deniers publics et association de malfaiteurs\u00a0\u00bb, a indiqu\u00e9 \u00e0 l&rsquo;AFP l&rsquo;un de ses avocats qui s&rsquo;est dit \u00ab\u00a0scandalis\u00e9\u00a0\u00bb par cette d\u00e9cision. Mouhamadou Ngom dit Farba, \u00e9galement maire d&rsquo;une commune dans le [&hellip;]","og_url":"https:\/\/africadailyreport.com\/fr\/2025\/02\/28\/senegal-fraud-charges-for-pro-sall-lawmaker\/","og_site_name":"Africa Daily Report","article_publisher":"https:\/\/www.facebook.com\/africadailyreport","article_published_time":"2025-02-28T03:09:50+00:00","article_modified_time":"2025-02-28T06:21:42+00:00","og_image":[{"width":361,"height":361,"url":"https:\/\/i0.wp.com\/africadailyreport.com\/wp-content\/uploads\/2024\/09\/ADR-Transparent-Green-Logo.png?fit=361%2C361&ssl=1","type":"image\/png"}],"author":"ADR\/AFP","twitter_card":"summary_large_image","twitter_creator":"@adr_africa","twitter_site":"@adr_africa","twitter_misc":{"\u00c9crit par":"ADR\/AFP","Dur\u00e9e de lecture estim\u00e9e":"2 minutes"},"schema":{"@context":"https:\/\/schema.org","@graph":[{"@type":"Article","@id":"https:\/\/africadailyreport.com\/fr\/2025\/02\/28\/senegal-fraud-charges-for-pro-sall-lawmaker\/#article","isPartOf":{"@id":"https:\/\/africadailyreport.com\/fr\/2025\/02\/28\/senegal-fraud-charges-for-pro-sall-lawmaker\/"},"author":{"name":"ADR\/AFP","@id":"https:\/\/africadailyreport.com\/fr\/#\/schema\/person\/c44d86d79f5570b3ba4cf70c989843f8"},"headline":"S\u00e9n\u00e9gal: un d\u00e9put\u00e9 proche de l&rsquo;ex-pr\u00e9sident Sall \u00e9crou\u00e9 pour \u00ab\u00a0blanchiment et escroquerie\u00a0\u00bb","datePublished":"2025-02-28T03:09:50+00:00","dateModified":"2025-02-28T06:21:42+00:00","mainEntityOfPage":{"@id":"https:\/\/africadailyreport.com\/fr\/2025\/02\/28\/senegal-fraud-charges-for-pro-sall-lawmaker\/"},"wordCount":502,"commentCount":0,"publisher":{"@id":"https:\/\/africadailyreport.com\/fr\/#organization"},"keywords":["corruption","justice","Macky Sall","Senegal"],"articleSection":["Editor&#8217;s Choice","LEAD"],"inLanguage":"fr-FR","potentialAction":[{"@type":"CommentAction","name":"Comment","target":["https:\/\/africadailyreport.com\/fr\/2025\/02\/28\/senegal-fraud-charges-for-pro-sall-lawmaker\/#respond"]}],"copyrightYear":"2025","copyrightHolder":{"@id":"https:\/\/africadailyreport.com\/#organization"}},{"@type":"WebPage","@id":"https:\/\/africadailyreport.com\/fr\/2025\/02\/28\/senegal-fraud-charges-for-pro-sall-lawmaker\/","url":"https:\/\/africadailyreport.com\/fr\/2025\/02\/28\/senegal-fraud-charges-for-pro-sall-lawmaker\/","name":"S\u00e9n\u00e9gal: un d\u00e9put\u00e9 proche de l'ex-pr\u00e9sident Sall \u00e9crou\u00e9 pour \"blanchiment et escroquerie\" - Africa Daily Report","isPartOf":{"@id":"https:\/\/africadailyreport.com\/fr\/#website"},"datePublished":"2025-02-28T03:09:50+00:00","dateModified":"2025-02-28T06:21:42+00:00","breadcrumb":{"@id":"https:\/\/africadailyreport.com\/fr\/2025\/02\/28\/senegal-fraud-charges-for-pro-sall-lawmaker\/#breadcrumb"},"inLanguage":"fr-FR","potentialAction":[{"@type":"ReadAction","target":["https:\/\/africadailyreport.com\/fr\/2025\/02\/28\/senegal-fraud-charges-for-pro-sall-lawmaker\/"]}]},{"@type":"BreadcrumbList","@id":"https:\/\/africadailyreport.com\/fr\/2025\/02\/28\/senegal-fraud-charges-for-pro-sall-lawmaker\/#breadcrumb","itemListElement":[{"@type":"ListItem","position":1,"name":"Home","item":"https:\/\/africadailyreport.com\/fr\/"},{"@type":"ListItem","position":2,"name":"S\u00e9n\u00e9gal: un d\u00e9put\u00e9 proche de l&#8217;ex-pr\u00e9sident Sall \u00e9crou\u00e9 pour &#8220;blanchiment et escroquerie&#8221;"}]},{"@type":"WebSite","@id":"https:\/\/africadailyreport.com\/fr\/#website","url":"https:\/\/africadailyreport.com\/fr\/","name":"Africa Daily Report","description":"","publisher":{"@id":"https:\/\/africadailyreport.com\/fr\/#organization"},"potentialAction":[{"@type":"SearchAction","target":{"@type":"EntryPoint","urlTemplate":"https:\/\/africadailyreport.com\/fr\/?s={search_term_string}"},"query-input":{"@type":"PropertyValueSpecification","valueRequired":true,"valueName":"search_term_string"}}],"inLanguage":"fr-FR"},{"@type":"Organization","@id":"https:\/\/africadailyreport.com\/fr\/#organization","name":"Africa Daily Report","url":"https:\/\/africadailyreport.com\/fr\/","logo":{"@type":"ImageObject","inLanguage":"fr-FR","@id":"https:\/\/africadailyreport.com\/fr\/#\/schema\/logo\/image\/","url":"https:\/\/africadailyreport.com\/wp-content\/uploads\/2024\/09\/ADR-Transparent-Green-Logo-1.png","contentUrl":"https:\/\/africadailyreport.com\/wp-content\/uploads\/2024\/09\/ADR-Transparent-Green-Logo-1.png","width":267,"height":185,"caption":"Africa Daily Report"},"image":{"@id":"https:\/\/africadailyreport.com\/fr\/#\/schema\/logo\/image\/"},"sameAs":["https:\/\/www.facebook.com\/africadailyreport","https:\/\/x.com\/adr_africa","https:\/\/www.youtube.com\/@africadailyreport","https:\/\/instagram.com\/africadailyreport"]},{"@type":"Person","@id":"https:\/\/africadailyreport.com\/fr\/#\/schema\/person\/c44d86d79f5570b3ba4cf70c989843f8","name":"ADR\/AFP","image":{"@type":"ImageObject","inLanguage":"fr-FR","@id":"https:\/\/secure.gravatar.com\/avatar\/2fbdc3782aa386b408fd9a36f0bc78ee569c94a7a05670cab3a1d72916408214?s=96&d=mm&r=g","url":"https:\/\/secure.gravatar.com\/avatar\/2fbdc3782aa386b408fd9a36f0bc78ee569c94a7a05670cab3a1d72916408214?s=96&d=mm&r=g","contentUrl":"https:\/\/secure.gravatar.com\/avatar\/2fbdc3782aa386b408fd9a36f0bc78ee569c94a7a05670cab3a1d72916408214?s=96&d=mm&r=g","caption":"ADR\/AFP"},"sameAs":["http:\/\/africadailyreport.com"],"url":"https:\/\/africadailyreport.com\/fr\/author\/both\/"}]}},"jetpack_featured_media_url":"","jetpack_sharing_enabled":true,"amp_enabled":true,"_links":{"self":[{"href":"https:\/\/africadailyreport.com\/fr\/wp-json\/wp\/v2\/posts\/17320","targetHints":{"allow":["GET"]}}],"collection":[{"href":"https:\/\/africadailyreport.com\/fr\/wp-json\/wp\/v2\/posts"}],"about":[{"href":"https:\/\/africadailyreport.com\/fr\/wp-json\/wp\/v2\/types\/post"}],"author":[{"embeddable":true,"href":"https:\/\/africadailyreport.com\/fr\/wp-json\/wp\/v2\/users\/10"}],"replies":[{"embeddable":true,"href":"https:\/\/africadailyreport.com\/fr\/wp-json\/wp\/v2\/comments?post=17320"}],"version-history":[{"count":2,"href":"https:\/\/africadailyreport.com\/fr\/wp-json\/wp\/v2\/posts\/17320\/revisions"}],"predecessor-version":[{"id":17387,"href":"https:\/\/africadailyreport.com\/fr\/wp-json\/wp\/v2\/posts\/17320\/revisions\/17387"}],"wp:attachment":[{"href":"https:\/\/africadailyreport.com\/fr\/wp-json\/wp\/v2\/media?parent=17320"}],"wp:term":[{"taxonomy":"category","embeddable":true,"href":"https:\/\/africadailyreport.com\/fr\/wp-json\/wp\/v2\/categories?post=17320"},{"taxonomy":"post_tag","embeddable":true,"href":"https:\/\/africadailyreport.com\/fr\/wp-json\/wp\/v2\/tags?post=17320"},{"taxonomy":"adr_country","embeddable":true,"href":"https:\/\/africadailyreport.com\/fr\/wp-json\/wp\/v2\/adr_country?post=17320"}],"curies":[{"name":"wp","href":"https:\/\/api.w.org\/{rel}","templated":true}]}}