{"id":17284,"date":"2025-02-28T02:20:17","date_gmt":"2025-02-28T02:20:17","guid":{"rendered":"https:\/\/africadailyreport.com\/2025\/02\/28\/former-african-leaders-launch-debt-relief-drive-for-poor-nations\/"},"modified":"2025-02-28T10:16:09","modified_gmt":"2025-02-28T10:16:09","slug":"former-african-leaders-launch-debt-relief-drive-for-poor-nations","status":"publish","type":"post","link":"https:\/\/africadailyreport.com\/fr\/2025\/02\/28\/former-african-leaders-launch-debt-relief-drive-for-poor-nations\/","title":{"rendered":"Dette: d&rsquo;anciens chefs d&rsquo;\u00c9tat africains appellent \u00e0 un all\u00e8gement"},"content":{"rendered":"\n<h2 class=\"wp-block-heading\" id=\"h-le-cap-afrique-du-sud-le-spectre-de-la-dette-elevee-qui-accable-les-pays-pauvres-necessite-une-remise-a-zero-urgente-afin-d-eviter-de-multiples-crises-ont-affirme-jeudi-des-dirigeants-africains-lors-du-lancement-d-une-initiative-visant-a-attenuer-leurs-difficultes-d-emprunt\">Le Cap,\u00a0Afrique du Sud &#8211; Le spectre de la dette \u00e9lev\u00e9e qui accable les pays pauvres n\u00e9cessite une remise \u00e0 z\u00e9ro urgente, afin d&rsquo;\u00e9viter de multiples crises, ont affirm\u00e9 jeudi des dirigeants africains lors du lancement d&rsquo;une initiative visant \u00e0 att\u00e9nuer leurs difficult\u00e9s d&#8217;emprunt.<\/h2>\n\n\n\n<figure class=\"wp-block-image size-large\"><img loading=\"lazy\" decoding=\"async\" width=\"2560\" height=\"1707\" src=\"https:\/\/i0.wp.com\/africadailyreport.com\/wp-content\/uploads\/2025\/02\/AFP__20250227__36YT4JK__v1__HighRes__SafricaAfricaEconomyDebt-scaled.jpg?fit=696%2C464&amp;ssl=1\" alt=\"\" class=\"wp-image-17281\" srcset=\"https:\/\/i0.wp.com\/africadailyreport.com\/wp-content\/uploads\/2025\/02\/AFP__20250227__36YT4JK__v1__HighRes__SafricaAfricaEconomyDebt-scaled.jpg?w=2560&amp;ssl=1 2560w, https:\/\/i0.wp.com\/africadailyreport.com\/wp-content\/uploads\/2025\/02\/AFP__20250227__36YT4JK__v1__HighRes__SafricaAfricaEconomyDebt-scaled.jpg?resize=300%2C200&amp;ssl=1 300w, https:\/\/i0.wp.com\/africadailyreport.com\/wp-content\/uploads\/2025\/02\/AFP__20250227__36YT4JK__v1__HighRes__SafricaAfricaEconomyDebt-scaled.jpg?resize=1024%2C683&amp;ssl=1 1024w, https:\/\/i0.wp.com\/africadailyreport.com\/wp-content\/uploads\/2025\/02\/AFP__20250227__36YT4JK__v1__HighRes__SafricaAfricaEconomyDebt-scaled.jpg?resize=768%2C512&amp;ssl=1 768w, https:\/\/i0.wp.com\/africadailyreport.com\/wp-content\/uploads\/2025\/02\/AFP__20250227__36YT4JK__v1__HighRes__SafricaAfricaEconomyDebt-scaled.jpg?resize=1536%2C1024&amp;ssl=1 1536w, https:\/\/i0.wp.com\/africadailyreport.com\/wp-content\/uploads\/2025\/02\/AFP__20250227__36YT4JK__v1__HighRes__SafricaAfricaEconomyDebt-scaled.jpg?resize=2048%2C1366&amp;ssl=1 2048w, https:\/\/i0.wp.com\/africadailyreport.com\/wp-content\/uploads\/2025\/02\/AFP__20250227__36YT4JK__v1__HighRes__SafricaAfricaEconomyDebt-scaled.jpg?resize=630%2C420&amp;ssl=1 630w, https:\/\/i0.wp.com\/africadailyreport.com\/wp-content\/uploads\/2025\/02\/AFP__20250227__36YT4JK__v1__HighRes__SafricaAfricaEconomyDebt-scaled.jpg?resize=150%2C100&amp;ssl=1 150w, https:\/\/i0.wp.com\/africadailyreport.com\/wp-content\/uploads\/2025\/02\/AFP__20250227__36YT4JK__v1__HighRes__SafricaAfricaEconomyDebt-scaled.jpg?resize=696%2C464&amp;ssl=1 696w, https:\/\/i0.wp.com\/africadailyreport.com\/wp-content\/uploads\/2025\/02\/AFP__20250227__36YT4JK__v1__HighRes__SafricaAfricaEconomyDebt-scaled.jpg?resize=1068%2C712&amp;ssl=1 1068w, https:\/\/i0.wp.com\/africadailyreport.com\/wp-content\/uploads\/2025\/02\/AFP__20250227__36YT4JK__v1__HighRes__SafricaAfricaEconomyDebt-scaled.jpg?resize=1920%2C1280&amp;ssl=1 1920w, https:\/\/i0.wp.com\/africadailyreport.com\/wp-content\/uploads\/2025\/02\/AFP__20250227__36YT4JK__v1__HighRes__SafricaAfricaEconomyDebt-scaled.jpg?w=1392&amp;ssl=1 1392w\" sizes=\"auto, (max-width: 696px) 100vw, 696px\" \/><figcaption class=\"wp-element-caption\">Former President of Malawi Joyce Banda (C) answers questions during a press conference following the launch of the African Leaders Debt Relief Initiative, a unified effort to push for a comprehensive debt solution in Cape Town on February 27, 2025. (Photo by GIANLUIGI GUERCIA \/ AFP)<\/figcaption><\/figure>\n\n\n\n<h2 class=\"wp-block-heading\" id=\"h-\"><\/h2>\n\n\n\n<p><\/p>\n\n\n\n<p>Sign\u00e9 en marge d&rsquo;une r\u00e9union des ministres des Finances du G20 au Cap, le projet pr\u00e9conise une refonte du syst\u00e8me mondial de pr\u00eats afin de d\u00e9bloquer un all\u00e8gement de la dette et des conditions d&#8217;emprunt favorables pour les pays africains.<\/p>\n\n\n\n<p>Connu sous le nom d&rsquo;Initiative des dirigeants africains pour l&rsquo;all\u00e9gement de la dette (Aldri), il sera dirig\u00e9 par une \u00e9quipe de sept membres, dont cinq anciens pr\u00e9sidents, un vice-pr\u00e9sident et un premier ministre.<\/p>\n\n\n\n<p>\u00ab\u00a0Plus de la moiti\u00e9 de la population africaine vit dans des pays qui consacrent plus d&rsquo;argent au paiement des int\u00e9r\u00eats qu&rsquo;\u00e0 l&rsquo;\u00e9ducation, \u00e0 la sant\u00e9 ou au climat\u00a0\u00bb, a illustr\u00e9 l&rsquo;ancienne pr\u00e9sidente de l&rsquo;\u00eele Maurice, Ameenah Gurib-Fakim.<\/p>\n\n\n\n<p>\u00ab\u00a0La plupart des pays africains auront besoin d&rsquo;un all\u00e8gement significatif de la dette pour d\u00e9bloquer les financements n\u00e9cessaires aux Objectifs de d\u00e9veloppement durable 2030 des Nations unies et aux objectifs de l&rsquo;Accord de Paris\u00a0\u00bb, a-t-elle ajout\u00e9.<\/p>\n\n\n\n<p>L&rsquo;Afrique du Sud, qui assure la pr\u00e9sidence tournante du G20 cette ann\u00e9e, veut aider les \u00e9conomies en d\u00e9veloppement \u00e0 faire face au remboursement de leur dette.<\/p>\n\n\n\n<p>C&rsquo;est la premi\u00e8re fois que le G20 se tient en Afrique, mais les discussions ont \u00e9t\u00e9 domin\u00e9es par l&rsquo;\u00e9rosion du multilat\u00e9ralisme et l&rsquo;absence de hauts responsables am\u00e9ricains.<\/p>\n\n\n\n<p>La pr\u00e9sidence offre \u00ab\u00a0une occasion unique de mener la charge sur l&rsquo;all\u00e8gement de la dette\u00a0\u00bb, a d\u00e9clar\u00e9 l&rsquo;ancien vice-pr\u00e9sident du Nigeria, Yemi Osinbajo.<\/p>\n\n\n\n<p>Selon l&rsquo;Aldri, les pays \u00e0 revenu faible et interm\u00e9diaire ont d\u00e9pens\u00e9 un montant stup\u00e9fiant de 1.400 milliards de dollars au service de la dette, dont 406 milliards en paiement d\u2019int\u00e9r\u00eats.<\/p>\n\n\n\n<p>Les co\u00fbts croissants de la dette grugent les fonds qui pourraient \u00eatre utilis\u00e9s pour mieux lutter contre la pauvret\u00e9, faire face aux catastrophes climatiques et \u00e0 d&rsquo;autres d\u00e9fis, ont d\u00e9clar\u00e9 les chefs d&rsquo;\u00c9tat et de gouvernement.<\/p>\n\n\n\n<p>Selon le FMI, le taux d&rsquo;endettement moyen des pays subsahariens avait atteint un niveau record de pr\u00e8s de 60% du produit int\u00e9rieur brut fin 2022.<\/p>\n\n\n\n<p>L&rsquo;an dernier, la Zambie a sign\u00e9 un accord sur la dette avec ses bailleurs de fonds \u00e9trangers, ce qui a permis d&rsquo;all\u00e9ger le fardeau financier de la premi\u00e8re nation africaine \u00e0 se retrouver en d\u00e9faut de paiement apr\u00e8s la pand\u00e9mie de Covid.<\/p>\n\n\n\n<p><\/p>\n\n\n\n<p>\u00a9 Agence France-Presse<\/p>\n","protected":false},"excerpt":{"rendered":"<p>Le Cap,\u00a0Afrique du Sud &#8211; Le spectre de la dette \u00e9lev\u00e9e qui accable les pays pauvres n\u00e9cessite une remise \u00e0 z\u00e9ro urgente, afin d&rsquo;\u00e9viter de multiples crises, ont affirm\u00e9 jeudi des dirigeants africains lors du lancement d&rsquo;une initiative visant \u00e0 att\u00e9nuer leurs difficult\u00e9s d&#8217;emprunt. Sign\u00e9 en marge d&rsquo;une r\u00e9union des ministres des Finances du G20 [&hellip;]<\/p>\n","protected":false},"author":10,"featured_media":17282,"comment_status":"open","ping_status":"open","sticky":false,"template":"","format":"standard","meta":{"_acf_changed":false,"om_disable_all_campaigns":false,"_monsterinsights_skip_tracking":false,"_monsterinsights_sitenote_active":false,"_monsterinsights_sitenote_note":"","_monsterinsights_sitenote_category":0,"tdm_status":"","tdm_grid_status":"","_jetpack_newsletter_access":"","_jetpack_dont_email_post_to_subs":false,"_jetpack_newsletter_tier_id":0,"_jetpack_memberships_contains_paywalled_content":false,"_jetpack_memberships_contains_paid_content":false,"footnotes":""},"categories":[1864,822,1523,1008],"tags":[865,1482,2754,2755],"adr_country":[1099,1097],"class_list":{"0":"post-17284","1":"post","2":"type-post","3":"status-publish","4":"format-standard","5":"has-post-thumbnail","7":"category-economy-fr","8":"category-finance-fr","9":"category-marketing-fr","10":"category-politics-fr","11":"tag-africa-fr","12":"tag-debt-fr","13":"tag-loans-fr","14":"tag-poor-countries-fr","15":"adr_country-afrique","16":"adr_country-monde"},"acf":{"post_version":""},"yoast_head":"<!-- This site is optimized with the Yoast SEO Premium plugin v26.0 (Yoast SEO v27.4) - https:\/\/yoast.com\/product\/yoast-seo-premium-wordpress\/ -->\n<title>Dette: d&#039;anciens chefs d&#039;\u00c9tat africains appellent \u00e0 un all\u00e8gement - Africa Daily Report<\/title>\n<meta name=\"robots\" content=\"index, follow, max-snippet:-1, max-image-preview:large, max-video-preview:-1\" \/>\n<link rel=\"canonical\" href=\"https:\/\/africadailyreport.com\/fr\/2025\/02\/28\/former-african-leaders-launch-debt-relief-drive-for-poor-nations\/\" \/>\n<meta property=\"og:locale\" content=\"fr_FR\" \/>\n<meta property=\"og:type\" content=\"article\" \/>\n<meta property=\"og:title\" content=\"Dette: d&#039;anciens chefs d&#039;\u00c9tat africains appellent \u00e0 un all\u00e8gement\" \/>\n<meta property=\"og:description\" content=\"Le Cap,\u00a0Afrique du Sud &#8211; Le spectre de la dette \u00e9lev\u00e9e qui accable les pays pauvres n\u00e9cessite une remise \u00e0 z\u00e9ro urgente, afin d&rsquo;\u00e9viter de multiples crises, ont affirm\u00e9 jeudi des dirigeants africains lors du lancement d&rsquo;une initiative visant \u00e0 att\u00e9nuer leurs difficult\u00e9s d&#8217;emprunt. Sign\u00e9 en marge d&rsquo;une r\u00e9union des ministres des Finances du G20 [&hellip;]\" \/>\n<meta property=\"og:url\" content=\"https:\/\/africadailyreport.com\/fr\/2025\/02\/28\/former-african-leaders-launch-debt-relief-drive-for-poor-nations\/\" \/>\n<meta property=\"og:site_name\" content=\"Africa Daily Report\" \/>\n<meta property=\"article:publisher\" content=\"https:\/\/www.facebook.com\/africadailyreport\" \/>\n<meta property=\"article:published_time\" content=\"2025-02-28T02:20:17+00:00\" \/>\n<meta property=\"article:modified_time\" content=\"2025-02-28T10:16:09+00:00\" \/>\n<meta property=\"og:image\" content=\"https:\/\/africadailyreport.com\/wp-content\/uploads\/2025\/02\/AFP__20250227__36YT4JK__v1__HighRes__SafricaAfricaEconomyDebt-scaled.jpg\" \/>\n\t<meta property=\"og:image:width\" content=\"2560\" \/>\n\t<meta property=\"og:image:height\" content=\"1707\" \/>\n\t<meta property=\"og:image:type\" content=\"image\/jpeg\" \/>\n<meta name=\"author\" content=\"ADR\/AFP\" \/>\n<meta name=\"twitter:card\" content=\"summary_large_image\" \/>\n<meta name=\"twitter:creator\" content=\"@adr_africa\" \/>\n<meta name=\"twitter:site\" content=\"@adr_africa\" \/>\n<meta name=\"twitter:label1\" content=\"\u00c9crit par\" \/>\n\t<meta name=\"twitter:data1\" content=\"ADR\/AFP\" \/>\n\t<meta name=\"twitter:label2\" content=\"Dur\u00e9e de lecture estim\u00e9e\" \/>\n\t<meta name=\"twitter:data2\" content=\"3 minutes\" \/>\n<script type=\"application\/ld+json\" class=\"yoast-schema-graph\">{\"@context\":\"https:\\\/\\\/schema.org\",\"@graph\":[{\"@type\":\"Article\",\"@id\":\"https:\\\/\\\/africadailyreport.com\\\/fr\\\/2025\\\/02\\\/28\\\/former-african-leaders-launch-debt-relief-drive-for-poor-nations\\\/#article\",\"isPartOf\":{\"@id\":\"https:\\\/\\\/africadailyreport.com\\\/fr\\\/2025\\\/02\\\/28\\\/former-african-leaders-launch-debt-relief-drive-for-poor-nations\\\/\"},\"author\":{\"name\":\"ADR\\\/AFP\",\"@id\":\"https:\\\/\\\/africadailyreport.com\\\/fr\\\/#\\\/schema\\\/person\\\/c44d86d79f5570b3ba4cf70c989843f8\"},\"headline\":\"Dette: d&rsquo;anciens chefs d&rsquo;\u00c9tat africains appellent \u00e0 un all\u00e8gement\",\"datePublished\":\"2025-02-28T02:20:17+00:00\",\"dateModified\":\"2025-02-28T10:16:09+00:00\",\"mainEntityOfPage\":{\"@id\":\"https:\\\/\\\/africadailyreport.com\\\/fr\\\/2025\\\/02\\\/28\\\/former-african-leaders-launch-debt-relief-drive-for-poor-nations\\\/\"},\"wordCount\":518,\"commentCount\":0,\"publisher\":{\"@id\":\"https:\\\/\\\/africadailyreport.com\\\/fr\\\/#organization\"},\"image\":{\"@id\":\"https:\\\/\\\/africadailyreport.com\\\/fr\\\/2025\\\/02\\\/28\\\/former-african-leaders-launch-debt-relief-drive-for-poor-nations\\\/#primaryimage\"},\"thumbnailUrl\":\"https:\\\/\\\/i0.wp.com\\\/africadailyreport.com\\\/wp-content\\\/uploads\\\/2025\\\/02\\\/AFP__20250227__36YT4JK__v1__HighRes__SafricaAfricaEconomyDebt-scaled.jpg?fit=2560%2C1707&ssl=1\",\"keywords\":[\"africa\",\"debt\",\"loans\",\"poor countries\"],\"articleSection\":[\"Economy\",\"Finance\",\"Marketing\",\"Politics\"],\"inLanguage\":\"fr-FR\",\"potentialAction\":[{\"@type\":\"CommentAction\",\"name\":\"Comment\",\"target\":[\"https:\\\/\\\/africadailyreport.com\\\/fr\\\/2025\\\/02\\\/28\\\/former-african-leaders-launch-debt-relief-drive-for-poor-nations\\\/#respond\"]}],\"copyrightYear\":\"2025\",\"copyrightHolder\":{\"@id\":\"https:\\\/\\\/africadailyreport.com\\\/#organization\"}},{\"@type\":\"WebPage\",\"@id\":\"https:\\\/\\\/africadailyreport.com\\\/fr\\\/2025\\\/02\\\/28\\\/former-african-leaders-launch-debt-relief-drive-for-poor-nations\\\/\",\"url\":\"https:\\\/\\\/africadailyreport.com\\\/fr\\\/2025\\\/02\\\/28\\\/former-african-leaders-launch-debt-relief-drive-for-poor-nations\\\/\",\"name\":\"Dette: d'anciens chefs d'\u00c9tat africains appellent \u00e0 un all\u00e8gement - Africa Daily Report\",\"isPartOf\":{\"@id\":\"https:\\\/\\\/africadailyreport.com\\\/fr\\\/#website\"},\"primaryImageOfPage\":{\"@id\":\"https:\\\/\\\/africadailyreport.com\\\/fr\\\/2025\\\/02\\\/28\\\/former-african-leaders-launch-debt-relief-drive-for-poor-nations\\\/#primaryimage\"},\"image\":{\"@id\":\"https:\\\/\\\/africadailyreport.com\\\/fr\\\/2025\\\/02\\\/28\\\/former-african-leaders-launch-debt-relief-drive-for-poor-nations\\\/#primaryimage\"},\"thumbnailUrl\":\"https:\\\/\\\/i0.wp.com\\\/africadailyreport.com\\\/wp-content\\\/uploads\\\/2025\\\/02\\\/AFP__20250227__36YT4JK__v1__HighRes__SafricaAfricaEconomyDebt-scaled.jpg?fit=2560%2C1707&ssl=1\",\"datePublished\":\"2025-02-28T02:20:17+00:00\",\"dateModified\":\"2025-02-28T10:16:09+00:00\",\"breadcrumb\":{\"@id\":\"https:\\\/\\\/africadailyreport.com\\\/fr\\\/2025\\\/02\\\/28\\\/former-african-leaders-launch-debt-relief-drive-for-poor-nations\\\/#breadcrumb\"},\"inLanguage\":\"fr-FR\",\"potentialAction\":[{\"@type\":\"ReadAction\",\"target\":[\"https:\\\/\\\/africadailyreport.com\\\/fr\\\/2025\\\/02\\\/28\\\/former-african-leaders-launch-debt-relief-drive-for-poor-nations\\\/\"]}]},{\"@type\":\"ImageObject\",\"inLanguage\":\"fr-FR\",\"@id\":\"https:\\\/\\\/africadailyreport.com\\\/fr\\\/2025\\\/02\\\/28\\\/former-african-leaders-launch-debt-relief-drive-for-poor-nations\\\/#primaryimage\",\"url\":\"https:\\\/\\\/i0.wp.com\\\/africadailyreport.com\\\/wp-content\\\/uploads\\\/2025\\\/02\\\/AFP__20250227__36YT4JK__v1__HighRes__SafricaAfricaEconomyDebt-scaled.jpg?fit=2560%2C1707&ssl=1\",\"contentUrl\":\"https:\\\/\\\/i0.wp.com\\\/africadailyreport.com\\\/wp-content\\\/uploads\\\/2025\\\/02\\\/AFP__20250227__36YT4JK__v1__HighRes__SafricaAfricaEconomyDebt-scaled.jpg?fit=2560%2C1707&ssl=1\",\"width\":2560,\"height\":1707,\"caption\":\"Former President of Malawi Joyce Banda (C) answers questions during a press conference following the launch of the African Leaders Debt Relief Initiative, a unified effort to push for a comprehensive debt solution in Cape Town on February 27, 2025. (Photo by GIANLUIGI GUERCIA \\\/ AFP)\"},{\"@type\":\"BreadcrumbList\",\"@id\":\"https:\\\/\\\/africadailyreport.com\\\/fr\\\/2025\\\/02\\\/28\\\/former-african-leaders-launch-debt-relief-drive-for-poor-nations\\\/#breadcrumb\",\"itemListElement\":[{\"@type\":\"ListItem\",\"position\":1,\"name\":\"Home\",\"item\":\"https:\\\/\\\/africadailyreport.com\\\/fr\\\/\"},{\"@type\":\"ListItem\",\"position\":2,\"name\":\"Dette: d&#8217;anciens chefs d&#8217;\u00c9tat africains appellent \u00e0 un all\u00e8gement\"}]},{\"@type\":\"WebSite\",\"@id\":\"https:\\\/\\\/africadailyreport.com\\\/fr\\\/#website\",\"url\":\"https:\\\/\\\/africadailyreport.com\\\/fr\\\/\",\"name\":\"Africa Daily Report\",\"description\":\"\",\"publisher\":{\"@id\":\"https:\\\/\\\/africadailyreport.com\\\/fr\\\/#organization\"},\"potentialAction\":[{\"@type\":\"SearchAction\",\"target\":{\"@type\":\"EntryPoint\",\"urlTemplate\":\"https:\\\/\\\/africadailyreport.com\\\/fr\\\/?s={search_term_string}\"},\"query-input\":{\"@type\":\"PropertyValueSpecification\",\"valueRequired\":true,\"valueName\":\"search_term_string\"}}],\"inLanguage\":\"fr-FR\"},{\"@type\":\"Organization\",\"@id\":\"https:\\\/\\\/africadailyreport.com\\\/fr\\\/#organization\",\"name\":\"Africa Daily Report\",\"url\":\"https:\\\/\\\/africadailyreport.com\\\/fr\\\/\",\"logo\":{\"@type\":\"ImageObject\",\"inLanguage\":\"fr-FR\",\"@id\":\"https:\\\/\\\/africadailyreport.com\\\/fr\\\/#\\\/schema\\\/logo\\\/image\\\/\",\"url\":\"https:\\\/\\\/africadailyreport.com\\\/wp-content\\\/uploads\\\/2024\\\/09\\\/ADR-Transparent-Green-Logo-1.png\",\"contentUrl\":\"https:\\\/\\\/africadailyreport.com\\\/wp-content\\\/uploads\\\/2024\\\/09\\\/ADR-Transparent-Green-Logo-1.png\",\"width\":267,\"height\":185,\"caption\":\"Africa Daily Report\"},\"image\":{\"@id\":\"https:\\\/\\\/africadailyreport.com\\\/fr\\\/#\\\/schema\\\/logo\\\/image\\\/\"},\"sameAs\":[\"https:\\\/\\\/www.facebook.com\\\/africadailyreport\",\"https:\\\/\\\/x.com\\\/adr_africa\",\"https:\\\/\\\/www.youtube.com\\\/@africadailyreport\",\"https:\\\/\\\/instagram.com\\\/africadailyreport\"]},{\"@type\":\"Person\",\"@id\":\"https:\\\/\\\/africadailyreport.com\\\/fr\\\/#\\\/schema\\\/person\\\/c44d86d79f5570b3ba4cf70c989843f8\",\"name\":\"ADR\\\/AFP\",\"image\":{\"@type\":\"ImageObject\",\"inLanguage\":\"fr-FR\",\"@id\":\"https:\\\/\\\/secure.gravatar.com\\\/avatar\\\/2fbdc3782aa386b408fd9a36f0bc78ee569c94a7a05670cab3a1d72916408214?s=96&d=mm&r=g\",\"url\":\"https:\\\/\\\/secure.gravatar.com\\\/avatar\\\/2fbdc3782aa386b408fd9a36f0bc78ee569c94a7a05670cab3a1d72916408214?s=96&d=mm&r=g\",\"contentUrl\":\"https:\\\/\\\/secure.gravatar.com\\\/avatar\\\/2fbdc3782aa386b408fd9a36f0bc78ee569c94a7a05670cab3a1d72916408214?s=96&d=mm&r=g\",\"caption\":\"ADR\\\/AFP\"},\"sameAs\":[\"http:\\\/\\\/africadailyreport.com\"],\"url\":\"https:\\\/\\\/africadailyreport.com\\\/fr\\\/author\\\/both\\\/\"}]}<\/script>\n<!-- \/ Yoast SEO Premium plugin. -->","yoast_head_json":{"title":"Dette: d'anciens chefs d'\u00c9tat africains appellent \u00e0 un all\u00e8gement - Africa Daily Report","robots":{"index":"index","follow":"follow","max-snippet":"max-snippet:-1","max-image-preview":"max-image-preview:large","max-video-preview":"max-video-preview:-1"},"canonical":"https:\/\/africadailyreport.com\/fr\/2025\/02\/28\/former-african-leaders-launch-debt-relief-drive-for-poor-nations\/","og_locale":"fr_FR","og_type":"article","og_title":"Dette: d'anciens chefs d'\u00c9tat africains appellent \u00e0 un all\u00e8gement","og_description":"Le Cap,\u00a0Afrique du Sud &#8211; Le spectre de la dette \u00e9lev\u00e9e qui accable les pays pauvres n\u00e9cessite une remise \u00e0 z\u00e9ro urgente, afin d&rsquo;\u00e9viter de multiples crises, ont affirm\u00e9 jeudi des dirigeants africains lors du lancement d&rsquo;une initiative visant \u00e0 att\u00e9nuer leurs difficult\u00e9s d&#8217;emprunt. Sign\u00e9 en marge d&rsquo;une r\u00e9union des ministres des Finances du G20 [&hellip;]","og_url":"https:\/\/africadailyreport.com\/fr\/2025\/02\/28\/former-african-leaders-launch-debt-relief-drive-for-poor-nations\/","og_site_name":"Africa Daily Report","article_publisher":"https:\/\/www.facebook.com\/africadailyreport","article_published_time":"2025-02-28T02:20:17+00:00","article_modified_time":"2025-02-28T10:16:09+00:00","og_image":[{"width":2560,"height":1707,"url":"https:\/\/africadailyreport.com\/wp-content\/uploads\/2025\/02\/AFP__20250227__36YT4JK__v1__HighRes__SafricaAfricaEconomyDebt-scaled.jpg","type":"image\/jpeg"}],"author":"ADR\/AFP","twitter_card":"summary_large_image","twitter_creator":"@adr_africa","twitter_site":"@adr_africa","twitter_misc":{"\u00c9crit par":"ADR\/AFP","Dur\u00e9e de lecture estim\u00e9e":"3 minutes"},"schema":{"@context":"https:\/\/schema.org","@graph":[{"@type":"Article","@id":"https:\/\/africadailyreport.com\/fr\/2025\/02\/28\/former-african-leaders-launch-debt-relief-drive-for-poor-nations\/#article","isPartOf":{"@id":"https:\/\/africadailyreport.com\/fr\/2025\/02\/28\/former-african-leaders-launch-debt-relief-drive-for-poor-nations\/"},"author":{"name":"ADR\/AFP","@id":"https:\/\/africadailyreport.com\/fr\/#\/schema\/person\/c44d86d79f5570b3ba4cf70c989843f8"},"headline":"Dette: d&rsquo;anciens chefs d&rsquo;\u00c9tat africains appellent \u00e0 un all\u00e8gement","datePublished":"2025-02-28T02:20:17+00:00","dateModified":"2025-02-28T10:16:09+00:00","mainEntityOfPage":{"@id":"https:\/\/africadailyreport.com\/fr\/2025\/02\/28\/former-african-leaders-launch-debt-relief-drive-for-poor-nations\/"},"wordCount":518,"commentCount":0,"publisher":{"@id":"https:\/\/africadailyreport.com\/fr\/#organization"},"image":{"@id":"https:\/\/africadailyreport.com\/fr\/2025\/02\/28\/former-african-leaders-launch-debt-relief-drive-for-poor-nations\/#primaryimage"},"thumbnailUrl":"https:\/\/i0.wp.com\/africadailyreport.com\/wp-content\/uploads\/2025\/02\/AFP__20250227__36YT4JK__v1__HighRes__SafricaAfricaEconomyDebt-scaled.jpg?fit=2560%2C1707&ssl=1","keywords":["africa","debt","loans","poor countries"],"articleSection":["Economy","Finance","Marketing","Politics"],"inLanguage":"fr-FR","potentialAction":[{"@type":"CommentAction","name":"Comment","target":["https:\/\/africadailyreport.com\/fr\/2025\/02\/28\/former-african-leaders-launch-debt-relief-drive-for-poor-nations\/#respond"]}],"copyrightYear":"2025","copyrightHolder":{"@id":"https:\/\/africadailyreport.com\/#organization"}},{"@type":"WebPage","@id":"https:\/\/africadailyreport.com\/fr\/2025\/02\/28\/former-african-leaders-launch-debt-relief-drive-for-poor-nations\/","url":"https:\/\/africadailyreport.com\/fr\/2025\/02\/28\/former-african-leaders-launch-debt-relief-drive-for-poor-nations\/","name":"Dette: d'anciens chefs d'\u00c9tat africains appellent \u00e0 un all\u00e8gement - Africa Daily Report","isPartOf":{"@id":"https:\/\/africadailyreport.com\/fr\/#website"},"primaryImageOfPage":{"@id":"https:\/\/africadailyreport.com\/fr\/2025\/02\/28\/former-african-leaders-launch-debt-relief-drive-for-poor-nations\/#primaryimage"},"image":{"@id":"https:\/\/africadailyreport.com\/fr\/2025\/02\/28\/former-african-leaders-launch-debt-relief-drive-for-poor-nations\/#primaryimage"},"thumbnailUrl":"https:\/\/i0.wp.com\/africadailyreport.com\/wp-content\/uploads\/2025\/02\/AFP__20250227__36YT4JK__v1__HighRes__SafricaAfricaEconomyDebt-scaled.jpg?fit=2560%2C1707&ssl=1","datePublished":"2025-02-28T02:20:17+00:00","dateModified":"2025-02-28T10:16:09+00:00","breadcrumb":{"@id":"https:\/\/africadailyreport.com\/fr\/2025\/02\/28\/former-african-leaders-launch-debt-relief-drive-for-poor-nations\/#breadcrumb"},"inLanguage":"fr-FR","potentialAction":[{"@type":"ReadAction","target":["https:\/\/africadailyreport.com\/fr\/2025\/02\/28\/former-african-leaders-launch-debt-relief-drive-for-poor-nations\/"]}]},{"@type":"ImageObject","inLanguage":"fr-FR","@id":"https:\/\/africadailyreport.com\/fr\/2025\/02\/28\/former-african-leaders-launch-debt-relief-drive-for-poor-nations\/#primaryimage","url":"https:\/\/i0.wp.com\/africadailyreport.com\/wp-content\/uploads\/2025\/02\/AFP__20250227__36YT4JK__v1__HighRes__SafricaAfricaEconomyDebt-scaled.jpg?fit=2560%2C1707&ssl=1","contentUrl":"https:\/\/i0.wp.com\/africadailyreport.com\/wp-content\/uploads\/2025\/02\/AFP__20250227__36YT4JK__v1__HighRes__SafricaAfricaEconomyDebt-scaled.jpg?fit=2560%2C1707&ssl=1","width":2560,"height":1707,"caption":"Former President of Malawi Joyce Banda (C) answers questions during a press conference following the launch of the African Leaders Debt Relief Initiative, a unified effort to push for a comprehensive debt solution in Cape Town on February 27, 2025. (Photo by GIANLUIGI GUERCIA \/ AFP)"},{"@type":"BreadcrumbList","@id":"https:\/\/africadailyreport.com\/fr\/2025\/02\/28\/former-african-leaders-launch-debt-relief-drive-for-poor-nations\/#breadcrumb","itemListElement":[{"@type":"ListItem","position":1,"name":"Home","item":"https:\/\/africadailyreport.com\/fr\/"},{"@type":"ListItem","position":2,"name":"Dette: d&#8217;anciens chefs d&#8217;\u00c9tat africains appellent \u00e0 un all\u00e8gement"}]},{"@type":"WebSite","@id":"https:\/\/africadailyreport.com\/fr\/#website","url":"https:\/\/africadailyreport.com\/fr\/","name":"Africa Daily Report","description":"","publisher":{"@id":"https:\/\/africadailyreport.com\/fr\/#organization"},"potentialAction":[{"@type":"SearchAction","target":{"@type":"EntryPoint","urlTemplate":"https:\/\/africadailyreport.com\/fr\/?s={search_term_string}"},"query-input":{"@type":"PropertyValueSpecification","valueRequired":true,"valueName":"search_term_string"}}],"inLanguage":"fr-FR"},{"@type":"Organization","@id":"https:\/\/africadailyreport.com\/fr\/#organization","name":"Africa Daily Report","url":"https:\/\/africadailyreport.com\/fr\/","logo":{"@type":"ImageObject","inLanguage":"fr-FR","@id":"https:\/\/africadailyreport.com\/fr\/#\/schema\/logo\/image\/","url":"https:\/\/africadailyreport.com\/wp-content\/uploads\/2024\/09\/ADR-Transparent-Green-Logo-1.png","contentUrl":"https:\/\/africadailyreport.com\/wp-content\/uploads\/2024\/09\/ADR-Transparent-Green-Logo-1.png","width":267,"height":185,"caption":"Africa Daily Report"},"image":{"@id":"https:\/\/africadailyreport.com\/fr\/#\/schema\/logo\/image\/"},"sameAs":["https:\/\/www.facebook.com\/africadailyreport","https:\/\/x.com\/adr_africa","https:\/\/www.youtube.com\/@africadailyreport","https:\/\/instagram.com\/africadailyreport"]},{"@type":"Person","@id":"https:\/\/africadailyreport.com\/fr\/#\/schema\/person\/c44d86d79f5570b3ba4cf70c989843f8","name":"ADR\/AFP","image":{"@type":"ImageObject","inLanguage":"fr-FR","@id":"https:\/\/secure.gravatar.com\/avatar\/2fbdc3782aa386b408fd9a36f0bc78ee569c94a7a05670cab3a1d72916408214?s=96&d=mm&r=g","url":"https:\/\/secure.gravatar.com\/avatar\/2fbdc3782aa386b408fd9a36f0bc78ee569c94a7a05670cab3a1d72916408214?s=96&d=mm&r=g","contentUrl":"https:\/\/secure.gravatar.com\/avatar\/2fbdc3782aa386b408fd9a36f0bc78ee569c94a7a05670cab3a1d72916408214?s=96&d=mm&r=g","caption":"ADR\/AFP"},"sameAs":["http:\/\/africadailyreport.com"],"url":"https:\/\/africadailyreport.com\/fr\/author\/both\/"}]}},"jetpack_featured_media_url":"https:\/\/i0.wp.com\/africadailyreport.com\/wp-content\/uploads\/2025\/02\/AFP__20250227__36YT4JK__v1__HighRes__SafricaAfricaEconomyDebt-scaled.jpg?fit=2560%2C1707&ssl=1","jetpack_sharing_enabled":true,"amp_enabled":true,"_links":{"self":[{"href":"https:\/\/africadailyreport.com\/fr\/wp-json\/wp\/v2\/posts\/17284","targetHints":{"allow":["GET"]}}],"collection":[{"href":"https:\/\/africadailyreport.com\/fr\/wp-json\/wp\/v2\/posts"}],"about":[{"href":"https:\/\/africadailyreport.com\/fr\/wp-json\/wp\/v2\/types\/post"}],"author":[{"embeddable":true,"href":"https:\/\/africadailyreport.com\/fr\/wp-json\/wp\/v2\/users\/10"}],"replies":[{"embeddable":true,"href":"https:\/\/africadailyreport.com\/fr\/wp-json\/wp\/v2\/comments?post=17284"}],"version-history":[{"count":3,"href":"https:\/\/africadailyreport.com\/fr\/wp-json\/wp\/v2\/posts\/17284\/revisions"}],"predecessor-version":[{"id":17396,"href":"https:\/\/africadailyreport.com\/fr\/wp-json\/wp\/v2\/posts\/17284\/revisions\/17396"}],"wp:featuredmedia":[{"embeddable":true,"href":"https:\/\/africadailyreport.com\/fr\/wp-json\/wp\/v2\/media\/17282"}],"wp:attachment":[{"href":"https:\/\/africadailyreport.com\/fr\/wp-json\/wp\/v2\/media?parent=17284"}],"wp:term":[{"taxonomy":"category","embeddable":true,"href":"https:\/\/africadailyreport.com\/fr\/wp-json\/wp\/v2\/categories?post=17284"},{"taxonomy":"post_tag","embeddable":true,"href":"https:\/\/africadailyreport.com\/fr\/wp-json\/wp\/v2\/tags?post=17284"},{"taxonomy":"adr_country","embeddable":true,"href":"https:\/\/africadailyreport.com\/fr\/wp-json\/wp\/v2\/adr_country?post=17284"}],"curies":[{"name":"wp","href":"https:\/\/api.w.org\/{rel}","templated":true}]}}