{"id":17257,"date":"2025-02-28T01:26:20","date_gmt":"2025-02-28T01:26:20","guid":{"rendered":"https:\/\/africadailyreport.com\/2025\/02\/28\/ethiopia-somalia-reaffirm-ties-after-diplomatic-row\/"},"modified":"2025-02-28T10:21:51","modified_gmt":"2025-02-28T10:21:51","slug":"ethiopia-somalia-reaffirm-ties-after-diplomatic-row","status":"publish","type":"post","link":"https:\/\/africadailyreport.com\/fr\/2025\/02\/28\/ethiopia-somalia-reaffirm-ties-after-diplomatic-row\/","title":{"rendered":"Le Premier ministre \u00e9thiopien attendu en Somalie jeudi"},"content":{"rendered":"\n<h2 class=\"wp-block-heading\" id=\"h-mogadiscio-somalie-le-premier-ministre-ethiopien-abiy-ahmed-est-attendu-en-somalie-jeudi-une-nouvelle-etape-importante-pour-mettre-fin-a-des-mois-de-tensions-entre-les-deux-voisins-de-la-corne-de-l-afrique-a-annonce-a-l-afp-une-source-presidentielle-a-mogadiscio\">Mogadiscio,\u00a0Somalie &#8211; Le Premier ministre \u00e9thiopien Abiy Ahmed est attendu en Somalie jeudi, une nouvelle \u00e9tape importante pour mettre fin \u00e0 des mois de tensions entre les deux voisins de la Corne de l&rsquo;Afrique, a annonc\u00e9 \u00e0 l&rsquo;AFP une source pr\u00e9sidentielle \u00e0 Mogadiscio.<\/h2>\n\n\n<figure class=\"wp-block-embed wp-embed-aspect-16-9 wp-has-aspect-ratio  is-type-video is-provider-youtube wp-block-embed-youtube\"><div class=\"wp-block-embed__wrapper video-seo-youtube-embed-wrapper\"><div class=\"video-seo-youtube-player\" data-id=\"Q6GmOS7rKvI\"><\/div><\/div><\/figure>\n\n\n<h2 class=\"wp-block-heading\" id=\"h-\"><\/h2>\n\n\n\n<p><\/p>\n\n\n\n<p>Le pr\u00e9sident somalien Hassan Sheikh Mohamud et Abiy Ahmed s&rsquo;\u00e9taient vus en marge du sommet de l&rsquo;Union africaine mi-f\u00e9vrier, un mois apr\u00e8s que les deux voisins ont convenu \u00e0 Addis Abeba de r\u00e9tablir leurs relations diplomatiques apr\u00e8s des mois de crise, notamment sur l&rsquo;acc\u00e8s \u00e0 la mer de l&rsquo;Ethiopie.<\/p>\n\n\n\n<p>Les relations entre les deux voisins s&rsquo;\u00e9taient fortement tendues en janvier 2024 apr\u00e8s qu&rsquo;Addis Abeba a sign\u00e9 un protocole d&rsquo;accord avec la r\u00e9gion s\u00e9paratiste du Somaliland pr\u00e9voyant la location \u00e0 l&rsquo;\u00c9thiopie, pays enclav\u00e9 d&rsquo;environ 120 millions d&rsquo;habitants, de 20 km de c\u00f4tes du Somaliland, qui a unilat\u00e9ralement proclam\u00e9 son ind\u00e9pendance de la Somalie en 1991.<\/p>\n\n\n\n<p>Cet accord a ouvert une nouvelle crise entre ces deux voisins d&rsquo;Afrique de l&rsquo;Est qui se sont affront\u00e9s par deux fois au si\u00e8cle dernier.<\/p>\n\n\n\n<p>Apr\u00e8s des mois de brouille, le pr\u00e9sident turc Recep Tayyip Erdogan avait annonc\u00e9 le 11 d\u00e9cembre dernier que les dirigeants somalien et \u00e9thiopien avaient trouv\u00e9 un accord, sous ses auspices, \u00e0 Ankara, pour mettre fin aux tensions entre les deux pays.<\/p>\n\n\n\n<p>Selon le texte de l&rsquo;accord publi\u00e9 par la Turquie, les parties \u00e9taient convenues \u00ab\u00a0d&rsquo;abandonner les divergences d&rsquo;opinion et les questions litigieuses, et d&rsquo;aller r\u00e9solument de l&rsquo;avant dans la coop\u00e9ration en vue d&rsquo;une prosp\u00e9rit\u00e9 commune\u00a0\u00bb.<\/p>\n\n\n\n<p>Le gouvernement somalien n&rsquo;a pas encore officiellement \u00e9voqu\u00e9 sa visite, mais des pr\u00e9paratifs sont en cours, a d\u00e9clar\u00e9 \u00e0 l&rsquo;AFP un haut responsable du palais pr\u00e9sidentiel qui a requis l&rsquo;anonymat.<\/p>\n\n\n\n<p>\u00ab\u00a0Une d\u00e9l\u00e9gation \u00e9thiopienne de haut niveau dirig\u00e9e par le Premier ministre Abiy Ahmed est attendue \u00e0 Mogadiscio demain (&#8230;) Cela fait partie d&rsquo;un effort plus large pour finaliser et mettre en \u0153uvre l&rsquo;accord d&rsquo;Ankara\u00a0\u00bb, a-t-il ajout\u00e9.<\/p>\n\n\n\n<p><\/p>\n\n\n\n<p>\u00a9 Agence France-Presse<\/p>\n","protected":false},"excerpt":{"rendered":"<p>Mogadiscio,\u00a0Somalie &#8211; Le Premier ministre \u00e9thiopien Abiy Ahmed est attendu en Somalie jeudi, une nouvelle \u00e9tape importante pour mettre fin \u00e0 des mois de tensions entre les deux voisins de la Corne de l&rsquo;Afrique, a annonc\u00e9 \u00e0 l&rsquo;AFP une source pr\u00e9sidentielle \u00e0 Mogadiscio. Le pr\u00e9sident somalien Hassan Sheikh Mohamud et Abiy Ahmed s&rsquo;\u00e9taient vus en [&hellip;]<\/p>\n","protected":false},"author":10,"featured_media":17260,"comment_status":"open","ping_status":"open","sticky":false,"template":"","format":"standard","meta":{"_acf_changed":false,"om_disable_all_campaigns":false,"_monsterinsights_skip_tracking":false,"_monsterinsights_sitenote_active":false,"_monsterinsights_sitenote_note":"","_monsterinsights_sitenote_category":0,"tdm_status":"","tdm_grid_status":"","_jetpack_newsletter_access":"","_jetpack_dont_email_post_to_subs":false,"_jetpack_newsletter_tier_id":0,"_jetpack_memberships_contains_paywalled_content":false,"_jetpack_memberships_contains_paid_content":false,"footnotes":""},"categories":[293],"tags":[1067,1009,1011],"adr_country":[1100,1108],"class_list":{"0":"post-17257","1":"post","2":"type-post","3":"status-publish","4":"format-standard","5":"has-post-thumbnail","7":"category-actualites-fr","8":"tag-diplomacy-fr","9":"tag-ethiopia-fr","10":"tag-somalia-fr","11":"adr_country-ethiopie","12":"adr_country-somalie"},"acf":{"post_version":""},"yoast_head":"<!-- This site is optimized with the Yoast SEO Premium plugin v26.0 (Yoast SEO v27.4) - https:\/\/yoast.com\/product\/yoast-seo-premium-wordpress\/ -->\n<title>Le Premier ministre \u00e9thiopien attendu en Somalie jeudi - Africa Daily Report<\/title>\n<meta name=\"robots\" content=\"index, follow, max-snippet:-1, max-image-preview:large, max-video-preview:-1\" \/>\n<link rel=\"canonical\" href=\"https:\/\/africadailyreport.com\/fr\/2025\/02\/28\/ethiopia-somalia-reaffirm-ties-after-diplomatic-row\/\" \/>\n<meta property=\"og:locale\" content=\"fr_FR\" \/>\n<meta property=\"og:type\" content=\"article\" \/>\n<meta property=\"og:title\" content=\"Le Premier ministre \u00e9thiopien attendu en Somalie jeudi\" \/>\n<meta property=\"og:description\" content=\"Mogadiscio,\u00a0Somalie &#8211; Le Premier ministre \u00e9thiopien Abiy Ahmed est attendu en Somalie jeudi, une nouvelle \u00e9tape importante pour mettre fin \u00e0 des mois de tensions entre les deux voisins de la Corne de l&rsquo;Afrique, a annonc\u00e9 \u00e0 l&rsquo;AFP une source pr\u00e9sidentielle \u00e0 Mogadiscio. Le pr\u00e9sident somalien Hassan Sheikh Mohamud et Abiy Ahmed s&rsquo;\u00e9taient vus en [&hellip;]\" \/>\n<meta property=\"og:url\" content=\"https:\/\/africadailyreport.com\/fr\/2025\/02\/28\/ethiopia-somalia-reaffirm-ties-after-diplomatic-row\/\" \/>\n<meta property=\"og:site_name\" content=\"Africa Daily Report\" \/>\n<meta property=\"article:publisher\" content=\"https:\/\/www.facebook.com\/africadailyreport\" \/>\n<meta property=\"article:published_time\" content=\"2025-02-28T01:26:20+00:00\" \/>\n<meta property=\"article:modified_time\" content=\"2025-02-28T10:21:51+00:00\" \/>\n<meta property=\"og:image\" content=\"https:\/\/i0.wp.com\/africadailyreport.com\/wp-content\/uploads\/2025\/02\/sddefault.jpg?fit=640%2C480&ssl=1\" \/>\n\t<meta property=\"og:image:width\" content=\"640\" \/>\n\t<meta property=\"og:image:height\" content=\"480\" \/>\n\t<meta property=\"og:image:type\" content=\"image\/jpeg\" \/>\n<meta name=\"author\" content=\"ADR\/AFP\" \/>\n<meta name=\"twitter:card\" content=\"summary_large_image\" \/>\n<meta name=\"twitter:creator\" content=\"@adr_africa\" \/>\n<meta name=\"twitter:site\" content=\"@adr_africa\" \/>\n<meta name=\"twitter:label1\" content=\"\u00c9crit par\" \/>\n\t<meta name=\"twitter:data1\" content=\"ADR\/AFP\" \/>\n\t<meta name=\"twitter:label2\" content=\"Dur\u00e9e de lecture estim\u00e9e\" \/>\n\t<meta name=\"twitter:data2\" content=\"2 minutes\" \/>\n<script type=\"application\/ld+json\" class=\"yoast-schema-graph\">{\"@context\":\"https:\\\/\\\/schema.org\",\"@graph\":[{\"@type\":\"Article\",\"@id\":\"https:\\\/\\\/africadailyreport.com\\\/fr\\\/2025\\\/02\\\/28\\\/ethiopia-somalia-reaffirm-ties-after-diplomatic-row\\\/#article\",\"isPartOf\":{\"@id\":\"https:\\\/\\\/africadailyreport.com\\\/fr\\\/2025\\\/02\\\/28\\\/ethiopia-somalia-reaffirm-ties-after-diplomatic-row\\\/\"},\"author\":{\"name\":\"ADR\\\/AFP\",\"@id\":\"https:\\\/\\\/africadailyreport.com\\\/fr\\\/#\\\/schema\\\/person\\\/c44d86d79f5570b3ba4cf70c989843f8\"},\"headline\":\"Le Premier ministre \u00e9thiopien attendu en Somalie jeudi\",\"datePublished\":\"2025-02-28T01:26:20+00:00\",\"dateModified\":\"2025-02-28T10:21:51+00:00\",\"mainEntityOfPage\":{\"@id\":\"https:\\\/\\\/africadailyreport.com\\\/fr\\\/2025\\\/02\\\/28\\\/ethiopia-somalia-reaffirm-ties-after-diplomatic-row\\\/\"},\"wordCount\":370,\"commentCount\":0,\"publisher\":{\"@id\":\"https:\\\/\\\/africadailyreport.com\\\/fr\\\/#organization\"},\"image\":{\"@id\":\"https:\\\/\\\/africadailyreport.com\\\/fr\\\/2025\\\/02\\\/28\\\/ethiopia-somalia-reaffirm-ties-after-diplomatic-row\\\/#primaryimage\"},\"thumbnailUrl\":\"https:\\\/\\\/i0.wp.com\\\/africadailyreport.com\\\/wp-content\\\/uploads\\\/2025\\\/02\\\/sddefault.jpg?fit=640%2C480&ssl=1\",\"keywords\":[\"diplomacy\",\"ethiopia\",\"Somalia\"],\"articleSection\":[\"Actualit\u00e9s\"],\"inLanguage\":\"fr-FR\",\"potentialAction\":[{\"@type\":\"CommentAction\",\"name\":\"Comment\",\"target\":[\"https:\\\/\\\/africadailyreport.com\\\/fr\\\/2025\\\/02\\\/28\\\/ethiopia-somalia-reaffirm-ties-after-diplomatic-row\\\/#respond\"]}],\"copyrightYear\":\"2025\",\"copyrightHolder\":{\"@id\":\"https:\\\/\\\/africadailyreport.com\\\/#organization\"}},{\"@type\":\"WebPage\",\"@id\":\"https:\\\/\\\/africadailyreport.com\\\/fr\\\/2025\\\/02\\\/28\\\/ethiopia-somalia-reaffirm-ties-after-diplomatic-row\\\/\",\"url\":\"https:\\\/\\\/africadailyreport.com\\\/fr\\\/2025\\\/02\\\/28\\\/ethiopia-somalia-reaffirm-ties-after-diplomatic-row\\\/\",\"name\":\"Le Premier ministre \u00e9thiopien attendu en Somalie jeudi - Africa Daily Report\",\"isPartOf\":{\"@id\":\"https:\\\/\\\/africadailyreport.com\\\/fr\\\/#website\"},\"primaryImageOfPage\":{\"@id\":\"https:\\\/\\\/africadailyreport.com\\\/fr\\\/2025\\\/02\\\/28\\\/ethiopia-somalia-reaffirm-ties-after-diplomatic-row\\\/#primaryimage\"},\"image\":{\"@id\":\"https:\\\/\\\/africadailyreport.com\\\/fr\\\/2025\\\/02\\\/28\\\/ethiopia-somalia-reaffirm-ties-after-diplomatic-row\\\/#primaryimage\"},\"thumbnailUrl\":\"https:\\\/\\\/i0.wp.com\\\/africadailyreport.com\\\/wp-content\\\/uploads\\\/2025\\\/02\\\/sddefault.jpg?fit=640%2C480&ssl=1\",\"datePublished\":\"2025-02-28T01:26:20+00:00\",\"dateModified\":\"2025-02-28T10:21:51+00:00\",\"breadcrumb\":{\"@id\":\"https:\\\/\\\/africadailyreport.com\\\/fr\\\/2025\\\/02\\\/28\\\/ethiopia-somalia-reaffirm-ties-after-diplomatic-row\\\/#breadcrumb\"},\"inLanguage\":\"fr-FR\",\"potentialAction\":[{\"@type\":\"ReadAction\",\"target\":[\"https:\\\/\\\/africadailyreport.com\\\/fr\\\/2025\\\/02\\\/28\\\/ethiopia-somalia-reaffirm-ties-after-diplomatic-row\\\/\"]}]},{\"@type\":\"ImageObject\",\"inLanguage\":\"fr-FR\",\"@id\":\"https:\\\/\\\/africadailyreport.com\\\/fr\\\/2025\\\/02\\\/28\\\/ethiopia-somalia-reaffirm-ties-after-diplomatic-row\\\/#primaryimage\",\"url\":\"https:\\\/\\\/i0.wp.com\\\/africadailyreport.com\\\/wp-content\\\/uploads\\\/2025\\\/02\\\/sddefault.jpg?fit=640%2C480&ssl=1\",\"contentUrl\":\"https:\\\/\\\/i0.wp.com\\\/africadailyreport.com\\\/wp-content\\\/uploads\\\/2025\\\/02\\\/sddefault.jpg?fit=640%2C480&ssl=1\",\"width\":640,\"height\":480},{\"@type\":\"BreadcrumbList\",\"@id\":\"https:\\\/\\\/africadailyreport.com\\\/fr\\\/2025\\\/02\\\/28\\\/ethiopia-somalia-reaffirm-ties-after-diplomatic-row\\\/#breadcrumb\",\"itemListElement\":[{\"@type\":\"ListItem\",\"position\":1,\"name\":\"Home\",\"item\":\"https:\\\/\\\/africadailyreport.com\\\/fr\\\/\"},{\"@type\":\"ListItem\",\"position\":2,\"name\":\"Le Premier ministre \u00e9thiopien attendu en Somalie jeudi\"}]},{\"@type\":\"WebSite\",\"@id\":\"https:\\\/\\\/africadailyreport.com\\\/fr\\\/#website\",\"url\":\"https:\\\/\\\/africadailyreport.com\\\/fr\\\/\",\"name\":\"Africa Daily Report\",\"description\":\"\",\"publisher\":{\"@id\":\"https:\\\/\\\/africadailyreport.com\\\/fr\\\/#organization\"},\"potentialAction\":[{\"@type\":\"SearchAction\",\"target\":{\"@type\":\"EntryPoint\",\"urlTemplate\":\"https:\\\/\\\/africadailyreport.com\\\/fr\\\/?s={search_term_string}\"},\"query-input\":{\"@type\":\"PropertyValueSpecification\",\"valueRequired\":true,\"valueName\":\"search_term_string\"}}],\"inLanguage\":\"fr-FR\"},{\"@type\":\"Organization\",\"@id\":\"https:\\\/\\\/africadailyreport.com\\\/fr\\\/#organization\",\"name\":\"Africa Daily Report\",\"url\":\"https:\\\/\\\/africadailyreport.com\\\/fr\\\/\",\"logo\":{\"@type\":\"ImageObject\",\"inLanguage\":\"fr-FR\",\"@id\":\"https:\\\/\\\/africadailyreport.com\\\/fr\\\/#\\\/schema\\\/logo\\\/image\\\/\",\"url\":\"https:\\\/\\\/africadailyreport.com\\\/wp-content\\\/uploads\\\/2024\\\/09\\\/ADR-Transparent-Green-Logo-1.png\",\"contentUrl\":\"https:\\\/\\\/africadailyreport.com\\\/wp-content\\\/uploads\\\/2024\\\/09\\\/ADR-Transparent-Green-Logo-1.png\",\"width\":267,\"height\":185,\"caption\":\"Africa Daily Report\"},\"image\":{\"@id\":\"https:\\\/\\\/africadailyreport.com\\\/fr\\\/#\\\/schema\\\/logo\\\/image\\\/\"},\"sameAs\":[\"https:\\\/\\\/www.facebook.com\\\/africadailyreport\",\"https:\\\/\\\/x.com\\\/adr_africa\",\"https:\\\/\\\/www.youtube.com\\\/@africadailyreport\",\"https:\\\/\\\/instagram.com\\\/africadailyreport\"]},{\"@type\":\"Person\",\"@id\":\"https:\\\/\\\/africadailyreport.com\\\/fr\\\/#\\\/schema\\\/person\\\/c44d86d79f5570b3ba4cf70c989843f8\",\"name\":\"ADR\\\/AFP\",\"image\":{\"@type\":\"ImageObject\",\"inLanguage\":\"fr-FR\",\"@id\":\"https:\\\/\\\/secure.gravatar.com\\\/avatar\\\/2fbdc3782aa386b408fd9a36f0bc78ee569c94a7a05670cab3a1d72916408214?s=96&d=mm&r=g\",\"url\":\"https:\\\/\\\/secure.gravatar.com\\\/avatar\\\/2fbdc3782aa386b408fd9a36f0bc78ee569c94a7a05670cab3a1d72916408214?s=96&d=mm&r=g\",\"contentUrl\":\"https:\\\/\\\/secure.gravatar.com\\\/avatar\\\/2fbdc3782aa386b408fd9a36f0bc78ee569c94a7a05670cab3a1d72916408214?s=96&d=mm&r=g\",\"caption\":\"ADR\\\/AFP\"},\"sameAs\":[\"http:\\\/\\\/africadailyreport.com\"],\"url\":\"https:\\\/\\\/africadailyreport.com\\\/fr\\\/author\\\/both\\\/\"}]}<\/script>\n<meta property=\"og:video\" content=\"https:\/\/www.youtube.com\/embed\/Q6GmOS7rKvI\" \/>\n<meta property=\"og:video:type\" content=\"text\/html\" \/>\n<meta property=\"og:video:duration\" content=\"65\" \/>\n<meta property=\"og:video:width\" content=\"480\" \/>\n<meta property=\"og:video:height\" content=\"270\" \/>\n<meta property=\"ya:ovs:adult\" content=\"false\" \/>\n<meta property=\"ya:ovs:upload_date\" content=\"2025-02-28T01:26:20+00:00\" \/>\n<meta property=\"ya:ovs:allow_embed\" content=\"true\" \/>\n<!-- \/ Yoast SEO Premium plugin. -->","yoast_head_json":{"title":"Le Premier ministre \u00e9thiopien attendu en Somalie jeudi - Africa Daily Report","robots":{"index":"index","follow":"follow","max-snippet":"max-snippet:-1","max-image-preview":"max-image-preview:large","max-video-preview":"max-video-preview:-1"},"canonical":"https:\/\/africadailyreport.com\/fr\/2025\/02\/28\/ethiopia-somalia-reaffirm-ties-after-diplomatic-row\/","og_locale":"fr_FR","og_type":"article","og_title":"Le Premier ministre \u00e9thiopien attendu en Somalie jeudi","og_description":"Mogadiscio,\u00a0Somalie &#8211; Le Premier ministre \u00e9thiopien Abiy Ahmed est attendu en Somalie jeudi, une nouvelle \u00e9tape importante pour mettre fin \u00e0 des mois de tensions entre les deux voisins de la Corne de l&rsquo;Afrique, a annonc\u00e9 \u00e0 l&rsquo;AFP une source pr\u00e9sidentielle \u00e0 Mogadiscio. Le pr\u00e9sident somalien Hassan Sheikh Mohamud et Abiy Ahmed s&rsquo;\u00e9taient vus en [&hellip;]","og_url":"https:\/\/africadailyreport.com\/fr\/2025\/02\/28\/ethiopia-somalia-reaffirm-ties-after-diplomatic-row\/","og_site_name":"Africa Daily Report","article_publisher":"https:\/\/www.facebook.com\/africadailyreport","article_published_time":"2025-02-28T01:26:20+00:00","article_modified_time":"2025-02-28T10:21:51+00:00","og_image":[{"width":640,"height":480,"url":"https:\/\/i0.wp.com\/africadailyreport.com\/wp-content\/uploads\/2025\/02\/sddefault.jpg?fit=640%2C480&ssl=1","type":"image\/jpeg"}],"author":"ADR\/AFP","twitter_card":"summary_large_image","twitter_creator":"@adr_africa","twitter_site":"@adr_africa","twitter_misc":{"\u00c9crit par":"ADR\/AFP","Dur\u00e9e de lecture estim\u00e9e":"2 minutes"},"schema":{"@context":"https:\/\/schema.org","@graph":[{"@type":"Article","@id":"https:\/\/africadailyreport.com\/fr\/2025\/02\/28\/ethiopia-somalia-reaffirm-ties-after-diplomatic-row\/#article","isPartOf":{"@id":"https:\/\/africadailyreport.com\/fr\/2025\/02\/28\/ethiopia-somalia-reaffirm-ties-after-diplomatic-row\/"},"author":{"name":"ADR\/AFP","@id":"https:\/\/africadailyreport.com\/fr\/#\/schema\/person\/c44d86d79f5570b3ba4cf70c989843f8"},"headline":"Le Premier ministre \u00e9thiopien attendu en Somalie jeudi","datePublished":"2025-02-28T01:26:20+00:00","dateModified":"2025-02-28T10:21:51+00:00","mainEntityOfPage":{"@id":"https:\/\/africadailyreport.com\/fr\/2025\/02\/28\/ethiopia-somalia-reaffirm-ties-after-diplomatic-row\/"},"wordCount":370,"commentCount":0,"publisher":{"@id":"https:\/\/africadailyreport.com\/fr\/#organization"},"image":{"@id":"https:\/\/africadailyreport.com\/fr\/2025\/02\/28\/ethiopia-somalia-reaffirm-ties-after-diplomatic-row\/#primaryimage"},"thumbnailUrl":"https:\/\/i0.wp.com\/africadailyreport.com\/wp-content\/uploads\/2025\/02\/sddefault.jpg?fit=640%2C480&ssl=1","keywords":["diplomacy","ethiopia","Somalia"],"articleSection":["Actualit\u00e9s"],"inLanguage":"fr-FR","potentialAction":[{"@type":"CommentAction","name":"Comment","target":["https:\/\/africadailyreport.com\/fr\/2025\/02\/28\/ethiopia-somalia-reaffirm-ties-after-diplomatic-row\/#respond"]}],"copyrightYear":"2025","copyrightHolder":{"@id":"https:\/\/africadailyreport.com\/#organization"}},{"@type":"WebPage","@id":"https:\/\/africadailyreport.com\/fr\/2025\/02\/28\/ethiopia-somalia-reaffirm-ties-after-diplomatic-row\/","url":"https:\/\/africadailyreport.com\/fr\/2025\/02\/28\/ethiopia-somalia-reaffirm-ties-after-diplomatic-row\/","name":"Le Premier ministre \u00e9thiopien attendu en Somalie jeudi - Africa Daily Report","isPartOf":{"@id":"https:\/\/africadailyreport.com\/fr\/#website"},"primaryImageOfPage":{"@id":"https:\/\/africadailyreport.com\/fr\/2025\/02\/28\/ethiopia-somalia-reaffirm-ties-after-diplomatic-row\/#primaryimage"},"image":{"@id":"https:\/\/africadailyreport.com\/fr\/2025\/02\/28\/ethiopia-somalia-reaffirm-ties-after-diplomatic-row\/#primaryimage"},"thumbnailUrl":"https:\/\/i0.wp.com\/africadailyreport.com\/wp-content\/uploads\/2025\/02\/sddefault.jpg?fit=640%2C480&ssl=1","datePublished":"2025-02-28T01:26:20+00:00","dateModified":"2025-02-28T10:21:51+00:00","breadcrumb":{"@id":"https:\/\/africadailyreport.com\/fr\/2025\/02\/28\/ethiopia-somalia-reaffirm-ties-after-diplomatic-row\/#breadcrumb"},"inLanguage":"fr-FR","potentialAction":[{"@type":"ReadAction","target":["https:\/\/africadailyreport.com\/fr\/2025\/02\/28\/ethiopia-somalia-reaffirm-ties-after-diplomatic-row\/"]}]},{"@type":"ImageObject","inLanguage":"fr-FR","@id":"https:\/\/africadailyreport.com\/fr\/2025\/02\/28\/ethiopia-somalia-reaffirm-ties-after-diplomatic-row\/#primaryimage","url":"https:\/\/i0.wp.com\/africadailyreport.com\/wp-content\/uploads\/2025\/02\/sddefault.jpg?fit=640%2C480&ssl=1","contentUrl":"https:\/\/i0.wp.com\/africadailyreport.com\/wp-content\/uploads\/2025\/02\/sddefault.jpg?fit=640%2C480&ssl=1","width":640,"height":480},{"@type":"BreadcrumbList","@id":"https:\/\/africadailyreport.com\/fr\/2025\/02\/28\/ethiopia-somalia-reaffirm-ties-after-diplomatic-row\/#breadcrumb","itemListElement":[{"@type":"ListItem","position":1,"name":"Home","item":"https:\/\/africadailyreport.com\/fr\/"},{"@type":"ListItem","position":2,"name":"Le Premier ministre \u00e9thiopien attendu en Somalie jeudi"}]},{"@type":"WebSite","@id":"https:\/\/africadailyreport.com\/fr\/#website","url":"https:\/\/africadailyreport.com\/fr\/","name":"Africa Daily Report","description":"","publisher":{"@id":"https:\/\/africadailyreport.com\/fr\/#organization"},"potentialAction":[{"@type":"SearchAction","target":{"@type":"EntryPoint","urlTemplate":"https:\/\/africadailyreport.com\/fr\/?s={search_term_string}"},"query-input":{"@type":"PropertyValueSpecification","valueRequired":true,"valueName":"search_term_string"}}],"inLanguage":"fr-FR"},{"@type":"Organization","@id":"https:\/\/africadailyreport.com\/fr\/#organization","name":"Africa Daily Report","url":"https:\/\/africadailyreport.com\/fr\/","logo":{"@type":"ImageObject","inLanguage":"fr-FR","@id":"https:\/\/africadailyreport.com\/fr\/#\/schema\/logo\/image\/","url":"https:\/\/africadailyreport.com\/wp-content\/uploads\/2024\/09\/ADR-Transparent-Green-Logo-1.png","contentUrl":"https:\/\/africadailyreport.com\/wp-content\/uploads\/2024\/09\/ADR-Transparent-Green-Logo-1.png","width":267,"height":185,"caption":"Africa Daily Report"},"image":{"@id":"https:\/\/africadailyreport.com\/fr\/#\/schema\/logo\/image\/"},"sameAs":["https:\/\/www.facebook.com\/africadailyreport","https:\/\/x.com\/adr_africa","https:\/\/www.youtube.com\/@africadailyreport","https:\/\/instagram.com\/africadailyreport"]},{"@type":"Person","@id":"https:\/\/africadailyreport.com\/fr\/#\/schema\/person\/c44d86d79f5570b3ba4cf70c989843f8","name":"ADR\/AFP","image":{"@type":"ImageObject","inLanguage":"fr-FR","@id":"https:\/\/secure.gravatar.com\/avatar\/2fbdc3782aa386b408fd9a36f0bc78ee569c94a7a05670cab3a1d72916408214?s=96&d=mm&r=g","url":"https:\/\/secure.gravatar.com\/avatar\/2fbdc3782aa386b408fd9a36f0bc78ee569c94a7a05670cab3a1d72916408214?s=96&d=mm&r=g","contentUrl":"https:\/\/secure.gravatar.com\/avatar\/2fbdc3782aa386b408fd9a36f0bc78ee569c94a7a05670cab3a1d72916408214?s=96&d=mm&r=g","caption":"ADR\/AFP"},"sameAs":["http:\/\/africadailyreport.com"],"url":"https:\/\/africadailyreport.com\/fr\/author\/both\/"}]},"og_video":"https:\/\/www.youtube.com\/embed\/Q6GmOS7rKvI","og_video_type":"text\/html","og_video_duration":"65","og_video_width":"480","og_video_height":"270","ya_ovs_adult":"false","ya_ovs_upload_date":"2025-02-28T01:26:20+00:00","ya_ovs_allow_embed":"true"},"jetpack_featured_media_url":"https:\/\/i0.wp.com\/africadailyreport.com\/wp-content\/uploads\/2025\/02\/sddefault.jpg?fit=640%2C480&ssl=1","jetpack_sharing_enabled":true,"amp_enabled":true,"_links":{"self":[{"href":"https:\/\/africadailyreport.com\/fr\/wp-json\/wp\/v2\/posts\/17257","targetHints":{"allow":["GET"]}}],"collection":[{"href":"https:\/\/africadailyreport.com\/fr\/wp-json\/wp\/v2\/posts"}],"about":[{"href":"https:\/\/africadailyreport.com\/fr\/wp-json\/wp\/v2\/types\/post"}],"author":[{"embeddable":true,"href":"https:\/\/africadailyreport.com\/fr\/wp-json\/wp\/v2\/users\/10"}],"replies":[{"embeddable":true,"href":"https:\/\/africadailyreport.com\/fr\/wp-json\/wp\/v2\/comments?post=17257"}],"version-history":[{"count":5,"href":"https:\/\/africadailyreport.com\/fr\/wp-json\/wp\/v2\/posts\/17257\/revisions"}],"predecessor-version":[{"id":17399,"href":"https:\/\/africadailyreport.com\/fr\/wp-json\/wp\/v2\/posts\/17257\/revisions\/17399"}],"wp:featuredmedia":[{"embeddable":true,"href":"https:\/\/africadailyreport.com\/fr\/wp-json\/wp\/v2\/media\/17260"}],"wp:attachment":[{"href":"https:\/\/africadailyreport.com\/fr\/wp-json\/wp\/v2\/media?parent=17257"}],"wp:term":[{"taxonomy":"category","embeddable":true,"href":"https:\/\/africadailyreport.com\/fr\/wp-json\/wp\/v2\/categories?post=17257"},{"taxonomy":"post_tag","embeddable":true,"href":"https:\/\/africadailyreport.com\/fr\/wp-json\/wp\/v2\/tags?post=17257"},{"taxonomy":"adr_country","embeddable":true,"href":"https:\/\/africadailyreport.com\/fr\/wp-json\/wp\/v2\/adr_country?post=17257"}],"curies":[{"name":"wp","href":"https:\/\/api.w.org\/{rel}","templated":true}]}}