{"id":17222,"date":"2025-02-28T00:38:30","date_gmt":"2025-02-28T00:38:30","guid":{"rendered":"https:\/\/africadailyreport.com\/2025\/02\/28\/guinea-bissau-major-security-deployed-in-capital-after-strike-call\/"},"modified":"2025-02-28T04:58:38","modified_gmt":"2025-02-28T04:58:38","slug":"guinea-bissau-major-security-deployed-in-capital-after-strike-call","status":"publish","type":"post","link":"https:\/\/africadailyreport.com\/fr\/2025\/02\/28\/guinea-bissau-major-security-deployed-in-capital-after-strike-call\/","title":{"rendered":"Guin\u00e9e-Bissau: l&rsquo;opposition appelle \u00e0 \u00ab\u00a0la paralysie totale du pays\u00a0\u00bb \u00e0 partir de jeudi"},"content":{"rendered":"\n<h2 class=\"wp-block-heading\" id=\"h-bissau-guinea-bissau-l-opposition-en-guinee-bissau-a-appele-a-la-paralysie-totale-du-pays-a-partir-de-jeudi-jour-ou-selon-elle-le-mandat-du-president-umaro-sissoco-embalo-devrait-prendre-fin-cinq-ans-apres-sa-prestation-de-serment\"><strong>Bissau,\u00a0Guinea-Bissau &#8211;<\/strong> L&rsquo;opposition en Guin\u00e9e-Bissau a appel\u00e9 \u00e0 \u00ab\u00a0la paralysie totale\u00a0\u00bb du pays \u00e0 partir de jeudi, jour o\u00f9, selon elle, le mandat du pr\u00e9sident Umaro Sissoco Embalo devrait prendre fin, cinq ans apr\u00e8s sa prestation de serment.<\/h2>\n\n\n\n\n\n<p><\/p>\n\n\n\n<p>\u00ab\u00a0Nous appelons la population \u00e0 rester \u00e0 la maison. Tous les march\u00e9s, boutiques et les bureaux seront ferm\u00e9s. Nous demandons aux transports de cesser toute activit\u00e9 demain\u00a0\u00bb, a d\u00e9clar\u00e9 l&rsquo;ancien Premier ministre Nuno Gomes Nabiam mercredi dans un discours au nom de la coalition d&rsquo;opposition Alliance populaire inclusive.<\/p>\n\n\n\n<p>\u00ab\u00a0Nous appelons \u00e0 la paralysie totale du pays\u00a0\u00bb, a-t-il martel\u00e9 devant des centaines de partisans apr\u00e8s une r\u00e9union des leaders de la formation.<\/p>\n\n\n\n<p>Le pr\u00e9sident Embalo, qui a annonc\u00e9 dimanche des \u00e9lections pr\u00e9sidentielle et l\u00e9gislatives pour le 30 novembre prochain, avait pr\u00eat\u00e9 serment pour un mandat de cinq ans le 27 f\u00e9vrier 2020 apr\u00e8s un scrutin contest\u00e9.<\/p>\n\n\n\n<p>L&rsquo;opposition, emmen\u00e9e par l&rsquo;ex-Premier ministre Domingos Simoes Pereira, consid\u00e8re que le mandat de M. Embalo arrive \u00e0 \u00e9ch\u00e9ance jeudi.<\/p>\n\n\n\n<p>Les attroupements ont \u00e9t\u00e9 interdits depuis plusieurs semaines par le minist\u00e8re de l&rsquo;Int\u00e9rieur \u00e0 l&rsquo;approche du 27 f\u00e9vrier.<\/p>\n\n\n\n<p>Un important dispositif de maintien de l&rsquo;ordre a \u00e9t\u00e9 d\u00e9ploy\u00e9 mercredi soir sur les points strat\u00e9giques de la capitale, a constat\u00e9 un journaliste de l&rsquo;AFP.<\/p>\n\n\n\n<p>\u00ab\u00a0Vaquez tranquillement \u00e0 vos activit\u00e9s. Il ne se passera rien dans ce pays. Nous avons pris les dispositions l\u00e9gales pr\u00e9vues par la loi pour garantir la s\u00e9curit\u00e9 de nos populations\u00a0\u00bb, a d\u00e9clar\u00e9 le ministre de l&rsquo;int\u00e9rieur, Botche Cand\u00e9.<\/p>\n\n\n\n<p>\u00ab\u00a0Tous les agents de l&rsquo;administration publique sont appel\u00e9s \u00e0 se pr\u00e9senter \u00e0 leur lieux de travail les 27 et 28 f\u00e9vrier 2025\u00a0\u00bb, a indiqu\u00e9 mercredi le minist\u00e8re de l&rsquo;Emploi et de la fonction publique dans un communiqu\u00e9 sur sa page Facebook.<\/p>\n\n\n\n<p>Une mission de haut niveau de la Communaut\u00e9 des Etats d&rsquo;Afrique de l&rsquo;Ouest (Cedeao) a re\u00e7u mardi les leaders de plusieurs partis pour tenter de faire renouer le dialogue politique dans ce pays coutumier des troubles politiques.<\/p>\n\n\n\n<p>En d\u00e9cembre 2023, M. Embalo a dissous le Parlement domin\u00e9 \u00e0 l&rsquo;\u00e9poque par l&rsquo;opposition, trois jours apr\u00e8s des affrontements arm\u00e9s qu&rsquo;il a pr\u00e9sent\u00e9s comme une tentative de coup d&rsquo;Etat dans ce petit pays d&rsquo;Afrique de l&rsquo;Ouest.<\/p>\n\n\n\n<p>Il avait ensuite fix\u00e9 au 24 novembre 2024 les l\u00e9gislatives anticip\u00e9es, avant de les reporter sine die par un d\u00e9cret pr\u00e9sidentiel, invoquant des difficult\u00e9s logistiques et financi\u00e8res.<\/p>\n\n\n\n<p><\/p>\n\n\n\n<p>\u00a9 Agence France-Presse<\/p>\n","protected":false},"excerpt":{"rendered":"<p>Bissau,\u00a0Guinea-Bissau &#8211; L&rsquo;opposition en Guin\u00e9e-Bissau a appel\u00e9 \u00e0 \u00ab\u00a0la paralysie totale\u00a0\u00bb du pays \u00e0 partir de jeudi, jour o\u00f9, selon elle, le mandat du pr\u00e9sident Umaro Sissoco Embalo devrait prendre fin, cinq ans apr\u00e8s sa prestation de serment. \u00ab\u00a0Nous appelons la population \u00e0 rester \u00e0 la maison. Tous les march\u00e9s, boutiques et les bureaux seront [&hellip;]<\/p>\n","protected":false},"author":10,"featured_media":17220,"comment_status":"open","ping_status":"open","sticky":false,"template":"","format":"standard","meta":{"_acf_changed":false,"om_disable_all_campaigns":false,"_monsterinsights_skip_tracking":false,"_monsterinsights_sitenote_active":false,"_monsterinsights_sitenote_note":"","_monsterinsights_sitenote_category":0,"tdm_status":"","tdm_grid_status":"","_jetpack_newsletter_access":"","_jetpack_dont_email_post_to_subs":false,"_jetpack_newsletter_tier_id":0,"_jetpack_memberships_contains_paywalled_content":false,"_jetpack_memberships_contains_paid_content":false,"footnotes":""},"categories":[782],"tags":[2784,2781,2780,2782,1170,692,2746],"adr_country":[2747,2685,2785],"class_list":{"0":"post-17222","1":"post","2":"type-post","3":"status-publish","4":"format-standard","5":"has-post-thumbnail","7":"category-politique-fr","8":"tag-embalo","9":"tag-greve","10":"tag-guinee-bissau","11":"tag-paralysies","12":"tag-politics-fr","13":"tag-politique-3","14":"tag-strike-fr","15":"adr_country-guinea-bissau-fr","16":"adr_country-guinee-fr","17":"adr_country-guinee-bissau"},"acf":{"post_version":""},"yoast_head":"<!-- This site is optimized with the Yoast SEO Premium plugin v26.0 (Yoast SEO v27.4) - https:\/\/yoast.com\/product\/yoast-seo-premium-wordpress\/ -->\n<title>Guin\u00e9e-Bissau: l&#039;opposition appelle \u00e0 &quot;la paralysie totale du pays&quot; \u00e0 partir de jeudi - Africa Daily Report<\/title>\n<meta name=\"robots\" content=\"index, follow, max-snippet:-1, max-image-preview:large, max-video-preview:-1\" \/>\n<link rel=\"canonical\" href=\"https:\/\/africadailyreport.com\/fr\/2025\/02\/28\/guinea-bissau-major-security-deployed-in-capital-after-strike-call\/\" \/>\n<meta property=\"og:locale\" content=\"fr_FR\" \/>\n<meta property=\"og:type\" content=\"article\" \/>\n<meta property=\"og:title\" content=\"Guin\u00e9e-Bissau: l&#039;opposition appelle \u00e0 &quot;la paralysie totale du pays&quot; \u00e0 partir de jeudi\" \/>\n<meta property=\"og:description\" content=\"Bissau,\u00a0Guinea-Bissau &#8211; L&rsquo;opposition en Guin\u00e9e-Bissau a appel\u00e9 \u00e0 \u00ab\u00a0la paralysie totale\u00a0\u00bb du pays \u00e0 partir de jeudi, jour o\u00f9, selon elle, le mandat du pr\u00e9sident Umaro Sissoco Embalo devrait prendre fin, cinq ans apr\u00e8s sa prestation de serment. \u00ab\u00a0Nous appelons la population \u00e0 rester \u00e0 la maison. Tous les march\u00e9s, boutiques et les bureaux seront [&hellip;]\" \/>\n<meta property=\"og:url\" content=\"https:\/\/africadailyreport.com\/fr\/2025\/02\/28\/guinea-bissau-major-security-deployed-in-capital-after-strike-call\/\" \/>\n<meta property=\"og:site_name\" content=\"Africa Daily Report\" \/>\n<meta property=\"article:publisher\" content=\"https:\/\/www.facebook.com\/africadailyreport\" \/>\n<meta property=\"article:published_time\" content=\"2025-02-28T00:38:30+00:00\" \/>\n<meta property=\"article:modified_time\" content=\"2025-02-28T04:58:38+00:00\" \/>\n<meta property=\"og:image\" content=\"https:\/\/africadailyreport.com\/wp-content\/uploads\/2025\/02\/AFP__20250226__36YN4Y7__v1__HighRes__RussiaGuineaBissauPoliticsDiplomacy.jpg\" \/>\n\t<meta property=\"og:image:width\" content=\"1\" \/>\n\t<meta property=\"og:image:height\" content=\"1\" \/>\n\t<meta property=\"og:image:type\" content=\"image\/jpeg\" \/>\n<meta name=\"author\" content=\"ADR\/AFP\" \/>\n<meta name=\"twitter:card\" content=\"summary_large_image\" \/>\n<meta name=\"twitter:creator\" content=\"@adr_africa\" \/>\n<meta name=\"twitter:site\" content=\"@adr_africa\" \/>\n<meta name=\"twitter:label1\" content=\"\u00c9crit par\" \/>\n\t<meta name=\"twitter:data1\" content=\"ADR\/AFP\" \/>\n\t<meta name=\"twitter:label2\" content=\"Dur\u00e9e de lecture estim\u00e9e\" \/>\n\t<meta name=\"twitter:data2\" content=\"3 minutes\" \/>\n<script type=\"application\/ld+json\" class=\"yoast-schema-graph\">{\"@context\":\"https:\\\/\\\/schema.org\",\"@graph\":[{\"@type\":\"Article\",\"@id\":\"https:\\\/\\\/africadailyreport.com\\\/fr\\\/2025\\\/02\\\/28\\\/guinea-bissau-major-security-deployed-in-capital-after-strike-call\\\/#article\",\"isPartOf\":{\"@id\":\"https:\\\/\\\/africadailyreport.com\\\/fr\\\/2025\\\/02\\\/28\\\/guinea-bissau-major-security-deployed-in-capital-after-strike-call\\\/\"},\"author\":{\"name\":\"ADR\\\/AFP\",\"@id\":\"https:\\\/\\\/africadailyreport.com\\\/fr\\\/#\\\/schema\\\/person\\\/c44d86d79f5570b3ba4cf70c989843f8\"},\"headline\":\"Guin\u00e9e-Bissau: l&rsquo;opposition appelle \u00e0 \u00ab\u00a0la paralysie totale du pays\u00a0\u00bb \u00e0 partir de jeudi\",\"datePublished\":\"2025-02-28T00:38:30+00:00\",\"dateModified\":\"2025-02-28T04:58:38+00:00\",\"mainEntityOfPage\":{\"@id\":\"https:\\\/\\\/africadailyreport.com\\\/fr\\\/2025\\\/02\\\/28\\\/guinea-bissau-major-security-deployed-in-capital-after-strike-call\\\/\"},\"wordCount\":443,\"commentCount\":0,\"publisher\":{\"@id\":\"https:\\\/\\\/africadailyreport.com\\\/fr\\\/#organization\"},\"image\":{\"@id\":\"https:\\\/\\\/africadailyreport.com\\\/fr\\\/2025\\\/02\\\/28\\\/guinea-bissau-major-security-deployed-in-capital-after-strike-call\\\/#primaryimage\"},\"thumbnailUrl\":\"https:\\\/\\\/i0.wp.com\\\/africadailyreport.com\\\/wp-content\\\/uploads\\\/2025\\\/02\\\/AFP__20250226__36YN4Y7__v1__HighRes__RussiaGuineaBissauPoliticsDiplomacy.jpg?fit=%2C&ssl=1\",\"keywords\":[\"embalo\",\"greve\",\"guinee bissau\",\"paralysies\",\"Politics\",\"politique\",\"strike\"],\"articleSection\":[\"POLITIQUE\"],\"inLanguage\":\"fr-FR\",\"potentialAction\":[{\"@type\":\"CommentAction\",\"name\":\"Comment\",\"target\":[\"https:\\\/\\\/africadailyreport.com\\\/fr\\\/2025\\\/02\\\/28\\\/guinea-bissau-major-security-deployed-in-capital-after-strike-call\\\/#respond\"]}],\"copyrightYear\":\"2025\",\"copyrightHolder\":{\"@id\":\"https:\\\/\\\/africadailyreport.com\\\/#organization\"}},{\"@type\":\"WebPage\",\"@id\":\"https:\\\/\\\/africadailyreport.com\\\/fr\\\/2025\\\/02\\\/28\\\/guinea-bissau-major-security-deployed-in-capital-after-strike-call\\\/\",\"url\":\"https:\\\/\\\/africadailyreport.com\\\/fr\\\/2025\\\/02\\\/28\\\/guinea-bissau-major-security-deployed-in-capital-after-strike-call\\\/\",\"name\":\"Guin\u00e9e-Bissau: l'opposition appelle \u00e0 \\\"la paralysie totale du pays\\\" \u00e0 partir de jeudi - Africa Daily Report\",\"isPartOf\":{\"@id\":\"https:\\\/\\\/africadailyreport.com\\\/fr\\\/#website\"},\"primaryImageOfPage\":{\"@id\":\"https:\\\/\\\/africadailyreport.com\\\/fr\\\/2025\\\/02\\\/28\\\/guinea-bissau-major-security-deployed-in-capital-after-strike-call\\\/#primaryimage\"},\"image\":{\"@id\":\"https:\\\/\\\/africadailyreport.com\\\/fr\\\/2025\\\/02\\\/28\\\/guinea-bissau-major-security-deployed-in-capital-after-strike-call\\\/#primaryimage\"},\"thumbnailUrl\":\"https:\\\/\\\/i0.wp.com\\\/africadailyreport.com\\\/wp-content\\\/uploads\\\/2025\\\/02\\\/AFP__20250226__36YN4Y7__v1__HighRes__RussiaGuineaBissauPoliticsDiplomacy.jpg?fit=%2C&ssl=1\",\"datePublished\":\"2025-02-28T00:38:30+00:00\",\"dateModified\":\"2025-02-28T04:58:38+00:00\",\"breadcrumb\":{\"@id\":\"https:\\\/\\\/africadailyreport.com\\\/fr\\\/2025\\\/02\\\/28\\\/guinea-bissau-major-security-deployed-in-capital-after-strike-call\\\/#breadcrumb\"},\"inLanguage\":\"fr-FR\",\"potentialAction\":[{\"@type\":\"ReadAction\",\"target\":[\"https:\\\/\\\/africadailyreport.com\\\/fr\\\/2025\\\/02\\\/28\\\/guinea-bissau-major-security-deployed-in-capital-after-strike-call\\\/\"]}]},{\"@type\":\"ImageObject\",\"inLanguage\":\"fr-FR\",\"@id\":\"https:\\\/\\\/africadailyreport.com\\\/fr\\\/2025\\\/02\\\/28\\\/guinea-bissau-major-security-deployed-in-capital-after-strike-call\\\/#primaryimage\",\"url\":\"https:\\\/\\\/i0.wp.com\\\/africadailyreport.com\\\/wp-content\\\/uploads\\\/2025\\\/02\\\/AFP__20250226__36YN4Y7__v1__HighRes__RussiaGuineaBissauPoliticsDiplomacy.jpg?fit=%2C&ssl=1\",\"contentUrl\":\"https:\\\/\\\/i0.wp.com\\\/africadailyreport.com\\\/wp-content\\\/uploads\\\/2025\\\/02\\\/AFP__20250226__36YN4Y7__v1__HighRes__RussiaGuineaBissauPoliticsDiplomacy.jpg?fit=%2C&ssl=1\",\"caption\":\"Guinea-Bissau's President Umaro Sissoco Embalo attends a meeting with Russian President at the Kremlin in Moscow on February 26, 2025. (Photo by YURI KOCHETKOV \\\/ POOL \\\/ AFP)\"},{\"@type\":\"BreadcrumbList\",\"@id\":\"https:\\\/\\\/africadailyreport.com\\\/fr\\\/2025\\\/02\\\/28\\\/guinea-bissau-major-security-deployed-in-capital-after-strike-call\\\/#breadcrumb\",\"itemListElement\":[{\"@type\":\"ListItem\",\"position\":1,\"name\":\"Home\",\"item\":\"https:\\\/\\\/africadailyreport.com\\\/fr\\\/\"},{\"@type\":\"ListItem\",\"position\":2,\"name\":\"Guin\u00e9e-Bissau: l&#8217;opposition appelle \u00e0 &#8220;la paralysie totale du pays&#8221; \u00e0 partir de jeudi\"}]},{\"@type\":\"WebSite\",\"@id\":\"https:\\\/\\\/africadailyreport.com\\\/fr\\\/#website\",\"url\":\"https:\\\/\\\/africadailyreport.com\\\/fr\\\/\",\"name\":\"Africa Daily Report\",\"description\":\"\",\"publisher\":{\"@id\":\"https:\\\/\\\/africadailyreport.com\\\/fr\\\/#organization\"},\"potentialAction\":[{\"@type\":\"SearchAction\",\"target\":{\"@type\":\"EntryPoint\",\"urlTemplate\":\"https:\\\/\\\/africadailyreport.com\\\/fr\\\/?s={search_term_string}\"},\"query-input\":{\"@type\":\"PropertyValueSpecification\",\"valueRequired\":true,\"valueName\":\"search_term_string\"}}],\"inLanguage\":\"fr-FR\"},{\"@type\":\"Organization\",\"@id\":\"https:\\\/\\\/africadailyreport.com\\\/fr\\\/#organization\",\"name\":\"Africa Daily Report\",\"url\":\"https:\\\/\\\/africadailyreport.com\\\/fr\\\/\",\"logo\":{\"@type\":\"ImageObject\",\"inLanguage\":\"fr-FR\",\"@id\":\"https:\\\/\\\/africadailyreport.com\\\/fr\\\/#\\\/schema\\\/logo\\\/image\\\/\",\"url\":\"https:\\\/\\\/africadailyreport.com\\\/wp-content\\\/uploads\\\/2024\\\/09\\\/ADR-Transparent-Green-Logo-1.png\",\"contentUrl\":\"https:\\\/\\\/africadailyreport.com\\\/wp-content\\\/uploads\\\/2024\\\/09\\\/ADR-Transparent-Green-Logo-1.png\",\"width\":267,\"height\":185,\"caption\":\"Africa Daily Report\"},\"image\":{\"@id\":\"https:\\\/\\\/africadailyreport.com\\\/fr\\\/#\\\/schema\\\/logo\\\/image\\\/\"},\"sameAs\":[\"https:\\\/\\\/www.facebook.com\\\/africadailyreport\",\"https:\\\/\\\/x.com\\\/adr_africa\",\"https:\\\/\\\/www.youtube.com\\\/@africadailyreport\",\"https:\\\/\\\/instagram.com\\\/africadailyreport\"]},{\"@type\":\"Person\",\"@id\":\"https:\\\/\\\/africadailyreport.com\\\/fr\\\/#\\\/schema\\\/person\\\/c44d86d79f5570b3ba4cf70c989843f8\",\"name\":\"ADR\\\/AFP\",\"image\":{\"@type\":\"ImageObject\",\"inLanguage\":\"fr-FR\",\"@id\":\"https:\\\/\\\/secure.gravatar.com\\\/avatar\\\/2fbdc3782aa386b408fd9a36f0bc78ee569c94a7a05670cab3a1d72916408214?s=96&d=mm&r=g\",\"url\":\"https:\\\/\\\/secure.gravatar.com\\\/avatar\\\/2fbdc3782aa386b408fd9a36f0bc78ee569c94a7a05670cab3a1d72916408214?s=96&d=mm&r=g\",\"contentUrl\":\"https:\\\/\\\/secure.gravatar.com\\\/avatar\\\/2fbdc3782aa386b408fd9a36f0bc78ee569c94a7a05670cab3a1d72916408214?s=96&d=mm&r=g\",\"caption\":\"ADR\\\/AFP\"},\"sameAs\":[\"http:\\\/\\\/africadailyreport.com\"],\"url\":\"https:\\\/\\\/africadailyreport.com\\\/fr\\\/author\\\/both\\\/\"}]}<\/script>\n<!-- \/ Yoast SEO Premium plugin. -->","yoast_head_json":{"title":"Guin\u00e9e-Bissau: l'opposition appelle \u00e0 \"la paralysie totale du pays\" \u00e0 partir de jeudi - Africa Daily Report","robots":{"index":"index","follow":"follow","max-snippet":"max-snippet:-1","max-image-preview":"max-image-preview:large","max-video-preview":"max-video-preview:-1"},"canonical":"https:\/\/africadailyreport.com\/fr\/2025\/02\/28\/guinea-bissau-major-security-deployed-in-capital-after-strike-call\/","og_locale":"fr_FR","og_type":"article","og_title":"Guin\u00e9e-Bissau: l'opposition appelle \u00e0 \"la paralysie totale du pays\" \u00e0 partir de jeudi","og_description":"Bissau,\u00a0Guinea-Bissau &#8211; L&rsquo;opposition en Guin\u00e9e-Bissau a appel\u00e9 \u00e0 \u00ab\u00a0la paralysie totale\u00a0\u00bb du pays \u00e0 partir de jeudi, jour o\u00f9, selon elle, le mandat du pr\u00e9sident Umaro Sissoco Embalo devrait prendre fin, cinq ans apr\u00e8s sa prestation de serment. \u00ab\u00a0Nous appelons la population \u00e0 rester \u00e0 la maison. Tous les march\u00e9s, boutiques et les bureaux seront [&hellip;]","og_url":"https:\/\/africadailyreport.com\/fr\/2025\/02\/28\/guinea-bissau-major-security-deployed-in-capital-after-strike-call\/","og_site_name":"Africa Daily Report","article_publisher":"https:\/\/www.facebook.com\/africadailyreport","article_published_time":"2025-02-28T00:38:30+00:00","article_modified_time":"2025-02-28T04:58:38+00:00","og_image":[{"url":"https:\/\/africadailyreport.com\/wp-content\/uploads\/2025\/02\/AFP__20250226__36YN4Y7__v1__HighRes__RussiaGuineaBissauPoliticsDiplomacy.jpg","width":1,"height":1,"type":"image\/jpeg"}],"author":"ADR\/AFP","twitter_card":"summary_large_image","twitter_creator":"@adr_africa","twitter_site":"@adr_africa","twitter_misc":{"\u00c9crit par":"ADR\/AFP","Dur\u00e9e de lecture estim\u00e9e":"3 minutes"},"schema":{"@context":"https:\/\/schema.org","@graph":[{"@type":"Article","@id":"https:\/\/africadailyreport.com\/fr\/2025\/02\/28\/guinea-bissau-major-security-deployed-in-capital-after-strike-call\/#article","isPartOf":{"@id":"https:\/\/africadailyreport.com\/fr\/2025\/02\/28\/guinea-bissau-major-security-deployed-in-capital-after-strike-call\/"},"author":{"name":"ADR\/AFP","@id":"https:\/\/africadailyreport.com\/fr\/#\/schema\/person\/c44d86d79f5570b3ba4cf70c989843f8"},"headline":"Guin\u00e9e-Bissau: l&rsquo;opposition appelle \u00e0 \u00ab\u00a0la paralysie totale du pays\u00a0\u00bb \u00e0 partir de jeudi","datePublished":"2025-02-28T00:38:30+00:00","dateModified":"2025-02-28T04:58:38+00:00","mainEntityOfPage":{"@id":"https:\/\/africadailyreport.com\/fr\/2025\/02\/28\/guinea-bissau-major-security-deployed-in-capital-after-strike-call\/"},"wordCount":443,"commentCount":0,"publisher":{"@id":"https:\/\/africadailyreport.com\/fr\/#organization"},"image":{"@id":"https:\/\/africadailyreport.com\/fr\/2025\/02\/28\/guinea-bissau-major-security-deployed-in-capital-after-strike-call\/#primaryimage"},"thumbnailUrl":"https:\/\/i0.wp.com\/africadailyreport.com\/wp-content\/uploads\/2025\/02\/AFP__20250226__36YN4Y7__v1__HighRes__RussiaGuineaBissauPoliticsDiplomacy.jpg?fit=%2C&ssl=1","keywords":["embalo","greve","guinee bissau","paralysies","Politics","politique","strike"],"articleSection":["POLITIQUE"],"inLanguage":"fr-FR","potentialAction":[{"@type":"CommentAction","name":"Comment","target":["https:\/\/africadailyreport.com\/fr\/2025\/02\/28\/guinea-bissau-major-security-deployed-in-capital-after-strike-call\/#respond"]}],"copyrightYear":"2025","copyrightHolder":{"@id":"https:\/\/africadailyreport.com\/#organization"}},{"@type":"WebPage","@id":"https:\/\/africadailyreport.com\/fr\/2025\/02\/28\/guinea-bissau-major-security-deployed-in-capital-after-strike-call\/","url":"https:\/\/africadailyreport.com\/fr\/2025\/02\/28\/guinea-bissau-major-security-deployed-in-capital-after-strike-call\/","name":"Guin\u00e9e-Bissau: l'opposition appelle \u00e0 \"la paralysie totale du pays\" \u00e0 partir de jeudi - Africa Daily Report","isPartOf":{"@id":"https:\/\/africadailyreport.com\/fr\/#website"},"primaryImageOfPage":{"@id":"https:\/\/africadailyreport.com\/fr\/2025\/02\/28\/guinea-bissau-major-security-deployed-in-capital-after-strike-call\/#primaryimage"},"image":{"@id":"https:\/\/africadailyreport.com\/fr\/2025\/02\/28\/guinea-bissau-major-security-deployed-in-capital-after-strike-call\/#primaryimage"},"thumbnailUrl":"https:\/\/i0.wp.com\/africadailyreport.com\/wp-content\/uploads\/2025\/02\/AFP__20250226__36YN4Y7__v1__HighRes__RussiaGuineaBissauPoliticsDiplomacy.jpg?fit=%2C&ssl=1","datePublished":"2025-02-28T00:38:30+00:00","dateModified":"2025-02-28T04:58:38+00:00","breadcrumb":{"@id":"https:\/\/africadailyreport.com\/fr\/2025\/02\/28\/guinea-bissau-major-security-deployed-in-capital-after-strike-call\/#breadcrumb"},"inLanguage":"fr-FR","potentialAction":[{"@type":"ReadAction","target":["https:\/\/africadailyreport.com\/fr\/2025\/02\/28\/guinea-bissau-major-security-deployed-in-capital-after-strike-call\/"]}]},{"@type":"ImageObject","inLanguage":"fr-FR","@id":"https:\/\/africadailyreport.com\/fr\/2025\/02\/28\/guinea-bissau-major-security-deployed-in-capital-after-strike-call\/#primaryimage","url":"https:\/\/i0.wp.com\/africadailyreport.com\/wp-content\/uploads\/2025\/02\/AFP__20250226__36YN4Y7__v1__HighRes__RussiaGuineaBissauPoliticsDiplomacy.jpg?fit=%2C&ssl=1","contentUrl":"https:\/\/i0.wp.com\/africadailyreport.com\/wp-content\/uploads\/2025\/02\/AFP__20250226__36YN4Y7__v1__HighRes__RussiaGuineaBissauPoliticsDiplomacy.jpg?fit=%2C&ssl=1","caption":"Guinea-Bissau's President Umaro Sissoco Embalo attends a meeting with Russian President at the Kremlin in Moscow on February 26, 2025. (Photo by YURI KOCHETKOV \/ POOL \/ AFP)"},{"@type":"BreadcrumbList","@id":"https:\/\/africadailyreport.com\/fr\/2025\/02\/28\/guinea-bissau-major-security-deployed-in-capital-after-strike-call\/#breadcrumb","itemListElement":[{"@type":"ListItem","position":1,"name":"Home","item":"https:\/\/africadailyreport.com\/fr\/"},{"@type":"ListItem","position":2,"name":"Guin\u00e9e-Bissau: l&#8217;opposition appelle \u00e0 &#8220;la paralysie totale du pays&#8221; \u00e0 partir de jeudi"}]},{"@type":"WebSite","@id":"https:\/\/africadailyreport.com\/fr\/#website","url":"https:\/\/africadailyreport.com\/fr\/","name":"Africa Daily Report","description":"","publisher":{"@id":"https:\/\/africadailyreport.com\/fr\/#organization"},"potentialAction":[{"@type":"SearchAction","target":{"@type":"EntryPoint","urlTemplate":"https:\/\/africadailyreport.com\/fr\/?s={search_term_string}"},"query-input":{"@type":"PropertyValueSpecification","valueRequired":true,"valueName":"search_term_string"}}],"inLanguage":"fr-FR"},{"@type":"Organization","@id":"https:\/\/africadailyreport.com\/fr\/#organization","name":"Africa Daily Report","url":"https:\/\/africadailyreport.com\/fr\/","logo":{"@type":"ImageObject","inLanguage":"fr-FR","@id":"https:\/\/africadailyreport.com\/fr\/#\/schema\/logo\/image\/","url":"https:\/\/africadailyreport.com\/wp-content\/uploads\/2024\/09\/ADR-Transparent-Green-Logo-1.png","contentUrl":"https:\/\/africadailyreport.com\/wp-content\/uploads\/2024\/09\/ADR-Transparent-Green-Logo-1.png","width":267,"height":185,"caption":"Africa Daily Report"},"image":{"@id":"https:\/\/africadailyreport.com\/fr\/#\/schema\/logo\/image\/"},"sameAs":["https:\/\/www.facebook.com\/africadailyreport","https:\/\/x.com\/adr_africa","https:\/\/www.youtube.com\/@africadailyreport","https:\/\/instagram.com\/africadailyreport"]},{"@type":"Person","@id":"https:\/\/africadailyreport.com\/fr\/#\/schema\/person\/c44d86d79f5570b3ba4cf70c989843f8","name":"ADR\/AFP","image":{"@type":"ImageObject","inLanguage":"fr-FR","@id":"https:\/\/secure.gravatar.com\/avatar\/2fbdc3782aa386b408fd9a36f0bc78ee569c94a7a05670cab3a1d72916408214?s=96&d=mm&r=g","url":"https:\/\/secure.gravatar.com\/avatar\/2fbdc3782aa386b408fd9a36f0bc78ee569c94a7a05670cab3a1d72916408214?s=96&d=mm&r=g","contentUrl":"https:\/\/secure.gravatar.com\/avatar\/2fbdc3782aa386b408fd9a36f0bc78ee569c94a7a05670cab3a1d72916408214?s=96&d=mm&r=g","caption":"ADR\/AFP"},"sameAs":["http:\/\/africadailyreport.com"],"url":"https:\/\/africadailyreport.com\/fr\/author\/both\/"}]}},"jetpack_featured_media_url":"https:\/\/i0.wp.com\/africadailyreport.com\/wp-content\/uploads\/2025\/02\/AFP__20250226__36YN4Y7__v1__HighRes__RussiaGuineaBissauPoliticsDiplomacy.jpg?fit=%2C&ssl=1","jetpack_sharing_enabled":true,"amp_enabled":true,"_links":{"self":[{"href":"https:\/\/africadailyreport.com\/fr\/wp-json\/wp\/v2\/posts\/17222","targetHints":{"allow":["GET"]}}],"collection":[{"href":"https:\/\/africadailyreport.com\/fr\/wp-json\/wp\/v2\/posts"}],"about":[{"href":"https:\/\/africadailyreport.com\/fr\/wp-json\/wp\/v2\/types\/post"}],"author":[{"embeddable":true,"href":"https:\/\/africadailyreport.com\/fr\/wp-json\/wp\/v2\/users\/10"}],"replies":[{"embeddable":true,"href":"https:\/\/africadailyreport.com\/fr\/wp-json\/wp\/v2\/comments?post=17222"}],"version-history":[{"count":6,"href":"https:\/\/africadailyreport.com\/fr\/wp-json\/wp\/v2\/posts\/17222\/revisions"}],"predecessor-version":[{"id":17379,"href":"https:\/\/africadailyreport.com\/fr\/wp-json\/wp\/v2\/posts\/17222\/revisions\/17379"}],"wp:featuredmedia":[{"embeddable":true,"href":"https:\/\/africadailyreport.com\/fr\/wp-json\/wp\/v2\/media\/17220"}],"wp:attachment":[{"href":"https:\/\/africadailyreport.com\/fr\/wp-json\/wp\/v2\/media?parent=17222"}],"wp:term":[{"taxonomy":"category","embeddable":true,"href":"https:\/\/africadailyreport.com\/fr\/wp-json\/wp\/v2\/categories?post=17222"},{"taxonomy":"post_tag","embeddable":true,"href":"https:\/\/africadailyreport.com\/fr\/wp-json\/wp\/v2\/tags?post=17222"},{"taxonomy":"adr_country","embeddable":true,"href":"https:\/\/africadailyreport.com\/fr\/wp-json\/wp\/v2\/adr_country?post=17222"}],"curies":[{"name":"wp","href":"https:\/\/api.w.org\/{rel}","templated":true}]}}