{"id":17174,"date":"2025-02-25T04:48:43","date_gmt":"2025-02-25T04:48:43","guid":{"rendered":"https:\/\/africadailyreport.com\/2025\/02\/25\/dr-congo-pm-says-more-than-7000-dead-in-war-torn-east\/"},"modified":"2025-02-25T05:26:15","modified_gmt":"2025-02-25T05:26:15","slug":"dr-congo-pm-says-more-than-7000-dead-in-war-torn-east","status":"publish","type":"post","link":"https:\/\/africadailyreport.com\/fr\/2025\/02\/25\/dr-congo-pm-says-more-than-7000-dead-in-war-torn-east\/","title":{"rendered":"La Premi\u00e8re ministre de RDC avance le chiffre de 7.000 tu\u00e9s depuis janvier dans l&rsquo;est"},"content":{"rendered":"\n<h2 class=\"wp-block-heading\" id=\"h-kinshasa-dr-congo-la-premiere-ministre-de-republique-democratique-du-congo-rdc-judith-suminwa-tuluka-a-avance-lundi-le-chiffre-de-plus-de-7-000-morts-dont-de-nombreux-civils-depuis-janvier-dans-les-combats-dans-l-est-du-pays-un-chiffre-difficile-a-verifier\">Kinshasa,\u00a0DR Congo &#8211; La Premi\u00e8re ministre de R\u00e9publique d\u00e9mocratique du Congo (RDC) Judith Suminwa Tuluka a avanc\u00e9 lundi le chiffre de plus de 7.000 morts, dont de nombreux civils, depuis janvier dans les combats dans l&rsquo;est du pays, un chiffre difficile \u00e0 v\u00e9rifier.<\/h2>\n\n\n\n\n\n<p><\/p>\n\n\n\n<p>D\u00e9but f\u00e9vrier, l&rsquo;ONU avait fait \u00e9tat de plus de 3.000 tu\u00e9s depuis le 26 janvier et l&rsquo;offensive du groupe arm\u00e9 M23, sur Goma, chef-lieu de la province du Nord-Kivu, prise fin janvier.<\/p>\n\n\n\n<p>Lundi, l&rsquo;agence humanitaire de l&rsquo;ONU Ocha, a indiqu\u00e9 avoir recens\u00e9 au 14 f\u00e9vrier, 3.082 bless\u00e9s et 842 d\u00e9c\u00e8s dans les seuls h\u00f4pitaux de Goma et sa p\u00e9riph\u00e9rie.<\/p>\n\n\n\n<p>A Goma, comme \u00e0 Bukavu &#8211; chef-lieu du Sud-Kivu, prise le 16 f\u00e9vrier &#8211; la Croix-Rouge a \u00e9galement enterr\u00e9 de nombreux corps, souvent non identifi\u00e9s, ramass\u00e9s dans les rues.<\/p>\n\n\n\n<p>\u00ab\u00a0La situation s\u00e9curitaire et humanitaire dans l&rsquo;est de la RDC a atteint des niveaux alarmants\u00a0\u00bb, a d\u00e9clar\u00e9 Judith Suminwa Tuluka devant le Conseil des droits de l&rsquo;Homme \u00e0 Gen\u00e8ve.<\/p>\n\n\n\n<p>\u00ab\u00a0Plus de 7.000 compatriotes\u00a0\u00bb ont \u00e9t\u00e9 tu\u00e9s depuis janvier dans l&rsquo;est de la RDC, dont \u00ab\u00a0une masse importante de personnes civiles\u00a0\u00bb, a ensuite affirm\u00e9 la Premi\u00e8re ministre de RDC \u00e0 la presse.<\/p>\n\n\n\n<p>Le groupe arm\u00e9 M23, soutenu par quelque 4.000 soldats rwandais selon des experts de l&rsquo;ONU, a repris les armes fin 2021&nbsp;contre le gouvernement du pr\u00e9sident F\u00e9lix Tshisekedi.<\/p>\n\n\n\n<p>Il s&rsquo;est depuis empar\u00e9 de vastes pans de territoire dans l&rsquo;est de la RDC, riche en minerais et ravag\u00e9 par des conflits depuis trois d\u00e9cennies.<\/p>\n\n\n\n<h2 class=\"wp-block-heading\">&#8211; h\u00f4pitaux d\u00e9bord\u00e9s<\/h2>\n\n\n\n<p>La r\u00e9cente progression rapide du M23 et des forces rwandaises a provoqu\u00e9 la fuite de milliers de personnes, et le conflit a aggrav\u00e9 une situation humanitaire d\u00e9j\u00e0 catastrophique.<\/p>\n\n\n\n<p>Des habitants ont r\u00e9cemment fait \u00e9tat d&rsquo;exactions commises dans leur fuite par des soldats de l&rsquo;arm\u00e9e de RDC en d\u00e9route.<\/p>\n\n\n\n<p>Si la vie reprend progressivement son cours \u00e0 Goma et Bukavu, la criminalit\u00e9 violente augmente dans les deux villes, possiblement en raison \u00ab\u00a0de la circulation d&rsquo;armes abandonn\u00e9es par les militaires\u00a0\u00bb de l&rsquo;arm\u00e9e de la RDC, constate l&rsquo;Ocha lundi.<\/p>\n\n\n\n<p>En outre, \u00ab\u00a0les six principaux h\u00f4pitaux de Goma (&#8230;) sont toujours d\u00e9bord\u00e9s face \u00e0 l\u2019afflux de bless\u00e9s\u00a0\u00bb et les structures m\u00e9dicales \u00ab\u00a0redoutent d\u00e9sormais une rupture imminente de stocks de m\u00e9dicaments\u00a0\u00bb.<\/p>\n\n\n\n<p>Par ailleurs, les r\u00e9cents combats ont aussi \u00ab\u00a0exacerb\u00e9 l&rsquo;ins\u00e9curit\u00e9 alimentaire\u00a0\u00bb dans la cit\u00e9 d&rsquo;un million d&rsquo;habitants, selon l&rsquo;agence onusienne.<\/p>\n\n\n\n<p>\u00ab\u00a0La cha\u00eene d&rsquo;approvisionnement\u00a0\u00bb entre producteurs, march\u00e9s et consommateurs, \u00ab\u00a0a \u00e9t\u00e9 gravement perturb\u00e9e\u00a0\u00bb, entra\u00eenant une flamb\u00e9e des prix et une p\u00e9nurie de produits sur le march\u00e9 local, et au moins 3.000 tonnes de vivres ont \u00e9t\u00e9 pill\u00e9es dans un entrep\u00f4t du Programme alimentaire mondial (PAM) \u00e0 Goma.<\/p>\n\n\n\n<p>Lundi, les \u00e9coles ont rouvert \u00e0 Bukavu, mais peu d&rsquo;\u00e9l\u00e8ves se sont pr\u00e9sent\u00e9s \u00e0 l&rsquo;appel, a constat\u00e9 un correspondant de l&rsquo;AFP.<\/p>\n\n\n\n<p>Plusieurs chefs d&rsquo;\u00e9tablissements, publics et priv\u00e9s, ont confirm\u00e9 \u00e0 l&rsquo;AFP \u00eatre loin d&rsquo;avoir fait le plein.<\/p>\n\n\n\n<p>\u00ab\u00a0Beaucoup de parents n&rsquo;ont pas envoy\u00e9 leurs enfants, des salles de classes sont vides\u00a0\u00bb et d&rsquo;autres peu remplies, explique ainsi Adolphe Mujunju, pr\u00e9fet du complexe scolaire priv\u00e9 La Fontaine.<\/p>\n\n\n\n<p>Le contexte s\u00e9curitaire n&rsquo;est \u00ab\u00a0pas du tout rassurant\u00a0\u00bb, estime Anuarite Feza, m\u00e8re au foyer d&rsquo;une trentaine d&rsquo;ann\u00e9es, \u00ab\u00a0je vais d&rsquo;abord observer comment \u00e7a va se passer\u00a0\u00bb avant d&rsquo;envoyer les enfants \u00e0 l&rsquo;\u00e9cole.<\/p>\n\n\n\n<h2 class=\"wp-block-heading\">&#8211; divergences &#8211;<\/h2>\n\n\n\n<p>Ces derniers jours, le M23 semble avoir marqu\u00e9 une pause dans son offensive, \u00e0 l&rsquo;approche d&rsquo;Uvira, localit\u00e9 situ\u00e9e au nord-ouest du lac Tanganyika et qui fait face \u00e0 Bujumbura la capitale \u00e9conomique du Burundi.<\/p>\n\n\n\n<p>Dans ce contexte, le pr\u00e9sident Tshisekedi a rencontr\u00e9 dimanche \u00e0 huis clos \u00e0 l&rsquo;a\u00e9roport de Kinshasa son homologue burundais Evariste Ndayishimiye, qui a effectu\u00e9 un d\u00e9placement-\u00e9clair dans la capitale congolaise.<\/p>\n\n\n\n<p>Selon un haut responsable burundais, \u00ab\u00a0ils ont discut\u00e9 de la situation pr\u00e9occupante\u00a0\u00bb dans l&rsquo;est de la RDC et de \u00ab\u00a0ce qu\u2019ils doivent faire dans les prochains jours\u00a0\u00bb.<\/p>\n\n\n\n<p>Le Burundi avait d\u00e9ploy\u00e9 depuis 2023 plus de 10.000 soldats en soutien \u00e0 l&rsquo;arm\u00e9e de la RDC.<\/p>\n\n\n\n<p>Mais il a commenc\u00e9&nbsp;\u00e0 retirer ses troupes face \u00e0 l&rsquo;avanc\u00e9e du M23 et de ses alli\u00e9s rwandais, avaient affirm\u00e9 \u00e0 l&rsquo;AFP ces derniers jours des sources militaires burundaises, malgr\u00e9 les d\u00e9mentis officiels.<\/p>\n\n\n\n<p>Un haut grad\u00e9 de l\u2019arm\u00e9e burundaise a assur\u00e9 lundi \u00e0 l&rsquo;AFP que les deux chefs d&rsquo;Etat voulaient \u00ab\u00a0aplanir des divergences\u00a0\u00bb dans la collaboration entre leurs deux arm\u00e9es, laquelle \u00ab\u00a0a \u00e9t\u00e9 probl\u00e9matique pendant les affrontements\u00a0\u00bb contre le M23 et les forces rwandaises.<\/p>\n\n\n\n<p>Ces informations n&rsquo;ont pas pu \u00eatre v\u00e9rifi\u00e9es par l&rsquo;AFP.<\/p>\n\n\n\n<p><\/p>\n\n\n\n<p>\u00a9 Agence France-Presse<\/p>\n","protected":false},"excerpt":{"rendered":"<p>Kinshasa,\u00a0DR Congo &#8211; La Premi\u00e8re ministre de R\u00e9publique d\u00e9mocratique du Congo (RDC) Judith Suminwa Tuluka a avanc\u00e9 lundi le chiffre de plus de 7.000 morts, dont de nombreux civils, depuis janvier dans les combats dans l&rsquo;est du pays, un chiffre difficile \u00e0 v\u00e9rifier. D\u00e9but f\u00e9vrier, l&rsquo;ONU avait fait \u00e9tat de plus de 3.000 tu\u00e9s depuis [&hellip;]<\/p>\n","protected":false},"author":10,"featured_media":17172,"comment_status":"open","ping_status":"open","sticky":false,"template":"","format":"standard","meta":{"_acf_changed":false,"om_disable_all_campaigns":false,"_monsterinsights_skip_tracking":false,"_monsterinsights_sitenote_active":false,"_monsterinsights_sitenote_note":"","_monsterinsights_sitenote_category":0,"tdm_status":"","tdm_grid_status":"","_jetpack_newsletter_access":"","_jetpack_dont_email_post_to_subs":false,"_jetpack_newsletter_tier_id":0,"_jetpack_memberships_contains_paywalled_content":false,"_jetpack_memberships_contains_paid_content":false,"footnotes":""},"categories":[2716,802,690],"tags":[2634,1074,784,1518,863],"adr_country":[1089],"class_list":{"0":"post-17174","1":"post","2":"type-post","3":"status-publish","4":"format-standard","5":"has-post-thumbnail","7":"category-actualites-fr-2","8":"category-depeche-fr","9":"category-politique-2","10":"tag-burundi-fr","11":"tag-conflict-fr","12":"tag-diplomatie-fr","13":"tag-drcongo-fr","14":"tag-rwanda-fr","15":"adr_country-d-r-congo"},"acf":{"post_version":""},"yoast_head":"<!-- This site is optimized with the Yoast SEO Premium plugin v26.0 (Yoast SEO v27.4) - https:\/\/yoast.com\/product\/yoast-seo-premium-wordpress\/ -->\n<title>La Premi\u00e8re ministre de RDC avance le chiffre de 7.000 tu\u00e9s depuis janvier dans l&#039;est - Africa Daily Report<\/title>\n<meta name=\"robots\" content=\"index, follow, max-snippet:-1, max-image-preview:large, max-video-preview:-1\" \/>\n<link rel=\"canonical\" href=\"https:\/\/africadailyreport.com\/fr\/2025\/02\/25\/dr-congo-pm-says-more-than-7000-dead-in-war-torn-east\/\" \/>\n<meta property=\"og:locale\" content=\"fr_FR\" \/>\n<meta property=\"og:type\" content=\"article\" \/>\n<meta property=\"og:title\" content=\"La Premi\u00e8re ministre de RDC avance le chiffre de 7.000 tu\u00e9s depuis janvier dans l&#039;est\" \/>\n<meta property=\"og:description\" content=\"Kinshasa,\u00a0DR Congo &#8211; La Premi\u00e8re ministre de R\u00e9publique d\u00e9mocratique du Congo (RDC) Judith Suminwa Tuluka a avanc\u00e9 lundi le chiffre de plus de 7.000 morts, dont de nombreux civils, depuis janvier dans les combats dans l&rsquo;est du pays, un chiffre difficile \u00e0 v\u00e9rifier. D\u00e9but f\u00e9vrier, l&rsquo;ONU avait fait \u00e9tat de plus de 3.000 tu\u00e9s depuis [&hellip;]\" \/>\n<meta property=\"og:url\" content=\"https:\/\/africadailyreport.com\/fr\/2025\/02\/25\/dr-congo-pm-says-more-than-7000-dead-in-war-torn-east\/\" \/>\n<meta property=\"og:site_name\" content=\"Africa Daily Report\" \/>\n<meta property=\"article:publisher\" content=\"https:\/\/www.facebook.com\/africadailyreport\" \/>\n<meta property=\"article:published_time\" content=\"2025-02-25T04:48:43+00:00\" \/>\n<meta property=\"article:modified_time\" content=\"2025-02-25T05:26:15+00:00\" \/>\n<meta property=\"og:image\" content=\"https:\/\/africadailyreport.com\/wp-content\/uploads\/2025\/02\/AFP__20250215__36XX3B4__v1__HighRes__EthiopiaAfricaAuDiplomacy-scaled.jpg\" \/>\n\t<meta property=\"og:image:width\" content=\"1\" \/>\n\t<meta property=\"og:image:height\" content=\"1\" \/>\n\t<meta property=\"og:image:type\" content=\"image\/jpeg\" \/>\n<meta name=\"author\" content=\"ADR\/AFP\" \/>\n<meta name=\"twitter:card\" content=\"summary_large_image\" \/>\n<meta name=\"twitter:creator\" content=\"@adr_africa\" \/>\n<meta name=\"twitter:site\" content=\"@adr_africa\" \/>\n<meta name=\"twitter:label1\" content=\"\u00c9crit par\" \/>\n\t<meta name=\"twitter:data1\" content=\"ADR\/AFP\" \/>\n\t<meta name=\"twitter:label2\" content=\"Dur\u00e9e de lecture estim\u00e9e\" \/>\n\t<meta name=\"twitter:data2\" content=\"4 minutes\" \/>\n<script type=\"application\/ld+json\" class=\"yoast-schema-graph\">{\"@context\":\"https:\\\/\\\/schema.org\",\"@graph\":[{\"@type\":\"Article\",\"@id\":\"https:\\\/\\\/africadailyreport.com\\\/fr\\\/2025\\\/02\\\/25\\\/dr-congo-pm-says-more-than-7000-dead-in-war-torn-east\\\/#article\",\"isPartOf\":{\"@id\":\"https:\\\/\\\/africadailyreport.com\\\/fr\\\/2025\\\/02\\\/25\\\/dr-congo-pm-says-more-than-7000-dead-in-war-torn-east\\\/\"},\"author\":{\"name\":\"ADR\\\/AFP\",\"@id\":\"https:\\\/\\\/africadailyreport.com\\\/fr\\\/#\\\/schema\\\/person\\\/c44d86d79f5570b3ba4cf70c989843f8\"},\"headline\":\"La Premi\u00e8re ministre de RDC avance le chiffre de 7.000 tu\u00e9s depuis janvier dans l&rsquo;est\",\"datePublished\":\"2025-02-25T04:48:43+00:00\",\"dateModified\":\"2025-02-25T05:26:15+00:00\",\"mainEntityOfPage\":{\"@id\":\"https:\\\/\\\/africadailyreport.com\\\/fr\\\/2025\\\/02\\\/25\\\/dr-congo-pm-says-more-than-7000-dead-in-war-torn-east\\\/\"},\"wordCount\":834,\"commentCount\":0,\"publisher\":{\"@id\":\"https:\\\/\\\/africadailyreport.com\\\/fr\\\/#organization\"},\"image\":{\"@id\":\"https:\\\/\\\/africadailyreport.com\\\/fr\\\/2025\\\/02\\\/25\\\/dr-congo-pm-says-more-than-7000-dead-in-war-torn-east\\\/#primaryimage\"},\"thumbnailUrl\":\"https:\\\/\\\/i0.wp.com\\\/africadailyreport.com\\\/wp-content\\\/uploads\\\/2025\\\/02\\\/AFP__20250215__36XX3B4__v1__HighRes__EthiopiaAfricaAuDiplomacy-scaled.jpg?fit=%2C&ssl=1\",\"keywords\":[\"burundi\",\"conflict\",\"diplomatie\",\"drCONGO\",\"Rwanda\"],\"articleSection\":[\"Actualit\u00e9s\",\"D\u00e9p\u00eache\",\"POLITIQUE\"],\"inLanguage\":\"fr-FR\",\"potentialAction\":[{\"@type\":\"CommentAction\",\"name\":\"Comment\",\"target\":[\"https:\\\/\\\/africadailyreport.com\\\/fr\\\/2025\\\/02\\\/25\\\/dr-congo-pm-says-more-than-7000-dead-in-war-torn-east\\\/#respond\"]}],\"copyrightYear\":\"2025\",\"copyrightHolder\":{\"@id\":\"https:\\\/\\\/africadailyreport.com\\\/#organization\"}},{\"@type\":\"WebPage\",\"@id\":\"https:\\\/\\\/africadailyreport.com\\\/fr\\\/2025\\\/02\\\/25\\\/dr-congo-pm-says-more-than-7000-dead-in-war-torn-east\\\/\",\"url\":\"https:\\\/\\\/africadailyreport.com\\\/fr\\\/2025\\\/02\\\/25\\\/dr-congo-pm-says-more-than-7000-dead-in-war-torn-east\\\/\",\"name\":\"La Premi\u00e8re ministre de RDC avance le chiffre de 7.000 tu\u00e9s depuis janvier dans l'est - Africa Daily Report\",\"isPartOf\":{\"@id\":\"https:\\\/\\\/africadailyreport.com\\\/fr\\\/#website\"},\"primaryImageOfPage\":{\"@id\":\"https:\\\/\\\/africadailyreport.com\\\/fr\\\/2025\\\/02\\\/25\\\/dr-congo-pm-says-more-than-7000-dead-in-war-torn-east\\\/#primaryimage\"},\"image\":{\"@id\":\"https:\\\/\\\/africadailyreport.com\\\/fr\\\/2025\\\/02\\\/25\\\/dr-congo-pm-says-more-than-7000-dead-in-war-torn-east\\\/#primaryimage\"},\"thumbnailUrl\":\"https:\\\/\\\/i0.wp.com\\\/africadailyreport.com\\\/wp-content\\\/uploads\\\/2025\\\/02\\\/AFP__20250215__36XX3B4__v1__HighRes__EthiopiaAfricaAuDiplomacy-scaled.jpg?fit=%2C&ssl=1\",\"datePublished\":\"2025-02-25T04:48:43+00:00\",\"dateModified\":\"2025-02-25T05:26:15+00:00\",\"breadcrumb\":{\"@id\":\"https:\\\/\\\/africadailyreport.com\\\/fr\\\/2025\\\/02\\\/25\\\/dr-congo-pm-says-more-than-7000-dead-in-war-torn-east\\\/#breadcrumb\"},\"inLanguage\":\"fr-FR\",\"potentialAction\":[{\"@type\":\"ReadAction\",\"target\":[\"https:\\\/\\\/africadailyreport.com\\\/fr\\\/2025\\\/02\\\/25\\\/dr-congo-pm-says-more-than-7000-dead-in-war-torn-east\\\/\"]}]},{\"@type\":\"ImageObject\",\"inLanguage\":\"fr-FR\",\"@id\":\"https:\\\/\\\/africadailyreport.com\\\/fr\\\/2025\\\/02\\\/25\\\/dr-congo-pm-says-more-than-7000-dead-in-war-torn-east\\\/#primaryimage\",\"url\":\"https:\\\/\\\/i0.wp.com\\\/africadailyreport.com\\\/wp-content\\\/uploads\\\/2025\\\/02\\\/AFP__20250215__36XX3B4__v1__HighRes__EthiopiaAfricaAuDiplomacy-scaled.jpg?fit=%2C&ssl=1\",\"contentUrl\":\"https:\\\/\\\/i0.wp.com\\\/africadailyreport.com\\\/wp-content\\\/uploads\\\/2025\\\/02\\\/AFP__20250215__36XX3B4__v1__HighRes__EthiopiaAfricaAuDiplomacy-scaled.jpg?fit=%2C&ssl=1\",\"caption\":\"Democratic Republic of Congo (DRC) Prime Minister Judith Suminwa arrives to attend the 38th African Union (AU) Summit, where leaders will elect a new head of the AU Commission, at the AU Headquarters in Addis Ababa on February 15, 2025. (Photo by Amanuel Sileshi \\\/ AFP)\"},{\"@type\":\"BreadcrumbList\",\"@id\":\"https:\\\/\\\/africadailyreport.com\\\/fr\\\/2025\\\/02\\\/25\\\/dr-congo-pm-says-more-than-7000-dead-in-war-torn-east\\\/#breadcrumb\",\"itemListElement\":[{\"@type\":\"ListItem\",\"position\":1,\"name\":\"Home\",\"item\":\"https:\\\/\\\/africadailyreport.com\\\/fr\\\/\"},{\"@type\":\"ListItem\",\"position\":2,\"name\":\"La Premi\u00e8re ministre de RDC avance le chiffre de 7.000 tu\u00e9s depuis janvier dans l&#8217;est\"}]},{\"@type\":\"WebSite\",\"@id\":\"https:\\\/\\\/africadailyreport.com\\\/fr\\\/#website\",\"url\":\"https:\\\/\\\/africadailyreport.com\\\/fr\\\/\",\"name\":\"Africa Daily Report\",\"description\":\"\",\"publisher\":{\"@id\":\"https:\\\/\\\/africadailyreport.com\\\/fr\\\/#organization\"},\"potentialAction\":[{\"@type\":\"SearchAction\",\"target\":{\"@type\":\"EntryPoint\",\"urlTemplate\":\"https:\\\/\\\/africadailyreport.com\\\/fr\\\/?s={search_term_string}\"},\"query-input\":{\"@type\":\"PropertyValueSpecification\",\"valueRequired\":true,\"valueName\":\"search_term_string\"}}],\"inLanguage\":\"fr-FR\"},{\"@type\":\"Organization\",\"@id\":\"https:\\\/\\\/africadailyreport.com\\\/fr\\\/#organization\",\"name\":\"Africa Daily Report\",\"url\":\"https:\\\/\\\/africadailyreport.com\\\/fr\\\/\",\"logo\":{\"@type\":\"ImageObject\",\"inLanguage\":\"fr-FR\",\"@id\":\"https:\\\/\\\/africadailyreport.com\\\/fr\\\/#\\\/schema\\\/logo\\\/image\\\/\",\"url\":\"https:\\\/\\\/africadailyreport.com\\\/wp-content\\\/uploads\\\/2024\\\/09\\\/ADR-Transparent-Green-Logo-1.png\",\"contentUrl\":\"https:\\\/\\\/africadailyreport.com\\\/wp-content\\\/uploads\\\/2024\\\/09\\\/ADR-Transparent-Green-Logo-1.png\",\"width\":267,\"height\":185,\"caption\":\"Africa Daily Report\"},\"image\":{\"@id\":\"https:\\\/\\\/africadailyreport.com\\\/fr\\\/#\\\/schema\\\/logo\\\/image\\\/\"},\"sameAs\":[\"https:\\\/\\\/www.facebook.com\\\/africadailyreport\",\"https:\\\/\\\/x.com\\\/adr_africa\",\"https:\\\/\\\/www.youtube.com\\\/@africadailyreport\",\"https:\\\/\\\/instagram.com\\\/africadailyreport\"]},{\"@type\":\"Person\",\"@id\":\"https:\\\/\\\/africadailyreport.com\\\/fr\\\/#\\\/schema\\\/person\\\/c44d86d79f5570b3ba4cf70c989843f8\",\"name\":\"ADR\\\/AFP\",\"image\":{\"@type\":\"ImageObject\",\"inLanguage\":\"fr-FR\",\"@id\":\"https:\\\/\\\/secure.gravatar.com\\\/avatar\\\/2fbdc3782aa386b408fd9a36f0bc78ee569c94a7a05670cab3a1d72916408214?s=96&d=mm&r=g\",\"url\":\"https:\\\/\\\/secure.gravatar.com\\\/avatar\\\/2fbdc3782aa386b408fd9a36f0bc78ee569c94a7a05670cab3a1d72916408214?s=96&d=mm&r=g\",\"contentUrl\":\"https:\\\/\\\/secure.gravatar.com\\\/avatar\\\/2fbdc3782aa386b408fd9a36f0bc78ee569c94a7a05670cab3a1d72916408214?s=96&d=mm&r=g\",\"caption\":\"ADR\\\/AFP\"},\"sameAs\":[\"http:\\\/\\\/africadailyreport.com\"],\"url\":\"https:\\\/\\\/africadailyreport.com\\\/fr\\\/author\\\/both\\\/\"}]}<\/script>\n<!-- \/ Yoast SEO Premium plugin. -->","yoast_head_json":{"title":"La Premi\u00e8re ministre de RDC avance le chiffre de 7.000 tu\u00e9s depuis janvier dans l'est - Africa Daily Report","robots":{"index":"index","follow":"follow","max-snippet":"max-snippet:-1","max-image-preview":"max-image-preview:large","max-video-preview":"max-video-preview:-1"},"canonical":"https:\/\/africadailyreport.com\/fr\/2025\/02\/25\/dr-congo-pm-says-more-than-7000-dead-in-war-torn-east\/","og_locale":"fr_FR","og_type":"article","og_title":"La Premi\u00e8re ministre de RDC avance le chiffre de 7.000 tu\u00e9s depuis janvier dans l'est","og_description":"Kinshasa,\u00a0DR Congo &#8211; La Premi\u00e8re ministre de R\u00e9publique d\u00e9mocratique du Congo (RDC) Judith Suminwa Tuluka a avanc\u00e9 lundi le chiffre de plus de 7.000 morts, dont de nombreux civils, depuis janvier dans les combats dans l&rsquo;est du pays, un chiffre difficile \u00e0 v\u00e9rifier. D\u00e9but f\u00e9vrier, l&rsquo;ONU avait fait \u00e9tat de plus de 3.000 tu\u00e9s depuis [&hellip;]","og_url":"https:\/\/africadailyreport.com\/fr\/2025\/02\/25\/dr-congo-pm-says-more-than-7000-dead-in-war-torn-east\/","og_site_name":"Africa Daily Report","article_publisher":"https:\/\/www.facebook.com\/africadailyreport","article_published_time":"2025-02-25T04:48:43+00:00","article_modified_time":"2025-02-25T05:26:15+00:00","og_image":[{"url":"https:\/\/africadailyreport.com\/wp-content\/uploads\/2025\/02\/AFP__20250215__36XX3B4__v1__HighRes__EthiopiaAfricaAuDiplomacy-scaled.jpg","width":1,"height":1,"type":"image\/jpeg"}],"author":"ADR\/AFP","twitter_card":"summary_large_image","twitter_creator":"@adr_africa","twitter_site":"@adr_africa","twitter_misc":{"\u00c9crit par":"ADR\/AFP","Dur\u00e9e de lecture estim\u00e9e":"4 minutes"},"schema":{"@context":"https:\/\/schema.org","@graph":[{"@type":"Article","@id":"https:\/\/africadailyreport.com\/fr\/2025\/02\/25\/dr-congo-pm-says-more-than-7000-dead-in-war-torn-east\/#article","isPartOf":{"@id":"https:\/\/africadailyreport.com\/fr\/2025\/02\/25\/dr-congo-pm-says-more-than-7000-dead-in-war-torn-east\/"},"author":{"name":"ADR\/AFP","@id":"https:\/\/africadailyreport.com\/fr\/#\/schema\/person\/c44d86d79f5570b3ba4cf70c989843f8"},"headline":"La Premi\u00e8re ministre de RDC avance le chiffre de 7.000 tu\u00e9s depuis janvier dans l&rsquo;est","datePublished":"2025-02-25T04:48:43+00:00","dateModified":"2025-02-25T05:26:15+00:00","mainEntityOfPage":{"@id":"https:\/\/africadailyreport.com\/fr\/2025\/02\/25\/dr-congo-pm-says-more-than-7000-dead-in-war-torn-east\/"},"wordCount":834,"commentCount":0,"publisher":{"@id":"https:\/\/africadailyreport.com\/fr\/#organization"},"image":{"@id":"https:\/\/africadailyreport.com\/fr\/2025\/02\/25\/dr-congo-pm-says-more-than-7000-dead-in-war-torn-east\/#primaryimage"},"thumbnailUrl":"https:\/\/i0.wp.com\/africadailyreport.com\/wp-content\/uploads\/2025\/02\/AFP__20250215__36XX3B4__v1__HighRes__EthiopiaAfricaAuDiplomacy-scaled.jpg?fit=%2C&ssl=1","keywords":["burundi","conflict","diplomatie","drCONGO","Rwanda"],"articleSection":["Actualit\u00e9s","D\u00e9p\u00eache","POLITIQUE"],"inLanguage":"fr-FR","potentialAction":[{"@type":"CommentAction","name":"Comment","target":["https:\/\/africadailyreport.com\/fr\/2025\/02\/25\/dr-congo-pm-says-more-than-7000-dead-in-war-torn-east\/#respond"]}],"copyrightYear":"2025","copyrightHolder":{"@id":"https:\/\/africadailyreport.com\/#organization"}},{"@type":"WebPage","@id":"https:\/\/africadailyreport.com\/fr\/2025\/02\/25\/dr-congo-pm-says-more-than-7000-dead-in-war-torn-east\/","url":"https:\/\/africadailyreport.com\/fr\/2025\/02\/25\/dr-congo-pm-says-more-than-7000-dead-in-war-torn-east\/","name":"La Premi\u00e8re ministre de RDC avance le chiffre de 7.000 tu\u00e9s depuis janvier dans l'est - Africa Daily Report","isPartOf":{"@id":"https:\/\/africadailyreport.com\/fr\/#website"},"primaryImageOfPage":{"@id":"https:\/\/africadailyreport.com\/fr\/2025\/02\/25\/dr-congo-pm-says-more-than-7000-dead-in-war-torn-east\/#primaryimage"},"image":{"@id":"https:\/\/africadailyreport.com\/fr\/2025\/02\/25\/dr-congo-pm-says-more-than-7000-dead-in-war-torn-east\/#primaryimage"},"thumbnailUrl":"https:\/\/i0.wp.com\/africadailyreport.com\/wp-content\/uploads\/2025\/02\/AFP__20250215__36XX3B4__v1__HighRes__EthiopiaAfricaAuDiplomacy-scaled.jpg?fit=%2C&ssl=1","datePublished":"2025-02-25T04:48:43+00:00","dateModified":"2025-02-25T05:26:15+00:00","breadcrumb":{"@id":"https:\/\/africadailyreport.com\/fr\/2025\/02\/25\/dr-congo-pm-says-more-than-7000-dead-in-war-torn-east\/#breadcrumb"},"inLanguage":"fr-FR","potentialAction":[{"@type":"ReadAction","target":["https:\/\/africadailyreport.com\/fr\/2025\/02\/25\/dr-congo-pm-says-more-than-7000-dead-in-war-torn-east\/"]}]},{"@type":"ImageObject","inLanguage":"fr-FR","@id":"https:\/\/africadailyreport.com\/fr\/2025\/02\/25\/dr-congo-pm-says-more-than-7000-dead-in-war-torn-east\/#primaryimage","url":"https:\/\/i0.wp.com\/africadailyreport.com\/wp-content\/uploads\/2025\/02\/AFP__20250215__36XX3B4__v1__HighRes__EthiopiaAfricaAuDiplomacy-scaled.jpg?fit=%2C&ssl=1","contentUrl":"https:\/\/i0.wp.com\/africadailyreport.com\/wp-content\/uploads\/2025\/02\/AFP__20250215__36XX3B4__v1__HighRes__EthiopiaAfricaAuDiplomacy-scaled.jpg?fit=%2C&ssl=1","caption":"Democratic Republic of Congo (DRC) Prime Minister Judith Suminwa arrives to attend the 38th African Union (AU) Summit, where leaders will elect a new head of the AU Commission, at the AU Headquarters in Addis Ababa on February 15, 2025. (Photo by Amanuel Sileshi \/ AFP)"},{"@type":"BreadcrumbList","@id":"https:\/\/africadailyreport.com\/fr\/2025\/02\/25\/dr-congo-pm-says-more-than-7000-dead-in-war-torn-east\/#breadcrumb","itemListElement":[{"@type":"ListItem","position":1,"name":"Home","item":"https:\/\/africadailyreport.com\/fr\/"},{"@type":"ListItem","position":2,"name":"La Premi\u00e8re ministre de RDC avance le chiffre de 7.000 tu\u00e9s depuis janvier dans l&#8217;est"}]},{"@type":"WebSite","@id":"https:\/\/africadailyreport.com\/fr\/#website","url":"https:\/\/africadailyreport.com\/fr\/","name":"Africa Daily Report","description":"","publisher":{"@id":"https:\/\/africadailyreport.com\/fr\/#organization"},"potentialAction":[{"@type":"SearchAction","target":{"@type":"EntryPoint","urlTemplate":"https:\/\/africadailyreport.com\/fr\/?s={search_term_string}"},"query-input":{"@type":"PropertyValueSpecification","valueRequired":true,"valueName":"search_term_string"}}],"inLanguage":"fr-FR"},{"@type":"Organization","@id":"https:\/\/africadailyreport.com\/fr\/#organization","name":"Africa Daily Report","url":"https:\/\/africadailyreport.com\/fr\/","logo":{"@type":"ImageObject","inLanguage":"fr-FR","@id":"https:\/\/africadailyreport.com\/fr\/#\/schema\/logo\/image\/","url":"https:\/\/africadailyreport.com\/wp-content\/uploads\/2024\/09\/ADR-Transparent-Green-Logo-1.png","contentUrl":"https:\/\/africadailyreport.com\/wp-content\/uploads\/2024\/09\/ADR-Transparent-Green-Logo-1.png","width":267,"height":185,"caption":"Africa Daily Report"},"image":{"@id":"https:\/\/africadailyreport.com\/fr\/#\/schema\/logo\/image\/"},"sameAs":["https:\/\/www.facebook.com\/africadailyreport","https:\/\/x.com\/adr_africa","https:\/\/www.youtube.com\/@africadailyreport","https:\/\/instagram.com\/africadailyreport"]},{"@type":"Person","@id":"https:\/\/africadailyreport.com\/fr\/#\/schema\/person\/c44d86d79f5570b3ba4cf70c989843f8","name":"ADR\/AFP","image":{"@type":"ImageObject","inLanguage":"fr-FR","@id":"https:\/\/secure.gravatar.com\/avatar\/2fbdc3782aa386b408fd9a36f0bc78ee569c94a7a05670cab3a1d72916408214?s=96&d=mm&r=g","url":"https:\/\/secure.gravatar.com\/avatar\/2fbdc3782aa386b408fd9a36f0bc78ee569c94a7a05670cab3a1d72916408214?s=96&d=mm&r=g","contentUrl":"https:\/\/secure.gravatar.com\/avatar\/2fbdc3782aa386b408fd9a36f0bc78ee569c94a7a05670cab3a1d72916408214?s=96&d=mm&r=g","caption":"ADR\/AFP"},"sameAs":["http:\/\/africadailyreport.com"],"url":"https:\/\/africadailyreport.com\/fr\/author\/both\/"}]}},"jetpack_featured_media_url":"https:\/\/i0.wp.com\/africadailyreport.com\/wp-content\/uploads\/2025\/02\/AFP__20250215__36XX3B4__v1__HighRes__EthiopiaAfricaAuDiplomacy-scaled.jpg?fit=%2C&ssl=1","jetpack_sharing_enabled":true,"amp_enabled":true,"_links":{"self":[{"href":"https:\/\/africadailyreport.com\/fr\/wp-json\/wp\/v2\/posts\/17174","targetHints":{"allow":["GET"]}}],"collection":[{"href":"https:\/\/africadailyreport.com\/fr\/wp-json\/wp\/v2\/posts"}],"about":[{"href":"https:\/\/africadailyreport.com\/fr\/wp-json\/wp\/v2\/types\/post"}],"author":[{"embeddable":true,"href":"https:\/\/africadailyreport.com\/fr\/wp-json\/wp\/v2\/users\/10"}],"replies":[{"embeddable":true,"href":"https:\/\/africadailyreport.com\/fr\/wp-json\/wp\/v2\/comments?post=17174"}],"version-history":[{"count":5,"href":"https:\/\/africadailyreport.com\/fr\/wp-json\/wp\/v2\/posts\/17174\/revisions"}],"predecessor-version":[{"id":17181,"href":"https:\/\/africadailyreport.com\/fr\/wp-json\/wp\/v2\/posts\/17174\/revisions\/17181"}],"wp:featuredmedia":[{"embeddable":true,"href":"https:\/\/africadailyreport.com\/fr\/wp-json\/wp\/v2\/media\/17172"}],"wp:attachment":[{"href":"https:\/\/africadailyreport.com\/fr\/wp-json\/wp\/v2\/media?parent=17174"}],"wp:term":[{"taxonomy":"category","embeddable":true,"href":"https:\/\/africadailyreport.com\/fr\/wp-json\/wp\/v2\/categories?post=17174"},{"taxonomy":"post_tag","embeddable":true,"href":"https:\/\/africadailyreport.com\/fr\/wp-json\/wp\/v2\/tags?post=17174"},{"taxonomy":"adr_country","embeddable":true,"href":"https:\/\/africadailyreport.com\/fr\/wp-json\/wp\/v2\/adr_country?post=17174"}],"curies":[{"name":"wp","href":"https:\/\/api.w.org\/{rel}","templated":true}]}}