{"id":17141,"date":"2025-02-20T22:09:00","date_gmt":"2025-02-20T22:09:00","guid":{"rendered":"https:\/\/africadailyreport.com\/2025\/02\/20\/niger-junta-poised-to-keep-power-for-five-years\/"},"modified":"2025-02-20T22:12:18","modified_gmt":"2025-02-20T22:12:18","slug":"niger-junta-poised-to-keep-power-for-five-years","status":"publish","type":"post","link":"https:\/\/africadailyreport.com\/fr\/2025\/02\/20\/niger-junta-poised-to-keep-power-for-five-years\/","title":{"rendered":"Niger: les assises nationales proposent une transition de cinq ans pour le r\u00e9gime militaire"},"content":{"rendered":"\n<h2 class=\"wp-block-heading\" id=\"h-niamey-niger-les-assises-nationales-au-niger-ont-propose-jeudi-au-terme-de-leurs-travaux-une-duree-de-cinq-ans-renouvelables-pour-conduire-la-transition-en-cours-depuis-le-coup-d-etat-de-2023-et-la-possibilite-pour-les-dirigeants-du-regime-militaire-de-se-presenter-aux-prochaines-elections\">Niamey,\u00a0Niger &#8211; Les assises nationales au Niger ont propos\u00e9 jeudi au terme de leurs travaux \u00ab\u00a0une dur\u00e9e de cinq ans renouvelables\u00a0\u00bb pour conduire la transition en cours depuis le coup d&rsquo;Etat de 2023, et la \u00ab\u00a0possibilit\u00e9\u00a0\u00bb pour les dirigeants du r\u00e9gime militaire de se pr\u00e9senter aux prochaines \u00e9lections.<\/h2>\n\n\n\n\n\n<p><\/p>\n\n\n\n<p>\u00ab\u00a0La refondation (terme utilis\u00e9 d\u00e9sormais en lieu et place de transition) se fera sur une dur\u00e9e de 60 mois, c\u2019est-\u00e0-dire cinq ans \u00e0 compter de la date de l\u2019adoption de la Charte\u00a0\u00bb, a indiqu\u00e9 Me Bibata Niandou, une participante, lors d&rsquo;une c\u00e9r\u00e9monie retransmise en direct sur la t\u00e9l\u00e9vision d&rsquo;Etat.<\/p>\n\n\n\n<p>L&rsquo;\u00e9v\u00e8nement a eu lieu en pr\u00e9sence du chef du r\u00e9gime militaire du Niger, le g\u00e9n\u00e9ral Abdourahamane Tiani, qui devra valider cette proposition&nbsp;et a salu\u00e9 un \u00ab\u00a0nouveau d\u00e9part\u00a0\u00bb&nbsp;pour&nbsp;le&nbsp;pays.<\/p>\n\n\n\n<p>Les assises ont r\u00e9uni du 15 au 19 f\u00e9vrier 716 participants civils et militaires pour notamment fixer la dur\u00e9e de la transition.<\/p>\n\n\n\n<p>\u00ab\u00a0Il s\u2019agit d\u2019un proc\u00e9d\u00e9 in\u00e9dit, porteur d\u2019un espoir raisonnable pour un nouveau d\u00e9part que s\u2019offre notre pays\u00a0\u00bb, a d\u00e9clar\u00e9 lors de la c\u00e9r\u00e9monie le g\u00e9n\u00e9ral Tiani. \u00ab\u00a0Vous avez jou\u00e9 votre partition, je jouerai la mienne sans faiblesse\u00a0\u00bb, a-t-il promis sous un tonnerre d\u2019applaudissements.<\/p>\n\n\n\n<p>Les assises ont formul\u00e9 \u00ab\u00a0des r\u00e9solutions\u00a0\u00bb pr\u00e9cisant que la dur\u00e9e de la transition peut \u00ab\u00a0\u00e9voluer en fonction\u00a0\u00bb notamment de \u00ab\u00a0la situation s\u00e9curitaire\u00a0\u00bb et \u00ab\u00a0l\u2019agenda de la Conf\u00e9d\u00e9ration des \u00c9tats du Sahel\u00a0\u00bb, dans laquelle sont r\u00e9unis le Niger, le Mali et le Burkina Faso, deux pays voisins \u00e9galement dirig\u00e9s par des juntes militaires.<\/p>\n\n\n\n<p>Mamoudou Harouna Djingarey,&nbsp;qui a pr\u00e9sid\u00e9 les assises, a mentionn\u00e9 \u00ab\u00a0la possibilit\u00e9\u00a0\u00bb pour les \u00ab\u00a0dirigeants des organes\u00a0\u00bb de la transition \u00ab\u00a0de se pr\u00e9senter aux futures \u00e9lections\u00a0\u00bb.<\/p>\n\n\n\n<p>Les conclusions des travaux proposent par ailleurs de conf\u00e9rer le \u00ab\u00a0titre de pr\u00e9sident de la r\u00e9publique\u00a0\u00bb au g\u00e9n\u00e9ral de brigade Tiani et de \u00ab\u00a0l\u2019\u00e9lever au&nbsp;grade de g\u00e9n\u00e9ral d\u2019arm\u00e9e\u00a0\u00bb en raison de son \u00ab\u00a0leadership\u00a0\u00bb dans la conqu\u00eate de \u00ab\u00a0la souverainet\u00e9\u00a0\u00bb du Niger, ancienne colonie fran\u00e7aise.<\/p>\n\n\n\n<p>Elles proposent \u00e9galement \u00ab\u00a0une amnistie pour les auteurs du coup d\u2019Etat du 26 juillet 2023\u00a0\u00bb qui a chass\u00e9 le pr\u00e9sident civil \u00e9lu Mohamed Bazoum.<\/p>\n\n\n\n<p>Des \u00ab\u00a0gr\u00e2ces\u00a0\u00bb sont \u00e9galement envisag\u00e9es pour de nombreux militaires condamn\u00e9s pour \u00ab\u00a0tentatives de d\u00e9stabilisation\u00a0\u00bb du pouvoir au cours des dix derni\u00e8res ann\u00e9es.<\/p>\n\n\n\n<p>D\u00e9but 2024, des concertations se sont tenues dans les huit r\u00e9gions du pays pour pr\u00e9parer ces assises et le r\u00e9gime militaire avait annonc\u00e9 un retour \u00e0 l&rsquo;ordre constitutionnel \u00ab\u00a0dans les meilleurs d\u00e9lais\u00a0\u00bb.<\/p>\n\n\n\n<p>Des m\u00e9dias \u00e9trangers n&rsquo;ont pas \u00e9t\u00e9 accr\u00e9dit\u00e9s pour couvrir l&rsquo;\u00e9v\u00e8nement.<\/p>\n\n\n\n<p>L&rsquo;Ordre des avocats du Niger avait lui annonc\u00e9 qu&rsquo;il s&rsquo;abstiendrait de participer \u00e0 ces assises.<\/p>\n\n\n\n<p>\u00a9 Agence France-Presse<\/p>\n","protected":false},"excerpt":{"rendered":"<p>Niamey,\u00a0Niger &#8211; Les assises nationales au Niger ont propos\u00e9 jeudi au terme de leurs travaux \u00ab\u00a0une dur\u00e9e de cinq ans renouvelables\u00a0\u00bb pour conduire la transition en cours depuis le coup d&rsquo;Etat de 2023, et la \u00ab\u00a0possibilit\u00e9\u00a0\u00bb pour les dirigeants du r\u00e9gime militaire de se pr\u00e9senter aux prochaines \u00e9lections. \u00ab\u00a0La refondation (terme utilis\u00e9 d\u00e9sormais en lieu [&hellip;]<\/p>\n","protected":false},"author":10,"featured_media":17139,"comment_status":"open","ping_status":"open","sticky":false,"template":"","format":"standard","meta":{"_acf_changed":false,"om_disable_all_campaigns":false,"_monsterinsights_skip_tracking":false,"_monsterinsights_sitenote_active":false,"_monsterinsights_sitenote_note":"","_monsterinsights_sitenote_category":0,"tdm_status":"","tdm_grid_status":"","_jetpack_newsletter_access":"","_jetpack_dont_email_post_to_subs":false,"_jetpack_newsletter_tier_id":0,"_jetpack_memberships_contains_paywalled_content":false,"_jetpack_memberships_contains_paid_content":false,"footnotes":""},"categories":[293,1008],"tags":[1797,1685,1529,1260,910,1170,785,1174],"adr_country":[1087],"class_list":{"0":"post-17141","1":"post","2":"type-post","3":"status-publish","4":"format-standard","5":"has-post-thumbnail","7":"category-actualites-fr","8":"category-politics-fr","9":"tag-burkina-fr","10":"tag-coup-fr","11":"tag-mali-fr","12":"tag-military-fr","13":"tag-niger-fr","14":"tag-politics-fr","15":"tag-politique-fr","16":"tag-transition","17":"adr_country-niger"},"acf":{"post_version":""},"yoast_head":"<!-- This site is optimized with the Yoast SEO Premium plugin v26.0 (Yoast SEO v27.4) - https:\/\/yoast.com\/product\/yoast-seo-premium-wordpress\/ -->\n<title>Niger: les assises nationales proposent une transition de cinq ans pour le r\u00e9gime militaire - Africa Daily Report<\/title>\n<meta name=\"robots\" content=\"index, follow, max-snippet:-1, max-image-preview:large, max-video-preview:-1\" \/>\n<link rel=\"canonical\" href=\"https:\/\/africadailyreport.com\/fr\/2025\/02\/20\/niger-junta-poised-to-keep-power-for-five-years\/\" \/>\n<meta property=\"og:locale\" content=\"fr_FR\" \/>\n<meta property=\"og:type\" content=\"article\" \/>\n<meta property=\"og:title\" content=\"Niger: les assises nationales proposent une transition de cinq ans pour le r\u00e9gime militaire\" \/>\n<meta property=\"og:description\" content=\"Niamey,\u00a0Niger &#8211; Les assises nationales au Niger ont propos\u00e9 jeudi au terme de leurs travaux \u00ab\u00a0une dur\u00e9e de cinq ans renouvelables\u00a0\u00bb pour conduire la transition en cours depuis le coup d&rsquo;Etat de 2023, et la \u00ab\u00a0possibilit\u00e9\u00a0\u00bb pour les dirigeants du r\u00e9gime militaire de se pr\u00e9senter aux prochaines \u00e9lections. \u00ab\u00a0La refondation (terme utilis\u00e9 d\u00e9sormais en lieu [&hellip;]\" \/>\n<meta property=\"og:url\" content=\"https:\/\/africadailyreport.com\/fr\/2025\/02\/20\/niger-junta-poised-to-keep-power-for-five-years\/\" \/>\n<meta property=\"og:site_name\" content=\"Africa Daily Report\" \/>\n<meta property=\"article:publisher\" content=\"https:\/\/www.facebook.com\/africadailyreport\" \/>\n<meta property=\"article:published_time\" content=\"2025-02-20T22:09:00+00:00\" \/>\n<meta property=\"article:modified_time\" content=\"2025-02-20T22:12:18+00:00\" \/>\n<meta property=\"og:image\" content=\"https:\/\/africadailyreport.com\/wp-content\/uploads\/2025\/02\/AFP__20250215__36XV4M2__v1__HighRes__NigerPoliticsCoup-scaled.jpg\" \/>\n\t<meta property=\"og:image:width\" content=\"1\" \/>\n\t<meta property=\"og:image:height\" content=\"1\" \/>\n\t<meta property=\"og:image:type\" content=\"image\/jpeg\" \/>\n<meta name=\"author\" content=\"ADR\/AFP\" \/>\n<meta name=\"twitter:card\" content=\"summary_large_image\" \/>\n<meta name=\"twitter:creator\" content=\"@adr_africa\" \/>\n<meta name=\"twitter:site\" content=\"@adr_africa\" \/>\n<meta name=\"twitter:label1\" content=\"\u00c9crit par\" \/>\n\t<meta name=\"twitter:data1\" content=\"ADR\/AFP\" \/>\n\t<meta name=\"twitter:label2\" content=\"Dur\u00e9e de lecture estim\u00e9e\" \/>\n\t<meta name=\"twitter:data2\" content=\"3 minutes\" \/>\n<script type=\"application\/ld+json\" class=\"yoast-schema-graph\">{\"@context\":\"https:\\\/\\\/schema.org\",\"@graph\":[{\"@type\":\"Article\",\"@id\":\"https:\\\/\\\/africadailyreport.com\\\/fr\\\/2025\\\/02\\\/20\\\/niger-junta-poised-to-keep-power-for-five-years\\\/#article\",\"isPartOf\":{\"@id\":\"https:\\\/\\\/africadailyreport.com\\\/fr\\\/2025\\\/02\\\/20\\\/niger-junta-poised-to-keep-power-for-five-years\\\/\"},\"author\":{\"name\":\"ADR\\\/AFP\",\"@id\":\"https:\\\/\\\/africadailyreport.com\\\/fr\\\/#\\\/schema\\\/person\\\/c44d86d79f5570b3ba4cf70c989843f8\"},\"headline\":\"Niger: les assises nationales proposent une transition de cinq ans pour le r\u00e9gime militaire\",\"datePublished\":\"2025-02-20T22:09:00+00:00\",\"dateModified\":\"2025-02-20T22:12:18+00:00\",\"mainEntityOfPage\":{\"@id\":\"https:\\\/\\\/africadailyreport.com\\\/fr\\\/2025\\\/02\\\/20\\\/niger-junta-poised-to-keep-power-for-five-years\\\/\"},\"wordCount\":516,\"commentCount\":0,\"publisher\":{\"@id\":\"https:\\\/\\\/africadailyreport.com\\\/fr\\\/#organization\"},\"image\":{\"@id\":\"https:\\\/\\\/africadailyreport.com\\\/fr\\\/2025\\\/02\\\/20\\\/niger-junta-poised-to-keep-power-for-five-years\\\/#primaryimage\"},\"thumbnailUrl\":\"https:\\\/\\\/i0.wp.com\\\/africadailyreport.com\\\/wp-content\\\/uploads\\\/2025\\\/02\\\/AFP__20250215__36XV4M2__v1__HighRes__NigerPoliticsCoup-scaled.jpg?fit=%2C&ssl=1\",\"keywords\":[\"burkina\",\"coup\",\"MALI\",\"military\",\"niger\",\"Politics\",\"politique\",\"transition\"],\"articleSection\":[\"Actualit\u00e9s\",\"Politics\"],\"inLanguage\":\"fr-FR\",\"potentialAction\":[{\"@type\":\"CommentAction\",\"name\":\"Comment\",\"target\":[\"https:\\\/\\\/africadailyreport.com\\\/fr\\\/2025\\\/02\\\/20\\\/niger-junta-poised-to-keep-power-for-five-years\\\/#respond\"]}],\"copyrightYear\":\"2025\",\"copyrightHolder\":{\"@id\":\"https:\\\/\\\/africadailyreport.com\\\/#organization\"}},{\"@type\":\"WebPage\",\"@id\":\"https:\\\/\\\/africadailyreport.com\\\/fr\\\/2025\\\/02\\\/20\\\/niger-junta-poised-to-keep-power-for-five-years\\\/\",\"url\":\"https:\\\/\\\/africadailyreport.com\\\/fr\\\/2025\\\/02\\\/20\\\/niger-junta-poised-to-keep-power-for-five-years\\\/\",\"name\":\"Niger: les assises nationales proposent une transition de cinq ans pour le r\u00e9gime militaire - Africa Daily Report\",\"isPartOf\":{\"@id\":\"https:\\\/\\\/africadailyreport.com\\\/fr\\\/#website\"},\"primaryImageOfPage\":{\"@id\":\"https:\\\/\\\/africadailyreport.com\\\/fr\\\/2025\\\/02\\\/20\\\/niger-junta-poised-to-keep-power-for-five-years\\\/#primaryimage\"},\"image\":{\"@id\":\"https:\\\/\\\/africadailyreport.com\\\/fr\\\/2025\\\/02\\\/20\\\/niger-junta-poised-to-keep-power-for-five-years\\\/#primaryimage\"},\"thumbnailUrl\":\"https:\\\/\\\/i0.wp.com\\\/africadailyreport.com\\\/wp-content\\\/uploads\\\/2025\\\/02\\\/AFP__20250215__36XV4M2__v1__HighRes__NigerPoliticsCoup-scaled.jpg?fit=%2C&ssl=1\",\"datePublished\":\"2025-02-20T22:09:00+00:00\",\"dateModified\":\"2025-02-20T22:12:18+00:00\",\"breadcrumb\":{\"@id\":\"https:\\\/\\\/africadailyreport.com\\\/fr\\\/2025\\\/02\\\/20\\\/niger-junta-poised-to-keep-power-for-five-years\\\/#breadcrumb\"},\"inLanguage\":\"fr-FR\",\"potentialAction\":[{\"@type\":\"ReadAction\",\"target\":[\"https:\\\/\\\/africadailyreport.com\\\/fr\\\/2025\\\/02\\\/20\\\/niger-junta-poised-to-keep-power-for-five-years\\\/\"]}]},{\"@type\":\"ImageObject\",\"inLanguage\":\"fr-FR\",\"@id\":\"https:\\\/\\\/africadailyreport.com\\\/fr\\\/2025\\\/02\\\/20\\\/niger-junta-poised-to-keep-power-for-five-years\\\/#primaryimage\",\"url\":\"https:\\\/\\\/i0.wp.com\\\/africadailyreport.com\\\/wp-content\\\/uploads\\\/2025\\\/02\\\/AFP__20250215__36XV4M2__v1__HighRes__NigerPoliticsCoup-scaled.jpg?fit=%2C&ssl=1\",\"contentUrl\":\"https:\\\/\\\/i0.wp.com\\\/africadailyreport.com\\\/wp-content\\\/uploads\\\/2025\\\/02\\\/AFP__20250215__36XV4M2__v1__HighRes__NigerPoliticsCoup-scaled.jpg?fit=%2C&ssl=1\",\"caption\":\"The head of Niger's military regime, General Abdourahamane Tiani (C) attends the opening of the commission responsible for conducting the national conference in Niamey on February 15, 2025. The head of Niger's military regime, General Abdourahamane Tiani, launched five days of \\\"national conferences\\\" in Niamey on February 15, 2025, which are supposed to set the duration of the transition, which has been underway since a coup d'\u00e9tat in July 2023. (Photo by AFP)\"},{\"@type\":\"BreadcrumbList\",\"@id\":\"https:\\\/\\\/africadailyreport.com\\\/fr\\\/2025\\\/02\\\/20\\\/niger-junta-poised-to-keep-power-for-five-years\\\/#breadcrumb\",\"itemListElement\":[{\"@type\":\"ListItem\",\"position\":1,\"name\":\"Home\",\"item\":\"https:\\\/\\\/africadailyreport.com\\\/fr\\\/\"},{\"@type\":\"ListItem\",\"position\":2,\"name\":\"Niger: les assises nationales proposent une transition de cinq ans pour le r\u00e9gime militaire\"}]},{\"@type\":\"WebSite\",\"@id\":\"https:\\\/\\\/africadailyreport.com\\\/fr\\\/#website\",\"url\":\"https:\\\/\\\/africadailyreport.com\\\/fr\\\/\",\"name\":\"Africa Daily Report\",\"description\":\"\",\"publisher\":{\"@id\":\"https:\\\/\\\/africadailyreport.com\\\/fr\\\/#organization\"},\"potentialAction\":[{\"@type\":\"SearchAction\",\"target\":{\"@type\":\"EntryPoint\",\"urlTemplate\":\"https:\\\/\\\/africadailyreport.com\\\/fr\\\/?s={search_term_string}\"},\"query-input\":{\"@type\":\"PropertyValueSpecification\",\"valueRequired\":true,\"valueName\":\"search_term_string\"}}],\"inLanguage\":\"fr-FR\"},{\"@type\":\"Organization\",\"@id\":\"https:\\\/\\\/africadailyreport.com\\\/fr\\\/#organization\",\"name\":\"Africa Daily Report\",\"url\":\"https:\\\/\\\/africadailyreport.com\\\/fr\\\/\",\"logo\":{\"@type\":\"ImageObject\",\"inLanguage\":\"fr-FR\",\"@id\":\"https:\\\/\\\/africadailyreport.com\\\/fr\\\/#\\\/schema\\\/logo\\\/image\\\/\",\"url\":\"https:\\\/\\\/africadailyreport.com\\\/wp-content\\\/uploads\\\/2024\\\/09\\\/ADR-Transparent-Green-Logo-1.png\",\"contentUrl\":\"https:\\\/\\\/africadailyreport.com\\\/wp-content\\\/uploads\\\/2024\\\/09\\\/ADR-Transparent-Green-Logo-1.png\",\"width\":267,\"height\":185,\"caption\":\"Africa Daily Report\"},\"image\":{\"@id\":\"https:\\\/\\\/africadailyreport.com\\\/fr\\\/#\\\/schema\\\/logo\\\/image\\\/\"},\"sameAs\":[\"https:\\\/\\\/www.facebook.com\\\/africadailyreport\",\"https:\\\/\\\/x.com\\\/adr_africa\",\"https:\\\/\\\/www.youtube.com\\\/@africadailyreport\",\"https:\\\/\\\/instagram.com\\\/africadailyreport\"]},{\"@type\":\"Person\",\"@id\":\"https:\\\/\\\/africadailyreport.com\\\/fr\\\/#\\\/schema\\\/person\\\/c44d86d79f5570b3ba4cf70c989843f8\",\"name\":\"ADR\\\/AFP\",\"image\":{\"@type\":\"ImageObject\",\"inLanguage\":\"fr-FR\",\"@id\":\"https:\\\/\\\/secure.gravatar.com\\\/avatar\\\/2fbdc3782aa386b408fd9a36f0bc78ee569c94a7a05670cab3a1d72916408214?s=96&d=mm&r=g\",\"url\":\"https:\\\/\\\/secure.gravatar.com\\\/avatar\\\/2fbdc3782aa386b408fd9a36f0bc78ee569c94a7a05670cab3a1d72916408214?s=96&d=mm&r=g\",\"contentUrl\":\"https:\\\/\\\/secure.gravatar.com\\\/avatar\\\/2fbdc3782aa386b408fd9a36f0bc78ee569c94a7a05670cab3a1d72916408214?s=96&d=mm&r=g\",\"caption\":\"ADR\\\/AFP\"},\"sameAs\":[\"http:\\\/\\\/africadailyreport.com\"],\"url\":\"https:\\\/\\\/africadailyreport.com\\\/fr\\\/author\\\/both\\\/\"}]}<\/script>\n<!-- \/ Yoast SEO Premium plugin. -->","yoast_head_json":{"title":"Niger: les assises nationales proposent une transition de cinq ans pour le r\u00e9gime militaire - Africa Daily Report","robots":{"index":"index","follow":"follow","max-snippet":"max-snippet:-1","max-image-preview":"max-image-preview:large","max-video-preview":"max-video-preview:-1"},"canonical":"https:\/\/africadailyreport.com\/fr\/2025\/02\/20\/niger-junta-poised-to-keep-power-for-five-years\/","og_locale":"fr_FR","og_type":"article","og_title":"Niger: les assises nationales proposent une transition de cinq ans pour le r\u00e9gime militaire","og_description":"Niamey,\u00a0Niger &#8211; Les assises nationales au Niger ont propos\u00e9 jeudi au terme de leurs travaux \u00ab\u00a0une dur\u00e9e de cinq ans renouvelables\u00a0\u00bb pour conduire la transition en cours depuis le coup d&rsquo;Etat de 2023, et la \u00ab\u00a0possibilit\u00e9\u00a0\u00bb pour les dirigeants du r\u00e9gime militaire de se pr\u00e9senter aux prochaines \u00e9lections. \u00ab\u00a0La refondation (terme utilis\u00e9 d\u00e9sormais en lieu [&hellip;]","og_url":"https:\/\/africadailyreport.com\/fr\/2025\/02\/20\/niger-junta-poised-to-keep-power-for-five-years\/","og_site_name":"Africa Daily Report","article_publisher":"https:\/\/www.facebook.com\/africadailyreport","article_published_time":"2025-02-20T22:09:00+00:00","article_modified_time":"2025-02-20T22:12:18+00:00","og_image":[{"url":"https:\/\/africadailyreport.com\/wp-content\/uploads\/2025\/02\/AFP__20250215__36XV4M2__v1__HighRes__NigerPoliticsCoup-scaled.jpg","width":1,"height":1,"type":"image\/jpeg"}],"author":"ADR\/AFP","twitter_card":"summary_large_image","twitter_creator":"@adr_africa","twitter_site":"@adr_africa","twitter_misc":{"\u00c9crit par":"ADR\/AFP","Dur\u00e9e de lecture estim\u00e9e":"3 minutes"},"schema":{"@context":"https:\/\/schema.org","@graph":[{"@type":"Article","@id":"https:\/\/africadailyreport.com\/fr\/2025\/02\/20\/niger-junta-poised-to-keep-power-for-five-years\/#article","isPartOf":{"@id":"https:\/\/africadailyreport.com\/fr\/2025\/02\/20\/niger-junta-poised-to-keep-power-for-five-years\/"},"author":{"name":"ADR\/AFP","@id":"https:\/\/africadailyreport.com\/fr\/#\/schema\/person\/c44d86d79f5570b3ba4cf70c989843f8"},"headline":"Niger: les assises nationales proposent une transition de cinq ans pour le r\u00e9gime militaire","datePublished":"2025-02-20T22:09:00+00:00","dateModified":"2025-02-20T22:12:18+00:00","mainEntityOfPage":{"@id":"https:\/\/africadailyreport.com\/fr\/2025\/02\/20\/niger-junta-poised-to-keep-power-for-five-years\/"},"wordCount":516,"commentCount":0,"publisher":{"@id":"https:\/\/africadailyreport.com\/fr\/#organization"},"image":{"@id":"https:\/\/africadailyreport.com\/fr\/2025\/02\/20\/niger-junta-poised-to-keep-power-for-five-years\/#primaryimage"},"thumbnailUrl":"https:\/\/i0.wp.com\/africadailyreport.com\/wp-content\/uploads\/2025\/02\/AFP__20250215__36XV4M2__v1__HighRes__NigerPoliticsCoup-scaled.jpg?fit=%2C&ssl=1","keywords":["burkina","coup","MALI","military","niger","Politics","politique","transition"],"articleSection":["Actualit\u00e9s","Politics"],"inLanguage":"fr-FR","potentialAction":[{"@type":"CommentAction","name":"Comment","target":["https:\/\/africadailyreport.com\/fr\/2025\/02\/20\/niger-junta-poised-to-keep-power-for-five-years\/#respond"]}],"copyrightYear":"2025","copyrightHolder":{"@id":"https:\/\/africadailyreport.com\/#organization"}},{"@type":"WebPage","@id":"https:\/\/africadailyreport.com\/fr\/2025\/02\/20\/niger-junta-poised-to-keep-power-for-five-years\/","url":"https:\/\/africadailyreport.com\/fr\/2025\/02\/20\/niger-junta-poised-to-keep-power-for-five-years\/","name":"Niger: les assises nationales proposent une transition de cinq ans pour le r\u00e9gime militaire - Africa Daily Report","isPartOf":{"@id":"https:\/\/africadailyreport.com\/fr\/#website"},"primaryImageOfPage":{"@id":"https:\/\/africadailyreport.com\/fr\/2025\/02\/20\/niger-junta-poised-to-keep-power-for-five-years\/#primaryimage"},"image":{"@id":"https:\/\/africadailyreport.com\/fr\/2025\/02\/20\/niger-junta-poised-to-keep-power-for-five-years\/#primaryimage"},"thumbnailUrl":"https:\/\/i0.wp.com\/africadailyreport.com\/wp-content\/uploads\/2025\/02\/AFP__20250215__36XV4M2__v1__HighRes__NigerPoliticsCoup-scaled.jpg?fit=%2C&ssl=1","datePublished":"2025-02-20T22:09:00+00:00","dateModified":"2025-02-20T22:12:18+00:00","breadcrumb":{"@id":"https:\/\/africadailyreport.com\/fr\/2025\/02\/20\/niger-junta-poised-to-keep-power-for-five-years\/#breadcrumb"},"inLanguage":"fr-FR","potentialAction":[{"@type":"ReadAction","target":["https:\/\/africadailyreport.com\/fr\/2025\/02\/20\/niger-junta-poised-to-keep-power-for-five-years\/"]}]},{"@type":"ImageObject","inLanguage":"fr-FR","@id":"https:\/\/africadailyreport.com\/fr\/2025\/02\/20\/niger-junta-poised-to-keep-power-for-five-years\/#primaryimage","url":"https:\/\/i0.wp.com\/africadailyreport.com\/wp-content\/uploads\/2025\/02\/AFP__20250215__36XV4M2__v1__HighRes__NigerPoliticsCoup-scaled.jpg?fit=%2C&ssl=1","contentUrl":"https:\/\/i0.wp.com\/africadailyreport.com\/wp-content\/uploads\/2025\/02\/AFP__20250215__36XV4M2__v1__HighRes__NigerPoliticsCoup-scaled.jpg?fit=%2C&ssl=1","caption":"The head of Niger's military regime, General Abdourahamane Tiani (C) attends the opening of the commission responsible for conducting the national conference in Niamey on February 15, 2025. The head of Niger's military regime, General Abdourahamane Tiani, launched five days of \"national conferences\" in Niamey on February 15, 2025, which are supposed to set the duration of the transition, which has been underway since a coup d'\u00e9tat in July 2023. (Photo by AFP)"},{"@type":"BreadcrumbList","@id":"https:\/\/africadailyreport.com\/fr\/2025\/02\/20\/niger-junta-poised-to-keep-power-for-five-years\/#breadcrumb","itemListElement":[{"@type":"ListItem","position":1,"name":"Home","item":"https:\/\/africadailyreport.com\/fr\/"},{"@type":"ListItem","position":2,"name":"Niger: les assises nationales proposent une transition de cinq ans pour le r\u00e9gime militaire"}]},{"@type":"WebSite","@id":"https:\/\/africadailyreport.com\/fr\/#website","url":"https:\/\/africadailyreport.com\/fr\/","name":"Africa Daily Report","description":"","publisher":{"@id":"https:\/\/africadailyreport.com\/fr\/#organization"},"potentialAction":[{"@type":"SearchAction","target":{"@type":"EntryPoint","urlTemplate":"https:\/\/africadailyreport.com\/fr\/?s={search_term_string}"},"query-input":{"@type":"PropertyValueSpecification","valueRequired":true,"valueName":"search_term_string"}}],"inLanguage":"fr-FR"},{"@type":"Organization","@id":"https:\/\/africadailyreport.com\/fr\/#organization","name":"Africa Daily Report","url":"https:\/\/africadailyreport.com\/fr\/","logo":{"@type":"ImageObject","inLanguage":"fr-FR","@id":"https:\/\/africadailyreport.com\/fr\/#\/schema\/logo\/image\/","url":"https:\/\/africadailyreport.com\/wp-content\/uploads\/2024\/09\/ADR-Transparent-Green-Logo-1.png","contentUrl":"https:\/\/africadailyreport.com\/wp-content\/uploads\/2024\/09\/ADR-Transparent-Green-Logo-1.png","width":267,"height":185,"caption":"Africa Daily Report"},"image":{"@id":"https:\/\/africadailyreport.com\/fr\/#\/schema\/logo\/image\/"},"sameAs":["https:\/\/www.facebook.com\/africadailyreport","https:\/\/x.com\/adr_africa","https:\/\/www.youtube.com\/@africadailyreport","https:\/\/instagram.com\/africadailyreport"]},{"@type":"Person","@id":"https:\/\/africadailyreport.com\/fr\/#\/schema\/person\/c44d86d79f5570b3ba4cf70c989843f8","name":"ADR\/AFP","image":{"@type":"ImageObject","inLanguage":"fr-FR","@id":"https:\/\/secure.gravatar.com\/avatar\/2fbdc3782aa386b408fd9a36f0bc78ee569c94a7a05670cab3a1d72916408214?s=96&d=mm&r=g","url":"https:\/\/secure.gravatar.com\/avatar\/2fbdc3782aa386b408fd9a36f0bc78ee569c94a7a05670cab3a1d72916408214?s=96&d=mm&r=g","contentUrl":"https:\/\/secure.gravatar.com\/avatar\/2fbdc3782aa386b408fd9a36f0bc78ee569c94a7a05670cab3a1d72916408214?s=96&d=mm&r=g","caption":"ADR\/AFP"},"sameAs":["http:\/\/africadailyreport.com"],"url":"https:\/\/africadailyreport.com\/fr\/author\/both\/"}]}},"jetpack_featured_media_url":"https:\/\/i0.wp.com\/africadailyreport.com\/wp-content\/uploads\/2025\/02\/AFP__20250215__36XV4M2__v1__HighRes__NigerPoliticsCoup-scaled.jpg?fit=%2C&ssl=1","jetpack_sharing_enabled":true,"amp_enabled":true,"_links":{"self":[{"href":"https:\/\/africadailyreport.com\/fr\/wp-json\/wp\/v2\/posts\/17141","targetHints":{"allow":["GET"]}}],"collection":[{"href":"https:\/\/africadailyreport.com\/fr\/wp-json\/wp\/v2\/posts"}],"about":[{"href":"https:\/\/africadailyreport.com\/fr\/wp-json\/wp\/v2\/types\/post"}],"author":[{"embeddable":true,"href":"https:\/\/africadailyreport.com\/fr\/wp-json\/wp\/v2\/users\/10"}],"replies":[{"embeddable":true,"href":"https:\/\/africadailyreport.com\/fr\/wp-json\/wp\/v2\/comments?post=17141"}],"version-history":[{"count":3,"href":"https:\/\/africadailyreport.com\/fr\/wp-json\/wp\/v2\/posts\/17141\/revisions"}],"predecessor-version":[{"id":17145,"href":"https:\/\/africadailyreport.com\/fr\/wp-json\/wp\/v2\/posts\/17141\/revisions\/17145"}],"wp:featuredmedia":[{"embeddable":true,"href":"https:\/\/africadailyreport.com\/fr\/wp-json\/wp\/v2\/media\/17139"}],"wp:attachment":[{"href":"https:\/\/africadailyreport.com\/fr\/wp-json\/wp\/v2\/media?parent=17141"}],"wp:term":[{"taxonomy":"category","embeddable":true,"href":"https:\/\/africadailyreport.com\/fr\/wp-json\/wp\/v2\/categories?post=17141"},{"taxonomy":"post_tag","embeddable":true,"href":"https:\/\/africadailyreport.com\/fr\/wp-json\/wp\/v2\/tags?post=17141"},{"taxonomy":"adr_country","embeddable":true,"href":"https:\/\/africadailyreport.com\/fr\/wp-json\/wp\/v2\/adr_country?post=17141"}],"curies":[{"name":"wp","href":"https:\/\/api.w.org\/{rel}","templated":true}]}}