{"id":17130,"date":"2025-02-20T21:57:12","date_gmt":"2025-02-20T21:57:12","guid":{"rendered":"https:\/\/africadailyreport.com\/2025\/02\/20\/rubios-absence-at-s-africa-g20-meet-not-a-train-smash-ramaphosa\/"},"modified":"2025-02-20T22:04:32","modified_gmt":"2025-02-20T22:04:32","slug":"rubios-absence-at-s-africa-g20-meet-not-a-train-smash-ramaphosa","status":"publish","type":"post","link":"https:\/\/africadailyreport.com\/fr\/2025\/02\/20\/rubios-absence-at-s-africa-g20-meet-not-a-train-smash-ramaphosa\/","title":{"rendered":"G20: l&rsquo;absence de Rubio n&rsquo;est ni une \u00ab\u00a0catastrophe\u00a0\u00bb ni un \u00ab\u00a0boycott\u00a0\u00bb, assure Ramaphosa"},"content":{"rendered":"\n<h2 class=\"wp-block-heading\" id=\"h-johannesburg-afrique-du-sud-l-absence-du-chef-de-la-diplomatie-americaine-marco-rubio-a-une-reunion-des-ministres-des-affaires-etrangeres-du-g20-jeudi-a-johannesburg-ne-represente-ni-une-catastrophe-ni-un-boycott-a-estime-le-president-sud-africain-cyril-ramaphosa\">Johannesburg, Afrique du Sud &#8211; L&rsquo;absence du chef de la diplomatie am\u00e9ricaine Marco Rubio \u00e0 une r\u00e9union des ministres des Affaires \u00e9trang\u00e8res du G20 jeudi \u00e0 Johannesburg ne repr\u00e9sente ni une \u00ab\u00a0catastrophe\u00a0\u00bb ni un \u00ab\u00a0boycott\u00a0\u00bb, a estim\u00e9 le pr\u00e9sident sud-africain Cyril Ramaphosa.<\/h2>\n\n\n\n\n\n<p><\/p>\n\n\n\n<p>L&rsquo;absence du chef de la diplomatie am\u00e9ricaine Marco Rubio \u00e0 une r\u00e9union des ministres des Affaires \u00e9trang\u00e8res du G20 jeudi \u00e0 Johannesburg ne repr\u00e9sente ni une \u00ab\u00a0catastrophe\u00a0\u00bb ni un \u00ab\u00a0boycott\u00a0\u00bb, a estim\u00e9 le pr\u00e9sident sud-africain Cyril Ramaphosa.<\/p>\n\n\n\n<p>\u00ab\u00a0L&rsquo;absence du secr\u00e9taire d&rsquo;\u00c9tat n&rsquo;est pas une catastrophe, car les \u00c9tats-Unis sont toujours repr\u00e9sent\u00e9s ici\u00a0\u00bb, a jug\u00e9 jeudi lors d&rsquo;une conf\u00e9rence de presse le chef d&rsquo;Etat \u00e0 propos de Washington, pr\u00e9sent seulement via sa charg\u00e9e d&rsquo;affaires \u00e0 l&rsquo;ambassade de Pretoria.<\/p>\n\n\n\n<p>\u00ab\u00a0Ils font partie du G20 et les discussions qui auront lieu ici sont des discussions dont ils feront partie int\u00e9grante. Ce n&rsquo;est donc pas d&rsquo;un boycott\u00a0\u00bb, a-t-il insist\u00e9 au premier jour de cette rencontre devant s&rsquo;\u00e9tendre jusqu&rsquo;\u00e0 vendredi.<\/p>\n\n\n\n<p>Marco Rubio a tax\u00e9 Pretoria d&rsquo;anti-am\u00e9ricanisme en pleine brouille entre les deux pays, en raison notamment du&nbsp;traitement \u00ab\u00a0injuste\u00a0\u00bb&nbsp; des Afrikaners, descendants des premiers colons europ\u00e9ens, selon le pr\u00e9sident des Etats-Unis Donald Trump, critique d&rsquo;une loi sur l&rsquo;expropriation promulgu\u00e9e en d\u00e9but d&rsquo;ann\u00e9e.<\/p>\n\n\n\n<p>\u00ab\u00a0Nous sommes d\u00e9termin\u00e9s \u00e0 entretenir de bonnes relations avec les \u00c9tats-Unis\u00a0\u00bb, a assur\u00e9 Cyril Ramaphosa.<\/p>\n\n\n\n<p>\u00ab\u00a0On peut ne pas \u00eatre d&rsquo;accord sur un certain nombre de sujets, mais dans un esprit diplomatique et de promotions de nos bonnes relations, on veut pouvoir \u00e9changer directement\u00a0\u00bb, a plaid\u00e9 le pr\u00e9sident sud-africain.<\/p>\n\n\n\n<p>Les d\u00e9saccords ne manquent pas entre la Maison Blanche et le gouvernement sud-africain \u00e0 l&rsquo;initiative d&rsquo;une plainte pour g\u00e9nocide \u00e0 l&rsquo;encontre d&rsquo;Isra\u00ebl devant la Cour internationale de justice.<\/p>\n\n\n\n<p>Le secr\u00e9taire au Tr\u00e9sor am\u00e9ricain Scott Bessent a annonc\u00e9 qu&rsquo;il s\u00e9cherait lui aussi une r\u00e9union des ministres des Finances du G20 pr\u00e9vue au Cap, mercredi et jeudi prochain \u00ab\u00a0en raison d&rsquo;obligations \u00e0 Washington\u00a0\u00bb.<\/p>\n\n\n\n<p><\/p>\n\n\n\n<p>\u00a9 Agence France-Presse<\/p>\n","protected":false},"excerpt":{"rendered":"<p>Johannesburg, Afrique du Sud &#8211; L&rsquo;absence du chef de la diplomatie am\u00e9ricaine Marco Rubio \u00e0 une r\u00e9union des ministres des Affaires \u00e9trang\u00e8res du G20 jeudi \u00e0 Johannesburg ne repr\u00e9sente ni une \u00ab\u00a0catastrophe\u00a0\u00bb ni un \u00ab\u00a0boycott\u00a0\u00bb, a estim\u00e9 le pr\u00e9sident sud-africain Cyril Ramaphosa. L&rsquo;absence du chef de la diplomatie am\u00e9ricaine Marco Rubio \u00e0 une r\u00e9union des [&hellip;]<\/p>\n","protected":false},"author":10,"featured_media":17127,"comment_status":"open","ping_status":"open","sticky":false,"template":"","format":"standard","meta":{"_acf_changed":false,"om_disable_all_campaigns":false,"_monsterinsights_skip_tracking":false,"_monsterinsights_sitenote_active":false,"_monsterinsights_sitenote_note":"","_monsterinsights_sitenote_category":0,"tdm_status":"","tdm_grid_status":"","_jetpack_newsletter_access":"","_jetpack_dont_email_post_to_subs":false,"_jetpack_newsletter_tier_id":0,"_jetpack_memberships_contains_paywalled_content":false,"_jetpack_memberships_contains_paid_content":false,"footnotes":""},"categories":[1236],"tags":[2573,1067,784,960,1170,785,1376,1369,1267],"adr_country":[1099,1213,1097],"class_list":{"0":"post-17130","1":"post","2":"type-post","3":"status-publish","4":"format-standard","5":"has-post-thumbnail","7":"category-lead","8":"tag-afsud-2-fr","9":"tag-diplomacy-fr","10":"tag-diplomatie-fr","11":"tag-economie-2-fr","12":"tag-politics-fr","13":"tag-politique-fr","14":"tag-safrica-fr","15":"tag-south-africa-fr","16":"tag-usa-2","17":"adr_country-afrique","18":"adr_country-afrique-du-sud","19":"adr_country-monde"},"acf":{"post_version":""},"yoast_head":"<!-- This site is optimized with the Yoast SEO Premium plugin v26.0 (Yoast SEO v27.4) - https:\/\/yoast.com\/product\/yoast-seo-premium-wordpress\/ -->\n<title>G20: l&#039;absence de Rubio n&#039;est ni une &quot;catastrophe&quot; ni un &quot;boycott&quot;, assure Ramaphosa - Africa Daily Report<\/title>\n<meta name=\"robots\" content=\"index, follow, max-snippet:-1, max-image-preview:large, max-video-preview:-1\" \/>\n<link rel=\"canonical\" href=\"https:\/\/africadailyreport.com\/fr\/2025\/02\/20\/rubios-absence-at-s-africa-g20-meet-not-a-train-smash-ramaphosa\/\" \/>\n<meta property=\"og:locale\" content=\"fr_FR\" \/>\n<meta property=\"og:type\" content=\"article\" \/>\n<meta property=\"og:title\" content=\"G20: l&#039;absence de Rubio n&#039;est ni une &quot;catastrophe&quot; ni un &quot;boycott&quot;, assure Ramaphosa\" \/>\n<meta property=\"og:description\" content=\"Johannesburg, Afrique du Sud &#8211; L&rsquo;absence du chef de la diplomatie am\u00e9ricaine Marco Rubio \u00e0 une r\u00e9union des ministres des Affaires \u00e9trang\u00e8res du G20 jeudi \u00e0 Johannesburg ne repr\u00e9sente ni une \u00ab\u00a0catastrophe\u00a0\u00bb ni un \u00ab\u00a0boycott\u00a0\u00bb, a estim\u00e9 le pr\u00e9sident sud-africain Cyril Ramaphosa. L&rsquo;absence du chef de la diplomatie am\u00e9ricaine Marco Rubio \u00e0 une r\u00e9union des [&hellip;]\" \/>\n<meta property=\"og:url\" content=\"https:\/\/africadailyreport.com\/fr\/2025\/02\/20\/rubios-absence-at-s-africa-g20-meet-not-a-train-smash-ramaphosa\/\" \/>\n<meta property=\"og:site_name\" content=\"Africa Daily Report\" \/>\n<meta property=\"article:publisher\" content=\"https:\/\/www.facebook.com\/africadailyreport\" \/>\n<meta property=\"article:published_time\" content=\"2025-02-20T21:57:12+00:00\" \/>\n<meta property=\"article:modified_time\" content=\"2025-02-20T22:04:32+00:00\" \/>\n<meta property=\"og:image\" content=\"https:\/\/africadailyreport.com\/wp-content\/uploads\/2025\/02\/AFP__20250220__36Y88BY__v1__HighRes__SafricaG20Diplomacy-scaled.jpg\" \/>\n\t<meta property=\"og:image:width\" content=\"1\" \/>\n\t<meta property=\"og:image:height\" content=\"1\" \/>\n\t<meta property=\"og:image:type\" content=\"image\/jpeg\" \/>\n<meta name=\"author\" content=\"ADR\/AFP\" \/>\n<meta name=\"twitter:card\" content=\"summary_large_image\" \/>\n<meta name=\"twitter:creator\" content=\"@adr_africa\" \/>\n<meta name=\"twitter:site\" content=\"@adr_africa\" \/>\n<meta name=\"twitter:label1\" content=\"\u00c9crit par\" \/>\n\t<meta name=\"twitter:data1\" content=\"ADR\/AFP\" \/>\n\t<meta name=\"twitter:label2\" content=\"Dur\u00e9e de lecture estim\u00e9e\" \/>\n\t<meta name=\"twitter:data2\" content=\"2 minutes\" \/>\n<script type=\"application\/ld+json\" class=\"yoast-schema-graph\">{\"@context\":\"https:\\\/\\\/schema.org\",\"@graph\":[{\"@type\":\"Article\",\"@id\":\"https:\\\/\\\/africadailyreport.com\\\/fr\\\/2025\\\/02\\\/20\\\/rubios-absence-at-s-africa-g20-meet-not-a-train-smash-ramaphosa\\\/#article\",\"isPartOf\":{\"@id\":\"https:\\\/\\\/africadailyreport.com\\\/fr\\\/2025\\\/02\\\/20\\\/rubios-absence-at-s-africa-g20-meet-not-a-train-smash-ramaphosa\\\/\"},\"author\":{\"name\":\"ADR\\\/AFP\",\"@id\":\"https:\\\/\\\/africadailyreport.com\\\/fr\\\/#\\\/schema\\\/person\\\/c44d86d79f5570b3ba4cf70c989843f8\"},\"headline\":\"G20: l&rsquo;absence de Rubio n&rsquo;est ni une \u00ab\u00a0catastrophe\u00a0\u00bb ni un \u00ab\u00a0boycott\u00a0\u00bb, assure Ramaphosa\",\"datePublished\":\"2025-02-20T21:57:12+00:00\",\"dateModified\":\"2025-02-20T22:04:32+00:00\",\"mainEntityOfPage\":{\"@id\":\"https:\\\/\\\/africadailyreport.com\\\/fr\\\/2025\\\/02\\\/20\\\/rubios-absence-at-s-africa-g20-meet-not-a-train-smash-ramaphosa\\\/\"},\"wordCount\":376,\"commentCount\":0,\"publisher\":{\"@id\":\"https:\\\/\\\/africadailyreport.com\\\/fr\\\/#organization\"},\"image\":{\"@id\":\"https:\\\/\\\/africadailyreport.com\\\/fr\\\/2025\\\/02\\\/20\\\/rubios-absence-at-s-africa-g20-meet-not-a-train-smash-ramaphosa\\\/#primaryimage\"},\"thumbnailUrl\":\"https:\\\/\\\/i0.wp.com\\\/africadailyreport.com\\\/wp-content\\\/uploads\\\/2025\\\/02\\\/AFP__20250220__36Y88BY__v1__HighRes__SafricaG20Diplomacy-scaled.jpg?fit=%2C&ssl=1\",\"keywords\":[\"afsud\",\"diplomacy\",\"diplomatie\",\"\u00e9conomie\",\"Politics\",\"politique\",\"safrica\",\"South Africa\",\"usa\"],\"articleSection\":[\"LEAD\"],\"inLanguage\":\"fr-FR\",\"potentialAction\":[{\"@type\":\"CommentAction\",\"name\":\"Comment\",\"target\":[\"https:\\\/\\\/africadailyreport.com\\\/fr\\\/2025\\\/02\\\/20\\\/rubios-absence-at-s-africa-g20-meet-not-a-train-smash-ramaphosa\\\/#respond\"]}],\"copyrightYear\":\"2025\",\"copyrightHolder\":{\"@id\":\"https:\\\/\\\/africadailyreport.com\\\/#organization\"}},{\"@type\":\"WebPage\",\"@id\":\"https:\\\/\\\/africadailyreport.com\\\/fr\\\/2025\\\/02\\\/20\\\/rubios-absence-at-s-africa-g20-meet-not-a-train-smash-ramaphosa\\\/\",\"url\":\"https:\\\/\\\/africadailyreport.com\\\/fr\\\/2025\\\/02\\\/20\\\/rubios-absence-at-s-africa-g20-meet-not-a-train-smash-ramaphosa\\\/\",\"name\":\"G20: l'absence de Rubio n'est ni une \\\"catastrophe\\\" ni un \\\"boycott\\\", assure Ramaphosa - Africa Daily Report\",\"isPartOf\":{\"@id\":\"https:\\\/\\\/africadailyreport.com\\\/fr\\\/#website\"},\"primaryImageOfPage\":{\"@id\":\"https:\\\/\\\/africadailyreport.com\\\/fr\\\/2025\\\/02\\\/20\\\/rubios-absence-at-s-africa-g20-meet-not-a-train-smash-ramaphosa\\\/#primaryimage\"},\"image\":{\"@id\":\"https:\\\/\\\/africadailyreport.com\\\/fr\\\/2025\\\/02\\\/20\\\/rubios-absence-at-s-africa-g20-meet-not-a-train-smash-ramaphosa\\\/#primaryimage\"},\"thumbnailUrl\":\"https:\\\/\\\/i0.wp.com\\\/africadailyreport.com\\\/wp-content\\\/uploads\\\/2025\\\/02\\\/AFP__20250220__36Y88BY__v1__HighRes__SafricaG20Diplomacy-scaled.jpg?fit=%2C&ssl=1\",\"datePublished\":\"2025-02-20T21:57:12+00:00\",\"dateModified\":\"2025-02-20T22:04:32+00:00\",\"breadcrumb\":{\"@id\":\"https:\\\/\\\/africadailyreport.com\\\/fr\\\/2025\\\/02\\\/20\\\/rubios-absence-at-s-africa-g20-meet-not-a-train-smash-ramaphosa\\\/#breadcrumb\"},\"inLanguage\":\"fr-FR\",\"potentialAction\":[{\"@type\":\"ReadAction\",\"target\":[\"https:\\\/\\\/africadailyreport.com\\\/fr\\\/2025\\\/02\\\/20\\\/rubios-absence-at-s-africa-g20-meet-not-a-train-smash-ramaphosa\\\/\"]}]},{\"@type\":\"ImageObject\",\"inLanguage\":\"fr-FR\",\"@id\":\"https:\\\/\\\/africadailyreport.com\\\/fr\\\/2025\\\/02\\\/20\\\/rubios-absence-at-s-africa-g20-meet-not-a-train-smash-ramaphosa\\\/#primaryimage\",\"url\":\"https:\\\/\\\/i0.wp.com\\\/africadailyreport.com\\\/wp-content\\\/uploads\\\/2025\\\/02\\\/AFP__20250220__36Y88BY__v1__HighRes__SafricaG20Diplomacy-scaled.jpg?fit=%2C&ssl=1\",\"contentUrl\":\"https:\\\/\\\/i0.wp.com\\\/africadailyreport.com\\\/wp-content\\\/uploads\\\/2025\\\/02\\\/AFP__20250220__36Y88BY__v1__HighRes__SafricaG20Diplomacy-scaled.jpg?fit=%2C&ssl=1\",\"caption\":\"South African President Cyril Ramaphosa speaks at a press conference during the G20 Foreign Minister Meeting at the Nasrec Expo Centre in Johannesburg on February 20, 2025. Top diplomats from the Group of 20 major economies will convene in South Africa on February 20, 2025 for a meeting dominated by a packed global agenda but overshadowed by a snub by the top US envoy. As a curtain-raiser to the G20 summit in November, the foreign ministers will gather for talks over two days, held for the first time in Africa. (Photo by EMMANUEL CROSET \\\/ AFP)\"},{\"@type\":\"BreadcrumbList\",\"@id\":\"https:\\\/\\\/africadailyreport.com\\\/fr\\\/2025\\\/02\\\/20\\\/rubios-absence-at-s-africa-g20-meet-not-a-train-smash-ramaphosa\\\/#breadcrumb\",\"itemListElement\":[{\"@type\":\"ListItem\",\"position\":1,\"name\":\"Home\",\"item\":\"https:\\\/\\\/africadailyreport.com\\\/fr\\\/\"},{\"@type\":\"ListItem\",\"position\":2,\"name\":\"G20: l&#8217;absence de Rubio n&#8217;est ni une &#8220;catastrophe&#8221; ni un &#8220;boycott&#8221;, assure Ramaphosa\"}]},{\"@type\":\"WebSite\",\"@id\":\"https:\\\/\\\/africadailyreport.com\\\/fr\\\/#website\",\"url\":\"https:\\\/\\\/africadailyreport.com\\\/fr\\\/\",\"name\":\"Africa Daily Report\",\"description\":\"\",\"publisher\":{\"@id\":\"https:\\\/\\\/africadailyreport.com\\\/fr\\\/#organization\"},\"potentialAction\":[{\"@type\":\"SearchAction\",\"target\":{\"@type\":\"EntryPoint\",\"urlTemplate\":\"https:\\\/\\\/africadailyreport.com\\\/fr\\\/?s={search_term_string}\"},\"query-input\":{\"@type\":\"PropertyValueSpecification\",\"valueRequired\":true,\"valueName\":\"search_term_string\"}}],\"inLanguage\":\"fr-FR\"},{\"@type\":\"Organization\",\"@id\":\"https:\\\/\\\/africadailyreport.com\\\/fr\\\/#organization\",\"name\":\"Africa Daily Report\",\"url\":\"https:\\\/\\\/africadailyreport.com\\\/fr\\\/\",\"logo\":{\"@type\":\"ImageObject\",\"inLanguage\":\"fr-FR\",\"@id\":\"https:\\\/\\\/africadailyreport.com\\\/fr\\\/#\\\/schema\\\/logo\\\/image\\\/\",\"url\":\"https:\\\/\\\/africadailyreport.com\\\/wp-content\\\/uploads\\\/2024\\\/09\\\/ADR-Transparent-Green-Logo-1.png\",\"contentUrl\":\"https:\\\/\\\/africadailyreport.com\\\/wp-content\\\/uploads\\\/2024\\\/09\\\/ADR-Transparent-Green-Logo-1.png\",\"width\":267,\"height\":185,\"caption\":\"Africa Daily Report\"},\"image\":{\"@id\":\"https:\\\/\\\/africadailyreport.com\\\/fr\\\/#\\\/schema\\\/logo\\\/image\\\/\"},\"sameAs\":[\"https:\\\/\\\/www.facebook.com\\\/africadailyreport\",\"https:\\\/\\\/x.com\\\/adr_africa\",\"https:\\\/\\\/www.youtube.com\\\/@africadailyreport\",\"https:\\\/\\\/instagram.com\\\/africadailyreport\"]},{\"@type\":\"Person\",\"@id\":\"https:\\\/\\\/africadailyreport.com\\\/fr\\\/#\\\/schema\\\/person\\\/c44d86d79f5570b3ba4cf70c989843f8\",\"name\":\"ADR\\\/AFP\",\"image\":{\"@type\":\"ImageObject\",\"inLanguage\":\"fr-FR\",\"@id\":\"https:\\\/\\\/secure.gravatar.com\\\/avatar\\\/2fbdc3782aa386b408fd9a36f0bc78ee569c94a7a05670cab3a1d72916408214?s=96&d=mm&r=g\",\"url\":\"https:\\\/\\\/secure.gravatar.com\\\/avatar\\\/2fbdc3782aa386b408fd9a36f0bc78ee569c94a7a05670cab3a1d72916408214?s=96&d=mm&r=g\",\"contentUrl\":\"https:\\\/\\\/secure.gravatar.com\\\/avatar\\\/2fbdc3782aa386b408fd9a36f0bc78ee569c94a7a05670cab3a1d72916408214?s=96&d=mm&r=g\",\"caption\":\"ADR\\\/AFP\"},\"sameAs\":[\"http:\\\/\\\/africadailyreport.com\"],\"url\":\"https:\\\/\\\/africadailyreport.com\\\/fr\\\/author\\\/both\\\/\"}]}<\/script>\n<!-- \/ Yoast SEO Premium plugin. -->","yoast_head_json":{"title":"G20: l'absence de Rubio n'est ni une \"catastrophe\" ni un \"boycott\", assure Ramaphosa - Africa Daily Report","robots":{"index":"index","follow":"follow","max-snippet":"max-snippet:-1","max-image-preview":"max-image-preview:large","max-video-preview":"max-video-preview:-1"},"canonical":"https:\/\/africadailyreport.com\/fr\/2025\/02\/20\/rubios-absence-at-s-africa-g20-meet-not-a-train-smash-ramaphosa\/","og_locale":"fr_FR","og_type":"article","og_title":"G20: l'absence de Rubio n'est ni une \"catastrophe\" ni un \"boycott\", assure Ramaphosa","og_description":"Johannesburg, Afrique du Sud &#8211; L&rsquo;absence du chef de la diplomatie am\u00e9ricaine Marco Rubio \u00e0 une r\u00e9union des ministres des Affaires \u00e9trang\u00e8res du G20 jeudi \u00e0 Johannesburg ne repr\u00e9sente ni une \u00ab\u00a0catastrophe\u00a0\u00bb ni un \u00ab\u00a0boycott\u00a0\u00bb, a estim\u00e9 le pr\u00e9sident sud-africain Cyril Ramaphosa. L&rsquo;absence du chef de la diplomatie am\u00e9ricaine Marco Rubio \u00e0 une r\u00e9union des [&hellip;]","og_url":"https:\/\/africadailyreport.com\/fr\/2025\/02\/20\/rubios-absence-at-s-africa-g20-meet-not-a-train-smash-ramaphosa\/","og_site_name":"Africa Daily Report","article_publisher":"https:\/\/www.facebook.com\/africadailyreport","article_published_time":"2025-02-20T21:57:12+00:00","article_modified_time":"2025-02-20T22:04:32+00:00","og_image":[{"url":"https:\/\/africadailyreport.com\/wp-content\/uploads\/2025\/02\/AFP__20250220__36Y88BY__v1__HighRes__SafricaG20Diplomacy-scaled.jpg","width":1,"height":1,"type":"image\/jpeg"}],"author":"ADR\/AFP","twitter_card":"summary_large_image","twitter_creator":"@adr_africa","twitter_site":"@adr_africa","twitter_misc":{"\u00c9crit par":"ADR\/AFP","Dur\u00e9e de lecture estim\u00e9e":"2 minutes"},"schema":{"@context":"https:\/\/schema.org","@graph":[{"@type":"Article","@id":"https:\/\/africadailyreport.com\/fr\/2025\/02\/20\/rubios-absence-at-s-africa-g20-meet-not-a-train-smash-ramaphosa\/#article","isPartOf":{"@id":"https:\/\/africadailyreport.com\/fr\/2025\/02\/20\/rubios-absence-at-s-africa-g20-meet-not-a-train-smash-ramaphosa\/"},"author":{"name":"ADR\/AFP","@id":"https:\/\/africadailyreport.com\/fr\/#\/schema\/person\/c44d86d79f5570b3ba4cf70c989843f8"},"headline":"G20: l&rsquo;absence de Rubio n&rsquo;est ni une \u00ab\u00a0catastrophe\u00a0\u00bb ni un \u00ab\u00a0boycott\u00a0\u00bb, assure Ramaphosa","datePublished":"2025-02-20T21:57:12+00:00","dateModified":"2025-02-20T22:04:32+00:00","mainEntityOfPage":{"@id":"https:\/\/africadailyreport.com\/fr\/2025\/02\/20\/rubios-absence-at-s-africa-g20-meet-not-a-train-smash-ramaphosa\/"},"wordCount":376,"commentCount":0,"publisher":{"@id":"https:\/\/africadailyreport.com\/fr\/#organization"},"image":{"@id":"https:\/\/africadailyreport.com\/fr\/2025\/02\/20\/rubios-absence-at-s-africa-g20-meet-not-a-train-smash-ramaphosa\/#primaryimage"},"thumbnailUrl":"https:\/\/i0.wp.com\/africadailyreport.com\/wp-content\/uploads\/2025\/02\/AFP__20250220__36Y88BY__v1__HighRes__SafricaG20Diplomacy-scaled.jpg?fit=%2C&ssl=1","keywords":["afsud","diplomacy","diplomatie","\u00e9conomie","Politics","politique","safrica","South Africa","usa"],"articleSection":["LEAD"],"inLanguage":"fr-FR","potentialAction":[{"@type":"CommentAction","name":"Comment","target":["https:\/\/africadailyreport.com\/fr\/2025\/02\/20\/rubios-absence-at-s-africa-g20-meet-not-a-train-smash-ramaphosa\/#respond"]}],"copyrightYear":"2025","copyrightHolder":{"@id":"https:\/\/africadailyreport.com\/#organization"}},{"@type":"WebPage","@id":"https:\/\/africadailyreport.com\/fr\/2025\/02\/20\/rubios-absence-at-s-africa-g20-meet-not-a-train-smash-ramaphosa\/","url":"https:\/\/africadailyreport.com\/fr\/2025\/02\/20\/rubios-absence-at-s-africa-g20-meet-not-a-train-smash-ramaphosa\/","name":"G20: l'absence de Rubio n'est ni une \"catastrophe\" ni un \"boycott\", assure Ramaphosa - Africa Daily Report","isPartOf":{"@id":"https:\/\/africadailyreport.com\/fr\/#website"},"primaryImageOfPage":{"@id":"https:\/\/africadailyreport.com\/fr\/2025\/02\/20\/rubios-absence-at-s-africa-g20-meet-not-a-train-smash-ramaphosa\/#primaryimage"},"image":{"@id":"https:\/\/africadailyreport.com\/fr\/2025\/02\/20\/rubios-absence-at-s-africa-g20-meet-not-a-train-smash-ramaphosa\/#primaryimage"},"thumbnailUrl":"https:\/\/i0.wp.com\/africadailyreport.com\/wp-content\/uploads\/2025\/02\/AFP__20250220__36Y88BY__v1__HighRes__SafricaG20Diplomacy-scaled.jpg?fit=%2C&ssl=1","datePublished":"2025-02-20T21:57:12+00:00","dateModified":"2025-02-20T22:04:32+00:00","breadcrumb":{"@id":"https:\/\/africadailyreport.com\/fr\/2025\/02\/20\/rubios-absence-at-s-africa-g20-meet-not-a-train-smash-ramaphosa\/#breadcrumb"},"inLanguage":"fr-FR","potentialAction":[{"@type":"ReadAction","target":["https:\/\/africadailyreport.com\/fr\/2025\/02\/20\/rubios-absence-at-s-africa-g20-meet-not-a-train-smash-ramaphosa\/"]}]},{"@type":"ImageObject","inLanguage":"fr-FR","@id":"https:\/\/africadailyreport.com\/fr\/2025\/02\/20\/rubios-absence-at-s-africa-g20-meet-not-a-train-smash-ramaphosa\/#primaryimage","url":"https:\/\/i0.wp.com\/africadailyreport.com\/wp-content\/uploads\/2025\/02\/AFP__20250220__36Y88BY__v1__HighRes__SafricaG20Diplomacy-scaled.jpg?fit=%2C&ssl=1","contentUrl":"https:\/\/i0.wp.com\/africadailyreport.com\/wp-content\/uploads\/2025\/02\/AFP__20250220__36Y88BY__v1__HighRes__SafricaG20Diplomacy-scaled.jpg?fit=%2C&ssl=1","caption":"South African President Cyril Ramaphosa speaks at a press conference during the G20 Foreign Minister Meeting at the Nasrec Expo Centre in Johannesburg on February 20, 2025. Top diplomats from the Group of 20 major economies will convene in South Africa on February 20, 2025 for a meeting dominated by a packed global agenda but overshadowed by a snub by the top US envoy. As a curtain-raiser to the G20 summit in November, the foreign ministers will gather for talks over two days, held for the first time in Africa. (Photo by EMMANUEL CROSET \/ AFP)"},{"@type":"BreadcrumbList","@id":"https:\/\/africadailyreport.com\/fr\/2025\/02\/20\/rubios-absence-at-s-africa-g20-meet-not-a-train-smash-ramaphosa\/#breadcrumb","itemListElement":[{"@type":"ListItem","position":1,"name":"Home","item":"https:\/\/africadailyreport.com\/fr\/"},{"@type":"ListItem","position":2,"name":"G20: l&#8217;absence de Rubio n&#8217;est ni une &#8220;catastrophe&#8221; ni un &#8220;boycott&#8221;, assure Ramaphosa"}]},{"@type":"WebSite","@id":"https:\/\/africadailyreport.com\/fr\/#website","url":"https:\/\/africadailyreport.com\/fr\/","name":"Africa Daily Report","description":"","publisher":{"@id":"https:\/\/africadailyreport.com\/fr\/#organization"},"potentialAction":[{"@type":"SearchAction","target":{"@type":"EntryPoint","urlTemplate":"https:\/\/africadailyreport.com\/fr\/?s={search_term_string}"},"query-input":{"@type":"PropertyValueSpecification","valueRequired":true,"valueName":"search_term_string"}}],"inLanguage":"fr-FR"},{"@type":"Organization","@id":"https:\/\/africadailyreport.com\/fr\/#organization","name":"Africa Daily Report","url":"https:\/\/africadailyreport.com\/fr\/","logo":{"@type":"ImageObject","inLanguage":"fr-FR","@id":"https:\/\/africadailyreport.com\/fr\/#\/schema\/logo\/image\/","url":"https:\/\/africadailyreport.com\/wp-content\/uploads\/2024\/09\/ADR-Transparent-Green-Logo-1.png","contentUrl":"https:\/\/africadailyreport.com\/wp-content\/uploads\/2024\/09\/ADR-Transparent-Green-Logo-1.png","width":267,"height":185,"caption":"Africa Daily Report"},"image":{"@id":"https:\/\/africadailyreport.com\/fr\/#\/schema\/logo\/image\/"},"sameAs":["https:\/\/www.facebook.com\/africadailyreport","https:\/\/x.com\/adr_africa","https:\/\/www.youtube.com\/@africadailyreport","https:\/\/instagram.com\/africadailyreport"]},{"@type":"Person","@id":"https:\/\/africadailyreport.com\/fr\/#\/schema\/person\/c44d86d79f5570b3ba4cf70c989843f8","name":"ADR\/AFP","image":{"@type":"ImageObject","inLanguage":"fr-FR","@id":"https:\/\/secure.gravatar.com\/avatar\/2fbdc3782aa386b408fd9a36f0bc78ee569c94a7a05670cab3a1d72916408214?s=96&d=mm&r=g","url":"https:\/\/secure.gravatar.com\/avatar\/2fbdc3782aa386b408fd9a36f0bc78ee569c94a7a05670cab3a1d72916408214?s=96&d=mm&r=g","contentUrl":"https:\/\/secure.gravatar.com\/avatar\/2fbdc3782aa386b408fd9a36f0bc78ee569c94a7a05670cab3a1d72916408214?s=96&d=mm&r=g","caption":"ADR\/AFP"},"sameAs":["http:\/\/africadailyreport.com"],"url":"https:\/\/africadailyreport.com\/fr\/author\/both\/"}]}},"jetpack_featured_media_url":"https:\/\/i0.wp.com\/africadailyreport.com\/wp-content\/uploads\/2025\/02\/AFP__20250220__36Y88BY__v1__HighRes__SafricaG20Diplomacy-scaled.jpg?fit=%2C&ssl=1","jetpack_sharing_enabled":true,"amp_enabled":true,"_links":{"self":[{"href":"https:\/\/africadailyreport.com\/fr\/wp-json\/wp\/v2\/posts\/17130","targetHints":{"allow":["GET"]}}],"collection":[{"href":"https:\/\/africadailyreport.com\/fr\/wp-json\/wp\/v2\/posts"}],"about":[{"href":"https:\/\/africadailyreport.com\/fr\/wp-json\/wp\/v2\/types\/post"}],"author":[{"embeddable":true,"href":"https:\/\/africadailyreport.com\/fr\/wp-json\/wp\/v2\/users\/10"}],"replies":[{"embeddable":true,"href":"https:\/\/africadailyreport.com\/fr\/wp-json\/wp\/v2\/comments?post=17130"}],"version-history":[{"count":4,"href":"https:\/\/africadailyreport.com\/fr\/wp-json\/wp\/v2\/posts\/17130\/revisions"}],"predecessor-version":[{"id":17136,"href":"https:\/\/africadailyreport.com\/fr\/wp-json\/wp\/v2\/posts\/17130\/revisions\/17136"}],"wp:featuredmedia":[{"embeddable":true,"href":"https:\/\/africadailyreport.com\/fr\/wp-json\/wp\/v2\/media\/17127"}],"wp:attachment":[{"href":"https:\/\/africadailyreport.com\/fr\/wp-json\/wp\/v2\/media?parent=17130"}],"wp:term":[{"taxonomy":"category","embeddable":true,"href":"https:\/\/africadailyreport.com\/fr\/wp-json\/wp\/v2\/categories?post=17130"},{"taxonomy":"post_tag","embeddable":true,"href":"https:\/\/africadailyreport.com\/fr\/wp-json\/wp\/v2\/tags?post=17130"},{"taxonomy":"adr_country","embeddable":true,"href":"https:\/\/africadailyreport.com\/fr\/wp-json\/wp\/v2\/adr_country?post=17130"}],"curies":[{"name":"wp","href":"https:\/\/api.w.org\/{rel}","templated":true}]}}