{"id":17074,"date":"2025-02-14T19:58:46","date_gmt":"2025-02-14T19:58:46","guid":{"rendered":"https:\/\/africadailyreport.com\/2025\/02\/14\/rdc-le-m23-entre-dans-bukavu-tshisekedi-renonce-au-sommet-de-lua\/"},"modified":"2025-02-14T20:20:52","modified_gmt":"2025-02-14T20:20:52","slug":"rdc-le-m23-entre-dans-bukavu-tshisekedi-renonce-au-sommet-de-lua","status":"publish","type":"post","link":"https:\/\/africadailyreport.com\/fr\/2025\/02\/14\/rdc-le-m23-entre-dans-bukavu-tshisekedi-renonce-au-sommet-de-lua\/","title":{"rendered":"RDC: le M23 entre dans Bukavu, Tshisekedi renonce au sommet de l&rsquo;UA"},"content":{"rendered":"\n<h2 class=\"wp-block-heading\" id=\"h-bukavu-rd-congo-des-combattants-du-m23-allies-a-des-troupes-rwandaises-sont-entres-vendredi-dans-bukavu-apres-avoir-pris-le-controle-de-l-aeroport-de-cette-grande-ville-de-l-est-de-la-rdc-le-president-congolais-renoncant-a-participer-au-sommet-de-l-union-africaine-ce-weekend-en-ethiopie\"><strong><em>Bukavu,\u00a0RD Congo &#8211; <\/em><\/strong>Des combattants du M23 alli\u00e9s \u00e0 des troupes rwandaises sont entr\u00e9s vendredi dans Bukavu, apr\u00e8s avoir pris le contr\u00f4le de l&rsquo;a\u00e9roport de cette grande ville de l&rsquo;Est de la RDC, le pr\u00e9sident congolais renon\u00e7ant \u00e0 participer au sommet de l&rsquo;Union africaine ce weekend en Ethiopie.<\/h2>\n\n\n\n\n\n<p>Apr\u00e8s s&rsquo;\u00eatre empar\u00e9s fin janvier, au terme d&rsquo;une offensive \u00e9clair, de Goma, capitale de la province du Nord-Kivu, les combattants du groupe arm\u00e9 antigouvernemental M23 (\u00ab\u00a0Mouvement du 23 mars\u00a0\u00bb) et les soldats rwandais ont poursuivi leur avanc\u00e9e dans la province voisine du Sud-Kivu.<\/p>\n\n\n\n<p>Selon des sources s\u00e9curitaire et humanitaire, le M23 est entr\u00e9 presque sans r\u00e9sistance dans les quartiers p\u00e9riph\u00e9riques du nord-ouest de Bukavu, chef-lieu du Sud-Kivu. Quelques heures plus t\u00f4t, le groupe arm\u00e9 avait pris le contr\u00f4le de l&rsquo;a\u00e9roport provincial, site strat\u00e9gique o\u00f9 \u00e9taient positionn\u00e9es les forces arm\u00e9es congolaises (FARDC) et situ\u00e9 \u00e0 une trentaine de kilom\u00e8tres de la ville.<\/p>\n\n\n\n<p>Les militaires congolais et leurs familles avaient re\u00e7u consigne dans la matin\u00e9e de quitter les camps militaires situ\u00e9s en ville, selon des sources s\u00e9curitaires. Des motos charg\u00e9es de matelas et d&rsquo;affaires personnelles ont d\u00e9barqu\u00e9 en d\u00e9but de journ\u00e9e dans les rues de Bukavu, a constat\u00e9 un journaliste de l&rsquo;AFP. Les magasins de la ville ont gard\u00e9 le rideau baiss\u00e9.<\/p>\n\n\n\n<p>Les repr\u00e9sentants de la soci\u00e9t\u00e9 civile, dans une lettre adress\u00e9e ces derniers jours aux autorit\u00e9s locales, avaient appel\u00e9 l&rsquo;arm\u00e9e \u00e0 ne pas \u00ab\u00a0engager les affrontements dans la ville\u00a0\u00bb pour \u00e9viter une \u00ab\u00a0boucherie humaine\u00a0\u00bb.<\/p>\n\n\n\n<p>Selon une source s\u00e9curitaire,&nbsp;FARDC et troupes burundaises d\u00e9ploy\u00e9es dans la r\u00e9gion en soutien \u00e0 Kinshasa&nbsp;se sont majoritairement repli\u00e9s vers le sud-est de Bukavu en direction de la fronti\u00e8re avec le Burundi.&nbsp;Cette fronti\u00e8re a \u00e9t\u00e9 bri\u00e8vement ferm\u00e9e jeudi apr\u00e8s-midi aux Congolais fuyant Goma et Bukavu, selon plusieurs sources locales.<\/p>\n\n\n\n<p>La chute imminente de Bukavu, d\u00e9j\u00e0 tomb\u00e9e en 2004 aux mains de soldats dissidents de l&rsquo;arm\u00e9e congolaise, donnerait au M23 et aux troupes rwandaises le contr\u00f4le total du Lac Kivu, qui s&rsquo;\u00e9tire le long de la fronti\u00e8re rwandaise.<\/p>\n\n\n\n<p>Le pr\u00e9sident congolais Felix Tshishekedi, en d\u00e9placement en Allemagne jeudi et vendredi, et qui avait initialement pr\u00e9vu de participer au&nbsp;sommet des chefs d&rsquo;Etats de l&rsquo;Union africaine (UA) samedi et dimanche dans la capitale \u00e9thiopienne Addis Abeba, a finalement renonc\u00e9.<\/p>\n\n\n\n<p>\u00ab\u00a0Il doit suivre la situation de terrain en RDC de pr\u00e8s\u00a0\u00bb, a expliqu\u00e9 vendredi \u00e0 l&rsquo;AFP une source gouvernementale pr\u00e9cisant que le chef d&rsquo;Etat, qui a d\u00e9nonc\u00e9 \u00e0 Munich les \u00ab\u00a0ambitions expansionnistes\u00a0\u00bb du Rwanda voisin et r\u00e9it\u00e9r\u00e9 son appel \u00e0 des sanctions de la communaut\u00e9 internationale, sera de retour \u00e0 Kinshasa dans la soir\u00e9e.<\/p>\n\n\n\n<h2 class=\"wp-block-heading\">&#8211; Risque de guerre r\u00e9gionale &#8211;<\/h2>\n\n\n\n<p>Le pr\u00e9sident de la Commission de l&rsquo;UA, Moussa Faki Mahamat, a appel\u00e9 vendredi \u00e0 observer \u00ab\u00a0obligatoirement\u00a0\u00bb un cessez-le-feu.<\/p>\n\n\n\n<p>La semaine derni\u00e8re, les dirigeants d&rsquo;Afrique australe et de l&rsquo;Est r\u00e9unis en sommet en Tanzanie avaient appel\u00e9 \u00e0 un cessez-le-feu \u00ab\u00a0inconditionnel\u00a0\u00bb et demand\u00e9 \u00e0 leurs \u00e9tats-majors d&rsquo;en proposer cette semaine un plan d&rsquo;application.<\/p>\n\n\n\n<p>Depuis la r\u00e9cente intensification du conflit dans l&rsquo;Est congolais, les appels de la communaut\u00e9 internationale \u00e0 une d\u00e9sescalade se sont en vain multipli\u00e9s, sur fond de crainte d&rsquo;une guerre r\u00e9gionale.<\/p>\n\n\n\n<p>L&rsquo;Ouganda et le Burundi voisins, mais aussi l&rsquo;Afrique du Sud, ont des troupes d\u00e9ploy\u00e9es dans l&rsquo;est de RDC, en appui de l&rsquo;arm\u00e9e congolaise.<\/p>\n\n\n\n<p>Les derni\u00e8res violences ont d\u00e9j\u00e0 fait pr\u00e8s de 3.000 morts selon l&rsquo;ONU.<\/p>\n\n\n\n<p>A Goma, la situation humanitaire est alarmante.&nbsp;L&rsquo;acc\u00e8s \u00e0 l&rsquo;eau est toujours partiellement coup\u00e9, certains habitants allant puiser dans le Lac Kivu o\u00f9 des corps ont \u00e9t\u00e9 rep\u00each\u00e9s apr\u00e8s les combats dans la ville.<\/p>\n\n\n\n<p>Le bureau des Affaires humanitaires de l&rsquo;ONU (Ocha) a alert\u00e9 cette semaine contre un risque de propagation du chol\u00e9ra.<\/p>\n\n\n\n<p>Les centaines de milliers de d\u00e9plac\u00e9s, qui ont fui leur village au fur et \u00e0 mesure de l&rsquo;avanc\u00e9e des combats vers Goma et qui vivaient entass\u00e9s dans des camps insalubres dans la p\u00e9riph\u00e9rie de la ville, ont \u00e9t\u00e9 somm\u00e9s par le M23 de partir.<\/p>\n\n\n\n<p>\u00ab\u00a0La crise s&rsquo;aggrave \u00e0 mesure que les personnes fuient vers des zones o\u00f9 l&rsquo;aide humanitaire ne peut pas les atteindre en raison de l&rsquo;ins\u00e9curit\u00e9\u00a0\u00bb, a alert\u00e9 vendredi une porte-parole de l&rsquo;agence de l&rsquo;ONU pour les r\u00e9fugi\u00e9s (HCR), Eujin Byun.<\/p>\n\n\n\n<p>Des dizaines de patients atteints par le virus du Mpox et \u00e0 l&rsquo;isolement \u00e0 l&rsquo;h\u00f4pital de Goma ont \u00e9galement fui les combats, a mis en garde l&rsquo;OMS.<\/p>\n\n\n\n<p>\u00a9 Agence France-Presse<\/p>\n","protected":false},"excerpt":{"rendered":"<p>Bukavu,\u00a0RD Congo &#8211; Des combattants du M23 alli\u00e9s \u00e0 des troupes rwandaises sont entr\u00e9s vendredi dans Bukavu, apr\u00e8s avoir pris le contr\u00f4le de l&rsquo;a\u00e9roport de cette grande ville de l&rsquo;Est de la RDC, le pr\u00e9sident congolais renon\u00e7ant \u00e0 participer au sommet de l&rsquo;Union africaine ce weekend en Ethiopie. Apr\u00e8s s&rsquo;\u00eatre empar\u00e9s fin janvier, au terme [&hellip;]<\/p>\n","protected":false},"author":10,"featured_media":17072,"comment_status":"open","ping_status":"open","sticky":false,"template":"","format":"standard","meta":{"_acf_changed":false,"om_disable_all_campaigns":false,"_monsterinsights_skip_tracking":false,"_monsterinsights_sitenote_active":false,"_monsterinsights_sitenote_note":"","_monsterinsights_sitenote_category":0,"tdm_status":"","tdm_grid_status":"","_jetpack_newsletter_access":"","_jetpack_dont_email_post_to_subs":false,"_jetpack_newsletter_tier_id":0,"_jetpack_memberships_contains_paywalled_content":false,"_jetpack_memberships_contains_paid_content":false,"footnotes":""},"categories":[2716,802],"tags":[2440,808,856,784,861,313,863],"adr_country":[1089,1667,1083],"class_list":{"0":"post-17074","1":"post","2":"type-post","3":"status-publish","4":"format-standard","5":"has-post-thumbnail","7":"category-actualites-fr-2","8":"category-depeche-fr","9":"tag-bukavu-fr","10":"tag-conflit-fr","11":"tag-congo-fr","12":"tag-diplomatie-fr","13":"tag-m23-fr","14":"tag-rdc-fr","15":"tag-rwanda-fr","16":"adr_country-d-r-congo","17":"adr_country-rd-congo-fr","18":"adr_country-rwanda"},"acf":{"post_version":""},"yoast_head":"<!-- This site is optimized with the Yoast SEO Premium plugin v26.0 (Yoast SEO v27.4) - https:\/\/yoast.com\/product\/yoast-seo-premium-wordpress\/ -->\n<title>RDC: le M23 entre dans Bukavu, Tshisekedi renonce au sommet de l&#039;UA - Africa Daily Report<\/title>\n<meta name=\"robots\" content=\"index, follow, max-snippet:-1, max-image-preview:large, max-video-preview:-1\" \/>\n<link rel=\"canonical\" href=\"https:\/\/africadailyreport.com\/fr\/2025\/02\/14\/rdc-le-m23-entre-dans-bukavu-tshisekedi-renonce-au-sommet-de-lua\/\" \/>\n<meta property=\"og:locale\" content=\"fr_FR\" \/>\n<meta property=\"og:type\" content=\"article\" \/>\n<meta property=\"og:title\" content=\"RDC: le M23 entre dans Bukavu, Tshisekedi renonce au sommet de l&#039;UA\" \/>\n<meta property=\"og:description\" content=\"Bukavu,\u00a0RD Congo &#8211; Des combattants du M23 alli\u00e9s \u00e0 des troupes rwandaises sont entr\u00e9s vendredi dans Bukavu, apr\u00e8s avoir pris le contr\u00f4le de l&rsquo;a\u00e9roport de cette grande ville de l&rsquo;Est de la RDC, le pr\u00e9sident congolais renon\u00e7ant \u00e0 participer au sommet de l&rsquo;Union africaine ce weekend en Ethiopie. Apr\u00e8s s&rsquo;\u00eatre empar\u00e9s fin janvier, au terme [&hellip;]\" \/>\n<meta property=\"og:url\" content=\"https:\/\/africadailyreport.com\/fr\/2025\/02\/14\/rdc-le-m23-entre-dans-bukavu-tshisekedi-renonce-au-sommet-de-lua\/\" \/>\n<meta property=\"og:site_name\" content=\"Africa Daily Report\" \/>\n<meta property=\"article:publisher\" content=\"https:\/\/www.facebook.com\/africadailyreport\" \/>\n<meta property=\"article:published_time\" content=\"2025-02-14T19:58:46+00:00\" \/>\n<meta property=\"article:modified_time\" content=\"2025-02-14T20:20:52+00:00\" \/>\n<meta property=\"og:image\" content=\"https:\/\/africadailyreport.com\/wp-content\/uploads\/2025\/02\/AFP__20250214__36XU2H4__v2__HighRes__DrcongoUnrest-scaled.jpg\" \/>\n\t<meta property=\"og:image:width\" content=\"1\" \/>\n\t<meta property=\"og:image:height\" content=\"1\" \/>\n\t<meta property=\"og:image:type\" content=\"image\/jpeg\" \/>\n<meta name=\"author\" content=\"ADR\/AFP\" \/>\n<meta name=\"twitter:card\" content=\"summary_large_image\" \/>\n<meta name=\"twitter:creator\" content=\"@adr_africa\" \/>\n<meta name=\"twitter:site\" content=\"@adr_africa\" \/>\n<meta name=\"twitter:label1\" content=\"\u00c9crit par\" \/>\n\t<meta name=\"twitter:data1\" content=\"ADR\/AFP\" \/>\n\t<meta name=\"twitter:label2\" content=\"Dur\u00e9e de lecture estim\u00e9e\" \/>\n\t<meta name=\"twitter:data2\" content=\"4 minutes\" \/>\n<script type=\"application\/ld+json\" class=\"yoast-schema-graph\">{\"@context\":\"https:\\\/\\\/schema.org\",\"@graph\":[{\"@type\":\"Article\",\"@id\":\"https:\\\/\\\/africadailyreport.com\\\/fr\\\/2025\\\/02\\\/14\\\/rdc-le-m23-entre-dans-bukavu-tshisekedi-renonce-au-sommet-de-lua\\\/#article\",\"isPartOf\":{\"@id\":\"https:\\\/\\\/africadailyreport.com\\\/fr\\\/2025\\\/02\\\/14\\\/rdc-le-m23-entre-dans-bukavu-tshisekedi-renonce-au-sommet-de-lua\\\/\"},\"author\":{\"name\":\"ADR\\\/AFP\",\"@id\":\"https:\\\/\\\/africadailyreport.com\\\/fr\\\/#\\\/schema\\\/person\\\/c44d86d79f5570b3ba4cf70c989843f8\"},\"headline\":\"RDC: le M23 entre dans Bukavu, Tshisekedi renonce au sommet de l&rsquo;UA\",\"datePublished\":\"2025-02-14T19:58:46+00:00\",\"dateModified\":\"2025-02-14T20:20:52+00:00\",\"mainEntityOfPage\":{\"@id\":\"https:\\\/\\\/africadailyreport.com\\\/fr\\\/2025\\\/02\\\/14\\\/rdc-le-m23-entre-dans-bukavu-tshisekedi-renonce-au-sommet-de-lua\\\/\"},\"wordCount\":836,\"commentCount\":0,\"publisher\":{\"@id\":\"https:\\\/\\\/africadailyreport.com\\\/fr\\\/#organization\"},\"image\":{\"@id\":\"https:\\\/\\\/africadailyreport.com\\\/fr\\\/2025\\\/02\\\/14\\\/rdc-le-m23-entre-dans-bukavu-tshisekedi-renonce-au-sommet-de-lua\\\/#primaryimage\"},\"thumbnailUrl\":\"https:\\\/\\\/i0.wp.com\\\/africadailyreport.com\\\/wp-content\\\/uploads\\\/2025\\\/02\\\/AFP__20250214__36XU2H4__v2__HighRes__DrcongoUnrest-scaled.jpg?fit=%2C&ssl=1\",\"keywords\":[\"bukavu\",\"conflit\",\"congo\",\"diplomatie\",\"m23\",\"rdc\",\"Rwanda\"],\"articleSection\":[\"Actualit\u00e9s\",\"D\u00e9p\u00eache\"],\"inLanguage\":\"fr-FR\",\"potentialAction\":[{\"@type\":\"CommentAction\",\"name\":\"Comment\",\"target\":[\"https:\\\/\\\/africadailyreport.com\\\/fr\\\/2025\\\/02\\\/14\\\/rdc-le-m23-entre-dans-bukavu-tshisekedi-renonce-au-sommet-de-lua\\\/#respond\"]}],\"copyrightYear\":\"2025\",\"copyrightHolder\":{\"@id\":\"https:\\\/\\\/africadailyreport.com\\\/#organization\"}},{\"@type\":\"WebPage\",\"@id\":\"https:\\\/\\\/africadailyreport.com\\\/fr\\\/2025\\\/02\\\/14\\\/rdc-le-m23-entre-dans-bukavu-tshisekedi-renonce-au-sommet-de-lua\\\/\",\"url\":\"https:\\\/\\\/africadailyreport.com\\\/fr\\\/2025\\\/02\\\/14\\\/rdc-le-m23-entre-dans-bukavu-tshisekedi-renonce-au-sommet-de-lua\\\/\",\"name\":\"RDC: le M23 entre dans Bukavu, Tshisekedi renonce au sommet de l'UA - Africa Daily Report\",\"isPartOf\":{\"@id\":\"https:\\\/\\\/africadailyreport.com\\\/fr\\\/#website\"},\"primaryImageOfPage\":{\"@id\":\"https:\\\/\\\/africadailyreport.com\\\/fr\\\/2025\\\/02\\\/14\\\/rdc-le-m23-entre-dans-bukavu-tshisekedi-renonce-au-sommet-de-lua\\\/#primaryimage\"},\"image\":{\"@id\":\"https:\\\/\\\/africadailyreport.com\\\/fr\\\/2025\\\/02\\\/14\\\/rdc-le-m23-entre-dans-bukavu-tshisekedi-renonce-au-sommet-de-lua\\\/#primaryimage\"},\"thumbnailUrl\":\"https:\\\/\\\/i0.wp.com\\\/africadailyreport.com\\\/wp-content\\\/uploads\\\/2025\\\/02\\\/AFP__20250214__36XU2H4__v2__HighRes__DrcongoUnrest-scaled.jpg?fit=%2C&ssl=1\",\"datePublished\":\"2025-02-14T19:58:46+00:00\",\"dateModified\":\"2025-02-14T20:20:52+00:00\",\"breadcrumb\":{\"@id\":\"https:\\\/\\\/africadailyreport.com\\\/fr\\\/2025\\\/02\\\/14\\\/rdc-le-m23-entre-dans-bukavu-tshisekedi-renonce-au-sommet-de-lua\\\/#breadcrumb\"},\"inLanguage\":\"fr-FR\",\"potentialAction\":[{\"@type\":\"ReadAction\",\"target\":[\"https:\\\/\\\/africadailyreport.com\\\/fr\\\/2025\\\/02\\\/14\\\/rdc-le-m23-entre-dans-bukavu-tshisekedi-renonce-au-sommet-de-lua\\\/\"]}]},{\"@type\":\"ImageObject\",\"inLanguage\":\"fr-FR\",\"@id\":\"https:\\\/\\\/africadailyreport.com\\\/fr\\\/2025\\\/02\\\/14\\\/rdc-le-m23-entre-dans-bukavu-tshisekedi-renonce-au-sommet-de-lua\\\/#primaryimage\",\"url\":\"https:\\\/\\\/i0.wp.com\\\/africadailyreport.com\\\/wp-content\\\/uploads\\\/2025\\\/02\\\/AFP__20250214__36XU2H4__v2__HighRes__DrcongoUnrest-scaled.jpg?fit=%2C&ssl=1\",\"contentUrl\":\"https:\\\/\\\/i0.wp.com\\\/africadailyreport.com\\\/wp-content\\\/uploads\\\/2025\\\/02\\\/AFP__20250214__36XU2H4__v2__HighRes__DrcongoUnrest-scaled.jpg?fit=%2C&ssl=1\",\"caption\":\"Armed Forces of the Democratic Republic of the Congo (FARDC) soldiers get into a vehicle in Bukavu on February 14, 2025. The intensifying conflict in the eastern Democratic Republic of Congo (DRC) has provoked fears of a regional war. Several of the DRC's nine neighbouring countries, as well as South Africa, already have a military presence on the ground. For the last 30 years, successive conflicts in eastern DRC have turned the heart of the African Great Lakes region into a tinderbox ready to catch fire. (Photo by Amani Alimasi \\\/ AFP)\"},{\"@type\":\"BreadcrumbList\",\"@id\":\"https:\\\/\\\/africadailyreport.com\\\/fr\\\/2025\\\/02\\\/14\\\/rdc-le-m23-entre-dans-bukavu-tshisekedi-renonce-au-sommet-de-lua\\\/#breadcrumb\",\"itemListElement\":[{\"@type\":\"ListItem\",\"position\":1,\"name\":\"Home\",\"item\":\"https:\\\/\\\/africadailyreport.com\\\/fr\\\/\"},{\"@type\":\"ListItem\",\"position\":2,\"name\":\"RDC: le M23 entre dans Bukavu, Tshisekedi renonce au sommet de l&#8217;UA\"}]},{\"@type\":\"WebSite\",\"@id\":\"https:\\\/\\\/africadailyreport.com\\\/fr\\\/#website\",\"url\":\"https:\\\/\\\/africadailyreport.com\\\/fr\\\/\",\"name\":\"Africa Daily Report\",\"description\":\"\",\"publisher\":{\"@id\":\"https:\\\/\\\/africadailyreport.com\\\/fr\\\/#organization\"},\"potentialAction\":[{\"@type\":\"SearchAction\",\"target\":{\"@type\":\"EntryPoint\",\"urlTemplate\":\"https:\\\/\\\/africadailyreport.com\\\/fr\\\/?s={search_term_string}\"},\"query-input\":{\"@type\":\"PropertyValueSpecification\",\"valueRequired\":true,\"valueName\":\"search_term_string\"}}],\"inLanguage\":\"fr-FR\"},{\"@type\":\"Organization\",\"@id\":\"https:\\\/\\\/africadailyreport.com\\\/fr\\\/#organization\",\"name\":\"Africa Daily Report\",\"url\":\"https:\\\/\\\/africadailyreport.com\\\/fr\\\/\",\"logo\":{\"@type\":\"ImageObject\",\"inLanguage\":\"fr-FR\",\"@id\":\"https:\\\/\\\/africadailyreport.com\\\/fr\\\/#\\\/schema\\\/logo\\\/image\\\/\",\"url\":\"https:\\\/\\\/africadailyreport.com\\\/wp-content\\\/uploads\\\/2024\\\/09\\\/ADR-Transparent-Green-Logo-1.png\",\"contentUrl\":\"https:\\\/\\\/africadailyreport.com\\\/wp-content\\\/uploads\\\/2024\\\/09\\\/ADR-Transparent-Green-Logo-1.png\",\"width\":267,\"height\":185,\"caption\":\"Africa Daily Report\"},\"image\":{\"@id\":\"https:\\\/\\\/africadailyreport.com\\\/fr\\\/#\\\/schema\\\/logo\\\/image\\\/\"},\"sameAs\":[\"https:\\\/\\\/www.facebook.com\\\/africadailyreport\",\"https:\\\/\\\/x.com\\\/adr_africa\",\"https:\\\/\\\/www.youtube.com\\\/@africadailyreport\",\"https:\\\/\\\/instagram.com\\\/africadailyreport\"]},{\"@type\":\"Person\",\"@id\":\"https:\\\/\\\/africadailyreport.com\\\/fr\\\/#\\\/schema\\\/person\\\/c44d86d79f5570b3ba4cf70c989843f8\",\"name\":\"ADR\\\/AFP\",\"image\":{\"@type\":\"ImageObject\",\"inLanguage\":\"fr-FR\",\"@id\":\"https:\\\/\\\/secure.gravatar.com\\\/avatar\\\/2fbdc3782aa386b408fd9a36f0bc78ee569c94a7a05670cab3a1d72916408214?s=96&d=mm&r=g\",\"url\":\"https:\\\/\\\/secure.gravatar.com\\\/avatar\\\/2fbdc3782aa386b408fd9a36f0bc78ee569c94a7a05670cab3a1d72916408214?s=96&d=mm&r=g\",\"contentUrl\":\"https:\\\/\\\/secure.gravatar.com\\\/avatar\\\/2fbdc3782aa386b408fd9a36f0bc78ee569c94a7a05670cab3a1d72916408214?s=96&d=mm&r=g\",\"caption\":\"ADR\\\/AFP\"},\"sameAs\":[\"http:\\\/\\\/africadailyreport.com\"],\"url\":\"https:\\\/\\\/africadailyreport.com\\\/fr\\\/author\\\/both\\\/\"}]}<\/script>\n<!-- \/ Yoast SEO Premium plugin. -->","yoast_head_json":{"title":"RDC: le M23 entre dans Bukavu, Tshisekedi renonce au sommet de l'UA - Africa Daily Report","robots":{"index":"index","follow":"follow","max-snippet":"max-snippet:-1","max-image-preview":"max-image-preview:large","max-video-preview":"max-video-preview:-1"},"canonical":"https:\/\/africadailyreport.com\/fr\/2025\/02\/14\/rdc-le-m23-entre-dans-bukavu-tshisekedi-renonce-au-sommet-de-lua\/","og_locale":"fr_FR","og_type":"article","og_title":"RDC: le M23 entre dans Bukavu, Tshisekedi renonce au sommet de l'UA","og_description":"Bukavu,\u00a0RD Congo &#8211; Des combattants du M23 alli\u00e9s \u00e0 des troupes rwandaises sont entr\u00e9s vendredi dans Bukavu, apr\u00e8s avoir pris le contr\u00f4le de l&rsquo;a\u00e9roport de cette grande ville de l&rsquo;Est de la RDC, le pr\u00e9sident congolais renon\u00e7ant \u00e0 participer au sommet de l&rsquo;Union africaine ce weekend en Ethiopie. Apr\u00e8s s&rsquo;\u00eatre empar\u00e9s fin janvier, au terme [&hellip;]","og_url":"https:\/\/africadailyreport.com\/fr\/2025\/02\/14\/rdc-le-m23-entre-dans-bukavu-tshisekedi-renonce-au-sommet-de-lua\/","og_site_name":"Africa Daily Report","article_publisher":"https:\/\/www.facebook.com\/africadailyreport","article_published_time":"2025-02-14T19:58:46+00:00","article_modified_time":"2025-02-14T20:20:52+00:00","og_image":[{"url":"https:\/\/africadailyreport.com\/wp-content\/uploads\/2025\/02\/AFP__20250214__36XU2H4__v2__HighRes__DrcongoUnrest-scaled.jpg","width":1,"height":1,"type":"image\/jpeg"}],"author":"ADR\/AFP","twitter_card":"summary_large_image","twitter_creator":"@adr_africa","twitter_site":"@adr_africa","twitter_misc":{"\u00c9crit par":"ADR\/AFP","Dur\u00e9e de lecture estim\u00e9e":"4 minutes"},"schema":{"@context":"https:\/\/schema.org","@graph":[{"@type":"Article","@id":"https:\/\/africadailyreport.com\/fr\/2025\/02\/14\/rdc-le-m23-entre-dans-bukavu-tshisekedi-renonce-au-sommet-de-lua\/#article","isPartOf":{"@id":"https:\/\/africadailyreport.com\/fr\/2025\/02\/14\/rdc-le-m23-entre-dans-bukavu-tshisekedi-renonce-au-sommet-de-lua\/"},"author":{"name":"ADR\/AFP","@id":"https:\/\/africadailyreport.com\/fr\/#\/schema\/person\/c44d86d79f5570b3ba4cf70c989843f8"},"headline":"RDC: le M23 entre dans Bukavu, Tshisekedi renonce au sommet de l&rsquo;UA","datePublished":"2025-02-14T19:58:46+00:00","dateModified":"2025-02-14T20:20:52+00:00","mainEntityOfPage":{"@id":"https:\/\/africadailyreport.com\/fr\/2025\/02\/14\/rdc-le-m23-entre-dans-bukavu-tshisekedi-renonce-au-sommet-de-lua\/"},"wordCount":836,"commentCount":0,"publisher":{"@id":"https:\/\/africadailyreport.com\/fr\/#organization"},"image":{"@id":"https:\/\/africadailyreport.com\/fr\/2025\/02\/14\/rdc-le-m23-entre-dans-bukavu-tshisekedi-renonce-au-sommet-de-lua\/#primaryimage"},"thumbnailUrl":"https:\/\/i0.wp.com\/africadailyreport.com\/wp-content\/uploads\/2025\/02\/AFP__20250214__36XU2H4__v2__HighRes__DrcongoUnrest-scaled.jpg?fit=%2C&ssl=1","keywords":["bukavu","conflit","congo","diplomatie","m23","rdc","Rwanda"],"articleSection":["Actualit\u00e9s","D\u00e9p\u00eache"],"inLanguage":"fr-FR","potentialAction":[{"@type":"CommentAction","name":"Comment","target":["https:\/\/africadailyreport.com\/fr\/2025\/02\/14\/rdc-le-m23-entre-dans-bukavu-tshisekedi-renonce-au-sommet-de-lua\/#respond"]}],"copyrightYear":"2025","copyrightHolder":{"@id":"https:\/\/africadailyreport.com\/#organization"}},{"@type":"WebPage","@id":"https:\/\/africadailyreport.com\/fr\/2025\/02\/14\/rdc-le-m23-entre-dans-bukavu-tshisekedi-renonce-au-sommet-de-lua\/","url":"https:\/\/africadailyreport.com\/fr\/2025\/02\/14\/rdc-le-m23-entre-dans-bukavu-tshisekedi-renonce-au-sommet-de-lua\/","name":"RDC: le M23 entre dans Bukavu, Tshisekedi renonce au sommet de l'UA - Africa Daily Report","isPartOf":{"@id":"https:\/\/africadailyreport.com\/fr\/#website"},"primaryImageOfPage":{"@id":"https:\/\/africadailyreport.com\/fr\/2025\/02\/14\/rdc-le-m23-entre-dans-bukavu-tshisekedi-renonce-au-sommet-de-lua\/#primaryimage"},"image":{"@id":"https:\/\/africadailyreport.com\/fr\/2025\/02\/14\/rdc-le-m23-entre-dans-bukavu-tshisekedi-renonce-au-sommet-de-lua\/#primaryimage"},"thumbnailUrl":"https:\/\/i0.wp.com\/africadailyreport.com\/wp-content\/uploads\/2025\/02\/AFP__20250214__36XU2H4__v2__HighRes__DrcongoUnrest-scaled.jpg?fit=%2C&ssl=1","datePublished":"2025-02-14T19:58:46+00:00","dateModified":"2025-02-14T20:20:52+00:00","breadcrumb":{"@id":"https:\/\/africadailyreport.com\/fr\/2025\/02\/14\/rdc-le-m23-entre-dans-bukavu-tshisekedi-renonce-au-sommet-de-lua\/#breadcrumb"},"inLanguage":"fr-FR","potentialAction":[{"@type":"ReadAction","target":["https:\/\/africadailyreport.com\/fr\/2025\/02\/14\/rdc-le-m23-entre-dans-bukavu-tshisekedi-renonce-au-sommet-de-lua\/"]}]},{"@type":"ImageObject","inLanguage":"fr-FR","@id":"https:\/\/africadailyreport.com\/fr\/2025\/02\/14\/rdc-le-m23-entre-dans-bukavu-tshisekedi-renonce-au-sommet-de-lua\/#primaryimage","url":"https:\/\/i0.wp.com\/africadailyreport.com\/wp-content\/uploads\/2025\/02\/AFP__20250214__36XU2H4__v2__HighRes__DrcongoUnrest-scaled.jpg?fit=%2C&ssl=1","contentUrl":"https:\/\/i0.wp.com\/africadailyreport.com\/wp-content\/uploads\/2025\/02\/AFP__20250214__36XU2H4__v2__HighRes__DrcongoUnrest-scaled.jpg?fit=%2C&ssl=1","caption":"Armed Forces of the Democratic Republic of the Congo (FARDC) soldiers get into a vehicle in Bukavu on February 14, 2025. The intensifying conflict in the eastern Democratic Republic of Congo (DRC) has provoked fears of a regional war. Several of the DRC's nine neighbouring countries, as well as South Africa, already have a military presence on the ground. For the last 30 years, successive conflicts in eastern DRC have turned the heart of the African Great Lakes region into a tinderbox ready to catch fire. (Photo by Amani Alimasi \/ AFP)"},{"@type":"BreadcrumbList","@id":"https:\/\/africadailyreport.com\/fr\/2025\/02\/14\/rdc-le-m23-entre-dans-bukavu-tshisekedi-renonce-au-sommet-de-lua\/#breadcrumb","itemListElement":[{"@type":"ListItem","position":1,"name":"Home","item":"https:\/\/africadailyreport.com\/fr\/"},{"@type":"ListItem","position":2,"name":"RDC: le M23 entre dans Bukavu, Tshisekedi renonce au sommet de l&#8217;UA"}]},{"@type":"WebSite","@id":"https:\/\/africadailyreport.com\/fr\/#website","url":"https:\/\/africadailyreport.com\/fr\/","name":"Africa Daily Report","description":"","publisher":{"@id":"https:\/\/africadailyreport.com\/fr\/#organization"},"potentialAction":[{"@type":"SearchAction","target":{"@type":"EntryPoint","urlTemplate":"https:\/\/africadailyreport.com\/fr\/?s={search_term_string}"},"query-input":{"@type":"PropertyValueSpecification","valueRequired":true,"valueName":"search_term_string"}}],"inLanguage":"fr-FR"},{"@type":"Organization","@id":"https:\/\/africadailyreport.com\/fr\/#organization","name":"Africa Daily Report","url":"https:\/\/africadailyreport.com\/fr\/","logo":{"@type":"ImageObject","inLanguage":"fr-FR","@id":"https:\/\/africadailyreport.com\/fr\/#\/schema\/logo\/image\/","url":"https:\/\/africadailyreport.com\/wp-content\/uploads\/2024\/09\/ADR-Transparent-Green-Logo-1.png","contentUrl":"https:\/\/africadailyreport.com\/wp-content\/uploads\/2024\/09\/ADR-Transparent-Green-Logo-1.png","width":267,"height":185,"caption":"Africa Daily Report"},"image":{"@id":"https:\/\/africadailyreport.com\/fr\/#\/schema\/logo\/image\/"},"sameAs":["https:\/\/www.facebook.com\/africadailyreport","https:\/\/x.com\/adr_africa","https:\/\/www.youtube.com\/@africadailyreport","https:\/\/instagram.com\/africadailyreport"]},{"@type":"Person","@id":"https:\/\/africadailyreport.com\/fr\/#\/schema\/person\/c44d86d79f5570b3ba4cf70c989843f8","name":"ADR\/AFP","image":{"@type":"ImageObject","inLanguage":"fr-FR","@id":"https:\/\/secure.gravatar.com\/avatar\/2fbdc3782aa386b408fd9a36f0bc78ee569c94a7a05670cab3a1d72916408214?s=96&d=mm&r=g","url":"https:\/\/secure.gravatar.com\/avatar\/2fbdc3782aa386b408fd9a36f0bc78ee569c94a7a05670cab3a1d72916408214?s=96&d=mm&r=g","contentUrl":"https:\/\/secure.gravatar.com\/avatar\/2fbdc3782aa386b408fd9a36f0bc78ee569c94a7a05670cab3a1d72916408214?s=96&d=mm&r=g","caption":"ADR\/AFP"},"sameAs":["http:\/\/africadailyreport.com"],"url":"https:\/\/africadailyreport.com\/fr\/author\/both\/"}]}},"jetpack_featured_media_url":"https:\/\/i0.wp.com\/africadailyreport.com\/wp-content\/uploads\/2025\/02\/AFP__20250214__36XU2H4__v2__HighRes__DrcongoUnrest-scaled.jpg?fit=%2C&ssl=1","jetpack_sharing_enabled":true,"amp_enabled":true,"_links":{"self":[{"href":"https:\/\/africadailyreport.com\/fr\/wp-json\/wp\/v2\/posts\/17074","targetHints":{"allow":["GET"]}}],"collection":[{"href":"https:\/\/africadailyreport.com\/fr\/wp-json\/wp\/v2\/posts"}],"about":[{"href":"https:\/\/africadailyreport.com\/fr\/wp-json\/wp\/v2\/types\/post"}],"author":[{"embeddable":true,"href":"https:\/\/africadailyreport.com\/fr\/wp-json\/wp\/v2\/users\/10"}],"replies":[{"embeddable":true,"href":"https:\/\/africadailyreport.com\/fr\/wp-json\/wp\/v2\/comments?post=17074"}],"version-history":[{"count":3,"href":"https:\/\/africadailyreport.com\/fr\/wp-json\/wp\/v2\/posts\/17074\/revisions"}],"predecessor-version":[{"id":17084,"href":"https:\/\/africadailyreport.com\/fr\/wp-json\/wp\/v2\/posts\/17074\/revisions\/17084"}],"wp:featuredmedia":[{"embeddable":true,"href":"https:\/\/africadailyreport.com\/fr\/wp-json\/wp\/v2\/media\/17072"}],"wp:attachment":[{"href":"https:\/\/africadailyreport.com\/fr\/wp-json\/wp\/v2\/media?parent=17074"}],"wp:term":[{"taxonomy":"category","embeddable":true,"href":"https:\/\/africadailyreport.com\/fr\/wp-json\/wp\/v2\/categories?post=17074"},{"taxonomy":"post_tag","embeddable":true,"href":"https:\/\/africadailyreport.com\/fr\/wp-json\/wp\/v2\/tags?post=17074"},{"taxonomy":"adr_country","embeddable":true,"href":"https:\/\/africadailyreport.com\/fr\/wp-json\/wp\/v2\/adr_country?post=17074"}],"curies":[{"name":"wp","href":"https:\/\/api.w.org\/{rel}","templated":true}]}}