{"id":17062,"date":"2025-02-13T22:11:16","date_gmt":"2025-02-13T22:11:16","guid":{"rendered":"https:\/\/africadailyreport.com\/2025\/02\/13\/senegal-warns-of-legal-action-over-mismanagement-of-public-funds\/"},"modified":"2025-02-13T22:20:41","modified_gmt":"2025-02-13T22:20:41","slug":"senegal-warns-of-legal-action-over-mismanagement-of-public-funds","status":"publish","type":"post","link":"https:\/\/africadailyreport.com\/fr\/2025\/02\/13\/senegal-warns-of-legal-action-over-mismanagement-of-public-funds\/","title":{"rendered":"S\u00e9n\u00e9gal: le gouvernement annonce de possibles poursuites judiciaires apr\u00e8s le rapport de la Cour des comptes"},"content":{"rendered":"\n<h2 class=\"wp-block-heading\" id=\"h-dakar-senegal-le-gouvernement-senegalais-a-annonce-jeudi-de-possibles-poursuites-judiciaires-contre-les-auteurs-des-manquements-graves-reveles-la-veille-par-la-cour-des-comptes-dans-un-rapport-invalidant-les-chiffres-officiels-sous-l-ex-president-macky-sall-sur-notamment-la-dette-et-le-deficit-budgetaire\"><strong><em>Dakar, S\u00e9n\u00e9gal &#8211; <\/em><\/strong>Le gouvernement s\u00e9n\u00e9galais a annonc\u00e9 jeudi de possibles poursuites judiciaires contre les auteurs des \u00ab\u00a0manquements graves\u00a0\u00bb r\u00e9v\u00e9l\u00e9s la veille par la Cour des comptes dans un rapport invalidant les chiffres officiels sous l&rsquo;ex-pr\u00e9sident Macky Sall, sur notamment la dette et le d\u00e9ficit budg\u00e9taire.<\/h2>\n\n\n\n<figure class=\"wp-block-image size-large\"><img data-recalc-dims=\"1\" loading=\"lazy\" decoding=\"async\" width=\"696\" height=\"464\" src=\"https:\/\/i0.wp.com\/africadailyreport.com\/wp-content\/uploads\/2024\/10\/AFP__20240926__36H98BU__v1__HighRes__SenegalGovernmentEconomyPolitics.jpg?resize=696%2C464&#038;ssl=1\" alt=\"\" class=\"wp-image-13439\" srcset=\"https:\/\/i0.wp.com\/africadailyreport.com\/wp-content\/uploads\/2024\/10\/AFP__20240926__36H98BU__v1__HighRes__SenegalGovernmentEconomyPolitics.jpg?resize=1024%2C683&amp;ssl=1 1024w, https:\/\/i0.wp.com\/africadailyreport.com\/wp-content\/uploads\/2024\/10\/AFP__20240926__36H98BU__v1__HighRes__SenegalGovernmentEconomyPolitics.jpg?resize=300%2C200&amp;ssl=1 300w, https:\/\/i0.wp.com\/africadailyreport.com\/wp-content\/uploads\/2024\/10\/AFP__20240926__36H98BU__v1__HighRes__SenegalGovernmentEconomyPolitics.jpg?resize=768%2C512&amp;ssl=1 768w, https:\/\/i0.wp.com\/africadailyreport.com\/wp-content\/uploads\/2024\/10\/AFP__20240926__36H98BU__v1__HighRes__SenegalGovernmentEconomyPolitics.jpg?resize=1536%2C1024&amp;ssl=1 1536w, https:\/\/i0.wp.com\/africadailyreport.com\/wp-content\/uploads\/2024\/10\/AFP__20240926__36H98BU__v1__HighRes__SenegalGovernmentEconomyPolitics.jpg?resize=630%2C420&amp;ssl=1 630w, https:\/\/i0.wp.com\/africadailyreport.com\/wp-content\/uploads\/2024\/10\/AFP__20240926__36H98BU__v1__HighRes__SenegalGovernmentEconomyPolitics.jpg?resize=150%2C100&amp;ssl=1 150w, https:\/\/i0.wp.com\/africadailyreport.com\/wp-content\/uploads\/2024\/10\/AFP__20240926__36H98BU__v1__HighRes__SenegalGovernmentEconomyPolitics.jpg?resize=696%2C464&amp;ssl=1 696w, https:\/\/i0.wp.com\/africadailyreport.com\/wp-content\/uploads\/2024\/10\/AFP__20240926__36H98BU__v1__HighRes__SenegalGovernmentEconomyPolitics.jpg?resize=1068%2C712&amp;ssl=1 1068w, https:\/\/i0.wp.com\/africadailyreport.com\/wp-content\/uploads\/2024\/10\/AFP__20240926__36H98BU__v1__HighRes__SenegalGovernmentEconomyPolitics.jpg?w=1860&amp;ssl=1 1860w, https:\/\/i0.wp.com\/africadailyreport.com\/wp-content\/uploads\/2024\/10\/AFP__20240926__36H98BU__v1__HighRes__SenegalGovernmentEconomyPolitics.jpg?w=1392&amp;ssl=1 1392w\" sizes=\"auto, (max-width: 696px) 100vw, 696px\" \/><figcaption class=\"wp-element-caption\">Senegal&rsquo;s Prime Minister Ousmane Sonko speaks during a press conference to present the governments economic action plan, in Dakar, on September 26, 2024. (Photo by SEYLLOU \/ AFP)<\/figcaption><\/figure>\n\n\n\n<p>\u00ab\u00a0L&rsquo;exploitation du rapport a permis de relever des manquements graves qui pourraient rev\u00eatir diverses qualifications p\u00e9nales\u00a0\u00bb dont des \u00ab\u00a0faux en \u00e9criture, d\u00e9tournements de deniers publics, blanchiment d&rsquo;argent et enrichissement illicite\u00a0\u00bb, a d\u00e9clar\u00e9 le ministre de la Justice Ousmane Diagne, lors d&rsquo;une conf\u00e9rence de presse \u00e0 Dakar.<\/p>\n\n\n\n<p>Ces faits pourraient selon lui impliquer notamment d&rsquo;anciens ministres et des directeurs g\u00e9n\u00e9raux.<\/p>\n\n\n\n<p>\u00ab\u00a0Il est envisag\u00e9 (&#8230;) la mise en \u0153uvre diligente de toutes les mesures judiciaires n\u00e9cessaires \u00e0 l&rsquo;\u00e9lucidation de ces faits, l&rsquo;identification compl\u00e8te de tous les responsables de ces irr\u00e9gularit\u00e9s et leur traduction devant les juridictions r\u00e9pressives comp\u00e9tentes\u00a0\u00bb, a dit M. Diagne.<\/p>\n\n\n\n<p>La Cour des comptes, une institution de contr\u00f4le ind\u00e9pendante, a indiqu\u00e9 dans son rapport que les faits relat\u00e9s sont \u00ab\u00a0pr\u00e9sum\u00e9s constitutifs de fautes de gestion, de gestions de fait ou d&rsquo;infractions \u00e0 caract\u00e8re p\u00e9nal\u00a0\u00bb.<\/p>\n\n\n\n<p>L&rsquo;encours de la dette repr\u00e9sente 99,67% du PIB, un taux \u00ab\u00a0sup\u00e9rieur\u00a0\u00bb au montant annonc\u00e9 par le pr\u00e9c\u00e9dent r\u00e9gime, selon le rapport sur la p\u00e9riode allant de 2019 au 31 mars 2024.<\/p>\n\n\n\n<p>Le d\u00e9ficit budg\u00e9taire \u00ab\u00a0recalcul\u00e9\u00a0\u00bb par la Cour pour l&rsquo;ann\u00e9e 2023 est par exemple de 12,3% contre 4,9% annonc\u00e9s.<\/p>\n\n\n\n<p>La Cour a aussi point\u00e9 \u00ab\u00a0une dette bancaire importante contract\u00e9e hors circuit budg\u00e9taire\u00a0\u00bb et \u00ab\u00a0non retrac\u00e9e dans les comptes de l&rsquo;Etat\u00a0\u00bb.<\/p>\n\n\n\n<p>Le rapport est publi\u00e9 apr\u00e8s que le r\u00e9gime du pr\u00e9sident Sall (2012-2024) a \u00e9t\u00e9 accus\u00e9 fin septembre par le Premier ministre Ousmane Sonko d&rsquo;avoir falsifi\u00e9 les chiffres des finances publiques.<\/p>\n\n\n\n<p>L&rsquo;ex-parti au pouvoir qui a dirig\u00e9 le pays de 2012 \u00e0 2024 sous le pr\u00e9sident Sall a r\u00e9fut\u00e9 des \u00ab\u00a0accusations grossi\u00e8res\u00a0\u00bb, d\u00e9non\u00e7ant une \u00ab\u00a0machination politicienne dont la seule volont\u00e9 est la n\u00e9gation du S\u00e9n\u00e9gal\u00a0\u00bb, dans un communiqu\u00e9 publi\u00e9 jeudi soir.<\/p>\n\n\n\n<p>\u00ab\u00a0A travers cette nouvelle cabale, le gouvernement avoue qu\u2019il va \u00e9chouer mais qu\u2019il va faire porter la responsabilit\u00e9 de son \u00e9chec \u00e0 d\u2019autres\u00a0\u00bb, a dit l&rsquo;Alliance pour la R\u00e9publique (APR) qui remet en cause plusieurs aspects du rapport comme la transparence, le respect du principe de la contradiction.<\/p>\n\n\n\n<p>Le pr\u00e9sident s\u00e9n\u00e9galais Bassirou Diomaye Faye, \u00e9lu en mars, pr\u00f4ne la rupture avec le syst\u00e8me.<\/p>\n\n\n\n<p>Un porte-parole du Fonds mon\u00e9taire international (FMI) avait confirm\u00e9 d\u00e9but novembre \u00e0 l&rsquo;AFP que le Fonds avait suspendu son programme d&rsquo;aide actuel \u00ab\u00a0en attendant que la Cour des comptes (s\u00e9n\u00e9galaise) valide le rapport d&rsquo;audit\u00a0\u00bb dont le gouvernement a pr\u00e9sent\u00e9 les conclusions fin septembre.<\/p>\n\n\n\n<p>Le Fonds se \u00ab\u00a0f\u00e9licite\u00a0\u00bb de ce rapport qui \u00ab\u00a0t\u00e9moigne de l&rsquo;engagement des autorit\u00e9s en faveur d&rsquo;une plus grande transparence\u00a0\u00bb, a dit mercredi \u00e0 l&rsquo;AFP un porte-parole de l&rsquo;institution.<\/p>\n\n\n\n<p><\/p>\n\n\n\n<p>\u00a9 Agence France-Presse<\/p>\n","protected":false},"excerpt":{"rendered":"<p>Dakar, S\u00e9n\u00e9gal &#8211; Le gouvernement s\u00e9n\u00e9galais a annonc\u00e9 jeudi de possibles poursuites judiciaires contre les auteurs des \u00ab\u00a0manquements graves\u00a0\u00bb r\u00e9v\u00e9l\u00e9s la veille par la Cour des comptes dans un rapport invalidant les chiffres officiels sous l&rsquo;ex-pr\u00e9sident Macky Sall, sur notamment la dette et le d\u00e9ficit budg\u00e9taire. \u00ab\u00a0L&rsquo;exploitation du rapport a permis de relever des manquements [&hellip;]<\/p>\n","protected":false},"author":10,"featured_media":13440,"comment_status":"open","ping_status":"open","sticky":false,"template":"","format":"standard","meta":{"_acf_changed":false,"om_disable_all_campaigns":false,"_monsterinsights_skip_tracking":false,"_monsterinsights_sitenote_active":false,"_monsterinsights_sitenote_note":"","_monsterinsights_sitenote_category":0,"tdm_status":"","tdm_grid_status":"","_jetpack_newsletter_access":"","_jetpack_dont_email_post_to_subs":false,"_jetpack_newsletter_tier_id":0,"_jetpack_memberships_contains_paywalled_content":false,"_jetpack_memberships_contains_paid_content":false,"footnotes":""},"categories":[293,1190],"tags":[2713,1458,1487,832,314,1590,692,2714,815],"adr_country":[1092],"class_list":{"0":"post-17062","1":"post","2":"type-post","3":"status-publish","4":"format-standard","5":"has-post-thumbnail","7":"category-actualites-fr","8":"category-economie-fr-2","9":"tag-budget-2","10":"tag-corruption-fr","11":"tag-dette","12":"tag-finance-fr","13":"tag-gouvernement-fr","14":"tag-justice-fr","15":"tag-politique-3","16":"tag-publique","17":"tag-senegal-2-fr","18":"adr_country-senegal"},"acf":{"post_version":""},"yoast_head":"<!-- This site is optimized with the Yoast SEO Premium plugin v26.0 (Yoast SEO v27.4) - https:\/\/yoast.com\/product\/yoast-seo-premium-wordpress\/ -->\n<title>S\u00e9n\u00e9gal: le gouvernement annonce de possibles poursuites judiciaires apr\u00e8s le rapport de la Cour des comptes - Africa Daily Report<\/title>\n<meta name=\"robots\" content=\"index, follow, max-snippet:-1, max-image-preview:large, max-video-preview:-1\" \/>\n<link rel=\"canonical\" href=\"https:\/\/africadailyreport.com\/fr\/2025\/02\/13\/senegal-warns-of-legal-action-over-mismanagement-of-public-funds\/\" \/>\n<meta property=\"og:locale\" content=\"fr_FR\" \/>\n<meta property=\"og:type\" content=\"article\" \/>\n<meta property=\"og:title\" content=\"S\u00e9n\u00e9gal: le gouvernement annonce de possibles poursuites judiciaires apr\u00e8s le rapport de la Cour des comptes\" \/>\n<meta property=\"og:description\" content=\"Dakar, S\u00e9n\u00e9gal &#8211; Le gouvernement s\u00e9n\u00e9galais a annonc\u00e9 jeudi de possibles poursuites judiciaires contre les auteurs des \u00ab\u00a0manquements graves\u00a0\u00bb r\u00e9v\u00e9l\u00e9s la veille par la Cour des comptes dans un rapport invalidant les chiffres officiels sous l&rsquo;ex-pr\u00e9sident Macky Sall, sur notamment la dette et le d\u00e9ficit budg\u00e9taire. \u00ab\u00a0L&rsquo;exploitation du rapport a permis de relever des manquements [&hellip;]\" \/>\n<meta property=\"og:url\" content=\"https:\/\/africadailyreport.com\/fr\/2025\/02\/13\/senegal-warns-of-legal-action-over-mismanagement-of-public-funds\/\" \/>\n<meta property=\"og:site_name\" content=\"Africa Daily Report\" \/>\n<meta property=\"article:publisher\" content=\"https:\/\/www.facebook.com\/africadailyreport\" \/>\n<meta property=\"article:published_time\" content=\"2025-02-13T22:11:16+00:00\" \/>\n<meta property=\"article:modified_time\" content=\"2025-02-13T22:20:41+00:00\" \/>\n<meta property=\"og:image\" content=\"https:\/\/africadailyreport.com\/wp-content\/uploads\/2024\/10\/AFP__20240926__36H98BU__v1__HighRes__SenegalGovernmentEconomyPolitics.jpg\" \/>\n\t<meta property=\"og:image:width\" content=\"1860\" \/>\n\t<meta property=\"og:image:height\" content=\"1240\" \/>\n\t<meta property=\"og:image:type\" content=\"image\/jpeg\" \/>\n<meta name=\"author\" content=\"ADR\/AFP\" \/>\n<meta name=\"twitter:card\" content=\"summary_large_image\" \/>\n<meta name=\"twitter:creator\" content=\"@adr_africa\" \/>\n<meta name=\"twitter:site\" content=\"@adr_africa\" \/>\n<meta name=\"twitter:label1\" content=\"\u00c9crit par\" \/>\n\t<meta name=\"twitter:data1\" content=\"ADR\/AFP\" \/>\n\t<meta name=\"twitter:label2\" content=\"Dur\u00e9e de lecture estim\u00e9e\" \/>\n\t<meta name=\"twitter:data2\" content=\"3 minutes\" \/>\n<script type=\"application\/ld+json\" class=\"yoast-schema-graph\">{\"@context\":\"https:\\\/\\\/schema.org\",\"@graph\":[{\"@type\":\"Article\",\"@id\":\"https:\\\/\\\/africadailyreport.com\\\/fr\\\/2025\\\/02\\\/13\\\/senegal-warns-of-legal-action-over-mismanagement-of-public-funds\\\/#article\",\"isPartOf\":{\"@id\":\"https:\\\/\\\/africadailyreport.com\\\/fr\\\/2025\\\/02\\\/13\\\/senegal-warns-of-legal-action-over-mismanagement-of-public-funds\\\/\"},\"author\":{\"name\":\"ADR\\\/AFP\",\"@id\":\"https:\\\/\\\/africadailyreport.com\\\/fr\\\/#\\\/schema\\\/person\\\/c44d86d79f5570b3ba4cf70c989843f8\"},\"headline\":\"S\u00e9n\u00e9gal: le gouvernement annonce de possibles poursuites judiciaires apr\u00e8s le rapport de la Cour des comptes\",\"datePublished\":\"2025-02-13T22:11:16+00:00\",\"dateModified\":\"2025-02-13T22:20:41+00:00\",\"mainEntityOfPage\":{\"@id\":\"https:\\\/\\\/africadailyreport.com\\\/fr\\\/2025\\\/02\\\/13\\\/senegal-warns-of-legal-action-over-mismanagement-of-public-funds\\\/\"},\"wordCount\":576,\"commentCount\":0,\"publisher\":{\"@id\":\"https:\\\/\\\/africadailyreport.com\\\/fr\\\/#organization\"},\"image\":{\"@id\":\"https:\\\/\\\/africadailyreport.com\\\/fr\\\/2025\\\/02\\\/13\\\/senegal-warns-of-legal-action-over-mismanagement-of-public-funds\\\/#primaryimage\"},\"thumbnailUrl\":\"https:\\\/\\\/i0.wp.com\\\/africadailyreport.com\\\/wp-content\\\/uploads\\\/2024\\\/10\\\/AFP__20240926__36H98BU__v1__HighRes__SenegalGovernmentEconomyPolitics.jpg?fit=1860%2C1240&ssl=1\",\"keywords\":[\"budget\",\"corruption\",\"dette\",\"finance\",\"gouvernement\",\"justice\",\"politique\",\"publique\",\"Senegal\"],\"articleSection\":[\"Actualit\u00e9s\",\"ECONOMIE\"],\"inLanguage\":\"fr-FR\",\"potentialAction\":[{\"@type\":\"CommentAction\",\"name\":\"Comment\",\"target\":[\"https:\\\/\\\/africadailyreport.com\\\/fr\\\/2025\\\/02\\\/13\\\/senegal-warns-of-legal-action-over-mismanagement-of-public-funds\\\/#respond\"]}],\"copyrightYear\":\"2025\",\"copyrightHolder\":{\"@id\":\"https:\\\/\\\/africadailyreport.com\\\/#organization\"}},{\"@type\":\"WebPage\",\"@id\":\"https:\\\/\\\/africadailyreport.com\\\/fr\\\/2025\\\/02\\\/13\\\/senegal-warns-of-legal-action-over-mismanagement-of-public-funds\\\/\",\"url\":\"https:\\\/\\\/africadailyreport.com\\\/fr\\\/2025\\\/02\\\/13\\\/senegal-warns-of-legal-action-over-mismanagement-of-public-funds\\\/\",\"name\":\"S\u00e9n\u00e9gal: le gouvernement annonce de possibles poursuites judiciaires apr\u00e8s le rapport de la Cour des comptes - Africa Daily Report\",\"isPartOf\":{\"@id\":\"https:\\\/\\\/africadailyreport.com\\\/fr\\\/#website\"},\"primaryImageOfPage\":{\"@id\":\"https:\\\/\\\/africadailyreport.com\\\/fr\\\/2025\\\/02\\\/13\\\/senegal-warns-of-legal-action-over-mismanagement-of-public-funds\\\/#primaryimage\"},\"image\":{\"@id\":\"https:\\\/\\\/africadailyreport.com\\\/fr\\\/2025\\\/02\\\/13\\\/senegal-warns-of-legal-action-over-mismanagement-of-public-funds\\\/#primaryimage\"},\"thumbnailUrl\":\"https:\\\/\\\/i0.wp.com\\\/africadailyreport.com\\\/wp-content\\\/uploads\\\/2024\\\/10\\\/AFP__20240926__36H98BU__v1__HighRes__SenegalGovernmentEconomyPolitics.jpg?fit=1860%2C1240&ssl=1\",\"datePublished\":\"2025-02-13T22:11:16+00:00\",\"dateModified\":\"2025-02-13T22:20:41+00:00\",\"breadcrumb\":{\"@id\":\"https:\\\/\\\/africadailyreport.com\\\/fr\\\/2025\\\/02\\\/13\\\/senegal-warns-of-legal-action-over-mismanagement-of-public-funds\\\/#breadcrumb\"},\"inLanguage\":\"fr-FR\",\"potentialAction\":[{\"@type\":\"ReadAction\",\"target\":[\"https:\\\/\\\/africadailyreport.com\\\/fr\\\/2025\\\/02\\\/13\\\/senegal-warns-of-legal-action-over-mismanagement-of-public-funds\\\/\"]}]},{\"@type\":\"ImageObject\",\"inLanguage\":\"fr-FR\",\"@id\":\"https:\\\/\\\/africadailyreport.com\\\/fr\\\/2025\\\/02\\\/13\\\/senegal-warns-of-legal-action-over-mismanagement-of-public-funds\\\/#primaryimage\",\"url\":\"https:\\\/\\\/i0.wp.com\\\/africadailyreport.com\\\/wp-content\\\/uploads\\\/2024\\\/10\\\/AFP__20240926__36H98BU__v1__HighRes__SenegalGovernmentEconomyPolitics.jpg?fit=1860%2C1240&ssl=1\",\"contentUrl\":\"https:\\\/\\\/i0.wp.com\\\/africadailyreport.com\\\/wp-content\\\/uploads\\\/2024\\\/10\\\/AFP__20240926__36H98BU__v1__HighRes__SenegalGovernmentEconomyPolitics.jpg?fit=1860%2C1240&ssl=1\",\"width\":1860,\"height\":1240,\"caption\":\"Senegal's Prime Minister Ousmane Sonko speaks during a press conference to present the governments economic action plan, in Dakar, on September 26, 2024. (Photo by SEYLLOU \\\/ AFP)\"},{\"@type\":\"BreadcrumbList\",\"@id\":\"https:\\\/\\\/africadailyreport.com\\\/fr\\\/2025\\\/02\\\/13\\\/senegal-warns-of-legal-action-over-mismanagement-of-public-funds\\\/#breadcrumb\",\"itemListElement\":[{\"@type\":\"ListItem\",\"position\":1,\"name\":\"Home\",\"item\":\"https:\\\/\\\/africadailyreport.com\\\/fr\\\/\"},{\"@type\":\"ListItem\",\"position\":2,\"name\":\"S\u00e9n\u00e9gal: le gouvernement annonce de possibles poursuites judiciaires apr\u00e8s le rapport de la Cour des comptes\"}]},{\"@type\":\"WebSite\",\"@id\":\"https:\\\/\\\/africadailyreport.com\\\/fr\\\/#website\",\"url\":\"https:\\\/\\\/africadailyreport.com\\\/fr\\\/\",\"name\":\"Africa Daily Report\",\"description\":\"\",\"publisher\":{\"@id\":\"https:\\\/\\\/africadailyreport.com\\\/fr\\\/#organization\"},\"potentialAction\":[{\"@type\":\"SearchAction\",\"target\":{\"@type\":\"EntryPoint\",\"urlTemplate\":\"https:\\\/\\\/africadailyreport.com\\\/fr\\\/?s={search_term_string}\"},\"query-input\":{\"@type\":\"PropertyValueSpecification\",\"valueRequired\":true,\"valueName\":\"search_term_string\"}}],\"inLanguage\":\"fr-FR\"},{\"@type\":\"Organization\",\"@id\":\"https:\\\/\\\/africadailyreport.com\\\/fr\\\/#organization\",\"name\":\"Africa Daily Report\",\"url\":\"https:\\\/\\\/africadailyreport.com\\\/fr\\\/\",\"logo\":{\"@type\":\"ImageObject\",\"inLanguage\":\"fr-FR\",\"@id\":\"https:\\\/\\\/africadailyreport.com\\\/fr\\\/#\\\/schema\\\/logo\\\/image\\\/\",\"url\":\"https:\\\/\\\/africadailyreport.com\\\/wp-content\\\/uploads\\\/2024\\\/09\\\/ADR-Transparent-Green-Logo-1.png\",\"contentUrl\":\"https:\\\/\\\/africadailyreport.com\\\/wp-content\\\/uploads\\\/2024\\\/09\\\/ADR-Transparent-Green-Logo-1.png\",\"width\":267,\"height\":185,\"caption\":\"Africa Daily Report\"},\"image\":{\"@id\":\"https:\\\/\\\/africadailyreport.com\\\/fr\\\/#\\\/schema\\\/logo\\\/image\\\/\"},\"sameAs\":[\"https:\\\/\\\/www.facebook.com\\\/africadailyreport\",\"https:\\\/\\\/x.com\\\/adr_africa\",\"https:\\\/\\\/www.youtube.com\\\/@africadailyreport\",\"https:\\\/\\\/instagram.com\\\/africadailyreport\"]},{\"@type\":\"Person\",\"@id\":\"https:\\\/\\\/africadailyreport.com\\\/fr\\\/#\\\/schema\\\/person\\\/c44d86d79f5570b3ba4cf70c989843f8\",\"name\":\"ADR\\\/AFP\",\"image\":{\"@type\":\"ImageObject\",\"inLanguage\":\"fr-FR\",\"@id\":\"https:\\\/\\\/secure.gravatar.com\\\/avatar\\\/2fbdc3782aa386b408fd9a36f0bc78ee569c94a7a05670cab3a1d72916408214?s=96&d=mm&r=g\",\"url\":\"https:\\\/\\\/secure.gravatar.com\\\/avatar\\\/2fbdc3782aa386b408fd9a36f0bc78ee569c94a7a05670cab3a1d72916408214?s=96&d=mm&r=g\",\"contentUrl\":\"https:\\\/\\\/secure.gravatar.com\\\/avatar\\\/2fbdc3782aa386b408fd9a36f0bc78ee569c94a7a05670cab3a1d72916408214?s=96&d=mm&r=g\",\"caption\":\"ADR\\\/AFP\"},\"sameAs\":[\"http:\\\/\\\/africadailyreport.com\"],\"url\":\"https:\\\/\\\/africadailyreport.com\\\/fr\\\/author\\\/both\\\/\"}]}<\/script>\n<!-- \/ Yoast SEO Premium plugin. -->","yoast_head_json":{"title":"S\u00e9n\u00e9gal: le gouvernement annonce de possibles poursuites judiciaires apr\u00e8s le rapport de la Cour des comptes - Africa Daily Report","robots":{"index":"index","follow":"follow","max-snippet":"max-snippet:-1","max-image-preview":"max-image-preview:large","max-video-preview":"max-video-preview:-1"},"canonical":"https:\/\/africadailyreport.com\/fr\/2025\/02\/13\/senegal-warns-of-legal-action-over-mismanagement-of-public-funds\/","og_locale":"fr_FR","og_type":"article","og_title":"S\u00e9n\u00e9gal: le gouvernement annonce de possibles poursuites judiciaires apr\u00e8s le rapport de la Cour des comptes","og_description":"Dakar, S\u00e9n\u00e9gal &#8211; Le gouvernement s\u00e9n\u00e9galais a annonc\u00e9 jeudi de possibles poursuites judiciaires contre les auteurs des \u00ab\u00a0manquements graves\u00a0\u00bb r\u00e9v\u00e9l\u00e9s la veille par la Cour des comptes dans un rapport invalidant les chiffres officiels sous l&rsquo;ex-pr\u00e9sident Macky Sall, sur notamment la dette et le d\u00e9ficit budg\u00e9taire. \u00ab\u00a0L&rsquo;exploitation du rapport a permis de relever des manquements [&hellip;]","og_url":"https:\/\/africadailyreport.com\/fr\/2025\/02\/13\/senegal-warns-of-legal-action-over-mismanagement-of-public-funds\/","og_site_name":"Africa Daily Report","article_publisher":"https:\/\/www.facebook.com\/africadailyreport","article_published_time":"2025-02-13T22:11:16+00:00","article_modified_time":"2025-02-13T22:20:41+00:00","og_image":[{"width":1860,"height":1240,"url":"https:\/\/africadailyreport.com\/wp-content\/uploads\/2024\/10\/AFP__20240926__36H98BU__v1__HighRes__SenegalGovernmentEconomyPolitics.jpg","type":"image\/jpeg"}],"author":"ADR\/AFP","twitter_card":"summary_large_image","twitter_creator":"@adr_africa","twitter_site":"@adr_africa","twitter_misc":{"\u00c9crit par":"ADR\/AFP","Dur\u00e9e de lecture estim\u00e9e":"3 minutes"},"schema":{"@context":"https:\/\/schema.org","@graph":[{"@type":"Article","@id":"https:\/\/africadailyreport.com\/fr\/2025\/02\/13\/senegal-warns-of-legal-action-over-mismanagement-of-public-funds\/#article","isPartOf":{"@id":"https:\/\/africadailyreport.com\/fr\/2025\/02\/13\/senegal-warns-of-legal-action-over-mismanagement-of-public-funds\/"},"author":{"name":"ADR\/AFP","@id":"https:\/\/africadailyreport.com\/fr\/#\/schema\/person\/c44d86d79f5570b3ba4cf70c989843f8"},"headline":"S\u00e9n\u00e9gal: le gouvernement annonce de possibles poursuites judiciaires apr\u00e8s le rapport de la Cour des comptes","datePublished":"2025-02-13T22:11:16+00:00","dateModified":"2025-02-13T22:20:41+00:00","mainEntityOfPage":{"@id":"https:\/\/africadailyreport.com\/fr\/2025\/02\/13\/senegal-warns-of-legal-action-over-mismanagement-of-public-funds\/"},"wordCount":576,"commentCount":0,"publisher":{"@id":"https:\/\/africadailyreport.com\/fr\/#organization"},"image":{"@id":"https:\/\/africadailyreport.com\/fr\/2025\/02\/13\/senegal-warns-of-legal-action-over-mismanagement-of-public-funds\/#primaryimage"},"thumbnailUrl":"https:\/\/i0.wp.com\/africadailyreport.com\/wp-content\/uploads\/2024\/10\/AFP__20240926__36H98BU__v1__HighRes__SenegalGovernmentEconomyPolitics.jpg?fit=1860%2C1240&ssl=1","keywords":["budget","corruption","dette","finance","gouvernement","justice","politique","publique","Senegal"],"articleSection":["Actualit\u00e9s","ECONOMIE"],"inLanguage":"fr-FR","potentialAction":[{"@type":"CommentAction","name":"Comment","target":["https:\/\/africadailyreport.com\/fr\/2025\/02\/13\/senegal-warns-of-legal-action-over-mismanagement-of-public-funds\/#respond"]}],"copyrightYear":"2025","copyrightHolder":{"@id":"https:\/\/africadailyreport.com\/#organization"}},{"@type":"WebPage","@id":"https:\/\/africadailyreport.com\/fr\/2025\/02\/13\/senegal-warns-of-legal-action-over-mismanagement-of-public-funds\/","url":"https:\/\/africadailyreport.com\/fr\/2025\/02\/13\/senegal-warns-of-legal-action-over-mismanagement-of-public-funds\/","name":"S\u00e9n\u00e9gal: le gouvernement annonce de possibles poursuites judiciaires apr\u00e8s le rapport de la Cour des comptes - Africa Daily Report","isPartOf":{"@id":"https:\/\/africadailyreport.com\/fr\/#website"},"primaryImageOfPage":{"@id":"https:\/\/africadailyreport.com\/fr\/2025\/02\/13\/senegal-warns-of-legal-action-over-mismanagement-of-public-funds\/#primaryimage"},"image":{"@id":"https:\/\/africadailyreport.com\/fr\/2025\/02\/13\/senegal-warns-of-legal-action-over-mismanagement-of-public-funds\/#primaryimage"},"thumbnailUrl":"https:\/\/i0.wp.com\/africadailyreport.com\/wp-content\/uploads\/2024\/10\/AFP__20240926__36H98BU__v1__HighRes__SenegalGovernmentEconomyPolitics.jpg?fit=1860%2C1240&ssl=1","datePublished":"2025-02-13T22:11:16+00:00","dateModified":"2025-02-13T22:20:41+00:00","breadcrumb":{"@id":"https:\/\/africadailyreport.com\/fr\/2025\/02\/13\/senegal-warns-of-legal-action-over-mismanagement-of-public-funds\/#breadcrumb"},"inLanguage":"fr-FR","potentialAction":[{"@type":"ReadAction","target":["https:\/\/africadailyreport.com\/fr\/2025\/02\/13\/senegal-warns-of-legal-action-over-mismanagement-of-public-funds\/"]}]},{"@type":"ImageObject","inLanguage":"fr-FR","@id":"https:\/\/africadailyreport.com\/fr\/2025\/02\/13\/senegal-warns-of-legal-action-over-mismanagement-of-public-funds\/#primaryimage","url":"https:\/\/i0.wp.com\/africadailyreport.com\/wp-content\/uploads\/2024\/10\/AFP__20240926__36H98BU__v1__HighRes__SenegalGovernmentEconomyPolitics.jpg?fit=1860%2C1240&ssl=1","contentUrl":"https:\/\/i0.wp.com\/africadailyreport.com\/wp-content\/uploads\/2024\/10\/AFP__20240926__36H98BU__v1__HighRes__SenegalGovernmentEconomyPolitics.jpg?fit=1860%2C1240&ssl=1","width":1860,"height":1240,"caption":"Senegal's Prime Minister Ousmane Sonko speaks during a press conference to present the governments economic action plan, in Dakar, on September 26, 2024. (Photo by SEYLLOU \/ AFP)"},{"@type":"BreadcrumbList","@id":"https:\/\/africadailyreport.com\/fr\/2025\/02\/13\/senegal-warns-of-legal-action-over-mismanagement-of-public-funds\/#breadcrumb","itemListElement":[{"@type":"ListItem","position":1,"name":"Home","item":"https:\/\/africadailyreport.com\/fr\/"},{"@type":"ListItem","position":2,"name":"S\u00e9n\u00e9gal: le gouvernement annonce de possibles poursuites judiciaires apr\u00e8s le rapport de la Cour des comptes"}]},{"@type":"WebSite","@id":"https:\/\/africadailyreport.com\/fr\/#website","url":"https:\/\/africadailyreport.com\/fr\/","name":"Africa Daily Report","description":"","publisher":{"@id":"https:\/\/africadailyreport.com\/fr\/#organization"},"potentialAction":[{"@type":"SearchAction","target":{"@type":"EntryPoint","urlTemplate":"https:\/\/africadailyreport.com\/fr\/?s={search_term_string}"},"query-input":{"@type":"PropertyValueSpecification","valueRequired":true,"valueName":"search_term_string"}}],"inLanguage":"fr-FR"},{"@type":"Organization","@id":"https:\/\/africadailyreport.com\/fr\/#organization","name":"Africa Daily Report","url":"https:\/\/africadailyreport.com\/fr\/","logo":{"@type":"ImageObject","inLanguage":"fr-FR","@id":"https:\/\/africadailyreport.com\/fr\/#\/schema\/logo\/image\/","url":"https:\/\/africadailyreport.com\/wp-content\/uploads\/2024\/09\/ADR-Transparent-Green-Logo-1.png","contentUrl":"https:\/\/africadailyreport.com\/wp-content\/uploads\/2024\/09\/ADR-Transparent-Green-Logo-1.png","width":267,"height":185,"caption":"Africa Daily Report"},"image":{"@id":"https:\/\/africadailyreport.com\/fr\/#\/schema\/logo\/image\/"},"sameAs":["https:\/\/www.facebook.com\/africadailyreport","https:\/\/x.com\/adr_africa","https:\/\/www.youtube.com\/@africadailyreport","https:\/\/instagram.com\/africadailyreport"]},{"@type":"Person","@id":"https:\/\/africadailyreport.com\/fr\/#\/schema\/person\/c44d86d79f5570b3ba4cf70c989843f8","name":"ADR\/AFP","image":{"@type":"ImageObject","inLanguage":"fr-FR","@id":"https:\/\/secure.gravatar.com\/avatar\/2fbdc3782aa386b408fd9a36f0bc78ee569c94a7a05670cab3a1d72916408214?s=96&d=mm&r=g","url":"https:\/\/secure.gravatar.com\/avatar\/2fbdc3782aa386b408fd9a36f0bc78ee569c94a7a05670cab3a1d72916408214?s=96&d=mm&r=g","contentUrl":"https:\/\/secure.gravatar.com\/avatar\/2fbdc3782aa386b408fd9a36f0bc78ee569c94a7a05670cab3a1d72916408214?s=96&d=mm&r=g","caption":"ADR\/AFP"},"sameAs":["http:\/\/africadailyreport.com"],"url":"https:\/\/africadailyreport.com\/fr\/author\/both\/"}]}},"jetpack_featured_media_url":"https:\/\/i0.wp.com\/africadailyreport.com\/wp-content\/uploads\/2024\/10\/AFP__20240926__36H98BU__v1__HighRes__SenegalGovernmentEconomyPolitics.jpg?fit=1860%2C1240&ssl=1","jetpack_sharing_enabled":true,"amp_enabled":true,"_links":{"self":[{"href":"https:\/\/africadailyreport.com\/fr\/wp-json\/wp\/v2\/posts\/17062","targetHints":{"allow":["GET"]}}],"collection":[{"href":"https:\/\/africadailyreport.com\/fr\/wp-json\/wp\/v2\/posts"}],"about":[{"href":"https:\/\/africadailyreport.com\/fr\/wp-json\/wp\/v2\/types\/post"}],"author":[{"embeddable":true,"href":"https:\/\/africadailyreport.com\/fr\/wp-json\/wp\/v2\/users\/10"}],"replies":[{"embeddable":true,"href":"https:\/\/africadailyreport.com\/fr\/wp-json\/wp\/v2\/comments?post=17062"}],"version-history":[{"count":4,"href":"https:\/\/africadailyreport.com\/fr\/wp-json\/wp\/v2\/posts\/17062\/revisions"}],"predecessor-version":[{"id":17067,"href":"https:\/\/africadailyreport.com\/fr\/wp-json\/wp\/v2\/posts\/17062\/revisions\/17067"}],"wp:featuredmedia":[{"embeddable":true,"href":"https:\/\/africadailyreport.com\/fr\/wp-json\/wp\/v2\/media\/13440"}],"wp:attachment":[{"href":"https:\/\/africadailyreport.com\/fr\/wp-json\/wp\/v2\/media?parent=17062"}],"wp:term":[{"taxonomy":"category","embeddable":true,"href":"https:\/\/africadailyreport.com\/fr\/wp-json\/wp\/v2\/categories?post=17062"},{"taxonomy":"post_tag","embeddable":true,"href":"https:\/\/africadailyreport.com\/fr\/wp-json\/wp\/v2\/tags?post=17062"},{"taxonomy":"adr_country","embeddable":true,"href":"https:\/\/africadailyreport.com\/fr\/wp-json\/wp\/v2\/adr_country?post=17062"}],"curies":[{"name":"wp","href":"https:\/\/api.w.org\/{rel}","templated":true}]}}