{"id":17051,"date":"2025-02-13T20:48:22","date_gmt":"2025-02-13T20:48:22","guid":{"rendered":"https:\/\/africadailyreport.com\/2025\/02\/13\/congolese-president-to-miss-au-meeting-on-eastern-drc-violence\/"},"modified":"2025-02-13T22:01:17","modified_gmt":"2025-02-13T22:01:17","slug":"congolese-president-to-miss-au-meeting-on-eastern-drc-violence","status":"publish","type":"post","link":"https:\/\/africadailyreport.com\/fr\/2025\/02\/13\/congolese-president-to-miss-au-meeting-on-eastern-drc-violence\/","title":{"rendered":"Sommet de l&rsquo;UA: F\u00e9lix Tshisekedi pr\u00e9sent samedi mais absent vendredi (pr\u00e9sidence)"},"content":{"rendered":"\n<h2 class=\"wp-block-heading\" id=\"h-addis-ababa-ethiopie-le-president-congolais-felix-tshisekedi-participera-samedi-au-sommet-formel-des-chefs-d-etat-de-l-union-africaine-ua-mais-sera-absent-la-veille-lors-d-une-reunion-dediee-a-la-crise-dans-l-est-de-la-rdc-a-declare-jeudi-a-l-afp-la-presidence-congolaise\"><strong><em>Addis Ababa, \u00c9thiopie &#8211;<\/em><\/strong> Le pr\u00e9sident congolais F\u00e9lix Tshisekedi participera samedi au sommet formel des chefs d&rsquo;Etat de l&rsquo;Union africaine (UA) mais sera absent la veille lors d&rsquo;une r\u00e9union d\u00e9di\u00e9e \u00e0 la crise dans l&rsquo;Est de la RDC, a d\u00e9clar\u00e9 jeudi \u00e0 l&rsquo;AFP la pr\u00e9sidence congolaise.<\/h2>\n\n\n\n\n\n<p><\/p>\n\n\n\n<p>Apr\u00e8s quelques jours d&rsquo;accalmie, le groupe arm\u00e9 M23 et les forces rwandaises, qui ont pris fin janvier dans une offensive \u00e9clair la ville de Goma, au Nord-Kivu, avaient effectu\u00e9 mercredi une nouvelle avanc\u00e9e dans la province voisine du Sud-Kivu.<\/p>\n\n\n\n<p>Un Conseil de paix et de s\u00e9curit\u00e9 (CPS) de l&rsquo;UA doit se tenir vendredi au sujet de la crise dans l&rsquo;Est congolais. Interrog\u00e9 plus t\u00f4t cette semaine par l&rsquo;AFP, un responsable du CPS n&rsquo;avait pas confirm\u00e9 si M. Tshisekedi et son homologue rwandais Paul Kagame y assisteraient ensemble, en personne.<\/p>\n\n\n\n<p>Le sommet formel de l&rsquo;UA est pr\u00e9vu samedi et dimanche, avec notamment l&rsquo;\u00e9lection d&rsquo;un nouveau pr\u00e9sident de la Commission de l&rsquo;UA, le plus haut repr\u00e9sentant de l&rsquo;organisation panafricaine.<\/p>\n\n\n\n<p>\u00ab\u00a0Le pr\u00e9sident (Tshisekedi) viendra \u00e0 Addis et il va participer au sommet des chefs d\u2019Etat le 15\u00a0\u00bb f\u00e9vrier, a d\u00e9clar\u00e9 \u00e0 l&rsquo;AFP la cellule de communication de la pr\u00e9sidence congolaise, sans \u00e9voquer la journ\u00e9e de dimanche.<\/p>\n\n\n\n<p>\u00ab\u00a0C&rsquo;est la premi\u00e8re ministre qui participera au conseil de paix et s\u00e9curit\u00e9\u00a0\u00bb, a-t-elle ajout\u00e9 au sujet de la r\u00e9union de vendredi.<\/p>\n\n\n\n<p>Dans un communiqu\u00e9 diffus\u00e9 jeudi soir, la pr\u00e9sidence congolaise a annonc\u00e9 que M. Tshisekedi \u00e9tait arriv\u00e9 le jour m\u00eame en Allemagne pour participer \u00e0 une conf\u00e9rence sur la s\u00e9curit\u00e9, organis\u00e9e \u00e0 Munich du 14 au 16 f\u00e9vrier.<\/p>\n\n\n\n<p>\u00ab\u00a0Ces assises permettront au Pr\u00e9sident Tshisekedi de pr\u00e9senter la r\u00e9alit\u00e9 de ce conflit et de plaider en faveur d\u2019une plus grande implication de la communaut\u00e9 internationale dans la r\u00e9solution de cette crise et la pacification de la r\u00e9gion des Grands lacs\u00a0\u00bb, pr\u00e9cise le texte.<\/p>\n\n\n\n<p>Samedi, lors d&rsquo;un sommet d\u00e9di\u00e9 \u00e0 la RDC et r\u00e9unissant \u00e0 Dar es Salaam, en Tanzanie, les dirigeants des pays d&rsquo;Afrique australe et de l&rsquo;Est, M. Tshisekedi avait particip\u00e9 en vid\u00e9oconf\u00e9rence.<\/p>\n\n\n\n<p>Les r\u00e9cents combats dans l&rsquo;est congolais, secou\u00e9 par des violences depuis 30 ans, ont fait au moins 2.900 morts selon l&rsquo;ONU.<\/p>\n\n\n\n<p>Depuis la r\u00e9cente intensification du conflit, et alors que Kinshasa r\u00e9clame en vain des sanctions internationales contre Kigali, les appels de la communaut\u00e9 internationale \u00e0 une d\u00e9sescalade et \u00e0 un cessez-le-feu se sont multipli\u00e9s, certains pays et l&rsquo;ONU demandant \u00e9galement le retrait des troupes rwandaises de l&rsquo;est de la RDC.<\/p>\n\n\n\n<p><\/p>\n\n\n\n<p>\u00a9 Agence France-Presse<\/p>\n","protected":false},"excerpt":{"rendered":"<p>Addis Ababa, \u00c9thiopie &#8211; Le pr\u00e9sident congolais F\u00e9lix Tshisekedi participera samedi au sommet formel des chefs d&rsquo;Etat de l&rsquo;Union africaine (UA) mais sera absent la veille lors d&rsquo;une r\u00e9union d\u00e9di\u00e9e \u00e0 la crise dans l&rsquo;Est de la RDC, a d\u00e9clar\u00e9 jeudi \u00e0 l&rsquo;AFP la pr\u00e9sidence congolaise. Apr\u00e8s quelques jours d&rsquo;accalmie, le groupe arm\u00e9 M23 et [&hellip;]<\/p>\n","protected":false},"author":10,"featured_media":17047,"comment_status":"open","ping_status":"open","sticky":false,"template":"","format":"standard","meta":{"_acf_changed":false,"om_disable_all_campaigns":false,"_monsterinsights_skip_tracking":false,"_monsterinsights_sitenote_active":false,"_monsterinsights_sitenote_note":"","_monsterinsights_sitenote_category":0,"tdm_status":"","tdm_grid_status":"","_jetpack_newsletter_access":"","_jetpack_dont_email_post_to_subs":false,"_jetpack_newsletter_tier_id":0,"_jetpack_memberships_contains_paywalled_content":false,"_jetpack_memberships_contains_paid_content":false,"footnotes":""},"categories":[1772,1241,2671,1008],"tags":[1635,1636,1074,856,1228,1126,863],"adr_country":[1089],"class_list":{"0":"post-17051","1":"post","2":"type-post","3":"status-publish","4":"format-standard","5":"has-post-thumbnail","7":"category-editors-choice-fr","8":"category-lead-2-fr","9":"category-news-2","10":"category-politics-fr","11":"tag-african-union-fr","12":"tag-au-fr","13":"tag-conflict-fr","14":"tag-congo-fr","15":"tag-dr-congo-fr","16":"tag-drc-fr","17":"tag-rwanda-fr","18":"adr_country-d-r-congo"},"acf":{"post_version":""},"yoast_head":"<!-- This site is optimized with the Yoast SEO Premium plugin v26.0 (Yoast SEO v27.4) - https:\/\/yoast.com\/product\/yoast-seo-premium-wordpress\/ -->\n<title>Sommet de l&#039;UA: F\u00e9lix Tshisekedi pr\u00e9sent samedi mais absent vendredi (pr\u00e9sidence) - Africa Daily Report<\/title>\n<meta name=\"robots\" content=\"index, follow, max-snippet:-1, max-image-preview:large, max-video-preview:-1\" \/>\n<link rel=\"canonical\" href=\"https:\/\/africadailyreport.com\/fr\/2025\/02\/13\/congolese-president-to-miss-au-meeting-on-eastern-drc-violence\/\" \/>\n<meta property=\"og:locale\" content=\"fr_FR\" \/>\n<meta property=\"og:type\" content=\"article\" \/>\n<meta property=\"og:title\" content=\"Sommet de l&#039;UA: F\u00e9lix Tshisekedi pr\u00e9sent samedi mais absent vendredi (pr\u00e9sidence)\" \/>\n<meta property=\"og:description\" content=\"Addis Ababa, \u00c9thiopie &#8211; Le pr\u00e9sident congolais F\u00e9lix Tshisekedi participera samedi au sommet formel des chefs d&rsquo;Etat de l&rsquo;Union africaine (UA) mais sera absent la veille lors d&rsquo;une r\u00e9union d\u00e9di\u00e9e \u00e0 la crise dans l&rsquo;Est de la RDC, a d\u00e9clar\u00e9 jeudi \u00e0 l&rsquo;AFP la pr\u00e9sidence congolaise. Apr\u00e8s quelques jours d&rsquo;accalmie, le groupe arm\u00e9 M23 et [&hellip;]\" \/>\n<meta property=\"og:url\" content=\"https:\/\/africadailyreport.com\/fr\/2025\/02\/13\/congolese-president-to-miss-au-meeting-on-eastern-drc-violence\/\" \/>\n<meta property=\"og:site_name\" content=\"Africa Daily Report\" \/>\n<meta property=\"article:publisher\" content=\"https:\/\/www.facebook.com\/africadailyreport\" \/>\n<meta property=\"article:published_time\" content=\"2025-02-13T20:48:22+00:00\" \/>\n<meta property=\"article:modified_time\" content=\"2025-02-13T22:01:17+00:00\" \/>\n<meta property=\"og:image\" content=\"https:\/\/africadailyreport.com\/wp-content\/uploads\/2025\/02\/AFP__20240218__34JM2QN__v2__HighRes__EthiopiaAfricaAuDiplomacy-scaled.jpg\" \/>\n\t<meta property=\"og:image:width\" content=\"1\" \/>\n\t<meta property=\"og:image:height\" content=\"1\" \/>\n\t<meta property=\"og:image:type\" content=\"image\/jpeg\" \/>\n<meta name=\"author\" content=\"ADR\/AFP\" \/>\n<meta name=\"twitter:card\" content=\"summary_large_image\" \/>\n<meta name=\"twitter:creator\" content=\"@adr_africa\" \/>\n<meta name=\"twitter:site\" content=\"@adr_africa\" \/>\n<meta name=\"twitter:label1\" content=\"\u00c9crit par\" \/>\n\t<meta name=\"twitter:data1\" content=\"ADR\/AFP\" \/>\n\t<meta name=\"twitter:label2\" content=\"Dur\u00e9e de lecture estim\u00e9e\" \/>\n\t<meta name=\"twitter:data2\" content=\"3 minutes\" \/>\n<script type=\"application\/ld+json\" class=\"yoast-schema-graph\">{\"@context\":\"https:\\\/\\\/schema.org\",\"@graph\":[{\"@type\":\"Article\",\"@id\":\"https:\\\/\\\/africadailyreport.com\\\/fr\\\/2025\\\/02\\\/13\\\/congolese-president-to-miss-au-meeting-on-eastern-drc-violence\\\/#article\",\"isPartOf\":{\"@id\":\"https:\\\/\\\/africadailyreport.com\\\/fr\\\/2025\\\/02\\\/13\\\/congolese-president-to-miss-au-meeting-on-eastern-drc-violence\\\/\"},\"author\":{\"name\":\"ADR\\\/AFP\",\"@id\":\"https:\\\/\\\/africadailyreport.com\\\/fr\\\/#\\\/schema\\\/person\\\/c44d86d79f5570b3ba4cf70c989843f8\"},\"headline\":\"Sommet de l&rsquo;UA: F\u00e9lix Tshisekedi pr\u00e9sent samedi mais absent vendredi (pr\u00e9sidence)\",\"datePublished\":\"2025-02-13T20:48:22+00:00\",\"dateModified\":\"2025-02-13T22:01:17+00:00\",\"mainEntityOfPage\":{\"@id\":\"https:\\\/\\\/africadailyreport.com\\\/fr\\\/2025\\\/02\\\/13\\\/congolese-president-to-miss-au-meeting-on-eastern-drc-violence\\\/\"},\"wordCount\":474,\"commentCount\":0,\"publisher\":{\"@id\":\"https:\\\/\\\/africadailyreport.com\\\/fr\\\/#organization\"},\"image\":{\"@id\":\"https:\\\/\\\/africadailyreport.com\\\/fr\\\/2025\\\/02\\\/13\\\/congolese-president-to-miss-au-meeting-on-eastern-drc-violence\\\/#primaryimage\"},\"thumbnailUrl\":\"https:\\\/\\\/i0.wp.com\\\/africadailyreport.com\\\/wp-content\\\/uploads\\\/2025\\\/02\\\/AFP__20240218__34JM2QN__v2__HighRes__EthiopiaAfricaAuDiplomacy-scaled.jpg?fit=%2C&ssl=1\",\"keywords\":[\"african union\",\"au\",\"conflict\",\"congo\",\"dr congo\",\"DRC\",\"Rwanda\"],\"articleSection\":[\"Editor&#8217;s Choice\",\"LEAD\",\"News\",\"Politics\"],\"inLanguage\":\"fr-FR\",\"potentialAction\":[{\"@type\":\"CommentAction\",\"name\":\"Comment\",\"target\":[\"https:\\\/\\\/africadailyreport.com\\\/fr\\\/2025\\\/02\\\/13\\\/congolese-president-to-miss-au-meeting-on-eastern-drc-violence\\\/#respond\"]}],\"copyrightYear\":\"2025\",\"copyrightHolder\":{\"@id\":\"https:\\\/\\\/africadailyreport.com\\\/#organization\"}},{\"@type\":\"WebPage\",\"@id\":\"https:\\\/\\\/africadailyreport.com\\\/fr\\\/2025\\\/02\\\/13\\\/congolese-president-to-miss-au-meeting-on-eastern-drc-violence\\\/\",\"url\":\"https:\\\/\\\/africadailyreport.com\\\/fr\\\/2025\\\/02\\\/13\\\/congolese-president-to-miss-au-meeting-on-eastern-drc-violence\\\/\",\"name\":\"Sommet de l'UA: F\u00e9lix Tshisekedi pr\u00e9sent samedi mais absent vendredi (pr\u00e9sidence) - Africa Daily Report\",\"isPartOf\":{\"@id\":\"https:\\\/\\\/africadailyreport.com\\\/fr\\\/#website\"},\"primaryImageOfPage\":{\"@id\":\"https:\\\/\\\/africadailyreport.com\\\/fr\\\/2025\\\/02\\\/13\\\/congolese-president-to-miss-au-meeting-on-eastern-drc-violence\\\/#primaryimage\"},\"image\":{\"@id\":\"https:\\\/\\\/africadailyreport.com\\\/fr\\\/2025\\\/02\\\/13\\\/congolese-president-to-miss-au-meeting-on-eastern-drc-violence\\\/#primaryimage\"},\"thumbnailUrl\":\"https:\\\/\\\/i0.wp.com\\\/africadailyreport.com\\\/wp-content\\\/uploads\\\/2025\\\/02\\\/AFP__20240218__34JM2QN__v2__HighRes__EthiopiaAfricaAuDiplomacy-scaled.jpg?fit=%2C&ssl=1\",\"datePublished\":\"2025-02-13T20:48:22+00:00\",\"dateModified\":\"2025-02-13T22:01:17+00:00\",\"breadcrumb\":{\"@id\":\"https:\\\/\\\/africadailyreport.com\\\/fr\\\/2025\\\/02\\\/13\\\/congolese-president-to-miss-au-meeting-on-eastern-drc-violence\\\/#breadcrumb\"},\"inLanguage\":\"fr-FR\",\"potentialAction\":[{\"@type\":\"ReadAction\",\"target\":[\"https:\\\/\\\/africadailyreport.com\\\/fr\\\/2025\\\/02\\\/13\\\/congolese-president-to-miss-au-meeting-on-eastern-drc-violence\\\/\"]}]},{\"@type\":\"ImageObject\",\"inLanguage\":\"fr-FR\",\"@id\":\"https:\\\/\\\/africadailyreport.com\\\/fr\\\/2025\\\/02\\\/13\\\/congolese-president-to-miss-au-meeting-on-eastern-drc-violence\\\/#primaryimage\",\"url\":\"https:\\\/\\\/i0.wp.com\\\/africadailyreport.com\\\/wp-content\\\/uploads\\\/2025\\\/02\\\/AFP__20240218__34JM2QN__v2__HighRes__EthiopiaAfricaAuDiplomacy-scaled.jpg?fit=%2C&ssl=1\",\"contentUrl\":\"https:\\\/\\\/i0.wp.com\\\/africadailyreport.com\\\/wp-content\\\/uploads\\\/2025\\\/02\\\/AFP__20240218__34JM2QN__v2__HighRes__EthiopiaAfricaAuDiplomacy-scaled.jpg?fit=%2C&ssl=1\",\"caption\":\"A security guard stands next to an AU logo at the entrance of the main plenary hall during the second day of the 37th Ordinary Session of the Assembly of the African Union (AU) at the AU headquarters in Addis Ababa on February 18, 2024. (Photo by Michele Spatari \\\/ AFP)\"},{\"@type\":\"BreadcrumbList\",\"@id\":\"https:\\\/\\\/africadailyreport.com\\\/fr\\\/2025\\\/02\\\/13\\\/congolese-president-to-miss-au-meeting-on-eastern-drc-violence\\\/#breadcrumb\",\"itemListElement\":[{\"@type\":\"ListItem\",\"position\":1,\"name\":\"Home\",\"item\":\"https:\\\/\\\/africadailyreport.com\\\/fr\\\/\"},{\"@type\":\"ListItem\",\"position\":2,\"name\":\"Sommet de l&#8217;UA: F\u00e9lix Tshisekedi pr\u00e9sent samedi mais absent vendredi (pr\u00e9sidence)\"}]},{\"@type\":\"WebSite\",\"@id\":\"https:\\\/\\\/africadailyreport.com\\\/fr\\\/#website\",\"url\":\"https:\\\/\\\/africadailyreport.com\\\/fr\\\/\",\"name\":\"Africa Daily Report\",\"description\":\"\",\"publisher\":{\"@id\":\"https:\\\/\\\/africadailyreport.com\\\/fr\\\/#organization\"},\"potentialAction\":[{\"@type\":\"SearchAction\",\"target\":{\"@type\":\"EntryPoint\",\"urlTemplate\":\"https:\\\/\\\/africadailyreport.com\\\/fr\\\/?s={search_term_string}\"},\"query-input\":{\"@type\":\"PropertyValueSpecification\",\"valueRequired\":true,\"valueName\":\"search_term_string\"}}],\"inLanguage\":\"fr-FR\"},{\"@type\":\"Organization\",\"@id\":\"https:\\\/\\\/africadailyreport.com\\\/fr\\\/#organization\",\"name\":\"Africa Daily Report\",\"url\":\"https:\\\/\\\/africadailyreport.com\\\/fr\\\/\",\"logo\":{\"@type\":\"ImageObject\",\"inLanguage\":\"fr-FR\",\"@id\":\"https:\\\/\\\/africadailyreport.com\\\/fr\\\/#\\\/schema\\\/logo\\\/image\\\/\",\"url\":\"https:\\\/\\\/africadailyreport.com\\\/wp-content\\\/uploads\\\/2024\\\/09\\\/ADR-Transparent-Green-Logo-1.png\",\"contentUrl\":\"https:\\\/\\\/africadailyreport.com\\\/wp-content\\\/uploads\\\/2024\\\/09\\\/ADR-Transparent-Green-Logo-1.png\",\"width\":267,\"height\":185,\"caption\":\"Africa Daily Report\"},\"image\":{\"@id\":\"https:\\\/\\\/africadailyreport.com\\\/fr\\\/#\\\/schema\\\/logo\\\/image\\\/\"},\"sameAs\":[\"https:\\\/\\\/www.facebook.com\\\/africadailyreport\",\"https:\\\/\\\/x.com\\\/adr_africa\",\"https:\\\/\\\/www.youtube.com\\\/@africadailyreport\",\"https:\\\/\\\/instagram.com\\\/africadailyreport\"]},{\"@type\":\"Person\",\"@id\":\"https:\\\/\\\/africadailyreport.com\\\/fr\\\/#\\\/schema\\\/person\\\/c44d86d79f5570b3ba4cf70c989843f8\",\"name\":\"ADR\\\/AFP\",\"image\":{\"@type\":\"ImageObject\",\"inLanguage\":\"fr-FR\",\"@id\":\"https:\\\/\\\/secure.gravatar.com\\\/avatar\\\/2fbdc3782aa386b408fd9a36f0bc78ee569c94a7a05670cab3a1d72916408214?s=96&d=mm&r=g\",\"url\":\"https:\\\/\\\/secure.gravatar.com\\\/avatar\\\/2fbdc3782aa386b408fd9a36f0bc78ee569c94a7a05670cab3a1d72916408214?s=96&d=mm&r=g\",\"contentUrl\":\"https:\\\/\\\/secure.gravatar.com\\\/avatar\\\/2fbdc3782aa386b408fd9a36f0bc78ee569c94a7a05670cab3a1d72916408214?s=96&d=mm&r=g\",\"caption\":\"ADR\\\/AFP\"},\"sameAs\":[\"http:\\\/\\\/africadailyreport.com\"],\"url\":\"https:\\\/\\\/africadailyreport.com\\\/fr\\\/author\\\/both\\\/\"}]}<\/script>\n<!-- \/ Yoast SEO Premium plugin. -->","yoast_head_json":{"title":"Sommet de l'UA: F\u00e9lix Tshisekedi pr\u00e9sent samedi mais absent vendredi (pr\u00e9sidence) - Africa Daily Report","robots":{"index":"index","follow":"follow","max-snippet":"max-snippet:-1","max-image-preview":"max-image-preview:large","max-video-preview":"max-video-preview:-1"},"canonical":"https:\/\/africadailyreport.com\/fr\/2025\/02\/13\/congolese-president-to-miss-au-meeting-on-eastern-drc-violence\/","og_locale":"fr_FR","og_type":"article","og_title":"Sommet de l'UA: F\u00e9lix Tshisekedi pr\u00e9sent samedi mais absent vendredi (pr\u00e9sidence)","og_description":"Addis Ababa, \u00c9thiopie &#8211; Le pr\u00e9sident congolais F\u00e9lix Tshisekedi participera samedi au sommet formel des chefs d&rsquo;Etat de l&rsquo;Union africaine (UA) mais sera absent la veille lors d&rsquo;une r\u00e9union d\u00e9di\u00e9e \u00e0 la crise dans l&rsquo;Est de la RDC, a d\u00e9clar\u00e9 jeudi \u00e0 l&rsquo;AFP la pr\u00e9sidence congolaise. Apr\u00e8s quelques jours d&rsquo;accalmie, le groupe arm\u00e9 M23 et [&hellip;]","og_url":"https:\/\/africadailyreport.com\/fr\/2025\/02\/13\/congolese-president-to-miss-au-meeting-on-eastern-drc-violence\/","og_site_name":"Africa Daily Report","article_publisher":"https:\/\/www.facebook.com\/africadailyreport","article_published_time":"2025-02-13T20:48:22+00:00","article_modified_time":"2025-02-13T22:01:17+00:00","og_image":[{"url":"https:\/\/africadailyreport.com\/wp-content\/uploads\/2025\/02\/AFP__20240218__34JM2QN__v2__HighRes__EthiopiaAfricaAuDiplomacy-scaled.jpg","width":1,"height":1,"type":"image\/jpeg"}],"author":"ADR\/AFP","twitter_card":"summary_large_image","twitter_creator":"@adr_africa","twitter_site":"@adr_africa","twitter_misc":{"\u00c9crit par":"ADR\/AFP","Dur\u00e9e de lecture estim\u00e9e":"3 minutes"},"schema":{"@context":"https:\/\/schema.org","@graph":[{"@type":"Article","@id":"https:\/\/africadailyreport.com\/fr\/2025\/02\/13\/congolese-president-to-miss-au-meeting-on-eastern-drc-violence\/#article","isPartOf":{"@id":"https:\/\/africadailyreport.com\/fr\/2025\/02\/13\/congolese-president-to-miss-au-meeting-on-eastern-drc-violence\/"},"author":{"name":"ADR\/AFP","@id":"https:\/\/africadailyreport.com\/fr\/#\/schema\/person\/c44d86d79f5570b3ba4cf70c989843f8"},"headline":"Sommet de l&rsquo;UA: F\u00e9lix Tshisekedi pr\u00e9sent samedi mais absent vendredi (pr\u00e9sidence)","datePublished":"2025-02-13T20:48:22+00:00","dateModified":"2025-02-13T22:01:17+00:00","mainEntityOfPage":{"@id":"https:\/\/africadailyreport.com\/fr\/2025\/02\/13\/congolese-president-to-miss-au-meeting-on-eastern-drc-violence\/"},"wordCount":474,"commentCount":0,"publisher":{"@id":"https:\/\/africadailyreport.com\/fr\/#organization"},"image":{"@id":"https:\/\/africadailyreport.com\/fr\/2025\/02\/13\/congolese-president-to-miss-au-meeting-on-eastern-drc-violence\/#primaryimage"},"thumbnailUrl":"https:\/\/i0.wp.com\/africadailyreport.com\/wp-content\/uploads\/2025\/02\/AFP__20240218__34JM2QN__v2__HighRes__EthiopiaAfricaAuDiplomacy-scaled.jpg?fit=%2C&ssl=1","keywords":["african union","au","conflict","congo","dr congo","DRC","Rwanda"],"articleSection":["Editor&#8217;s Choice","LEAD","News","Politics"],"inLanguage":"fr-FR","potentialAction":[{"@type":"CommentAction","name":"Comment","target":["https:\/\/africadailyreport.com\/fr\/2025\/02\/13\/congolese-president-to-miss-au-meeting-on-eastern-drc-violence\/#respond"]}],"copyrightYear":"2025","copyrightHolder":{"@id":"https:\/\/africadailyreport.com\/#organization"}},{"@type":"WebPage","@id":"https:\/\/africadailyreport.com\/fr\/2025\/02\/13\/congolese-president-to-miss-au-meeting-on-eastern-drc-violence\/","url":"https:\/\/africadailyreport.com\/fr\/2025\/02\/13\/congolese-president-to-miss-au-meeting-on-eastern-drc-violence\/","name":"Sommet de l'UA: F\u00e9lix Tshisekedi pr\u00e9sent samedi mais absent vendredi (pr\u00e9sidence) - Africa Daily Report","isPartOf":{"@id":"https:\/\/africadailyreport.com\/fr\/#website"},"primaryImageOfPage":{"@id":"https:\/\/africadailyreport.com\/fr\/2025\/02\/13\/congolese-president-to-miss-au-meeting-on-eastern-drc-violence\/#primaryimage"},"image":{"@id":"https:\/\/africadailyreport.com\/fr\/2025\/02\/13\/congolese-president-to-miss-au-meeting-on-eastern-drc-violence\/#primaryimage"},"thumbnailUrl":"https:\/\/i0.wp.com\/africadailyreport.com\/wp-content\/uploads\/2025\/02\/AFP__20240218__34JM2QN__v2__HighRes__EthiopiaAfricaAuDiplomacy-scaled.jpg?fit=%2C&ssl=1","datePublished":"2025-02-13T20:48:22+00:00","dateModified":"2025-02-13T22:01:17+00:00","breadcrumb":{"@id":"https:\/\/africadailyreport.com\/fr\/2025\/02\/13\/congolese-president-to-miss-au-meeting-on-eastern-drc-violence\/#breadcrumb"},"inLanguage":"fr-FR","potentialAction":[{"@type":"ReadAction","target":["https:\/\/africadailyreport.com\/fr\/2025\/02\/13\/congolese-president-to-miss-au-meeting-on-eastern-drc-violence\/"]}]},{"@type":"ImageObject","inLanguage":"fr-FR","@id":"https:\/\/africadailyreport.com\/fr\/2025\/02\/13\/congolese-president-to-miss-au-meeting-on-eastern-drc-violence\/#primaryimage","url":"https:\/\/i0.wp.com\/africadailyreport.com\/wp-content\/uploads\/2025\/02\/AFP__20240218__34JM2QN__v2__HighRes__EthiopiaAfricaAuDiplomacy-scaled.jpg?fit=%2C&ssl=1","contentUrl":"https:\/\/i0.wp.com\/africadailyreport.com\/wp-content\/uploads\/2025\/02\/AFP__20240218__34JM2QN__v2__HighRes__EthiopiaAfricaAuDiplomacy-scaled.jpg?fit=%2C&ssl=1","caption":"A security guard stands next to an AU logo at the entrance of the main plenary hall during the second day of the 37th Ordinary Session of the Assembly of the African Union (AU) at the AU headquarters in Addis Ababa on February 18, 2024. (Photo by Michele Spatari \/ AFP)"},{"@type":"BreadcrumbList","@id":"https:\/\/africadailyreport.com\/fr\/2025\/02\/13\/congolese-president-to-miss-au-meeting-on-eastern-drc-violence\/#breadcrumb","itemListElement":[{"@type":"ListItem","position":1,"name":"Home","item":"https:\/\/africadailyreport.com\/fr\/"},{"@type":"ListItem","position":2,"name":"Sommet de l&#8217;UA: F\u00e9lix Tshisekedi pr\u00e9sent samedi mais absent vendredi (pr\u00e9sidence)"}]},{"@type":"WebSite","@id":"https:\/\/africadailyreport.com\/fr\/#website","url":"https:\/\/africadailyreport.com\/fr\/","name":"Africa Daily Report","description":"","publisher":{"@id":"https:\/\/africadailyreport.com\/fr\/#organization"},"potentialAction":[{"@type":"SearchAction","target":{"@type":"EntryPoint","urlTemplate":"https:\/\/africadailyreport.com\/fr\/?s={search_term_string}"},"query-input":{"@type":"PropertyValueSpecification","valueRequired":true,"valueName":"search_term_string"}}],"inLanguage":"fr-FR"},{"@type":"Organization","@id":"https:\/\/africadailyreport.com\/fr\/#organization","name":"Africa Daily Report","url":"https:\/\/africadailyreport.com\/fr\/","logo":{"@type":"ImageObject","inLanguage":"fr-FR","@id":"https:\/\/africadailyreport.com\/fr\/#\/schema\/logo\/image\/","url":"https:\/\/africadailyreport.com\/wp-content\/uploads\/2024\/09\/ADR-Transparent-Green-Logo-1.png","contentUrl":"https:\/\/africadailyreport.com\/wp-content\/uploads\/2024\/09\/ADR-Transparent-Green-Logo-1.png","width":267,"height":185,"caption":"Africa Daily Report"},"image":{"@id":"https:\/\/africadailyreport.com\/fr\/#\/schema\/logo\/image\/"},"sameAs":["https:\/\/www.facebook.com\/africadailyreport","https:\/\/x.com\/adr_africa","https:\/\/www.youtube.com\/@africadailyreport","https:\/\/instagram.com\/africadailyreport"]},{"@type":"Person","@id":"https:\/\/africadailyreport.com\/fr\/#\/schema\/person\/c44d86d79f5570b3ba4cf70c989843f8","name":"ADR\/AFP","image":{"@type":"ImageObject","inLanguage":"fr-FR","@id":"https:\/\/secure.gravatar.com\/avatar\/2fbdc3782aa386b408fd9a36f0bc78ee569c94a7a05670cab3a1d72916408214?s=96&d=mm&r=g","url":"https:\/\/secure.gravatar.com\/avatar\/2fbdc3782aa386b408fd9a36f0bc78ee569c94a7a05670cab3a1d72916408214?s=96&d=mm&r=g","contentUrl":"https:\/\/secure.gravatar.com\/avatar\/2fbdc3782aa386b408fd9a36f0bc78ee569c94a7a05670cab3a1d72916408214?s=96&d=mm&r=g","caption":"ADR\/AFP"},"sameAs":["http:\/\/africadailyreport.com"],"url":"https:\/\/africadailyreport.com\/fr\/author\/both\/"}]}},"jetpack_featured_media_url":"https:\/\/i0.wp.com\/africadailyreport.com\/wp-content\/uploads\/2025\/02\/AFP__20240218__34JM2QN__v2__HighRes__EthiopiaAfricaAuDiplomacy-scaled.jpg?fit=%2C&ssl=1","jetpack_sharing_enabled":true,"amp_enabled":true,"_links":{"self":[{"href":"https:\/\/africadailyreport.com\/fr\/wp-json\/wp\/v2\/posts\/17051","targetHints":{"allow":["GET"]}}],"collection":[{"href":"https:\/\/africadailyreport.com\/fr\/wp-json\/wp\/v2\/posts"}],"about":[{"href":"https:\/\/africadailyreport.com\/fr\/wp-json\/wp\/v2\/types\/post"}],"author":[{"embeddable":true,"href":"https:\/\/africadailyreport.com\/fr\/wp-json\/wp\/v2\/users\/10"}],"replies":[{"embeddable":true,"href":"https:\/\/africadailyreport.com\/fr\/wp-json\/wp\/v2\/comments?post=17051"}],"version-history":[{"count":4,"href":"https:\/\/africadailyreport.com\/fr\/wp-json\/wp\/v2\/posts\/17051\/revisions"}],"predecessor-version":[{"id":17059,"href":"https:\/\/africadailyreport.com\/fr\/wp-json\/wp\/v2\/posts\/17051\/revisions\/17059"}],"wp:featuredmedia":[{"embeddable":true,"href":"https:\/\/africadailyreport.com\/fr\/wp-json\/wp\/v2\/media\/17047"}],"wp:attachment":[{"href":"https:\/\/africadailyreport.com\/fr\/wp-json\/wp\/v2\/media?parent=17051"}],"wp:term":[{"taxonomy":"category","embeddable":true,"href":"https:\/\/africadailyreport.com\/fr\/wp-json\/wp\/v2\/categories?post=17051"},{"taxonomy":"post_tag","embeddable":true,"href":"https:\/\/africadailyreport.com\/fr\/wp-json\/wp\/v2\/tags?post=17051"},{"taxonomy":"adr_country","embeddable":true,"href":"https:\/\/africadailyreport.com\/fr\/wp-json\/wp\/v2\/adr_country?post=17051"}],"curies":[{"name":"wp","href":"https:\/\/api.w.org\/{rel}","templated":true}]}}