{"id":17028,"date":"2025-02-11T01:23:59","date_gmt":"2025-02-11T01:23:59","guid":{"rendered":"https:\/\/africadailyreport.com\/2025\/02\/11\/uneasy-calm-in-east-drc-after-regional-ceasefire-appeal\/"},"modified":"2025-02-11T01:29:54","modified_gmt":"2025-02-11T01:29:54","slug":"uneasy-calm-in-east-drc-after-regional-ceasefire-appeal","status":"publish","type":"post","link":"https:\/\/africadailyreport.com\/fr\/2025\/02\/11\/uneasy-calm-in-east-drc-after-regional-ceasefire-appeal\/","title":{"rendered":"Est de la RDC: deuxi\u00e8me jour d&rsquo;accalmie apr\u00e8s un appel r\u00e9gional \u00e0 un cessez-le-feu"},"content":{"rendered":"\n<h2 class=\"wp-block-heading\" id=\"h-bukavu-rd-congo-la-province-du-sud-kivu-connait-lundi-son-deuxieme-jour-d-accalmie-dans-les-combats-opposant-le-m23-et-ses-allies-rwandais-aux-forces-congolaises-apres-un-appel-regional-a-un-cessez-le-feu-dans-l-est-de-la-rdc\"><strong><em>Bukavu,\u00a0RD Congo &#8211; <\/em><\/strong>La province du Sud-Kivu conna\u00eet lundi son deuxi\u00e8me jour d&rsquo;accalmie dans les combats opposant le M23 et ses alli\u00e9s rwandais aux forces congolaises, apr\u00e8s un appel r\u00e9gional \u00e0 un cessez-le-feu dans l&rsquo;est de la RDC.<\/h2>\n\n\n\n\n\n<p>La province du Sud-Kivu conna\u00eet lundi son deuxi\u00e8me jour d&rsquo;accalmie dans les combats opposant le M23 et ses alli\u00e9s rwandais aux forces congolaises, apr\u00e8s un appel r\u00e9gional \u00e0 un cessez-le-feu dans l&rsquo;est de la RDC.<\/p>\n\n\n\n<p>Les dirigeants d&rsquo;Afrique de l&rsquo;Est et d&rsquo;Afrique australe, r\u00e9unis en sommet samedi en Tanzanie, ont appel\u00e9 \u00e0 un \u00ab\u00a0cessez-le-feu imm\u00e9diat et inconditionnel\u00a0\u00bb dans l&rsquo;est de cet immense pays, une r\u00e9gion ravag\u00e9e par plusieurs d\u00e9cennies de conflit.<\/p>\n\n\n\n<p>Sa mise en oeuvre sous cinq jours a \u00e9t\u00e9 confi\u00e9e aux chefs d&rsquo;\u00e9tat-major de la Communaut\u00e9 des Etats d&rsquo;Afrique de l&rsquo;Est (EAC) et de la Communaut\u00e9 de d\u00e9veloppement de l&rsquo;Afrique australe (SADC).<\/p>\n\n\n\n<p>L&rsquo;Union europ\u00e9enne a salu\u00e9 les annonces des dirigeants r\u00e9gionaux \u00e0 l&rsquo;issue de ce sommet, dont le communiqu\u00e9 final ne fait aucune mention directe au Rwanda.<\/p>\n\n\n\n<p>Kinshasa, qui a accus\u00e9 Kigali de lui avoir \u00ab\u00a0d\u00e9clar\u00e9 la guerre\u00a0\u00bb en envoyant des renforts avec lesquels le M23 s&rsquo;est empar\u00e9 fin janvier de Goma, principale ville de l&rsquo;est congolais, r\u00e9clame en vain des sanctions internationales contre Kigali.<\/p>\n\n\n\n<p>Lundi \u00e0 la mi-journ\u00e9e, le front \u00e9tait calme apr\u00e8s d&rsquo;intenses combats samedi \u00e0 une soixantaine de kilom\u00e8tres de Bukavu, la capitale provinciale du Sud-Kivu, vers lequel le M23 et ses alli\u00e9s rwandais ont continu\u00e9 d&rsquo;avancer apr\u00e8s avoir pris Goma, selon des sources s\u00e9curitaires et locales.<\/p>\n\n\n\n<p>En Europe, l&rsquo;Allemagne reste toutefois \u00ab\u00a0profond\u00e9ment pr\u00e9occup\u00e9e par une \u00e9ventuelle avanc\u00e9e\u00a0\u00bb des deux alli\u00e9s vers Bukavu et par \u00ab\u00a0la menace de nouveaux combats et de nouvelles souffrances indescriptibles pour la population de la r\u00e9gion\u00a0\u00bb, a d\u00e9clar\u00e9 lundi un porte-parole du minist\u00e8re allemand des Affaires \u00e9trang\u00e8res, Sebastian Fischer, lors d&rsquo;une conf\u00e9rence de presse.<\/p>\n\n\n\n<p>A Bukavu, quelques \u00e9l\u00e8ves ont n\u00e9anmoins repris lundi le chemin de l&rsquo;\u00e9cole, a constat\u00e9 l&rsquo;AFP, apr\u00e8s plusieurs jours d&rsquo;angoisse sur l&rsquo;imminence d&rsquo;une attaque du M23 et ses alli\u00e9s rwandais.<\/p>\n\n\n\n<p>Vendredi, des \u00e9coles et banques avaient \u00e9t\u00e9 ferm\u00e9es par pr\u00e9caution, des commer\u00e7ants avaient stock\u00e9 leurs marchandises par crainte de pillages, et des habitants avaient commenc\u00e9 \u00e0 fuir cette ville d&rsquo;un million d&rsquo;habitants.<\/p>\n\n\n\n<h2 class=\"wp-block-heading\">&#8211; \u00ab\u00a0Actes ignobles\u00a0\u00bb &#8211;<\/h2>\n\n\n\n<p>Toujours \u00e0 Bukavu, un proc\u00e8s s&rsquo;est ouvert lundi devant le tribunal militaire pour juger quelque 80 soldats des forces arm\u00e9es congolaises (FARDC) accus\u00e9s de \u00ab\u00a0meurtre, viol, dissipation de munitions de guerre, fuite devant l&rsquo;ennemi, pillage, r\u00e9volte et perte d&rsquo;armes\u00a0\u00bb.<\/p>\n\n\n\n<p>\u00ab\u00a0Ils ont commis des actes ignobles \u00e0 l&rsquo;\u00e9gard de la population, ce qui est contraire \u00e0 la mission et la confiance plac\u00e9es en eux, qui est la sauvegarde de la souverainet\u00e9 et la protection de la population\u00a0\u00bb, a martel\u00e9 le major colonel J\u00e9r\u00f4me Bayawa, repr\u00e9sentant du minist\u00e8re public pr\u00e8s la cour militaire du Sud-Kivu.<\/p>\n\n\n\n<p>La plupart de ces militaires, parmi lesquels un sergent et un caporal mais aussi de nombreuses jeunes recrues, ont \u00e9t\u00e9 arr\u00eat\u00e9s \u00e0 l&rsquo;a\u00e9roport de Kavumu, a ajout\u00e9 J\u00e9r\u00f4me Bayawa.<\/p>\n\n\n\n<p>Cet a\u00e9roport militaire, utilis\u00e9 pour acheminer des renforts en hommes et mat\u00e9riel sur le front, est le dernier verrou tenu par les forces congolaises avant Bukavu, situ\u00e9e \u00e0 une trentaine de km.<\/p>\n\n\n\n<p>Au cours du week-end, plusieurs civils ont \u00e9t\u00e9 tu\u00e9s dans des circonstances encore ind\u00e9termin\u00e9es \u00e0 Kavumu et dans ses environs.<\/p>\n\n\n\n<p>Le conflit qui oppose le M23 et ses alli\u00e9s \u00e0 l&rsquo;arm\u00e9e congolaise dure depuis plus de trois ans et s&rsquo;est acc\u00e9l\u00e9r\u00e9 ces derni\u00e8res semaines.<\/p>\n\n\n\n<p>Kinshasa accuse Kigali de vouloir piller ses ressources naturelles. Le Rwanda nie et d\u00e9nonce la menace dans l&rsquo;est de la RDC de groupes arm\u00e9s qui lui sont hostiles, notamment&nbsp;ceux cr\u00e9\u00e9s par d&rsquo;ex-responsables hutu du g\u00e9nocide des Tutsi au Rwanda en 1994.<\/p>\n\n\n\n<p>Goma, capitale de la province du Nord-Kivu, a \u00e9t\u00e9 prise fin janvier par le M23 et ses alli\u00e9s rwandais, apr\u00e8s des combats qui ont fait au moins 2.900 morts selon l&rsquo;ONU.<\/p>\n\n\n\n<p>Depuis, le M23 a commenc\u00e9 \u00e0 installer sa propre administration et commenc\u00e9 \u00e0 recruter pour recr\u00e9er notamment une police dans cette ville qui comptait en janvier plus d&rsquo;un million d&rsquo;habitants et presque autant de d\u00e9plac\u00e9s, venus notamment de zones prises par le M23.<\/p>\n\n\n\n<p>La plupart des camps de d\u00e9plac\u00e9s se sont depuis vid\u00e9s, et le M23 a donn\u00e9 lundi trois jours aux derniers d\u00e9plac\u00e9s pour partir, a appris l&rsquo;AFP aupr\u00e8s de plusieurs responsables de camps.<\/p>\n\n\n\n<p>Vendredi, Le Conseil des droits de l&rsquo;homme de l&rsquo;ONU a annonc\u00e9 lancer une enqu\u00eate sur les nombreuses exactions, dont des viols et cas d&rsquo;esclavage sexuel, rapport\u00e9es dans le cadre du conflit dans l&rsquo;est de la RDC et concernant l&rsquo;ensemble des parties.<\/p>\n\n\n\n<p><\/p>\n\n\n\n<p>\u00a9 Agence France-Presse<\/p>\n","protected":false},"excerpt":{"rendered":"<p>Bukavu,\u00a0RD Congo &#8211; La province du Sud-Kivu conna\u00eet lundi son deuxi\u00e8me jour d&rsquo;accalmie dans les combats opposant le M23 et ses alli\u00e9s rwandais aux forces congolaises, apr\u00e8s un appel r\u00e9gional \u00e0 un cessez-le-feu dans l&rsquo;est de la RDC. La province du Sud-Kivu conna\u00eet lundi son deuxi\u00e8me jour d&rsquo;accalmie dans les combats opposant le M23 et [&hellip;]<\/p>\n","protected":false},"author":10,"featured_media":17025,"comment_status":"open","ping_status":"open","sticky":false,"template":"","format":"standard","meta":{"_acf_changed":false,"om_disable_all_campaigns":false,"_monsterinsights_skip_tracking":false,"_monsterinsights_sitenote_active":false,"_monsterinsights_sitenote_note":"","_monsterinsights_sitenote_category":0,"tdm_status":"","tdm_grid_status":"","_jetpack_newsletter_access":"","_jetpack_dont_email_post_to_subs":false,"_jetpack_newsletter_tier_id":0,"_jetpack_memberships_contains_paywalled_content":false,"_jetpack_memberships_contains_paid_content":false,"footnotes":""},"categories":[293],"tags":[2440,856,1126,2705,861,863],"adr_country":[1089,1667,1083],"class_list":{"0":"post-17028","1":"post","2":"type-post","3":"status-publish","4":"format-standard","5":"has-post-thumbnail","7":"category-actualites-fr","8":"tag-bukavu-fr","9":"tag-congo-fr","10":"tag-drc-fr","11":"tag-east-congo-fr","12":"tag-m23-fr","13":"tag-rwanda-fr","14":"adr_country-d-r-congo","15":"adr_country-rd-congo-fr","16":"adr_country-rwanda"},"acf":{"post_version":""},"yoast_head":"<!-- This site is optimized with the Yoast SEO Premium plugin v26.0 (Yoast SEO v27.4) - https:\/\/yoast.com\/product\/yoast-seo-premium-wordpress\/ -->\n<title>Est de la RDC: deuxi\u00e8me jour d&#039;accalmie apr\u00e8s un appel r\u00e9gional \u00e0 un cessez-le-feu - Africa Daily Report<\/title>\n<meta name=\"robots\" content=\"index, follow, max-snippet:-1, max-image-preview:large, max-video-preview:-1\" \/>\n<link rel=\"canonical\" href=\"https:\/\/africadailyreport.com\/fr\/2025\/02\/11\/uneasy-calm-in-east-drc-after-regional-ceasefire-appeal\/\" \/>\n<meta property=\"og:locale\" content=\"fr_FR\" \/>\n<meta property=\"og:type\" content=\"article\" \/>\n<meta property=\"og:title\" content=\"Est de la RDC: deuxi\u00e8me jour d&#039;accalmie apr\u00e8s un appel r\u00e9gional \u00e0 un cessez-le-feu\" \/>\n<meta property=\"og:description\" content=\"Bukavu,\u00a0RD Congo &#8211; La province du Sud-Kivu conna\u00eet lundi son deuxi\u00e8me jour d&rsquo;accalmie dans les combats opposant le M23 et ses alli\u00e9s rwandais aux forces congolaises, apr\u00e8s un appel r\u00e9gional \u00e0 un cessez-le-feu dans l&rsquo;est de la RDC. La province du Sud-Kivu conna\u00eet lundi son deuxi\u00e8me jour d&rsquo;accalmie dans les combats opposant le M23 et [&hellip;]\" \/>\n<meta property=\"og:url\" content=\"https:\/\/africadailyreport.com\/fr\/2025\/02\/11\/uneasy-calm-in-east-drc-after-regional-ceasefire-appeal\/\" \/>\n<meta property=\"og:site_name\" content=\"Africa Daily Report\" \/>\n<meta property=\"article:publisher\" content=\"https:\/\/www.facebook.com\/africadailyreport\" \/>\n<meta property=\"article:published_time\" content=\"2025-02-11T01:23:59+00:00\" \/>\n<meta property=\"article:modified_time\" content=\"2025-02-11T01:29:54+00:00\" \/>\n<meta property=\"og:image\" content=\"https:\/\/africadailyreport.com\/wp-content\/uploads\/2025\/02\/South-africa-Dr-congo-scaled.jpg\" \/>\n\t<meta property=\"og:image:width\" content=\"2560\" \/>\n\t<meta property=\"og:image:height\" content=\"1707\" \/>\n\t<meta property=\"og:image:type\" content=\"image\/jpeg\" \/>\n<meta name=\"author\" content=\"ADR\/AFP\" \/>\n<meta name=\"twitter:card\" content=\"summary_large_image\" \/>\n<meta name=\"twitter:creator\" content=\"@adr_africa\" \/>\n<meta name=\"twitter:site\" content=\"@adr_africa\" \/>\n<meta name=\"twitter:label1\" content=\"\u00c9crit par\" \/>\n\t<meta name=\"twitter:data1\" content=\"ADR\/AFP\" \/>\n\t<meta name=\"twitter:label2\" content=\"Dur\u00e9e de lecture estim\u00e9e\" \/>\n\t<meta name=\"twitter:data2\" content=\"4 minutes\" \/>\n<script type=\"application\/ld+json\" class=\"yoast-schema-graph\">{\"@context\":\"https:\\\/\\\/schema.org\",\"@graph\":[{\"@type\":\"Article\",\"@id\":\"https:\\\/\\\/africadailyreport.com\\\/fr\\\/2025\\\/02\\\/11\\\/uneasy-calm-in-east-drc-after-regional-ceasefire-appeal\\\/#article\",\"isPartOf\":{\"@id\":\"https:\\\/\\\/africadailyreport.com\\\/fr\\\/2025\\\/02\\\/11\\\/uneasy-calm-in-east-drc-after-regional-ceasefire-appeal\\\/\"},\"author\":{\"name\":\"ADR\\\/AFP\",\"@id\":\"https:\\\/\\\/africadailyreport.com\\\/fr\\\/#\\\/schema\\\/person\\\/c44d86d79f5570b3ba4cf70c989843f8\"},\"headline\":\"Est de la RDC: deuxi\u00e8me jour d&rsquo;accalmie apr\u00e8s un appel r\u00e9gional \u00e0 un cessez-le-feu\",\"datePublished\":\"2025-02-11T01:23:59+00:00\",\"dateModified\":\"2025-02-11T01:29:54+00:00\",\"mainEntityOfPage\":{\"@id\":\"https:\\\/\\\/africadailyreport.com\\\/fr\\\/2025\\\/02\\\/11\\\/uneasy-calm-in-east-drc-after-regional-ceasefire-appeal\\\/\"},\"wordCount\":887,\"commentCount\":0,\"publisher\":{\"@id\":\"https:\\\/\\\/africadailyreport.com\\\/fr\\\/#organization\"},\"image\":{\"@id\":\"https:\\\/\\\/africadailyreport.com\\\/fr\\\/2025\\\/02\\\/11\\\/uneasy-calm-in-east-drc-after-regional-ceasefire-appeal\\\/#primaryimage\"},\"thumbnailUrl\":\"https:\\\/\\\/i0.wp.com\\\/africadailyreport.com\\\/wp-content\\\/uploads\\\/2025\\\/02\\\/South-africa-Dr-congo-scaled.jpg?fit=2560%2C1707&ssl=1\",\"keywords\":[\"bukavu\",\"congo\",\"DRC\",\"east congo\",\"m23\",\"Rwanda\"],\"articleSection\":[\"Actualit\u00e9s\"],\"inLanguage\":\"fr-FR\",\"potentialAction\":[{\"@type\":\"CommentAction\",\"name\":\"Comment\",\"target\":[\"https:\\\/\\\/africadailyreport.com\\\/fr\\\/2025\\\/02\\\/11\\\/uneasy-calm-in-east-drc-after-regional-ceasefire-appeal\\\/#respond\"]}],\"copyrightYear\":\"2025\",\"copyrightHolder\":{\"@id\":\"https:\\\/\\\/africadailyreport.com\\\/#organization\"}},{\"@type\":\"WebPage\",\"@id\":\"https:\\\/\\\/africadailyreport.com\\\/fr\\\/2025\\\/02\\\/11\\\/uneasy-calm-in-east-drc-after-regional-ceasefire-appeal\\\/\",\"url\":\"https:\\\/\\\/africadailyreport.com\\\/fr\\\/2025\\\/02\\\/11\\\/uneasy-calm-in-east-drc-after-regional-ceasefire-appeal\\\/\",\"name\":\"Est de la RDC: deuxi\u00e8me jour d'accalmie apr\u00e8s un appel r\u00e9gional \u00e0 un cessez-le-feu - Africa Daily Report\",\"isPartOf\":{\"@id\":\"https:\\\/\\\/africadailyreport.com\\\/fr\\\/#website\"},\"primaryImageOfPage\":{\"@id\":\"https:\\\/\\\/africadailyreport.com\\\/fr\\\/2025\\\/02\\\/11\\\/uneasy-calm-in-east-drc-after-regional-ceasefire-appeal\\\/#primaryimage\"},\"image\":{\"@id\":\"https:\\\/\\\/africadailyreport.com\\\/fr\\\/2025\\\/02\\\/11\\\/uneasy-calm-in-east-drc-after-regional-ceasefire-appeal\\\/#primaryimage\"},\"thumbnailUrl\":\"https:\\\/\\\/i0.wp.com\\\/africadailyreport.com\\\/wp-content\\\/uploads\\\/2025\\\/02\\\/South-africa-Dr-congo-scaled.jpg?fit=2560%2C1707&ssl=1\",\"datePublished\":\"2025-02-11T01:23:59+00:00\",\"dateModified\":\"2025-02-11T01:29:54+00:00\",\"breadcrumb\":{\"@id\":\"https:\\\/\\\/africadailyreport.com\\\/fr\\\/2025\\\/02\\\/11\\\/uneasy-calm-in-east-drc-after-regional-ceasefire-appeal\\\/#breadcrumb\"},\"inLanguage\":\"fr-FR\",\"potentialAction\":[{\"@type\":\"ReadAction\",\"target\":[\"https:\\\/\\\/africadailyreport.com\\\/fr\\\/2025\\\/02\\\/11\\\/uneasy-calm-in-east-drc-after-regional-ceasefire-appeal\\\/\"]}]},{\"@type\":\"ImageObject\",\"inLanguage\":\"fr-FR\",\"@id\":\"https:\\\/\\\/africadailyreport.com\\\/fr\\\/2025\\\/02\\\/11\\\/uneasy-calm-in-east-drc-after-regional-ceasefire-appeal\\\/#primaryimage\",\"url\":\"https:\\\/\\\/i0.wp.com\\\/africadailyreport.com\\\/wp-content\\\/uploads\\\/2025\\\/02\\\/South-africa-Dr-congo-scaled.jpg?fit=2560%2C1707&ssl=1\",\"contentUrl\":\"https:\\\/\\\/i0.wp.com\\\/africadailyreport.com\\\/wp-content\\\/uploads\\\/2025\\\/02\\\/South-africa-Dr-congo-scaled.jpg?fit=2560%2C1707&ssl=1\",\"width\":2560,\"height\":1707,\"caption\":\"A member of the Congolese Community in South Africa waves his national flags outside the Parliament Building in Cape Town on February 7, 2025, during a demonstration to air their grievances against the conflict in the East of Democratic Republic of Congo. South African flags fly at half mast to mark a national week long mourning period for the fourteen South African soldiers killed in the Democratic Republic of Congo (DRC) during ongoing conflict. (Photo by RODGER BOSCH \\\/ AFP)\"},{\"@type\":\"BreadcrumbList\",\"@id\":\"https:\\\/\\\/africadailyreport.com\\\/fr\\\/2025\\\/02\\\/11\\\/uneasy-calm-in-east-drc-after-regional-ceasefire-appeal\\\/#breadcrumb\",\"itemListElement\":[{\"@type\":\"ListItem\",\"position\":1,\"name\":\"Home\",\"item\":\"https:\\\/\\\/africadailyreport.com\\\/fr\\\/\"},{\"@type\":\"ListItem\",\"position\":2,\"name\":\"Est de la RDC: deuxi\u00e8me jour d&#8217;accalmie apr\u00e8s un appel r\u00e9gional \u00e0 un cessez-le-feu\"}]},{\"@type\":\"WebSite\",\"@id\":\"https:\\\/\\\/africadailyreport.com\\\/fr\\\/#website\",\"url\":\"https:\\\/\\\/africadailyreport.com\\\/fr\\\/\",\"name\":\"Africa Daily Report\",\"description\":\"\",\"publisher\":{\"@id\":\"https:\\\/\\\/africadailyreport.com\\\/fr\\\/#organization\"},\"potentialAction\":[{\"@type\":\"SearchAction\",\"target\":{\"@type\":\"EntryPoint\",\"urlTemplate\":\"https:\\\/\\\/africadailyreport.com\\\/fr\\\/?s={search_term_string}\"},\"query-input\":{\"@type\":\"PropertyValueSpecification\",\"valueRequired\":true,\"valueName\":\"search_term_string\"}}],\"inLanguage\":\"fr-FR\"},{\"@type\":\"Organization\",\"@id\":\"https:\\\/\\\/africadailyreport.com\\\/fr\\\/#organization\",\"name\":\"Africa Daily Report\",\"url\":\"https:\\\/\\\/africadailyreport.com\\\/fr\\\/\",\"logo\":{\"@type\":\"ImageObject\",\"inLanguage\":\"fr-FR\",\"@id\":\"https:\\\/\\\/africadailyreport.com\\\/fr\\\/#\\\/schema\\\/logo\\\/image\\\/\",\"url\":\"https:\\\/\\\/africadailyreport.com\\\/wp-content\\\/uploads\\\/2024\\\/09\\\/ADR-Transparent-Green-Logo-1.png\",\"contentUrl\":\"https:\\\/\\\/africadailyreport.com\\\/wp-content\\\/uploads\\\/2024\\\/09\\\/ADR-Transparent-Green-Logo-1.png\",\"width\":267,\"height\":185,\"caption\":\"Africa Daily Report\"},\"image\":{\"@id\":\"https:\\\/\\\/africadailyreport.com\\\/fr\\\/#\\\/schema\\\/logo\\\/image\\\/\"},\"sameAs\":[\"https:\\\/\\\/www.facebook.com\\\/africadailyreport\",\"https:\\\/\\\/x.com\\\/adr_africa\",\"https:\\\/\\\/www.youtube.com\\\/@africadailyreport\",\"https:\\\/\\\/instagram.com\\\/africadailyreport\"]},{\"@type\":\"Person\",\"@id\":\"https:\\\/\\\/africadailyreport.com\\\/fr\\\/#\\\/schema\\\/person\\\/c44d86d79f5570b3ba4cf70c989843f8\",\"name\":\"ADR\\\/AFP\",\"image\":{\"@type\":\"ImageObject\",\"inLanguage\":\"fr-FR\",\"@id\":\"https:\\\/\\\/secure.gravatar.com\\\/avatar\\\/2fbdc3782aa386b408fd9a36f0bc78ee569c94a7a05670cab3a1d72916408214?s=96&d=mm&r=g\",\"url\":\"https:\\\/\\\/secure.gravatar.com\\\/avatar\\\/2fbdc3782aa386b408fd9a36f0bc78ee569c94a7a05670cab3a1d72916408214?s=96&d=mm&r=g\",\"contentUrl\":\"https:\\\/\\\/secure.gravatar.com\\\/avatar\\\/2fbdc3782aa386b408fd9a36f0bc78ee569c94a7a05670cab3a1d72916408214?s=96&d=mm&r=g\",\"caption\":\"ADR\\\/AFP\"},\"sameAs\":[\"http:\\\/\\\/africadailyreport.com\"],\"url\":\"https:\\\/\\\/africadailyreport.com\\\/fr\\\/author\\\/both\\\/\"}]}<\/script>\n<!-- \/ Yoast SEO Premium plugin. -->","yoast_head_json":{"title":"Est de la RDC: deuxi\u00e8me jour d'accalmie apr\u00e8s un appel r\u00e9gional \u00e0 un cessez-le-feu - Africa Daily Report","robots":{"index":"index","follow":"follow","max-snippet":"max-snippet:-1","max-image-preview":"max-image-preview:large","max-video-preview":"max-video-preview:-1"},"canonical":"https:\/\/africadailyreport.com\/fr\/2025\/02\/11\/uneasy-calm-in-east-drc-after-regional-ceasefire-appeal\/","og_locale":"fr_FR","og_type":"article","og_title":"Est de la RDC: deuxi\u00e8me jour d'accalmie apr\u00e8s un appel r\u00e9gional \u00e0 un cessez-le-feu","og_description":"Bukavu,\u00a0RD Congo &#8211; La province du Sud-Kivu conna\u00eet lundi son deuxi\u00e8me jour d&rsquo;accalmie dans les combats opposant le M23 et ses alli\u00e9s rwandais aux forces congolaises, apr\u00e8s un appel r\u00e9gional \u00e0 un cessez-le-feu dans l&rsquo;est de la RDC. La province du Sud-Kivu conna\u00eet lundi son deuxi\u00e8me jour d&rsquo;accalmie dans les combats opposant le M23 et [&hellip;]","og_url":"https:\/\/africadailyreport.com\/fr\/2025\/02\/11\/uneasy-calm-in-east-drc-after-regional-ceasefire-appeal\/","og_site_name":"Africa Daily Report","article_publisher":"https:\/\/www.facebook.com\/africadailyreport","article_published_time":"2025-02-11T01:23:59+00:00","article_modified_time":"2025-02-11T01:29:54+00:00","og_image":[{"width":2560,"height":1707,"url":"https:\/\/africadailyreport.com\/wp-content\/uploads\/2025\/02\/South-africa-Dr-congo-scaled.jpg","type":"image\/jpeg"}],"author":"ADR\/AFP","twitter_card":"summary_large_image","twitter_creator":"@adr_africa","twitter_site":"@adr_africa","twitter_misc":{"\u00c9crit par":"ADR\/AFP","Dur\u00e9e de lecture estim\u00e9e":"4 minutes"},"schema":{"@context":"https:\/\/schema.org","@graph":[{"@type":"Article","@id":"https:\/\/africadailyreport.com\/fr\/2025\/02\/11\/uneasy-calm-in-east-drc-after-regional-ceasefire-appeal\/#article","isPartOf":{"@id":"https:\/\/africadailyreport.com\/fr\/2025\/02\/11\/uneasy-calm-in-east-drc-after-regional-ceasefire-appeal\/"},"author":{"name":"ADR\/AFP","@id":"https:\/\/africadailyreport.com\/fr\/#\/schema\/person\/c44d86d79f5570b3ba4cf70c989843f8"},"headline":"Est de la RDC: deuxi\u00e8me jour d&rsquo;accalmie apr\u00e8s un appel r\u00e9gional \u00e0 un cessez-le-feu","datePublished":"2025-02-11T01:23:59+00:00","dateModified":"2025-02-11T01:29:54+00:00","mainEntityOfPage":{"@id":"https:\/\/africadailyreport.com\/fr\/2025\/02\/11\/uneasy-calm-in-east-drc-after-regional-ceasefire-appeal\/"},"wordCount":887,"commentCount":0,"publisher":{"@id":"https:\/\/africadailyreport.com\/fr\/#organization"},"image":{"@id":"https:\/\/africadailyreport.com\/fr\/2025\/02\/11\/uneasy-calm-in-east-drc-after-regional-ceasefire-appeal\/#primaryimage"},"thumbnailUrl":"https:\/\/i0.wp.com\/africadailyreport.com\/wp-content\/uploads\/2025\/02\/South-africa-Dr-congo-scaled.jpg?fit=2560%2C1707&ssl=1","keywords":["bukavu","congo","DRC","east congo","m23","Rwanda"],"articleSection":["Actualit\u00e9s"],"inLanguage":"fr-FR","potentialAction":[{"@type":"CommentAction","name":"Comment","target":["https:\/\/africadailyreport.com\/fr\/2025\/02\/11\/uneasy-calm-in-east-drc-after-regional-ceasefire-appeal\/#respond"]}],"copyrightYear":"2025","copyrightHolder":{"@id":"https:\/\/africadailyreport.com\/#organization"}},{"@type":"WebPage","@id":"https:\/\/africadailyreport.com\/fr\/2025\/02\/11\/uneasy-calm-in-east-drc-after-regional-ceasefire-appeal\/","url":"https:\/\/africadailyreport.com\/fr\/2025\/02\/11\/uneasy-calm-in-east-drc-after-regional-ceasefire-appeal\/","name":"Est de la RDC: deuxi\u00e8me jour d'accalmie apr\u00e8s un appel r\u00e9gional \u00e0 un cessez-le-feu - Africa Daily Report","isPartOf":{"@id":"https:\/\/africadailyreport.com\/fr\/#website"},"primaryImageOfPage":{"@id":"https:\/\/africadailyreport.com\/fr\/2025\/02\/11\/uneasy-calm-in-east-drc-after-regional-ceasefire-appeal\/#primaryimage"},"image":{"@id":"https:\/\/africadailyreport.com\/fr\/2025\/02\/11\/uneasy-calm-in-east-drc-after-regional-ceasefire-appeal\/#primaryimage"},"thumbnailUrl":"https:\/\/i0.wp.com\/africadailyreport.com\/wp-content\/uploads\/2025\/02\/South-africa-Dr-congo-scaled.jpg?fit=2560%2C1707&ssl=1","datePublished":"2025-02-11T01:23:59+00:00","dateModified":"2025-02-11T01:29:54+00:00","breadcrumb":{"@id":"https:\/\/africadailyreport.com\/fr\/2025\/02\/11\/uneasy-calm-in-east-drc-after-regional-ceasefire-appeal\/#breadcrumb"},"inLanguage":"fr-FR","potentialAction":[{"@type":"ReadAction","target":["https:\/\/africadailyreport.com\/fr\/2025\/02\/11\/uneasy-calm-in-east-drc-after-regional-ceasefire-appeal\/"]}]},{"@type":"ImageObject","inLanguage":"fr-FR","@id":"https:\/\/africadailyreport.com\/fr\/2025\/02\/11\/uneasy-calm-in-east-drc-after-regional-ceasefire-appeal\/#primaryimage","url":"https:\/\/i0.wp.com\/africadailyreport.com\/wp-content\/uploads\/2025\/02\/South-africa-Dr-congo-scaled.jpg?fit=2560%2C1707&ssl=1","contentUrl":"https:\/\/i0.wp.com\/africadailyreport.com\/wp-content\/uploads\/2025\/02\/South-africa-Dr-congo-scaled.jpg?fit=2560%2C1707&ssl=1","width":2560,"height":1707,"caption":"A member of the Congolese Community in South Africa waves his national flags outside the Parliament Building in Cape Town on February 7, 2025, during a demonstration to air their grievances against the conflict in the East of Democratic Republic of Congo. South African flags fly at half mast to mark a national week long mourning period for the fourteen South African soldiers killed in the Democratic Republic of Congo (DRC) during ongoing conflict. (Photo by RODGER BOSCH \/ AFP)"},{"@type":"BreadcrumbList","@id":"https:\/\/africadailyreport.com\/fr\/2025\/02\/11\/uneasy-calm-in-east-drc-after-regional-ceasefire-appeal\/#breadcrumb","itemListElement":[{"@type":"ListItem","position":1,"name":"Home","item":"https:\/\/africadailyreport.com\/fr\/"},{"@type":"ListItem","position":2,"name":"Est de la RDC: deuxi\u00e8me jour d&#8217;accalmie apr\u00e8s un appel r\u00e9gional \u00e0 un cessez-le-feu"}]},{"@type":"WebSite","@id":"https:\/\/africadailyreport.com\/fr\/#website","url":"https:\/\/africadailyreport.com\/fr\/","name":"Africa Daily Report","description":"","publisher":{"@id":"https:\/\/africadailyreport.com\/fr\/#organization"},"potentialAction":[{"@type":"SearchAction","target":{"@type":"EntryPoint","urlTemplate":"https:\/\/africadailyreport.com\/fr\/?s={search_term_string}"},"query-input":{"@type":"PropertyValueSpecification","valueRequired":true,"valueName":"search_term_string"}}],"inLanguage":"fr-FR"},{"@type":"Organization","@id":"https:\/\/africadailyreport.com\/fr\/#organization","name":"Africa Daily Report","url":"https:\/\/africadailyreport.com\/fr\/","logo":{"@type":"ImageObject","inLanguage":"fr-FR","@id":"https:\/\/africadailyreport.com\/fr\/#\/schema\/logo\/image\/","url":"https:\/\/africadailyreport.com\/wp-content\/uploads\/2024\/09\/ADR-Transparent-Green-Logo-1.png","contentUrl":"https:\/\/africadailyreport.com\/wp-content\/uploads\/2024\/09\/ADR-Transparent-Green-Logo-1.png","width":267,"height":185,"caption":"Africa Daily Report"},"image":{"@id":"https:\/\/africadailyreport.com\/fr\/#\/schema\/logo\/image\/"},"sameAs":["https:\/\/www.facebook.com\/africadailyreport","https:\/\/x.com\/adr_africa","https:\/\/www.youtube.com\/@africadailyreport","https:\/\/instagram.com\/africadailyreport"]},{"@type":"Person","@id":"https:\/\/africadailyreport.com\/fr\/#\/schema\/person\/c44d86d79f5570b3ba4cf70c989843f8","name":"ADR\/AFP","image":{"@type":"ImageObject","inLanguage":"fr-FR","@id":"https:\/\/secure.gravatar.com\/avatar\/2fbdc3782aa386b408fd9a36f0bc78ee569c94a7a05670cab3a1d72916408214?s=96&d=mm&r=g","url":"https:\/\/secure.gravatar.com\/avatar\/2fbdc3782aa386b408fd9a36f0bc78ee569c94a7a05670cab3a1d72916408214?s=96&d=mm&r=g","contentUrl":"https:\/\/secure.gravatar.com\/avatar\/2fbdc3782aa386b408fd9a36f0bc78ee569c94a7a05670cab3a1d72916408214?s=96&d=mm&r=g","caption":"ADR\/AFP"},"sameAs":["http:\/\/africadailyreport.com"],"url":"https:\/\/africadailyreport.com\/fr\/author\/both\/"}]}},"jetpack_featured_media_url":"https:\/\/i0.wp.com\/africadailyreport.com\/wp-content\/uploads\/2025\/02\/South-africa-Dr-congo-scaled.jpg?fit=2560%2C1707&ssl=1","jetpack_sharing_enabled":true,"amp_enabled":true,"_links":{"self":[{"href":"https:\/\/africadailyreport.com\/fr\/wp-json\/wp\/v2\/posts\/17028","targetHints":{"allow":["GET"]}}],"collection":[{"href":"https:\/\/africadailyreport.com\/fr\/wp-json\/wp\/v2\/posts"}],"about":[{"href":"https:\/\/africadailyreport.com\/fr\/wp-json\/wp\/v2\/types\/post"}],"author":[{"embeddable":true,"href":"https:\/\/africadailyreport.com\/fr\/wp-json\/wp\/v2\/users\/10"}],"replies":[{"embeddable":true,"href":"https:\/\/africadailyreport.com\/fr\/wp-json\/wp\/v2\/comments?post=17028"}],"version-history":[{"count":4,"href":"https:\/\/africadailyreport.com\/fr\/wp-json\/wp\/v2\/posts\/17028\/revisions"}],"predecessor-version":[{"id":17032,"href":"https:\/\/africadailyreport.com\/fr\/wp-json\/wp\/v2\/posts\/17028\/revisions\/17032"}],"wp:featuredmedia":[{"embeddable":true,"href":"https:\/\/africadailyreport.com\/fr\/wp-json\/wp\/v2\/media\/17025"}],"wp:attachment":[{"href":"https:\/\/africadailyreport.com\/fr\/wp-json\/wp\/v2\/media?parent=17028"}],"wp:term":[{"taxonomy":"category","embeddable":true,"href":"https:\/\/africadailyreport.com\/fr\/wp-json\/wp\/v2\/categories?post=17028"},{"taxonomy":"post_tag","embeddable":true,"href":"https:\/\/africadailyreport.com\/fr\/wp-json\/wp\/v2\/tags?post=17028"},{"taxonomy":"adr_country","embeddable":true,"href":"https:\/\/africadailyreport.com\/fr\/wp-json\/wp\/v2\/adr_country?post=17028"}],"curies":[{"name":"wp","href":"https:\/\/api.w.org\/{rel}","templated":true}]}}