{"id":16891,"date":"2025-02-07T21:45:54","date_gmt":"2025-02-07T21:45:54","guid":{"rendered":"https:\/\/africadailyreport.com\/2025\/02\/07\/dr-congo-conflict-advances-as-un-warns-of-regional-escalation\/"},"modified":"2025-02-08T07:01:35","modified_gmt":"2025-02-08T07:01:35","slug":"dr-congo-conflict-advances-as-un-warns-of-regional-escalation","status":"publish","type":"post","link":"https:\/\/africadailyreport.com\/fr\/2025\/02\/07\/dr-congo-conflict-advances-as-un-warns-of-regional-escalation\/","title":{"rendered":"Est de la RDC: Bukavu se pr\u00e9pare \u00e0 une attaque, enqu\u00eate de l&rsquo;ONU sur des exactions"},"content":{"rendered":"\n<h2 class=\"wp-block-heading\" id=\"h-bukavu-rd-congo-la-capitale-de-la-province-du-sud-kivu-bukavu-se-prepare-vendredi-a-une-attaque-du-m23-et-ses-allies-rwandais-illustrant-une-poursuite-du-conflit-dans-l-est-de-la-rdc-ou-les-nombreuses-allegations-d-exactions-vont-faire-l-objet-d-une-enquete-de-l-onu\">Bukavu,\u00a0RD Congo &#8211; La capitale de la province du Sud-Kivu, Bukavu, se pr\u00e9pare vendredi \u00e0 une attaque du M23 et ses alli\u00e9s rwandais, illustrant une poursuite du conflit dans l&rsquo;est de la RDC o\u00f9 les nombreuses all\u00e9gations d&rsquo;exactions vont faire l&rsquo;objet d&rsquo;une enqu\u00eate de l&rsquo;ONU.<\/h2>\n\n\n\n\n\n<p><\/p>\n\n\n\n<p>Le pr\u00e9sident congolais F\u00e9lix Tshisekedi et son homologue rwandais Paul Kagame doivent participer samedi dans la capitale \u00e9conomique de la Tanzanie \u00e0 un sommet r\u00e9gional extraordinaire, r\u00e9unissant la Communaut\u00e9 des Etats d&rsquo;Afrique de l&rsquo;Est (EAC) et la Communaut\u00e9 de d\u00e9veloppement de l&rsquo;Afrique australe (SADC).<\/p>\n\n\n\n<p>\u00ab\u00a0Nous avons une occasion en or, nous EAC et SADC, pour aider le peuple de la R\u00e9publique d\u00e9mocratique du Congo\u00a0\u00bb, a dit vendredi dans un communiqu\u00e9 le ministre k\u00e9nyan des Affaires \u00e9trang\u00e8res, Musalia Mudavadi, en marge d&rsquo;une r\u00e9union au niveau minist\u00e9riel lors du sommet.<\/p>\n\n\n\n<p>Selon lui, des initiatives de paix urgentes sont aussi cruciales pour l&rsquo;ensemble du continent africain. Il a appel\u00e9 \u00e0 ce titre \u00e0 une fusion des processus de paix initi\u00e9s d&rsquo;une part par le Kenya et d&rsquo;autre part par l&rsquo;Angola.<\/p>\n\n\n\n<p>Kinshasa r\u00e9clame aupr\u00e8s de la communaut\u00e9 internationale des sanctions contre Kigali.<\/p>\n\n\n\n<p>Le conflit, qui dure depuis plus de trois ans, a connu ces derni\u00e8res semaines un fulgurant d\u00e9veloppement qui a culmin\u00e9 avec la r\u00e9cente prise de contr\u00f4le de la capitale provinciale du Nord-Kivu, Goma, par le M23 et les troupes rwandaises.<\/p>\n\n\n\n<p>La province voisine du Sud-Kivu est aujourd&rsquo;hui dans le viseur du groupe arm\u00e9 antigouvernemental et des soldats rwandais, qui affrontent des forces congolaises r\u00e9put\u00e9es mal form\u00e9es et min\u00e9es par la corruption.<\/p>\n\n\n\n<p>Le Conseil des droits de l&rsquo;homme de l&rsquo;ONU a donn\u00e9 son feu vert vendredi \u00e0 l&rsquo;ouverture d&rsquo;une enqu\u00eate sur les exactions commises dans l&rsquo;est, au cours d&rsquo;un conflit qui a fait depuis le 26 janvier pr\u00e8s de 3.000 morts.<\/p>\n\n\n\n<p>\u00ab\u00a0Une mission d&rsquo;\u00e9tablissement des faits\u00a0\u00bb doit rapidement \u00eatre mont\u00e9e par le chef des droits de l&rsquo;homme de l&rsquo;ONU, Volker T\u00fcrk, et devra pr\u00e9senter un rapport complet d\u00e8s septembre.<\/p>\n\n\n\n<p>Une \u00ab\u00a0commission d\u2019enqu\u00eate ind\u00e9pendante\u00a0\u00bb, le plus haut niveau d&rsquo;enqu\u00eate du Conseil, prendra ensuite le relais. De nombreux viols et cas d&rsquo;esclavage sexuel ont notamment \u00e9t\u00e9 rapport\u00e9s.<\/p>\n\n\n\n<p>\u00ab\u00a0Si rien n\u2019est fait, le pire est peut-\u00eatre encore \u00e0 venir pour les habitants de l&rsquo;est, mais aussi au-del\u00e0 de la RDC\u00a0\u00bb, a alert\u00e9 M. T\u00fcrk, avertissant que le risque d&rsquo;escalade dans la r\u00e9gion \u00ab\u00a0n&rsquo;a jamais \u00e9t\u00e9 aussi \u00e9lev\u00e9\u00a0\u00bb.<\/p>\n\n\n\n<p>Selon des sources s\u00e9curitaires et locales, des combats se sont produits vendredi \u00e0 moins de 70 km de la capitale provinciale du Sud-Kivu, Bukavu.<\/p>\n\n\n\n<h2 class=\"wp-block-heading\">&#8211; \u00ab\u00a0Occasion en or\u00a0\u00bb &#8211;<\/h2>\n\n\n\n<p>Dans ce chef-lieu d&rsquo;un million d&rsquo;habitants, la population se pr\u00e9pare dans la pr\u00e9cipitation et la peur \u00e0 une attaque, certains cherchant \u00e0 fuir vers la fronti\u00e8re rwandaise.<\/p>\n\n\n\n<p>\u00ab\u00a0On commence \u00e0 noter un stress, certains grands magasins se bunkerisent et soudent des plaques m\u00e9talliques pour se barricader et les \u00e9choppes sont en train de vider leur stock pour le mettre \u00e0 l\u2019abri\u201d, craignant les pillages, a indiqu\u00e9 \u00e0 l&rsquo;AFP une source locale s&rsquo;exprimant sous le couvert de l&rsquo;anonymat.<\/p>\n\n\n\n<p>\u201cLa fronti\u00e8re avec le Rwanda est ouverte, mais quasiment impraticable, \u00e9tant donn\u00e9 le monde qui essaye de passer. C\u2019est la cohue totale\u201d, a-t-elle ajout\u00e9.<\/p>\n\n\n\n<p>La principale banque de la ville est rest\u00e9e ferm\u00e9e vendredi, entra\u00eenant bousculades et files d&rsquo;attente aux guichets d&rsquo;autres banques prises d&rsquo;assaut.<\/p>\n\n\n\n<p>Plusieurs \u00e9tablissements scolaires et universitaires ont annonc\u00e9 la suspension des cours vendredi, \u00ab\u00a0au regard de la situation s\u00e9curitaire qui pr\u00e9vaut aux environs de la ville\u00a0\u00bb.<\/p>\n\n\n\n<p>\u00ab\u00a0Nous apprenons que le M23 pourrait arriver aujourd&rsquo;hui ici, j&rsquo;ai \u00e9t\u00e9 oblig\u00e9e de venir chercher mon enfant \u00e0 la sortie des classes pour rentrer ensemble \u00e0 la maison\u00a0\u00bb, a dit \u00e0 l&rsquo;AFP une habitante, Alice Bikubanga Bagaramba.<\/p>\n\n\n\n<p>Le Burundi, qui redoute que le conflit puisse d\u00e9clencher une guerre r\u00e9gionale dans les Grands Lacs, a envoy\u00e9 un bataillon suppl\u00e9mentaire dans le Sud-Kivu en soutien aux forces congolaises, a annonc\u00e9 vendredi une source s\u00e9curitaire \u00e0 l&rsquo;AFP. Les troupes burundaises sont ainsi pass\u00e9es de 15 \u00e0 16 bataillons d\u00e9ploy\u00e9s en majorit\u00e9 autour de Bukavu.<\/p>\n\n\n\n<p>Dans le Nord-Kivu, trois collaborateurs locaux de l&rsquo;ONG suisse Entraide Protestante Suisse (EPER) ont \u00e9t\u00e9 tu\u00e9s mercredi dans une attaque, a annonc\u00e9 vendredi l&rsquo;organisation. Ils effectuaient une mission humanitaire dans le territoire de&nbsp;Rutshuru, a-t-elle pr\u00e9cis\u00e9.<\/p>\n\n\n\n<p>Kinshasa accuse Kigali de vouloir piller les ressources naturelles de l&rsquo;est de la RDC. Le Rwanda nie et affirme vouloir y \u00e9radiquer des groupes arm\u00e9s, notamment&nbsp;cr\u00e9\u00e9s par d&rsquo;ex-responsables hutu du g\u00e9nocide des Tutsi au Rwanda en 1994, qui menacent selon lui sa s\u00e9curit\u00e9.<\/p>\n\n\n\n<p><\/p>\n\n\n\n<p>\u00a9 Agence France-Presse<\/p>\n","protected":false},"excerpt":{"rendered":"<p>Bukavu,\u00a0RD Congo &#8211; La capitale de la province du Sud-Kivu, Bukavu, se pr\u00e9pare vendredi \u00e0 une attaque du M23 et ses alli\u00e9s rwandais, illustrant une poursuite du conflit dans l&rsquo;est de la RDC o\u00f9 les nombreuses all\u00e9gations d&rsquo;exactions vont faire l&rsquo;objet d&rsquo;une enqu\u00eate de l&rsquo;ONU. Le pr\u00e9sident congolais F\u00e9lix Tshisekedi et son homologue rwandais Paul [&hellip;]<\/p>\n","protected":false},"author":10,"featured_media":16889,"comment_status":"open","ping_status":"open","sticky":false,"template":"","format":"standard","meta":{"_acf_changed":false,"om_disable_all_campaigns":false,"_monsterinsights_skip_tracking":false,"_monsterinsights_sitenote_active":false,"_monsterinsights_sitenote_note":"","_monsterinsights_sitenote_category":0,"tdm_status":"","tdm_grid_status":"","_jetpack_newsletter_access":"","_jetpack_dont_email_post_to_subs":false,"_jetpack_newsletter_tier_id":0,"_jetpack_memberships_contains_paywalled_content":false,"_jetpack_memberships_contains_paid_content":false,"footnotes":""},"categories":[876,293,801,2626,802,1766,782],"tags":[856,1126,313,863,1144],"adr_country":[1667,1083],"class_list":{"0":"post-16891","1":"post","2":"type-post","3":"status-publish","4":"format-standard","5":"has-post-thumbnail","7":"category-acceuil-fr","8":"category-actualites-fr","9":"category-armee-fr","10":"category-choix-de-lediteur-fr","11":"category-depeche-fr","12":"category-guerre","13":"category-politique-fr","14":"tag-congo-fr","15":"tag-drc-fr","16":"tag-rdc-fr","17":"tag-rwanda-fr","18":"tag-war-fr","19":"adr_country-rd-congo-fr","20":"adr_country-rwanda"},"acf":{"post_version":""},"yoast_head":"<!-- This site is optimized with the Yoast SEO Premium plugin v26.0 (Yoast SEO v27.4) - https:\/\/yoast.com\/product\/yoast-seo-premium-wordpress\/ -->\n<title>Est de la RDC: Bukavu se pr\u00e9pare \u00e0 une attaque, enqu\u00eate de l&#039;ONU sur des exactions - Africa Daily Report<\/title>\n<meta name=\"robots\" content=\"index, follow, max-snippet:-1, max-image-preview:large, max-video-preview:-1\" \/>\n<link rel=\"canonical\" href=\"https:\/\/africadailyreport.com\/fr\/2025\/02\/07\/dr-congo-conflict-advances-as-un-warns-of-regional-escalation\/\" \/>\n<meta property=\"og:locale\" content=\"fr_FR\" \/>\n<meta property=\"og:type\" content=\"article\" \/>\n<meta property=\"og:title\" content=\"Est de la RDC: Bukavu se pr\u00e9pare \u00e0 une attaque, enqu\u00eate de l&#039;ONU sur des exactions\" \/>\n<meta property=\"og:description\" content=\"Bukavu,\u00a0RD Congo &#8211; La capitale de la province du Sud-Kivu, Bukavu, se pr\u00e9pare vendredi \u00e0 une attaque du M23 et ses alli\u00e9s rwandais, illustrant une poursuite du conflit dans l&rsquo;est de la RDC o\u00f9 les nombreuses all\u00e9gations d&rsquo;exactions vont faire l&rsquo;objet d&rsquo;une enqu\u00eate de l&rsquo;ONU. Le pr\u00e9sident congolais F\u00e9lix Tshisekedi et son homologue rwandais Paul [&hellip;]\" \/>\n<meta property=\"og:url\" content=\"https:\/\/africadailyreport.com\/fr\/2025\/02\/07\/dr-congo-conflict-advances-as-un-warns-of-regional-escalation\/\" \/>\n<meta property=\"og:site_name\" content=\"Africa Daily Report\" \/>\n<meta property=\"article:publisher\" content=\"https:\/\/www.facebook.com\/africadailyreport\" \/>\n<meta property=\"article:published_time\" content=\"2025-02-07T21:45:54+00:00\" \/>\n<meta property=\"article:modified_time\" content=\"2025-02-08T07:01:35+00:00\" \/>\n<meta property=\"og:image\" content=\"https:\/\/africadailyreport.com\/wp-content\/uploads\/2025\/02\/AFP__20250207__36XC4YP__v1__HighRes__SafricaDrcongoEuDemo-scaled.jpg\" \/>\n\t<meta property=\"og:image:width\" content=\"1\" \/>\n\t<meta property=\"og:image:height\" content=\"1\" \/>\n\t<meta property=\"og:image:type\" content=\"image\/jpeg\" \/>\n<meta name=\"author\" content=\"ADR\/AFP\" \/>\n<meta name=\"twitter:card\" content=\"summary_large_image\" \/>\n<meta name=\"twitter:creator\" content=\"@adr_africa\" \/>\n<meta name=\"twitter:site\" content=\"@adr_africa\" \/>\n<meta name=\"twitter:label1\" content=\"\u00c9crit par\" \/>\n\t<meta name=\"twitter:data1\" content=\"ADR\/AFP\" \/>\n\t<meta name=\"twitter:label2\" content=\"Dur\u00e9e de lecture estim\u00e9e\" \/>\n\t<meta name=\"twitter:data2\" content=\"4 minutes\" \/>\n<script type=\"application\/ld+json\" class=\"yoast-schema-graph\">{\"@context\":\"https:\\\/\\\/schema.org\",\"@graph\":[{\"@type\":\"Article\",\"@id\":\"https:\\\/\\\/africadailyreport.com\\\/fr\\\/2025\\\/02\\\/07\\\/dr-congo-conflict-advances-as-un-warns-of-regional-escalation\\\/#article\",\"isPartOf\":{\"@id\":\"https:\\\/\\\/africadailyreport.com\\\/fr\\\/2025\\\/02\\\/07\\\/dr-congo-conflict-advances-as-un-warns-of-regional-escalation\\\/\"},\"author\":{\"name\":\"ADR\\\/AFP\",\"@id\":\"https:\\\/\\\/africadailyreport.com\\\/fr\\\/#\\\/schema\\\/person\\\/c44d86d79f5570b3ba4cf70c989843f8\"},\"headline\":\"Est de la RDC: Bukavu se pr\u00e9pare \u00e0 une attaque, enqu\u00eate de l&rsquo;ONU sur des exactions\",\"datePublished\":\"2025-02-07T21:45:54+00:00\",\"dateModified\":\"2025-02-08T07:01:35+00:00\",\"mainEntityOfPage\":{\"@id\":\"https:\\\/\\\/africadailyreport.com\\\/fr\\\/2025\\\/02\\\/07\\\/dr-congo-conflict-advances-as-un-warns-of-regional-escalation\\\/\"},\"wordCount\":845,\"commentCount\":0,\"publisher\":{\"@id\":\"https:\\\/\\\/africadailyreport.com\\\/fr\\\/#organization\"},\"image\":{\"@id\":\"https:\\\/\\\/africadailyreport.com\\\/fr\\\/2025\\\/02\\\/07\\\/dr-congo-conflict-advances-as-un-warns-of-regional-escalation\\\/#primaryimage\"},\"thumbnailUrl\":\"https:\\\/\\\/i0.wp.com\\\/africadailyreport.com\\\/wp-content\\\/uploads\\\/2025\\\/02\\\/AFP__20250207__36XC4YP__v1__HighRes__SafricaDrcongoEuDemo-scaled.jpg?fit=%2C&ssl=1\",\"keywords\":[\"congo\",\"DRC\",\"rdc\",\"Rwanda\",\"WAR\"],\"articleSection\":[\"ACCEUIL\",\"Actualit\u00e9s\",\"Arm\u00e9e\",\"choix de l&rsquo;\u00e9diteur\",\"D\u00e9p\u00eache\",\"Guerre\",\"POLITIQUE\"],\"inLanguage\":\"fr-FR\",\"potentialAction\":[{\"@type\":\"CommentAction\",\"name\":\"Comment\",\"target\":[\"https:\\\/\\\/africadailyreport.com\\\/fr\\\/2025\\\/02\\\/07\\\/dr-congo-conflict-advances-as-un-warns-of-regional-escalation\\\/#respond\"]}],\"copyrightYear\":\"2025\",\"copyrightHolder\":{\"@id\":\"https:\\\/\\\/africadailyreport.com\\\/#organization\"}},{\"@type\":\"WebPage\",\"@id\":\"https:\\\/\\\/africadailyreport.com\\\/fr\\\/2025\\\/02\\\/07\\\/dr-congo-conflict-advances-as-un-warns-of-regional-escalation\\\/\",\"url\":\"https:\\\/\\\/africadailyreport.com\\\/fr\\\/2025\\\/02\\\/07\\\/dr-congo-conflict-advances-as-un-warns-of-regional-escalation\\\/\",\"name\":\"Est de la RDC: Bukavu se pr\u00e9pare \u00e0 une attaque, enqu\u00eate de l'ONU sur des exactions - Africa Daily Report\",\"isPartOf\":{\"@id\":\"https:\\\/\\\/africadailyreport.com\\\/fr\\\/#website\"},\"primaryImageOfPage\":{\"@id\":\"https:\\\/\\\/africadailyreport.com\\\/fr\\\/2025\\\/02\\\/07\\\/dr-congo-conflict-advances-as-un-warns-of-regional-escalation\\\/#primaryimage\"},\"image\":{\"@id\":\"https:\\\/\\\/africadailyreport.com\\\/fr\\\/2025\\\/02\\\/07\\\/dr-congo-conflict-advances-as-un-warns-of-regional-escalation\\\/#primaryimage\"},\"thumbnailUrl\":\"https:\\\/\\\/i0.wp.com\\\/africadailyreport.com\\\/wp-content\\\/uploads\\\/2025\\\/02\\\/AFP__20250207__36XC4YP__v1__HighRes__SafricaDrcongoEuDemo-scaled.jpg?fit=%2C&ssl=1\",\"datePublished\":\"2025-02-07T21:45:54+00:00\",\"dateModified\":\"2025-02-08T07:01:35+00:00\",\"breadcrumb\":{\"@id\":\"https:\\\/\\\/africadailyreport.com\\\/fr\\\/2025\\\/02\\\/07\\\/dr-congo-conflict-advances-as-un-warns-of-regional-escalation\\\/#breadcrumb\"},\"inLanguage\":\"fr-FR\",\"potentialAction\":[{\"@type\":\"ReadAction\",\"target\":[\"https:\\\/\\\/africadailyreport.com\\\/fr\\\/2025\\\/02\\\/07\\\/dr-congo-conflict-advances-as-un-warns-of-regional-escalation\\\/\"]}]},{\"@type\":\"ImageObject\",\"inLanguage\":\"fr-FR\",\"@id\":\"https:\\\/\\\/africadailyreport.com\\\/fr\\\/2025\\\/02\\\/07\\\/dr-congo-conflict-advances-as-un-warns-of-regional-escalation\\\/#primaryimage\",\"url\":\"https:\\\/\\\/i0.wp.com\\\/africadailyreport.com\\\/wp-content\\\/uploads\\\/2025\\\/02\\\/AFP__20250207__36XC4YP__v1__HighRes__SafricaDrcongoEuDemo-scaled.jpg?fit=%2C&ssl=1\",\"contentUrl\":\"https:\\\/\\\/i0.wp.com\\\/africadailyreport.com\\\/wp-content\\\/uploads\\\/2025\\\/02\\\/AFP__20250207__36XC4YP__v1__HighRes__SafricaDrcongoEuDemo-scaled.jpg?fit=%2C&ssl=1\",\"caption\":\"Members of the Congolese Community in South Africa wave their national flags, outside the Parliament Building in Cape Town on February 7, 2025, during a demonstration to air their grievances against the conflict in the East of Democratic Republic of Congo. South African flags fly at half mast to mark a national week long mourning period for the fourteen South African soldiers killed in the Democratic Republic of Congo (DRC) during ongoing conflict. (Photo by RODGER BOSCH \\\/ AFP)\"},{\"@type\":\"BreadcrumbList\",\"@id\":\"https:\\\/\\\/africadailyreport.com\\\/fr\\\/2025\\\/02\\\/07\\\/dr-congo-conflict-advances-as-un-warns-of-regional-escalation\\\/#breadcrumb\",\"itemListElement\":[{\"@type\":\"ListItem\",\"position\":1,\"name\":\"Home\",\"item\":\"https:\\\/\\\/africadailyreport.com\\\/fr\\\/\"},{\"@type\":\"ListItem\",\"position\":2,\"name\":\"Est de la RDC: Bukavu se pr\u00e9pare \u00e0 une attaque, enqu\u00eate de l&#8217;ONU sur des exactions\"}]},{\"@type\":\"WebSite\",\"@id\":\"https:\\\/\\\/africadailyreport.com\\\/fr\\\/#website\",\"url\":\"https:\\\/\\\/africadailyreport.com\\\/fr\\\/\",\"name\":\"Africa Daily Report\",\"description\":\"\",\"publisher\":{\"@id\":\"https:\\\/\\\/africadailyreport.com\\\/fr\\\/#organization\"},\"potentialAction\":[{\"@type\":\"SearchAction\",\"target\":{\"@type\":\"EntryPoint\",\"urlTemplate\":\"https:\\\/\\\/africadailyreport.com\\\/fr\\\/?s={search_term_string}\"},\"query-input\":{\"@type\":\"PropertyValueSpecification\",\"valueRequired\":true,\"valueName\":\"search_term_string\"}}],\"inLanguage\":\"fr-FR\"},{\"@type\":\"Organization\",\"@id\":\"https:\\\/\\\/africadailyreport.com\\\/fr\\\/#organization\",\"name\":\"Africa Daily Report\",\"url\":\"https:\\\/\\\/africadailyreport.com\\\/fr\\\/\",\"logo\":{\"@type\":\"ImageObject\",\"inLanguage\":\"fr-FR\",\"@id\":\"https:\\\/\\\/africadailyreport.com\\\/fr\\\/#\\\/schema\\\/logo\\\/image\\\/\",\"url\":\"https:\\\/\\\/africadailyreport.com\\\/wp-content\\\/uploads\\\/2024\\\/09\\\/ADR-Transparent-Green-Logo-1.png\",\"contentUrl\":\"https:\\\/\\\/africadailyreport.com\\\/wp-content\\\/uploads\\\/2024\\\/09\\\/ADR-Transparent-Green-Logo-1.png\",\"width\":267,\"height\":185,\"caption\":\"Africa Daily Report\"},\"image\":{\"@id\":\"https:\\\/\\\/africadailyreport.com\\\/fr\\\/#\\\/schema\\\/logo\\\/image\\\/\"},\"sameAs\":[\"https:\\\/\\\/www.facebook.com\\\/africadailyreport\",\"https:\\\/\\\/x.com\\\/adr_africa\",\"https:\\\/\\\/www.youtube.com\\\/@africadailyreport\",\"https:\\\/\\\/instagram.com\\\/africadailyreport\"]},{\"@type\":\"Person\",\"@id\":\"https:\\\/\\\/africadailyreport.com\\\/fr\\\/#\\\/schema\\\/person\\\/c44d86d79f5570b3ba4cf70c989843f8\",\"name\":\"ADR\\\/AFP\",\"image\":{\"@type\":\"ImageObject\",\"inLanguage\":\"fr-FR\",\"@id\":\"https:\\\/\\\/secure.gravatar.com\\\/avatar\\\/2fbdc3782aa386b408fd9a36f0bc78ee569c94a7a05670cab3a1d72916408214?s=96&d=mm&r=g\",\"url\":\"https:\\\/\\\/secure.gravatar.com\\\/avatar\\\/2fbdc3782aa386b408fd9a36f0bc78ee569c94a7a05670cab3a1d72916408214?s=96&d=mm&r=g\",\"contentUrl\":\"https:\\\/\\\/secure.gravatar.com\\\/avatar\\\/2fbdc3782aa386b408fd9a36f0bc78ee569c94a7a05670cab3a1d72916408214?s=96&d=mm&r=g\",\"caption\":\"ADR\\\/AFP\"},\"sameAs\":[\"http:\\\/\\\/africadailyreport.com\"],\"url\":\"https:\\\/\\\/africadailyreport.com\\\/fr\\\/author\\\/both\\\/\"}]}<\/script>\n<!-- \/ Yoast SEO Premium plugin. -->","yoast_head_json":{"title":"Est de la RDC: Bukavu se pr\u00e9pare \u00e0 une attaque, enqu\u00eate de l'ONU sur des exactions - Africa Daily Report","robots":{"index":"index","follow":"follow","max-snippet":"max-snippet:-1","max-image-preview":"max-image-preview:large","max-video-preview":"max-video-preview:-1"},"canonical":"https:\/\/africadailyreport.com\/fr\/2025\/02\/07\/dr-congo-conflict-advances-as-un-warns-of-regional-escalation\/","og_locale":"fr_FR","og_type":"article","og_title":"Est de la RDC: Bukavu se pr\u00e9pare \u00e0 une attaque, enqu\u00eate de l'ONU sur des exactions","og_description":"Bukavu,\u00a0RD Congo &#8211; La capitale de la province du Sud-Kivu, Bukavu, se pr\u00e9pare vendredi \u00e0 une attaque du M23 et ses alli\u00e9s rwandais, illustrant une poursuite du conflit dans l&rsquo;est de la RDC o\u00f9 les nombreuses all\u00e9gations d&rsquo;exactions vont faire l&rsquo;objet d&rsquo;une enqu\u00eate de l&rsquo;ONU. Le pr\u00e9sident congolais F\u00e9lix Tshisekedi et son homologue rwandais Paul [&hellip;]","og_url":"https:\/\/africadailyreport.com\/fr\/2025\/02\/07\/dr-congo-conflict-advances-as-un-warns-of-regional-escalation\/","og_site_name":"Africa Daily Report","article_publisher":"https:\/\/www.facebook.com\/africadailyreport","article_published_time":"2025-02-07T21:45:54+00:00","article_modified_time":"2025-02-08T07:01:35+00:00","og_image":[{"url":"https:\/\/africadailyreport.com\/wp-content\/uploads\/2025\/02\/AFP__20250207__36XC4YP__v1__HighRes__SafricaDrcongoEuDemo-scaled.jpg","width":1,"height":1,"type":"image\/jpeg"}],"author":"ADR\/AFP","twitter_card":"summary_large_image","twitter_creator":"@adr_africa","twitter_site":"@adr_africa","twitter_misc":{"\u00c9crit par":"ADR\/AFP","Dur\u00e9e de lecture estim\u00e9e":"4 minutes"},"schema":{"@context":"https:\/\/schema.org","@graph":[{"@type":"Article","@id":"https:\/\/africadailyreport.com\/fr\/2025\/02\/07\/dr-congo-conflict-advances-as-un-warns-of-regional-escalation\/#article","isPartOf":{"@id":"https:\/\/africadailyreport.com\/fr\/2025\/02\/07\/dr-congo-conflict-advances-as-un-warns-of-regional-escalation\/"},"author":{"name":"ADR\/AFP","@id":"https:\/\/africadailyreport.com\/fr\/#\/schema\/person\/c44d86d79f5570b3ba4cf70c989843f8"},"headline":"Est de la RDC: Bukavu se pr\u00e9pare \u00e0 une attaque, enqu\u00eate de l&rsquo;ONU sur des exactions","datePublished":"2025-02-07T21:45:54+00:00","dateModified":"2025-02-08T07:01:35+00:00","mainEntityOfPage":{"@id":"https:\/\/africadailyreport.com\/fr\/2025\/02\/07\/dr-congo-conflict-advances-as-un-warns-of-regional-escalation\/"},"wordCount":845,"commentCount":0,"publisher":{"@id":"https:\/\/africadailyreport.com\/fr\/#organization"},"image":{"@id":"https:\/\/africadailyreport.com\/fr\/2025\/02\/07\/dr-congo-conflict-advances-as-un-warns-of-regional-escalation\/#primaryimage"},"thumbnailUrl":"https:\/\/i0.wp.com\/africadailyreport.com\/wp-content\/uploads\/2025\/02\/AFP__20250207__36XC4YP__v1__HighRes__SafricaDrcongoEuDemo-scaled.jpg?fit=%2C&ssl=1","keywords":["congo","DRC","rdc","Rwanda","WAR"],"articleSection":["ACCEUIL","Actualit\u00e9s","Arm\u00e9e","choix de l&rsquo;\u00e9diteur","D\u00e9p\u00eache","Guerre","POLITIQUE"],"inLanguage":"fr-FR","potentialAction":[{"@type":"CommentAction","name":"Comment","target":["https:\/\/africadailyreport.com\/fr\/2025\/02\/07\/dr-congo-conflict-advances-as-un-warns-of-regional-escalation\/#respond"]}],"copyrightYear":"2025","copyrightHolder":{"@id":"https:\/\/africadailyreport.com\/#organization"}},{"@type":"WebPage","@id":"https:\/\/africadailyreport.com\/fr\/2025\/02\/07\/dr-congo-conflict-advances-as-un-warns-of-regional-escalation\/","url":"https:\/\/africadailyreport.com\/fr\/2025\/02\/07\/dr-congo-conflict-advances-as-un-warns-of-regional-escalation\/","name":"Est de la RDC: Bukavu se pr\u00e9pare \u00e0 une attaque, enqu\u00eate de l'ONU sur des exactions - Africa Daily Report","isPartOf":{"@id":"https:\/\/africadailyreport.com\/fr\/#website"},"primaryImageOfPage":{"@id":"https:\/\/africadailyreport.com\/fr\/2025\/02\/07\/dr-congo-conflict-advances-as-un-warns-of-regional-escalation\/#primaryimage"},"image":{"@id":"https:\/\/africadailyreport.com\/fr\/2025\/02\/07\/dr-congo-conflict-advances-as-un-warns-of-regional-escalation\/#primaryimage"},"thumbnailUrl":"https:\/\/i0.wp.com\/africadailyreport.com\/wp-content\/uploads\/2025\/02\/AFP__20250207__36XC4YP__v1__HighRes__SafricaDrcongoEuDemo-scaled.jpg?fit=%2C&ssl=1","datePublished":"2025-02-07T21:45:54+00:00","dateModified":"2025-02-08T07:01:35+00:00","breadcrumb":{"@id":"https:\/\/africadailyreport.com\/fr\/2025\/02\/07\/dr-congo-conflict-advances-as-un-warns-of-regional-escalation\/#breadcrumb"},"inLanguage":"fr-FR","potentialAction":[{"@type":"ReadAction","target":["https:\/\/africadailyreport.com\/fr\/2025\/02\/07\/dr-congo-conflict-advances-as-un-warns-of-regional-escalation\/"]}]},{"@type":"ImageObject","inLanguage":"fr-FR","@id":"https:\/\/africadailyreport.com\/fr\/2025\/02\/07\/dr-congo-conflict-advances-as-un-warns-of-regional-escalation\/#primaryimage","url":"https:\/\/i0.wp.com\/africadailyreport.com\/wp-content\/uploads\/2025\/02\/AFP__20250207__36XC4YP__v1__HighRes__SafricaDrcongoEuDemo-scaled.jpg?fit=%2C&ssl=1","contentUrl":"https:\/\/i0.wp.com\/africadailyreport.com\/wp-content\/uploads\/2025\/02\/AFP__20250207__36XC4YP__v1__HighRes__SafricaDrcongoEuDemo-scaled.jpg?fit=%2C&ssl=1","caption":"Members of the Congolese Community in South Africa wave their national flags, outside the Parliament Building in Cape Town on February 7, 2025, during a demonstration to air their grievances against the conflict in the East of Democratic Republic of Congo. South African flags fly at half mast to mark a national week long mourning period for the fourteen South African soldiers killed in the Democratic Republic of Congo (DRC) during ongoing conflict. (Photo by RODGER BOSCH \/ AFP)"},{"@type":"BreadcrumbList","@id":"https:\/\/africadailyreport.com\/fr\/2025\/02\/07\/dr-congo-conflict-advances-as-un-warns-of-regional-escalation\/#breadcrumb","itemListElement":[{"@type":"ListItem","position":1,"name":"Home","item":"https:\/\/africadailyreport.com\/fr\/"},{"@type":"ListItem","position":2,"name":"Est de la RDC: Bukavu se pr\u00e9pare \u00e0 une attaque, enqu\u00eate de l&#8217;ONU sur des exactions"}]},{"@type":"WebSite","@id":"https:\/\/africadailyreport.com\/fr\/#website","url":"https:\/\/africadailyreport.com\/fr\/","name":"Africa Daily Report","description":"","publisher":{"@id":"https:\/\/africadailyreport.com\/fr\/#organization"},"potentialAction":[{"@type":"SearchAction","target":{"@type":"EntryPoint","urlTemplate":"https:\/\/africadailyreport.com\/fr\/?s={search_term_string}"},"query-input":{"@type":"PropertyValueSpecification","valueRequired":true,"valueName":"search_term_string"}}],"inLanguage":"fr-FR"},{"@type":"Organization","@id":"https:\/\/africadailyreport.com\/fr\/#organization","name":"Africa Daily Report","url":"https:\/\/africadailyreport.com\/fr\/","logo":{"@type":"ImageObject","inLanguage":"fr-FR","@id":"https:\/\/africadailyreport.com\/fr\/#\/schema\/logo\/image\/","url":"https:\/\/africadailyreport.com\/wp-content\/uploads\/2024\/09\/ADR-Transparent-Green-Logo-1.png","contentUrl":"https:\/\/africadailyreport.com\/wp-content\/uploads\/2024\/09\/ADR-Transparent-Green-Logo-1.png","width":267,"height":185,"caption":"Africa Daily Report"},"image":{"@id":"https:\/\/africadailyreport.com\/fr\/#\/schema\/logo\/image\/"},"sameAs":["https:\/\/www.facebook.com\/africadailyreport","https:\/\/x.com\/adr_africa","https:\/\/www.youtube.com\/@africadailyreport","https:\/\/instagram.com\/africadailyreport"]},{"@type":"Person","@id":"https:\/\/africadailyreport.com\/fr\/#\/schema\/person\/c44d86d79f5570b3ba4cf70c989843f8","name":"ADR\/AFP","image":{"@type":"ImageObject","inLanguage":"fr-FR","@id":"https:\/\/secure.gravatar.com\/avatar\/2fbdc3782aa386b408fd9a36f0bc78ee569c94a7a05670cab3a1d72916408214?s=96&d=mm&r=g","url":"https:\/\/secure.gravatar.com\/avatar\/2fbdc3782aa386b408fd9a36f0bc78ee569c94a7a05670cab3a1d72916408214?s=96&d=mm&r=g","contentUrl":"https:\/\/secure.gravatar.com\/avatar\/2fbdc3782aa386b408fd9a36f0bc78ee569c94a7a05670cab3a1d72916408214?s=96&d=mm&r=g","caption":"ADR\/AFP"},"sameAs":["http:\/\/africadailyreport.com"],"url":"https:\/\/africadailyreport.com\/fr\/author\/both\/"}]}},"jetpack_featured_media_url":"https:\/\/i0.wp.com\/africadailyreport.com\/wp-content\/uploads\/2025\/02\/AFP__20250207__36XC4YP__v1__HighRes__SafricaDrcongoEuDemo-scaled.jpg?fit=%2C&ssl=1","jetpack_sharing_enabled":true,"amp_enabled":true,"_links":{"self":[{"href":"https:\/\/africadailyreport.com\/fr\/wp-json\/wp\/v2\/posts\/16891","targetHints":{"allow":["GET"]}}],"collection":[{"href":"https:\/\/africadailyreport.com\/fr\/wp-json\/wp\/v2\/posts"}],"about":[{"href":"https:\/\/africadailyreport.com\/fr\/wp-json\/wp\/v2\/types\/post"}],"author":[{"embeddable":true,"href":"https:\/\/africadailyreport.com\/fr\/wp-json\/wp\/v2\/users\/10"}],"replies":[{"embeddable":true,"href":"https:\/\/africadailyreport.com\/fr\/wp-json\/wp\/v2\/comments?post=16891"}],"version-history":[{"count":5,"href":"https:\/\/africadailyreport.com\/fr\/wp-json\/wp\/v2\/posts\/16891\/revisions"}],"predecessor-version":[{"id":16898,"href":"https:\/\/africadailyreport.com\/fr\/wp-json\/wp\/v2\/posts\/16891\/revisions\/16898"}],"wp:featuredmedia":[{"embeddable":true,"href":"https:\/\/africadailyreport.com\/fr\/wp-json\/wp\/v2\/media\/16889"}],"wp:attachment":[{"href":"https:\/\/africadailyreport.com\/fr\/wp-json\/wp\/v2\/media?parent=16891"}],"wp:term":[{"taxonomy":"category","embeddable":true,"href":"https:\/\/africadailyreport.com\/fr\/wp-json\/wp\/v2\/categories?post=16891"},{"taxonomy":"post_tag","embeddable":true,"href":"https:\/\/africadailyreport.com\/fr\/wp-json\/wp\/v2\/tags?post=16891"},{"taxonomy":"adr_country","embeddable":true,"href":"https:\/\/africadailyreport.com\/fr\/wp-json\/wp\/v2\/adr_country?post=16891"}],"curies":[{"name":"wp","href":"https:\/\/api.w.org\/{rel}","templated":true}]}}