{"id":16883,"date":"2025-02-07T21:33:35","date_gmt":"2025-02-07T21:33:35","guid":{"rendered":"https:\/\/africadailyreport.com\/2025\/02\/07\/ivory-coast-opposition-leader-gives-up-french-nationality-before-election\/"},"modified":"2025-02-07T21:37:28","modified_gmt":"2025-02-07T21:37:28","slug":"ivory-coast-opposition-leader-gives-up-french-nationality-before-election","status":"publish","type":"post","link":"https:\/\/africadailyreport.com\/fr\/2025\/02\/07\/ivory-coast-opposition-leader-gives-up-french-nationality-before-election\/","title":{"rendered":"C\u00f4te d&rsquo;Ivoire\/Pr\u00e9sidentielle: l&rsquo;opposant Tidjane Thiam renonce \u00e0 sa nationalit\u00e9 fran\u00e7aise"},"content":{"rendered":"\n<h2 class=\"wp-block-heading\" id=\"h-abidjan-cote-d-ivoire-le-president-du-parti-democratique-de-cote-d-ivoire-pdci-principale-formation-d-opposition-tidjane-thiam-a-annonce-vendredi-renoncer-a-sa-nationalite-francaise-afin-d-etre-exclusivement-ivoirien-une-condition-sine-qua-non-pour-etre-candidat-a-la-prochaine-presidentielle-en-octobre-2025\">Abidjan,\u00a0C\u00f4te d&rsquo;Ivoire &#8211; Le pr\u00e9sident du Parti d\u00e9mocratique de C\u00f4te d&rsquo;Ivoire (PDCI), principale formation d&rsquo;opposition, Tidjane Thiam, a annonc\u00e9 vendredi renoncer \u00e0 sa nationalit\u00e9 fran\u00e7aise afin d&rsquo;\u00eatre exclusivement ivoirien, une condition sine qua non pour \u00eatre candidat \u00e0 la prochaine pr\u00e9sidentielle en octobre 2025.<\/h2>\n\n\n\n\n\n<p><\/p>\n\n\n\n<p>\u00ab\u00a0Nous avons effectu\u00e9 ce matin une d\u00e9marche importante (&#8230;) pr\u00e9vue de longue date, qui a consist\u00e9 \u00e0 aller d\u00e9poser ma demande de lib\u00e9ration de la nationalit\u00e9 fran\u00e7aise, qui me permettra d&rsquo;\u00eatre exclusivement de la nationalit\u00e9 ivoirienne au moment de l&rsquo;\u00e9lection\u00a0\u00bb, a d\u00e9clar\u00e9 M. Thiam.<\/p>\n\n\n\n<p>\u00ab\u00a0C&rsquo;est une formalit\u00e9 administrative\u00a0\u00bb, a-t-il ajout\u00e9.<\/p>\n\n\n\n<p>Dans son article 55, la Constitution ivoirienne indique qu&rsquo;un candidat \u00e0 la pr\u00e9sidentielle doit \u00ab\u00a0\u00eatre exclusivement de nationalit\u00e9 ivoirienne, n\u00e9 de p\u00e8re ou de m\u00e8re ivoirien d&rsquo;origine\u00a0\u00bb.<\/p>\n\n\n\n<p>Ancien ing\u00e9nieur, ministre puis patron de banque, M. Thiam a v\u00e9cu hors de C\u00f4te d&rsquo;Ivoire pendant une vingtaine d&rsquo;ann\u00e9es avant de faire son retour en ao\u00fbt 2022.<\/p>\n\n\n\n<p>Devenu pr\u00e9sident du PDCI en d\u00e9cembre 2023, il doit encore \u00eatre d\u00e9sign\u00e9 comme le candidat du parti lors d&rsquo;une convention dont la date reste \u00e0 d\u00e9finir.<\/p>\n\n\n\n<p>Il pourrait y affronter Jean-Louis Billon, ancien ministre du Commerce qui a d&rsquo;ores et d\u00e9j\u00e0 d\u00e9clar\u00e9 sa candidature \u00e0 la pr\u00e9sidentielle et qui s&rsquo;oppose frontalement \u00e0 M. Thiam.<\/p>\n\n\n\n<p>Plusieurs candidats sont \u00e9galement sur la ligne de d\u00e9part pour la pr\u00e9sidentielle du 25 octobre.<\/p>\n\n\n\n<p>L&rsquo;ancien pr\u00e9sident Laurent Gbagbo (2000-2011) a \u00e9t\u00e9 investi par le Parti des peuples africains &#8211; C\u00f4te d&rsquo;Ivoire (PPA-CI) mais est actuellement in\u00e9ligible en raison d&rsquo;une condamnation judiciaire.<\/p>\n\n\n\n<p>Son ex-\u00e9pouse, Simone Ehivet Gbagbo, a \u00e9galement annonc\u00e9 sa candidature. Enfin, l&rsquo;ancien Premier ministre Pascal Affi N&rsquo;Guessan (2000-2003) a de son c\u00f4t\u00e9 \u00e9t\u00e9 investi par le Front populaire ivoirien (FPI).<\/p>\n\n\n\n<p>Le pr\u00e9sident Alassane Ouattara, au pouvoir depuis 2011 n&rsquo;a pas encore d\u00e9clar\u00e9 s&rsquo;il allait briguer un quatri\u00e8me mandat mais s&rsquo;est dit en janvier \u00ab\u00a0d\u00e9sireux de continuer \u00e0 servir son pays\u00a0\u00bb.<\/p>\n\n\n\n<p><\/p>\n\n\n\n<p>\u00a9 Agence France-Presse<\/p>\n","protected":false},"excerpt":{"rendered":"<p>Abidjan,\u00a0C\u00f4te d&rsquo;Ivoire &#8211; Le pr\u00e9sident du Parti d\u00e9mocratique de C\u00f4te d&rsquo;Ivoire (PDCI), principale formation d&rsquo;opposition, Tidjane Thiam, a annonc\u00e9 vendredi renoncer \u00e0 sa nationalit\u00e9 fran\u00e7aise afin d&rsquo;\u00eatre exclusivement ivoirien, une condition sine qua non pour \u00eatre candidat \u00e0 la prochaine pr\u00e9sidentielle en octobre 2025. \u00ab\u00a0Nous avons effectu\u00e9 ce matin une d\u00e9marche importante (&#8230;) pr\u00e9vue de [&hellip;]<\/p>\n","protected":false},"author":10,"featured_media":16881,"comment_status":"open","ping_status":"open","sticky":false,"template":"","format":"standard","meta":{"_acf_changed":false,"om_disable_all_campaigns":false,"_monsterinsights_skip_tracking":false,"_monsterinsights_sitenote_active":false,"_monsterinsights_sitenote_note":"","_monsterinsights_sitenote_category":0,"tdm_status":"","tdm_grid_status":"","_jetpack_newsletter_access":"","_jetpack_dont_email_post_to_subs":false,"_jetpack_newsletter_tier_id":0,"_jetpack_memberships_contains_paywalled_content":false,"_jetpack_memberships_contains_paid_content":false,"footnotes":""},"categories":[2671,1008],"tags":[1152,1170,2690,2691,1129],"adr_country":[1101],"class_list":{"0":"post-16883","1":"post","2":"type-post","3":"status-publish","4":"format-standard","5":"has-post-thumbnail","7":"category-news-2","8":"category-politics-fr","9":"tag-ivory-coast-fr","10":"tag-politics-fr","11":"tag-thiam-fr","12":"tag-tidjane-fr","13":"tag-vote-fr","14":"adr_country-cote-divoire"},"acf":{"post_version":""},"yoast_head":"<!-- This site is optimized with the Yoast SEO Premium plugin v26.0 (Yoast SEO v27.4) - https:\/\/yoast.com\/product\/yoast-seo-premium-wordpress\/ -->\n<title>C\u00f4te d&#039;Ivoire\/Pr\u00e9sidentielle: l&#039;opposant Tidjane Thiam renonce \u00e0 sa nationalit\u00e9 fran\u00e7aise - Africa Daily Report<\/title>\n<meta name=\"robots\" content=\"index, follow, max-snippet:-1, max-image-preview:large, max-video-preview:-1\" \/>\n<link rel=\"canonical\" href=\"https:\/\/africadailyreport.com\/fr\/2025\/02\/07\/ivory-coast-opposition-leader-gives-up-french-nationality-before-election\/\" \/>\n<meta property=\"og:locale\" content=\"fr_FR\" \/>\n<meta property=\"og:type\" content=\"article\" \/>\n<meta property=\"og:title\" content=\"C\u00f4te d&#039;Ivoire\/Pr\u00e9sidentielle: l&#039;opposant Tidjane Thiam renonce \u00e0 sa nationalit\u00e9 fran\u00e7aise\" \/>\n<meta property=\"og:description\" content=\"Abidjan,\u00a0C\u00f4te d&rsquo;Ivoire &#8211; Le pr\u00e9sident du Parti d\u00e9mocratique de C\u00f4te d&rsquo;Ivoire (PDCI), principale formation d&rsquo;opposition, Tidjane Thiam, a annonc\u00e9 vendredi renoncer \u00e0 sa nationalit\u00e9 fran\u00e7aise afin d&rsquo;\u00eatre exclusivement ivoirien, une condition sine qua non pour \u00eatre candidat \u00e0 la prochaine pr\u00e9sidentielle en octobre 2025. \u00ab\u00a0Nous avons effectu\u00e9 ce matin une d\u00e9marche importante (&#8230;) pr\u00e9vue de [&hellip;]\" \/>\n<meta property=\"og:url\" content=\"https:\/\/africadailyreport.com\/fr\/2025\/02\/07\/ivory-coast-opposition-leader-gives-up-french-nationality-before-election\/\" \/>\n<meta property=\"og:site_name\" content=\"Africa Daily Report\" \/>\n<meta property=\"article:publisher\" content=\"https:\/\/www.facebook.com\/africadailyreport\" \/>\n<meta property=\"article:published_time\" content=\"2025-02-07T21:33:35+00:00\" \/>\n<meta property=\"article:modified_time\" content=\"2025-02-07T21:37:28+00:00\" \/>\n<meta property=\"og:image\" content=\"https:\/\/africadailyreport.com\/wp-content\/uploads\/2025\/02\/AFP__20241221__36R69Z6__v1__HighRes__IcoastPoliticsPartiesPdci.jpg\" \/>\n\t<meta property=\"og:image:width\" content=\"1\" \/>\n\t<meta property=\"og:image:height\" content=\"1\" \/>\n\t<meta property=\"og:image:type\" content=\"image\/jpeg\" \/>\n<meta name=\"author\" content=\"ADR\/AFP\" \/>\n<meta name=\"twitter:card\" content=\"summary_large_image\" \/>\n<meta name=\"twitter:creator\" content=\"@adr_africa\" \/>\n<meta name=\"twitter:site\" content=\"@adr_africa\" \/>\n<meta name=\"twitter:label1\" content=\"\u00c9crit par\" \/>\n\t<meta name=\"twitter:data1\" content=\"ADR\/AFP\" \/>\n\t<meta name=\"twitter:label2\" content=\"Dur\u00e9e de lecture estim\u00e9e\" \/>\n\t<meta name=\"twitter:data2\" content=\"2 minutes\" \/>\n<script type=\"application\/ld+json\" class=\"yoast-schema-graph\">{\"@context\":\"https:\\\/\\\/schema.org\",\"@graph\":[{\"@type\":\"Article\",\"@id\":\"https:\\\/\\\/africadailyreport.com\\\/fr\\\/2025\\\/02\\\/07\\\/ivory-coast-opposition-leader-gives-up-french-nationality-before-election\\\/#article\",\"isPartOf\":{\"@id\":\"https:\\\/\\\/africadailyreport.com\\\/fr\\\/2025\\\/02\\\/07\\\/ivory-coast-opposition-leader-gives-up-french-nationality-before-election\\\/\"},\"author\":{\"name\":\"ADR\\\/AFP\",\"@id\":\"https:\\\/\\\/africadailyreport.com\\\/fr\\\/#\\\/schema\\\/person\\\/c44d86d79f5570b3ba4cf70c989843f8\"},\"headline\":\"C\u00f4te d&rsquo;Ivoire\\\/Pr\u00e9sidentielle: l&rsquo;opposant Tidjane Thiam renonce \u00e0 sa nationalit\u00e9 fran\u00e7aise\",\"datePublished\":\"2025-02-07T21:33:35+00:00\",\"dateModified\":\"2025-02-07T21:37:28+00:00\",\"mainEntityOfPage\":{\"@id\":\"https:\\\/\\\/africadailyreport.com\\\/fr\\\/2025\\\/02\\\/07\\\/ivory-coast-opposition-leader-gives-up-french-nationality-before-election\\\/\"},\"wordCount\":367,\"commentCount\":0,\"publisher\":{\"@id\":\"https:\\\/\\\/africadailyreport.com\\\/fr\\\/#organization\"},\"image\":{\"@id\":\"https:\\\/\\\/africadailyreport.com\\\/fr\\\/2025\\\/02\\\/07\\\/ivory-coast-opposition-leader-gives-up-french-nationality-before-election\\\/#primaryimage\"},\"thumbnailUrl\":\"https:\\\/\\\/i0.wp.com\\\/africadailyreport.com\\\/wp-content\\\/uploads\\\/2025\\\/02\\\/AFP__20241221__36R69Z6__v1__HighRes__IcoastPoliticsPartiesPdci.jpg?fit=%2C&ssl=1\",\"keywords\":[\"Ivory Coast\",\"Politics\",\"thiam\",\"tidjane\",\"vote\"],\"articleSection\":[\"News\",\"Politics\"],\"inLanguage\":\"fr-FR\",\"potentialAction\":[{\"@type\":\"CommentAction\",\"name\":\"Comment\",\"target\":[\"https:\\\/\\\/africadailyreport.com\\\/fr\\\/2025\\\/02\\\/07\\\/ivory-coast-opposition-leader-gives-up-french-nationality-before-election\\\/#respond\"]}],\"copyrightYear\":\"2025\",\"copyrightHolder\":{\"@id\":\"https:\\\/\\\/africadailyreport.com\\\/#organization\"}},{\"@type\":\"WebPage\",\"@id\":\"https:\\\/\\\/africadailyreport.com\\\/fr\\\/2025\\\/02\\\/07\\\/ivory-coast-opposition-leader-gives-up-french-nationality-before-election\\\/\",\"url\":\"https:\\\/\\\/africadailyreport.com\\\/fr\\\/2025\\\/02\\\/07\\\/ivory-coast-opposition-leader-gives-up-french-nationality-before-election\\\/\",\"name\":\"C\u00f4te d'Ivoire\\\/Pr\u00e9sidentielle: l'opposant Tidjane Thiam renonce \u00e0 sa nationalit\u00e9 fran\u00e7aise - Africa Daily Report\",\"isPartOf\":{\"@id\":\"https:\\\/\\\/africadailyreport.com\\\/fr\\\/#website\"},\"primaryImageOfPage\":{\"@id\":\"https:\\\/\\\/africadailyreport.com\\\/fr\\\/2025\\\/02\\\/07\\\/ivory-coast-opposition-leader-gives-up-french-nationality-before-election\\\/#primaryimage\"},\"image\":{\"@id\":\"https:\\\/\\\/africadailyreport.com\\\/fr\\\/2025\\\/02\\\/07\\\/ivory-coast-opposition-leader-gives-up-french-nationality-before-election\\\/#primaryimage\"},\"thumbnailUrl\":\"https:\\\/\\\/i0.wp.com\\\/africadailyreport.com\\\/wp-content\\\/uploads\\\/2025\\\/02\\\/AFP__20241221__36R69Z6__v1__HighRes__IcoastPoliticsPartiesPdci.jpg?fit=%2C&ssl=1\",\"datePublished\":\"2025-02-07T21:33:35+00:00\",\"dateModified\":\"2025-02-07T21:37:28+00:00\",\"breadcrumb\":{\"@id\":\"https:\\\/\\\/africadailyreport.com\\\/fr\\\/2025\\\/02\\\/07\\\/ivory-coast-opposition-leader-gives-up-french-nationality-before-election\\\/#breadcrumb\"},\"inLanguage\":\"fr-FR\",\"potentialAction\":[{\"@type\":\"ReadAction\",\"target\":[\"https:\\\/\\\/africadailyreport.com\\\/fr\\\/2025\\\/02\\\/07\\\/ivory-coast-opposition-leader-gives-up-french-nationality-before-election\\\/\"]}]},{\"@type\":\"ImageObject\",\"inLanguage\":\"fr-FR\",\"@id\":\"https:\\\/\\\/africadailyreport.com\\\/fr\\\/2025\\\/02\\\/07\\\/ivory-coast-opposition-leader-gives-up-french-nationality-before-election\\\/#primaryimage\",\"url\":\"https:\\\/\\\/i0.wp.com\\\/africadailyreport.com\\\/wp-content\\\/uploads\\\/2025\\\/02\\\/AFP__20241221__36R69Z6__v1__HighRes__IcoastPoliticsPartiesPdci.jpg?fit=%2C&ssl=1\",\"contentUrl\":\"https:\\\/\\\/i0.wp.com\\\/africadailyreport.com\\\/wp-content\\\/uploads\\\/2025\\\/02\\\/AFP__20241221__36R69Z6__v1__HighRes__IcoastPoliticsPartiesPdci.jpg?fit=%2C&ssl=1\",\"caption\":\"President of the opposition Democratic Party of Cote d'Ivoire (PDCI), Tidjane Thiam, delivers a speech on stage during a political rally in Aboisso on December 21, 2024. (Photo by Sia KAMBOU \\\/ AFP)\"},{\"@type\":\"BreadcrumbList\",\"@id\":\"https:\\\/\\\/africadailyreport.com\\\/fr\\\/2025\\\/02\\\/07\\\/ivory-coast-opposition-leader-gives-up-french-nationality-before-election\\\/#breadcrumb\",\"itemListElement\":[{\"@type\":\"ListItem\",\"position\":1,\"name\":\"Home\",\"item\":\"https:\\\/\\\/africadailyreport.com\\\/fr\\\/\"},{\"@type\":\"ListItem\",\"position\":2,\"name\":\"C\u00f4te d&#8217;Ivoire\\\/Pr\u00e9sidentielle: l&#8217;opposant Tidjane Thiam renonce \u00e0 sa nationalit\u00e9 fran\u00e7aise\"}]},{\"@type\":\"WebSite\",\"@id\":\"https:\\\/\\\/africadailyreport.com\\\/fr\\\/#website\",\"url\":\"https:\\\/\\\/africadailyreport.com\\\/fr\\\/\",\"name\":\"Africa Daily Report\",\"description\":\"\",\"publisher\":{\"@id\":\"https:\\\/\\\/africadailyreport.com\\\/fr\\\/#organization\"},\"potentialAction\":[{\"@type\":\"SearchAction\",\"target\":{\"@type\":\"EntryPoint\",\"urlTemplate\":\"https:\\\/\\\/africadailyreport.com\\\/fr\\\/?s={search_term_string}\"},\"query-input\":{\"@type\":\"PropertyValueSpecification\",\"valueRequired\":true,\"valueName\":\"search_term_string\"}}],\"inLanguage\":\"fr-FR\"},{\"@type\":\"Organization\",\"@id\":\"https:\\\/\\\/africadailyreport.com\\\/fr\\\/#organization\",\"name\":\"Africa Daily Report\",\"url\":\"https:\\\/\\\/africadailyreport.com\\\/fr\\\/\",\"logo\":{\"@type\":\"ImageObject\",\"inLanguage\":\"fr-FR\",\"@id\":\"https:\\\/\\\/africadailyreport.com\\\/fr\\\/#\\\/schema\\\/logo\\\/image\\\/\",\"url\":\"https:\\\/\\\/africadailyreport.com\\\/wp-content\\\/uploads\\\/2024\\\/09\\\/ADR-Transparent-Green-Logo-1.png\",\"contentUrl\":\"https:\\\/\\\/africadailyreport.com\\\/wp-content\\\/uploads\\\/2024\\\/09\\\/ADR-Transparent-Green-Logo-1.png\",\"width\":267,\"height\":185,\"caption\":\"Africa Daily Report\"},\"image\":{\"@id\":\"https:\\\/\\\/africadailyreport.com\\\/fr\\\/#\\\/schema\\\/logo\\\/image\\\/\"},\"sameAs\":[\"https:\\\/\\\/www.facebook.com\\\/africadailyreport\",\"https:\\\/\\\/x.com\\\/adr_africa\",\"https:\\\/\\\/www.youtube.com\\\/@africadailyreport\",\"https:\\\/\\\/instagram.com\\\/africadailyreport\"]},{\"@type\":\"Person\",\"@id\":\"https:\\\/\\\/africadailyreport.com\\\/fr\\\/#\\\/schema\\\/person\\\/c44d86d79f5570b3ba4cf70c989843f8\",\"name\":\"ADR\\\/AFP\",\"image\":{\"@type\":\"ImageObject\",\"inLanguage\":\"fr-FR\",\"@id\":\"https:\\\/\\\/secure.gravatar.com\\\/avatar\\\/2fbdc3782aa386b408fd9a36f0bc78ee569c94a7a05670cab3a1d72916408214?s=96&d=mm&r=g\",\"url\":\"https:\\\/\\\/secure.gravatar.com\\\/avatar\\\/2fbdc3782aa386b408fd9a36f0bc78ee569c94a7a05670cab3a1d72916408214?s=96&d=mm&r=g\",\"contentUrl\":\"https:\\\/\\\/secure.gravatar.com\\\/avatar\\\/2fbdc3782aa386b408fd9a36f0bc78ee569c94a7a05670cab3a1d72916408214?s=96&d=mm&r=g\",\"caption\":\"ADR\\\/AFP\"},\"sameAs\":[\"http:\\\/\\\/africadailyreport.com\"],\"url\":\"https:\\\/\\\/africadailyreport.com\\\/fr\\\/author\\\/both\\\/\"}]}<\/script>\n<!-- \/ Yoast SEO Premium plugin. -->","yoast_head_json":{"title":"C\u00f4te d'Ivoire\/Pr\u00e9sidentielle: l'opposant Tidjane Thiam renonce \u00e0 sa nationalit\u00e9 fran\u00e7aise - Africa Daily Report","robots":{"index":"index","follow":"follow","max-snippet":"max-snippet:-1","max-image-preview":"max-image-preview:large","max-video-preview":"max-video-preview:-1"},"canonical":"https:\/\/africadailyreport.com\/fr\/2025\/02\/07\/ivory-coast-opposition-leader-gives-up-french-nationality-before-election\/","og_locale":"fr_FR","og_type":"article","og_title":"C\u00f4te d'Ivoire\/Pr\u00e9sidentielle: l'opposant Tidjane Thiam renonce \u00e0 sa nationalit\u00e9 fran\u00e7aise","og_description":"Abidjan,\u00a0C\u00f4te d&rsquo;Ivoire &#8211; Le pr\u00e9sident du Parti d\u00e9mocratique de C\u00f4te d&rsquo;Ivoire (PDCI), principale formation d&rsquo;opposition, Tidjane Thiam, a annonc\u00e9 vendredi renoncer \u00e0 sa nationalit\u00e9 fran\u00e7aise afin d&rsquo;\u00eatre exclusivement ivoirien, une condition sine qua non pour \u00eatre candidat \u00e0 la prochaine pr\u00e9sidentielle en octobre 2025. \u00ab\u00a0Nous avons effectu\u00e9 ce matin une d\u00e9marche importante (&#8230;) pr\u00e9vue de [&hellip;]","og_url":"https:\/\/africadailyreport.com\/fr\/2025\/02\/07\/ivory-coast-opposition-leader-gives-up-french-nationality-before-election\/","og_site_name":"Africa Daily Report","article_publisher":"https:\/\/www.facebook.com\/africadailyreport","article_published_time":"2025-02-07T21:33:35+00:00","article_modified_time":"2025-02-07T21:37:28+00:00","og_image":[{"url":"https:\/\/africadailyreport.com\/wp-content\/uploads\/2025\/02\/AFP__20241221__36R69Z6__v1__HighRes__IcoastPoliticsPartiesPdci.jpg","width":1,"height":1,"type":"image\/jpeg"}],"author":"ADR\/AFP","twitter_card":"summary_large_image","twitter_creator":"@adr_africa","twitter_site":"@adr_africa","twitter_misc":{"\u00c9crit par":"ADR\/AFP","Dur\u00e9e de lecture estim\u00e9e":"2 minutes"},"schema":{"@context":"https:\/\/schema.org","@graph":[{"@type":"Article","@id":"https:\/\/africadailyreport.com\/fr\/2025\/02\/07\/ivory-coast-opposition-leader-gives-up-french-nationality-before-election\/#article","isPartOf":{"@id":"https:\/\/africadailyreport.com\/fr\/2025\/02\/07\/ivory-coast-opposition-leader-gives-up-french-nationality-before-election\/"},"author":{"name":"ADR\/AFP","@id":"https:\/\/africadailyreport.com\/fr\/#\/schema\/person\/c44d86d79f5570b3ba4cf70c989843f8"},"headline":"C\u00f4te d&rsquo;Ivoire\/Pr\u00e9sidentielle: l&rsquo;opposant Tidjane Thiam renonce \u00e0 sa nationalit\u00e9 fran\u00e7aise","datePublished":"2025-02-07T21:33:35+00:00","dateModified":"2025-02-07T21:37:28+00:00","mainEntityOfPage":{"@id":"https:\/\/africadailyreport.com\/fr\/2025\/02\/07\/ivory-coast-opposition-leader-gives-up-french-nationality-before-election\/"},"wordCount":367,"commentCount":0,"publisher":{"@id":"https:\/\/africadailyreport.com\/fr\/#organization"},"image":{"@id":"https:\/\/africadailyreport.com\/fr\/2025\/02\/07\/ivory-coast-opposition-leader-gives-up-french-nationality-before-election\/#primaryimage"},"thumbnailUrl":"https:\/\/i0.wp.com\/africadailyreport.com\/wp-content\/uploads\/2025\/02\/AFP__20241221__36R69Z6__v1__HighRes__IcoastPoliticsPartiesPdci.jpg?fit=%2C&ssl=1","keywords":["Ivory Coast","Politics","thiam","tidjane","vote"],"articleSection":["News","Politics"],"inLanguage":"fr-FR","potentialAction":[{"@type":"CommentAction","name":"Comment","target":["https:\/\/africadailyreport.com\/fr\/2025\/02\/07\/ivory-coast-opposition-leader-gives-up-french-nationality-before-election\/#respond"]}],"copyrightYear":"2025","copyrightHolder":{"@id":"https:\/\/africadailyreport.com\/#organization"}},{"@type":"WebPage","@id":"https:\/\/africadailyreport.com\/fr\/2025\/02\/07\/ivory-coast-opposition-leader-gives-up-french-nationality-before-election\/","url":"https:\/\/africadailyreport.com\/fr\/2025\/02\/07\/ivory-coast-opposition-leader-gives-up-french-nationality-before-election\/","name":"C\u00f4te d'Ivoire\/Pr\u00e9sidentielle: l'opposant Tidjane Thiam renonce \u00e0 sa nationalit\u00e9 fran\u00e7aise - Africa Daily Report","isPartOf":{"@id":"https:\/\/africadailyreport.com\/fr\/#website"},"primaryImageOfPage":{"@id":"https:\/\/africadailyreport.com\/fr\/2025\/02\/07\/ivory-coast-opposition-leader-gives-up-french-nationality-before-election\/#primaryimage"},"image":{"@id":"https:\/\/africadailyreport.com\/fr\/2025\/02\/07\/ivory-coast-opposition-leader-gives-up-french-nationality-before-election\/#primaryimage"},"thumbnailUrl":"https:\/\/i0.wp.com\/africadailyreport.com\/wp-content\/uploads\/2025\/02\/AFP__20241221__36R69Z6__v1__HighRes__IcoastPoliticsPartiesPdci.jpg?fit=%2C&ssl=1","datePublished":"2025-02-07T21:33:35+00:00","dateModified":"2025-02-07T21:37:28+00:00","breadcrumb":{"@id":"https:\/\/africadailyreport.com\/fr\/2025\/02\/07\/ivory-coast-opposition-leader-gives-up-french-nationality-before-election\/#breadcrumb"},"inLanguage":"fr-FR","potentialAction":[{"@type":"ReadAction","target":["https:\/\/africadailyreport.com\/fr\/2025\/02\/07\/ivory-coast-opposition-leader-gives-up-french-nationality-before-election\/"]}]},{"@type":"ImageObject","inLanguage":"fr-FR","@id":"https:\/\/africadailyreport.com\/fr\/2025\/02\/07\/ivory-coast-opposition-leader-gives-up-french-nationality-before-election\/#primaryimage","url":"https:\/\/i0.wp.com\/africadailyreport.com\/wp-content\/uploads\/2025\/02\/AFP__20241221__36R69Z6__v1__HighRes__IcoastPoliticsPartiesPdci.jpg?fit=%2C&ssl=1","contentUrl":"https:\/\/i0.wp.com\/africadailyreport.com\/wp-content\/uploads\/2025\/02\/AFP__20241221__36R69Z6__v1__HighRes__IcoastPoliticsPartiesPdci.jpg?fit=%2C&ssl=1","caption":"President of the opposition Democratic Party of Cote d'Ivoire (PDCI), Tidjane Thiam, delivers a speech on stage during a political rally in Aboisso on December 21, 2024. (Photo by Sia KAMBOU \/ AFP)"},{"@type":"BreadcrumbList","@id":"https:\/\/africadailyreport.com\/fr\/2025\/02\/07\/ivory-coast-opposition-leader-gives-up-french-nationality-before-election\/#breadcrumb","itemListElement":[{"@type":"ListItem","position":1,"name":"Home","item":"https:\/\/africadailyreport.com\/fr\/"},{"@type":"ListItem","position":2,"name":"C\u00f4te d&#8217;Ivoire\/Pr\u00e9sidentielle: l&#8217;opposant Tidjane Thiam renonce \u00e0 sa nationalit\u00e9 fran\u00e7aise"}]},{"@type":"WebSite","@id":"https:\/\/africadailyreport.com\/fr\/#website","url":"https:\/\/africadailyreport.com\/fr\/","name":"Africa Daily Report","description":"","publisher":{"@id":"https:\/\/africadailyreport.com\/fr\/#organization"},"potentialAction":[{"@type":"SearchAction","target":{"@type":"EntryPoint","urlTemplate":"https:\/\/africadailyreport.com\/fr\/?s={search_term_string}"},"query-input":{"@type":"PropertyValueSpecification","valueRequired":true,"valueName":"search_term_string"}}],"inLanguage":"fr-FR"},{"@type":"Organization","@id":"https:\/\/africadailyreport.com\/fr\/#organization","name":"Africa Daily Report","url":"https:\/\/africadailyreport.com\/fr\/","logo":{"@type":"ImageObject","inLanguage":"fr-FR","@id":"https:\/\/africadailyreport.com\/fr\/#\/schema\/logo\/image\/","url":"https:\/\/africadailyreport.com\/wp-content\/uploads\/2024\/09\/ADR-Transparent-Green-Logo-1.png","contentUrl":"https:\/\/africadailyreport.com\/wp-content\/uploads\/2024\/09\/ADR-Transparent-Green-Logo-1.png","width":267,"height":185,"caption":"Africa Daily Report"},"image":{"@id":"https:\/\/africadailyreport.com\/fr\/#\/schema\/logo\/image\/"},"sameAs":["https:\/\/www.facebook.com\/africadailyreport","https:\/\/x.com\/adr_africa","https:\/\/www.youtube.com\/@africadailyreport","https:\/\/instagram.com\/africadailyreport"]},{"@type":"Person","@id":"https:\/\/africadailyreport.com\/fr\/#\/schema\/person\/c44d86d79f5570b3ba4cf70c989843f8","name":"ADR\/AFP","image":{"@type":"ImageObject","inLanguage":"fr-FR","@id":"https:\/\/secure.gravatar.com\/avatar\/2fbdc3782aa386b408fd9a36f0bc78ee569c94a7a05670cab3a1d72916408214?s=96&d=mm&r=g","url":"https:\/\/secure.gravatar.com\/avatar\/2fbdc3782aa386b408fd9a36f0bc78ee569c94a7a05670cab3a1d72916408214?s=96&d=mm&r=g","contentUrl":"https:\/\/secure.gravatar.com\/avatar\/2fbdc3782aa386b408fd9a36f0bc78ee569c94a7a05670cab3a1d72916408214?s=96&d=mm&r=g","caption":"ADR\/AFP"},"sameAs":["http:\/\/africadailyreport.com"],"url":"https:\/\/africadailyreport.com\/fr\/author\/both\/"}]}},"jetpack_featured_media_url":"https:\/\/i0.wp.com\/africadailyreport.com\/wp-content\/uploads\/2025\/02\/AFP__20241221__36R69Z6__v1__HighRes__IcoastPoliticsPartiesPdci.jpg?fit=%2C&ssl=1","jetpack_sharing_enabled":true,"amp_enabled":true,"_links":{"self":[{"href":"https:\/\/africadailyreport.com\/fr\/wp-json\/wp\/v2\/posts\/16883","targetHints":{"allow":["GET"]}}],"collection":[{"href":"https:\/\/africadailyreport.com\/fr\/wp-json\/wp\/v2\/posts"}],"about":[{"href":"https:\/\/africadailyreport.com\/fr\/wp-json\/wp\/v2\/types\/post"}],"author":[{"embeddable":true,"href":"https:\/\/africadailyreport.com\/fr\/wp-json\/wp\/v2\/users\/10"}],"replies":[{"embeddable":true,"href":"https:\/\/africadailyreport.com\/fr\/wp-json\/wp\/v2\/comments?post=16883"}],"version-history":[{"count":2,"href":"https:\/\/africadailyreport.com\/fr\/wp-json\/wp\/v2\/posts\/16883\/revisions"}],"predecessor-version":[{"id":16886,"href":"https:\/\/africadailyreport.com\/fr\/wp-json\/wp\/v2\/posts\/16883\/revisions\/16886"}],"wp:featuredmedia":[{"embeddable":true,"href":"https:\/\/africadailyreport.com\/fr\/wp-json\/wp\/v2\/media\/16881"}],"wp:attachment":[{"href":"https:\/\/africadailyreport.com\/fr\/wp-json\/wp\/v2\/media?parent=16883"}],"wp:term":[{"taxonomy":"category","embeddable":true,"href":"https:\/\/africadailyreport.com\/fr\/wp-json\/wp\/v2\/categories?post=16883"},{"taxonomy":"post_tag","embeddable":true,"href":"https:\/\/africadailyreport.com\/fr\/wp-json\/wp\/v2\/tags?post=16883"},{"taxonomy":"adr_country","embeddable":true,"href":"https:\/\/africadailyreport.com\/fr\/wp-json\/wp\/v2\/adr_country?post=16883"}],"curies":[{"name":"wp","href":"https:\/\/api.w.org\/{rel}","templated":true}]}}