{"id":16874,"date":"2025-02-07T21:16:54","date_gmt":"2025-02-07T21:16:54","guid":{"rendered":"https:\/\/africadailyreport.com\/2025\/02\/07\/burundi-sends-extra-battalion-to-drc-conflict\/"},"modified":"2025-02-07T21:21:23","modified_gmt":"2025-02-07T21:21:23","slug":"burundi-sends-extra-battalion-to-drc-conflict","status":"publish","type":"post","link":"https:\/\/africadailyreport.com\/fr\/2025\/02\/07\/burundi-sends-extra-battalion-to-drc-conflict\/","title":{"rendered":"Est de la RDC: le Burundi envoie un bataillon suppl\u00e9mentaire en soutien \u00e0 l&rsquo;arm\u00e9e congolaise"},"content":{"rendered":"\n<h2 class=\"wp-block-heading\" id=\"h-nairobi-kenya-le-burundi-qui-soutient-l-armee-congolaise-contre-le-groupe-arme-m23-et-les-troupes-rwandaises-dans-l-est-de-la-rdc-y-a-envoye-un-bataillon-supplementaire-a-affirme-a-l-afp-une-source-securitaire-vendredi-jour-de-l-ouverture-d-un-sommet-extraordinaire-regional-consacre-au-conflit\">Nairobi,\u00a0Kenya &#8211; Le Burundi, qui soutient l&rsquo;arm\u00e9e congolaise contre le groupe arm\u00e9 M23 et les troupes rwandaises dans l&rsquo;Est de la RDC, y a envoy\u00e9 un bataillon suppl\u00e9mentaire, a affirm\u00e9 \u00e0 l&rsquo;AFP une source s\u00e9curitaire vendredi, jour de l&rsquo;ouverture d&rsquo;un sommet extraordinaire r\u00e9gional consacr\u00e9 au conflit.<\/h2>\n\n\n\n\n\n<p>Les fronti\u00e8res du Burundi, petit pays d&rsquo;Afrique centrale extr\u00eamement pauvre dont la population est majoritairement hutu, sont bord\u00e9es, \u00e0 l&rsquo;ouest, par le g\u00e9ant congolais et, au nord, par le Rwanda.<\/p>\n\n\n\n<p>L&rsquo;arm\u00e9e burundaise est d\u00e9ploy\u00e9e depuis octobre 2023 dans l&rsquo;Est de la R\u00e9publique d\u00e9mocratique du Congo, dans le cadre d&rsquo;un accord de coop\u00e9ration militaire avec Kinshasa, \u00e0 raison d&rsquo;environ 10.000 soldats.<\/p>\n\n\n\n<p>Un bataillon de soldats suppl\u00e9mentaires, rassembl\u00e9s depuis mardi pr\u00e8s de la fronti\u00e8re congolaise, \u00ab\u00a0a \u00e9t\u00e9 achemin\u00e9 ce jeudi par camions militaires dans l&rsquo;est de la RDC pour y \u00eatre d\u00e9ploy\u00e9s\u00a0\u00bb, a d\u00e9clar\u00e9 vendredi \u00e0 l&rsquo;AFP un haut grad\u00e9 de l&rsquo;arm\u00e9e, sous couvert d&rsquo;anonymat.<\/p>\n\n\n\n<p>Les troupes burundaises sont ainsi pass\u00e9es de 15 \u00e0 16 bataillons d\u00e9ploy\u00e9s dans le Sud-Kivu, en majorit\u00e9 autour de Bukavu, ajoute cette source, sans pr\u00e9ciser combien de soldats compte ce dernier bataillon.<\/p>\n\n\n\n<p>Deux autres sources s\u00e9curitaires ont confirm\u00e9 l&rsquo;information.<\/p>\n\n\n\n<p>La capitale provinciale du Sud-Kivu se pr\u00e9pare vendredi \u00e0 \u00eatre attaqu\u00e9e par le M23 et ses alli\u00e9s rwandais, qui se sont empar\u00e9s de Goma, au Nord-Kivu, la semaine derni\u00e8re.<\/p>\n\n\n\n<p>Le reste du contingent burundais est d\u00e9ploy\u00e9 plus au sud, dans les hauts et moyens plateaux de Fizi et Uvira &#8211; localit\u00e9 tr\u00e8s proche de la fronti\u00e8re et de la capitale \u00e9conomique burundaise Bujumbura -, pour \u00ab\u00a0traquer les rebelles du RED-Tabara\u00a0\u00bb, pr\u00e9cise la premi\u00e8re source.<\/p>\n\n\n\n<p>Les autorit\u00e9s burundaises affirment que ces rebelles burundais, auteurs d&rsquo;attaques ces derni\u00e8res ann\u00e9es, sont soutenus par le Rwanda &#8211; ce que ce dernier d\u00e9ment.<\/p>\n\n\n\n<p>Le Burundi a derni\u00e8rement sembl\u00e9 r\u00e9affirmer son soutien \u00e0 la RDC, l&rsquo;inqui\u00e9tude ayant saisi le r\u00e9gime, issu de l&rsquo;ancienne r\u00e9bellion hutu du CNDD-FDD, selon plusieurs sources interrog\u00e9es par l&rsquo;AFP.<\/p>\n\n\n\n<p>Le&nbsp;pr\u00e9sident Evariste Ndayishimiye a&nbsp;le 1er f\u00e9vrier dit redouter que le conflit puisse d\u00e9clencher une guerre r\u00e9gionale dans les Grands Lacs.<\/p>\n\n\n\n<p>Lors de ses v\u0153ux au corps diplomatique fin janvier, M. Ndayishimiye avait d\u00e9j\u00e0 affirm\u00e9 que Kigali \u00e9tait \u00ab\u00a0en train de pr\u00e9parer quelque chose contre le Burundi.\u00a0\u00bb Par le pass\u00e9, il a qualifi\u00e9 le Rwanda d'\u00a0\u00bbennemi.\u00a0\u00bb<\/p>\n\n\n\n<p>L&rsquo;opposition et la soci\u00e9t\u00e9 civile accusent le pouvoir d&rsquo;instrumentalisation ethnique, avant les l\u00e9gislatives de juin 2025.<\/p>\n\n\n\n<p>Un sommet conjoint de la Communaut\u00e9 des Etats d&rsquo;Afrique de l&rsquo;Est (EAC) et de la Communaut\u00e9 de d\u00e9veloppement de l&rsquo;Afrique australe (SADC) est pr\u00e9vu \u00e0 Dar es Salaam vendredi et samedi, jour o\u00f9 F\u00e9lix Tshisekedi et Paul Kagame y sont annonc\u00e9s.<\/p>\n\n\n\n<p><\/p>\n\n\n\n<p>\u00a9 Agence France-Presse<\/p>\n","protected":false},"excerpt":{"rendered":"<p>Nairobi,\u00a0Kenya &#8211; Le Burundi, qui soutient l&rsquo;arm\u00e9e congolaise contre le groupe arm\u00e9 M23 et les troupes rwandaises dans l&rsquo;Est de la RDC, y a envoy\u00e9 un bataillon suppl\u00e9mentaire, a affirm\u00e9 \u00e0 l&rsquo;AFP une source s\u00e9curitaire vendredi, jour de l&rsquo;ouverture d&rsquo;un sommet extraordinaire r\u00e9gional consacr\u00e9 au conflit. Les fronti\u00e8res du Burundi, petit pays d&rsquo;Afrique centrale extr\u00eamement [&hellip;]<\/p>\n","protected":false},"author":10,"featured_media":16871,"comment_status":"open","ping_status":"open","sticky":false,"template":"","format":"standard","meta":{"_acf_changed":false,"om_disable_all_campaigns":false,"_monsterinsights_skip_tracking":false,"_monsterinsights_sitenote_active":false,"_monsterinsights_sitenote_note":"","_monsterinsights_sitenote_category":0,"tdm_status":"","tdm_grid_status":"","_jetpack_newsletter_access":"","_jetpack_dont_email_post_to_subs":false,"_jetpack_newsletter_tier_id":0,"_jetpack_memberships_contains_paywalled_content":false,"_jetpack_memberships_contains_paid_content":false,"footnotes":""},"categories":[1897,1241,2671,1008,2463],"tags":[],"adr_country":[1198,1089,1083],"class_list":{"0":"post-16874","1":"post","2":"type-post","3":"status-publish","4":"format-standard","5":"has-post-thumbnail","7":"category-est-africa-fr","8":"category-lead-2-fr","9":"category-news-2","10":"category-politics-fr","11":"category-security-fr","12":"adr_country-burundi","13":"adr_country-d-r-congo","14":"adr_country-rwanda"},"acf":{"post_version":""},"yoast_head":"<!-- This site is optimized with the Yoast SEO Premium plugin v26.0 (Yoast SEO v27.4) - https:\/\/yoast.com\/product\/yoast-seo-premium-wordpress\/ -->\n<title>Est de la RDC: le Burundi envoie un bataillon suppl\u00e9mentaire en soutien \u00e0 l&#039;arm\u00e9e congolaise - Africa Daily Report<\/title>\n<meta name=\"robots\" content=\"index, follow, max-snippet:-1, max-image-preview:large, max-video-preview:-1\" \/>\n<link rel=\"canonical\" href=\"https:\/\/africadailyreport.com\/fr\/2025\/02\/07\/burundi-sends-extra-battalion-to-drc-conflict\/\" \/>\n<meta property=\"og:locale\" content=\"fr_FR\" \/>\n<meta property=\"og:type\" content=\"article\" \/>\n<meta property=\"og:title\" content=\"Est de la RDC: le Burundi envoie un bataillon suppl\u00e9mentaire en soutien \u00e0 l&#039;arm\u00e9e congolaise\" \/>\n<meta property=\"og:description\" content=\"Nairobi,\u00a0Kenya &#8211; Le Burundi, qui soutient l&rsquo;arm\u00e9e congolaise contre le groupe arm\u00e9 M23 et les troupes rwandaises dans l&rsquo;Est de la RDC, y a envoy\u00e9 un bataillon suppl\u00e9mentaire, a affirm\u00e9 \u00e0 l&rsquo;AFP une source s\u00e9curitaire vendredi, jour de l&rsquo;ouverture d&rsquo;un sommet extraordinaire r\u00e9gional consacr\u00e9 au conflit. Les fronti\u00e8res du Burundi, petit pays d&rsquo;Afrique centrale extr\u00eamement [&hellip;]\" \/>\n<meta property=\"og:url\" content=\"https:\/\/africadailyreport.com\/fr\/2025\/02\/07\/burundi-sends-extra-battalion-to-drc-conflict\/\" \/>\n<meta property=\"og:site_name\" content=\"Africa Daily Report\" \/>\n<meta property=\"article:publisher\" content=\"https:\/\/www.facebook.com\/africadailyreport\" \/>\n<meta property=\"article:published_time\" content=\"2025-02-07T21:16:54+00:00\" \/>\n<meta property=\"article:modified_time\" content=\"2025-02-07T21:21:23+00:00\" \/>\n<meta property=\"og:image\" content=\"https:\/\/africadailyreport.com\/wp-content\/uploads\/2025\/02\/AFP__20230305__33AK98Q__v1__HighRes__DrcongoBurundiConflict-scaled.jpg\" \/>\n\t<meta property=\"og:image:width\" content=\"1\" \/>\n\t<meta property=\"og:image:height\" content=\"1\" \/>\n\t<meta property=\"og:image:type\" content=\"image\/jpeg\" \/>\n<meta name=\"author\" content=\"ADR\/AFP\" \/>\n<meta name=\"twitter:card\" content=\"summary_large_image\" \/>\n<meta name=\"twitter:creator\" content=\"@adr_africa\" \/>\n<meta name=\"twitter:site\" content=\"@adr_africa\" \/>\n<meta name=\"twitter:label1\" content=\"\u00c9crit par\" \/>\n\t<meta name=\"twitter:data1\" content=\"ADR\/AFP\" \/>\n\t<meta name=\"twitter:label2\" content=\"Dur\u00e9e de lecture estim\u00e9e\" \/>\n\t<meta name=\"twitter:data2\" content=\"3 minutes\" \/>\n<script type=\"application\/ld+json\" class=\"yoast-schema-graph\">{\"@context\":\"https:\\\/\\\/schema.org\",\"@graph\":[{\"@type\":\"Article\",\"@id\":\"https:\\\/\\\/africadailyreport.com\\\/fr\\\/2025\\\/02\\\/07\\\/burundi-sends-extra-battalion-to-drc-conflict\\\/#article\",\"isPartOf\":{\"@id\":\"https:\\\/\\\/africadailyreport.com\\\/fr\\\/2025\\\/02\\\/07\\\/burundi-sends-extra-battalion-to-drc-conflict\\\/\"},\"author\":{\"name\":\"ADR\\\/AFP\",\"@id\":\"https:\\\/\\\/africadailyreport.com\\\/fr\\\/#\\\/schema\\\/person\\\/c44d86d79f5570b3ba4cf70c989843f8\"},\"headline\":\"Est de la RDC: le Burundi envoie un bataillon suppl\u00e9mentaire en soutien \u00e0 l&rsquo;arm\u00e9e congolaise\",\"datePublished\":\"2025-02-07T21:16:54+00:00\",\"dateModified\":\"2025-02-07T21:21:23+00:00\",\"mainEntityOfPage\":{\"@id\":\"https:\\\/\\\/africadailyreport.com\\\/fr\\\/2025\\\/02\\\/07\\\/burundi-sends-extra-battalion-to-drc-conflict\\\/\"},\"wordCount\":524,\"commentCount\":0,\"publisher\":{\"@id\":\"https:\\\/\\\/africadailyreport.com\\\/fr\\\/#organization\"},\"image\":{\"@id\":\"https:\\\/\\\/africadailyreport.com\\\/fr\\\/2025\\\/02\\\/07\\\/burundi-sends-extra-battalion-to-drc-conflict\\\/#primaryimage\"},\"thumbnailUrl\":\"https:\\\/\\\/i0.wp.com\\\/africadailyreport.com\\\/wp-content\\\/uploads\\\/2025\\\/02\\\/AFP__20230305__33AK98Q__v1__HighRes__DrcongoBurundiConflict-scaled.jpg?fit=%2C&ssl=1\",\"articleSection\":[\"Est Africa\",\"LEAD\",\"News\",\"Politics\",\"Security\"],\"inLanguage\":\"fr-FR\",\"potentialAction\":[{\"@type\":\"CommentAction\",\"name\":\"Comment\",\"target\":[\"https:\\\/\\\/africadailyreport.com\\\/fr\\\/2025\\\/02\\\/07\\\/burundi-sends-extra-battalion-to-drc-conflict\\\/#respond\"]}],\"copyrightYear\":\"2025\",\"copyrightHolder\":{\"@id\":\"https:\\\/\\\/africadailyreport.com\\\/#organization\"}},{\"@type\":\"WebPage\",\"@id\":\"https:\\\/\\\/africadailyreport.com\\\/fr\\\/2025\\\/02\\\/07\\\/burundi-sends-extra-battalion-to-drc-conflict\\\/\",\"url\":\"https:\\\/\\\/africadailyreport.com\\\/fr\\\/2025\\\/02\\\/07\\\/burundi-sends-extra-battalion-to-drc-conflict\\\/\",\"name\":\"Est de la RDC: le Burundi envoie un bataillon suppl\u00e9mentaire en soutien \u00e0 l'arm\u00e9e congolaise - Africa Daily Report\",\"isPartOf\":{\"@id\":\"https:\\\/\\\/africadailyreport.com\\\/fr\\\/#website\"},\"primaryImageOfPage\":{\"@id\":\"https:\\\/\\\/africadailyreport.com\\\/fr\\\/2025\\\/02\\\/07\\\/burundi-sends-extra-battalion-to-drc-conflict\\\/#primaryimage\"},\"image\":{\"@id\":\"https:\\\/\\\/africadailyreport.com\\\/fr\\\/2025\\\/02\\\/07\\\/burundi-sends-extra-battalion-to-drc-conflict\\\/#primaryimage\"},\"thumbnailUrl\":\"https:\\\/\\\/i0.wp.com\\\/africadailyreport.com\\\/wp-content\\\/uploads\\\/2025\\\/02\\\/AFP__20230305__33AK98Q__v1__HighRes__DrcongoBurundiConflict-scaled.jpg?fit=%2C&ssl=1\",\"datePublished\":\"2025-02-07T21:16:54+00:00\",\"dateModified\":\"2025-02-07T21:21:23+00:00\",\"breadcrumb\":{\"@id\":\"https:\\\/\\\/africadailyreport.com\\\/fr\\\/2025\\\/02\\\/07\\\/burundi-sends-extra-battalion-to-drc-conflict\\\/#breadcrumb\"},\"inLanguage\":\"fr-FR\",\"potentialAction\":[{\"@type\":\"ReadAction\",\"target\":[\"https:\\\/\\\/africadailyreport.com\\\/fr\\\/2025\\\/02\\\/07\\\/burundi-sends-extra-battalion-to-drc-conflict\\\/\"]}]},{\"@type\":\"ImageObject\",\"inLanguage\":\"fr-FR\",\"@id\":\"https:\\\/\\\/africadailyreport.com\\\/fr\\\/2025\\\/02\\\/07\\\/burundi-sends-extra-battalion-to-drc-conflict\\\/#primaryimage\",\"url\":\"https:\\\/\\\/i0.wp.com\\\/africadailyreport.com\\\/wp-content\\\/uploads\\\/2025\\\/02\\\/AFP__20230305__33AK98Q__v1__HighRes__DrcongoBurundiConflict-scaled.jpg?fit=%2C&ssl=1\",\"contentUrl\":\"https:\\\/\\\/i0.wp.com\\\/africadailyreport.com\\\/wp-content\\\/uploads\\\/2025\\\/02\\\/AFP__20230305__33AK98Q__v1__HighRes__DrcongoBurundiConflict-scaled.jpg?fit=%2C&ssl=1\",\"caption\":\"Burundian military personnel arrive at Goma airport in eastern Democratic Republic of Congo on March 5, 2023. Thirty Burundian soldiers landed at Goma airport in the eastern Democratic Republic of Congo on Sunday to join an international force helping Kinshasa tackle the rise of militias in the region. The troops will be deployed as part of the regional force set up by the East African Community (EAC) countries to try to stem the advance of the M23 rebellion and disband the hundred or so armed groups that plague eastern DR Congo. (Photo by ALEXIS HUGUET \\\/ AFP)\"},{\"@type\":\"BreadcrumbList\",\"@id\":\"https:\\\/\\\/africadailyreport.com\\\/fr\\\/2025\\\/02\\\/07\\\/burundi-sends-extra-battalion-to-drc-conflict\\\/#breadcrumb\",\"itemListElement\":[{\"@type\":\"ListItem\",\"position\":1,\"name\":\"Home\",\"item\":\"https:\\\/\\\/africadailyreport.com\\\/fr\\\/\"},{\"@type\":\"ListItem\",\"position\":2,\"name\":\"Est de la RDC: le Burundi envoie un bataillon suppl\u00e9mentaire en soutien \u00e0 l&#8217;arm\u00e9e congolaise\"}]},{\"@type\":\"WebSite\",\"@id\":\"https:\\\/\\\/africadailyreport.com\\\/fr\\\/#website\",\"url\":\"https:\\\/\\\/africadailyreport.com\\\/fr\\\/\",\"name\":\"Africa Daily Report\",\"description\":\"\",\"publisher\":{\"@id\":\"https:\\\/\\\/africadailyreport.com\\\/fr\\\/#organization\"},\"potentialAction\":[{\"@type\":\"SearchAction\",\"target\":{\"@type\":\"EntryPoint\",\"urlTemplate\":\"https:\\\/\\\/africadailyreport.com\\\/fr\\\/?s={search_term_string}\"},\"query-input\":{\"@type\":\"PropertyValueSpecification\",\"valueRequired\":true,\"valueName\":\"search_term_string\"}}],\"inLanguage\":\"fr-FR\"},{\"@type\":\"Organization\",\"@id\":\"https:\\\/\\\/africadailyreport.com\\\/fr\\\/#organization\",\"name\":\"Africa Daily Report\",\"url\":\"https:\\\/\\\/africadailyreport.com\\\/fr\\\/\",\"logo\":{\"@type\":\"ImageObject\",\"inLanguage\":\"fr-FR\",\"@id\":\"https:\\\/\\\/africadailyreport.com\\\/fr\\\/#\\\/schema\\\/logo\\\/image\\\/\",\"url\":\"https:\\\/\\\/africadailyreport.com\\\/wp-content\\\/uploads\\\/2024\\\/09\\\/ADR-Transparent-Green-Logo-1.png\",\"contentUrl\":\"https:\\\/\\\/africadailyreport.com\\\/wp-content\\\/uploads\\\/2024\\\/09\\\/ADR-Transparent-Green-Logo-1.png\",\"width\":267,\"height\":185,\"caption\":\"Africa Daily Report\"},\"image\":{\"@id\":\"https:\\\/\\\/africadailyreport.com\\\/fr\\\/#\\\/schema\\\/logo\\\/image\\\/\"},\"sameAs\":[\"https:\\\/\\\/www.facebook.com\\\/africadailyreport\",\"https:\\\/\\\/x.com\\\/adr_africa\",\"https:\\\/\\\/www.youtube.com\\\/@africadailyreport\",\"https:\\\/\\\/instagram.com\\\/africadailyreport\"]},{\"@type\":\"Person\",\"@id\":\"https:\\\/\\\/africadailyreport.com\\\/fr\\\/#\\\/schema\\\/person\\\/c44d86d79f5570b3ba4cf70c989843f8\",\"name\":\"ADR\\\/AFP\",\"image\":{\"@type\":\"ImageObject\",\"inLanguage\":\"fr-FR\",\"@id\":\"https:\\\/\\\/secure.gravatar.com\\\/avatar\\\/2fbdc3782aa386b408fd9a36f0bc78ee569c94a7a05670cab3a1d72916408214?s=96&d=mm&r=g\",\"url\":\"https:\\\/\\\/secure.gravatar.com\\\/avatar\\\/2fbdc3782aa386b408fd9a36f0bc78ee569c94a7a05670cab3a1d72916408214?s=96&d=mm&r=g\",\"contentUrl\":\"https:\\\/\\\/secure.gravatar.com\\\/avatar\\\/2fbdc3782aa386b408fd9a36f0bc78ee569c94a7a05670cab3a1d72916408214?s=96&d=mm&r=g\",\"caption\":\"ADR\\\/AFP\"},\"sameAs\":[\"http:\\\/\\\/africadailyreport.com\"],\"url\":\"https:\\\/\\\/africadailyreport.com\\\/fr\\\/author\\\/both\\\/\"}]}<\/script>\n<!-- \/ Yoast SEO Premium plugin. -->","yoast_head_json":{"title":"Est de la RDC: le Burundi envoie un bataillon suppl\u00e9mentaire en soutien \u00e0 l'arm\u00e9e congolaise - Africa Daily Report","robots":{"index":"index","follow":"follow","max-snippet":"max-snippet:-1","max-image-preview":"max-image-preview:large","max-video-preview":"max-video-preview:-1"},"canonical":"https:\/\/africadailyreport.com\/fr\/2025\/02\/07\/burundi-sends-extra-battalion-to-drc-conflict\/","og_locale":"fr_FR","og_type":"article","og_title":"Est de la RDC: le Burundi envoie un bataillon suppl\u00e9mentaire en soutien \u00e0 l'arm\u00e9e congolaise","og_description":"Nairobi,\u00a0Kenya &#8211; Le Burundi, qui soutient l&rsquo;arm\u00e9e congolaise contre le groupe arm\u00e9 M23 et les troupes rwandaises dans l&rsquo;Est de la RDC, y a envoy\u00e9 un bataillon suppl\u00e9mentaire, a affirm\u00e9 \u00e0 l&rsquo;AFP une source s\u00e9curitaire vendredi, jour de l&rsquo;ouverture d&rsquo;un sommet extraordinaire r\u00e9gional consacr\u00e9 au conflit. Les fronti\u00e8res du Burundi, petit pays d&rsquo;Afrique centrale extr\u00eamement [&hellip;]","og_url":"https:\/\/africadailyreport.com\/fr\/2025\/02\/07\/burundi-sends-extra-battalion-to-drc-conflict\/","og_site_name":"Africa Daily Report","article_publisher":"https:\/\/www.facebook.com\/africadailyreport","article_published_time":"2025-02-07T21:16:54+00:00","article_modified_time":"2025-02-07T21:21:23+00:00","og_image":[{"url":"https:\/\/africadailyreport.com\/wp-content\/uploads\/2025\/02\/AFP__20230305__33AK98Q__v1__HighRes__DrcongoBurundiConflict-scaled.jpg","width":1,"height":1,"type":"image\/jpeg"}],"author":"ADR\/AFP","twitter_card":"summary_large_image","twitter_creator":"@adr_africa","twitter_site":"@adr_africa","twitter_misc":{"\u00c9crit par":"ADR\/AFP","Dur\u00e9e de lecture estim\u00e9e":"3 minutes"},"schema":{"@context":"https:\/\/schema.org","@graph":[{"@type":"Article","@id":"https:\/\/africadailyreport.com\/fr\/2025\/02\/07\/burundi-sends-extra-battalion-to-drc-conflict\/#article","isPartOf":{"@id":"https:\/\/africadailyreport.com\/fr\/2025\/02\/07\/burundi-sends-extra-battalion-to-drc-conflict\/"},"author":{"name":"ADR\/AFP","@id":"https:\/\/africadailyreport.com\/fr\/#\/schema\/person\/c44d86d79f5570b3ba4cf70c989843f8"},"headline":"Est de la RDC: le Burundi envoie un bataillon suppl\u00e9mentaire en soutien \u00e0 l&rsquo;arm\u00e9e congolaise","datePublished":"2025-02-07T21:16:54+00:00","dateModified":"2025-02-07T21:21:23+00:00","mainEntityOfPage":{"@id":"https:\/\/africadailyreport.com\/fr\/2025\/02\/07\/burundi-sends-extra-battalion-to-drc-conflict\/"},"wordCount":524,"commentCount":0,"publisher":{"@id":"https:\/\/africadailyreport.com\/fr\/#organization"},"image":{"@id":"https:\/\/africadailyreport.com\/fr\/2025\/02\/07\/burundi-sends-extra-battalion-to-drc-conflict\/#primaryimage"},"thumbnailUrl":"https:\/\/i0.wp.com\/africadailyreport.com\/wp-content\/uploads\/2025\/02\/AFP__20230305__33AK98Q__v1__HighRes__DrcongoBurundiConflict-scaled.jpg?fit=%2C&ssl=1","articleSection":["Est Africa","LEAD","News","Politics","Security"],"inLanguage":"fr-FR","potentialAction":[{"@type":"CommentAction","name":"Comment","target":["https:\/\/africadailyreport.com\/fr\/2025\/02\/07\/burundi-sends-extra-battalion-to-drc-conflict\/#respond"]}],"copyrightYear":"2025","copyrightHolder":{"@id":"https:\/\/africadailyreport.com\/#organization"}},{"@type":"WebPage","@id":"https:\/\/africadailyreport.com\/fr\/2025\/02\/07\/burundi-sends-extra-battalion-to-drc-conflict\/","url":"https:\/\/africadailyreport.com\/fr\/2025\/02\/07\/burundi-sends-extra-battalion-to-drc-conflict\/","name":"Est de la RDC: le Burundi envoie un bataillon suppl\u00e9mentaire en soutien \u00e0 l'arm\u00e9e congolaise - Africa Daily Report","isPartOf":{"@id":"https:\/\/africadailyreport.com\/fr\/#website"},"primaryImageOfPage":{"@id":"https:\/\/africadailyreport.com\/fr\/2025\/02\/07\/burundi-sends-extra-battalion-to-drc-conflict\/#primaryimage"},"image":{"@id":"https:\/\/africadailyreport.com\/fr\/2025\/02\/07\/burundi-sends-extra-battalion-to-drc-conflict\/#primaryimage"},"thumbnailUrl":"https:\/\/i0.wp.com\/africadailyreport.com\/wp-content\/uploads\/2025\/02\/AFP__20230305__33AK98Q__v1__HighRes__DrcongoBurundiConflict-scaled.jpg?fit=%2C&ssl=1","datePublished":"2025-02-07T21:16:54+00:00","dateModified":"2025-02-07T21:21:23+00:00","breadcrumb":{"@id":"https:\/\/africadailyreport.com\/fr\/2025\/02\/07\/burundi-sends-extra-battalion-to-drc-conflict\/#breadcrumb"},"inLanguage":"fr-FR","potentialAction":[{"@type":"ReadAction","target":["https:\/\/africadailyreport.com\/fr\/2025\/02\/07\/burundi-sends-extra-battalion-to-drc-conflict\/"]}]},{"@type":"ImageObject","inLanguage":"fr-FR","@id":"https:\/\/africadailyreport.com\/fr\/2025\/02\/07\/burundi-sends-extra-battalion-to-drc-conflict\/#primaryimage","url":"https:\/\/i0.wp.com\/africadailyreport.com\/wp-content\/uploads\/2025\/02\/AFP__20230305__33AK98Q__v1__HighRes__DrcongoBurundiConflict-scaled.jpg?fit=%2C&ssl=1","contentUrl":"https:\/\/i0.wp.com\/africadailyreport.com\/wp-content\/uploads\/2025\/02\/AFP__20230305__33AK98Q__v1__HighRes__DrcongoBurundiConflict-scaled.jpg?fit=%2C&ssl=1","caption":"Burundian military personnel arrive at Goma airport in eastern Democratic Republic of Congo on March 5, 2023. Thirty Burundian soldiers landed at Goma airport in the eastern Democratic Republic of Congo on Sunday to join an international force helping Kinshasa tackle the rise of militias in the region. The troops will be deployed as part of the regional force set up by the East African Community (EAC) countries to try to stem the advance of the M23 rebellion and disband the hundred or so armed groups that plague eastern DR Congo. (Photo by ALEXIS HUGUET \/ AFP)"},{"@type":"BreadcrumbList","@id":"https:\/\/africadailyreport.com\/fr\/2025\/02\/07\/burundi-sends-extra-battalion-to-drc-conflict\/#breadcrumb","itemListElement":[{"@type":"ListItem","position":1,"name":"Home","item":"https:\/\/africadailyreport.com\/fr\/"},{"@type":"ListItem","position":2,"name":"Est de la RDC: le Burundi envoie un bataillon suppl\u00e9mentaire en soutien \u00e0 l&#8217;arm\u00e9e congolaise"}]},{"@type":"WebSite","@id":"https:\/\/africadailyreport.com\/fr\/#website","url":"https:\/\/africadailyreport.com\/fr\/","name":"Africa Daily Report","description":"","publisher":{"@id":"https:\/\/africadailyreport.com\/fr\/#organization"},"potentialAction":[{"@type":"SearchAction","target":{"@type":"EntryPoint","urlTemplate":"https:\/\/africadailyreport.com\/fr\/?s={search_term_string}"},"query-input":{"@type":"PropertyValueSpecification","valueRequired":true,"valueName":"search_term_string"}}],"inLanguage":"fr-FR"},{"@type":"Organization","@id":"https:\/\/africadailyreport.com\/fr\/#organization","name":"Africa Daily Report","url":"https:\/\/africadailyreport.com\/fr\/","logo":{"@type":"ImageObject","inLanguage":"fr-FR","@id":"https:\/\/africadailyreport.com\/fr\/#\/schema\/logo\/image\/","url":"https:\/\/africadailyreport.com\/wp-content\/uploads\/2024\/09\/ADR-Transparent-Green-Logo-1.png","contentUrl":"https:\/\/africadailyreport.com\/wp-content\/uploads\/2024\/09\/ADR-Transparent-Green-Logo-1.png","width":267,"height":185,"caption":"Africa Daily Report"},"image":{"@id":"https:\/\/africadailyreport.com\/fr\/#\/schema\/logo\/image\/"},"sameAs":["https:\/\/www.facebook.com\/africadailyreport","https:\/\/x.com\/adr_africa","https:\/\/www.youtube.com\/@africadailyreport","https:\/\/instagram.com\/africadailyreport"]},{"@type":"Person","@id":"https:\/\/africadailyreport.com\/fr\/#\/schema\/person\/c44d86d79f5570b3ba4cf70c989843f8","name":"ADR\/AFP","image":{"@type":"ImageObject","inLanguage":"fr-FR","@id":"https:\/\/secure.gravatar.com\/avatar\/2fbdc3782aa386b408fd9a36f0bc78ee569c94a7a05670cab3a1d72916408214?s=96&d=mm&r=g","url":"https:\/\/secure.gravatar.com\/avatar\/2fbdc3782aa386b408fd9a36f0bc78ee569c94a7a05670cab3a1d72916408214?s=96&d=mm&r=g","contentUrl":"https:\/\/secure.gravatar.com\/avatar\/2fbdc3782aa386b408fd9a36f0bc78ee569c94a7a05670cab3a1d72916408214?s=96&d=mm&r=g","caption":"ADR\/AFP"},"sameAs":["http:\/\/africadailyreport.com"],"url":"https:\/\/africadailyreport.com\/fr\/author\/both\/"}]}},"jetpack_featured_media_url":"https:\/\/i0.wp.com\/africadailyreport.com\/wp-content\/uploads\/2025\/02\/AFP__20230305__33AK98Q__v1__HighRes__DrcongoBurundiConflict-scaled.jpg?fit=%2C&ssl=1","jetpack_sharing_enabled":true,"amp_enabled":true,"_links":{"self":[{"href":"https:\/\/africadailyreport.com\/fr\/wp-json\/wp\/v2\/posts\/16874","targetHints":{"allow":["GET"]}}],"collection":[{"href":"https:\/\/africadailyreport.com\/fr\/wp-json\/wp\/v2\/posts"}],"about":[{"href":"https:\/\/africadailyreport.com\/fr\/wp-json\/wp\/v2\/types\/post"}],"author":[{"embeddable":true,"href":"https:\/\/africadailyreport.com\/fr\/wp-json\/wp\/v2\/users\/10"}],"replies":[{"embeddable":true,"href":"https:\/\/africadailyreport.com\/fr\/wp-json\/wp\/v2\/comments?post=16874"}],"version-history":[{"count":2,"href":"https:\/\/africadailyreport.com\/fr\/wp-json\/wp\/v2\/posts\/16874\/revisions"}],"predecessor-version":[{"id":16878,"href":"https:\/\/africadailyreport.com\/fr\/wp-json\/wp\/v2\/posts\/16874\/revisions\/16878"}],"wp:featuredmedia":[{"embeddable":true,"href":"https:\/\/africadailyreport.com\/fr\/wp-json\/wp\/v2\/media\/16871"}],"wp:attachment":[{"href":"https:\/\/africadailyreport.com\/fr\/wp-json\/wp\/v2\/media?parent=16874"}],"wp:term":[{"taxonomy":"category","embeddable":true,"href":"https:\/\/africadailyreport.com\/fr\/wp-json\/wp\/v2\/categories?post=16874"},{"taxonomy":"post_tag","embeddable":true,"href":"https:\/\/africadailyreport.com\/fr\/wp-json\/wp\/v2\/tags?post=16874"},{"taxonomy":"adr_country","embeddable":true,"href":"https:\/\/africadailyreport.com\/fr\/wp-json\/wp\/v2\/adr_country?post=16874"}],"curies":[{"name":"wp","href":"https:\/\/api.w.org\/{rel}","templated":true}]}}