{"id":16487,"date":"2025-01-30T22:00:25","date_gmt":"2025-01-30T22:00:25","guid":{"rendered":"https:\/\/africadailyreport.com\/2025\/01\/30\/la-chanteuse-nigeriane-tems-annule-en-concert-a-kigali-a-cause-du-soutien-rwandais-au-m23\/"},"modified":"2025-01-30T22:04:35","modified_gmt":"2025-01-30T22:04:35","slug":"la-chanteuse-nigeriane-tems-annule-en-concert-a-kigali-a-cause-du-soutien-rwandais-au-m23","status":"publish","type":"post","link":"https:\/\/africadailyreport.com\/fr\/2025\/01\/30\/la-chanteuse-nigeriane-tems-annule-en-concert-a-kigali-a-cause-du-soutien-rwandais-au-m23\/","title":{"rendered":"La chanteuse nig\u00e9riane Tems annule en concert \u00e0 Kigali \u00e0 cause du soutien rwandais au M23"},"content":{"rendered":"\n<h2 class=\"wp-block-heading\" id=\"h-nairobi-kenya-la-star-de-la-chanson-nigeriane-tems-a-annonce-jeudi-qu-elle-annulait-un-concert-prevu-a-kigali-a-cause-du-soutien-du-rwanda-au-groupe-arme-m23-qui-avec-l-armee-rwandaise-mene-une-offensive-dans-l-est-de-la-republique-democratique-du-congo-rdc\">Nairobi,\u00a0Kenya &#8211; La star de la chanson nig\u00e9riane Tems a annonc\u00e9 jeudi qu&rsquo;elle annulait un concert pr\u00e9vu \u00e0 Kigali \u00e0 cause du soutien du Rwanda au groupe arm\u00e9 M23, qui avec l&rsquo;arm\u00e9e rwandaise m\u00e8ne une offensive dans l&rsquo;est de la R\u00e9publique d\u00e9mocratique du Congo (RDC).<\/h2>\n\n\n\n\n\n<p>Le M23 a pris le contr\u00f4le cette semaine de la grande ville congolaise de Goma, capitale de la province du Nord-Kivu dans l&rsquo;est de la RDC, une r\u00e9gion riche en ressources min\u00e9rales mais en proie aux conflits.<\/p>\n\n\n\n<p>Tems, dont le vrai nom est Temilade Openiyi, a indiqu\u00e9 sur X qu&rsquo;elle annulait son concert pr\u00e9vu le 22 mars \u00e0 la BK Arena \u00e0 Kigali, la capitale rwandaise.<\/p>\n\n\n\n<p>\u00ab\u00a0J&rsquo;ai r\u00e9cemment fait la promotion de mon spectacle au Rwanda sans r\u00e9aliser qu&rsquo;il y a un conflit en cours entre le Rwanda et le Congo\u00a0\u00bb (la RDC), a-t-elle \u00e9crit.<\/p>\n\n\n\n<p>\u00ab\u00a0Je n&rsquo;ai jamais eu l&rsquo;intention d&rsquo;\u00eatre indiff\u00e9rente aux probl\u00e8mes de la vie r\u00e9elle, et je m&rsquo;excuse sinc\u00e8rement si j&rsquo;ai donn\u00e9 cette impression\u00a0\u00bb, a ajout\u00e9 la premi\u00e8re chanteuse nig\u00e9riane \u00e0 avoir remport\u00e9 un Grammy Award, en 2023. \u00ab\u00a0Je n&rsquo;avais simplement aucune id\u00e9e de ce qui se passait. Mes pens\u00e9es vont aux personnes affect\u00e9es\u00a0\u00bb.<\/p>\n\n\n\n<p>Plus t\u00f4t dans la journ\u00e9e, des leaders du M23 ont d\u00e9clar\u00e9 vouloir \u00ab\u00a0continuer la marche de lib\u00e9ration jusqu&rsquo;\u00e0 Kinshasa\u00a0\u00bb, la capitale de la RDC.<\/p>\n\n\n\n<p>La RDC accuse le Rwanda de mener son offensive au Nord-Kivu et Sud-Kivu pour profiter des richesses mini\u00e8res de la r\u00e9gion.<\/p>\n\n\n\n<p>Un rapport d&rsquo;experts de l&rsquo;ONU publi\u00e9 en juillet est venu appuyer ces dires, indiquant que des milliers de soldats rwandais se trouvent dans l&rsquo;est de la RDC et que le Rwanda a le \u00ab\u00a0contr\u00f4le de facto\u00a0\u00bb du M23.<\/p>\n\n\n\n<p>Kigali a rejet\u00e9 ces accusations.<\/p>\n\n\n\n<p>Le pr\u00e9sident rwandais Paul Kagame n&rsquo;a jamais reconnu son implication militaire. Mais il soutient aussi que le conflit ne peut s&rsquo;arr\u00eater tant qu&rsquo;un groupe arm\u00e9 bas\u00e9 en RDC, les Forces d\u00e9mocratiques de lib\u00e9ration du Rwanda (FDLR), cr\u00e9\u00e9 par d&rsquo;anciens dirigeants hutu responsables du g\u00e9nocide des Tutsi au Rwanda en 1994, ne sera pas \u00e9limin\u00e9.<\/p>\n\n\n\n<p><\/p>\n\n\n\n<p>\u00a9 Agence France-Presse<\/p>\n","protected":false},"excerpt":{"rendered":"<p>Nairobi,\u00a0Kenya &#8211; La star de la chanson nig\u00e9riane Tems a annonc\u00e9 jeudi qu&rsquo;elle annulait un concert pr\u00e9vu \u00e0 Kigali \u00e0 cause du soutien du Rwanda au groupe arm\u00e9 M23, qui avec l&rsquo;arm\u00e9e rwandaise m\u00e8ne une offensive dans l&rsquo;est de la R\u00e9publique d\u00e9mocratique du Congo (RDC). Le M23 a pris le contr\u00f4le cette semaine de la [&hellip;]<\/p>\n","protected":false},"author":10,"featured_media":16485,"comment_status":"open","ping_status":"open","sticky":false,"template":"","format":"standard","meta":{"_acf_changed":false,"om_disable_all_campaigns":false,"_monsterinsights_skip_tracking":false,"_monsterinsights_sitenote_active":false,"_monsterinsights_sitenote_note":"","_monsterinsights_sitenote_category":0,"tdm_status":"","tdm_grid_status":"","_jetpack_newsletter_access":"","_jetpack_dont_email_post_to_subs":false,"_jetpack_newsletter_tier_id":0,"_jetpack_memberships_contains_paywalled_content":false,"_jetpack_memberships_contains_paid_content":false,"footnotes":""},"categories":[293,2626,802,1772,905,977],"tags":[808,1791,2627,2628,922,2299,863,2629],"adr_country":[1089,1667,1083],"class_list":{"0":"post-16487","1":"post","2":"type-post","3":"status-publish","4":"format-standard","5":"has-post-thumbnail","7":"category-actualites-fr","8":"category-choix-de-lediteur-fr","9":"category-depeche-fr","10":"category-editors-choice-fr","11":"category-music-fr","12":"category-style-de-vie","13":"tag-conflit-fr","14":"tag-music-fr","15":"tag-musiq-fr","16":"tag-musique-fr","17":"tag-nigeria-fr","18":"tag-rdcongo-fr","19":"tag-rwanda-fr","20":"tag-tems-fr","21":"adr_country-d-r-congo","22":"adr_country-rd-congo-fr","23":"adr_country-rwanda"},"acf":{"post_version":""},"yoast_head":"<!-- This site is optimized with the Yoast SEO Premium plugin v26.0 (Yoast SEO v27.4) - https:\/\/yoast.com\/product\/yoast-seo-premium-wordpress\/ -->\n<title>La chanteuse nig\u00e9riane Tems annule en concert \u00e0 Kigali \u00e0 cause du soutien rwandais au M23 - Africa Daily Report<\/title>\n<meta name=\"robots\" content=\"index, follow, max-snippet:-1, max-image-preview:large, max-video-preview:-1\" \/>\n<link rel=\"canonical\" href=\"https:\/\/africadailyreport.com\/fr\/2025\/01\/30\/la-chanteuse-nigeriane-tems-annule-en-concert-a-kigali-a-cause-du-soutien-rwandais-au-m23\/\" \/>\n<meta property=\"og:locale\" content=\"fr_FR\" \/>\n<meta property=\"og:type\" content=\"article\" \/>\n<meta property=\"og:title\" content=\"La chanteuse nig\u00e9riane Tems annule en concert \u00e0 Kigali \u00e0 cause du soutien rwandais au M23\" \/>\n<meta property=\"og:description\" content=\"Nairobi,\u00a0Kenya &#8211; La star de la chanson nig\u00e9riane Tems a annonc\u00e9 jeudi qu&rsquo;elle annulait un concert pr\u00e9vu \u00e0 Kigali \u00e0 cause du soutien du Rwanda au groupe arm\u00e9 M23, qui avec l&rsquo;arm\u00e9e rwandaise m\u00e8ne une offensive dans l&rsquo;est de la R\u00e9publique d\u00e9mocratique du Congo (RDC). Le M23 a pris le contr\u00f4le cette semaine de la [&hellip;]\" \/>\n<meta property=\"og:url\" content=\"https:\/\/africadailyreport.com\/fr\/2025\/01\/30\/la-chanteuse-nigeriane-tems-annule-en-concert-a-kigali-a-cause-du-soutien-rwandais-au-m23\/\" \/>\n<meta property=\"og:site_name\" content=\"Africa Daily Report\" \/>\n<meta property=\"article:publisher\" content=\"https:\/\/www.facebook.com\/africadailyreport\" \/>\n<meta property=\"article:published_time\" content=\"2025-01-30T22:00:25+00:00\" \/>\n<meta property=\"article:modified_time\" content=\"2025-01-30T22:04:35+00:00\" \/>\n<meta property=\"og:image\" content=\"https:\/\/i0.wp.com\/africadailyreport.com\/wp-content\/uploads\/2024\/09\/ADR-Transparent-Green-Logo.png?fit=361%2C361&ssl=1\" \/>\n\t<meta property=\"og:image:width\" content=\"361\" \/>\n\t<meta property=\"og:image:height\" content=\"361\" \/>\n\t<meta property=\"og:image:type\" content=\"image\/png\" \/>\n<meta name=\"author\" content=\"ADR\/AFP\" \/>\n<meta name=\"twitter:card\" content=\"summary_large_image\" \/>\n<meta name=\"twitter:creator\" content=\"@adr_africa\" \/>\n<meta name=\"twitter:site\" content=\"@adr_africa\" \/>\n<meta name=\"twitter:label1\" content=\"\u00c9crit par\" \/>\n\t<meta name=\"twitter:data1\" content=\"ADR\/AFP\" \/>\n\t<meta name=\"twitter:label2\" content=\"Dur\u00e9e de lecture estim\u00e9e\" \/>\n\t<meta name=\"twitter:data2\" content=\"2 minutes\" \/>\n<script type=\"application\/ld+json\" class=\"yoast-schema-graph\">{\"@context\":\"https:\\\/\\\/schema.org\",\"@graph\":[{\"@type\":\"Article\",\"@id\":\"https:\\\/\\\/africadailyreport.com\\\/fr\\\/2025\\\/01\\\/30\\\/la-chanteuse-nigeriane-tems-annule-en-concert-a-kigali-a-cause-du-soutien-rwandais-au-m23\\\/#article\",\"isPartOf\":{\"@id\":\"https:\\\/\\\/africadailyreport.com\\\/fr\\\/2025\\\/01\\\/30\\\/la-chanteuse-nigeriane-tems-annule-en-concert-a-kigali-a-cause-du-soutien-rwandais-au-m23\\\/\"},\"author\":{\"name\":\"ADR\\\/AFP\",\"@id\":\"https:\\\/\\\/africadailyreport.com\\\/fr\\\/#\\\/schema\\\/person\\\/c44d86d79f5570b3ba4cf70c989843f8\"},\"headline\":\"La chanteuse nig\u00e9riane Tems annule en concert \u00e0 Kigali \u00e0 cause du soutien rwandais au M23\",\"datePublished\":\"2025-01-30T22:00:25+00:00\",\"dateModified\":\"2025-01-30T22:04:35+00:00\",\"mainEntityOfPage\":{\"@id\":\"https:\\\/\\\/africadailyreport.com\\\/fr\\\/2025\\\/01\\\/30\\\/la-chanteuse-nigeriane-tems-annule-en-concert-a-kigali-a-cause-du-soutien-rwandais-au-m23\\\/\"},\"wordCount\":397,\"commentCount\":0,\"publisher\":{\"@id\":\"https:\\\/\\\/africadailyreport.com\\\/fr\\\/#organization\"},\"image\":{\"@id\":\"https:\\\/\\\/africadailyreport.com\\\/fr\\\/2025\\\/01\\\/30\\\/la-chanteuse-nigeriane-tems-annule-en-concert-a-kigali-a-cause-du-soutien-rwandais-au-m23\\\/#primaryimage\"},\"thumbnailUrl\":\"https:\\\/\\\/i0.wp.com\\\/africadailyreport.com\\\/wp-content\\\/uploads\\\/2025\\\/01\\\/AFP__20250130__36WQ9M4__v2__HighRes__DrcongoUnrest-scaled.jpg?fit=%2C&ssl=1\",\"keywords\":[\"conflit\",\"music\",\"musiq\",\"musique\",\"nigeria\",\"rdcongo\",\"Rwanda\",\"tems\"],\"articleSection\":[\"Actualit\u00e9s\",\"choix de l&rsquo;\u00e9diteur\",\"D\u00e9p\u00eache\",\"Editor&#8217;s Choice\",\"Music\",\"Style de vie\"],\"inLanguage\":\"fr-FR\",\"potentialAction\":[{\"@type\":\"CommentAction\",\"name\":\"Comment\",\"target\":[\"https:\\\/\\\/africadailyreport.com\\\/fr\\\/2025\\\/01\\\/30\\\/la-chanteuse-nigeriane-tems-annule-en-concert-a-kigali-a-cause-du-soutien-rwandais-au-m23\\\/#respond\"]}],\"copyrightYear\":\"2025\",\"copyrightHolder\":{\"@id\":\"https:\\\/\\\/africadailyreport.com\\\/#organization\"}},{\"@type\":\"WebPage\",\"@id\":\"https:\\\/\\\/africadailyreport.com\\\/fr\\\/2025\\\/01\\\/30\\\/la-chanteuse-nigeriane-tems-annule-en-concert-a-kigali-a-cause-du-soutien-rwandais-au-m23\\\/\",\"url\":\"https:\\\/\\\/africadailyreport.com\\\/fr\\\/2025\\\/01\\\/30\\\/la-chanteuse-nigeriane-tems-annule-en-concert-a-kigali-a-cause-du-soutien-rwandais-au-m23\\\/\",\"name\":\"La chanteuse nig\u00e9riane Tems annule en concert \u00e0 Kigali \u00e0 cause du soutien rwandais au M23 - Africa Daily Report\",\"isPartOf\":{\"@id\":\"https:\\\/\\\/africadailyreport.com\\\/fr\\\/#website\"},\"primaryImageOfPage\":{\"@id\":\"https:\\\/\\\/africadailyreport.com\\\/fr\\\/2025\\\/01\\\/30\\\/la-chanteuse-nigeriane-tems-annule-en-concert-a-kigali-a-cause-du-soutien-rwandais-au-m23\\\/#primaryimage\"},\"image\":{\"@id\":\"https:\\\/\\\/africadailyreport.com\\\/fr\\\/2025\\\/01\\\/30\\\/la-chanteuse-nigeriane-tems-annule-en-concert-a-kigali-a-cause-du-soutien-rwandais-au-m23\\\/#primaryimage\"},\"thumbnailUrl\":\"https:\\\/\\\/i0.wp.com\\\/africadailyreport.com\\\/wp-content\\\/uploads\\\/2025\\\/01\\\/AFP__20250130__36WQ9M4__v2__HighRes__DrcongoUnrest-scaled.jpg?fit=%2C&ssl=1\",\"datePublished\":\"2025-01-30T22:00:25+00:00\",\"dateModified\":\"2025-01-30T22:04:35+00:00\",\"breadcrumb\":{\"@id\":\"https:\\\/\\\/africadailyreport.com\\\/fr\\\/2025\\\/01\\\/30\\\/la-chanteuse-nigeriane-tems-annule-en-concert-a-kigali-a-cause-du-soutien-rwandais-au-m23\\\/#breadcrumb\"},\"inLanguage\":\"fr-FR\",\"potentialAction\":[{\"@type\":\"ReadAction\",\"target\":[\"https:\\\/\\\/africadailyreport.com\\\/fr\\\/2025\\\/01\\\/30\\\/la-chanteuse-nigeriane-tems-annule-en-concert-a-kigali-a-cause-du-soutien-rwandais-au-m23\\\/\"]}]},{\"@type\":\"ImageObject\",\"inLanguage\":\"fr-FR\",\"@id\":\"https:\\\/\\\/africadailyreport.com\\\/fr\\\/2025\\\/01\\\/30\\\/la-chanteuse-nigeriane-tems-annule-en-concert-a-kigali-a-cause-du-soutien-rwandais-au-m23\\\/#primaryimage\",\"url\":\"https:\\\/\\\/i0.wp.com\\\/africadailyreport.com\\\/wp-content\\\/uploads\\\/2025\\\/01\\\/AFP__20250130__36WQ9M4__v2__HighRes__DrcongoUnrest-scaled.jpg?fit=%2C&ssl=1\",\"contentUrl\":\"https:\\\/\\\/i0.wp.com\\\/africadailyreport.com\\\/wp-content\\\/uploads\\\/2025\\\/01\\\/AFP__20250130__36WQ9M4__v2__HighRes__DrcongoUnrest-scaled.jpg?fit=%2C&ssl=1\",\"caption\":\"Residents sell food near burned shops following clashes in Goma on January 30, 2025. DR Congo's president has vowed a \\\"vigorous\\\" military response against Rwandan-backed fighters who advanced further in the mineral-rich east of the country after seizing most of the region's main city, where some residents tentatively emerged on January 30, 2025. The M23's capture of most of Goma, the capital of North Kivu province, is a dramatic escalation of a decade-long conlfict that has seen it seize swathes of eastern Democratic Republic of Congo. (Photo by ALEXIS HUGUET \\\/ AFP)\"},{\"@type\":\"BreadcrumbList\",\"@id\":\"https:\\\/\\\/africadailyreport.com\\\/fr\\\/2025\\\/01\\\/30\\\/la-chanteuse-nigeriane-tems-annule-en-concert-a-kigali-a-cause-du-soutien-rwandais-au-m23\\\/#breadcrumb\",\"itemListElement\":[{\"@type\":\"ListItem\",\"position\":1,\"name\":\"Home\",\"item\":\"https:\\\/\\\/africadailyreport.com\\\/fr\\\/\"},{\"@type\":\"ListItem\",\"position\":2,\"name\":\"La chanteuse nig\u00e9riane Tems annule en concert \u00e0 Kigali \u00e0 cause du soutien rwandais au M23\"}]},{\"@type\":\"WebSite\",\"@id\":\"https:\\\/\\\/africadailyreport.com\\\/fr\\\/#website\",\"url\":\"https:\\\/\\\/africadailyreport.com\\\/fr\\\/\",\"name\":\"Africa Daily Report\",\"description\":\"\",\"publisher\":{\"@id\":\"https:\\\/\\\/africadailyreport.com\\\/fr\\\/#organization\"},\"potentialAction\":[{\"@type\":\"SearchAction\",\"target\":{\"@type\":\"EntryPoint\",\"urlTemplate\":\"https:\\\/\\\/africadailyreport.com\\\/fr\\\/?s={search_term_string}\"},\"query-input\":{\"@type\":\"PropertyValueSpecification\",\"valueRequired\":true,\"valueName\":\"search_term_string\"}}],\"inLanguage\":\"fr-FR\"},{\"@type\":\"Organization\",\"@id\":\"https:\\\/\\\/africadailyreport.com\\\/fr\\\/#organization\",\"name\":\"Africa Daily Report\",\"url\":\"https:\\\/\\\/africadailyreport.com\\\/fr\\\/\",\"logo\":{\"@type\":\"ImageObject\",\"inLanguage\":\"fr-FR\",\"@id\":\"https:\\\/\\\/africadailyreport.com\\\/fr\\\/#\\\/schema\\\/logo\\\/image\\\/\",\"url\":\"https:\\\/\\\/africadailyreport.com\\\/wp-content\\\/uploads\\\/2024\\\/09\\\/ADR-Transparent-Green-Logo-1.png\",\"contentUrl\":\"https:\\\/\\\/africadailyreport.com\\\/wp-content\\\/uploads\\\/2024\\\/09\\\/ADR-Transparent-Green-Logo-1.png\",\"width\":267,\"height\":185,\"caption\":\"Africa Daily Report\"},\"image\":{\"@id\":\"https:\\\/\\\/africadailyreport.com\\\/fr\\\/#\\\/schema\\\/logo\\\/image\\\/\"},\"sameAs\":[\"https:\\\/\\\/www.facebook.com\\\/africadailyreport\",\"https:\\\/\\\/x.com\\\/adr_africa\",\"https:\\\/\\\/www.youtube.com\\\/@africadailyreport\",\"https:\\\/\\\/instagram.com\\\/africadailyreport\"]},{\"@type\":\"Person\",\"@id\":\"https:\\\/\\\/africadailyreport.com\\\/fr\\\/#\\\/schema\\\/person\\\/c44d86d79f5570b3ba4cf70c989843f8\",\"name\":\"ADR\\\/AFP\",\"image\":{\"@type\":\"ImageObject\",\"inLanguage\":\"fr-FR\",\"@id\":\"https:\\\/\\\/secure.gravatar.com\\\/avatar\\\/2fbdc3782aa386b408fd9a36f0bc78ee569c94a7a05670cab3a1d72916408214?s=96&d=mm&r=g\",\"url\":\"https:\\\/\\\/secure.gravatar.com\\\/avatar\\\/2fbdc3782aa386b408fd9a36f0bc78ee569c94a7a05670cab3a1d72916408214?s=96&d=mm&r=g\",\"contentUrl\":\"https:\\\/\\\/secure.gravatar.com\\\/avatar\\\/2fbdc3782aa386b408fd9a36f0bc78ee569c94a7a05670cab3a1d72916408214?s=96&d=mm&r=g\",\"caption\":\"ADR\\\/AFP\"},\"sameAs\":[\"http:\\\/\\\/africadailyreport.com\"],\"url\":\"https:\\\/\\\/africadailyreport.com\\\/fr\\\/author\\\/both\\\/\"}]}<\/script>\n<!-- \/ Yoast SEO Premium plugin. -->","yoast_head_json":{"title":"La chanteuse nig\u00e9riane Tems annule en concert \u00e0 Kigali \u00e0 cause du soutien rwandais au M23 - Africa Daily Report","robots":{"index":"index","follow":"follow","max-snippet":"max-snippet:-1","max-image-preview":"max-image-preview:large","max-video-preview":"max-video-preview:-1"},"canonical":"https:\/\/africadailyreport.com\/fr\/2025\/01\/30\/la-chanteuse-nigeriane-tems-annule-en-concert-a-kigali-a-cause-du-soutien-rwandais-au-m23\/","og_locale":"fr_FR","og_type":"article","og_title":"La chanteuse nig\u00e9riane Tems annule en concert \u00e0 Kigali \u00e0 cause du soutien rwandais au M23","og_description":"Nairobi,\u00a0Kenya &#8211; La star de la chanson nig\u00e9riane Tems a annonc\u00e9 jeudi qu&rsquo;elle annulait un concert pr\u00e9vu \u00e0 Kigali \u00e0 cause du soutien du Rwanda au groupe arm\u00e9 M23, qui avec l&rsquo;arm\u00e9e rwandaise m\u00e8ne une offensive dans l&rsquo;est de la R\u00e9publique d\u00e9mocratique du Congo (RDC). Le M23 a pris le contr\u00f4le cette semaine de la [&hellip;]","og_url":"https:\/\/africadailyreport.com\/fr\/2025\/01\/30\/la-chanteuse-nigeriane-tems-annule-en-concert-a-kigali-a-cause-du-soutien-rwandais-au-m23\/","og_site_name":"Africa Daily Report","article_publisher":"https:\/\/www.facebook.com\/africadailyreport","article_published_time":"2025-01-30T22:00:25+00:00","article_modified_time":"2025-01-30T22:04:35+00:00","og_image":[{"width":361,"height":361,"url":"https:\/\/i0.wp.com\/africadailyreport.com\/wp-content\/uploads\/2024\/09\/ADR-Transparent-Green-Logo.png?fit=361%2C361&ssl=1","type":"image\/png"}],"author":"ADR\/AFP","twitter_card":"summary_large_image","twitter_creator":"@adr_africa","twitter_site":"@adr_africa","twitter_misc":{"\u00c9crit par":"ADR\/AFP","Dur\u00e9e de lecture estim\u00e9e":"2 minutes"},"schema":{"@context":"https:\/\/schema.org","@graph":[{"@type":"Article","@id":"https:\/\/africadailyreport.com\/fr\/2025\/01\/30\/la-chanteuse-nigeriane-tems-annule-en-concert-a-kigali-a-cause-du-soutien-rwandais-au-m23\/#article","isPartOf":{"@id":"https:\/\/africadailyreport.com\/fr\/2025\/01\/30\/la-chanteuse-nigeriane-tems-annule-en-concert-a-kigali-a-cause-du-soutien-rwandais-au-m23\/"},"author":{"name":"ADR\/AFP","@id":"https:\/\/africadailyreport.com\/fr\/#\/schema\/person\/c44d86d79f5570b3ba4cf70c989843f8"},"headline":"La chanteuse nig\u00e9riane Tems annule en concert \u00e0 Kigali \u00e0 cause du soutien rwandais au M23","datePublished":"2025-01-30T22:00:25+00:00","dateModified":"2025-01-30T22:04:35+00:00","mainEntityOfPage":{"@id":"https:\/\/africadailyreport.com\/fr\/2025\/01\/30\/la-chanteuse-nigeriane-tems-annule-en-concert-a-kigali-a-cause-du-soutien-rwandais-au-m23\/"},"wordCount":397,"commentCount":0,"publisher":{"@id":"https:\/\/africadailyreport.com\/fr\/#organization"},"image":{"@id":"https:\/\/africadailyreport.com\/fr\/2025\/01\/30\/la-chanteuse-nigeriane-tems-annule-en-concert-a-kigali-a-cause-du-soutien-rwandais-au-m23\/#primaryimage"},"thumbnailUrl":"https:\/\/i0.wp.com\/africadailyreport.com\/wp-content\/uploads\/2025\/01\/AFP__20250130__36WQ9M4__v2__HighRes__DrcongoUnrest-scaled.jpg?fit=%2C&ssl=1","keywords":["conflit","music","musiq","musique","nigeria","rdcongo","Rwanda","tems"],"articleSection":["Actualit\u00e9s","choix de l&rsquo;\u00e9diteur","D\u00e9p\u00eache","Editor&#8217;s Choice","Music","Style de vie"],"inLanguage":"fr-FR","potentialAction":[{"@type":"CommentAction","name":"Comment","target":["https:\/\/africadailyreport.com\/fr\/2025\/01\/30\/la-chanteuse-nigeriane-tems-annule-en-concert-a-kigali-a-cause-du-soutien-rwandais-au-m23\/#respond"]}],"copyrightYear":"2025","copyrightHolder":{"@id":"https:\/\/africadailyreport.com\/#organization"}},{"@type":"WebPage","@id":"https:\/\/africadailyreport.com\/fr\/2025\/01\/30\/la-chanteuse-nigeriane-tems-annule-en-concert-a-kigali-a-cause-du-soutien-rwandais-au-m23\/","url":"https:\/\/africadailyreport.com\/fr\/2025\/01\/30\/la-chanteuse-nigeriane-tems-annule-en-concert-a-kigali-a-cause-du-soutien-rwandais-au-m23\/","name":"La chanteuse nig\u00e9riane Tems annule en concert \u00e0 Kigali \u00e0 cause du soutien rwandais au M23 - Africa Daily Report","isPartOf":{"@id":"https:\/\/africadailyreport.com\/fr\/#website"},"primaryImageOfPage":{"@id":"https:\/\/africadailyreport.com\/fr\/2025\/01\/30\/la-chanteuse-nigeriane-tems-annule-en-concert-a-kigali-a-cause-du-soutien-rwandais-au-m23\/#primaryimage"},"image":{"@id":"https:\/\/africadailyreport.com\/fr\/2025\/01\/30\/la-chanteuse-nigeriane-tems-annule-en-concert-a-kigali-a-cause-du-soutien-rwandais-au-m23\/#primaryimage"},"thumbnailUrl":"https:\/\/i0.wp.com\/africadailyreport.com\/wp-content\/uploads\/2025\/01\/AFP__20250130__36WQ9M4__v2__HighRes__DrcongoUnrest-scaled.jpg?fit=%2C&ssl=1","datePublished":"2025-01-30T22:00:25+00:00","dateModified":"2025-01-30T22:04:35+00:00","breadcrumb":{"@id":"https:\/\/africadailyreport.com\/fr\/2025\/01\/30\/la-chanteuse-nigeriane-tems-annule-en-concert-a-kigali-a-cause-du-soutien-rwandais-au-m23\/#breadcrumb"},"inLanguage":"fr-FR","potentialAction":[{"@type":"ReadAction","target":["https:\/\/africadailyreport.com\/fr\/2025\/01\/30\/la-chanteuse-nigeriane-tems-annule-en-concert-a-kigali-a-cause-du-soutien-rwandais-au-m23\/"]}]},{"@type":"ImageObject","inLanguage":"fr-FR","@id":"https:\/\/africadailyreport.com\/fr\/2025\/01\/30\/la-chanteuse-nigeriane-tems-annule-en-concert-a-kigali-a-cause-du-soutien-rwandais-au-m23\/#primaryimage","url":"https:\/\/i0.wp.com\/africadailyreport.com\/wp-content\/uploads\/2025\/01\/AFP__20250130__36WQ9M4__v2__HighRes__DrcongoUnrest-scaled.jpg?fit=%2C&ssl=1","contentUrl":"https:\/\/i0.wp.com\/africadailyreport.com\/wp-content\/uploads\/2025\/01\/AFP__20250130__36WQ9M4__v2__HighRes__DrcongoUnrest-scaled.jpg?fit=%2C&ssl=1","caption":"Residents sell food near burned shops following clashes in Goma on January 30, 2025. DR Congo's president has vowed a \"vigorous\" military response against Rwandan-backed fighters who advanced further in the mineral-rich east of the country after seizing most of the region's main city, where some residents tentatively emerged on January 30, 2025. The M23's capture of most of Goma, the capital of North Kivu province, is a dramatic escalation of a decade-long conlfict that has seen it seize swathes of eastern Democratic Republic of Congo. (Photo by ALEXIS HUGUET \/ AFP)"},{"@type":"BreadcrumbList","@id":"https:\/\/africadailyreport.com\/fr\/2025\/01\/30\/la-chanteuse-nigeriane-tems-annule-en-concert-a-kigali-a-cause-du-soutien-rwandais-au-m23\/#breadcrumb","itemListElement":[{"@type":"ListItem","position":1,"name":"Home","item":"https:\/\/africadailyreport.com\/fr\/"},{"@type":"ListItem","position":2,"name":"La chanteuse nig\u00e9riane Tems annule en concert \u00e0 Kigali \u00e0 cause du soutien rwandais au M23"}]},{"@type":"WebSite","@id":"https:\/\/africadailyreport.com\/fr\/#website","url":"https:\/\/africadailyreport.com\/fr\/","name":"Africa Daily Report","description":"","publisher":{"@id":"https:\/\/africadailyreport.com\/fr\/#organization"},"potentialAction":[{"@type":"SearchAction","target":{"@type":"EntryPoint","urlTemplate":"https:\/\/africadailyreport.com\/fr\/?s={search_term_string}"},"query-input":{"@type":"PropertyValueSpecification","valueRequired":true,"valueName":"search_term_string"}}],"inLanguage":"fr-FR"},{"@type":"Organization","@id":"https:\/\/africadailyreport.com\/fr\/#organization","name":"Africa Daily Report","url":"https:\/\/africadailyreport.com\/fr\/","logo":{"@type":"ImageObject","inLanguage":"fr-FR","@id":"https:\/\/africadailyreport.com\/fr\/#\/schema\/logo\/image\/","url":"https:\/\/africadailyreport.com\/wp-content\/uploads\/2024\/09\/ADR-Transparent-Green-Logo-1.png","contentUrl":"https:\/\/africadailyreport.com\/wp-content\/uploads\/2024\/09\/ADR-Transparent-Green-Logo-1.png","width":267,"height":185,"caption":"Africa Daily Report"},"image":{"@id":"https:\/\/africadailyreport.com\/fr\/#\/schema\/logo\/image\/"},"sameAs":["https:\/\/www.facebook.com\/africadailyreport","https:\/\/x.com\/adr_africa","https:\/\/www.youtube.com\/@africadailyreport","https:\/\/instagram.com\/africadailyreport"]},{"@type":"Person","@id":"https:\/\/africadailyreport.com\/fr\/#\/schema\/person\/c44d86d79f5570b3ba4cf70c989843f8","name":"ADR\/AFP","image":{"@type":"ImageObject","inLanguage":"fr-FR","@id":"https:\/\/secure.gravatar.com\/avatar\/2fbdc3782aa386b408fd9a36f0bc78ee569c94a7a05670cab3a1d72916408214?s=96&d=mm&r=g","url":"https:\/\/secure.gravatar.com\/avatar\/2fbdc3782aa386b408fd9a36f0bc78ee569c94a7a05670cab3a1d72916408214?s=96&d=mm&r=g","contentUrl":"https:\/\/secure.gravatar.com\/avatar\/2fbdc3782aa386b408fd9a36f0bc78ee569c94a7a05670cab3a1d72916408214?s=96&d=mm&r=g","caption":"ADR\/AFP"},"sameAs":["http:\/\/africadailyreport.com"],"url":"https:\/\/africadailyreport.com\/fr\/author\/both\/"}]}},"jetpack_featured_media_url":"https:\/\/i0.wp.com\/africadailyreport.com\/wp-content\/uploads\/2025\/01\/AFP__20250130__36WQ9M4__v2__HighRes__DrcongoUnrest-scaled.jpg?fit=%2C&ssl=1","jetpack_sharing_enabled":true,"amp_enabled":true,"_links":{"self":[{"href":"https:\/\/africadailyreport.com\/fr\/wp-json\/wp\/v2\/posts\/16487","targetHints":{"allow":["GET"]}}],"collection":[{"href":"https:\/\/africadailyreport.com\/fr\/wp-json\/wp\/v2\/posts"}],"about":[{"href":"https:\/\/africadailyreport.com\/fr\/wp-json\/wp\/v2\/types\/post"}],"author":[{"embeddable":true,"href":"https:\/\/africadailyreport.com\/fr\/wp-json\/wp\/v2\/users\/10"}],"replies":[{"embeddable":true,"href":"https:\/\/africadailyreport.com\/fr\/wp-json\/wp\/v2\/comments?post=16487"}],"version-history":[{"count":1,"href":"https:\/\/africadailyreport.com\/fr\/wp-json\/wp\/v2\/posts\/16487\/revisions"}],"predecessor-version":[{"id":16489,"href":"https:\/\/africadailyreport.com\/fr\/wp-json\/wp\/v2\/posts\/16487\/revisions\/16489"}],"wp:featuredmedia":[{"embeddable":true,"href":"https:\/\/africadailyreport.com\/fr\/wp-json\/wp\/v2\/media\/16485"}],"wp:attachment":[{"href":"https:\/\/africadailyreport.com\/fr\/wp-json\/wp\/v2\/media?parent=16487"}],"wp:term":[{"taxonomy":"category","embeddable":true,"href":"https:\/\/africadailyreport.com\/fr\/wp-json\/wp\/v2\/categories?post=16487"},{"taxonomy":"post_tag","embeddable":true,"href":"https:\/\/africadailyreport.com\/fr\/wp-json\/wp\/v2\/tags?post=16487"},{"taxonomy":"adr_country","embeddable":true,"href":"https:\/\/africadailyreport.com\/fr\/wp-json\/wp\/v2\/adr_country?post=16487"}],"curies":[{"name":"wp","href":"https:\/\/api.w.org\/{rel}","templated":true}]}}