{"id":16465,"date":"2025-01-28T21:13:27","date_gmt":"2025-01-28T21:13:27","guid":{"rendered":"https:\/\/africadailyreport.com\/2025\/01\/28\/smoke-looting-as-day-of-rage-targets-kinshasa-embassies\/"},"modified":"2025-01-28T21:56:39","modified_gmt":"2025-01-28T21:56:39","slug":"smoke-looting-as-day-of-rage-targets-kinshasa-embassies","status":"publish","type":"post","link":"https:\/\/africadailyreport.com\/fr\/2025\/01\/28\/smoke-looting-as-day-of-rage-targets-kinshasa-embassies\/","title":{"rendered":"RDC: journ\u00e9e de col\u00e8re \u00e0 Kinshasa, plusieurs ambassades attaqu\u00e9es"},"content":{"rendered":"\n<h2 class=\"wp-block-heading\" id=\"h-kinshasa-rd-congo-ambassades-vandalisees-commerces-pilles-pneus-brules-une-manifestation-organisee-mardi-a-kinshasa-pour-denoncer-l-inaction-de-la-communaute-internationale-face-au-conflit-qui-fait-rage-dans-l-est-du-pays-a-degenere-en-scenes-chaotiques\"><strong><em>Kinshasa,\u00a0RD Congo &#8211;<\/em><\/strong> Ambassades vandalis\u00e9es, commerces pill\u00e9s, pneus br\u00fbl\u00e9s: une manifestation organis\u00e9e mardi \u00e0 Kinshasa pour d\u00e9noncer l'\u00a0\u00bbinaction\u00a0\u00bb de la communaut\u00e9 internationale face au conflit qui fait rage dans l&rsquo;est du pays, a d\u00e9g\u00e9n\u00e9r\u00e9 en sc\u00e8nes chaotiques.<\/h2>\n\n\n\n\n\n<p>A pied ou \u00e0 moto, des centaines de manifestants en col\u00e8re, r\u00e9pondant \u00e0 l&rsquo;appel \u00ab\u00a0ville morte\u00a0\u00bb d&rsquo;un collectif de jeunesse, se sont rendus dans le quartier hupp\u00e9 de la Gombe, dans le nord de la capitale, et ont pris pour cible les ambassades du Rwanda, d&rsquo;Ouganda, du Kenya, de France, de Belgique et des Etats-Unis.<\/p>\n\n\n\n<p>Ils accusent le Rwanda et l&rsquo;Ouganda de soutenir activement le groupe arm\u00e9 du M23 qui, au terme d&rsquo;une offensive \u00e9clair dans le Nord-Kivu, a p\u00e9n\u00e9tr\u00e9 dimanche dans la capitale provinciale Goma et en contr\u00f4lait mardi l&rsquo;a\u00e9roport apr\u00e8s de violents combats. Et les autres pays d&rsquo;inaction diplomatique.<\/p>\n\n\n\n<p>\u00ab\u00a0Trop c&rsquo;est trop\u00a0\u00bb, \u00ab\u00a0on va tout d\u00e9truire ici, aujourd&rsquo;hui, nous allons en finir avec le Rwanda\u00a0\u00bb, lance un manifestant, tr\u00e8s applaudi, devant l&rsquo;immeuble qui abrite l&rsquo;ambassade du Rwanda \u00e0 Kinshasa. Une \u00e9paisse fum\u00e9e s&rsquo;\u00e9chappe non loin d&rsquo;un feu aliment\u00e9 par des pneus. \u00ab\u00a0Mort \u00e0 Kagame\u00a0\u00bb, \u00ab\u00a0Kagame&nbsp;assassin\u00a0\u00bb, lance-t-on.<\/p>\n\n\n\n<p>Le mur d&rsquo;enceinte de l&rsquo;ambassade de France est \u00e9galement incendi\u00e9. Sur celui-ci, on peut lire: \u00ab\u00a0La trahison depuis longtemps&#8230; finissons maintenant\u00a0\u00bb.<\/p>\n\n\n\n<p>Les ambassades de Belgique, des Etats-Unis et d&rsquo;Ouganda ont aussi \u00e9t\u00e9 prises pour cible.<\/p>\n\n\n\n<p>Dans cette derni\u00e8re, des manifestants se livrent \u00e0 un pillage syst\u00e9matique, emportant le mobilier sur des motos et en taxi.<\/p>\n\n\n\n<h2 class=\"wp-block-heading\">&#8211; Attaques \u00ab\u00a0inadmissibles\u00a0\u00bb &#8211;<\/h2>\n\n\n\n<p>Non loin de l\u00e0, d&rsquo;autres manifestants se sont introduits dans un supermarch\u00e9, emportant lait, poulet, paquets de bonbons&#8230;&nbsp;Un jeune homme est bless\u00e9 \u00e0 la jambe et saigne abondamment. Les pillards sont trop occup\u00e9s pour lui venir en aide.<\/p>\n\n\n\n<p>D\u00e8s la matin\u00e9e, l&rsquo;appel \u00e0 manifester avait vid\u00e9 les rues de la capitale Kinshasa de ses habituels embouteillages monstres.<\/p>\n\n\n\n<p>Plus tard, les rares v\u00e9hicules circulant dans la Gombe le font avec une branche d&rsquo;arbre en \u00e9vidence, en signe d&rsquo;adh\u00e9sion au mouvement anti-Rwanda.<\/p>\n\n\n\n<p>Le gouvernement congolais a pr\u00e9sent\u00e9 \u00ab\u00a0ses regrets suite aux actes de vandalisme commis par les manifestants\u00a0\u00bb et appel\u00e9 \u00ab\u00a0le personnel diplomatique et \u00e9tranger \u00e0 la prudence et \u00e0 la retenue\u00a0\u00bb, selon une note aux missions diplomatiques du minist\u00e8re congolais des Affaires \u00e9trang\u00e8res.<\/p>\n\n\n\n<p>La France avait auparavant d\u00e9nonc\u00e9 des attaques \u00ab\u00a0inadmissibles\u00a0\u00bb, le Kenya soulignant que la mise \u00e0 sac d&rsquo;une ambassade constitue une grave violation du droit international.<\/p>\n\n\n\n<p>Les autorit\u00e9s congolaises ont aussi appel\u00e9 les manifestants \u00e0 l&rsquo;apaisement.<\/p>\n\n\n\n<p>\u00ab\u00a0Nous sommes en droit de manifester notre col\u00e8re mais faisons-le pacifiquement, ne nous attaquons pas aux infrastructures consulaires des pays qui sont accr\u00e9dit\u00e9s en RDC\u00a0\u00bb, a d\u00e9clar\u00e9 le porte-parole du gouvernement Patrick Muyaya \u00e0 la t\u00e9l\u00e9vision d&rsquo;Etat, RTNC.<\/p>\n\n\n\n<p>mbb\/cld\/fal\/sba<\/p>\n\n\n\n<p>\u00a9 Agence France-Presse<\/p>\n","protected":false},"excerpt":{"rendered":"<p>Kinshasa,\u00a0RD Congo &#8211; Ambassades vandalis\u00e9es, commerces pill\u00e9s, pneus br\u00fbl\u00e9s: une manifestation organis\u00e9e mardi \u00e0 Kinshasa pour d\u00e9noncer l&rsquo;\u00a0\u00bbinaction\u00a0\u00bb de la communaut\u00e9 internationale face au conflit qui fait rage dans l&rsquo;est du pays, a d\u00e9g\u00e9n\u00e9r\u00e9 en sc\u00e8nes chaotiques. A pied ou \u00e0 moto, des centaines de manifestants en col\u00e8re, r\u00e9pondant \u00e0 l&rsquo;appel \u00ab\u00a0ville morte\u00a0\u00bb d&rsquo;un collectif [&hellip;]<\/p>\n","protected":false},"author":10,"featured_media":16463,"comment_status":"open","ping_status":"open","sticky":false,"template":"","format":"standard","meta":{"_acf_changed":false,"om_disable_all_campaigns":false,"_monsterinsights_skip_tracking":false,"_monsterinsights_sitenote_active":false,"_monsterinsights_sitenote_note":"","_monsterinsights_sitenote_category":0,"tdm_status":"","tdm_grid_status":"","_jetpack_newsletter_access":"","_jetpack_dont_email_post_to_subs":false,"_jetpack_newsletter_tier_id":0,"_jetpack_memberships_contains_paywalled_content":false,"_jetpack_memberships_contains_paid_content":false,"footnotes":""},"categories":[1241,1008],"tags":[1074,1126,1518,323,863],"adr_country":[],"class_list":{"0":"post-16465","1":"post","2":"type-post","3":"status-publish","4":"format-standard","5":"has-post-thumbnail","7":"category-lead-2-fr","8":"category-politics-fr","9":"tag-conflict-fr","10":"tag-drc-fr","11":"tag-drcongo-fr","12":"tag-kinshasa-fr","13":"tag-rwanda-fr"},"acf":{"post_version":""},"yoast_head":"<!-- This site is optimized with the Yoast SEO Premium plugin v26.0 (Yoast SEO v27.4) - https:\/\/yoast.com\/product\/yoast-seo-premium-wordpress\/ -->\n<title>RDC: journ\u00e9e de col\u00e8re \u00e0 Kinshasa, plusieurs ambassades attaqu\u00e9es - Africa Daily Report<\/title>\n<meta name=\"robots\" content=\"index, follow, max-snippet:-1, max-image-preview:large, max-video-preview:-1\" \/>\n<link rel=\"canonical\" href=\"https:\/\/africadailyreport.com\/fr\/2025\/01\/28\/smoke-looting-as-day-of-rage-targets-kinshasa-embassies\/\" \/>\n<meta property=\"og:locale\" content=\"fr_FR\" \/>\n<meta property=\"og:type\" content=\"article\" \/>\n<meta property=\"og:title\" content=\"RDC: journ\u00e9e de col\u00e8re \u00e0 Kinshasa, plusieurs ambassades attaqu\u00e9es\" \/>\n<meta property=\"og:description\" content=\"Kinshasa,\u00a0RD Congo &#8211; Ambassades vandalis\u00e9es, commerces pill\u00e9s, pneus br\u00fbl\u00e9s: une manifestation organis\u00e9e mardi \u00e0 Kinshasa pour d\u00e9noncer l&#039;\u00a0\u00bbinaction\u00a0\u00bb de la communaut\u00e9 internationale face au conflit qui fait rage dans l&rsquo;est du pays, a d\u00e9g\u00e9n\u00e9r\u00e9 en sc\u00e8nes chaotiques. A pied ou \u00e0 moto, des centaines de manifestants en col\u00e8re, r\u00e9pondant \u00e0 l&rsquo;appel \u00ab\u00a0ville morte\u00a0\u00bb d&rsquo;un collectif [&hellip;]\" \/>\n<meta property=\"og:url\" content=\"https:\/\/africadailyreport.com\/fr\/2025\/01\/28\/smoke-looting-as-day-of-rage-targets-kinshasa-embassies\/\" \/>\n<meta property=\"og:site_name\" content=\"Africa Daily Report\" \/>\n<meta property=\"article:publisher\" content=\"https:\/\/www.facebook.com\/africadailyreport\" \/>\n<meta property=\"article:published_time\" content=\"2025-01-28T21:13:27+00:00\" \/>\n<meta property=\"article:modified_time\" content=\"2025-01-28T21:56:39+00:00\" \/>\n<meta property=\"og:image\" content=\"https:\/\/africadailyreport.com\/wp-content\/uploads\/2025\/01\/AFP__20250128__36WF86T__v1__HighRes__DrcongoUnrest.jpg\" \/>\n\t<meta property=\"og:image:width\" content=\"1\" \/>\n\t<meta property=\"og:image:height\" content=\"1\" \/>\n\t<meta property=\"og:image:type\" content=\"image\/jpeg\" \/>\n<meta name=\"author\" content=\"ADR\/AFP\" \/>\n<meta name=\"twitter:card\" content=\"summary_large_image\" \/>\n<meta name=\"twitter:creator\" content=\"@adr_africa\" \/>\n<meta name=\"twitter:site\" content=\"@adr_africa\" \/>\n<meta name=\"twitter:label1\" content=\"\u00c9crit par\" \/>\n\t<meta name=\"twitter:data1\" content=\"ADR\/AFP\" \/>\n\t<meta name=\"twitter:label2\" content=\"Dur\u00e9e de lecture estim\u00e9e\" \/>\n\t<meta name=\"twitter:data2\" content=\"1 minute\" \/>\n<script type=\"application\/ld+json\" class=\"yoast-schema-graph\">{\"@context\":\"https:\\\/\\\/schema.org\",\"@graph\":[{\"@type\":\"Article\",\"@id\":\"https:\\\/\\\/africadailyreport.com\\\/fr\\\/2025\\\/01\\\/28\\\/smoke-looting-as-day-of-rage-targets-kinshasa-embassies\\\/#article\",\"isPartOf\":{\"@id\":\"https:\\\/\\\/africadailyreport.com\\\/fr\\\/2025\\\/01\\\/28\\\/smoke-looting-as-day-of-rage-targets-kinshasa-embassies\\\/\"},\"author\":{\"name\":\"ADR\\\/AFP\",\"@id\":\"https:\\\/\\\/africadailyreport.com\\\/fr\\\/#\\\/schema\\\/person\\\/c44d86d79f5570b3ba4cf70c989843f8\"},\"headline\":\"RDC: journ\u00e9e de col\u00e8re \u00e0 Kinshasa, plusieurs ambassades attaqu\u00e9es\",\"datePublished\":\"2025-01-28T21:13:27+00:00\",\"dateModified\":\"2025-01-28T21:56:39+00:00\",\"mainEntityOfPage\":{\"@id\":\"https:\\\/\\\/africadailyreport.com\\\/fr\\\/2025\\\/01\\\/28\\\/smoke-looting-as-day-of-rage-targets-kinshasa-embassies\\\/\"},\"wordCount\":511,\"commentCount\":0,\"publisher\":{\"@id\":\"https:\\\/\\\/africadailyreport.com\\\/fr\\\/#organization\"},\"image\":{\"@id\":\"https:\\\/\\\/africadailyreport.com\\\/fr\\\/2025\\\/01\\\/28\\\/smoke-looting-as-day-of-rage-targets-kinshasa-embassies\\\/#primaryimage\"},\"thumbnailUrl\":\"https:\\\/\\\/i0.wp.com\\\/africadailyreport.com\\\/wp-content\\\/uploads\\\/2025\\\/01\\\/AFP__20250128__36WF86T__v1__HighRes__DrcongoUnrest.jpg?fit=%2C&ssl=1\",\"keywords\":[\"conflict\",\"DRC\",\"drCONGO\",\"kinshasa\",\"Rwanda\"],\"articleSection\":[\"LEAD\",\"Politics\"],\"inLanguage\":\"fr-FR\",\"potentialAction\":[{\"@type\":\"CommentAction\",\"name\":\"Comment\",\"target\":[\"https:\\\/\\\/africadailyreport.com\\\/fr\\\/2025\\\/01\\\/28\\\/smoke-looting-as-day-of-rage-targets-kinshasa-embassies\\\/#respond\"]}],\"copyrightYear\":\"2025\",\"copyrightHolder\":{\"@id\":\"https:\\\/\\\/africadailyreport.com\\\/#organization\"}},{\"@type\":\"WebPage\",\"@id\":\"https:\\\/\\\/africadailyreport.com\\\/fr\\\/2025\\\/01\\\/28\\\/smoke-looting-as-day-of-rage-targets-kinshasa-embassies\\\/\",\"url\":\"https:\\\/\\\/africadailyreport.com\\\/fr\\\/2025\\\/01\\\/28\\\/smoke-looting-as-day-of-rage-targets-kinshasa-embassies\\\/\",\"name\":\"RDC: journ\u00e9e de col\u00e8re \u00e0 Kinshasa, plusieurs ambassades attaqu\u00e9es - Africa Daily Report\",\"isPartOf\":{\"@id\":\"https:\\\/\\\/africadailyreport.com\\\/fr\\\/#website\"},\"primaryImageOfPage\":{\"@id\":\"https:\\\/\\\/africadailyreport.com\\\/fr\\\/2025\\\/01\\\/28\\\/smoke-looting-as-day-of-rage-targets-kinshasa-embassies\\\/#primaryimage\"},\"image\":{\"@id\":\"https:\\\/\\\/africadailyreport.com\\\/fr\\\/2025\\\/01\\\/28\\\/smoke-looting-as-day-of-rage-targets-kinshasa-embassies\\\/#primaryimage\"},\"thumbnailUrl\":\"https:\\\/\\\/i0.wp.com\\\/africadailyreport.com\\\/wp-content\\\/uploads\\\/2025\\\/01\\\/AFP__20250128__36WF86T__v1__HighRes__DrcongoUnrest.jpg?fit=%2C&ssl=1\",\"datePublished\":\"2025-01-28T21:13:27+00:00\",\"dateModified\":\"2025-01-28T21:56:39+00:00\",\"breadcrumb\":{\"@id\":\"https:\\\/\\\/africadailyreport.com\\\/fr\\\/2025\\\/01\\\/28\\\/smoke-looting-as-day-of-rage-targets-kinshasa-embassies\\\/#breadcrumb\"},\"inLanguage\":\"fr-FR\",\"potentialAction\":[{\"@type\":\"ReadAction\",\"target\":[\"https:\\\/\\\/africadailyreport.com\\\/fr\\\/2025\\\/01\\\/28\\\/smoke-looting-as-day-of-rage-targets-kinshasa-embassies\\\/\"]}]},{\"@type\":\"ImageObject\",\"inLanguage\":\"fr-FR\",\"@id\":\"https:\\\/\\\/africadailyreport.com\\\/fr\\\/2025\\\/01\\\/28\\\/smoke-looting-as-day-of-rage-targets-kinshasa-embassies\\\/#primaryimage\",\"url\":\"https:\\\/\\\/i0.wp.com\\\/africadailyreport.com\\\/wp-content\\\/uploads\\\/2025\\\/01\\\/AFP__20250128__36WF86T__v1__HighRes__DrcongoUnrest.jpg?fit=%2C&ssl=1\",\"contentUrl\":\"https:\\\/\\\/i0.wp.com\\\/africadailyreport.com\\\/wp-content\\\/uploads\\\/2025\\\/01\\\/AFP__20250128__36WF86T__v1__HighRes__DrcongoUnrest.jpg?fit=%2C&ssl=1\",\"caption\":\"Members of special units of the Congolese National Police stand guard in front of the French Embassy following an attack on the building during a demonstration against the escalating conflict in eastern Democratic Republic of Congo in Kinshasa, on January 28, 2025. Protesters have attacked several embassies in DR Congo's capital Kinshasa, including that of Rwanda, during demonstrations on January 28,2025 against the escalating conflict in the country's east, diplomatic sources said. (Photo by Hardy BOPE \\\/ AFP)\"},{\"@type\":\"BreadcrumbList\",\"@id\":\"https:\\\/\\\/africadailyreport.com\\\/fr\\\/2025\\\/01\\\/28\\\/smoke-looting-as-day-of-rage-targets-kinshasa-embassies\\\/#breadcrumb\",\"itemListElement\":[{\"@type\":\"ListItem\",\"position\":1,\"name\":\"Home\",\"item\":\"https:\\\/\\\/africadailyreport.com\\\/fr\\\/\"},{\"@type\":\"ListItem\",\"position\":2,\"name\":\"RDC: journ\u00e9e de col\u00e8re \u00e0 Kinshasa, plusieurs ambassades attaqu\u00e9es\"}]},{\"@type\":\"WebSite\",\"@id\":\"https:\\\/\\\/africadailyreport.com\\\/fr\\\/#website\",\"url\":\"https:\\\/\\\/africadailyreport.com\\\/fr\\\/\",\"name\":\"Africa Daily Report\",\"description\":\"\",\"publisher\":{\"@id\":\"https:\\\/\\\/africadailyreport.com\\\/fr\\\/#organization\"},\"potentialAction\":[{\"@type\":\"SearchAction\",\"target\":{\"@type\":\"EntryPoint\",\"urlTemplate\":\"https:\\\/\\\/africadailyreport.com\\\/fr\\\/?s={search_term_string}\"},\"query-input\":{\"@type\":\"PropertyValueSpecification\",\"valueRequired\":true,\"valueName\":\"search_term_string\"}}],\"inLanguage\":\"fr-FR\"},{\"@type\":\"Organization\",\"@id\":\"https:\\\/\\\/africadailyreport.com\\\/fr\\\/#organization\",\"name\":\"Africa Daily Report\",\"url\":\"https:\\\/\\\/africadailyreport.com\\\/fr\\\/\",\"logo\":{\"@type\":\"ImageObject\",\"inLanguage\":\"fr-FR\",\"@id\":\"https:\\\/\\\/africadailyreport.com\\\/fr\\\/#\\\/schema\\\/logo\\\/image\\\/\",\"url\":\"https:\\\/\\\/africadailyreport.com\\\/wp-content\\\/uploads\\\/2024\\\/09\\\/ADR-Transparent-Green-Logo-1.png\",\"contentUrl\":\"https:\\\/\\\/africadailyreport.com\\\/wp-content\\\/uploads\\\/2024\\\/09\\\/ADR-Transparent-Green-Logo-1.png\",\"width\":267,\"height\":185,\"caption\":\"Africa Daily Report\"},\"image\":{\"@id\":\"https:\\\/\\\/africadailyreport.com\\\/fr\\\/#\\\/schema\\\/logo\\\/image\\\/\"},\"sameAs\":[\"https:\\\/\\\/www.facebook.com\\\/africadailyreport\",\"https:\\\/\\\/x.com\\\/adr_africa\",\"https:\\\/\\\/www.youtube.com\\\/@africadailyreport\",\"https:\\\/\\\/instagram.com\\\/africadailyreport\"]},{\"@type\":\"Person\",\"@id\":\"https:\\\/\\\/africadailyreport.com\\\/fr\\\/#\\\/schema\\\/person\\\/c44d86d79f5570b3ba4cf70c989843f8\",\"name\":\"ADR\\\/AFP\",\"image\":{\"@type\":\"ImageObject\",\"inLanguage\":\"fr-FR\",\"@id\":\"https:\\\/\\\/secure.gravatar.com\\\/avatar\\\/2fbdc3782aa386b408fd9a36f0bc78ee569c94a7a05670cab3a1d72916408214?s=96&d=mm&r=g\",\"url\":\"https:\\\/\\\/secure.gravatar.com\\\/avatar\\\/2fbdc3782aa386b408fd9a36f0bc78ee569c94a7a05670cab3a1d72916408214?s=96&d=mm&r=g\",\"contentUrl\":\"https:\\\/\\\/secure.gravatar.com\\\/avatar\\\/2fbdc3782aa386b408fd9a36f0bc78ee569c94a7a05670cab3a1d72916408214?s=96&d=mm&r=g\",\"caption\":\"ADR\\\/AFP\"},\"sameAs\":[\"http:\\\/\\\/africadailyreport.com\"],\"url\":\"https:\\\/\\\/africadailyreport.com\\\/fr\\\/author\\\/both\\\/\"}]}<\/script>\n<!-- \/ Yoast SEO Premium plugin. -->","yoast_head_json":{"title":"RDC: journ\u00e9e de col\u00e8re \u00e0 Kinshasa, plusieurs ambassades attaqu\u00e9es - Africa Daily Report","robots":{"index":"index","follow":"follow","max-snippet":"max-snippet:-1","max-image-preview":"max-image-preview:large","max-video-preview":"max-video-preview:-1"},"canonical":"https:\/\/africadailyreport.com\/fr\/2025\/01\/28\/smoke-looting-as-day-of-rage-targets-kinshasa-embassies\/","og_locale":"fr_FR","og_type":"article","og_title":"RDC: journ\u00e9e de col\u00e8re \u00e0 Kinshasa, plusieurs ambassades attaqu\u00e9es","og_description":"Kinshasa,\u00a0RD Congo &#8211; Ambassades vandalis\u00e9es, commerces pill\u00e9s, pneus br\u00fbl\u00e9s: une manifestation organis\u00e9e mardi \u00e0 Kinshasa pour d\u00e9noncer l'\u00a0\u00bbinaction\u00a0\u00bb de la communaut\u00e9 internationale face au conflit qui fait rage dans l&rsquo;est du pays, a d\u00e9g\u00e9n\u00e9r\u00e9 en sc\u00e8nes chaotiques. A pied ou \u00e0 moto, des centaines de manifestants en col\u00e8re, r\u00e9pondant \u00e0 l&rsquo;appel \u00ab\u00a0ville morte\u00a0\u00bb d&rsquo;un collectif [&hellip;]","og_url":"https:\/\/africadailyreport.com\/fr\/2025\/01\/28\/smoke-looting-as-day-of-rage-targets-kinshasa-embassies\/","og_site_name":"Africa Daily Report","article_publisher":"https:\/\/www.facebook.com\/africadailyreport","article_published_time":"2025-01-28T21:13:27+00:00","article_modified_time":"2025-01-28T21:56:39+00:00","og_image":[{"url":"https:\/\/africadailyreport.com\/wp-content\/uploads\/2025\/01\/AFP__20250128__36WF86T__v1__HighRes__DrcongoUnrest.jpg","width":1,"height":1,"type":"image\/jpeg"}],"author":"ADR\/AFP","twitter_card":"summary_large_image","twitter_creator":"@adr_africa","twitter_site":"@adr_africa","twitter_misc":{"\u00c9crit par":"ADR\/AFP","Dur\u00e9e de lecture estim\u00e9e":"1 minute"},"schema":{"@context":"https:\/\/schema.org","@graph":[{"@type":"Article","@id":"https:\/\/africadailyreport.com\/fr\/2025\/01\/28\/smoke-looting-as-day-of-rage-targets-kinshasa-embassies\/#article","isPartOf":{"@id":"https:\/\/africadailyreport.com\/fr\/2025\/01\/28\/smoke-looting-as-day-of-rage-targets-kinshasa-embassies\/"},"author":{"name":"ADR\/AFP","@id":"https:\/\/africadailyreport.com\/fr\/#\/schema\/person\/c44d86d79f5570b3ba4cf70c989843f8"},"headline":"RDC: journ\u00e9e de col\u00e8re \u00e0 Kinshasa, plusieurs ambassades attaqu\u00e9es","datePublished":"2025-01-28T21:13:27+00:00","dateModified":"2025-01-28T21:56:39+00:00","mainEntityOfPage":{"@id":"https:\/\/africadailyreport.com\/fr\/2025\/01\/28\/smoke-looting-as-day-of-rage-targets-kinshasa-embassies\/"},"wordCount":511,"commentCount":0,"publisher":{"@id":"https:\/\/africadailyreport.com\/fr\/#organization"},"image":{"@id":"https:\/\/africadailyreport.com\/fr\/2025\/01\/28\/smoke-looting-as-day-of-rage-targets-kinshasa-embassies\/#primaryimage"},"thumbnailUrl":"https:\/\/i0.wp.com\/africadailyreport.com\/wp-content\/uploads\/2025\/01\/AFP__20250128__36WF86T__v1__HighRes__DrcongoUnrest.jpg?fit=%2C&ssl=1","keywords":["conflict","DRC","drCONGO","kinshasa","Rwanda"],"articleSection":["LEAD","Politics"],"inLanguage":"fr-FR","potentialAction":[{"@type":"CommentAction","name":"Comment","target":["https:\/\/africadailyreport.com\/fr\/2025\/01\/28\/smoke-looting-as-day-of-rage-targets-kinshasa-embassies\/#respond"]}],"copyrightYear":"2025","copyrightHolder":{"@id":"https:\/\/africadailyreport.com\/#organization"}},{"@type":"WebPage","@id":"https:\/\/africadailyreport.com\/fr\/2025\/01\/28\/smoke-looting-as-day-of-rage-targets-kinshasa-embassies\/","url":"https:\/\/africadailyreport.com\/fr\/2025\/01\/28\/smoke-looting-as-day-of-rage-targets-kinshasa-embassies\/","name":"RDC: journ\u00e9e de col\u00e8re \u00e0 Kinshasa, plusieurs ambassades attaqu\u00e9es - Africa Daily Report","isPartOf":{"@id":"https:\/\/africadailyreport.com\/fr\/#website"},"primaryImageOfPage":{"@id":"https:\/\/africadailyreport.com\/fr\/2025\/01\/28\/smoke-looting-as-day-of-rage-targets-kinshasa-embassies\/#primaryimage"},"image":{"@id":"https:\/\/africadailyreport.com\/fr\/2025\/01\/28\/smoke-looting-as-day-of-rage-targets-kinshasa-embassies\/#primaryimage"},"thumbnailUrl":"https:\/\/i0.wp.com\/africadailyreport.com\/wp-content\/uploads\/2025\/01\/AFP__20250128__36WF86T__v1__HighRes__DrcongoUnrest.jpg?fit=%2C&ssl=1","datePublished":"2025-01-28T21:13:27+00:00","dateModified":"2025-01-28T21:56:39+00:00","breadcrumb":{"@id":"https:\/\/africadailyreport.com\/fr\/2025\/01\/28\/smoke-looting-as-day-of-rage-targets-kinshasa-embassies\/#breadcrumb"},"inLanguage":"fr-FR","potentialAction":[{"@type":"ReadAction","target":["https:\/\/africadailyreport.com\/fr\/2025\/01\/28\/smoke-looting-as-day-of-rage-targets-kinshasa-embassies\/"]}]},{"@type":"ImageObject","inLanguage":"fr-FR","@id":"https:\/\/africadailyreport.com\/fr\/2025\/01\/28\/smoke-looting-as-day-of-rage-targets-kinshasa-embassies\/#primaryimage","url":"https:\/\/i0.wp.com\/africadailyreport.com\/wp-content\/uploads\/2025\/01\/AFP__20250128__36WF86T__v1__HighRes__DrcongoUnrest.jpg?fit=%2C&ssl=1","contentUrl":"https:\/\/i0.wp.com\/africadailyreport.com\/wp-content\/uploads\/2025\/01\/AFP__20250128__36WF86T__v1__HighRes__DrcongoUnrest.jpg?fit=%2C&ssl=1","caption":"Members of special units of the Congolese National Police stand guard in front of the French Embassy following an attack on the building during a demonstration against the escalating conflict in eastern Democratic Republic of Congo in Kinshasa, on January 28, 2025. Protesters have attacked several embassies in DR Congo's capital Kinshasa, including that of Rwanda, during demonstrations on January 28,2025 against the escalating conflict in the country's east, diplomatic sources said. (Photo by Hardy BOPE \/ AFP)"},{"@type":"BreadcrumbList","@id":"https:\/\/africadailyreport.com\/fr\/2025\/01\/28\/smoke-looting-as-day-of-rage-targets-kinshasa-embassies\/#breadcrumb","itemListElement":[{"@type":"ListItem","position":1,"name":"Home","item":"https:\/\/africadailyreport.com\/fr\/"},{"@type":"ListItem","position":2,"name":"RDC: journ\u00e9e de col\u00e8re \u00e0 Kinshasa, plusieurs ambassades attaqu\u00e9es"}]},{"@type":"WebSite","@id":"https:\/\/africadailyreport.com\/fr\/#website","url":"https:\/\/africadailyreport.com\/fr\/","name":"Africa Daily Report","description":"","publisher":{"@id":"https:\/\/africadailyreport.com\/fr\/#organization"},"potentialAction":[{"@type":"SearchAction","target":{"@type":"EntryPoint","urlTemplate":"https:\/\/africadailyreport.com\/fr\/?s={search_term_string}"},"query-input":{"@type":"PropertyValueSpecification","valueRequired":true,"valueName":"search_term_string"}}],"inLanguage":"fr-FR"},{"@type":"Organization","@id":"https:\/\/africadailyreport.com\/fr\/#organization","name":"Africa Daily Report","url":"https:\/\/africadailyreport.com\/fr\/","logo":{"@type":"ImageObject","inLanguage":"fr-FR","@id":"https:\/\/africadailyreport.com\/fr\/#\/schema\/logo\/image\/","url":"https:\/\/africadailyreport.com\/wp-content\/uploads\/2024\/09\/ADR-Transparent-Green-Logo-1.png","contentUrl":"https:\/\/africadailyreport.com\/wp-content\/uploads\/2024\/09\/ADR-Transparent-Green-Logo-1.png","width":267,"height":185,"caption":"Africa Daily Report"},"image":{"@id":"https:\/\/africadailyreport.com\/fr\/#\/schema\/logo\/image\/"},"sameAs":["https:\/\/www.facebook.com\/africadailyreport","https:\/\/x.com\/adr_africa","https:\/\/www.youtube.com\/@africadailyreport","https:\/\/instagram.com\/africadailyreport"]},{"@type":"Person","@id":"https:\/\/africadailyreport.com\/fr\/#\/schema\/person\/c44d86d79f5570b3ba4cf70c989843f8","name":"ADR\/AFP","image":{"@type":"ImageObject","inLanguage":"fr-FR","@id":"https:\/\/secure.gravatar.com\/avatar\/2fbdc3782aa386b408fd9a36f0bc78ee569c94a7a05670cab3a1d72916408214?s=96&d=mm&r=g","url":"https:\/\/secure.gravatar.com\/avatar\/2fbdc3782aa386b408fd9a36f0bc78ee569c94a7a05670cab3a1d72916408214?s=96&d=mm&r=g","contentUrl":"https:\/\/secure.gravatar.com\/avatar\/2fbdc3782aa386b408fd9a36f0bc78ee569c94a7a05670cab3a1d72916408214?s=96&d=mm&r=g","caption":"ADR\/AFP"},"sameAs":["http:\/\/africadailyreport.com"],"url":"https:\/\/africadailyreport.com\/fr\/author\/both\/"}]}},"jetpack_featured_media_url":"https:\/\/i0.wp.com\/africadailyreport.com\/wp-content\/uploads\/2025\/01\/AFP__20250128__36WF86T__v1__HighRes__DrcongoUnrest.jpg?fit=%2C&ssl=1","jetpack_sharing_enabled":true,"amp_enabled":true,"_links":{"self":[{"href":"https:\/\/africadailyreport.com\/fr\/wp-json\/wp\/v2\/posts\/16465","targetHints":{"allow":["GET"]}}],"collection":[{"href":"https:\/\/africadailyreport.com\/fr\/wp-json\/wp\/v2\/posts"}],"about":[{"href":"https:\/\/africadailyreport.com\/fr\/wp-json\/wp\/v2\/types\/post"}],"author":[{"embeddable":true,"href":"https:\/\/africadailyreport.com\/fr\/wp-json\/wp\/v2\/users\/10"}],"replies":[{"embeddable":true,"href":"https:\/\/africadailyreport.com\/fr\/wp-json\/wp\/v2\/comments?post=16465"}],"version-history":[{"count":4,"href":"https:\/\/africadailyreport.com\/fr\/wp-json\/wp\/v2\/posts\/16465\/revisions"}],"predecessor-version":[{"id":16472,"href":"https:\/\/africadailyreport.com\/fr\/wp-json\/wp\/v2\/posts\/16465\/revisions\/16472"}],"wp:featuredmedia":[{"embeddable":true,"href":"https:\/\/africadailyreport.com\/fr\/wp-json\/wp\/v2\/media\/16463"}],"wp:attachment":[{"href":"https:\/\/africadailyreport.com\/fr\/wp-json\/wp\/v2\/media?parent=16465"}],"wp:term":[{"taxonomy":"category","embeddable":true,"href":"https:\/\/africadailyreport.com\/fr\/wp-json\/wp\/v2\/categories?post=16465"},{"taxonomy":"post_tag","embeddable":true,"href":"https:\/\/africadailyreport.com\/fr\/wp-json\/wp\/v2\/tags?post=16465"},{"taxonomy":"adr_country","embeddable":true,"href":"https:\/\/africadailyreport.com\/fr\/wp-json\/wp\/v2\/adr_country?post=16465"}],"curies":[{"name":"wp","href":"https:\/\/api.w.org\/{rel}","templated":true}]}}