{"id":16455,"date":"2025-01-28T21:04:34","date_gmt":"2025-01-28T21:04:34","guid":{"rendered":"https:\/\/africadailyreport.com\/2025\/01\/28\/thousands-rally-in-burkina-mali-and-niger-to-cheer-ecowas-exit\/"},"modified":"2025-01-28T21:18:51","modified_gmt":"2025-01-28T21:18:51","slug":"thousands-rally-in-burkina-mali-and-niger-to-cheer-ecowas-exit","status":"publish","type":"post","link":"https:\/\/africadailyreport.com\/fr\/2025\/01\/28\/thousands-rally-in-burkina-mali-and-niger-to-cheer-ecowas-exit\/","title":{"rendered":"Au Burkina et au Niger, des milliers de manifestants pour le retrait de la Cedeao"},"content":{"rendered":"\n<h2 class=\"wp-block-heading\" id=\"h-niamey-niger-des-milliers-de-personnes-ont-manifeste-mardi-au-niger-et-au-burkina-faso-pour-soutenir-le-retrait-de-leurs-pays-de-la-communaute-economique-des-etats-de-l-afrique-de-l-ouest-cedeao-qui-devient-effectif-mercredi\"><em>Niamey,\u00a0Niger &#8211; <\/em>Des milliers de personnes ont manifest\u00e9 mardi au Niger et au Burkina Faso pour soutenir le retrait de leurs pays de la Communaut\u00e9 \u00e9conomique des Etats de l&rsquo;Afrique de l&rsquo;Ouest (Cedeao), qui devient effectif mercredi.<\/h2>\n\n\n\n\n\n<p>Avec le Mali, ces pays sah\u00e9liens dirig\u00e9s par des r\u00e9gimes militaires arriv\u00e9s au pouvoir par des putschs ont form\u00e9 leur propre conf\u00e9d\u00e9ration, l&rsquo;Alliance des Etats du Sahel (AES), et annonc\u00e9 il y a un an vouloir quitter la Cedeao qu&rsquo;ils estiment notamment inf\u00e9od\u00e9e \u00e0 la France.<\/p>\n\n\n\n<p>A Niamey, plusieurs milliers de manifestants, avec en peloton de t\u00eate des membres du r\u00e9gime militaire, se sont rassembl\u00e9s \u00e0 la Place Toumo, puis ont march\u00e9 vers la Place de la Concertation, devant l\u2019Assembl\u00e9e nationale, \u00e0 quelques kilom\u00e8tres de l\u00e0.<\/p>\n\n\n\n<p>Ils ont scand\u00e9 des slogans hostiles au pr\u00e9sident fran\u00e7ais Emmanuel Macron mais aussi \u00e0 certains chefs d&rsquo;Etat de la r\u00e9gion avec lesquels le Niger entretient des relations tendues, comme le B\u00e9nin, le Nigeria ou la C\u00f4te d&rsquo;Ivoire.<\/p>\n\n\n\n<p>\u00ab\u00a0Le 28 janvier 2024 nous avons annonc\u00e9 notre sortie de la Cedeao avec effet imm\u00e9diat. Beaucoup pensaient que c&rsquo;\u00e9tait une blague, ils pensaient qu&rsquo;on allait revenir sur notre d\u00e9cision\u00a0\u00bb, a dit lors de la manifestation le colonel Ibro Amadou Bacharou, chef d&rsquo;Etat major particulier du chef de la junte nig\u00e9rienne, le&nbsp;g\u00e9n\u00e9ral Abdourahamane Tiani.<\/p>\n\n\n\n<p>\u00ab\u00a0Aujourd&rsquo;hui c&rsquo;est termin\u00e9, il n&rsquo;y a plus rien entre la Cedeao et nous!\u00a0\u00bb, a-t-il ajout\u00e9.<\/p>\n\n\n\n<p>A Ouagadougou, plusieurs milliers de manifestants se sont rassembl\u00e9s \u00e0 la place de la Nation, dont le Premier ministre Rimtalba Jean-Emmanuel Ou\u00e9draogo et des membres du gouvernement.<\/p>\n\n\n\n<p>\u00ab\u00a0Vive l&rsquo;AES, \u00e0 bas la CEDEAO\u00a0\u00bb, \u00ab\u00a0Adieu la Cedeao aux mains li\u00e9es, vive l&rsquo;AES libre\u00a0\u00bb, pouvait-on lire sur les pancartes brandies par les manifestants.<\/p>\n\n\n\n<p>Dans le cort\u00e8ge, les drapeaux des trois pays sah\u00e9liens et celui de la Russie flottaient au vent.<\/p>\n\n\n\n<p>\u00ab\u00a0La Cedeao est l&rsquo;une des cordes de notre asservissement qui&nbsp;a \u00e9t\u00e9 coup\u00e9e. Pour couper le cordon de l&rsquo;imp\u00e9rialisme (&#8230;) cela ne se fera pas par les mains tendres d&rsquo;une sage-femme, mais par une hache\u00a0\u00bb, a d\u00e9clar\u00e9 en marge de la manifestation le Premier ministre Ou\u00e9draogo.<\/p>\n\n\n\n<p>Des manifestations \u00e9taient \u00e9galement pr\u00e9vues au Mali.<\/p>\n\n\n\n<p>Le 29 janvier 2024, au lendemain de leur annonce, les trois pays avaient formellement notifi\u00e9 \u00e0 la Cedeao leur volont\u00e9 de retrait \u00ab\u00a0imm\u00e9diat\u00a0\u00bb. Les textes de l&rsquo;organisation ouest-africaine imposent cependant un d\u00e9lai d&rsquo;un an pour qu&rsquo;il soit effectif.<\/p>\n\n\n\n<p>Les pays de l&rsquo;AES vont mettre en circulation d\u00e8s mercredi leur propre passeport commun et ont annonc\u00e9 pour bient\u00f4t une arm\u00e9e unifi\u00e9e de 5.000 hommes pour combattre les jihadistes.<\/p>\n\n\n\n<p><\/p>\n\n\n\n<p>\u00a9 Agence France-Presse<\/p>\n","protected":false},"excerpt":{"rendered":"<p>Niamey,\u00a0Niger &#8211; Des milliers de personnes ont manifest\u00e9 mardi au Niger et au Burkina Faso pour soutenir le retrait de leurs pays de la Communaut\u00e9 \u00e9conomique des Etats de l&rsquo;Afrique de l&rsquo;Ouest (Cedeao), qui devient effectif mercredi. Avec le Mali, ces pays sah\u00e9liens dirig\u00e9s par des r\u00e9gimes militaires arriv\u00e9s au pouvoir par des putschs ont [&hellip;]<\/p>\n","protected":false},"author":10,"featured_media":16453,"comment_status":"open","ping_status":"open","sticky":false,"template":"","format":"standard","meta":{"_acf_changed":false,"om_disable_all_campaigns":false,"_monsterinsights_skip_tracking":false,"_monsterinsights_sitenote_active":false,"_monsterinsights_sitenote_note":"","_monsterinsights_sitenote_category":0,"tdm_status":"","tdm_grid_status":"","_jetpack_newsletter_access":"","_jetpack_dont_email_post_to_subs":false,"_jetpack_newsletter_tier_id":0,"_jetpack_memberships_contains_paywalled_content":false,"_jetpack_memberships_contains_paid_content":false,"footnotes":""},"categories":[293,800,1772,1008],"tags":[1797,2493,1529,910],"adr_country":[1099,1084,1093,316],"class_list":{"0":"post-16455","1":"post","2":"type-post","3":"status-publish","4":"format-standard","5":"has-post-thumbnail","7":"category-actualites-fr","8":"category-economie-fr","9":"category-editors-choice-fr","10":"category-politics-fr","11":"tag-burkina-fr","12":"tag-ecowas-fr","13":"tag-mali-fr","14":"tag-niger-fr","15":"adr_country-afrique","16":"adr_country-burkina-faso","17":"adr_country-guinee-conakry","18":"adr_country-mali"},"acf":{"post_version":""},"yoast_head":"<!-- This site is optimized with the Yoast SEO Premium plugin v26.0 (Yoast SEO v27.4) - https:\/\/yoast.com\/product\/yoast-seo-premium-wordpress\/ -->\n<title>Au Burkina et au Niger, des milliers de manifestants pour le retrait de la Cedeao - Africa Daily Report<\/title>\n<meta name=\"robots\" content=\"index, follow, max-snippet:-1, max-image-preview:large, max-video-preview:-1\" \/>\n<link rel=\"canonical\" href=\"https:\/\/africadailyreport.com\/fr\/2025\/01\/28\/thousands-rally-in-burkina-mali-and-niger-to-cheer-ecowas-exit\/\" \/>\n<meta property=\"og:locale\" content=\"fr_FR\" \/>\n<meta property=\"og:type\" content=\"article\" \/>\n<meta property=\"og:title\" content=\"Au Burkina et au Niger, des milliers de manifestants pour le retrait de la Cedeao\" \/>\n<meta property=\"og:description\" content=\"Niamey,\u00a0Niger &#8211; Des milliers de personnes ont manifest\u00e9 mardi au Niger et au Burkina Faso pour soutenir le retrait de leurs pays de la Communaut\u00e9 \u00e9conomique des Etats de l&rsquo;Afrique de l&rsquo;Ouest (Cedeao), qui devient effectif mercredi. Avec le Mali, ces pays sah\u00e9liens dirig\u00e9s par des r\u00e9gimes militaires arriv\u00e9s au pouvoir par des putschs ont [&hellip;]\" \/>\n<meta property=\"og:url\" content=\"https:\/\/africadailyreport.com\/fr\/2025\/01\/28\/thousands-rally-in-burkina-mali-and-niger-to-cheer-ecowas-exit\/\" \/>\n<meta property=\"og:site_name\" content=\"Africa Daily Report\" \/>\n<meta property=\"article:publisher\" content=\"https:\/\/www.facebook.com\/africadailyreport\" \/>\n<meta property=\"article:published_time\" content=\"2025-01-28T21:04:34+00:00\" \/>\n<meta property=\"article:modified_time\" content=\"2025-01-28T21:18:51+00:00\" \/>\n<meta property=\"og:image\" content=\"https:\/\/africadailyreport.com\/wp-content\/uploads\/2025\/01\/AFP__20250128__36WF44U__v2__HighRes__TopshotNigerMaliBurkinaEconomyCoupSahelEcowas-scaled.jpg\" \/>\n\t<meta property=\"og:image:width\" content=\"1\" \/>\n\t<meta property=\"og:image:height\" content=\"1\" \/>\n\t<meta property=\"og:image:type\" content=\"image\/jpeg\" \/>\n<meta name=\"author\" content=\"ADR\/AFP\" \/>\n<meta name=\"twitter:card\" content=\"summary_large_image\" \/>\n<meta name=\"twitter:creator\" content=\"@adr_africa\" \/>\n<meta name=\"twitter:site\" content=\"@adr_africa\" \/>\n<meta name=\"twitter:label1\" content=\"\u00c9crit par\" \/>\n\t<meta name=\"twitter:data1\" content=\"ADR\/AFP\" \/>\n\t<meta name=\"twitter:label2\" content=\"Dur\u00e9e de lecture estim\u00e9e\" \/>\n\t<meta name=\"twitter:data2\" content=\"1 minute\" \/>\n<script type=\"application\/ld+json\" class=\"yoast-schema-graph\">{\"@context\":\"https:\\\/\\\/schema.org\",\"@graph\":[{\"@type\":\"Article\",\"@id\":\"https:\\\/\\\/africadailyreport.com\\\/fr\\\/2025\\\/01\\\/28\\\/thousands-rally-in-burkina-mali-and-niger-to-cheer-ecowas-exit\\\/#article\",\"isPartOf\":{\"@id\":\"https:\\\/\\\/africadailyreport.com\\\/fr\\\/2025\\\/01\\\/28\\\/thousands-rally-in-burkina-mali-and-niger-to-cheer-ecowas-exit\\\/\"},\"author\":{\"name\":\"ADR\\\/AFP\",\"@id\":\"https:\\\/\\\/africadailyreport.com\\\/fr\\\/#\\\/schema\\\/person\\\/c44d86d79f5570b3ba4cf70c989843f8\"},\"headline\":\"Au Burkina et au Niger, des milliers de manifestants pour le retrait de la Cedeao\",\"datePublished\":\"2025-01-28T21:04:34+00:00\",\"dateModified\":\"2025-01-28T21:18:51+00:00\",\"mainEntityOfPage\":{\"@id\":\"https:\\\/\\\/africadailyreport.com\\\/fr\\\/2025\\\/01\\\/28\\\/thousands-rally-in-burkina-mali-and-niger-to-cheer-ecowas-exit\\\/\"},\"wordCount\":485,\"commentCount\":0,\"publisher\":{\"@id\":\"https:\\\/\\\/africadailyreport.com\\\/fr\\\/#organization\"},\"image\":{\"@id\":\"https:\\\/\\\/africadailyreport.com\\\/fr\\\/2025\\\/01\\\/28\\\/thousands-rally-in-burkina-mali-and-niger-to-cheer-ecowas-exit\\\/#primaryimage\"},\"thumbnailUrl\":\"https:\\\/\\\/i0.wp.com\\\/africadailyreport.com\\\/wp-content\\\/uploads\\\/2025\\\/01\\\/AFP__20250128__36WF44U__v2__HighRes__TopshotNigerMaliBurkinaEconomyCoupSahelEcowas-scaled.jpg?fit=%2C&ssl=1\",\"keywords\":[\"burkina\",\"ecowas\",\"MALI\",\"niger\"],\"articleSection\":[\"Actualit\u00e9s\",\"Economie\",\"Editor&#8217;s Choice\",\"Politics\"],\"inLanguage\":\"fr-FR\",\"potentialAction\":[{\"@type\":\"CommentAction\",\"name\":\"Comment\",\"target\":[\"https:\\\/\\\/africadailyreport.com\\\/fr\\\/2025\\\/01\\\/28\\\/thousands-rally-in-burkina-mali-and-niger-to-cheer-ecowas-exit\\\/#respond\"]}],\"copyrightYear\":\"2025\",\"copyrightHolder\":{\"@id\":\"https:\\\/\\\/africadailyreport.com\\\/#organization\"}},{\"@type\":\"WebPage\",\"@id\":\"https:\\\/\\\/africadailyreport.com\\\/fr\\\/2025\\\/01\\\/28\\\/thousands-rally-in-burkina-mali-and-niger-to-cheer-ecowas-exit\\\/\",\"url\":\"https:\\\/\\\/africadailyreport.com\\\/fr\\\/2025\\\/01\\\/28\\\/thousands-rally-in-burkina-mali-and-niger-to-cheer-ecowas-exit\\\/\",\"name\":\"Au Burkina et au Niger, des milliers de manifestants pour le retrait de la Cedeao - Africa Daily Report\",\"isPartOf\":{\"@id\":\"https:\\\/\\\/africadailyreport.com\\\/fr\\\/#website\"},\"primaryImageOfPage\":{\"@id\":\"https:\\\/\\\/africadailyreport.com\\\/fr\\\/2025\\\/01\\\/28\\\/thousands-rally-in-burkina-mali-and-niger-to-cheer-ecowas-exit\\\/#primaryimage\"},\"image\":{\"@id\":\"https:\\\/\\\/africadailyreport.com\\\/fr\\\/2025\\\/01\\\/28\\\/thousands-rally-in-burkina-mali-and-niger-to-cheer-ecowas-exit\\\/#primaryimage\"},\"thumbnailUrl\":\"https:\\\/\\\/i0.wp.com\\\/africadailyreport.com\\\/wp-content\\\/uploads\\\/2025\\\/01\\\/AFP__20250128__36WF44U__v2__HighRes__TopshotNigerMaliBurkinaEconomyCoupSahelEcowas-scaled.jpg?fit=%2C&ssl=1\",\"datePublished\":\"2025-01-28T21:04:34+00:00\",\"dateModified\":\"2025-01-28T21:18:51+00:00\",\"breadcrumb\":{\"@id\":\"https:\\\/\\\/africadailyreport.com\\\/fr\\\/2025\\\/01\\\/28\\\/thousands-rally-in-burkina-mali-and-niger-to-cheer-ecowas-exit\\\/#breadcrumb\"},\"inLanguage\":\"fr-FR\",\"potentialAction\":[{\"@type\":\"ReadAction\",\"target\":[\"https:\\\/\\\/africadailyreport.com\\\/fr\\\/2025\\\/01\\\/28\\\/thousands-rally-in-burkina-mali-and-niger-to-cheer-ecowas-exit\\\/\"]}]},{\"@type\":\"ImageObject\",\"inLanguage\":\"fr-FR\",\"@id\":\"https:\\\/\\\/africadailyreport.com\\\/fr\\\/2025\\\/01\\\/28\\\/thousands-rally-in-burkina-mali-and-niger-to-cheer-ecowas-exit\\\/#primaryimage\",\"url\":\"https:\\\/\\\/i0.wp.com\\\/africadailyreport.com\\\/wp-content\\\/uploads\\\/2025\\\/01\\\/AFP__20250128__36WF44U__v2__HighRes__TopshotNigerMaliBurkinaEconomyCoupSahelEcowas-scaled.jpg?fit=%2C&ssl=1\",\"contentUrl\":\"https:\\\/\\\/i0.wp.com\\\/africadailyreport.com\\\/wp-content\\\/uploads\\\/2025\\\/01\\\/AFP__20250128__36WF44U__v2__HighRes__TopshotNigerMaliBurkinaEconomyCoupSahelEcowas-scaled.jpg?fit=%2C&ssl=1\",\"caption\":\"People gather to celebrate the withdrawal of Mali, Niger and Burkina Faso from the Economic Community of West African States (ECOWAS) in Niamey on January 28, 2025. The withdrawal of Mali, Niger and Burkina Faso from the Economic Community of West African States takes effect on Wednesday after a year of political tensions, fracturing the region and leaving the bloc with an uncertain future. On January 29, 2024, the three countries led by military regimes formally notified ECOWAS of their desire for \\\"immediate\\\" withdrawal. But the texts of the West African organisation required one-year's notice for it to be effective. (Photo by Boureima Hama \\\/ AFP)\"},{\"@type\":\"BreadcrumbList\",\"@id\":\"https:\\\/\\\/africadailyreport.com\\\/fr\\\/2025\\\/01\\\/28\\\/thousands-rally-in-burkina-mali-and-niger-to-cheer-ecowas-exit\\\/#breadcrumb\",\"itemListElement\":[{\"@type\":\"ListItem\",\"position\":1,\"name\":\"Home\",\"item\":\"https:\\\/\\\/africadailyreport.com\\\/fr\\\/\"},{\"@type\":\"ListItem\",\"position\":2,\"name\":\"Au Burkina et au Niger, des milliers de manifestants pour le retrait de la Cedeao\"}]},{\"@type\":\"WebSite\",\"@id\":\"https:\\\/\\\/africadailyreport.com\\\/fr\\\/#website\",\"url\":\"https:\\\/\\\/africadailyreport.com\\\/fr\\\/\",\"name\":\"Africa Daily Report\",\"description\":\"\",\"publisher\":{\"@id\":\"https:\\\/\\\/africadailyreport.com\\\/fr\\\/#organization\"},\"potentialAction\":[{\"@type\":\"SearchAction\",\"target\":{\"@type\":\"EntryPoint\",\"urlTemplate\":\"https:\\\/\\\/africadailyreport.com\\\/fr\\\/?s={search_term_string}\"},\"query-input\":{\"@type\":\"PropertyValueSpecification\",\"valueRequired\":true,\"valueName\":\"search_term_string\"}}],\"inLanguage\":\"fr-FR\"},{\"@type\":\"Organization\",\"@id\":\"https:\\\/\\\/africadailyreport.com\\\/fr\\\/#organization\",\"name\":\"Africa Daily Report\",\"url\":\"https:\\\/\\\/africadailyreport.com\\\/fr\\\/\",\"logo\":{\"@type\":\"ImageObject\",\"inLanguage\":\"fr-FR\",\"@id\":\"https:\\\/\\\/africadailyreport.com\\\/fr\\\/#\\\/schema\\\/logo\\\/image\\\/\",\"url\":\"https:\\\/\\\/africadailyreport.com\\\/wp-content\\\/uploads\\\/2024\\\/09\\\/ADR-Transparent-Green-Logo-1.png\",\"contentUrl\":\"https:\\\/\\\/africadailyreport.com\\\/wp-content\\\/uploads\\\/2024\\\/09\\\/ADR-Transparent-Green-Logo-1.png\",\"width\":267,\"height\":185,\"caption\":\"Africa Daily Report\"},\"image\":{\"@id\":\"https:\\\/\\\/africadailyreport.com\\\/fr\\\/#\\\/schema\\\/logo\\\/image\\\/\"},\"sameAs\":[\"https:\\\/\\\/www.facebook.com\\\/africadailyreport\",\"https:\\\/\\\/x.com\\\/adr_africa\",\"https:\\\/\\\/www.youtube.com\\\/@africadailyreport\",\"https:\\\/\\\/instagram.com\\\/africadailyreport\"]},{\"@type\":\"Person\",\"@id\":\"https:\\\/\\\/africadailyreport.com\\\/fr\\\/#\\\/schema\\\/person\\\/c44d86d79f5570b3ba4cf70c989843f8\",\"name\":\"ADR\\\/AFP\",\"image\":{\"@type\":\"ImageObject\",\"inLanguage\":\"fr-FR\",\"@id\":\"https:\\\/\\\/secure.gravatar.com\\\/avatar\\\/2fbdc3782aa386b408fd9a36f0bc78ee569c94a7a05670cab3a1d72916408214?s=96&d=mm&r=g\",\"url\":\"https:\\\/\\\/secure.gravatar.com\\\/avatar\\\/2fbdc3782aa386b408fd9a36f0bc78ee569c94a7a05670cab3a1d72916408214?s=96&d=mm&r=g\",\"contentUrl\":\"https:\\\/\\\/secure.gravatar.com\\\/avatar\\\/2fbdc3782aa386b408fd9a36f0bc78ee569c94a7a05670cab3a1d72916408214?s=96&d=mm&r=g\",\"caption\":\"ADR\\\/AFP\"},\"sameAs\":[\"http:\\\/\\\/africadailyreport.com\"],\"url\":\"https:\\\/\\\/africadailyreport.com\\\/fr\\\/author\\\/both\\\/\"}]}<\/script>\n<!-- \/ Yoast SEO Premium plugin. -->","yoast_head_json":{"title":"Au Burkina et au Niger, des milliers de manifestants pour le retrait de la Cedeao - Africa Daily Report","robots":{"index":"index","follow":"follow","max-snippet":"max-snippet:-1","max-image-preview":"max-image-preview:large","max-video-preview":"max-video-preview:-1"},"canonical":"https:\/\/africadailyreport.com\/fr\/2025\/01\/28\/thousands-rally-in-burkina-mali-and-niger-to-cheer-ecowas-exit\/","og_locale":"fr_FR","og_type":"article","og_title":"Au Burkina et au Niger, des milliers de manifestants pour le retrait de la Cedeao","og_description":"Niamey,\u00a0Niger &#8211; Des milliers de personnes ont manifest\u00e9 mardi au Niger et au Burkina Faso pour soutenir le retrait de leurs pays de la Communaut\u00e9 \u00e9conomique des Etats de l&rsquo;Afrique de l&rsquo;Ouest (Cedeao), qui devient effectif mercredi. Avec le Mali, ces pays sah\u00e9liens dirig\u00e9s par des r\u00e9gimes militaires arriv\u00e9s au pouvoir par des putschs ont [&hellip;]","og_url":"https:\/\/africadailyreport.com\/fr\/2025\/01\/28\/thousands-rally-in-burkina-mali-and-niger-to-cheer-ecowas-exit\/","og_site_name":"Africa Daily Report","article_publisher":"https:\/\/www.facebook.com\/africadailyreport","article_published_time":"2025-01-28T21:04:34+00:00","article_modified_time":"2025-01-28T21:18:51+00:00","og_image":[{"url":"https:\/\/africadailyreport.com\/wp-content\/uploads\/2025\/01\/AFP__20250128__36WF44U__v2__HighRes__TopshotNigerMaliBurkinaEconomyCoupSahelEcowas-scaled.jpg","width":1,"height":1,"type":"image\/jpeg"}],"author":"ADR\/AFP","twitter_card":"summary_large_image","twitter_creator":"@adr_africa","twitter_site":"@adr_africa","twitter_misc":{"\u00c9crit par":"ADR\/AFP","Dur\u00e9e de lecture estim\u00e9e":"1 minute"},"schema":{"@context":"https:\/\/schema.org","@graph":[{"@type":"Article","@id":"https:\/\/africadailyreport.com\/fr\/2025\/01\/28\/thousands-rally-in-burkina-mali-and-niger-to-cheer-ecowas-exit\/#article","isPartOf":{"@id":"https:\/\/africadailyreport.com\/fr\/2025\/01\/28\/thousands-rally-in-burkina-mali-and-niger-to-cheer-ecowas-exit\/"},"author":{"name":"ADR\/AFP","@id":"https:\/\/africadailyreport.com\/fr\/#\/schema\/person\/c44d86d79f5570b3ba4cf70c989843f8"},"headline":"Au Burkina et au Niger, des milliers de manifestants pour le retrait de la Cedeao","datePublished":"2025-01-28T21:04:34+00:00","dateModified":"2025-01-28T21:18:51+00:00","mainEntityOfPage":{"@id":"https:\/\/africadailyreport.com\/fr\/2025\/01\/28\/thousands-rally-in-burkina-mali-and-niger-to-cheer-ecowas-exit\/"},"wordCount":485,"commentCount":0,"publisher":{"@id":"https:\/\/africadailyreport.com\/fr\/#organization"},"image":{"@id":"https:\/\/africadailyreport.com\/fr\/2025\/01\/28\/thousands-rally-in-burkina-mali-and-niger-to-cheer-ecowas-exit\/#primaryimage"},"thumbnailUrl":"https:\/\/i0.wp.com\/africadailyreport.com\/wp-content\/uploads\/2025\/01\/AFP__20250128__36WF44U__v2__HighRes__TopshotNigerMaliBurkinaEconomyCoupSahelEcowas-scaled.jpg?fit=%2C&ssl=1","keywords":["burkina","ecowas","MALI","niger"],"articleSection":["Actualit\u00e9s","Economie","Editor&#8217;s Choice","Politics"],"inLanguage":"fr-FR","potentialAction":[{"@type":"CommentAction","name":"Comment","target":["https:\/\/africadailyreport.com\/fr\/2025\/01\/28\/thousands-rally-in-burkina-mali-and-niger-to-cheer-ecowas-exit\/#respond"]}],"copyrightYear":"2025","copyrightHolder":{"@id":"https:\/\/africadailyreport.com\/#organization"}},{"@type":"WebPage","@id":"https:\/\/africadailyreport.com\/fr\/2025\/01\/28\/thousands-rally-in-burkina-mali-and-niger-to-cheer-ecowas-exit\/","url":"https:\/\/africadailyreport.com\/fr\/2025\/01\/28\/thousands-rally-in-burkina-mali-and-niger-to-cheer-ecowas-exit\/","name":"Au Burkina et au Niger, des milliers de manifestants pour le retrait de la Cedeao - Africa Daily Report","isPartOf":{"@id":"https:\/\/africadailyreport.com\/fr\/#website"},"primaryImageOfPage":{"@id":"https:\/\/africadailyreport.com\/fr\/2025\/01\/28\/thousands-rally-in-burkina-mali-and-niger-to-cheer-ecowas-exit\/#primaryimage"},"image":{"@id":"https:\/\/africadailyreport.com\/fr\/2025\/01\/28\/thousands-rally-in-burkina-mali-and-niger-to-cheer-ecowas-exit\/#primaryimage"},"thumbnailUrl":"https:\/\/i0.wp.com\/africadailyreport.com\/wp-content\/uploads\/2025\/01\/AFP__20250128__36WF44U__v2__HighRes__TopshotNigerMaliBurkinaEconomyCoupSahelEcowas-scaled.jpg?fit=%2C&ssl=1","datePublished":"2025-01-28T21:04:34+00:00","dateModified":"2025-01-28T21:18:51+00:00","breadcrumb":{"@id":"https:\/\/africadailyreport.com\/fr\/2025\/01\/28\/thousands-rally-in-burkina-mali-and-niger-to-cheer-ecowas-exit\/#breadcrumb"},"inLanguage":"fr-FR","potentialAction":[{"@type":"ReadAction","target":["https:\/\/africadailyreport.com\/fr\/2025\/01\/28\/thousands-rally-in-burkina-mali-and-niger-to-cheer-ecowas-exit\/"]}]},{"@type":"ImageObject","inLanguage":"fr-FR","@id":"https:\/\/africadailyreport.com\/fr\/2025\/01\/28\/thousands-rally-in-burkina-mali-and-niger-to-cheer-ecowas-exit\/#primaryimage","url":"https:\/\/i0.wp.com\/africadailyreport.com\/wp-content\/uploads\/2025\/01\/AFP__20250128__36WF44U__v2__HighRes__TopshotNigerMaliBurkinaEconomyCoupSahelEcowas-scaled.jpg?fit=%2C&ssl=1","contentUrl":"https:\/\/i0.wp.com\/africadailyreport.com\/wp-content\/uploads\/2025\/01\/AFP__20250128__36WF44U__v2__HighRes__TopshotNigerMaliBurkinaEconomyCoupSahelEcowas-scaled.jpg?fit=%2C&ssl=1","caption":"People gather to celebrate the withdrawal of Mali, Niger and Burkina Faso from the Economic Community of West African States (ECOWAS) in Niamey on January 28, 2025. The withdrawal of Mali, Niger and Burkina Faso from the Economic Community of West African States takes effect on Wednesday after a year of political tensions, fracturing the region and leaving the bloc with an uncertain future. On January 29, 2024, the three countries led by military regimes formally notified ECOWAS of their desire for \"immediate\" withdrawal. But the texts of the West African organisation required one-year's notice for it to be effective. (Photo by Boureima Hama \/ AFP)"},{"@type":"BreadcrumbList","@id":"https:\/\/africadailyreport.com\/fr\/2025\/01\/28\/thousands-rally-in-burkina-mali-and-niger-to-cheer-ecowas-exit\/#breadcrumb","itemListElement":[{"@type":"ListItem","position":1,"name":"Home","item":"https:\/\/africadailyreport.com\/fr\/"},{"@type":"ListItem","position":2,"name":"Au Burkina et au Niger, des milliers de manifestants pour le retrait de la Cedeao"}]},{"@type":"WebSite","@id":"https:\/\/africadailyreport.com\/fr\/#website","url":"https:\/\/africadailyreport.com\/fr\/","name":"Africa Daily Report","description":"","publisher":{"@id":"https:\/\/africadailyreport.com\/fr\/#organization"},"potentialAction":[{"@type":"SearchAction","target":{"@type":"EntryPoint","urlTemplate":"https:\/\/africadailyreport.com\/fr\/?s={search_term_string}"},"query-input":{"@type":"PropertyValueSpecification","valueRequired":true,"valueName":"search_term_string"}}],"inLanguage":"fr-FR"},{"@type":"Organization","@id":"https:\/\/africadailyreport.com\/fr\/#organization","name":"Africa Daily Report","url":"https:\/\/africadailyreport.com\/fr\/","logo":{"@type":"ImageObject","inLanguage":"fr-FR","@id":"https:\/\/africadailyreport.com\/fr\/#\/schema\/logo\/image\/","url":"https:\/\/africadailyreport.com\/wp-content\/uploads\/2024\/09\/ADR-Transparent-Green-Logo-1.png","contentUrl":"https:\/\/africadailyreport.com\/wp-content\/uploads\/2024\/09\/ADR-Transparent-Green-Logo-1.png","width":267,"height":185,"caption":"Africa Daily Report"},"image":{"@id":"https:\/\/africadailyreport.com\/fr\/#\/schema\/logo\/image\/"},"sameAs":["https:\/\/www.facebook.com\/africadailyreport","https:\/\/x.com\/adr_africa","https:\/\/www.youtube.com\/@africadailyreport","https:\/\/instagram.com\/africadailyreport"]},{"@type":"Person","@id":"https:\/\/africadailyreport.com\/fr\/#\/schema\/person\/c44d86d79f5570b3ba4cf70c989843f8","name":"ADR\/AFP","image":{"@type":"ImageObject","inLanguage":"fr-FR","@id":"https:\/\/secure.gravatar.com\/avatar\/2fbdc3782aa386b408fd9a36f0bc78ee569c94a7a05670cab3a1d72916408214?s=96&d=mm&r=g","url":"https:\/\/secure.gravatar.com\/avatar\/2fbdc3782aa386b408fd9a36f0bc78ee569c94a7a05670cab3a1d72916408214?s=96&d=mm&r=g","contentUrl":"https:\/\/secure.gravatar.com\/avatar\/2fbdc3782aa386b408fd9a36f0bc78ee569c94a7a05670cab3a1d72916408214?s=96&d=mm&r=g","caption":"ADR\/AFP"},"sameAs":["http:\/\/africadailyreport.com"],"url":"https:\/\/africadailyreport.com\/fr\/author\/both\/"}]}},"jetpack_featured_media_url":"https:\/\/i0.wp.com\/africadailyreport.com\/wp-content\/uploads\/2025\/01\/AFP__20250128__36WF44U__v2__HighRes__TopshotNigerMaliBurkinaEconomyCoupSahelEcowas-scaled.jpg?fit=%2C&ssl=1","jetpack_sharing_enabled":true,"amp_enabled":true,"_links":{"self":[{"href":"https:\/\/africadailyreport.com\/fr\/wp-json\/wp\/v2\/posts\/16455","targetHints":{"allow":["GET"]}}],"collection":[{"href":"https:\/\/africadailyreport.com\/fr\/wp-json\/wp\/v2\/posts"}],"about":[{"href":"https:\/\/africadailyreport.com\/fr\/wp-json\/wp\/v2\/types\/post"}],"author":[{"embeddable":true,"href":"https:\/\/africadailyreport.com\/fr\/wp-json\/wp\/v2\/users\/10"}],"replies":[{"embeddable":true,"href":"https:\/\/africadailyreport.com\/fr\/wp-json\/wp\/v2\/comments?post=16455"}],"version-history":[{"count":3,"href":"https:\/\/africadailyreport.com\/fr\/wp-json\/wp\/v2\/posts\/16455\/revisions"}],"predecessor-version":[{"id":16469,"href":"https:\/\/africadailyreport.com\/fr\/wp-json\/wp\/v2\/posts\/16455\/revisions\/16469"}],"wp:featuredmedia":[{"embeddable":true,"href":"https:\/\/africadailyreport.com\/fr\/wp-json\/wp\/v2\/media\/16453"}],"wp:attachment":[{"href":"https:\/\/africadailyreport.com\/fr\/wp-json\/wp\/v2\/media?parent=16455"}],"wp:term":[{"taxonomy":"category","embeddable":true,"href":"https:\/\/africadailyreport.com\/fr\/wp-json\/wp\/v2\/categories?post=16455"},{"taxonomy":"post_tag","embeddable":true,"href":"https:\/\/africadailyreport.com\/fr\/wp-json\/wp\/v2\/tags?post=16455"},{"taxonomy":"adr_country","embeddable":true,"href":"https:\/\/africadailyreport.com\/fr\/wp-json\/wp\/v2\/adr_country?post=16455"}],"curies":[{"name":"wp","href":"https:\/\/api.w.org\/{rel}","templated":true}]}}