{"id":16391,"date":"2025-01-28T10:56:19","date_gmt":"2025-01-28T10:56:19","guid":{"rendered":"https:\/\/africadailyreport.com\/2025\/01\/28\/four-s-african-soldiers-killed-in-dr-congo-taking-toll-to-13\/"},"modified":"2025-01-28T11:02:21","modified_gmt":"2025-01-28T11:02:21","slug":"four-s-african-soldiers-killed-in-dr-congo-taking-toll-to-13","status":"publish","type":"post","link":"https:\/\/africadailyreport.com\/fr\/2025\/01\/28\/four-s-african-soldiers-killed-in-dr-congo-taking-toll-to-13\/","title":{"rendered":"Combats dans l&rsquo;est de la RDC: quatre soldats sud-africains tu\u00e9s"},"content":{"rendered":"\n<h2 class=\"wp-block-heading\" id=\"h-johannesburg-afrique-du-sud-quatre-nouveaux-soldats-sud-africains-ont-ete-tues-dans-des-combats-dans-l-est-de-la-republique-democratique-du-congo-rdc-ont-indique-mardi-les-forces-armees-sud-africaines-portant-a-13-le-bilan-de-militaires-sud-africain-morts-en-moins-d-une-semaine\"><strong><em>Johannesburg,\u00a0Afrique du Sud &#8211;<\/em><\/strong> Quatre nouveaux soldats sud-africains ont \u00e9t\u00e9 tu\u00e9s dans des combats dans l&rsquo;est de la R\u00e9publique d\u00e9mocratique du Congo (RDC), ont indiqu\u00e9 mardi les forces arm\u00e9es sud-africaines, portant \u00e0 13 le bilan de militaires sud-africain morts en moins d&rsquo;une semaine.<\/h2>\n\n\n\n\n\n<p>\u00ab\u00a0Les rebelles du M23 ont lanc\u00e9 une bombe de mortier en direction de l&rsquo;a\u00e9roport de Goma, qui a atterri dans la base de la SANDF (arm\u00e9e sud-africaine), ce qui a entra\u00een\u00e9 la perte de trois membres de la SANDF\u00a0\u00bb, a pr\u00e9cis\u00e9 l&rsquo;arm\u00e9e dans un communiqu\u00e9.<\/p>\n\n\n\n<p>Elle a \u00e9galement ajout\u00e9 \u00ab\u00a0qu&rsquo;un de ses membres, bless\u00e9 au cours des combats avec les rebelles du M23 ces trois derniers jours, a succomb\u00e9 \u00e0 ses blessures\u00a0\u00bb.<\/p>\n\n\n\n<p>Samedi, les forces arm\u00e9es avaient annonc\u00e9 que neuf soldats sud-africains, dont deux membres de la force de maintien de la paix de l&rsquo;ONU (Monusco), avaient \u00e9t\u00e9 tu\u00e9s la veille lors d&rsquo;affrontements avec les forces du M23.<\/p>\n\n\n\n<p>Les combattants du groupe arm\u00e9e M23 et les soldats rwandais sont entr\u00e9s dimanche soir dans Goma, cit\u00e9 de plus d&rsquo;un million d&rsquo;habitants et presque autant de d\u00e9plac\u00e9s, au terme d&rsquo;une progression \u00e9clair de quelques semaines, lanc\u00e9e apr\u00e8s&nbsp;l&rsquo;\u00e9chec mi-d\u00e9cembre d&rsquo;une m\u00e9diation RDC-Rwanda sous l&rsquo;\u00e9gide de l&rsquo;Angola.<\/p>\n\n\n\n<p>L&rsquo;Afrique du Sud a \u00e9galement d\u00e9ploy\u00e9 des troupes au sein d&rsquo;une force r\u00e9gionale envoy\u00e9e par la Communaut\u00e9 de d\u00e9veloppement de l&rsquo;Afrique australe (SADC).<\/p>\n\n\n\n<p>Malgr\u00e9 les pertes subies, l&rsquo;arm\u00e9e sud-africaine a indiqu\u00e9 rester \u00ab\u00a0pleinement engag\u00e9e dans ses responsabilit\u00e9s de maintien de la paix\u00a0\u00bb dans l&rsquo;est de la RDC.<\/p>\n\n\n\n<p>La pr\u00e9sidence sud-africaine a tweet\u00e9 lundi en fin de journ\u00e9e que Cyril Ramaphosa et son homologue rwandais Paul Kagame avaient discut\u00e9 des \u00ab\u00a0r\u00e9cents d\u00e9veloppements dans l&rsquo;est de la RDC et de l&rsquo;escalade des combats qui ont entra\u00een\u00e9 la mort de soldats de la paix\u00a0\u00bb.<\/p>\n\n\n\n<p>\u00ab\u00a0Les deux chefs d&rsquo;Etat ont convenu de la n\u00e9cessit\u00e9 urgente d&rsquo;un cessez-le-feu et de la reprise des pourparlers de paix par toutes les parties au conflit\u00a0\u00bb, a indiqu\u00e9 la pr\u00e9sidence.<\/p>\n\n\n\n<p>Un sommet doit r\u00e9unir mercredi les chefs d&rsquo;Etat rwandais et congolais pour tenter d&rsquo;apaiser les tensions, selon la pr\u00e9sidence k\u00e9nyane.<\/p>\n\n\n\n<p>L&rsquo;arm\u00e9e sud-africaine a indiqu\u00e9 par ailleurs avoir tent\u00e9, sans succ\u00e8s, de r\u00e9cup\u00e9rer les corps de ses soldats tu\u00e9s.<\/p>\n\n\n\n<p><\/p>\n\n\n\n<p>\u00a9 Agence France-Presse<\/p>\n","protected":false},"excerpt":{"rendered":"<p>Johannesburg,\u00a0Afrique du Sud &#8211; Quatre nouveaux soldats sud-africains ont \u00e9t\u00e9 tu\u00e9s dans des combats dans l&rsquo;est de la R\u00e9publique d\u00e9mocratique du Congo (RDC), ont indiqu\u00e9 mardi les forces arm\u00e9es sud-africaines, portant \u00e0 13 le bilan de militaires sud-africain morts en moins d&rsquo;une semaine. \u00ab\u00a0Les rebelles du M23 ont lanc\u00e9 une bombe de mortier en direction [&hellip;]<\/p>\n","protected":false},"author":10,"featured_media":16389,"comment_status":"open","ping_status":"open","sticky":false,"template":"","format":"standard","meta":{"_acf_changed":false,"om_disable_all_campaigns":false,"_monsterinsights_skip_tracking":false,"_monsterinsights_sitenote_active":false,"_monsterinsights_sitenote_note":"","_monsterinsights_sitenote_category":0,"tdm_status":"","tdm_grid_status":"","_jetpack_newsletter_access":"","_jetpack_dont_email_post_to_subs":false,"_jetpack_newsletter_tier_id":0,"_jetpack_memberships_contains_paywalled_content":false,"_jetpack_memberships_contains_paid_content":false,"footnotes":""},"categories":[293,802,1241],"tags":[865,808,1126,1518,863],"adr_country":[1099,1089,1667,1083],"class_list":{"0":"post-16391","1":"post","2":"type-post","3":"status-publish","4":"format-standard","5":"has-post-thumbnail","7":"category-actualites-fr","8":"category-depeche-fr","9":"category-lead-2-fr","10":"tag-africa-fr","11":"tag-conflit-fr","12":"tag-drc-fr","13":"tag-drcongo-fr","14":"tag-rwanda-fr","15":"adr_country-afrique","16":"adr_country-d-r-congo","17":"adr_country-rd-congo-fr","18":"adr_country-rwanda"},"acf":{"post_version":""},"yoast_head":"<!-- This site is optimized with the Yoast SEO Premium plugin v26.0 (Yoast SEO v27.4) - https:\/\/yoast.com\/product\/yoast-seo-premium-wordpress\/ -->\n<title>Combats dans l&#039;est de la RDC: quatre soldats sud-africains tu\u00e9s - Africa Daily Report<\/title>\n<meta name=\"robots\" content=\"index, follow, max-snippet:-1, max-image-preview:large, max-video-preview:-1\" \/>\n<link rel=\"canonical\" href=\"https:\/\/africadailyreport.com\/fr\/2025\/01\/28\/four-s-african-soldiers-killed-in-dr-congo-taking-toll-to-13\/\" \/>\n<meta property=\"og:locale\" content=\"fr_FR\" \/>\n<meta property=\"og:type\" content=\"article\" \/>\n<meta property=\"og:title\" content=\"Combats dans l&#039;est de la RDC: quatre soldats sud-africains tu\u00e9s\" \/>\n<meta property=\"og:description\" content=\"Johannesburg,\u00a0Afrique du Sud &#8211; Quatre nouveaux soldats sud-africains ont \u00e9t\u00e9 tu\u00e9s dans des combats dans l&rsquo;est de la R\u00e9publique d\u00e9mocratique du Congo (RDC), ont indiqu\u00e9 mardi les forces arm\u00e9es sud-africaines, portant \u00e0 13 le bilan de militaires sud-africain morts en moins d&rsquo;une semaine. \u00ab\u00a0Les rebelles du M23 ont lanc\u00e9 une bombe de mortier en direction [&hellip;]\" \/>\n<meta property=\"og:url\" content=\"https:\/\/africadailyreport.com\/fr\/2025\/01\/28\/four-s-african-soldiers-killed-in-dr-congo-taking-toll-to-13\/\" \/>\n<meta property=\"og:site_name\" content=\"Africa Daily Report\" \/>\n<meta property=\"article:publisher\" content=\"https:\/\/www.facebook.com\/africadailyreport\" \/>\n<meta property=\"article:published_time\" content=\"2025-01-28T10:56:19+00:00\" \/>\n<meta property=\"article:modified_time\" content=\"2025-01-28T11:02:21+00:00\" \/>\n<meta property=\"og:image\" content=\"https:\/\/africadailyreport.com\/wp-content\/uploads\/2025\/01\/AFP__20250128__36WD4GW__v1__HighRes__DrcongoUnrest-scaled.jpg\" \/>\n\t<meta property=\"og:image:width\" content=\"1\" \/>\n\t<meta property=\"og:image:height\" content=\"1\" \/>\n\t<meta property=\"og:image:type\" content=\"image\/jpeg\" \/>\n<meta name=\"author\" content=\"ADR\/AFP\" \/>\n<meta name=\"twitter:card\" content=\"summary_large_image\" \/>\n<meta name=\"twitter:creator\" content=\"@adr_africa\" \/>\n<meta name=\"twitter:site\" content=\"@adr_africa\" \/>\n<meta name=\"twitter:label1\" content=\"\u00c9crit par\" \/>\n\t<meta name=\"twitter:data1\" content=\"ADR\/AFP\" \/>\n\t<meta name=\"twitter:label2\" content=\"Dur\u00e9e de lecture estim\u00e9e\" \/>\n\t<meta name=\"twitter:data2\" content=\"2 minutes\" \/>\n<script type=\"application\/ld+json\" class=\"yoast-schema-graph\">{\"@context\":\"https:\\\/\\\/schema.org\",\"@graph\":[{\"@type\":\"Article\",\"@id\":\"https:\\\/\\\/africadailyreport.com\\\/fr\\\/2025\\\/01\\\/28\\\/four-s-african-soldiers-killed-in-dr-congo-taking-toll-to-13\\\/#article\",\"isPartOf\":{\"@id\":\"https:\\\/\\\/africadailyreport.com\\\/fr\\\/2025\\\/01\\\/28\\\/four-s-african-soldiers-killed-in-dr-congo-taking-toll-to-13\\\/\"},\"author\":{\"name\":\"ADR\\\/AFP\",\"@id\":\"https:\\\/\\\/africadailyreport.com\\\/fr\\\/#\\\/schema\\\/person\\\/c44d86d79f5570b3ba4cf70c989843f8\"},\"headline\":\"Combats dans l&rsquo;est de la RDC: quatre soldats sud-africains tu\u00e9s\",\"datePublished\":\"2025-01-28T10:56:19+00:00\",\"dateModified\":\"2025-01-28T11:02:21+00:00\",\"mainEntityOfPage\":{\"@id\":\"https:\\\/\\\/africadailyreport.com\\\/fr\\\/2025\\\/01\\\/28\\\/four-s-african-soldiers-killed-in-dr-congo-taking-toll-to-13\\\/\"},\"wordCount\":436,\"commentCount\":0,\"publisher\":{\"@id\":\"https:\\\/\\\/africadailyreport.com\\\/fr\\\/#organization\"},\"image\":{\"@id\":\"https:\\\/\\\/africadailyreport.com\\\/fr\\\/2025\\\/01\\\/28\\\/four-s-african-soldiers-killed-in-dr-congo-taking-toll-to-13\\\/#primaryimage\"},\"thumbnailUrl\":\"https:\\\/\\\/i0.wp.com\\\/africadailyreport.com\\\/wp-content\\\/uploads\\\/2025\\\/01\\\/AFP__20250128__36WD4GW__v1__HighRes__DrcongoUnrest-scaled.jpg?fit=%2C&ssl=1\",\"keywords\":[\"africa\",\"conflit\",\"DRC\",\"drCONGO\",\"Rwanda\"],\"articleSection\":[\"Actualit\u00e9s\",\"D\u00e9p\u00eache\",\"LEAD\"],\"inLanguage\":\"fr-FR\",\"potentialAction\":[{\"@type\":\"CommentAction\",\"name\":\"Comment\",\"target\":[\"https:\\\/\\\/africadailyreport.com\\\/fr\\\/2025\\\/01\\\/28\\\/four-s-african-soldiers-killed-in-dr-congo-taking-toll-to-13\\\/#respond\"]}],\"copyrightYear\":\"2025\",\"copyrightHolder\":{\"@id\":\"https:\\\/\\\/africadailyreport.com\\\/#organization\"}},{\"@type\":\"WebPage\",\"@id\":\"https:\\\/\\\/africadailyreport.com\\\/fr\\\/2025\\\/01\\\/28\\\/four-s-african-soldiers-killed-in-dr-congo-taking-toll-to-13\\\/\",\"url\":\"https:\\\/\\\/africadailyreport.com\\\/fr\\\/2025\\\/01\\\/28\\\/four-s-african-soldiers-killed-in-dr-congo-taking-toll-to-13\\\/\",\"name\":\"Combats dans l'est de la RDC: quatre soldats sud-africains tu\u00e9s - Africa Daily Report\",\"isPartOf\":{\"@id\":\"https:\\\/\\\/africadailyreport.com\\\/fr\\\/#website\"},\"primaryImageOfPage\":{\"@id\":\"https:\\\/\\\/africadailyreport.com\\\/fr\\\/2025\\\/01\\\/28\\\/four-s-african-soldiers-killed-in-dr-congo-taking-toll-to-13\\\/#primaryimage\"},\"image\":{\"@id\":\"https:\\\/\\\/africadailyreport.com\\\/fr\\\/2025\\\/01\\\/28\\\/four-s-african-soldiers-killed-in-dr-congo-taking-toll-to-13\\\/#primaryimage\"},\"thumbnailUrl\":\"https:\\\/\\\/i0.wp.com\\\/africadailyreport.com\\\/wp-content\\\/uploads\\\/2025\\\/01\\\/AFP__20250128__36WD4GW__v1__HighRes__DrcongoUnrest-scaled.jpg?fit=%2C&ssl=1\",\"datePublished\":\"2025-01-28T10:56:19+00:00\",\"dateModified\":\"2025-01-28T11:02:21+00:00\",\"breadcrumb\":{\"@id\":\"https:\\\/\\\/africadailyreport.com\\\/fr\\\/2025\\\/01\\\/28\\\/four-s-african-soldiers-killed-in-dr-congo-taking-toll-to-13\\\/#breadcrumb\"},\"inLanguage\":\"fr-FR\",\"potentialAction\":[{\"@type\":\"ReadAction\",\"target\":[\"https:\\\/\\\/africadailyreport.com\\\/fr\\\/2025\\\/01\\\/28\\\/four-s-african-soldiers-killed-in-dr-congo-taking-toll-to-13\\\/\"]}]},{\"@type\":\"ImageObject\",\"inLanguage\":\"fr-FR\",\"@id\":\"https:\\\/\\\/africadailyreport.com\\\/fr\\\/2025\\\/01\\\/28\\\/four-s-african-soldiers-killed-in-dr-congo-taking-toll-to-13\\\/#primaryimage\",\"url\":\"https:\\\/\\\/i0.wp.com\\\/africadailyreport.com\\\/wp-content\\\/uploads\\\/2025\\\/01\\\/AFP__20250128__36WD4GW__v1__HighRes__DrcongoUnrest-scaled.jpg?fit=%2C&ssl=1\",\"contentUrl\":\"https:\\\/\\\/i0.wp.com\\\/africadailyreport.com\\\/wp-content\\\/uploads\\\/2025\\\/01\\\/AFP__20250128__36WD4GW__v1__HighRes__DrcongoUnrest-scaled.jpg?fit=%2C&ssl=1\",\"caption\":\"Armed men travel in a pickup truck, devoid of any insignia or markings, as they drive through a street in Goma on January 28, 2025. Gunshots rang out through parts of the besieged DR Congo city of Goma on January 28, 2025, as Congolese soldiers clashed with militia fighters backed by Rwandan troops ahead of a UN Security Council meeting. (Photo by AFP)\"},{\"@type\":\"BreadcrumbList\",\"@id\":\"https:\\\/\\\/africadailyreport.com\\\/fr\\\/2025\\\/01\\\/28\\\/four-s-african-soldiers-killed-in-dr-congo-taking-toll-to-13\\\/#breadcrumb\",\"itemListElement\":[{\"@type\":\"ListItem\",\"position\":1,\"name\":\"Home\",\"item\":\"https:\\\/\\\/africadailyreport.com\\\/fr\\\/\"},{\"@type\":\"ListItem\",\"position\":2,\"name\":\"Combats dans l&#8217;est de la RDC: quatre soldats sud-africains tu\u00e9s\"}]},{\"@type\":\"WebSite\",\"@id\":\"https:\\\/\\\/africadailyreport.com\\\/fr\\\/#website\",\"url\":\"https:\\\/\\\/africadailyreport.com\\\/fr\\\/\",\"name\":\"Africa Daily Report\",\"description\":\"\",\"publisher\":{\"@id\":\"https:\\\/\\\/africadailyreport.com\\\/fr\\\/#organization\"},\"potentialAction\":[{\"@type\":\"SearchAction\",\"target\":{\"@type\":\"EntryPoint\",\"urlTemplate\":\"https:\\\/\\\/africadailyreport.com\\\/fr\\\/?s={search_term_string}\"},\"query-input\":{\"@type\":\"PropertyValueSpecification\",\"valueRequired\":true,\"valueName\":\"search_term_string\"}}],\"inLanguage\":\"fr-FR\"},{\"@type\":\"Organization\",\"@id\":\"https:\\\/\\\/africadailyreport.com\\\/fr\\\/#organization\",\"name\":\"Africa Daily Report\",\"url\":\"https:\\\/\\\/africadailyreport.com\\\/fr\\\/\",\"logo\":{\"@type\":\"ImageObject\",\"inLanguage\":\"fr-FR\",\"@id\":\"https:\\\/\\\/africadailyreport.com\\\/fr\\\/#\\\/schema\\\/logo\\\/image\\\/\",\"url\":\"https:\\\/\\\/africadailyreport.com\\\/wp-content\\\/uploads\\\/2024\\\/09\\\/ADR-Transparent-Green-Logo-1.png\",\"contentUrl\":\"https:\\\/\\\/africadailyreport.com\\\/wp-content\\\/uploads\\\/2024\\\/09\\\/ADR-Transparent-Green-Logo-1.png\",\"width\":267,\"height\":185,\"caption\":\"Africa Daily Report\"},\"image\":{\"@id\":\"https:\\\/\\\/africadailyreport.com\\\/fr\\\/#\\\/schema\\\/logo\\\/image\\\/\"},\"sameAs\":[\"https:\\\/\\\/www.facebook.com\\\/africadailyreport\",\"https:\\\/\\\/x.com\\\/adr_africa\",\"https:\\\/\\\/www.youtube.com\\\/@africadailyreport\",\"https:\\\/\\\/instagram.com\\\/africadailyreport\"]},{\"@type\":\"Person\",\"@id\":\"https:\\\/\\\/africadailyreport.com\\\/fr\\\/#\\\/schema\\\/person\\\/c44d86d79f5570b3ba4cf70c989843f8\",\"name\":\"ADR\\\/AFP\",\"image\":{\"@type\":\"ImageObject\",\"inLanguage\":\"fr-FR\",\"@id\":\"https:\\\/\\\/secure.gravatar.com\\\/avatar\\\/2fbdc3782aa386b408fd9a36f0bc78ee569c94a7a05670cab3a1d72916408214?s=96&d=mm&r=g\",\"url\":\"https:\\\/\\\/secure.gravatar.com\\\/avatar\\\/2fbdc3782aa386b408fd9a36f0bc78ee569c94a7a05670cab3a1d72916408214?s=96&d=mm&r=g\",\"contentUrl\":\"https:\\\/\\\/secure.gravatar.com\\\/avatar\\\/2fbdc3782aa386b408fd9a36f0bc78ee569c94a7a05670cab3a1d72916408214?s=96&d=mm&r=g\",\"caption\":\"ADR\\\/AFP\"},\"sameAs\":[\"http:\\\/\\\/africadailyreport.com\"],\"url\":\"https:\\\/\\\/africadailyreport.com\\\/fr\\\/author\\\/both\\\/\"}]}<\/script>\n<!-- \/ Yoast SEO Premium plugin. -->","yoast_head_json":{"title":"Combats dans l'est de la RDC: quatre soldats sud-africains tu\u00e9s - Africa Daily Report","robots":{"index":"index","follow":"follow","max-snippet":"max-snippet:-1","max-image-preview":"max-image-preview:large","max-video-preview":"max-video-preview:-1"},"canonical":"https:\/\/africadailyreport.com\/fr\/2025\/01\/28\/four-s-african-soldiers-killed-in-dr-congo-taking-toll-to-13\/","og_locale":"fr_FR","og_type":"article","og_title":"Combats dans l'est de la RDC: quatre soldats sud-africains tu\u00e9s","og_description":"Johannesburg,\u00a0Afrique du Sud &#8211; Quatre nouveaux soldats sud-africains ont \u00e9t\u00e9 tu\u00e9s dans des combats dans l&rsquo;est de la R\u00e9publique d\u00e9mocratique du Congo (RDC), ont indiqu\u00e9 mardi les forces arm\u00e9es sud-africaines, portant \u00e0 13 le bilan de militaires sud-africain morts en moins d&rsquo;une semaine. \u00ab\u00a0Les rebelles du M23 ont lanc\u00e9 une bombe de mortier en direction [&hellip;]","og_url":"https:\/\/africadailyreport.com\/fr\/2025\/01\/28\/four-s-african-soldiers-killed-in-dr-congo-taking-toll-to-13\/","og_site_name":"Africa Daily Report","article_publisher":"https:\/\/www.facebook.com\/africadailyreport","article_published_time":"2025-01-28T10:56:19+00:00","article_modified_time":"2025-01-28T11:02:21+00:00","og_image":[{"url":"https:\/\/africadailyreport.com\/wp-content\/uploads\/2025\/01\/AFP__20250128__36WD4GW__v1__HighRes__DrcongoUnrest-scaled.jpg","width":1,"height":1,"type":"image\/jpeg"}],"author":"ADR\/AFP","twitter_card":"summary_large_image","twitter_creator":"@adr_africa","twitter_site":"@adr_africa","twitter_misc":{"\u00c9crit par":"ADR\/AFP","Dur\u00e9e de lecture estim\u00e9e":"2 minutes"},"schema":{"@context":"https:\/\/schema.org","@graph":[{"@type":"Article","@id":"https:\/\/africadailyreport.com\/fr\/2025\/01\/28\/four-s-african-soldiers-killed-in-dr-congo-taking-toll-to-13\/#article","isPartOf":{"@id":"https:\/\/africadailyreport.com\/fr\/2025\/01\/28\/four-s-african-soldiers-killed-in-dr-congo-taking-toll-to-13\/"},"author":{"name":"ADR\/AFP","@id":"https:\/\/africadailyreport.com\/fr\/#\/schema\/person\/c44d86d79f5570b3ba4cf70c989843f8"},"headline":"Combats dans l&rsquo;est de la RDC: quatre soldats sud-africains tu\u00e9s","datePublished":"2025-01-28T10:56:19+00:00","dateModified":"2025-01-28T11:02:21+00:00","mainEntityOfPage":{"@id":"https:\/\/africadailyreport.com\/fr\/2025\/01\/28\/four-s-african-soldiers-killed-in-dr-congo-taking-toll-to-13\/"},"wordCount":436,"commentCount":0,"publisher":{"@id":"https:\/\/africadailyreport.com\/fr\/#organization"},"image":{"@id":"https:\/\/africadailyreport.com\/fr\/2025\/01\/28\/four-s-african-soldiers-killed-in-dr-congo-taking-toll-to-13\/#primaryimage"},"thumbnailUrl":"https:\/\/i0.wp.com\/africadailyreport.com\/wp-content\/uploads\/2025\/01\/AFP__20250128__36WD4GW__v1__HighRes__DrcongoUnrest-scaled.jpg?fit=%2C&ssl=1","keywords":["africa","conflit","DRC","drCONGO","Rwanda"],"articleSection":["Actualit\u00e9s","D\u00e9p\u00eache","LEAD"],"inLanguage":"fr-FR","potentialAction":[{"@type":"CommentAction","name":"Comment","target":["https:\/\/africadailyreport.com\/fr\/2025\/01\/28\/four-s-african-soldiers-killed-in-dr-congo-taking-toll-to-13\/#respond"]}],"copyrightYear":"2025","copyrightHolder":{"@id":"https:\/\/africadailyreport.com\/#organization"}},{"@type":"WebPage","@id":"https:\/\/africadailyreport.com\/fr\/2025\/01\/28\/four-s-african-soldiers-killed-in-dr-congo-taking-toll-to-13\/","url":"https:\/\/africadailyreport.com\/fr\/2025\/01\/28\/four-s-african-soldiers-killed-in-dr-congo-taking-toll-to-13\/","name":"Combats dans l'est de la RDC: quatre soldats sud-africains tu\u00e9s - Africa Daily Report","isPartOf":{"@id":"https:\/\/africadailyreport.com\/fr\/#website"},"primaryImageOfPage":{"@id":"https:\/\/africadailyreport.com\/fr\/2025\/01\/28\/four-s-african-soldiers-killed-in-dr-congo-taking-toll-to-13\/#primaryimage"},"image":{"@id":"https:\/\/africadailyreport.com\/fr\/2025\/01\/28\/four-s-african-soldiers-killed-in-dr-congo-taking-toll-to-13\/#primaryimage"},"thumbnailUrl":"https:\/\/i0.wp.com\/africadailyreport.com\/wp-content\/uploads\/2025\/01\/AFP__20250128__36WD4GW__v1__HighRes__DrcongoUnrest-scaled.jpg?fit=%2C&ssl=1","datePublished":"2025-01-28T10:56:19+00:00","dateModified":"2025-01-28T11:02:21+00:00","breadcrumb":{"@id":"https:\/\/africadailyreport.com\/fr\/2025\/01\/28\/four-s-african-soldiers-killed-in-dr-congo-taking-toll-to-13\/#breadcrumb"},"inLanguage":"fr-FR","potentialAction":[{"@type":"ReadAction","target":["https:\/\/africadailyreport.com\/fr\/2025\/01\/28\/four-s-african-soldiers-killed-in-dr-congo-taking-toll-to-13\/"]}]},{"@type":"ImageObject","inLanguage":"fr-FR","@id":"https:\/\/africadailyreport.com\/fr\/2025\/01\/28\/four-s-african-soldiers-killed-in-dr-congo-taking-toll-to-13\/#primaryimage","url":"https:\/\/i0.wp.com\/africadailyreport.com\/wp-content\/uploads\/2025\/01\/AFP__20250128__36WD4GW__v1__HighRes__DrcongoUnrest-scaled.jpg?fit=%2C&ssl=1","contentUrl":"https:\/\/i0.wp.com\/africadailyreport.com\/wp-content\/uploads\/2025\/01\/AFP__20250128__36WD4GW__v1__HighRes__DrcongoUnrest-scaled.jpg?fit=%2C&ssl=1","caption":"Armed men travel in a pickup truck, devoid of any insignia or markings, as they drive through a street in Goma on January 28, 2025. Gunshots rang out through parts of the besieged DR Congo city of Goma on January 28, 2025, as Congolese soldiers clashed with militia fighters backed by Rwandan troops ahead of a UN Security Council meeting. (Photo by AFP)"},{"@type":"BreadcrumbList","@id":"https:\/\/africadailyreport.com\/fr\/2025\/01\/28\/four-s-african-soldiers-killed-in-dr-congo-taking-toll-to-13\/#breadcrumb","itemListElement":[{"@type":"ListItem","position":1,"name":"Home","item":"https:\/\/africadailyreport.com\/fr\/"},{"@type":"ListItem","position":2,"name":"Combats dans l&#8217;est de la RDC: quatre soldats sud-africains tu\u00e9s"}]},{"@type":"WebSite","@id":"https:\/\/africadailyreport.com\/fr\/#website","url":"https:\/\/africadailyreport.com\/fr\/","name":"Africa Daily Report","description":"","publisher":{"@id":"https:\/\/africadailyreport.com\/fr\/#organization"},"potentialAction":[{"@type":"SearchAction","target":{"@type":"EntryPoint","urlTemplate":"https:\/\/africadailyreport.com\/fr\/?s={search_term_string}"},"query-input":{"@type":"PropertyValueSpecification","valueRequired":true,"valueName":"search_term_string"}}],"inLanguage":"fr-FR"},{"@type":"Organization","@id":"https:\/\/africadailyreport.com\/fr\/#organization","name":"Africa Daily Report","url":"https:\/\/africadailyreport.com\/fr\/","logo":{"@type":"ImageObject","inLanguage":"fr-FR","@id":"https:\/\/africadailyreport.com\/fr\/#\/schema\/logo\/image\/","url":"https:\/\/africadailyreport.com\/wp-content\/uploads\/2024\/09\/ADR-Transparent-Green-Logo-1.png","contentUrl":"https:\/\/africadailyreport.com\/wp-content\/uploads\/2024\/09\/ADR-Transparent-Green-Logo-1.png","width":267,"height":185,"caption":"Africa Daily Report"},"image":{"@id":"https:\/\/africadailyreport.com\/fr\/#\/schema\/logo\/image\/"},"sameAs":["https:\/\/www.facebook.com\/africadailyreport","https:\/\/x.com\/adr_africa","https:\/\/www.youtube.com\/@africadailyreport","https:\/\/instagram.com\/africadailyreport"]},{"@type":"Person","@id":"https:\/\/africadailyreport.com\/fr\/#\/schema\/person\/c44d86d79f5570b3ba4cf70c989843f8","name":"ADR\/AFP","image":{"@type":"ImageObject","inLanguage":"fr-FR","@id":"https:\/\/secure.gravatar.com\/avatar\/2fbdc3782aa386b408fd9a36f0bc78ee569c94a7a05670cab3a1d72916408214?s=96&d=mm&r=g","url":"https:\/\/secure.gravatar.com\/avatar\/2fbdc3782aa386b408fd9a36f0bc78ee569c94a7a05670cab3a1d72916408214?s=96&d=mm&r=g","contentUrl":"https:\/\/secure.gravatar.com\/avatar\/2fbdc3782aa386b408fd9a36f0bc78ee569c94a7a05670cab3a1d72916408214?s=96&d=mm&r=g","caption":"ADR\/AFP"},"sameAs":["http:\/\/africadailyreport.com"],"url":"https:\/\/africadailyreport.com\/fr\/author\/both\/"}]}},"jetpack_featured_media_url":"https:\/\/i0.wp.com\/africadailyreport.com\/wp-content\/uploads\/2025\/01\/AFP__20250128__36WD4GW__v1__HighRes__DrcongoUnrest-scaled.jpg?fit=%2C&ssl=1","jetpack_sharing_enabled":true,"amp_enabled":true,"_links":{"self":[{"href":"https:\/\/africadailyreport.com\/fr\/wp-json\/wp\/v2\/posts\/16391","targetHints":{"allow":["GET"]}}],"collection":[{"href":"https:\/\/africadailyreport.com\/fr\/wp-json\/wp\/v2\/posts"}],"about":[{"href":"https:\/\/africadailyreport.com\/fr\/wp-json\/wp\/v2\/types\/post"}],"author":[{"embeddable":true,"href":"https:\/\/africadailyreport.com\/fr\/wp-json\/wp\/v2\/users\/10"}],"replies":[{"embeddable":true,"href":"https:\/\/africadailyreport.com\/fr\/wp-json\/wp\/v2\/comments?post=16391"}],"version-history":[{"count":3,"href":"https:\/\/africadailyreport.com\/fr\/wp-json\/wp\/v2\/posts\/16391\/revisions"}],"predecessor-version":[{"id":16398,"href":"https:\/\/africadailyreport.com\/fr\/wp-json\/wp\/v2\/posts\/16391\/revisions\/16398"}],"wp:featuredmedia":[{"embeddable":true,"href":"https:\/\/africadailyreport.com\/fr\/wp-json\/wp\/v2\/media\/16389"}],"wp:attachment":[{"href":"https:\/\/africadailyreport.com\/fr\/wp-json\/wp\/v2\/media?parent=16391"}],"wp:term":[{"taxonomy":"category","embeddable":true,"href":"https:\/\/africadailyreport.com\/fr\/wp-json\/wp\/v2\/categories?post=16391"},{"taxonomy":"post_tag","embeddable":true,"href":"https:\/\/africadailyreport.com\/fr\/wp-json\/wp\/v2\/tags?post=16391"},{"taxonomy":"adr_country","embeddable":true,"href":"https:\/\/africadailyreport.com\/fr\/wp-json\/wp\/v2\/adr_country?post=16391"}],"curies":[{"name":"wp","href":"https:\/\/api.w.org\/{rel}","templated":true}]}}