{"id":16347,"date":"2025-01-28T01:25:05","date_gmt":"2025-01-28T01:25:05","guid":{"rendered":"https:\/\/africadailyreport.com\/2025\/01\/28\/can-2025-le-maroc-avec-le-mali-et-un-choc-cote-divoire-cameroun\/"},"modified":"2025-01-28T01:36:40","modified_gmt":"2025-01-28T01:36:40","slug":"can-2025-le-maroc-avec-le-mali-et-un-choc-cote-divoire-cameroun","status":"publish","type":"post","link":"https:\/\/africadailyreport.com\/fr\/2025\/01\/28\/can-2025-le-maroc-avec-le-mali-et-un-choc-cote-divoire-cameroun\/","title":{"rendered":"CAN-2025: Le Maroc avec le Mali et un choc C\u00f4te d&rsquo;Ivoire-Cameroun"},"content":{"rendered":"\n<h2 class=\"wp-block-heading\" id=\"h-rabat-maroc-actualise-avec-nouvelles-declarations-aux-4e-et-12e-paragraphes\"><strong><em>Rabat,\u00a0Maroc &#8211;<\/em><\/strong> Actualis\u00e9 avec nouvelles d\u00e9clarations aux 4e et 12e paragraphes<\/h2>\n\n\n\n\n\n<p>C\u00f4te d&rsquo;Ivoire-Cameroun est la plus belle affiche du premier tour de la prochaine Coupe d&rsquo;Afrique des Nations, dont le tirage au sort a \u00e9t\u00e9 effectu\u00e9 lundi \u00e0 Rabat; le Maroc, pays organisateur, se retrouve dans le groupe du Mali.<\/p>\n\n\n\n<p>\u00c9l\u00e9phants contre Lions Indomptables. Deux g\u00e9ants d&rsquo;Afrique vont s&rsquo;affronter d\u00e8s la phase de poules de la 35e Coupe d&rsquo;Afrique des nations (21 d\u00e9cembre-18 janvier).<\/p>\n\n\n\n<p>Si les Ivoiriens sont les tenants du titre, remport\u00e9 \u00e0 Abidjan en f\u00e9vrier 2024, leur troisi\u00e8me titre, les Camerounais eux ont d\u00e9j\u00e0 soulev\u00e9 cinq fois le troph\u00e9e, la toute premi\u00e8re fois \u00e0 Abidjan en 1984 avec la bande \u00e0 Roger Milla et Th\u00e9ophile \u00ab\u00a0Docteur\u00a0\u00bb Abega.<\/p>\n\n\n\n<p>\u00ab\u00a0Si vous voulez gagner la CAN, il faut \u00eatre pr\u00eat \u00e0 jouer contre n&rsquo;importe quelle \u00e9quipe\u00a0\u00bb, a expliqu\u00e9 \u00e0 l&rsquo;AFP le s\u00e9lectionneur des \u00c9l\u00e9phants, Emerse Fa\u00e9, avant de lancer: \u00ab\u00a0D\u00e9sol\u00e9 pour toi, Maroc, mais nous allons ramener le troph\u00e9e \u00e0 Abidjan.\u00a0\u00bb Et d&rsquo;ajouter: \u00ab\u00a0Je n&rsquo;ai pas l&rsquo;intention de faire pleurer nos supporters.\u00a0\u00bb<\/p>\n\n\n\n<p>Nigeria-Tunisie, S\u00e9n\u00e9gal-RD Congo et Egypte-Afrique du Sud: d&rsquo;autres belles affiches ont \u00e9t\u00e9 tir\u00e9es par les mains de quatre stars du foot africain, Mustapha Hadji (Maroc), Serge Aurier (C\u00f4te d&rsquo;Ivoire), Aliou Ciss\u00e9 (S\u00e9n\u00e9gal) et Joseph Yobo (Nigeria).<\/p>\n\n\n\n<p>Apr\u00e8s le match d&rsquo;ouverture le 21 d\u00e9cembre \u00e0 Rabat contre les Comores du s\u00e9lectionneur italien Stefano Cusin, les Marocains devront affronter la Zambie, qu&rsquo;ils avaient battue (1-0) il y a un an en poules &#8211; permettant \u00e0 la C\u00f4te d&rsquo;Ivoire de se qualifier parmi les rep\u00each\u00e9s -, et le Mali du Belge Tom Saintfiet, le technicien qui avait envoy\u00e9 la Gambie \u00e0 ses deux premi\u00e8res CAN.<\/p>\n\n\n\n<h2 class=\"wp-block-heading\" id=\"h-baba-le-porte-bonheur\">&#8211; \u00ab\u00a0Baba\u00a0\u00bb le porte-bonheur &#8211;<\/h2>\n\n\n\n<p>G\u00e9ant d&rsquo;Afrique, premier demi-finaliste du continent lors d&rsquo;une Coupe du monde, en 2022 au Qatar, le Maroc n&rsquo;a pourtant remport\u00e9 qu&rsquo;une seule CAN au cours de sa riche histoire.<\/p>\n\n\n\n<p>\u00ab\u00a0On a une mission, a lanc\u00e9 le s\u00e9lectionneur marocain Walid Regragui \u00e0 l&rsquo;AFP, gagner ce troph\u00e9e apr\u00e8s pratiquement 50 ans de disette. On va tout faire pour garder cette coupe \u00e0 la maison.\u00a0\u00bb<\/p>\n\n\n\n<p>Cinq ans avant de coorganiser la Coupe du monde, les Lions de l&rsquo;Atlas ouvriront donc leur CAN \u00e0 Rabat, une des six villes d&rsquo;accueil de la comp\u00e9tition (dans neuf stades diff\u00e9rents).<\/p>\n\n\n\n<p>En guise de porte-bonheur, le troph\u00e9e du vainqueur a \u00e9t\u00e9 amen\u00e9 au Th\u00e9\u00e2tre national de Rabat par Ahmed \u00ab\u00a0Baba\u00a0\u00bb Makrouh, l\u00e9gende du football marocain, auteur du but qui a offert aux Lions leur seule CAN, en 1976, une \u00e9galisation contre la Guin\u00e9e (1-1) au dernier match de la poule finale \u00e0 quatre \u00e9quipes.<\/p>\n\n\n\n<p>Avec l&rsquo;acteur am\u00e9ricain d&rsquo;origine b\u00e9ninoise Djimon Hounsou en ma\u00eetre de c\u00e9r\u00e9monie, la main d&rsquo;Aliou Ciss\u00e9 a offert \u00e0 Pape Thiaw, son successeur \u00e0 la t\u00eate du S\u00e9n\u00e9gal, le B\u00e9nin de Gernot Rohr. Les Lions de la Teranga croiseront aussi la RD Congo du Fran\u00e7ais S\u00e9bastien Desabre et le Botswana, qui en est \u00e0 sa deuxi\u00e8me participation.<\/p>\n\n\n\n<p>Finaliste de la derni\u00e8re \u00e9dition contre la C\u00f4te d&rsquo;Ivoire (2-1), le Nigeria du Franco-Malien Eric Chelle va croiser le fer avec la Tunisie et deux outsiders, l&rsquo;Ouganda et la Tanzanie, qui doivent co-organiser avec le Kenya l&rsquo;\u00e9dition suivante de la CAN. \u00ab\u00a0Je suis \u00e0 la t\u00eate d&rsquo;une bonne \u00e9quipe, mais il y a en aura 23 autres au Maroc, et elles ont toutes de bons s\u00e9lectionneurs\u00a0\u00bb, a comment\u00e9 Chelle.<\/p>\n\n\n\n<h2 class=\"wp-block-heading\" id=\"h-chanceux-d-avoir-salah\">&#8211; \u00ab\u00a0Chanceux d&rsquo;avoir Salah\u00a0\u00bb &#8211;<\/h2>\n\n\n\n<p>L&rsquo;\u00c9gypte est d\u00e9tentrice du record de victoires avec sept Coupes d&rsquo;Afrique, mais sa star Mohamed Salah ne l&rsquo;a encore jamais gagn\u00e9e. \u00ab\u00a0Le football \u00e9gyptien est chanceux d\u2019avoir Mohamed Salah un des plus grands joueurs du monde actuellement\u00a0\u00bb, a dit le s\u00e9lectionneur Hossam Hassan, qui n&rsquo;oublie pas de mentionner Omar Marmoush, la recrue de Manchester City, et esp\u00e8re \u00ab\u00a0l&#8217;emporter pour la huiti\u00e8me fois\u00a0\u00bb.<\/p>\n\n\n\n<p>Les Pharaons sont dans le groupe de l&rsquo;Afrique du Sud, demi-finaliste en 2024, et de l&rsquo;Angola, quart de finaliste, avec toujours le m\u00eame s\u00e9lectionneur, le Portugais Pedro Gon\u00e7alves.<\/p>\n\n\n\n<p>Enfin l&rsquo;Alg\u00e9rie, \u00e9limin\u00e9e d\u00e8s le premier tour des deux pr\u00e9c\u00e9dentes \u00e9ditions, retrouve deux de ses bourreaux, le Burkina Faso, et la Guin\u00e9e \u00e9quatoriale.<\/p>\n\n\n\n<p>Le Ghana \u00e9tait le grand absent de cette c\u00e9r\u00e9monie, le quadruple champion d&rsquo;Afrique n&rsquo;ayant pas r\u00e9ussi \u00e0 se qualifier pour la premi\u00e8re fois depuis 2004. C&rsquo;est aussi parce que \u00ab\u00a0la qualit\u00e9 du football africain progresse et s&rsquo;am\u00e9liore constamment\u00a0\u00bb, assure \u00e0 l&rsquo;AFP le pr\u00e9sident de la CAF Patrice Motsepe.<\/p>\n\n\n\n<p><\/p>\n\n\n\n<p>\u00a9 Agence France-Presse<\/p>\n","protected":false},"excerpt":{"rendered":"<p>Rabat,\u00a0Maroc &#8211; Actualis\u00e9 avec nouvelles d\u00e9clarations aux 4e et 12e paragraphes C\u00f4te d&rsquo;Ivoire-Cameroun est la plus belle affiche du premier tour de la prochaine Coupe d&rsquo;Afrique des Nations, dont le tirage au sort a \u00e9t\u00e9 effectu\u00e9 lundi \u00e0 Rabat; le Maroc, pays organisateur, se retrouve dans le groupe du Mali. \u00c9l\u00e9phants contre Lions Indomptables. Deux [&hellip;]<\/p>\n","protected":false},"author":10,"featured_media":16345,"comment_status":"open","ping_status":"open","sticky":false,"template":"","format":"standard","meta":{"_acf_changed":false,"om_disable_all_campaigns":false,"_monsterinsights_skip_tracking":false,"_monsterinsights_sitenote_active":false,"_monsterinsights_sitenote_note":"","_monsterinsights_sitenote_category":0,"tdm_status":"","tdm_grid_status":"","_jetpack_newsletter_access":"","_jetpack_dont_email_post_to_subs":false,"_jetpack_newsletter_tier_id":0,"_jetpack_memberships_contains_paywalled_content":false,"_jetpack_memberships_contains_paid_content":false,"footnotes":""},"categories":[916,885],"tags":[1366,2595,888,919],"adr_country":[1099,1088,2596],"class_list":{"0":"post-16347","1":"post","2":"type-post","3":"status-publish","4":"format-standard","5":"has-post-thumbnail","7":"category-can-2025-fr","8":"category-sports-fr","9":"tag-2025-fr","10":"tag-2026-fr","11":"tag-can-fr","12":"tag-foot-fr","13":"adr_country-afrique","14":"adr_country-maroc","15":"adr_country-maroc-2-fr"},"acf":{"post_version":""},"yoast_head":"<!-- This site is optimized with the Yoast SEO Premium plugin v26.0 (Yoast SEO v27.4) - https:\/\/yoast.com\/product\/yoast-seo-premium-wordpress\/ -->\n<title>CAN-2025: Le Maroc avec le Mali et un choc C\u00f4te d&#039;Ivoire-Cameroun - Africa Daily Report<\/title>\n<meta name=\"robots\" content=\"index, follow, max-snippet:-1, max-image-preview:large, max-video-preview:-1\" \/>\n<link rel=\"canonical\" href=\"https:\/\/africadailyreport.com\/fr\/2025\/01\/28\/can-2025-le-maroc-avec-le-mali-et-un-choc-cote-divoire-cameroun\/\" \/>\n<meta property=\"og:locale\" content=\"fr_FR\" \/>\n<meta property=\"og:type\" content=\"article\" \/>\n<meta property=\"og:title\" content=\"CAN-2025: Le Maroc avec le Mali et un choc C\u00f4te d&#039;Ivoire-Cameroun\" \/>\n<meta property=\"og:description\" content=\"Rabat,\u00a0Maroc &#8211; Actualis\u00e9 avec nouvelles d\u00e9clarations aux 4e et 12e paragraphes C\u00f4te d&rsquo;Ivoire-Cameroun est la plus belle affiche du premier tour de la prochaine Coupe d&rsquo;Afrique des Nations, dont le tirage au sort a \u00e9t\u00e9 effectu\u00e9 lundi \u00e0 Rabat; le Maroc, pays organisateur, se retrouve dans le groupe du Mali. \u00c9l\u00e9phants contre Lions Indomptables. Deux [&hellip;]\" \/>\n<meta property=\"og:url\" content=\"https:\/\/africadailyreport.com\/fr\/2025\/01\/28\/can-2025-le-maroc-avec-le-mali-et-un-choc-cote-divoire-cameroun\/\" \/>\n<meta property=\"og:site_name\" content=\"Africa Daily Report\" \/>\n<meta property=\"article:publisher\" content=\"https:\/\/www.facebook.com\/africadailyreport\" \/>\n<meta property=\"article:published_time\" content=\"2025-01-28T01:25:05+00:00\" \/>\n<meta property=\"article:modified_time\" content=\"2025-01-28T01:36:40+00:00\" \/>\n<meta property=\"og:image\" content=\"https:\/\/i0.wp.com\/africadailyreport.com\/wp-content\/uploads\/2024\/09\/ADR-Transparent-Green-Logo.png?fit=361%2C361&ssl=1\" \/>\n\t<meta property=\"og:image:width\" content=\"361\" \/>\n\t<meta property=\"og:image:height\" content=\"361\" \/>\n\t<meta property=\"og:image:type\" content=\"image\/png\" \/>\n<meta name=\"author\" content=\"ADR\/AFP\" \/>\n<meta name=\"twitter:card\" content=\"summary_large_image\" \/>\n<meta name=\"twitter:creator\" content=\"@adr_africa\" \/>\n<meta name=\"twitter:site\" content=\"@adr_africa\" \/>\n<meta name=\"twitter:label1\" content=\"\u00c9crit par\" \/>\n\t<meta name=\"twitter:data1\" content=\"ADR\/AFP\" \/>\n<script type=\"application\/ld+json\" class=\"yoast-schema-graph\">{\"@context\":\"https:\\\/\\\/schema.org\",\"@graph\":[{\"@type\":\"Article\",\"@id\":\"https:\\\/\\\/africadailyreport.com\\\/fr\\\/2025\\\/01\\\/28\\\/can-2025-le-maroc-avec-le-mali-et-un-choc-cote-divoire-cameroun\\\/#article\",\"isPartOf\":{\"@id\":\"https:\\\/\\\/africadailyreport.com\\\/fr\\\/2025\\\/01\\\/28\\\/can-2025-le-maroc-avec-le-mali-et-un-choc-cote-divoire-cameroun\\\/\"},\"author\":{\"name\":\"ADR\\\/AFP\",\"@id\":\"https:\\\/\\\/africadailyreport.com\\\/fr\\\/#\\\/schema\\\/person\\\/c44d86d79f5570b3ba4cf70c989843f8\"},\"headline\":\"CAN-2025: Le Maroc avec le Mali et un choc C\u00f4te d&rsquo;Ivoire-Cameroun\",\"datePublished\":\"2025-01-28T01:25:05+00:00\",\"dateModified\":\"2025-01-28T01:36:40+00:00\",\"mainEntityOfPage\":{\"@id\":\"https:\\\/\\\/africadailyreport.com\\\/fr\\\/2025\\\/01\\\/28\\\/can-2025-le-maroc-avec-le-mali-et-un-choc-cote-divoire-cameroun\\\/\"},\"wordCount\":821,\"commentCount\":0,\"publisher\":{\"@id\":\"https:\\\/\\\/africadailyreport.com\\\/fr\\\/#organization\"},\"image\":{\"@id\":\"https:\\\/\\\/africadailyreport.com\\\/fr\\\/2025\\\/01\\\/28\\\/can-2025-le-maroc-avec-le-mali-et-un-choc-cote-divoire-cameroun\\\/#primaryimage\"},\"thumbnailUrl\":\"https:\\\/\\\/i0.wp.com\\\/africadailyreport.com\\\/wp-content\\\/uploads\\\/2025\\\/01\\\/AFP__20250127__36WA6PH__v1__HighRes__FblAfrAfcon2025Draw-scaled.jpg?fit=%2C&ssl=1\",\"keywords\":[\"2025\",\"2026\",\"can\",\"foot\"],\"articleSection\":[\"CAN 2025\",\"Sports\"],\"inLanguage\":\"fr-FR\",\"potentialAction\":[{\"@type\":\"CommentAction\",\"name\":\"Comment\",\"target\":[\"https:\\\/\\\/africadailyreport.com\\\/fr\\\/2025\\\/01\\\/28\\\/can-2025-le-maroc-avec-le-mali-et-un-choc-cote-divoire-cameroun\\\/#respond\"]}],\"copyrightYear\":\"2025\",\"copyrightHolder\":{\"@id\":\"https:\\\/\\\/africadailyreport.com\\\/#organization\"}},{\"@type\":\"WebPage\",\"@id\":\"https:\\\/\\\/africadailyreport.com\\\/fr\\\/2025\\\/01\\\/28\\\/can-2025-le-maroc-avec-le-mali-et-un-choc-cote-divoire-cameroun\\\/\",\"url\":\"https:\\\/\\\/africadailyreport.com\\\/fr\\\/2025\\\/01\\\/28\\\/can-2025-le-maroc-avec-le-mali-et-un-choc-cote-divoire-cameroun\\\/\",\"name\":\"CAN-2025: Le Maroc avec le Mali et un choc C\u00f4te d'Ivoire-Cameroun - Africa Daily Report\",\"isPartOf\":{\"@id\":\"https:\\\/\\\/africadailyreport.com\\\/fr\\\/#website\"},\"primaryImageOfPage\":{\"@id\":\"https:\\\/\\\/africadailyreport.com\\\/fr\\\/2025\\\/01\\\/28\\\/can-2025-le-maroc-avec-le-mali-et-un-choc-cote-divoire-cameroun\\\/#primaryimage\"},\"image\":{\"@id\":\"https:\\\/\\\/africadailyreport.com\\\/fr\\\/2025\\\/01\\\/28\\\/can-2025-le-maroc-avec-le-mali-et-un-choc-cote-divoire-cameroun\\\/#primaryimage\"},\"thumbnailUrl\":\"https:\\\/\\\/i0.wp.com\\\/africadailyreport.com\\\/wp-content\\\/uploads\\\/2025\\\/01\\\/AFP__20250127__36WA6PH__v1__HighRes__FblAfrAfcon2025Draw-scaled.jpg?fit=%2C&ssl=1\",\"datePublished\":\"2025-01-28T01:25:05+00:00\",\"dateModified\":\"2025-01-28T01:36:40+00:00\",\"breadcrumb\":{\"@id\":\"https:\\\/\\\/africadailyreport.com\\\/fr\\\/2025\\\/01\\\/28\\\/can-2025-le-maroc-avec-le-mali-et-un-choc-cote-divoire-cameroun\\\/#breadcrumb\"},\"inLanguage\":\"fr-FR\",\"potentialAction\":[{\"@type\":\"ReadAction\",\"target\":[\"https:\\\/\\\/africadailyreport.com\\\/fr\\\/2025\\\/01\\\/28\\\/can-2025-le-maroc-avec-le-mali-et-un-choc-cote-divoire-cameroun\\\/\"]}]},{\"@type\":\"ImageObject\",\"inLanguage\":\"fr-FR\",\"@id\":\"https:\\\/\\\/africadailyreport.com\\\/fr\\\/2025\\\/01\\\/28\\\/can-2025-le-maroc-avec-le-mali-et-un-choc-cote-divoire-cameroun\\\/#primaryimage\",\"url\":\"https:\\\/\\\/i0.wp.com\\\/africadailyreport.com\\\/wp-content\\\/uploads\\\/2025\\\/01\\\/AFP__20250127__36WA6PH__v1__HighRes__FblAfrAfcon2025Draw-scaled.jpg?fit=%2C&ssl=1\",\"contentUrl\":\"https:\\\/\\\/i0.wp.com\\\/africadailyreport.com\\\/wp-content\\\/uploads\\\/2025\\\/01\\\/AFP__20250127__36WA6PH__v1__HighRes__FblAfrAfcon2025Draw-scaled.jpg?fit=%2C&ssl=1\",\"caption\":\"Senegalese coach and former football player Aliou Cisse (L) and Nigerian footballer Joseph Yobo stand on stage during the draw of the CAF 2025 AFCON Africa Cup of Nations football tournament, in Rabat, on January 27, 2025. (Photo by Abdel Majid BZIOUAT \\\/ AFP)\"},{\"@type\":\"BreadcrumbList\",\"@id\":\"https:\\\/\\\/africadailyreport.com\\\/fr\\\/2025\\\/01\\\/28\\\/can-2025-le-maroc-avec-le-mali-et-un-choc-cote-divoire-cameroun\\\/#breadcrumb\",\"itemListElement\":[{\"@type\":\"ListItem\",\"position\":1,\"name\":\"Home\",\"item\":\"https:\\\/\\\/africadailyreport.com\\\/fr\\\/\"},{\"@type\":\"ListItem\",\"position\":2,\"name\":\"CAN-2025: Le Maroc avec le Mali et un choc C\u00f4te d&#8217;Ivoire-Cameroun\"}]},{\"@type\":\"WebSite\",\"@id\":\"https:\\\/\\\/africadailyreport.com\\\/fr\\\/#website\",\"url\":\"https:\\\/\\\/africadailyreport.com\\\/fr\\\/\",\"name\":\"Africa Daily Report\",\"description\":\"\",\"publisher\":{\"@id\":\"https:\\\/\\\/africadailyreport.com\\\/fr\\\/#organization\"},\"potentialAction\":[{\"@type\":\"SearchAction\",\"target\":{\"@type\":\"EntryPoint\",\"urlTemplate\":\"https:\\\/\\\/africadailyreport.com\\\/fr\\\/?s={search_term_string}\"},\"query-input\":{\"@type\":\"PropertyValueSpecification\",\"valueRequired\":true,\"valueName\":\"search_term_string\"}}],\"inLanguage\":\"fr-FR\"},{\"@type\":\"Organization\",\"@id\":\"https:\\\/\\\/africadailyreport.com\\\/fr\\\/#organization\",\"name\":\"Africa Daily Report\",\"url\":\"https:\\\/\\\/africadailyreport.com\\\/fr\\\/\",\"logo\":{\"@type\":\"ImageObject\",\"inLanguage\":\"fr-FR\",\"@id\":\"https:\\\/\\\/africadailyreport.com\\\/fr\\\/#\\\/schema\\\/logo\\\/image\\\/\",\"url\":\"https:\\\/\\\/africadailyreport.com\\\/wp-content\\\/uploads\\\/2024\\\/09\\\/ADR-Transparent-Green-Logo-1.png\",\"contentUrl\":\"https:\\\/\\\/africadailyreport.com\\\/wp-content\\\/uploads\\\/2024\\\/09\\\/ADR-Transparent-Green-Logo-1.png\",\"width\":267,\"height\":185,\"caption\":\"Africa Daily Report\"},\"image\":{\"@id\":\"https:\\\/\\\/africadailyreport.com\\\/fr\\\/#\\\/schema\\\/logo\\\/image\\\/\"},\"sameAs\":[\"https:\\\/\\\/www.facebook.com\\\/africadailyreport\",\"https:\\\/\\\/x.com\\\/adr_africa\",\"https:\\\/\\\/www.youtube.com\\\/@africadailyreport\",\"https:\\\/\\\/instagram.com\\\/africadailyreport\"]},{\"@type\":\"Person\",\"@id\":\"https:\\\/\\\/africadailyreport.com\\\/fr\\\/#\\\/schema\\\/person\\\/c44d86d79f5570b3ba4cf70c989843f8\",\"name\":\"ADR\\\/AFP\",\"image\":{\"@type\":\"ImageObject\",\"inLanguage\":\"fr-FR\",\"@id\":\"https:\\\/\\\/secure.gravatar.com\\\/avatar\\\/2fbdc3782aa386b408fd9a36f0bc78ee569c94a7a05670cab3a1d72916408214?s=96&d=mm&r=g\",\"url\":\"https:\\\/\\\/secure.gravatar.com\\\/avatar\\\/2fbdc3782aa386b408fd9a36f0bc78ee569c94a7a05670cab3a1d72916408214?s=96&d=mm&r=g\",\"contentUrl\":\"https:\\\/\\\/secure.gravatar.com\\\/avatar\\\/2fbdc3782aa386b408fd9a36f0bc78ee569c94a7a05670cab3a1d72916408214?s=96&d=mm&r=g\",\"caption\":\"ADR\\\/AFP\"},\"sameAs\":[\"http:\\\/\\\/africadailyreport.com\"],\"url\":\"https:\\\/\\\/africadailyreport.com\\\/fr\\\/author\\\/both\\\/\"}]}<\/script>\n<!-- \/ Yoast SEO Premium plugin. -->","yoast_head_json":{"title":"CAN-2025: Le Maroc avec le Mali et un choc C\u00f4te d'Ivoire-Cameroun - Africa Daily Report","robots":{"index":"index","follow":"follow","max-snippet":"max-snippet:-1","max-image-preview":"max-image-preview:large","max-video-preview":"max-video-preview:-1"},"canonical":"https:\/\/africadailyreport.com\/fr\/2025\/01\/28\/can-2025-le-maroc-avec-le-mali-et-un-choc-cote-divoire-cameroun\/","og_locale":"fr_FR","og_type":"article","og_title":"CAN-2025: Le Maroc avec le Mali et un choc C\u00f4te d'Ivoire-Cameroun","og_description":"Rabat,\u00a0Maroc &#8211; Actualis\u00e9 avec nouvelles d\u00e9clarations aux 4e et 12e paragraphes C\u00f4te d&rsquo;Ivoire-Cameroun est la plus belle affiche du premier tour de la prochaine Coupe d&rsquo;Afrique des Nations, dont le tirage au sort a \u00e9t\u00e9 effectu\u00e9 lundi \u00e0 Rabat; le Maroc, pays organisateur, se retrouve dans le groupe du Mali. \u00c9l\u00e9phants contre Lions Indomptables. Deux [&hellip;]","og_url":"https:\/\/africadailyreport.com\/fr\/2025\/01\/28\/can-2025-le-maroc-avec-le-mali-et-un-choc-cote-divoire-cameroun\/","og_site_name":"Africa Daily Report","article_publisher":"https:\/\/www.facebook.com\/africadailyreport","article_published_time":"2025-01-28T01:25:05+00:00","article_modified_time":"2025-01-28T01:36:40+00:00","og_image":[{"width":361,"height":361,"url":"https:\/\/i0.wp.com\/africadailyreport.com\/wp-content\/uploads\/2024\/09\/ADR-Transparent-Green-Logo.png?fit=361%2C361&ssl=1","type":"image\/png"}],"author":"ADR\/AFP","twitter_card":"summary_large_image","twitter_creator":"@adr_africa","twitter_site":"@adr_africa","twitter_misc":{"\u00c9crit par":"ADR\/AFP"},"schema":{"@context":"https:\/\/schema.org","@graph":[{"@type":"Article","@id":"https:\/\/africadailyreport.com\/fr\/2025\/01\/28\/can-2025-le-maroc-avec-le-mali-et-un-choc-cote-divoire-cameroun\/#article","isPartOf":{"@id":"https:\/\/africadailyreport.com\/fr\/2025\/01\/28\/can-2025-le-maroc-avec-le-mali-et-un-choc-cote-divoire-cameroun\/"},"author":{"name":"ADR\/AFP","@id":"https:\/\/africadailyreport.com\/fr\/#\/schema\/person\/c44d86d79f5570b3ba4cf70c989843f8"},"headline":"CAN-2025: Le Maroc avec le Mali et un choc C\u00f4te d&rsquo;Ivoire-Cameroun","datePublished":"2025-01-28T01:25:05+00:00","dateModified":"2025-01-28T01:36:40+00:00","mainEntityOfPage":{"@id":"https:\/\/africadailyreport.com\/fr\/2025\/01\/28\/can-2025-le-maroc-avec-le-mali-et-un-choc-cote-divoire-cameroun\/"},"wordCount":821,"commentCount":0,"publisher":{"@id":"https:\/\/africadailyreport.com\/fr\/#organization"},"image":{"@id":"https:\/\/africadailyreport.com\/fr\/2025\/01\/28\/can-2025-le-maroc-avec-le-mali-et-un-choc-cote-divoire-cameroun\/#primaryimage"},"thumbnailUrl":"https:\/\/i0.wp.com\/africadailyreport.com\/wp-content\/uploads\/2025\/01\/AFP__20250127__36WA6PH__v1__HighRes__FblAfrAfcon2025Draw-scaled.jpg?fit=%2C&ssl=1","keywords":["2025","2026","can","foot"],"articleSection":["CAN 2025","Sports"],"inLanguage":"fr-FR","potentialAction":[{"@type":"CommentAction","name":"Comment","target":["https:\/\/africadailyreport.com\/fr\/2025\/01\/28\/can-2025-le-maroc-avec-le-mali-et-un-choc-cote-divoire-cameroun\/#respond"]}],"copyrightYear":"2025","copyrightHolder":{"@id":"https:\/\/africadailyreport.com\/#organization"}},{"@type":"WebPage","@id":"https:\/\/africadailyreport.com\/fr\/2025\/01\/28\/can-2025-le-maroc-avec-le-mali-et-un-choc-cote-divoire-cameroun\/","url":"https:\/\/africadailyreport.com\/fr\/2025\/01\/28\/can-2025-le-maroc-avec-le-mali-et-un-choc-cote-divoire-cameroun\/","name":"CAN-2025: Le Maroc avec le Mali et un choc C\u00f4te d'Ivoire-Cameroun - Africa Daily Report","isPartOf":{"@id":"https:\/\/africadailyreport.com\/fr\/#website"},"primaryImageOfPage":{"@id":"https:\/\/africadailyreport.com\/fr\/2025\/01\/28\/can-2025-le-maroc-avec-le-mali-et-un-choc-cote-divoire-cameroun\/#primaryimage"},"image":{"@id":"https:\/\/africadailyreport.com\/fr\/2025\/01\/28\/can-2025-le-maroc-avec-le-mali-et-un-choc-cote-divoire-cameroun\/#primaryimage"},"thumbnailUrl":"https:\/\/i0.wp.com\/africadailyreport.com\/wp-content\/uploads\/2025\/01\/AFP__20250127__36WA6PH__v1__HighRes__FblAfrAfcon2025Draw-scaled.jpg?fit=%2C&ssl=1","datePublished":"2025-01-28T01:25:05+00:00","dateModified":"2025-01-28T01:36:40+00:00","breadcrumb":{"@id":"https:\/\/africadailyreport.com\/fr\/2025\/01\/28\/can-2025-le-maroc-avec-le-mali-et-un-choc-cote-divoire-cameroun\/#breadcrumb"},"inLanguage":"fr-FR","potentialAction":[{"@type":"ReadAction","target":["https:\/\/africadailyreport.com\/fr\/2025\/01\/28\/can-2025-le-maroc-avec-le-mali-et-un-choc-cote-divoire-cameroun\/"]}]},{"@type":"ImageObject","inLanguage":"fr-FR","@id":"https:\/\/africadailyreport.com\/fr\/2025\/01\/28\/can-2025-le-maroc-avec-le-mali-et-un-choc-cote-divoire-cameroun\/#primaryimage","url":"https:\/\/i0.wp.com\/africadailyreport.com\/wp-content\/uploads\/2025\/01\/AFP__20250127__36WA6PH__v1__HighRes__FblAfrAfcon2025Draw-scaled.jpg?fit=%2C&ssl=1","contentUrl":"https:\/\/i0.wp.com\/africadailyreport.com\/wp-content\/uploads\/2025\/01\/AFP__20250127__36WA6PH__v1__HighRes__FblAfrAfcon2025Draw-scaled.jpg?fit=%2C&ssl=1","caption":"Senegalese coach and former football player Aliou Cisse (L) and Nigerian footballer Joseph Yobo stand on stage during the draw of the CAF 2025 AFCON Africa Cup of Nations football tournament, in Rabat, on January 27, 2025. (Photo by Abdel Majid BZIOUAT \/ AFP)"},{"@type":"BreadcrumbList","@id":"https:\/\/africadailyreport.com\/fr\/2025\/01\/28\/can-2025-le-maroc-avec-le-mali-et-un-choc-cote-divoire-cameroun\/#breadcrumb","itemListElement":[{"@type":"ListItem","position":1,"name":"Home","item":"https:\/\/africadailyreport.com\/fr\/"},{"@type":"ListItem","position":2,"name":"CAN-2025: Le Maroc avec le Mali et un choc C\u00f4te d&#8217;Ivoire-Cameroun"}]},{"@type":"WebSite","@id":"https:\/\/africadailyreport.com\/fr\/#website","url":"https:\/\/africadailyreport.com\/fr\/","name":"Africa Daily Report","description":"","publisher":{"@id":"https:\/\/africadailyreport.com\/fr\/#organization"},"potentialAction":[{"@type":"SearchAction","target":{"@type":"EntryPoint","urlTemplate":"https:\/\/africadailyreport.com\/fr\/?s={search_term_string}"},"query-input":{"@type":"PropertyValueSpecification","valueRequired":true,"valueName":"search_term_string"}}],"inLanguage":"fr-FR"},{"@type":"Organization","@id":"https:\/\/africadailyreport.com\/fr\/#organization","name":"Africa Daily Report","url":"https:\/\/africadailyreport.com\/fr\/","logo":{"@type":"ImageObject","inLanguage":"fr-FR","@id":"https:\/\/africadailyreport.com\/fr\/#\/schema\/logo\/image\/","url":"https:\/\/africadailyreport.com\/wp-content\/uploads\/2024\/09\/ADR-Transparent-Green-Logo-1.png","contentUrl":"https:\/\/africadailyreport.com\/wp-content\/uploads\/2024\/09\/ADR-Transparent-Green-Logo-1.png","width":267,"height":185,"caption":"Africa Daily Report"},"image":{"@id":"https:\/\/africadailyreport.com\/fr\/#\/schema\/logo\/image\/"},"sameAs":["https:\/\/www.facebook.com\/africadailyreport","https:\/\/x.com\/adr_africa","https:\/\/www.youtube.com\/@africadailyreport","https:\/\/instagram.com\/africadailyreport"]},{"@type":"Person","@id":"https:\/\/africadailyreport.com\/fr\/#\/schema\/person\/c44d86d79f5570b3ba4cf70c989843f8","name":"ADR\/AFP","image":{"@type":"ImageObject","inLanguage":"fr-FR","@id":"https:\/\/secure.gravatar.com\/avatar\/2fbdc3782aa386b408fd9a36f0bc78ee569c94a7a05670cab3a1d72916408214?s=96&d=mm&r=g","url":"https:\/\/secure.gravatar.com\/avatar\/2fbdc3782aa386b408fd9a36f0bc78ee569c94a7a05670cab3a1d72916408214?s=96&d=mm&r=g","contentUrl":"https:\/\/secure.gravatar.com\/avatar\/2fbdc3782aa386b408fd9a36f0bc78ee569c94a7a05670cab3a1d72916408214?s=96&d=mm&r=g","caption":"ADR\/AFP"},"sameAs":["http:\/\/africadailyreport.com"],"url":"https:\/\/africadailyreport.com\/fr\/author\/both\/"}]}},"jetpack_featured_media_url":"https:\/\/i0.wp.com\/africadailyreport.com\/wp-content\/uploads\/2025\/01\/AFP__20250127__36WA6PH__v1__HighRes__FblAfrAfcon2025Draw-scaled.jpg?fit=%2C&ssl=1","jetpack_sharing_enabled":true,"amp_enabled":true,"_links":{"self":[{"href":"https:\/\/africadailyreport.com\/fr\/wp-json\/wp\/v2\/posts\/16347","targetHints":{"allow":["GET"]}}],"collection":[{"href":"https:\/\/africadailyreport.com\/fr\/wp-json\/wp\/v2\/posts"}],"about":[{"href":"https:\/\/africadailyreport.com\/fr\/wp-json\/wp\/v2\/types\/post"}],"author":[{"embeddable":true,"href":"https:\/\/africadailyreport.com\/fr\/wp-json\/wp\/v2\/users\/10"}],"replies":[{"embeddable":true,"href":"https:\/\/africadailyreport.com\/fr\/wp-json\/wp\/v2\/comments?post=16347"}],"version-history":[{"count":1,"href":"https:\/\/africadailyreport.com\/fr\/wp-json\/wp\/v2\/posts\/16347\/revisions"}],"predecessor-version":[{"id":16349,"href":"https:\/\/africadailyreport.com\/fr\/wp-json\/wp\/v2\/posts\/16347\/revisions\/16349"}],"wp:featuredmedia":[{"embeddable":true,"href":"https:\/\/africadailyreport.com\/fr\/wp-json\/wp\/v2\/media\/16345"}],"wp:attachment":[{"href":"https:\/\/africadailyreport.com\/fr\/wp-json\/wp\/v2\/media?parent=16347"}],"wp:term":[{"taxonomy":"category","embeddable":true,"href":"https:\/\/africadailyreport.com\/fr\/wp-json\/wp\/v2\/categories?post=16347"},{"taxonomy":"post_tag","embeddable":true,"href":"https:\/\/africadailyreport.com\/fr\/wp-json\/wp\/v2\/tags?post=16347"},{"taxonomy":"adr_country","embeddable":true,"href":"https:\/\/africadailyreport.com\/fr\/wp-json\/wp\/v2\/adr_country?post=16347"}],"curies":[{"name":"wp","href":"https:\/\/api.w.org\/{rel}","templated":true}]}}