{"id":16305,"date":"2025-01-27T23:15:41","date_gmt":"2025-01-27T23:15:41","guid":{"rendered":"https:\/\/africadailyreport.com\/2025\/01\/27\/political-tensions-shake-up-trade-routes-in-fractured-west-africa\/"},"modified":"2025-01-28T00:26:48","modified_gmt":"2025-01-28T00:26:48","slug":"political-tensions-shake-up-trade-routes-in-fractured-west-africa","status":"publish","type":"post","link":"https:\/\/africadailyreport.com\/fr\/2025\/01\/27\/political-tensions-shake-up-trade-routes-in-fractured-west-africa\/","title":{"rendered":"Apr\u00e8s le retrait du Burkina, du Mali et du Niger, quel avenir pour la Cedeao ?"},"content":{"rendered":"\n<h2 class=\"wp-block-heading\" id=\"h-abidjan-cote-d-ivoire-le-retrait-du-mali-du-niger-et-du-burkina-faso-de-la-communaute-economique-des-etats-de-l-afrique-de-l-ouest-cedeao-prend-effet-mercredi-apres-un-an-de-tensions-politiques-rendant-incertain-l-avenir-de-l-organisation-regionale-dans-une-afrique-de-l-ouest-fracturee\"><strong><em>Abidjan,\u00a0Cote d&rsquo;Ivoire <\/em><\/strong>&#8211; Le retrait du Mali, du Niger et du Burkina Faso de la Communaut\u00e9 \u00e9conomique des Etats de l\u2019Afrique de l\u2019Ouest (Cedeao) prend effet mercredi apr\u00e8s un an de tensions politiques, rendant incertain l&rsquo;avenir de l&rsquo;organisation r\u00e9gionale dans une Afrique de l\u2019ouest fractur\u00e9e.<\/h2>\n\n\n\n\n\n<p><\/p>\n\n\n\n<p>Le 29 janvier 2024, les trois pays dirig\u00e9s par des r\u00e9gimes militaires avaient formellement notifi\u00e9 \u00e0 la Cedeao leur volont\u00e9 de retrait \u00ab\u00a0imm\u00e9diat\u00a0\u00bb. Mais les textes de l&rsquo;organisation ouest-africaine imposaient un d\u00e9lai d&rsquo;un an pour qu&rsquo;elle soit effective.<\/p>\n\n\n\n<p>Ce sera donc chose faite mercredi, les trois pays ayant ignor\u00e9 l&rsquo;appel de la Cedeao \u00e0 prolonger la p\u00e9riode de six mois pour tenter de trouver une solution.<\/p>\n\n\n\n<p>Le Burkina Faso, le Mali et le Niger d\u00e9sormais unis dans une conf\u00e9d\u00e9ration, l&rsquo;Alliance des Etats du Sahel (AES), accusent la Cedeao d&rsquo;avoir impos\u00e9 \u00e0 leur encontre des sanctions \u00ab\u00a0inhumaines, ill\u00e9gales et ill\u00e9gitimes\u00a0\u00bb apr\u00e8s les putschs qui les ont port\u00e9s au pouvoir.<\/p>\n\n\n\n<p>Ils estiment aussi que l&rsquo;organisation ouest-africaine ne les a pas suffisamment aid\u00e9s \u00e0 lutter contre les violences jihadistes et qu&rsquo;elle est inf\u00e9od\u00e9e \u00e0 la France.<\/p>\n\n\n\n<p>L&rsquo;ancienne puissance coloniale est devenue l&rsquo;ennemi commun de ces juntes qui privil\u00e9gie d\u00e9sormais des partenariats avec des pays comme la Russie, la Turquie ou l&rsquo;Iran.<\/p>\n\n\n\n<h2 class=\"wp-block-heading\">&#8211; Une Cedeao fragilis\u00e9e &#8211;<\/h2>\n\n\n\n<p>La rupture a \u00e9t\u00e9 consomm\u00e9e apr\u00e8s le coup d&rsquo;Etat au Niger, en juillet 2023, quand la Cedeao avait menac\u00e9 d&rsquo;intervenir militairement pour r\u00e9tablir le pr\u00e9sident d\u00e9chu et impos\u00e9 de lourdes sanctions \u00e9conomiques \u00e0 Niamey, aujourd&rsquo;hui lev\u00e9es.<\/p>\n\n\n\n<p>Les trois pays vont mettre en circulation ce mercredi leur propre passeport commun et ont annonc\u00e9 pour bient\u00f4t une arm\u00e9e unifi\u00e9e de 5.000 hommes pour combattre les jihadistes.<\/p>\n\n\n\n<p>Si pour le moment la libre circulation des personnes entre les deux espaces reste d&rsquo;actualit\u00e9, le d\u00e9part des trois pays ne devrait pas \u00eatre sans cons\u00e9quence.<\/p>\n\n\n\n<p>Cela va \u00ab\u00a0fragiliser la Cedeao dans sa capacit\u00e9 \u00e0 r\u00e9guler notamment les crises politiques dans l\u2019espace r\u00e9gional\u00a0\u00bb, explique \u00e0 l&rsquo;AFP Gilles Yabi, fondateur du groupe de r\u00e9flexion ouest-africain Wathi.<\/p>\n\n\n\n<p>Car l&rsquo;AES et certains pays de la Cedeao se regardent d\u00e9sormais en chiens de fa\u00efence.<\/p>\n\n\n\n<p>Le Niger refuse par exemple d&rsquo;ouvrir sa fronti\u00e8re avec le B\u00e9nin, qu&rsquo;il accuse d&rsquo;accueillir des bases o\u00f9 s&rsquo;entra\u00eeneraient des jihadistes, et accuse \u00e9galement son voisin nig\u00e9rian de \u00ab\u00a0servir de base arri\u00e8re\u00a0\u00bb pour le \u00ab\u00a0d\u00e9stabiliser\u00a0\u00bb, ce que les deux pays c\u00f4tiers nient.<\/p>\n\n\n\n<h2 class=\"wp-block-heading\">&#8211; La main tendue du Togo et du Ghana &#8211;<\/h2>\n\n\n\n<p>Dans la sous-r\u00e9gion les cartes diplomatiques ont donc \u00e9t\u00e9 rebattues, accentuant l&rsquo;influence du Togo qui joue les m\u00e9diateurs et dont le port, \u00e0 Lom\u00e9, permet l&rsquo;approvisionnement des pays enclav\u00e9s de l&rsquo;AES.<\/p>\n\n\n\n<p>Le ministre togolais des Affaires \u00e9trang\u00e8res, Robert Dussey, a r\u00e9cemment d\u00e9clar\u00e9 que son pays n&rsquo;excluait pas de rejoindre l&rsquo;AES.<\/p>\n\n\n\n<p>Le Togo a une \u00ab\u00a0vision \u00e0 court terme\u00a0\u00bb, bas\u00e9e sur des \u00ab\u00a0calculs d&rsquo;int\u00e9r\u00eats \u00e9conomiques\u00a0\u00bb qui vont \u00ab\u00a0affaiblir la Cedeao\u00a0\u00bb, estime Gilles Yabi.<\/p>\n\n\n\n<p>Si la Cedeao perd un quatri\u00e8me membre comme le Togo, avec son acc\u00e8s maritime, \u00ab\u00a0on peut se demander dans quel \u00e9tat elle pourra subsister\u00a0\u00bb, dit Rinaldo Depagne, directeur adjoint Afrique \u00e0 l&rsquo;International Crisis Group (ICG).<\/p>\n\n\n\n<p>L&rsquo;AES \u00ab\u00a0essaie de convaincre les autres pays que la Cedeao ne fonctionne pas et qu\u2019ils sont une alternative cr\u00e9dible&#8230;Ils ont compris qu\u2019ils ne pourraient pas survivre seuls\u00a0\u00bb, glisse une source diplomatique occidentale.<\/p>\n\n\n\n<p>Preuve de cette reconfiguration diplomatique, le Ghana du nouveau pr\u00e9sident \u00e9lu John Dramani Mahama tend lui aussi la main \u00e0 l&rsquo;AES.<\/p>\n\n\n\n<p>En fonctions depuis le 7 janvier, il a re\u00e7u lors de son investiture le chef de la junte du Burkina Ibrahim Traor\u00e9,&nbsp;puis le Premier ministre malien Abdoulaye Maiga, et d\u00e9j\u00e0 annonc\u00e9 la nomination d&rsquo;un envoy\u00e9 sp\u00e9cial pour l&rsquo;AES.<\/p>\n\n\n\n<p>\u00ab\u00a0Le nouveau pr\u00e9sident n\u2019a pas la m\u00eame position de principe envers les putschs que ses pr\u00e9d\u00e9cesseurs. La question qui se pose maintenant, c\u2019est est-ce qu&rsquo;on on peut \u00eatre avec l\u2019AES et avec la Cedeao en m\u00eame temps\u00a0\u00bb, s&rsquo;interroge Rinaldo Depagne.<\/p>\n\n\n\n<h2 class=\"wp-block-heading\">&#8211; \u00ab\u00a0Cedeao des peuples\u00a0\u00bb &#8211;<\/h2>\n\n\n\n<h2 class=\"wp-block-heading\" id=\"h-\"><\/h2>\n\n\n\n<p>Cette rupture a soulev\u00e9 des d\u00e9bats sur la n\u00e9cessit\u00e9 pour la Cedeao de \u00ab\u00a0retourner \u00e0 son agenda strictement \u00e9conomique et d&rsquo;abandonner les principes de droit et de d\u00e9mocratie\u00a0\u00bb, rel\u00e8ve Gilles Yabi qui pr\u00e9dit que des relations bilat\u00e9rales vont demeurer pour \u00ab\u00a0pr\u00e9server des relations \u00e9conomiques\u00a0\u00bb et \u00ab\u00a0faire face aux d\u00e9fis s\u00e9curitaires\u00a0\u00bb.<\/p>\n\n\n\n<p>Les violences jihadistes qui ont fait des dizaines de milliers de morts au Mali, au Niger et au Burkina Faso en une d\u00e9cennie, se sont \u00e9tendues aux pays c\u00f4tiers, notamment le B\u00e9nin et le Togo.<\/p>\n\n\n\n<p>\u00ab\u00a0Tout le monde est conscient de la n\u00e9cessit\u00e9 d\u2019une r\u00e9forme de la Cedeao, vers une Cedeao des peuples. L\u2019AES peut \u00eatre un laboratoire&#8230;\u00a0\u00bb, conclut un ancien ministre ouest-africain qui a l\u2019oreille des juntes sah\u00e9liennes.<\/p>\n\n\n\n<p><\/p>\n\n\n\n<p>\u00a9 Agence France-Presse<\/p>\n","protected":false},"excerpt":{"rendered":"<p>Abidjan,\u00a0Cote d&rsquo;Ivoire &#8211; Le retrait du Mali, du Niger et du Burkina Faso de la Communaut\u00e9 \u00e9conomique des Etats de l\u2019Afrique de l\u2019Ouest (Cedeao) prend effet mercredi apr\u00e8s un an de tensions politiques, rendant incertain l&rsquo;avenir de l&rsquo;organisation r\u00e9gionale dans une Afrique de l\u2019ouest fractur\u00e9e. Le 29 janvier 2024, les trois pays dirig\u00e9s par des [&hellip;]<\/p>\n","protected":false},"author":10,"featured_media":16303,"comment_status":"open","ping_status":"open","sticky":false,"template":"","format":"standard","meta":{"_acf_changed":false,"om_disable_all_campaigns":false,"_monsterinsights_skip_tracking":false,"_monsterinsights_sitenote_active":false,"_monsterinsights_sitenote_note":"","_monsterinsights_sitenote_category":0,"tdm_status":"","tdm_grid_status":"","_jetpack_newsletter_access":"","_jetpack_dont_email_post_to_subs":false,"_jetpack_newsletter_tier_id":0,"_jetpack_memberships_contains_paywalled_content":false,"_jetpack_memberships_contains_paid_content":false,"footnotes":""},"categories":[1225,782],"tags":[1797,2494,2493,1529,910,2581],"adr_country":[],"class_list":{"0":"post-16305","1":"post","2":"type-post","3":"status-publish","4":"format-standard","5":"has-post-thumbnail","7":"category-afrique-de-louest-fr","8":"category-politique-fr","9":"tag-burkina-fr","10":"tag-cedeao-2","11":"tag-ecowas-fr","12":"tag-mali-fr","13":"tag-niger-fr","14":"tag-trade-fr"},"acf":{"post_version":""},"yoast_head":"<!-- This site is optimized with the Yoast SEO Premium plugin v26.0 (Yoast SEO v27.4) - https:\/\/yoast.com\/product\/yoast-seo-premium-wordpress\/ -->\n<title>Apr\u00e8s le retrait du Burkina, du Mali et du Niger, quel avenir pour la Cedeao ? - Africa Daily Report<\/title>\n<meta name=\"robots\" content=\"index, follow, max-snippet:-1, max-image-preview:large, max-video-preview:-1\" \/>\n<link rel=\"canonical\" href=\"https:\/\/africadailyreport.com\/fr\/2025\/01\/27\/political-tensions-shake-up-trade-routes-in-fractured-west-africa\/\" \/>\n<meta property=\"og:locale\" content=\"fr_FR\" \/>\n<meta property=\"og:type\" content=\"article\" \/>\n<meta property=\"og:title\" content=\"Apr\u00e8s le retrait du Burkina, du Mali et du Niger, quel avenir pour la Cedeao ?\" \/>\n<meta property=\"og:description\" content=\"Abidjan,\u00a0Cote d&rsquo;Ivoire &#8211; Le retrait du Mali, du Niger et du Burkina Faso de la Communaut\u00e9 \u00e9conomique des Etats de l\u2019Afrique de l\u2019Ouest (Cedeao) prend effet mercredi apr\u00e8s un an de tensions politiques, rendant incertain l&rsquo;avenir de l&rsquo;organisation r\u00e9gionale dans une Afrique de l\u2019ouest fractur\u00e9e. Le 29 janvier 2024, les trois pays dirig\u00e9s par des [&hellip;]\" \/>\n<meta property=\"og:url\" content=\"https:\/\/africadailyreport.com\/fr\/2025\/01\/27\/political-tensions-shake-up-trade-routes-in-fractured-west-africa\/\" \/>\n<meta property=\"og:site_name\" content=\"Africa Daily Report\" \/>\n<meta property=\"article:publisher\" content=\"https:\/\/www.facebook.com\/africadailyreport\" \/>\n<meta property=\"article:published_time\" content=\"2025-01-27T23:15:41+00:00\" \/>\n<meta property=\"article:modified_time\" content=\"2025-01-28T00:26:48+00:00\" \/>\n<meta property=\"og:image\" content=\"https:\/\/africadailyreport.com\/wp-content\/uploads\/2025\/01\/AFP__20250127__36VV6KA__v1__HighRes__FilesNigeriaMaliBurkinaNigerPoliticsCoupSahelEc-scaled.jpg\" \/>\n\t<meta property=\"og:image:width\" content=\"1\" \/>\n\t<meta property=\"og:image:height\" content=\"1\" \/>\n\t<meta property=\"og:image:type\" content=\"image\/jpeg\" \/>\n<meta name=\"author\" content=\"ADR\/AFP\" \/>\n<meta name=\"twitter:card\" content=\"summary_large_image\" \/>\n<meta name=\"twitter:creator\" content=\"@adr_africa\" \/>\n<meta name=\"twitter:site\" content=\"@adr_africa\" \/>\n<meta name=\"twitter:label1\" content=\"\u00c9crit par\" \/>\n\t<meta name=\"twitter:data1\" content=\"ADR\/AFP\" \/>\n\t<meta name=\"twitter:label2\" content=\"Dur\u00e9e de lecture estim\u00e9e\" \/>\n\t<meta name=\"twitter:data2\" content=\"4 minutes\" \/>\n<script type=\"application\/ld+json\" class=\"yoast-schema-graph\">{\"@context\":\"https:\\\/\\\/schema.org\",\"@graph\":[{\"@type\":\"Article\",\"@id\":\"https:\\\/\\\/africadailyreport.com\\\/fr\\\/2025\\\/01\\\/27\\\/political-tensions-shake-up-trade-routes-in-fractured-west-africa\\\/#article\",\"isPartOf\":{\"@id\":\"https:\\\/\\\/africadailyreport.com\\\/fr\\\/2025\\\/01\\\/27\\\/political-tensions-shake-up-trade-routes-in-fractured-west-africa\\\/\"},\"author\":{\"name\":\"ADR\\\/AFP\",\"@id\":\"https:\\\/\\\/africadailyreport.com\\\/fr\\\/#\\\/schema\\\/person\\\/c44d86d79f5570b3ba4cf70c989843f8\"},\"headline\":\"Apr\u00e8s le retrait du Burkina, du Mali et du Niger, quel avenir pour la Cedeao ?\",\"datePublished\":\"2025-01-27T23:15:41+00:00\",\"dateModified\":\"2025-01-28T00:26:48+00:00\",\"mainEntityOfPage\":{\"@id\":\"https:\\\/\\\/africadailyreport.com\\\/fr\\\/2025\\\/01\\\/27\\\/political-tensions-shake-up-trade-routes-in-fractured-west-africa\\\/\"},\"wordCount\":889,\"commentCount\":0,\"publisher\":{\"@id\":\"https:\\\/\\\/africadailyreport.com\\\/fr\\\/#organization\"},\"image\":{\"@id\":\"https:\\\/\\\/africadailyreport.com\\\/fr\\\/2025\\\/01\\\/27\\\/political-tensions-shake-up-trade-routes-in-fractured-west-africa\\\/#primaryimage\"},\"thumbnailUrl\":\"https:\\\/\\\/i0.wp.com\\\/africadailyreport.com\\\/wp-content\\\/uploads\\\/2025\\\/01\\\/AFP__20250127__36VV6KA__v1__HighRes__FilesNigeriaMaliBurkinaNigerPoliticsCoupSahelEc-scaled.jpg?fit=%2C&ssl=1\",\"keywords\":[\"burkina\",\"cedeao\",\"ecowas\",\"MALI\",\"niger\",\"trade\"],\"articleSection\":[\"Afrique de l&#8217;Ouest\",\"POLITIQUE\"],\"inLanguage\":\"fr-FR\",\"potentialAction\":[{\"@type\":\"CommentAction\",\"name\":\"Comment\",\"target\":[\"https:\\\/\\\/africadailyreport.com\\\/fr\\\/2025\\\/01\\\/27\\\/political-tensions-shake-up-trade-routes-in-fractured-west-africa\\\/#respond\"]}],\"copyrightYear\":\"2025\",\"copyrightHolder\":{\"@id\":\"https:\\\/\\\/africadailyreport.com\\\/#organization\"}},{\"@type\":\"WebPage\",\"@id\":\"https:\\\/\\\/africadailyreport.com\\\/fr\\\/2025\\\/01\\\/27\\\/political-tensions-shake-up-trade-routes-in-fractured-west-africa\\\/\",\"url\":\"https:\\\/\\\/africadailyreport.com\\\/fr\\\/2025\\\/01\\\/27\\\/political-tensions-shake-up-trade-routes-in-fractured-west-africa\\\/\",\"name\":\"Apr\u00e8s le retrait du Burkina, du Mali et du Niger, quel avenir pour la Cedeao ? - Africa Daily Report\",\"isPartOf\":{\"@id\":\"https:\\\/\\\/africadailyreport.com\\\/fr\\\/#website\"},\"primaryImageOfPage\":{\"@id\":\"https:\\\/\\\/africadailyreport.com\\\/fr\\\/2025\\\/01\\\/27\\\/political-tensions-shake-up-trade-routes-in-fractured-west-africa\\\/#primaryimage\"},\"image\":{\"@id\":\"https:\\\/\\\/africadailyreport.com\\\/fr\\\/2025\\\/01\\\/27\\\/political-tensions-shake-up-trade-routes-in-fractured-west-africa\\\/#primaryimage\"},\"thumbnailUrl\":\"https:\\\/\\\/i0.wp.com\\\/africadailyreport.com\\\/wp-content\\\/uploads\\\/2025\\\/01\\\/AFP__20250127__36VV6KA__v1__HighRes__FilesNigeriaMaliBurkinaNigerPoliticsCoupSahelEc-scaled.jpg?fit=%2C&ssl=1\",\"datePublished\":\"2025-01-27T23:15:41+00:00\",\"dateModified\":\"2025-01-28T00:26:48+00:00\",\"breadcrumb\":{\"@id\":\"https:\\\/\\\/africadailyreport.com\\\/fr\\\/2025\\\/01\\\/27\\\/political-tensions-shake-up-trade-routes-in-fractured-west-africa\\\/#breadcrumb\"},\"inLanguage\":\"fr-FR\",\"potentialAction\":[{\"@type\":\"ReadAction\",\"target\":[\"https:\\\/\\\/africadailyreport.com\\\/fr\\\/2025\\\/01\\\/27\\\/political-tensions-shake-up-trade-routes-in-fractured-west-africa\\\/\"]}]},{\"@type\":\"ImageObject\",\"inLanguage\":\"fr-FR\",\"@id\":\"https:\\\/\\\/africadailyreport.com\\\/fr\\\/2025\\\/01\\\/27\\\/political-tensions-shake-up-trade-routes-in-fractured-west-africa\\\/#primaryimage\",\"url\":\"https:\\\/\\\/i0.wp.com\\\/africadailyreport.com\\\/wp-content\\\/uploads\\\/2025\\\/01\\\/AFP__20250127__36VV6KA__v1__HighRes__FilesNigeriaMaliBurkinaNigerPoliticsCoupSahelEc-scaled.jpg?fit=%2C&ssl=1\",\"contentUrl\":\"https:\\\/\\\/i0.wp.com\\\/africadailyreport.com\\\/wp-content\\\/uploads\\\/2025\\\/01\\\/AFP__20250127__36VV6KA__v1__HighRes__FilesNigeriaMaliBurkinaNigerPoliticsCoupSahelEc-scaled.jpg?fit=%2C&ssl=1\",\"caption\":\"(FILES) A local resident walks past the Economic Community of West African States (ECOWAS) Lagos office in Lagos on September 24, 2024. The withdrawal of Mali, Niger and Burkina Faso from the Economic Community of West African States takes effect on Wednesday after a year of political tensions, fracturing the region and leaving the bloc with an uncertain future. On January 29, 2024, the three countries led by military regimes formally notified ECOWAS of their desire for \\\"immediate\\\" withdrawal. But the texts of the West African organisation required one-year's notice for it to be effective. (Photo by Olympia DE MAISMONT \\\/ AFP)\"},{\"@type\":\"BreadcrumbList\",\"@id\":\"https:\\\/\\\/africadailyreport.com\\\/fr\\\/2025\\\/01\\\/27\\\/political-tensions-shake-up-trade-routes-in-fractured-west-africa\\\/#breadcrumb\",\"itemListElement\":[{\"@type\":\"ListItem\",\"position\":1,\"name\":\"Home\",\"item\":\"https:\\\/\\\/africadailyreport.com\\\/fr\\\/\"},{\"@type\":\"ListItem\",\"position\":2,\"name\":\"Apr\u00e8s le retrait du Burkina, du Mali et du Niger, quel avenir pour la Cedeao ?\"}]},{\"@type\":\"WebSite\",\"@id\":\"https:\\\/\\\/africadailyreport.com\\\/fr\\\/#website\",\"url\":\"https:\\\/\\\/africadailyreport.com\\\/fr\\\/\",\"name\":\"Africa Daily Report\",\"description\":\"\",\"publisher\":{\"@id\":\"https:\\\/\\\/africadailyreport.com\\\/fr\\\/#organization\"},\"potentialAction\":[{\"@type\":\"SearchAction\",\"target\":{\"@type\":\"EntryPoint\",\"urlTemplate\":\"https:\\\/\\\/africadailyreport.com\\\/fr\\\/?s={search_term_string}\"},\"query-input\":{\"@type\":\"PropertyValueSpecification\",\"valueRequired\":true,\"valueName\":\"search_term_string\"}}],\"inLanguage\":\"fr-FR\"},{\"@type\":\"Organization\",\"@id\":\"https:\\\/\\\/africadailyreport.com\\\/fr\\\/#organization\",\"name\":\"Africa Daily Report\",\"url\":\"https:\\\/\\\/africadailyreport.com\\\/fr\\\/\",\"logo\":{\"@type\":\"ImageObject\",\"inLanguage\":\"fr-FR\",\"@id\":\"https:\\\/\\\/africadailyreport.com\\\/fr\\\/#\\\/schema\\\/logo\\\/image\\\/\",\"url\":\"https:\\\/\\\/africadailyreport.com\\\/wp-content\\\/uploads\\\/2024\\\/09\\\/ADR-Transparent-Green-Logo-1.png\",\"contentUrl\":\"https:\\\/\\\/africadailyreport.com\\\/wp-content\\\/uploads\\\/2024\\\/09\\\/ADR-Transparent-Green-Logo-1.png\",\"width\":267,\"height\":185,\"caption\":\"Africa Daily Report\"},\"image\":{\"@id\":\"https:\\\/\\\/africadailyreport.com\\\/fr\\\/#\\\/schema\\\/logo\\\/image\\\/\"},\"sameAs\":[\"https:\\\/\\\/www.facebook.com\\\/africadailyreport\",\"https:\\\/\\\/x.com\\\/adr_africa\",\"https:\\\/\\\/www.youtube.com\\\/@africadailyreport\",\"https:\\\/\\\/instagram.com\\\/africadailyreport\"]},{\"@type\":\"Person\",\"@id\":\"https:\\\/\\\/africadailyreport.com\\\/fr\\\/#\\\/schema\\\/person\\\/c44d86d79f5570b3ba4cf70c989843f8\",\"name\":\"ADR\\\/AFP\",\"image\":{\"@type\":\"ImageObject\",\"inLanguage\":\"fr-FR\",\"@id\":\"https:\\\/\\\/secure.gravatar.com\\\/avatar\\\/2fbdc3782aa386b408fd9a36f0bc78ee569c94a7a05670cab3a1d72916408214?s=96&d=mm&r=g\",\"url\":\"https:\\\/\\\/secure.gravatar.com\\\/avatar\\\/2fbdc3782aa386b408fd9a36f0bc78ee569c94a7a05670cab3a1d72916408214?s=96&d=mm&r=g\",\"contentUrl\":\"https:\\\/\\\/secure.gravatar.com\\\/avatar\\\/2fbdc3782aa386b408fd9a36f0bc78ee569c94a7a05670cab3a1d72916408214?s=96&d=mm&r=g\",\"caption\":\"ADR\\\/AFP\"},\"sameAs\":[\"http:\\\/\\\/africadailyreport.com\"],\"url\":\"https:\\\/\\\/africadailyreport.com\\\/fr\\\/author\\\/both\\\/\"}]}<\/script>\n<!-- \/ Yoast SEO Premium plugin. -->","yoast_head_json":{"title":"Apr\u00e8s le retrait du Burkina, du Mali et du Niger, quel avenir pour la Cedeao ? - Africa Daily Report","robots":{"index":"index","follow":"follow","max-snippet":"max-snippet:-1","max-image-preview":"max-image-preview:large","max-video-preview":"max-video-preview:-1"},"canonical":"https:\/\/africadailyreport.com\/fr\/2025\/01\/27\/political-tensions-shake-up-trade-routes-in-fractured-west-africa\/","og_locale":"fr_FR","og_type":"article","og_title":"Apr\u00e8s le retrait du Burkina, du Mali et du Niger, quel avenir pour la Cedeao ?","og_description":"Abidjan,\u00a0Cote d&rsquo;Ivoire &#8211; Le retrait du Mali, du Niger et du Burkina Faso de la Communaut\u00e9 \u00e9conomique des Etats de l\u2019Afrique de l\u2019Ouest (Cedeao) prend effet mercredi apr\u00e8s un an de tensions politiques, rendant incertain l&rsquo;avenir de l&rsquo;organisation r\u00e9gionale dans une Afrique de l\u2019ouest fractur\u00e9e. Le 29 janvier 2024, les trois pays dirig\u00e9s par des [&hellip;]","og_url":"https:\/\/africadailyreport.com\/fr\/2025\/01\/27\/political-tensions-shake-up-trade-routes-in-fractured-west-africa\/","og_site_name":"Africa Daily Report","article_publisher":"https:\/\/www.facebook.com\/africadailyreport","article_published_time":"2025-01-27T23:15:41+00:00","article_modified_time":"2025-01-28T00:26:48+00:00","og_image":[{"url":"https:\/\/africadailyreport.com\/wp-content\/uploads\/2025\/01\/AFP__20250127__36VV6KA__v1__HighRes__FilesNigeriaMaliBurkinaNigerPoliticsCoupSahelEc-scaled.jpg","width":1,"height":1,"type":"image\/jpeg"}],"author":"ADR\/AFP","twitter_card":"summary_large_image","twitter_creator":"@adr_africa","twitter_site":"@adr_africa","twitter_misc":{"\u00c9crit par":"ADR\/AFP","Dur\u00e9e de lecture estim\u00e9e":"4 minutes"},"schema":{"@context":"https:\/\/schema.org","@graph":[{"@type":"Article","@id":"https:\/\/africadailyreport.com\/fr\/2025\/01\/27\/political-tensions-shake-up-trade-routes-in-fractured-west-africa\/#article","isPartOf":{"@id":"https:\/\/africadailyreport.com\/fr\/2025\/01\/27\/political-tensions-shake-up-trade-routes-in-fractured-west-africa\/"},"author":{"name":"ADR\/AFP","@id":"https:\/\/africadailyreport.com\/fr\/#\/schema\/person\/c44d86d79f5570b3ba4cf70c989843f8"},"headline":"Apr\u00e8s le retrait du Burkina, du Mali et du Niger, quel avenir pour la Cedeao ?","datePublished":"2025-01-27T23:15:41+00:00","dateModified":"2025-01-28T00:26:48+00:00","mainEntityOfPage":{"@id":"https:\/\/africadailyreport.com\/fr\/2025\/01\/27\/political-tensions-shake-up-trade-routes-in-fractured-west-africa\/"},"wordCount":889,"commentCount":0,"publisher":{"@id":"https:\/\/africadailyreport.com\/fr\/#organization"},"image":{"@id":"https:\/\/africadailyreport.com\/fr\/2025\/01\/27\/political-tensions-shake-up-trade-routes-in-fractured-west-africa\/#primaryimage"},"thumbnailUrl":"https:\/\/i0.wp.com\/africadailyreport.com\/wp-content\/uploads\/2025\/01\/AFP__20250127__36VV6KA__v1__HighRes__FilesNigeriaMaliBurkinaNigerPoliticsCoupSahelEc-scaled.jpg?fit=%2C&ssl=1","keywords":["burkina","cedeao","ecowas","MALI","niger","trade"],"articleSection":["Afrique de l&#8217;Ouest","POLITIQUE"],"inLanguage":"fr-FR","potentialAction":[{"@type":"CommentAction","name":"Comment","target":["https:\/\/africadailyreport.com\/fr\/2025\/01\/27\/political-tensions-shake-up-trade-routes-in-fractured-west-africa\/#respond"]}],"copyrightYear":"2025","copyrightHolder":{"@id":"https:\/\/africadailyreport.com\/#organization"}},{"@type":"WebPage","@id":"https:\/\/africadailyreport.com\/fr\/2025\/01\/27\/political-tensions-shake-up-trade-routes-in-fractured-west-africa\/","url":"https:\/\/africadailyreport.com\/fr\/2025\/01\/27\/political-tensions-shake-up-trade-routes-in-fractured-west-africa\/","name":"Apr\u00e8s le retrait du Burkina, du Mali et du Niger, quel avenir pour la Cedeao ? - Africa Daily Report","isPartOf":{"@id":"https:\/\/africadailyreport.com\/fr\/#website"},"primaryImageOfPage":{"@id":"https:\/\/africadailyreport.com\/fr\/2025\/01\/27\/political-tensions-shake-up-trade-routes-in-fractured-west-africa\/#primaryimage"},"image":{"@id":"https:\/\/africadailyreport.com\/fr\/2025\/01\/27\/political-tensions-shake-up-trade-routes-in-fractured-west-africa\/#primaryimage"},"thumbnailUrl":"https:\/\/i0.wp.com\/africadailyreport.com\/wp-content\/uploads\/2025\/01\/AFP__20250127__36VV6KA__v1__HighRes__FilesNigeriaMaliBurkinaNigerPoliticsCoupSahelEc-scaled.jpg?fit=%2C&ssl=1","datePublished":"2025-01-27T23:15:41+00:00","dateModified":"2025-01-28T00:26:48+00:00","breadcrumb":{"@id":"https:\/\/africadailyreport.com\/fr\/2025\/01\/27\/political-tensions-shake-up-trade-routes-in-fractured-west-africa\/#breadcrumb"},"inLanguage":"fr-FR","potentialAction":[{"@type":"ReadAction","target":["https:\/\/africadailyreport.com\/fr\/2025\/01\/27\/political-tensions-shake-up-trade-routes-in-fractured-west-africa\/"]}]},{"@type":"ImageObject","inLanguage":"fr-FR","@id":"https:\/\/africadailyreport.com\/fr\/2025\/01\/27\/political-tensions-shake-up-trade-routes-in-fractured-west-africa\/#primaryimage","url":"https:\/\/i0.wp.com\/africadailyreport.com\/wp-content\/uploads\/2025\/01\/AFP__20250127__36VV6KA__v1__HighRes__FilesNigeriaMaliBurkinaNigerPoliticsCoupSahelEc-scaled.jpg?fit=%2C&ssl=1","contentUrl":"https:\/\/i0.wp.com\/africadailyreport.com\/wp-content\/uploads\/2025\/01\/AFP__20250127__36VV6KA__v1__HighRes__FilesNigeriaMaliBurkinaNigerPoliticsCoupSahelEc-scaled.jpg?fit=%2C&ssl=1","caption":"(FILES) A local resident walks past the Economic Community of West African States (ECOWAS) Lagos office in Lagos on September 24, 2024. The withdrawal of Mali, Niger and Burkina Faso from the Economic Community of West African States takes effect on Wednesday after a year of political tensions, fracturing the region and leaving the bloc with an uncertain future. On January 29, 2024, the three countries led by military regimes formally notified ECOWAS of their desire for \"immediate\" withdrawal. But the texts of the West African organisation required one-year's notice for it to be effective. (Photo by Olympia DE MAISMONT \/ AFP)"},{"@type":"BreadcrumbList","@id":"https:\/\/africadailyreport.com\/fr\/2025\/01\/27\/political-tensions-shake-up-trade-routes-in-fractured-west-africa\/#breadcrumb","itemListElement":[{"@type":"ListItem","position":1,"name":"Home","item":"https:\/\/africadailyreport.com\/fr\/"},{"@type":"ListItem","position":2,"name":"Apr\u00e8s le retrait du Burkina, du Mali et du Niger, quel avenir pour la Cedeao ?"}]},{"@type":"WebSite","@id":"https:\/\/africadailyreport.com\/fr\/#website","url":"https:\/\/africadailyreport.com\/fr\/","name":"Africa Daily Report","description":"","publisher":{"@id":"https:\/\/africadailyreport.com\/fr\/#organization"},"potentialAction":[{"@type":"SearchAction","target":{"@type":"EntryPoint","urlTemplate":"https:\/\/africadailyreport.com\/fr\/?s={search_term_string}"},"query-input":{"@type":"PropertyValueSpecification","valueRequired":true,"valueName":"search_term_string"}}],"inLanguage":"fr-FR"},{"@type":"Organization","@id":"https:\/\/africadailyreport.com\/fr\/#organization","name":"Africa Daily Report","url":"https:\/\/africadailyreport.com\/fr\/","logo":{"@type":"ImageObject","inLanguage":"fr-FR","@id":"https:\/\/africadailyreport.com\/fr\/#\/schema\/logo\/image\/","url":"https:\/\/africadailyreport.com\/wp-content\/uploads\/2024\/09\/ADR-Transparent-Green-Logo-1.png","contentUrl":"https:\/\/africadailyreport.com\/wp-content\/uploads\/2024\/09\/ADR-Transparent-Green-Logo-1.png","width":267,"height":185,"caption":"Africa Daily Report"},"image":{"@id":"https:\/\/africadailyreport.com\/fr\/#\/schema\/logo\/image\/"},"sameAs":["https:\/\/www.facebook.com\/africadailyreport","https:\/\/x.com\/adr_africa","https:\/\/www.youtube.com\/@africadailyreport","https:\/\/instagram.com\/africadailyreport"]},{"@type":"Person","@id":"https:\/\/africadailyreport.com\/fr\/#\/schema\/person\/c44d86d79f5570b3ba4cf70c989843f8","name":"ADR\/AFP","image":{"@type":"ImageObject","inLanguage":"fr-FR","@id":"https:\/\/secure.gravatar.com\/avatar\/2fbdc3782aa386b408fd9a36f0bc78ee569c94a7a05670cab3a1d72916408214?s=96&d=mm&r=g","url":"https:\/\/secure.gravatar.com\/avatar\/2fbdc3782aa386b408fd9a36f0bc78ee569c94a7a05670cab3a1d72916408214?s=96&d=mm&r=g","contentUrl":"https:\/\/secure.gravatar.com\/avatar\/2fbdc3782aa386b408fd9a36f0bc78ee569c94a7a05670cab3a1d72916408214?s=96&d=mm&r=g","caption":"ADR\/AFP"},"sameAs":["http:\/\/africadailyreport.com"],"url":"https:\/\/africadailyreport.com\/fr\/author\/both\/"}]}},"jetpack_featured_media_url":"https:\/\/i0.wp.com\/africadailyreport.com\/wp-content\/uploads\/2025\/01\/AFP__20250127__36VV6KA__v1__HighRes__FilesNigeriaMaliBurkinaNigerPoliticsCoupSahelEc-scaled.jpg?fit=%2C&ssl=1","jetpack_sharing_enabled":true,"amp_enabled":true,"_links":{"self":[{"href":"https:\/\/africadailyreport.com\/fr\/wp-json\/wp\/v2\/posts\/16305","targetHints":{"allow":["GET"]}}],"collection":[{"href":"https:\/\/africadailyreport.com\/fr\/wp-json\/wp\/v2\/posts"}],"about":[{"href":"https:\/\/africadailyreport.com\/fr\/wp-json\/wp\/v2\/types\/post"}],"author":[{"embeddable":true,"href":"https:\/\/africadailyreport.com\/fr\/wp-json\/wp\/v2\/users\/10"}],"replies":[{"embeddable":true,"href":"https:\/\/africadailyreport.com\/fr\/wp-json\/wp\/v2\/comments?post=16305"}],"version-history":[{"count":3,"href":"https:\/\/africadailyreport.com\/fr\/wp-json\/wp\/v2\/posts\/16305\/revisions"}],"predecessor-version":[{"id":16313,"href":"https:\/\/africadailyreport.com\/fr\/wp-json\/wp\/v2\/posts\/16305\/revisions\/16313"}],"wp:featuredmedia":[{"embeddable":true,"href":"https:\/\/africadailyreport.com\/fr\/wp-json\/wp\/v2\/media\/16303"}],"wp:attachment":[{"href":"https:\/\/africadailyreport.com\/fr\/wp-json\/wp\/v2\/media?parent=16305"}],"wp:term":[{"taxonomy":"category","embeddable":true,"href":"https:\/\/africadailyreport.com\/fr\/wp-json\/wp\/v2\/categories?post=16305"},{"taxonomy":"post_tag","embeddable":true,"href":"https:\/\/africadailyreport.com\/fr\/wp-json\/wp\/v2\/tags?post=16305"},{"taxonomy":"adr_country","embeddable":true,"href":"https:\/\/africadailyreport.com\/fr\/wp-json\/wp\/v2\/adr_country?post=16305"}],"curies":[{"name":"wp","href":"https:\/\/api.w.org\/{rel}","templated":true}]}}