{"id":16281,"date":"2025-01-27T22:30:34","date_gmt":"2025-01-27T22:30:34","guid":{"rendered":"https:\/\/africadailyreport.com\/2025\/01\/27\/est-rdc-le-sommet-de-la-communaute-dafrique-de-lest-annonce-pour-mercredi-avec-tshisekedi-et-kagame\/"},"modified":"2025-01-27T22:45:00","modified_gmt":"2025-01-27T22:45:00","slug":"est-rdc-le-sommet-de-la-communaute-dafrique-de-lest-annonce-pour-mercredi-avec-tshisekedi-et-kagame","status":"publish","type":"post","link":"https:\/\/africadailyreport.com\/fr\/2025\/01\/27\/est-rdc-le-sommet-de-la-communaute-dafrique-de-lest-annonce-pour-mercredi-avec-tshisekedi-et-kagame\/","title":{"rendered":"Est RDC: le sommet de la Communaut\u00e9 d&rsquo;Afrique de l&rsquo;Est\u00a0annonc\u00e9 pour mercredi, avec Tshisekedi et Kagame"},"content":{"rendered":"\n<h2 class=\"wp-block-heading\" id=\"h-nairobi-kenya-le-sommet-extraordinaire-de-la-communaute-des-etats-d-afrique-de-l-est-eac-dedie-a-la-situation-chaotique-dans-l-est-de-la-rdc-se-tiendra-mercredi-en-presence-des-presidents-congolais-felix-tshisekedi-et-rwandais-paul-kagame-a-annonce-lundi-la-presidence-kenyane\"><strong><em>Nairobi,\u00a0Kenya &#8211;<\/em><\/strong> Le sommet extraordinaire de la Communaut\u00e9 des Etats d&rsquo;Afrique de l&rsquo;Est (EAC) d\u00e9di\u00e9 \u00e0 la situation chaotique dans l&rsquo;est de la RDC se tiendra mercredi en pr\u00e9sence des pr\u00e9sidents congolais F\u00e9lix Tshisekedi et rwandais Paul Kagame, a annonc\u00e9 lundi la pr\u00e9sidence k\u00e9nyane.<\/h2>\n\n\n\n\n\n<p>Goma, principale ville de l&rsquo;est de la R\u00e9publique d\u00e9mocratique du Congo, est secou\u00e9e par des tirs d&rsquo;artillerie lourde apr\u00e8s l&rsquo;entr\u00e9e la veille au soir de combattants du groupe arm\u00e9 antigouvernemental M23 et de soldats rwandais.<\/p>\n\n\n\n<p>Dimanche soir, M. Ruto avait annonc\u00e9 la tenue \u00ab\u00a0dans les prochaines 48 heures\u00a0\u00bb de ce sommet, avec la pr\u00e9sence des pr\u00e9sidents congolais et rwandais.<\/p>\n\n\n\n<p>\u00ab\u00a0J&rsquo;ai discut\u00e9 de tenir la r\u00e9union mercredi avec \u00e0 la fois le pr\u00e9sident Paul Kagame et le pr\u00e9sident F\u00e9lix Tshisekedi, et les deux ont confirm\u00e9 leur participation\u00a0\u00bb, a d\u00e9clar\u00e9 lundi devant des journalistes le pr\u00e9sident William Ruto, qui assure actuellement la pr\u00e9sidence de l&rsquo;organisation r\u00e9gionale.<\/p>\n\n\n\n<p>Le lieu du sommet n&rsquo;a pas \u00e9t\u00e9 pr\u00e9cis\u00e9.<\/p>\n\n\n\n<p>Le pr\u00e9sident Ruto a ajout\u00e9 ne pas croire \u00ab\u00a0\u00e0 une solution militaire\u00a0\u00bb dans la r\u00e9gion congolaise.<\/p>\n\n\n\n<p>\u00ab\u00a0Une implication directe du M23 et de tous les autres acteurs dans l&rsquo;est de la RDC est une n\u00e9cessit\u00e9\u00a0\u00bb, a-t-il ajout\u00e9.<\/p>\n\n\n\n<p>Une demi-douzaine de cessez-le-feu et tr\u00eaves ont d\u00e9j\u00e0 \u00e9t\u00e9 d\u00e9cr\u00e9t\u00e9s puis viol\u00e9s dans l&rsquo;est de la RDC. Le dernier cessez-le-feu avait \u00e9t\u00e9 sign\u00e9 fin juillet.<\/p>\n\n\n\n<p>En d\u00e9cembre, dans le cadre d&rsquo;un processus de paix chapeaut\u00e9 par l&rsquo;Angola, d\u00e9sign\u00e9 m\u00e9diateur par l&rsquo;Union africaine, &nbsp;une rencontre entre M. Tshisekedi et M. Kagame a \u00e9t\u00e9 annul\u00e9e faute d&rsquo;entente sur les conditions d&rsquo;un accord.<\/p>\n\n\n\n<p>L&rsquo;entr\u00e9e dans la capitale de la province du Nord-Kivu, situ\u00e9e \u00e0 la fronti\u00e8re rwandaise et qui compte un million d&rsquo;habitants pour autant de d\u00e9plac\u00e9s, ponctue plusieurs semaines d&rsquo;avanc\u00e9e des soldats rwandais et des combattants du M23 face \u00e0 une arm\u00e9e congolaise qui semble d\u00e9bord\u00e9e.<\/p>\n\n\n\n<p>Le M23 a \u00e9voqu\u00e9 d\u00e8s dimanche soir dans un communiqu\u00e9 \u00ab\u00a0ce jour glorieux de la lib\u00e9ration de la ville de Goma\u00a0\u00bb, lan\u00e7ant un ultimatum pour que les soldats congolais remettent leurs armes.<\/p>\n\n\n\n<p>Le m\u00eame jour, Kinshasa a accus\u00e9 le Rwanda, lors d&rsquo;un conseil de s\u00e9curit\u00e9 de l&rsquo;ONU r\u00e9uni en urgence, de lui avoir \u00ab\u00a0d\u00e9clar\u00e9 la guerre\u00a0\u00bb.<\/p>\n\n\n\n<p>L&rsquo;ONU a explicitement appel\u00e9 \u00ab\u00a0les Forces rwandaises de d\u00e9fense \u00e0 cesser de soutenir le M23 et \u00e0 se retirer du territoire de la RDC.\u00a0\u00bb Plusieurs Etats membres ont eux aussi point\u00e9 du doigt le Rwanda, notamment la France, les Etats-Unis et le Royaume-Uni, lors de cette r\u00e9union.<\/p>\n\n\n\n<p><\/p>\n\n\n\n<p>\u00a9 Agence France-Presse<\/p>\n","protected":false},"excerpt":{"rendered":"<p>Nairobi,\u00a0Kenya &#8211; Le sommet extraordinaire de la Communaut\u00e9 des Etats d&rsquo;Afrique de l&rsquo;Est (EAC) d\u00e9di\u00e9 \u00e0 la situation chaotique dans l&rsquo;est de la RDC se tiendra mercredi en pr\u00e9sence des pr\u00e9sidents congolais F\u00e9lix Tshisekedi et rwandais Paul Kagame, a annonc\u00e9 lundi la pr\u00e9sidence k\u00e9nyane. Goma, principale ville de l&rsquo;est de la R\u00e9publique d\u00e9mocratique du Congo, [&hellip;]<\/p>\n","protected":false},"author":10,"featured_media":16278,"comment_status":"open","ping_status":"open","sticky":false,"template":"","format":"standard","meta":{"_acf_changed":false,"om_disable_all_campaigns":false,"_monsterinsights_skip_tracking":false,"_monsterinsights_sitenote_active":false,"_monsterinsights_sitenote_note":"","_monsterinsights_sitenote_category":0,"tdm_status":"","tdm_grid_status":"","_jetpack_newsletter_access":"","_jetpack_dont_email_post_to_subs":false,"_jetpack_newsletter_tier_id":0,"_jetpack_memberships_contains_paywalled_content":false,"_jetpack_memberships_contains_paid_content":false,"footnotes":""},"categories":[293,802,2174,1241],"tags":[808,1126,1231,958,313,863],"adr_country":[1099,1089,1667,1083],"class_list":{"0":"post-16281","1":"post","2":"type-post","3":"status-publish","4":"format-standard","5":"has-post-thumbnail","7":"category-actualites-fr","8":"category-depeche-fr","9":"category-guerre-2-fr","10":"category-lead-2-fr","11":"tag-conflit-fr","12":"tag-drc-fr","13":"tag-kenya-fr","14":"tag-onu-fr","15":"tag-rdc-fr","16":"tag-rwanda-fr","17":"adr_country-afrique","18":"adr_country-d-r-congo","19":"adr_country-rd-congo-fr","20":"adr_country-rwanda"},"acf":{"post_version":""},"yoast_head":"<!-- This site is optimized with the Yoast SEO Premium plugin v26.0 (Yoast SEO v27.4) - https:\/\/yoast.com\/product\/yoast-seo-premium-wordpress\/ -->\n<title>Est RDC: le sommet de la Communaut\u00e9 d&#039;Afrique de l&#039;Est\u00a0annonc\u00e9 pour mercredi, avec Tshisekedi et Kagame - Africa Daily Report<\/title>\n<meta name=\"robots\" content=\"index, follow, max-snippet:-1, max-image-preview:large, max-video-preview:-1\" \/>\n<link rel=\"canonical\" href=\"https:\/\/africadailyreport.com\/fr\/2025\/01\/27\/est-rdc-le-sommet-de-la-communaute-dafrique-de-lest-annonce-pour-mercredi-avec-tshisekedi-et-kagame\/\" \/>\n<meta property=\"og:locale\" content=\"fr_FR\" \/>\n<meta property=\"og:type\" content=\"article\" \/>\n<meta property=\"og:title\" content=\"Est RDC: le sommet de la Communaut\u00e9 d&#039;Afrique de l&#039;Est\u00a0annonc\u00e9 pour mercredi, avec Tshisekedi et Kagame\" \/>\n<meta property=\"og:description\" content=\"Nairobi,\u00a0Kenya &#8211; Le sommet extraordinaire de la Communaut\u00e9 des Etats d&rsquo;Afrique de l&rsquo;Est (EAC) d\u00e9di\u00e9 \u00e0 la situation chaotique dans l&rsquo;est de la RDC se tiendra mercredi en pr\u00e9sence des pr\u00e9sidents congolais F\u00e9lix Tshisekedi et rwandais Paul Kagame, a annonc\u00e9 lundi la pr\u00e9sidence k\u00e9nyane. Goma, principale ville de l&rsquo;est de la R\u00e9publique d\u00e9mocratique du Congo, [&hellip;]\" \/>\n<meta property=\"og:url\" content=\"https:\/\/africadailyreport.com\/fr\/2025\/01\/27\/est-rdc-le-sommet-de-la-communaute-dafrique-de-lest-annonce-pour-mercredi-avec-tshisekedi-et-kagame\/\" \/>\n<meta property=\"og:site_name\" content=\"Africa Daily Report\" \/>\n<meta property=\"article:publisher\" content=\"https:\/\/www.facebook.com\/africadailyreport\" \/>\n<meta property=\"article:published_time\" content=\"2025-01-27T22:30:34+00:00\" \/>\n<meta property=\"article:modified_time\" content=\"2025-01-27T22:45:00+00:00\" \/>\n<meta property=\"og:image\" content=\"https:\/\/africadailyreport.com\/wp-content\/uploads\/2025\/01\/AFP__20250127__36WB2N9__v2__HighRes__DrcongoUnrest-scaled.jpg\" \/>\n\t<meta property=\"og:image:width\" content=\"1\" \/>\n\t<meta property=\"og:image:height\" content=\"1\" \/>\n\t<meta property=\"og:image:type\" content=\"image\/jpeg\" \/>\n<meta name=\"author\" content=\"ADR\/AFP\" \/>\n<meta name=\"twitter:card\" content=\"summary_large_image\" \/>\n<meta name=\"twitter:creator\" content=\"@adr_africa\" \/>\n<meta name=\"twitter:site\" content=\"@adr_africa\" \/>\n<meta name=\"twitter:label1\" content=\"\u00c9crit par\" \/>\n\t<meta name=\"twitter:data1\" content=\"ADR\/AFP\" \/>\n\t<meta name=\"twitter:label2\" content=\"Dur\u00e9e de lecture estim\u00e9e\" \/>\n\t<meta name=\"twitter:data2\" content=\"3 minutes\" \/>\n<script type=\"application\/ld+json\" class=\"yoast-schema-graph\">{\"@context\":\"https:\\\/\\\/schema.org\",\"@graph\":[{\"@type\":\"Article\",\"@id\":\"https:\\\/\\\/africadailyreport.com\\\/fr\\\/2025\\\/01\\\/27\\\/est-rdc-le-sommet-de-la-communaute-dafrique-de-lest-annonce-pour-mercredi-avec-tshisekedi-et-kagame\\\/#article\",\"isPartOf\":{\"@id\":\"https:\\\/\\\/africadailyreport.com\\\/fr\\\/2025\\\/01\\\/27\\\/est-rdc-le-sommet-de-la-communaute-dafrique-de-lest-annonce-pour-mercredi-avec-tshisekedi-et-kagame\\\/\"},\"author\":{\"name\":\"ADR\\\/AFP\",\"@id\":\"https:\\\/\\\/africadailyreport.com\\\/fr\\\/#\\\/schema\\\/person\\\/c44d86d79f5570b3ba4cf70c989843f8\"},\"headline\":\"Est RDC: le sommet de la Communaut\u00e9 d&rsquo;Afrique de l&rsquo;Est\u00a0annonc\u00e9 pour mercredi, avec Tshisekedi et Kagame\",\"datePublished\":\"2025-01-27T22:30:34+00:00\",\"dateModified\":\"2025-01-27T22:45:00+00:00\",\"mainEntityOfPage\":{\"@id\":\"https:\\\/\\\/africadailyreport.com\\\/fr\\\/2025\\\/01\\\/27\\\/est-rdc-le-sommet-de-la-communaute-dafrique-de-lest-annonce-pour-mercredi-avec-tshisekedi-et-kagame\\\/\"},\"wordCount\":490,\"commentCount\":0,\"publisher\":{\"@id\":\"https:\\\/\\\/africadailyreport.com\\\/fr\\\/#organization\"},\"image\":{\"@id\":\"https:\\\/\\\/africadailyreport.com\\\/fr\\\/2025\\\/01\\\/27\\\/est-rdc-le-sommet-de-la-communaute-dafrique-de-lest-annonce-pour-mercredi-avec-tshisekedi-et-kagame\\\/#primaryimage\"},\"thumbnailUrl\":\"https:\\\/\\\/i0.wp.com\\\/africadailyreport.com\\\/wp-content\\\/uploads\\\/2025\\\/01\\\/AFP__20250127__36WB2N9__v2__HighRes__DrcongoUnrest-scaled.jpg?fit=%2C&ssl=1\",\"keywords\":[\"conflit\",\"DRC\",\"Kenya\",\"onu\",\"rdc\",\"Rwanda\"],\"articleSection\":[\"Actualit\u00e9s\",\"D\u00e9p\u00eache\",\"Guerre\",\"LEAD\"],\"inLanguage\":\"fr-FR\",\"potentialAction\":[{\"@type\":\"CommentAction\",\"name\":\"Comment\",\"target\":[\"https:\\\/\\\/africadailyreport.com\\\/fr\\\/2025\\\/01\\\/27\\\/est-rdc-le-sommet-de-la-communaute-dafrique-de-lest-annonce-pour-mercredi-avec-tshisekedi-et-kagame\\\/#respond\"]}],\"copyrightYear\":\"2025\",\"copyrightHolder\":{\"@id\":\"https:\\\/\\\/africadailyreport.com\\\/#organization\"}},{\"@type\":\"WebPage\",\"@id\":\"https:\\\/\\\/africadailyreport.com\\\/fr\\\/2025\\\/01\\\/27\\\/est-rdc-le-sommet-de-la-communaute-dafrique-de-lest-annonce-pour-mercredi-avec-tshisekedi-et-kagame\\\/\",\"url\":\"https:\\\/\\\/africadailyreport.com\\\/fr\\\/2025\\\/01\\\/27\\\/est-rdc-le-sommet-de-la-communaute-dafrique-de-lest-annonce-pour-mercredi-avec-tshisekedi-et-kagame\\\/\",\"name\":\"Est RDC: le sommet de la Communaut\u00e9 d'Afrique de l'Est\u00a0annonc\u00e9 pour mercredi, avec Tshisekedi et Kagame - Africa Daily Report\",\"isPartOf\":{\"@id\":\"https:\\\/\\\/africadailyreport.com\\\/fr\\\/#website\"},\"primaryImageOfPage\":{\"@id\":\"https:\\\/\\\/africadailyreport.com\\\/fr\\\/2025\\\/01\\\/27\\\/est-rdc-le-sommet-de-la-communaute-dafrique-de-lest-annonce-pour-mercredi-avec-tshisekedi-et-kagame\\\/#primaryimage\"},\"image\":{\"@id\":\"https:\\\/\\\/africadailyreport.com\\\/fr\\\/2025\\\/01\\\/27\\\/est-rdc-le-sommet-de-la-communaute-dafrique-de-lest-annonce-pour-mercredi-avec-tshisekedi-et-kagame\\\/#primaryimage\"},\"thumbnailUrl\":\"https:\\\/\\\/i0.wp.com\\\/africadailyreport.com\\\/wp-content\\\/uploads\\\/2025\\\/01\\\/AFP__20250127__36WB2N9__v2__HighRes__DrcongoUnrest-scaled.jpg?fit=%2C&ssl=1\",\"datePublished\":\"2025-01-27T22:30:34+00:00\",\"dateModified\":\"2025-01-27T22:45:00+00:00\",\"breadcrumb\":{\"@id\":\"https:\\\/\\\/africadailyreport.com\\\/fr\\\/2025\\\/01\\\/27\\\/est-rdc-le-sommet-de-la-communaute-dafrique-de-lest-annonce-pour-mercredi-avec-tshisekedi-et-kagame\\\/#breadcrumb\"},\"inLanguage\":\"fr-FR\",\"potentialAction\":[{\"@type\":\"ReadAction\",\"target\":[\"https:\\\/\\\/africadailyreport.com\\\/fr\\\/2025\\\/01\\\/27\\\/est-rdc-le-sommet-de-la-communaute-dafrique-de-lest-annonce-pour-mercredi-avec-tshisekedi-et-kagame\\\/\"]}]},{\"@type\":\"ImageObject\",\"inLanguage\":\"fr-FR\",\"@id\":\"https:\\\/\\\/africadailyreport.com\\\/fr\\\/2025\\\/01\\\/27\\\/est-rdc-le-sommet-de-la-communaute-dafrique-de-lest-annonce-pour-mercredi-avec-tshisekedi-et-kagame\\\/#primaryimage\",\"url\":\"https:\\\/\\\/i0.wp.com\\\/africadailyreport.com\\\/wp-content\\\/uploads\\\/2025\\\/01\\\/AFP__20250127__36WB2N9__v2__HighRes__DrcongoUnrest-scaled.jpg?fit=%2C&ssl=1\",\"contentUrl\":\"https:\\\/\\\/i0.wp.com\\\/africadailyreport.com\\\/wp-content\\\/uploads\\\/2025\\\/01\\\/AFP__20250127__36WB2N9__v2__HighRes__DrcongoUnrest-scaled.jpg?fit=%2C&ssl=1\",\"caption\":\"Residents run off after observing members of the M23 armed group walking through a street of the Keshero neighborhood in Goma, on January 27, 2025. The besieged Congolese city of Goma was rocked by heavy artillery fire on January 27, 2025 as France warned the regional capital was on the brink of falling to militia fighters and Rwandan troops. The M23 armed group and Rwandan soldiers entered Goma's centre on the night of January 26, 2025 after weeks of advancing on the main city in DR Congo's mineral-rich North Kivu province. (Photo by -STR \\\/ AFP)\"},{\"@type\":\"BreadcrumbList\",\"@id\":\"https:\\\/\\\/africadailyreport.com\\\/fr\\\/2025\\\/01\\\/27\\\/est-rdc-le-sommet-de-la-communaute-dafrique-de-lest-annonce-pour-mercredi-avec-tshisekedi-et-kagame\\\/#breadcrumb\",\"itemListElement\":[{\"@type\":\"ListItem\",\"position\":1,\"name\":\"Home\",\"item\":\"https:\\\/\\\/africadailyreport.com\\\/fr\\\/\"},{\"@type\":\"ListItem\",\"position\":2,\"name\":\"Est RDC: le sommet de la Communaut\u00e9 d&#8217;Afrique de l&#8217;Est\u00a0annonc\u00e9 pour mercredi, avec Tshisekedi et Kagame\"}]},{\"@type\":\"WebSite\",\"@id\":\"https:\\\/\\\/africadailyreport.com\\\/fr\\\/#website\",\"url\":\"https:\\\/\\\/africadailyreport.com\\\/fr\\\/\",\"name\":\"Africa Daily Report\",\"description\":\"\",\"publisher\":{\"@id\":\"https:\\\/\\\/africadailyreport.com\\\/fr\\\/#organization\"},\"potentialAction\":[{\"@type\":\"SearchAction\",\"target\":{\"@type\":\"EntryPoint\",\"urlTemplate\":\"https:\\\/\\\/africadailyreport.com\\\/fr\\\/?s={search_term_string}\"},\"query-input\":{\"@type\":\"PropertyValueSpecification\",\"valueRequired\":true,\"valueName\":\"search_term_string\"}}],\"inLanguage\":\"fr-FR\"},{\"@type\":\"Organization\",\"@id\":\"https:\\\/\\\/africadailyreport.com\\\/fr\\\/#organization\",\"name\":\"Africa Daily Report\",\"url\":\"https:\\\/\\\/africadailyreport.com\\\/fr\\\/\",\"logo\":{\"@type\":\"ImageObject\",\"inLanguage\":\"fr-FR\",\"@id\":\"https:\\\/\\\/africadailyreport.com\\\/fr\\\/#\\\/schema\\\/logo\\\/image\\\/\",\"url\":\"https:\\\/\\\/africadailyreport.com\\\/wp-content\\\/uploads\\\/2024\\\/09\\\/ADR-Transparent-Green-Logo-1.png\",\"contentUrl\":\"https:\\\/\\\/africadailyreport.com\\\/wp-content\\\/uploads\\\/2024\\\/09\\\/ADR-Transparent-Green-Logo-1.png\",\"width\":267,\"height\":185,\"caption\":\"Africa Daily Report\"},\"image\":{\"@id\":\"https:\\\/\\\/africadailyreport.com\\\/fr\\\/#\\\/schema\\\/logo\\\/image\\\/\"},\"sameAs\":[\"https:\\\/\\\/www.facebook.com\\\/africadailyreport\",\"https:\\\/\\\/x.com\\\/adr_africa\",\"https:\\\/\\\/www.youtube.com\\\/@africadailyreport\",\"https:\\\/\\\/instagram.com\\\/africadailyreport\"]},{\"@type\":\"Person\",\"@id\":\"https:\\\/\\\/africadailyreport.com\\\/fr\\\/#\\\/schema\\\/person\\\/c44d86d79f5570b3ba4cf70c989843f8\",\"name\":\"ADR\\\/AFP\",\"image\":{\"@type\":\"ImageObject\",\"inLanguage\":\"fr-FR\",\"@id\":\"https:\\\/\\\/secure.gravatar.com\\\/avatar\\\/2fbdc3782aa386b408fd9a36f0bc78ee569c94a7a05670cab3a1d72916408214?s=96&d=mm&r=g\",\"url\":\"https:\\\/\\\/secure.gravatar.com\\\/avatar\\\/2fbdc3782aa386b408fd9a36f0bc78ee569c94a7a05670cab3a1d72916408214?s=96&d=mm&r=g\",\"contentUrl\":\"https:\\\/\\\/secure.gravatar.com\\\/avatar\\\/2fbdc3782aa386b408fd9a36f0bc78ee569c94a7a05670cab3a1d72916408214?s=96&d=mm&r=g\",\"caption\":\"ADR\\\/AFP\"},\"sameAs\":[\"http:\\\/\\\/africadailyreport.com\"],\"url\":\"https:\\\/\\\/africadailyreport.com\\\/fr\\\/author\\\/both\\\/\"}]}<\/script>\n<!-- \/ Yoast SEO Premium plugin. -->","yoast_head_json":{"title":"Est RDC: le sommet de la Communaut\u00e9 d'Afrique de l'Est\u00a0annonc\u00e9 pour mercredi, avec Tshisekedi et Kagame - Africa Daily Report","robots":{"index":"index","follow":"follow","max-snippet":"max-snippet:-1","max-image-preview":"max-image-preview:large","max-video-preview":"max-video-preview:-1"},"canonical":"https:\/\/africadailyreport.com\/fr\/2025\/01\/27\/est-rdc-le-sommet-de-la-communaute-dafrique-de-lest-annonce-pour-mercredi-avec-tshisekedi-et-kagame\/","og_locale":"fr_FR","og_type":"article","og_title":"Est RDC: le sommet de la Communaut\u00e9 d'Afrique de l'Est\u00a0annonc\u00e9 pour mercredi, avec Tshisekedi et Kagame","og_description":"Nairobi,\u00a0Kenya &#8211; Le sommet extraordinaire de la Communaut\u00e9 des Etats d&rsquo;Afrique de l&rsquo;Est (EAC) d\u00e9di\u00e9 \u00e0 la situation chaotique dans l&rsquo;est de la RDC se tiendra mercredi en pr\u00e9sence des pr\u00e9sidents congolais F\u00e9lix Tshisekedi et rwandais Paul Kagame, a annonc\u00e9 lundi la pr\u00e9sidence k\u00e9nyane. Goma, principale ville de l&rsquo;est de la R\u00e9publique d\u00e9mocratique du Congo, [&hellip;]","og_url":"https:\/\/africadailyreport.com\/fr\/2025\/01\/27\/est-rdc-le-sommet-de-la-communaute-dafrique-de-lest-annonce-pour-mercredi-avec-tshisekedi-et-kagame\/","og_site_name":"Africa Daily Report","article_publisher":"https:\/\/www.facebook.com\/africadailyreport","article_published_time":"2025-01-27T22:30:34+00:00","article_modified_time":"2025-01-27T22:45:00+00:00","og_image":[{"url":"https:\/\/africadailyreport.com\/wp-content\/uploads\/2025\/01\/AFP__20250127__36WB2N9__v2__HighRes__DrcongoUnrest-scaled.jpg","width":1,"height":1,"type":"image\/jpeg"}],"author":"ADR\/AFP","twitter_card":"summary_large_image","twitter_creator":"@adr_africa","twitter_site":"@adr_africa","twitter_misc":{"\u00c9crit par":"ADR\/AFP","Dur\u00e9e de lecture estim\u00e9e":"3 minutes"},"schema":{"@context":"https:\/\/schema.org","@graph":[{"@type":"Article","@id":"https:\/\/africadailyreport.com\/fr\/2025\/01\/27\/est-rdc-le-sommet-de-la-communaute-dafrique-de-lest-annonce-pour-mercredi-avec-tshisekedi-et-kagame\/#article","isPartOf":{"@id":"https:\/\/africadailyreport.com\/fr\/2025\/01\/27\/est-rdc-le-sommet-de-la-communaute-dafrique-de-lest-annonce-pour-mercredi-avec-tshisekedi-et-kagame\/"},"author":{"name":"ADR\/AFP","@id":"https:\/\/africadailyreport.com\/fr\/#\/schema\/person\/c44d86d79f5570b3ba4cf70c989843f8"},"headline":"Est RDC: le sommet de la Communaut\u00e9 d&rsquo;Afrique de l&rsquo;Est\u00a0annonc\u00e9 pour mercredi, avec Tshisekedi et Kagame","datePublished":"2025-01-27T22:30:34+00:00","dateModified":"2025-01-27T22:45:00+00:00","mainEntityOfPage":{"@id":"https:\/\/africadailyreport.com\/fr\/2025\/01\/27\/est-rdc-le-sommet-de-la-communaute-dafrique-de-lest-annonce-pour-mercredi-avec-tshisekedi-et-kagame\/"},"wordCount":490,"commentCount":0,"publisher":{"@id":"https:\/\/africadailyreport.com\/fr\/#organization"},"image":{"@id":"https:\/\/africadailyreport.com\/fr\/2025\/01\/27\/est-rdc-le-sommet-de-la-communaute-dafrique-de-lest-annonce-pour-mercredi-avec-tshisekedi-et-kagame\/#primaryimage"},"thumbnailUrl":"https:\/\/i0.wp.com\/africadailyreport.com\/wp-content\/uploads\/2025\/01\/AFP__20250127__36WB2N9__v2__HighRes__DrcongoUnrest-scaled.jpg?fit=%2C&ssl=1","keywords":["conflit","DRC","Kenya","onu","rdc","Rwanda"],"articleSection":["Actualit\u00e9s","D\u00e9p\u00eache","Guerre","LEAD"],"inLanguage":"fr-FR","potentialAction":[{"@type":"CommentAction","name":"Comment","target":["https:\/\/africadailyreport.com\/fr\/2025\/01\/27\/est-rdc-le-sommet-de-la-communaute-dafrique-de-lest-annonce-pour-mercredi-avec-tshisekedi-et-kagame\/#respond"]}],"copyrightYear":"2025","copyrightHolder":{"@id":"https:\/\/africadailyreport.com\/#organization"}},{"@type":"WebPage","@id":"https:\/\/africadailyreport.com\/fr\/2025\/01\/27\/est-rdc-le-sommet-de-la-communaute-dafrique-de-lest-annonce-pour-mercredi-avec-tshisekedi-et-kagame\/","url":"https:\/\/africadailyreport.com\/fr\/2025\/01\/27\/est-rdc-le-sommet-de-la-communaute-dafrique-de-lest-annonce-pour-mercredi-avec-tshisekedi-et-kagame\/","name":"Est RDC: le sommet de la Communaut\u00e9 d'Afrique de l'Est\u00a0annonc\u00e9 pour mercredi, avec Tshisekedi et Kagame - Africa Daily Report","isPartOf":{"@id":"https:\/\/africadailyreport.com\/fr\/#website"},"primaryImageOfPage":{"@id":"https:\/\/africadailyreport.com\/fr\/2025\/01\/27\/est-rdc-le-sommet-de-la-communaute-dafrique-de-lest-annonce-pour-mercredi-avec-tshisekedi-et-kagame\/#primaryimage"},"image":{"@id":"https:\/\/africadailyreport.com\/fr\/2025\/01\/27\/est-rdc-le-sommet-de-la-communaute-dafrique-de-lest-annonce-pour-mercredi-avec-tshisekedi-et-kagame\/#primaryimage"},"thumbnailUrl":"https:\/\/i0.wp.com\/africadailyreport.com\/wp-content\/uploads\/2025\/01\/AFP__20250127__36WB2N9__v2__HighRes__DrcongoUnrest-scaled.jpg?fit=%2C&ssl=1","datePublished":"2025-01-27T22:30:34+00:00","dateModified":"2025-01-27T22:45:00+00:00","breadcrumb":{"@id":"https:\/\/africadailyreport.com\/fr\/2025\/01\/27\/est-rdc-le-sommet-de-la-communaute-dafrique-de-lest-annonce-pour-mercredi-avec-tshisekedi-et-kagame\/#breadcrumb"},"inLanguage":"fr-FR","potentialAction":[{"@type":"ReadAction","target":["https:\/\/africadailyreport.com\/fr\/2025\/01\/27\/est-rdc-le-sommet-de-la-communaute-dafrique-de-lest-annonce-pour-mercredi-avec-tshisekedi-et-kagame\/"]}]},{"@type":"ImageObject","inLanguage":"fr-FR","@id":"https:\/\/africadailyreport.com\/fr\/2025\/01\/27\/est-rdc-le-sommet-de-la-communaute-dafrique-de-lest-annonce-pour-mercredi-avec-tshisekedi-et-kagame\/#primaryimage","url":"https:\/\/i0.wp.com\/africadailyreport.com\/wp-content\/uploads\/2025\/01\/AFP__20250127__36WB2N9__v2__HighRes__DrcongoUnrest-scaled.jpg?fit=%2C&ssl=1","contentUrl":"https:\/\/i0.wp.com\/africadailyreport.com\/wp-content\/uploads\/2025\/01\/AFP__20250127__36WB2N9__v2__HighRes__DrcongoUnrest-scaled.jpg?fit=%2C&ssl=1","caption":"Residents run off after observing members of the M23 armed group walking through a street of the Keshero neighborhood in Goma, on January 27, 2025. The besieged Congolese city of Goma was rocked by heavy artillery fire on January 27, 2025 as France warned the regional capital was on the brink of falling to militia fighters and Rwandan troops. The M23 armed group and Rwandan soldiers entered Goma's centre on the night of January 26, 2025 after weeks of advancing on the main city in DR Congo's mineral-rich North Kivu province. (Photo by -STR \/ AFP)"},{"@type":"BreadcrumbList","@id":"https:\/\/africadailyreport.com\/fr\/2025\/01\/27\/est-rdc-le-sommet-de-la-communaute-dafrique-de-lest-annonce-pour-mercredi-avec-tshisekedi-et-kagame\/#breadcrumb","itemListElement":[{"@type":"ListItem","position":1,"name":"Home","item":"https:\/\/africadailyreport.com\/fr\/"},{"@type":"ListItem","position":2,"name":"Est RDC: le sommet de la Communaut\u00e9 d&#8217;Afrique de l&#8217;Est\u00a0annonc\u00e9 pour mercredi, avec Tshisekedi et Kagame"}]},{"@type":"WebSite","@id":"https:\/\/africadailyreport.com\/fr\/#website","url":"https:\/\/africadailyreport.com\/fr\/","name":"Africa Daily Report","description":"","publisher":{"@id":"https:\/\/africadailyreport.com\/fr\/#organization"},"potentialAction":[{"@type":"SearchAction","target":{"@type":"EntryPoint","urlTemplate":"https:\/\/africadailyreport.com\/fr\/?s={search_term_string}"},"query-input":{"@type":"PropertyValueSpecification","valueRequired":true,"valueName":"search_term_string"}}],"inLanguage":"fr-FR"},{"@type":"Organization","@id":"https:\/\/africadailyreport.com\/fr\/#organization","name":"Africa Daily Report","url":"https:\/\/africadailyreport.com\/fr\/","logo":{"@type":"ImageObject","inLanguage":"fr-FR","@id":"https:\/\/africadailyreport.com\/fr\/#\/schema\/logo\/image\/","url":"https:\/\/africadailyreport.com\/wp-content\/uploads\/2024\/09\/ADR-Transparent-Green-Logo-1.png","contentUrl":"https:\/\/africadailyreport.com\/wp-content\/uploads\/2024\/09\/ADR-Transparent-Green-Logo-1.png","width":267,"height":185,"caption":"Africa Daily Report"},"image":{"@id":"https:\/\/africadailyreport.com\/fr\/#\/schema\/logo\/image\/"},"sameAs":["https:\/\/www.facebook.com\/africadailyreport","https:\/\/x.com\/adr_africa","https:\/\/www.youtube.com\/@africadailyreport","https:\/\/instagram.com\/africadailyreport"]},{"@type":"Person","@id":"https:\/\/africadailyreport.com\/fr\/#\/schema\/person\/c44d86d79f5570b3ba4cf70c989843f8","name":"ADR\/AFP","image":{"@type":"ImageObject","inLanguage":"fr-FR","@id":"https:\/\/secure.gravatar.com\/avatar\/2fbdc3782aa386b408fd9a36f0bc78ee569c94a7a05670cab3a1d72916408214?s=96&d=mm&r=g","url":"https:\/\/secure.gravatar.com\/avatar\/2fbdc3782aa386b408fd9a36f0bc78ee569c94a7a05670cab3a1d72916408214?s=96&d=mm&r=g","contentUrl":"https:\/\/secure.gravatar.com\/avatar\/2fbdc3782aa386b408fd9a36f0bc78ee569c94a7a05670cab3a1d72916408214?s=96&d=mm&r=g","caption":"ADR\/AFP"},"sameAs":["http:\/\/africadailyreport.com"],"url":"https:\/\/africadailyreport.com\/fr\/author\/both\/"}]}},"jetpack_featured_media_url":"https:\/\/i0.wp.com\/africadailyreport.com\/wp-content\/uploads\/2025\/01\/AFP__20250127__36WB2N9__v2__HighRes__DrcongoUnrest-scaled.jpg?fit=%2C&ssl=1","jetpack_sharing_enabled":true,"amp_enabled":true,"_links":{"self":[{"href":"https:\/\/africadailyreport.com\/fr\/wp-json\/wp\/v2\/posts\/16281","targetHints":{"allow":["GET"]}}],"collection":[{"href":"https:\/\/africadailyreport.com\/fr\/wp-json\/wp\/v2\/posts"}],"about":[{"href":"https:\/\/africadailyreport.com\/fr\/wp-json\/wp\/v2\/types\/post"}],"author":[{"embeddable":true,"href":"https:\/\/africadailyreport.com\/fr\/wp-json\/wp\/v2\/users\/10"}],"replies":[{"embeddable":true,"href":"https:\/\/africadailyreport.com\/fr\/wp-json\/wp\/v2\/comments?post=16281"}],"version-history":[{"count":1,"href":"https:\/\/africadailyreport.com\/fr\/wp-json\/wp\/v2\/posts\/16281\/revisions"}],"predecessor-version":[{"id":16284,"href":"https:\/\/africadailyreport.com\/fr\/wp-json\/wp\/v2\/posts\/16281\/revisions\/16284"}],"wp:featuredmedia":[{"embeddable":true,"href":"https:\/\/africadailyreport.com\/fr\/wp-json\/wp\/v2\/media\/16278"}],"wp:attachment":[{"href":"https:\/\/africadailyreport.com\/fr\/wp-json\/wp\/v2\/media?parent=16281"}],"wp:term":[{"taxonomy":"category","embeddable":true,"href":"https:\/\/africadailyreport.com\/fr\/wp-json\/wp\/v2\/categories?post=16281"},{"taxonomy":"post_tag","embeddable":true,"href":"https:\/\/africadailyreport.com\/fr\/wp-json\/wp\/v2\/tags?post=16281"},{"taxonomy":"adr_country","embeddable":true,"href":"https:\/\/africadailyreport.com\/fr\/wp-json\/wp\/v2\/adr_country?post=16281"}],"curies":[{"name":"wp","href":"https:\/\/api.w.org\/{rel}","templated":true}]}}