{"id":16269,"date":"2025-01-27T22:09:44","date_gmt":"2025-01-27T22:09:44","guid":{"rendered":"https:\/\/africadailyreport.com\/2025\/01\/27\/five-civilians-killed-in-rwanda-town-near-dr-congo-border-rwandan-army\/"},"modified":"2025-01-27T22:24:17","modified_gmt":"2025-01-27T22:24:17","slug":"five-civilians-killed-in-rwanda-town-near-dr-congo-border-rwandan-army","status":"publish","type":"post","link":"https:\/\/africadailyreport.com\/fr\/2025\/01\/27\/five-civilians-killed-in-rwanda-town-near-dr-congo-border-rwandan-army\/","title":{"rendered":"Rwanda: 5 civils tu\u00e9s dans une ville frontali\u00e8re de Goma et de l&rsquo;est de la RDC (arm\u00e9e rwandaise)"},"content":{"rendered":"\n<h2 class=\"wp-block-heading\" id=\"h-kigali-rwanda-cinq-civils-ont-ete-tues-et-25-personnes-grievement-blessees-lundi-dans-une-localite-rwandaise-frontaliere-de-goma-principale-cite-de-l-est-de-la-republique-democratique-du-congo-en-plein-chaos-apres-l-entree-dans-la-ville-du-groupe-arme-antigouvernemental-m23-soutenu-par-des-soldats-rwandais\"><strong><em>Kigali,\u00a0Rwanda &#8211;<\/em><\/strong> Cinq civils ont \u00e9t\u00e9 tu\u00e9s et 25 personnes gri\u00e8vement bless\u00e9es lundi dans une localit\u00e9 rwandaise frontali\u00e8re de Goma, principale cit\u00e9 de l&rsquo;est de la R\u00e9publique d\u00e9mocratique du Congo en plein chaos apr\u00e8s l&rsquo;entr\u00e9e dans la ville du groupe arm\u00e9 antigouvernemental M23 soutenu par des soldats rwandais.<\/h2>\n\n\n\n<figure class=\"wp-block-image size-large\"><img loading=\"lazy\" decoding=\"async\" width=\"2560\" height=\"1707\" src=\"https:\/\/i0.wp.com\/africadailyreport.com\/wp-content\/uploads\/2025\/01\/AFP__20250127__36WB2MB__v2__HighRes__TopshotDrcongoUnrest-scaled.jpg?fit=696%2C464&amp;ssl=1\" alt=\"\" class=\"wp-image-16265\" srcset=\"https:\/\/i0.wp.com\/africadailyreport.com\/wp-content\/uploads\/2025\/01\/AFP__20250127__36WB2MB__v2__HighRes__TopshotDrcongoUnrest-scaled.jpg?w=2560&amp;ssl=1 2560w, https:\/\/i0.wp.com\/africadailyreport.com\/wp-content\/uploads\/2025\/01\/AFP__20250127__36WB2MB__v2__HighRes__TopshotDrcongoUnrest-scaled.jpg?resize=300%2C200&amp;ssl=1 300w, https:\/\/i0.wp.com\/africadailyreport.com\/wp-content\/uploads\/2025\/01\/AFP__20250127__36WB2MB__v2__HighRes__TopshotDrcongoUnrest-scaled.jpg?resize=1024%2C683&amp;ssl=1 1024w, https:\/\/i0.wp.com\/africadailyreport.com\/wp-content\/uploads\/2025\/01\/AFP__20250127__36WB2MB__v2__HighRes__TopshotDrcongoUnrest-scaled.jpg?resize=768%2C512&amp;ssl=1 768w, https:\/\/i0.wp.com\/africadailyreport.com\/wp-content\/uploads\/2025\/01\/AFP__20250127__36WB2MB__v2__HighRes__TopshotDrcongoUnrest-scaled.jpg?resize=1536%2C1024&amp;ssl=1 1536w, https:\/\/i0.wp.com\/africadailyreport.com\/wp-content\/uploads\/2025\/01\/AFP__20250127__36WB2MB__v2__HighRes__TopshotDrcongoUnrest-scaled.jpg?resize=2048%2C1365&amp;ssl=1 2048w, https:\/\/i0.wp.com\/africadailyreport.com\/wp-content\/uploads\/2025\/01\/AFP__20250127__36WB2MB__v2__HighRes__TopshotDrcongoUnrest-scaled.jpg?resize=630%2C420&amp;ssl=1 630w, https:\/\/i0.wp.com\/africadailyreport.com\/wp-content\/uploads\/2025\/01\/AFP__20250127__36WB2MB__v2__HighRes__TopshotDrcongoUnrest-scaled.jpg?resize=150%2C100&amp;ssl=1 150w, https:\/\/i0.wp.com\/africadailyreport.com\/wp-content\/uploads\/2025\/01\/AFP__20250127__36WB2MB__v2__HighRes__TopshotDrcongoUnrest-scaled.jpg?resize=696%2C464&amp;ssl=1 696w, https:\/\/i0.wp.com\/africadailyreport.com\/wp-content\/uploads\/2025\/01\/AFP__20250127__36WB2MB__v2__HighRes__TopshotDrcongoUnrest-scaled.jpg?resize=1068%2C712&amp;ssl=1 1068w, https:\/\/i0.wp.com\/africadailyreport.com\/wp-content\/uploads\/2025\/01\/AFP__20250127__36WB2MB__v2__HighRes__TopshotDrcongoUnrest-scaled.jpg?resize=1920%2C1280&amp;ssl=1 1920w, https:\/\/i0.wp.com\/africadailyreport.com\/wp-content\/uploads\/2025\/01\/AFP__20250127__36WB2MB__v2__HighRes__TopshotDrcongoUnrest-scaled.jpg?w=1392&amp;ssl=1 1392w\" sizes=\"auto, (max-width: 696px) 100vw, 696px\" \/><figcaption class=\"wp-element-caption\">A member of the M23 armed group walk alongside residents through a street of the Keshero neighborhood in Goma, on January 27, 2025. The besieged Congolese city of Goma was rocked by heavy artillery fire on January 27, 2025 as France warned the regional capital was on the brink of falling to militia fighters and Rwandan troops.\nThe M23 armed group and Rwandan soldiers entered Goma&rsquo;s centre on the night of January 26, 2025 after weeks of advancing on the main city in DR Congo&rsquo;s mineral-rich North Kivu province. (Photo by -STR \/ AFP)<\/figcaption><\/figure>\n\n\n\n<p><\/p>\n\n\n\n<p>Un porte-parole des Forces rwandaises de d\u00e9fense a fait \u00e9tat aupr\u00e8s de l&rsquo;AFP de \u00ab\u00a05 morts et 25 bless\u00e9s graves\u00a0\u00bb dans les environs de Gisenyi.<\/p>\n\n\n\n<p>\u00ab\u00a0Il y a aussi des bless\u00e9s l\u00e9gers\u00a0\u00bb, a ajout\u00e9 Ronald Rwivanga, sans plus de pr\u00e9cisions sur les circonstances de ces d\u00e9c\u00e8s et blessures.<\/p>\n\n\n\n<p>Plusieurs affrontements ont \u00e9t\u00e9 signal\u00e9s le long de la fronti\u00e8re lundi. Un journaliste de l&rsquo;AFP \u00e0 Gisenyi a fait \u00e9tat de \u00ab\u00a0plusieurs d\u00e9tonations\u00a0\u00bb du c\u00f4t\u00e9 rwandais de la fronti\u00e8re, qui l&rsquo;ont oblig\u00e9 \u00e0 se retrancher.<\/p>\n\n\n\n<p>Une source diplomatique a confirm\u00e9 \u00e0 l&rsquo;AFP des \u00e9changes de tirs dans la matin\u00e9e entre troupes congolaises et rwandaises de part et d&rsquo;autre d&rsquo;un poste-fronti\u00e8re \u00e0 Goma.<\/p>\n\n\n\n<p>L&rsquo;entr\u00e9e du M23 dans la capitale de la province du Nord-Kivu, situ\u00e9e \u00e0 la fronti\u00e8re rwandaise et qui compte un million d&rsquo;habitants et autant de d\u00e9plac\u00e9s, ponctue plusieurs semaines d&rsquo;avanc\u00e9e des combattants du M23 et des soldats rwandais, face \u00e0 une arm\u00e9e congolaise qui semble d\u00e9bord\u00e9e.<\/p>\n\n\n\n<p>\u00ab\u00a0Goma s&rsquo;appr\u00eate \u00e0 tomber\u00a0\u00bb, a d\u00e9plor\u00e9 dans la matin\u00e9e \u00e0 Bruxelles le ministre fran\u00e7ais des Affaires \u00e9trang\u00e8res, Jean-No\u00ebl Barrot, condamnant fermement cette offensive militaire.<\/p>\n\n\n\n<p>\u00ab\u00a0Le gouvernement continue de travailler pour \u00e9viter le carnage et les pertes en vies humaines\u00a0\u00bb, a d\u00e9clar\u00e9 lundi \u00e0 la mi-journ\u00e9e sur X son porte-parole Patrick Muyaya, la premi\u00e8re r\u00e9action officielle congolaise depuis l&rsquo;entr\u00e9e dans la ville du M23 et de ses alli\u00e9s.<\/p>\n\n\n\n<p><\/p>\n\n\n\n<p>\u00a9 Agence France-Presse<\/p>\n","protected":false},"excerpt":{"rendered":"<p>Kigali,\u00a0Rwanda &#8211; Cinq civils ont \u00e9t\u00e9 tu\u00e9s et 25 personnes gri\u00e8vement bless\u00e9es lundi dans une localit\u00e9 rwandaise frontali\u00e8re de Goma, principale cit\u00e9 de l&rsquo;est de la R\u00e9publique d\u00e9mocratique du Congo en plein chaos apr\u00e8s l&rsquo;entr\u00e9e dans la ville du groupe arm\u00e9 antigouvernemental M23 soutenu par des soldats rwandais. Un porte-parole des Forces rwandaises de d\u00e9fense [&hellip;]<\/p>\n","protected":false},"author":10,"featured_media":16266,"comment_status":"open","ping_status":"open","sticky":false,"template":"","format":"standard","meta":{"_acf_changed":false,"om_disable_all_campaigns":false,"_monsterinsights_skip_tracking":false,"_monsterinsights_sitenote_active":false,"_monsterinsights_sitenote_note":"","_monsterinsights_sitenote_category":0,"tdm_status":"","tdm_grid_status":"","_jetpack_newsletter_access":"","_jetpack_dont_email_post_to_subs":false,"_jetpack_newsletter_tier_id":0,"_jetpack_memberships_contains_paywalled_content":false,"_jetpack_memberships_contains_paid_content":false,"footnotes":""},"categories":[293],"tags":[2579,1074,808,1518,861,863],"adr_country":[1089,1667],"class_list":{"0":"post-16269","1":"post","2":"type-post","3":"status-publish","4":"format-standard","5":"has-post-thumbnail","7":"category-actualites-fr","8":"tag-border-fr","9":"tag-conflict-fr","10":"tag-conflit-fr","11":"tag-drcongo-fr","12":"tag-m23-fr","13":"tag-rwanda-fr","14":"adr_country-d-r-congo","15":"adr_country-rd-congo-fr"},"acf":{"post_version":""},"yoast_head":"<!-- This site is optimized with the Yoast SEO Premium plugin v26.0 (Yoast SEO v27.4) - https:\/\/yoast.com\/product\/yoast-seo-premium-wordpress\/ -->\n<title>Rwanda: 5 civils tu\u00e9s dans une ville frontali\u00e8re de Goma et de l&#039;est de la RDC (arm\u00e9e rwandaise) - Africa Daily Report<\/title>\n<meta name=\"robots\" content=\"index, follow, max-snippet:-1, max-image-preview:large, max-video-preview:-1\" \/>\n<link rel=\"canonical\" href=\"https:\/\/africadailyreport.com\/fr\/2025\/01\/27\/five-civilians-killed-in-rwanda-town-near-dr-congo-border-rwandan-army\/\" \/>\n<meta property=\"og:locale\" content=\"fr_FR\" \/>\n<meta property=\"og:type\" content=\"article\" \/>\n<meta property=\"og:title\" content=\"Rwanda: 5 civils tu\u00e9s dans une ville frontali\u00e8re de Goma et de l&#039;est de la RDC (arm\u00e9e rwandaise)\" \/>\n<meta property=\"og:description\" content=\"Kigali,\u00a0Rwanda &#8211; Cinq civils ont \u00e9t\u00e9 tu\u00e9s et 25 personnes gri\u00e8vement bless\u00e9es lundi dans une localit\u00e9 rwandaise frontali\u00e8re de Goma, principale cit\u00e9 de l&rsquo;est de la R\u00e9publique d\u00e9mocratique du Congo en plein chaos apr\u00e8s l&rsquo;entr\u00e9e dans la ville du groupe arm\u00e9 antigouvernemental M23 soutenu par des soldats rwandais. Un porte-parole des Forces rwandaises de d\u00e9fense [&hellip;]\" \/>\n<meta property=\"og:url\" content=\"https:\/\/africadailyreport.com\/fr\/2025\/01\/27\/five-civilians-killed-in-rwanda-town-near-dr-congo-border-rwandan-army\/\" \/>\n<meta property=\"og:site_name\" content=\"Africa Daily Report\" \/>\n<meta property=\"article:publisher\" content=\"https:\/\/www.facebook.com\/africadailyreport\" \/>\n<meta property=\"article:published_time\" content=\"2025-01-27T22:09:44+00:00\" \/>\n<meta property=\"article:modified_time\" content=\"2025-01-27T22:24:17+00:00\" \/>\n<meta property=\"og:image\" content=\"https:\/\/africadailyreport.com\/wp-content\/uploads\/2025\/01\/AFP__20250127__36WB2MB__v2__HighRes__TopshotDrcongoUnrest-scaled.jpg\" \/>\n\t<meta property=\"og:image:width\" content=\"2560\" \/>\n\t<meta property=\"og:image:height\" content=\"1707\" \/>\n\t<meta property=\"og:image:type\" content=\"image\/jpeg\" \/>\n<meta name=\"author\" content=\"ADR\/AFP\" \/>\n<meta name=\"twitter:card\" content=\"summary_large_image\" \/>\n<meta name=\"twitter:creator\" content=\"@adr_africa\" \/>\n<meta name=\"twitter:site\" content=\"@adr_africa\" \/>\n<meta name=\"twitter:label1\" content=\"\u00c9crit par\" \/>\n\t<meta name=\"twitter:data1\" content=\"ADR\/AFP\" \/>\n\t<meta name=\"twitter:label2\" content=\"Dur\u00e9e de lecture estim\u00e9e\" \/>\n\t<meta name=\"twitter:data2\" content=\"3 minutes\" \/>\n<script type=\"application\/ld+json\" class=\"yoast-schema-graph\">{\"@context\":\"https:\\\/\\\/schema.org\",\"@graph\":[{\"@type\":\"Article\",\"@id\":\"https:\\\/\\\/africadailyreport.com\\\/fr\\\/2025\\\/01\\\/27\\\/five-civilians-killed-in-rwanda-town-near-dr-congo-border-rwandan-army\\\/#article\",\"isPartOf\":{\"@id\":\"https:\\\/\\\/africadailyreport.com\\\/fr\\\/2025\\\/01\\\/27\\\/five-civilians-killed-in-rwanda-town-near-dr-congo-border-rwandan-army\\\/\"},\"author\":{\"name\":\"ADR\\\/AFP\",\"@id\":\"https:\\\/\\\/africadailyreport.com\\\/fr\\\/#\\\/schema\\\/person\\\/c44d86d79f5570b3ba4cf70c989843f8\"},\"headline\":\"Rwanda: 5 civils tu\u00e9s dans une ville frontali\u00e8re de Goma et de l&rsquo;est de la RDC (arm\u00e9e rwandaise)\",\"datePublished\":\"2025-01-27T22:09:44+00:00\",\"dateModified\":\"2025-01-27T22:24:17+00:00\",\"mainEntityOfPage\":{\"@id\":\"https:\\\/\\\/africadailyreport.com\\\/fr\\\/2025\\\/01\\\/27\\\/five-civilians-killed-in-rwanda-town-near-dr-congo-border-rwandan-army\\\/\"},\"wordCount\":429,\"commentCount\":0,\"publisher\":{\"@id\":\"https:\\\/\\\/africadailyreport.com\\\/fr\\\/#organization\"},\"image\":{\"@id\":\"https:\\\/\\\/africadailyreport.com\\\/fr\\\/2025\\\/01\\\/27\\\/five-civilians-killed-in-rwanda-town-near-dr-congo-border-rwandan-army\\\/#primaryimage\"},\"thumbnailUrl\":\"https:\\\/\\\/i0.wp.com\\\/africadailyreport.com\\\/wp-content\\\/uploads\\\/2025\\\/01\\\/AFP__20250127__36WB2MB__v2__HighRes__TopshotDrcongoUnrest-scaled.jpg?fit=2560%2C1707&ssl=1\",\"keywords\":[\"border\",\"conflict\",\"conflit\",\"drCONGO\",\"m23\",\"Rwanda\"],\"articleSection\":[\"Actualit\u00e9s\"],\"inLanguage\":\"fr-FR\",\"potentialAction\":[{\"@type\":\"CommentAction\",\"name\":\"Comment\",\"target\":[\"https:\\\/\\\/africadailyreport.com\\\/fr\\\/2025\\\/01\\\/27\\\/five-civilians-killed-in-rwanda-town-near-dr-congo-border-rwandan-army\\\/#respond\"]}],\"copyrightYear\":\"2025\",\"copyrightHolder\":{\"@id\":\"https:\\\/\\\/africadailyreport.com\\\/#organization\"}},{\"@type\":\"WebPage\",\"@id\":\"https:\\\/\\\/africadailyreport.com\\\/fr\\\/2025\\\/01\\\/27\\\/five-civilians-killed-in-rwanda-town-near-dr-congo-border-rwandan-army\\\/\",\"url\":\"https:\\\/\\\/africadailyreport.com\\\/fr\\\/2025\\\/01\\\/27\\\/five-civilians-killed-in-rwanda-town-near-dr-congo-border-rwandan-army\\\/\",\"name\":\"Rwanda: 5 civils tu\u00e9s dans une ville frontali\u00e8re de Goma et de l'est de la RDC (arm\u00e9e rwandaise) - Africa Daily Report\",\"isPartOf\":{\"@id\":\"https:\\\/\\\/africadailyreport.com\\\/fr\\\/#website\"},\"primaryImageOfPage\":{\"@id\":\"https:\\\/\\\/africadailyreport.com\\\/fr\\\/2025\\\/01\\\/27\\\/five-civilians-killed-in-rwanda-town-near-dr-congo-border-rwandan-army\\\/#primaryimage\"},\"image\":{\"@id\":\"https:\\\/\\\/africadailyreport.com\\\/fr\\\/2025\\\/01\\\/27\\\/five-civilians-killed-in-rwanda-town-near-dr-congo-border-rwandan-army\\\/#primaryimage\"},\"thumbnailUrl\":\"https:\\\/\\\/i0.wp.com\\\/africadailyreport.com\\\/wp-content\\\/uploads\\\/2025\\\/01\\\/AFP__20250127__36WB2MB__v2__HighRes__TopshotDrcongoUnrest-scaled.jpg?fit=2560%2C1707&ssl=1\",\"datePublished\":\"2025-01-27T22:09:44+00:00\",\"dateModified\":\"2025-01-27T22:24:17+00:00\",\"breadcrumb\":{\"@id\":\"https:\\\/\\\/africadailyreport.com\\\/fr\\\/2025\\\/01\\\/27\\\/five-civilians-killed-in-rwanda-town-near-dr-congo-border-rwandan-army\\\/#breadcrumb\"},\"inLanguage\":\"fr-FR\",\"potentialAction\":[{\"@type\":\"ReadAction\",\"target\":[\"https:\\\/\\\/africadailyreport.com\\\/fr\\\/2025\\\/01\\\/27\\\/five-civilians-killed-in-rwanda-town-near-dr-congo-border-rwandan-army\\\/\"]}]},{\"@type\":\"ImageObject\",\"inLanguage\":\"fr-FR\",\"@id\":\"https:\\\/\\\/africadailyreport.com\\\/fr\\\/2025\\\/01\\\/27\\\/five-civilians-killed-in-rwanda-town-near-dr-congo-border-rwandan-army\\\/#primaryimage\",\"url\":\"https:\\\/\\\/i0.wp.com\\\/africadailyreport.com\\\/wp-content\\\/uploads\\\/2025\\\/01\\\/AFP__20250127__36WB2MB__v2__HighRes__TopshotDrcongoUnrest-scaled.jpg?fit=2560%2C1707&ssl=1\",\"contentUrl\":\"https:\\\/\\\/i0.wp.com\\\/africadailyreport.com\\\/wp-content\\\/uploads\\\/2025\\\/01\\\/AFP__20250127__36WB2MB__v2__HighRes__TopshotDrcongoUnrest-scaled.jpg?fit=2560%2C1707&ssl=1\",\"width\":2560,\"height\":1707,\"caption\":\"A member of the M23 armed group walk alongside residents through a street of the Keshero neighborhood in Goma, on January 27, 2025. The besieged Congolese city of Goma was rocked by heavy artillery fire on January 27, 2025 as France warned the regional capital was on the brink of falling to militia fighters and Rwandan troops. The M23 armed group and Rwandan soldiers entered Goma's centre on the night of January 26, 2025 after weeks of advancing on the main city in DR Congo's mineral-rich North Kivu province. (Photo by -STR \\\/ AFP)\"},{\"@type\":\"BreadcrumbList\",\"@id\":\"https:\\\/\\\/africadailyreport.com\\\/fr\\\/2025\\\/01\\\/27\\\/five-civilians-killed-in-rwanda-town-near-dr-congo-border-rwandan-army\\\/#breadcrumb\",\"itemListElement\":[{\"@type\":\"ListItem\",\"position\":1,\"name\":\"Home\",\"item\":\"https:\\\/\\\/africadailyreport.com\\\/fr\\\/\"},{\"@type\":\"ListItem\",\"position\":2,\"name\":\"Rwanda: 5 civils tu\u00e9s dans une ville frontali\u00e8re de Goma et de l&#8217;est de la RDC (arm\u00e9e rwandaise)\"}]},{\"@type\":\"WebSite\",\"@id\":\"https:\\\/\\\/africadailyreport.com\\\/fr\\\/#website\",\"url\":\"https:\\\/\\\/africadailyreport.com\\\/fr\\\/\",\"name\":\"Africa Daily Report\",\"description\":\"\",\"publisher\":{\"@id\":\"https:\\\/\\\/africadailyreport.com\\\/fr\\\/#organization\"},\"potentialAction\":[{\"@type\":\"SearchAction\",\"target\":{\"@type\":\"EntryPoint\",\"urlTemplate\":\"https:\\\/\\\/africadailyreport.com\\\/fr\\\/?s={search_term_string}\"},\"query-input\":{\"@type\":\"PropertyValueSpecification\",\"valueRequired\":true,\"valueName\":\"search_term_string\"}}],\"inLanguage\":\"fr-FR\"},{\"@type\":\"Organization\",\"@id\":\"https:\\\/\\\/africadailyreport.com\\\/fr\\\/#organization\",\"name\":\"Africa Daily Report\",\"url\":\"https:\\\/\\\/africadailyreport.com\\\/fr\\\/\",\"logo\":{\"@type\":\"ImageObject\",\"inLanguage\":\"fr-FR\",\"@id\":\"https:\\\/\\\/africadailyreport.com\\\/fr\\\/#\\\/schema\\\/logo\\\/image\\\/\",\"url\":\"https:\\\/\\\/africadailyreport.com\\\/wp-content\\\/uploads\\\/2024\\\/09\\\/ADR-Transparent-Green-Logo-1.png\",\"contentUrl\":\"https:\\\/\\\/africadailyreport.com\\\/wp-content\\\/uploads\\\/2024\\\/09\\\/ADR-Transparent-Green-Logo-1.png\",\"width\":267,\"height\":185,\"caption\":\"Africa Daily Report\"},\"image\":{\"@id\":\"https:\\\/\\\/africadailyreport.com\\\/fr\\\/#\\\/schema\\\/logo\\\/image\\\/\"},\"sameAs\":[\"https:\\\/\\\/www.facebook.com\\\/africadailyreport\",\"https:\\\/\\\/x.com\\\/adr_africa\",\"https:\\\/\\\/www.youtube.com\\\/@africadailyreport\",\"https:\\\/\\\/instagram.com\\\/africadailyreport\"]},{\"@type\":\"Person\",\"@id\":\"https:\\\/\\\/africadailyreport.com\\\/fr\\\/#\\\/schema\\\/person\\\/c44d86d79f5570b3ba4cf70c989843f8\",\"name\":\"ADR\\\/AFP\",\"image\":{\"@type\":\"ImageObject\",\"inLanguage\":\"fr-FR\",\"@id\":\"https:\\\/\\\/secure.gravatar.com\\\/avatar\\\/2fbdc3782aa386b408fd9a36f0bc78ee569c94a7a05670cab3a1d72916408214?s=96&d=mm&r=g\",\"url\":\"https:\\\/\\\/secure.gravatar.com\\\/avatar\\\/2fbdc3782aa386b408fd9a36f0bc78ee569c94a7a05670cab3a1d72916408214?s=96&d=mm&r=g\",\"contentUrl\":\"https:\\\/\\\/secure.gravatar.com\\\/avatar\\\/2fbdc3782aa386b408fd9a36f0bc78ee569c94a7a05670cab3a1d72916408214?s=96&d=mm&r=g\",\"caption\":\"ADR\\\/AFP\"},\"sameAs\":[\"http:\\\/\\\/africadailyreport.com\"],\"url\":\"https:\\\/\\\/africadailyreport.com\\\/fr\\\/author\\\/both\\\/\"}]}<\/script>\n<!-- \/ Yoast SEO Premium plugin. -->","yoast_head_json":{"title":"Rwanda: 5 civils tu\u00e9s dans une ville frontali\u00e8re de Goma et de l'est de la RDC (arm\u00e9e rwandaise) - Africa Daily Report","robots":{"index":"index","follow":"follow","max-snippet":"max-snippet:-1","max-image-preview":"max-image-preview:large","max-video-preview":"max-video-preview:-1"},"canonical":"https:\/\/africadailyreport.com\/fr\/2025\/01\/27\/five-civilians-killed-in-rwanda-town-near-dr-congo-border-rwandan-army\/","og_locale":"fr_FR","og_type":"article","og_title":"Rwanda: 5 civils tu\u00e9s dans une ville frontali\u00e8re de Goma et de l'est de la RDC (arm\u00e9e rwandaise)","og_description":"Kigali,\u00a0Rwanda &#8211; Cinq civils ont \u00e9t\u00e9 tu\u00e9s et 25 personnes gri\u00e8vement bless\u00e9es lundi dans une localit\u00e9 rwandaise frontali\u00e8re de Goma, principale cit\u00e9 de l&rsquo;est de la R\u00e9publique d\u00e9mocratique du Congo en plein chaos apr\u00e8s l&rsquo;entr\u00e9e dans la ville du groupe arm\u00e9 antigouvernemental M23 soutenu par des soldats rwandais. Un porte-parole des Forces rwandaises de d\u00e9fense [&hellip;]","og_url":"https:\/\/africadailyreport.com\/fr\/2025\/01\/27\/five-civilians-killed-in-rwanda-town-near-dr-congo-border-rwandan-army\/","og_site_name":"Africa Daily Report","article_publisher":"https:\/\/www.facebook.com\/africadailyreport","article_published_time":"2025-01-27T22:09:44+00:00","article_modified_time":"2025-01-27T22:24:17+00:00","og_image":[{"width":2560,"height":1707,"url":"https:\/\/africadailyreport.com\/wp-content\/uploads\/2025\/01\/AFP__20250127__36WB2MB__v2__HighRes__TopshotDrcongoUnrest-scaled.jpg","type":"image\/jpeg"}],"author":"ADR\/AFP","twitter_card":"summary_large_image","twitter_creator":"@adr_africa","twitter_site":"@adr_africa","twitter_misc":{"\u00c9crit par":"ADR\/AFP","Dur\u00e9e de lecture estim\u00e9e":"3 minutes"},"schema":{"@context":"https:\/\/schema.org","@graph":[{"@type":"Article","@id":"https:\/\/africadailyreport.com\/fr\/2025\/01\/27\/five-civilians-killed-in-rwanda-town-near-dr-congo-border-rwandan-army\/#article","isPartOf":{"@id":"https:\/\/africadailyreport.com\/fr\/2025\/01\/27\/five-civilians-killed-in-rwanda-town-near-dr-congo-border-rwandan-army\/"},"author":{"name":"ADR\/AFP","@id":"https:\/\/africadailyreport.com\/fr\/#\/schema\/person\/c44d86d79f5570b3ba4cf70c989843f8"},"headline":"Rwanda: 5 civils tu\u00e9s dans une ville frontali\u00e8re de Goma et de l&rsquo;est de la RDC (arm\u00e9e rwandaise)","datePublished":"2025-01-27T22:09:44+00:00","dateModified":"2025-01-27T22:24:17+00:00","mainEntityOfPage":{"@id":"https:\/\/africadailyreport.com\/fr\/2025\/01\/27\/five-civilians-killed-in-rwanda-town-near-dr-congo-border-rwandan-army\/"},"wordCount":429,"commentCount":0,"publisher":{"@id":"https:\/\/africadailyreport.com\/fr\/#organization"},"image":{"@id":"https:\/\/africadailyreport.com\/fr\/2025\/01\/27\/five-civilians-killed-in-rwanda-town-near-dr-congo-border-rwandan-army\/#primaryimage"},"thumbnailUrl":"https:\/\/i0.wp.com\/africadailyreport.com\/wp-content\/uploads\/2025\/01\/AFP__20250127__36WB2MB__v2__HighRes__TopshotDrcongoUnrest-scaled.jpg?fit=2560%2C1707&ssl=1","keywords":["border","conflict","conflit","drCONGO","m23","Rwanda"],"articleSection":["Actualit\u00e9s"],"inLanguage":"fr-FR","potentialAction":[{"@type":"CommentAction","name":"Comment","target":["https:\/\/africadailyreport.com\/fr\/2025\/01\/27\/five-civilians-killed-in-rwanda-town-near-dr-congo-border-rwandan-army\/#respond"]}],"copyrightYear":"2025","copyrightHolder":{"@id":"https:\/\/africadailyreport.com\/#organization"}},{"@type":"WebPage","@id":"https:\/\/africadailyreport.com\/fr\/2025\/01\/27\/five-civilians-killed-in-rwanda-town-near-dr-congo-border-rwandan-army\/","url":"https:\/\/africadailyreport.com\/fr\/2025\/01\/27\/five-civilians-killed-in-rwanda-town-near-dr-congo-border-rwandan-army\/","name":"Rwanda: 5 civils tu\u00e9s dans une ville frontali\u00e8re de Goma et de l'est de la RDC (arm\u00e9e rwandaise) - Africa Daily Report","isPartOf":{"@id":"https:\/\/africadailyreport.com\/fr\/#website"},"primaryImageOfPage":{"@id":"https:\/\/africadailyreport.com\/fr\/2025\/01\/27\/five-civilians-killed-in-rwanda-town-near-dr-congo-border-rwandan-army\/#primaryimage"},"image":{"@id":"https:\/\/africadailyreport.com\/fr\/2025\/01\/27\/five-civilians-killed-in-rwanda-town-near-dr-congo-border-rwandan-army\/#primaryimage"},"thumbnailUrl":"https:\/\/i0.wp.com\/africadailyreport.com\/wp-content\/uploads\/2025\/01\/AFP__20250127__36WB2MB__v2__HighRes__TopshotDrcongoUnrest-scaled.jpg?fit=2560%2C1707&ssl=1","datePublished":"2025-01-27T22:09:44+00:00","dateModified":"2025-01-27T22:24:17+00:00","breadcrumb":{"@id":"https:\/\/africadailyreport.com\/fr\/2025\/01\/27\/five-civilians-killed-in-rwanda-town-near-dr-congo-border-rwandan-army\/#breadcrumb"},"inLanguage":"fr-FR","potentialAction":[{"@type":"ReadAction","target":["https:\/\/africadailyreport.com\/fr\/2025\/01\/27\/five-civilians-killed-in-rwanda-town-near-dr-congo-border-rwandan-army\/"]}]},{"@type":"ImageObject","inLanguage":"fr-FR","@id":"https:\/\/africadailyreport.com\/fr\/2025\/01\/27\/five-civilians-killed-in-rwanda-town-near-dr-congo-border-rwandan-army\/#primaryimage","url":"https:\/\/i0.wp.com\/africadailyreport.com\/wp-content\/uploads\/2025\/01\/AFP__20250127__36WB2MB__v2__HighRes__TopshotDrcongoUnrest-scaled.jpg?fit=2560%2C1707&ssl=1","contentUrl":"https:\/\/i0.wp.com\/africadailyreport.com\/wp-content\/uploads\/2025\/01\/AFP__20250127__36WB2MB__v2__HighRes__TopshotDrcongoUnrest-scaled.jpg?fit=2560%2C1707&ssl=1","width":2560,"height":1707,"caption":"A member of the M23 armed group walk alongside residents through a street of the Keshero neighborhood in Goma, on January 27, 2025. The besieged Congolese city of Goma was rocked by heavy artillery fire on January 27, 2025 as France warned the regional capital was on the brink of falling to militia fighters and Rwandan troops. The M23 armed group and Rwandan soldiers entered Goma's centre on the night of January 26, 2025 after weeks of advancing on the main city in DR Congo's mineral-rich North Kivu province. (Photo by -STR \/ AFP)"},{"@type":"BreadcrumbList","@id":"https:\/\/africadailyreport.com\/fr\/2025\/01\/27\/five-civilians-killed-in-rwanda-town-near-dr-congo-border-rwandan-army\/#breadcrumb","itemListElement":[{"@type":"ListItem","position":1,"name":"Home","item":"https:\/\/africadailyreport.com\/fr\/"},{"@type":"ListItem","position":2,"name":"Rwanda: 5 civils tu\u00e9s dans une ville frontali\u00e8re de Goma et de l&#8217;est de la RDC (arm\u00e9e rwandaise)"}]},{"@type":"WebSite","@id":"https:\/\/africadailyreport.com\/fr\/#website","url":"https:\/\/africadailyreport.com\/fr\/","name":"Africa Daily Report","description":"","publisher":{"@id":"https:\/\/africadailyreport.com\/fr\/#organization"},"potentialAction":[{"@type":"SearchAction","target":{"@type":"EntryPoint","urlTemplate":"https:\/\/africadailyreport.com\/fr\/?s={search_term_string}"},"query-input":{"@type":"PropertyValueSpecification","valueRequired":true,"valueName":"search_term_string"}}],"inLanguage":"fr-FR"},{"@type":"Organization","@id":"https:\/\/africadailyreport.com\/fr\/#organization","name":"Africa Daily Report","url":"https:\/\/africadailyreport.com\/fr\/","logo":{"@type":"ImageObject","inLanguage":"fr-FR","@id":"https:\/\/africadailyreport.com\/fr\/#\/schema\/logo\/image\/","url":"https:\/\/africadailyreport.com\/wp-content\/uploads\/2024\/09\/ADR-Transparent-Green-Logo-1.png","contentUrl":"https:\/\/africadailyreport.com\/wp-content\/uploads\/2024\/09\/ADR-Transparent-Green-Logo-1.png","width":267,"height":185,"caption":"Africa Daily Report"},"image":{"@id":"https:\/\/africadailyreport.com\/fr\/#\/schema\/logo\/image\/"},"sameAs":["https:\/\/www.facebook.com\/africadailyreport","https:\/\/x.com\/adr_africa","https:\/\/www.youtube.com\/@africadailyreport","https:\/\/instagram.com\/africadailyreport"]},{"@type":"Person","@id":"https:\/\/africadailyreport.com\/fr\/#\/schema\/person\/c44d86d79f5570b3ba4cf70c989843f8","name":"ADR\/AFP","image":{"@type":"ImageObject","inLanguage":"fr-FR","@id":"https:\/\/secure.gravatar.com\/avatar\/2fbdc3782aa386b408fd9a36f0bc78ee569c94a7a05670cab3a1d72916408214?s=96&d=mm&r=g","url":"https:\/\/secure.gravatar.com\/avatar\/2fbdc3782aa386b408fd9a36f0bc78ee569c94a7a05670cab3a1d72916408214?s=96&d=mm&r=g","contentUrl":"https:\/\/secure.gravatar.com\/avatar\/2fbdc3782aa386b408fd9a36f0bc78ee569c94a7a05670cab3a1d72916408214?s=96&d=mm&r=g","caption":"ADR\/AFP"},"sameAs":["http:\/\/africadailyreport.com"],"url":"https:\/\/africadailyreport.com\/fr\/author\/both\/"}]}},"jetpack_featured_media_url":"https:\/\/i0.wp.com\/africadailyreport.com\/wp-content\/uploads\/2025\/01\/AFP__20250127__36WB2MB__v2__HighRes__TopshotDrcongoUnrest-scaled.jpg?fit=2560%2C1707&ssl=1","jetpack_sharing_enabled":true,"amp_enabled":true,"_links":{"self":[{"href":"https:\/\/africadailyreport.com\/fr\/wp-json\/wp\/v2\/posts\/16269","targetHints":{"allow":["GET"]}}],"collection":[{"href":"https:\/\/africadailyreport.com\/fr\/wp-json\/wp\/v2\/posts"}],"about":[{"href":"https:\/\/africadailyreport.com\/fr\/wp-json\/wp\/v2\/types\/post"}],"author":[{"embeddable":true,"href":"https:\/\/africadailyreport.com\/fr\/wp-json\/wp\/v2\/users\/10"}],"replies":[{"embeddable":true,"href":"https:\/\/africadailyreport.com\/fr\/wp-json\/wp\/v2\/comments?post=16269"}],"version-history":[{"count":3,"href":"https:\/\/africadailyreport.com\/fr\/wp-json\/wp\/v2\/posts\/16269\/revisions"}],"predecessor-version":[{"id":16274,"href":"https:\/\/africadailyreport.com\/fr\/wp-json\/wp\/v2\/posts\/16269\/revisions\/16274"}],"wp:featuredmedia":[{"embeddable":true,"href":"https:\/\/africadailyreport.com\/fr\/wp-json\/wp\/v2\/media\/16266"}],"wp:attachment":[{"href":"https:\/\/africadailyreport.com\/fr\/wp-json\/wp\/v2\/media?parent=16269"}],"wp:term":[{"taxonomy":"category","embeddable":true,"href":"https:\/\/africadailyreport.com\/fr\/wp-json\/wp\/v2\/categories?post=16269"},{"taxonomy":"post_tag","embeddable":true,"href":"https:\/\/africadailyreport.com\/fr\/wp-json\/wp\/v2\/tags?post=16269"},{"taxonomy":"adr_country","embeddable":true,"href":"https:\/\/africadailyreport.com\/fr\/wp-json\/wp\/v2\/adr_country?post=16269"}],"curies":[{"name":"wp","href":"https:\/\/api.w.org\/{rel}","templated":true}]}}