{"id":16220,"date":"2025-01-26T21:20:27","date_gmt":"2025-01-26T21:20:27","guid":{"rendered":"https:\/\/africadailyreport.com\/2025\/01\/26\/gunfire-in-central-goma-dr-congo\/"},"modified":"2025-01-26T21:26:00","modified_gmt":"2025-01-26T21:26:00","slug":"gunfire-in-central-goma-dr-congo","status":"publish","type":"post","link":"https:\/\/africadailyreport.com\/fr\/2025\/01\/26\/gunfire-in-central-goma-dr-congo\/","title":{"rendered":"Combats dans l&rsquo;est de la RDC: tirs dans le centre de Goma"},"content":{"rendered":"\n<h2 class=\"wp-block-heading\" id=\"h-goma-dr-congo-d-intenses-rafales-de-tirs-resonnent-dimanche-soir-dans-le-centre-de-goma-grande-ville-de-l-est-de-la-republique-democratique-du-congo-assiegee-par-des-troupes-rwandaises-et-les-combattants-du-groupe-arme-antigouvernemental-m23-selon-des-journalistes-de-l-afp\">Goma,\u00a0DR Congo &#8211; D&rsquo;intenses rafales de tirs r\u00e9sonnent dimanche soir dans le centre de Goma, grande ville de l&rsquo;est de la R\u00e9publique d\u00e9mocratique du Congo assi\u00e9g\u00e9e par des troupes rwandaises et les combattants du groupe arm\u00e9 antigouvernemental M23, selon des journalistes de l&rsquo;AFP.<\/h2>\n\n\n\n\n\n<p><\/p>\n\n\n\n<p>De fortes d\u00e9tonations ont commenc\u00e9 \u00e0 retentir \u00e0 la nuit tomb\u00e9e dans la capitale de la province du Nord-Kivu, qui abrite un million d&rsquo;habitants et presque autant de d\u00e9plac\u00e9s.<\/p>\n\n\n\n<p><\/p>\n\n\n\n<p>\u00a9 Agence France-Presse<\/p>\n","protected":false},"excerpt":{"rendered":"<p>Goma,\u00a0DR Congo &#8211; D&rsquo;intenses rafales de tirs r\u00e9sonnent dimanche soir dans le centre de Goma, grande ville de l&rsquo;est de la R\u00e9publique d\u00e9mocratique du Congo assi\u00e9g\u00e9e par des troupes rwandaises et les combattants du groupe arm\u00e9 antigouvernemental M23, selon des journalistes de l&rsquo;AFP. De fortes d\u00e9tonations ont commenc\u00e9 \u00e0 retentir \u00e0 la nuit tomb\u00e9e dans [&hellip;]<\/p>\n","protected":false},"author":10,"featured_media":16218,"comment_status":"open","ping_status":"open","sticky":false,"template":"","format":"standard","meta":{"_acf_changed":false,"om_disable_all_campaigns":false,"_monsterinsights_skip_tracking":false,"_monsterinsights_sitenote_active":false,"_monsterinsights_sitenote_note":"","_monsterinsights_sitenote_category":0,"tdm_status":"","tdm_grid_status":"","_jetpack_newsletter_access":"","_jetpack_dont_email_post_to_subs":false,"_jetpack_newsletter_tier_id":0,"_jetpack_memberships_contains_paywalled_content":false,"_jetpack_memberships_contains_paid_content":false,"footnotes":""},"categories":[293,801,1766,690,851],"tags":[1074,808,1518,2312,858,1899,313,863],"adr_country":[1099,1089,1667,1083],"class_list":{"0":"post-16220","1":"post","2":"type-post","3":"status-publish","4":"format-standard","5":"has-post-thumbnail","7":"category-actualites-fr","8":"category-armee-fr","9":"category-guerre","10":"category-politique-2","11":"category-rd-congo-fr","12":"tag-conflict-fr","13":"tag-conflit-fr","14":"tag-drcongo-fr","15":"tag-goma-fr","16":"tag-guerre-fr","17":"tag-gunfire-fr","18":"tag-rdc-fr","19":"tag-rwanda-fr","20":"adr_country-afrique","21":"adr_country-d-r-congo","22":"adr_country-rd-congo-fr","23":"adr_country-rwanda"},"acf":{"post_version":""},"yoast_head":"<!-- This site is optimized with the Yoast SEO Premium plugin v26.0 (Yoast SEO v27.4) - https:\/\/yoast.com\/product\/yoast-seo-premium-wordpress\/ -->\n<title>Combats dans l&#039;est de la RDC: tirs dans le centre de Goma - Africa Daily Report<\/title>\n<meta name=\"robots\" content=\"index, follow, max-snippet:-1, max-image-preview:large, max-video-preview:-1\" \/>\n<link rel=\"canonical\" href=\"https:\/\/africadailyreport.com\/fr\/2025\/01\/26\/gunfire-in-central-goma-dr-congo\/\" \/>\n<meta property=\"og:locale\" content=\"fr_FR\" \/>\n<meta property=\"og:type\" content=\"article\" \/>\n<meta property=\"og:title\" content=\"Combats dans l&#039;est de la RDC: tirs dans le centre de Goma\" \/>\n<meta property=\"og:description\" content=\"Goma,\u00a0DR Congo &#8211; D&rsquo;intenses rafales de tirs r\u00e9sonnent dimanche soir dans le centre de Goma, grande ville de l&rsquo;est de la R\u00e9publique d\u00e9mocratique du Congo assi\u00e9g\u00e9e par des troupes rwandaises et les combattants du groupe arm\u00e9 antigouvernemental M23, selon des journalistes de l&rsquo;AFP. De fortes d\u00e9tonations ont commenc\u00e9 \u00e0 retentir \u00e0 la nuit tomb\u00e9e dans [&hellip;]\" \/>\n<meta property=\"og:url\" content=\"https:\/\/africadailyreport.com\/fr\/2025\/01\/26\/gunfire-in-central-goma-dr-congo\/\" \/>\n<meta property=\"og:site_name\" content=\"Africa Daily Report\" \/>\n<meta property=\"article:publisher\" content=\"https:\/\/www.facebook.com\/africadailyreport\" \/>\n<meta property=\"article:published_time\" content=\"2025-01-26T21:20:27+00:00\" \/>\n<meta property=\"article:modified_time\" content=\"2025-01-26T21:26:00+00:00\" \/>\n<meta property=\"og:image\" content=\"https:\/\/africadailyreport.com\/wp-content\/uploads\/2025\/01\/AFP__20250123__36VN8QY__v3__HighRes__TopshotDrcongoUnrestUn-scaled.jpg\" \/>\n\t<meta property=\"og:image:width\" content=\"1\" \/>\n\t<meta property=\"og:image:height\" content=\"1\" \/>\n\t<meta property=\"og:image:type\" content=\"image\/jpeg\" \/>\n<meta name=\"author\" content=\"ADR\/AFP\" \/>\n<meta name=\"twitter:card\" content=\"summary_large_image\" \/>\n<meta name=\"twitter:creator\" content=\"@adr_africa\" \/>\n<meta name=\"twitter:site\" content=\"@adr_africa\" \/>\n<meta name=\"twitter:label1\" content=\"\u00c9crit par\" \/>\n\t<meta name=\"twitter:data1\" content=\"ADR\/AFP\" \/>\n\t<meta name=\"twitter:label2\" content=\"Dur\u00e9e de lecture estim\u00e9e\" \/>\n\t<meta name=\"twitter:data2\" content=\"1 minute\" \/>\n<script type=\"application\/ld+json\" class=\"yoast-schema-graph\">{\"@context\":\"https:\\\/\\\/schema.org\",\"@graph\":[{\"@type\":\"Article\",\"@id\":\"https:\\\/\\\/africadailyreport.com\\\/fr\\\/2025\\\/01\\\/26\\\/gunfire-in-central-goma-dr-congo\\\/#article\",\"isPartOf\":{\"@id\":\"https:\\\/\\\/africadailyreport.com\\\/fr\\\/2025\\\/01\\\/26\\\/gunfire-in-central-goma-dr-congo\\\/\"},\"author\":{\"name\":\"ADR\\\/AFP\",\"@id\":\"https:\\\/\\\/africadailyreport.com\\\/fr\\\/#\\\/schema\\\/person\\\/c44d86d79f5570b3ba4cf70c989843f8\"},\"headline\":\"Combats dans l&rsquo;est de la RDC: tirs dans le centre de Goma\",\"datePublished\":\"2025-01-26T21:20:27+00:00\",\"dateModified\":\"2025-01-26T21:26:00+00:00\",\"mainEntityOfPage\":{\"@id\":\"https:\\\/\\\/africadailyreport.com\\\/fr\\\/2025\\\/01\\\/26\\\/gunfire-in-central-goma-dr-congo\\\/\"},\"wordCount\":99,\"commentCount\":0,\"publisher\":{\"@id\":\"https:\\\/\\\/africadailyreport.com\\\/fr\\\/#organization\"},\"image\":{\"@id\":\"https:\\\/\\\/africadailyreport.com\\\/fr\\\/2025\\\/01\\\/26\\\/gunfire-in-central-goma-dr-congo\\\/#primaryimage\"},\"thumbnailUrl\":\"https:\\\/\\\/i0.wp.com\\\/africadailyreport.com\\\/wp-content\\\/uploads\\\/2025\\\/01\\\/AFP__20250123__36VN8QY__v3__HighRes__TopshotDrcongoUnrestUn-scaled.jpg?fit=%2C&ssl=1\",\"keywords\":[\"conflict\",\"conflit\",\"drCONGO\",\"Goma\",\"guerre\",\"gunfire\",\"rdc\",\"Rwanda\"],\"articleSection\":[\"Actualit\u00e9s\",\"Arm\u00e9e\",\"Guerre\",\"POLITIQUE\",\"RD Congo\"],\"inLanguage\":\"fr-FR\",\"potentialAction\":[{\"@type\":\"CommentAction\",\"name\":\"Comment\",\"target\":[\"https:\\\/\\\/africadailyreport.com\\\/fr\\\/2025\\\/01\\\/26\\\/gunfire-in-central-goma-dr-congo\\\/#respond\"]}],\"copyrightYear\":\"2025\",\"copyrightHolder\":{\"@id\":\"https:\\\/\\\/africadailyreport.com\\\/#organization\"}},{\"@type\":\"WebPage\",\"@id\":\"https:\\\/\\\/africadailyreport.com\\\/fr\\\/2025\\\/01\\\/26\\\/gunfire-in-central-goma-dr-congo\\\/\",\"url\":\"https:\\\/\\\/africadailyreport.com\\\/fr\\\/2025\\\/01\\\/26\\\/gunfire-in-central-goma-dr-congo\\\/\",\"name\":\"Combats dans l'est de la RDC: tirs dans le centre de Goma - Africa Daily Report\",\"isPartOf\":{\"@id\":\"https:\\\/\\\/africadailyreport.com\\\/fr\\\/#website\"},\"primaryImageOfPage\":{\"@id\":\"https:\\\/\\\/africadailyreport.com\\\/fr\\\/2025\\\/01\\\/26\\\/gunfire-in-central-goma-dr-congo\\\/#primaryimage\"},\"image\":{\"@id\":\"https:\\\/\\\/africadailyreport.com\\\/fr\\\/2025\\\/01\\\/26\\\/gunfire-in-central-goma-dr-congo\\\/#primaryimage\"},\"thumbnailUrl\":\"https:\\\/\\\/i0.wp.com\\\/africadailyreport.com\\\/wp-content\\\/uploads\\\/2025\\\/01\\\/AFP__20250123__36VN8QY__v3__HighRes__TopshotDrcongoUnrestUn-scaled.jpg?fit=%2C&ssl=1\",\"datePublished\":\"2025-01-26T21:20:27+00:00\",\"dateModified\":\"2025-01-26T21:26:00+00:00\",\"breadcrumb\":{\"@id\":\"https:\\\/\\\/africadailyreport.com\\\/fr\\\/2025\\\/01\\\/26\\\/gunfire-in-central-goma-dr-congo\\\/#breadcrumb\"},\"inLanguage\":\"fr-FR\",\"potentialAction\":[{\"@type\":\"ReadAction\",\"target\":[\"https:\\\/\\\/africadailyreport.com\\\/fr\\\/2025\\\/01\\\/26\\\/gunfire-in-central-goma-dr-congo\\\/\"]}]},{\"@type\":\"ImageObject\",\"inLanguage\":\"fr-FR\",\"@id\":\"https:\\\/\\\/africadailyreport.com\\\/fr\\\/2025\\\/01\\\/26\\\/gunfire-in-central-goma-dr-congo\\\/#primaryimage\",\"url\":\"https:\\\/\\\/i0.wp.com\\\/africadailyreport.com\\\/wp-content\\\/uploads\\\/2025\\\/01\\\/AFP__20250123__36VN8QY__v3__HighRes__TopshotDrcongoUnrestUn-scaled.jpg?fit=%2C&ssl=1\",\"contentUrl\":\"https:\\\/\\\/i0.wp.com\\\/africadailyreport.com\\\/wp-content\\\/uploads\\\/2025\\\/01\\\/AFP__20250123__36VN8QY__v3__HighRes__TopshotDrcongoUnrestUn-scaled.jpg?fit=%2C&ssl=1\",\"caption\":\"Soldiers of the Armed forces of the Democratic republic of Congo (FARDC) ride on top of a tank as they advance towards Sake, 25km north west of Goma, on January 23, 2025. A barren plain surrounded by volcanic peaks and where shelters are rare: in this lunar landscape, the Congolese army is fighting to halt the advance of the M23 towards Goma, a city in the east of the Democratic Republic of Congo. (Photo by Jospin Mwisha \\\/ AFP)\"},{\"@type\":\"BreadcrumbList\",\"@id\":\"https:\\\/\\\/africadailyreport.com\\\/fr\\\/2025\\\/01\\\/26\\\/gunfire-in-central-goma-dr-congo\\\/#breadcrumb\",\"itemListElement\":[{\"@type\":\"ListItem\",\"position\":1,\"name\":\"Home\",\"item\":\"https:\\\/\\\/africadailyreport.com\\\/fr\\\/\"},{\"@type\":\"ListItem\",\"position\":2,\"name\":\"Combats dans l&#8217;est de la RDC: tirs dans le centre de Goma\"}]},{\"@type\":\"WebSite\",\"@id\":\"https:\\\/\\\/africadailyreport.com\\\/fr\\\/#website\",\"url\":\"https:\\\/\\\/africadailyreport.com\\\/fr\\\/\",\"name\":\"Africa Daily Report\",\"description\":\"\",\"publisher\":{\"@id\":\"https:\\\/\\\/africadailyreport.com\\\/fr\\\/#organization\"},\"potentialAction\":[{\"@type\":\"SearchAction\",\"target\":{\"@type\":\"EntryPoint\",\"urlTemplate\":\"https:\\\/\\\/africadailyreport.com\\\/fr\\\/?s={search_term_string}\"},\"query-input\":{\"@type\":\"PropertyValueSpecification\",\"valueRequired\":true,\"valueName\":\"search_term_string\"}}],\"inLanguage\":\"fr-FR\"},{\"@type\":\"Organization\",\"@id\":\"https:\\\/\\\/africadailyreport.com\\\/fr\\\/#organization\",\"name\":\"Africa Daily Report\",\"url\":\"https:\\\/\\\/africadailyreport.com\\\/fr\\\/\",\"logo\":{\"@type\":\"ImageObject\",\"inLanguage\":\"fr-FR\",\"@id\":\"https:\\\/\\\/africadailyreport.com\\\/fr\\\/#\\\/schema\\\/logo\\\/image\\\/\",\"url\":\"https:\\\/\\\/africadailyreport.com\\\/wp-content\\\/uploads\\\/2024\\\/09\\\/ADR-Transparent-Green-Logo-1.png\",\"contentUrl\":\"https:\\\/\\\/africadailyreport.com\\\/wp-content\\\/uploads\\\/2024\\\/09\\\/ADR-Transparent-Green-Logo-1.png\",\"width\":267,\"height\":185,\"caption\":\"Africa Daily Report\"},\"image\":{\"@id\":\"https:\\\/\\\/africadailyreport.com\\\/fr\\\/#\\\/schema\\\/logo\\\/image\\\/\"},\"sameAs\":[\"https:\\\/\\\/www.facebook.com\\\/africadailyreport\",\"https:\\\/\\\/x.com\\\/adr_africa\",\"https:\\\/\\\/www.youtube.com\\\/@africadailyreport\",\"https:\\\/\\\/instagram.com\\\/africadailyreport\"]},{\"@type\":\"Person\",\"@id\":\"https:\\\/\\\/africadailyreport.com\\\/fr\\\/#\\\/schema\\\/person\\\/c44d86d79f5570b3ba4cf70c989843f8\",\"name\":\"ADR\\\/AFP\",\"image\":{\"@type\":\"ImageObject\",\"inLanguage\":\"fr-FR\",\"@id\":\"https:\\\/\\\/secure.gravatar.com\\\/avatar\\\/2fbdc3782aa386b408fd9a36f0bc78ee569c94a7a05670cab3a1d72916408214?s=96&d=mm&r=g\",\"url\":\"https:\\\/\\\/secure.gravatar.com\\\/avatar\\\/2fbdc3782aa386b408fd9a36f0bc78ee569c94a7a05670cab3a1d72916408214?s=96&d=mm&r=g\",\"contentUrl\":\"https:\\\/\\\/secure.gravatar.com\\\/avatar\\\/2fbdc3782aa386b408fd9a36f0bc78ee569c94a7a05670cab3a1d72916408214?s=96&d=mm&r=g\",\"caption\":\"ADR\\\/AFP\"},\"sameAs\":[\"http:\\\/\\\/africadailyreport.com\"],\"url\":\"https:\\\/\\\/africadailyreport.com\\\/fr\\\/author\\\/both\\\/\"}]}<\/script>\n<!-- \/ Yoast SEO Premium plugin. -->","yoast_head_json":{"title":"Combats dans l'est de la RDC: tirs dans le centre de Goma - Africa Daily Report","robots":{"index":"index","follow":"follow","max-snippet":"max-snippet:-1","max-image-preview":"max-image-preview:large","max-video-preview":"max-video-preview:-1"},"canonical":"https:\/\/africadailyreport.com\/fr\/2025\/01\/26\/gunfire-in-central-goma-dr-congo\/","og_locale":"fr_FR","og_type":"article","og_title":"Combats dans l'est de la RDC: tirs dans le centre de Goma","og_description":"Goma,\u00a0DR Congo &#8211; D&rsquo;intenses rafales de tirs r\u00e9sonnent dimanche soir dans le centre de Goma, grande ville de l&rsquo;est de la R\u00e9publique d\u00e9mocratique du Congo assi\u00e9g\u00e9e par des troupes rwandaises et les combattants du groupe arm\u00e9 antigouvernemental M23, selon des journalistes de l&rsquo;AFP. De fortes d\u00e9tonations ont commenc\u00e9 \u00e0 retentir \u00e0 la nuit tomb\u00e9e dans [&hellip;]","og_url":"https:\/\/africadailyreport.com\/fr\/2025\/01\/26\/gunfire-in-central-goma-dr-congo\/","og_site_name":"Africa Daily Report","article_publisher":"https:\/\/www.facebook.com\/africadailyreport","article_published_time":"2025-01-26T21:20:27+00:00","article_modified_time":"2025-01-26T21:26:00+00:00","og_image":[{"url":"https:\/\/africadailyreport.com\/wp-content\/uploads\/2025\/01\/AFP__20250123__36VN8QY__v3__HighRes__TopshotDrcongoUnrestUn-scaled.jpg","width":1,"height":1,"type":"image\/jpeg"}],"author":"ADR\/AFP","twitter_card":"summary_large_image","twitter_creator":"@adr_africa","twitter_site":"@adr_africa","twitter_misc":{"\u00c9crit par":"ADR\/AFP","Dur\u00e9e de lecture estim\u00e9e":"1 minute"},"schema":{"@context":"https:\/\/schema.org","@graph":[{"@type":"Article","@id":"https:\/\/africadailyreport.com\/fr\/2025\/01\/26\/gunfire-in-central-goma-dr-congo\/#article","isPartOf":{"@id":"https:\/\/africadailyreport.com\/fr\/2025\/01\/26\/gunfire-in-central-goma-dr-congo\/"},"author":{"name":"ADR\/AFP","@id":"https:\/\/africadailyreport.com\/fr\/#\/schema\/person\/c44d86d79f5570b3ba4cf70c989843f8"},"headline":"Combats dans l&rsquo;est de la RDC: tirs dans le centre de Goma","datePublished":"2025-01-26T21:20:27+00:00","dateModified":"2025-01-26T21:26:00+00:00","mainEntityOfPage":{"@id":"https:\/\/africadailyreport.com\/fr\/2025\/01\/26\/gunfire-in-central-goma-dr-congo\/"},"wordCount":99,"commentCount":0,"publisher":{"@id":"https:\/\/africadailyreport.com\/fr\/#organization"},"image":{"@id":"https:\/\/africadailyreport.com\/fr\/2025\/01\/26\/gunfire-in-central-goma-dr-congo\/#primaryimage"},"thumbnailUrl":"https:\/\/i0.wp.com\/africadailyreport.com\/wp-content\/uploads\/2025\/01\/AFP__20250123__36VN8QY__v3__HighRes__TopshotDrcongoUnrestUn-scaled.jpg?fit=%2C&ssl=1","keywords":["conflict","conflit","drCONGO","Goma","guerre","gunfire","rdc","Rwanda"],"articleSection":["Actualit\u00e9s","Arm\u00e9e","Guerre","POLITIQUE","RD Congo"],"inLanguage":"fr-FR","potentialAction":[{"@type":"CommentAction","name":"Comment","target":["https:\/\/africadailyreport.com\/fr\/2025\/01\/26\/gunfire-in-central-goma-dr-congo\/#respond"]}],"copyrightYear":"2025","copyrightHolder":{"@id":"https:\/\/africadailyreport.com\/#organization"}},{"@type":"WebPage","@id":"https:\/\/africadailyreport.com\/fr\/2025\/01\/26\/gunfire-in-central-goma-dr-congo\/","url":"https:\/\/africadailyreport.com\/fr\/2025\/01\/26\/gunfire-in-central-goma-dr-congo\/","name":"Combats dans l'est de la RDC: tirs dans le centre de Goma - Africa Daily Report","isPartOf":{"@id":"https:\/\/africadailyreport.com\/fr\/#website"},"primaryImageOfPage":{"@id":"https:\/\/africadailyreport.com\/fr\/2025\/01\/26\/gunfire-in-central-goma-dr-congo\/#primaryimage"},"image":{"@id":"https:\/\/africadailyreport.com\/fr\/2025\/01\/26\/gunfire-in-central-goma-dr-congo\/#primaryimage"},"thumbnailUrl":"https:\/\/i0.wp.com\/africadailyreport.com\/wp-content\/uploads\/2025\/01\/AFP__20250123__36VN8QY__v3__HighRes__TopshotDrcongoUnrestUn-scaled.jpg?fit=%2C&ssl=1","datePublished":"2025-01-26T21:20:27+00:00","dateModified":"2025-01-26T21:26:00+00:00","breadcrumb":{"@id":"https:\/\/africadailyreport.com\/fr\/2025\/01\/26\/gunfire-in-central-goma-dr-congo\/#breadcrumb"},"inLanguage":"fr-FR","potentialAction":[{"@type":"ReadAction","target":["https:\/\/africadailyreport.com\/fr\/2025\/01\/26\/gunfire-in-central-goma-dr-congo\/"]}]},{"@type":"ImageObject","inLanguage":"fr-FR","@id":"https:\/\/africadailyreport.com\/fr\/2025\/01\/26\/gunfire-in-central-goma-dr-congo\/#primaryimage","url":"https:\/\/i0.wp.com\/africadailyreport.com\/wp-content\/uploads\/2025\/01\/AFP__20250123__36VN8QY__v3__HighRes__TopshotDrcongoUnrestUn-scaled.jpg?fit=%2C&ssl=1","contentUrl":"https:\/\/i0.wp.com\/africadailyreport.com\/wp-content\/uploads\/2025\/01\/AFP__20250123__36VN8QY__v3__HighRes__TopshotDrcongoUnrestUn-scaled.jpg?fit=%2C&ssl=1","caption":"Soldiers of the Armed forces of the Democratic republic of Congo (FARDC) ride on top of a tank as they advance towards Sake, 25km north west of Goma, on January 23, 2025. A barren plain surrounded by volcanic peaks and where shelters are rare: in this lunar landscape, the Congolese army is fighting to halt the advance of the M23 towards Goma, a city in the east of the Democratic Republic of Congo. (Photo by Jospin Mwisha \/ AFP)"},{"@type":"BreadcrumbList","@id":"https:\/\/africadailyreport.com\/fr\/2025\/01\/26\/gunfire-in-central-goma-dr-congo\/#breadcrumb","itemListElement":[{"@type":"ListItem","position":1,"name":"Home","item":"https:\/\/africadailyreport.com\/fr\/"},{"@type":"ListItem","position":2,"name":"Combats dans l&#8217;est de la RDC: tirs dans le centre de Goma"}]},{"@type":"WebSite","@id":"https:\/\/africadailyreport.com\/fr\/#website","url":"https:\/\/africadailyreport.com\/fr\/","name":"Africa Daily Report","description":"","publisher":{"@id":"https:\/\/africadailyreport.com\/fr\/#organization"},"potentialAction":[{"@type":"SearchAction","target":{"@type":"EntryPoint","urlTemplate":"https:\/\/africadailyreport.com\/fr\/?s={search_term_string}"},"query-input":{"@type":"PropertyValueSpecification","valueRequired":true,"valueName":"search_term_string"}}],"inLanguage":"fr-FR"},{"@type":"Organization","@id":"https:\/\/africadailyreport.com\/fr\/#organization","name":"Africa Daily Report","url":"https:\/\/africadailyreport.com\/fr\/","logo":{"@type":"ImageObject","inLanguage":"fr-FR","@id":"https:\/\/africadailyreport.com\/fr\/#\/schema\/logo\/image\/","url":"https:\/\/africadailyreport.com\/wp-content\/uploads\/2024\/09\/ADR-Transparent-Green-Logo-1.png","contentUrl":"https:\/\/africadailyreport.com\/wp-content\/uploads\/2024\/09\/ADR-Transparent-Green-Logo-1.png","width":267,"height":185,"caption":"Africa Daily Report"},"image":{"@id":"https:\/\/africadailyreport.com\/fr\/#\/schema\/logo\/image\/"},"sameAs":["https:\/\/www.facebook.com\/africadailyreport","https:\/\/x.com\/adr_africa","https:\/\/www.youtube.com\/@africadailyreport","https:\/\/instagram.com\/africadailyreport"]},{"@type":"Person","@id":"https:\/\/africadailyreport.com\/fr\/#\/schema\/person\/c44d86d79f5570b3ba4cf70c989843f8","name":"ADR\/AFP","image":{"@type":"ImageObject","inLanguage":"fr-FR","@id":"https:\/\/secure.gravatar.com\/avatar\/2fbdc3782aa386b408fd9a36f0bc78ee569c94a7a05670cab3a1d72916408214?s=96&d=mm&r=g","url":"https:\/\/secure.gravatar.com\/avatar\/2fbdc3782aa386b408fd9a36f0bc78ee569c94a7a05670cab3a1d72916408214?s=96&d=mm&r=g","contentUrl":"https:\/\/secure.gravatar.com\/avatar\/2fbdc3782aa386b408fd9a36f0bc78ee569c94a7a05670cab3a1d72916408214?s=96&d=mm&r=g","caption":"ADR\/AFP"},"sameAs":["http:\/\/africadailyreport.com"],"url":"https:\/\/africadailyreport.com\/fr\/author\/both\/"}]}},"jetpack_featured_media_url":"https:\/\/i0.wp.com\/africadailyreport.com\/wp-content\/uploads\/2025\/01\/AFP__20250123__36VN8QY__v3__HighRes__TopshotDrcongoUnrestUn-scaled.jpg?fit=%2C&ssl=1","jetpack_sharing_enabled":true,"amp_enabled":true,"_links":{"self":[{"href":"https:\/\/africadailyreport.com\/fr\/wp-json\/wp\/v2\/posts\/16220","targetHints":{"allow":["GET"]}}],"collection":[{"href":"https:\/\/africadailyreport.com\/fr\/wp-json\/wp\/v2\/posts"}],"about":[{"href":"https:\/\/africadailyreport.com\/fr\/wp-json\/wp\/v2\/types\/post"}],"author":[{"embeddable":true,"href":"https:\/\/africadailyreport.com\/fr\/wp-json\/wp\/v2\/users\/10"}],"replies":[{"embeddable":true,"href":"https:\/\/africadailyreport.com\/fr\/wp-json\/wp\/v2\/comments?post=16220"}],"version-history":[{"count":3,"href":"https:\/\/africadailyreport.com\/fr\/wp-json\/wp\/v2\/posts\/16220\/revisions"}],"predecessor-version":[{"id":16225,"href":"https:\/\/africadailyreport.com\/fr\/wp-json\/wp\/v2\/posts\/16220\/revisions\/16225"}],"wp:featuredmedia":[{"embeddable":true,"href":"https:\/\/africadailyreport.com\/fr\/wp-json\/wp\/v2\/media\/16218"}],"wp:attachment":[{"href":"https:\/\/africadailyreport.com\/fr\/wp-json\/wp\/v2\/media?parent=16220"}],"wp:term":[{"taxonomy":"category","embeddable":true,"href":"https:\/\/africadailyreport.com\/fr\/wp-json\/wp\/v2\/categories?post=16220"},{"taxonomy":"post_tag","embeddable":true,"href":"https:\/\/africadailyreport.com\/fr\/wp-json\/wp\/v2\/tags?post=16220"},{"taxonomy":"adr_country","embeddable":true,"href":"https:\/\/africadailyreport.com\/fr\/wp-json\/wp\/v2\/adr_country?post=16220"}],"curies":[{"name":"wp","href":"https:\/\/api.w.org\/{rel}","templated":true}]}}