{"id":16115,"date":"2025-01-25T02:46:39","date_gmt":"2025-01-25T02:46:39","guid":{"rendered":"https:\/\/africadailyreport.com\/2025\/01\/25\/est-de-la-rdc-intenses-combats-les-casques-bleus-engages-contre-le-m23\/"},"modified":"2025-01-25T04:25:29","modified_gmt":"2025-01-25T04:25:29","slug":"est-de-la-rdc-intenses-combats-les-casques-bleus-engages-contre-le-m23","status":"publish","type":"post","link":"https:\/\/africadailyreport.com\/fr\/2025\/01\/25\/est-de-la-rdc-intenses-combats-les-casques-bleus-engages-contre-le-m23\/","title":{"rendered":"Est de la RDC: intenses combats, les Casques bleus \u00ab\u00a0engag\u00e9s\u00a0\u00bb contre le M23"},"content":{"rendered":"\n<h2 class=\"wp-block-heading\" id=\"h-goma-rd-congo-d-intenses-affrontements-ont-oppose-vendredi-dans-l-est-de-la-rdc-le-groupe-arme-antigouvernemental-m23-soutenu-par-le-rwanda-et-l-armee-congolaise-appuyee-par-des-unites-d-elite-de-casques-bleus-des-nations-unies\"><strong><em>Goma,\u00a0RD Congo &#8211;<\/em><\/strong> D&rsquo;intenses affrontements ont oppos\u00e9 vendredi dans l&rsquo;est de la RDC le groupe arm\u00e9 antigouvernemental M23, soutenu par le Rwanda, et\u00a0l&rsquo;arm\u00e9e congolaise, appuy\u00e9e par des unit\u00e9s d&rsquo;\u00e9lite de Casques bleus des Nations unies.<\/h2>\n\n\n\n\n\n<p>Apr\u00e8s l&rsquo;\u00e9chec d&rsquo;une m\u00e9diation RDC-Rwanda sous l&rsquo;\u00e9gide de l&rsquo;Angola, le M23 a repris du terrain ces derni\u00e8res semaines et les combats se sont intensifi\u00e9s autour de la capitale provinciale du Nord-Kivu, Goma, qui compte un million d&rsquo;habitants et au moins autant de d\u00e9plac\u00e9s.<\/p>\n\n\n\n<p>La Mission des Nations unies en R\u00e9publique d\u00e9mocratique du Congo (Monusco) a indiqu\u00e9 vendredi que \u00ab\u00a0les Forces de r\u00e9action rapide (QRF), unit\u00e9 d&rsquo;\u00e9lite de la Monusco, ont \u00e9t\u00e9 activement engag\u00e9es dans des combats intenses\u00a0\u00bb.<\/p>\n\n\n\n<p>\u00ab\u00a0Au cours des 48 derni\u00e8res heures, l&rsquo;artillerie lourde de la Monusco a men\u00e9 des missions de tir contre les positions du M23\u00a0\u00bb, a pr\u00e9cis\u00e9 l&rsquo;organisation. Quelque 15.000 Casques bleus sont pr\u00e9sents en RDC.<\/p>\n\n\n\n<p>A Kinshasa, au sortir d&rsquo;un conseil de d\u00e9fense pr\u00e9sid\u00e9 par le chef d\u2019\u00c9tat congolais F\u00e9lix Tshisekedi, l&rsquo;arm\u00e9e a confirm\u00e9 la mort du gouverneur militaire du Nord-Kivu, le g\u00e9n\u00e9ral Peter Cirimwami, bless\u00e9 par balle jeudi pr\u00e8s d&rsquo;une ligne de front.<\/p>\n\n\n\n<p>L&rsquo;ONU a annonc\u00e9 convoquer une r\u00e9union d&rsquo;urgence du Conseil de S\u00e9curit\u00e9 lundi au sujet de ces combats.<\/p>\n\n\n\n<p>Le secr\u00e9taire g\u00e9n\u00e9ral des Nations Unies Antonio Guterres s&rsquo;est dit jeudi \u00ab\u00a0alarm\u00e9\u00a0\u00bb par un regain de violences qui pourrait aggraver \u00ab\u00a0le risque d&rsquo;une guerre r\u00e9gionale\u00a0\u00bb.<\/p>\n\n\n\n<p>L&rsquo;ambassade am\u00e9ricaine en RDC a appel\u00e9 sur X ses ressortissants \u00e0 \u00ab\u00a0se rendre dans un endroit plus s\u00fbr tant que les a\u00e9roports et les fronti\u00e8res sont encore ouverts\u00a0\u00bb. Le minist\u00e8re des Affaires \u00e9trang\u00e8res britannique a fait de m\u00eame, tout comme l&rsquo;ambassade de France en RDC qui a alert\u00e9 contre un \u00ab\u00a0risque de d\u00e9gradation rapide\u00a0\u00bb.<\/p>\n\n\n\n<h2 class=\"wp-block-heading\" id=\"h-combats-a-20-km\">&#8211; Combats \u00e0 20 km &#8211;<\/h2>\n\n\n\n<p>Toute la journ\u00e9e, des affrontements ont eu lieu \u00e0 une vingtaine de kilom\u00e8tres seulement de Goma, ville au c\u0153ur des violences qui secouent l&rsquo;est de la RDC depuis 30 ans, selon des sources militaires et s\u00e9curitaires. Des coupures \u00e9pisodiques de r\u00e9seau mobile, d&rsquo;internet et d&rsquo;\u00e9lectricit\u00e9 ont affect\u00e9 la ville.<\/p>\n\n\n\n<p>Goma avait \u00e9t\u00e9 bri\u00e8vement occup\u00e9e fin 2012 par le M23 (\u00ab\u00a0Mouvement du 23 mars\u00a0\u00bb), n\u00e9 cette ann\u00e9e-l\u00e0 et vaincu militairement l&rsquo;ann\u00e9e suivante.<\/p>\n\n\n\n<p>Depuis plusieurs jours, des combattants du M23 post\u00e9s dans les collines autour de la ville tirent des obus, selon des militaires post\u00e9s dans la zone.&nbsp;Les forces congolaises disent riposter avec des lance-roquettes multiples, visibles \u00e0 la remorque de leurs pickups.<\/p>\n\n\n\n<p>Autour de Sake, o\u00f9 des combats ont fait rage jeudi \u00e0 une vingtaine de kilom\u00e8tres \u00e0 l&rsquo;ouest de Goma, le M23 est toujours pr\u00e9sent, selon une source militaire.<\/p>\n\n\n\n<p>Des h\u00e9licopt\u00e8res de combat de l&rsquo;arm\u00e9e congolaise (FARDC) sont partis dans la matin\u00e9e vers Sake, selon des t\u00e9moins.<\/p>\n\n\n\n<p>De nombreux civils, qui ont souvent d\u00e9j\u00e0 fui plusieurs fois, ont une nouvelle fois quitt\u00e9 leur foyer. Selon l&rsquo;ONU, 400.000 personnes ont \u00e9t\u00e9 d\u00e9plac\u00e9es par les combats depuis d\u00e9but janvier.<\/p>\n\n\n\n<p>\u00ab\u00a0Le nombre de d\u00e9placements est d\u00e9sormais de plus de 400.000 personnes rien que pour cette ann\u00e9e, soit presque le double du nombre signal\u00e9 la semaine derni\u00e8re\u00a0\u00bb, a d\u00e9clar\u00e9 \u00e0 la presse un porte-parole de l&rsquo;agence de l&rsquo;ONU pour les r\u00e9fugi\u00e9s (HCR), Matthew Saltmarsh.<\/p>\n\n\n\n<p>Le conflit entre le M23, soutenu par 3.000 \u00e0 4.000 soldats rwandais d\u00e9ploy\u00e9s dans l&rsquo;est selon l&rsquo;ONU, et l&rsquo;arm\u00e9e congolaise dure depuis plus de trois ans et a aggrav\u00e9 une crise humanitaire chronique dans la r\u00e9gion.<\/p>\n\n\n\n<p>La RDC accuse le Rwanda de vouloir faire main basse sur les richesses de l&rsquo;Est congolais, ce que Kigali conteste.<\/p>\n\n\n\n<p>Une rencontre&nbsp;entre les pr\u00e9sidents congolais F\u00e9lix Tshisekedi et rwandais Paul Kagame, dans le cadre du processus de paix chapeaut\u00e9 par l&rsquo;Angola, d\u00e9sign\u00e9 m\u00e9diateur par l&rsquo;Union africaine, a \u00e9t\u00e9 annul\u00e9e en d\u00e9cembre faute d&rsquo;entente sur les conditions d&rsquo;un accord.<\/p>\n\n\n\n<p>La Turquie, tr\u00e8s active sur le continent africain, a propos\u00e9 jeudi de mener une m\u00e9diation RDC-Rwanda.<\/p>\n\n\n\n<p>Une demi-douzaine de cessez-le-feu et tr\u00eaves ont d\u00e9j\u00e0 \u00e9t\u00e9 d\u00e9cr\u00e9t\u00e9s dans la r\u00e9gion, puis rompus. Le dernier cessez-le-feu avait \u00e9t\u00e9 sign\u00e9 fin juillet.<\/p>\n\n\n\n<p><\/p>\n\n\n\n<p>\u00a9 Agence France-Presse<\/p>\n","protected":false},"excerpt":{"rendered":"<p>Goma,\u00a0RD Congo &#8211; D&rsquo;intenses affrontements ont oppos\u00e9 vendredi dans l&rsquo;est de la RDC le groupe arm\u00e9 antigouvernemental M23, soutenu par le Rwanda, et\u00a0l&rsquo;arm\u00e9e congolaise, appuy\u00e9e par des unit\u00e9s d&rsquo;\u00e9lite de Casques bleus des Nations unies. Apr\u00e8s l&rsquo;\u00e9chec d&rsquo;une m\u00e9diation RDC-Rwanda sous l&rsquo;\u00e9gide de l&rsquo;Angola, le M23 a repris du terrain ces derni\u00e8res semaines et les [&hellip;]<\/p>\n","protected":false},"author":10,"featured_media":16113,"comment_status":"open","ping_status":"open","sticky":false,"template":"","format":"standard","meta":{"_acf_changed":false,"om_disable_all_campaigns":false,"_monsterinsights_skip_tracking":false,"_monsterinsights_sitenote_active":false,"_monsterinsights_sitenote_note":"","_monsterinsights_sitenote_category":0,"tdm_status":"","tdm_grid_status":"","_jetpack_newsletter_access":"","_jetpack_dont_email_post_to_subs":false,"_jetpack_newsletter_tier_id":0,"_jetpack_memberships_contains_paywalled_content":false,"_jetpack_memberships_contains_paid_content":false,"footnotes":""},"categories":[293,1241,1008,2463,1765],"tags":[1228,1126,2569,2312,313,863],"adr_country":[1089,1667],"class_list":{"0":"post-16115","1":"post","2":"type-post","3":"status-publish","4":"format-standard","5":"has-post-thumbnail","7":"category-actualites-fr","8":"category-lead-2-fr","9":"category-politics-fr","10":"category-security-fr","11":"category-war-fr","12":"tag-dr-congo-fr","13":"tag-drc-fr","14":"tag-est-fr","15":"tag-goma-fr","16":"tag-rdc-fr","17":"tag-rwanda-fr","18":"adr_country-d-r-congo","19":"adr_country-rd-congo-fr"},"acf":{"post_version":""},"yoast_head":"<!-- This site is optimized with the Yoast SEO Premium plugin v26.0 (Yoast SEO v27.4) - https:\/\/yoast.com\/product\/yoast-seo-premium-wordpress\/ -->\n<title>Est de la RDC: intenses combats, les Casques bleus &quot;engag\u00e9s&quot; contre le M23 - Africa Daily Report<\/title>\n<meta name=\"robots\" content=\"index, follow, max-snippet:-1, max-image-preview:large, max-video-preview:-1\" \/>\n<link rel=\"canonical\" href=\"https:\/\/africadailyreport.com\/fr\/2025\/01\/25\/est-de-la-rdc-intenses-combats-les-casques-bleus-engages-contre-le-m23\/\" \/>\n<meta property=\"og:locale\" content=\"fr_FR\" \/>\n<meta property=\"og:type\" content=\"article\" \/>\n<meta property=\"og:title\" content=\"Est de la RDC: intenses combats, les Casques bleus &quot;engag\u00e9s&quot; contre le M23\" \/>\n<meta property=\"og:description\" content=\"Goma,\u00a0RD Congo &#8211; D&rsquo;intenses affrontements ont oppos\u00e9 vendredi dans l&rsquo;est de la RDC le groupe arm\u00e9 antigouvernemental M23, soutenu par le Rwanda, et\u00a0l&rsquo;arm\u00e9e congolaise, appuy\u00e9e par des unit\u00e9s d&rsquo;\u00e9lite de Casques bleus des Nations unies. Apr\u00e8s l&rsquo;\u00e9chec d&rsquo;une m\u00e9diation RDC-Rwanda sous l&rsquo;\u00e9gide de l&rsquo;Angola, le M23 a repris du terrain ces derni\u00e8res semaines et les [&hellip;]\" \/>\n<meta property=\"og:url\" content=\"https:\/\/africadailyreport.com\/fr\/2025\/01\/25\/est-de-la-rdc-intenses-combats-les-casques-bleus-engages-contre-le-m23\/\" \/>\n<meta property=\"og:site_name\" content=\"Africa Daily Report\" \/>\n<meta property=\"article:publisher\" content=\"https:\/\/www.facebook.com\/africadailyreport\" \/>\n<meta property=\"article:published_time\" content=\"2025-01-25T02:46:39+00:00\" \/>\n<meta property=\"article:modified_time\" content=\"2025-01-25T04:25:29+00:00\" \/>\n<meta property=\"og:image\" content=\"https:\/\/africadailyreport.com\/wp-content\/uploads\/2025\/01\/AFP__20250123__36VN7LR__v5__HighRes__TopshotDrcongoUnrest-scaled.jpg\" \/>\n\t<meta property=\"og:image:width\" content=\"1\" \/>\n\t<meta property=\"og:image:height\" content=\"1\" \/>\n\t<meta property=\"og:image:type\" content=\"image\/jpeg\" \/>\n<meta name=\"author\" content=\"ADR\/AFP\" \/>\n<meta name=\"twitter:card\" content=\"summary_large_image\" \/>\n<meta name=\"twitter:creator\" content=\"@adr_africa\" \/>\n<meta name=\"twitter:site\" content=\"@adr_africa\" \/>\n<meta name=\"twitter:label1\" content=\"\u00c9crit par\" \/>\n\t<meta name=\"twitter:data1\" content=\"ADR\/AFP\" \/>\n<script type=\"application\/ld+json\" class=\"yoast-schema-graph\">{\"@context\":\"https:\\\/\\\/schema.org\",\"@graph\":[{\"@type\":\"Article\",\"@id\":\"https:\\\/\\\/africadailyreport.com\\\/fr\\\/2025\\\/01\\\/25\\\/est-de-la-rdc-intenses-combats-les-casques-bleus-engages-contre-le-m23\\\/#article\",\"isPartOf\":{\"@id\":\"https:\\\/\\\/africadailyreport.com\\\/fr\\\/2025\\\/01\\\/25\\\/est-de-la-rdc-intenses-combats-les-casques-bleus-engages-contre-le-m23\\\/\"},\"author\":{\"name\":\"ADR\\\/AFP\",\"@id\":\"https:\\\/\\\/africadailyreport.com\\\/fr\\\/#\\\/schema\\\/person\\\/c44d86d79f5570b3ba4cf70c989843f8\"},\"headline\":\"Est de la RDC: intenses combats, les Casques bleus \u00ab\u00a0engag\u00e9s\u00a0\u00bb contre le M23\",\"datePublished\":\"2025-01-25T02:46:39+00:00\",\"dateModified\":\"2025-01-25T04:25:29+00:00\",\"mainEntityOfPage\":{\"@id\":\"https:\\\/\\\/africadailyreport.com\\\/fr\\\/2025\\\/01\\\/25\\\/est-de-la-rdc-intenses-combats-les-casques-bleus-engages-contre-le-m23\\\/\"},\"wordCount\":776,\"commentCount\":0,\"publisher\":{\"@id\":\"https:\\\/\\\/africadailyreport.com\\\/fr\\\/#organization\"},\"image\":{\"@id\":\"https:\\\/\\\/africadailyreport.com\\\/fr\\\/2025\\\/01\\\/25\\\/est-de-la-rdc-intenses-combats-les-casques-bleus-engages-contre-le-m23\\\/#primaryimage\"},\"thumbnailUrl\":\"https:\\\/\\\/i0.wp.com\\\/africadailyreport.com\\\/wp-content\\\/uploads\\\/2025\\\/01\\\/AFP__20250123__36VN7LR__v5__HighRes__TopshotDrcongoUnrest-scaled.jpg?fit=%2C&ssl=1\",\"keywords\":[\"dr congo\",\"DRC\",\"Est\",\"Goma\",\"rdc\",\"Rwanda\"],\"articleSection\":[\"Actualit\u00e9s\",\"LEAD\",\"Politics\",\"Security\",\"war\"],\"inLanguage\":\"fr-FR\",\"potentialAction\":[{\"@type\":\"CommentAction\",\"name\":\"Comment\",\"target\":[\"https:\\\/\\\/africadailyreport.com\\\/fr\\\/2025\\\/01\\\/25\\\/est-de-la-rdc-intenses-combats-les-casques-bleus-engages-contre-le-m23\\\/#respond\"]}],\"copyrightYear\":\"2025\",\"copyrightHolder\":{\"@id\":\"https:\\\/\\\/africadailyreport.com\\\/#organization\"}},{\"@type\":\"WebPage\",\"@id\":\"https:\\\/\\\/africadailyreport.com\\\/fr\\\/2025\\\/01\\\/25\\\/est-de-la-rdc-intenses-combats-les-casques-bleus-engages-contre-le-m23\\\/\",\"url\":\"https:\\\/\\\/africadailyreport.com\\\/fr\\\/2025\\\/01\\\/25\\\/est-de-la-rdc-intenses-combats-les-casques-bleus-engages-contre-le-m23\\\/\",\"name\":\"Est de la RDC: intenses combats, les Casques bleus \\\"engag\u00e9s\\\" contre le M23 - Africa Daily Report\",\"isPartOf\":{\"@id\":\"https:\\\/\\\/africadailyreport.com\\\/fr\\\/#website\"},\"primaryImageOfPage\":{\"@id\":\"https:\\\/\\\/africadailyreport.com\\\/fr\\\/2025\\\/01\\\/25\\\/est-de-la-rdc-intenses-combats-les-casques-bleus-engages-contre-le-m23\\\/#primaryimage\"},\"image\":{\"@id\":\"https:\\\/\\\/africadailyreport.com\\\/fr\\\/2025\\\/01\\\/25\\\/est-de-la-rdc-intenses-combats-les-casques-bleus-engages-contre-le-m23\\\/#primaryimage\"},\"thumbnailUrl\":\"https:\\\/\\\/i0.wp.com\\\/africadailyreport.com\\\/wp-content\\\/uploads\\\/2025\\\/01\\\/AFP__20250123__36VN7LR__v5__HighRes__TopshotDrcongoUnrest-scaled.jpg?fit=%2C&ssl=1\",\"datePublished\":\"2025-01-25T02:46:39+00:00\",\"dateModified\":\"2025-01-25T04:25:29+00:00\",\"breadcrumb\":{\"@id\":\"https:\\\/\\\/africadailyreport.com\\\/fr\\\/2025\\\/01\\\/25\\\/est-de-la-rdc-intenses-combats-les-casques-bleus-engages-contre-le-m23\\\/#breadcrumb\"},\"inLanguage\":\"fr-FR\",\"potentialAction\":[{\"@type\":\"ReadAction\",\"target\":[\"https:\\\/\\\/africadailyreport.com\\\/fr\\\/2025\\\/01\\\/25\\\/est-de-la-rdc-intenses-combats-les-casques-bleus-engages-contre-le-m23\\\/\"]}]},{\"@type\":\"ImageObject\",\"inLanguage\":\"fr-FR\",\"@id\":\"https:\\\/\\\/africadailyreport.com\\\/fr\\\/2025\\\/01\\\/25\\\/est-de-la-rdc-intenses-combats-les-casques-bleus-engages-contre-le-m23\\\/#primaryimage\",\"url\":\"https:\\\/\\\/i0.wp.com\\\/africadailyreport.com\\\/wp-content\\\/uploads\\\/2025\\\/01\\\/AFP__20250123__36VN7LR__v5__HighRes__TopshotDrcongoUnrest-scaled.jpg?fit=%2C&ssl=1\",\"contentUrl\":\"https:\\\/\\\/i0.wp.com\\\/africadailyreport.com\\\/wp-content\\\/uploads\\\/2025\\\/01\\\/AFP__20250123__36VN7LR__v5__HighRes__TopshotDrcongoUnrest-scaled.jpg?fit=%2C&ssl=1\",\"caption\":\"A Wazalendo (Patriots in Swahili) militiaman, part of a group of pro-government militias, gestures in front of a armored personnel carrier from the uruguayan contingent of the United Nations Organization Stabilization Mission in the Democratic Republic of the Congo (MONUSCO) along the road leading to the entrance of the town of Sake, 25km north-west of Goma, on January 23, 2025. The M23 armed group has seized further territory in the east of the Democratic Republic of Congo and on Thursday was continuing to tighten its grip on provincial capital Goma, which is almost surrounded by fighting. (Photo by Michael Lunanga \\\/ AFP)\"},{\"@type\":\"BreadcrumbList\",\"@id\":\"https:\\\/\\\/africadailyreport.com\\\/fr\\\/2025\\\/01\\\/25\\\/est-de-la-rdc-intenses-combats-les-casques-bleus-engages-contre-le-m23\\\/#breadcrumb\",\"itemListElement\":[{\"@type\":\"ListItem\",\"position\":1,\"name\":\"Home\",\"item\":\"https:\\\/\\\/africadailyreport.com\\\/fr\\\/\"},{\"@type\":\"ListItem\",\"position\":2,\"name\":\"Est de la RDC: intenses combats, les Casques bleus &#8220;engag\u00e9s&#8221; contre le M23\"}]},{\"@type\":\"WebSite\",\"@id\":\"https:\\\/\\\/africadailyreport.com\\\/fr\\\/#website\",\"url\":\"https:\\\/\\\/africadailyreport.com\\\/fr\\\/\",\"name\":\"Africa Daily Report\",\"description\":\"\",\"publisher\":{\"@id\":\"https:\\\/\\\/africadailyreport.com\\\/fr\\\/#organization\"},\"potentialAction\":[{\"@type\":\"SearchAction\",\"target\":{\"@type\":\"EntryPoint\",\"urlTemplate\":\"https:\\\/\\\/africadailyreport.com\\\/fr\\\/?s={search_term_string}\"},\"query-input\":{\"@type\":\"PropertyValueSpecification\",\"valueRequired\":true,\"valueName\":\"search_term_string\"}}],\"inLanguage\":\"fr-FR\"},{\"@type\":\"Organization\",\"@id\":\"https:\\\/\\\/africadailyreport.com\\\/fr\\\/#organization\",\"name\":\"Africa Daily Report\",\"url\":\"https:\\\/\\\/africadailyreport.com\\\/fr\\\/\",\"logo\":{\"@type\":\"ImageObject\",\"inLanguage\":\"fr-FR\",\"@id\":\"https:\\\/\\\/africadailyreport.com\\\/fr\\\/#\\\/schema\\\/logo\\\/image\\\/\",\"url\":\"https:\\\/\\\/africadailyreport.com\\\/wp-content\\\/uploads\\\/2024\\\/09\\\/ADR-Transparent-Green-Logo-1.png\",\"contentUrl\":\"https:\\\/\\\/africadailyreport.com\\\/wp-content\\\/uploads\\\/2024\\\/09\\\/ADR-Transparent-Green-Logo-1.png\",\"width\":267,\"height\":185,\"caption\":\"Africa Daily Report\"},\"image\":{\"@id\":\"https:\\\/\\\/africadailyreport.com\\\/fr\\\/#\\\/schema\\\/logo\\\/image\\\/\"},\"sameAs\":[\"https:\\\/\\\/www.facebook.com\\\/africadailyreport\",\"https:\\\/\\\/x.com\\\/adr_africa\",\"https:\\\/\\\/www.youtube.com\\\/@africadailyreport\",\"https:\\\/\\\/instagram.com\\\/africadailyreport\"]},{\"@type\":\"Person\",\"@id\":\"https:\\\/\\\/africadailyreport.com\\\/fr\\\/#\\\/schema\\\/person\\\/c44d86d79f5570b3ba4cf70c989843f8\",\"name\":\"ADR\\\/AFP\",\"image\":{\"@type\":\"ImageObject\",\"inLanguage\":\"fr-FR\",\"@id\":\"https:\\\/\\\/secure.gravatar.com\\\/avatar\\\/2fbdc3782aa386b408fd9a36f0bc78ee569c94a7a05670cab3a1d72916408214?s=96&d=mm&r=g\",\"url\":\"https:\\\/\\\/secure.gravatar.com\\\/avatar\\\/2fbdc3782aa386b408fd9a36f0bc78ee569c94a7a05670cab3a1d72916408214?s=96&d=mm&r=g\",\"contentUrl\":\"https:\\\/\\\/secure.gravatar.com\\\/avatar\\\/2fbdc3782aa386b408fd9a36f0bc78ee569c94a7a05670cab3a1d72916408214?s=96&d=mm&r=g\",\"caption\":\"ADR\\\/AFP\"},\"sameAs\":[\"http:\\\/\\\/africadailyreport.com\"],\"url\":\"https:\\\/\\\/africadailyreport.com\\\/fr\\\/author\\\/both\\\/\"}]}<\/script>\n<!-- \/ Yoast SEO Premium plugin. -->","yoast_head_json":{"title":"Est de la RDC: intenses combats, les Casques bleus \"engag\u00e9s\" contre le M23 - Africa Daily Report","robots":{"index":"index","follow":"follow","max-snippet":"max-snippet:-1","max-image-preview":"max-image-preview:large","max-video-preview":"max-video-preview:-1"},"canonical":"https:\/\/africadailyreport.com\/fr\/2025\/01\/25\/est-de-la-rdc-intenses-combats-les-casques-bleus-engages-contre-le-m23\/","og_locale":"fr_FR","og_type":"article","og_title":"Est de la RDC: intenses combats, les Casques bleus \"engag\u00e9s\" contre le M23","og_description":"Goma,\u00a0RD Congo &#8211; D&rsquo;intenses affrontements ont oppos\u00e9 vendredi dans l&rsquo;est de la RDC le groupe arm\u00e9 antigouvernemental M23, soutenu par le Rwanda, et\u00a0l&rsquo;arm\u00e9e congolaise, appuy\u00e9e par des unit\u00e9s d&rsquo;\u00e9lite de Casques bleus des Nations unies. Apr\u00e8s l&rsquo;\u00e9chec d&rsquo;une m\u00e9diation RDC-Rwanda sous l&rsquo;\u00e9gide de l&rsquo;Angola, le M23 a repris du terrain ces derni\u00e8res semaines et les [&hellip;]","og_url":"https:\/\/africadailyreport.com\/fr\/2025\/01\/25\/est-de-la-rdc-intenses-combats-les-casques-bleus-engages-contre-le-m23\/","og_site_name":"Africa Daily Report","article_publisher":"https:\/\/www.facebook.com\/africadailyreport","article_published_time":"2025-01-25T02:46:39+00:00","article_modified_time":"2025-01-25T04:25:29+00:00","og_image":[{"url":"https:\/\/africadailyreport.com\/wp-content\/uploads\/2025\/01\/AFP__20250123__36VN7LR__v5__HighRes__TopshotDrcongoUnrest-scaled.jpg","width":1,"height":1,"type":"image\/jpeg"}],"author":"ADR\/AFP","twitter_card":"summary_large_image","twitter_creator":"@adr_africa","twitter_site":"@adr_africa","twitter_misc":{"\u00c9crit par":"ADR\/AFP"},"schema":{"@context":"https:\/\/schema.org","@graph":[{"@type":"Article","@id":"https:\/\/africadailyreport.com\/fr\/2025\/01\/25\/est-de-la-rdc-intenses-combats-les-casques-bleus-engages-contre-le-m23\/#article","isPartOf":{"@id":"https:\/\/africadailyreport.com\/fr\/2025\/01\/25\/est-de-la-rdc-intenses-combats-les-casques-bleus-engages-contre-le-m23\/"},"author":{"name":"ADR\/AFP","@id":"https:\/\/africadailyreport.com\/fr\/#\/schema\/person\/c44d86d79f5570b3ba4cf70c989843f8"},"headline":"Est de la RDC: intenses combats, les Casques bleus \u00ab\u00a0engag\u00e9s\u00a0\u00bb contre le M23","datePublished":"2025-01-25T02:46:39+00:00","dateModified":"2025-01-25T04:25:29+00:00","mainEntityOfPage":{"@id":"https:\/\/africadailyreport.com\/fr\/2025\/01\/25\/est-de-la-rdc-intenses-combats-les-casques-bleus-engages-contre-le-m23\/"},"wordCount":776,"commentCount":0,"publisher":{"@id":"https:\/\/africadailyreport.com\/fr\/#organization"},"image":{"@id":"https:\/\/africadailyreport.com\/fr\/2025\/01\/25\/est-de-la-rdc-intenses-combats-les-casques-bleus-engages-contre-le-m23\/#primaryimage"},"thumbnailUrl":"https:\/\/i0.wp.com\/africadailyreport.com\/wp-content\/uploads\/2025\/01\/AFP__20250123__36VN7LR__v5__HighRes__TopshotDrcongoUnrest-scaled.jpg?fit=%2C&ssl=1","keywords":["dr congo","DRC","Est","Goma","rdc","Rwanda"],"articleSection":["Actualit\u00e9s","LEAD","Politics","Security","war"],"inLanguage":"fr-FR","potentialAction":[{"@type":"CommentAction","name":"Comment","target":["https:\/\/africadailyreport.com\/fr\/2025\/01\/25\/est-de-la-rdc-intenses-combats-les-casques-bleus-engages-contre-le-m23\/#respond"]}],"copyrightYear":"2025","copyrightHolder":{"@id":"https:\/\/africadailyreport.com\/#organization"}},{"@type":"WebPage","@id":"https:\/\/africadailyreport.com\/fr\/2025\/01\/25\/est-de-la-rdc-intenses-combats-les-casques-bleus-engages-contre-le-m23\/","url":"https:\/\/africadailyreport.com\/fr\/2025\/01\/25\/est-de-la-rdc-intenses-combats-les-casques-bleus-engages-contre-le-m23\/","name":"Est de la RDC: intenses combats, les Casques bleus \"engag\u00e9s\" contre le M23 - Africa Daily Report","isPartOf":{"@id":"https:\/\/africadailyreport.com\/fr\/#website"},"primaryImageOfPage":{"@id":"https:\/\/africadailyreport.com\/fr\/2025\/01\/25\/est-de-la-rdc-intenses-combats-les-casques-bleus-engages-contre-le-m23\/#primaryimage"},"image":{"@id":"https:\/\/africadailyreport.com\/fr\/2025\/01\/25\/est-de-la-rdc-intenses-combats-les-casques-bleus-engages-contre-le-m23\/#primaryimage"},"thumbnailUrl":"https:\/\/i0.wp.com\/africadailyreport.com\/wp-content\/uploads\/2025\/01\/AFP__20250123__36VN7LR__v5__HighRes__TopshotDrcongoUnrest-scaled.jpg?fit=%2C&ssl=1","datePublished":"2025-01-25T02:46:39+00:00","dateModified":"2025-01-25T04:25:29+00:00","breadcrumb":{"@id":"https:\/\/africadailyreport.com\/fr\/2025\/01\/25\/est-de-la-rdc-intenses-combats-les-casques-bleus-engages-contre-le-m23\/#breadcrumb"},"inLanguage":"fr-FR","potentialAction":[{"@type":"ReadAction","target":["https:\/\/africadailyreport.com\/fr\/2025\/01\/25\/est-de-la-rdc-intenses-combats-les-casques-bleus-engages-contre-le-m23\/"]}]},{"@type":"ImageObject","inLanguage":"fr-FR","@id":"https:\/\/africadailyreport.com\/fr\/2025\/01\/25\/est-de-la-rdc-intenses-combats-les-casques-bleus-engages-contre-le-m23\/#primaryimage","url":"https:\/\/i0.wp.com\/africadailyreport.com\/wp-content\/uploads\/2025\/01\/AFP__20250123__36VN7LR__v5__HighRes__TopshotDrcongoUnrest-scaled.jpg?fit=%2C&ssl=1","contentUrl":"https:\/\/i0.wp.com\/africadailyreport.com\/wp-content\/uploads\/2025\/01\/AFP__20250123__36VN7LR__v5__HighRes__TopshotDrcongoUnrest-scaled.jpg?fit=%2C&ssl=1","caption":"A Wazalendo (Patriots in Swahili) militiaman, part of a group of pro-government militias, gestures in front of a armored personnel carrier from the uruguayan contingent of the United Nations Organization Stabilization Mission in the Democratic Republic of the Congo (MONUSCO) along the road leading to the entrance of the town of Sake, 25km north-west of Goma, on January 23, 2025. The M23 armed group has seized further territory in the east of the Democratic Republic of Congo and on Thursday was continuing to tighten its grip on provincial capital Goma, which is almost surrounded by fighting. (Photo by Michael Lunanga \/ AFP)"},{"@type":"BreadcrumbList","@id":"https:\/\/africadailyreport.com\/fr\/2025\/01\/25\/est-de-la-rdc-intenses-combats-les-casques-bleus-engages-contre-le-m23\/#breadcrumb","itemListElement":[{"@type":"ListItem","position":1,"name":"Home","item":"https:\/\/africadailyreport.com\/fr\/"},{"@type":"ListItem","position":2,"name":"Est de la RDC: intenses combats, les Casques bleus &#8220;engag\u00e9s&#8221; contre le M23"}]},{"@type":"WebSite","@id":"https:\/\/africadailyreport.com\/fr\/#website","url":"https:\/\/africadailyreport.com\/fr\/","name":"Africa Daily Report","description":"","publisher":{"@id":"https:\/\/africadailyreport.com\/fr\/#organization"},"potentialAction":[{"@type":"SearchAction","target":{"@type":"EntryPoint","urlTemplate":"https:\/\/africadailyreport.com\/fr\/?s={search_term_string}"},"query-input":{"@type":"PropertyValueSpecification","valueRequired":true,"valueName":"search_term_string"}}],"inLanguage":"fr-FR"},{"@type":"Organization","@id":"https:\/\/africadailyreport.com\/fr\/#organization","name":"Africa Daily Report","url":"https:\/\/africadailyreport.com\/fr\/","logo":{"@type":"ImageObject","inLanguage":"fr-FR","@id":"https:\/\/africadailyreport.com\/fr\/#\/schema\/logo\/image\/","url":"https:\/\/africadailyreport.com\/wp-content\/uploads\/2024\/09\/ADR-Transparent-Green-Logo-1.png","contentUrl":"https:\/\/africadailyreport.com\/wp-content\/uploads\/2024\/09\/ADR-Transparent-Green-Logo-1.png","width":267,"height":185,"caption":"Africa Daily Report"},"image":{"@id":"https:\/\/africadailyreport.com\/fr\/#\/schema\/logo\/image\/"},"sameAs":["https:\/\/www.facebook.com\/africadailyreport","https:\/\/x.com\/adr_africa","https:\/\/www.youtube.com\/@africadailyreport","https:\/\/instagram.com\/africadailyreport"]},{"@type":"Person","@id":"https:\/\/africadailyreport.com\/fr\/#\/schema\/person\/c44d86d79f5570b3ba4cf70c989843f8","name":"ADR\/AFP","image":{"@type":"ImageObject","inLanguage":"fr-FR","@id":"https:\/\/secure.gravatar.com\/avatar\/2fbdc3782aa386b408fd9a36f0bc78ee569c94a7a05670cab3a1d72916408214?s=96&d=mm&r=g","url":"https:\/\/secure.gravatar.com\/avatar\/2fbdc3782aa386b408fd9a36f0bc78ee569c94a7a05670cab3a1d72916408214?s=96&d=mm&r=g","contentUrl":"https:\/\/secure.gravatar.com\/avatar\/2fbdc3782aa386b408fd9a36f0bc78ee569c94a7a05670cab3a1d72916408214?s=96&d=mm&r=g","caption":"ADR\/AFP"},"sameAs":["http:\/\/africadailyreport.com"],"url":"https:\/\/africadailyreport.com\/fr\/author\/both\/"}]}},"jetpack_featured_media_url":"https:\/\/i0.wp.com\/africadailyreport.com\/wp-content\/uploads\/2025\/01\/AFP__20250123__36VN7LR__v5__HighRes__TopshotDrcongoUnrest-scaled.jpg?fit=%2C&ssl=1","jetpack_sharing_enabled":true,"amp_enabled":true,"_links":{"self":[{"href":"https:\/\/africadailyreport.com\/fr\/wp-json\/wp\/v2\/posts\/16115","targetHints":{"allow":["GET"]}}],"collection":[{"href":"https:\/\/africadailyreport.com\/fr\/wp-json\/wp\/v2\/posts"}],"about":[{"href":"https:\/\/africadailyreport.com\/fr\/wp-json\/wp\/v2\/types\/post"}],"author":[{"embeddable":true,"href":"https:\/\/africadailyreport.com\/fr\/wp-json\/wp\/v2\/users\/10"}],"replies":[{"embeddable":true,"href":"https:\/\/africadailyreport.com\/fr\/wp-json\/wp\/v2\/comments?post=16115"}],"version-history":[{"count":1,"href":"https:\/\/africadailyreport.com\/fr\/wp-json\/wp\/v2\/posts\/16115\/revisions"}],"predecessor-version":[{"id":16117,"href":"https:\/\/africadailyreport.com\/fr\/wp-json\/wp\/v2\/posts\/16115\/revisions\/16117"}],"wp:featuredmedia":[{"embeddable":true,"href":"https:\/\/africadailyreport.com\/fr\/wp-json\/wp\/v2\/media\/16113"}],"wp:attachment":[{"href":"https:\/\/africadailyreport.com\/fr\/wp-json\/wp\/v2\/media?parent=16115"}],"wp:term":[{"taxonomy":"category","embeddable":true,"href":"https:\/\/africadailyreport.com\/fr\/wp-json\/wp\/v2\/categories?post=16115"},{"taxonomy":"post_tag","embeddable":true,"href":"https:\/\/africadailyreport.com\/fr\/wp-json\/wp\/v2\/tags?post=16115"},{"taxonomy":"adr_country","embeddable":true,"href":"https:\/\/africadailyreport.com\/fr\/wp-json\/wp\/v2\/adr_country?post=16115"}],"curies":[{"name":"wp","href":"https:\/\/api.w.org\/{rel}","templated":true}]}}