{"id":16085,"date":"2025-01-23T21:13:49","date_gmt":"2025-01-23T21:13:49","guid":{"rendered":"https:\/\/africadailyreport.com\/2025\/01\/23\/gambian-exiled-former-dictator-tells-supporters-im-coming-back\/"},"modified":"2025-01-23T21:18:00","modified_gmt":"2025-01-23T21:18:00","slug":"gambian-exiled-former-dictator-tells-supporters-im-coming-back","status":"publish","type":"post","link":"https:\/\/africadailyreport.com\/fr\/2025\/01\/23\/gambian-exiled-former-dictator-tells-supporters-im-coming-back\/","title":{"rendered":"Gambie: \u00ab\u00a0je reviens\u00a0\u00bb, dit l&rsquo;ex-dictateur en exil Yahya Jammeh"},"content":{"rendered":"\n<h2 class=\"wp-block-heading\" id=\"h-banjul-gambia-l-ex-dictateur-gambien-en-exil-yahya-jammeh-affirme-son-intention-de-reprendre-la-tete-de-son-parti-et-de-revenir-dans-un-message-audio-consulte-jeudi-par-l-afp\"><strong><em>Banjul,\u00a0Gambia &#8211;<\/em><\/strong> L&rsquo;ex-dictateur gambien en exil Yahya Jammeh affirme son intention de reprendre la t\u00eate de son parti et de \u00ab\u00a0revenir\u00a0\u00bb, dans un message audio consult\u00e9 jeudi par l&rsquo;AFP.<\/h2>\n\n\n\n<figure class=\"wp-block-image size-large\"><img data-recalc-dims=\"1\" loading=\"lazy\" decoding=\"async\" width=\"696\" height=\"392\" src=\"https:\/\/i0.wp.com\/africadailyreport.com\/wp-content\/uploads\/2025\/01\/AFP__20161203__IP9HN__v1__HighRes__GambiaVotePolitics.jpg?resize=696%2C392&#038;ssl=1\" alt=\"\" class=\"wp-image-16082\" srcset=\"https:\/\/i0.wp.com\/africadailyreport.com\/wp-content\/uploads\/2025\/01\/AFP__20161203__IP9HN__v1__HighRes__GambiaVotePolitics.jpg?resize=1024%2C576&amp;ssl=1 1024w, https:\/\/i0.wp.com\/africadailyreport.com\/wp-content\/uploads\/2025\/01\/AFP__20161203__IP9HN__v1__HighRes__GambiaVotePolitics.jpg?resize=300%2C169&amp;ssl=1 300w, https:\/\/i0.wp.com\/africadailyreport.com\/wp-content\/uploads\/2025\/01\/AFP__20161203__IP9HN__v1__HighRes__GambiaVotePolitics.jpg?resize=768%2C432&amp;ssl=1 768w, https:\/\/i0.wp.com\/africadailyreport.com\/wp-content\/uploads\/2025\/01\/AFP__20161203__IP9HN__v1__HighRes__GambiaVotePolitics.jpg?resize=1536%2C864&amp;ssl=1 1536w, https:\/\/i0.wp.com\/africadailyreport.com\/wp-content\/uploads\/2025\/01\/AFP__20161203__IP9HN__v1__HighRes__GambiaVotePolitics.jpg?resize=747%2C420&amp;ssl=1 747w, https:\/\/i0.wp.com\/africadailyreport.com\/wp-content\/uploads\/2025\/01\/AFP__20161203__IP9HN__v1__HighRes__GambiaVotePolitics.jpg?resize=150%2C84&amp;ssl=1 150w, https:\/\/i0.wp.com\/africadailyreport.com\/wp-content\/uploads\/2025\/01\/AFP__20161203__IP9HN__v1__HighRes__GambiaVotePolitics.jpg?resize=696%2C392&amp;ssl=1 696w, https:\/\/i0.wp.com\/africadailyreport.com\/wp-content\/uploads\/2025\/01\/AFP__20161203__IP9HN__v1__HighRes__GambiaVotePolitics.jpg?resize=1068%2C601&amp;ssl=1 1068w, https:\/\/i0.wp.com\/africadailyreport.com\/wp-content\/uploads\/2025\/01\/AFP__20161203__IP9HN__v1__HighRes__GambiaVotePolitics.jpg?w=1920&amp;ssl=1 1920w, https:\/\/i0.wp.com\/africadailyreport.com\/wp-content\/uploads\/2025\/01\/AFP__20161203__IP9HN__v1__HighRes__GambiaVotePolitics.jpg?w=1392&amp;ssl=1 1392w\" sizes=\"auto, (max-width: 696px) 100vw, 696px\" \/><figcaption class=\"wp-element-caption\">An image grab taken on December 3, 2016 from a video of the Gambia and Television Services (GRTS) broadcasted on December 2, 2016, in Banjul shows outgoing Gambian President Yahya Jammeh speaking during a press conference after being defeated during the presidential election. Jammeh conceded defeat to opposition leader Adama Barrow on December 2, 2016 accepting that Gambians had \u00ab\u00a0decided that I should take the backseat\u00a0\u00bb. The Gambia&rsquo;s President-elect Adama Barrow was to hold talks with his coalition the day after to plot his transition to power, following a shock election victory that ended the 22-year rule of Yahya Jammeh. (Photo by Handout \/ GRTS &#8211; Gambia Radio and Television Services \/ AFP)<\/figcaption><\/figure>\n\n\n\n<h2 class=\"wp-block-heading\" id=\"h-\"><\/h2>\n\n\n\n<p>M. Jammeh a dirig\u00e9 d&rsquo;une main de fer de 1994 \u00e0 2017 ce petit pays ouest-africain enclav\u00e9 dans le S\u00e9n\u00e9gal \u00e0 l&rsquo;exception de sa fa\u00e7ade maritime.&nbsp;Il vit en Guin\u00e9e \u00e9quatoriale depuis son d\u00e9part contraint en janvier 2017 sous la pression des Etats ouest-africains \u00e0 la suite de sa d\u00e9faite \u00e0 la pr\u00e9sidentielle contre Adama Barrow, r\u00e9\u00e9lu fin 2021.<\/p>\n\n\n\n<p>M. Jammeh continue \u00e0 influer sur la vie politique en Gambie.<\/p>\n\n\n\n<p>\u00ab\u00a0J&rsquo;ai d\u00e9cid\u00e9 aujourd&rsquo;hui de reprendre la t\u00eate de mon parti et de ne plus la confier \u00e0 personne\u00a0\u00bb, dit-il dans ce message destin\u00e9 \u00e0 ses partisans de l&rsquo;Alliance pour la r\u00e9orientation et la construction patriotiques (APCR), qu&rsquo;il a fond\u00e9 en 1996.<\/p>\n\n\n\n<p>\u00ab\u00a0Que cela plaise ou pas, par la gr\u00e2ce d&rsquo;Allah, je reviens\u00a0\u00bb, ajoute-t-il sans expliciter son propos quant \u00e0 un retour dans la vie politique qu&rsquo;il n&rsquo;a pas vraiment quitt\u00e9e ou dans son pays.<\/p>\n\n\n\n<p>La Communaut\u00e9 des Etats ouest-africains Cedeao a apport\u00e9 son soutien en d\u00e9cembre \u00e0 la cr\u00e9ation d&rsquo;un tribunal sp\u00e9cial charg\u00e9 de juger les crimes commis sous son r\u00e9gime. M. Jammeh pourrait \u00eatre le principal mis en cause devant cette cour.<\/p>\n\n\n\n<p>Le gouvernement gambien a endoss\u00e9 en 2022 les recommandations d&rsquo;une commission qui s&rsquo;est pench\u00e9e sur les atrocit\u00e9s de l&rsquo;\u00e8re Jammeh, et a accept\u00e9 de poursuivre 70 personnes, \u00e0 commencer par M. Jammeh.<\/p>\n\n\n\n<p>\u00ab\u00a0Que ceux qui menacent de me mettre en prison attendent que j&rsquo;arrive. Le jour o\u00f9 il faudra rendre des comptes approche, et ce jour-l\u00e0, on r\u00e8glera les comptes\u00a0\u00bb, dit M. Jammeh.<\/p>\n\n\n\n<p>La Gambie, ancienne colonie britannique de deux millions d&rsquo;habitants et plus petit Etat continental d&rsquo;Afrique, figure parmi les 20 pays les moins d\u00e9velopp\u00e9s au monde, selon les Nations unies.<\/p>\n\n\n\n<p><\/p>\n\n\n\n<p>\u00a9 Agence France-Presse<\/p>\n","protected":false},"excerpt":{"rendered":"<p>Banjul,\u00a0Gambia &#8211; L&rsquo;ex-dictateur gambien en exil Yahya Jammeh affirme son intention de reprendre la t\u00eate de son parti et de \u00ab\u00a0revenir\u00a0\u00bb, dans un message audio consult\u00e9 jeudi par l&rsquo;AFP. M. Jammeh a dirig\u00e9 d&rsquo;une main de fer de 1994 \u00e0 2017 ce petit pays ouest-africain enclav\u00e9 dans le S\u00e9n\u00e9gal \u00e0 l&rsquo;exception de sa fa\u00e7ade maritime.&nbsp;Il [&hellip;]<\/p>\n","protected":false},"author":10,"featured_media":16083,"comment_status":"open","ping_status":"open","sticky":false,"template":"","format":"standard","meta":{"_acf_changed":false,"om_disable_all_campaigns":false,"_monsterinsights_skip_tracking":false,"_monsterinsights_sitenote_active":false,"_monsterinsights_sitenote_note":"","_monsterinsights_sitenote_category":0,"tdm_status":"","tdm_grid_status":"","_jetpack_newsletter_access":"","_jetpack_dont_email_post_to_subs":false,"_jetpack_newsletter_tier_id":0,"_jetpack_memberships_contains_paywalled_content":false,"_jetpack_memberships_contains_paid_content":false,"footnotes":""},"categories":[293,802,782],"tags":[2361,1223,2567,1441,2565,692,1232],"adr_country":[2566],"class_list":{"0":"post-16085","1":"post","2":"type-post","3":"status-publish","4":"format-standard","5":"has-post-thumbnail","7":"category-actualites-fr","8":"category-depeche-fr","9":"category-politique-fr","10":"tag-droits-2","11":"tag-droits-humains-2","12":"tag-gambie-2","13":"tag-guinee-equatoriale-3","14":"tag-jammeh-fr","15":"tag-politique-3","16":"tag-rights-fr","17":"adr_country-gambia-fr"},"acf":{"post_version":""},"yoast_head":"<!-- This site is optimized with the Yoast SEO Premium plugin v26.0 (Yoast SEO v27.4) - https:\/\/yoast.com\/product\/yoast-seo-premium-wordpress\/ -->\n<title>Gambie: &quot;je reviens&quot;, dit l&#039;ex-dictateur en exil Yahya Jammeh - Africa Daily Report<\/title>\n<meta name=\"robots\" content=\"index, follow, max-snippet:-1, max-image-preview:large, max-video-preview:-1\" \/>\n<link rel=\"canonical\" href=\"https:\/\/africadailyreport.com\/fr\/2025\/01\/23\/gambian-exiled-former-dictator-tells-supporters-im-coming-back\/\" \/>\n<meta property=\"og:locale\" content=\"fr_FR\" \/>\n<meta property=\"og:type\" content=\"article\" \/>\n<meta property=\"og:title\" content=\"Gambie: &quot;je reviens&quot;, dit l&#039;ex-dictateur en exil Yahya Jammeh\" \/>\n<meta property=\"og:description\" content=\"Banjul,\u00a0Gambia &#8211; L&rsquo;ex-dictateur gambien en exil Yahya Jammeh affirme son intention de reprendre la t\u00eate de son parti et de \u00ab\u00a0revenir\u00a0\u00bb, dans un message audio consult\u00e9 jeudi par l&rsquo;AFP. M. Jammeh a dirig\u00e9 d&rsquo;une main de fer de 1994 \u00e0 2017 ce petit pays ouest-africain enclav\u00e9 dans le S\u00e9n\u00e9gal \u00e0 l&rsquo;exception de sa fa\u00e7ade maritime.&nbsp;Il [&hellip;]\" \/>\n<meta property=\"og:url\" content=\"https:\/\/africadailyreport.com\/fr\/2025\/01\/23\/gambian-exiled-former-dictator-tells-supporters-im-coming-back\/\" \/>\n<meta property=\"og:site_name\" content=\"Africa Daily Report\" \/>\n<meta property=\"article:publisher\" content=\"https:\/\/www.facebook.com\/africadailyreport\" \/>\n<meta property=\"article:published_time\" content=\"2025-01-23T21:13:49+00:00\" \/>\n<meta property=\"article:modified_time\" content=\"2025-01-23T21:18:00+00:00\" \/>\n<meta property=\"og:image\" content=\"https:\/\/africadailyreport.com\/wp-content\/uploads\/2025\/01\/AFP__20161203__IP9HN__v1__HighRes__GambiaVotePolitics.jpg\" \/>\n\t<meta property=\"og:image:width\" content=\"1920\" \/>\n\t<meta property=\"og:image:height\" content=\"1080\" \/>\n\t<meta property=\"og:image:type\" content=\"image\/jpeg\" \/>\n<meta name=\"author\" content=\"ADR\/AFP\" \/>\n<meta name=\"twitter:card\" content=\"summary_large_image\" \/>\n<meta name=\"twitter:creator\" content=\"@adr_africa\" \/>\n<meta name=\"twitter:site\" content=\"@adr_africa\" \/>\n<meta name=\"twitter:label1\" content=\"\u00c9crit par\" \/>\n\t<meta name=\"twitter:data1\" content=\"ADR\/AFP\" \/>\n\t<meta name=\"twitter:label2\" content=\"Dur\u00e9e de lecture estim\u00e9e\" \/>\n\t<meta name=\"twitter:data2\" content=\"3 minutes\" \/>\n<script type=\"application\/ld+json\" class=\"yoast-schema-graph\">{\"@context\":\"https:\\\/\\\/schema.org\",\"@graph\":[{\"@type\":\"Article\",\"@id\":\"https:\\\/\\\/africadailyreport.com\\\/fr\\\/2025\\\/01\\\/23\\\/gambian-exiled-former-dictator-tells-supporters-im-coming-back\\\/#article\",\"isPartOf\":{\"@id\":\"https:\\\/\\\/africadailyreport.com\\\/fr\\\/2025\\\/01\\\/23\\\/gambian-exiled-former-dictator-tells-supporters-im-coming-back\\\/\"},\"author\":{\"name\":\"ADR\\\/AFP\",\"@id\":\"https:\\\/\\\/africadailyreport.com\\\/fr\\\/#\\\/schema\\\/person\\\/c44d86d79f5570b3ba4cf70c989843f8\"},\"headline\":\"Gambie: \u00ab\u00a0je reviens\u00a0\u00bb, dit l&rsquo;ex-dictateur en exil Yahya Jammeh\",\"datePublished\":\"2025-01-23T21:13:49+00:00\",\"dateModified\":\"2025-01-23T21:18:00+00:00\",\"mainEntityOfPage\":{\"@id\":\"https:\\\/\\\/africadailyreport.com\\\/fr\\\/2025\\\/01\\\/23\\\/gambian-exiled-former-dictator-tells-supporters-im-coming-back\\\/\"},\"wordCount\":447,\"commentCount\":0,\"publisher\":{\"@id\":\"https:\\\/\\\/africadailyreport.com\\\/fr\\\/#organization\"},\"image\":{\"@id\":\"https:\\\/\\\/africadailyreport.com\\\/fr\\\/2025\\\/01\\\/23\\\/gambian-exiled-former-dictator-tells-supporters-im-coming-back\\\/#primaryimage\"},\"thumbnailUrl\":\"https:\\\/\\\/i0.wp.com\\\/africadailyreport.com\\\/wp-content\\\/uploads\\\/2025\\\/01\\\/AFP__20161203__IP9HN__v1__HighRes__GambiaVotePolitics.jpg?fit=1920%2C1080&ssl=1\",\"keywords\":[\"Droits\",\"droits humains\",\"gambie\",\"guinee equatoriale\",\"jammeh\",\"politique\",\"rights\"],\"articleSection\":[\"Actualit\u00e9s\",\"D\u00e9p\u00eache\",\"POLITIQUE\"],\"inLanguage\":\"fr-FR\",\"potentialAction\":[{\"@type\":\"CommentAction\",\"name\":\"Comment\",\"target\":[\"https:\\\/\\\/africadailyreport.com\\\/fr\\\/2025\\\/01\\\/23\\\/gambian-exiled-former-dictator-tells-supporters-im-coming-back\\\/#respond\"]}],\"copyrightYear\":\"2025\",\"copyrightHolder\":{\"@id\":\"https:\\\/\\\/africadailyreport.com\\\/#organization\"}},{\"@type\":\"WebPage\",\"@id\":\"https:\\\/\\\/africadailyreport.com\\\/fr\\\/2025\\\/01\\\/23\\\/gambian-exiled-former-dictator-tells-supporters-im-coming-back\\\/\",\"url\":\"https:\\\/\\\/africadailyreport.com\\\/fr\\\/2025\\\/01\\\/23\\\/gambian-exiled-former-dictator-tells-supporters-im-coming-back\\\/\",\"name\":\"Gambie: \\\"je reviens\\\", dit l'ex-dictateur en exil Yahya Jammeh - Africa Daily Report\",\"isPartOf\":{\"@id\":\"https:\\\/\\\/africadailyreport.com\\\/fr\\\/#website\"},\"primaryImageOfPage\":{\"@id\":\"https:\\\/\\\/africadailyreport.com\\\/fr\\\/2025\\\/01\\\/23\\\/gambian-exiled-former-dictator-tells-supporters-im-coming-back\\\/#primaryimage\"},\"image\":{\"@id\":\"https:\\\/\\\/africadailyreport.com\\\/fr\\\/2025\\\/01\\\/23\\\/gambian-exiled-former-dictator-tells-supporters-im-coming-back\\\/#primaryimage\"},\"thumbnailUrl\":\"https:\\\/\\\/i0.wp.com\\\/africadailyreport.com\\\/wp-content\\\/uploads\\\/2025\\\/01\\\/AFP__20161203__IP9HN__v1__HighRes__GambiaVotePolitics.jpg?fit=1920%2C1080&ssl=1\",\"datePublished\":\"2025-01-23T21:13:49+00:00\",\"dateModified\":\"2025-01-23T21:18:00+00:00\",\"breadcrumb\":{\"@id\":\"https:\\\/\\\/africadailyreport.com\\\/fr\\\/2025\\\/01\\\/23\\\/gambian-exiled-former-dictator-tells-supporters-im-coming-back\\\/#breadcrumb\"},\"inLanguage\":\"fr-FR\",\"potentialAction\":[{\"@type\":\"ReadAction\",\"target\":[\"https:\\\/\\\/africadailyreport.com\\\/fr\\\/2025\\\/01\\\/23\\\/gambian-exiled-former-dictator-tells-supporters-im-coming-back\\\/\"]}]},{\"@type\":\"ImageObject\",\"inLanguage\":\"fr-FR\",\"@id\":\"https:\\\/\\\/africadailyreport.com\\\/fr\\\/2025\\\/01\\\/23\\\/gambian-exiled-former-dictator-tells-supporters-im-coming-back\\\/#primaryimage\",\"url\":\"https:\\\/\\\/i0.wp.com\\\/africadailyreport.com\\\/wp-content\\\/uploads\\\/2025\\\/01\\\/AFP__20161203__IP9HN__v1__HighRes__GambiaVotePolitics.jpg?fit=1920%2C1080&ssl=1\",\"contentUrl\":\"https:\\\/\\\/i0.wp.com\\\/africadailyreport.com\\\/wp-content\\\/uploads\\\/2025\\\/01\\\/AFP__20161203__IP9HN__v1__HighRes__GambiaVotePolitics.jpg?fit=1920%2C1080&ssl=1\",\"width\":1920,\"height\":1080,\"caption\":\"An image grab taken on December 3, 2016 from a video of the Gambia and Television Services (GRTS) broadcasted on December 2, 2016, in Banjul shows outgoing Gambian President Yahya Jammeh speaking during a press conference after being defeated during the presidential election. Jammeh conceded defeat to opposition leader Adama Barrow on December 2, 2016 accepting that Gambians had \\\"decided that I should take the backseat\\\". The Gambia's President-elect Adama Barrow was to hold talks with his coalition the day after to plot his transition to power, following a shock election victory that ended the 22-year rule of Yahya Jammeh. (Photo by Handout \\\/ GRTS - Gambia Radio and Television Services \\\/ AFP)\"},{\"@type\":\"BreadcrumbList\",\"@id\":\"https:\\\/\\\/africadailyreport.com\\\/fr\\\/2025\\\/01\\\/23\\\/gambian-exiled-former-dictator-tells-supporters-im-coming-back\\\/#breadcrumb\",\"itemListElement\":[{\"@type\":\"ListItem\",\"position\":1,\"name\":\"Home\",\"item\":\"https:\\\/\\\/africadailyreport.com\\\/fr\\\/\"},{\"@type\":\"ListItem\",\"position\":2,\"name\":\"Gambie: &#8220;je reviens&#8221;, dit l&#8217;ex-dictateur en exil Yahya Jammeh\"}]},{\"@type\":\"WebSite\",\"@id\":\"https:\\\/\\\/africadailyreport.com\\\/fr\\\/#website\",\"url\":\"https:\\\/\\\/africadailyreport.com\\\/fr\\\/\",\"name\":\"Africa Daily Report\",\"description\":\"\",\"publisher\":{\"@id\":\"https:\\\/\\\/africadailyreport.com\\\/fr\\\/#organization\"},\"potentialAction\":[{\"@type\":\"SearchAction\",\"target\":{\"@type\":\"EntryPoint\",\"urlTemplate\":\"https:\\\/\\\/africadailyreport.com\\\/fr\\\/?s={search_term_string}\"},\"query-input\":{\"@type\":\"PropertyValueSpecification\",\"valueRequired\":true,\"valueName\":\"search_term_string\"}}],\"inLanguage\":\"fr-FR\"},{\"@type\":\"Organization\",\"@id\":\"https:\\\/\\\/africadailyreport.com\\\/fr\\\/#organization\",\"name\":\"Africa Daily Report\",\"url\":\"https:\\\/\\\/africadailyreport.com\\\/fr\\\/\",\"logo\":{\"@type\":\"ImageObject\",\"inLanguage\":\"fr-FR\",\"@id\":\"https:\\\/\\\/africadailyreport.com\\\/fr\\\/#\\\/schema\\\/logo\\\/image\\\/\",\"url\":\"https:\\\/\\\/africadailyreport.com\\\/wp-content\\\/uploads\\\/2024\\\/09\\\/ADR-Transparent-Green-Logo-1.png\",\"contentUrl\":\"https:\\\/\\\/africadailyreport.com\\\/wp-content\\\/uploads\\\/2024\\\/09\\\/ADR-Transparent-Green-Logo-1.png\",\"width\":267,\"height\":185,\"caption\":\"Africa Daily Report\"},\"image\":{\"@id\":\"https:\\\/\\\/africadailyreport.com\\\/fr\\\/#\\\/schema\\\/logo\\\/image\\\/\"},\"sameAs\":[\"https:\\\/\\\/www.facebook.com\\\/africadailyreport\",\"https:\\\/\\\/x.com\\\/adr_africa\",\"https:\\\/\\\/www.youtube.com\\\/@africadailyreport\",\"https:\\\/\\\/instagram.com\\\/africadailyreport\"]},{\"@type\":\"Person\",\"@id\":\"https:\\\/\\\/africadailyreport.com\\\/fr\\\/#\\\/schema\\\/person\\\/c44d86d79f5570b3ba4cf70c989843f8\",\"name\":\"ADR\\\/AFP\",\"image\":{\"@type\":\"ImageObject\",\"inLanguage\":\"fr-FR\",\"@id\":\"https:\\\/\\\/secure.gravatar.com\\\/avatar\\\/2fbdc3782aa386b408fd9a36f0bc78ee569c94a7a05670cab3a1d72916408214?s=96&d=mm&r=g\",\"url\":\"https:\\\/\\\/secure.gravatar.com\\\/avatar\\\/2fbdc3782aa386b408fd9a36f0bc78ee569c94a7a05670cab3a1d72916408214?s=96&d=mm&r=g\",\"contentUrl\":\"https:\\\/\\\/secure.gravatar.com\\\/avatar\\\/2fbdc3782aa386b408fd9a36f0bc78ee569c94a7a05670cab3a1d72916408214?s=96&d=mm&r=g\",\"caption\":\"ADR\\\/AFP\"},\"sameAs\":[\"http:\\\/\\\/africadailyreport.com\"],\"url\":\"https:\\\/\\\/africadailyreport.com\\\/fr\\\/author\\\/both\\\/\"}]}<\/script>\n<!-- \/ Yoast SEO Premium plugin. -->","yoast_head_json":{"title":"Gambie: \"je reviens\", dit l'ex-dictateur en exil Yahya Jammeh - Africa Daily Report","robots":{"index":"index","follow":"follow","max-snippet":"max-snippet:-1","max-image-preview":"max-image-preview:large","max-video-preview":"max-video-preview:-1"},"canonical":"https:\/\/africadailyreport.com\/fr\/2025\/01\/23\/gambian-exiled-former-dictator-tells-supporters-im-coming-back\/","og_locale":"fr_FR","og_type":"article","og_title":"Gambie: \"je reviens\", dit l'ex-dictateur en exil Yahya Jammeh","og_description":"Banjul,\u00a0Gambia &#8211; L&rsquo;ex-dictateur gambien en exil Yahya Jammeh affirme son intention de reprendre la t\u00eate de son parti et de \u00ab\u00a0revenir\u00a0\u00bb, dans un message audio consult\u00e9 jeudi par l&rsquo;AFP. M. Jammeh a dirig\u00e9 d&rsquo;une main de fer de 1994 \u00e0 2017 ce petit pays ouest-africain enclav\u00e9 dans le S\u00e9n\u00e9gal \u00e0 l&rsquo;exception de sa fa\u00e7ade maritime.&nbsp;Il [&hellip;]","og_url":"https:\/\/africadailyreport.com\/fr\/2025\/01\/23\/gambian-exiled-former-dictator-tells-supporters-im-coming-back\/","og_site_name":"Africa Daily Report","article_publisher":"https:\/\/www.facebook.com\/africadailyreport","article_published_time":"2025-01-23T21:13:49+00:00","article_modified_time":"2025-01-23T21:18:00+00:00","og_image":[{"width":1920,"height":1080,"url":"https:\/\/africadailyreport.com\/wp-content\/uploads\/2025\/01\/AFP__20161203__IP9HN__v1__HighRes__GambiaVotePolitics.jpg","type":"image\/jpeg"}],"author":"ADR\/AFP","twitter_card":"summary_large_image","twitter_creator":"@adr_africa","twitter_site":"@adr_africa","twitter_misc":{"\u00c9crit par":"ADR\/AFP","Dur\u00e9e de lecture estim\u00e9e":"3 minutes"},"schema":{"@context":"https:\/\/schema.org","@graph":[{"@type":"Article","@id":"https:\/\/africadailyreport.com\/fr\/2025\/01\/23\/gambian-exiled-former-dictator-tells-supporters-im-coming-back\/#article","isPartOf":{"@id":"https:\/\/africadailyreport.com\/fr\/2025\/01\/23\/gambian-exiled-former-dictator-tells-supporters-im-coming-back\/"},"author":{"name":"ADR\/AFP","@id":"https:\/\/africadailyreport.com\/fr\/#\/schema\/person\/c44d86d79f5570b3ba4cf70c989843f8"},"headline":"Gambie: \u00ab\u00a0je reviens\u00a0\u00bb, dit l&rsquo;ex-dictateur en exil Yahya Jammeh","datePublished":"2025-01-23T21:13:49+00:00","dateModified":"2025-01-23T21:18:00+00:00","mainEntityOfPage":{"@id":"https:\/\/africadailyreport.com\/fr\/2025\/01\/23\/gambian-exiled-former-dictator-tells-supporters-im-coming-back\/"},"wordCount":447,"commentCount":0,"publisher":{"@id":"https:\/\/africadailyreport.com\/fr\/#organization"},"image":{"@id":"https:\/\/africadailyreport.com\/fr\/2025\/01\/23\/gambian-exiled-former-dictator-tells-supporters-im-coming-back\/#primaryimage"},"thumbnailUrl":"https:\/\/i0.wp.com\/africadailyreport.com\/wp-content\/uploads\/2025\/01\/AFP__20161203__IP9HN__v1__HighRes__GambiaVotePolitics.jpg?fit=1920%2C1080&ssl=1","keywords":["Droits","droits humains","gambie","guinee equatoriale","jammeh","politique","rights"],"articleSection":["Actualit\u00e9s","D\u00e9p\u00eache","POLITIQUE"],"inLanguage":"fr-FR","potentialAction":[{"@type":"CommentAction","name":"Comment","target":["https:\/\/africadailyreport.com\/fr\/2025\/01\/23\/gambian-exiled-former-dictator-tells-supporters-im-coming-back\/#respond"]}],"copyrightYear":"2025","copyrightHolder":{"@id":"https:\/\/africadailyreport.com\/#organization"}},{"@type":"WebPage","@id":"https:\/\/africadailyreport.com\/fr\/2025\/01\/23\/gambian-exiled-former-dictator-tells-supporters-im-coming-back\/","url":"https:\/\/africadailyreport.com\/fr\/2025\/01\/23\/gambian-exiled-former-dictator-tells-supporters-im-coming-back\/","name":"Gambie: \"je reviens\", dit l'ex-dictateur en exil Yahya Jammeh - Africa Daily Report","isPartOf":{"@id":"https:\/\/africadailyreport.com\/fr\/#website"},"primaryImageOfPage":{"@id":"https:\/\/africadailyreport.com\/fr\/2025\/01\/23\/gambian-exiled-former-dictator-tells-supporters-im-coming-back\/#primaryimage"},"image":{"@id":"https:\/\/africadailyreport.com\/fr\/2025\/01\/23\/gambian-exiled-former-dictator-tells-supporters-im-coming-back\/#primaryimage"},"thumbnailUrl":"https:\/\/i0.wp.com\/africadailyreport.com\/wp-content\/uploads\/2025\/01\/AFP__20161203__IP9HN__v1__HighRes__GambiaVotePolitics.jpg?fit=1920%2C1080&ssl=1","datePublished":"2025-01-23T21:13:49+00:00","dateModified":"2025-01-23T21:18:00+00:00","breadcrumb":{"@id":"https:\/\/africadailyreport.com\/fr\/2025\/01\/23\/gambian-exiled-former-dictator-tells-supporters-im-coming-back\/#breadcrumb"},"inLanguage":"fr-FR","potentialAction":[{"@type":"ReadAction","target":["https:\/\/africadailyreport.com\/fr\/2025\/01\/23\/gambian-exiled-former-dictator-tells-supporters-im-coming-back\/"]}]},{"@type":"ImageObject","inLanguage":"fr-FR","@id":"https:\/\/africadailyreport.com\/fr\/2025\/01\/23\/gambian-exiled-former-dictator-tells-supporters-im-coming-back\/#primaryimage","url":"https:\/\/i0.wp.com\/africadailyreport.com\/wp-content\/uploads\/2025\/01\/AFP__20161203__IP9HN__v1__HighRes__GambiaVotePolitics.jpg?fit=1920%2C1080&ssl=1","contentUrl":"https:\/\/i0.wp.com\/africadailyreport.com\/wp-content\/uploads\/2025\/01\/AFP__20161203__IP9HN__v1__HighRes__GambiaVotePolitics.jpg?fit=1920%2C1080&ssl=1","width":1920,"height":1080,"caption":"An image grab taken on December 3, 2016 from a video of the Gambia and Television Services (GRTS) broadcasted on December 2, 2016, in Banjul shows outgoing Gambian President Yahya Jammeh speaking during a press conference after being defeated during the presidential election. Jammeh conceded defeat to opposition leader Adama Barrow on December 2, 2016 accepting that Gambians had \"decided that I should take the backseat\". The Gambia's President-elect Adama Barrow was to hold talks with his coalition the day after to plot his transition to power, following a shock election victory that ended the 22-year rule of Yahya Jammeh. (Photo by Handout \/ GRTS - Gambia Radio and Television Services \/ AFP)"},{"@type":"BreadcrumbList","@id":"https:\/\/africadailyreport.com\/fr\/2025\/01\/23\/gambian-exiled-former-dictator-tells-supporters-im-coming-back\/#breadcrumb","itemListElement":[{"@type":"ListItem","position":1,"name":"Home","item":"https:\/\/africadailyreport.com\/fr\/"},{"@type":"ListItem","position":2,"name":"Gambie: &#8220;je reviens&#8221;, dit l&#8217;ex-dictateur en exil Yahya Jammeh"}]},{"@type":"WebSite","@id":"https:\/\/africadailyreport.com\/fr\/#website","url":"https:\/\/africadailyreport.com\/fr\/","name":"Africa Daily Report","description":"","publisher":{"@id":"https:\/\/africadailyreport.com\/fr\/#organization"},"potentialAction":[{"@type":"SearchAction","target":{"@type":"EntryPoint","urlTemplate":"https:\/\/africadailyreport.com\/fr\/?s={search_term_string}"},"query-input":{"@type":"PropertyValueSpecification","valueRequired":true,"valueName":"search_term_string"}}],"inLanguage":"fr-FR"},{"@type":"Organization","@id":"https:\/\/africadailyreport.com\/fr\/#organization","name":"Africa Daily Report","url":"https:\/\/africadailyreport.com\/fr\/","logo":{"@type":"ImageObject","inLanguage":"fr-FR","@id":"https:\/\/africadailyreport.com\/fr\/#\/schema\/logo\/image\/","url":"https:\/\/africadailyreport.com\/wp-content\/uploads\/2024\/09\/ADR-Transparent-Green-Logo-1.png","contentUrl":"https:\/\/africadailyreport.com\/wp-content\/uploads\/2024\/09\/ADR-Transparent-Green-Logo-1.png","width":267,"height":185,"caption":"Africa Daily Report"},"image":{"@id":"https:\/\/africadailyreport.com\/fr\/#\/schema\/logo\/image\/"},"sameAs":["https:\/\/www.facebook.com\/africadailyreport","https:\/\/x.com\/adr_africa","https:\/\/www.youtube.com\/@africadailyreport","https:\/\/instagram.com\/africadailyreport"]},{"@type":"Person","@id":"https:\/\/africadailyreport.com\/fr\/#\/schema\/person\/c44d86d79f5570b3ba4cf70c989843f8","name":"ADR\/AFP","image":{"@type":"ImageObject","inLanguage":"fr-FR","@id":"https:\/\/secure.gravatar.com\/avatar\/2fbdc3782aa386b408fd9a36f0bc78ee569c94a7a05670cab3a1d72916408214?s=96&d=mm&r=g","url":"https:\/\/secure.gravatar.com\/avatar\/2fbdc3782aa386b408fd9a36f0bc78ee569c94a7a05670cab3a1d72916408214?s=96&d=mm&r=g","contentUrl":"https:\/\/secure.gravatar.com\/avatar\/2fbdc3782aa386b408fd9a36f0bc78ee569c94a7a05670cab3a1d72916408214?s=96&d=mm&r=g","caption":"ADR\/AFP"},"sameAs":["http:\/\/africadailyreport.com"],"url":"https:\/\/africadailyreport.com\/fr\/author\/both\/"}]}},"jetpack_featured_media_url":"https:\/\/i0.wp.com\/africadailyreport.com\/wp-content\/uploads\/2025\/01\/AFP__20161203__IP9HN__v1__HighRes__GambiaVotePolitics.jpg?fit=1920%2C1080&ssl=1","jetpack_sharing_enabled":true,"amp_enabled":true,"_links":{"self":[{"href":"https:\/\/africadailyreport.com\/fr\/wp-json\/wp\/v2\/posts\/16085","targetHints":{"allow":["GET"]}}],"collection":[{"href":"https:\/\/africadailyreport.com\/fr\/wp-json\/wp\/v2\/posts"}],"about":[{"href":"https:\/\/africadailyreport.com\/fr\/wp-json\/wp\/v2\/types\/post"}],"author":[{"embeddable":true,"href":"https:\/\/africadailyreport.com\/fr\/wp-json\/wp\/v2\/users\/10"}],"replies":[{"embeddable":true,"href":"https:\/\/africadailyreport.com\/fr\/wp-json\/wp\/v2\/comments?post=16085"}],"version-history":[{"count":2,"href":"https:\/\/africadailyreport.com\/fr\/wp-json\/wp\/v2\/posts\/16085\/revisions"}],"predecessor-version":[{"id":16088,"href":"https:\/\/africadailyreport.com\/fr\/wp-json\/wp\/v2\/posts\/16085\/revisions\/16088"}],"wp:featuredmedia":[{"embeddable":true,"href":"https:\/\/africadailyreport.com\/fr\/wp-json\/wp\/v2\/media\/16083"}],"wp:attachment":[{"href":"https:\/\/africadailyreport.com\/fr\/wp-json\/wp\/v2\/media?parent=16085"}],"wp:term":[{"taxonomy":"category","embeddable":true,"href":"https:\/\/africadailyreport.com\/fr\/wp-json\/wp\/v2\/categories?post=16085"},{"taxonomy":"post_tag","embeddable":true,"href":"https:\/\/africadailyreport.com\/fr\/wp-json\/wp\/v2\/tags?post=16085"},{"taxonomy":"adr_country","embeddable":true,"href":"https:\/\/africadailyreport.com\/fr\/wp-json\/wp\/v2\/adr_country?post=16085"}],"curies":[{"name":"wp","href":"https:\/\/api.w.org\/{rel}","templated":true}]}}