{"id":16068,"date":"2025-01-22T23:06:10","date_gmt":"2025-01-22T23:06:10","guid":{"rendered":"https:\/\/africadailyreport.com\/2025\/01\/22\/mozambique-opposition-leader-says-will-not-join-new-govt\/"},"modified":"2025-01-23T01:21:43","modified_gmt":"2025-01-23T01:21:43","slug":"mozambique-opposition-leader-says-will-not-join-new-govt","status":"publish","type":"post","link":"https:\/\/africadailyreport.com\/fr\/2025\/01\/22\/mozambique-opposition-leader-says-will-not-join-new-govt\/","title":{"rendered":"Mozambique: intransigeant, le principal opposant exclut de rejoindre le gouvernement"},"content":{"rendered":"\n<h2 class=\"wp-block-heading\" id=\"h-maputo-mozambique-sans-ambition-gouvernementale-ni-contact-direct-avec-le-nouveau-president-le-principal-opposant-au-mozambique-venancio-mondlane-instigateur-d-une-contestation-electorale-durant-depuis-des-mois-dans-le-pays-d-afrique-australe-n-attend-absolument-rien-du-pouvoir-mais-lui-laisse-cent-jours\"><em><strong>Maputo,\u00a0Mozambique &#8211;<\/strong><\/em> Sans ambition gouvernementale ni contact direct avec le nouveau pr\u00e9sident, le principal opposant au Mozambique, Venancio Mondlane, instigateur d&rsquo;une contestation \u00e9lectorale durant depuis des mois dans le pays d&rsquo;Afrique australe n&rsquo;attend \u00ab\u00a0absolument rien\u00a0\u00bb du pouvoir mais lui laisse cent jours.<\/h2>\n\n\n\n\n\n<h2 class=\"wp-block-heading\">Mozambique: intransigeant, le principal opposant exclut de rejoindre le gouvernement<\/h2>\n\n\n\n<p><\/p>\n\n\n\n<p>\u00ab\u00a0Je ne veux pas faire partie du gouvernement. J&rsquo;ai dit \u00e0 plusieurs reprises que je ne voulais pas faire partie de l&rsquo;ex\u00e9cutif\u00a0\u00bb, a \u00e9cart\u00e9 Venancio Mondlane, qui revendiquait \u00e9galement la victoire \u00e9lectorale dans un entretien \u00e0 l&rsquo;AFP.<\/p>\n\n\n\n<p>\u00ab\u00a0Nous n&rsquo;avons absolument rien \u00e0 attendre d&rsquo;eux en termes de feuille de route pour la r\u00e9conciliation et la paix au Mozambique\u00a0\u00bb, a jug\u00e9 l&rsquo;ex-chroniqueur politique \u00e0 la t\u00e9l\u00e9vision \u00e2g\u00e9 de 51 ans.<\/p>\n\n\n\n<p>Depuis le d\u00e9but de la contestation des r\u00e9sultats \u00e9lectoraux d&rsquo;octobre, plus de 300 manifestants sont morts, principalement tu\u00e9s par balle, d&rsquo;apr\u00e8s l&rsquo;ONG locale Plataforma Decide. Le cr\u00e9dit du scrutin a \u00e9t\u00e9 entam\u00e9 par de multiples irr\u00e9gularit\u00e9s relev\u00e9es par plusieurs missions d&rsquo;observation internationales.<\/p>\n\n\n\n<p>\u00ab\u00a0Venancio\u00a0\u00bb comme il est simplement appel\u00e9 par ses partisans a assur\u00e9 n&rsquo;avoir \u00ab\u00a0aucun contact direct\u00a0\u00bb avec le nouveau pr\u00e9sident Daniel Chapo, candidat d\u00e9clar\u00e9 vainqueur et issu du parti \u00e0 la t\u00eate du pays depuis l&rsquo;ind\u00e9pendance il y a un demi-si\u00e8cle.<\/p>\n\n\n\n<p>Son investiture s&rsquo;est d\u00e9roul\u00e9e dans une capitale quadrill\u00e9e par les forces de l&rsquo;ordre et aux rues d\u00e9sert\u00e9es mercredi 15 janvier, jour o\u00f9 sept personnes ont trouv\u00e9 la mort dans des manifestions \u00e9parses, selon la m\u00eame ONG, \u00e0 la suite de l&rsquo;appel de Venancio Mondlane \u00e0 \u00ab\u00a0paralyser\u00a0\u00bb le pays.<\/p>\n\n\n\n<p>La semaine d&rsquo;avant, l&rsquo;opposant avait drain\u00e9 une mar\u00e9e humaine pour son retour de l&rsquo;\u00e9tranger &#8212; il cite mercredi des s\u00e9jours en Afrique du Sud, Allemagne et aux Emirats&#8211; o\u00f9 il \u00e9tait pass\u00e9 dans la clandestinit\u00e9 pour des raisons de s\u00e9curit\u00e9 apr\u00e8s l&rsquo;assassinat de figures de l&rsquo;opposition en octobre.<\/p>\n\n\n\n<p>Celui qui accuse les autorit\u00e9s d&rsquo;avoir truqu\u00e9 les \u00e9lections a r\u00e9\u00e9dit\u00e9 son ultimatum au pouvoir, demandant l&rsquo;application de 30 mesures lors des cent premiers jours.<\/p>\n\n\n\n<h2 class=\"wp-block-heading\">&#8211; Id\u00e9es en libre acc\u00e8s &#8211;<\/h2>\n\n\n\n<p>\u00ab\u00a0Si ces mesures ne sont pas mises en \u0153uvre, au moins une chose deviendra claire, c&rsquo;est que ce gouvernement veut poursuivre l&rsquo;escalade de violence et de mis\u00e8re contre le peuple\u00a0\u00bb, a-t-il d\u00e9clar\u00e9.<\/p>\n\n\n\n<p>Apr\u00e8s avoir ironis\u00e9 sur Daniel Chapo, qui en \u00ab\u00a0bon \u00e9l\u00e8ve\u00a0\u00bb a repris \u00ab\u00a090% de (s)es id\u00e9es\u00a0\u00bb lors de son discours inaugural, Venancio Mondlane a assur\u00e9 n&rsquo;avoir \u00ab\u00a0aucun probl\u00e8me \u00e0 continuer \u00e0 produire des id\u00e9es et des propositions\u00a0\u00bb.<\/p>\n\n\n\n<p>\u00ab\u00a0Ces id\u00e9es sont libres d&rsquo;\u00eatre utilis\u00e9es par le gouvernement, par quiconque souhaite le bien du pays. C&rsquo;est dans ce sens que je coop\u00e8re\u00a0\u00bb, a-t-il d\u00e9clar\u00e9.<\/p>\n\n\n\n<p>Mais pas question pour lui de signer un accord tel que celui discut\u00e9 par le Frelimo avec certains partis d&rsquo;opposition sans \u00ab\u00a0garanties sur certaines questions fondamentales pour le peuple\u00a0\u00bb.<\/p>\n\n\n\n<p>\u00ab\u00a0Je vais signer un accord comme celui-l\u00e0 (&#8230;) pour des avantages mat\u00e9riels alors que ces gens qui ont donn\u00e9 leur corps sous les balles, (&#8230;) ont sacrifi\u00e9 leur vie pour la lutte sans aucune forme de compensation ?\u00a0\u00bb a lanc\u00e9 l&rsquo;homme \u00e0 l&rsquo;habituel costume sombre et coupe afro sans renouveler d&rsquo;appel aux blocages.<\/p>\n\n\n\n<p>Ces derniers, conjugu\u00e9s aux gr\u00e8ves, ont laiss\u00e9 percluse l&rsquo;\u00e9conomie de cet Etat lusophone parmi les pays les plus pauvres et in\u00e9galitaires au monde.<\/p>\n\n\n\n<p>Le port de Maputo a par exemple enregistr\u00e9 une baisse d&rsquo;1% de ses volumes annuels, selon un communiqu\u00e9 diffus\u00e9 cette semaine, attribuable au mouvement de contestation initi\u00e9 fin octobre.<\/p>\n\n\n\n<p><\/p>\n\n\n\n<p>\u00a9 Agence France-Presse<\/p>\n","protected":false},"excerpt":{"rendered":"<p>Maputo,\u00a0Mozambique &#8211; Sans ambition gouvernementale ni contact direct avec le nouveau pr\u00e9sident, le principal opposant au Mozambique, Venancio Mondlane, instigateur d&rsquo;une contestation \u00e9lectorale durant depuis des mois dans le pays d&rsquo;Afrique australe n&rsquo;attend \u00ab\u00a0absolument rien\u00a0\u00bb du pouvoir mais lui laisse cent jours. Mozambique: intransigeant, le principal opposant exclut de rejoindre le gouvernement \u00ab\u00a0Je ne veux [&hellip;]<\/p>\n","protected":false},"author":10,"featured_media":16066,"comment_status":"open","ping_status":"open","sticky":false,"template":"","format":"standard","meta":{"_acf_changed":false,"om_disable_all_campaigns":false,"_monsterinsights_skip_tracking":false,"_monsterinsights_sitenote_active":false,"_monsterinsights_sitenote_note":"","_monsterinsights_sitenote_category":0,"tdm_status":"","tdm_grid_status":"","_jetpack_newsletter_access":"","_jetpack_dont_email_post_to_subs":false,"_jetpack_newsletter_tier_id":0,"_jetpack_memberships_contains_paywalled_content":false,"_jetpack_memberships_contains_paid_content":false,"footnotes":""},"categories":[1008],"tags":[1730,314,1168,1439,1501,1979,1170],"adr_country":[1211],"class_list":{"0":"post-16068","1":"post","2":"type-post","3":"status-publish","4":"format-standard","5":"has-post-thumbnail","7":"category-politics-fr","8":"tag-election-2-fr","9":"tag-gouvernement-fr","10":"tag-government-fr","11":"tag-manifestation-2","12":"tag-mozambique-fr","13":"tag-opposition-fr","14":"tag-politics-fr","15":"adr_country-mozambique"},"acf":{"post_version":""},"yoast_head":"<!-- This site is optimized with the Yoast SEO Premium plugin v26.0 (Yoast SEO v27.4) - https:\/\/yoast.com\/product\/yoast-seo-premium-wordpress\/ -->\n<title>Mozambique: intransigeant, le principal opposant exclut de rejoindre le gouvernement - Africa Daily Report<\/title>\n<meta name=\"robots\" content=\"index, follow, max-snippet:-1, max-image-preview:large, max-video-preview:-1\" \/>\n<link rel=\"canonical\" href=\"https:\/\/africadailyreport.com\/fr\/2025\/01\/22\/mozambique-opposition-leader-says-will-not-join-new-govt\/\" \/>\n<meta property=\"og:locale\" content=\"fr_FR\" \/>\n<meta property=\"og:type\" content=\"article\" \/>\n<meta property=\"og:title\" content=\"Mozambique: intransigeant, le principal opposant exclut de rejoindre le gouvernement\" \/>\n<meta property=\"og:description\" content=\"Maputo,\u00a0Mozambique &#8211; Sans ambition gouvernementale ni contact direct avec le nouveau pr\u00e9sident, le principal opposant au Mozambique, Venancio Mondlane, instigateur d&rsquo;une contestation \u00e9lectorale durant depuis des mois dans le pays d&rsquo;Afrique australe n&rsquo;attend \u00ab\u00a0absolument rien\u00a0\u00bb du pouvoir mais lui laisse cent jours. Mozambique: intransigeant, le principal opposant exclut de rejoindre le gouvernement \u00ab\u00a0Je ne veux [&hellip;]\" \/>\n<meta property=\"og:url\" content=\"https:\/\/africadailyreport.com\/fr\/2025\/01\/22\/mozambique-opposition-leader-says-will-not-join-new-govt\/\" \/>\n<meta property=\"og:site_name\" content=\"Africa Daily Report\" \/>\n<meta property=\"article:publisher\" content=\"https:\/\/www.facebook.com\/africadailyreport\" \/>\n<meta property=\"article:published_time\" content=\"2025-01-22T23:06:10+00:00\" \/>\n<meta property=\"article:modified_time\" content=\"2025-01-23T01:21:43+00:00\" \/>\n<meta property=\"og:image\" content=\"https:\/\/africadailyreport.com\/wp-content\/uploads\/2025\/01\/AFP__20250122__36VJ2NU__v1__HighRes__MozambiquePoliticsMondlane-scaled.jpg\" \/>\n\t<meta property=\"og:image:width\" content=\"1\" \/>\n\t<meta property=\"og:image:height\" content=\"1\" \/>\n\t<meta property=\"og:image:type\" content=\"image\/jpeg\" \/>\n<meta name=\"author\" content=\"ADR\/AFP\" \/>\n<meta name=\"twitter:card\" content=\"summary_large_image\" \/>\n<meta name=\"twitter:creator\" content=\"@adr_africa\" \/>\n<meta name=\"twitter:site\" content=\"@adr_africa\" \/>\n<meta name=\"twitter:label1\" content=\"\u00c9crit par\" \/>\n\t<meta name=\"twitter:data1\" content=\"ADR\/AFP\" \/>\n\t<meta name=\"twitter:label2\" content=\"Dur\u00e9e de lecture estim\u00e9e\" \/>\n\t<meta name=\"twitter:data2\" content=\"1 minute\" \/>\n<script type=\"application\/ld+json\" class=\"yoast-schema-graph\">{\"@context\":\"https:\\\/\\\/schema.org\",\"@graph\":[{\"@type\":\"Article\",\"@id\":\"https:\\\/\\\/africadailyreport.com\\\/fr\\\/2025\\\/01\\\/22\\\/mozambique-opposition-leader-says-will-not-join-new-govt\\\/#article\",\"isPartOf\":{\"@id\":\"https:\\\/\\\/africadailyreport.com\\\/fr\\\/2025\\\/01\\\/22\\\/mozambique-opposition-leader-says-will-not-join-new-govt\\\/\"},\"author\":{\"name\":\"ADR\\\/AFP\",\"@id\":\"https:\\\/\\\/africadailyreport.com\\\/fr\\\/#\\\/schema\\\/person\\\/c44d86d79f5570b3ba4cf70c989843f8\"},\"headline\":\"Mozambique: intransigeant, le principal opposant exclut de rejoindre le gouvernement\",\"datePublished\":\"2025-01-22T23:06:10+00:00\",\"dateModified\":\"2025-01-23T01:21:43+00:00\",\"mainEntityOfPage\":{\"@id\":\"https:\\\/\\\/africadailyreport.com\\\/fr\\\/2025\\\/01\\\/22\\\/mozambique-opposition-leader-says-will-not-join-new-govt\\\/\"},\"wordCount\":636,\"commentCount\":0,\"publisher\":{\"@id\":\"https:\\\/\\\/africadailyreport.com\\\/fr\\\/#organization\"},\"image\":{\"@id\":\"https:\\\/\\\/africadailyreport.com\\\/fr\\\/2025\\\/01\\\/22\\\/mozambique-opposition-leader-says-will-not-join-new-govt\\\/#primaryimage\"},\"thumbnailUrl\":\"https:\\\/\\\/i0.wp.com\\\/africadailyreport.com\\\/wp-content\\\/uploads\\\/2025\\\/01\\\/AFP__20250122__36VJ2NU__v1__HighRes__MozambiquePoliticsMondlane-scaled.jpg?fit=%2C&ssl=1\",\"keywords\":[\"\u00e9lection\",\"gouvernement\",\"Government\",\"manifestation\",\"Mozambique\",\"opposition\",\"Politics\"],\"articleSection\":[\"Politics\"],\"inLanguage\":\"fr-FR\",\"potentialAction\":[{\"@type\":\"CommentAction\",\"name\":\"Comment\",\"target\":[\"https:\\\/\\\/africadailyreport.com\\\/fr\\\/2025\\\/01\\\/22\\\/mozambique-opposition-leader-says-will-not-join-new-govt\\\/#respond\"]}],\"copyrightYear\":\"2025\",\"copyrightHolder\":{\"@id\":\"https:\\\/\\\/africadailyreport.com\\\/#organization\"}},{\"@type\":\"WebPage\",\"@id\":\"https:\\\/\\\/africadailyreport.com\\\/fr\\\/2025\\\/01\\\/22\\\/mozambique-opposition-leader-says-will-not-join-new-govt\\\/\",\"url\":\"https:\\\/\\\/africadailyreport.com\\\/fr\\\/2025\\\/01\\\/22\\\/mozambique-opposition-leader-says-will-not-join-new-govt\\\/\",\"name\":\"Mozambique: intransigeant, le principal opposant exclut de rejoindre le gouvernement - Africa Daily Report\",\"isPartOf\":{\"@id\":\"https:\\\/\\\/africadailyreport.com\\\/fr\\\/#website\"},\"primaryImageOfPage\":{\"@id\":\"https:\\\/\\\/africadailyreport.com\\\/fr\\\/2025\\\/01\\\/22\\\/mozambique-opposition-leader-says-will-not-join-new-govt\\\/#primaryimage\"},\"image\":{\"@id\":\"https:\\\/\\\/africadailyreport.com\\\/fr\\\/2025\\\/01\\\/22\\\/mozambique-opposition-leader-says-will-not-join-new-govt\\\/#primaryimage\"},\"thumbnailUrl\":\"https:\\\/\\\/i0.wp.com\\\/africadailyreport.com\\\/wp-content\\\/uploads\\\/2025\\\/01\\\/AFP__20250122__36VJ2NU__v1__HighRes__MozambiquePoliticsMondlane-scaled.jpg?fit=%2C&ssl=1\",\"datePublished\":\"2025-01-22T23:06:10+00:00\",\"dateModified\":\"2025-01-23T01:21:43+00:00\",\"breadcrumb\":{\"@id\":\"https:\\\/\\\/africadailyreport.com\\\/fr\\\/2025\\\/01\\\/22\\\/mozambique-opposition-leader-says-will-not-join-new-govt\\\/#breadcrumb\"},\"inLanguage\":\"fr-FR\",\"potentialAction\":[{\"@type\":\"ReadAction\",\"target\":[\"https:\\\/\\\/africadailyreport.com\\\/fr\\\/2025\\\/01\\\/22\\\/mozambique-opposition-leader-says-will-not-join-new-govt\\\/\"]}]},{\"@type\":\"ImageObject\",\"inLanguage\":\"fr-FR\",\"@id\":\"https:\\\/\\\/africadailyreport.com\\\/fr\\\/2025\\\/01\\\/22\\\/mozambique-opposition-leader-says-will-not-join-new-govt\\\/#primaryimage\",\"url\":\"https:\\\/\\\/i0.wp.com\\\/africadailyreport.com\\\/wp-content\\\/uploads\\\/2025\\\/01\\\/AFP__20250122__36VJ2NU__v1__HighRes__MozambiquePoliticsMondlane-scaled.jpg?fit=%2C&ssl=1\",\"contentUrl\":\"https:\\\/\\\/i0.wp.com\\\/africadailyreport.com\\\/wp-content\\\/uploads\\\/2025\\\/01\\\/AFP__20250122__36VJ2NU__v1__HighRes__MozambiquePoliticsMondlane-scaled.jpg?fit=%2C&ssl=1\",\"caption\":\"Mozambique's main opposition leader Venancio Mondlane gestures as he sits for an interview with AFP in Maputo on January 22, 2025. (Photo by Amilton Neves \\\/ AFP)\"},{\"@type\":\"BreadcrumbList\",\"@id\":\"https:\\\/\\\/africadailyreport.com\\\/fr\\\/2025\\\/01\\\/22\\\/mozambique-opposition-leader-says-will-not-join-new-govt\\\/#breadcrumb\",\"itemListElement\":[{\"@type\":\"ListItem\",\"position\":1,\"name\":\"Home\",\"item\":\"https:\\\/\\\/africadailyreport.com\\\/fr\\\/\"},{\"@type\":\"ListItem\",\"position\":2,\"name\":\"Mozambique: intransigeant, le principal opposant exclut de rejoindre le gouvernement\"}]},{\"@type\":\"WebSite\",\"@id\":\"https:\\\/\\\/africadailyreport.com\\\/fr\\\/#website\",\"url\":\"https:\\\/\\\/africadailyreport.com\\\/fr\\\/\",\"name\":\"Africa Daily Report\",\"description\":\"\",\"publisher\":{\"@id\":\"https:\\\/\\\/africadailyreport.com\\\/fr\\\/#organization\"},\"potentialAction\":[{\"@type\":\"SearchAction\",\"target\":{\"@type\":\"EntryPoint\",\"urlTemplate\":\"https:\\\/\\\/africadailyreport.com\\\/fr\\\/?s={search_term_string}\"},\"query-input\":{\"@type\":\"PropertyValueSpecification\",\"valueRequired\":true,\"valueName\":\"search_term_string\"}}],\"inLanguage\":\"fr-FR\"},{\"@type\":\"Organization\",\"@id\":\"https:\\\/\\\/africadailyreport.com\\\/fr\\\/#organization\",\"name\":\"Africa Daily Report\",\"url\":\"https:\\\/\\\/africadailyreport.com\\\/fr\\\/\",\"logo\":{\"@type\":\"ImageObject\",\"inLanguage\":\"fr-FR\",\"@id\":\"https:\\\/\\\/africadailyreport.com\\\/fr\\\/#\\\/schema\\\/logo\\\/image\\\/\",\"url\":\"https:\\\/\\\/africadailyreport.com\\\/wp-content\\\/uploads\\\/2024\\\/09\\\/ADR-Transparent-Green-Logo-1.png\",\"contentUrl\":\"https:\\\/\\\/africadailyreport.com\\\/wp-content\\\/uploads\\\/2024\\\/09\\\/ADR-Transparent-Green-Logo-1.png\",\"width\":267,\"height\":185,\"caption\":\"Africa Daily Report\"},\"image\":{\"@id\":\"https:\\\/\\\/africadailyreport.com\\\/fr\\\/#\\\/schema\\\/logo\\\/image\\\/\"},\"sameAs\":[\"https:\\\/\\\/www.facebook.com\\\/africadailyreport\",\"https:\\\/\\\/x.com\\\/adr_africa\",\"https:\\\/\\\/www.youtube.com\\\/@africadailyreport\",\"https:\\\/\\\/instagram.com\\\/africadailyreport\"]},{\"@type\":\"Person\",\"@id\":\"https:\\\/\\\/africadailyreport.com\\\/fr\\\/#\\\/schema\\\/person\\\/c44d86d79f5570b3ba4cf70c989843f8\",\"name\":\"ADR\\\/AFP\",\"image\":{\"@type\":\"ImageObject\",\"inLanguage\":\"fr-FR\",\"@id\":\"https:\\\/\\\/secure.gravatar.com\\\/avatar\\\/2fbdc3782aa386b408fd9a36f0bc78ee569c94a7a05670cab3a1d72916408214?s=96&d=mm&r=g\",\"url\":\"https:\\\/\\\/secure.gravatar.com\\\/avatar\\\/2fbdc3782aa386b408fd9a36f0bc78ee569c94a7a05670cab3a1d72916408214?s=96&d=mm&r=g\",\"contentUrl\":\"https:\\\/\\\/secure.gravatar.com\\\/avatar\\\/2fbdc3782aa386b408fd9a36f0bc78ee569c94a7a05670cab3a1d72916408214?s=96&d=mm&r=g\",\"caption\":\"ADR\\\/AFP\"},\"sameAs\":[\"http:\\\/\\\/africadailyreport.com\"],\"url\":\"https:\\\/\\\/africadailyreport.com\\\/fr\\\/author\\\/both\\\/\"}]}<\/script>\n<!-- \/ Yoast SEO Premium plugin. -->","yoast_head_json":{"title":"Mozambique: intransigeant, le principal opposant exclut de rejoindre le gouvernement - Africa Daily Report","robots":{"index":"index","follow":"follow","max-snippet":"max-snippet:-1","max-image-preview":"max-image-preview:large","max-video-preview":"max-video-preview:-1"},"canonical":"https:\/\/africadailyreport.com\/fr\/2025\/01\/22\/mozambique-opposition-leader-says-will-not-join-new-govt\/","og_locale":"fr_FR","og_type":"article","og_title":"Mozambique: intransigeant, le principal opposant exclut de rejoindre le gouvernement","og_description":"Maputo,\u00a0Mozambique &#8211; Sans ambition gouvernementale ni contact direct avec le nouveau pr\u00e9sident, le principal opposant au Mozambique, Venancio Mondlane, instigateur d&rsquo;une contestation \u00e9lectorale durant depuis des mois dans le pays d&rsquo;Afrique australe n&rsquo;attend \u00ab\u00a0absolument rien\u00a0\u00bb du pouvoir mais lui laisse cent jours. Mozambique: intransigeant, le principal opposant exclut de rejoindre le gouvernement \u00ab\u00a0Je ne veux [&hellip;]","og_url":"https:\/\/africadailyreport.com\/fr\/2025\/01\/22\/mozambique-opposition-leader-says-will-not-join-new-govt\/","og_site_name":"Africa Daily Report","article_publisher":"https:\/\/www.facebook.com\/africadailyreport","article_published_time":"2025-01-22T23:06:10+00:00","article_modified_time":"2025-01-23T01:21:43+00:00","og_image":[{"url":"https:\/\/africadailyreport.com\/wp-content\/uploads\/2025\/01\/AFP__20250122__36VJ2NU__v1__HighRes__MozambiquePoliticsMondlane-scaled.jpg","width":1,"height":1,"type":"image\/jpeg"}],"author":"ADR\/AFP","twitter_card":"summary_large_image","twitter_creator":"@adr_africa","twitter_site":"@adr_africa","twitter_misc":{"\u00c9crit par":"ADR\/AFP","Dur\u00e9e de lecture estim\u00e9e":"1 minute"},"schema":{"@context":"https:\/\/schema.org","@graph":[{"@type":"Article","@id":"https:\/\/africadailyreport.com\/fr\/2025\/01\/22\/mozambique-opposition-leader-says-will-not-join-new-govt\/#article","isPartOf":{"@id":"https:\/\/africadailyreport.com\/fr\/2025\/01\/22\/mozambique-opposition-leader-says-will-not-join-new-govt\/"},"author":{"name":"ADR\/AFP","@id":"https:\/\/africadailyreport.com\/fr\/#\/schema\/person\/c44d86d79f5570b3ba4cf70c989843f8"},"headline":"Mozambique: intransigeant, le principal opposant exclut de rejoindre le gouvernement","datePublished":"2025-01-22T23:06:10+00:00","dateModified":"2025-01-23T01:21:43+00:00","mainEntityOfPage":{"@id":"https:\/\/africadailyreport.com\/fr\/2025\/01\/22\/mozambique-opposition-leader-says-will-not-join-new-govt\/"},"wordCount":636,"commentCount":0,"publisher":{"@id":"https:\/\/africadailyreport.com\/fr\/#organization"},"image":{"@id":"https:\/\/africadailyreport.com\/fr\/2025\/01\/22\/mozambique-opposition-leader-says-will-not-join-new-govt\/#primaryimage"},"thumbnailUrl":"https:\/\/i0.wp.com\/africadailyreport.com\/wp-content\/uploads\/2025\/01\/AFP__20250122__36VJ2NU__v1__HighRes__MozambiquePoliticsMondlane-scaled.jpg?fit=%2C&ssl=1","keywords":["\u00e9lection","gouvernement","Government","manifestation","Mozambique","opposition","Politics"],"articleSection":["Politics"],"inLanguage":"fr-FR","potentialAction":[{"@type":"CommentAction","name":"Comment","target":["https:\/\/africadailyreport.com\/fr\/2025\/01\/22\/mozambique-opposition-leader-says-will-not-join-new-govt\/#respond"]}],"copyrightYear":"2025","copyrightHolder":{"@id":"https:\/\/africadailyreport.com\/#organization"}},{"@type":"WebPage","@id":"https:\/\/africadailyreport.com\/fr\/2025\/01\/22\/mozambique-opposition-leader-says-will-not-join-new-govt\/","url":"https:\/\/africadailyreport.com\/fr\/2025\/01\/22\/mozambique-opposition-leader-says-will-not-join-new-govt\/","name":"Mozambique: intransigeant, le principal opposant exclut de rejoindre le gouvernement - Africa Daily Report","isPartOf":{"@id":"https:\/\/africadailyreport.com\/fr\/#website"},"primaryImageOfPage":{"@id":"https:\/\/africadailyreport.com\/fr\/2025\/01\/22\/mozambique-opposition-leader-says-will-not-join-new-govt\/#primaryimage"},"image":{"@id":"https:\/\/africadailyreport.com\/fr\/2025\/01\/22\/mozambique-opposition-leader-says-will-not-join-new-govt\/#primaryimage"},"thumbnailUrl":"https:\/\/i0.wp.com\/africadailyreport.com\/wp-content\/uploads\/2025\/01\/AFP__20250122__36VJ2NU__v1__HighRes__MozambiquePoliticsMondlane-scaled.jpg?fit=%2C&ssl=1","datePublished":"2025-01-22T23:06:10+00:00","dateModified":"2025-01-23T01:21:43+00:00","breadcrumb":{"@id":"https:\/\/africadailyreport.com\/fr\/2025\/01\/22\/mozambique-opposition-leader-says-will-not-join-new-govt\/#breadcrumb"},"inLanguage":"fr-FR","potentialAction":[{"@type":"ReadAction","target":["https:\/\/africadailyreport.com\/fr\/2025\/01\/22\/mozambique-opposition-leader-says-will-not-join-new-govt\/"]}]},{"@type":"ImageObject","inLanguage":"fr-FR","@id":"https:\/\/africadailyreport.com\/fr\/2025\/01\/22\/mozambique-opposition-leader-says-will-not-join-new-govt\/#primaryimage","url":"https:\/\/i0.wp.com\/africadailyreport.com\/wp-content\/uploads\/2025\/01\/AFP__20250122__36VJ2NU__v1__HighRes__MozambiquePoliticsMondlane-scaled.jpg?fit=%2C&ssl=1","contentUrl":"https:\/\/i0.wp.com\/africadailyreport.com\/wp-content\/uploads\/2025\/01\/AFP__20250122__36VJ2NU__v1__HighRes__MozambiquePoliticsMondlane-scaled.jpg?fit=%2C&ssl=1","caption":"Mozambique's main opposition leader Venancio Mondlane gestures as he sits for an interview with AFP in Maputo on January 22, 2025. (Photo by Amilton Neves \/ AFP)"},{"@type":"BreadcrumbList","@id":"https:\/\/africadailyreport.com\/fr\/2025\/01\/22\/mozambique-opposition-leader-says-will-not-join-new-govt\/#breadcrumb","itemListElement":[{"@type":"ListItem","position":1,"name":"Home","item":"https:\/\/africadailyreport.com\/fr\/"},{"@type":"ListItem","position":2,"name":"Mozambique: intransigeant, le principal opposant exclut de rejoindre le gouvernement"}]},{"@type":"WebSite","@id":"https:\/\/africadailyreport.com\/fr\/#website","url":"https:\/\/africadailyreport.com\/fr\/","name":"Africa Daily Report","description":"","publisher":{"@id":"https:\/\/africadailyreport.com\/fr\/#organization"},"potentialAction":[{"@type":"SearchAction","target":{"@type":"EntryPoint","urlTemplate":"https:\/\/africadailyreport.com\/fr\/?s={search_term_string}"},"query-input":{"@type":"PropertyValueSpecification","valueRequired":true,"valueName":"search_term_string"}}],"inLanguage":"fr-FR"},{"@type":"Organization","@id":"https:\/\/africadailyreport.com\/fr\/#organization","name":"Africa Daily Report","url":"https:\/\/africadailyreport.com\/fr\/","logo":{"@type":"ImageObject","inLanguage":"fr-FR","@id":"https:\/\/africadailyreport.com\/fr\/#\/schema\/logo\/image\/","url":"https:\/\/africadailyreport.com\/wp-content\/uploads\/2024\/09\/ADR-Transparent-Green-Logo-1.png","contentUrl":"https:\/\/africadailyreport.com\/wp-content\/uploads\/2024\/09\/ADR-Transparent-Green-Logo-1.png","width":267,"height":185,"caption":"Africa Daily Report"},"image":{"@id":"https:\/\/africadailyreport.com\/fr\/#\/schema\/logo\/image\/"},"sameAs":["https:\/\/www.facebook.com\/africadailyreport","https:\/\/x.com\/adr_africa","https:\/\/www.youtube.com\/@africadailyreport","https:\/\/instagram.com\/africadailyreport"]},{"@type":"Person","@id":"https:\/\/africadailyreport.com\/fr\/#\/schema\/person\/c44d86d79f5570b3ba4cf70c989843f8","name":"ADR\/AFP","image":{"@type":"ImageObject","inLanguage":"fr-FR","@id":"https:\/\/secure.gravatar.com\/avatar\/2fbdc3782aa386b408fd9a36f0bc78ee569c94a7a05670cab3a1d72916408214?s=96&d=mm&r=g","url":"https:\/\/secure.gravatar.com\/avatar\/2fbdc3782aa386b408fd9a36f0bc78ee569c94a7a05670cab3a1d72916408214?s=96&d=mm&r=g","contentUrl":"https:\/\/secure.gravatar.com\/avatar\/2fbdc3782aa386b408fd9a36f0bc78ee569c94a7a05670cab3a1d72916408214?s=96&d=mm&r=g","caption":"ADR\/AFP"},"sameAs":["http:\/\/africadailyreport.com"],"url":"https:\/\/africadailyreport.com\/fr\/author\/both\/"}]}},"jetpack_featured_media_url":"https:\/\/i0.wp.com\/africadailyreport.com\/wp-content\/uploads\/2025\/01\/AFP__20250122__36VJ2NU__v1__HighRes__MozambiquePoliticsMondlane-scaled.jpg?fit=%2C&ssl=1","jetpack_sharing_enabled":true,"amp_enabled":true,"_links":{"self":[{"href":"https:\/\/africadailyreport.com\/fr\/wp-json\/wp\/v2\/posts\/16068","targetHints":{"allow":["GET"]}}],"collection":[{"href":"https:\/\/africadailyreport.com\/fr\/wp-json\/wp\/v2\/posts"}],"about":[{"href":"https:\/\/africadailyreport.com\/fr\/wp-json\/wp\/v2\/types\/post"}],"author":[{"embeddable":true,"href":"https:\/\/africadailyreport.com\/fr\/wp-json\/wp\/v2\/users\/10"}],"replies":[{"embeddable":true,"href":"https:\/\/africadailyreport.com\/fr\/wp-json\/wp\/v2\/comments?post=16068"}],"version-history":[{"count":3,"href":"https:\/\/africadailyreport.com\/fr\/wp-json\/wp\/v2\/posts\/16068\/revisions"}],"predecessor-version":[{"id":16073,"href":"https:\/\/africadailyreport.com\/fr\/wp-json\/wp\/v2\/posts\/16068\/revisions\/16073"}],"wp:featuredmedia":[{"embeddable":true,"href":"https:\/\/africadailyreport.com\/fr\/wp-json\/wp\/v2\/media\/16066"}],"wp:attachment":[{"href":"https:\/\/africadailyreport.com\/fr\/wp-json\/wp\/v2\/media?parent=16068"}],"wp:term":[{"taxonomy":"category","embeddable":true,"href":"https:\/\/africadailyreport.com\/fr\/wp-json\/wp\/v2\/categories?post=16068"},{"taxonomy":"post_tag","embeddable":true,"href":"https:\/\/africadailyreport.com\/fr\/wp-json\/wp\/v2\/tags?post=16068"},{"taxonomy":"adr_country","embeddable":true,"href":"https:\/\/africadailyreport.com\/fr\/wp-json\/wp\/v2\/adr_country?post=16068"}],"curies":[{"name":"wp","href":"https:\/\/api.w.org\/{rel}","templated":true}]}}