{"id":15953,"date":"2025-01-18T22:50:48","date_gmt":"2025-01-18T22:50:48","guid":{"rendered":"https:\/\/africadailyreport.com\/2025\/01\/18\/drcongo-leader-rejects-direct-talks-with-m23-armed-group\/"},"modified":"2025-01-18T22:56:54","modified_gmt":"2025-01-18T22:56:54","slug":"drcongo-leader-rejects-direct-talks-with-m23-armed-group","status":"publish","type":"post","link":"https:\/\/africadailyreport.com\/fr\/2025\/01\/18\/drcongo-leader-rejects-direct-talks-with-m23-armed-group\/","title":{"rendered":"Conflit en RDC : Tshisekedi exclut tout dialogue avec les rebelles du M23"},"content":{"rendered":"\n<h2 class=\"wp-block-heading\" id=\"h-kinshasa-rd-congo-le-dialogue-avec-le-groupe-arme-m23-est-une-ligne-rouge-que-kinshasa-ne-peut-franchir-dans-le-cadre-du-conflit-qui-oppose-la-republique-democratique-du-congo-rdc-et-le-rwanda-a-estime-samedi-le-president-congolais-felix-tshisekedi\"><strong><em>Kinshasa,\u00a0RD Congo &#8211;<\/em><\/strong> Le dialogue avec le groupe arm\u00e9 M23 est une \u00ab\u00a0ligne rouge\u00a0\u00bb que Kinshasa ne peut franchir, dans le cadre du conflit qui oppose la R\u00e9publique d\u00e9mocratique du Congo (RDC) et le Rwanda, a estim\u00e9 samedi le pr\u00e9sident congolais F\u00e9lix Tshisekedi.<\/h2>\n\n\n\n\n\n<p>Le dialogue avec le groupe arm\u00e9 M23 est une \u00ab\u00a0ligne rouge\u00a0\u00bb que Kinshasa ne peut franchir, dans le cadre du conflit qui oppose la R\u00e9publique d\u00e9mocratique du Congo (RDC) et le Rwanda, a estim\u00e9 samedi le pr\u00e9sident congolais F\u00e9lix Tshisekedi.<\/p>\n\n\n\n<p>Le&nbsp;M23 (\u00ab\u00a0Mouvement du 23 mars\u00a0\u00bb), soutenu par le Rwanda et 3.000 \u00e0 4.000 soldats rwandais d\u00e9ploy\u00e9s \u00e0 ses c\u00f4t\u00e9s, s&rsquo;est empar\u00e9 depuis sa r\u00e9surgence fin 2021 de vastes pans de territoire dans l&rsquo;est de la RDC, riche en ressources naturelles et d\u00e9chir\u00e9 depuis 30 ans par des conflits.<\/p>\n\n\n\n<p>Le 15 d\u00e9cembre, les pr\u00e9sidents congolais F\u00e9lix Tshisekedi et rwandais Paul Kagame devaient se rencontrer \u00e0 Luanda pour des pourparlers de paix mais les deux parties n&rsquo;ont pas r\u00e9ussi \u00e0 s&rsquo;accorder sur les termes, aboutissant \u00e0 l&rsquo;annulation du sommet \u00e0 la derni\u00e8re minute.<\/p>\n\n\n\n<p>L\u2019\u00e9chec de ces pourparlers est venu du \u00ab\u00a0fait de l&rsquo;absence du pr\u00e9sident rwandais (Paul Kagame) et de l&rsquo;introduction par la d\u00e9l\u00e9gation rwandaise d&rsquo;une nouvelle condition pr\u00e9alable, \u00e0 savoir l&rsquo;exigence d&rsquo;un dialogue direct entre la R\u00e9publique d\u00e9mocratique du Congo et le groupe terroriste du M23\u00a0\u00bb, a d\u00e9clar\u00e9 samedi M. Tshisekedi, en s&rsquo;adressant aux diplomates accr\u00e9dit\u00e9s \u00e0 Kinshasa.<\/p>\n\n\n\n<p>\u00ab\u00a0Le dialogue avec un groupe terroriste comme le M23 est une ligne rouge que nous ne franchirons jamais\u00a0\u00bb, a dit le chef de l\u2019\u00c9tat lors de cette c\u00e9r\u00e9monie de pr\u00e9sentation des v\u0153ux. \u00ab\u00a0Exiger un dialogue direct avec un groupe terroriste revient \u00e0 l\u00e9gitimer des agissements qui violent nos lois et principes fondamentaux\u00a0\u00bb.<\/p>\n\n\n\n<p>Les pr\u00e9sidents fran\u00e7ais Emmanuel Macron et angolais Joao Louren\u00e7o ont appel\u00e9 jeudi \u00e0 Paris \u00e0 la reprise des discussions \u00ab\u00a0au plus haut niveau\u00a0\u00bb entre la RDC et le Rwanda.<\/p>\n\n\n\n<p>M. Louren\u00e7o est le m\u00e9diateur d\u00e9sign\u00e9 par l&rsquo;Union africaine (UA) dans le conflit entre Kigali et Kinshasa.<\/p>\n\n\n\n<p>La RDC \u00ab\u00a0ne se soumettra jamais aux pressions d&rsquo;acteurs ext\u00e9rieurs tentant d&rsquo;imposer des conditions contraires \u00e0 nos int\u00e9r\u00eats et \u00e0 notre souverainet\u00e9\u00a0\u00bb, a encore dit M. Tshisekedi.<\/p>\n\n\n\n<p>Le pr\u00e9sident congolais a n\u00e9anmoins dit la volont\u00e9 de son pays de rester dans le processus de Luanda.<\/p>\n\n\n\n<p>\u00ab\u00a0La RDC s&rsquo;y \u00e9tait engag\u00e9e de mani\u00e8re sinc\u00e8re, esp\u00e9rant qu&rsquo;il marquerait le d\u00e9but d&rsquo;une paix durable\u00a0\u00bb, a-t-il ajout\u00e9. \u00ab\u00a0Cependant, les provocations continues de Kigali, ses violations r\u00e9p\u00e9t\u00e9es des accords et son soutien actif au M23, disons-le clairement, compromettent la cr\u00e9dibilit\u00e9 de ce processus\u00a0\u00bb.<\/p>\n\n\n\n<p>Depuis d\u00e9but janvier, les combats entre le M23 et l&rsquo;arm\u00e9e congolaise dans l&rsquo;est de la RDC ont d\u00e9plac\u00e9 au moins 237.000 personnes, a indiqu\u00e9 vendredi le Haut-Commissariat de l&rsquo;ONU pour les r\u00e9fugi\u00e9s (HCR), se disant \u00ab\u00a0alarm\u00e9 par l&rsquo;aggravation de la violence\u00a0\u00bb.<\/p>\n\n\n\n<p><\/p>\n\n\n\n<p>\u00a9 Agence France-Presse<\/p>\n","protected":false},"excerpt":{"rendered":"<p>Kinshasa,\u00a0RD Congo &#8211; Le dialogue avec le groupe arm\u00e9 M23 est une \u00ab\u00a0ligne rouge\u00a0\u00bb que Kinshasa ne peut franchir, dans le cadre du conflit qui oppose la R\u00e9publique d\u00e9mocratique du Congo (RDC) et le Rwanda, a estim\u00e9 samedi le pr\u00e9sident congolais F\u00e9lix Tshisekedi. Le dialogue avec le groupe arm\u00e9 M23 est une \u00ab\u00a0ligne rouge\u00a0\u00bb que [&hellip;]<\/p>\n","protected":false},"author":10,"featured_media":15951,"comment_status":"open","ping_status":"open","sticky":false,"template":"","format":"standard","meta":{"_acf_changed":false,"om_disable_all_campaigns":false,"_monsterinsights_skip_tracking":false,"_monsterinsights_sitenote_active":false,"_monsterinsights_sitenote_note":"","_monsterinsights_sitenote_category":0,"tdm_status":"","tdm_grid_status":"","_jetpack_newsletter_access":"","_jetpack_dont_email_post_to_subs":false,"_jetpack_newsletter_tier_id":0,"_jetpack_memberships_contains_paywalled_content":false,"_jetpack_memberships_contains_paid_content":false,"footnotes":""},"categories":[293,1794,802,690],"tags":[1044,1074,856,784,1228,1126,861,313,894,863],"adr_country":[1089],"class_list":{"0":"post-15953","1":"post","2":"type-post","3":"status-publish","4":"format-standard","5":"has-post-thumbnail","7":"category-actualites-fr","8":"category-choix-de-la-redaction","9":"category-depeche-fr","10":"category-politique-2","11":"tag-angola-2","12":"tag-conflict-fr","13":"tag-congo-fr","14":"tag-diplomatie-fr","15":"tag-dr-congo-fr","16":"tag-drc-fr","17":"tag-m23-fr","18":"tag-rdc-fr","19":"tag-rebellion-fr","20":"tag-rwanda-fr","21":"adr_country-d-r-congo"},"acf":{"post_version":""},"yoast_head":"<!-- This site is optimized with the Yoast SEO Premium plugin v26.0 (Yoast SEO v27.4) - https:\/\/yoast.com\/product\/yoast-seo-premium-wordpress\/ -->\n<title>Conflit en RDC : Tshisekedi exclut tout dialogue avec les rebelles du M23 - Africa Daily Report<\/title>\n<meta name=\"robots\" content=\"index, follow, max-snippet:-1, max-image-preview:large, max-video-preview:-1\" \/>\n<link rel=\"canonical\" href=\"https:\/\/africadailyreport.com\/fr\/2025\/01\/18\/drcongo-leader-rejects-direct-talks-with-m23-armed-group\/\" \/>\n<meta property=\"og:locale\" content=\"fr_FR\" \/>\n<meta property=\"og:type\" content=\"article\" \/>\n<meta property=\"og:title\" content=\"Conflit en RDC : Tshisekedi exclut tout dialogue avec les rebelles du M23\" \/>\n<meta property=\"og:description\" content=\"Kinshasa,\u00a0RD Congo &#8211; Le dialogue avec le groupe arm\u00e9 M23 est une \u00ab\u00a0ligne rouge\u00a0\u00bb que Kinshasa ne peut franchir, dans le cadre du conflit qui oppose la R\u00e9publique d\u00e9mocratique du Congo (RDC) et le Rwanda, a estim\u00e9 samedi le pr\u00e9sident congolais F\u00e9lix Tshisekedi. Le dialogue avec le groupe arm\u00e9 M23 est une \u00ab\u00a0ligne rouge\u00a0\u00bb que [&hellip;]\" \/>\n<meta property=\"og:url\" content=\"https:\/\/africadailyreport.com\/fr\/2025\/01\/18\/drcongo-leader-rejects-direct-talks-with-m23-armed-group\/\" \/>\n<meta property=\"og:site_name\" content=\"Africa Daily Report\" \/>\n<meta property=\"article:publisher\" content=\"https:\/\/www.facebook.com\/africadailyreport\" \/>\n<meta property=\"article:published_time\" content=\"2025-01-18T22:50:48+00:00\" \/>\n<meta property=\"article:modified_time\" content=\"2025-01-18T22:56:54+00:00\" \/>\n<meta property=\"og:image\" content=\"https:\/\/africadailyreport.com\/wp-content\/uploads\/2025\/01\/AFP__20240531__34UE89V__v1__HighRes__DrcongoUnrestConflict-scaled.jpg\" \/>\n\t<meta property=\"og:image:width\" content=\"1\" \/>\n\t<meta property=\"og:image:height\" content=\"1\" \/>\n\t<meta property=\"og:image:type\" content=\"image\/jpeg\" \/>\n<meta name=\"author\" content=\"ADR\/AFP\" \/>\n<meta name=\"twitter:card\" content=\"summary_large_image\" \/>\n<meta name=\"twitter:creator\" content=\"@adr_africa\" \/>\n<meta name=\"twitter:site\" content=\"@adr_africa\" \/>\n<meta name=\"twitter:label1\" content=\"\u00c9crit par\" \/>\n\t<meta name=\"twitter:data1\" content=\"ADR\/AFP\" \/>\n\t<meta name=\"twitter:label2\" content=\"Dur\u00e9e de lecture estim\u00e9e\" \/>\n\t<meta name=\"twitter:data2\" content=\"3 minutes\" \/>\n<script type=\"application\/ld+json\" class=\"yoast-schema-graph\">{\"@context\":\"https:\\\/\\\/schema.org\",\"@graph\":[{\"@type\":\"Article\",\"@id\":\"https:\\\/\\\/africadailyreport.com\\\/fr\\\/2025\\\/01\\\/18\\\/drcongo-leader-rejects-direct-talks-with-m23-armed-group\\\/#article\",\"isPartOf\":{\"@id\":\"https:\\\/\\\/africadailyreport.com\\\/fr\\\/2025\\\/01\\\/18\\\/drcongo-leader-rejects-direct-talks-with-m23-armed-group\\\/\"},\"author\":{\"name\":\"ADR\\\/AFP\",\"@id\":\"https:\\\/\\\/africadailyreport.com\\\/fr\\\/#\\\/schema\\\/person\\\/c44d86d79f5570b3ba4cf70c989843f8\"},\"headline\":\"Conflit en RDC : Tshisekedi exclut tout dialogue avec les rebelles du M23\",\"datePublished\":\"2025-01-18T22:50:48+00:00\",\"dateModified\":\"2025-01-18T22:56:54+00:00\",\"mainEntityOfPage\":{\"@id\":\"https:\\\/\\\/africadailyreport.com\\\/fr\\\/2025\\\/01\\\/18\\\/drcongo-leader-rejects-direct-talks-with-m23-armed-group\\\/\"},\"wordCount\":535,\"commentCount\":0,\"publisher\":{\"@id\":\"https:\\\/\\\/africadailyreport.com\\\/fr\\\/#organization\"},\"image\":{\"@id\":\"https:\\\/\\\/africadailyreport.com\\\/fr\\\/2025\\\/01\\\/18\\\/drcongo-leader-rejects-direct-talks-with-m23-armed-group\\\/#primaryimage\"},\"thumbnailUrl\":\"https:\\\/\\\/i0.wp.com\\\/africadailyreport.com\\\/wp-content\\\/uploads\\\/2025\\\/01\\\/AFP__20240531__34UE89V__v1__HighRes__DrcongoUnrestConflict-scaled.jpg?fit=%2C&ssl=1\",\"keywords\":[\"angola\",\"conflict\",\"congo\",\"diplomatie\",\"dr congo\",\"DRC\",\"m23\",\"rdc\",\"r\u00e9bellion\",\"Rwanda\"],\"articleSection\":[\"Actualit\u00e9s\",\"Choix de la R\u00e9daction\",\"D\u00e9p\u00eache\",\"POLITIQUE\"],\"inLanguage\":\"fr-FR\",\"potentialAction\":[{\"@type\":\"CommentAction\",\"name\":\"Comment\",\"target\":[\"https:\\\/\\\/africadailyreport.com\\\/fr\\\/2025\\\/01\\\/18\\\/drcongo-leader-rejects-direct-talks-with-m23-armed-group\\\/#respond\"]}],\"copyrightYear\":\"2025\",\"copyrightHolder\":{\"@id\":\"https:\\\/\\\/africadailyreport.com\\\/#organization\"}},{\"@type\":\"WebPage\",\"@id\":\"https:\\\/\\\/africadailyreport.com\\\/fr\\\/2025\\\/01\\\/18\\\/drcongo-leader-rejects-direct-talks-with-m23-armed-group\\\/\",\"url\":\"https:\\\/\\\/africadailyreport.com\\\/fr\\\/2025\\\/01\\\/18\\\/drcongo-leader-rejects-direct-talks-with-m23-armed-group\\\/\",\"name\":\"Conflit en RDC : Tshisekedi exclut tout dialogue avec les rebelles du M23 - Africa Daily Report\",\"isPartOf\":{\"@id\":\"https:\\\/\\\/africadailyreport.com\\\/fr\\\/#website\"},\"primaryImageOfPage\":{\"@id\":\"https:\\\/\\\/africadailyreport.com\\\/fr\\\/2025\\\/01\\\/18\\\/drcongo-leader-rejects-direct-talks-with-m23-armed-group\\\/#primaryimage\"},\"image\":{\"@id\":\"https:\\\/\\\/africadailyreport.com\\\/fr\\\/2025\\\/01\\\/18\\\/drcongo-leader-rejects-direct-talks-with-m23-armed-group\\\/#primaryimage\"},\"thumbnailUrl\":\"https:\\\/\\\/i0.wp.com\\\/africadailyreport.com\\\/wp-content\\\/uploads\\\/2025\\\/01\\\/AFP__20240531__34UE89V__v1__HighRes__DrcongoUnrestConflict-scaled.jpg?fit=%2C&ssl=1\",\"datePublished\":\"2025-01-18T22:50:48+00:00\",\"dateModified\":\"2025-01-18T22:56:54+00:00\",\"breadcrumb\":{\"@id\":\"https:\\\/\\\/africadailyreport.com\\\/fr\\\/2025\\\/01\\\/18\\\/drcongo-leader-rejects-direct-talks-with-m23-armed-group\\\/#breadcrumb\"},\"inLanguage\":\"fr-FR\",\"potentialAction\":[{\"@type\":\"ReadAction\",\"target\":[\"https:\\\/\\\/africadailyreport.com\\\/fr\\\/2025\\\/01\\\/18\\\/drcongo-leader-rejects-direct-talks-with-m23-armed-group\\\/\"]}]},{\"@type\":\"ImageObject\",\"inLanguage\":\"fr-FR\",\"@id\":\"https:\\\/\\\/africadailyreport.com\\\/fr\\\/2025\\\/01\\\/18\\\/drcongo-leader-rejects-direct-talks-with-m23-armed-group\\\/#primaryimage\",\"url\":\"https:\\\/\\\/i0.wp.com\\\/africadailyreport.com\\\/wp-content\\\/uploads\\\/2025\\\/01\\\/AFP__20240531__34UE89V__v1__HighRes__DrcongoUnrestConflict-scaled.jpg?fit=%2C&ssl=1\",\"contentUrl\":\"https:\\\/\\\/i0.wp.com\\\/africadailyreport.com\\\/wp-content\\\/uploads\\\/2025\\\/01\\\/AFP__20240531__34UE89V__v1__HighRes__DrcongoUnrestConflict-scaled.jpg?fit=%2C&ssl=1\",\"caption\":\"\\\"Mai-Mai\\\" militamen and FARDC (Armed Forces of the DRC) soldiers stand at a frontline military position above the town of Kibirizi, controlled by the M23 rebellion, North Kivu province, eastern Democratic Republic of Congo, on May 14, 2024. Since mid-May, fighting are raging in this area. The Congolese army, supported by hundreds of fighters from local armed groups, is attempting to reconquer areas under the control of the M23 rebels and Rwandan army (RDF) troops, where they have set up a parallel administration. Since late 2021, they have seized large swathes of North Kivu province and routed the Congolese army. The United States and France are urging Rwanda President Paul Kagame to withdraw his troops from Congolese soil, including the surface-to-air missile systems. (Photo by ALEXIS HUGUET \\\/ AFP)\"},{\"@type\":\"BreadcrumbList\",\"@id\":\"https:\\\/\\\/africadailyreport.com\\\/fr\\\/2025\\\/01\\\/18\\\/drcongo-leader-rejects-direct-talks-with-m23-armed-group\\\/#breadcrumb\",\"itemListElement\":[{\"@type\":\"ListItem\",\"position\":1,\"name\":\"Home\",\"item\":\"https:\\\/\\\/africadailyreport.com\\\/fr\\\/\"},{\"@type\":\"ListItem\",\"position\":2,\"name\":\"Conflit en RDC : Tshisekedi exclut tout dialogue avec les rebelles du M23\"}]},{\"@type\":\"WebSite\",\"@id\":\"https:\\\/\\\/africadailyreport.com\\\/fr\\\/#website\",\"url\":\"https:\\\/\\\/africadailyreport.com\\\/fr\\\/\",\"name\":\"Africa Daily Report\",\"description\":\"\",\"publisher\":{\"@id\":\"https:\\\/\\\/africadailyreport.com\\\/fr\\\/#organization\"},\"potentialAction\":[{\"@type\":\"SearchAction\",\"target\":{\"@type\":\"EntryPoint\",\"urlTemplate\":\"https:\\\/\\\/africadailyreport.com\\\/fr\\\/?s={search_term_string}\"},\"query-input\":{\"@type\":\"PropertyValueSpecification\",\"valueRequired\":true,\"valueName\":\"search_term_string\"}}],\"inLanguage\":\"fr-FR\"},{\"@type\":\"Organization\",\"@id\":\"https:\\\/\\\/africadailyreport.com\\\/fr\\\/#organization\",\"name\":\"Africa Daily Report\",\"url\":\"https:\\\/\\\/africadailyreport.com\\\/fr\\\/\",\"logo\":{\"@type\":\"ImageObject\",\"inLanguage\":\"fr-FR\",\"@id\":\"https:\\\/\\\/africadailyreport.com\\\/fr\\\/#\\\/schema\\\/logo\\\/image\\\/\",\"url\":\"https:\\\/\\\/africadailyreport.com\\\/wp-content\\\/uploads\\\/2024\\\/09\\\/ADR-Transparent-Green-Logo-1.png\",\"contentUrl\":\"https:\\\/\\\/africadailyreport.com\\\/wp-content\\\/uploads\\\/2024\\\/09\\\/ADR-Transparent-Green-Logo-1.png\",\"width\":267,\"height\":185,\"caption\":\"Africa Daily Report\"},\"image\":{\"@id\":\"https:\\\/\\\/africadailyreport.com\\\/fr\\\/#\\\/schema\\\/logo\\\/image\\\/\"},\"sameAs\":[\"https:\\\/\\\/www.facebook.com\\\/africadailyreport\",\"https:\\\/\\\/x.com\\\/adr_africa\",\"https:\\\/\\\/www.youtube.com\\\/@africadailyreport\",\"https:\\\/\\\/instagram.com\\\/africadailyreport\"]},{\"@type\":\"Person\",\"@id\":\"https:\\\/\\\/africadailyreport.com\\\/fr\\\/#\\\/schema\\\/person\\\/c44d86d79f5570b3ba4cf70c989843f8\",\"name\":\"ADR\\\/AFP\",\"image\":{\"@type\":\"ImageObject\",\"inLanguage\":\"fr-FR\",\"@id\":\"https:\\\/\\\/secure.gravatar.com\\\/avatar\\\/2fbdc3782aa386b408fd9a36f0bc78ee569c94a7a05670cab3a1d72916408214?s=96&d=mm&r=g\",\"url\":\"https:\\\/\\\/secure.gravatar.com\\\/avatar\\\/2fbdc3782aa386b408fd9a36f0bc78ee569c94a7a05670cab3a1d72916408214?s=96&d=mm&r=g\",\"contentUrl\":\"https:\\\/\\\/secure.gravatar.com\\\/avatar\\\/2fbdc3782aa386b408fd9a36f0bc78ee569c94a7a05670cab3a1d72916408214?s=96&d=mm&r=g\",\"caption\":\"ADR\\\/AFP\"},\"sameAs\":[\"http:\\\/\\\/africadailyreport.com\"],\"url\":\"https:\\\/\\\/africadailyreport.com\\\/fr\\\/author\\\/both\\\/\"}]}<\/script>\n<!-- \/ Yoast SEO Premium plugin. -->","yoast_head_json":{"title":"Conflit en RDC : Tshisekedi exclut tout dialogue avec les rebelles du M23 - Africa Daily Report","robots":{"index":"index","follow":"follow","max-snippet":"max-snippet:-1","max-image-preview":"max-image-preview:large","max-video-preview":"max-video-preview:-1"},"canonical":"https:\/\/africadailyreport.com\/fr\/2025\/01\/18\/drcongo-leader-rejects-direct-talks-with-m23-armed-group\/","og_locale":"fr_FR","og_type":"article","og_title":"Conflit en RDC : Tshisekedi exclut tout dialogue avec les rebelles du M23","og_description":"Kinshasa,\u00a0RD Congo &#8211; Le dialogue avec le groupe arm\u00e9 M23 est une \u00ab\u00a0ligne rouge\u00a0\u00bb que Kinshasa ne peut franchir, dans le cadre du conflit qui oppose la R\u00e9publique d\u00e9mocratique du Congo (RDC) et le Rwanda, a estim\u00e9 samedi le pr\u00e9sident congolais F\u00e9lix Tshisekedi. Le dialogue avec le groupe arm\u00e9 M23 est une \u00ab\u00a0ligne rouge\u00a0\u00bb que [&hellip;]","og_url":"https:\/\/africadailyreport.com\/fr\/2025\/01\/18\/drcongo-leader-rejects-direct-talks-with-m23-armed-group\/","og_site_name":"Africa Daily Report","article_publisher":"https:\/\/www.facebook.com\/africadailyreport","article_published_time":"2025-01-18T22:50:48+00:00","article_modified_time":"2025-01-18T22:56:54+00:00","og_image":[{"url":"https:\/\/africadailyreport.com\/wp-content\/uploads\/2025\/01\/AFP__20240531__34UE89V__v1__HighRes__DrcongoUnrestConflict-scaled.jpg","width":1,"height":1,"type":"image\/jpeg"}],"author":"ADR\/AFP","twitter_card":"summary_large_image","twitter_creator":"@adr_africa","twitter_site":"@adr_africa","twitter_misc":{"\u00c9crit par":"ADR\/AFP","Dur\u00e9e de lecture estim\u00e9e":"3 minutes"},"schema":{"@context":"https:\/\/schema.org","@graph":[{"@type":"Article","@id":"https:\/\/africadailyreport.com\/fr\/2025\/01\/18\/drcongo-leader-rejects-direct-talks-with-m23-armed-group\/#article","isPartOf":{"@id":"https:\/\/africadailyreport.com\/fr\/2025\/01\/18\/drcongo-leader-rejects-direct-talks-with-m23-armed-group\/"},"author":{"name":"ADR\/AFP","@id":"https:\/\/africadailyreport.com\/fr\/#\/schema\/person\/c44d86d79f5570b3ba4cf70c989843f8"},"headline":"Conflit en RDC : Tshisekedi exclut tout dialogue avec les rebelles du M23","datePublished":"2025-01-18T22:50:48+00:00","dateModified":"2025-01-18T22:56:54+00:00","mainEntityOfPage":{"@id":"https:\/\/africadailyreport.com\/fr\/2025\/01\/18\/drcongo-leader-rejects-direct-talks-with-m23-armed-group\/"},"wordCount":535,"commentCount":0,"publisher":{"@id":"https:\/\/africadailyreport.com\/fr\/#organization"},"image":{"@id":"https:\/\/africadailyreport.com\/fr\/2025\/01\/18\/drcongo-leader-rejects-direct-talks-with-m23-armed-group\/#primaryimage"},"thumbnailUrl":"https:\/\/i0.wp.com\/africadailyreport.com\/wp-content\/uploads\/2025\/01\/AFP__20240531__34UE89V__v1__HighRes__DrcongoUnrestConflict-scaled.jpg?fit=%2C&ssl=1","keywords":["angola","conflict","congo","diplomatie","dr congo","DRC","m23","rdc","r\u00e9bellion","Rwanda"],"articleSection":["Actualit\u00e9s","Choix de la R\u00e9daction","D\u00e9p\u00eache","POLITIQUE"],"inLanguage":"fr-FR","potentialAction":[{"@type":"CommentAction","name":"Comment","target":["https:\/\/africadailyreport.com\/fr\/2025\/01\/18\/drcongo-leader-rejects-direct-talks-with-m23-armed-group\/#respond"]}],"copyrightYear":"2025","copyrightHolder":{"@id":"https:\/\/africadailyreport.com\/#organization"}},{"@type":"WebPage","@id":"https:\/\/africadailyreport.com\/fr\/2025\/01\/18\/drcongo-leader-rejects-direct-talks-with-m23-armed-group\/","url":"https:\/\/africadailyreport.com\/fr\/2025\/01\/18\/drcongo-leader-rejects-direct-talks-with-m23-armed-group\/","name":"Conflit en RDC : Tshisekedi exclut tout dialogue avec les rebelles du M23 - Africa Daily Report","isPartOf":{"@id":"https:\/\/africadailyreport.com\/fr\/#website"},"primaryImageOfPage":{"@id":"https:\/\/africadailyreport.com\/fr\/2025\/01\/18\/drcongo-leader-rejects-direct-talks-with-m23-armed-group\/#primaryimage"},"image":{"@id":"https:\/\/africadailyreport.com\/fr\/2025\/01\/18\/drcongo-leader-rejects-direct-talks-with-m23-armed-group\/#primaryimage"},"thumbnailUrl":"https:\/\/i0.wp.com\/africadailyreport.com\/wp-content\/uploads\/2025\/01\/AFP__20240531__34UE89V__v1__HighRes__DrcongoUnrestConflict-scaled.jpg?fit=%2C&ssl=1","datePublished":"2025-01-18T22:50:48+00:00","dateModified":"2025-01-18T22:56:54+00:00","breadcrumb":{"@id":"https:\/\/africadailyreport.com\/fr\/2025\/01\/18\/drcongo-leader-rejects-direct-talks-with-m23-armed-group\/#breadcrumb"},"inLanguage":"fr-FR","potentialAction":[{"@type":"ReadAction","target":["https:\/\/africadailyreport.com\/fr\/2025\/01\/18\/drcongo-leader-rejects-direct-talks-with-m23-armed-group\/"]}]},{"@type":"ImageObject","inLanguage":"fr-FR","@id":"https:\/\/africadailyreport.com\/fr\/2025\/01\/18\/drcongo-leader-rejects-direct-talks-with-m23-armed-group\/#primaryimage","url":"https:\/\/i0.wp.com\/africadailyreport.com\/wp-content\/uploads\/2025\/01\/AFP__20240531__34UE89V__v1__HighRes__DrcongoUnrestConflict-scaled.jpg?fit=%2C&ssl=1","contentUrl":"https:\/\/i0.wp.com\/africadailyreport.com\/wp-content\/uploads\/2025\/01\/AFP__20240531__34UE89V__v1__HighRes__DrcongoUnrestConflict-scaled.jpg?fit=%2C&ssl=1","caption":"\"Mai-Mai\" militamen and FARDC (Armed Forces of the DRC) soldiers stand at a frontline military position above the town of Kibirizi, controlled by the M23 rebellion, North Kivu province, eastern Democratic Republic of Congo, on May 14, 2024. Since mid-May, fighting are raging in this area. The Congolese army, supported by hundreds of fighters from local armed groups, is attempting to reconquer areas under the control of the M23 rebels and Rwandan army (RDF) troops, where they have set up a parallel administration. Since late 2021, they have seized large swathes of North Kivu province and routed the Congolese army. The United States and France are urging Rwanda President Paul Kagame to withdraw his troops from Congolese soil, including the surface-to-air missile systems. (Photo by ALEXIS HUGUET \/ AFP)"},{"@type":"BreadcrumbList","@id":"https:\/\/africadailyreport.com\/fr\/2025\/01\/18\/drcongo-leader-rejects-direct-talks-with-m23-armed-group\/#breadcrumb","itemListElement":[{"@type":"ListItem","position":1,"name":"Home","item":"https:\/\/africadailyreport.com\/fr\/"},{"@type":"ListItem","position":2,"name":"Conflit en RDC : Tshisekedi exclut tout dialogue avec les rebelles du M23"}]},{"@type":"WebSite","@id":"https:\/\/africadailyreport.com\/fr\/#website","url":"https:\/\/africadailyreport.com\/fr\/","name":"Africa Daily Report","description":"","publisher":{"@id":"https:\/\/africadailyreport.com\/fr\/#organization"},"potentialAction":[{"@type":"SearchAction","target":{"@type":"EntryPoint","urlTemplate":"https:\/\/africadailyreport.com\/fr\/?s={search_term_string}"},"query-input":{"@type":"PropertyValueSpecification","valueRequired":true,"valueName":"search_term_string"}}],"inLanguage":"fr-FR"},{"@type":"Organization","@id":"https:\/\/africadailyreport.com\/fr\/#organization","name":"Africa Daily Report","url":"https:\/\/africadailyreport.com\/fr\/","logo":{"@type":"ImageObject","inLanguage":"fr-FR","@id":"https:\/\/africadailyreport.com\/fr\/#\/schema\/logo\/image\/","url":"https:\/\/africadailyreport.com\/wp-content\/uploads\/2024\/09\/ADR-Transparent-Green-Logo-1.png","contentUrl":"https:\/\/africadailyreport.com\/wp-content\/uploads\/2024\/09\/ADR-Transparent-Green-Logo-1.png","width":267,"height":185,"caption":"Africa Daily Report"},"image":{"@id":"https:\/\/africadailyreport.com\/fr\/#\/schema\/logo\/image\/"},"sameAs":["https:\/\/www.facebook.com\/africadailyreport","https:\/\/x.com\/adr_africa","https:\/\/www.youtube.com\/@africadailyreport","https:\/\/instagram.com\/africadailyreport"]},{"@type":"Person","@id":"https:\/\/africadailyreport.com\/fr\/#\/schema\/person\/c44d86d79f5570b3ba4cf70c989843f8","name":"ADR\/AFP","image":{"@type":"ImageObject","inLanguage":"fr-FR","@id":"https:\/\/secure.gravatar.com\/avatar\/2fbdc3782aa386b408fd9a36f0bc78ee569c94a7a05670cab3a1d72916408214?s=96&d=mm&r=g","url":"https:\/\/secure.gravatar.com\/avatar\/2fbdc3782aa386b408fd9a36f0bc78ee569c94a7a05670cab3a1d72916408214?s=96&d=mm&r=g","contentUrl":"https:\/\/secure.gravatar.com\/avatar\/2fbdc3782aa386b408fd9a36f0bc78ee569c94a7a05670cab3a1d72916408214?s=96&d=mm&r=g","caption":"ADR\/AFP"},"sameAs":["http:\/\/africadailyreport.com"],"url":"https:\/\/africadailyreport.com\/fr\/author\/both\/"}]}},"jetpack_featured_media_url":"https:\/\/i0.wp.com\/africadailyreport.com\/wp-content\/uploads\/2025\/01\/AFP__20240531__34UE89V__v1__HighRes__DrcongoUnrestConflict-scaled.jpg?fit=%2C&ssl=1","jetpack_sharing_enabled":true,"amp_enabled":true,"_links":{"self":[{"href":"https:\/\/africadailyreport.com\/fr\/wp-json\/wp\/v2\/posts\/15953","targetHints":{"allow":["GET"]}}],"collection":[{"href":"https:\/\/africadailyreport.com\/fr\/wp-json\/wp\/v2\/posts"}],"about":[{"href":"https:\/\/africadailyreport.com\/fr\/wp-json\/wp\/v2\/types\/post"}],"author":[{"embeddable":true,"href":"https:\/\/africadailyreport.com\/fr\/wp-json\/wp\/v2\/users\/10"}],"replies":[{"embeddable":true,"href":"https:\/\/africadailyreport.com\/fr\/wp-json\/wp\/v2\/comments?post=15953"}],"version-history":[{"count":4,"href":"https:\/\/africadailyreport.com\/fr\/wp-json\/wp\/v2\/posts\/15953\/revisions"}],"predecessor-version":[{"id":15958,"href":"https:\/\/africadailyreport.com\/fr\/wp-json\/wp\/v2\/posts\/15953\/revisions\/15958"}],"wp:featuredmedia":[{"embeddable":true,"href":"https:\/\/africadailyreport.com\/fr\/wp-json\/wp\/v2\/media\/15951"}],"wp:attachment":[{"href":"https:\/\/africadailyreport.com\/fr\/wp-json\/wp\/v2\/media?parent=15953"}],"wp:term":[{"taxonomy":"category","embeddable":true,"href":"https:\/\/africadailyreport.com\/fr\/wp-json\/wp\/v2\/categories?post=15953"},{"taxonomy":"post_tag","embeddable":true,"href":"https:\/\/africadailyreport.com\/fr\/wp-json\/wp\/v2\/tags?post=15953"},{"taxonomy":"adr_country","embeddable":true,"href":"https:\/\/africadailyreport.com\/fr\/wp-json\/wp\/v2\/adr_country?post=15953"}],"curies":[{"name":"wp","href":"https:\/\/api.w.org\/{rel}","templated":true}]}}