{"id":15906,"date":"2025-01-18T01:12:49","date_gmt":"2025-01-18T01:12:49","guid":{"rendered":"https:\/\/africadailyreport.com\/2025\/01\/18\/francois-compaore-and-the-quest-for-a-french-visa-political-legal-and-human-implications\/"},"modified":"2025-01-18T22:18:24","modified_gmt":"2025-01-18T22:18:24","slug":"francois-compaore-and-the-quest-for-a-french-visa-political-legal-and-human-implications","status":"publish","type":"post","link":"https:\/\/africadailyreport.com\/fr\/2025\/01\/18\/francois-compaore-and-the-quest-for-a-french-visa-political-legal-and-human-implications\/","title":{"rendered":"Fran\u00e7ois Compaor\u00e9 et la Qu\u00eate du Visa pour la France : Enjeux Politiques, Juridiques et Humains"},"content":{"rendered":"\n\n\n<h3 class=\"wp-block-heading\" id=\"h-\"><\/h3>\n\n\n\n<h3 class=\"wp-block-heading\">Introduction : Une bataille judiciaire aux implications multiples<\/h3>\n\n\n\n<p>Pourquoi Fran\u00e7ois Compaor\u00e9 se retrouve-t-il bloqu\u00e9 en C\u00f4te d\u2019Ivoire, incapable d\u2019obtenir un visa pour la France o\u00f9 il r\u00e9side depuis huit ans ? Cette situation complexe met en lumi\u00e8re des tensions entre droits individuels, consid\u00e9rations politiques et contraintes administratives. Alors que les politiques migratoires deviennent de plus en plus strictes, cette affaire nous invite \u00e0 r\u00e9fl\u00e9chir sur l\u2019interaction entre pass\u00e9s politiques, droits humains et d\u00e9cisions administratives. Pourrait-elle \u00e9tablir un pr\u00e9c\u00e9dent sur le traitement des individus politiquement expos\u00e9s en qu\u00eate de refuge ?<\/p>\n\n\n\n<h3 class=\"wp-block-heading\">Neutralit\u00e9 et impartialit\u00e9 : Une affaire \u00e0 multiples dimensions<\/h3>\n\n\n\n<p>Fran\u00e7ois Compaor\u00e9, fr\u00e8re cadet de l\u2019ancien pr\u00e9sident burkinab\u00e8 Blaise Compaor\u00e9, fait face \u00e0 des obstacles administratifs et juridiques pour revenir en France. Cette affaire met en lumi\u00e8re des tensions entre sa situation personnelle, marqu\u00e9e par des probl\u00e8mes de sant\u00e9 et des risques de s\u00e9curit\u00e9, et des enjeux politiques li\u00e9s \u00e0 son pass\u00e9 au Burkina Faso. Alors que ses avocats mettent en avant des risques graves pour sa s\u00e9curit\u00e9 et son bien-\u00eatre, les tribunaux ont rejet\u00e9 ses appels en invoquant des preuves jug\u00e9es insuffisantes. Cette balance entre neutralit\u00e9 et compassion met \u00e0 l\u2019\u00e9preuve les limites des d\u00e9cisions administratives.<\/p>\n\n\n\n<h3 class=\"wp-block-heading\">Preuves solides et citations d&rsquo;experts : Les bases juridiques du rejet<\/h3>\n\n\n\n<p>Selon l\u2019ordonnance du 27 d\u00e9cembre 2024, obtenue par <em>Jeune Afrique<\/em>, le juge a estim\u00e9 que les documents produits ne d\u00e9montraient pas un risque r\u00e9el et imm\u00e9diat pour la vie de M. Compaor\u00e9. Par exemple, les certificats m\u00e9dicaux pr\u00e9sent\u00e9s n\u2019\u00e9tablissent pas de caract\u00e8re urgent \u00e0 l\u2019intervention chirurgicale invoqu\u00e9e. De plus, les risques li\u00e9s \u00e0 sa s\u00e9curit\u00e9\u2014comme l\u2019enl\u00e8vement ou l\u2019assassinat\u2014ont \u00e9t\u00e9 jug\u00e9s peu cr\u00e9dibles en raison de sa r\u00e9sidence dans une maison hautement s\u00e9curis\u00e9e \u00e0 Abidjan.<\/p>\n\n\n\n<p>Des experts juridiques soulignent que cette d\u00e9cision refl\u00e8te une tendance plus large dans le droit de l\u2019immigration, privil\u00e9giant souvent la coh\u00e9rence administrative au d\u00e9triment de la prise en compte des cas humanitaires exceptionnels.<\/p>\n\n\n\n<h3 class=\"wp-block-heading\">Contexte historique et politique : L\u2019ombre du pass\u00e9<\/h3>\n\n\n\n<p>L\u2019histoire personnelle de Fran\u00e7ois Compaor\u00e9 est indissociable de celle de son fr\u00e8re Blaise, dont le r\u00e8gne de 27 ans au Burkina Faso s\u2019est achev\u00e9 en 2014 sous la pression populaire. Blaise Compaor\u00e9 est aujourd\u2019hui en exil en C\u00f4te d\u2019Ivoire, et les accusations de violations des droits de l\u2019homme, notamment l\u2019implication dans l\u2019assassinat du journaliste Norbert Zongo en 1998, continuent de hanter les deux fr\u00e8res. Cette toile de fond historique complexifie la situation de Fran\u00e7ois Compaor\u00e9, en particulier face au risque d\u2019extradition vers le Burkina Faso. Bien que les autorit\u00e9s ivoiriennes aient assur\u00e9 que cette extradition reste improbable, le spectre de son pass\u00e9 politique continue d\u2019influencer les d\u00e9cisions judiciaires et diplomatiques.<\/p>\n\n\n\n<h3 class=\"wp-block-heading\">Anecdotes et exemples concrets : Des vies suspendues<\/h3>\n\n\n\n<p>Pendant que Fran\u00e7ois Compaor\u00e9 attend une r\u00e9ponse \u00e0 ses demandes, son \u00e9pouse et leurs quatre enfants restent en France. La s\u00e9paration lors des f\u00eates de fin d\u2019ann\u00e9e souligne le co\u00fbt humain des retards bureaucratiques. Des membres de sa famille ont d\u00e9crit la tension provoqu\u00e9e par cette incertitude, mettant en \u00e9vidence le fardeau \u00e9motionnel d\u2019un processus \u00e0 la fois interminable et impersonnel. Ces anecdotes r\u00e9v\u00e8lent l\u2019impact \u00e9largi des politiques migratoires sur les familles, souvent les premi\u00e8res victimes des inefficacits syst\u00e9miques.<\/p>\n\n\n\n<h3 class=\"wp-block-heading\">Anticipation des critiques : Le poids de la souverainet\u00e9<\/h3>\n\n\n\n<p>Les d\u00e9cisions judiciaires et administratives fran\u00e7aises s\u2019appuient sur des pr\u00e9c\u00e9dents l\u00e9gaux \u00e9tablis, notamment la jurisprudence de la Cour europ\u00e9enne des droits de l\u2019homme (CEDH). Cependant, certains critiques pourraient estimer que ces d\u00e9cisions manquent de cl\u00e9mence face \u00e0 une situation manifestement humaine. En suivant rigoureusement les normes proc\u00e9durales, le syst\u00e8me risque d\u2019\u00e9loigner les individus pris dans des circonstances extraordinaires. \u00c0 l\u2019inverse, d\u2019autres pourraient consid\u00e9rer qu\u2019une telle fermet\u00e9 est essentielle pour \u00e9viter tout abus, pr\u00e9servant ainsi l\u2019int\u00e9grit\u00e9 des syst\u00e8mes d\u2019immigration.<\/p>\n\n\n\n<h3 class=\"wp-block-heading\">Conclusion : Une affaire loin d\u2019\u00eatre r\u00e9solue<\/h3>\n\n\n\n<p>L\u2019affaire Fran\u00e7ois Compaor\u00e9 met en exergue les tensions entre droits individuels et exigences administratives dans un contexte politiquement charg\u00e9. Alors que ses avocats pr\u00e9voient de nouvelles actions en justice, cette affaire sert d\u2019exemple frappant des d\u00e9fis auxquels sont confront\u00e9s les individus au pass\u00e9 politique controvers\u00e9. Au-del\u00e0 des r\u00e9percussions juridiques et politiques imm\u00e9diates, cette affaire impose une r\u00e9flexion profonde sur la fa\u00e7on dont les \u00c9tats r\u00e9concilient souverainet\u00e9 et humanit\u00e9. Quelles le\u00e7ons peut-on tirer pour l\u2019avenir des relations entre \u00c9tats et la gestion des droits humains ? Une chose est certaine : cette affaire soul\u00e8ve des questions universelles sur les responsabilit\u00e9s des nations envers les droits de leurs r\u00e9sidents et les limites des politiques migratoires dans un contexte globalis\u00e9.<\/p>\n\n\n\n<p>\u00a9 2025 &#8211; Odon Bulamba \/ ADR<\/p>\n","protected":false},"excerpt":{"rendered":"<p>Introduction : Une bataille judiciaire aux implications multiples Pourquoi Fran\u00e7ois Compaor\u00e9 se retrouve-t-il bloqu\u00e9 en C\u00f4te d\u2019Ivoire, incapable d\u2019obtenir un visa pour la France o\u00f9 il r\u00e9side depuis huit ans ? Cette situation complexe met en lumi\u00e8re des tensions entre droits individuels, consid\u00e9rations politiques et contraintes administratives. Alors que les politiques migratoires deviennent de plus [&hellip;]<\/p>\n","protected":false},"author":1,"featured_media":15904,"comment_status":"open","ping_status":"open","sticky":false,"template":"","format":"standard","meta":{"_acf_changed":false,"om_disable_all_campaigns":false,"_monsterinsights_skip_tracking":false,"_monsterinsights_sitenote_active":false,"_monsterinsights_sitenote_note":"","_monsterinsights_sitenote_category":0,"tdm_status":"","tdm_grid_status":"","_jetpack_newsletter_access":"","_jetpack_dont_email_post_to_subs":false,"_jetpack_newsletter_tier_id":0,"_jetpack_memberships_contains_paywalled_content":false,"_jetpack_memberships_contains_paid_content":false,"footnotes":""},"categories":[850,1764,1794,1772,782],"tags":[812,2503,2504],"adr_country":[1084,1090],"class_list":{"0":"post-15906","1":"post","2":"type-post","3":"status-publish","4":"format-standard","5":"has-post-thumbnail","7":"category-analyses-et-dossiers-fr","8":"category-analysis-fr","9":"category-choix-de-la-redaction","10":"category-editors-choice-fr","11":"category-politique-fr","12":"tag-france-fr","13":"tag-francois-compaore-fr","14":"tag-french-visa-fr","15":"adr_country-burkina-faso","16":"adr_country-france"},"acf":{"post_version":""},"yoast_head":"<!-- This site is optimized with the Yoast SEO Premium plugin v26.0 (Yoast SEO v27.4) - https:\/\/yoast.com\/product\/yoast-seo-premium-wordpress\/ -->\n<title>Fran\u00e7ois Compaor\u00e9 et la Qu\u00eate du Visa pour la France : Enjeux Politiques, Juridiques et Humains - Africa Daily Report<\/title>\n<meta name=\"robots\" content=\"index, follow, max-snippet:-1, max-image-preview:large, max-video-preview:-1\" \/>\n<link rel=\"canonical\" href=\"https:\/\/africadailyreport.com\/fr\/2025\/01\/18\/francois-compaore-and-the-quest-for-a-french-visa-political-legal-and-human-implications\/\" \/>\n<meta property=\"og:locale\" content=\"fr_FR\" \/>\n<meta property=\"og:type\" content=\"article\" \/>\n<meta property=\"og:title\" content=\"Fran\u00e7ois Compaor\u00e9 et la Qu\u00eate du Visa pour la France : Enjeux Politiques, Juridiques et Humains\" \/>\n<meta property=\"og:description\" content=\"Introduction : Une bataille judiciaire aux implications multiples Pourquoi Fran\u00e7ois Compaor\u00e9 se retrouve-t-il bloqu\u00e9 en C\u00f4te d\u2019Ivoire, incapable d\u2019obtenir un visa pour la France o\u00f9 il r\u00e9side depuis huit ans ? Cette situation complexe met en lumi\u00e8re des tensions entre droits individuels, consid\u00e9rations politiques et contraintes administratives. Alors que les politiques migratoires deviennent de plus [&hellip;]\" \/>\n<meta property=\"og:url\" content=\"https:\/\/africadailyreport.com\/fr\/2025\/01\/18\/francois-compaore-and-the-quest-for-a-french-visa-political-legal-and-human-implications\/\" \/>\n<meta property=\"og:site_name\" content=\"Africa Daily Report\" \/>\n<meta property=\"article:publisher\" content=\"https:\/\/www.facebook.com\/africadailyreport\" \/>\n<meta property=\"article:published_time\" content=\"2025-01-18T01:12:49+00:00\" \/>\n<meta property=\"article:modified_time\" content=\"2025-01-18T22:18:24+00:00\" \/>\n<meta property=\"og:image\" content=\"https:\/\/africadailyreport.com\/wp-content\/uploads\/2025\/01\/AFP__20171030__TU5TI__v1__HighRes__BurkinaFranceCrimeJustice-scaled.jpg\" \/>\n\t<meta property=\"og:image:width\" content=\"1\" \/>\n\t<meta property=\"og:image:height\" content=\"1\" \/>\n\t<meta property=\"og:image:type\" content=\"image\/jpeg\" \/>\n<meta name=\"author\" content=\"O Bulamba \/ ADR\" \/>\n<meta name=\"twitter:card\" content=\"summary_large_image\" \/>\n<meta name=\"twitter:creator\" content=\"@adr_africa\" \/>\n<meta name=\"twitter:site\" content=\"@adr_africa\" \/>\n<meta name=\"twitter:label1\" content=\"\u00c9crit par\" \/>\n\t<meta name=\"twitter:data1\" content=\"O Bulamba \/ ADR\" \/>\n\t<meta name=\"twitter:label2\" content=\"Dur\u00e9e de lecture estim\u00e9e\" \/>\n\t<meta name=\"twitter:data2\" content=\"4 minutes\" \/>\n<script type=\"application\/ld+json\" class=\"yoast-schema-graph\">{\"@context\":\"https:\\\/\\\/schema.org\",\"@graph\":[{\"@type\":\"Article\",\"@id\":\"https:\\\/\\\/africadailyreport.com\\\/fr\\\/2025\\\/01\\\/18\\\/francois-compaore-and-the-quest-for-a-french-visa-political-legal-and-human-implications\\\/#article\",\"isPartOf\":{\"@id\":\"https:\\\/\\\/africadailyreport.com\\\/fr\\\/2025\\\/01\\\/18\\\/francois-compaore-and-the-quest-for-a-french-visa-political-legal-and-human-implications\\\/\"},\"author\":{\"name\":\"O Bulamba \\\/ ADR\",\"@id\":\"https:\\\/\\\/africadailyreport.com\\\/fr\\\/#\\\/schema\\\/person\\\/88148059337754d1a3dc29a78c8d1fa9\"},\"headline\":\"Fran\u00e7ois Compaor\u00e9 et la Qu\u00eate du Visa pour la France : Enjeux Politiques, Juridiques et Humains\",\"datePublished\":\"2025-01-18T01:12:49+00:00\",\"dateModified\":\"2025-01-18T22:18:24+00:00\",\"mainEntityOfPage\":{\"@id\":\"https:\\\/\\\/africadailyreport.com\\\/fr\\\/2025\\\/01\\\/18\\\/francois-compaore-and-the-quest-for-a-french-visa-political-legal-and-human-implications\\\/\"},\"wordCount\":857,\"commentCount\":0,\"publisher\":{\"@id\":\"https:\\\/\\\/africadailyreport.com\\\/fr\\\/#organization\"},\"image\":{\"@id\":\"https:\\\/\\\/africadailyreport.com\\\/fr\\\/2025\\\/01\\\/18\\\/francois-compaore-and-the-quest-for-a-french-visa-political-legal-and-human-implications\\\/#primaryimage\"},\"thumbnailUrl\":\"https:\\\/\\\/i0.wp.com\\\/africadailyreport.com\\\/wp-content\\\/uploads\\\/2025\\\/01\\\/AFP__20171030__TU5TI__v1__HighRes__BurkinaFranceCrimeJustice-scaled.jpg?fit=%2C&ssl=1\",\"keywords\":[\"france\",\"Francois Compaore\",\"French visa\"],\"articleSection\":[\"ANALYSES ET DOSSIERS\",\"ANALYSIS\",\"Choix de la R\u00e9daction\",\"Editor&#8217;s Choice\",\"POLITIQUE\"],\"inLanguage\":\"fr-FR\",\"potentialAction\":[{\"@type\":\"CommentAction\",\"name\":\"Comment\",\"target\":[\"https:\\\/\\\/africadailyreport.com\\\/fr\\\/2025\\\/01\\\/18\\\/francois-compaore-and-the-quest-for-a-french-visa-political-legal-and-human-implications\\\/#respond\"]}],\"copyrightYear\":\"2025\",\"copyrightHolder\":{\"@id\":\"https:\\\/\\\/africadailyreport.com\\\/#organization\"}},{\"@type\":\"WebPage\",\"@id\":\"https:\\\/\\\/africadailyreport.com\\\/fr\\\/2025\\\/01\\\/18\\\/francois-compaore-and-the-quest-for-a-french-visa-political-legal-and-human-implications\\\/\",\"url\":\"https:\\\/\\\/africadailyreport.com\\\/fr\\\/2025\\\/01\\\/18\\\/francois-compaore-and-the-quest-for-a-french-visa-political-legal-and-human-implications\\\/\",\"name\":\"Fran\u00e7ois Compaor\u00e9 et la Qu\u00eate du Visa pour la France : Enjeux Politiques, Juridiques et Humains - Africa Daily Report\",\"isPartOf\":{\"@id\":\"https:\\\/\\\/africadailyreport.com\\\/fr\\\/#website\"},\"primaryImageOfPage\":{\"@id\":\"https:\\\/\\\/africadailyreport.com\\\/fr\\\/2025\\\/01\\\/18\\\/francois-compaore-and-the-quest-for-a-french-visa-political-legal-and-human-implications\\\/#primaryimage\"},\"image\":{\"@id\":\"https:\\\/\\\/africadailyreport.com\\\/fr\\\/2025\\\/01\\\/18\\\/francois-compaore-and-the-quest-for-a-french-visa-political-legal-and-human-implications\\\/#primaryimage\"},\"thumbnailUrl\":\"https:\\\/\\\/i0.wp.com\\\/africadailyreport.com\\\/wp-content\\\/uploads\\\/2025\\\/01\\\/AFP__20171030__TU5TI__v1__HighRes__BurkinaFranceCrimeJustice-scaled.jpg?fit=%2C&ssl=1\",\"datePublished\":\"2025-01-18T01:12:49+00:00\",\"dateModified\":\"2025-01-18T22:18:24+00:00\",\"breadcrumb\":{\"@id\":\"https:\\\/\\\/africadailyreport.com\\\/fr\\\/2025\\\/01\\\/18\\\/francois-compaore-and-the-quest-for-a-french-visa-political-legal-and-human-implications\\\/#breadcrumb\"},\"inLanguage\":\"fr-FR\",\"potentialAction\":[{\"@type\":\"ReadAction\",\"target\":[\"https:\\\/\\\/africadailyreport.com\\\/fr\\\/2025\\\/01\\\/18\\\/francois-compaore-and-the-quest-for-a-french-visa-political-legal-and-human-implications\\\/\"]}]},{\"@type\":\"ImageObject\",\"inLanguage\":\"fr-FR\",\"@id\":\"https:\\\/\\\/africadailyreport.com\\\/fr\\\/2025\\\/01\\\/18\\\/francois-compaore-and-the-quest-for-a-french-visa-political-legal-and-human-implications\\\/#primaryimage\",\"url\":\"https:\\\/\\\/i0.wp.com\\\/africadailyreport.com\\\/wp-content\\\/uploads\\\/2025\\\/01\\\/AFP__20171030__TU5TI__v1__HighRes__BurkinaFranceCrimeJustice-scaled.jpg?fit=%2C&ssl=1\",\"contentUrl\":\"https:\\\/\\\/i0.wp.com\\\/africadailyreport.com\\\/wp-content\\\/uploads\\\/2025\\\/01\\\/AFP__20171030__TU5TI__v1__HighRes__BurkinaFranceCrimeJustice-scaled.jpg?fit=%2C&ssl=1\",\"caption\":\"In this photograph taken on December 20, 2012, Francois Compaore, brother of the deposed Burkinabe president Blaise Compaore, looks on during a summit in Ouagadougou. Francois Compaore, brother of the deposed Burkinabe president Blaise Compaore, was released under judicial supervision on October 30, 2017, after he was detained on October 30, under an international arrest warrant issued by Burkina Faso, after landing at Roissy airport in Paris, as part of an investigation into the assassination in 1998 of celebrated investigative journalist Norbert Zongo. (Photo by Ahmed OUOBA \\\/ AFP)\"},{\"@type\":\"BreadcrumbList\",\"@id\":\"https:\\\/\\\/africadailyreport.com\\\/fr\\\/2025\\\/01\\\/18\\\/francois-compaore-and-the-quest-for-a-french-visa-political-legal-and-human-implications\\\/#breadcrumb\",\"itemListElement\":[{\"@type\":\"ListItem\",\"position\":1,\"name\":\"Home\",\"item\":\"https:\\\/\\\/africadailyreport.com\\\/fr\\\/\"},{\"@type\":\"ListItem\",\"position\":2,\"name\":\"Fran\u00e7ois Compaor\u00e9 et la Qu\u00eate du Visa pour la France : Enjeux Politiques, Juridiques et Humains\"}]},{\"@type\":\"WebSite\",\"@id\":\"https:\\\/\\\/africadailyreport.com\\\/fr\\\/#website\",\"url\":\"https:\\\/\\\/africadailyreport.com\\\/fr\\\/\",\"name\":\"Africa Daily Report\",\"description\":\"\",\"publisher\":{\"@id\":\"https:\\\/\\\/africadailyreport.com\\\/fr\\\/#organization\"},\"potentialAction\":[{\"@type\":\"SearchAction\",\"target\":{\"@type\":\"EntryPoint\",\"urlTemplate\":\"https:\\\/\\\/africadailyreport.com\\\/fr\\\/?s={search_term_string}\"},\"query-input\":{\"@type\":\"PropertyValueSpecification\",\"valueRequired\":true,\"valueName\":\"search_term_string\"}}],\"inLanguage\":\"fr-FR\"},{\"@type\":\"Organization\",\"@id\":\"https:\\\/\\\/africadailyreport.com\\\/fr\\\/#organization\",\"name\":\"Africa Daily Report\",\"url\":\"https:\\\/\\\/africadailyreport.com\\\/fr\\\/\",\"logo\":{\"@type\":\"ImageObject\",\"inLanguage\":\"fr-FR\",\"@id\":\"https:\\\/\\\/africadailyreport.com\\\/fr\\\/#\\\/schema\\\/logo\\\/image\\\/\",\"url\":\"https:\\\/\\\/africadailyreport.com\\\/wp-content\\\/uploads\\\/2024\\\/09\\\/ADR-Transparent-Green-Logo-1.png\",\"contentUrl\":\"https:\\\/\\\/africadailyreport.com\\\/wp-content\\\/uploads\\\/2024\\\/09\\\/ADR-Transparent-Green-Logo-1.png\",\"width\":267,\"height\":185,\"caption\":\"Africa Daily Report\"},\"image\":{\"@id\":\"https:\\\/\\\/africadailyreport.com\\\/fr\\\/#\\\/schema\\\/logo\\\/image\\\/\"},\"sameAs\":[\"https:\\\/\\\/www.facebook.com\\\/africadailyreport\",\"https:\\\/\\\/x.com\\\/adr_africa\",\"https:\\\/\\\/www.youtube.com\\\/@africadailyreport\",\"https:\\\/\\\/instagram.com\\\/africadailyreport\"]},{\"@type\":\"Person\",\"@id\":\"https:\\\/\\\/africadailyreport.com\\\/fr\\\/#\\\/schema\\\/person\\\/88148059337754d1a3dc29a78c8d1fa9\",\"name\":\"O Bulamba \\\/ ADR\",\"image\":{\"@type\":\"ImageObject\",\"inLanguage\":\"fr-FR\",\"@id\":\"https:\\\/\\\/secure.gravatar.com\\\/avatar\\\/fd520a50d8518deba0eea821be01c7d4b5be681fe77b8720ce2b45e22a147b24?s=96&d=mm&r=g\",\"url\":\"https:\\\/\\\/secure.gravatar.com\\\/avatar\\\/fd520a50d8518deba0eea821be01c7d4b5be681fe77b8720ce2b45e22a147b24?s=96&d=mm&r=g\",\"contentUrl\":\"https:\\\/\\\/secure.gravatar.com\\\/avatar\\\/fd520a50d8518deba0eea821be01c7d4b5be681fe77b8720ce2b45e22a147b24?s=96&d=mm&r=g\",\"caption\":\"O Bulamba \\\/ ADR\"},\"sameAs\":[\"https:\\\/\\\/africadailyreport.com\"],\"url\":\"https:\\\/\\\/africadailyreport.com\\\/fr\\\/author\\\/oblenabergmail-com\\\/\"}]}<\/script>\n<!-- \/ Yoast SEO Premium plugin. -->","yoast_head_json":{"title":"Fran\u00e7ois Compaor\u00e9 et la Qu\u00eate du Visa pour la France : Enjeux Politiques, Juridiques et Humains - Africa Daily Report","robots":{"index":"index","follow":"follow","max-snippet":"max-snippet:-1","max-image-preview":"max-image-preview:large","max-video-preview":"max-video-preview:-1"},"canonical":"https:\/\/africadailyreport.com\/fr\/2025\/01\/18\/francois-compaore-and-the-quest-for-a-french-visa-political-legal-and-human-implications\/","og_locale":"fr_FR","og_type":"article","og_title":"Fran\u00e7ois Compaor\u00e9 et la Qu\u00eate du Visa pour la France : Enjeux Politiques, Juridiques et Humains","og_description":"Introduction : Une bataille judiciaire aux implications multiples Pourquoi Fran\u00e7ois Compaor\u00e9 se retrouve-t-il bloqu\u00e9 en C\u00f4te d\u2019Ivoire, incapable d\u2019obtenir un visa pour la France o\u00f9 il r\u00e9side depuis huit ans ? Cette situation complexe met en lumi\u00e8re des tensions entre droits individuels, consid\u00e9rations politiques et contraintes administratives. Alors que les politiques migratoires deviennent de plus [&hellip;]","og_url":"https:\/\/africadailyreport.com\/fr\/2025\/01\/18\/francois-compaore-and-the-quest-for-a-french-visa-political-legal-and-human-implications\/","og_site_name":"Africa Daily Report","article_publisher":"https:\/\/www.facebook.com\/africadailyreport","article_published_time":"2025-01-18T01:12:49+00:00","article_modified_time":"2025-01-18T22:18:24+00:00","og_image":[{"url":"https:\/\/africadailyreport.com\/wp-content\/uploads\/2025\/01\/AFP__20171030__TU5TI__v1__HighRes__BurkinaFranceCrimeJustice-scaled.jpg","width":1,"height":1,"type":"image\/jpeg"}],"author":"O Bulamba \/ ADR","twitter_card":"summary_large_image","twitter_creator":"@adr_africa","twitter_site":"@adr_africa","twitter_misc":{"\u00c9crit par":"O Bulamba \/ ADR","Dur\u00e9e de lecture estim\u00e9e":"4 minutes"},"schema":{"@context":"https:\/\/schema.org","@graph":[{"@type":"Article","@id":"https:\/\/africadailyreport.com\/fr\/2025\/01\/18\/francois-compaore-and-the-quest-for-a-french-visa-political-legal-and-human-implications\/#article","isPartOf":{"@id":"https:\/\/africadailyreport.com\/fr\/2025\/01\/18\/francois-compaore-and-the-quest-for-a-french-visa-political-legal-and-human-implications\/"},"author":{"name":"O Bulamba \/ ADR","@id":"https:\/\/africadailyreport.com\/fr\/#\/schema\/person\/88148059337754d1a3dc29a78c8d1fa9"},"headline":"Fran\u00e7ois Compaor\u00e9 et la Qu\u00eate du Visa pour la France : Enjeux Politiques, Juridiques et Humains","datePublished":"2025-01-18T01:12:49+00:00","dateModified":"2025-01-18T22:18:24+00:00","mainEntityOfPage":{"@id":"https:\/\/africadailyreport.com\/fr\/2025\/01\/18\/francois-compaore-and-the-quest-for-a-french-visa-political-legal-and-human-implications\/"},"wordCount":857,"commentCount":0,"publisher":{"@id":"https:\/\/africadailyreport.com\/fr\/#organization"},"image":{"@id":"https:\/\/africadailyreport.com\/fr\/2025\/01\/18\/francois-compaore-and-the-quest-for-a-french-visa-political-legal-and-human-implications\/#primaryimage"},"thumbnailUrl":"https:\/\/i0.wp.com\/africadailyreport.com\/wp-content\/uploads\/2025\/01\/AFP__20171030__TU5TI__v1__HighRes__BurkinaFranceCrimeJustice-scaled.jpg?fit=%2C&ssl=1","keywords":["france","Francois Compaore","French visa"],"articleSection":["ANALYSES ET DOSSIERS","ANALYSIS","Choix de la R\u00e9daction","Editor&#8217;s Choice","POLITIQUE"],"inLanguage":"fr-FR","potentialAction":[{"@type":"CommentAction","name":"Comment","target":["https:\/\/africadailyreport.com\/fr\/2025\/01\/18\/francois-compaore-and-the-quest-for-a-french-visa-political-legal-and-human-implications\/#respond"]}],"copyrightYear":"2025","copyrightHolder":{"@id":"https:\/\/africadailyreport.com\/#organization"}},{"@type":"WebPage","@id":"https:\/\/africadailyreport.com\/fr\/2025\/01\/18\/francois-compaore-and-the-quest-for-a-french-visa-political-legal-and-human-implications\/","url":"https:\/\/africadailyreport.com\/fr\/2025\/01\/18\/francois-compaore-and-the-quest-for-a-french-visa-political-legal-and-human-implications\/","name":"Fran\u00e7ois Compaor\u00e9 et la Qu\u00eate du Visa pour la France : Enjeux Politiques, Juridiques et Humains - Africa Daily Report","isPartOf":{"@id":"https:\/\/africadailyreport.com\/fr\/#website"},"primaryImageOfPage":{"@id":"https:\/\/africadailyreport.com\/fr\/2025\/01\/18\/francois-compaore-and-the-quest-for-a-french-visa-political-legal-and-human-implications\/#primaryimage"},"image":{"@id":"https:\/\/africadailyreport.com\/fr\/2025\/01\/18\/francois-compaore-and-the-quest-for-a-french-visa-political-legal-and-human-implications\/#primaryimage"},"thumbnailUrl":"https:\/\/i0.wp.com\/africadailyreport.com\/wp-content\/uploads\/2025\/01\/AFP__20171030__TU5TI__v1__HighRes__BurkinaFranceCrimeJustice-scaled.jpg?fit=%2C&ssl=1","datePublished":"2025-01-18T01:12:49+00:00","dateModified":"2025-01-18T22:18:24+00:00","breadcrumb":{"@id":"https:\/\/africadailyreport.com\/fr\/2025\/01\/18\/francois-compaore-and-the-quest-for-a-french-visa-political-legal-and-human-implications\/#breadcrumb"},"inLanguage":"fr-FR","potentialAction":[{"@type":"ReadAction","target":["https:\/\/africadailyreport.com\/fr\/2025\/01\/18\/francois-compaore-and-the-quest-for-a-french-visa-political-legal-and-human-implications\/"]}]},{"@type":"ImageObject","inLanguage":"fr-FR","@id":"https:\/\/africadailyreport.com\/fr\/2025\/01\/18\/francois-compaore-and-the-quest-for-a-french-visa-political-legal-and-human-implications\/#primaryimage","url":"https:\/\/i0.wp.com\/africadailyreport.com\/wp-content\/uploads\/2025\/01\/AFP__20171030__TU5TI__v1__HighRes__BurkinaFranceCrimeJustice-scaled.jpg?fit=%2C&ssl=1","contentUrl":"https:\/\/i0.wp.com\/africadailyreport.com\/wp-content\/uploads\/2025\/01\/AFP__20171030__TU5TI__v1__HighRes__BurkinaFranceCrimeJustice-scaled.jpg?fit=%2C&ssl=1","caption":"In this photograph taken on December 20, 2012, Francois Compaore, brother of the deposed Burkinabe president Blaise Compaore, looks on during a summit in Ouagadougou. Francois Compaore, brother of the deposed Burkinabe president Blaise Compaore, was released under judicial supervision on October 30, 2017, after he was detained on October 30, under an international arrest warrant issued by Burkina Faso, after landing at Roissy airport in Paris, as part of an investigation into the assassination in 1998 of celebrated investigative journalist Norbert Zongo. (Photo by Ahmed OUOBA \/ AFP)"},{"@type":"BreadcrumbList","@id":"https:\/\/africadailyreport.com\/fr\/2025\/01\/18\/francois-compaore-and-the-quest-for-a-french-visa-political-legal-and-human-implications\/#breadcrumb","itemListElement":[{"@type":"ListItem","position":1,"name":"Home","item":"https:\/\/africadailyreport.com\/fr\/"},{"@type":"ListItem","position":2,"name":"Fran\u00e7ois Compaor\u00e9 et la Qu\u00eate du Visa pour la France : Enjeux Politiques, Juridiques et Humains"}]},{"@type":"WebSite","@id":"https:\/\/africadailyreport.com\/fr\/#website","url":"https:\/\/africadailyreport.com\/fr\/","name":"Africa Daily Report","description":"","publisher":{"@id":"https:\/\/africadailyreport.com\/fr\/#organization"},"potentialAction":[{"@type":"SearchAction","target":{"@type":"EntryPoint","urlTemplate":"https:\/\/africadailyreport.com\/fr\/?s={search_term_string}"},"query-input":{"@type":"PropertyValueSpecification","valueRequired":true,"valueName":"search_term_string"}}],"inLanguage":"fr-FR"},{"@type":"Organization","@id":"https:\/\/africadailyreport.com\/fr\/#organization","name":"Africa Daily Report","url":"https:\/\/africadailyreport.com\/fr\/","logo":{"@type":"ImageObject","inLanguage":"fr-FR","@id":"https:\/\/africadailyreport.com\/fr\/#\/schema\/logo\/image\/","url":"https:\/\/africadailyreport.com\/wp-content\/uploads\/2024\/09\/ADR-Transparent-Green-Logo-1.png","contentUrl":"https:\/\/africadailyreport.com\/wp-content\/uploads\/2024\/09\/ADR-Transparent-Green-Logo-1.png","width":267,"height":185,"caption":"Africa Daily Report"},"image":{"@id":"https:\/\/africadailyreport.com\/fr\/#\/schema\/logo\/image\/"},"sameAs":["https:\/\/www.facebook.com\/africadailyreport","https:\/\/x.com\/adr_africa","https:\/\/www.youtube.com\/@africadailyreport","https:\/\/instagram.com\/africadailyreport"]},{"@type":"Person","@id":"https:\/\/africadailyreport.com\/fr\/#\/schema\/person\/88148059337754d1a3dc29a78c8d1fa9","name":"O Bulamba \/ ADR","image":{"@type":"ImageObject","inLanguage":"fr-FR","@id":"https:\/\/secure.gravatar.com\/avatar\/fd520a50d8518deba0eea821be01c7d4b5be681fe77b8720ce2b45e22a147b24?s=96&d=mm&r=g","url":"https:\/\/secure.gravatar.com\/avatar\/fd520a50d8518deba0eea821be01c7d4b5be681fe77b8720ce2b45e22a147b24?s=96&d=mm&r=g","contentUrl":"https:\/\/secure.gravatar.com\/avatar\/fd520a50d8518deba0eea821be01c7d4b5be681fe77b8720ce2b45e22a147b24?s=96&d=mm&r=g","caption":"O Bulamba \/ ADR"},"sameAs":["https:\/\/africadailyreport.com"],"url":"https:\/\/africadailyreport.com\/fr\/author\/oblenabergmail-com\/"}]}},"jetpack_featured_media_url":"https:\/\/i0.wp.com\/africadailyreport.com\/wp-content\/uploads\/2025\/01\/AFP__20171030__TU5TI__v1__HighRes__BurkinaFranceCrimeJustice-scaled.jpg?fit=%2C&ssl=1","jetpack_sharing_enabled":true,"amp_enabled":true,"_links":{"self":[{"href":"https:\/\/africadailyreport.com\/fr\/wp-json\/wp\/v2\/posts\/15906","targetHints":{"allow":["GET"]}}],"collection":[{"href":"https:\/\/africadailyreport.com\/fr\/wp-json\/wp\/v2\/posts"}],"about":[{"href":"https:\/\/africadailyreport.com\/fr\/wp-json\/wp\/v2\/types\/post"}],"author":[{"embeddable":true,"href":"https:\/\/africadailyreport.com\/fr\/wp-json\/wp\/v2\/users\/1"}],"replies":[{"embeddable":true,"href":"https:\/\/africadailyreport.com\/fr\/wp-json\/wp\/v2\/comments?post=15906"}],"version-history":[{"count":3,"href":"https:\/\/africadailyreport.com\/fr\/wp-json\/wp\/v2\/posts\/15906\/revisions"}],"predecessor-version":[{"id":15912,"href":"https:\/\/africadailyreport.com\/fr\/wp-json\/wp\/v2\/posts\/15906\/revisions\/15912"}],"wp:featuredmedia":[{"embeddable":true,"href":"https:\/\/africadailyreport.com\/fr\/wp-json\/wp\/v2\/media\/15904"}],"wp:attachment":[{"href":"https:\/\/africadailyreport.com\/fr\/wp-json\/wp\/v2\/media?parent=15906"}],"wp:term":[{"taxonomy":"category","embeddable":true,"href":"https:\/\/africadailyreport.com\/fr\/wp-json\/wp\/v2\/categories?post=15906"},{"taxonomy":"post_tag","embeddable":true,"href":"https:\/\/africadailyreport.com\/fr\/wp-json\/wp\/v2\/tags?post=15906"},{"taxonomy":"adr_country","embeddable":true,"href":"https:\/\/africadailyreport.com\/fr\/wp-json\/wp\/v2\/adr_country?post=15906"}],"curies":[{"name":"wp","href":"https:\/\/api.w.org\/{rel}","templated":true}]}}