{"id":15872,"date":"2025-01-17T23:13:34","date_gmt":"2025-01-17T23:13:34","guid":{"rendered":"https:\/\/africadailyreport.com\/2025\/01\/17\/over-230000-flee-eastern-dr-congo-violence-since-january-1-un\/"},"modified":"2025-01-17T23:22:15","modified_gmt":"2025-01-17T23:22:15","slug":"over-230000-flee-eastern-dr-congo-violence-since-january-1-un","status":"publish","type":"post","link":"https:\/\/africadailyreport.com\/fr\/2025\/01\/17\/over-230000-flee-eastern-dr-congo-violence-since-january-1-un\/","title":{"rendered":"RDC: 237.000 personnes d\u00e9plac\u00e9es depuis d\u00e9but janvier par les combats dans l&rsquo;est, selon l&rsquo;ONU"},"content":{"rendered":"\n<h2 class=\"wp-block-heading\" id=\"h-kinshasa-dr-congo-les-combats-dans-l-est-de-la-republique-democratique-du-congo-rdc-ont-deplace-237-000-personnes-depuis-debut-janvier-a-indique-vendredi-le-haut-commissariat-de-l-onu-pour-les-refugies-hcr-se-disant-alarme-par-l-aggravation-de-la-violence\"><strong><em>Kinshasa,\u00a0DR Congo<a> <\/a><\/em><\/strong>&#8211; Les combats dans l&rsquo;est de la R\u00e9publique d\u00e9mocratique du Congo (RDC) ont d\u00e9plac\u00e9 237.000 personnes depuis d\u00e9but janvier, a indiqu\u00e9 vendredi le Haut-Commissariat de l&rsquo;ONU pour les r\u00e9fugi\u00e9s (HCR), se disant \u00ab\u00a0alarm\u00e9 par l&rsquo;aggravation de la violence\u00a0\u00bb.<\/h2>\n\n\n\n\n\n<p>Riche en ressources naturelles, la partie orientale de la RDC est en proie depuis pr\u00e8s de 30 ans aux violences de groupes arm\u00e9s, certains locaux, d&rsquo;autres constitu\u00e9s de miliciens originaires de pays voisins. Le&nbsp;M23 (\u00ab\u00a0Mouvement du 23 mars\u00a0\u00bb), soutenu par le Rwanda et 3.000 \u00e0 4.000 soldats rwandais d\u00e9ploy\u00e9s \u00e0 ses c\u00f4t\u00e9s, s&rsquo;est empar\u00e9 depuis sa r\u00e9surgence fin 2021 de vastes pans de territoire dans le Nord-Kivu, jusqu&rsquo;\u00e0 encercler Goma, la capitale provinciale.<\/p>\n\n\n\n<p>\u00ab\u00a0L&rsquo;escalade des affrontements entre les groupes arm\u00e9s non \u00e9tatiques et l&rsquo;arm\u00e9e congolaise dans les provinces du Nord et du Sud-Kivu intensifie l&rsquo;une des crises humanitaires les plus alarmantes au monde, mais dont on ne parle pas assez, marqu\u00e9e par des violations g\u00e9n\u00e9ralis\u00e9es des droits humains et des d\u00e9placements forc\u00e9s massifs\u00a0\u00bb, indique le HCR dans un communiqu\u00e9.<\/p>\n\n\n\n<p>Une porte-parole du HCR, Eujin Byun, a expliqu\u00e9 lors d&rsquo;un point de presse \u00e0 Gen\u00e8ve (Suisse) que \u00ab\u00a0les violences en cours ont fortement limit\u00e9 l&rsquo;acc\u00e8s humanitaire \u00e0 court terme\u00a0\u00bb, en raison de l&rsquo;ins\u00e9curit\u00e9 et des barrages routiers, et \u00ab\u00a0laiss\u00e9 les populations d\u00e9plac\u00e9es dans un besoin d\u00e9sesp\u00e9r\u00e9 d&rsquo;abris, de nourriture, d&rsquo;eau potable et de soins m\u00e9dicaux\u00a0\u00bb, aggravant des conditions de vie d\u00e9j\u00e0 d\u00e9sastreuses.<\/p>\n\n\n\n<p>Ces derni\u00e8res semaines, le M23, groupe arm\u00e9 consid\u00e9r\u00e9 par Kinshasa comme un \u00ab\u00a0mouvement terroriste\u00a0\u00bb, a gagn\u00e9 du terrain, prenant notamment le contr\u00f4le de Masisi, capitale administrative du territoire \u00e9ponyme situ\u00e9 dans la province du Nord-Kivu. L&rsquo;arm\u00e9e congolaise, qui s&rsquo;est dite \u00ab\u00a0d\u00e9termin\u00e9e\u00a0\u00bb \u00e0 reprendre les territoires perdus, m\u00e8ne depuis plusieurs jours des contre-offensives et la situation reste confuse dans plusieurs zones.<\/p>\n\n\n\n<p>L&rsquo;arm\u00e9e congolaise est appuy\u00e9e par de groupes \u00ab\u00a0wazalendo\u00a0\u00bb, nom signifiant \u00ab\u00a0patriotes\u00a0\u00bb en swahili et d\u00e9signant une n\u00e9buleuse de milices locales pro-Kinshasa.<\/p>\n\n\n\n<p>Vendredi, des affrontements avec d\u00e9tonations d&rsquo;armes lourdes \u00e9taient signal\u00e9s \u00e0 Kabingo et Ruzirantaka, localit\u00e9s situ\u00e9es entre les provinces du Nord et du Sud-Kivu, selon des habitants joints au t\u00e9l\u00e9phone par l&rsquo;AFP.<\/p>\n\n\n\n<h2 class=\"wp-block-heading\">&#8211; Violences continuelles &#8211;<\/h2>\n\n\n\n<p>Du 1er au 6 janvier, des combats intenses dans les territoires de Masisi et de Lubero, dans la province du Nord-Kivu, ont forc\u00e9 environ 150.000 personnes \u00e0 fuir leurs maisons, selon le HCR.<\/p>\n\n\n\n<p>Beaucoup d&rsquo;entre eux ont d&rsquo;abord cherch\u00e9 refuge dans le territoire de Masisi, au nord-ouest de Goma, la principale ville du territoire, avant d&rsquo;\u00eatre \u00e0 nouveau d\u00e9plac\u00e9s au fur et \u00e0 mesure que la violence s&rsquo;\u00e9tendait.<\/p>\n\n\n\n<p>Dans la province voisine du Sud-Kivu, la derni\u00e8re \u00e9pisode de violences remonte \u00e0 No\u00ebl dans le territoire de Fizi, o\u00f9 l&rsquo;arm\u00e9e congolaise indiquait se battre contre une coalition de trois groupes arm\u00e9s locaux (Twirwaneho, Gumino et Makanika). L&rsquo;arm\u00e9e avait accus\u00e9 cette coalition de chercher \u00e0 prendre possession de l&rsquo;a\u00e9rodrome de Kiziba \u00e0 Minembwe.<\/p>\n\n\n\n<p>Aux violences entre communaut\u00e9s dans la r\u00e9gion s&rsquo;ajoutent des troubles li\u00e9s \u00e0 la pr\u00e9sence de groupes rebelles burundais, tels que RED-Tabara et les FNL (Forces nationales de lib\u00e9ration).<\/p>\n\n\n\n<p>Les autorit\u00e9s locales ont signal\u00e9 le d\u00e9placement de 84.000 personnes sur le territoire de Fizi, au Sud-Kivu, selon le HCR.<\/p>\n\n\n\n<p>\u00ab\u00a0Dans les deux r\u00e9gions, les civils subissent des bombardements aveugles et des violences sexuelles. L&rsquo;utilisation d&rsquo;armes lourdes dans les zones peupl\u00e9es a fait de nombreuses victimes civiles, y compris des enfants\u00a0\u00bb, a alert\u00e9 Mme Byun.<\/p>\n\n\n\n<p>\u00ab\u00a0Environ 25.000 personnes d\u00e9plac\u00e9es sont retourn\u00e9es \u00e0 Masisi-Centre \u00e0 la suite d&rsquo;une accalmie temporaire de la violence le 4 janvier. Cependant, la reprise des affrontements le 9 janvier a forc\u00e9 de nombreuses personnes \u00e0 fuir \u00e0 nouveau\u00a0\u00bb, a-t-elle expliqu\u00e9, affirmant que les civils sont confront\u00e9s continuellement \u00e0 la violence, y compris le recrutement forc\u00e9.<\/p>\n\n\n\n<p>L&rsquo;appel annuel de fonds du HCR pour la RDC est financ\u00e9 \u00e0 moins de 10%, sur les 226 millions de dollars demand\u00e9s.<\/p>\n\n\n\n<p><\/p>\n\n\n\n<p>\u00a9 Agence France-Presse<\/p>\n","protected":false},"excerpt":{"rendered":"<p>Kinshasa,\u00a0DR Congo &#8211; Les combats dans l&rsquo;est de la R\u00e9publique d\u00e9mocratique du Congo (RDC) ont d\u00e9plac\u00e9 237.000 personnes depuis d\u00e9but janvier, a indiqu\u00e9 vendredi le Haut-Commissariat de l&rsquo;ONU pour les r\u00e9fugi\u00e9s (HCR), se disant \u00ab\u00a0alarm\u00e9 par l&rsquo;aggravation de la violence\u00a0\u00bb. Riche en ressources naturelles, la partie orientale de la RDC est en proie depuis pr\u00e8s [&hellip;]<\/p>\n","protected":false},"author":10,"featured_media":15870,"comment_status":"open","ping_status":"open","sticky":false,"template":"","format":"standard","meta":{"_acf_changed":false,"om_disable_all_campaigns":false,"_monsterinsights_skip_tracking":false,"_monsterinsights_sitenote_active":false,"_monsterinsights_sitenote_note":"","_monsterinsights_sitenote_category":0,"tdm_status":"","tdm_grid_status":"","_jetpack_newsletter_access":"","_jetpack_dont_email_post_to_subs":false,"_jetpack_newsletter_tier_id":0,"_jetpack_memberships_contains_paywalled_content":false,"_jetpack_memberships_contains_paid_content":false,"footnotes":""},"categories":[293,802,2174,782],"tags":[808,2490,958,820,2491],"adr_country":[1667],"class_list":{"0":"post-15872","1":"post","2":"type-post","3":"status-publish","4":"format-standard","5":"has-post-thumbnail","7":"category-actualites-fr","8":"category-depeche-fr","9":"category-guerre-2-fr","10":"category-politique-fr","11":"tag-conflit-fr","12":"tag-deplace","13":"tag-onu-fr","14":"tag-rd-congo-fr","15":"tag-refugies-3","16":"adr_country-rd-congo-fr"},"acf":{"post_version":""},"yoast_head":"<!-- This site is optimized with the Yoast SEO Premium plugin v26.0 (Yoast SEO v27.4) - https:\/\/yoast.com\/product\/yoast-seo-premium-wordpress\/ -->\n<title>RDC: 237.000 personnes d\u00e9plac\u00e9es depuis d\u00e9but janvier par les combats dans l&#039;est, selon l&#039;ONU - Africa Daily Report<\/title>\n<meta name=\"robots\" content=\"index, follow, max-snippet:-1, max-image-preview:large, max-video-preview:-1\" \/>\n<link rel=\"canonical\" href=\"https:\/\/africadailyreport.com\/fr\/2025\/01\/17\/over-230000-flee-eastern-dr-congo-violence-since-january-1-un\/\" \/>\n<meta property=\"og:locale\" content=\"fr_FR\" \/>\n<meta property=\"og:type\" content=\"article\" \/>\n<meta property=\"og:title\" content=\"RDC: 237.000 personnes d\u00e9plac\u00e9es depuis d\u00e9but janvier par les combats dans l&#039;est, selon l&#039;ONU\" \/>\n<meta property=\"og:description\" content=\"Kinshasa,\u00a0DR Congo &#8211; Les combats dans l&rsquo;est de la R\u00e9publique d\u00e9mocratique du Congo (RDC) ont d\u00e9plac\u00e9 237.000 personnes depuis d\u00e9but janvier, a indiqu\u00e9 vendredi le Haut-Commissariat de l&rsquo;ONU pour les r\u00e9fugi\u00e9s (HCR), se disant \u00ab\u00a0alarm\u00e9 par l&rsquo;aggravation de la violence\u00a0\u00bb. Riche en ressources naturelles, la partie orientale de la RDC est en proie depuis pr\u00e8s [&hellip;]\" \/>\n<meta property=\"og:url\" content=\"https:\/\/africadailyreport.com\/fr\/2025\/01\/17\/over-230000-flee-eastern-dr-congo-violence-since-january-1-un\/\" \/>\n<meta property=\"og:site_name\" content=\"Africa Daily Report\" \/>\n<meta property=\"article:publisher\" content=\"https:\/\/www.facebook.com\/africadailyreport\" \/>\n<meta property=\"article:published_time\" content=\"2025-01-17T23:13:34+00:00\" \/>\n<meta property=\"article:modified_time\" content=\"2025-01-17T23:22:15+00:00\" \/>\n<meta property=\"og:image\" content=\"https:\/\/africadailyreport.com\/wp-content\/uploads\/2025\/01\/AFP__20250115__36U36VA__v1__HighRes__DrcongoRwandaArmyRefugeeConflict-scaled.jpg\" \/>\n\t<meta property=\"og:image:width\" content=\"1\" \/>\n\t<meta property=\"og:image:height\" content=\"1\" \/>\n\t<meta property=\"og:image:type\" content=\"image\/jpeg\" \/>\n<meta name=\"author\" content=\"ADR\/AFP\" \/>\n<meta name=\"twitter:card\" content=\"summary_large_image\" \/>\n<meta name=\"twitter:creator\" content=\"@adr_africa\" \/>\n<meta name=\"twitter:site\" content=\"@adr_africa\" \/>\n<meta name=\"twitter:label1\" content=\"\u00c9crit par\" \/>\n\t<meta name=\"twitter:data1\" content=\"ADR\/AFP\" \/>\n\t<meta name=\"twitter:label2\" content=\"Dur\u00e9e de lecture estim\u00e9e\" \/>\n\t<meta name=\"twitter:data2\" content=\"4 minutes\" \/>\n<script type=\"application\/ld+json\" class=\"yoast-schema-graph\">{\"@context\":\"https:\\\/\\\/schema.org\",\"@graph\":[{\"@type\":\"Article\",\"@id\":\"https:\\\/\\\/africadailyreport.com\\\/fr\\\/2025\\\/01\\\/17\\\/over-230000-flee-eastern-dr-congo-violence-since-january-1-un\\\/#article\",\"isPartOf\":{\"@id\":\"https:\\\/\\\/africadailyreport.com\\\/fr\\\/2025\\\/01\\\/17\\\/over-230000-flee-eastern-dr-congo-violence-since-january-1-un\\\/\"},\"author\":{\"name\":\"ADR\\\/AFP\",\"@id\":\"https:\\\/\\\/africadailyreport.com\\\/fr\\\/#\\\/schema\\\/person\\\/c44d86d79f5570b3ba4cf70c989843f8\"},\"headline\":\"RDC: 237.000 personnes d\u00e9plac\u00e9es depuis d\u00e9but janvier par les combats dans l&rsquo;est, selon l&rsquo;ONU\",\"datePublished\":\"2025-01-17T23:13:34+00:00\",\"dateModified\":\"2025-01-17T23:22:15+00:00\",\"mainEntityOfPage\":{\"@id\":\"https:\\\/\\\/africadailyreport.com\\\/fr\\\/2025\\\/01\\\/17\\\/over-230000-flee-eastern-dr-congo-violence-since-january-1-un\\\/\"},\"wordCount\":718,\"commentCount\":0,\"publisher\":{\"@id\":\"https:\\\/\\\/africadailyreport.com\\\/fr\\\/#organization\"},\"image\":{\"@id\":\"https:\\\/\\\/africadailyreport.com\\\/fr\\\/2025\\\/01\\\/17\\\/over-230000-flee-eastern-dr-congo-violence-since-january-1-un\\\/#primaryimage\"},\"thumbnailUrl\":\"https:\\\/\\\/i0.wp.com\\\/africadailyreport.com\\\/wp-content\\\/uploads\\\/2025\\\/01\\\/AFP__20250115__36U36VA__v1__HighRes__DrcongoRwandaArmyRefugeeConflict-scaled.jpg?fit=%2C&ssl=1\",\"keywords\":[\"conflit\",\"d\u00e9plac\u00e9\",\"onu\",\"RD Congo\",\"r\u00e9fugi\u00e9s\"],\"articleSection\":[\"Actualit\u00e9s\",\"D\u00e9p\u00eache\",\"Guerre\",\"POLITIQUE\"],\"inLanguage\":\"fr-FR\",\"potentialAction\":[{\"@type\":\"CommentAction\",\"name\":\"Comment\",\"target\":[\"https:\\\/\\\/africadailyreport.com\\\/fr\\\/2025\\\/01\\\/17\\\/over-230000-flee-eastern-dr-congo-violence-since-january-1-un\\\/#respond\"]}],\"copyrightYear\":\"2025\",\"copyrightHolder\":{\"@id\":\"https:\\\/\\\/africadailyreport.com\\\/#organization\"}},{\"@type\":\"WebPage\",\"@id\":\"https:\\\/\\\/africadailyreport.com\\\/fr\\\/2025\\\/01\\\/17\\\/over-230000-flee-eastern-dr-congo-violence-since-january-1-un\\\/\",\"url\":\"https:\\\/\\\/africadailyreport.com\\\/fr\\\/2025\\\/01\\\/17\\\/over-230000-flee-eastern-dr-congo-violence-since-january-1-un\\\/\",\"name\":\"RDC: 237.000 personnes d\u00e9plac\u00e9es depuis d\u00e9but janvier par les combats dans l'est, selon l'ONU - Africa Daily Report\",\"isPartOf\":{\"@id\":\"https:\\\/\\\/africadailyreport.com\\\/fr\\\/#website\"},\"primaryImageOfPage\":{\"@id\":\"https:\\\/\\\/africadailyreport.com\\\/fr\\\/2025\\\/01\\\/17\\\/over-230000-flee-eastern-dr-congo-violence-since-january-1-un\\\/#primaryimage\"},\"image\":{\"@id\":\"https:\\\/\\\/africadailyreport.com\\\/fr\\\/2025\\\/01\\\/17\\\/over-230000-flee-eastern-dr-congo-violence-since-january-1-un\\\/#primaryimage\"},\"thumbnailUrl\":\"https:\\\/\\\/i0.wp.com\\\/africadailyreport.com\\\/wp-content\\\/uploads\\\/2025\\\/01\\\/AFP__20250115__36U36VA__v1__HighRes__DrcongoRwandaArmyRefugeeConflict-scaled.jpg?fit=%2C&ssl=1\",\"datePublished\":\"2025-01-17T23:13:34+00:00\",\"dateModified\":\"2025-01-17T23:22:15+00:00\",\"breadcrumb\":{\"@id\":\"https:\\\/\\\/africadailyreport.com\\\/fr\\\/2025\\\/01\\\/17\\\/over-230000-flee-eastern-dr-congo-violence-since-january-1-un\\\/#breadcrumb\"},\"inLanguage\":\"fr-FR\",\"potentialAction\":[{\"@type\":\"ReadAction\",\"target\":[\"https:\\\/\\\/africadailyreport.com\\\/fr\\\/2025\\\/01\\\/17\\\/over-230000-flee-eastern-dr-congo-violence-since-january-1-un\\\/\"]}]},{\"@type\":\"ImageObject\",\"inLanguage\":\"fr-FR\",\"@id\":\"https:\\\/\\\/africadailyreport.com\\\/fr\\\/2025\\\/01\\\/17\\\/over-230000-flee-eastern-dr-congo-violence-since-january-1-un\\\/#primaryimage\",\"url\":\"https:\\\/\\\/i0.wp.com\\\/africadailyreport.com\\\/wp-content\\\/uploads\\\/2025\\\/01\\\/AFP__20250115__36U36VA__v1__HighRes__DrcongoRwandaArmyRefugeeConflict-scaled.jpg?fit=%2C&ssl=1\",\"contentUrl\":\"https:\\\/\\\/i0.wp.com\\\/africadailyreport.com\\\/wp-content\\\/uploads\\\/2025\\\/01\\\/AFP__20250115__36U36VA__v1__HighRes__DrcongoRwandaArmyRefugeeConflict-scaled.jpg?fit=%2C&ssl=1\",\"caption\":\"A woman from the Masisi territory, who lost her husband and all their possessions during their escape, poses after finding a new lodging in an abandoned shelter in the Bulengo displaced persons camp, near Goma, North-Kivu province, on January 15, 2025. Fighting between the Congolese army and M23 fighters has caused a massive new wave of displacement, with the UN reporting last week that more than 100,000 people had fled their homes. Nearly 2,500 people arrived at the Bulengo displaced persons camp near Goma in recent days, official Mahoro Faustin told AFP. (Photo by Jospin Mwisha \\\/ AFP)\"},{\"@type\":\"BreadcrumbList\",\"@id\":\"https:\\\/\\\/africadailyreport.com\\\/fr\\\/2025\\\/01\\\/17\\\/over-230000-flee-eastern-dr-congo-violence-since-january-1-un\\\/#breadcrumb\",\"itemListElement\":[{\"@type\":\"ListItem\",\"position\":1,\"name\":\"Home\",\"item\":\"https:\\\/\\\/africadailyreport.com\\\/fr\\\/\"},{\"@type\":\"ListItem\",\"position\":2,\"name\":\"RDC: 237.000 personnes d\u00e9plac\u00e9es depuis d\u00e9but janvier par les combats dans l&#8217;est, selon l&#8217;ONU\"}]},{\"@type\":\"WebSite\",\"@id\":\"https:\\\/\\\/africadailyreport.com\\\/fr\\\/#website\",\"url\":\"https:\\\/\\\/africadailyreport.com\\\/fr\\\/\",\"name\":\"Africa Daily Report\",\"description\":\"\",\"publisher\":{\"@id\":\"https:\\\/\\\/africadailyreport.com\\\/fr\\\/#organization\"},\"potentialAction\":[{\"@type\":\"SearchAction\",\"target\":{\"@type\":\"EntryPoint\",\"urlTemplate\":\"https:\\\/\\\/africadailyreport.com\\\/fr\\\/?s={search_term_string}\"},\"query-input\":{\"@type\":\"PropertyValueSpecification\",\"valueRequired\":true,\"valueName\":\"search_term_string\"}}],\"inLanguage\":\"fr-FR\"},{\"@type\":\"Organization\",\"@id\":\"https:\\\/\\\/africadailyreport.com\\\/fr\\\/#organization\",\"name\":\"Africa Daily Report\",\"url\":\"https:\\\/\\\/africadailyreport.com\\\/fr\\\/\",\"logo\":{\"@type\":\"ImageObject\",\"inLanguage\":\"fr-FR\",\"@id\":\"https:\\\/\\\/africadailyreport.com\\\/fr\\\/#\\\/schema\\\/logo\\\/image\\\/\",\"url\":\"https:\\\/\\\/africadailyreport.com\\\/wp-content\\\/uploads\\\/2024\\\/09\\\/ADR-Transparent-Green-Logo-1.png\",\"contentUrl\":\"https:\\\/\\\/africadailyreport.com\\\/wp-content\\\/uploads\\\/2024\\\/09\\\/ADR-Transparent-Green-Logo-1.png\",\"width\":267,\"height\":185,\"caption\":\"Africa Daily Report\"},\"image\":{\"@id\":\"https:\\\/\\\/africadailyreport.com\\\/fr\\\/#\\\/schema\\\/logo\\\/image\\\/\"},\"sameAs\":[\"https:\\\/\\\/www.facebook.com\\\/africadailyreport\",\"https:\\\/\\\/x.com\\\/adr_africa\",\"https:\\\/\\\/www.youtube.com\\\/@africadailyreport\",\"https:\\\/\\\/instagram.com\\\/africadailyreport\"]},{\"@type\":\"Person\",\"@id\":\"https:\\\/\\\/africadailyreport.com\\\/fr\\\/#\\\/schema\\\/person\\\/c44d86d79f5570b3ba4cf70c989843f8\",\"name\":\"ADR\\\/AFP\",\"image\":{\"@type\":\"ImageObject\",\"inLanguage\":\"fr-FR\",\"@id\":\"https:\\\/\\\/secure.gravatar.com\\\/avatar\\\/2fbdc3782aa386b408fd9a36f0bc78ee569c94a7a05670cab3a1d72916408214?s=96&d=mm&r=g\",\"url\":\"https:\\\/\\\/secure.gravatar.com\\\/avatar\\\/2fbdc3782aa386b408fd9a36f0bc78ee569c94a7a05670cab3a1d72916408214?s=96&d=mm&r=g\",\"contentUrl\":\"https:\\\/\\\/secure.gravatar.com\\\/avatar\\\/2fbdc3782aa386b408fd9a36f0bc78ee569c94a7a05670cab3a1d72916408214?s=96&d=mm&r=g\",\"caption\":\"ADR\\\/AFP\"},\"sameAs\":[\"http:\\\/\\\/africadailyreport.com\"],\"url\":\"https:\\\/\\\/africadailyreport.com\\\/fr\\\/author\\\/both\\\/\"}]}<\/script>\n<!-- \/ Yoast SEO Premium plugin. -->","yoast_head_json":{"title":"RDC: 237.000 personnes d\u00e9plac\u00e9es depuis d\u00e9but janvier par les combats dans l'est, selon l'ONU - Africa Daily Report","robots":{"index":"index","follow":"follow","max-snippet":"max-snippet:-1","max-image-preview":"max-image-preview:large","max-video-preview":"max-video-preview:-1"},"canonical":"https:\/\/africadailyreport.com\/fr\/2025\/01\/17\/over-230000-flee-eastern-dr-congo-violence-since-january-1-un\/","og_locale":"fr_FR","og_type":"article","og_title":"RDC: 237.000 personnes d\u00e9plac\u00e9es depuis d\u00e9but janvier par les combats dans l'est, selon l'ONU","og_description":"Kinshasa,\u00a0DR Congo &#8211; Les combats dans l&rsquo;est de la R\u00e9publique d\u00e9mocratique du Congo (RDC) ont d\u00e9plac\u00e9 237.000 personnes depuis d\u00e9but janvier, a indiqu\u00e9 vendredi le Haut-Commissariat de l&rsquo;ONU pour les r\u00e9fugi\u00e9s (HCR), se disant \u00ab\u00a0alarm\u00e9 par l&rsquo;aggravation de la violence\u00a0\u00bb. Riche en ressources naturelles, la partie orientale de la RDC est en proie depuis pr\u00e8s [&hellip;]","og_url":"https:\/\/africadailyreport.com\/fr\/2025\/01\/17\/over-230000-flee-eastern-dr-congo-violence-since-january-1-un\/","og_site_name":"Africa Daily Report","article_publisher":"https:\/\/www.facebook.com\/africadailyreport","article_published_time":"2025-01-17T23:13:34+00:00","article_modified_time":"2025-01-17T23:22:15+00:00","og_image":[{"url":"https:\/\/africadailyreport.com\/wp-content\/uploads\/2025\/01\/AFP__20250115__36U36VA__v1__HighRes__DrcongoRwandaArmyRefugeeConflict-scaled.jpg","width":1,"height":1,"type":"image\/jpeg"}],"author":"ADR\/AFP","twitter_card":"summary_large_image","twitter_creator":"@adr_africa","twitter_site":"@adr_africa","twitter_misc":{"\u00c9crit par":"ADR\/AFP","Dur\u00e9e de lecture estim\u00e9e":"4 minutes"},"schema":{"@context":"https:\/\/schema.org","@graph":[{"@type":"Article","@id":"https:\/\/africadailyreport.com\/fr\/2025\/01\/17\/over-230000-flee-eastern-dr-congo-violence-since-january-1-un\/#article","isPartOf":{"@id":"https:\/\/africadailyreport.com\/fr\/2025\/01\/17\/over-230000-flee-eastern-dr-congo-violence-since-january-1-un\/"},"author":{"name":"ADR\/AFP","@id":"https:\/\/africadailyreport.com\/fr\/#\/schema\/person\/c44d86d79f5570b3ba4cf70c989843f8"},"headline":"RDC: 237.000 personnes d\u00e9plac\u00e9es depuis d\u00e9but janvier par les combats dans l&rsquo;est, selon l&rsquo;ONU","datePublished":"2025-01-17T23:13:34+00:00","dateModified":"2025-01-17T23:22:15+00:00","mainEntityOfPage":{"@id":"https:\/\/africadailyreport.com\/fr\/2025\/01\/17\/over-230000-flee-eastern-dr-congo-violence-since-january-1-un\/"},"wordCount":718,"commentCount":0,"publisher":{"@id":"https:\/\/africadailyreport.com\/fr\/#organization"},"image":{"@id":"https:\/\/africadailyreport.com\/fr\/2025\/01\/17\/over-230000-flee-eastern-dr-congo-violence-since-january-1-un\/#primaryimage"},"thumbnailUrl":"https:\/\/i0.wp.com\/africadailyreport.com\/wp-content\/uploads\/2025\/01\/AFP__20250115__36U36VA__v1__HighRes__DrcongoRwandaArmyRefugeeConflict-scaled.jpg?fit=%2C&ssl=1","keywords":["conflit","d\u00e9plac\u00e9","onu","RD Congo","r\u00e9fugi\u00e9s"],"articleSection":["Actualit\u00e9s","D\u00e9p\u00eache","Guerre","POLITIQUE"],"inLanguage":"fr-FR","potentialAction":[{"@type":"CommentAction","name":"Comment","target":["https:\/\/africadailyreport.com\/fr\/2025\/01\/17\/over-230000-flee-eastern-dr-congo-violence-since-january-1-un\/#respond"]}],"copyrightYear":"2025","copyrightHolder":{"@id":"https:\/\/africadailyreport.com\/#organization"}},{"@type":"WebPage","@id":"https:\/\/africadailyreport.com\/fr\/2025\/01\/17\/over-230000-flee-eastern-dr-congo-violence-since-january-1-un\/","url":"https:\/\/africadailyreport.com\/fr\/2025\/01\/17\/over-230000-flee-eastern-dr-congo-violence-since-january-1-un\/","name":"RDC: 237.000 personnes d\u00e9plac\u00e9es depuis d\u00e9but janvier par les combats dans l'est, selon l'ONU - Africa Daily Report","isPartOf":{"@id":"https:\/\/africadailyreport.com\/fr\/#website"},"primaryImageOfPage":{"@id":"https:\/\/africadailyreport.com\/fr\/2025\/01\/17\/over-230000-flee-eastern-dr-congo-violence-since-january-1-un\/#primaryimage"},"image":{"@id":"https:\/\/africadailyreport.com\/fr\/2025\/01\/17\/over-230000-flee-eastern-dr-congo-violence-since-january-1-un\/#primaryimage"},"thumbnailUrl":"https:\/\/i0.wp.com\/africadailyreport.com\/wp-content\/uploads\/2025\/01\/AFP__20250115__36U36VA__v1__HighRes__DrcongoRwandaArmyRefugeeConflict-scaled.jpg?fit=%2C&ssl=1","datePublished":"2025-01-17T23:13:34+00:00","dateModified":"2025-01-17T23:22:15+00:00","breadcrumb":{"@id":"https:\/\/africadailyreport.com\/fr\/2025\/01\/17\/over-230000-flee-eastern-dr-congo-violence-since-january-1-un\/#breadcrumb"},"inLanguage":"fr-FR","potentialAction":[{"@type":"ReadAction","target":["https:\/\/africadailyreport.com\/fr\/2025\/01\/17\/over-230000-flee-eastern-dr-congo-violence-since-january-1-un\/"]}]},{"@type":"ImageObject","inLanguage":"fr-FR","@id":"https:\/\/africadailyreport.com\/fr\/2025\/01\/17\/over-230000-flee-eastern-dr-congo-violence-since-january-1-un\/#primaryimage","url":"https:\/\/i0.wp.com\/africadailyreport.com\/wp-content\/uploads\/2025\/01\/AFP__20250115__36U36VA__v1__HighRes__DrcongoRwandaArmyRefugeeConflict-scaled.jpg?fit=%2C&ssl=1","contentUrl":"https:\/\/i0.wp.com\/africadailyreport.com\/wp-content\/uploads\/2025\/01\/AFP__20250115__36U36VA__v1__HighRes__DrcongoRwandaArmyRefugeeConflict-scaled.jpg?fit=%2C&ssl=1","caption":"A woman from the Masisi territory, who lost her husband and all their possessions during their escape, poses after finding a new lodging in an abandoned shelter in the Bulengo displaced persons camp, near Goma, North-Kivu province, on January 15, 2025. Fighting between the Congolese army and M23 fighters has caused a massive new wave of displacement, with the UN reporting last week that more than 100,000 people had fled their homes. Nearly 2,500 people arrived at the Bulengo displaced persons camp near Goma in recent days, official Mahoro Faustin told AFP. (Photo by Jospin Mwisha \/ AFP)"},{"@type":"BreadcrumbList","@id":"https:\/\/africadailyreport.com\/fr\/2025\/01\/17\/over-230000-flee-eastern-dr-congo-violence-since-january-1-un\/#breadcrumb","itemListElement":[{"@type":"ListItem","position":1,"name":"Home","item":"https:\/\/africadailyreport.com\/fr\/"},{"@type":"ListItem","position":2,"name":"RDC: 237.000 personnes d\u00e9plac\u00e9es depuis d\u00e9but janvier par les combats dans l&#8217;est, selon l&#8217;ONU"}]},{"@type":"WebSite","@id":"https:\/\/africadailyreport.com\/fr\/#website","url":"https:\/\/africadailyreport.com\/fr\/","name":"Africa Daily Report","description":"","publisher":{"@id":"https:\/\/africadailyreport.com\/fr\/#organization"},"potentialAction":[{"@type":"SearchAction","target":{"@type":"EntryPoint","urlTemplate":"https:\/\/africadailyreport.com\/fr\/?s={search_term_string}"},"query-input":{"@type":"PropertyValueSpecification","valueRequired":true,"valueName":"search_term_string"}}],"inLanguage":"fr-FR"},{"@type":"Organization","@id":"https:\/\/africadailyreport.com\/fr\/#organization","name":"Africa Daily Report","url":"https:\/\/africadailyreport.com\/fr\/","logo":{"@type":"ImageObject","inLanguage":"fr-FR","@id":"https:\/\/africadailyreport.com\/fr\/#\/schema\/logo\/image\/","url":"https:\/\/africadailyreport.com\/wp-content\/uploads\/2024\/09\/ADR-Transparent-Green-Logo-1.png","contentUrl":"https:\/\/africadailyreport.com\/wp-content\/uploads\/2024\/09\/ADR-Transparent-Green-Logo-1.png","width":267,"height":185,"caption":"Africa Daily Report"},"image":{"@id":"https:\/\/africadailyreport.com\/fr\/#\/schema\/logo\/image\/"},"sameAs":["https:\/\/www.facebook.com\/africadailyreport","https:\/\/x.com\/adr_africa","https:\/\/www.youtube.com\/@africadailyreport","https:\/\/instagram.com\/africadailyreport"]},{"@type":"Person","@id":"https:\/\/africadailyreport.com\/fr\/#\/schema\/person\/c44d86d79f5570b3ba4cf70c989843f8","name":"ADR\/AFP","image":{"@type":"ImageObject","inLanguage":"fr-FR","@id":"https:\/\/secure.gravatar.com\/avatar\/2fbdc3782aa386b408fd9a36f0bc78ee569c94a7a05670cab3a1d72916408214?s=96&d=mm&r=g","url":"https:\/\/secure.gravatar.com\/avatar\/2fbdc3782aa386b408fd9a36f0bc78ee569c94a7a05670cab3a1d72916408214?s=96&d=mm&r=g","contentUrl":"https:\/\/secure.gravatar.com\/avatar\/2fbdc3782aa386b408fd9a36f0bc78ee569c94a7a05670cab3a1d72916408214?s=96&d=mm&r=g","caption":"ADR\/AFP"},"sameAs":["http:\/\/africadailyreport.com"],"url":"https:\/\/africadailyreport.com\/fr\/author\/both\/"}]}},"jetpack_featured_media_url":"https:\/\/i0.wp.com\/africadailyreport.com\/wp-content\/uploads\/2025\/01\/AFP__20250115__36U36VA__v1__HighRes__DrcongoRwandaArmyRefugeeConflict-scaled.jpg?fit=%2C&ssl=1","jetpack_sharing_enabled":true,"amp_enabled":true,"_links":{"self":[{"href":"https:\/\/africadailyreport.com\/fr\/wp-json\/wp\/v2\/posts\/15872","targetHints":{"allow":["GET"]}}],"collection":[{"href":"https:\/\/africadailyreport.com\/fr\/wp-json\/wp\/v2\/posts"}],"about":[{"href":"https:\/\/africadailyreport.com\/fr\/wp-json\/wp\/v2\/types\/post"}],"author":[{"embeddable":true,"href":"https:\/\/africadailyreport.com\/fr\/wp-json\/wp\/v2\/users\/10"}],"replies":[{"embeddable":true,"href":"https:\/\/africadailyreport.com\/fr\/wp-json\/wp\/v2\/comments?post=15872"}],"version-history":[{"count":6,"href":"https:\/\/africadailyreport.com\/fr\/wp-json\/wp\/v2\/posts\/15872\/revisions"}],"predecessor-version":[{"id":15880,"href":"https:\/\/africadailyreport.com\/fr\/wp-json\/wp\/v2\/posts\/15872\/revisions\/15880"}],"wp:featuredmedia":[{"embeddable":true,"href":"https:\/\/africadailyreport.com\/fr\/wp-json\/wp\/v2\/media\/15870"}],"wp:attachment":[{"href":"https:\/\/africadailyreport.com\/fr\/wp-json\/wp\/v2\/media?parent=15872"}],"wp:term":[{"taxonomy":"category","embeddable":true,"href":"https:\/\/africadailyreport.com\/fr\/wp-json\/wp\/v2\/categories?post=15872"},{"taxonomy":"post_tag","embeddable":true,"href":"https:\/\/africadailyreport.com\/fr\/wp-json\/wp\/v2\/tags?post=15872"},{"taxonomy":"adr_country","embeddable":true,"href":"https:\/\/africadailyreport.com\/fr\/wp-json\/wp\/v2\/adr_country?post=15872"}],"curies":[{"name":"wp","href":"https:\/\/api.w.org\/{rel}","templated":true}]}}