{"id":15818,"date":"2025-01-16T20:36:32","date_gmt":"2025-01-16T20:36:32","guid":{"rendered":"https:\/\/africadailyreport.com\/2025\/01\/16\/ghana-and-mali-vow-to-strengthen-security-ties\/"},"modified":"2025-01-16T20:51:37","modified_gmt":"2025-01-16T20:51:37","slug":"ghana-and-mali-vow-to-strengthen-security-ties","status":"publish","type":"post","link":"https:\/\/africadailyreport.com\/fr\/2025\/01\/16\/ghana-and-mali-vow-to-strengthen-security-ties\/","title":{"rendered":"Le Ghana et le Mali renforcent leurs liens face aux probl\u00e8mes de s\u00e9curit\u00e9 r\u00e9gionale"},"content":{"rendered":"\n<h2 class=\"wp-block-heading\" id=\"h-accra-ghana-le-president-ghaneen-john-dramani-mahama-et-le-premier-ministre-malien-le-general-abdoulaye-maiga-ont-reaffirme-jeudi-leur-engagement-a-renforcer-leurs-relations-bilaterales-face-a-la-montee-du-jihadisme-et-de-l-instabilite-en-afrique-de-l-ouest\"><strong><em>Accra,\u00a0Ghana &#8211;<\/em><\/strong> Le pr\u00e9sident ghan\u00e9en John Dramani Mahama et le Premier ministre malien, le g\u00e9n\u00e9ral Abdoulaye Ma\u00efga, ont r\u00e9affirm\u00e9 jeudi leur engagement \u00e0 renforcer leurs relations bilat\u00e9rales face \u00e0 la mont\u00e9e du jihadisme et de l&rsquo;instabilit\u00e9 en Afrique de l&rsquo;Ouest.<\/h2>\n\n\n\n\n\n<p><\/p>\n\n\n\n<p>Les deux dirigeants se sont entretenus \u00e0 Accra, le Premier ministre ayant rendu visite au tout nouveau pr\u00e9sident du Ghana, qui a pris ses fonctions il y a 10 jours.<\/p>\n\n\n\n<p>\u00ab\u00a0Notre s\u00e9curit\u00e9 est un objectif commun et nous devons travailler les uns avec les autres pour garantir la s\u00e9curit\u00e9 de notre sous-r\u00e9gion. Si la maison de votre voisin est en feu, vous devez l&rsquo;aider \u00e0 l&rsquo;\u00e9teindre, sinon il se propagera \u00e0 la v\u00f4tre\u00a0\u00bb, a d\u00e9clar\u00e9 John Mahama \u00e0 la presse \u00e0 l&rsquo;issue de l&rsquo;entretien.<\/p>\n\n\n\n<p>La partie septentrionale du Ghana, comme le Togo et le B\u00e9nin, est de plus en plus confront\u00e9e \u00e0 des incursions de groupes jihadistes implant\u00e9s dans les pays sah\u00e9liens.<\/p>\n\n\n\n<p>Le chef de l\u2019\u00c9tat ghan\u00e9en a \u00e9galement salu\u00e9 la r\u00e9cente formation de l&rsquo;Alliance des \u00c9tats du Sahel (AES) par le Mali, le Burkina Faso et le Niger, gouvern\u00e9s par des r\u00e9gimes militaires hostiles \u00e0 la France, qui quitteront d\u00e9finitivement la Communaut\u00e9 \u00e9conomique des \u00c9tats d&rsquo;Afrique de l&rsquo;Ouest (Cedeao) le 29 janvier.<\/p>\n\n\n\n<p>\u00ab\u00a0Malgr\u00e9 le revers temporaire auquel nous sommes confront\u00e9s, nous devons continuer \u00e0 renforcer nos relations. Le Ghana reste tr\u00e8s solidaire du Mali\u00a0\u00bb, a ajout\u00e9 M. Mahama.<\/p>\n\n\n\n<p>Le g\u00e9n\u00e9ral Ma\u00efga a lou\u00e9 le r\u00f4le essentiel du Ghana dans la promotion du panafricanisme.<\/p>\n\n\n\n<p>\u00ab\u00a0Le combat pour la souverainet\u00e9 de l&rsquo;Afrique s&rsquo;inscrit dans la vision du pr\u00e9sident Mahama. Nous le remercions (&#8230;) pour le soutien ind\u00e9fectible du Ghana\u00a0\u00bb, a-t-il ajout\u00e9, pr\u00e9cisant vouloir \u00ab\u00a0renforcer la coop\u00e9ration dans les domaines de l&rsquo;\u00e9conomie et de la s\u00e9curit\u00e9\u00a0\u00bb.<\/p>\n\n\n\n<p>Cette visite du Premier ministre malien intervient le jour o\u00f9 le ministre des Affaires \u00e9trang\u00e8res togolais a affirm\u00e9 ne pas exclure que le Togo rejoigne les pays de l&rsquo;AES, signe d&rsquo;une normalisation des relations entre les pays dirig\u00e9s par des r\u00e9gimes militaires et les autres membres de la Cedeao, avec qui les relations ont \u00e9t\u00e9 particuli\u00e8rement tendues ces derni\u00e8res ann\u00e9es.<\/p>\n\n\n\n<p><\/p>\n\n\n\n<p>\u00a9 Agence France-Presse<\/p>\n","protected":false},"excerpt":{"rendered":"<p>Accra,\u00a0Ghana &#8211; Le pr\u00e9sident ghan\u00e9en John Dramani Mahama et le Premier ministre malien, le g\u00e9n\u00e9ral Abdoulaye Ma\u00efga, ont r\u00e9affirm\u00e9 jeudi leur engagement \u00e0 renforcer leurs relations bilat\u00e9rales face \u00e0 la mont\u00e9e du jihadisme et de l&rsquo;instabilit\u00e9 en Afrique de l&rsquo;Ouest. Les deux dirigeants se sont entretenus \u00e0 Accra, le Premier ministre ayant rendu visite au [&hellip;]<\/p>\n","protected":false},"author":10,"featured_media":15816,"comment_status":"open","ping_status":"open","sticky":false,"template":"","format":"standard","meta":{"_acf_changed":false,"om_disable_all_campaigns":false,"_monsterinsights_skip_tracking":false,"_monsterinsights_sitenote_active":false,"_monsterinsights_sitenote_note":"","_monsterinsights_sitenote_category":0,"tdm_status":"","tdm_grid_status":"","_jetpack_newsletter_access":"","_jetpack_dont_email_post_to_subs":false,"_jetpack_newsletter_tier_id":0,"_jetpack_memberships_contains_paywalled_content":false,"_jetpack_memberships_contains_paid_content":false,"footnotes":""},"categories":[293,802,690,2464],"tags":[1797,808,784,938,1020,1529,910,2422],"adr_country":[315,316],"class_list":{"0":"post-15818","1":"post","2":"type-post","3":"status-publish","4":"format-standard","5":"has-post-thumbnail","7":"category-actualites-fr","8":"category-depeche-fr","9":"category-politique-2","10":"category-securite-4","11":"tag-burkina-fr","12":"tag-conflit-fr","13":"tag-diplomatie-fr","14":"tag-ghana-fr","15":"tag-jihadistes-fr","16":"tag-mali-fr","17":"tag-niger-fr","18":"tag-securite-3","19":"adr_country-ghana","20":"adr_country-mali"},"acf":{"post_version":""},"yoast_head":"<!-- This site is optimized with the Yoast SEO Premium plugin v26.0 (Yoast SEO v27.4) - https:\/\/yoast.com\/product\/yoast-seo-premium-wordpress\/ -->\n<title>Le Ghana et le Mali renforcent leurs liens face aux probl\u00e8mes de s\u00e9curit\u00e9 r\u00e9gionale - Africa Daily Report<\/title>\n<meta name=\"robots\" content=\"index, follow, max-snippet:-1, max-image-preview:large, max-video-preview:-1\" \/>\n<link rel=\"canonical\" href=\"https:\/\/africadailyreport.com\/fr\/2025\/01\/16\/ghana-and-mali-vow-to-strengthen-security-ties\/\" \/>\n<meta property=\"og:locale\" content=\"fr_FR\" \/>\n<meta property=\"og:type\" content=\"article\" \/>\n<meta property=\"og:title\" content=\"Le Ghana et le Mali renforcent leurs liens face aux probl\u00e8mes de s\u00e9curit\u00e9 r\u00e9gionale\" \/>\n<meta property=\"og:description\" content=\"Accra,\u00a0Ghana &#8211; Le pr\u00e9sident ghan\u00e9en John Dramani Mahama et le Premier ministre malien, le g\u00e9n\u00e9ral Abdoulaye Ma\u00efga, ont r\u00e9affirm\u00e9 jeudi leur engagement \u00e0 renforcer leurs relations bilat\u00e9rales face \u00e0 la mont\u00e9e du jihadisme et de l&rsquo;instabilit\u00e9 en Afrique de l&rsquo;Ouest. Les deux dirigeants se sont entretenus \u00e0 Accra, le Premier ministre ayant rendu visite au [&hellip;]\" \/>\n<meta property=\"og:url\" content=\"https:\/\/africadailyreport.com\/fr\/2025\/01\/16\/ghana-and-mali-vow-to-strengthen-security-ties\/\" \/>\n<meta property=\"og:site_name\" content=\"Africa Daily Report\" \/>\n<meta property=\"article:publisher\" content=\"https:\/\/www.facebook.com\/africadailyreport\" \/>\n<meta property=\"article:published_time\" content=\"2025-01-16T20:36:32+00:00\" \/>\n<meta property=\"article:modified_time\" content=\"2025-01-16T20:51:37+00:00\" \/>\n<meta property=\"og:image\" content=\"https:\/\/africadailyreport.com\/wp-content\/uploads\/2025\/01\/AFP__20250107__36TA2PD__v3__HighRes__GhanaPolitics-scaled.jpg\" \/>\n\t<meta property=\"og:image:width\" content=\"1\" \/>\n\t<meta property=\"og:image:height\" content=\"1\" \/>\n\t<meta property=\"og:image:type\" content=\"image\/jpeg\" \/>\n<meta name=\"author\" content=\"ADR\/AFP\" \/>\n<meta name=\"twitter:card\" content=\"summary_large_image\" \/>\n<meta name=\"twitter:creator\" content=\"@adr_africa\" \/>\n<meta name=\"twitter:site\" content=\"@adr_africa\" \/>\n<meta name=\"twitter:label1\" content=\"\u00c9crit par\" \/>\n\t<meta name=\"twitter:data1\" content=\"ADR\/AFP\" \/>\n\t<meta name=\"twitter:label2\" content=\"Dur\u00e9e de lecture estim\u00e9e\" \/>\n\t<meta name=\"twitter:data2\" content=\"2 minutes\" \/>\n<script type=\"application\/ld+json\" class=\"yoast-schema-graph\">{\"@context\":\"https:\\\/\\\/schema.org\",\"@graph\":[{\"@type\":\"Article\",\"@id\":\"https:\\\/\\\/africadailyreport.com\\\/fr\\\/2025\\\/01\\\/16\\\/ghana-and-mali-vow-to-strengthen-security-ties\\\/#article\",\"isPartOf\":{\"@id\":\"https:\\\/\\\/africadailyreport.com\\\/fr\\\/2025\\\/01\\\/16\\\/ghana-and-mali-vow-to-strengthen-security-ties\\\/\"},\"author\":{\"name\":\"ADR\\\/AFP\",\"@id\":\"https:\\\/\\\/africadailyreport.com\\\/fr\\\/#\\\/schema\\\/person\\\/c44d86d79f5570b3ba4cf70c989843f8\"},\"headline\":\"Le Ghana et le Mali renforcent leurs liens face aux probl\u00e8mes de s\u00e9curit\u00e9 r\u00e9gionale\",\"datePublished\":\"2025-01-16T20:36:32+00:00\",\"dateModified\":\"2025-01-16T20:51:37+00:00\",\"mainEntityOfPage\":{\"@id\":\"https:\\\/\\\/africadailyreport.com\\\/fr\\\/2025\\\/01\\\/16\\\/ghana-and-mali-vow-to-strengthen-security-ties\\\/\"},\"wordCount\":406,\"commentCount\":0,\"publisher\":{\"@id\":\"https:\\\/\\\/africadailyreport.com\\\/fr\\\/#organization\"},\"image\":{\"@id\":\"https:\\\/\\\/africadailyreport.com\\\/fr\\\/2025\\\/01\\\/16\\\/ghana-and-mali-vow-to-strengthen-security-ties\\\/#primaryimage\"},\"thumbnailUrl\":\"https:\\\/\\\/i0.wp.com\\\/africadailyreport.com\\\/wp-content\\\/uploads\\\/2025\\\/01\\\/AFP__20250107__36TA2PD__v3__HighRes__GhanaPolitics-scaled.jpg?fit=%2C&ssl=1\",\"keywords\":[\"burkina\",\"conflit\",\"diplomatie\",\"ghana\",\"Jihadistes\",\"MALI\",\"niger\",\"s\u00e9curit\u00e9\"],\"articleSection\":[\"Actualit\u00e9s\",\"D\u00e9p\u00eache\",\"POLITIQUE\",\"S\u00e9curit\u00e9\"],\"inLanguage\":\"fr-FR\",\"potentialAction\":[{\"@type\":\"CommentAction\",\"name\":\"Comment\",\"target\":[\"https:\\\/\\\/africadailyreport.com\\\/fr\\\/2025\\\/01\\\/16\\\/ghana-and-mali-vow-to-strengthen-security-ties\\\/#respond\"]}],\"copyrightYear\":\"2025\",\"copyrightHolder\":{\"@id\":\"https:\\\/\\\/africadailyreport.com\\\/#organization\"}},{\"@type\":\"WebPage\",\"@id\":\"https:\\\/\\\/africadailyreport.com\\\/fr\\\/2025\\\/01\\\/16\\\/ghana-and-mali-vow-to-strengthen-security-ties\\\/\",\"url\":\"https:\\\/\\\/africadailyreport.com\\\/fr\\\/2025\\\/01\\\/16\\\/ghana-and-mali-vow-to-strengthen-security-ties\\\/\",\"name\":\"Le Ghana et le Mali renforcent leurs liens face aux probl\u00e8mes de s\u00e9curit\u00e9 r\u00e9gionale - Africa Daily Report\",\"isPartOf\":{\"@id\":\"https:\\\/\\\/africadailyreport.com\\\/fr\\\/#website\"},\"primaryImageOfPage\":{\"@id\":\"https:\\\/\\\/africadailyreport.com\\\/fr\\\/2025\\\/01\\\/16\\\/ghana-and-mali-vow-to-strengthen-security-ties\\\/#primaryimage\"},\"image\":{\"@id\":\"https:\\\/\\\/africadailyreport.com\\\/fr\\\/2025\\\/01\\\/16\\\/ghana-and-mali-vow-to-strengthen-security-ties\\\/#primaryimage\"},\"thumbnailUrl\":\"https:\\\/\\\/i0.wp.com\\\/africadailyreport.com\\\/wp-content\\\/uploads\\\/2025\\\/01\\\/AFP__20250107__36TA2PD__v3__HighRes__GhanaPolitics-scaled.jpg?fit=%2C&ssl=1\",\"datePublished\":\"2025-01-16T20:36:32+00:00\",\"dateModified\":\"2025-01-16T20:51:37+00:00\",\"breadcrumb\":{\"@id\":\"https:\\\/\\\/africadailyreport.com\\\/fr\\\/2025\\\/01\\\/16\\\/ghana-and-mali-vow-to-strengthen-security-ties\\\/#breadcrumb\"},\"inLanguage\":\"fr-FR\",\"potentialAction\":[{\"@type\":\"ReadAction\",\"target\":[\"https:\\\/\\\/africadailyreport.com\\\/fr\\\/2025\\\/01\\\/16\\\/ghana-and-mali-vow-to-strengthen-security-ties\\\/\"]}]},{\"@type\":\"ImageObject\",\"inLanguage\":\"fr-FR\",\"@id\":\"https:\\\/\\\/africadailyreport.com\\\/fr\\\/2025\\\/01\\\/16\\\/ghana-and-mali-vow-to-strengthen-security-ties\\\/#primaryimage\",\"url\":\"https:\\\/\\\/i0.wp.com\\\/africadailyreport.com\\\/wp-content\\\/uploads\\\/2025\\\/01\\\/AFP__20250107__36TA2PD__v3__HighRes__GhanaPolitics-scaled.jpg?fit=%2C&ssl=1\",\"contentUrl\":\"https:\\\/\\\/i0.wp.com\\\/africadailyreport.com\\\/wp-content\\\/uploads\\\/2025\\\/01\\\/AFP__20250107__36TA2PD__v3__HighRes__GhanaPolitics-scaled.jpg?fit=%2C&ssl=1\",\"caption\":\"Ghana's new President John Mahama holds state sword after taking the oath of office at his inauguration at the Independence Square in Accra on January 7, 2025. - Ghana's new President John Mahama secured a huge comeback to the top job eight years after leaving power, tapping into economic frustrations in the West African country. Mahama, who had tried twice before to win back the presidency, was sworn in on January 7, 2025 alongside Jane Naana Opoku-Agyemang, the first woman to become vice president in Ghana. (Photo by Nipah Dennis \\\/ AFP)\"},{\"@type\":\"BreadcrumbList\",\"@id\":\"https:\\\/\\\/africadailyreport.com\\\/fr\\\/2025\\\/01\\\/16\\\/ghana-and-mali-vow-to-strengthen-security-ties\\\/#breadcrumb\",\"itemListElement\":[{\"@type\":\"ListItem\",\"position\":1,\"name\":\"Home\",\"item\":\"https:\\\/\\\/africadailyreport.com\\\/fr\\\/\"},{\"@type\":\"ListItem\",\"position\":2,\"name\":\"Le Ghana et le Mali renforcent leurs liens face aux probl\u00e8mes de s\u00e9curit\u00e9 r\u00e9gionale\"}]},{\"@type\":\"WebSite\",\"@id\":\"https:\\\/\\\/africadailyreport.com\\\/fr\\\/#website\",\"url\":\"https:\\\/\\\/africadailyreport.com\\\/fr\\\/\",\"name\":\"Africa Daily Report\",\"description\":\"\",\"publisher\":{\"@id\":\"https:\\\/\\\/africadailyreport.com\\\/fr\\\/#organization\"},\"potentialAction\":[{\"@type\":\"SearchAction\",\"target\":{\"@type\":\"EntryPoint\",\"urlTemplate\":\"https:\\\/\\\/africadailyreport.com\\\/fr\\\/?s={search_term_string}\"},\"query-input\":{\"@type\":\"PropertyValueSpecification\",\"valueRequired\":true,\"valueName\":\"search_term_string\"}}],\"inLanguage\":\"fr-FR\"},{\"@type\":\"Organization\",\"@id\":\"https:\\\/\\\/africadailyreport.com\\\/fr\\\/#organization\",\"name\":\"Africa Daily Report\",\"url\":\"https:\\\/\\\/africadailyreport.com\\\/fr\\\/\",\"logo\":{\"@type\":\"ImageObject\",\"inLanguage\":\"fr-FR\",\"@id\":\"https:\\\/\\\/africadailyreport.com\\\/fr\\\/#\\\/schema\\\/logo\\\/image\\\/\",\"url\":\"https:\\\/\\\/africadailyreport.com\\\/wp-content\\\/uploads\\\/2024\\\/09\\\/ADR-Transparent-Green-Logo-1.png\",\"contentUrl\":\"https:\\\/\\\/africadailyreport.com\\\/wp-content\\\/uploads\\\/2024\\\/09\\\/ADR-Transparent-Green-Logo-1.png\",\"width\":267,\"height\":185,\"caption\":\"Africa Daily Report\"},\"image\":{\"@id\":\"https:\\\/\\\/africadailyreport.com\\\/fr\\\/#\\\/schema\\\/logo\\\/image\\\/\"},\"sameAs\":[\"https:\\\/\\\/www.facebook.com\\\/africadailyreport\",\"https:\\\/\\\/x.com\\\/adr_africa\",\"https:\\\/\\\/www.youtube.com\\\/@africadailyreport\",\"https:\\\/\\\/instagram.com\\\/africadailyreport\"]},{\"@type\":\"Person\",\"@id\":\"https:\\\/\\\/africadailyreport.com\\\/fr\\\/#\\\/schema\\\/person\\\/c44d86d79f5570b3ba4cf70c989843f8\",\"name\":\"ADR\\\/AFP\",\"image\":{\"@type\":\"ImageObject\",\"inLanguage\":\"fr-FR\",\"@id\":\"https:\\\/\\\/secure.gravatar.com\\\/avatar\\\/2fbdc3782aa386b408fd9a36f0bc78ee569c94a7a05670cab3a1d72916408214?s=96&d=mm&r=g\",\"url\":\"https:\\\/\\\/secure.gravatar.com\\\/avatar\\\/2fbdc3782aa386b408fd9a36f0bc78ee569c94a7a05670cab3a1d72916408214?s=96&d=mm&r=g\",\"contentUrl\":\"https:\\\/\\\/secure.gravatar.com\\\/avatar\\\/2fbdc3782aa386b408fd9a36f0bc78ee569c94a7a05670cab3a1d72916408214?s=96&d=mm&r=g\",\"caption\":\"ADR\\\/AFP\"},\"sameAs\":[\"http:\\\/\\\/africadailyreport.com\"],\"url\":\"https:\\\/\\\/africadailyreport.com\\\/fr\\\/author\\\/both\\\/\"}]}<\/script>\n<!-- \/ Yoast SEO Premium plugin. -->","yoast_head_json":{"title":"Le Ghana et le Mali renforcent leurs liens face aux probl\u00e8mes de s\u00e9curit\u00e9 r\u00e9gionale - Africa Daily Report","robots":{"index":"index","follow":"follow","max-snippet":"max-snippet:-1","max-image-preview":"max-image-preview:large","max-video-preview":"max-video-preview:-1"},"canonical":"https:\/\/africadailyreport.com\/fr\/2025\/01\/16\/ghana-and-mali-vow-to-strengthen-security-ties\/","og_locale":"fr_FR","og_type":"article","og_title":"Le Ghana et le Mali renforcent leurs liens face aux probl\u00e8mes de s\u00e9curit\u00e9 r\u00e9gionale","og_description":"Accra,\u00a0Ghana &#8211; Le pr\u00e9sident ghan\u00e9en John Dramani Mahama et le Premier ministre malien, le g\u00e9n\u00e9ral Abdoulaye Ma\u00efga, ont r\u00e9affirm\u00e9 jeudi leur engagement \u00e0 renforcer leurs relations bilat\u00e9rales face \u00e0 la mont\u00e9e du jihadisme et de l&rsquo;instabilit\u00e9 en Afrique de l&rsquo;Ouest. Les deux dirigeants se sont entretenus \u00e0 Accra, le Premier ministre ayant rendu visite au [&hellip;]","og_url":"https:\/\/africadailyreport.com\/fr\/2025\/01\/16\/ghana-and-mali-vow-to-strengthen-security-ties\/","og_site_name":"Africa Daily Report","article_publisher":"https:\/\/www.facebook.com\/africadailyreport","article_published_time":"2025-01-16T20:36:32+00:00","article_modified_time":"2025-01-16T20:51:37+00:00","og_image":[{"url":"https:\/\/africadailyreport.com\/wp-content\/uploads\/2025\/01\/AFP__20250107__36TA2PD__v3__HighRes__GhanaPolitics-scaled.jpg","width":1,"height":1,"type":"image\/jpeg"}],"author":"ADR\/AFP","twitter_card":"summary_large_image","twitter_creator":"@adr_africa","twitter_site":"@adr_africa","twitter_misc":{"\u00c9crit par":"ADR\/AFP","Dur\u00e9e de lecture estim\u00e9e":"2 minutes"},"schema":{"@context":"https:\/\/schema.org","@graph":[{"@type":"Article","@id":"https:\/\/africadailyreport.com\/fr\/2025\/01\/16\/ghana-and-mali-vow-to-strengthen-security-ties\/#article","isPartOf":{"@id":"https:\/\/africadailyreport.com\/fr\/2025\/01\/16\/ghana-and-mali-vow-to-strengthen-security-ties\/"},"author":{"name":"ADR\/AFP","@id":"https:\/\/africadailyreport.com\/fr\/#\/schema\/person\/c44d86d79f5570b3ba4cf70c989843f8"},"headline":"Le Ghana et le Mali renforcent leurs liens face aux probl\u00e8mes de s\u00e9curit\u00e9 r\u00e9gionale","datePublished":"2025-01-16T20:36:32+00:00","dateModified":"2025-01-16T20:51:37+00:00","mainEntityOfPage":{"@id":"https:\/\/africadailyreport.com\/fr\/2025\/01\/16\/ghana-and-mali-vow-to-strengthen-security-ties\/"},"wordCount":406,"commentCount":0,"publisher":{"@id":"https:\/\/africadailyreport.com\/fr\/#organization"},"image":{"@id":"https:\/\/africadailyreport.com\/fr\/2025\/01\/16\/ghana-and-mali-vow-to-strengthen-security-ties\/#primaryimage"},"thumbnailUrl":"https:\/\/i0.wp.com\/africadailyreport.com\/wp-content\/uploads\/2025\/01\/AFP__20250107__36TA2PD__v3__HighRes__GhanaPolitics-scaled.jpg?fit=%2C&ssl=1","keywords":["burkina","conflit","diplomatie","ghana","Jihadistes","MALI","niger","s\u00e9curit\u00e9"],"articleSection":["Actualit\u00e9s","D\u00e9p\u00eache","POLITIQUE","S\u00e9curit\u00e9"],"inLanguage":"fr-FR","potentialAction":[{"@type":"CommentAction","name":"Comment","target":["https:\/\/africadailyreport.com\/fr\/2025\/01\/16\/ghana-and-mali-vow-to-strengthen-security-ties\/#respond"]}],"copyrightYear":"2025","copyrightHolder":{"@id":"https:\/\/africadailyreport.com\/#organization"}},{"@type":"WebPage","@id":"https:\/\/africadailyreport.com\/fr\/2025\/01\/16\/ghana-and-mali-vow-to-strengthen-security-ties\/","url":"https:\/\/africadailyreport.com\/fr\/2025\/01\/16\/ghana-and-mali-vow-to-strengthen-security-ties\/","name":"Le Ghana et le Mali renforcent leurs liens face aux probl\u00e8mes de s\u00e9curit\u00e9 r\u00e9gionale - Africa Daily Report","isPartOf":{"@id":"https:\/\/africadailyreport.com\/fr\/#website"},"primaryImageOfPage":{"@id":"https:\/\/africadailyreport.com\/fr\/2025\/01\/16\/ghana-and-mali-vow-to-strengthen-security-ties\/#primaryimage"},"image":{"@id":"https:\/\/africadailyreport.com\/fr\/2025\/01\/16\/ghana-and-mali-vow-to-strengthen-security-ties\/#primaryimage"},"thumbnailUrl":"https:\/\/i0.wp.com\/africadailyreport.com\/wp-content\/uploads\/2025\/01\/AFP__20250107__36TA2PD__v3__HighRes__GhanaPolitics-scaled.jpg?fit=%2C&ssl=1","datePublished":"2025-01-16T20:36:32+00:00","dateModified":"2025-01-16T20:51:37+00:00","breadcrumb":{"@id":"https:\/\/africadailyreport.com\/fr\/2025\/01\/16\/ghana-and-mali-vow-to-strengthen-security-ties\/#breadcrumb"},"inLanguage":"fr-FR","potentialAction":[{"@type":"ReadAction","target":["https:\/\/africadailyreport.com\/fr\/2025\/01\/16\/ghana-and-mali-vow-to-strengthen-security-ties\/"]}]},{"@type":"ImageObject","inLanguage":"fr-FR","@id":"https:\/\/africadailyreport.com\/fr\/2025\/01\/16\/ghana-and-mali-vow-to-strengthen-security-ties\/#primaryimage","url":"https:\/\/i0.wp.com\/africadailyreport.com\/wp-content\/uploads\/2025\/01\/AFP__20250107__36TA2PD__v3__HighRes__GhanaPolitics-scaled.jpg?fit=%2C&ssl=1","contentUrl":"https:\/\/i0.wp.com\/africadailyreport.com\/wp-content\/uploads\/2025\/01\/AFP__20250107__36TA2PD__v3__HighRes__GhanaPolitics-scaled.jpg?fit=%2C&ssl=1","caption":"Ghana's new President John Mahama holds state sword after taking the oath of office at his inauguration at the Independence Square in Accra on January 7, 2025. - Ghana's new President John Mahama secured a huge comeback to the top job eight years after leaving power, tapping into economic frustrations in the West African country. Mahama, who had tried twice before to win back the presidency, was sworn in on January 7, 2025 alongside Jane Naana Opoku-Agyemang, the first woman to become vice president in Ghana. (Photo by Nipah Dennis \/ AFP)"},{"@type":"BreadcrumbList","@id":"https:\/\/africadailyreport.com\/fr\/2025\/01\/16\/ghana-and-mali-vow-to-strengthen-security-ties\/#breadcrumb","itemListElement":[{"@type":"ListItem","position":1,"name":"Home","item":"https:\/\/africadailyreport.com\/fr\/"},{"@type":"ListItem","position":2,"name":"Le Ghana et le Mali renforcent leurs liens face aux probl\u00e8mes de s\u00e9curit\u00e9 r\u00e9gionale"}]},{"@type":"WebSite","@id":"https:\/\/africadailyreport.com\/fr\/#website","url":"https:\/\/africadailyreport.com\/fr\/","name":"Africa Daily Report","description":"","publisher":{"@id":"https:\/\/africadailyreport.com\/fr\/#organization"},"potentialAction":[{"@type":"SearchAction","target":{"@type":"EntryPoint","urlTemplate":"https:\/\/africadailyreport.com\/fr\/?s={search_term_string}"},"query-input":{"@type":"PropertyValueSpecification","valueRequired":true,"valueName":"search_term_string"}}],"inLanguage":"fr-FR"},{"@type":"Organization","@id":"https:\/\/africadailyreport.com\/fr\/#organization","name":"Africa Daily Report","url":"https:\/\/africadailyreport.com\/fr\/","logo":{"@type":"ImageObject","inLanguage":"fr-FR","@id":"https:\/\/africadailyreport.com\/fr\/#\/schema\/logo\/image\/","url":"https:\/\/africadailyreport.com\/wp-content\/uploads\/2024\/09\/ADR-Transparent-Green-Logo-1.png","contentUrl":"https:\/\/africadailyreport.com\/wp-content\/uploads\/2024\/09\/ADR-Transparent-Green-Logo-1.png","width":267,"height":185,"caption":"Africa Daily Report"},"image":{"@id":"https:\/\/africadailyreport.com\/fr\/#\/schema\/logo\/image\/"},"sameAs":["https:\/\/www.facebook.com\/africadailyreport","https:\/\/x.com\/adr_africa","https:\/\/www.youtube.com\/@africadailyreport","https:\/\/instagram.com\/africadailyreport"]},{"@type":"Person","@id":"https:\/\/africadailyreport.com\/fr\/#\/schema\/person\/c44d86d79f5570b3ba4cf70c989843f8","name":"ADR\/AFP","image":{"@type":"ImageObject","inLanguage":"fr-FR","@id":"https:\/\/secure.gravatar.com\/avatar\/2fbdc3782aa386b408fd9a36f0bc78ee569c94a7a05670cab3a1d72916408214?s=96&d=mm&r=g","url":"https:\/\/secure.gravatar.com\/avatar\/2fbdc3782aa386b408fd9a36f0bc78ee569c94a7a05670cab3a1d72916408214?s=96&d=mm&r=g","contentUrl":"https:\/\/secure.gravatar.com\/avatar\/2fbdc3782aa386b408fd9a36f0bc78ee569c94a7a05670cab3a1d72916408214?s=96&d=mm&r=g","caption":"ADR\/AFP"},"sameAs":["http:\/\/africadailyreport.com"],"url":"https:\/\/africadailyreport.com\/fr\/author\/both\/"}]}},"jetpack_featured_media_url":"https:\/\/i0.wp.com\/africadailyreport.com\/wp-content\/uploads\/2025\/01\/AFP__20250107__36TA2PD__v3__HighRes__GhanaPolitics-scaled.jpg?fit=%2C&ssl=1","jetpack_sharing_enabled":true,"amp_enabled":true,"_links":{"self":[{"href":"https:\/\/africadailyreport.com\/fr\/wp-json\/wp\/v2\/posts\/15818","targetHints":{"allow":["GET"]}}],"collection":[{"href":"https:\/\/africadailyreport.com\/fr\/wp-json\/wp\/v2\/posts"}],"about":[{"href":"https:\/\/africadailyreport.com\/fr\/wp-json\/wp\/v2\/types\/post"}],"author":[{"embeddable":true,"href":"https:\/\/africadailyreport.com\/fr\/wp-json\/wp\/v2\/users\/10"}],"replies":[{"embeddable":true,"href":"https:\/\/africadailyreport.com\/fr\/wp-json\/wp\/v2\/comments?post=15818"}],"version-history":[{"count":3,"href":"https:\/\/africadailyreport.com\/fr\/wp-json\/wp\/v2\/posts\/15818\/revisions"}],"predecessor-version":[{"id":15824,"href":"https:\/\/africadailyreport.com\/fr\/wp-json\/wp\/v2\/posts\/15818\/revisions\/15824"}],"wp:featuredmedia":[{"embeddable":true,"href":"https:\/\/africadailyreport.com\/fr\/wp-json\/wp\/v2\/media\/15816"}],"wp:attachment":[{"href":"https:\/\/africadailyreport.com\/fr\/wp-json\/wp\/v2\/media?parent=15818"}],"wp:term":[{"taxonomy":"category","embeddable":true,"href":"https:\/\/africadailyreport.com\/fr\/wp-json\/wp\/v2\/categories?post=15818"},{"taxonomy":"post_tag","embeddable":true,"href":"https:\/\/africadailyreport.com\/fr\/wp-json\/wp\/v2\/tags?post=15818"},{"taxonomy":"adr_country","embeddable":true,"href":"https:\/\/africadailyreport.com\/fr\/wp-json\/wp\/v2\/adr_country?post=15818"}],"curies":[{"name":"wp","href":"https:\/\/api.w.org\/{rel}","templated":true}]}}