{"id":15800,"date":"2025-01-16T20:14:18","date_gmt":"2025-01-16T20:14:18","guid":{"rendered":"https:\/\/africadailyreport.com\/2025\/01\/16\/togo-says-could-join-aes-sahel-defence-pact\/"},"modified":"2025-01-16T20:20:34","modified_gmt":"2025-01-16T20:20:34","slug":"togo-says-could-join-aes-sahel-defence-pact","status":"publish","type":"post","link":"https:\/\/africadailyreport.com\/fr\/2025\/01\/16\/togo-says-could-join-aes-sahel-defence-pact\/","title":{"rendered":"Le Togo n&rsquo;exclut pas de rejoindre l&rsquo;Alliance des Etats du Sahel"},"content":{"rendered":"\n<h2 class=\"wp-block-heading\" id=\"h-lagos-nigeria-le-togo-n-exclut-pas-de-rejoindre-l-alliance-des-etats-du-sahel-aes-a-fait-savoir-le-ministre-des-affaires-etrangeres-togolais-a-l-occasion-d-un-entretien-jeudi-avec-la-chaine-de-television-voxafrica\"><strong><em>Lagos,\u00a0Nigeria &#8211;<\/em><\/strong> Le Togo n&rsquo;exclut pas de rejoindre l&rsquo;Alliance des Etats du Sahel (AES), a fait savoir le ministre des Affaires \u00e9trang\u00e8res togolais \u00e0 l&rsquo;occasion d&rsquo;un entretien jeudi avec la cha\u00eene de t\u00e9l\u00e9vision Voxafrica.<\/h2>\n\n\n\n\n\n<p><\/p>\n\n\n\n<p>\u00ab\u00a0C&rsquo;est la d\u00e9cision du pr\u00e9sident de la R\u00e9publique\u00a0\u00bb, a r\u00e9pondu le ministre Robert Dussey lorsque la question de rejoindre l&rsquo;AES lui a \u00e9t\u00e9 pos\u00e9e, jugeant pour sa part que \u00ab\u00a0ce n&rsquo;est pas impossible\u00a0\u00bb.<\/p>\n\n\n\n<p>\u00ab\u00a0Demandez aux populations togolaises si le Togo veut entrer dans l&rsquo;AES, vous allez voir leur r\u00e9ponse, je vous dirais qu&rsquo;elles vous diront oui\u00a0\u00bb, a-t-il ajout\u00e9 dans son entretien dont des extraits ont \u00e9t\u00e9 rendus publics jeudi et dont l&rsquo;int\u00e9gralit\u00e9 sera diffus\u00e9e jeudi soir.<\/p>\n\n\n\n<p>Les trois pays qui forment l&rsquo;AES (Mali, Niger et Burkina Faso), gouvern\u00e9s par des r\u00e9gimes militaires hostiles \u00e0 la France, ont annonc\u00e9 en janvier 2024 leur volont\u00e9 de quitter la Communaut\u00e9 \u00e9conomique des Etats d&rsquo;Afrique de l&rsquo;Ouest (Cedeao), une organisation rassemblant aujourd&rsquo;hui 15 pays et qu&rsquo;ils jugent instrumentalis\u00e9e par l&rsquo;ancienne puissance coloniale.<\/p>\n\n\n\n<p>Ce d\u00e9part sera effectif le 29 janvier.<\/p>\n\n\n\n<p>En d\u00e9veloppant leurs liens avec le Togo, les pays de l&rsquo;AES, enclav\u00e9s, pourraient s&rsquo;assurer un acc\u00e8s \u00e0 la mer via la c\u00f4te togolaise et le port de Lom\u00e9 afin d&rsquo;importer et d&rsquo;exporter des marchandises.<\/p>\n\n\n\n<p>Le Mali, le Niger et le Burkina Faso, qui ont chass\u00e9 l&rsquo;arm\u00e9e fran\u00e7aise de leur sol, coop\u00e8rent pour contenir les attaques r\u00e9currentes des groupes jihadistes, en m\u00eame temps qu&rsquo;ils se rapprochent militairement et politiquement d&rsquo;autres puissances comme la Russie.<\/p>\n\n\n\n<p>Le pr\u00e9sident togolais Faure Gnassingb\u00e9, au pouvoir depuis 2005 \u00e0 la suite de son p\u00e8re, s&rsquo;est impos\u00e9 peu \u00e0 peu comme m\u00e9diateur dans les diff\u00e9rentes crises politiques qui agitent l&rsquo;Afrique de l\u2019Ouest depuis quelques ann\u00e9es.<\/p>\n\n\n\n<p>Comme au Niger, o\u00f9 les militaires au pouvoir depuis juillet dernier lui ont demand\u00e9 d&rsquo;interc\u00e9der aupr\u00e8s de la Cedeao. Ce qui n\u2019a pas emp\u00each\u00e9 le r\u00e9gime putschiste d\u2019annoncer son retrait de l\u2019institution r\u00e9gionale ouest-africaine.<\/p>\n\n\n\n<p>Il s&rsquo;\u00e9tait auparavant investi dans la crise malienne et les tensions entre Abidjan et Bamako.<\/p>\n\n\n\n<p>\u00ab\u00a0Pour nous aujourd&rsquo;hui, le pr\u00e9sident Assimi Go\u00efta est une chance pour le Mali\u00a0\u00bb, a d\u00e9clar\u00e9 Robert Dussey lors de son entretien t\u00e9l\u00e9vis\u00e9.<\/p>\n\n\n\n<p>\u00ab\u00a0L&rsquo;Afrique est utilis\u00e9e seulement pour servir les grandes puissances et ce n&rsquo;est pas normal\u00a0\u00bb, a-t-il aussi d\u00e9clar\u00e9.<\/p>\n\n\n\n<p>M. Dussey prend r\u00e9guli\u00e8rement la tribune pour d\u00e9fendre les relations panafricaines.<\/p>\n\n\n\n<p>Ce qui n&#8217;emp\u00eache pas le Togo d&rsquo;entretenir de bonnes relations avec l&rsquo;Occident.<\/p>\n\n\n\n<p>La France, ex-puissance coloniale et alli\u00e9e traditionnelle de la dynastie&nbsp;Gnassingb\u00e9,&nbsp;est particuli\u00e8rement sensible \u00e0 la stabilit\u00e9 du&nbsp;Togo&nbsp;dans cette r\u00e9gion volatile d\u2019o\u00f9 elle est peu \u00e0 peu chass\u00e9e.<\/p>\n\n\n\n<p>M. Gnassingb\u00e9 multiplie \u00e9galement les efforts pour se rapprocher de l&rsquo;Occident anglophone: le Togo a int\u00e9gr\u00e9 le Commonwealth en 2022 et fait de l&rsquo;\u0153il \u00e0 Washington pour b\u00e9n\u00e9ficier de programmes d&rsquo;aide au d\u00e9veloppement.<\/p>\n\n\n\n<p><\/p>\n\n\n\n<p>\u00a9 Agence France-Presse<\/p>\n","protected":false},"excerpt":{"rendered":"<p>Lagos,\u00a0Nigeria &#8211; Le Togo n&rsquo;exclut pas de rejoindre l&rsquo;Alliance des Etats du Sahel (AES), a fait savoir le ministre des Affaires \u00e9trang\u00e8res togolais \u00e0 l&rsquo;occasion d&rsquo;un entretien jeudi avec la cha\u00eene de t\u00e9l\u00e9vision Voxafrica. \u00ab\u00a0C&rsquo;est la d\u00e9cision du pr\u00e9sident de la R\u00e9publique\u00a0\u00bb, a r\u00e9pondu le ministre Robert Dussey lorsque la question de rejoindre l&rsquo;AES lui [&hellip;]<\/p>\n","protected":false},"author":10,"featured_media":15797,"comment_status":"open","ping_status":"open","sticky":false,"template":"","format":"standard","meta":{"_acf_changed":false,"om_disable_all_campaigns":false,"_monsterinsights_skip_tracking":false,"_monsterinsights_sitenote_active":false,"_monsterinsights_sitenote_note":"","_monsterinsights_sitenote_category":0,"tdm_status":"","tdm_grid_status":"","_jetpack_newsletter_access":"","_jetpack_dont_email_post_to_subs":false,"_jetpack_newsletter_tier_id":0,"_jetpack_memberships_contains_paywalled_content":false,"_jetpack_memberships_contains_paid_content":false,"footnotes":""},"categories":[293,1794,802,690],"tags":[1509,242,226,241,361,194,2186,663,235],"adr_country":[],"class_list":{"0":"post-15800","1":"post","2":"type-post","3":"status-publish","4":"format-standard","5":"has-post-thumbnail","7":"category-actualites-fr","8":"category-choix-de-la-redaction","9":"category-depeche-fr","10":"category-politique-2","11":"tag-afrique-de-louest","12":"tag-armee","13":"tag-conflit","14":"tag-coup","15":"tag-diplomatie","16":"tag-nigeria","17":"tag-sahel","18":"tag-securite","19":"tag-togo"},"acf":{"post_version":""},"yoast_head":"<!-- This site is optimized with the Yoast SEO Premium plugin v26.0 (Yoast SEO v27.4) - https:\/\/yoast.com\/product\/yoast-seo-premium-wordpress\/ -->\n<title>Le Togo n&#039;exclut pas de rejoindre l&#039;Alliance des Etats du Sahel - Africa Daily Report<\/title>\n<meta name=\"robots\" content=\"index, follow, max-snippet:-1, max-image-preview:large, max-video-preview:-1\" \/>\n<link rel=\"canonical\" href=\"https:\/\/africadailyreport.com\/fr\/2025\/01\/16\/togo-says-could-join-aes-sahel-defence-pact\/\" \/>\n<meta property=\"og:locale\" content=\"fr_FR\" \/>\n<meta property=\"og:type\" content=\"article\" \/>\n<meta property=\"og:title\" content=\"Le Togo n&#039;exclut pas de rejoindre l&#039;Alliance des Etats du Sahel\" \/>\n<meta property=\"og:description\" content=\"Lagos,\u00a0Nigeria &#8211; Le Togo n&rsquo;exclut pas de rejoindre l&rsquo;Alliance des Etats du Sahel (AES), a fait savoir le ministre des Affaires \u00e9trang\u00e8res togolais \u00e0 l&rsquo;occasion d&rsquo;un entretien jeudi avec la cha\u00eene de t\u00e9l\u00e9vision Voxafrica. \u00ab\u00a0C&rsquo;est la d\u00e9cision du pr\u00e9sident de la R\u00e9publique\u00a0\u00bb, a r\u00e9pondu le ministre Robert Dussey lorsque la question de rejoindre l&rsquo;AES lui [&hellip;]\" \/>\n<meta property=\"og:url\" content=\"https:\/\/africadailyreport.com\/fr\/2025\/01\/16\/togo-says-could-join-aes-sahel-defence-pact\/\" \/>\n<meta property=\"og:site_name\" content=\"Africa Daily Report\" \/>\n<meta property=\"article:publisher\" content=\"https:\/\/www.facebook.com\/africadailyreport\" \/>\n<meta property=\"article:published_time\" content=\"2025-01-16T20:14:18+00:00\" \/>\n<meta property=\"article:modified_time\" content=\"2025-01-16T20:20:34+00:00\" \/>\n<meta property=\"og:image\" content=\"https:\/\/africadailyreport.com\/wp-content\/uploads\/2025\/01\/AFP__20200217__1P27TE__v1__HighRes__TogoPoliticsVote-scaled.jpg\" \/>\n\t<meta property=\"og:image:width\" content=\"1\" \/>\n\t<meta property=\"og:image:height\" content=\"1\" \/>\n\t<meta property=\"og:image:type\" content=\"image\/jpeg\" \/>\n<meta name=\"author\" content=\"ADR\/AFP\" \/>\n<meta name=\"twitter:card\" content=\"summary_large_image\" \/>\n<meta name=\"twitter:creator\" content=\"@adr_africa\" \/>\n<meta name=\"twitter:site\" content=\"@adr_africa\" \/>\n<meta name=\"twitter:label1\" content=\"\u00c9crit par\" \/>\n\t<meta name=\"twitter:data1\" content=\"ADR\/AFP\" \/>\n\t<meta name=\"twitter:label2\" content=\"Dur\u00e9e de lecture estim\u00e9e\" \/>\n\t<meta name=\"twitter:data2\" content=\"3 minutes\" \/>\n<script type=\"application\/ld+json\" class=\"yoast-schema-graph\">{\"@context\":\"https:\\\/\\\/schema.org\",\"@graph\":[{\"@type\":\"Article\",\"@id\":\"https:\\\/\\\/africadailyreport.com\\\/fr\\\/2025\\\/01\\\/16\\\/togo-says-could-join-aes-sahel-defence-pact\\\/#article\",\"isPartOf\":{\"@id\":\"https:\\\/\\\/africadailyreport.com\\\/fr\\\/2025\\\/01\\\/16\\\/togo-says-could-join-aes-sahel-defence-pact\\\/\"},\"author\":{\"name\":\"ADR\\\/AFP\",\"@id\":\"https:\\\/\\\/africadailyreport.com\\\/fr\\\/#\\\/schema\\\/person\\\/c44d86d79f5570b3ba4cf70c989843f8\"},\"headline\":\"Le Togo n&rsquo;exclut pas de rejoindre l&rsquo;Alliance des Etats du Sahel\",\"datePublished\":\"2025-01-16T20:14:18+00:00\",\"dateModified\":\"2025-01-16T20:20:34+00:00\",\"mainEntityOfPage\":{\"@id\":\"https:\\\/\\\/africadailyreport.com\\\/fr\\\/2025\\\/01\\\/16\\\/togo-says-could-join-aes-sahel-defence-pact\\\/\"},\"wordCount\":553,\"commentCount\":0,\"publisher\":{\"@id\":\"https:\\\/\\\/africadailyreport.com\\\/fr\\\/#organization\"},\"image\":{\"@id\":\"https:\\\/\\\/africadailyreport.com\\\/fr\\\/2025\\\/01\\\/16\\\/togo-says-could-join-aes-sahel-defence-pact\\\/#primaryimage\"},\"thumbnailUrl\":\"https:\\\/\\\/i0.wp.com\\\/africadailyreport.com\\\/wp-content\\\/uploads\\\/2025\\\/01\\\/AFP__20200217__1P27TE__v1__HighRes__TogoPoliticsVote-scaled.jpg?fit=%2C&ssl=1\",\"keywords\":[\"afrique de l'ouest\",\"arm\u00e9e\",\"conflit\",\"coup\",\"diplomatie\",\"nigeria\",\"sahel\",\"securite\",\"Togo\"],\"articleSection\":[\"Actualit\u00e9s\",\"Choix de la R\u00e9daction\",\"D\u00e9p\u00eache\",\"POLITIQUE\"],\"inLanguage\":\"fr-FR\",\"potentialAction\":[{\"@type\":\"CommentAction\",\"name\":\"Comment\",\"target\":[\"https:\\\/\\\/africadailyreport.com\\\/fr\\\/2025\\\/01\\\/16\\\/togo-says-could-join-aes-sahel-defence-pact\\\/#respond\"]}],\"copyrightYear\":\"2025\",\"copyrightHolder\":{\"@id\":\"https:\\\/\\\/africadailyreport.com\\\/#organization\"}},{\"@type\":\"WebPage\",\"@id\":\"https:\\\/\\\/africadailyreport.com\\\/fr\\\/2025\\\/01\\\/16\\\/togo-says-could-join-aes-sahel-defence-pact\\\/\",\"url\":\"https:\\\/\\\/africadailyreport.com\\\/fr\\\/2025\\\/01\\\/16\\\/togo-says-could-join-aes-sahel-defence-pact\\\/\",\"name\":\"Le Togo n'exclut pas de rejoindre l'Alliance des Etats du Sahel - Africa Daily Report\",\"isPartOf\":{\"@id\":\"https:\\\/\\\/africadailyreport.com\\\/fr\\\/#website\"},\"primaryImageOfPage\":{\"@id\":\"https:\\\/\\\/africadailyreport.com\\\/fr\\\/2025\\\/01\\\/16\\\/togo-says-could-join-aes-sahel-defence-pact\\\/#primaryimage\"},\"image\":{\"@id\":\"https:\\\/\\\/africadailyreport.com\\\/fr\\\/2025\\\/01\\\/16\\\/togo-says-could-join-aes-sahel-defence-pact\\\/#primaryimage\"},\"thumbnailUrl\":\"https:\\\/\\\/i0.wp.com\\\/africadailyreport.com\\\/wp-content\\\/uploads\\\/2025\\\/01\\\/AFP__20200217__1P27TE__v1__HighRes__TogoPoliticsVote-scaled.jpg?fit=%2C&ssl=1\",\"datePublished\":\"2025-01-16T20:14:18+00:00\",\"dateModified\":\"2025-01-16T20:20:34+00:00\",\"breadcrumb\":{\"@id\":\"https:\\\/\\\/africadailyreport.com\\\/fr\\\/2025\\\/01\\\/16\\\/togo-says-could-join-aes-sahel-defence-pact\\\/#breadcrumb\"},\"inLanguage\":\"fr-FR\",\"potentialAction\":[{\"@type\":\"ReadAction\",\"target\":[\"https:\\\/\\\/africadailyreport.com\\\/fr\\\/2025\\\/01\\\/16\\\/togo-says-could-join-aes-sahel-defence-pact\\\/\"]}]},{\"@type\":\"ImageObject\",\"inLanguage\":\"fr-FR\",\"@id\":\"https:\\\/\\\/africadailyreport.com\\\/fr\\\/2025\\\/01\\\/16\\\/togo-says-could-join-aes-sahel-defence-pact\\\/#primaryimage\",\"url\":\"https:\\\/\\\/i0.wp.com\\\/africadailyreport.com\\\/wp-content\\\/uploads\\\/2025\\\/01\\\/AFP__20200217__1P27TE__v1__HighRes__TogoPoliticsVote-scaled.jpg?fit=%2C&ssl=1\",\"contentUrl\":\"https:\\\/\\\/i0.wp.com\\\/africadailyreport.com\\\/wp-content\\\/uploads\\\/2025\\\/01\\\/AFP__20200217__1P27TE__v1__HighRes__TogoPoliticsVote-scaled.jpg?fit=%2C&ssl=1\",\"caption\":\"Togolese President and candidate for re-election of the ruling Union for the Republic (UNIR) party Faure Gnassingbe speaks after a visit to a military facility at Namoundjoga village in northern Togo, on February 17, 2020. Togolese President Gnassingbe of the ruling Union for the Republic party has began a tour of military facilities to get acquainted with preparedness of the military in the face of the insurgency across the Sahel region, and to further drum up support from the constituency ahead of his bid for re-election on February 22, despite widespread protests by the opposition calling for the end of his family's decades-long grip on power. (Photo by PIUS UTOMI EKPEI \\\/ AFP)\"},{\"@type\":\"BreadcrumbList\",\"@id\":\"https:\\\/\\\/africadailyreport.com\\\/fr\\\/2025\\\/01\\\/16\\\/togo-says-could-join-aes-sahel-defence-pact\\\/#breadcrumb\",\"itemListElement\":[{\"@type\":\"ListItem\",\"position\":1,\"name\":\"Home\",\"item\":\"https:\\\/\\\/africadailyreport.com\\\/fr\\\/\"},{\"@type\":\"ListItem\",\"position\":2,\"name\":\"Le Togo n&#8217;exclut pas de rejoindre l&#8217;Alliance des Etats du Sahel\"}]},{\"@type\":\"WebSite\",\"@id\":\"https:\\\/\\\/africadailyreport.com\\\/fr\\\/#website\",\"url\":\"https:\\\/\\\/africadailyreport.com\\\/fr\\\/\",\"name\":\"Africa Daily Report\",\"description\":\"\",\"publisher\":{\"@id\":\"https:\\\/\\\/africadailyreport.com\\\/fr\\\/#organization\"},\"potentialAction\":[{\"@type\":\"SearchAction\",\"target\":{\"@type\":\"EntryPoint\",\"urlTemplate\":\"https:\\\/\\\/africadailyreport.com\\\/fr\\\/?s={search_term_string}\"},\"query-input\":{\"@type\":\"PropertyValueSpecification\",\"valueRequired\":true,\"valueName\":\"search_term_string\"}}],\"inLanguage\":\"fr-FR\"},{\"@type\":\"Organization\",\"@id\":\"https:\\\/\\\/africadailyreport.com\\\/fr\\\/#organization\",\"name\":\"Africa Daily Report\",\"url\":\"https:\\\/\\\/africadailyreport.com\\\/fr\\\/\",\"logo\":{\"@type\":\"ImageObject\",\"inLanguage\":\"fr-FR\",\"@id\":\"https:\\\/\\\/africadailyreport.com\\\/fr\\\/#\\\/schema\\\/logo\\\/image\\\/\",\"url\":\"https:\\\/\\\/africadailyreport.com\\\/wp-content\\\/uploads\\\/2024\\\/09\\\/ADR-Transparent-Green-Logo-1.png\",\"contentUrl\":\"https:\\\/\\\/africadailyreport.com\\\/wp-content\\\/uploads\\\/2024\\\/09\\\/ADR-Transparent-Green-Logo-1.png\",\"width\":267,\"height\":185,\"caption\":\"Africa Daily Report\"},\"image\":{\"@id\":\"https:\\\/\\\/africadailyreport.com\\\/fr\\\/#\\\/schema\\\/logo\\\/image\\\/\"},\"sameAs\":[\"https:\\\/\\\/www.facebook.com\\\/africadailyreport\",\"https:\\\/\\\/x.com\\\/adr_africa\",\"https:\\\/\\\/www.youtube.com\\\/@africadailyreport\",\"https:\\\/\\\/instagram.com\\\/africadailyreport\"]},{\"@type\":\"Person\",\"@id\":\"https:\\\/\\\/africadailyreport.com\\\/fr\\\/#\\\/schema\\\/person\\\/c44d86d79f5570b3ba4cf70c989843f8\",\"name\":\"ADR\\\/AFP\",\"image\":{\"@type\":\"ImageObject\",\"inLanguage\":\"fr-FR\",\"@id\":\"https:\\\/\\\/secure.gravatar.com\\\/avatar\\\/2fbdc3782aa386b408fd9a36f0bc78ee569c94a7a05670cab3a1d72916408214?s=96&d=mm&r=g\",\"url\":\"https:\\\/\\\/secure.gravatar.com\\\/avatar\\\/2fbdc3782aa386b408fd9a36f0bc78ee569c94a7a05670cab3a1d72916408214?s=96&d=mm&r=g\",\"contentUrl\":\"https:\\\/\\\/secure.gravatar.com\\\/avatar\\\/2fbdc3782aa386b408fd9a36f0bc78ee569c94a7a05670cab3a1d72916408214?s=96&d=mm&r=g\",\"caption\":\"ADR\\\/AFP\"},\"sameAs\":[\"http:\\\/\\\/africadailyreport.com\"],\"url\":\"https:\\\/\\\/africadailyreport.com\\\/fr\\\/author\\\/both\\\/\"}]}<\/script>\n<!-- \/ Yoast SEO Premium plugin. -->","yoast_head_json":{"title":"Le Togo n'exclut pas de rejoindre l'Alliance des Etats du Sahel - Africa Daily Report","robots":{"index":"index","follow":"follow","max-snippet":"max-snippet:-1","max-image-preview":"max-image-preview:large","max-video-preview":"max-video-preview:-1"},"canonical":"https:\/\/africadailyreport.com\/fr\/2025\/01\/16\/togo-says-could-join-aes-sahel-defence-pact\/","og_locale":"fr_FR","og_type":"article","og_title":"Le Togo n'exclut pas de rejoindre l'Alliance des Etats du Sahel","og_description":"Lagos,\u00a0Nigeria &#8211; Le Togo n&rsquo;exclut pas de rejoindre l&rsquo;Alliance des Etats du Sahel (AES), a fait savoir le ministre des Affaires \u00e9trang\u00e8res togolais \u00e0 l&rsquo;occasion d&rsquo;un entretien jeudi avec la cha\u00eene de t\u00e9l\u00e9vision Voxafrica. \u00ab\u00a0C&rsquo;est la d\u00e9cision du pr\u00e9sident de la R\u00e9publique\u00a0\u00bb, a r\u00e9pondu le ministre Robert Dussey lorsque la question de rejoindre l&rsquo;AES lui [&hellip;]","og_url":"https:\/\/africadailyreport.com\/fr\/2025\/01\/16\/togo-says-could-join-aes-sahel-defence-pact\/","og_site_name":"Africa Daily Report","article_publisher":"https:\/\/www.facebook.com\/africadailyreport","article_published_time":"2025-01-16T20:14:18+00:00","article_modified_time":"2025-01-16T20:20:34+00:00","og_image":[{"url":"https:\/\/africadailyreport.com\/wp-content\/uploads\/2025\/01\/AFP__20200217__1P27TE__v1__HighRes__TogoPoliticsVote-scaled.jpg","width":1,"height":1,"type":"image\/jpeg"}],"author":"ADR\/AFP","twitter_card":"summary_large_image","twitter_creator":"@adr_africa","twitter_site":"@adr_africa","twitter_misc":{"\u00c9crit par":"ADR\/AFP","Dur\u00e9e de lecture estim\u00e9e":"3 minutes"},"schema":{"@context":"https:\/\/schema.org","@graph":[{"@type":"Article","@id":"https:\/\/africadailyreport.com\/fr\/2025\/01\/16\/togo-says-could-join-aes-sahel-defence-pact\/#article","isPartOf":{"@id":"https:\/\/africadailyreport.com\/fr\/2025\/01\/16\/togo-says-could-join-aes-sahel-defence-pact\/"},"author":{"name":"ADR\/AFP","@id":"https:\/\/africadailyreport.com\/fr\/#\/schema\/person\/c44d86d79f5570b3ba4cf70c989843f8"},"headline":"Le Togo n&rsquo;exclut pas de rejoindre l&rsquo;Alliance des Etats du Sahel","datePublished":"2025-01-16T20:14:18+00:00","dateModified":"2025-01-16T20:20:34+00:00","mainEntityOfPage":{"@id":"https:\/\/africadailyreport.com\/fr\/2025\/01\/16\/togo-says-could-join-aes-sahel-defence-pact\/"},"wordCount":553,"commentCount":0,"publisher":{"@id":"https:\/\/africadailyreport.com\/fr\/#organization"},"image":{"@id":"https:\/\/africadailyreport.com\/fr\/2025\/01\/16\/togo-says-could-join-aes-sahel-defence-pact\/#primaryimage"},"thumbnailUrl":"https:\/\/i0.wp.com\/africadailyreport.com\/wp-content\/uploads\/2025\/01\/AFP__20200217__1P27TE__v1__HighRes__TogoPoliticsVote-scaled.jpg?fit=%2C&ssl=1","keywords":["afrique de l'ouest","arm\u00e9e","conflit","coup","diplomatie","nigeria","sahel","securite","Togo"],"articleSection":["Actualit\u00e9s","Choix de la R\u00e9daction","D\u00e9p\u00eache","POLITIQUE"],"inLanguage":"fr-FR","potentialAction":[{"@type":"CommentAction","name":"Comment","target":["https:\/\/africadailyreport.com\/fr\/2025\/01\/16\/togo-says-could-join-aes-sahel-defence-pact\/#respond"]}],"copyrightYear":"2025","copyrightHolder":{"@id":"https:\/\/africadailyreport.com\/#organization"}},{"@type":"WebPage","@id":"https:\/\/africadailyreport.com\/fr\/2025\/01\/16\/togo-says-could-join-aes-sahel-defence-pact\/","url":"https:\/\/africadailyreport.com\/fr\/2025\/01\/16\/togo-says-could-join-aes-sahel-defence-pact\/","name":"Le Togo n'exclut pas de rejoindre l'Alliance des Etats du Sahel - Africa Daily Report","isPartOf":{"@id":"https:\/\/africadailyreport.com\/fr\/#website"},"primaryImageOfPage":{"@id":"https:\/\/africadailyreport.com\/fr\/2025\/01\/16\/togo-says-could-join-aes-sahel-defence-pact\/#primaryimage"},"image":{"@id":"https:\/\/africadailyreport.com\/fr\/2025\/01\/16\/togo-says-could-join-aes-sahel-defence-pact\/#primaryimage"},"thumbnailUrl":"https:\/\/i0.wp.com\/africadailyreport.com\/wp-content\/uploads\/2025\/01\/AFP__20200217__1P27TE__v1__HighRes__TogoPoliticsVote-scaled.jpg?fit=%2C&ssl=1","datePublished":"2025-01-16T20:14:18+00:00","dateModified":"2025-01-16T20:20:34+00:00","breadcrumb":{"@id":"https:\/\/africadailyreport.com\/fr\/2025\/01\/16\/togo-says-could-join-aes-sahel-defence-pact\/#breadcrumb"},"inLanguage":"fr-FR","potentialAction":[{"@type":"ReadAction","target":["https:\/\/africadailyreport.com\/fr\/2025\/01\/16\/togo-says-could-join-aes-sahel-defence-pact\/"]}]},{"@type":"ImageObject","inLanguage":"fr-FR","@id":"https:\/\/africadailyreport.com\/fr\/2025\/01\/16\/togo-says-could-join-aes-sahel-defence-pact\/#primaryimage","url":"https:\/\/i0.wp.com\/africadailyreport.com\/wp-content\/uploads\/2025\/01\/AFP__20200217__1P27TE__v1__HighRes__TogoPoliticsVote-scaled.jpg?fit=%2C&ssl=1","contentUrl":"https:\/\/i0.wp.com\/africadailyreport.com\/wp-content\/uploads\/2025\/01\/AFP__20200217__1P27TE__v1__HighRes__TogoPoliticsVote-scaled.jpg?fit=%2C&ssl=1","caption":"Togolese President and candidate for re-election of the ruling Union for the Republic (UNIR) party Faure Gnassingbe speaks after a visit to a military facility at Namoundjoga village in northern Togo, on February 17, 2020. Togolese President Gnassingbe of the ruling Union for the Republic party has began a tour of military facilities to get acquainted with preparedness of the military in the face of the insurgency across the Sahel region, and to further drum up support from the constituency ahead of his bid for re-election on February 22, despite widespread protests by the opposition calling for the end of his family's decades-long grip on power. (Photo by PIUS UTOMI EKPEI \/ AFP)"},{"@type":"BreadcrumbList","@id":"https:\/\/africadailyreport.com\/fr\/2025\/01\/16\/togo-says-could-join-aes-sahel-defence-pact\/#breadcrumb","itemListElement":[{"@type":"ListItem","position":1,"name":"Home","item":"https:\/\/africadailyreport.com\/fr\/"},{"@type":"ListItem","position":2,"name":"Le Togo n&#8217;exclut pas de rejoindre l&#8217;Alliance des Etats du Sahel"}]},{"@type":"WebSite","@id":"https:\/\/africadailyreport.com\/fr\/#website","url":"https:\/\/africadailyreport.com\/fr\/","name":"Africa Daily Report","description":"","publisher":{"@id":"https:\/\/africadailyreport.com\/fr\/#organization"},"potentialAction":[{"@type":"SearchAction","target":{"@type":"EntryPoint","urlTemplate":"https:\/\/africadailyreport.com\/fr\/?s={search_term_string}"},"query-input":{"@type":"PropertyValueSpecification","valueRequired":true,"valueName":"search_term_string"}}],"inLanguage":"fr-FR"},{"@type":"Organization","@id":"https:\/\/africadailyreport.com\/fr\/#organization","name":"Africa Daily Report","url":"https:\/\/africadailyreport.com\/fr\/","logo":{"@type":"ImageObject","inLanguage":"fr-FR","@id":"https:\/\/africadailyreport.com\/fr\/#\/schema\/logo\/image\/","url":"https:\/\/africadailyreport.com\/wp-content\/uploads\/2024\/09\/ADR-Transparent-Green-Logo-1.png","contentUrl":"https:\/\/africadailyreport.com\/wp-content\/uploads\/2024\/09\/ADR-Transparent-Green-Logo-1.png","width":267,"height":185,"caption":"Africa Daily Report"},"image":{"@id":"https:\/\/africadailyreport.com\/fr\/#\/schema\/logo\/image\/"},"sameAs":["https:\/\/www.facebook.com\/africadailyreport","https:\/\/x.com\/adr_africa","https:\/\/www.youtube.com\/@africadailyreport","https:\/\/instagram.com\/africadailyreport"]},{"@type":"Person","@id":"https:\/\/africadailyreport.com\/fr\/#\/schema\/person\/c44d86d79f5570b3ba4cf70c989843f8","name":"ADR\/AFP","image":{"@type":"ImageObject","inLanguage":"fr-FR","@id":"https:\/\/secure.gravatar.com\/avatar\/2fbdc3782aa386b408fd9a36f0bc78ee569c94a7a05670cab3a1d72916408214?s=96&d=mm&r=g","url":"https:\/\/secure.gravatar.com\/avatar\/2fbdc3782aa386b408fd9a36f0bc78ee569c94a7a05670cab3a1d72916408214?s=96&d=mm&r=g","contentUrl":"https:\/\/secure.gravatar.com\/avatar\/2fbdc3782aa386b408fd9a36f0bc78ee569c94a7a05670cab3a1d72916408214?s=96&d=mm&r=g","caption":"ADR\/AFP"},"sameAs":["http:\/\/africadailyreport.com"],"url":"https:\/\/africadailyreport.com\/fr\/author\/both\/"}]}},"jetpack_featured_media_url":"https:\/\/i0.wp.com\/africadailyreport.com\/wp-content\/uploads\/2025\/01\/AFP__20200217__1P27TE__v1__HighRes__TogoPoliticsVote-scaled.jpg?fit=%2C&ssl=1","jetpack_sharing_enabled":true,"amp_enabled":true,"_links":{"self":[{"href":"https:\/\/africadailyreport.com\/fr\/wp-json\/wp\/v2\/posts\/15800","targetHints":{"allow":["GET"]}}],"collection":[{"href":"https:\/\/africadailyreport.com\/fr\/wp-json\/wp\/v2\/posts"}],"about":[{"href":"https:\/\/africadailyreport.com\/fr\/wp-json\/wp\/v2\/types\/post"}],"author":[{"embeddable":true,"href":"https:\/\/africadailyreport.com\/fr\/wp-json\/wp\/v2\/users\/10"}],"replies":[{"embeddable":true,"href":"https:\/\/africadailyreport.com\/fr\/wp-json\/wp\/v2\/comments?post=15800"}],"version-history":[{"count":3,"href":"https:\/\/africadailyreport.com\/fr\/wp-json\/wp\/v2\/posts\/15800\/revisions"}],"predecessor-version":[{"id":15804,"href":"https:\/\/africadailyreport.com\/fr\/wp-json\/wp\/v2\/posts\/15800\/revisions\/15804"}],"wp:featuredmedia":[{"embeddable":true,"href":"https:\/\/africadailyreport.com\/fr\/wp-json\/wp\/v2\/media\/15797"}],"wp:attachment":[{"href":"https:\/\/africadailyreport.com\/fr\/wp-json\/wp\/v2\/media?parent=15800"}],"wp:term":[{"taxonomy":"category","embeddable":true,"href":"https:\/\/africadailyreport.com\/fr\/wp-json\/wp\/v2\/categories?post=15800"},{"taxonomy":"post_tag","embeddable":true,"href":"https:\/\/africadailyreport.com\/fr\/wp-json\/wp\/v2\/tags?post=15800"},{"taxonomy":"adr_country","embeddable":true,"href":"https:\/\/africadailyreport.com\/fr\/wp-json\/wp\/v2\/adr_country?post=15800"}],"curies":[{"name":"wp","href":"https:\/\/api.w.org\/{rel}","templated":true}]}}