{"id":15458,"date":"2024-12-16T13:17:22","date_gmt":"2024-12-16T13:17:22","guid":{"rendered":"https:\/\/africadailyreport.com\/2024\/12\/16\/est-de-rdc-poursuite-des-combats-au-lendemain-du-sommet-avorte-a-luanda\/"},"modified":"2024-12-16T13:23:07","modified_gmt":"2024-12-16T13:23:07","slug":"est-de-rdc-poursuite-des-combats-au-lendemain-du-sommet-avorte-a-luanda","status":"publish","type":"post","link":"https:\/\/africadailyreport.com\/fr\/2024\/12\/16\/est-de-rdc-poursuite-des-combats-au-lendemain-du-sommet-avorte-a-luanda\/","title":{"rendered":"Est de RDC: poursuite des combats au lendemain du sommet avort\u00e9 \u00e0 Luanda"},"content":{"rendered":"\n<h2 class=\"wp-block-heading\" id=\"h-goma-rd-congo-afp-des-combats-se-poursuivent-lundi-dans-l-est-de-la-republique-democratique-du-congo-entre-les-rebelles-du-m23-soutenus-par-le-rwanda-et-l-armee-congolaise-au-lendemain-d-un-sommet-avorte-entre-les-presidents-des-deux-pays-a-luanda\"><em>Goma,\u00a0RD Congo &#8211; (AFP) <a>&#8211; <\/a><\/em>Des combats se poursuivent lundi dans l&rsquo;est de la R\u00e9publique d\u00e9mocratique du Congo entre les rebelles du M23 soutenus par le Rwanda et l&rsquo;arm\u00e9e congolaise, au lendemain d&rsquo;un sommet avort\u00e9 entre les pr\u00e9sidents des deux pays \u00e0 Luanda.<\/h2>\n\n\n\n\n\n<p>Selon des sources militaire et locale, l&rsquo;arm\u00e9e congolaise a perdu le contr\u00f4le de Matembe, localit\u00e9 de la province du Nord-Kivu situ\u00e9e sur l&rsquo;axe conduisant \u00e0 l&rsquo;important carrefour commercial de Butembo.<\/p>\n\n\n\n<p>La veille, de violents affrontements ont d\u00e9j\u00e0 oppos\u00e9 les Forces arm\u00e9es congolaises (FARDC) au M23 \u00e0 Matembe, \u00e0 environ 150 km au nord de la capitale provinciale Goma.<\/p>\n\n\n\n<p>Les affrontements ont repris lundi matin \u00ab\u00a0dans les collines situ\u00e9es entre Matembe et la localit\u00e9 voisine de Vutsorovya\u00a0\u00bb, selon John Mahangaiko, porte-parole d&rsquo;une des milices pro-Kinshasa pr\u00e9sentes dans la r\u00e9gion, interrog\u00e9 par l&rsquo;AFP.<\/p>\n\n\n\n<p>Une source militaire congolaise a confirm\u00e9 de son c\u00f4t\u00e9 que les FARDC ont d\u00fb se \u00ab\u00a0replier\u00a0\u00bb.<\/p>\n\n\n\n<p>L&rsquo;est de la RDC riche en minerais est le th\u00e9\u00e2tre de violences depuis 30 ans. Le M23 (\u00ab\u00a0Mouvement du 23 mars\u00a0\u00bb), groupe arm\u00e9 soutenu par Kigali et son arm\u00e9e, s&rsquo;est empar\u00e9 depuis novembre 2021 de vastes pans de territoire dans l&rsquo;est de la RDC.<\/p>\n\n\n\n<p>Dimanche, les pr\u00e9sidents congolais F\u00e9lix Tshisekedi et rwandais Paul Kagame devaient se rencontrer pour un sommet organis\u00e9 \u00e0 Luanda par le chef d&rsquo;Etat angolais Joao Louren\u00e7o, m\u00e9diateur d\u00e9sign\u00e9 de l&rsquo;Union africaine (UA) dans le conflit entre Kigali et Kinshasa.<\/p>\n\n\n\n<p>Un accord \u00ab\u00a0pour le r\u00e9tablissement de la paix et de la stabilit\u00e9 dans l&rsquo;est de la RDC\u00a0\u00bb devait \u00eatre pos\u00e9 sur la table mais les deux parties n&rsquo;ont pas r\u00e9ussi \u00e0 s&rsquo;accorder sur l&rsquo;ensemble des termes, aboutissant \u00e0 l&rsquo;annulation en derni\u00e8re minute du sommet des chefs d&rsquo;Etat.<\/p>\n\n\n\n<p><\/p>\n\n\n\n<p>\u00a9 Agence France-Presse<\/p>\n","protected":false},"excerpt":{"rendered":"<p>Goma,\u00a0RD Congo &#8211; (AFP) &#8211; Des combats se poursuivent lundi dans l&rsquo;est de la R\u00e9publique d\u00e9mocratique du Congo entre les rebelles du M23 soutenus par le Rwanda et l&rsquo;arm\u00e9e congolaise, au lendemain d&rsquo;un sommet avort\u00e9 entre les pr\u00e9sidents des deux pays \u00e0 Luanda. Selon des sources militaire et locale, l&rsquo;arm\u00e9e congolaise a perdu le contr\u00f4le [&hellip;]<\/p>\n","protected":false},"author":10,"featured_media":15454,"comment_status":"open","ping_status":"open","sticky":false,"template":"","format":"standard","meta":{"_acf_changed":false,"om_disable_all_campaigns":false,"_monsterinsights_skip_tracking":false,"_monsterinsights_sitenote_active":false,"_monsterinsights_sitenote_note":"","_monsterinsights_sitenote_category":0,"tdm_status":"","tdm_grid_status":"","_jetpack_newsletter_access":"","_jetpack_dont_email_post_to_subs":false,"_jetpack_newsletter_tier_id":0,"_jetpack_memberships_contains_paywalled_content":false,"_jetpack_memberships_contains_paid_content":false,"footnotes":""},"categories":[293,782],"tags":[1056,808,856,784,313,2299,814,863,2291],"adr_country":[1089,1667,1083],"class_list":{"0":"post-15458","1":"post","2":"type-post","3":"status-publish","4":"format-standard","5":"has-post-thumbnail","7":"category-actualites-fr","8":"category-politique-fr","9":"tag-angola-fr","10":"tag-conflit-fr","11":"tag-congo-fr","12":"tag-diplomatie-fr","13":"tag-rdc-fr","14":"tag-rdcongo-fr","15":"tag-rebellion-2-fr","16":"tag-rwanda-fr","17":"tag-sommet-fr","18":"adr_country-d-r-congo","19":"adr_country-rd-congo-fr","20":"adr_country-rwanda"},"acf":{"post_version":""},"yoast_head":"<!-- This site is optimized with the Yoast SEO Premium plugin v26.0 (Yoast SEO v27.4) - https:\/\/yoast.com\/product\/yoast-seo-premium-wordpress\/ -->\n<title>Est de RDC: poursuite des combats au lendemain du sommet avort\u00e9 \u00e0 Luanda - Africa Daily Report<\/title>\n<meta name=\"robots\" content=\"index, follow, max-snippet:-1, max-image-preview:large, max-video-preview:-1\" \/>\n<link rel=\"canonical\" href=\"https:\/\/africadailyreport.com\/fr\/2024\/12\/16\/est-de-rdc-poursuite-des-combats-au-lendemain-du-sommet-avorte-a-luanda\/\" \/>\n<meta property=\"og:locale\" content=\"fr_FR\" \/>\n<meta property=\"og:type\" content=\"article\" \/>\n<meta property=\"og:title\" content=\"Est de RDC: poursuite des combats au lendemain du sommet avort\u00e9 \u00e0 Luanda\" \/>\n<meta property=\"og:description\" content=\"Goma,\u00a0RD Congo &#8211; (AFP) &#8211; Des combats se poursuivent lundi dans l&rsquo;est de la R\u00e9publique d\u00e9mocratique du Congo entre les rebelles du M23 soutenus par le Rwanda et l&rsquo;arm\u00e9e congolaise, au lendemain d&rsquo;un sommet avort\u00e9 entre les pr\u00e9sidents des deux pays \u00e0 Luanda. Selon des sources militaire et locale, l&rsquo;arm\u00e9e congolaise a perdu le contr\u00f4le [&hellip;]\" \/>\n<meta property=\"og:url\" content=\"https:\/\/africadailyreport.com\/fr\/2024\/12\/16\/est-de-rdc-poursuite-des-combats-au-lendemain-du-sommet-avorte-a-luanda\/\" \/>\n<meta property=\"og:site_name\" content=\"Africa Daily Report\" \/>\n<meta property=\"article:publisher\" content=\"https:\/\/www.facebook.com\/africadailyreport\" \/>\n<meta property=\"article:published_time\" content=\"2024-12-16T13:17:22+00:00\" \/>\n<meta property=\"article:modified_time\" content=\"2024-12-16T13:23:07+00:00\" \/>\n<meta property=\"og:image\" content=\"https:\/\/africadailyreport.com\/wp-content\/uploads\/2024\/12\/AFP__20241211__36Q73P3__v1__HighRes__FilesDrcongoParliamentConstitution.jpg\" \/>\n\t<meta property=\"og:image:width\" content=\"1\" \/>\n\t<meta property=\"og:image:height\" content=\"1\" \/>\n\t<meta property=\"og:image:type\" content=\"image\/jpeg\" \/>\n<meta name=\"author\" content=\"ADR\/AFP\" \/>\n<meta name=\"twitter:card\" content=\"summary_large_image\" \/>\n<meta name=\"twitter:creator\" content=\"@adr_africa\" \/>\n<meta name=\"twitter:site\" content=\"@adr_africa\" \/>\n<meta name=\"twitter:label1\" content=\"\u00c9crit par\" \/>\n\t<meta name=\"twitter:data1\" content=\"ADR\/AFP\" \/>\n\t<meta name=\"twitter:label2\" content=\"Dur\u00e9e de lecture estim\u00e9e\" \/>\n\t<meta name=\"twitter:data2\" content=\"2 minutes\" \/>\n<script type=\"application\/ld+json\" class=\"yoast-schema-graph\">{\"@context\":\"https:\\\/\\\/schema.org\",\"@graph\":[{\"@type\":\"Article\",\"@id\":\"https:\\\/\\\/africadailyreport.com\\\/fr\\\/2024\\\/12\\\/16\\\/est-de-rdc-poursuite-des-combats-au-lendemain-du-sommet-avorte-a-luanda\\\/#article\",\"isPartOf\":{\"@id\":\"https:\\\/\\\/africadailyreport.com\\\/fr\\\/2024\\\/12\\\/16\\\/est-de-rdc-poursuite-des-combats-au-lendemain-du-sommet-avorte-a-luanda\\\/\"},\"author\":{\"name\":\"ADR\\\/AFP\",\"@id\":\"https:\\\/\\\/africadailyreport.com\\\/fr\\\/#\\\/schema\\\/person\\\/c44d86d79f5570b3ba4cf70c989843f8\"},\"headline\":\"Est de RDC: poursuite des combats au lendemain du sommet avort\u00e9 \u00e0 Luanda\",\"datePublished\":\"2024-12-16T13:17:22+00:00\",\"dateModified\":\"2024-12-16T13:23:07+00:00\",\"mainEntityOfPage\":{\"@id\":\"https:\\\/\\\/africadailyreport.com\\\/fr\\\/2024\\\/12\\\/16\\\/est-de-rdc-poursuite-des-combats-au-lendemain-du-sommet-avorte-a-luanda\\\/\"},\"wordCount\":326,\"commentCount\":0,\"publisher\":{\"@id\":\"https:\\\/\\\/africadailyreport.com\\\/fr\\\/#organization\"},\"image\":{\"@id\":\"https:\\\/\\\/africadailyreport.com\\\/fr\\\/2024\\\/12\\\/16\\\/est-de-rdc-poursuite-des-combats-au-lendemain-du-sommet-avorte-a-luanda\\\/#primaryimage\"},\"thumbnailUrl\":\"https:\\\/\\\/i0.wp.com\\\/africadailyreport.com\\\/wp-content\\\/uploads\\\/2024\\\/12\\\/AFP__20241211__36Q73P3__v1__HighRes__FilesDrcongoParliamentConstitution.jpg?fit=%2C&ssl=1\",\"keywords\":[\"angola\",\"conflit\",\"congo\",\"diplomatie\",\"rdc\",\"rdcongo\",\"rebellion\",\"Rwanda\",\"sommet\"],\"articleSection\":[\"Actualit\u00e9s\",\"POLITIQUE\"],\"inLanguage\":\"fr-FR\",\"potentialAction\":[{\"@type\":\"CommentAction\",\"name\":\"Comment\",\"target\":[\"https:\\\/\\\/africadailyreport.com\\\/fr\\\/2024\\\/12\\\/16\\\/est-de-rdc-poursuite-des-combats-au-lendemain-du-sommet-avorte-a-luanda\\\/#respond\"]}],\"copyrightYear\":\"2024\",\"copyrightHolder\":{\"@id\":\"https:\\\/\\\/africadailyreport.com\\\/#organization\"}},{\"@type\":\"WebPage\",\"@id\":\"https:\\\/\\\/africadailyreport.com\\\/fr\\\/2024\\\/12\\\/16\\\/est-de-rdc-poursuite-des-combats-au-lendemain-du-sommet-avorte-a-luanda\\\/\",\"url\":\"https:\\\/\\\/africadailyreport.com\\\/fr\\\/2024\\\/12\\\/16\\\/est-de-rdc-poursuite-des-combats-au-lendemain-du-sommet-avorte-a-luanda\\\/\",\"name\":\"Est de RDC: poursuite des combats au lendemain du sommet avort\u00e9 \u00e0 Luanda - Africa Daily Report\",\"isPartOf\":{\"@id\":\"https:\\\/\\\/africadailyreport.com\\\/fr\\\/#website\"},\"primaryImageOfPage\":{\"@id\":\"https:\\\/\\\/africadailyreport.com\\\/fr\\\/2024\\\/12\\\/16\\\/est-de-rdc-poursuite-des-combats-au-lendemain-du-sommet-avorte-a-luanda\\\/#primaryimage\"},\"image\":{\"@id\":\"https:\\\/\\\/africadailyreport.com\\\/fr\\\/2024\\\/12\\\/16\\\/est-de-rdc-poursuite-des-combats-au-lendemain-du-sommet-avorte-a-luanda\\\/#primaryimage\"},\"thumbnailUrl\":\"https:\\\/\\\/i0.wp.com\\\/africadailyreport.com\\\/wp-content\\\/uploads\\\/2024\\\/12\\\/AFP__20241211__36Q73P3__v1__HighRes__FilesDrcongoParliamentConstitution.jpg?fit=%2C&ssl=1\",\"datePublished\":\"2024-12-16T13:17:22+00:00\",\"dateModified\":\"2024-12-16T13:23:07+00:00\",\"breadcrumb\":{\"@id\":\"https:\\\/\\\/africadailyreport.com\\\/fr\\\/2024\\\/12\\\/16\\\/est-de-rdc-poursuite-des-combats-au-lendemain-du-sommet-avorte-a-luanda\\\/#breadcrumb\"},\"inLanguage\":\"fr-FR\",\"potentialAction\":[{\"@type\":\"ReadAction\",\"target\":[\"https:\\\/\\\/africadailyreport.com\\\/fr\\\/2024\\\/12\\\/16\\\/est-de-rdc-poursuite-des-combats-au-lendemain-du-sommet-avorte-a-luanda\\\/\"]}]},{\"@type\":\"ImageObject\",\"inLanguage\":\"fr-FR\",\"@id\":\"https:\\\/\\\/africadailyreport.com\\\/fr\\\/2024\\\/12\\\/16\\\/est-de-rdc-poursuite-des-combats-au-lendemain-du-sommet-avorte-a-luanda\\\/#primaryimage\",\"url\":\"https:\\\/\\\/i0.wp.com\\\/africadailyreport.com\\\/wp-content\\\/uploads\\\/2024\\\/12\\\/AFP__20241211__36Q73P3__v1__HighRes__FilesDrcongoParliamentConstitution.jpg?fit=%2C&ssl=1\",\"contentUrl\":\"https:\\\/\\\/i0.wp.com\\\/africadailyreport.com\\\/wp-content\\\/uploads\\\/2024\\\/12\\\/AFP__20241211__36Q73P3__v1__HighRes__FilesDrcongoParliamentConstitution.jpg?fit=%2C&ssl=1\",\"caption\":\"(FILES) President of the Democratic Republic of the Congo Felix Tshisekedi addresses a press conference following his working lunch with French President at the Elysee Palace in Paris on April 30, 2024. - Congolese President Felix Tshisekedi is only a year into his second and in theory final term in office but appears to be paving the way for constitutional reform. The suspected overhaul, according to the opposition, is clearly aimed at ensuring the Democratic Republic of Congo's leader stays in power. During visits to several towns in recent weeks, he has spoken of the need for a \\\"constitution adapted to the realities\\\" of the country, which gained independence from Belgium in 1960.\u00a0 (Photo by Christophe Ena \\\/ POOL \\\/ AFP)\"},{\"@type\":\"BreadcrumbList\",\"@id\":\"https:\\\/\\\/africadailyreport.com\\\/fr\\\/2024\\\/12\\\/16\\\/est-de-rdc-poursuite-des-combats-au-lendemain-du-sommet-avorte-a-luanda\\\/#breadcrumb\",\"itemListElement\":[{\"@type\":\"ListItem\",\"position\":1,\"name\":\"Home\",\"item\":\"https:\\\/\\\/africadailyreport.com\\\/fr\\\/\"},{\"@type\":\"ListItem\",\"position\":2,\"name\":\"Est de RDC: poursuite des combats au lendemain du sommet avort\u00e9 \u00e0 Luanda\"}]},{\"@type\":\"WebSite\",\"@id\":\"https:\\\/\\\/africadailyreport.com\\\/fr\\\/#website\",\"url\":\"https:\\\/\\\/africadailyreport.com\\\/fr\\\/\",\"name\":\"Africa Daily Report\",\"description\":\"\",\"publisher\":{\"@id\":\"https:\\\/\\\/africadailyreport.com\\\/fr\\\/#organization\"},\"potentialAction\":[{\"@type\":\"SearchAction\",\"target\":{\"@type\":\"EntryPoint\",\"urlTemplate\":\"https:\\\/\\\/africadailyreport.com\\\/fr\\\/?s={search_term_string}\"},\"query-input\":{\"@type\":\"PropertyValueSpecification\",\"valueRequired\":true,\"valueName\":\"search_term_string\"}}],\"inLanguage\":\"fr-FR\"},{\"@type\":\"Organization\",\"@id\":\"https:\\\/\\\/africadailyreport.com\\\/fr\\\/#organization\",\"name\":\"Africa Daily Report\",\"url\":\"https:\\\/\\\/africadailyreport.com\\\/fr\\\/\",\"logo\":{\"@type\":\"ImageObject\",\"inLanguage\":\"fr-FR\",\"@id\":\"https:\\\/\\\/africadailyreport.com\\\/fr\\\/#\\\/schema\\\/logo\\\/image\\\/\",\"url\":\"https:\\\/\\\/africadailyreport.com\\\/wp-content\\\/uploads\\\/2024\\\/09\\\/ADR-Transparent-Green-Logo-1.png\",\"contentUrl\":\"https:\\\/\\\/africadailyreport.com\\\/wp-content\\\/uploads\\\/2024\\\/09\\\/ADR-Transparent-Green-Logo-1.png\",\"width\":267,\"height\":185,\"caption\":\"Africa Daily Report\"},\"image\":{\"@id\":\"https:\\\/\\\/africadailyreport.com\\\/fr\\\/#\\\/schema\\\/logo\\\/image\\\/\"},\"sameAs\":[\"https:\\\/\\\/www.facebook.com\\\/africadailyreport\",\"https:\\\/\\\/x.com\\\/adr_africa\",\"https:\\\/\\\/www.youtube.com\\\/@africadailyreport\",\"https:\\\/\\\/instagram.com\\\/africadailyreport\"]},{\"@type\":\"Person\",\"@id\":\"https:\\\/\\\/africadailyreport.com\\\/fr\\\/#\\\/schema\\\/person\\\/c44d86d79f5570b3ba4cf70c989843f8\",\"name\":\"ADR\\\/AFP\",\"image\":{\"@type\":\"ImageObject\",\"inLanguage\":\"fr-FR\",\"@id\":\"https:\\\/\\\/secure.gravatar.com\\\/avatar\\\/2fbdc3782aa386b408fd9a36f0bc78ee569c94a7a05670cab3a1d72916408214?s=96&d=mm&r=g\",\"url\":\"https:\\\/\\\/secure.gravatar.com\\\/avatar\\\/2fbdc3782aa386b408fd9a36f0bc78ee569c94a7a05670cab3a1d72916408214?s=96&d=mm&r=g\",\"contentUrl\":\"https:\\\/\\\/secure.gravatar.com\\\/avatar\\\/2fbdc3782aa386b408fd9a36f0bc78ee569c94a7a05670cab3a1d72916408214?s=96&d=mm&r=g\",\"caption\":\"ADR\\\/AFP\"},\"sameAs\":[\"http:\\\/\\\/africadailyreport.com\"],\"url\":\"https:\\\/\\\/africadailyreport.com\\\/fr\\\/author\\\/both\\\/\"}]}<\/script>\n<!-- \/ Yoast SEO Premium plugin. -->","yoast_head_json":{"title":"Est de RDC: poursuite des combats au lendemain du sommet avort\u00e9 \u00e0 Luanda - Africa Daily Report","robots":{"index":"index","follow":"follow","max-snippet":"max-snippet:-1","max-image-preview":"max-image-preview:large","max-video-preview":"max-video-preview:-1"},"canonical":"https:\/\/africadailyreport.com\/fr\/2024\/12\/16\/est-de-rdc-poursuite-des-combats-au-lendemain-du-sommet-avorte-a-luanda\/","og_locale":"fr_FR","og_type":"article","og_title":"Est de RDC: poursuite des combats au lendemain du sommet avort\u00e9 \u00e0 Luanda","og_description":"Goma,\u00a0RD Congo &#8211; (AFP) &#8211; Des combats se poursuivent lundi dans l&rsquo;est de la R\u00e9publique d\u00e9mocratique du Congo entre les rebelles du M23 soutenus par le Rwanda et l&rsquo;arm\u00e9e congolaise, au lendemain d&rsquo;un sommet avort\u00e9 entre les pr\u00e9sidents des deux pays \u00e0 Luanda. Selon des sources militaire et locale, l&rsquo;arm\u00e9e congolaise a perdu le contr\u00f4le [&hellip;]","og_url":"https:\/\/africadailyreport.com\/fr\/2024\/12\/16\/est-de-rdc-poursuite-des-combats-au-lendemain-du-sommet-avorte-a-luanda\/","og_site_name":"Africa Daily Report","article_publisher":"https:\/\/www.facebook.com\/africadailyreport","article_published_time":"2024-12-16T13:17:22+00:00","article_modified_time":"2024-12-16T13:23:07+00:00","og_image":[{"url":"https:\/\/africadailyreport.com\/wp-content\/uploads\/2024\/12\/AFP__20241211__36Q73P3__v1__HighRes__FilesDrcongoParliamentConstitution.jpg","width":1,"height":1,"type":"image\/jpeg"}],"author":"ADR\/AFP","twitter_card":"summary_large_image","twitter_creator":"@adr_africa","twitter_site":"@adr_africa","twitter_misc":{"\u00c9crit par":"ADR\/AFP","Dur\u00e9e de lecture estim\u00e9e":"2 minutes"},"schema":{"@context":"https:\/\/schema.org","@graph":[{"@type":"Article","@id":"https:\/\/africadailyreport.com\/fr\/2024\/12\/16\/est-de-rdc-poursuite-des-combats-au-lendemain-du-sommet-avorte-a-luanda\/#article","isPartOf":{"@id":"https:\/\/africadailyreport.com\/fr\/2024\/12\/16\/est-de-rdc-poursuite-des-combats-au-lendemain-du-sommet-avorte-a-luanda\/"},"author":{"name":"ADR\/AFP","@id":"https:\/\/africadailyreport.com\/fr\/#\/schema\/person\/c44d86d79f5570b3ba4cf70c989843f8"},"headline":"Est de RDC: poursuite des combats au lendemain du sommet avort\u00e9 \u00e0 Luanda","datePublished":"2024-12-16T13:17:22+00:00","dateModified":"2024-12-16T13:23:07+00:00","mainEntityOfPage":{"@id":"https:\/\/africadailyreport.com\/fr\/2024\/12\/16\/est-de-rdc-poursuite-des-combats-au-lendemain-du-sommet-avorte-a-luanda\/"},"wordCount":326,"commentCount":0,"publisher":{"@id":"https:\/\/africadailyreport.com\/fr\/#organization"},"image":{"@id":"https:\/\/africadailyreport.com\/fr\/2024\/12\/16\/est-de-rdc-poursuite-des-combats-au-lendemain-du-sommet-avorte-a-luanda\/#primaryimage"},"thumbnailUrl":"https:\/\/i0.wp.com\/africadailyreport.com\/wp-content\/uploads\/2024\/12\/AFP__20241211__36Q73P3__v1__HighRes__FilesDrcongoParliamentConstitution.jpg?fit=%2C&ssl=1","keywords":["angola","conflit","congo","diplomatie","rdc","rdcongo","rebellion","Rwanda","sommet"],"articleSection":["Actualit\u00e9s","POLITIQUE"],"inLanguage":"fr-FR","potentialAction":[{"@type":"CommentAction","name":"Comment","target":["https:\/\/africadailyreport.com\/fr\/2024\/12\/16\/est-de-rdc-poursuite-des-combats-au-lendemain-du-sommet-avorte-a-luanda\/#respond"]}],"copyrightYear":"2024","copyrightHolder":{"@id":"https:\/\/africadailyreport.com\/#organization"}},{"@type":"WebPage","@id":"https:\/\/africadailyreport.com\/fr\/2024\/12\/16\/est-de-rdc-poursuite-des-combats-au-lendemain-du-sommet-avorte-a-luanda\/","url":"https:\/\/africadailyreport.com\/fr\/2024\/12\/16\/est-de-rdc-poursuite-des-combats-au-lendemain-du-sommet-avorte-a-luanda\/","name":"Est de RDC: poursuite des combats au lendemain du sommet avort\u00e9 \u00e0 Luanda - Africa Daily Report","isPartOf":{"@id":"https:\/\/africadailyreport.com\/fr\/#website"},"primaryImageOfPage":{"@id":"https:\/\/africadailyreport.com\/fr\/2024\/12\/16\/est-de-rdc-poursuite-des-combats-au-lendemain-du-sommet-avorte-a-luanda\/#primaryimage"},"image":{"@id":"https:\/\/africadailyreport.com\/fr\/2024\/12\/16\/est-de-rdc-poursuite-des-combats-au-lendemain-du-sommet-avorte-a-luanda\/#primaryimage"},"thumbnailUrl":"https:\/\/i0.wp.com\/africadailyreport.com\/wp-content\/uploads\/2024\/12\/AFP__20241211__36Q73P3__v1__HighRes__FilesDrcongoParliamentConstitution.jpg?fit=%2C&ssl=1","datePublished":"2024-12-16T13:17:22+00:00","dateModified":"2024-12-16T13:23:07+00:00","breadcrumb":{"@id":"https:\/\/africadailyreport.com\/fr\/2024\/12\/16\/est-de-rdc-poursuite-des-combats-au-lendemain-du-sommet-avorte-a-luanda\/#breadcrumb"},"inLanguage":"fr-FR","potentialAction":[{"@type":"ReadAction","target":["https:\/\/africadailyreport.com\/fr\/2024\/12\/16\/est-de-rdc-poursuite-des-combats-au-lendemain-du-sommet-avorte-a-luanda\/"]}]},{"@type":"ImageObject","inLanguage":"fr-FR","@id":"https:\/\/africadailyreport.com\/fr\/2024\/12\/16\/est-de-rdc-poursuite-des-combats-au-lendemain-du-sommet-avorte-a-luanda\/#primaryimage","url":"https:\/\/i0.wp.com\/africadailyreport.com\/wp-content\/uploads\/2024\/12\/AFP__20241211__36Q73P3__v1__HighRes__FilesDrcongoParliamentConstitution.jpg?fit=%2C&ssl=1","contentUrl":"https:\/\/i0.wp.com\/africadailyreport.com\/wp-content\/uploads\/2024\/12\/AFP__20241211__36Q73P3__v1__HighRes__FilesDrcongoParliamentConstitution.jpg?fit=%2C&ssl=1","caption":"(FILES) President of the Democratic Republic of the Congo Felix Tshisekedi addresses a press conference following his working lunch with French President at the Elysee Palace in Paris on April 30, 2024. - Congolese President Felix Tshisekedi is only a year into his second and in theory final term in office but appears to be paving the way for constitutional reform. The suspected overhaul, according to the opposition, is clearly aimed at ensuring the Democratic Republic of Congo's leader stays in power. During visits to several towns in recent weeks, he has spoken of the need for a \"constitution adapted to the realities\" of the country, which gained independence from Belgium in 1960.\u00a0 (Photo by Christophe Ena \/ POOL \/ AFP)"},{"@type":"BreadcrumbList","@id":"https:\/\/africadailyreport.com\/fr\/2024\/12\/16\/est-de-rdc-poursuite-des-combats-au-lendemain-du-sommet-avorte-a-luanda\/#breadcrumb","itemListElement":[{"@type":"ListItem","position":1,"name":"Home","item":"https:\/\/africadailyreport.com\/fr\/"},{"@type":"ListItem","position":2,"name":"Est de RDC: poursuite des combats au lendemain du sommet avort\u00e9 \u00e0 Luanda"}]},{"@type":"WebSite","@id":"https:\/\/africadailyreport.com\/fr\/#website","url":"https:\/\/africadailyreport.com\/fr\/","name":"Africa Daily Report","description":"","publisher":{"@id":"https:\/\/africadailyreport.com\/fr\/#organization"},"potentialAction":[{"@type":"SearchAction","target":{"@type":"EntryPoint","urlTemplate":"https:\/\/africadailyreport.com\/fr\/?s={search_term_string}"},"query-input":{"@type":"PropertyValueSpecification","valueRequired":true,"valueName":"search_term_string"}}],"inLanguage":"fr-FR"},{"@type":"Organization","@id":"https:\/\/africadailyreport.com\/fr\/#organization","name":"Africa Daily Report","url":"https:\/\/africadailyreport.com\/fr\/","logo":{"@type":"ImageObject","inLanguage":"fr-FR","@id":"https:\/\/africadailyreport.com\/fr\/#\/schema\/logo\/image\/","url":"https:\/\/africadailyreport.com\/wp-content\/uploads\/2024\/09\/ADR-Transparent-Green-Logo-1.png","contentUrl":"https:\/\/africadailyreport.com\/wp-content\/uploads\/2024\/09\/ADR-Transparent-Green-Logo-1.png","width":267,"height":185,"caption":"Africa Daily Report"},"image":{"@id":"https:\/\/africadailyreport.com\/fr\/#\/schema\/logo\/image\/"},"sameAs":["https:\/\/www.facebook.com\/africadailyreport","https:\/\/x.com\/adr_africa","https:\/\/www.youtube.com\/@africadailyreport","https:\/\/instagram.com\/africadailyreport"]},{"@type":"Person","@id":"https:\/\/africadailyreport.com\/fr\/#\/schema\/person\/c44d86d79f5570b3ba4cf70c989843f8","name":"ADR\/AFP","image":{"@type":"ImageObject","inLanguage":"fr-FR","@id":"https:\/\/secure.gravatar.com\/avatar\/2fbdc3782aa386b408fd9a36f0bc78ee569c94a7a05670cab3a1d72916408214?s=96&d=mm&r=g","url":"https:\/\/secure.gravatar.com\/avatar\/2fbdc3782aa386b408fd9a36f0bc78ee569c94a7a05670cab3a1d72916408214?s=96&d=mm&r=g","contentUrl":"https:\/\/secure.gravatar.com\/avatar\/2fbdc3782aa386b408fd9a36f0bc78ee569c94a7a05670cab3a1d72916408214?s=96&d=mm&r=g","caption":"ADR\/AFP"},"sameAs":["http:\/\/africadailyreport.com"],"url":"https:\/\/africadailyreport.com\/fr\/author\/both\/"}]}},"jetpack_featured_media_url":"https:\/\/i0.wp.com\/africadailyreport.com\/wp-content\/uploads\/2024\/12\/AFP__20241211__36Q73P3__v1__HighRes__FilesDrcongoParliamentConstitution.jpg?fit=%2C&ssl=1","jetpack_sharing_enabled":true,"amp_enabled":true,"_links":{"self":[{"href":"https:\/\/africadailyreport.com\/fr\/wp-json\/wp\/v2\/posts\/15458","targetHints":{"allow":["GET"]}}],"collection":[{"href":"https:\/\/africadailyreport.com\/fr\/wp-json\/wp\/v2\/posts"}],"about":[{"href":"https:\/\/africadailyreport.com\/fr\/wp-json\/wp\/v2\/types\/post"}],"author":[{"embeddable":true,"href":"https:\/\/africadailyreport.com\/fr\/wp-json\/wp\/v2\/users\/10"}],"replies":[{"embeddable":true,"href":"https:\/\/africadailyreport.com\/fr\/wp-json\/wp\/v2\/comments?post=15458"}],"version-history":[{"count":1,"href":"https:\/\/africadailyreport.com\/fr\/wp-json\/wp\/v2\/posts\/15458\/revisions"}],"predecessor-version":[{"id":15461,"href":"https:\/\/africadailyreport.com\/fr\/wp-json\/wp\/v2\/posts\/15458\/revisions\/15461"}],"wp:featuredmedia":[{"embeddable":true,"href":"https:\/\/africadailyreport.com\/fr\/wp-json\/wp\/v2\/media\/15454"}],"wp:attachment":[{"href":"https:\/\/africadailyreport.com\/fr\/wp-json\/wp\/v2\/media?parent=15458"}],"wp:term":[{"taxonomy":"category","embeddable":true,"href":"https:\/\/africadailyreport.com\/fr\/wp-json\/wp\/v2\/categories?post=15458"},{"taxonomy":"post_tag","embeddable":true,"href":"https:\/\/africadailyreport.com\/fr\/wp-json\/wp\/v2\/tags?post=15458"},{"taxonomy":"adr_country","embeddable":true,"href":"https:\/\/africadailyreport.com\/fr\/wp-json\/wp\/v2\/adr_country?post=15458"}],"curies":[{"name":"wp","href":"https:\/\/api.w.org\/{rel}","templated":true}]}}