{"id":15433,"date":"2024-12-14T14:08:52","date_gmt":"2024-12-14T14:08:52","guid":{"rendered":"https:\/\/africadailyreport.com\/?p=15433"},"modified":"2024-12-14T14:10:17","modified_gmt":"2024-12-14T14:10:17","slug":"un-palais-sous-le-choc-comment-bachar-al-assad-a-fui-la-syrie","status":"publish","type":"post","link":"https:\/\/africadailyreport.com\/fr\/2024\/12\/14\/un-palais-sous-le-choc-comment-bachar-al-assad-a-fui-la-syrie\/","title":{"rendered":"Un palais sous le choc: comment Bachar al-Assad a fui la Syrie"},"content":{"rendered":"\n<h2 class=\"wp-block-heading\" id=\"h-damas-syrie-afp-conflitsyrie\">Damas,\u00a0Syrie &#8211; (AFP) <a>conflitsyrie<\/a><\/h2>\n\n\n\n<figure class=\"wp-block-image size-full\"><img data-recalc-dims=\"1\" decoding=\"async\" src=\"https:\/\/i0.wp.com\/africadailyreport.com\/wp-content\/uploads\/2024\/12\/AFP__20241214__36QC6ZT__v1__HighRes__SyriaConflictPrisoners-scaled.jpg?w=696&#038;ssl=1\" alt=\"\" class=\"wp-image-15421\"\/><figcaption class=\"wp-element-caption\">Source : AFP<\/figcaption><\/figure>\n\n\n\n<p>Quelques heures avant la chute de Damas, le 8 d\u00e9cembre, le pr\u00e9sident syrien Bachar al-Assad a pris la fuite sans pr\u00e9venir des membres de sa famille ou ses plus proches collaborateurs, r\u00e9v\u00e8lent \u00e0 l&rsquo;AFP plusieurs hauts responsables syriens.<\/p>\n\n\n\n<p>Il avait m\u00eame appel\u00e9 sa conseill\u00e8re de presse samedi soir pour lui demander de lui pr\u00e9parer un discours, avant de prendre un avion depuis l&rsquo;a\u00e9roport de Damas pour la base russe de Hmeimim (ouest).<\/p>\n\n\n\n<p>\u00ab\u00a0Il est parti sans pr\u00e9venir (&#8230;) ses proches collaborateurs. De la base russe, un avion l&rsquo;a conduit \u00e0 Moscou\u00a0\u00bb, raconte un conseiller qui a requis l&rsquo;anonymat pour des raisons de s\u00e9curit\u00e9.<\/p>\n\n\n\n<p>\u00ab\u00a0Son fr\u00e8re Maher\u00a0\u00bb, qui commandait la redout\u00e9e quatri\u00e8me brigade de l&rsquo;arm\u00e9e, \u00ab\u00a0l&rsquo;apprend par hasard alors qu&rsquo;il est avec ses soldats pour d\u00e9fendre Damas. Il d\u00e9cide de prendre un h\u00e9licopt\u00e8re pour fuir, semble-t-il, vers Bagdad\u00a0\u00bb, ajoute-t-il.<\/p>\n\n\n\n<p>Les hauts fonctionnaires et d&rsquo;autres sources ont livr\u00e9 \u00e0 l&rsquo;AFP le r\u00e9cit des derni\u00e8res heures du pr\u00e9sident qui a gouvern\u00e9 la Syrie d&rsquo;une main de fer pendant 24 ans.<\/p>\n\n\n\n<h2 class=\"wp-block-heading\" id=\"h-navire-sans-capitaine\">&#8211; Navire sans capitaine &#8211;<\/h2>\n\n\n\n<p>Lorsque les rebelles domin\u00e9s par des islamistes lancent leur offensive dans le nord de la Syrie le mercredi 27 novembre, Bachar al-Assad se trouve \u00e0 Moscou o\u00f9 son \u00e9pouse Asma est soign\u00e9e d&rsquo;un cancer.<\/p>\n\n\n\n<p>Il n&rsquo;appara\u00eet pas \u00e0 la soutenance de la th\u00e8se de doctorat de son fils Hafez deux jours plus tard, alors que toute la famille y assiste, selon un fonctionnaire de la pr\u00e9sidence qui a requis l&rsquo;anonymat.<\/p>\n\n\n\n<p>Samedi 30 novembre, quand il rentre de Moscou, Alep, la grande ville du nord, est d\u00e9j\u00e0 tomb\u00e9e.<\/p>\n\n\n\n<p>Quelques jours plus tard, la r\u00e9bellion s&#8217;empare des villes de Hama et Homs dans le centre, avant de prendre en tenaille Damas, une semaine plus tard.<\/p>\n\n\n\n<p>\u00ab\u00a0Ce samedi (7 d\u00e9cembre), Assad ne nous a pas rencontr\u00e9s. Nous savions qu&rsquo;il \u00e9tait l\u00e0, mais nous n&rsquo;avons pas eu de r\u00e9union avec lui\u00a0\u00bb, affirme un haut fonctionnaire du palais pr\u00e9sidentiel qui a requis l&rsquo;anonymat pour des raisons de s\u00e9curit\u00e9.<\/p>\n\n\n\n<p>\u00ab\u00a0Nous \u00e9tions au palais, nous n&rsquo;avions aucune explication et cela a caus\u00e9 beaucoup de confusion au niveau de la direction et m\u00eame sur le terrain\u00a0\u00bb, explique-t-il.<\/p>\n\n\n\n<p>\u00ab\u00a0Depuis la chute d&rsquo;Alep, nous ne l&rsquo;avons plus rencontr\u00e9, ce qui \u00e9tait tr\u00e8s \u00e9trange\u00a0\u00bb, dit-il. En milieu de semaine, il a r\u00e9uni les chefs des services de renseignements pour les rassurer.<\/p>\n\n\n\n<p>Mais dans les faits, il n&rsquo;y avait plus de capitaine \u00e0 bord. \u00ab\u00a0La chute d&rsquo;Alep nous a boulevers\u00e9s\u00a0\u00bb, relate ce haut fonctionnaire.<\/p>\n\n\n\n<p>Puis c&rsquo;est le tour de Hama, ville cl\u00e9 du centre. \u00ab\u00a0Jeudi, j&rsquo;ai parl\u00e9 \u00e0 11H30 avec des militaires de Hama qui m&rsquo;ont assur\u00e9 que la ville \u00e9tait verrouill\u00e9e et que m\u00eame une souris ne pourrait pas passer\u00a0\u00bb, raconte \u00e0 l&rsquo;AFP un colonel sous couvert d&rsquo;anonymat.<\/p>\n\n\n\n<p>\u00ab\u00a0Deux heures plus tard, ils ont re\u00e7u l&rsquo;ordre de ne pas se battre et de se red\u00e9ployer \u00e0 Homs, plus au sud. Les soldats (&#8230;) sont d\u00e9sempar\u00e9s et changent de v\u00eatements, jettent leurs armes et tentent de rentrer chez eux. Qui a donn\u00e9 l&rsquo;ordre? On ne sait pas\u00a0\u00bb, ajoute-t-il.<\/p>\n\n\n\n<p>A Homs, le gouverneur assure \u00e0 un journaliste qu&rsquo;il a demand\u00e9 \u00e0 l&rsquo;arm\u00e9e de r\u00e9sister, mais c&rsquo;\u00e9tait en vain: personne ne d\u00e9fendra la ville.<\/p>\n\n\n\n<h2 class=\"wp-block-heading\" id=\"h-un-discours-sans-cesse-reporte\">&#8211; Un discours sans cesse report\u00e9 &#8211;<\/h2>\n\n\n\n<p>Samedi matin, l&rsquo;id\u00e9e d&rsquo;un discours d&rsquo;Assad est \u00e9voqu\u00e9e. \u00ab\u00a0Nous avons commenc\u00e9 \u00e0 installer l&rsquo;\u00e9quipement. Tout \u00e9tait pr\u00eat\u00a0\u00bb, dit le fonctionnaire.<\/p>\n\n\n\n<p>\u00ab\u00a0Plus tard, nous avons \u00e9t\u00e9 surpris d&rsquo;apprendre que le discours \u00e9tait report\u00e9, peut-\u00eatre \u00e0 dimanche matin\u00a0\u00bb.<\/p>\n\n\n\n<p>Tous les hauts responsables ignoraient qu&rsquo;\u00e0 ce moment, l&rsquo;arm\u00e9e syrienne avait commenc\u00e9 \u00e0 br\u00fbler ses archives, selon lui.<\/p>\n\n\n\n<p>Samedi \u00e0 21H00 (18H00 GMT), \u00ab\u00a0le pr\u00e9sident appelle sa conseill\u00e8re politique Bouthaina Chaabane pour lui demander de lui pr\u00e9parer un discours et de le pr\u00e9senter au comit\u00e9 politique qui doit se r\u00e9unir dimanche matin\u00a0\u00bb, raconte \u00e0 l&rsquo;AFP un autre haut responsable.<\/p>\n\n\n\n<p>\u00ab\u00a0A 22H00, elle le rappelle, mais il ne r\u00e9pond plus au t\u00e9l\u00e9phone\u00a0\u00bb, ajoute ce proche collaborateur d&rsquo;Assad.<\/p>\n\n\n\n<p>Dans la soir\u00e9e, le directeur de m\u00e9dias de la pr\u00e9sidence Kamel Sakr dit \u00e0 des journalistes: \u00ab\u00a0Le pr\u00e9sident va faire une d\u00e9claration tr\u00e8s bient\u00f4t\u00a0\u00bb, puis il ne r\u00e9pond plus au t\u00e9l\u00e9phone, tout comme le ministre de l&rsquo;Int\u00e9rieur Mohammed al-Rahmoun.<\/p>\n\n\n\n<p>Le haut fonctionnaire affirme \u00eatre rest\u00e9 au bureau jusqu&rsquo;\u00e0 02H30. \u00ab\u00a0Nous \u00e9tions pr\u00eats \u00e0 recevoir \u00e0 tout moment une d\u00e9claration ou un message d&rsquo;Assad. Nous n&rsquo;aurions jamais imagin\u00e9 un tel sc\u00e9nario. Nous ne savions m\u00eame pas si le pr\u00e9sident \u00e9tait encore au palais\u00a0\u00bb, raconte-t-il.<\/p>\n\n\n\n<p>Aux environs de minuit, il est inform\u00e9 que le pr\u00e9sident aura besoin d&rsquo;un cameraman pour un \u00e9v\u00e9nement pr\u00e9vu le matin.<\/p>\n\n\n\n<p>\u00ab\u00a0Cela nous a rassur\u00e9s sur le fait qu&rsquo;il \u00e9tait encore l\u00e0 (&#8230;)\u00a0\u00bb, dit-il.<\/p>\n\n\n\n<p>Mais vers 02H00, un officier des services de renseignement l&rsquo;appelle pour lui dire que tout le monde avait quitt\u00e9 les lieux.<\/p>\n\n\n\n<p>\u00ab\u00a0J&rsquo;ai \u00e9t\u00e9 choqu\u00e9. Nous n&rsquo;\u00e9tions plus que deux dans le bureau. Le palais \u00e9tait quasiment vide, et nous \u00e9tions dans une grande confusion\u00a0\u00bb, dit-il.<\/p>\n\n\n\n<p>\u00c0 02H30, il quitte le palais. \u00ab\u00a0En arrivant sur la place des Omeyyades, il y avait plein de soldats en fuite, cherchant un moyen de transport\u00a0\u00bb.<\/p>\n\n\n\n<p>\u00ab\u00a0Ils \u00e9taient des milliers, venant du complexe s\u00e9curitaire, du minist\u00e8re de la D\u00e9fense et des autres branches de s\u00e9curit\u00e9. Nous avons appris que leurs sup\u00e9rieurs leur avaient ordonn\u00e9 de fuir\u00a0\u00bb, relate-t-il.<\/p>\n\n\n\n<p>\u00ab\u00a0La sc\u00e8ne \u00e9tait effrayante: des dizaines de milliers de voitures quittaient Damas, tandis qu&rsquo;encore plus de gens marchaient \u00e0 pied sur la route. \u00c0 ce moment-l\u00e0, j&rsquo;ai compris que tout \u00e9tait perdu et que Damas \u00e9tait tomb\u00e9e\u00a0\u00bb.<\/p>\n\n\n\n<p><\/p>\n\n\n\n<p>\u00a9 Agence France-Presse<\/p>\n","protected":false},"excerpt":{"rendered":"<p>Damas,\u00a0Syrie &#8211; (AFP) conflitsyrie Quelques heures avant la chute de Damas, le 8 d\u00e9cembre, le pr\u00e9sident syrien Bachar al-Assad a pris la fuite sans pr\u00e9venir des membres de sa famille ou ses plus proches collaborateurs, r\u00e9v\u00e8lent \u00e0 l&rsquo;AFP plusieurs hauts responsables syriens. Il avait m\u00eame appel\u00e9 sa conseill\u00e8re de presse samedi soir pour lui demander [&hellip;]<\/p>\n","protected":false},"author":10,"featured_media":15421,"comment_status":"open","ping_status":"open","sticky":false,"template":"","format":"standard","meta":{"_acf_changed":false,"om_disable_all_campaigns":false,"_monsterinsights_skip_tracking":false,"_monsterinsights_sitenote_active":false,"_monsterinsights_sitenote_note":"","_monsterinsights_sitenote_category":0,"tdm_status":"","tdm_grid_status":"","_jetpack_newsletter_access":"","_jetpack_dont_email_post_to_subs":false,"_jetpack_newsletter_tier_id":0,"_jetpack_memberships_contains_paywalled_content":false,"_jetpack_memberships_contains_paid_content":false,"footnotes":""},"categories":[876,954],"tags":[808,2342,2340],"adr_country":[2343],"class_list":{"0":"post-15433","1":"post","2":"type-post","3":"status-publish","4":"format-standard","5":"has-post-thumbnail","7":"category-acceuil-fr","8":"category-bs-monde-fr","9":"tag-conflit-fr","10":"tag-damas","11":"tag-syrie-2","12":"adr_country-syrie"},"acf":{"post_version":""},"yoast_head":"<!-- This site is optimized with the Yoast SEO Premium plugin v26.0 (Yoast SEO v27.4) - https:\/\/yoast.com\/product\/yoast-seo-premium-wordpress\/ -->\n<title>Un palais sous le choc: comment Bachar al-Assad a fui la Syrie - Africa Daily Report<\/title>\n<meta name=\"robots\" content=\"index, follow, max-snippet:-1, max-image-preview:large, max-video-preview:-1\" \/>\n<link rel=\"canonical\" href=\"https:\/\/africadailyreport.com\/fr\/2024\/12\/14\/un-palais-sous-le-choc-comment-bachar-al-assad-a-fui-la-syrie\/\" \/>\n<meta property=\"og:locale\" content=\"fr_FR\" \/>\n<meta property=\"og:type\" content=\"article\" \/>\n<meta property=\"og:title\" content=\"Un palais sous le choc: comment Bachar al-Assad a fui la Syrie\" \/>\n<meta property=\"og:description\" content=\"Damas,\u00a0Syrie &#8211; (AFP) conflitsyrie Quelques heures avant la chute de Damas, le 8 d\u00e9cembre, le pr\u00e9sident syrien Bachar al-Assad a pris la fuite sans pr\u00e9venir des membres de sa famille ou ses plus proches collaborateurs, r\u00e9v\u00e8lent \u00e0 l&rsquo;AFP plusieurs hauts responsables syriens. Il avait m\u00eame appel\u00e9 sa conseill\u00e8re de presse samedi soir pour lui demander [&hellip;]\" \/>\n<meta property=\"og:url\" content=\"https:\/\/africadailyreport.com\/fr\/2024\/12\/14\/un-palais-sous-le-choc-comment-bachar-al-assad-a-fui-la-syrie\/\" \/>\n<meta property=\"og:site_name\" content=\"Africa Daily Report\" \/>\n<meta property=\"article:publisher\" content=\"https:\/\/www.facebook.com\/africadailyreport\" \/>\n<meta property=\"article:published_time\" content=\"2024-12-14T14:08:52+00:00\" \/>\n<meta property=\"article:modified_time\" content=\"2024-12-14T14:10:17+00:00\" \/>\n<meta property=\"og:image\" content=\"https:\/\/africadailyreport.com\/wp-content\/uploads\/2024\/12\/AFP__20241214__36QC6ZT__v1__HighRes__SyriaConflictPrisoners-scaled.jpg\" \/>\n\t<meta property=\"og:image:width\" content=\"1\" \/>\n\t<meta property=\"og:image:height\" content=\"1\" \/>\n\t<meta property=\"og:image:type\" content=\"image\/jpeg\" \/>\n<meta name=\"author\" content=\"ADR\/AFP\" \/>\n<meta name=\"twitter:card\" content=\"summary_large_image\" \/>\n<meta name=\"twitter:creator\" content=\"@adr_africa\" \/>\n<meta name=\"twitter:site\" content=\"@adr_africa\" \/>\n<meta name=\"twitter:label1\" content=\"\u00c9crit par\" \/>\n\t<meta name=\"twitter:data1\" content=\"ADR\/AFP\" \/>\n\t<meta name=\"twitter:label2\" content=\"Dur\u00e9e de lecture estim\u00e9e\" \/>\n\t<meta name=\"twitter:data2\" content=\"5 minutes\" \/>\n<script type=\"application\/ld+json\" class=\"yoast-schema-graph\">{\"@context\":\"https:\\\/\\\/schema.org\",\"@graph\":[{\"@type\":\"Article\",\"@id\":\"https:\\\/\\\/africadailyreport.com\\\/fr\\\/2024\\\/12\\\/14\\\/un-palais-sous-le-choc-comment-bachar-al-assad-a-fui-la-syrie\\\/#article\",\"isPartOf\":{\"@id\":\"https:\\\/\\\/africadailyreport.com\\\/fr\\\/2024\\\/12\\\/14\\\/un-palais-sous-le-choc-comment-bachar-al-assad-a-fui-la-syrie\\\/\"},\"author\":{\"name\":\"ADR\\\/AFP\",\"@id\":\"https:\\\/\\\/africadailyreport.com\\\/fr\\\/#\\\/schema\\\/person\\\/c44d86d79f5570b3ba4cf70c989843f8\"},\"headline\":\"Un palais sous le choc: comment Bachar al-Assad a fui la Syrie\",\"datePublished\":\"2024-12-14T14:08:52+00:00\",\"dateModified\":\"2024-12-14T14:10:17+00:00\",\"mainEntityOfPage\":{\"@id\":\"https:\\\/\\\/africadailyreport.com\\\/fr\\\/2024\\\/12\\\/14\\\/un-palais-sous-le-choc-comment-bachar-al-assad-a-fui-la-syrie\\\/\"},\"wordCount\":1027,\"commentCount\":0,\"publisher\":{\"@id\":\"https:\\\/\\\/africadailyreport.com\\\/fr\\\/#organization\"},\"image\":{\"@id\":\"https:\\\/\\\/africadailyreport.com\\\/fr\\\/2024\\\/12\\\/14\\\/un-palais-sous-le-choc-comment-bachar-al-assad-a-fui-la-syrie\\\/#primaryimage\"},\"thumbnailUrl\":\"https:\\\/\\\/i0.wp.com\\\/africadailyreport.com\\\/wp-content\\\/uploads\\\/2024\\\/12\\\/AFP__20241214__36QC6ZT__v1__HighRes__SyriaConflictPrisoners-scaled.jpg?fit=%2C&ssl=1\",\"keywords\":[\"conflit\",\"damas\",\"syrie\"],\"articleSection\":[\"ACCEUIL\",\"MONDE\"],\"inLanguage\":\"fr-FR\",\"potentialAction\":[{\"@type\":\"CommentAction\",\"name\":\"Comment\",\"target\":[\"https:\\\/\\\/africadailyreport.com\\\/fr\\\/2024\\\/12\\\/14\\\/un-palais-sous-le-choc-comment-bachar-al-assad-a-fui-la-syrie\\\/#respond\"]}],\"copyrightYear\":\"2024\",\"copyrightHolder\":{\"@id\":\"https:\\\/\\\/africadailyreport.com\\\/#organization\"}},{\"@type\":\"WebPage\",\"@id\":\"https:\\\/\\\/africadailyreport.com\\\/fr\\\/2024\\\/12\\\/14\\\/un-palais-sous-le-choc-comment-bachar-al-assad-a-fui-la-syrie\\\/\",\"url\":\"https:\\\/\\\/africadailyreport.com\\\/fr\\\/2024\\\/12\\\/14\\\/un-palais-sous-le-choc-comment-bachar-al-assad-a-fui-la-syrie\\\/\",\"name\":\"Un palais sous le choc: comment Bachar al-Assad a fui la Syrie - Africa Daily Report\",\"isPartOf\":{\"@id\":\"https:\\\/\\\/africadailyreport.com\\\/fr\\\/#website\"},\"primaryImageOfPage\":{\"@id\":\"https:\\\/\\\/africadailyreport.com\\\/fr\\\/2024\\\/12\\\/14\\\/un-palais-sous-le-choc-comment-bachar-al-assad-a-fui-la-syrie\\\/#primaryimage\"},\"image\":{\"@id\":\"https:\\\/\\\/africadailyreport.com\\\/fr\\\/2024\\\/12\\\/14\\\/un-palais-sous-le-choc-comment-bachar-al-assad-a-fui-la-syrie\\\/#primaryimage\"},\"thumbnailUrl\":\"https:\\\/\\\/i0.wp.com\\\/africadailyreport.com\\\/wp-content\\\/uploads\\\/2024\\\/12\\\/AFP__20241214__36QC6ZT__v1__HighRes__SyriaConflictPrisoners-scaled.jpg?fit=%2C&ssl=1\",\"datePublished\":\"2024-12-14T14:08:52+00:00\",\"dateModified\":\"2024-12-14T14:10:17+00:00\",\"breadcrumb\":{\"@id\":\"https:\\\/\\\/africadailyreport.com\\\/fr\\\/2024\\\/12\\\/14\\\/un-palais-sous-le-choc-comment-bachar-al-assad-a-fui-la-syrie\\\/#breadcrumb\"},\"inLanguage\":\"fr-FR\",\"potentialAction\":[{\"@type\":\"ReadAction\",\"target\":[\"https:\\\/\\\/africadailyreport.com\\\/fr\\\/2024\\\/12\\\/14\\\/un-palais-sous-le-choc-comment-bachar-al-assad-a-fui-la-syrie\\\/\"]}]},{\"@type\":\"ImageObject\",\"inLanguage\":\"fr-FR\",\"@id\":\"https:\\\/\\\/africadailyreport.com\\\/fr\\\/2024\\\/12\\\/14\\\/un-palais-sous-le-choc-comment-bachar-al-assad-a-fui-la-syrie\\\/#primaryimage\",\"url\":\"https:\\\/\\\/i0.wp.com\\\/africadailyreport.com\\\/wp-content\\\/uploads\\\/2024\\\/12\\\/AFP__20241214__36QC6ZT__v1__HighRes__SyriaConflictPrisoners-scaled.jpg?fit=%2C&ssl=1\",\"contentUrl\":\"https:\\\/\\\/i0.wp.com\\\/africadailyreport.com\\\/wp-content\\\/uploads\\\/2024\\\/12\\\/AFP__20241214__36QC6ZT__v1__HighRes__SyriaConflictPrisoners-scaled.jpg?fit=%2C&ssl=1\",\"caption\":\"Men destroy a sign depicting Syria's ousted president Bashar al-Assad and his late father and predecessor Hafez al-Assad at the prison facility run by the \\\"Palestine Security branch\\\" of Syria's Military Intelligence Directorate in Damascus on December 13, 2024. - Days after the fall of Bashar al-Assad, people returned to the prison where they spent months underground experiencing the worst atrocities in the hands of one of the most feared branches of Syrian intelligence. (Photo by LOUAI BESHARA \\\/ AFP)\"},{\"@type\":\"BreadcrumbList\",\"@id\":\"https:\\\/\\\/africadailyreport.com\\\/fr\\\/2024\\\/12\\\/14\\\/un-palais-sous-le-choc-comment-bachar-al-assad-a-fui-la-syrie\\\/#breadcrumb\",\"itemListElement\":[{\"@type\":\"ListItem\",\"position\":1,\"name\":\"Home\",\"item\":\"https:\\\/\\\/africadailyreport.com\\\/fr\\\/\"},{\"@type\":\"ListItem\",\"position\":2,\"name\":\"Un palais sous le choc: comment Bachar al-Assad a fui la Syrie\"}]},{\"@type\":\"WebSite\",\"@id\":\"https:\\\/\\\/africadailyreport.com\\\/fr\\\/#website\",\"url\":\"https:\\\/\\\/africadailyreport.com\\\/fr\\\/\",\"name\":\"Africa Daily Report\",\"description\":\"\",\"publisher\":{\"@id\":\"https:\\\/\\\/africadailyreport.com\\\/fr\\\/#organization\"},\"potentialAction\":[{\"@type\":\"SearchAction\",\"target\":{\"@type\":\"EntryPoint\",\"urlTemplate\":\"https:\\\/\\\/africadailyreport.com\\\/fr\\\/?s={search_term_string}\"},\"query-input\":{\"@type\":\"PropertyValueSpecification\",\"valueRequired\":true,\"valueName\":\"search_term_string\"}}],\"inLanguage\":\"fr-FR\"},{\"@type\":\"Organization\",\"@id\":\"https:\\\/\\\/africadailyreport.com\\\/fr\\\/#organization\",\"name\":\"Africa Daily Report\",\"url\":\"https:\\\/\\\/africadailyreport.com\\\/fr\\\/\",\"logo\":{\"@type\":\"ImageObject\",\"inLanguage\":\"fr-FR\",\"@id\":\"https:\\\/\\\/africadailyreport.com\\\/fr\\\/#\\\/schema\\\/logo\\\/image\\\/\",\"url\":\"https:\\\/\\\/africadailyreport.com\\\/wp-content\\\/uploads\\\/2024\\\/09\\\/ADR-Transparent-Green-Logo-1.png\",\"contentUrl\":\"https:\\\/\\\/africadailyreport.com\\\/wp-content\\\/uploads\\\/2024\\\/09\\\/ADR-Transparent-Green-Logo-1.png\",\"width\":267,\"height\":185,\"caption\":\"Africa Daily Report\"},\"image\":{\"@id\":\"https:\\\/\\\/africadailyreport.com\\\/fr\\\/#\\\/schema\\\/logo\\\/image\\\/\"},\"sameAs\":[\"https:\\\/\\\/www.facebook.com\\\/africadailyreport\",\"https:\\\/\\\/x.com\\\/adr_africa\",\"https:\\\/\\\/www.youtube.com\\\/@africadailyreport\",\"https:\\\/\\\/instagram.com\\\/africadailyreport\"]},{\"@type\":\"Person\",\"@id\":\"https:\\\/\\\/africadailyreport.com\\\/fr\\\/#\\\/schema\\\/person\\\/c44d86d79f5570b3ba4cf70c989843f8\",\"name\":\"ADR\\\/AFP\",\"image\":{\"@type\":\"ImageObject\",\"inLanguage\":\"fr-FR\",\"@id\":\"https:\\\/\\\/secure.gravatar.com\\\/avatar\\\/2fbdc3782aa386b408fd9a36f0bc78ee569c94a7a05670cab3a1d72916408214?s=96&d=mm&r=g\",\"url\":\"https:\\\/\\\/secure.gravatar.com\\\/avatar\\\/2fbdc3782aa386b408fd9a36f0bc78ee569c94a7a05670cab3a1d72916408214?s=96&d=mm&r=g\",\"contentUrl\":\"https:\\\/\\\/secure.gravatar.com\\\/avatar\\\/2fbdc3782aa386b408fd9a36f0bc78ee569c94a7a05670cab3a1d72916408214?s=96&d=mm&r=g\",\"caption\":\"ADR\\\/AFP\"},\"sameAs\":[\"http:\\\/\\\/africadailyreport.com\"],\"url\":\"https:\\\/\\\/africadailyreport.com\\\/fr\\\/author\\\/both\\\/\"}]}<\/script>\n<!-- \/ Yoast SEO Premium plugin. -->","yoast_head_json":{"title":"Un palais sous le choc: comment Bachar al-Assad a fui la Syrie - Africa Daily Report","robots":{"index":"index","follow":"follow","max-snippet":"max-snippet:-1","max-image-preview":"max-image-preview:large","max-video-preview":"max-video-preview:-1"},"canonical":"https:\/\/africadailyreport.com\/fr\/2024\/12\/14\/un-palais-sous-le-choc-comment-bachar-al-assad-a-fui-la-syrie\/","og_locale":"fr_FR","og_type":"article","og_title":"Un palais sous le choc: comment Bachar al-Assad a fui la Syrie","og_description":"Damas,\u00a0Syrie &#8211; (AFP) conflitsyrie Quelques heures avant la chute de Damas, le 8 d\u00e9cembre, le pr\u00e9sident syrien Bachar al-Assad a pris la fuite sans pr\u00e9venir des membres de sa famille ou ses plus proches collaborateurs, r\u00e9v\u00e8lent \u00e0 l&rsquo;AFP plusieurs hauts responsables syriens. Il avait m\u00eame appel\u00e9 sa conseill\u00e8re de presse samedi soir pour lui demander [&hellip;]","og_url":"https:\/\/africadailyreport.com\/fr\/2024\/12\/14\/un-palais-sous-le-choc-comment-bachar-al-assad-a-fui-la-syrie\/","og_site_name":"Africa Daily Report","article_publisher":"https:\/\/www.facebook.com\/africadailyreport","article_published_time":"2024-12-14T14:08:52+00:00","article_modified_time":"2024-12-14T14:10:17+00:00","og_image":[{"url":"https:\/\/africadailyreport.com\/wp-content\/uploads\/2024\/12\/AFP__20241214__36QC6ZT__v1__HighRes__SyriaConflictPrisoners-scaled.jpg","width":1,"height":1,"type":"image\/jpeg"}],"author":"ADR\/AFP","twitter_card":"summary_large_image","twitter_creator":"@adr_africa","twitter_site":"@adr_africa","twitter_misc":{"\u00c9crit par":"ADR\/AFP","Dur\u00e9e de lecture estim\u00e9e":"5 minutes"},"schema":{"@context":"https:\/\/schema.org","@graph":[{"@type":"Article","@id":"https:\/\/africadailyreport.com\/fr\/2024\/12\/14\/un-palais-sous-le-choc-comment-bachar-al-assad-a-fui-la-syrie\/#article","isPartOf":{"@id":"https:\/\/africadailyreport.com\/fr\/2024\/12\/14\/un-palais-sous-le-choc-comment-bachar-al-assad-a-fui-la-syrie\/"},"author":{"name":"ADR\/AFP","@id":"https:\/\/africadailyreport.com\/fr\/#\/schema\/person\/c44d86d79f5570b3ba4cf70c989843f8"},"headline":"Un palais sous le choc: comment Bachar al-Assad a fui la Syrie","datePublished":"2024-12-14T14:08:52+00:00","dateModified":"2024-12-14T14:10:17+00:00","mainEntityOfPage":{"@id":"https:\/\/africadailyreport.com\/fr\/2024\/12\/14\/un-palais-sous-le-choc-comment-bachar-al-assad-a-fui-la-syrie\/"},"wordCount":1027,"commentCount":0,"publisher":{"@id":"https:\/\/africadailyreport.com\/fr\/#organization"},"image":{"@id":"https:\/\/africadailyreport.com\/fr\/2024\/12\/14\/un-palais-sous-le-choc-comment-bachar-al-assad-a-fui-la-syrie\/#primaryimage"},"thumbnailUrl":"https:\/\/i0.wp.com\/africadailyreport.com\/wp-content\/uploads\/2024\/12\/AFP__20241214__36QC6ZT__v1__HighRes__SyriaConflictPrisoners-scaled.jpg?fit=%2C&ssl=1","keywords":["conflit","damas","syrie"],"articleSection":["ACCEUIL","MONDE"],"inLanguage":"fr-FR","potentialAction":[{"@type":"CommentAction","name":"Comment","target":["https:\/\/africadailyreport.com\/fr\/2024\/12\/14\/un-palais-sous-le-choc-comment-bachar-al-assad-a-fui-la-syrie\/#respond"]}],"copyrightYear":"2024","copyrightHolder":{"@id":"https:\/\/africadailyreport.com\/#organization"}},{"@type":"WebPage","@id":"https:\/\/africadailyreport.com\/fr\/2024\/12\/14\/un-palais-sous-le-choc-comment-bachar-al-assad-a-fui-la-syrie\/","url":"https:\/\/africadailyreport.com\/fr\/2024\/12\/14\/un-palais-sous-le-choc-comment-bachar-al-assad-a-fui-la-syrie\/","name":"Un palais sous le choc: comment Bachar al-Assad a fui la Syrie - Africa Daily Report","isPartOf":{"@id":"https:\/\/africadailyreport.com\/fr\/#website"},"primaryImageOfPage":{"@id":"https:\/\/africadailyreport.com\/fr\/2024\/12\/14\/un-palais-sous-le-choc-comment-bachar-al-assad-a-fui-la-syrie\/#primaryimage"},"image":{"@id":"https:\/\/africadailyreport.com\/fr\/2024\/12\/14\/un-palais-sous-le-choc-comment-bachar-al-assad-a-fui-la-syrie\/#primaryimage"},"thumbnailUrl":"https:\/\/i0.wp.com\/africadailyreport.com\/wp-content\/uploads\/2024\/12\/AFP__20241214__36QC6ZT__v1__HighRes__SyriaConflictPrisoners-scaled.jpg?fit=%2C&ssl=1","datePublished":"2024-12-14T14:08:52+00:00","dateModified":"2024-12-14T14:10:17+00:00","breadcrumb":{"@id":"https:\/\/africadailyreport.com\/fr\/2024\/12\/14\/un-palais-sous-le-choc-comment-bachar-al-assad-a-fui-la-syrie\/#breadcrumb"},"inLanguage":"fr-FR","potentialAction":[{"@type":"ReadAction","target":["https:\/\/africadailyreport.com\/fr\/2024\/12\/14\/un-palais-sous-le-choc-comment-bachar-al-assad-a-fui-la-syrie\/"]}]},{"@type":"ImageObject","inLanguage":"fr-FR","@id":"https:\/\/africadailyreport.com\/fr\/2024\/12\/14\/un-palais-sous-le-choc-comment-bachar-al-assad-a-fui-la-syrie\/#primaryimage","url":"https:\/\/i0.wp.com\/africadailyreport.com\/wp-content\/uploads\/2024\/12\/AFP__20241214__36QC6ZT__v1__HighRes__SyriaConflictPrisoners-scaled.jpg?fit=%2C&ssl=1","contentUrl":"https:\/\/i0.wp.com\/africadailyreport.com\/wp-content\/uploads\/2024\/12\/AFP__20241214__36QC6ZT__v1__HighRes__SyriaConflictPrisoners-scaled.jpg?fit=%2C&ssl=1","caption":"Men destroy a sign depicting Syria's ousted president Bashar al-Assad and his late father and predecessor Hafez al-Assad at the prison facility run by the \"Palestine Security branch\" of Syria's Military Intelligence Directorate in Damascus on December 13, 2024. - Days after the fall of Bashar al-Assad, people returned to the prison where they spent months underground experiencing the worst atrocities in the hands of one of the most feared branches of Syrian intelligence. (Photo by LOUAI BESHARA \/ AFP)"},{"@type":"BreadcrumbList","@id":"https:\/\/africadailyreport.com\/fr\/2024\/12\/14\/un-palais-sous-le-choc-comment-bachar-al-assad-a-fui-la-syrie\/#breadcrumb","itemListElement":[{"@type":"ListItem","position":1,"name":"Home","item":"https:\/\/africadailyreport.com\/fr\/"},{"@type":"ListItem","position":2,"name":"Un palais sous le choc: comment Bachar al-Assad a fui la Syrie"}]},{"@type":"WebSite","@id":"https:\/\/africadailyreport.com\/fr\/#website","url":"https:\/\/africadailyreport.com\/fr\/","name":"Africa Daily Report","description":"","publisher":{"@id":"https:\/\/africadailyreport.com\/fr\/#organization"},"potentialAction":[{"@type":"SearchAction","target":{"@type":"EntryPoint","urlTemplate":"https:\/\/africadailyreport.com\/fr\/?s={search_term_string}"},"query-input":{"@type":"PropertyValueSpecification","valueRequired":true,"valueName":"search_term_string"}}],"inLanguage":"fr-FR"},{"@type":"Organization","@id":"https:\/\/africadailyreport.com\/fr\/#organization","name":"Africa Daily Report","url":"https:\/\/africadailyreport.com\/fr\/","logo":{"@type":"ImageObject","inLanguage":"fr-FR","@id":"https:\/\/africadailyreport.com\/fr\/#\/schema\/logo\/image\/","url":"https:\/\/africadailyreport.com\/wp-content\/uploads\/2024\/09\/ADR-Transparent-Green-Logo-1.png","contentUrl":"https:\/\/africadailyreport.com\/wp-content\/uploads\/2024\/09\/ADR-Transparent-Green-Logo-1.png","width":267,"height":185,"caption":"Africa Daily Report"},"image":{"@id":"https:\/\/africadailyreport.com\/fr\/#\/schema\/logo\/image\/"},"sameAs":["https:\/\/www.facebook.com\/africadailyreport","https:\/\/x.com\/adr_africa","https:\/\/www.youtube.com\/@africadailyreport","https:\/\/instagram.com\/africadailyreport"]},{"@type":"Person","@id":"https:\/\/africadailyreport.com\/fr\/#\/schema\/person\/c44d86d79f5570b3ba4cf70c989843f8","name":"ADR\/AFP","image":{"@type":"ImageObject","inLanguage":"fr-FR","@id":"https:\/\/secure.gravatar.com\/avatar\/2fbdc3782aa386b408fd9a36f0bc78ee569c94a7a05670cab3a1d72916408214?s=96&d=mm&r=g","url":"https:\/\/secure.gravatar.com\/avatar\/2fbdc3782aa386b408fd9a36f0bc78ee569c94a7a05670cab3a1d72916408214?s=96&d=mm&r=g","contentUrl":"https:\/\/secure.gravatar.com\/avatar\/2fbdc3782aa386b408fd9a36f0bc78ee569c94a7a05670cab3a1d72916408214?s=96&d=mm&r=g","caption":"ADR\/AFP"},"sameAs":["http:\/\/africadailyreport.com"],"url":"https:\/\/africadailyreport.com\/fr\/author\/both\/"}]}},"jetpack_featured_media_url":"https:\/\/i0.wp.com\/africadailyreport.com\/wp-content\/uploads\/2024\/12\/AFP__20241214__36QC6ZT__v1__HighRes__SyriaConflictPrisoners-scaled.jpg?fit=%2C&ssl=1","jetpack_sharing_enabled":true,"amp_enabled":true,"_links":{"self":[{"href":"https:\/\/africadailyreport.com\/fr\/wp-json\/wp\/v2\/posts\/15433","targetHints":{"allow":["GET"]}}],"collection":[{"href":"https:\/\/africadailyreport.com\/fr\/wp-json\/wp\/v2\/posts"}],"about":[{"href":"https:\/\/africadailyreport.com\/fr\/wp-json\/wp\/v2\/types\/post"}],"author":[{"embeddable":true,"href":"https:\/\/africadailyreport.com\/fr\/wp-json\/wp\/v2\/users\/10"}],"replies":[{"embeddable":true,"href":"https:\/\/africadailyreport.com\/fr\/wp-json\/wp\/v2\/comments?post=15433"}],"version-history":[{"count":3,"href":"https:\/\/africadailyreport.com\/fr\/wp-json\/wp\/v2\/posts\/15433\/revisions"}],"predecessor-version":[{"id":15436,"href":"https:\/\/africadailyreport.com\/fr\/wp-json\/wp\/v2\/posts\/15433\/revisions\/15436"}],"wp:featuredmedia":[{"embeddable":true,"href":"https:\/\/africadailyreport.com\/fr\/wp-json\/wp\/v2\/media\/15421"}],"wp:attachment":[{"href":"https:\/\/africadailyreport.com\/fr\/wp-json\/wp\/v2\/media?parent=15433"}],"wp:term":[{"taxonomy":"category","embeddable":true,"href":"https:\/\/africadailyreport.com\/fr\/wp-json\/wp\/v2\/categories?post=15433"},{"taxonomy":"post_tag","embeddable":true,"href":"https:\/\/africadailyreport.com\/fr\/wp-json\/wp\/v2\/tags?post=15433"},{"taxonomy":"adr_country","embeddable":true,"href":"https:\/\/africadailyreport.com\/fr\/wp-json\/wp\/v2\/adr_country?post=15433"}],"curies":[{"name":"wp","href":"https:\/\/api.w.org\/{rel}","templated":true}]}}