{"id":15397,"date":"2024-12-14T12:08:41","date_gmt":"2024-12-14T12:08:41","guid":{"rendered":"https:\/\/africadailyreport.com\/?p=15397"},"modified":"2024-12-14T12:10:27","modified_gmt":"2024-12-14T12:10:27","slug":"le-parlement-de-coree-du-sud-destitue-le-president-yoon","status":"publish","type":"post","link":"https:\/\/africadailyreport.com\/fr\/2024\/12\/14\/le-parlement-de-coree-du-sud-destitue-le-president-yoon\/","title":{"rendered":"Le Parlement de Cor\u00e9e du Sud destitue le pr\u00e9sident Yoon"},"content":{"rendered":"\n<h2 class=\"wp-block-heading\" id=\"h-seoul-coree-du-sud-afp-les-deputes-sud-coreens-ont-destitue-samedi-le-president-yoon-suk-yeol-apres-sa-tentative-ratee-d-imposer-la-loi-martiale-et-de-faire-museler-le-parlement-par-l-armee-le-3-decembre\"><em>S\u00e9oul,\u00a0Cor\u00e9e du Sud &#8211; (AFP) <\/em>&#8211; Les d\u00e9put\u00e9s sud-cor\u00e9ens ont destitu\u00e9 samedi le pr\u00e9sident Yoon Suk Yeol, apr\u00e8s sa tentative rat\u00e9e d&rsquo;imposer la loi martiale et de faire museler le Parlement par l&rsquo;arm\u00e9e le 3 d\u00e9cembre.<\/h2>\n\n\n\n\n\n<p>Les dizaines de milliers de manifestants mass\u00e9s \u00e0 l&rsquo;ext\u00e9rieur de l&rsquo;Assembl\u00e9e nationale ont explos\u00e9 de joie \u00e0 l&rsquo;annonce par le pr\u00e9sident de la chambre Woo Won-shik du r\u00e9sultat du vote: 204 voix pour la destitution, 85 contre, trois abstentions et huit bulletins invalides.<\/p>\n\n\n\n<p>La motion de destitution devait recueillir au moins 200 voix sur 300 pour passer. L&rsquo;opposition, qui dispose de 192 d\u00e9put\u00e9s, a donc r\u00e9ussi \u00e0 faire basculer dans son camp 12 des 108 \u00e9lus du Parti du pouvoir au peuple (PPP), la formation de M. Yoon.<\/p>\n\n\n\n<p>Le pr\u00e9sident est d\u00e9sormais suspendu, dans l&rsquo;attente de la validation de sa destitution par la Cour constitutionnelle sous 180 jours. Le Premier ministre Han Duck-soo assure l&rsquo;int\u00e9rim.<\/p>\n\n\n\n<p>L&rsquo;Union europ\u00e9enne a appel\u00e9 dans un communiqu\u00e9 samedi \u00e0 une \u00ab\u00a0r\u00e9solution rapide et ordonn\u00e9e de la crise politique actuelle, conform\u00e9ment \u00e0 la Constitution cor\u00e9enne\u00a0\u00bb.<\/p>\n\n\n\n<p>\u00ab\u00a0C&rsquo;est une victoire du peuple et de la d\u00e9mocratie\u00a0\u00bb, s&rsquo;est f\u00e9licit\u00e9 Park Chan-dae, le chef de file des d\u00e9put\u00e9s du Parti d\u00e9mocrate, la principale force d&rsquo;opposition.<\/p>\n\n\n\n<p>M. Yoon \u00ab\u00a0est devenu un pr\u00e9sident que les citoyens ne peuvent plus accepter. Il a compl\u00e8tement trahi les valeurs du conservatisme, portant atteinte au fondement m\u00eame de notre id\u00e9ologie\u00a0\u00bb, a r\u00e9agi un des d\u00e9put\u00e9s du PPP ayant vot\u00e9 pour la destitution, Kim Sang-wook, \u00e0 la cha\u00eene de t\u00e9l\u00e9vision JTBC.<\/p>\n\n\n\n<h2 class=\"wp-block-heading\" id=\"h-cerveau-de-la-rebellion\">&#8211; \u00ab\u00a0Cerveau\u00a0\u00bb de la r\u00e9bellion &#8211;<\/h2>\n\n\n\n<p>L&rsquo;imposition de la loi martiale \u00ab\u00a0est une violation claire de la Constitution et une grave infraction \u00e0 la loi\u00a0\u00bb, avait d\u00e9clar\u00e9 M. Park \u00e0 la tribune avant le scrutin. \u00ab\u00a0Yoon Suk Yeol est le cerveau de cette r\u00e9bellion\u00a0\u00bb.<\/p>\n\n\n\n<p>Le 7 d\u00e9cembre, une premi\u00e8re motion de destitution avait \u00e9chou\u00e9, la plupart des d\u00e9put\u00e9s du PPP ayant quitt\u00e9 l&rsquo;h\u00e9micycle pour emp\u00eacher le quorum d&rsquo;\u00eatre atteint.<\/p>\n\n\n\n<p>A l&rsquo;annonce du r\u00e9sultat du vote samedi apr\u00e8s-midi, les quelque 200.000 manifestants mass\u00e9s devant l&rsquo;Assembl\u00e9e nationale ont laiss\u00e9 \u00e9clater leur joie, dansant au son d&rsquo;une K-pop assourdissante, s&#8217;embrassant parfois en larmes et agitant des b\u00e2tons lumineux.<\/p>\n\n\n\n<p>\u00ab\u00a0N&rsquo;est-il pas extraordinaire que nous, le peuple, ayons r\u00e9alis\u00e9 tout \u00e7a ensemble?\u00a0\u00bb, s&rsquo;est exclam\u00e9e Choi Jung-ha, une manifestante de 52 ans.<\/p>\n\n\n\n<p>Environ 30.000 partisans de M. Yoon, selon la police, se sont pour leur part rassembl\u00e9s dans le centre de S\u00e9oul, entonnant des chants patriotiques et brandissant des drapeaux sud-cor\u00e9ens et am\u00e9ricains.<\/p>\n\n\n\n<p>\u00ab\u00a0Je suis profond\u00e9ment frustr\u00e9\u00a0\u00bb, a d\u00e9clar\u00e9 le pr\u00e9sident d\u00e9chu \u00e0 la t\u00e9l\u00e9vision, confirmant qu&rsquo;il allait maintenant se \u00ab\u00a0retirer pour un certain temps\u00a0\u00bb.<\/p>\n\n\n\n<p>La Cour constitutionnelle a six mois pour confirmer ou infirmer la d\u00e9cision du Parlement. Si la destitution est valid\u00e9e, une \u00e9lection pr\u00e9sidentielle aura lieu sous 60 jours.<\/p>\n\n\n\n<p>Le pr\u00e9sident de la Cour, Moon Hyung-bae, a promis \u00ab\u00a0une proc\u00e9dure rapide et juste\u00a0\u00bb.<\/p>\n\n\n\n<p><a target=\"_blank\" href=\"http:\/\/doc.afp.com\/36QA6XK\" rel=\"noreferrer noopener\">Yoon Suk Yeol<\/a>&nbsp;, 63 ans, est le troisi\u00e8me pr\u00e9sident de l&rsquo;histoire de la Cor\u00e9e du Sud \u00e0 \u00eatre destitu\u00e9 par le Parlement, apr\u00e8s Park Geun-hye en 2017 et Roh Moo-hyun en 2004. Ce dernier avait cependant vu sa destitution invalid\u00e9e par la Cour constitutionnelle deux mois apr\u00e8s son adoption par les d\u00e9put\u00e9s.<\/p>\n\n\n\n<p>Les ennuis de M. Yoon ne sont pas termin\u00e9s. Le pr\u00e9sident d\u00e9chu est vis\u00e9 par une enqu\u00eate p\u00e9nale pour \u00ab\u00a0r\u00e9bellion\u00a0\u00bb, un crime th\u00e9oriquement passible de la peine de mort, et interdit de quitter le pays.<\/p>\n\n\n\n<h2 class=\"wp-block-heading\" id=\"h-arrestations\">&#8211; Arrestations &#8211;<\/h2>\n\n\n\n<p>Vendredi, le parquet a annonc\u00e9 l&rsquo;arrestation du chef du commandement militaire de S\u00e9oul, et un tribunal a lanc\u00e9 des mandats d&rsquo;arr\u00eat contre le chefs de la police nationale et de la police de S\u00e9oul, citant un \u00ab\u00a0risque de destruction de preuves\u00a0\u00bb.<\/p>\n\n\n\n<p>L&rsquo;ancien ministre de la D\u00e9fense Kim Yong-hyun, consid\u00e9r\u00e9 comme la personne ayant pouss\u00e9 le pr\u00e9sident \u00e0 imposer la loi martiale, avait \u00e9t\u00e9 le premier \u00e0 \u00eatre arr\u00eat\u00e9 le 8 d\u00e9cembre. Il avait tent\u00e9 deux jours plus tard de se suicider en d\u00e9tention.<\/p>\n\n\n\n<p>Yoon Suk Yeol avait sid\u00e9r\u00e9 la Cor\u00e9e du Sud dans la nuit du 3 au 4 d\u00e9cembre en instaurant la loi martiale, une premi\u00e8re en plus de quatre d\u00e9cennies dans le pays, et en envoyant l&rsquo;arm\u00e9e au Parlement pour essayer d&#8217;emp\u00eacher les d\u00e9put\u00e9s de se r\u00e9unir.<\/p>\n\n\n\n<p>Selon les t\u00e9moignages ult\u00e9rieurs, devant les d\u00e9put\u00e9s, de plusieurs hauts-responsables militaires et de la police, le pr\u00e9sident avait aussi ordonn\u00e9 l&rsquo;arrestation des chefs des principaux partis politiques, dont le sien.<\/p>\n\n\n\n<p>Dans un h\u00e9micycle cern\u00e9 par les forces sp\u00e9ciales, les parlementaires avaient tout de m\u00eame r\u00e9ussi \u00e0 tenir une s\u00e9ance d&rsquo;urgence pendant que leurs assistants bloquaient les portes avec des tables et des sofas, et \u00e0 voter un texte r\u00e9clamant l&rsquo;abolition de la loi martiale. Le pr\u00e9sident avait \u00e9t\u00e9 constitutionnellement oblig\u00e9 d&rsquo;ob\u00e9ir, et les soldats \u00e9taient rentr\u00e9s dans leurs casernes.<\/p>\n\n\n\n<p>Yoon Suk Yeol, \u00e9lu pr\u00e9sident en 2022, avait justifi\u00e9 son coup de force par son d\u00e9sir de \u00ab\u00a0prot\u00e9ger la Cor\u00e9e du Sud lib\u00e9rale des menaces pos\u00e9es par les forces communistes nord-cor\u00e9ennes et \u00e9liminer les \u00e9l\u00e9ments hostiles \u00e0 l&rsquo;Etat\u00a0\u00bb, accusant le Parlement domin\u00e9 par l&rsquo;opposition de torpiller toutes ses initiatives et de bloquer le pays.<\/p>\n\n\n\n<p><\/p>\n\n\n\n<p>\u00a9 Agence France-Presse<\/p>\n","protected":false},"excerpt":{"rendered":"<p>S\u00e9oul,\u00a0Cor\u00e9e du Sud &#8211; (AFP) &#8211; Les d\u00e9put\u00e9s sud-cor\u00e9ens ont destitu\u00e9 samedi le pr\u00e9sident Yoon Suk Yeol, apr\u00e8s sa tentative rat\u00e9e d&rsquo;imposer la loi martiale et de faire museler le Parlement par l&rsquo;arm\u00e9e le 3 d\u00e9cembre. Les dizaines de milliers de manifestants mass\u00e9s \u00e0 l&rsquo;ext\u00e9rieur de l&rsquo;Assembl\u00e9e nationale ont explos\u00e9 de joie \u00e0 l&rsquo;annonce par [&hellip;]<\/p>\n","protected":false},"author":10,"featured_media":15398,"comment_status":"open","ping_status":"open","sticky":false,"template":"","format":"standard","meta":{"_acf_changed":false,"om_disable_all_campaigns":false,"_monsterinsights_skip_tracking":false,"_monsterinsights_sitenote_active":false,"_monsterinsights_sitenote_note":"","_monsterinsights_sitenote_category":0,"tdm_status":"","tdm_grid_status":"","_jetpack_newsletter_access":"","_jetpack_dont_email_post_to_subs":false,"_jetpack_newsletter_tier_id":0,"_jetpack_memberships_contains_paywalled_content":false,"_jetpack_memberships_contains_paid_content":false,"footnotes":""},"categories":[293,802,782],"tags":[2320,2321,2324,1250,2325,1439,788,2323,2322],"adr_country":[1202],"class_list":{"0":"post-15397","1":"post","2":"type-post","3":"status-publish","4":"format-standard","5":"has-post-thumbnail","7":"category-actualites-fr","8":"category-depeche-fr","9":"category-politique-fr","10":"tag-coree-du-sud-3","11":"tag-coreesud-4","12":"tag-cour-constitutionnelle","13":"tag-destitution-2","14":"tag-duck-soo","15":"tag-manifestation-2","16":"tag-parlement-fr","17":"tag-suspension","18":"tag-yoon-2","19":"adr_country-coree-du-sud"},"acf":{"post_version":""},"yoast_head":"<!-- This site is optimized with the Yoast SEO Premium plugin v26.0 (Yoast SEO v27.4) - https:\/\/yoast.com\/product\/yoast-seo-premium-wordpress\/ -->\n<title>Le Parlement de Cor\u00e9e du Sud destitue le pr\u00e9sident Yoon - Africa Daily Report<\/title>\n<meta name=\"robots\" content=\"index, follow, max-snippet:-1, max-image-preview:large, max-video-preview:-1\" \/>\n<link rel=\"canonical\" href=\"https:\/\/africadailyreport.com\/fr\/2024\/12\/14\/le-parlement-de-coree-du-sud-destitue-le-president-yoon\/\" \/>\n<meta property=\"og:locale\" content=\"fr_FR\" \/>\n<meta property=\"og:type\" content=\"article\" \/>\n<meta property=\"og:title\" content=\"Le Parlement de Cor\u00e9e du Sud destitue le pr\u00e9sident Yoon\" \/>\n<meta property=\"og:description\" content=\"S\u00e9oul,\u00a0Cor\u00e9e du Sud &#8211; (AFP) &#8211; Les d\u00e9put\u00e9s sud-cor\u00e9ens ont destitu\u00e9 samedi le pr\u00e9sident Yoon Suk Yeol, apr\u00e8s sa tentative rat\u00e9e d&rsquo;imposer la loi martiale et de faire museler le Parlement par l&rsquo;arm\u00e9e le 3 d\u00e9cembre. Les dizaines de milliers de manifestants mass\u00e9s \u00e0 l&rsquo;ext\u00e9rieur de l&rsquo;Assembl\u00e9e nationale ont explos\u00e9 de joie \u00e0 l&rsquo;annonce par [&hellip;]\" \/>\n<meta property=\"og:url\" content=\"https:\/\/africadailyreport.com\/fr\/2024\/12\/14\/le-parlement-de-coree-du-sud-destitue-le-president-yoon\/\" \/>\n<meta property=\"og:site_name\" content=\"Africa Daily Report\" \/>\n<meta property=\"article:publisher\" content=\"https:\/\/www.facebook.com\/africadailyreport\" \/>\n<meta property=\"article:published_time\" content=\"2024-12-14T12:08:41+00:00\" \/>\n<meta property=\"article:modified_time\" content=\"2024-12-14T12:10:27+00:00\" \/>\n<meta property=\"og:image\" content=\"https:\/\/africadailyreport.com\/wp-content\/uploads\/2024\/12\/AFP__20241214__36Q969B__v2__HighRes__TopshotSkoreaPoliticsUnrest-1-scaled.jpg\" \/>\n\t<meta property=\"og:image:width\" content=\"2560\" \/>\n\t<meta property=\"og:image:height\" content=\"1707\" \/>\n\t<meta property=\"og:image:type\" content=\"image\/jpeg\" \/>\n<meta name=\"author\" content=\"ADR\/AFP\" \/>\n<meta name=\"twitter:card\" content=\"summary_large_image\" \/>\n<meta name=\"twitter:creator\" content=\"@adr_africa\" \/>\n<meta name=\"twitter:site\" content=\"@adr_africa\" \/>\n<meta name=\"twitter:label1\" content=\"\u00c9crit par\" \/>\n\t<meta name=\"twitter:data1\" content=\"ADR\/AFP\" \/>\n\t<meta name=\"twitter:label2\" content=\"Dur\u00e9e de lecture estim\u00e9e\" \/>\n\t<meta name=\"twitter:data2\" content=\"5 minutes\" \/>\n<script type=\"application\/ld+json\" class=\"yoast-schema-graph\">{\"@context\":\"https:\\\/\\\/schema.org\",\"@graph\":[{\"@type\":\"Article\",\"@id\":\"https:\\\/\\\/africadailyreport.com\\\/fr\\\/2024\\\/12\\\/14\\\/le-parlement-de-coree-du-sud-destitue-le-president-yoon\\\/#article\",\"isPartOf\":{\"@id\":\"https:\\\/\\\/africadailyreport.com\\\/fr\\\/2024\\\/12\\\/14\\\/le-parlement-de-coree-du-sud-destitue-le-president-yoon\\\/\"},\"author\":{\"name\":\"ADR\\\/AFP\",\"@id\":\"https:\\\/\\\/africadailyreport.com\\\/fr\\\/#\\\/schema\\\/person\\\/c44d86d79f5570b3ba4cf70c989843f8\"},\"headline\":\"Le Parlement de Cor\u00e9e du Sud destitue le pr\u00e9sident Yoon\",\"datePublished\":\"2024-12-14T12:08:41+00:00\",\"dateModified\":\"2024-12-14T12:10:27+00:00\",\"mainEntityOfPage\":{\"@id\":\"https:\\\/\\\/africadailyreport.com\\\/fr\\\/2024\\\/12\\\/14\\\/le-parlement-de-coree-du-sud-destitue-le-president-yoon\\\/\"},\"wordCount\":974,\"commentCount\":0,\"publisher\":{\"@id\":\"https:\\\/\\\/africadailyreport.com\\\/fr\\\/#organization\"},\"image\":{\"@id\":\"https:\\\/\\\/africadailyreport.com\\\/fr\\\/2024\\\/12\\\/14\\\/le-parlement-de-coree-du-sud-destitue-le-president-yoon\\\/#primaryimage\"},\"thumbnailUrl\":\"https:\\\/\\\/i0.wp.com\\\/africadailyreport.com\\\/wp-content\\\/uploads\\\/2024\\\/12\\\/AFP__20241214__36Q969B__v2__HighRes__TopshotSkoreaPoliticsUnrest-1-scaled.jpg?fit=2560%2C1707&ssl=1\",\"keywords\":[\"coree du sud\",\"coreesud\",\"cour constitutionnelle\",\"destitution\",\"duck-soo\",\"manifestation\",\"parlement\",\"suspension\",\"yoon\"],\"articleSection\":[\"Actualit\u00e9s\",\"D\u00e9p\u00eache\",\"POLITIQUE\"],\"inLanguage\":\"fr-FR\",\"potentialAction\":[{\"@type\":\"CommentAction\",\"name\":\"Comment\",\"target\":[\"https:\\\/\\\/africadailyreport.com\\\/fr\\\/2024\\\/12\\\/14\\\/le-parlement-de-coree-du-sud-destitue-le-president-yoon\\\/#respond\"]}],\"copyrightYear\":\"2024\",\"copyrightHolder\":{\"@id\":\"https:\\\/\\\/africadailyreport.com\\\/#organization\"}},{\"@type\":\"WebPage\",\"@id\":\"https:\\\/\\\/africadailyreport.com\\\/fr\\\/2024\\\/12\\\/14\\\/le-parlement-de-coree-du-sud-destitue-le-president-yoon\\\/\",\"url\":\"https:\\\/\\\/africadailyreport.com\\\/fr\\\/2024\\\/12\\\/14\\\/le-parlement-de-coree-du-sud-destitue-le-president-yoon\\\/\",\"name\":\"Le Parlement de Cor\u00e9e du Sud destitue le pr\u00e9sident Yoon - Africa Daily Report\",\"isPartOf\":{\"@id\":\"https:\\\/\\\/africadailyreport.com\\\/fr\\\/#website\"},\"primaryImageOfPage\":{\"@id\":\"https:\\\/\\\/africadailyreport.com\\\/fr\\\/2024\\\/12\\\/14\\\/le-parlement-de-coree-du-sud-destitue-le-president-yoon\\\/#primaryimage\"},\"image\":{\"@id\":\"https:\\\/\\\/africadailyreport.com\\\/fr\\\/2024\\\/12\\\/14\\\/le-parlement-de-coree-du-sud-destitue-le-president-yoon\\\/#primaryimage\"},\"thumbnailUrl\":\"https:\\\/\\\/i0.wp.com\\\/africadailyreport.com\\\/wp-content\\\/uploads\\\/2024\\\/12\\\/AFP__20241214__36Q969B__v2__HighRes__TopshotSkoreaPoliticsUnrest-1-scaled.jpg?fit=2560%2C1707&ssl=1\",\"datePublished\":\"2024-12-14T12:08:41+00:00\",\"dateModified\":\"2024-12-14T12:10:27+00:00\",\"breadcrumb\":{\"@id\":\"https:\\\/\\\/africadailyreport.com\\\/fr\\\/2024\\\/12\\\/14\\\/le-parlement-de-coree-du-sud-destitue-le-president-yoon\\\/#breadcrumb\"},\"inLanguage\":\"fr-FR\",\"potentialAction\":[{\"@type\":\"ReadAction\",\"target\":[\"https:\\\/\\\/africadailyreport.com\\\/fr\\\/2024\\\/12\\\/14\\\/le-parlement-de-coree-du-sud-destitue-le-president-yoon\\\/\"]}]},{\"@type\":\"ImageObject\",\"inLanguage\":\"fr-FR\",\"@id\":\"https:\\\/\\\/africadailyreport.com\\\/fr\\\/2024\\\/12\\\/14\\\/le-parlement-de-coree-du-sud-destitue-le-president-yoon\\\/#primaryimage\",\"url\":\"https:\\\/\\\/i0.wp.com\\\/africadailyreport.com\\\/wp-content\\\/uploads\\\/2024\\\/12\\\/AFP__20241214__36Q969B__v2__HighRes__TopshotSkoreaPoliticsUnrest-1-scaled.jpg?fit=2560%2C1707&ssl=1\",\"contentUrl\":\"https:\\\/\\\/i0.wp.com\\\/africadailyreport.com\\\/wp-content\\\/uploads\\\/2024\\\/12\\\/AFP__20241214__36Q969B__v2__HighRes__TopshotSkoreaPoliticsUnrest-1-scaled.jpg?fit=2560%2C1707&ssl=1\",\"width\":2560,\"height\":1707,\"caption\":\"This handout photo taken on December 14, 2024 and released by the South Korean Presidential Office shows President Yoon Suk Yeol giving a public address from his official residence in Seoul. - Yoon on December 14 said he would \\\"step aside\\\" after parliament voted to remove him from office, urging an end to \\\"politics of excess and confrontation\\\". South Korean lawmakers on Saturday impeached Yoon over his failed martial law bid, with the opposition declaring a \\\"victory of the people\\\". (Photo by Handout \\\/ South Korean Presidential Office \\\/ AFP) \\\/ RESTRICTED TO EDITORIAL USE - MANDATORY CREDIT \\\"AFP PHOTO \\\/ SOUTH KOREAN PRESIDENTIAL OFFICE\\\" - NO MARKETING NO ADVERTISING CAMPAIGNS - DISTRIBUTED AS A SERVICE TO CLIENTS\"},{\"@type\":\"BreadcrumbList\",\"@id\":\"https:\\\/\\\/africadailyreport.com\\\/fr\\\/2024\\\/12\\\/14\\\/le-parlement-de-coree-du-sud-destitue-le-president-yoon\\\/#breadcrumb\",\"itemListElement\":[{\"@type\":\"ListItem\",\"position\":1,\"name\":\"Home\",\"item\":\"https:\\\/\\\/africadailyreport.com\\\/fr\\\/\"},{\"@type\":\"ListItem\",\"position\":2,\"name\":\"Le Parlement de Cor\u00e9e du Sud destitue le pr\u00e9sident Yoon\"}]},{\"@type\":\"WebSite\",\"@id\":\"https:\\\/\\\/africadailyreport.com\\\/fr\\\/#website\",\"url\":\"https:\\\/\\\/africadailyreport.com\\\/fr\\\/\",\"name\":\"Africa Daily Report\",\"description\":\"\",\"publisher\":{\"@id\":\"https:\\\/\\\/africadailyreport.com\\\/fr\\\/#organization\"},\"potentialAction\":[{\"@type\":\"SearchAction\",\"target\":{\"@type\":\"EntryPoint\",\"urlTemplate\":\"https:\\\/\\\/africadailyreport.com\\\/fr\\\/?s={search_term_string}\"},\"query-input\":{\"@type\":\"PropertyValueSpecification\",\"valueRequired\":true,\"valueName\":\"search_term_string\"}}],\"inLanguage\":\"fr-FR\"},{\"@type\":\"Organization\",\"@id\":\"https:\\\/\\\/africadailyreport.com\\\/fr\\\/#organization\",\"name\":\"Africa Daily Report\",\"url\":\"https:\\\/\\\/africadailyreport.com\\\/fr\\\/\",\"logo\":{\"@type\":\"ImageObject\",\"inLanguage\":\"fr-FR\",\"@id\":\"https:\\\/\\\/africadailyreport.com\\\/fr\\\/#\\\/schema\\\/logo\\\/image\\\/\",\"url\":\"https:\\\/\\\/africadailyreport.com\\\/wp-content\\\/uploads\\\/2024\\\/09\\\/ADR-Transparent-Green-Logo-1.png\",\"contentUrl\":\"https:\\\/\\\/africadailyreport.com\\\/wp-content\\\/uploads\\\/2024\\\/09\\\/ADR-Transparent-Green-Logo-1.png\",\"width\":267,\"height\":185,\"caption\":\"Africa Daily Report\"},\"image\":{\"@id\":\"https:\\\/\\\/africadailyreport.com\\\/fr\\\/#\\\/schema\\\/logo\\\/image\\\/\"},\"sameAs\":[\"https:\\\/\\\/www.facebook.com\\\/africadailyreport\",\"https:\\\/\\\/x.com\\\/adr_africa\",\"https:\\\/\\\/www.youtube.com\\\/@africadailyreport\",\"https:\\\/\\\/instagram.com\\\/africadailyreport\"]},{\"@type\":\"Person\",\"@id\":\"https:\\\/\\\/africadailyreport.com\\\/fr\\\/#\\\/schema\\\/person\\\/c44d86d79f5570b3ba4cf70c989843f8\",\"name\":\"ADR\\\/AFP\",\"image\":{\"@type\":\"ImageObject\",\"inLanguage\":\"fr-FR\",\"@id\":\"https:\\\/\\\/secure.gravatar.com\\\/avatar\\\/2fbdc3782aa386b408fd9a36f0bc78ee569c94a7a05670cab3a1d72916408214?s=96&d=mm&r=g\",\"url\":\"https:\\\/\\\/secure.gravatar.com\\\/avatar\\\/2fbdc3782aa386b408fd9a36f0bc78ee569c94a7a05670cab3a1d72916408214?s=96&d=mm&r=g\",\"contentUrl\":\"https:\\\/\\\/secure.gravatar.com\\\/avatar\\\/2fbdc3782aa386b408fd9a36f0bc78ee569c94a7a05670cab3a1d72916408214?s=96&d=mm&r=g\",\"caption\":\"ADR\\\/AFP\"},\"sameAs\":[\"http:\\\/\\\/africadailyreport.com\"],\"url\":\"https:\\\/\\\/africadailyreport.com\\\/fr\\\/author\\\/both\\\/\"}]}<\/script>\n<!-- \/ Yoast SEO Premium plugin. -->","yoast_head_json":{"title":"Le Parlement de Cor\u00e9e du Sud destitue le pr\u00e9sident Yoon - Africa Daily Report","robots":{"index":"index","follow":"follow","max-snippet":"max-snippet:-1","max-image-preview":"max-image-preview:large","max-video-preview":"max-video-preview:-1"},"canonical":"https:\/\/africadailyreport.com\/fr\/2024\/12\/14\/le-parlement-de-coree-du-sud-destitue-le-president-yoon\/","og_locale":"fr_FR","og_type":"article","og_title":"Le Parlement de Cor\u00e9e du Sud destitue le pr\u00e9sident Yoon","og_description":"S\u00e9oul,\u00a0Cor\u00e9e du Sud &#8211; (AFP) &#8211; Les d\u00e9put\u00e9s sud-cor\u00e9ens ont destitu\u00e9 samedi le pr\u00e9sident Yoon Suk Yeol, apr\u00e8s sa tentative rat\u00e9e d&rsquo;imposer la loi martiale et de faire museler le Parlement par l&rsquo;arm\u00e9e le 3 d\u00e9cembre. Les dizaines de milliers de manifestants mass\u00e9s \u00e0 l&rsquo;ext\u00e9rieur de l&rsquo;Assembl\u00e9e nationale ont explos\u00e9 de joie \u00e0 l&rsquo;annonce par [&hellip;]","og_url":"https:\/\/africadailyreport.com\/fr\/2024\/12\/14\/le-parlement-de-coree-du-sud-destitue-le-president-yoon\/","og_site_name":"Africa Daily Report","article_publisher":"https:\/\/www.facebook.com\/africadailyreport","article_published_time":"2024-12-14T12:08:41+00:00","article_modified_time":"2024-12-14T12:10:27+00:00","og_image":[{"width":2560,"height":1707,"url":"https:\/\/africadailyreport.com\/wp-content\/uploads\/2024\/12\/AFP__20241214__36Q969B__v2__HighRes__TopshotSkoreaPoliticsUnrest-1-scaled.jpg","type":"image\/jpeg"}],"author":"ADR\/AFP","twitter_card":"summary_large_image","twitter_creator":"@adr_africa","twitter_site":"@adr_africa","twitter_misc":{"\u00c9crit par":"ADR\/AFP","Dur\u00e9e de lecture estim\u00e9e":"5 minutes"},"schema":{"@context":"https:\/\/schema.org","@graph":[{"@type":"Article","@id":"https:\/\/africadailyreport.com\/fr\/2024\/12\/14\/le-parlement-de-coree-du-sud-destitue-le-president-yoon\/#article","isPartOf":{"@id":"https:\/\/africadailyreport.com\/fr\/2024\/12\/14\/le-parlement-de-coree-du-sud-destitue-le-president-yoon\/"},"author":{"name":"ADR\/AFP","@id":"https:\/\/africadailyreport.com\/fr\/#\/schema\/person\/c44d86d79f5570b3ba4cf70c989843f8"},"headline":"Le Parlement de Cor\u00e9e du Sud destitue le pr\u00e9sident Yoon","datePublished":"2024-12-14T12:08:41+00:00","dateModified":"2024-12-14T12:10:27+00:00","mainEntityOfPage":{"@id":"https:\/\/africadailyreport.com\/fr\/2024\/12\/14\/le-parlement-de-coree-du-sud-destitue-le-president-yoon\/"},"wordCount":974,"commentCount":0,"publisher":{"@id":"https:\/\/africadailyreport.com\/fr\/#organization"},"image":{"@id":"https:\/\/africadailyreport.com\/fr\/2024\/12\/14\/le-parlement-de-coree-du-sud-destitue-le-president-yoon\/#primaryimage"},"thumbnailUrl":"https:\/\/i0.wp.com\/africadailyreport.com\/wp-content\/uploads\/2024\/12\/AFP__20241214__36Q969B__v2__HighRes__TopshotSkoreaPoliticsUnrest-1-scaled.jpg?fit=2560%2C1707&ssl=1","keywords":["coree du sud","coreesud","cour constitutionnelle","destitution","duck-soo","manifestation","parlement","suspension","yoon"],"articleSection":["Actualit\u00e9s","D\u00e9p\u00eache","POLITIQUE"],"inLanguage":"fr-FR","potentialAction":[{"@type":"CommentAction","name":"Comment","target":["https:\/\/africadailyreport.com\/fr\/2024\/12\/14\/le-parlement-de-coree-du-sud-destitue-le-president-yoon\/#respond"]}],"copyrightYear":"2024","copyrightHolder":{"@id":"https:\/\/africadailyreport.com\/#organization"}},{"@type":"WebPage","@id":"https:\/\/africadailyreport.com\/fr\/2024\/12\/14\/le-parlement-de-coree-du-sud-destitue-le-president-yoon\/","url":"https:\/\/africadailyreport.com\/fr\/2024\/12\/14\/le-parlement-de-coree-du-sud-destitue-le-president-yoon\/","name":"Le Parlement de Cor\u00e9e du Sud destitue le pr\u00e9sident Yoon - Africa Daily Report","isPartOf":{"@id":"https:\/\/africadailyreport.com\/fr\/#website"},"primaryImageOfPage":{"@id":"https:\/\/africadailyreport.com\/fr\/2024\/12\/14\/le-parlement-de-coree-du-sud-destitue-le-president-yoon\/#primaryimage"},"image":{"@id":"https:\/\/africadailyreport.com\/fr\/2024\/12\/14\/le-parlement-de-coree-du-sud-destitue-le-president-yoon\/#primaryimage"},"thumbnailUrl":"https:\/\/i0.wp.com\/africadailyreport.com\/wp-content\/uploads\/2024\/12\/AFP__20241214__36Q969B__v2__HighRes__TopshotSkoreaPoliticsUnrest-1-scaled.jpg?fit=2560%2C1707&ssl=1","datePublished":"2024-12-14T12:08:41+00:00","dateModified":"2024-12-14T12:10:27+00:00","breadcrumb":{"@id":"https:\/\/africadailyreport.com\/fr\/2024\/12\/14\/le-parlement-de-coree-du-sud-destitue-le-president-yoon\/#breadcrumb"},"inLanguage":"fr-FR","potentialAction":[{"@type":"ReadAction","target":["https:\/\/africadailyreport.com\/fr\/2024\/12\/14\/le-parlement-de-coree-du-sud-destitue-le-president-yoon\/"]}]},{"@type":"ImageObject","inLanguage":"fr-FR","@id":"https:\/\/africadailyreport.com\/fr\/2024\/12\/14\/le-parlement-de-coree-du-sud-destitue-le-president-yoon\/#primaryimage","url":"https:\/\/i0.wp.com\/africadailyreport.com\/wp-content\/uploads\/2024\/12\/AFP__20241214__36Q969B__v2__HighRes__TopshotSkoreaPoliticsUnrest-1-scaled.jpg?fit=2560%2C1707&ssl=1","contentUrl":"https:\/\/i0.wp.com\/africadailyreport.com\/wp-content\/uploads\/2024\/12\/AFP__20241214__36Q969B__v2__HighRes__TopshotSkoreaPoliticsUnrest-1-scaled.jpg?fit=2560%2C1707&ssl=1","width":2560,"height":1707,"caption":"This handout photo taken on December 14, 2024 and released by the South Korean Presidential Office shows President Yoon Suk Yeol giving a public address from his official residence in Seoul. - Yoon on December 14 said he would \"step aside\" after parliament voted to remove him from office, urging an end to \"politics of excess and confrontation\". South Korean lawmakers on Saturday impeached Yoon over his failed martial law bid, with the opposition declaring a \"victory of the people\". (Photo by Handout \/ South Korean Presidential Office \/ AFP) \/ RESTRICTED TO EDITORIAL USE - MANDATORY CREDIT \"AFP PHOTO \/ SOUTH KOREAN PRESIDENTIAL OFFICE\" - NO MARKETING NO ADVERTISING CAMPAIGNS - DISTRIBUTED AS A SERVICE TO CLIENTS"},{"@type":"BreadcrumbList","@id":"https:\/\/africadailyreport.com\/fr\/2024\/12\/14\/le-parlement-de-coree-du-sud-destitue-le-president-yoon\/#breadcrumb","itemListElement":[{"@type":"ListItem","position":1,"name":"Home","item":"https:\/\/africadailyreport.com\/fr\/"},{"@type":"ListItem","position":2,"name":"Le Parlement de Cor\u00e9e du Sud destitue le pr\u00e9sident Yoon"}]},{"@type":"WebSite","@id":"https:\/\/africadailyreport.com\/fr\/#website","url":"https:\/\/africadailyreport.com\/fr\/","name":"Africa Daily Report","description":"","publisher":{"@id":"https:\/\/africadailyreport.com\/fr\/#organization"},"potentialAction":[{"@type":"SearchAction","target":{"@type":"EntryPoint","urlTemplate":"https:\/\/africadailyreport.com\/fr\/?s={search_term_string}"},"query-input":{"@type":"PropertyValueSpecification","valueRequired":true,"valueName":"search_term_string"}}],"inLanguage":"fr-FR"},{"@type":"Organization","@id":"https:\/\/africadailyreport.com\/fr\/#organization","name":"Africa Daily Report","url":"https:\/\/africadailyreport.com\/fr\/","logo":{"@type":"ImageObject","inLanguage":"fr-FR","@id":"https:\/\/africadailyreport.com\/fr\/#\/schema\/logo\/image\/","url":"https:\/\/africadailyreport.com\/wp-content\/uploads\/2024\/09\/ADR-Transparent-Green-Logo-1.png","contentUrl":"https:\/\/africadailyreport.com\/wp-content\/uploads\/2024\/09\/ADR-Transparent-Green-Logo-1.png","width":267,"height":185,"caption":"Africa Daily Report"},"image":{"@id":"https:\/\/africadailyreport.com\/fr\/#\/schema\/logo\/image\/"},"sameAs":["https:\/\/www.facebook.com\/africadailyreport","https:\/\/x.com\/adr_africa","https:\/\/www.youtube.com\/@africadailyreport","https:\/\/instagram.com\/africadailyreport"]},{"@type":"Person","@id":"https:\/\/africadailyreport.com\/fr\/#\/schema\/person\/c44d86d79f5570b3ba4cf70c989843f8","name":"ADR\/AFP","image":{"@type":"ImageObject","inLanguage":"fr-FR","@id":"https:\/\/secure.gravatar.com\/avatar\/2fbdc3782aa386b408fd9a36f0bc78ee569c94a7a05670cab3a1d72916408214?s=96&d=mm&r=g","url":"https:\/\/secure.gravatar.com\/avatar\/2fbdc3782aa386b408fd9a36f0bc78ee569c94a7a05670cab3a1d72916408214?s=96&d=mm&r=g","contentUrl":"https:\/\/secure.gravatar.com\/avatar\/2fbdc3782aa386b408fd9a36f0bc78ee569c94a7a05670cab3a1d72916408214?s=96&d=mm&r=g","caption":"ADR\/AFP"},"sameAs":["http:\/\/africadailyreport.com"],"url":"https:\/\/africadailyreport.com\/fr\/author\/both\/"}]}},"jetpack_featured_media_url":"https:\/\/i0.wp.com\/africadailyreport.com\/wp-content\/uploads\/2024\/12\/AFP__20241214__36Q969B__v2__HighRes__TopshotSkoreaPoliticsUnrest-1-scaled.jpg?fit=2560%2C1707&ssl=1","jetpack_sharing_enabled":true,"amp_enabled":true,"_links":{"self":[{"href":"https:\/\/africadailyreport.com\/fr\/wp-json\/wp\/v2\/posts\/15397","targetHints":{"allow":["GET"]}}],"collection":[{"href":"https:\/\/africadailyreport.com\/fr\/wp-json\/wp\/v2\/posts"}],"about":[{"href":"https:\/\/africadailyreport.com\/fr\/wp-json\/wp\/v2\/types\/post"}],"author":[{"embeddable":true,"href":"https:\/\/africadailyreport.com\/fr\/wp-json\/wp\/v2\/users\/10"}],"replies":[{"embeddable":true,"href":"https:\/\/africadailyreport.com\/fr\/wp-json\/wp\/v2\/comments?post=15397"}],"version-history":[{"count":4,"href":"https:\/\/africadailyreport.com\/fr\/wp-json\/wp\/v2\/posts\/15397\/revisions"}],"predecessor-version":[{"id":15404,"href":"https:\/\/africadailyreport.com\/fr\/wp-json\/wp\/v2\/posts\/15397\/revisions\/15404"}],"wp:featuredmedia":[{"embeddable":true,"href":"https:\/\/africadailyreport.com\/fr\/wp-json\/wp\/v2\/media\/15398"}],"wp:attachment":[{"href":"https:\/\/africadailyreport.com\/fr\/wp-json\/wp\/v2\/media?parent=15397"}],"wp:term":[{"taxonomy":"category","embeddable":true,"href":"https:\/\/africadailyreport.com\/fr\/wp-json\/wp\/v2\/categories?post=15397"},{"taxonomy":"post_tag","embeddable":true,"href":"https:\/\/africadailyreport.com\/fr\/wp-json\/wp\/v2\/tags?post=15397"},{"taxonomy":"adr_country","embeddable":true,"href":"https:\/\/africadailyreport.com\/fr\/wp-json\/wp\/v2\/adr_country?post=15397"}],"curies":[{"name":"wp","href":"https:\/\/api.w.org\/{rel}","templated":true}]}}