{"id":15369,"date":"2024-12-14T10:14:56","date_gmt":"2024-12-14T10:14:56","guid":{"rendered":"https:\/\/africadailyreport.com\/2024\/12\/14\/15364\/"},"modified":"2024-12-14T10:52:28","modified_gmt":"2024-12-14T10:52:28","slug":"15364","status":"publish","type":"post","link":"https:\/\/africadailyreport.com\/fr\/2024\/12\/14\/15364\/","title":{"rendered":"Une relation fragile entre Ouattara et l&rsquo;\u00c9glise ivoirienne"},"content":{"rendered":"\n<h4 class=\"wp-block-heading\" id=\"h-introduction-une-problematique-cruciale-entre-politique-et-religion\">Introduction : Une probl\u00e9matique cruciale entre politique et religion<\/h4>\n\n\n\n<p>Depuis son accession au pouvoir en 2010, le pr\u00e9sident ivoirien Alassane Ouattara a fait des relations diplomatiques avec le Vatican un pilier de sa strat\u00e9gie internationale. Cependant, ces efforts contrastent avec les tensions r\u00e9currentes entre son gouvernement et l\u2019\u00c9glise catholique locale, qui critique fr\u00e9quemment son administration. \u00c0 l\u2019approche de l\u2019\u00e9lection pr\u00e9sidentielle de 2025, cette dynamique complexe soul\u00e8ve des interrogations sur son impact sur la stabilit\u00e9 politique et sociale du pays.<\/p>\n\n\n\n<figure class=\"wp-block-image size-large\"><img data-recalc-dims=\"1\" loading=\"lazy\" decoding=\"async\" width=\"696\" height=\"591\" src=\"https:\/\/i0.wp.com\/africadailyreport.com\/wp-content\/uploads\/2024\/12\/Ouattara_Pape.png?resize=696%2C591&#038;ssl=1\" alt=\"\" class=\"wp-image-15365\" srcset=\"https:\/\/i0.wp.com\/africadailyreport.com\/wp-content\/uploads\/2024\/12\/Ouattara_Pape.png?resize=1024%2C870&amp;ssl=1 1024w, https:\/\/i0.wp.com\/africadailyreport.com\/wp-content\/uploads\/2024\/12\/Ouattara_Pape.png?resize=300%2C255&amp;ssl=1 300w, https:\/\/i0.wp.com\/africadailyreport.com\/wp-content\/uploads\/2024\/12\/Ouattara_Pape.png?resize=768%2C653&amp;ssl=1 768w, https:\/\/i0.wp.com\/africadailyreport.com\/wp-content\/uploads\/2024\/12\/Ouattara_Pape.png?resize=494%2C420&amp;ssl=1 494w, https:\/\/i0.wp.com\/africadailyreport.com\/wp-content\/uploads\/2024\/12\/Ouattara_Pape.png?resize=150%2C127&amp;ssl=1 150w, https:\/\/i0.wp.com\/africadailyreport.com\/wp-content\/uploads\/2024\/12\/Ouattara_Pape.png?resize=696%2C591&amp;ssl=1 696w, https:\/\/i0.wp.com\/africadailyreport.com\/wp-content\/uploads\/2024\/12\/Ouattara_Pape.png?resize=1068%2C908&amp;ssl=1 1068w, https:\/\/i0.wp.com\/africadailyreport.com\/wp-content\/uploads\/2024\/12\/Ouattara_Pape.png?w=1092&amp;ssl=1 1092w\" sizes=\"auto, (max-width: 696px) 100vw, 696px\" \/><figcaption class=\"wp-element-caption\">Source : Facebook pr\u00e9sidence de la r\u00e9publique de C\u00f4te d&rsquo;Ivoire<br><br><\/figcaption><\/figure>\n\n\n\n<h4 class=\"wp-block-heading\" id=\"h-\"><\/h4>\n\n\n\n<p><strong>Source : Facebook Pr\u00e9sidence de la R\u00e9publique de C\u00f4te d&rsquo;Ivoire<\/strong><\/p>\n\n\n\n<hr class=\"wp-block-separator has-alpha-channel-opacity\"\/>\n\n\n\n<h4 class=\"wp-block-heading\">Une harmonie diplomatique avec le Vatican<\/h4>\n\n\n\n<p>D\u00e8s ses premiers jours au pouvoir, Alassane Ouattara a manifest\u00e9 sa volont\u00e9 de r\u00e9conciliation nationale \u00e0 travers un rapprochement strat\u00e9gique avec le Saint-Si\u00e8ge. Sa premi\u00e8re visite officielle au Vatican, en novembre 2012, a jet\u00e9 les bases d\u2019un dialogue constructif. Lors de cette rencontre avec le pape Beno\u00eet XVI, un communiqu\u00e9 conjoint a soulign\u00e9 l\u2019importance du r\u00f4le de l\u2019\u00c9glise dans la reconstruction \u00e9lectorale post-crise.<\/p>\n\n\n\n<p>Depuis, cette collaboration s\u2019est renforc\u00e9e par des initiatives concr\u00e8tes, comme le financement public des p\u00e8lerinages religieux et la r\u00e9novation de la cath\u00e9drale Saint-Paul du Plateau. En 2022, Alassane Ouattara a r\u00e9affirm\u00e9 son engagement en rencontrant le pape Fran\u00e7ois lors d\u2019une autre visite au Vatican. Ces efforts diplomatiques visent non seulement \u00e0 renforcer l\u2019image internationale de la C\u00f4te d\u2019Ivoire, mais aussi \u00e0 utiliser l\u2019influence du Vatican pour promouvoir la paix et la r\u00e9conciliation dans une nation marqu\u00e9e par des divisions internes.<\/p>\n\n\n\n<hr class=\"wp-block-separator has-alpha-channel-opacity\"\/>\n\n\n\n<h4 class=\"wp-block-heading\">Une \u00c9glise ivoirienne critique et engag\u00e9e<\/h4>\n\n\n\n<p>Malgr\u00e9 ce rapprochement avec le Vatican, les relations entre le pr\u00e9sident et l\u2019\u00c9glise catholique ivoirienne sont bien moins harmonieuses. Depuis plusieurs ann\u00e9es, l\u2019\u00c9glise locale s\u2019est positionn\u00e9e comme un acteur critique face au r\u00e9gime actuel. Les tensions sont apparues \u00e0 plusieurs reprises, notamment \u00e0 travers les prises de position de figures influentes telles que le cardinal Jean-Pierre Kutwa et, plus r\u00e9cemment, l\u2019archev\u00eaque Ignace Bessi Dogbo.<\/p>\n\n\n\n<p>En 2020, lors d\u2019une conf\u00e9rence de presse, le cardinal Kutwa a publiquement d\u00e9clar\u00e9 qu\u2019un troisi\u00e8me mandat pour Alassane Ouattara \u00e9tait inutile. Ces d\u00e9clarations, per\u00e7ues comme un acte de d\u00e9fiance, ont suscit\u00e9 une forte r\u00e9action gouvernementale. Des membres du Rassemblement des Houphou\u00ebtistes pour la D\u00e9mocratie et la Paix (RHDP) ont organis\u00e9 une conf\u00e9rence de presse dans la cath\u00e9drale Saint-Paul, provoquant l\u2019indignation de nombreux fid\u00e8les qui y ont vu une politisation excessive d\u2019un lieu sacr\u00e9.<\/p>\n\n\n\n<p>Plus r\u00e9cemment, l\u2019archev\u00eaque Marcellin Kouadio, pr\u00e9sident de la Conf\u00e9rence \u00e9piscopale de C\u00f4te d\u2019Ivoire, a \u00e9mis de vives critiques sur la gouvernance du pays, d\u00e9non\u00e7ant une \u00ab corruption g\u00e9n\u00e9ralis\u00e9e \u00bb et une \u00ab justice s\u00e9lective \u00bb. Ces d\u00e9clarations ont renforc\u00e9 l\u2019image d\u2019une \u00c9glise d\u00e9termin\u00e9e \u00e0 exposer les dysfonctionnements de l\u2019\u00c9tat, tout en exacerbant les tensions avec le gouvernement.<\/p>\n\n\n\n<hr class=\"wp-block-separator has-alpha-channel-opacity\"\/>\n\n\n\n<h4 class=\"wp-block-heading\">Le r\u00f4le de m\u00e9diation de Dominique Ouattara<\/h4>\n\n\n\n<p>Dans ce contexte tendu, la Premi\u00e8re dame Dominique Ouattara est apparue comme un m\u00e9diateur essentiel. Catholique d\u00e9vou\u00e9e, elle a initi\u00e9 plusieurs d\u00e9marches visant \u00e0 apaiser les tensions entre le gouvernement et l\u2019\u00c9glise. En janvier 2024, elle a re\u00e7u une d\u00e9l\u00e9gation conduite par le nonce apostolique pour discuter de la gestion de la basilique de Yamoussoukro. Ce geste symbolique a \u00e9t\u00e9 per\u00e7u comme une tentative sinc\u00e8re de r\u00e9conciliation.<\/p>\n\n\n\n<p>De plus, son soutien financier \u00e0 la reconstruction de l\u2019\u00e9glise Sainte-Th\u00e9r\u00e8se, d\u00e9truite par une tornade en 2020, t\u00e9moigne de son engagement tangible envers la communaut\u00e9 catholique. Ses efforts pourraient s\u2019av\u00e9rer d\u00e9cisifs pour r\u00e9tablir un dialogue constructif \u00e0 l\u2019approche des \u00e9lections.<\/p>\n\n\n\n<hr class=\"wp-block-separator has-alpha-channel-opacity\"\/>\n\n\n\n<h4 class=\"wp-block-heading\">Enjeux avant l\u2019\u00e9lection pr\u00e9sidentielle de 2025<\/h4>\n\n\n\n<p>L\u2019\u00e9l\u00e9vation de l\u2019archev\u00eaque Ignace Bessi Dogbo au rang de cardinal en d\u00e9cembre 2024 survient \u00e0 un moment crucial pour la C\u00f4te d\u2019Ivoire. Connu pour sa franchise, le pr\u00e9lat a d\u00e9j\u00e0 exprim\u00e9 sa volont\u00e9 d\u2019agir comme m\u00e9diateur pour favoriser l\u2019unit\u00e9 nationale. Cependant, ses critiques pass\u00e9es envers le gouvernement soul\u00e8vent des interrogations quant \u00e0 sa capacit\u00e9 \u00e0 \u00e9quilibrer son r\u00f4le pastoral avec une posture neutre.<\/p>\n\n\n\n<p>Pour le gouvernement, maintenir des relations stables avec l\u2019\u00c9glise catholique sera crucial pour \u00e9viter que les tensions religieuses n\u2019aggravent les d\u00e9fis politiques \u00e0 l\u2019approche de l\u2019\u00e9lection pr\u00e9sidentielle. Ce scrutin pourrait \u00eatre d\u00e9terminant pour l\u2019avenir du pays, notamment si Alassane Ouattara choisit de ne pas briguer un nouveau mandat.<\/p>\n\n\n\n<hr class=\"wp-block-separator has-alpha-channel-opacity\"\/>\n\n\n\n<h4 class=\"wp-block-heading\">Conclusion : Une collaboration fragile mais essentielle<\/h4>\n\n\n\n<p>La relation entre Alassane Ouattara et l\u2019\u00c9glise catholique ivoirienne refl\u00e8te une interaction complexe entre diplomatie, religion et politique. Si le rapprochement avec le Vatican reste un succ\u00e8s diplomatique, les tensions persistantes avec l\u2019\u00c9glise locale pourraient poser des d\u00e9fis significatifs \u00e0 la stabilit\u00e9 nationale. L\u2019\u00e9lection de 2025 repr\u00e9sente une opportunit\u00e9 unique de renforcer le dialogue entre ces deux acteurs cl\u00e9s, dans l\u2019int\u00e9r\u00eat de la paix et de l\u2019unit\u00e9 en C\u00f4te d\u2019Ivoire.<\/p>\n\n\n\n<p><strong>2024 &#8211; O Bulamba, ADR<\/strong><\/p>\n","protected":false},"excerpt":{"rendered":"<p>Introduction : Une probl\u00e9matique cruciale entre politique et religion Depuis son accession au pouvoir en 2010, le pr\u00e9sident ivoirien Alassane Ouattara a fait des relations diplomatiques avec le Vatican un pilier de sa strat\u00e9gie internationale. Cependant, ces efforts contrastent avec les tensions r\u00e9currentes entre son gouvernement et l\u2019\u00c9glise catholique locale, qui critique fr\u00e9quemment son administration. [&hellip;]<\/p>\n","protected":false},"author":10,"featured_media":15366,"comment_status":"open","ping_status":"open","sticky":false,"template":"","format":"standard","meta":{"_acf_changed":false,"om_disable_all_campaigns":false,"_monsterinsights_skip_tracking":false,"_monsterinsights_sitenote_active":false,"_monsterinsights_sitenote_note":"","_monsterinsights_sitenote_category":0,"tdm_status":"","tdm_grid_status":"","_jetpack_newsletter_access":"","_jetpack_dont_email_post_to_subs":false,"_jetpack_newsletter_tier_id":0,"_jetpack_memberships_contains_paywalled_content":false,"_jetpack_memberships_contains_paid_content":false,"footnotes":""},"categories":[293,782],"tags":[1309,2308,2309,1170,1718],"adr_country":[2310],"class_list":{"0":"post-15369","1":"post","2":"type-post","3":"status-publish","4":"format-standard","5":"has-post-thumbnail","7":"category-actualites-fr","8":"category-politique-fr","9":"tag-cote-divoire-fr-2","10":"tag-francis-fr","11":"tag-ouattara-fr","12":"tag-politics-fr","13":"tag-religion-fr","14":"adr_country-cote-divoire-5-fr"},"acf":{"post_version":""},"yoast_head":"<!-- This site is optimized with the Yoast SEO Premium plugin v26.0 (Yoast SEO v27.4) - https:\/\/yoast.com\/product\/yoast-seo-premium-wordpress\/ -->\n<title>Une relation fragile entre Ouattara et l&#039;\u00c9glise ivoirienne - Africa Daily Report<\/title>\n<meta name=\"robots\" content=\"index, follow, max-snippet:-1, max-image-preview:large, max-video-preview:-1\" \/>\n<link rel=\"canonical\" href=\"https:\/\/africadailyreport.com\/fr\/2024\/12\/14\/15364\/\" \/>\n<meta property=\"og:locale\" content=\"fr_FR\" \/>\n<meta property=\"og:type\" content=\"article\" \/>\n<meta property=\"og:title\" content=\"Une relation fragile entre Ouattara et l&#039;\u00c9glise ivoirienne\" \/>\n<meta property=\"og:description\" content=\"Introduction : Une probl\u00e9matique cruciale entre politique et religion Depuis son accession au pouvoir en 2010, le pr\u00e9sident ivoirien Alassane Ouattara a fait des relations diplomatiques avec le Vatican un pilier de sa strat\u00e9gie internationale. Cependant, ces efforts contrastent avec les tensions r\u00e9currentes entre son gouvernement et l\u2019\u00c9glise catholique locale, qui critique fr\u00e9quemment son administration. [&hellip;]\" \/>\n<meta property=\"og:url\" content=\"https:\/\/africadailyreport.com\/fr\/2024\/12\/14\/15364\/\" \/>\n<meta property=\"og:site_name\" content=\"Africa Daily Report\" \/>\n<meta property=\"article:publisher\" content=\"https:\/\/www.facebook.com\/africadailyreport\" \/>\n<meta property=\"article:published_time\" content=\"2024-12-14T10:14:56+00:00\" \/>\n<meta property=\"article:modified_time\" content=\"2024-12-14T10:52:28+00:00\" \/>\n<meta property=\"og:image\" content=\"https:\/\/africadailyreport.com\/wp-content\/uploads\/2024\/12\/Ouattara_Pape.png\" \/>\n\t<meta property=\"og:image:width\" content=\"1092\" \/>\n\t<meta property=\"og:image:height\" content=\"928\" \/>\n\t<meta property=\"og:image:type\" content=\"image\/png\" \/>\n<meta name=\"author\" content=\"ADR\/AFP\" \/>\n<meta name=\"twitter:card\" content=\"summary_large_image\" \/>\n<meta name=\"twitter:creator\" content=\"@adr_africa\" \/>\n<meta name=\"twitter:site\" content=\"@adr_africa\" \/>\n<meta name=\"twitter:label1\" content=\"\u00c9crit par\" \/>\n\t<meta name=\"twitter:data1\" content=\"ADR\/AFP\" \/>\n\t<meta name=\"twitter:label2\" content=\"Dur\u00e9e de lecture estim\u00e9e\" \/>\n\t<meta name=\"twitter:data2\" content=\"4 minutes\" \/>\n<script type=\"application\/ld+json\" class=\"yoast-schema-graph\">{\"@context\":\"https:\\\/\\\/schema.org\",\"@graph\":[{\"@type\":\"Article\",\"@id\":\"https:\\\/\\\/africadailyreport.com\\\/fr\\\/2024\\\/12\\\/14\\\/15364\\\/#article\",\"isPartOf\":{\"@id\":\"https:\\\/\\\/africadailyreport.com\\\/fr\\\/2024\\\/12\\\/14\\\/15364\\\/\"},\"author\":{\"name\":\"ADR\\\/AFP\",\"@id\":\"https:\\\/\\\/africadailyreport.com\\\/fr\\\/#\\\/schema\\\/person\\\/c44d86d79f5570b3ba4cf70c989843f8\"},\"headline\":\"Une relation fragile entre Ouattara et l&rsquo;\u00c9glise ivoirienne\",\"datePublished\":\"2024-12-14T10:14:56+00:00\",\"dateModified\":\"2024-12-14T10:52:28+00:00\",\"mainEntityOfPage\":{\"@id\":\"https:\\\/\\\/africadailyreport.com\\\/fr\\\/2024\\\/12\\\/14\\\/15364\\\/\"},\"wordCount\":888,\"commentCount\":0,\"publisher\":{\"@id\":\"https:\\\/\\\/africadailyreport.com\\\/fr\\\/#organization\"},\"image\":{\"@id\":\"https:\\\/\\\/africadailyreport.com\\\/fr\\\/2024\\\/12\\\/14\\\/15364\\\/#primaryimage\"},\"thumbnailUrl\":\"https:\\\/\\\/i0.wp.com\\\/africadailyreport.com\\\/wp-content\\\/uploads\\\/2024\\\/12\\\/Ouattara_Pape.png?fit=1092%2C928&ssl=1\",\"keywords\":[\"C\u00f4te d\u2019Ivoire\",\"francis\",\"Ouattara\",\"Politics\",\"religion\"],\"articleSection\":[\"Actualit\u00e9s\",\"POLITIQUE\"],\"inLanguage\":\"fr-FR\",\"potentialAction\":[{\"@type\":\"CommentAction\",\"name\":\"Comment\",\"target\":[\"https:\\\/\\\/africadailyreport.com\\\/fr\\\/2024\\\/12\\\/14\\\/15364\\\/#respond\"]}],\"copyrightYear\":\"2024\",\"copyrightHolder\":{\"@id\":\"https:\\\/\\\/africadailyreport.com\\\/#organization\"}},{\"@type\":\"WebPage\",\"@id\":\"https:\\\/\\\/africadailyreport.com\\\/fr\\\/2024\\\/12\\\/14\\\/15364\\\/\",\"url\":\"https:\\\/\\\/africadailyreport.com\\\/fr\\\/2024\\\/12\\\/14\\\/15364\\\/\",\"name\":\"Une relation fragile entre Ouattara et l'\u00c9glise ivoirienne - Africa Daily Report\",\"isPartOf\":{\"@id\":\"https:\\\/\\\/africadailyreport.com\\\/fr\\\/#website\"},\"primaryImageOfPage\":{\"@id\":\"https:\\\/\\\/africadailyreport.com\\\/fr\\\/2024\\\/12\\\/14\\\/15364\\\/#primaryimage\"},\"image\":{\"@id\":\"https:\\\/\\\/africadailyreport.com\\\/fr\\\/2024\\\/12\\\/14\\\/15364\\\/#primaryimage\"},\"thumbnailUrl\":\"https:\\\/\\\/i0.wp.com\\\/africadailyreport.com\\\/wp-content\\\/uploads\\\/2024\\\/12\\\/Ouattara_Pape.png?fit=1092%2C928&ssl=1\",\"datePublished\":\"2024-12-14T10:14:56+00:00\",\"dateModified\":\"2024-12-14T10:52:28+00:00\",\"breadcrumb\":{\"@id\":\"https:\\\/\\\/africadailyreport.com\\\/fr\\\/2024\\\/12\\\/14\\\/15364\\\/#breadcrumb\"},\"inLanguage\":\"fr-FR\",\"potentialAction\":[{\"@type\":\"ReadAction\",\"target\":[\"https:\\\/\\\/africadailyreport.com\\\/fr\\\/2024\\\/12\\\/14\\\/15364\\\/\"]}]},{\"@type\":\"ImageObject\",\"inLanguage\":\"fr-FR\",\"@id\":\"https:\\\/\\\/africadailyreport.com\\\/fr\\\/2024\\\/12\\\/14\\\/15364\\\/#primaryimage\",\"url\":\"https:\\\/\\\/i0.wp.com\\\/africadailyreport.com\\\/wp-content\\\/uploads\\\/2024\\\/12\\\/Ouattara_Pape.png?fit=1092%2C928&ssl=1\",\"contentUrl\":\"https:\\\/\\\/i0.wp.com\\\/africadailyreport.com\\\/wp-content\\\/uploads\\\/2024\\\/12\\\/Ouattara_Pape.png?fit=1092%2C928&ssl=1\",\"width\":1092,\"height\":928},{\"@type\":\"BreadcrumbList\",\"@id\":\"https:\\\/\\\/africadailyreport.com\\\/fr\\\/2024\\\/12\\\/14\\\/15364\\\/#breadcrumb\",\"itemListElement\":[{\"@type\":\"ListItem\",\"position\":1,\"name\":\"Home\",\"item\":\"https:\\\/\\\/africadailyreport.com\\\/fr\\\/\"},{\"@type\":\"ListItem\",\"position\":2,\"name\":\"Une relation fragile entre Ouattara et l&#8217;\u00c9glise ivoirienne\"}]},{\"@type\":\"WebSite\",\"@id\":\"https:\\\/\\\/africadailyreport.com\\\/fr\\\/#website\",\"url\":\"https:\\\/\\\/africadailyreport.com\\\/fr\\\/\",\"name\":\"Africa Daily Report\",\"description\":\"\",\"publisher\":{\"@id\":\"https:\\\/\\\/africadailyreport.com\\\/fr\\\/#organization\"},\"potentialAction\":[{\"@type\":\"SearchAction\",\"target\":{\"@type\":\"EntryPoint\",\"urlTemplate\":\"https:\\\/\\\/africadailyreport.com\\\/fr\\\/?s={search_term_string}\"},\"query-input\":{\"@type\":\"PropertyValueSpecification\",\"valueRequired\":true,\"valueName\":\"search_term_string\"}}],\"inLanguage\":\"fr-FR\"},{\"@type\":\"Organization\",\"@id\":\"https:\\\/\\\/africadailyreport.com\\\/fr\\\/#organization\",\"name\":\"Africa Daily Report\",\"url\":\"https:\\\/\\\/africadailyreport.com\\\/fr\\\/\",\"logo\":{\"@type\":\"ImageObject\",\"inLanguage\":\"fr-FR\",\"@id\":\"https:\\\/\\\/africadailyreport.com\\\/fr\\\/#\\\/schema\\\/logo\\\/image\\\/\",\"url\":\"https:\\\/\\\/africadailyreport.com\\\/wp-content\\\/uploads\\\/2024\\\/09\\\/ADR-Transparent-Green-Logo-1.png\",\"contentUrl\":\"https:\\\/\\\/africadailyreport.com\\\/wp-content\\\/uploads\\\/2024\\\/09\\\/ADR-Transparent-Green-Logo-1.png\",\"width\":267,\"height\":185,\"caption\":\"Africa Daily Report\"},\"image\":{\"@id\":\"https:\\\/\\\/africadailyreport.com\\\/fr\\\/#\\\/schema\\\/logo\\\/image\\\/\"},\"sameAs\":[\"https:\\\/\\\/www.facebook.com\\\/africadailyreport\",\"https:\\\/\\\/x.com\\\/adr_africa\",\"https:\\\/\\\/www.youtube.com\\\/@africadailyreport\",\"https:\\\/\\\/instagram.com\\\/africadailyreport\"]},{\"@type\":\"Person\",\"@id\":\"https:\\\/\\\/africadailyreport.com\\\/fr\\\/#\\\/schema\\\/person\\\/c44d86d79f5570b3ba4cf70c989843f8\",\"name\":\"ADR\\\/AFP\",\"image\":{\"@type\":\"ImageObject\",\"inLanguage\":\"fr-FR\",\"@id\":\"https:\\\/\\\/secure.gravatar.com\\\/avatar\\\/2fbdc3782aa386b408fd9a36f0bc78ee569c94a7a05670cab3a1d72916408214?s=96&d=mm&r=g\",\"url\":\"https:\\\/\\\/secure.gravatar.com\\\/avatar\\\/2fbdc3782aa386b408fd9a36f0bc78ee569c94a7a05670cab3a1d72916408214?s=96&d=mm&r=g\",\"contentUrl\":\"https:\\\/\\\/secure.gravatar.com\\\/avatar\\\/2fbdc3782aa386b408fd9a36f0bc78ee569c94a7a05670cab3a1d72916408214?s=96&d=mm&r=g\",\"caption\":\"ADR\\\/AFP\"},\"sameAs\":[\"http:\\\/\\\/africadailyreport.com\"],\"url\":\"https:\\\/\\\/africadailyreport.com\\\/fr\\\/author\\\/both\\\/\"}]}<\/script>\n<!-- \/ Yoast SEO Premium plugin. -->","yoast_head_json":{"title":"Une relation fragile entre Ouattara et l'\u00c9glise ivoirienne - Africa Daily Report","robots":{"index":"index","follow":"follow","max-snippet":"max-snippet:-1","max-image-preview":"max-image-preview:large","max-video-preview":"max-video-preview:-1"},"canonical":"https:\/\/africadailyreport.com\/fr\/2024\/12\/14\/15364\/","og_locale":"fr_FR","og_type":"article","og_title":"Une relation fragile entre Ouattara et l'\u00c9glise ivoirienne","og_description":"Introduction : Une probl\u00e9matique cruciale entre politique et religion Depuis son accession au pouvoir en 2010, le pr\u00e9sident ivoirien Alassane Ouattara a fait des relations diplomatiques avec le Vatican un pilier de sa strat\u00e9gie internationale. Cependant, ces efforts contrastent avec les tensions r\u00e9currentes entre son gouvernement et l\u2019\u00c9glise catholique locale, qui critique fr\u00e9quemment son administration. [&hellip;]","og_url":"https:\/\/africadailyreport.com\/fr\/2024\/12\/14\/15364\/","og_site_name":"Africa Daily Report","article_publisher":"https:\/\/www.facebook.com\/africadailyreport","article_published_time":"2024-12-14T10:14:56+00:00","article_modified_time":"2024-12-14T10:52:28+00:00","og_image":[{"width":1092,"height":928,"url":"https:\/\/africadailyreport.com\/wp-content\/uploads\/2024\/12\/Ouattara_Pape.png","type":"image\/png"}],"author":"ADR\/AFP","twitter_card":"summary_large_image","twitter_creator":"@adr_africa","twitter_site":"@adr_africa","twitter_misc":{"\u00c9crit par":"ADR\/AFP","Dur\u00e9e de lecture estim\u00e9e":"4 minutes"},"schema":{"@context":"https:\/\/schema.org","@graph":[{"@type":"Article","@id":"https:\/\/africadailyreport.com\/fr\/2024\/12\/14\/15364\/#article","isPartOf":{"@id":"https:\/\/africadailyreport.com\/fr\/2024\/12\/14\/15364\/"},"author":{"name":"ADR\/AFP","@id":"https:\/\/africadailyreport.com\/fr\/#\/schema\/person\/c44d86d79f5570b3ba4cf70c989843f8"},"headline":"Une relation fragile entre Ouattara et l&rsquo;\u00c9glise ivoirienne","datePublished":"2024-12-14T10:14:56+00:00","dateModified":"2024-12-14T10:52:28+00:00","mainEntityOfPage":{"@id":"https:\/\/africadailyreport.com\/fr\/2024\/12\/14\/15364\/"},"wordCount":888,"commentCount":0,"publisher":{"@id":"https:\/\/africadailyreport.com\/fr\/#organization"},"image":{"@id":"https:\/\/africadailyreport.com\/fr\/2024\/12\/14\/15364\/#primaryimage"},"thumbnailUrl":"https:\/\/i0.wp.com\/africadailyreport.com\/wp-content\/uploads\/2024\/12\/Ouattara_Pape.png?fit=1092%2C928&ssl=1","keywords":["C\u00f4te d\u2019Ivoire","francis","Ouattara","Politics","religion"],"articleSection":["Actualit\u00e9s","POLITIQUE"],"inLanguage":"fr-FR","potentialAction":[{"@type":"CommentAction","name":"Comment","target":["https:\/\/africadailyreport.com\/fr\/2024\/12\/14\/15364\/#respond"]}],"copyrightYear":"2024","copyrightHolder":{"@id":"https:\/\/africadailyreport.com\/#organization"}},{"@type":"WebPage","@id":"https:\/\/africadailyreport.com\/fr\/2024\/12\/14\/15364\/","url":"https:\/\/africadailyreport.com\/fr\/2024\/12\/14\/15364\/","name":"Une relation fragile entre Ouattara et l'\u00c9glise ivoirienne - Africa Daily Report","isPartOf":{"@id":"https:\/\/africadailyreport.com\/fr\/#website"},"primaryImageOfPage":{"@id":"https:\/\/africadailyreport.com\/fr\/2024\/12\/14\/15364\/#primaryimage"},"image":{"@id":"https:\/\/africadailyreport.com\/fr\/2024\/12\/14\/15364\/#primaryimage"},"thumbnailUrl":"https:\/\/i0.wp.com\/africadailyreport.com\/wp-content\/uploads\/2024\/12\/Ouattara_Pape.png?fit=1092%2C928&ssl=1","datePublished":"2024-12-14T10:14:56+00:00","dateModified":"2024-12-14T10:52:28+00:00","breadcrumb":{"@id":"https:\/\/africadailyreport.com\/fr\/2024\/12\/14\/15364\/#breadcrumb"},"inLanguage":"fr-FR","potentialAction":[{"@type":"ReadAction","target":["https:\/\/africadailyreport.com\/fr\/2024\/12\/14\/15364\/"]}]},{"@type":"ImageObject","inLanguage":"fr-FR","@id":"https:\/\/africadailyreport.com\/fr\/2024\/12\/14\/15364\/#primaryimage","url":"https:\/\/i0.wp.com\/africadailyreport.com\/wp-content\/uploads\/2024\/12\/Ouattara_Pape.png?fit=1092%2C928&ssl=1","contentUrl":"https:\/\/i0.wp.com\/africadailyreport.com\/wp-content\/uploads\/2024\/12\/Ouattara_Pape.png?fit=1092%2C928&ssl=1","width":1092,"height":928},{"@type":"BreadcrumbList","@id":"https:\/\/africadailyreport.com\/fr\/2024\/12\/14\/15364\/#breadcrumb","itemListElement":[{"@type":"ListItem","position":1,"name":"Home","item":"https:\/\/africadailyreport.com\/fr\/"},{"@type":"ListItem","position":2,"name":"Une relation fragile entre Ouattara et l&#8217;\u00c9glise ivoirienne"}]},{"@type":"WebSite","@id":"https:\/\/africadailyreport.com\/fr\/#website","url":"https:\/\/africadailyreport.com\/fr\/","name":"Africa Daily Report","description":"","publisher":{"@id":"https:\/\/africadailyreport.com\/fr\/#organization"},"potentialAction":[{"@type":"SearchAction","target":{"@type":"EntryPoint","urlTemplate":"https:\/\/africadailyreport.com\/fr\/?s={search_term_string}"},"query-input":{"@type":"PropertyValueSpecification","valueRequired":true,"valueName":"search_term_string"}}],"inLanguage":"fr-FR"},{"@type":"Organization","@id":"https:\/\/africadailyreport.com\/fr\/#organization","name":"Africa Daily Report","url":"https:\/\/africadailyreport.com\/fr\/","logo":{"@type":"ImageObject","inLanguage":"fr-FR","@id":"https:\/\/africadailyreport.com\/fr\/#\/schema\/logo\/image\/","url":"https:\/\/africadailyreport.com\/wp-content\/uploads\/2024\/09\/ADR-Transparent-Green-Logo-1.png","contentUrl":"https:\/\/africadailyreport.com\/wp-content\/uploads\/2024\/09\/ADR-Transparent-Green-Logo-1.png","width":267,"height":185,"caption":"Africa Daily Report"},"image":{"@id":"https:\/\/africadailyreport.com\/fr\/#\/schema\/logo\/image\/"},"sameAs":["https:\/\/www.facebook.com\/africadailyreport","https:\/\/x.com\/adr_africa","https:\/\/www.youtube.com\/@africadailyreport","https:\/\/instagram.com\/africadailyreport"]},{"@type":"Person","@id":"https:\/\/africadailyreport.com\/fr\/#\/schema\/person\/c44d86d79f5570b3ba4cf70c989843f8","name":"ADR\/AFP","image":{"@type":"ImageObject","inLanguage":"fr-FR","@id":"https:\/\/secure.gravatar.com\/avatar\/2fbdc3782aa386b408fd9a36f0bc78ee569c94a7a05670cab3a1d72916408214?s=96&d=mm&r=g","url":"https:\/\/secure.gravatar.com\/avatar\/2fbdc3782aa386b408fd9a36f0bc78ee569c94a7a05670cab3a1d72916408214?s=96&d=mm&r=g","contentUrl":"https:\/\/secure.gravatar.com\/avatar\/2fbdc3782aa386b408fd9a36f0bc78ee569c94a7a05670cab3a1d72916408214?s=96&d=mm&r=g","caption":"ADR\/AFP"},"sameAs":["http:\/\/africadailyreport.com"],"url":"https:\/\/africadailyreport.com\/fr\/author\/both\/"}]}},"jetpack_featured_media_url":"https:\/\/i0.wp.com\/africadailyreport.com\/wp-content\/uploads\/2024\/12\/Ouattara_Pape.png?fit=1092%2C928&ssl=1","jetpack_sharing_enabled":true,"amp_enabled":true,"_links":{"self":[{"href":"https:\/\/africadailyreport.com\/fr\/wp-json\/wp\/v2\/posts\/15369","targetHints":{"allow":["GET"]}}],"collection":[{"href":"https:\/\/africadailyreport.com\/fr\/wp-json\/wp\/v2\/posts"}],"about":[{"href":"https:\/\/africadailyreport.com\/fr\/wp-json\/wp\/v2\/types\/post"}],"author":[{"embeddable":true,"href":"https:\/\/africadailyreport.com\/fr\/wp-json\/wp\/v2\/users\/10"}],"replies":[{"embeddable":true,"href":"https:\/\/africadailyreport.com\/fr\/wp-json\/wp\/v2\/comments?post=15369"}],"version-history":[{"count":4,"href":"https:\/\/africadailyreport.com\/fr\/wp-json\/wp\/v2\/posts\/15369\/revisions"}],"predecessor-version":[{"id":15375,"href":"https:\/\/africadailyreport.com\/fr\/wp-json\/wp\/v2\/posts\/15369\/revisions\/15375"}],"wp:featuredmedia":[{"embeddable":true,"href":"https:\/\/africadailyreport.com\/fr\/wp-json\/wp\/v2\/media\/15366"}],"wp:attachment":[{"href":"https:\/\/africadailyreport.com\/fr\/wp-json\/wp\/v2\/media?parent=15369"}],"wp:term":[{"taxonomy":"category","embeddable":true,"href":"https:\/\/africadailyreport.com\/fr\/wp-json\/wp\/v2\/categories?post=15369"},{"taxonomy":"post_tag","embeddable":true,"href":"https:\/\/africadailyreport.com\/fr\/wp-json\/wp\/v2\/tags?post=15369"},{"taxonomy":"adr_country","embeddable":true,"href":"https:\/\/africadailyreport.com\/fr\/wp-json\/wp\/v2\/adr_country?post=15369"}],"curies":[{"name":"wp","href":"https:\/\/api.w.org\/{rel}","templated":true}]}}