{"id":15312,"date":"2024-12-13T18:39:17","date_gmt":"2024-12-13T18:39:17","guid":{"rendered":"https:\/\/africadailyreport.com\/2024\/12\/13\/accord-de-stabilisation-regionale-en-vue-au-sommet-rdc-rwanda\/"},"modified":"2024-12-13T18:43:12","modified_gmt":"2024-12-13T18:43:12","slug":"accord-de-stabilisation-regionale-en-vue-au-sommet-rdc-rwanda","status":"publish","type":"post","link":"https:\/\/africadailyreport.com\/fr\/2024\/12\/13\/accord-de-stabilisation-regionale-en-vue-au-sommet-rdc-rwanda\/","title":{"rendered":"Accord de stabilisation r\u00e9gionale en vue au sommet RDC\/Rwanda"},"content":{"rendered":"\n<h2 class=\"wp-block-heading\" id=\"h-paris-france-afp-un-accord-pour-retablir-la-paix-dans-l-est-de-la-republique-democratique-du-congo-pourrait-etre-conclu-dimanche-au-sommet-de-luanda-ou-les-presidents-congolais-et-rwandais-sont-attendus-a-t-on-appris-de-sources-gouvernementales\"><em>Paris,\u00a0France &#8211; (AFP) &#8211;<\/em> Un accord pour r\u00e9tablir la paix dans l&rsquo;est de la R\u00e9publique d\u00e9mocratique du Congo pourrait \u00eatre conclu dimanche au sommet de Luanda, o\u00f9 les pr\u00e9sidents congolais et rwandais sont attendus, a-t-on appris de sources gouvernementales.<\/h2>\n\n\n\n\n\n<p>\u00ab\u00a0Nous travaillons sur un accord qui pourrait \u00eatre finalis\u00e9\u00a0\u00bb lors de la rencontre entre F\u00e9lix Tshisekedi et Paul Kagame, a d\u00e9clar\u00e9 \u00e0 l&rsquo;AFP le ministre rwandais des Affaires \u00e9trang\u00e8res, Olivier Nduhungirehe.<\/p>\n\n\n\n<p>Cet accord \u00ab\u00a0pour le r\u00e9tablissement de la paix et de la stabilit\u00e9 dans l&rsquo;est de la RDC\u00a0\u00bb, selon l&rsquo;intitul\u00e9 consult\u00e9 par l&rsquo;AFP, avait \u00e9t\u00e9 propos\u00e9 mi-ao\u00fbt par le pr\u00e9sident angolais Joao Louren\u00e7o, m\u00e9diateur d\u00e9sign\u00e9 de l&rsquo;Union africaine (UA) dans ce conflit.<\/p>\n\n\n\n<p>Dans la foul\u00e9e, des responsables militaires puis les chefs de la diplomatie des deux pays s&rsquo;\u00e9taient rencontr\u00e9s \u00e0 plusieurs reprises pour \u00e9tablir un \u00ab\u00a0plan harmonis\u00e9\u00a0\u00bb de r\u00e9solution de la crise.<\/p>\n\n\n\n<p>Le projet d&rsquo;accord pr\u00e9voit \u00ab\u00a0la neutralisation des Forces d\u00e9mocratiques pour la lib\u00e9ration du Rwanda (FDLR)\u00a0\u00bb, r\u00e9clam\u00e9e par Kigali et \u00ab\u00a0la lev\u00e9e des mesures d\u00e9fensives du Rwanda\u00a0\u00bb, principale pr\u00e9occupation de Kinshasa.<\/p>\n\n\n\n<p>Fin novembre, l&rsquo;approbation d&rsquo;un document plus d\u00e9taill\u00e9 avait \u00e9tabli, en th\u00e9orie, les modalit\u00e9s de d\u00e9part des soldats rwandais et la neutralisation par l&rsquo;arm\u00e9e congolaise des FDLR sous 90 jours.<\/p>\n\n\n\n<p>L&rsquo;accord en jeu dimanche fait l&rsquo;objet d&rsquo;intenses discussions depuis la derni\u00e8re r\u00e9union minist\u00e9rielle le 26 novembre, et achoppe principalement sur un dernier point, selon M. Nduhungirehe.<\/p>\n\n\n\n<p>\u00ab\u00a0Le Rwanda demande un engagement ferme de la RDC \u00e0 reprendre des pourparlers directs avec le M23 dans un cadre et des d\u00e9lais bien d\u00e9finis, sans quoi rien ne serait r\u00e9gl\u00e9\u00a0\u00bb, a-t-il assur\u00e9. \u00ab\u00a0La solution militaire seule ne suffit pas\u00a0\u00bb.<\/p>\n\n\n\n<p>Le \u00ab\u00a0Mouvement du 23 mars\u00a0\u00bb est un groupe arm\u00e9 soutenu par Kigali, qui s&rsquo;est empar\u00e9 depuis novembre 2021 de vastes pans de territoire dans l&rsquo;est de la RDC, riche en minerais et th\u00e9\u00e2tre de violences depuis des d\u00e9cennies.<\/p>\n\n\n\n<p>Selon une source proche du dossier, la RDC aurait donn\u00e9 son accord de principe pour dialoguer avec le M23, mais dans le cadre du processus de Nairobi, qui se poursuit sous m\u00e9diation k\u00e9nyane parall\u00e8lement \u00e0 la m\u00e9diation angolaise.<\/p>\n\n\n\n<p>\u00ab\u00a0Il y a une volont\u00e9 d&rsquo;aller vers la signature d&rsquo;un accord dimanche \u00e0 Luanda\u00a0\u00bb, a confirm\u00e9 \u00e0 l&rsquo;AFP une source gouvernementale congolaise.<\/p>\n\n\n\n<p>\u00ab\u00a0Le M23 n&rsquo;existe que parce que les rebelles ont un soutien militaire rwandais. Si Kigali est de bonne foi dans les n\u00e9gociations et sur sa promesse de retirer (&#8230;) ses troupes du sol congolais, le conflit s&rsquo;arr\u00eatera avec le M23, en m\u00eame temps qu&rsquo;il s&rsquo;arr\u00eatera avec le Rwanda\u00a0\u00bb, a-t-elle estim\u00e9.<\/p>\n\n\n\n<p>\u00ab\u00a0La question du M23 n&rsquo;est pas une question congolo-congolaise d\u00e8s lors qu\u2019il a \u00e9t\u00e9 cr\u00e9\u00e9, financ\u00e9 et entretenu par le Rwanda\u00a0\u00bb, a-t-elle ajout\u00e9.<\/p>\n\n\n\n<p><\/p>\n\n\n\n<p>\u00a9 Agence France-Presse<\/p>\n","protected":false},"excerpt":{"rendered":"<p>Paris,\u00a0France &#8211; (AFP) &#8211; Un accord pour r\u00e9tablir la paix dans l&rsquo;est de la R\u00e9publique d\u00e9mocratique du Congo pourrait \u00eatre conclu dimanche au sommet de Luanda, o\u00f9 les pr\u00e9sidents congolais et rwandais sont attendus, a-t-on appris de sources gouvernementales. \u00ab\u00a0Nous travaillons sur un accord qui pourrait \u00eatre finalis\u00e9\u00a0\u00bb lors de la rencontre entre F\u00e9lix Tshisekedi [&hellip;]<\/p>\n","protected":false},"author":10,"featured_media":15310,"comment_status":"open","ping_status":"open","sticky":false,"template":"","format":"standard","meta":{"_acf_changed":false,"om_disable_all_campaigns":false,"_monsterinsights_skip_tracking":false,"_monsterinsights_sitenote_active":false,"_monsterinsights_sitenote_note":"","_monsterinsights_sitenote_category":0,"tdm_status":"","tdm_grid_status":"","_jetpack_newsletter_access":"","_jetpack_dont_email_post_to_subs":false,"_jetpack_newsletter_tier_id":0,"_jetpack_memberships_contains_paywalled_content":false,"_jetpack_memberships_contains_paid_content":false,"footnotes":""},"categories":[802,782],"tags":[808,856,784,2290,2291],"adr_country":[1095,1089,1667,1083],"class_list":{"0":"post-15312","1":"post","2":"type-post","3":"status-publish","4":"format-standard","5":"has-post-thumbnail","7":"category-depeche-fr","8":"category-politique-fr","9":"tag-conflit-fr","10":"tag-congo-fr","11":"tag-diplomatie-fr","12":"tag-rdcoongo-fr","13":"tag-sommet-fr","14":"adr_country-angola","15":"adr_country-d-r-congo","16":"adr_country-rd-congo-fr","17":"adr_country-rwanda"},"acf":{"post_version":""},"yoast_head":"<!-- This site is optimized with the Yoast SEO Premium plugin v26.0 (Yoast SEO v27.4) - https:\/\/yoast.com\/product\/yoast-seo-premium-wordpress\/ -->\n<title>Accord de stabilisation r\u00e9gionale en vue au sommet RDC\/Rwanda - Africa Daily Report<\/title>\n<meta name=\"robots\" content=\"index, follow, max-snippet:-1, max-image-preview:large, max-video-preview:-1\" \/>\n<link rel=\"canonical\" href=\"https:\/\/africadailyreport.com\/fr\/2024\/12\/13\/accord-de-stabilisation-regionale-en-vue-au-sommet-rdc-rwanda\/\" \/>\n<meta property=\"og:locale\" content=\"fr_FR\" \/>\n<meta property=\"og:type\" content=\"article\" \/>\n<meta property=\"og:title\" content=\"Accord de stabilisation r\u00e9gionale en vue au sommet RDC\/Rwanda\" \/>\n<meta property=\"og:description\" content=\"Paris,\u00a0France &#8211; (AFP) &#8211; Un accord pour r\u00e9tablir la paix dans l&rsquo;est de la R\u00e9publique d\u00e9mocratique du Congo pourrait \u00eatre conclu dimanche au sommet de Luanda, o\u00f9 les pr\u00e9sidents congolais et rwandais sont attendus, a-t-on appris de sources gouvernementales. \u00ab\u00a0Nous travaillons sur un accord qui pourrait \u00eatre finalis\u00e9\u00a0\u00bb lors de la rencontre entre F\u00e9lix Tshisekedi [&hellip;]\" \/>\n<meta property=\"og:url\" content=\"https:\/\/africadailyreport.com\/fr\/2024\/12\/13\/accord-de-stabilisation-regionale-en-vue-au-sommet-rdc-rwanda\/\" \/>\n<meta property=\"og:site_name\" content=\"Africa Daily Report\" \/>\n<meta property=\"article:publisher\" content=\"https:\/\/www.facebook.com\/africadailyreport\" \/>\n<meta property=\"article:published_time\" content=\"2024-12-13T18:39:17+00:00\" \/>\n<meta property=\"article:modified_time\" content=\"2024-12-13T18:43:12+00:00\" \/>\n<meta property=\"og:image\" content=\"https:\/\/africadailyreport.com\/wp-content\/uploads\/2024\/12\/AFP__20210625__9D67QK__v5__HighRes__CorrectionRwandaDrcongoDisasterVolcanoDiplomacy.jpg\" \/>\n\t<meta property=\"og:image:width\" content=\"1\" \/>\n\t<meta property=\"og:image:height\" content=\"1\" \/>\n\t<meta property=\"og:image:type\" content=\"image\/jpeg\" \/>\n<meta name=\"author\" content=\"ADR\/AFP\" \/>\n<meta name=\"twitter:card\" content=\"summary_large_image\" \/>\n<meta name=\"twitter:creator\" content=\"@adr_africa\" \/>\n<meta name=\"twitter:site\" content=\"@adr_africa\" \/>\n<meta name=\"twitter:label1\" content=\"\u00c9crit par\" \/>\n\t<meta name=\"twitter:data1\" content=\"ADR\/AFP\" \/>\n\t<meta name=\"twitter:label2\" content=\"Dur\u00e9e de lecture estim\u00e9e\" \/>\n\t<meta name=\"twitter:data2\" content=\"3 minutes\" \/>\n<script type=\"application\/ld+json\" class=\"yoast-schema-graph\">{\"@context\":\"https:\\\/\\\/schema.org\",\"@graph\":[{\"@type\":\"Article\",\"@id\":\"https:\\\/\\\/africadailyreport.com\\\/fr\\\/2024\\\/12\\\/13\\\/accord-de-stabilisation-regionale-en-vue-au-sommet-rdc-rwanda\\\/#article\",\"isPartOf\":{\"@id\":\"https:\\\/\\\/africadailyreport.com\\\/fr\\\/2024\\\/12\\\/13\\\/accord-de-stabilisation-regionale-en-vue-au-sommet-rdc-rwanda\\\/\"},\"author\":{\"name\":\"ADR\\\/AFP\",\"@id\":\"https:\\\/\\\/africadailyreport.com\\\/fr\\\/#\\\/schema\\\/person\\\/c44d86d79f5570b3ba4cf70c989843f8\"},\"headline\":\"Accord de stabilisation r\u00e9gionale en vue au sommet RDC\\\/Rwanda\",\"datePublished\":\"2024-12-13T18:39:17+00:00\",\"dateModified\":\"2024-12-13T18:43:12+00:00\",\"mainEntityOfPage\":{\"@id\":\"https:\\\/\\\/africadailyreport.com\\\/fr\\\/2024\\\/12\\\/13\\\/accord-de-stabilisation-regionale-en-vue-au-sommet-rdc-rwanda\\\/\"},\"wordCount\":511,\"commentCount\":0,\"publisher\":{\"@id\":\"https:\\\/\\\/africadailyreport.com\\\/fr\\\/#organization\"},\"image\":{\"@id\":\"https:\\\/\\\/africadailyreport.com\\\/fr\\\/2024\\\/12\\\/13\\\/accord-de-stabilisation-regionale-en-vue-au-sommet-rdc-rwanda\\\/#primaryimage\"},\"thumbnailUrl\":\"https:\\\/\\\/i0.wp.com\\\/africadailyreport.com\\\/wp-content\\\/uploads\\\/2024\\\/12\\\/AFP__20210625__9D67QK__v5__HighRes__CorrectionRwandaDrcongoDisasterVolcanoDiplomacy.jpg?fit=%2C&ssl=1\",\"keywords\":[\"conflit\",\"congo\",\"diplomatie\",\"rdcoongo\",\"sommet\"],\"articleSection\":[\"D\u00e9p\u00eache\",\"POLITIQUE\"],\"inLanguage\":\"fr-FR\",\"potentialAction\":[{\"@type\":\"CommentAction\",\"name\":\"Comment\",\"target\":[\"https:\\\/\\\/africadailyreport.com\\\/fr\\\/2024\\\/12\\\/13\\\/accord-de-stabilisation-regionale-en-vue-au-sommet-rdc-rwanda\\\/#respond\"]}],\"copyrightYear\":\"2024\",\"copyrightHolder\":{\"@id\":\"https:\\\/\\\/africadailyreport.com\\\/#organization\"}},{\"@type\":\"WebPage\",\"@id\":\"https:\\\/\\\/africadailyreport.com\\\/fr\\\/2024\\\/12\\\/13\\\/accord-de-stabilisation-regionale-en-vue-au-sommet-rdc-rwanda\\\/\",\"url\":\"https:\\\/\\\/africadailyreport.com\\\/fr\\\/2024\\\/12\\\/13\\\/accord-de-stabilisation-regionale-en-vue-au-sommet-rdc-rwanda\\\/\",\"name\":\"Accord de stabilisation r\u00e9gionale en vue au sommet RDC\\\/Rwanda - Africa Daily Report\",\"isPartOf\":{\"@id\":\"https:\\\/\\\/africadailyreport.com\\\/fr\\\/#website\"},\"primaryImageOfPage\":{\"@id\":\"https:\\\/\\\/africadailyreport.com\\\/fr\\\/2024\\\/12\\\/13\\\/accord-de-stabilisation-regionale-en-vue-au-sommet-rdc-rwanda\\\/#primaryimage\"},\"image\":{\"@id\":\"https:\\\/\\\/africadailyreport.com\\\/fr\\\/2024\\\/12\\\/13\\\/accord-de-stabilisation-regionale-en-vue-au-sommet-rdc-rwanda\\\/#primaryimage\"},\"thumbnailUrl\":\"https:\\\/\\\/i0.wp.com\\\/africadailyreport.com\\\/wp-content\\\/uploads\\\/2024\\\/12\\\/AFP__20210625__9D67QK__v5__HighRes__CorrectionRwandaDrcongoDisasterVolcanoDiplomacy.jpg?fit=%2C&ssl=1\",\"datePublished\":\"2024-12-13T18:39:17+00:00\",\"dateModified\":\"2024-12-13T18:43:12+00:00\",\"breadcrumb\":{\"@id\":\"https:\\\/\\\/africadailyreport.com\\\/fr\\\/2024\\\/12\\\/13\\\/accord-de-stabilisation-regionale-en-vue-au-sommet-rdc-rwanda\\\/#breadcrumb\"},\"inLanguage\":\"fr-FR\",\"potentialAction\":[{\"@type\":\"ReadAction\",\"target\":[\"https:\\\/\\\/africadailyreport.com\\\/fr\\\/2024\\\/12\\\/13\\\/accord-de-stabilisation-regionale-en-vue-au-sommet-rdc-rwanda\\\/\"]}]},{\"@type\":\"ImageObject\",\"inLanguage\":\"fr-FR\",\"@id\":\"https:\\\/\\\/africadailyreport.com\\\/fr\\\/2024\\\/12\\\/13\\\/accord-de-stabilisation-regionale-en-vue-au-sommet-rdc-rwanda\\\/#primaryimage\",\"url\":\"https:\\\/\\\/i0.wp.com\\\/africadailyreport.com\\\/wp-content\\\/uploads\\\/2024\\\/12\\\/AFP__20210625__9D67QK__v5__HighRes__CorrectionRwandaDrcongoDisasterVolcanoDiplomacy.jpg?fit=%2C&ssl=1\",\"contentUrl\":\"https:\\\/\\\/i0.wp.com\\\/africadailyreport.com\\\/wp-content\\\/uploads\\\/2024\\\/12\\\/AFP__20210625__9D67QK__v5__HighRes__CorrectionRwandaDrcongoDisasterVolcanoDiplomacy.jpg?fit=%2C&ssl=1\",\"caption\":\"Rwandan President Paul Kagame (R) and Democratic Republic of Congo (DRC) President Felix Tshisekedi (L) pose for a photograph at the Serena Hotel in Rubavu, Rwanda, on June 25, 2021 where they met for discussions. Both Presidents visited places in Rubavu that was damaged by the eruption of the Nyiragongo volcano on May 22, 2021 2021. During this eruption many residents of Goma in the DRC fled to Rwanda to find refuge. This meeting in Rubavu will be followed by another visit on May 26, 2021 in Goma, DRC, where Rwandan President Paul Kagame and DR Congo President Felix Tshisekedi will visit places destroyed by the eruption. (Photo by Simon Wohlfahrt \\\/ AFP) \\\/ \u0093The erroneous mention[s] appearing in the metadata of this photo by Simon Wohlfahrt has been modified in AFP systems in the following manner: [June 25, 2021] instead of [May 25, 2021]. Please immediately remove the erroneous mention[s] from all your online services and delete it (them) from your servers. If you have been authorized by AFP to distribute it (them) to third parties, please ensure that the same actions are carried out by them. Failure to promptly comply with these instructions will entail liability on your part for any continued or post notification usage. Therefore we thank you very much for all your attention and prompt action. We are sorry for the inconvenience this notification may cause and remain at your disposal for any further information you may require.\u0094\"},{\"@type\":\"BreadcrumbList\",\"@id\":\"https:\\\/\\\/africadailyreport.com\\\/fr\\\/2024\\\/12\\\/13\\\/accord-de-stabilisation-regionale-en-vue-au-sommet-rdc-rwanda\\\/#breadcrumb\",\"itemListElement\":[{\"@type\":\"ListItem\",\"position\":1,\"name\":\"Home\",\"item\":\"https:\\\/\\\/africadailyreport.com\\\/fr\\\/\"},{\"@type\":\"ListItem\",\"position\":2,\"name\":\"Accord de stabilisation r\u00e9gionale en vue au sommet RDC\\\/Rwanda\"}]},{\"@type\":\"WebSite\",\"@id\":\"https:\\\/\\\/africadailyreport.com\\\/fr\\\/#website\",\"url\":\"https:\\\/\\\/africadailyreport.com\\\/fr\\\/\",\"name\":\"Africa Daily Report\",\"description\":\"\",\"publisher\":{\"@id\":\"https:\\\/\\\/africadailyreport.com\\\/fr\\\/#organization\"},\"potentialAction\":[{\"@type\":\"SearchAction\",\"target\":{\"@type\":\"EntryPoint\",\"urlTemplate\":\"https:\\\/\\\/africadailyreport.com\\\/fr\\\/?s={search_term_string}\"},\"query-input\":{\"@type\":\"PropertyValueSpecification\",\"valueRequired\":true,\"valueName\":\"search_term_string\"}}],\"inLanguage\":\"fr-FR\"},{\"@type\":\"Organization\",\"@id\":\"https:\\\/\\\/africadailyreport.com\\\/fr\\\/#organization\",\"name\":\"Africa Daily Report\",\"url\":\"https:\\\/\\\/africadailyreport.com\\\/fr\\\/\",\"logo\":{\"@type\":\"ImageObject\",\"inLanguage\":\"fr-FR\",\"@id\":\"https:\\\/\\\/africadailyreport.com\\\/fr\\\/#\\\/schema\\\/logo\\\/image\\\/\",\"url\":\"https:\\\/\\\/africadailyreport.com\\\/wp-content\\\/uploads\\\/2024\\\/09\\\/ADR-Transparent-Green-Logo-1.png\",\"contentUrl\":\"https:\\\/\\\/africadailyreport.com\\\/wp-content\\\/uploads\\\/2024\\\/09\\\/ADR-Transparent-Green-Logo-1.png\",\"width\":267,\"height\":185,\"caption\":\"Africa Daily Report\"},\"image\":{\"@id\":\"https:\\\/\\\/africadailyreport.com\\\/fr\\\/#\\\/schema\\\/logo\\\/image\\\/\"},\"sameAs\":[\"https:\\\/\\\/www.facebook.com\\\/africadailyreport\",\"https:\\\/\\\/x.com\\\/adr_africa\",\"https:\\\/\\\/www.youtube.com\\\/@africadailyreport\",\"https:\\\/\\\/instagram.com\\\/africadailyreport\"]},{\"@type\":\"Person\",\"@id\":\"https:\\\/\\\/africadailyreport.com\\\/fr\\\/#\\\/schema\\\/person\\\/c44d86d79f5570b3ba4cf70c989843f8\",\"name\":\"ADR\\\/AFP\",\"image\":{\"@type\":\"ImageObject\",\"inLanguage\":\"fr-FR\",\"@id\":\"https:\\\/\\\/secure.gravatar.com\\\/avatar\\\/2fbdc3782aa386b408fd9a36f0bc78ee569c94a7a05670cab3a1d72916408214?s=96&d=mm&r=g\",\"url\":\"https:\\\/\\\/secure.gravatar.com\\\/avatar\\\/2fbdc3782aa386b408fd9a36f0bc78ee569c94a7a05670cab3a1d72916408214?s=96&d=mm&r=g\",\"contentUrl\":\"https:\\\/\\\/secure.gravatar.com\\\/avatar\\\/2fbdc3782aa386b408fd9a36f0bc78ee569c94a7a05670cab3a1d72916408214?s=96&d=mm&r=g\",\"caption\":\"ADR\\\/AFP\"},\"sameAs\":[\"http:\\\/\\\/africadailyreport.com\"],\"url\":\"https:\\\/\\\/africadailyreport.com\\\/fr\\\/author\\\/both\\\/\"}]}<\/script>\n<!-- \/ Yoast SEO Premium plugin. -->","yoast_head_json":{"title":"Accord de stabilisation r\u00e9gionale en vue au sommet RDC\/Rwanda - Africa Daily Report","robots":{"index":"index","follow":"follow","max-snippet":"max-snippet:-1","max-image-preview":"max-image-preview:large","max-video-preview":"max-video-preview:-1"},"canonical":"https:\/\/africadailyreport.com\/fr\/2024\/12\/13\/accord-de-stabilisation-regionale-en-vue-au-sommet-rdc-rwanda\/","og_locale":"fr_FR","og_type":"article","og_title":"Accord de stabilisation r\u00e9gionale en vue au sommet RDC\/Rwanda","og_description":"Paris,\u00a0France &#8211; (AFP) &#8211; Un accord pour r\u00e9tablir la paix dans l&rsquo;est de la R\u00e9publique d\u00e9mocratique du Congo pourrait \u00eatre conclu dimanche au sommet de Luanda, o\u00f9 les pr\u00e9sidents congolais et rwandais sont attendus, a-t-on appris de sources gouvernementales. \u00ab\u00a0Nous travaillons sur un accord qui pourrait \u00eatre finalis\u00e9\u00a0\u00bb lors de la rencontre entre F\u00e9lix Tshisekedi [&hellip;]","og_url":"https:\/\/africadailyreport.com\/fr\/2024\/12\/13\/accord-de-stabilisation-regionale-en-vue-au-sommet-rdc-rwanda\/","og_site_name":"Africa Daily Report","article_publisher":"https:\/\/www.facebook.com\/africadailyreport","article_published_time":"2024-12-13T18:39:17+00:00","article_modified_time":"2024-12-13T18:43:12+00:00","og_image":[{"url":"https:\/\/africadailyreport.com\/wp-content\/uploads\/2024\/12\/AFP__20210625__9D67QK__v5__HighRes__CorrectionRwandaDrcongoDisasterVolcanoDiplomacy.jpg","width":1,"height":1,"type":"image\/jpeg"}],"author":"ADR\/AFP","twitter_card":"summary_large_image","twitter_creator":"@adr_africa","twitter_site":"@adr_africa","twitter_misc":{"\u00c9crit par":"ADR\/AFP","Dur\u00e9e de lecture estim\u00e9e":"3 minutes"},"schema":{"@context":"https:\/\/schema.org","@graph":[{"@type":"Article","@id":"https:\/\/africadailyreport.com\/fr\/2024\/12\/13\/accord-de-stabilisation-regionale-en-vue-au-sommet-rdc-rwanda\/#article","isPartOf":{"@id":"https:\/\/africadailyreport.com\/fr\/2024\/12\/13\/accord-de-stabilisation-regionale-en-vue-au-sommet-rdc-rwanda\/"},"author":{"name":"ADR\/AFP","@id":"https:\/\/africadailyreport.com\/fr\/#\/schema\/person\/c44d86d79f5570b3ba4cf70c989843f8"},"headline":"Accord de stabilisation r\u00e9gionale en vue au sommet RDC\/Rwanda","datePublished":"2024-12-13T18:39:17+00:00","dateModified":"2024-12-13T18:43:12+00:00","mainEntityOfPage":{"@id":"https:\/\/africadailyreport.com\/fr\/2024\/12\/13\/accord-de-stabilisation-regionale-en-vue-au-sommet-rdc-rwanda\/"},"wordCount":511,"commentCount":0,"publisher":{"@id":"https:\/\/africadailyreport.com\/fr\/#organization"},"image":{"@id":"https:\/\/africadailyreport.com\/fr\/2024\/12\/13\/accord-de-stabilisation-regionale-en-vue-au-sommet-rdc-rwanda\/#primaryimage"},"thumbnailUrl":"https:\/\/i0.wp.com\/africadailyreport.com\/wp-content\/uploads\/2024\/12\/AFP__20210625__9D67QK__v5__HighRes__CorrectionRwandaDrcongoDisasterVolcanoDiplomacy.jpg?fit=%2C&ssl=1","keywords":["conflit","congo","diplomatie","rdcoongo","sommet"],"articleSection":["D\u00e9p\u00eache","POLITIQUE"],"inLanguage":"fr-FR","potentialAction":[{"@type":"CommentAction","name":"Comment","target":["https:\/\/africadailyreport.com\/fr\/2024\/12\/13\/accord-de-stabilisation-regionale-en-vue-au-sommet-rdc-rwanda\/#respond"]}],"copyrightYear":"2024","copyrightHolder":{"@id":"https:\/\/africadailyreport.com\/#organization"}},{"@type":"WebPage","@id":"https:\/\/africadailyreport.com\/fr\/2024\/12\/13\/accord-de-stabilisation-regionale-en-vue-au-sommet-rdc-rwanda\/","url":"https:\/\/africadailyreport.com\/fr\/2024\/12\/13\/accord-de-stabilisation-regionale-en-vue-au-sommet-rdc-rwanda\/","name":"Accord de stabilisation r\u00e9gionale en vue au sommet RDC\/Rwanda - Africa Daily Report","isPartOf":{"@id":"https:\/\/africadailyreport.com\/fr\/#website"},"primaryImageOfPage":{"@id":"https:\/\/africadailyreport.com\/fr\/2024\/12\/13\/accord-de-stabilisation-regionale-en-vue-au-sommet-rdc-rwanda\/#primaryimage"},"image":{"@id":"https:\/\/africadailyreport.com\/fr\/2024\/12\/13\/accord-de-stabilisation-regionale-en-vue-au-sommet-rdc-rwanda\/#primaryimage"},"thumbnailUrl":"https:\/\/i0.wp.com\/africadailyreport.com\/wp-content\/uploads\/2024\/12\/AFP__20210625__9D67QK__v5__HighRes__CorrectionRwandaDrcongoDisasterVolcanoDiplomacy.jpg?fit=%2C&ssl=1","datePublished":"2024-12-13T18:39:17+00:00","dateModified":"2024-12-13T18:43:12+00:00","breadcrumb":{"@id":"https:\/\/africadailyreport.com\/fr\/2024\/12\/13\/accord-de-stabilisation-regionale-en-vue-au-sommet-rdc-rwanda\/#breadcrumb"},"inLanguage":"fr-FR","potentialAction":[{"@type":"ReadAction","target":["https:\/\/africadailyreport.com\/fr\/2024\/12\/13\/accord-de-stabilisation-regionale-en-vue-au-sommet-rdc-rwanda\/"]}]},{"@type":"ImageObject","inLanguage":"fr-FR","@id":"https:\/\/africadailyreport.com\/fr\/2024\/12\/13\/accord-de-stabilisation-regionale-en-vue-au-sommet-rdc-rwanda\/#primaryimage","url":"https:\/\/i0.wp.com\/africadailyreport.com\/wp-content\/uploads\/2024\/12\/AFP__20210625__9D67QK__v5__HighRes__CorrectionRwandaDrcongoDisasterVolcanoDiplomacy.jpg?fit=%2C&ssl=1","contentUrl":"https:\/\/i0.wp.com\/africadailyreport.com\/wp-content\/uploads\/2024\/12\/AFP__20210625__9D67QK__v5__HighRes__CorrectionRwandaDrcongoDisasterVolcanoDiplomacy.jpg?fit=%2C&ssl=1","caption":"Rwandan President Paul Kagame (R) and Democratic Republic of Congo (DRC) President Felix Tshisekedi (L) pose for a photograph at the Serena Hotel in Rubavu, Rwanda, on June 25, 2021 where they met for discussions. Both Presidents visited places in Rubavu that was damaged by the eruption of the Nyiragongo volcano on May 22, 2021 2021. During this eruption many residents of Goma in the DRC fled to Rwanda to find refuge. This meeting in Rubavu will be followed by another visit on May 26, 2021 in Goma, DRC, where Rwandan President Paul Kagame and DR Congo President Felix Tshisekedi will visit places destroyed by the eruption. (Photo by Simon Wohlfahrt \/ AFP) \/ \u0093The erroneous mention[s] appearing in the metadata of this photo by Simon Wohlfahrt has been modified in AFP systems in the following manner: [June 25, 2021] instead of [May 25, 2021]. Please immediately remove the erroneous mention[s] from all your online services and delete it (them) from your servers. If you have been authorized by AFP to distribute it (them) to third parties, please ensure that the same actions are carried out by them. Failure to promptly comply with these instructions will entail liability on your part for any continued or post notification usage. Therefore we thank you very much for all your attention and prompt action. We are sorry for the inconvenience this notification may cause and remain at your disposal for any further information you may require.\u0094"},{"@type":"BreadcrumbList","@id":"https:\/\/africadailyreport.com\/fr\/2024\/12\/13\/accord-de-stabilisation-regionale-en-vue-au-sommet-rdc-rwanda\/#breadcrumb","itemListElement":[{"@type":"ListItem","position":1,"name":"Home","item":"https:\/\/africadailyreport.com\/fr\/"},{"@type":"ListItem","position":2,"name":"Accord de stabilisation r\u00e9gionale en vue au sommet RDC\/Rwanda"}]},{"@type":"WebSite","@id":"https:\/\/africadailyreport.com\/fr\/#website","url":"https:\/\/africadailyreport.com\/fr\/","name":"Africa Daily Report","description":"","publisher":{"@id":"https:\/\/africadailyreport.com\/fr\/#organization"},"potentialAction":[{"@type":"SearchAction","target":{"@type":"EntryPoint","urlTemplate":"https:\/\/africadailyreport.com\/fr\/?s={search_term_string}"},"query-input":{"@type":"PropertyValueSpecification","valueRequired":true,"valueName":"search_term_string"}}],"inLanguage":"fr-FR"},{"@type":"Organization","@id":"https:\/\/africadailyreport.com\/fr\/#organization","name":"Africa Daily Report","url":"https:\/\/africadailyreport.com\/fr\/","logo":{"@type":"ImageObject","inLanguage":"fr-FR","@id":"https:\/\/africadailyreport.com\/fr\/#\/schema\/logo\/image\/","url":"https:\/\/africadailyreport.com\/wp-content\/uploads\/2024\/09\/ADR-Transparent-Green-Logo-1.png","contentUrl":"https:\/\/africadailyreport.com\/wp-content\/uploads\/2024\/09\/ADR-Transparent-Green-Logo-1.png","width":267,"height":185,"caption":"Africa Daily Report"},"image":{"@id":"https:\/\/africadailyreport.com\/fr\/#\/schema\/logo\/image\/"},"sameAs":["https:\/\/www.facebook.com\/africadailyreport","https:\/\/x.com\/adr_africa","https:\/\/www.youtube.com\/@africadailyreport","https:\/\/instagram.com\/africadailyreport"]},{"@type":"Person","@id":"https:\/\/africadailyreport.com\/fr\/#\/schema\/person\/c44d86d79f5570b3ba4cf70c989843f8","name":"ADR\/AFP","image":{"@type":"ImageObject","inLanguage":"fr-FR","@id":"https:\/\/secure.gravatar.com\/avatar\/2fbdc3782aa386b408fd9a36f0bc78ee569c94a7a05670cab3a1d72916408214?s=96&d=mm&r=g","url":"https:\/\/secure.gravatar.com\/avatar\/2fbdc3782aa386b408fd9a36f0bc78ee569c94a7a05670cab3a1d72916408214?s=96&d=mm&r=g","contentUrl":"https:\/\/secure.gravatar.com\/avatar\/2fbdc3782aa386b408fd9a36f0bc78ee569c94a7a05670cab3a1d72916408214?s=96&d=mm&r=g","caption":"ADR\/AFP"},"sameAs":["http:\/\/africadailyreport.com"],"url":"https:\/\/africadailyreport.com\/fr\/author\/both\/"}]}},"jetpack_featured_media_url":"https:\/\/i0.wp.com\/africadailyreport.com\/wp-content\/uploads\/2024\/12\/AFP__20210625__9D67QK__v5__HighRes__CorrectionRwandaDrcongoDisasterVolcanoDiplomacy.jpg?fit=%2C&ssl=1","jetpack_sharing_enabled":true,"amp_enabled":true,"_links":{"self":[{"href":"https:\/\/africadailyreport.com\/fr\/wp-json\/wp\/v2\/posts\/15312","targetHints":{"allow":["GET"]}}],"collection":[{"href":"https:\/\/africadailyreport.com\/fr\/wp-json\/wp\/v2\/posts"}],"about":[{"href":"https:\/\/africadailyreport.com\/fr\/wp-json\/wp\/v2\/types\/post"}],"author":[{"embeddable":true,"href":"https:\/\/africadailyreport.com\/fr\/wp-json\/wp\/v2\/users\/10"}],"replies":[{"embeddable":true,"href":"https:\/\/africadailyreport.com\/fr\/wp-json\/wp\/v2\/comments?post=15312"}],"version-history":[{"count":1,"href":"https:\/\/africadailyreport.com\/fr\/wp-json\/wp\/v2\/posts\/15312\/revisions"}],"predecessor-version":[{"id":15314,"href":"https:\/\/africadailyreport.com\/fr\/wp-json\/wp\/v2\/posts\/15312\/revisions\/15314"}],"wp:featuredmedia":[{"embeddable":true,"href":"https:\/\/africadailyreport.com\/fr\/wp-json\/wp\/v2\/media\/15310"}],"wp:attachment":[{"href":"https:\/\/africadailyreport.com\/fr\/wp-json\/wp\/v2\/media?parent=15312"}],"wp:term":[{"taxonomy":"category","embeddable":true,"href":"https:\/\/africadailyreport.com\/fr\/wp-json\/wp\/v2\/categories?post=15312"},{"taxonomy":"post_tag","embeddable":true,"href":"https:\/\/africadailyreport.com\/fr\/wp-json\/wp\/v2\/tags?post=15312"},{"taxonomy":"adr_country","embeddable":true,"href":"https:\/\/africadailyreport.com\/fr\/wp-json\/wp\/v2\/adr_country?post=15312"}],"curies":[{"name":"wp","href":"https:\/\/api.w.org\/{rel}","templated":true}]}}