{"id":15275,"date":"2024-12-13T14:05:20","date_gmt":"2024-12-13T14:05:20","guid":{"rendered":"https:\/\/africadailyreport.com\/2024\/12\/13\/quatre-premiers-ministres-en-un-an-et-autant-de-methodes\/"},"modified":"2024-12-13T14:06:43","modified_gmt":"2024-12-13T14:06:43","slug":"quatre-premiers-ministres-en-un-an-et-autant-de-methodes","status":"publish","type":"post","link":"https:\/\/africadailyreport.com\/fr\/2024\/12\/13\/quatre-premiers-ministres-en-un-an-et-autant-de-methodes\/","title":{"rendered":"Quatre Premiers ministres en un an et autant de m\u00e9thodes"},"content":{"rendered":"\n<h2 class=\"wp-block-heading\" id=\"h-paris-france-afp-du-jamais-vu-sous-la-ve-republique-quatre-premiers-ministres-et-autant-de-methodes-pour-tenter-de-trouver-une-majorite-a-l-assemblee-nationale-seront-passes-par-matignon-en-un-an-chacun-avec-son-style-mais-avec-des-soutiens-de-plus-en-plus-fragiles\"><em>Paris,\u00a0France &#8211; (AFP) &#8211; <\/em>Du jamais vu sous la Ve R\u00e9publique, quatre Premiers ministres, et autant de m\u00e9thodes pour tenter de trouver une majorit\u00e9 \u00e0 l&rsquo;Assembl\u00e9e nationale, seront pass\u00e9s par Matignon en un an, chacun avec son style mais avec des soutiens de plus en plus fragiles.<\/h2>\n\n\n\n\n\n<p>Le patron du MoDem Fran\u00e7ois Bayrou &nbsp;succ\u00e8de vendredi \u00e0 l&rsquo;ancien ministre de droite Michel Barnier d\u00e9mis par la censure au bout de seulement trois mois.<\/p>\n\n\n\n<p>Avec pour mission selon l&rsquo;Elys\u00e9e de poursuivre le dialogue entam\u00e9 avec les forces politiques pour \u00ab\u00a0trouver les conditions de la stabilit\u00e9 et de l\u2019action\u00a0\u00bb. La gauche a propos\u00e9 lors d&rsquo;une r\u00e9union mardi autour du pr\u00e9sident que le gouvernement renonce au 49.3 pour faire passer une loi sans vote, en \u00e9change d&rsquo;une non-censure.<\/p>\n\n\n\n<h2 class=\"wp-block-heading\" id=\"h-barnier-le-montagnard\">&#8211; Barnier, le \u00ab\u00a0montagnard\u00a0\u00bb &#8211;<\/h2>\n\n\n\n<p>L&rsquo;ancien ministre de Jacques Chirac et Nicolas Sarkozy, lou\u00e9 pour son exp\u00e9rience de n\u00e9gociateur du Brexit, est nomm\u00e9 le 5 septembre, charg\u00e9 de trouver une majorit\u00e9 impossible dans une Assembl\u00e9e fractur\u00e9e en trois blocs depuis les l\u00e9gislatives.<\/p>\n\n\n\n<p>Censur\u00e9 le 4 d\u00e9cembre par les voix jointes des d\u00e9put\u00e9s de la gauche et de l&rsquo;extr\u00eame droite, avec laquelle il a tent\u00e9 en vain de discuter, Michel Barnier savait ses jours compt\u00e9s. Outre l&rsquo;absence de majorit\u00e9, il avait \u00e9t\u00e9 contraint par Bruxelles de pr\u00e9senter un budget d&rsquo;\u00e9conomies pour combler un lourd d\u00e9ficit.<\/p>\n\n\n\n<p>Il a vu aussi sa m\u00e9thode \u00ab\u00a0d&rsquo;\u00e9coute, de respect, de dialogue\u00a0\u00bb mise en \u00e9chec face aux demandes contradictoires des oppositions et de sa coalition de la droite et du centre, travers\u00e9e par des dissensions.<\/p>\n\n\n\n<p>Cultivant un style sobre et \u00ab\u00a0old fashion\u00a0\u00bb, l&rsquo;ex-Premier ministre le plus \u00e2g\u00e9 de la Ve R\u00e9publique aimait \u00e0 73 ans (quatre mois de plus que Fran\u00e7ois Bayrou) se pr\u00e9senter comme \u00ab\u00a0un montagnard\u00a0\u00bb qui avance \u00ab\u00a0pas \u00e0 pas\u00a0\u00bb et \u00ab\u00a0sans esbroufe\u00a0\u00bb, quand son pr\u00e9d\u00e9cesseur, Gabriel Attal, communiquait beaucoup.<\/p>\n\n\n\n<h2 class=\"wp-block-heading\" id=\"h-attal-le-roi-de-la-com\">&#8211; Attal, le \u00ab\u00a0roi de la com'\u00a0\u00bb<\/h2>\n\n\n\n<p>Le macroniste Gabriel Attal, nomm\u00e9 le 9 janvier au terme d&rsquo;une ascension spectaculaire, a \u00e9t\u00e9 coup\u00e9 dans son \u00e9lan par la dissolution, m\u00eame s&rsquo;il a gagn\u00e9 un sursis rue de Varenne puisque Emmanuel Macron n&rsquo;a accept\u00e9 sa d\u00e9mission que le 16 juillet.<\/p>\n\n\n\n<p>Il a g\u00e9r\u00e9 ensuite les \u00ab\u00a0affaires courantes\u00a0\u00bb du pays pendant plusieurs semaines \u00e0 la faveur des Jeux olympiques.<\/p>\n\n\n\n<p>Aur\u00e9ol\u00e9 d&rsquo;un profil plus \u00ab\u00a0politique\u00a0\u00bb et communicant, qu&rsquo;Elisabeth Borne, le plus jeune Premier ministre de la Ve R\u00e9publique, \u00e2g\u00e9 de 35 ans, impose d\u00e8s la passation sa marque: se d\u00e9placer souvent, s&rsquo;exprimer beaucoup.<\/p>\n\n\n\n<p>Trop selon certains, s&rsquo;attirant les foudres des oppositions qui l&rsquo;accusent d&rsquo;accaparer les m\u00e9dias et de \u00ab\u00a0baratiner\u00a0\u00bb et de n&rsquo;\u00eatre que le \u00ab\u00a0roi de la com'\u00a0\u00bb.<\/p>\n\n\n\n<p>Pass\u00e9 du socialisme au macronisme, il emprunte des codes sarkozystes &#8211; la \u00ab\u00a0France qui se l\u00e8ve t\u00f4t\u00a0\u00bb et \u00ab\u00a0l&rsquo;autorit\u00e9\u00a0\u00bb \u00e0 l&rsquo;\u00e9cole -,&nbsp;pour tenter de s\u00e9duire la droite au-del\u00e0 de sa majorit\u00e9 relative, plus large \u00e0 l&rsquo;\u00e9poque que le \u00ab\u00a0socle commun\u00a0\u00bb de Michel Barnier.<\/p>\n\n\n\n<h2 class=\"wp-block-heading\" id=\"h-borne-la-batisseuse\">&#8211; Borne, la \u00ab\u00a0b\u00e2tisseuse\u00a0\u00bb &#8211;<\/h2>\n\n\n\n<p>Elisabeth Borne, nomm\u00e9e le 16 mai 2022, \u00e2g\u00e9e de 63 ans, est la deuxi\u00e8me femme \u00e0 acc\u00e9der \u00e0 Matignon depuis Edith Cresson.<\/p>\n\n\n\n<p>Mais elle n&rsquo;a pas surv\u00e9cu \u00e0 deux projets de loi impos\u00e9s dans la douleur, avec le soutien fluctuant et partiel de la droite, sur les retraites et sur l&rsquo;immigration, ce dernier ayant \u00e9t\u00e9 adopt\u00e9 avec les voix de l&rsquo;extr\u00eame droite.<\/p>\n\n\n\n<p>Femme de dossiers peu port\u00e9e sur la communication, elle se pr\u00e9sentait comme une \u00ab\u00a0infatigable b\u00e2tisseuse\u00a0\u00bb de \u00ab\u00a0majorit\u00e9s de projets\u00a0\u00bb, se disant pr\u00eate \u00ab\u00a0\u00e0 amender\u00a0\u00bb ses textes, habit\u00e9e par une histoire personnelle douloureuse qui lui faisait tout supporter, sans \u00ab\u00a0assignation\u00a0\u00bb.<\/p>\n\n\n\n<p>\u00ab\u00a0Notre d\u00e9marche tient en trois mots: dialogue, compromis, ouverture\u00a0\u00bb, disait-elle, citant r\u00e9guli\u00e8rement l&rsquo;ancien Premier ministre Michel Rocard, priv\u00e9 lui aussi de majorit\u00e9 en 1988, et qui visait des \u00ab\u00a0majorit\u00e9s st\u00e9r\u00e9o\u00a0\u00bb, une fois avec la droite mod\u00e9r\u00e9e, une autre fois avec les communistes.<\/p>\n\n\n\n<p><\/p>\n\n\n\n<p>\u00a9 Agence France-Presse<\/p>\n","protected":false},"excerpt":{"rendered":"<p>Paris,\u00a0France &#8211; (AFP) &#8211; Du jamais vu sous la Ve R\u00e9publique, quatre Premiers ministres, et autant de m\u00e9thodes pour tenter de trouver une majorit\u00e9 \u00e0 l&rsquo;Assembl\u00e9e nationale, seront pass\u00e9s par Matignon en un an, chacun avec son style mais avec des soutiens de plus en plus fragiles. Le patron du MoDem Fran\u00e7ois Bayrou &nbsp;succ\u00e8de vendredi [&hellip;]<\/p>\n","protected":false},"author":10,"featured_media":15273,"comment_status":"open","ping_status":"open","sticky":false,"template":"","format":"standard","meta":{"_acf_changed":false,"om_disable_all_campaigns":false,"_monsterinsights_skip_tracking":false,"_monsterinsights_sitenote_active":false,"_monsterinsights_sitenote_note":"","_monsterinsights_sitenote_category":0,"tdm_status":"","tdm_grid_status":"","_jetpack_newsletter_access":"","_jetpack_dont_email_post_to_subs":false,"_jetpack_newsletter_tier_id":0,"_jetpack_memberships_contains_paywalled_content":false,"_jetpack_memberships_contains_paid_content":false,"footnotes":""},"categories":[1241,1787,782,1274],"tags":[2278,2273,812,314,1168,1014,1992],"adr_country":[1090],"class_list":{"0":"post-15275","1":"post","2":"type-post","3":"status-publish","4":"format-standard","5":"has-post-thumbnail","7":"category-lead-2-fr","8":"category-pics-of-the-day-fr","9":"category-politique-fr","10":"category-world-fr","11":"tag-barnier-fr","12":"tag-bayrou-fr","13":"tag-france-fr","14":"tag-gouvernement-fr","15":"tag-government-fr","16":"tag-macron-fr","17":"tag-partis-fr","18":"adr_country-france"},"acf":{"post_version":""},"yoast_head":"<!-- This site is optimized with the Yoast SEO Premium plugin v26.0 (Yoast SEO v27.4) - https:\/\/yoast.com\/product\/yoast-seo-premium-wordpress\/ -->\n<title>Quatre Premiers ministres en un an et autant de m\u00e9thodes - Africa Daily Report<\/title>\n<meta name=\"robots\" content=\"index, follow, max-snippet:-1, max-image-preview:large, max-video-preview:-1\" \/>\n<link rel=\"canonical\" href=\"https:\/\/africadailyreport.com\/fr\/2024\/12\/13\/quatre-premiers-ministres-en-un-an-et-autant-de-methodes\/\" \/>\n<meta property=\"og:locale\" content=\"fr_FR\" \/>\n<meta property=\"og:type\" content=\"article\" \/>\n<meta property=\"og:title\" content=\"Quatre Premiers ministres en un an et autant de m\u00e9thodes\" \/>\n<meta property=\"og:description\" content=\"Paris,\u00a0France &#8211; (AFP) &#8211; Du jamais vu sous la Ve R\u00e9publique, quatre Premiers ministres, et autant de m\u00e9thodes pour tenter de trouver une majorit\u00e9 \u00e0 l&rsquo;Assembl\u00e9e nationale, seront pass\u00e9s par Matignon en un an, chacun avec son style mais avec des soutiens de plus en plus fragiles. Le patron du MoDem Fran\u00e7ois Bayrou &nbsp;succ\u00e8de vendredi [&hellip;]\" \/>\n<meta property=\"og:url\" content=\"https:\/\/africadailyreport.com\/fr\/2024\/12\/13\/quatre-premiers-ministres-en-un-an-et-autant-de-methodes\/\" \/>\n<meta property=\"og:site_name\" content=\"Africa Daily Report\" \/>\n<meta property=\"article:publisher\" content=\"https:\/\/www.facebook.com\/africadailyreport\" \/>\n<meta property=\"article:published_time\" content=\"2024-12-13T14:05:20+00:00\" \/>\n<meta property=\"article:modified_time\" content=\"2024-12-13T14:06:43+00:00\" \/>\n<meta property=\"og:image\" content=\"https:\/\/africadailyreport.com\/wp-content\/uploads\/2024\/12\/AFP__20241213__36Q74TA__v4__HighRes__FilesFrancePoliticsGovernmentMayors-scaled.jpg\" \/>\n\t<meta property=\"og:image:width\" content=\"1\" \/>\n\t<meta property=\"og:image:height\" content=\"1\" \/>\n\t<meta property=\"og:image:type\" content=\"image\/jpeg\" \/>\n<meta name=\"author\" content=\"ADR\/AFP\" \/>\n<meta name=\"twitter:card\" content=\"summary_large_image\" \/>\n<meta name=\"twitter:creator\" content=\"@adr_africa\" \/>\n<meta name=\"twitter:site\" content=\"@adr_africa\" \/>\n<meta name=\"twitter:label1\" content=\"\u00c9crit par\" \/>\n\t<meta name=\"twitter:data1\" content=\"ADR\/AFP\" \/>\n\t<meta name=\"twitter:label2\" content=\"Dur\u00e9e de lecture estim\u00e9e\" \/>\n\t<meta name=\"twitter:data2\" content=\"4 minutes\" \/>\n<script type=\"application\/ld+json\" class=\"yoast-schema-graph\">{\"@context\":\"https:\\\/\\\/schema.org\",\"@graph\":[{\"@type\":\"Article\",\"@id\":\"https:\\\/\\\/africadailyreport.com\\\/fr\\\/2024\\\/12\\\/13\\\/quatre-premiers-ministres-en-un-an-et-autant-de-methodes\\\/#article\",\"isPartOf\":{\"@id\":\"https:\\\/\\\/africadailyreport.com\\\/fr\\\/2024\\\/12\\\/13\\\/quatre-premiers-ministres-en-un-an-et-autant-de-methodes\\\/\"},\"author\":{\"name\":\"ADR\\\/AFP\",\"@id\":\"https:\\\/\\\/africadailyreport.com\\\/fr\\\/#\\\/schema\\\/person\\\/c44d86d79f5570b3ba4cf70c989843f8\"},\"headline\":\"Quatre Premiers ministres en un an et autant de m\u00e9thodes\",\"datePublished\":\"2024-12-13T14:05:20+00:00\",\"dateModified\":\"2024-12-13T14:06:43+00:00\",\"mainEntityOfPage\":{\"@id\":\"https:\\\/\\\/africadailyreport.com\\\/fr\\\/2024\\\/12\\\/13\\\/quatre-premiers-ministres-en-un-an-et-autant-de-methodes\\\/\"},\"wordCount\":701,\"commentCount\":0,\"publisher\":{\"@id\":\"https:\\\/\\\/africadailyreport.com\\\/fr\\\/#organization\"},\"image\":{\"@id\":\"https:\\\/\\\/africadailyreport.com\\\/fr\\\/2024\\\/12\\\/13\\\/quatre-premiers-ministres-en-un-an-et-autant-de-methodes\\\/#primaryimage\"},\"thumbnailUrl\":\"https:\\\/\\\/i0.wp.com\\\/africadailyreport.com\\\/wp-content\\\/uploads\\\/2024\\\/12\\\/AFP__20241213__36Q74TA__v4__HighRes__FilesFrancePoliticsGovernmentMayors-scaled.jpg?fit=%2C&ssl=1\",\"keywords\":[\"Barnier\",\"Bayrou\",\"france\",\"gouvernement\",\"Government\",\"MACRON\",\"Partis\"],\"articleSection\":[\"LEAD\",\"Pics of the Day\",\"POLITIQUE\",\"WORLD\"],\"inLanguage\":\"fr-FR\",\"potentialAction\":[{\"@type\":\"CommentAction\",\"name\":\"Comment\",\"target\":[\"https:\\\/\\\/africadailyreport.com\\\/fr\\\/2024\\\/12\\\/13\\\/quatre-premiers-ministres-en-un-an-et-autant-de-methodes\\\/#respond\"]}],\"copyrightYear\":\"2024\",\"copyrightHolder\":{\"@id\":\"https:\\\/\\\/africadailyreport.com\\\/#organization\"}},{\"@type\":\"WebPage\",\"@id\":\"https:\\\/\\\/africadailyreport.com\\\/fr\\\/2024\\\/12\\\/13\\\/quatre-premiers-ministres-en-un-an-et-autant-de-methodes\\\/\",\"url\":\"https:\\\/\\\/africadailyreport.com\\\/fr\\\/2024\\\/12\\\/13\\\/quatre-premiers-ministres-en-un-an-et-autant-de-methodes\\\/\",\"name\":\"Quatre Premiers ministres en un an et autant de m\u00e9thodes - Africa Daily Report\",\"isPartOf\":{\"@id\":\"https:\\\/\\\/africadailyreport.com\\\/fr\\\/#website\"},\"primaryImageOfPage\":{\"@id\":\"https:\\\/\\\/africadailyreport.com\\\/fr\\\/2024\\\/12\\\/13\\\/quatre-premiers-ministres-en-un-an-et-autant-de-methodes\\\/#primaryimage\"},\"image\":{\"@id\":\"https:\\\/\\\/africadailyreport.com\\\/fr\\\/2024\\\/12\\\/13\\\/quatre-premiers-ministres-en-un-an-et-autant-de-methodes\\\/#primaryimage\"},\"thumbnailUrl\":\"https:\\\/\\\/i0.wp.com\\\/africadailyreport.com\\\/wp-content\\\/uploads\\\/2024\\\/12\\\/AFP__20241213__36Q74TA__v4__HighRes__FilesFrancePoliticsGovernmentMayors-scaled.jpg?fit=%2C&ssl=1\",\"datePublished\":\"2024-12-13T14:05:20+00:00\",\"dateModified\":\"2024-12-13T14:06:43+00:00\",\"breadcrumb\":{\"@id\":\"https:\\\/\\\/africadailyreport.com\\\/fr\\\/2024\\\/12\\\/13\\\/quatre-premiers-ministres-en-un-an-et-autant-de-methodes\\\/#breadcrumb\"},\"inLanguage\":\"fr-FR\",\"potentialAction\":[{\"@type\":\"ReadAction\",\"target\":[\"https:\\\/\\\/africadailyreport.com\\\/fr\\\/2024\\\/12\\\/13\\\/quatre-premiers-ministres-en-un-an-et-autant-de-methodes\\\/\"]}]},{\"@type\":\"ImageObject\",\"inLanguage\":\"fr-FR\",\"@id\":\"https:\\\/\\\/africadailyreport.com\\\/fr\\\/2024\\\/12\\\/13\\\/quatre-premiers-ministres-en-un-an-et-autant-de-methodes\\\/#primaryimage\",\"url\":\"https:\\\/\\\/i0.wp.com\\\/africadailyreport.com\\\/wp-content\\\/uploads\\\/2024\\\/12\\\/AFP__20241213__36Q74TA__v4__HighRes__FilesFrancePoliticsGovernmentMayors-scaled.jpg?fit=%2C&ssl=1\",\"contentUrl\":\"https:\\\/\\\/i0.wp.com\\\/africadailyreport.com\\\/wp-content\\\/uploads\\\/2024\\\/12\\\/AFP__20241213__36Q74TA__v4__HighRes__FilesFrancePoliticsGovernmentMayors-scaled.jpg?fit=%2C&ssl=1\",\"caption\":\"(FILES) French President Emmanuel Macron (L) speaks with French President of the Modem party Francois Bayrou and mayor of Pau and High Commissioner for Planning Francois Bayrou during a reception with French mayors at the Elysee Palace, on the sidelines of the 105th session of the Congress of Mayors organised by the \\\"France's Mayors' Association\\\" (AMF), in Paris, on November 22, 2023. - President Emmanuel Macron named on December 13, 2024 centrist leader Francois Bayrou as his new Prime minister, the presidency said, handing him the task of hauling France out of months of political crisis. (Photo by Ludovic MARIN \\\/ POOL \\\/ AFP)\"},{\"@type\":\"BreadcrumbList\",\"@id\":\"https:\\\/\\\/africadailyreport.com\\\/fr\\\/2024\\\/12\\\/13\\\/quatre-premiers-ministres-en-un-an-et-autant-de-methodes\\\/#breadcrumb\",\"itemListElement\":[{\"@type\":\"ListItem\",\"position\":1,\"name\":\"Home\",\"item\":\"https:\\\/\\\/africadailyreport.com\\\/fr\\\/\"},{\"@type\":\"ListItem\",\"position\":2,\"name\":\"Quatre Premiers ministres en un an et autant de m\u00e9thodes\"}]},{\"@type\":\"WebSite\",\"@id\":\"https:\\\/\\\/africadailyreport.com\\\/fr\\\/#website\",\"url\":\"https:\\\/\\\/africadailyreport.com\\\/fr\\\/\",\"name\":\"Africa Daily Report\",\"description\":\"\",\"publisher\":{\"@id\":\"https:\\\/\\\/africadailyreport.com\\\/fr\\\/#organization\"},\"potentialAction\":[{\"@type\":\"SearchAction\",\"target\":{\"@type\":\"EntryPoint\",\"urlTemplate\":\"https:\\\/\\\/africadailyreport.com\\\/fr\\\/?s={search_term_string}\"},\"query-input\":{\"@type\":\"PropertyValueSpecification\",\"valueRequired\":true,\"valueName\":\"search_term_string\"}}],\"inLanguage\":\"fr-FR\"},{\"@type\":\"Organization\",\"@id\":\"https:\\\/\\\/africadailyreport.com\\\/fr\\\/#organization\",\"name\":\"Africa Daily Report\",\"url\":\"https:\\\/\\\/africadailyreport.com\\\/fr\\\/\",\"logo\":{\"@type\":\"ImageObject\",\"inLanguage\":\"fr-FR\",\"@id\":\"https:\\\/\\\/africadailyreport.com\\\/fr\\\/#\\\/schema\\\/logo\\\/image\\\/\",\"url\":\"https:\\\/\\\/africadailyreport.com\\\/wp-content\\\/uploads\\\/2024\\\/09\\\/ADR-Transparent-Green-Logo-1.png\",\"contentUrl\":\"https:\\\/\\\/africadailyreport.com\\\/wp-content\\\/uploads\\\/2024\\\/09\\\/ADR-Transparent-Green-Logo-1.png\",\"width\":267,\"height\":185,\"caption\":\"Africa Daily Report\"},\"image\":{\"@id\":\"https:\\\/\\\/africadailyreport.com\\\/fr\\\/#\\\/schema\\\/logo\\\/image\\\/\"},\"sameAs\":[\"https:\\\/\\\/www.facebook.com\\\/africadailyreport\",\"https:\\\/\\\/x.com\\\/adr_africa\",\"https:\\\/\\\/www.youtube.com\\\/@africadailyreport\",\"https:\\\/\\\/instagram.com\\\/africadailyreport\"]},{\"@type\":\"Person\",\"@id\":\"https:\\\/\\\/africadailyreport.com\\\/fr\\\/#\\\/schema\\\/person\\\/c44d86d79f5570b3ba4cf70c989843f8\",\"name\":\"ADR\\\/AFP\",\"image\":{\"@type\":\"ImageObject\",\"inLanguage\":\"fr-FR\",\"@id\":\"https:\\\/\\\/secure.gravatar.com\\\/avatar\\\/2fbdc3782aa386b408fd9a36f0bc78ee569c94a7a05670cab3a1d72916408214?s=96&d=mm&r=g\",\"url\":\"https:\\\/\\\/secure.gravatar.com\\\/avatar\\\/2fbdc3782aa386b408fd9a36f0bc78ee569c94a7a05670cab3a1d72916408214?s=96&d=mm&r=g\",\"contentUrl\":\"https:\\\/\\\/secure.gravatar.com\\\/avatar\\\/2fbdc3782aa386b408fd9a36f0bc78ee569c94a7a05670cab3a1d72916408214?s=96&d=mm&r=g\",\"caption\":\"ADR\\\/AFP\"},\"sameAs\":[\"http:\\\/\\\/africadailyreport.com\"],\"url\":\"https:\\\/\\\/africadailyreport.com\\\/fr\\\/author\\\/both\\\/\"}]}<\/script>\n<!-- \/ Yoast SEO Premium plugin. -->","yoast_head_json":{"title":"Quatre Premiers ministres en un an et autant de m\u00e9thodes - Africa Daily Report","robots":{"index":"index","follow":"follow","max-snippet":"max-snippet:-1","max-image-preview":"max-image-preview:large","max-video-preview":"max-video-preview:-1"},"canonical":"https:\/\/africadailyreport.com\/fr\/2024\/12\/13\/quatre-premiers-ministres-en-un-an-et-autant-de-methodes\/","og_locale":"fr_FR","og_type":"article","og_title":"Quatre Premiers ministres en un an et autant de m\u00e9thodes","og_description":"Paris,\u00a0France &#8211; (AFP) &#8211; Du jamais vu sous la Ve R\u00e9publique, quatre Premiers ministres, et autant de m\u00e9thodes pour tenter de trouver une majorit\u00e9 \u00e0 l&rsquo;Assembl\u00e9e nationale, seront pass\u00e9s par Matignon en un an, chacun avec son style mais avec des soutiens de plus en plus fragiles. Le patron du MoDem Fran\u00e7ois Bayrou &nbsp;succ\u00e8de vendredi [&hellip;]","og_url":"https:\/\/africadailyreport.com\/fr\/2024\/12\/13\/quatre-premiers-ministres-en-un-an-et-autant-de-methodes\/","og_site_name":"Africa Daily Report","article_publisher":"https:\/\/www.facebook.com\/africadailyreport","article_published_time":"2024-12-13T14:05:20+00:00","article_modified_time":"2024-12-13T14:06:43+00:00","og_image":[{"url":"https:\/\/africadailyreport.com\/wp-content\/uploads\/2024\/12\/AFP__20241213__36Q74TA__v4__HighRes__FilesFrancePoliticsGovernmentMayors-scaled.jpg","width":1,"height":1,"type":"image\/jpeg"}],"author":"ADR\/AFP","twitter_card":"summary_large_image","twitter_creator":"@adr_africa","twitter_site":"@adr_africa","twitter_misc":{"\u00c9crit par":"ADR\/AFP","Dur\u00e9e de lecture estim\u00e9e":"4 minutes"},"schema":{"@context":"https:\/\/schema.org","@graph":[{"@type":"Article","@id":"https:\/\/africadailyreport.com\/fr\/2024\/12\/13\/quatre-premiers-ministres-en-un-an-et-autant-de-methodes\/#article","isPartOf":{"@id":"https:\/\/africadailyreport.com\/fr\/2024\/12\/13\/quatre-premiers-ministres-en-un-an-et-autant-de-methodes\/"},"author":{"name":"ADR\/AFP","@id":"https:\/\/africadailyreport.com\/fr\/#\/schema\/person\/c44d86d79f5570b3ba4cf70c989843f8"},"headline":"Quatre Premiers ministres en un an et autant de m\u00e9thodes","datePublished":"2024-12-13T14:05:20+00:00","dateModified":"2024-12-13T14:06:43+00:00","mainEntityOfPage":{"@id":"https:\/\/africadailyreport.com\/fr\/2024\/12\/13\/quatre-premiers-ministres-en-un-an-et-autant-de-methodes\/"},"wordCount":701,"commentCount":0,"publisher":{"@id":"https:\/\/africadailyreport.com\/fr\/#organization"},"image":{"@id":"https:\/\/africadailyreport.com\/fr\/2024\/12\/13\/quatre-premiers-ministres-en-un-an-et-autant-de-methodes\/#primaryimage"},"thumbnailUrl":"https:\/\/i0.wp.com\/africadailyreport.com\/wp-content\/uploads\/2024\/12\/AFP__20241213__36Q74TA__v4__HighRes__FilesFrancePoliticsGovernmentMayors-scaled.jpg?fit=%2C&ssl=1","keywords":["Barnier","Bayrou","france","gouvernement","Government","MACRON","Partis"],"articleSection":["LEAD","Pics of the Day","POLITIQUE","WORLD"],"inLanguage":"fr-FR","potentialAction":[{"@type":"CommentAction","name":"Comment","target":["https:\/\/africadailyreport.com\/fr\/2024\/12\/13\/quatre-premiers-ministres-en-un-an-et-autant-de-methodes\/#respond"]}],"copyrightYear":"2024","copyrightHolder":{"@id":"https:\/\/africadailyreport.com\/#organization"}},{"@type":"WebPage","@id":"https:\/\/africadailyreport.com\/fr\/2024\/12\/13\/quatre-premiers-ministres-en-un-an-et-autant-de-methodes\/","url":"https:\/\/africadailyreport.com\/fr\/2024\/12\/13\/quatre-premiers-ministres-en-un-an-et-autant-de-methodes\/","name":"Quatre Premiers ministres en un an et autant de m\u00e9thodes - Africa Daily Report","isPartOf":{"@id":"https:\/\/africadailyreport.com\/fr\/#website"},"primaryImageOfPage":{"@id":"https:\/\/africadailyreport.com\/fr\/2024\/12\/13\/quatre-premiers-ministres-en-un-an-et-autant-de-methodes\/#primaryimage"},"image":{"@id":"https:\/\/africadailyreport.com\/fr\/2024\/12\/13\/quatre-premiers-ministres-en-un-an-et-autant-de-methodes\/#primaryimage"},"thumbnailUrl":"https:\/\/i0.wp.com\/africadailyreport.com\/wp-content\/uploads\/2024\/12\/AFP__20241213__36Q74TA__v4__HighRes__FilesFrancePoliticsGovernmentMayors-scaled.jpg?fit=%2C&ssl=1","datePublished":"2024-12-13T14:05:20+00:00","dateModified":"2024-12-13T14:06:43+00:00","breadcrumb":{"@id":"https:\/\/africadailyreport.com\/fr\/2024\/12\/13\/quatre-premiers-ministres-en-un-an-et-autant-de-methodes\/#breadcrumb"},"inLanguage":"fr-FR","potentialAction":[{"@type":"ReadAction","target":["https:\/\/africadailyreport.com\/fr\/2024\/12\/13\/quatre-premiers-ministres-en-un-an-et-autant-de-methodes\/"]}]},{"@type":"ImageObject","inLanguage":"fr-FR","@id":"https:\/\/africadailyreport.com\/fr\/2024\/12\/13\/quatre-premiers-ministres-en-un-an-et-autant-de-methodes\/#primaryimage","url":"https:\/\/i0.wp.com\/africadailyreport.com\/wp-content\/uploads\/2024\/12\/AFP__20241213__36Q74TA__v4__HighRes__FilesFrancePoliticsGovernmentMayors-scaled.jpg?fit=%2C&ssl=1","contentUrl":"https:\/\/i0.wp.com\/africadailyreport.com\/wp-content\/uploads\/2024\/12\/AFP__20241213__36Q74TA__v4__HighRes__FilesFrancePoliticsGovernmentMayors-scaled.jpg?fit=%2C&ssl=1","caption":"(FILES) French President Emmanuel Macron (L) speaks with French President of the Modem party Francois Bayrou and mayor of Pau and High Commissioner for Planning Francois Bayrou during a reception with French mayors at the Elysee Palace, on the sidelines of the 105th session of the Congress of Mayors organised by the \"France's Mayors' Association\" (AMF), in Paris, on November 22, 2023. - President Emmanuel Macron named on December 13, 2024 centrist leader Francois Bayrou as his new Prime minister, the presidency said, handing him the task of hauling France out of months of political crisis. (Photo by Ludovic MARIN \/ POOL \/ AFP)"},{"@type":"BreadcrumbList","@id":"https:\/\/africadailyreport.com\/fr\/2024\/12\/13\/quatre-premiers-ministres-en-un-an-et-autant-de-methodes\/#breadcrumb","itemListElement":[{"@type":"ListItem","position":1,"name":"Home","item":"https:\/\/africadailyreport.com\/fr\/"},{"@type":"ListItem","position":2,"name":"Quatre Premiers ministres en un an et autant de m\u00e9thodes"}]},{"@type":"WebSite","@id":"https:\/\/africadailyreport.com\/fr\/#website","url":"https:\/\/africadailyreport.com\/fr\/","name":"Africa Daily Report","description":"","publisher":{"@id":"https:\/\/africadailyreport.com\/fr\/#organization"},"potentialAction":[{"@type":"SearchAction","target":{"@type":"EntryPoint","urlTemplate":"https:\/\/africadailyreport.com\/fr\/?s={search_term_string}"},"query-input":{"@type":"PropertyValueSpecification","valueRequired":true,"valueName":"search_term_string"}}],"inLanguage":"fr-FR"},{"@type":"Organization","@id":"https:\/\/africadailyreport.com\/fr\/#organization","name":"Africa Daily Report","url":"https:\/\/africadailyreport.com\/fr\/","logo":{"@type":"ImageObject","inLanguage":"fr-FR","@id":"https:\/\/africadailyreport.com\/fr\/#\/schema\/logo\/image\/","url":"https:\/\/africadailyreport.com\/wp-content\/uploads\/2024\/09\/ADR-Transparent-Green-Logo-1.png","contentUrl":"https:\/\/africadailyreport.com\/wp-content\/uploads\/2024\/09\/ADR-Transparent-Green-Logo-1.png","width":267,"height":185,"caption":"Africa Daily Report"},"image":{"@id":"https:\/\/africadailyreport.com\/fr\/#\/schema\/logo\/image\/"},"sameAs":["https:\/\/www.facebook.com\/africadailyreport","https:\/\/x.com\/adr_africa","https:\/\/www.youtube.com\/@africadailyreport","https:\/\/instagram.com\/africadailyreport"]},{"@type":"Person","@id":"https:\/\/africadailyreport.com\/fr\/#\/schema\/person\/c44d86d79f5570b3ba4cf70c989843f8","name":"ADR\/AFP","image":{"@type":"ImageObject","inLanguage":"fr-FR","@id":"https:\/\/secure.gravatar.com\/avatar\/2fbdc3782aa386b408fd9a36f0bc78ee569c94a7a05670cab3a1d72916408214?s=96&d=mm&r=g","url":"https:\/\/secure.gravatar.com\/avatar\/2fbdc3782aa386b408fd9a36f0bc78ee569c94a7a05670cab3a1d72916408214?s=96&d=mm&r=g","contentUrl":"https:\/\/secure.gravatar.com\/avatar\/2fbdc3782aa386b408fd9a36f0bc78ee569c94a7a05670cab3a1d72916408214?s=96&d=mm&r=g","caption":"ADR\/AFP"},"sameAs":["http:\/\/africadailyreport.com"],"url":"https:\/\/africadailyreport.com\/fr\/author\/both\/"}]}},"jetpack_featured_media_url":"https:\/\/i0.wp.com\/africadailyreport.com\/wp-content\/uploads\/2024\/12\/AFP__20241213__36Q74TA__v4__HighRes__FilesFrancePoliticsGovernmentMayors-scaled.jpg?fit=%2C&ssl=1","jetpack_sharing_enabled":true,"amp_enabled":true,"_links":{"self":[{"href":"https:\/\/africadailyreport.com\/fr\/wp-json\/wp\/v2\/posts\/15275","targetHints":{"allow":["GET"]}}],"collection":[{"href":"https:\/\/africadailyreport.com\/fr\/wp-json\/wp\/v2\/posts"}],"about":[{"href":"https:\/\/africadailyreport.com\/fr\/wp-json\/wp\/v2\/types\/post"}],"author":[{"embeddable":true,"href":"https:\/\/africadailyreport.com\/fr\/wp-json\/wp\/v2\/users\/10"}],"replies":[{"embeddable":true,"href":"https:\/\/africadailyreport.com\/fr\/wp-json\/wp\/v2\/comments?post=15275"}],"version-history":[{"count":1,"href":"https:\/\/africadailyreport.com\/fr\/wp-json\/wp\/v2\/posts\/15275\/revisions"}],"predecessor-version":[{"id":15277,"href":"https:\/\/africadailyreport.com\/fr\/wp-json\/wp\/v2\/posts\/15275\/revisions\/15277"}],"wp:featuredmedia":[{"embeddable":true,"href":"https:\/\/africadailyreport.com\/fr\/wp-json\/wp\/v2\/media\/15273"}],"wp:attachment":[{"href":"https:\/\/africadailyreport.com\/fr\/wp-json\/wp\/v2\/media?parent=15275"}],"wp:term":[{"taxonomy":"category","embeddable":true,"href":"https:\/\/africadailyreport.com\/fr\/wp-json\/wp\/v2\/categories?post=15275"},{"taxonomy":"post_tag","embeddable":true,"href":"https:\/\/africadailyreport.com\/fr\/wp-json\/wp\/v2\/tags?post=15275"},{"taxonomy":"adr_country","embeddable":true,"href":"https:\/\/africadailyreport.com\/fr\/wp-json\/wp\/v2\/adr_country?post=15275"}],"curies":[{"name":"wp","href":"https:\/\/api.w.org\/{rel}","templated":true}]}}