{"id":15256,"date":"2024-12-13T13:09:16","date_gmt":"2024-12-13T13:09:16","guid":{"rendered":"https:\/\/africadailyreport.com\/2024\/12\/13\/france-le-centriste-francois-bayrou-nouveau-premier-ministre-dun-pays-en-crise-politique\/"},"modified":"2024-12-13T13:09:16","modified_gmt":"2024-12-13T13:09:16","slug":"france-le-centriste-francois-bayrou-nouveau-premier-ministre-dun-pays-en-crise-politique","status":"publish","type":"post","link":"https:\/\/africadailyreport.com\/fr\/2024\/12\/13\/france-le-centriste-francois-bayrou-nouveau-premier-ministre-dun-pays-en-crise-politique\/","title":{"rendered":"France : le centriste Fran\u00e7ois Bayrou nouveau Premier ministre d&rsquo;un pays en crise politique"},"content":{"rendered":"\n<h2 class=\"wp-block-heading\" id=\"h-paris-france-afp-apres-plus-d-une-semaine-de-tergiversations-emmanuel-macron-a-nomme-vendredi-son-allie-francois-bayrou-premier-ministre-un-defi-immense-pour-le-centriste-qui-sera-charge-de-denouer-la-crise-majeure-dans-laquelle-se-debat-la-france-depuis-la-dissolution-de-l-assemblee-en-juin\"><em>Paris,\u00a0France &#8211; (AFP) &#8211;<\/em> Apr\u00e8s plus d&rsquo;une semaine de tergiversations, Emmanuel Macron a nomm\u00e9 vendredi son alli\u00e9 Fran\u00e7ois Bayrou Premier ministre, un d\u00e9fi immense pour le centriste qui sera charg\u00e9 de d\u00e9nouer la crise majeure dans laquelle se d\u00e9bat la France depuis la dissolution de l&rsquo;Assembl\u00e9e en juin.<\/h2>\n\n\n\n\n\n<p>La nomination de M. Bayrou, v\u00e9t\u00e9ran de la politique fran\u00e7aise \u00e2g\u00e9 de 73 ans et alli\u00e9 historique du pr\u00e9sident Macron, intervient neuf jours apr\u00e8s la chute du gouvernement de Michel Barnier, renvers\u00e9 le 4 d\u00e9cembre par une censure historique vot\u00e9e par des d\u00e9put\u00e9s de gauche et d&rsquo;extr\u00eame droite.<\/p>\n\n\n\n<p>La passation de pouvoir entre les deux hommes aura lieu vendredi \u00e0 17H00 (16H00 GMT), a appris l&rsquo;AFP aupr\u00e8s des services du Premier ministre.<\/p>\n\n\n\n<p>M. Bayrou devient ainsi le sixi\u00e8me locataire de Matignon, lieu de travail des Premiers ministres fran\u00e7ais, depuis la premi\u00e8re \u00e9lection d&rsquo;Emmanuel Macron en 2017 &#8211; et le quatri\u00e8me en 2024, une instabilit\u00e9 de l&rsquo;ex\u00e9cutif que n&rsquo;avait pas connue la France depuis des d\u00e9cennies.<\/p>\n\n\n\n<p>A la t\u00eate d&rsquo;un &nbsp;\u00ab\u00a0gouvernement d&rsquo;int\u00e9r\u00eat g\u00e9n\u00e9ral\u00a0\u00bb \u00ab\u00a0resserr\u00e9\u00a0\u00bb, voulu par Emmanuel Macron, il va \u00eatre confront\u00e9 \u00e0 une t\u00e2che immense, avec pour priorit\u00e9 le budget 2025, alors que la France a une dette abyssale.<\/p>\n\n\n\n<p>Dans un contexte de col\u00e8re des agriculteurs et de multiplication des plans sociaux, les niveaux des d\u00e9ficits et de la dette seront \u00ab\u00a0une r\u00e9alit\u00e9 qui s&rsquo;imposera \u00e0 tout gouvernement, quel qu&rsquo;il soit\u00a0\u00bb, avait pr\u00e9venu Michel Barnier avant d&rsquo;\u00eatre renvers\u00e9.<\/p>\n\n\n\n<p>En attendant que ce nouveau budget soit adopt\u00e9, un projet consensuel de \u00ab\u00a0loi sp\u00e9ciale\u00a0\u00bb permettant d&rsquo;assurer la continuit\u00e9 du fonctionnement de l&rsquo;Etat sera examin\u00e9e lundi par l&rsquo;Assembl\u00e9e nationale.<\/p>\n\n\n\n<h2 class=\"wp-block-heading\" id=\"h-defi-politique\">&#8211; D\u00e9fi politique &#8211;<\/h2>\n\n\n\n<p>Le nouveau Premier ministre devra aussi naviguer sur la sc\u00e8ne politique \u00e9clat\u00e9e issue des l\u00e9gislatives anticip\u00e9es organis\u00e9es apr\u00e8s la dissolution surprise de l&rsquo;Assembl\u00e9e par le pr\u00e9sident Macron en juin dernier. Le scrutin a d\u00e9bouch\u00e9 sur un h\u00e9micycle fractur\u00e9 en trois blocs (alliance de gauche \/ macronistes et centristes \/ extr\u00eame droite), aucun ne disposant de la majorit\u00e9 absolue.<\/p>\n\n\n\n<p>M. Bayrou doit \u00ab\u00a0dialoguer\u00a0\u00bb avec les partis hors Rassemblement national (extr\u00eame droite) et LFI (gauche radicale) pour \u00ab\u00a0trouver les conditions de la stabilit\u00e9 et de l&rsquo;action\u00a0\u00bb, a fait savoir l&rsquo;entourage de M. Macron apr\u00e8s l&rsquo;annonce de la nomination.<\/p>\n\n\n\n<p>S&rsquo;il n&rsquo;y aura pas de censure \u00ab\u00a0a priori\u00a0\u00bb venant du RN, a d\u00e9clar\u00e9 son pr\u00e9sident Jordan Bardella, le parti de gauche radicale La France insoumise (LFI) a \u00e0 l&rsquo;inverse affirm\u00e9 qu&rsquo;il voterait la censure de M. Bayrou car celui-ci n&rsquo;est pas issu des rangs de la gauche.<\/p>\n\n\n\n<p>A gauche, le Parti socialiste, et dans une moindre mesure les communistes, ont donn\u00e9 quelques gages de compromis, mais il n&rsquo;est pas s\u00fbr qu&rsquo;ils soutiennent franchement Fran\u00e7ois Bayrou. Les Ecologistes ont d\u00e9j\u00e0 menac\u00e9 de censure le nouveau Premier ministre s&rsquo;il poursuit la m\u00eame politique et garde Bruno Retailleau au poste de ministre de l&rsquo;Int\u00e9rieur, qu&rsquo;ils jugent trop \u00e0 droite.<\/p>\n\n\n\n<h2 class=\"wp-block-heading\" id=\"h-gouvernement-d-interet-general\">&#8211; \u00ab\u00a0Gouvernement d&rsquo;int\u00e9r\u00eat g\u00e9n\u00e9ral\u00a0\u00bb &#8211;<\/h2>\n\n\n\n<p>M. Bayrou veut trouver, selon sa formule, les contours d&rsquo;un \u00ab\u00a0accord de coop\u00e9ration d\u00e9mocratique\u00a0\u00bb : le gouvernement s&rsquo;engagerait \u00e0 ne pas recourir au 49.3, un article de la Constitution fran\u00e7aise qui permet d&rsquo;adopter un texte sans vote, pour imposer ses lois, et les opposants de leur c\u00f4t\u00e9 ne le censureraient pas.<\/p>\n\n\n\n<p>Le dirigeant centriste a finalement \u00e9t\u00e9 pr\u00e9f\u00e9r\u00e9 \u00e0 d&rsquo;autres noms qui ont circul\u00e9 jusqu&rsquo;au bout, comme celui de l&rsquo;ex-Premier ministre socialiste Bernard Cazeneuve, des ministres de l&rsquo;aile droite de la macronie S\u00e9bastien Lecornu ou Catherine Vautrin.<\/p>\n\n\n\n<p>C&rsquo;est une arriv\u00e9e \u00e0 Matignon aux allures de cons\u00e9cration particuli\u00e8re pour le lointain ministre de l&rsquo;\u00c9ducation (1993-1997) depuis longtemps tourn\u00e9 vers la plus haute fonction: inlassable d\u00e9fenseur d&rsquo;un centre ind\u00e9pendant, Fran\u00e7ois Bayrou a \u00e9t\u00e9 trois fois candidat \u00e0 l&rsquo;\u00e9lection pr\u00e9sidentielle de 2002 \u00e0 2012, sans jamais parvenir au second tour.<\/p>\n\n\n\n<p>Son alliance avec Emmanuel Macron en 2017 a d\u00e9gag\u00e9 la voie pour l&rsquo;\u00e9lection du plus jeune pr\u00e9sident de l&rsquo;histoire.<\/p>\n\n\n\n<p>Nomm\u00e9 alors ministre de la Justice, il n&rsquo;est rest\u00e9 en fonctions que 34 jours en 2017, emp\u00each\u00e9 par une affaire de d\u00e9tournement de fonds europ\u00e9ens afin de payer des assistants parlementaires du MoDem, son parti. Le jugement en premi\u00e8re instance, en f\u00e9vrier 2024, a lourdement condamn\u00e9 le Modem, mais M. Bayrou a \u00e9t\u00e9 relax\u00e9. Le parquet a fait appel.<\/p>\n\n\n\n<p>Depuis 2017, M. Bayrou, qui est maire de Pau, dans le sud-ouest, a r\u00e9guli\u00e8rement distill\u00e9 des critiques contre la politique &#8211; trop \u00e0 droite &#8211; et la pratique du pouvoir &#8211; trop personnelle &#8211; de son alli\u00e9, sans jamais se d\u00e9partir de sa solidarit\u00e9.<\/p>\n\n\n\n<p>\u00a9 Agence France-Presse<\/p>\n","protected":false},"excerpt":{"rendered":"<p>Paris,\u00a0France &#8211; (AFP) &#8211; Apr\u00e8s plus d&rsquo;une semaine de tergiversations, Emmanuel Macron a nomm\u00e9 vendredi son alli\u00e9 Fran\u00e7ois Bayrou Premier ministre, un d\u00e9fi immense pour le centriste qui sera charg\u00e9 de d\u00e9nouer la crise majeure dans laquelle se d\u00e9bat la France depuis la dissolution de l&rsquo;Assembl\u00e9e en juin. La nomination de M. Bayrou, v\u00e9t\u00e9ran de [&hellip;]<\/p>\n","protected":false},"author":10,"featured_media":15254,"comment_status":"open","ping_status":"open","sticky":false,"template":"","format":"standard","meta":{"_acf_changed":false,"om_disable_all_campaigns":false,"_monsterinsights_skip_tracking":false,"_monsterinsights_sitenote_active":false,"_monsterinsights_sitenote_note":"","_monsterinsights_sitenote_category":0,"tdm_status":"","tdm_grid_status":"","_jetpack_newsletter_access":"","_jetpack_dont_email_post_to_subs":false,"_jetpack_newsletter_tier_id":0,"_jetpack_memberships_contains_paywalled_content":false,"_jetpack_memberships_contains_paid_content":false,"footnotes":""},"categories":[1274],"tags":[2273,812,314,1168,788,1517,1992,1170,785],"adr_country":[1090],"class_list":{"0":"post-15256","1":"post","2":"type-post","3":"status-publish","4":"format-standard","5":"has-post-thumbnail","7":"category-world-fr","8":"tag-bayrou-fr","9":"tag-france-fr","10":"tag-gouvernement-fr","11":"tag-government-fr","12":"tag-parlement-fr","13":"tag-parliament-fr","14":"tag-partis-fr","15":"tag-politics-fr","16":"tag-politique-fr","17":"adr_country-france"},"acf":{"post_version":""},"yoast_head":"<!-- This site is optimized with the Yoast SEO Premium plugin v26.0 (Yoast SEO v27.4) - https:\/\/yoast.com\/product\/yoast-seo-premium-wordpress\/ -->\n<title>France : le centriste Fran\u00e7ois Bayrou nouveau Premier ministre d&#039;un pays en crise politique - Africa Daily Report<\/title>\n<meta name=\"robots\" content=\"index, follow, max-snippet:-1, max-image-preview:large, max-video-preview:-1\" \/>\n<link rel=\"canonical\" href=\"https:\/\/africadailyreport.com\/fr\/2024\/12\/13\/france-le-centriste-francois-bayrou-nouveau-premier-ministre-dun-pays-en-crise-politique\/\" \/>\n<meta property=\"og:locale\" content=\"fr_FR\" \/>\n<meta property=\"og:type\" content=\"article\" \/>\n<meta property=\"og:title\" content=\"France : le centriste Fran\u00e7ois Bayrou nouveau Premier ministre d&#039;un pays en crise politique\" \/>\n<meta property=\"og:description\" content=\"Paris,\u00a0France &#8211; (AFP) &#8211; Apr\u00e8s plus d&rsquo;une semaine de tergiversations, Emmanuel Macron a nomm\u00e9 vendredi son alli\u00e9 Fran\u00e7ois Bayrou Premier ministre, un d\u00e9fi immense pour le centriste qui sera charg\u00e9 de d\u00e9nouer la crise majeure dans laquelle se d\u00e9bat la France depuis la dissolution de l&rsquo;Assembl\u00e9e en juin. La nomination de M. Bayrou, v\u00e9t\u00e9ran de [&hellip;]\" \/>\n<meta property=\"og:url\" content=\"https:\/\/africadailyreport.com\/fr\/2024\/12\/13\/france-le-centriste-francois-bayrou-nouveau-premier-ministre-dun-pays-en-crise-politique\/\" \/>\n<meta property=\"og:site_name\" content=\"Africa Daily Report\" \/>\n<meta property=\"article:publisher\" content=\"https:\/\/www.facebook.com\/africadailyreport\" \/>\n<meta property=\"article:published_time\" content=\"2024-12-13T13:09:16+00:00\" \/>\n<meta property=\"og:image\" content=\"https:\/\/i0.wp.com\/africadailyreport.com\/wp-content\/uploads\/2024\/09\/ADR-Transparent-Green-Logo.png?fit=361%2C361&ssl=1\" \/>\n\t<meta property=\"og:image:width\" content=\"361\" \/>\n\t<meta property=\"og:image:height\" content=\"361\" \/>\n\t<meta property=\"og:image:type\" content=\"image\/png\" \/>\n<meta name=\"author\" content=\"ADR\/AFP\" \/>\n<meta name=\"twitter:card\" content=\"summary_large_image\" \/>\n<meta name=\"twitter:creator\" content=\"@adr_africa\" \/>\n<meta name=\"twitter:site\" content=\"@adr_africa\" \/>\n<meta name=\"twitter:label1\" content=\"\u00c9crit par\" \/>\n\t<meta name=\"twitter:data1\" content=\"ADR\/AFP\" \/>\n\t<meta name=\"twitter:label2\" content=\"Dur\u00e9e de lecture estim\u00e9e\" \/>\n\t<meta name=\"twitter:data2\" content=\"4 minutes\" \/>\n<script type=\"application\/ld+json\" class=\"yoast-schema-graph\">{\"@context\":\"https:\\\/\\\/schema.org\",\"@graph\":[{\"@type\":\"Article\",\"@id\":\"https:\\\/\\\/africadailyreport.com\\\/fr\\\/2024\\\/12\\\/13\\\/france-le-centriste-francois-bayrou-nouveau-premier-ministre-dun-pays-en-crise-politique\\\/#article\",\"isPartOf\":{\"@id\":\"https:\\\/\\\/africadailyreport.com\\\/fr\\\/2024\\\/12\\\/13\\\/france-le-centriste-francois-bayrou-nouveau-premier-ministre-dun-pays-en-crise-politique\\\/\"},\"author\":{\"name\":\"ADR\\\/AFP\",\"@id\":\"https:\\\/\\\/africadailyreport.com\\\/fr\\\/#\\\/schema\\\/person\\\/c44d86d79f5570b3ba4cf70c989843f8\"},\"headline\":\"France : le centriste Fran\u00e7ois Bayrou nouveau Premier ministre d&rsquo;un pays en crise politique\",\"datePublished\":\"2024-12-13T13:09:16+00:00\",\"mainEntityOfPage\":{\"@id\":\"https:\\\/\\\/africadailyreport.com\\\/fr\\\/2024\\\/12\\\/13\\\/france-le-centriste-francois-bayrou-nouveau-premier-ministre-dun-pays-en-crise-politique\\\/\"},\"wordCount\":855,\"commentCount\":0,\"publisher\":{\"@id\":\"https:\\\/\\\/africadailyreport.com\\\/fr\\\/#organization\"},\"image\":{\"@id\":\"https:\\\/\\\/africadailyreport.com\\\/fr\\\/2024\\\/12\\\/13\\\/france-le-centriste-francois-bayrou-nouveau-premier-ministre-dun-pays-en-crise-politique\\\/#primaryimage\"},\"thumbnailUrl\":\"https:\\\/\\\/i0.wp.com\\\/africadailyreport.com\\\/wp-content\\\/uploads\\\/2024\\\/12\\\/AFP__20241213__36QC2WD__v1__HighRes__FilesFrancePoliticsGovernmentParties-scaled.jpg?fit=%2C&ssl=1\",\"keywords\":[\"Bayrou\",\"france\",\"gouvernement\",\"Government\",\"parlement\",\"parliament\",\"Partis\",\"Politics\",\"politique\"],\"articleSection\":[\"WORLD\"],\"inLanguage\":\"fr-FR\",\"potentialAction\":[{\"@type\":\"CommentAction\",\"name\":\"Comment\",\"target\":[\"https:\\\/\\\/africadailyreport.com\\\/fr\\\/2024\\\/12\\\/13\\\/france-le-centriste-francois-bayrou-nouveau-premier-ministre-dun-pays-en-crise-politique\\\/#respond\"]}],\"copyrightYear\":\"2024\",\"copyrightHolder\":{\"@id\":\"https:\\\/\\\/africadailyreport.com\\\/#organization\"}},{\"@type\":\"WebPage\",\"@id\":\"https:\\\/\\\/africadailyreport.com\\\/fr\\\/2024\\\/12\\\/13\\\/france-le-centriste-francois-bayrou-nouveau-premier-ministre-dun-pays-en-crise-politique\\\/\",\"url\":\"https:\\\/\\\/africadailyreport.com\\\/fr\\\/2024\\\/12\\\/13\\\/france-le-centriste-francois-bayrou-nouveau-premier-ministre-dun-pays-en-crise-politique\\\/\",\"name\":\"France : le centriste Fran\u00e7ois Bayrou nouveau Premier ministre d'un pays en crise politique - Africa Daily Report\",\"isPartOf\":{\"@id\":\"https:\\\/\\\/africadailyreport.com\\\/fr\\\/#website\"},\"primaryImageOfPage\":{\"@id\":\"https:\\\/\\\/africadailyreport.com\\\/fr\\\/2024\\\/12\\\/13\\\/france-le-centriste-francois-bayrou-nouveau-premier-ministre-dun-pays-en-crise-politique\\\/#primaryimage\"},\"image\":{\"@id\":\"https:\\\/\\\/africadailyreport.com\\\/fr\\\/2024\\\/12\\\/13\\\/france-le-centriste-francois-bayrou-nouveau-premier-ministre-dun-pays-en-crise-politique\\\/#primaryimage\"},\"thumbnailUrl\":\"https:\\\/\\\/i0.wp.com\\\/africadailyreport.com\\\/wp-content\\\/uploads\\\/2024\\\/12\\\/AFP__20241213__36QC2WD__v1__HighRes__FilesFrancePoliticsGovernmentParties-scaled.jpg?fit=%2C&ssl=1\",\"datePublished\":\"2024-12-13T13:09:16+00:00\",\"breadcrumb\":{\"@id\":\"https:\\\/\\\/africadailyreport.com\\\/fr\\\/2024\\\/12\\\/13\\\/france-le-centriste-francois-bayrou-nouveau-premier-ministre-dun-pays-en-crise-politique\\\/#breadcrumb\"},\"inLanguage\":\"fr-FR\",\"potentialAction\":[{\"@type\":\"ReadAction\",\"target\":[\"https:\\\/\\\/africadailyreport.com\\\/fr\\\/2024\\\/12\\\/13\\\/france-le-centriste-francois-bayrou-nouveau-premier-ministre-dun-pays-en-crise-politique\\\/\"]}]},{\"@type\":\"ImageObject\",\"inLanguage\":\"fr-FR\",\"@id\":\"https:\\\/\\\/africadailyreport.com\\\/fr\\\/2024\\\/12\\\/13\\\/france-le-centriste-francois-bayrou-nouveau-premier-ministre-dun-pays-en-crise-politique\\\/#primaryimage\",\"url\":\"https:\\\/\\\/i0.wp.com\\\/africadailyreport.com\\\/wp-content\\\/uploads\\\/2024\\\/12\\\/AFP__20241213__36QC2WD__v1__HighRes__FilesFrancePoliticsGovernmentParties-scaled.jpg?fit=%2C&ssl=1\",\"contentUrl\":\"https:\\\/\\\/i0.wp.com\\\/africadailyreport.com\\\/wp-content\\\/uploads\\\/2024\\\/12\\\/AFP__20241213__36QC2WD__v1__HighRes__FilesFrancePoliticsGovernmentParties-scaled.jpg?fit=%2C&ssl=1\",\"caption\":\"(FILES) President of the Democratic Movement (MoDem) party and mayor of Pau Francois Bayrou arrives at the presidential Elysee Palace in Paris on August 23, 2024, to meet France's President who convene party leaders for consultations, in a bid to break political deadlock and form a government following snap elections. - President Emmanuel Macron named on December 13, 2024 centrist leader Francois Bayrou as his new Prime minister, the presidency said, handing him the task of hauling France out of months of political crisis. (Photo by Dimitar DILKOFF \\\/ AFP)\"},{\"@type\":\"BreadcrumbList\",\"@id\":\"https:\\\/\\\/africadailyreport.com\\\/fr\\\/2024\\\/12\\\/13\\\/france-le-centriste-francois-bayrou-nouveau-premier-ministre-dun-pays-en-crise-politique\\\/#breadcrumb\",\"itemListElement\":[{\"@type\":\"ListItem\",\"position\":1,\"name\":\"Home\",\"item\":\"https:\\\/\\\/africadailyreport.com\\\/fr\\\/\"},{\"@type\":\"ListItem\",\"position\":2,\"name\":\"France : le centriste Fran\u00e7ois Bayrou nouveau Premier ministre d&rsquo;un pays en crise politique\"}]},{\"@type\":\"WebSite\",\"@id\":\"https:\\\/\\\/africadailyreport.com\\\/fr\\\/#website\",\"url\":\"https:\\\/\\\/africadailyreport.com\\\/fr\\\/\",\"name\":\"Africa Daily Report\",\"description\":\"\",\"publisher\":{\"@id\":\"https:\\\/\\\/africadailyreport.com\\\/fr\\\/#organization\"},\"potentialAction\":[{\"@type\":\"SearchAction\",\"target\":{\"@type\":\"EntryPoint\",\"urlTemplate\":\"https:\\\/\\\/africadailyreport.com\\\/fr\\\/?s={search_term_string}\"},\"query-input\":{\"@type\":\"PropertyValueSpecification\",\"valueRequired\":true,\"valueName\":\"search_term_string\"}}],\"inLanguage\":\"fr-FR\"},{\"@type\":\"Organization\",\"@id\":\"https:\\\/\\\/africadailyreport.com\\\/fr\\\/#organization\",\"name\":\"Africa Daily Report\",\"url\":\"https:\\\/\\\/africadailyreport.com\\\/fr\\\/\",\"logo\":{\"@type\":\"ImageObject\",\"inLanguage\":\"fr-FR\",\"@id\":\"https:\\\/\\\/africadailyreport.com\\\/fr\\\/#\\\/schema\\\/logo\\\/image\\\/\",\"url\":\"https:\\\/\\\/africadailyreport.com\\\/wp-content\\\/uploads\\\/2024\\\/09\\\/ADR-Transparent-Green-Logo-1.png\",\"contentUrl\":\"https:\\\/\\\/africadailyreport.com\\\/wp-content\\\/uploads\\\/2024\\\/09\\\/ADR-Transparent-Green-Logo-1.png\",\"width\":267,\"height\":185,\"caption\":\"Africa Daily Report\"},\"image\":{\"@id\":\"https:\\\/\\\/africadailyreport.com\\\/fr\\\/#\\\/schema\\\/logo\\\/image\\\/\"},\"sameAs\":[\"https:\\\/\\\/www.facebook.com\\\/africadailyreport\",\"https:\\\/\\\/x.com\\\/adr_africa\",\"https:\\\/\\\/www.youtube.com\\\/@africadailyreport\",\"https:\\\/\\\/instagram.com\\\/africadailyreport\"]},{\"@type\":\"Person\",\"@id\":\"https:\\\/\\\/africadailyreport.com\\\/fr\\\/#\\\/schema\\\/person\\\/c44d86d79f5570b3ba4cf70c989843f8\",\"name\":\"ADR\\\/AFP\",\"image\":{\"@type\":\"ImageObject\",\"inLanguage\":\"fr-FR\",\"@id\":\"https:\\\/\\\/secure.gravatar.com\\\/avatar\\\/2fbdc3782aa386b408fd9a36f0bc78ee569c94a7a05670cab3a1d72916408214?s=96&d=mm&r=g\",\"url\":\"https:\\\/\\\/secure.gravatar.com\\\/avatar\\\/2fbdc3782aa386b408fd9a36f0bc78ee569c94a7a05670cab3a1d72916408214?s=96&d=mm&r=g\",\"contentUrl\":\"https:\\\/\\\/secure.gravatar.com\\\/avatar\\\/2fbdc3782aa386b408fd9a36f0bc78ee569c94a7a05670cab3a1d72916408214?s=96&d=mm&r=g\",\"caption\":\"ADR\\\/AFP\"},\"sameAs\":[\"http:\\\/\\\/africadailyreport.com\"],\"url\":\"https:\\\/\\\/africadailyreport.com\\\/fr\\\/author\\\/both\\\/\"}]}<\/script>\n<!-- \/ Yoast SEO Premium plugin. -->","yoast_head_json":{"title":"France : le centriste Fran\u00e7ois Bayrou nouveau Premier ministre d'un pays en crise politique - Africa Daily Report","robots":{"index":"index","follow":"follow","max-snippet":"max-snippet:-1","max-image-preview":"max-image-preview:large","max-video-preview":"max-video-preview:-1"},"canonical":"https:\/\/africadailyreport.com\/fr\/2024\/12\/13\/france-le-centriste-francois-bayrou-nouveau-premier-ministre-dun-pays-en-crise-politique\/","og_locale":"fr_FR","og_type":"article","og_title":"France : le centriste Fran\u00e7ois Bayrou nouveau Premier ministre d'un pays en crise politique","og_description":"Paris,\u00a0France &#8211; (AFP) &#8211; Apr\u00e8s plus d&rsquo;une semaine de tergiversations, Emmanuel Macron a nomm\u00e9 vendredi son alli\u00e9 Fran\u00e7ois Bayrou Premier ministre, un d\u00e9fi immense pour le centriste qui sera charg\u00e9 de d\u00e9nouer la crise majeure dans laquelle se d\u00e9bat la France depuis la dissolution de l&rsquo;Assembl\u00e9e en juin. La nomination de M. Bayrou, v\u00e9t\u00e9ran de [&hellip;]","og_url":"https:\/\/africadailyreport.com\/fr\/2024\/12\/13\/france-le-centriste-francois-bayrou-nouveau-premier-ministre-dun-pays-en-crise-politique\/","og_site_name":"Africa Daily Report","article_publisher":"https:\/\/www.facebook.com\/africadailyreport","article_published_time":"2024-12-13T13:09:16+00:00","og_image":[{"width":361,"height":361,"url":"https:\/\/i0.wp.com\/africadailyreport.com\/wp-content\/uploads\/2024\/09\/ADR-Transparent-Green-Logo.png?fit=361%2C361&ssl=1","type":"image\/png"}],"author":"ADR\/AFP","twitter_card":"summary_large_image","twitter_creator":"@adr_africa","twitter_site":"@adr_africa","twitter_misc":{"\u00c9crit par":"ADR\/AFP","Dur\u00e9e de lecture estim\u00e9e":"4 minutes"},"schema":{"@context":"https:\/\/schema.org","@graph":[{"@type":"Article","@id":"https:\/\/africadailyreport.com\/fr\/2024\/12\/13\/france-le-centriste-francois-bayrou-nouveau-premier-ministre-dun-pays-en-crise-politique\/#article","isPartOf":{"@id":"https:\/\/africadailyreport.com\/fr\/2024\/12\/13\/france-le-centriste-francois-bayrou-nouveau-premier-ministre-dun-pays-en-crise-politique\/"},"author":{"name":"ADR\/AFP","@id":"https:\/\/africadailyreport.com\/fr\/#\/schema\/person\/c44d86d79f5570b3ba4cf70c989843f8"},"headline":"France : le centriste Fran\u00e7ois Bayrou nouveau Premier ministre d&rsquo;un pays en crise politique","datePublished":"2024-12-13T13:09:16+00:00","mainEntityOfPage":{"@id":"https:\/\/africadailyreport.com\/fr\/2024\/12\/13\/france-le-centriste-francois-bayrou-nouveau-premier-ministre-dun-pays-en-crise-politique\/"},"wordCount":855,"commentCount":0,"publisher":{"@id":"https:\/\/africadailyreport.com\/fr\/#organization"},"image":{"@id":"https:\/\/africadailyreport.com\/fr\/2024\/12\/13\/france-le-centriste-francois-bayrou-nouveau-premier-ministre-dun-pays-en-crise-politique\/#primaryimage"},"thumbnailUrl":"https:\/\/i0.wp.com\/africadailyreport.com\/wp-content\/uploads\/2024\/12\/AFP__20241213__36QC2WD__v1__HighRes__FilesFrancePoliticsGovernmentParties-scaled.jpg?fit=%2C&ssl=1","keywords":["Bayrou","france","gouvernement","Government","parlement","parliament","Partis","Politics","politique"],"articleSection":["WORLD"],"inLanguage":"fr-FR","potentialAction":[{"@type":"CommentAction","name":"Comment","target":["https:\/\/africadailyreport.com\/fr\/2024\/12\/13\/france-le-centriste-francois-bayrou-nouveau-premier-ministre-dun-pays-en-crise-politique\/#respond"]}],"copyrightYear":"2024","copyrightHolder":{"@id":"https:\/\/africadailyreport.com\/#organization"}},{"@type":"WebPage","@id":"https:\/\/africadailyreport.com\/fr\/2024\/12\/13\/france-le-centriste-francois-bayrou-nouveau-premier-ministre-dun-pays-en-crise-politique\/","url":"https:\/\/africadailyreport.com\/fr\/2024\/12\/13\/france-le-centriste-francois-bayrou-nouveau-premier-ministre-dun-pays-en-crise-politique\/","name":"France : le centriste Fran\u00e7ois Bayrou nouveau Premier ministre d'un pays en crise politique - Africa Daily Report","isPartOf":{"@id":"https:\/\/africadailyreport.com\/fr\/#website"},"primaryImageOfPage":{"@id":"https:\/\/africadailyreport.com\/fr\/2024\/12\/13\/france-le-centriste-francois-bayrou-nouveau-premier-ministre-dun-pays-en-crise-politique\/#primaryimage"},"image":{"@id":"https:\/\/africadailyreport.com\/fr\/2024\/12\/13\/france-le-centriste-francois-bayrou-nouveau-premier-ministre-dun-pays-en-crise-politique\/#primaryimage"},"thumbnailUrl":"https:\/\/i0.wp.com\/africadailyreport.com\/wp-content\/uploads\/2024\/12\/AFP__20241213__36QC2WD__v1__HighRes__FilesFrancePoliticsGovernmentParties-scaled.jpg?fit=%2C&ssl=1","datePublished":"2024-12-13T13:09:16+00:00","breadcrumb":{"@id":"https:\/\/africadailyreport.com\/fr\/2024\/12\/13\/france-le-centriste-francois-bayrou-nouveau-premier-ministre-dun-pays-en-crise-politique\/#breadcrumb"},"inLanguage":"fr-FR","potentialAction":[{"@type":"ReadAction","target":["https:\/\/africadailyreport.com\/fr\/2024\/12\/13\/france-le-centriste-francois-bayrou-nouveau-premier-ministre-dun-pays-en-crise-politique\/"]}]},{"@type":"ImageObject","inLanguage":"fr-FR","@id":"https:\/\/africadailyreport.com\/fr\/2024\/12\/13\/france-le-centriste-francois-bayrou-nouveau-premier-ministre-dun-pays-en-crise-politique\/#primaryimage","url":"https:\/\/i0.wp.com\/africadailyreport.com\/wp-content\/uploads\/2024\/12\/AFP__20241213__36QC2WD__v1__HighRes__FilesFrancePoliticsGovernmentParties-scaled.jpg?fit=%2C&ssl=1","contentUrl":"https:\/\/i0.wp.com\/africadailyreport.com\/wp-content\/uploads\/2024\/12\/AFP__20241213__36QC2WD__v1__HighRes__FilesFrancePoliticsGovernmentParties-scaled.jpg?fit=%2C&ssl=1","caption":"(FILES) President of the Democratic Movement (MoDem) party and mayor of Pau Francois Bayrou arrives at the presidential Elysee Palace in Paris on August 23, 2024, to meet France's President who convene party leaders for consultations, in a bid to break political deadlock and form a government following snap elections. - President Emmanuel Macron named on December 13, 2024 centrist leader Francois Bayrou as his new Prime minister, the presidency said, handing him the task of hauling France out of months of political crisis. (Photo by Dimitar DILKOFF \/ AFP)"},{"@type":"BreadcrumbList","@id":"https:\/\/africadailyreport.com\/fr\/2024\/12\/13\/france-le-centriste-francois-bayrou-nouveau-premier-ministre-dun-pays-en-crise-politique\/#breadcrumb","itemListElement":[{"@type":"ListItem","position":1,"name":"Home","item":"https:\/\/africadailyreport.com\/fr\/"},{"@type":"ListItem","position":2,"name":"France : le centriste Fran\u00e7ois Bayrou nouveau Premier ministre d&rsquo;un pays en crise politique"}]},{"@type":"WebSite","@id":"https:\/\/africadailyreport.com\/fr\/#website","url":"https:\/\/africadailyreport.com\/fr\/","name":"Africa Daily Report","description":"","publisher":{"@id":"https:\/\/africadailyreport.com\/fr\/#organization"},"potentialAction":[{"@type":"SearchAction","target":{"@type":"EntryPoint","urlTemplate":"https:\/\/africadailyreport.com\/fr\/?s={search_term_string}"},"query-input":{"@type":"PropertyValueSpecification","valueRequired":true,"valueName":"search_term_string"}}],"inLanguage":"fr-FR"},{"@type":"Organization","@id":"https:\/\/africadailyreport.com\/fr\/#organization","name":"Africa Daily Report","url":"https:\/\/africadailyreport.com\/fr\/","logo":{"@type":"ImageObject","inLanguage":"fr-FR","@id":"https:\/\/africadailyreport.com\/fr\/#\/schema\/logo\/image\/","url":"https:\/\/africadailyreport.com\/wp-content\/uploads\/2024\/09\/ADR-Transparent-Green-Logo-1.png","contentUrl":"https:\/\/africadailyreport.com\/wp-content\/uploads\/2024\/09\/ADR-Transparent-Green-Logo-1.png","width":267,"height":185,"caption":"Africa Daily Report"},"image":{"@id":"https:\/\/africadailyreport.com\/fr\/#\/schema\/logo\/image\/"},"sameAs":["https:\/\/www.facebook.com\/africadailyreport","https:\/\/x.com\/adr_africa","https:\/\/www.youtube.com\/@africadailyreport","https:\/\/instagram.com\/africadailyreport"]},{"@type":"Person","@id":"https:\/\/africadailyreport.com\/fr\/#\/schema\/person\/c44d86d79f5570b3ba4cf70c989843f8","name":"ADR\/AFP","image":{"@type":"ImageObject","inLanguage":"fr-FR","@id":"https:\/\/secure.gravatar.com\/avatar\/2fbdc3782aa386b408fd9a36f0bc78ee569c94a7a05670cab3a1d72916408214?s=96&d=mm&r=g","url":"https:\/\/secure.gravatar.com\/avatar\/2fbdc3782aa386b408fd9a36f0bc78ee569c94a7a05670cab3a1d72916408214?s=96&d=mm&r=g","contentUrl":"https:\/\/secure.gravatar.com\/avatar\/2fbdc3782aa386b408fd9a36f0bc78ee569c94a7a05670cab3a1d72916408214?s=96&d=mm&r=g","caption":"ADR\/AFP"},"sameAs":["http:\/\/africadailyreport.com"],"url":"https:\/\/africadailyreport.com\/fr\/author\/both\/"}]}},"jetpack_featured_media_url":"https:\/\/i0.wp.com\/africadailyreport.com\/wp-content\/uploads\/2024\/12\/AFP__20241213__36QC2WD__v1__HighRes__FilesFrancePoliticsGovernmentParties-scaled.jpg?fit=%2C&ssl=1","jetpack_sharing_enabled":true,"amp_enabled":true,"_links":{"self":[{"href":"https:\/\/africadailyreport.com\/fr\/wp-json\/wp\/v2\/posts\/15256","targetHints":{"allow":["GET"]}}],"collection":[{"href":"https:\/\/africadailyreport.com\/fr\/wp-json\/wp\/v2\/posts"}],"about":[{"href":"https:\/\/africadailyreport.com\/fr\/wp-json\/wp\/v2\/types\/post"}],"author":[{"embeddable":true,"href":"https:\/\/africadailyreport.com\/fr\/wp-json\/wp\/v2\/users\/10"}],"replies":[{"embeddable":true,"href":"https:\/\/africadailyreport.com\/fr\/wp-json\/wp\/v2\/comments?post=15256"}],"version-history":[{"count":0,"href":"https:\/\/africadailyreport.com\/fr\/wp-json\/wp\/v2\/posts\/15256\/revisions"}],"wp:featuredmedia":[{"embeddable":true,"href":"https:\/\/africadailyreport.com\/fr\/wp-json\/wp\/v2\/media\/15254"}],"wp:attachment":[{"href":"https:\/\/africadailyreport.com\/fr\/wp-json\/wp\/v2\/media?parent=15256"}],"wp:term":[{"taxonomy":"category","embeddable":true,"href":"https:\/\/africadailyreport.com\/fr\/wp-json\/wp\/v2\/categories?post=15256"},{"taxonomy":"post_tag","embeddable":true,"href":"https:\/\/africadailyreport.com\/fr\/wp-json\/wp\/v2\/tags?post=15256"},{"taxonomy":"adr_country","embeddable":true,"href":"https:\/\/africadailyreport.com\/fr\/wp-json\/wp\/v2\/adr_country?post=15256"}],"curies":[{"name":"wp","href":"https:\/\/api.w.org\/{rel}","templated":true}]}}