{"id":15245,"date":"2024-12-13T12:40:39","date_gmt":"2024-12-13T12:40:39","guid":{"rendered":"https:\/\/africadailyreport.com\/2024\/12\/13\/dr-congo-rwanda-leaders-to-hold-peace-talks-in-angola\/"},"modified":"2024-12-13T13:02:04","modified_gmt":"2024-12-13T13:02:04","slug":"dr-congo-rwanda-leaders-to-hold-peace-talks-in-angola","status":"publish","type":"post","link":"https:\/\/africadailyreport.com\/fr\/2024\/12\/13\/dr-congo-rwanda-leaders-to-hold-peace-talks-in-angola\/","title":{"rendered":"Est de la RDC: Tshisekedi et Kagame attendus pour un sommet dimanche \u00e0 Luanda"},"content":{"rendered":"\n<h2 class=\"wp-block-heading\" id=\"h-kinshasa-rd-congo-afp-le-president-de-la-republique-democratique-du-congo-rdc-et-son-homologue-du-rwanda-sont-attendus-dimanche-a-luanda-pour-une-nouvelle-rencontre-et-la-poursuite-des-pourparlers-autour-du-processus-de-paix-dans-l-est-de-la-rdc\"><em>Kinshasa,\u00a0RD Congo &#8211; (AFP) <\/em>&#8211; Le pr\u00e9sident de la R\u00e9publique d\u00e9mocratique du Congo (RDC) et son homologue du Rwanda sont attendus dimanche \u00e0 Luanda pour une nouvelle rencontre et la poursuite des pourparlers autour du processus de paix dans l&rsquo;est de la RDC.<\/h2>\n\n\n\n<figure class=\"wp-block-image size-large\"><img data-recalc-dims=\"1\" loading=\"lazy\" decoding=\"async\" width=\"696\" height=\"348\" src=\"https:\/\/i0.wp.com\/africadailyreport.com\/wp-content\/uploads\/2024\/12\/AFP__20241213__36Q72KG__v1__HighRes__ComboRwandaDrcongoUnrest.jpg?resize=696%2C348&#038;ssl=1\" alt=\"\" class=\"wp-image-15240\" srcset=\"https:\/\/i0.wp.com\/africadailyreport.com\/wp-content\/uploads\/2024\/12\/AFP__20241213__36Q72KG__v1__HighRes__ComboRwandaDrcongoUnrest.jpg?resize=1024%2C512&amp;ssl=1 1024w, https:\/\/i0.wp.com\/africadailyreport.com\/wp-content\/uploads\/2024\/12\/AFP__20241213__36Q72KG__v1__HighRes__ComboRwandaDrcongoUnrest.jpg?resize=300%2C150&amp;ssl=1 300w, https:\/\/i0.wp.com\/africadailyreport.com\/wp-content\/uploads\/2024\/12\/AFP__20241213__36Q72KG__v1__HighRes__ComboRwandaDrcongoUnrest.jpg?resize=768%2C384&amp;ssl=1 768w, https:\/\/i0.wp.com\/africadailyreport.com\/wp-content\/uploads\/2024\/12\/AFP__20241213__36Q72KG__v1__HighRes__ComboRwandaDrcongoUnrest.jpg?resize=1536%2C768&amp;ssl=1 1536w, https:\/\/i0.wp.com\/africadailyreport.com\/wp-content\/uploads\/2024\/12\/AFP__20241213__36Q72KG__v1__HighRes__ComboRwandaDrcongoUnrest.jpg?resize=840%2C420&amp;ssl=1 840w, https:\/\/i0.wp.com\/africadailyreport.com\/wp-content\/uploads\/2024\/12\/AFP__20241213__36Q72KG__v1__HighRes__ComboRwandaDrcongoUnrest.jpg?resize=150%2C75&amp;ssl=1 150w, https:\/\/i0.wp.com\/africadailyreport.com\/wp-content\/uploads\/2024\/12\/AFP__20241213__36Q72KG__v1__HighRes__ComboRwandaDrcongoUnrest.jpg?resize=696%2C348&amp;ssl=1 696w, https:\/\/i0.wp.com\/africadailyreport.com\/wp-content\/uploads\/2024\/12\/AFP__20241213__36Q72KG__v1__HighRes__ComboRwandaDrcongoUnrest.jpg?resize=1068%2C534&amp;ssl=1 1068w, https:\/\/i0.wp.com\/africadailyreport.com\/wp-content\/uploads\/2024\/12\/AFP__20241213__36Q72KG__v1__HighRes__ComboRwandaDrcongoUnrest.jpg?resize=1920%2C960&amp;ssl=1 1920w, https:\/\/i0.wp.com\/africadailyreport.com\/wp-content\/uploads\/2024\/12\/AFP__20241213__36Q72KG__v1__HighRes__ComboRwandaDrcongoUnrest.jpg?w=2000&amp;ssl=1 2000w, https:\/\/i0.wp.com\/africadailyreport.com\/wp-content\/uploads\/2024\/12\/AFP__20241213__36Q72KG__v1__HighRes__ComboRwandaDrcongoUnrest.jpg?w=1392&amp;ssl=1 1392w\" sizes=\"auto, (max-width: 696px) 100vw, 696px\" \/><figcaption class=\"wp-element-caption\">(COMBO) This combination of pictures created on December 11, 2024 shows\nRwanda&rsquo;s President Paul Kagame (L) taking part in a panel during the World Economic Forum Special Meeting in Riyadh on April 28, 2024 and President of the Democratic Republic of the Congo Felix Tshisekedi (R) delivering a speech in front of members of the Congolese community, at the College des Bernardins, in Paris, on April 29, 2024. &#8211; The President of the Democratic Republic of Congo (DRC) and his Rwandan counterpart are expected in Luanda on December 15, 2024 for a new meeting and the continuation of talks on the peace process in eastern DRC.\nAngolan President Joao Louren\u00e7o, the African Union (AU) designated mediator in the conflict between Kigali and Kinshasa, said on December 12, 2024 during a visit to Pretoria that a peace agreement could be signed at the end of this upcoming summit. (Photo by Fayez Nureldine and Ludovic MARIN \/ AFP)<\/figcaption><\/figure>\n\n\n\n<h2 class=\"wp-block-heading\" id=\"h-\"><\/h2>\n\n\n\n<p>Le pr\u00e9sident angolais Joao Louren\u00e7o, m\u00e9diateur d\u00e9sign\u00e9 de l&rsquo;Union africaine (UA) dans le conflit entre Kigali et Kinshasa, a indiqu\u00e9 jeudi lors d&rsquo;une visite \u00e0 Pretoria qu&rsquo;un accord de paix pourrait \u00eatre sign\u00e9 \u00e0 l&rsquo;issue de ce prochain sommet.<\/p>\n\n\n\n<p>\u00ab\u00a0Nous avons bon espoir que cette r\u00e9union aboutisse \u00e0 la signature ou \u00e0 la d\u00e9cision de signer prochainement un accord de paix durable entre les deux pays voisins\u00a0\u00bb, a-t-il avanc\u00e9.<\/p>\n\n\n\n<p>Le M23 (\u00ab\u00a0Mouvement du 23 mars\u00a0\u00bb), groupe arm\u00e9 soutenu par Kigali et son arm\u00e9e, s&rsquo;est empar\u00e9 depuis novembre 2021 de vastes pans de territoire dans l&rsquo;est de la RDC riche en minerais et th\u00e9\u00e2tre de violences depuis 30 ans.<\/p>\n\n\n\n<p>Goma,&nbsp;capitale de la province du Nord-Kivu qui compterait plus d&rsquo;un million d&rsquo;habitants et pr\u00e8s d&rsquo;un million de d\u00e9plac\u00e9s de guerre entass\u00e9s dans des camps, est encercl\u00e9e par les rebelles et des unit\u00e9s de l&rsquo;arm\u00e9e rwandaise.<\/p>\n\n\n\n<p>Fin octobre,&nbsp;la RDC et le Rwanda ont d\u00e9j\u00e0 approuv\u00e9 un document \u00e9tablissant, sur le papier, les modalit\u00e9s de d\u00e9part des soldats rwandais et la neutralisation par l&rsquo;arm\u00e9e congolaise des Forces d\u00e9mocratiques pour la lib\u00e9ration du Rwanda (FDLR). Ce groupe arm\u00e9 form\u00e9 par d&rsquo;anciens hauts responsables hutu du g\u00e9nocide des Tutsi au Rwanda en 1994 depuis r\u00e9fugi\u00e9s en RDC, qui combat le M23 tout comme une n\u00e9buleuse de milices pro-Kinshasa dans l&rsquo;est, constitue aux yeux de Kigali une menace permanente.<\/p>\n\n\n\n<h2 class=\"wp-block-heading\">&#8211; 90 jours &#8211;<\/h2>\n\n\n\n<p>Le document, appel\u00e9 (CONOPs) dans le jargon militaire et consult\u00e9 par l&rsquo;AFP, pr\u00e9voit un d\u00e9lai de juste 90 jours pour \u00ab\u00a0conclure la neutralisation des FDLR et la lev\u00e9e des mesures d\u00e9fensives du Rwanda\u00a0\u00bb.<\/p>\n\n\n\n<p>Un premier \u00ab\u00a0plan harmonis\u00e9\u00a0\u00bb de sortie de crise dat\u00e9 du mois d&rsquo;ao\u00fbt pr\u00e9voyait la neutralisation des FDLR comme pr\u00e9alable au d\u00e9part des soldats rwandais. Il a \u00e9t\u00e9 rejet\u00e9 par la RDC qui r\u00e9clamait \u00ab\u00a0la simultan\u00e9it\u00e9 des op\u00e9rations\u00a0\u00bb.<\/p>\n\n\n\n<p>Kigali a confirm\u00e9 \u00e0 l&rsquo;AFP que Paul Kagame sera dimanche en Angola pour relancer les discussions, accompagn\u00e9 de son ministre des Affaires \u00e9trang\u00e8res Olivier Nduhungirehe.<\/p>\n\n\n\n<p>La pr\u00e9sidence congolaise a \u00e9galement confirm\u00e9 la&nbsp;participation de F\u00e9lix Tshisekedi au sommet,&nbsp;bien que Kinshasa a plusieurs fois exclu de n\u00e9gocier avec le Rwanda et r\u00e9clam\u00e9 des sanctions internationales \u00e0 l&rsquo;encontre de son voisin.<\/p>\n\n\n\n<p>\u00ab\u00a0Notre pays reste confront\u00e9 \u00e0 des r\u00e9bellions persistantes, dont l&rsquo;agression de l&rsquo;arm\u00e9e rwandaise et des terroristes du M23&Prime;, a dit mercredi M. Tshisekedi dans un discours au Parlement, qualifiant les rebelles et le Rwanda d'\u00a0\u00bbennemis de la R\u00e9publique\u00a0\u00bb.<\/p>\n\n\n\n<p>Les pr\u00e9sidents congolais et rwandais se sont crois\u00e9s pour la derni\u00e8re fois en octobre \u00e0 Paris. Un temps \u00e9voqu\u00e9e, l&rsquo;id\u00e9e d&rsquo;une rencontre \u00e0 l&rsquo;occasion du sommet de la francophonie ne s&rsquo;est pas concr\u00e9tis\u00e9e et les deux hommes bien qu&rsquo;\u00e0 quelques m\u00e8tres l&rsquo;un de l&rsquo;autre n&rsquo;ont pas \u00e9chang\u00e9 un regard.<\/p>\n\n\n\n<p>Une demi-douzaine de cessez-le-feu et tr\u00eaves ont d\u00e9j\u00e0 \u00e9t\u00e9 d\u00e9cr\u00e9t\u00e9s puis viol\u00e9s dans l&rsquo;est de la RDC.<\/p>\n\n\n\n<p>Fin juillet, un nouveau cessez-le feu a \u00e9t\u00e9 sign\u00e9 apr\u00e8s deux ans et demi d&rsquo;affrontements et d&rsquo;accords rompus. Il a d\u00e9j\u00e0 \u00e9t\u00e9 mis \u00e0 mal par au moins une offensive r\u00e9cente du M23 et des accrochages r\u00e9guliers au cours des derni\u00e8res semaines entre rebelles et forces arm\u00e9es congolaises.<\/p>\n\n\n\n<p><\/p>\n\n\n\n<p>\u00a9 Agence France-Presse<\/p>\n","protected":false},"excerpt":{"rendered":"<p>Kinshasa,\u00a0RD Congo &#8211; (AFP) &#8211; Le pr\u00e9sident de la R\u00e9publique d\u00e9mocratique du Congo (RDC) et son homologue du Rwanda sont attendus dimanche \u00e0 Luanda pour une nouvelle rencontre et la poursuite des pourparlers autour du processus de paix dans l&rsquo;est de la RDC. Le pr\u00e9sident angolais Joao Louren\u00e7o, m\u00e9diateur d\u00e9sign\u00e9 de l&rsquo;Union africaine (UA) dans [&hellip;]<\/p>\n","protected":false},"author":10,"featured_media":15241,"comment_status":"open","ping_status":"open","sticky":false,"template":"","format":"standard","meta":{"_acf_changed":false,"om_disable_all_campaigns":false,"_monsterinsights_skip_tracking":false,"_monsterinsights_sitenote_active":false,"_monsterinsights_sitenote_note":"","_monsterinsights_sitenote_category":0,"tdm_status":"","tdm_grid_status":"","_jetpack_newsletter_access":"","_jetpack_dont_email_post_to_subs":false,"_jetpack_newsletter_tier_id":0,"_jetpack_memberships_contains_paywalled_content":false,"_jetpack_memberships_contains_paid_content":false,"footnotes":""},"categories":[802,782],"tags":[1056,1074,1067,1126,1518,863],"adr_country":[1095,1667,1083],"class_list":{"0":"post-15245","1":"post","2":"type-post","3":"status-publish","4":"format-standard","5":"has-post-thumbnail","7":"category-depeche-fr","8":"category-politique-fr","9":"tag-angola-fr","10":"tag-conflict-fr","11":"tag-diplomacy-fr","12":"tag-drc-fr","13":"tag-drcongo-fr","14":"tag-rwanda-fr","15":"adr_country-angola","16":"adr_country-rd-congo-fr","17":"adr_country-rwanda"},"acf":{"post_version":""},"yoast_head":"<!-- This site is optimized with the Yoast SEO Premium plugin v26.0 (Yoast SEO v27.4) - https:\/\/yoast.com\/product\/yoast-seo-premium-wordpress\/ -->\n<title>Est de la RDC: Tshisekedi et Kagame attendus pour un sommet dimanche \u00e0 Luanda - Africa Daily Report<\/title>\n<meta name=\"robots\" content=\"index, follow, max-snippet:-1, max-image-preview:large, max-video-preview:-1\" \/>\n<link rel=\"canonical\" href=\"https:\/\/africadailyreport.com\/fr\/2024\/12\/13\/dr-congo-rwanda-leaders-to-hold-peace-talks-in-angola\/\" \/>\n<meta property=\"og:locale\" content=\"fr_FR\" \/>\n<meta property=\"og:type\" content=\"article\" \/>\n<meta property=\"og:title\" content=\"Est de la RDC: Tshisekedi et Kagame attendus pour un sommet dimanche \u00e0 Luanda\" \/>\n<meta property=\"og:description\" content=\"Kinshasa,\u00a0RD Congo &#8211; (AFP) &#8211; Le pr\u00e9sident de la R\u00e9publique d\u00e9mocratique du Congo (RDC) et son homologue du Rwanda sont attendus dimanche \u00e0 Luanda pour une nouvelle rencontre et la poursuite des pourparlers autour du processus de paix dans l&rsquo;est de la RDC. Le pr\u00e9sident angolais Joao Louren\u00e7o, m\u00e9diateur d\u00e9sign\u00e9 de l&rsquo;Union africaine (UA) dans [&hellip;]\" \/>\n<meta property=\"og:url\" content=\"https:\/\/africadailyreport.com\/fr\/2024\/12\/13\/dr-congo-rwanda-leaders-to-hold-peace-talks-in-angola\/\" \/>\n<meta property=\"og:site_name\" content=\"Africa Daily Report\" \/>\n<meta property=\"article:publisher\" content=\"https:\/\/www.facebook.com\/africadailyreport\" \/>\n<meta property=\"article:published_time\" content=\"2024-12-13T12:40:39+00:00\" \/>\n<meta property=\"article:modified_time\" content=\"2024-12-13T13:02:04+00:00\" \/>\n<meta property=\"og:image\" content=\"https:\/\/africadailyreport.com\/wp-content\/uploads\/2024\/12\/AFP__20241213__36Q72KG__v1__HighRes__ComboRwandaDrcongoUnrest.jpg\" \/>\n\t<meta property=\"og:image:width\" content=\"2000\" \/>\n\t<meta property=\"og:image:height\" content=\"1000\" \/>\n\t<meta property=\"og:image:type\" content=\"image\/jpeg\" \/>\n<meta name=\"author\" content=\"ADR\/AFP\" \/>\n<meta name=\"twitter:card\" content=\"summary_large_image\" \/>\n<meta name=\"twitter:creator\" content=\"@adr_africa\" \/>\n<meta name=\"twitter:site\" content=\"@adr_africa\" \/>\n<meta name=\"twitter:label1\" content=\"\u00c9crit par\" \/>\n\t<meta name=\"twitter:data1\" content=\"ADR\/AFP\" \/>\n\t<meta name=\"twitter:label2\" content=\"Dur\u00e9e de lecture estim\u00e9e\" \/>\n\t<meta name=\"twitter:data2\" content=\"4 minutes\" \/>\n<script type=\"application\/ld+json\" class=\"yoast-schema-graph\">{\"@context\":\"https:\\\/\\\/schema.org\",\"@graph\":[{\"@type\":\"Article\",\"@id\":\"https:\\\/\\\/africadailyreport.com\\\/fr\\\/2024\\\/12\\\/13\\\/dr-congo-rwanda-leaders-to-hold-peace-talks-in-angola\\\/#article\",\"isPartOf\":{\"@id\":\"https:\\\/\\\/africadailyreport.com\\\/fr\\\/2024\\\/12\\\/13\\\/dr-congo-rwanda-leaders-to-hold-peace-talks-in-angola\\\/\"},\"author\":{\"name\":\"ADR\\\/AFP\",\"@id\":\"https:\\\/\\\/africadailyreport.com\\\/fr\\\/#\\\/schema\\\/person\\\/c44d86d79f5570b3ba4cf70c989843f8\"},\"headline\":\"Est de la RDC: Tshisekedi et Kagame attendus pour un sommet dimanche \u00e0 Luanda\",\"datePublished\":\"2024-12-13T12:40:39+00:00\",\"dateModified\":\"2024-12-13T13:02:04+00:00\",\"mainEntityOfPage\":{\"@id\":\"https:\\\/\\\/africadailyreport.com\\\/fr\\\/2024\\\/12\\\/13\\\/dr-congo-rwanda-leaders-to-hold-peace-talks-in-angola\\\/\"},\"wordCount\":801,\"commentCount\":0,\"publisher\":{\"@id\":\"https:\\\/\\\/africadailyreport.com\\\/fr\\\/#organization\"},\"image\":{\"@id\":\"https:\\\/\\\/africadailyreport.com\\\/fr\\\/2024\\\/12\\\/13\\\/dr-congo-rwanda-leaders-to-hold-peace-talks-in-angola\\\/#primaryimage\"},\"thumbnailUrl\":\"https:\\\/\\\/i0.wp.com\\\/africadailyreport.com\\\/wp-content\\\/uploads\\\/2024\\\/12\\\/AFP__20241213__36Q72KG__v1__HighRes__ComboRwandaDrcongoUnrest.jpg?fit=2000%2C1000&ssl=1\",\"keywords\":[\"angola\",\"conflict\",\"diplomacy\",\"DRC\",\"drCONGO\",\"Rwanda\"],\"articleSection\":[\"D\u00e9p\u00eache\",\"POLITIQUE\"],\"inLanguage\":\"fr-FR\",\"potentialAction\":[{\"@type\":\"CommentAction\",\"name\":\"Comment\",\"target\":[\"https:\\\/\\\/africadailyreport.com\\\/fr\\\/2024\\\/12\\\/13\\\/dr-congo-rwanda-leaders-to-hold-peace-talks-in-angola\\\/#respond\"]}],\"copyrightYear\":\"2024\",\"copyrightHolder\":{\"@id\":\"https:\\\/\\\/africadailyreport.com\\\/#organization\"}},{\"@type\":\"WebPage\",\"@id\":\"https:\\\/\\\/africadailyreport.com\\\/fr\\\/2024\\\/12\\\/13\\\/dr-congo-rwanda-leaders-to-hold-peace-talks-in-angola\\\/\",\"url\":\"https:\\\/\\\/africadailyreport.com\\\/fr\\\/2024\\\/12\\\/13\\\/dr-congo-rwanda-leaders-to-hold-peace-talks-in-angola\\\/\",\"name\":\"Est de la RDC: Tshisekedi et Kagame attendus pour un sommet dimanche \u00e0 Luanda - Africa Daily Report\",\"isPartOf\":{\"@id\":\"https:\\\/\\\/africadailyreport.com\\\/fr\\\/#website\"},\"primaryImageOfPage\":{\"@id\":\"https:\\\/\\\/africadailyreport.com\\\/fr\\\/2024\\\/12\\\/13\\\/dr-congo-rwanda-leaders-to-hold-peace-talks-in-angola\\\/#primaryimage\"},\"image\":{\"@id\":\"https:\\\/\\\/africadailyreport.com\\\/fr\\\/2024\\\/12\\\/13\\\/dr-congo-rwanda-leaders-to-hold-peace-talks-in-angola\\\/#primaryimage\"},\"thumbnailUrl\":\"https:\\\/\\\/i0.wp.com\\\/africadailyreport.com\\\/wp-content\\\/uploads\\\/2024\\\/12\\\/AFP__20241213__36Q72KG__v1__HighRes__ComboRwandaDrcongoUnrest.jpg?fit=2000%2C1000&ssl=1\",\"datePublished\":\"2024-12-13T12:40:39+00:00\",\"dateModified\":\"2024-12-13T13:02:04+00:00\",\"breadcrumb\":{\"@id\":\"https:\\\/\\\/africadailyreport.com\\\/fr\\\/2024\\\/12\\\/13\\\/dr-congo-rwanda-leaders-to-hold-peace-talks-in-angola\\\/#breadcrumb\"},\"inLanguage\":\"fr-FR\",\"potentialAction\":[{\"@type\":\"ReadAction\",\"target\":[\"https:\\\/\\\/africadailyreport.com\\\/fr\\\/2024\\\/12\\\/13\\\/dr-congo-rwanda-leaders-to-hold-peace-talks-in-angola\\\/\"]}]},{\"@type\":\"ImageObject\",\"inLanguage\":\"fr-FR\",\"@id\":\"https:\\\/\\\/africadailyreport.com\\\/fr\\\/2024\\\/12\\\/13\\\/dr-congo-rwanda-leaders-to-hold-peace-talks-in-angola\\\/#primaryimage\",\"url\":\"https:\\\/\\\/i0.wp.com\\\/africadailyreport.com\\\/wp-content\\\/uploads\\\/2024\\\/12\\\/AFP__20241213__36Q72KG__v1__HighRes__ComboRwandaDrcongoUnrest.jpg?fit=2000%2C1000&ssl=1\",\"contentUrl\":\"https:\\\/\\\/i0.wp.com\\\/africadailyreport.com\\\/wp-content\\\/uploads\\\/2024\\\/12\\\/AFP__20241213__36Q72KG__v1__HighRes__ComboRwandaDrcongoUnrest.jpg?fit=2000%2C1000&ssl=1\",\"width\":2000,\"height\":1000,\"caption\":\"(COMBO) This combination of pictures created on December 11, 2024 shows Rwanda's President Paul Kagame (L) taking part in a panel during the World Economic Forum Special Meeting in Riyadh on April 28, 2024 and President of the Democratic Republic of the Congo Felix Tshisekedi (R) delivering a speech in front of members of the Congolese community, at the College des Bernardins, in Paris, on April 29, 2024. - The President of the Democratic Republic of Congo (DRC) and his Rwandan counterpart are expected in Luanda on December 15, 2024 for a new meeting and the continuation of talks on the peace process in eastern DRC. Angolan President Joao Louren\u00e7o, the African Union (AU) designated mediator in the conflict between Kigali and Kinshasa, said on December 12, 2024 during a visit to Pretoria that a peace agreement could be signed at the end of this upcoming summit. (Photo by Fayez Nureldine and Ludovic MARIN \\\/ AFP)\"},{\"@type\":\"BreadcrumbList\",\"@id\":\"https:\\\/\\\/africadailyreport.com\\\/fr\\\/2024\\\/12\\\/13\\\/dr-congo-rwanda-leaders-to-hold-peace-talks-in-angola\\\/#breadcrumb\",\"itemListElement\":[{\"@type\":\"ListItem\",\"position\":1,\"name\":\"Home\",\"item\":\"https:\\\/\\\/africadailyreport.com\\\/fr\\\/\"},{\"@type\":\"ListItem\",\"position\":2,\"name\":\"Est de la RDC: Tshisekedi et Kagame attendus pour un sommet dimanche \u00e0 Luanda\"}]},{\"@type\":\"WebSite\",\"@id\":\"https:\\\/\\\/africadailyreport.com\\\/fr\\\/#website\",\"url\":\"https:\\\/\\\/africadailyreport.com\\\/fr\\\/\",\"name\":\"Africa Daily Report\",\"description\":\"\",\"publisher\":{\"@id\":\"https:\\\/\\\/africadailyreport.com\\\/fr\\\/#organization\"},\"potentialAction\":[{\"@type\":\"SearchAction\",\"target\":{\"@type\":\"EntryPoint\",\"urlTemplate\":\"https:\\\/\\\/africadailyreport.com\\\/fr\\\/?s={search_term_string}\"},\"query-input\":{\"@type\":\"PropertyValueSpecification\",\"valueRequired\":true,\"valueName\":\"search_term_string\"}}],\"inLanguage\":\"fr-FR\"},{\"@type\":\"Organization\",\"@id\":\"https:\\\/\\\/africadailyreport.com\\\/fr\\\/#organization\",\"name\":\"Africa Daily Report\",\"url\":\"https:\\\/\\\/africadailyreport.com\\\/fr\\\/\",\"logo\":{\"@type\":\"ImageObject\",\"inLanguage\":\"fr-FR\",\"@id\":\"https:\\\/\\\/africadailyreport.com\\\/fr\\\/#\\\/schema\\\/logo\\\/image\\\/\",\"url\":\"https:\\\/\\\/africadailyreport.com\\\/wp-content\\\/uploads\\\/2024\\\/09\\\/ADR-Transparent-Green-Logo-1.png\",\"contentUrl\":\"https:\\\/\\\/africadailyreport.com\\\/wp-content\\\/uploads\\\/2024\\\/09\\\/ADR-Transparent-Green-Logo-1.png\",\"width\":267,\"height\":185,\"caption\":\"Africa Daily Report\"},\"image\":{\"@id\":\"https:\\\/\\\/africadailyreport.com\\\/fr\\\/#\\\/schema\\\/logo\\\/image\\\/\"},\"sameAs\":[\"https:\\\/\\\/www.facebook.com\\\/africadailyreport\",\"https:\\\/\\\/x.com\\\/adr_africa\",\"https:\\\/\\\/www.youtube.com\\\/@africadailyreport\",\"https:\\\/\\\/instagram.com\\\/africadailyreport\"]},{\"@type\":\"Person\",\"@id\":\"https:\\\/\\\/africadailyreport.com\\\/fr\\\/#\\\/schema\\\/person\\\/c44d86d79f5570b3ba4cf70c989843f8\",\"name\":\"ADR\\\/AFP\",\"image\":{\"@type\":\"ImageObject\",\"inLanguage\":\"fr-FR\",\"@id\":\"https:\\\/\\\/secure.gravatar.com\\\/avatar\\\/2fbdc3782aa386b408fd9a36f0bc78ee569c94a7a05670cab3a1d72916408214?s=96&d=mm&r=g\",\"url\":\"https:\\\/\\\/secure.gravatar.com\\\/avatar\\\/2fbdc3782aa386b408fd9a36f0bc78ee569c94a7a05670cab3a1d72916408214?s=96&d=mm&r=g\",\"contentUrl\":\"https:\\\/\\\/secure.gravatar.com\\\/avatar\\\/2fbdc3782aa386b408fd9a36f0bc78ee569c94a7a05670cab3a1d72916408214?s=96&d=mm&r=g\",\"caption\":\"ADR\\\/AFP\"},\"sameAs\":[\"http:\\\/\\\/africadailyreport.com\"],\"url\":\"https:\\\/\\\/africadailyreport.com\\\/fr\\\/author\\\/both\\\/\"}]}<\/script>\n<!-- \/ Yoast SEO Premium plugin. -->","yoast_head_json":{"title":"Est de la RDC: Tshisekedi et Kagame attendus pour un sommet dimanche \u00e0 Luanda - Africa Daily Report","robots":{"index":"index","follow":"follow","max-snippet":"max-snippet:-1","max-image-preview":"max-image-preview:large","max-video-preview":"max-video-preview:-1"},"canonical":"https:\/\/africadailyreport.com\/fr\/2024\/12\/13\/dr-congo-rwanda-leaders-to-hold-peace-talks-in-angola\/","og_locale":"fr_FR","og_type":"article","og_title":"Est de la RDC: Tshisekedi et Kagame attendus pour un sommet dimanche \u00e0 Luanda","og_description":"Kinshasa,\u00a0RD Congo &#8211; (AFP) &#8211; Le pr\u00e9sident de la R\u00e9publique d\u00e9mocratique du Congo (RDC) et son homologue du Rwanda sont attendus dimanche \u00e0 Luanda pour une nouvelle rencontre et la poursuite des pourparlers autour du processus de paix dans l&rsquo;est de la RDC. Le pr\u00e9sident angolais Joao Louren\u00e7o, m\u00e9diateur d\u00e9sign\u00e9 de l&rsquo;Union africaine (UA) dans [&hellip;]","og_url":"https:\/\/africadailyreport.com\/fr\/2024\/12\/13\/dr-congo-rwanda-leaders-to-hold-peace-talks-in-angola\/","og_site_name":"Africa Daily Report","article_publisher":"https:\/\/www.facebook.com\/africadailyreport","article_published_time":"2024-12-13T12:40:39+00:00","article_modified_time":"2024-12-13T13:02:04+00:00","og_image":[{"width":2000,"height":1000,"url":"https:\/\/africadailyreport.com\/wp-content\/uploads\/2024\/12\/AFP__20241213__36Q72KG__v1__HighRes__ComboRwandaDrcongoUnrest.jpg","type":"image\/jpeg"}],"author":"ADR\/AFP","twitter_card":"summary_large_image","twitter_creator":"@adr_africa","twitter_site":"@adr_africa","twitter_misc":{"\u00c9crit par":"ADR\/AFP","Dur\u00e9e de lecture estim\u00e9e":"4 minutes"},"schema":{"@context":"https:\/\/schema.org","@graph":[{"@type":"Article","@id":"https:\/\/africadailyreport.com\/fr\/2024\/12\/13\/dr-congo-rwanda-leaders-to-hold-peace-talks-in-angola\/#article","isPartOf":{"@id":"https:\/\/africadailyreport.com\/fr\/2024\/12\/13\/dr-congo-rwanda-leaders-to-hold-peace-talks-in-angola\/"},"author":{"name":"ADR\/AFP","@id":"https:\/\/africadailyreport.com\/fr\/#\/schema\/person\/c44d86d79f5570b3ba4cf70c989843f8"},"headline":"Est de la RDC: Tshisekedi et Kagame attendus pour un sommet dimanche \u00e0 Luanda","datePublished":"2024-12-13T12:40:39+00:00","dateModified":"2024-12-13T13:02:04+00:00","mainEntityOfPage":{"@id":"https:\/\/africadailyreport.com\/fr\/2024\/12\/13\/dr-congo-rwanda-leaders-to-hold-peace-talks-in-angola\/"},"wordCount":801,"commentCount":0,"publisher":{"@id":"https:\/\/africadailyreport.com\/fr\/#organization"},"image":{"@id":"https:\/\/africadailyreport.com\/fr\/2024\/12\/13\/dr-congo-rwanda-leaders-to-hold-peace-talks-in-angola\/#primaryimage"},"thumbnailUrl":"https:\/\/i0.wp.com\/africadailyreport.com\/wp-content\/uploads\/2024\/12\/AFP__20241213__36Q72KG__v1__HighRes__ComboRwandaDrcongoUnrest.jpg?fit=2000%2C1000&ssl=1","keywords":["angola","conflict","diplomacy","DRC","drCONGO","Rwanda"],"articleSection":["D\u00e9p\u00eache","POLITIQUE"],"inLanguage":"fr-FR","potentialAction":[{"@type":"CommentAction","name":"Comment","target":["https:\/\/africadailyreport.com\/fr\/2024\/12\/13\/dr-congo-rwanda-leaders-to-hold-peace-talks-in-angola\/#respond"]}],"copyrightYear":"2024","copyrightHolder":{"@id":"https:\/\/africadailyreport.com\/#organization"}},{"@type":"WebPage","@id":"https:\/\/africadailyreport.com\/fr\/2024\/12\/13\/dr-congo-rwanda-leaders-to-hold-peace-talks-in-angola\/","url":"https:\/\/africadailyreport.com\/fr\/2024\/12\/13\/dr-congo-rwanda-leaders-to-hold-peace-talks-in-angola\/","name":"Est de la RDC: Tshisekedi et Kagame attendus pour un sommet dimanche \u00e0 Luanda - Africa Daily Report","isPartOf":{"@id":"https:\/\/africadailyreport.com\/fr\/#website"},"primaryImageOfPage":{"@id":"https:\/\/africadailyreport.com\/fr\/2024\/12\/13\/dr-congo-rwanda-leaders-to-hold-peace-talks-in-angola\/#primaryimage"},"image":{"@id":"https:\/\/africadailyreport.com\/fr\/2024\/12\/13\/dr-congo-rwanda-leaders-to-hold-peace-talks-in-angola\/#primaryimage"},"thumbnailUrl":"https:\/\/i0.wp.com\/africadailyreport.com\/wp-content\/uploads\/2024\/12\/AFP__20241213__36Q72KG__v1__HighRes__ComboRwandaDrcongoUnrest.jpg?fit=2000%2C1000&ssl=1","datePublished":"2024-12-13T12:40:39+00:00","dateModified":"2024-12-13T13:02:04+00:00","breadcrumb":{"@id":"https:\/\/africadailyreport.com\/fr\/2024\/12\/13\/dr-congo-rwanda-leaders-to-hold-peace-talks-in-angola\/#breadcrumb"},"inLanguage":"fr-FR","potentialAction":[{"@type":"ReadAction","target":["https:\/\/africadailyreport.com\/fr\/2024\/12\/13\/dr-congo-rwanda-leaders-to-hold-peace-talks-in-angola\/"]}]},{"@type":"ImageObject","inLanguage":"fr-FR","@id":"https:\/\/africadailyreport.com\/fr\/2024\/12\/13\/dr-congo-rwanda-leaders-to-hold-peace-talks-in-angola\/#primaryimage","url":"https:\/\/i0.wp.com\/africadailyreport.com\/wp-content\/uploads\/2024\/12\/AFP__20241213__36Q72KG__v1__HighRes__ComboRwandaDrcongoUnrest.jpg?fit=2000%2C1000&ssl=1","contentUrl":"https:\/\/i0.wp.com\/africadailyreport.com\/wp-content\/uploads\/2024\/12\/AFP__20241213__36Q72KG__v1__HighRes__ComboRwandaDrcongoUnrest.jpg?fit=2000%2C1000&ssl=1","width":2000,"height":1000,"caption":"(COMBO) This combination of pictures created on December 11, 2024 shows Rwanda's President Paul Kagame (L) taking part in a panel during the World Economic Forum Special Meeting in Riyadh on April 28, 2024 and President of the Democratic Republic of the Congo Felix Tshisekedi (R) delivering a speech in front of members of the Congolese community, at the College des Bernardins, in Paris, on April 29, 2024. - The President of the Democratic Republic of Congo (DRC) and his Rwandan counterpart are expected in Luanda on December 15, 2024 for a new meeting and the continuation of talks on the peace process in eastern DRC. Angolan President Joao Louren\u00e7o, the African Union (AU) designated mediator in the conflict between Kigali and Kinshasa, said on December 12, 2024 during a visit to Pretoria that a peace agreement could be signed at the end of this upcoming summit. (Photo by Fayez Nureldine and Ludovic MARIN \/ AFP)"},{"@type":"BreadcrumbList","@id":"https:\/\/africadailyreport.com\/fr\/2024\/12\/13\/dr-congo-rwanda-leaders-to-hold-peace-talks-in-angola\/#breadcrumb","itemListElement":[{"@type":"ListItem","position":1,"name":"Home","item":"https:\/\/africadailyreport.com\/fr\/"},{"@type":"ListItem","position":2,"name":"Est de la RDC: Tshisekedi et Kagame attendus pour un sommet dimanche \u00e0 Luanda"}]},{"@type":"WebSite","@id":"https:\/\/africadailyreport.com\/fr\/#website","url":"https:\/\/africadailyreport.com\/fr\/","name":"Africa Daily Report","description":"","publisher":{"@id":"https:\/\/africadailyreport.com\/fr\/#organization"},"potentialAction":[{"@type":"SearchAction","target":{"@type":"EntryPoint","urlTemplate":"https:\/\/africadailyreport.com\/fr\/?s={search_term_string}"},"query-input":{"@type":"PropertyValueSpecification","valueRequired":true,"valueName":"search_term_string"}}],"inLanguage":"fr-FR"},{"@type":"Organization","@id":"https:\/\/africadailyreport.com\/fr\/#organization","name":"Africa Daily Report","url":"https:\/\/africadailyreport.com\/fr\/","logo":{"@type":"ImageObject","inLanguage":"fr-FR","@id":"https:\/\/africadailyreport.com\/fr\/#\/schema\/logo\/image\/","url":"https:\/\/africadailyreport.com\/wp-content\/uploads\/2024\/09\/ADR-Transparent-Green-Logo-1.png","contentUrl":"https:\/\/africadailyreport.com\/wp-content\/uploads\/2024\/09\/ADR-Transparent-Green-Logo-1.png","width":267,"height":185,"caption":"Africa Daily Report"},"image":{"@id":"https:\/\/africadailyreport.com\/fr\/#\/schema\/logo\/image\/"},"sameAs":["https:\/\/www.facebook.com\/africadailyreport","https:\/\/x.com\/adr_africa","https:\/\/www.youtube.com\/@africadailyreport","https:\/\/instagram.com\/africadailyreport"]},{"@type":"Person","@id":"https:\/\/africadailyreport.com\/fr\/#\/schema\/person\/c44d86d79f5570b3ba4cf70c989843f8","name":"ADR\/AFP","image":{"@type":"ImageObject","inLanguage":"fr-FR","@id":"https:\/\/secure.gravatar.com\/avatar\/2fbdc3782aa386b408fd9a36f0bc78ee569c94a7a05670cab3a1d72916408214?s=96&d=mm&r=g","url":"https:\/\/secure.gravatar.com\/avatar\/2fbdc3782aa386b408fd9a36f0bc78ee569c94a7a05670cab3a1d72916408214?s=96&d=mm&r=g","contentUrl":"https:\/\/secure.gravatar.com\/avatar\/2fbdc3782aa386b408fd9a36f0bc78ee569c94a7a05670cab3a1d72916408214?s=96&d=mm&r=g","caption":"ADR\/AFP"},"sameAs":["http:\/\/africadailyreport.com"],"url":"https:\/\/africadailyreport.com\/fr\/author\/both\/"}]}},"jetpack_featured_media_url":"https:\/\/i0.wp.com\/africadailyreport.com\/wp-content\/uploads\/2024\/12\/AFP__20241213__36Q72KG__v1__HighRes__ComboRwandaDrcongoUnrest.jpg?fit=2000%2C1000&ssl=1","jetpack_sharing_enabled":true,"amp_enabled":true,"_links":{"self":[{"href":"https:\/\/africadailyreport.com\/fr\/wp-json\/wp\/v2\/posts\/15245","targetHints":{"allow":["GET"]}}],"collection":[{"href":"https:\/\/africadailyreport.com\/fr\/wp-json\/wp\/v2\/posts"}],"about":[{"href":"https:\/\/africadailyreport.com\/fr\/wp-json\/wp\/v2\/types\/post"}],"author":[{"embeddable":true,"href":"https:\/\/africadailyreport.com\/fr\/wp-json\/wp\/v2\/users\/10"}],"replies":[{"embeddable":true,"href":"https:\/\/africadailyreport.com\/fr\/wp-json\/wp\/v2\/comments?post=15245"}],"version-history":[{"count":5,"href":"https:\/\/africadailyreport.com\/fr\/wp-json\/wp\/v2\/posts\/15245\/revisions"}],"predecessor-version":[{"id":15251,"href":"https:\/\/africadailyreport.com\/fr\/wp-json\/wp\/v2\/posts\/15245\/revisions\/15251"}],"wp:featuredmedia":[{"embeddable":true,"href":"https:\/\/africadailyreport.com\/fr\/wp-json\/wp\/v2\/media\/15241"}],"wp:attachment":[{"href":"https:\/\/africadailyreport.com\/fr\/wp-json\/wp\/v2\/media?parent=15245"}],"wp:term":[{"taxonomy":"category","embeddable":true,"href":"https:\/\/africadailyreport.com\/fr\/wp-json\/wp\/v2\/categories?post=15245"},{"taxonomy":"post_tag","embeddable":true,"href":"https:\/\/africadailyreport.com\/fr\/wp-json\/wp\/v2\/tags?post=15245"},{"taxonomy":"adr_country","embeddable":true,"href":"https:\/\/africadailyreport.com\/fr\/wp-json\/wp\/v2\/adr_country?post=15245"}],"curies":[{"name":"wp","href":"https:\/\/api.w.org\/{rel}","templated":true}]}}