{"id":15236,"date":"2024-12-13T12:27:17","date_gmt":"2024-12-13T12:27:17","guid":{"rendered":"https:\/\/africadailyreport.com\/2024\/12\/13\/rwanda-announces-intention-to-bid-for-formula-one-grand-prix\/"},"modified":"2024-12-13T12:34:00","modified_gmt":"2024-12-13T12:34:00","slug":"rwanda-announces-intention-to-bid-for-formula-one-grand-prix","status":"publish","type":"post","link":"https:\/\/africadailyreport.com\/fr\/2024\/12\/13\/rwanda-announces-intention-to-bid-for-formula-one-grand-prix\/","title":{"rendered":"Formule 1: le Rwanda se porte officiellement candidat \u00e0 l&rsquo;organisation d&rsquo;un Grand Prix sur son sol"},"content":{"rendered":"\n<h2 class=\"wp-block-heading\" id=\"h-kigali-rwanda-afp-le-president-du-rwanda-paul-kagame-a-annonce-vendredi-que-son-pays-allait-se-porter-candidat-a-l-organisation-d-une-course-de-formule-1-qui-aurait-lieu-dans-la-capitale-kigali\"><em>Kigali,\u00a0Rwanda &#8211; (AFP)<\/em> &#8211; Le pr\u00e9sident du Rwanda Paul Kagame a annonc\u00e9 vendredi que son pays allait se porter candidat \u00e0 l&rsquo;organisation d&rsquo;une course de Formule 1 qui aurait lieu dans la capitale, Kigali.<\/h2>\n\n\n\n\n\n<p>Le pays des Grands Lacs poursuit activement son projet d&rsquo;accueillir un Grand Prix de F1, dans le but de ramener ce sport en Afrique pour la premi\u00e8re fois depuis 1993.<\/p>\n\n\n\n<p>La derni\u00e8re course du championnat du monde organis\u00e9e sur le continent a eu lieu cette ann\u00e9e-l\u00e0 en Afrique du Sud, sur le circuit de Kyalami.<\/p>\n\n\n\n<p>Il s&rsquo;agit de la derni\u00e8re \u00e9tape d&rsquo;une strat\u00e9gie plus large visant \u00e0 utiliser le sport pour d\u00e9velopper son tourisme et sa visibilit\u00e9 au niveau mondial.<\/p>\n\n\n\n<p>\u00ab\u00a0Je suis heureux d&rsquo;annoncer officiellement que le Rwanda se porte candidat pour ramener le frisson de la course automobile en Afrique, en accueillant un Grand Prix de Formule 1\u00a0\u00bb, a d\u00e9clar\u00e9 M. Kagame lors de l&rsquo;ouverture de l&rsquo;assembl\u00e9e g\u00e9n\u00e9rale de la F\u00e9d\u00e9ration internationale du sport automobile (FIA) \u00e0 Kigali.<\/p>\n\n\n\n<p>Le dirigeant rwandais a salu\u00e9 la tenue de ce congr\u00e8s annuel de la FIA sur le continent comme une \u00ab\u00a0\u00e9tape importante\u00a0\u00bb.<\/p>\n\n\n\n<p>Selon lui, elle marque \u00ab\u00a0l&rsquo;objectif de l&rsquo;industrie du sport automobile de se connecter directement avec les fans et les aspirants pilotes en Afrique\u00a0\u00bb.<\/p>\n\n\n\n<p>Les opposants de M. Kagame accusent son administration de pratiquer le \u00ab\u00a0sportswashing\u00a0\u00bb, c&rsquo;est-\u00e0-dire d&rsquo;utiliser des \u00e9v\u00e9nements internationaux tr\u00e8s m\u00e9diatis\u00e9s pour am\u00e9liorer sa r\u00e9putation, tout en dissimulant de graves violations des droits de l&rsquo;homme, en muselant la libert\u00e9 d&rsquo;expression et en restreignant les libert\u00e9s.<\/p>\n\n\n\n<p>En ao\u00fbt, les dirigeants de la Formule 1 ont confirm\u00e9 les discussions en cours avec le Rwanda concernant l&rsquo;organisation d&rsquo;un Grand Prix, et son directeur g\u00e9n\u00e9ral Stefano Domenicali a soulign\u00e9 que le pays \u00e9tait une option \u00ab\u00a0s\u00e9rieuse\u00a0\u00bb.<\/p>\n\n\n\n<p>Les autorit\u00e9s sud-africaines ont \u00e9galement r\u00e9cemment indiqu\u00e9 qu&rsquo;elles souhaitaient accueillir \u00e0 nouveau la cat\u00e9gorie reine du sport automobile \u00e0 Kyalami mais le circuit situ\u00e9 pr\u00e8s de Johannesburg n&rsquo;est plus aux normes et doit d&rsquo;abord subir des travaux de remise en conformit\u00e9.<\/p>\n\n\n\n<p><\/p>\n\n\n\n<p>\u00a9 Agence France-Presse<\/p>\n","protected":false},"excerpt":{"rendered":"<p>Kigali,\u00a0Rwanda &#8211; (AFP) &#8211; Le pr\u00e9sident du Rwanda Paul Kagame a annonc\u00e9 vendredi que son pays allait se porter candidat \u00e0 l&rsquo;organisation d&rsquo;une course de Formule 1 qui aurait lieu dans la capitale, Kigali. Le pays des Grands Lacs poursuit activement son projet d&rsquo;accueillir un Grand Prix de F1, dans le but de ramener ce [&hellip;]<\/p>\n","protected":false},"author":10,"featured_media":15234,"comment_status":"open","ping_status":"open","sticky":false,"template":"","format":"standard","meta":{"_acf_changed":false,"om_disable_all_campaigns":false,"_monsterinsights_skip_tracking":false,"_monsterinsights_sitenote_active":false,"_monsterinsights_sitenote_note":"","_monsterinsights_sitenote_category":0,"tdm_status":"","tdm_grid_status":"","_jetpack_newsletter_access":"","_jetpack_dont_email_post_to_subs":false,"_jetpack_newsletter_tier_id":0,"_jetpack_memberships_contains_paywalled_content":false,"_jetpack_memberships_contains_paid_content":false,"footnotes":""},"categories":[293,885],"tags":[2271,2267,2268,2269,2270,863],"adr_country":[1083],"class_list":{"0":"post-15236","1":"post","2":"type-post","3":"status-publish","4":"format-standard","5":"has-post-thumbnail","7":"category-actualites-fr","8":"category-sports-fr","9":"tag-f1","10":"tag-fia-fr","11":"tag-formula-one-grand-prix-fr","12":"tag-kagame-fr","13":"tag-race-fr","14":"tag-rwanda-fr","15":"adr_country-rwanda"},"acf":{"post_version":""},"yoast_head":"<!-- This site is optimized with the Yoast SEO Premium plugin v26.0 (Yoast SEO v27.4) - https:\/\/yoast.com\/product\/yoast-seo-premium-wordpress\/ -->\n<title>Formule 1: le Rwanda se porte officiellement candidat \u00e0 l&#039;organisation d&#039;un Grand Prix sur son sol - Africa Daily Report<\/title>\n<meta name=\"robots\" content=\"index, follow, max-snippet:-1, max-image-preview:large, max-video-preview:-1\" \/>\n<link rel=\"canonical\" href=\"https:\/\/africadailyreport.com\/fr\/2024\/12\/13\/rwanda-announces-intention-to-bid-for-formula-one-grand-prix\/\" \/>\n<meta property=\"og:locale\" content=\"fr_FR\" \/>\n<meta property=\"og:type\" content=\"article\" \/>\n<meta property=\"og:title\" content=\"Formule 1: le Rwanda se porte officiellement candidat \u00e0 l&#039;organisation d&#039;un Grand Prix sur son sol\" \/>\n<meta property=\"og:description\" content=\"Kigali,\u00a0Rwanda &#8211; (AFP) &#8211; Le pr\u00e9sident du Rwanda Paul Kagame a annonc\u00e9 vendredi que son pays allait se porter candidat \u00e0 l&rsquo;organisation d&rsquo;une course de Formule 1 qui aurait lieu dans la capitale, Kigali. Le pays des Grands Lacs poursuit activement son projet d&rsquo;accueillir un Grand Prix de F1, dans le but de ramener ce [&hellip;]\" \/>\n<meta property=\"og:url\" content=\"https:\/\/africadailyreport.com\/fr\/2024\/12\/13\/rwanda-announces-intention-to-bid-for-formula-one-grand-prix\/\" \/>\n<meta property=\"og:site_name\" content=\"Africa Daily Report\" \/>\n<meta property=\"article:publisher\" content=\"https:\/\/www.facebook.com\/africadailyreport\" \/>\n<meta property=\"article:published_time\" content=\"2024-12-13T12:27:17+00:00\" \/>\n<meta property=\"article:modified_time\" content=\"2024-12-13T12:34:00+00:00\" \/>\n<meta property=\"og:image\" content=\"https:\/\/africadailyreport.com\/wp-content\/uploads\/2024\/12\/AFP__20241208__36PV9K2__v4__HighRes__AutoPrixF1UaeRace-scaled.jpg\" \/>\n\t<meta property=\"og:image:width\" content=\"1\" \/>\n\t<meta property=\"og:image:height\" content=\"1\" \/>\n\t<meta property=\"og:image:type\" content=\"image\/jpeg\" \/>\n<meta name=\"author\" content=\"ADR\/AFP\" \/>\n<meta name=\"twitter:card\" content=\"summary_large_image\" \/>\n<meta name=\"twitter:creator\" content=\"@adr_africa\" \/>\n<meta name=\"twitter:site\" content=\"@adr_africa\" \/>\n<meta name=\"twitter:label1\" content=\"\u00c9crit par\" \/>\n\t<meta name=\"twitter:data1\" content=\"ADR\/AFP\" \/>\n\t<meta name=\"twitter:label2\" content=\"Dur\u00e9e de lecture estim\u00e9e\" \/>\n\t<meta name=\"twitter:data2\" content=\"2 minutes\" \/>\n<script type=\"application\/ld+json\" class=\"yoast-schema-graph\">{\"@context\":\"https:\\\/\\\/schema.org\",\"@graph\":[{\"@type\":\"Article\",\"@id\":\"https:\\\/\\\/africadailyreport.com\\\/fr\\\/2024\\\/12\\\/13\\\/rwanda-announces-intention-to-bid-for-formula-one-grand-prix\\\/#article\",\"isPartOf\":{\"@id\":\"https:\\\/\\\/africadailyreport.com\\\/fr\\\/2024\\\/12\\\/13\\\/rwanda-announces-intention-to-bid-for-formula-one-grand-prix\\\/\"},\"author\":{\"name\":\"ADR\\\/AFP\",\"@id\":\"https:\\\/\\\/africadailyreport.com\\\/fr\\\/#\\\/schema\\\/person\\\/c44d86d79f5570b3ba4cf70c989843f8\"},\"headline\":\"Formule 1: le Rwanda se porte officiellement candidat \u00e0 l&rsquo;organisation d&rsquo;un Grand Prix sur son sol\",\"datePublished\":\"2024-12-13T12:27:17+00:00\",\"dateModified\":\"2024-12-13T12:34:00+00:00\",\"mainEntityOfPage\":{\"@id\":\"https:\\\/\\\/africadailyreport.com\\\/fr\\\/2024\\\/12\\\/13\\\/rwanda-announces-intention-to-bid-for-formula-one-grand-prix\\\/\"},\"wordCount\":388,\"commentCount\":0,\"publisher\":{\"@id\":\"https:\\\/\\\/africadailyreport.com\\\/fr\\\/#organization\"},\"image\":{\"@id\":\"https:\\\/\\\/africadailyreport.com\\\/fr\\\/2024\\\/12\\\/13\\\/rwanda-announces-intention-to-bid-for-formula-one-grand-prix\\\/#primaryimage\"},\"thumbnailUrl\":\"https:\\\/\\\/i0.wp.com\\\/africadailyreport.com\\\/wp-content\\\/uploads\\\/2024\\\/12\\\/AFP__20241208__36PV9K2__v4__HighRes__AutoPrixF1UaeRace-scaled.jpg?fit=%2C&ssl=1\",\"keywords\":[\"f1\",\"FIA\",\"Formula One Grand Prix\",\"Kagame\",\"race\",\"Rwanda\"],\"articleSection\":[\"Actualit\u00e9s\",\"Sports\"],\"inLanguage\":\"fr-FR\",\"potentialAction\":[{\"@type\":\"CommentAction\",\"name\":\"Comment\",\"target\":[\"https:\\\/\\\/africadailyreport.com\\\/fr\\\/2024\\\/12\\\/13\\\/rwanda-announces-intention-to-bid-for-formula-one-grand-prix\\\/#respond\"]}],\"copyrightYear\":\"2024\",\"copyrightHolder\":{\"@id\":\"https:\\\/\\\/africadailyreport.com\\\/#organization\"}},{\"@type\":\"WebPage\",\"@id\":\"https:\\\/\\\/africadailyreport.com\\\/fr\\\/2024\\\/12\\\/13\\\/rwanda-announces-intention-to-bid-for-formula-one-grand-prix\\\/\",\"url\":\"https:\\\/\\\/africadailyreport.com\\\/fr\\\/2024\\\/12\\\/13\\\/rwanda-announces-intention-to-bid-for-formula-one-grand-prix\\\/\",\"name\":\"Formule 1: le Rwanda se porte officiellement candidat \u00e0 l'organisation d'un Grand Prix sur son sol - Africa Daily Report\",\"isPartOf\":{\"@id\":\"https:\\\/\\\/africadailyreport.com\\\/fr\\\/#website\"},\"primaryImageOfPage\":{\"@id\":\"https:\\\/\\\/africadailyreport.com\\\/fr\\\/2024\\\/12\\\/13\\\/rwanda-announces-intention-to-bid-for-formula-one-grand-prix\\\/#primaryimage\"},\"image\":{\"@id\":\"https:\\\/\\\/africadailyreport.com\\\/fr\\\/2024\\\/12\\\/13\\\/rwanda-announces-intention-to-bid-for-formula-one-grand-prix\\\/#primaryimage\"},\"thumbnailUrl\":\"https:\\\/\\\/i0.wp.com\\\/africadailyreport.com\\\/wp-content\\\/uploads\\\/2024\\\/12\\\/AFP__20241208__36PV9K2__v4__HighRes__AutoPrixF1UaeRace-scaled.jpg?fit=%2C&ssl=1\",\"datePublished\":\"2024-12-13T12:27:17+00:00\",\"dateModified\":\"2024-12-13T12:34:00+00:00\",\"breadcrumb\":{\"@id\":\"https:\\\/\\\/africadailyreport.com\\\/fr\\\/2024\\\/12\\\/13\\\/rwanda-announces-intention-to-bid-for-formula-one-grand-prix\\\/#breadcrumb\"},\"inLanguage\":\"fr-FR\",\"potentialAction\":[{\"@type\":\"ReadAction\",\"target\":[\"https:\\\/\\\/africadailyreport.com\\\/fr\\\/2024\\\/12\\\/13\\\/rwanda-announces-intention-to-bid-for-formula-one-grand-prix\\\/\"]}]},{\"@type\":\"ImageObject\",\"inLanguage\":\"fr-FR\",\"@id\":\"https:\\\/\\\/africadailyreport.com\\\/fr\\\/2024\\\/12\\\/13\\\/rwanda-announces-intention-to-bid-for-formula-one-grand-prix\\\/#primaryimage\",\"url\":\"https:\\\/\\\/i0.wp.com\\\/africadailyreport.com\\\/wp-content\\\/uploads\\\/2024\\\/12\\\/AFP__20241208__36PV9K2__v4__HighRes__AutoPrixF1UaeRace-scaled.jpg?fit=%2C&ssl=1\",\"contentUrl\":\"https:\\\/\\\/i0.wp.com\\\/africadailyreport.com\\\/wp-content\\\/uploads\\\/2024\\\/12\\\/AFP__20241208__36PV9K2__v4__HighRes__AutoPrixF1UaeRace-scaled.jpg?fit=%2C&ssl=1\",\"caption\":\"Mercedes' British driver Lewis Hamilton performs a burn out after the Abu Dhabi Formula One Grand Prix at the Yas Marina Circuit in Abu Dhabi on December 8, 2024. (Photo by Giuseppe CACACE \\\/ AFP)\"},{\"@type\":\"BreadcrumbList\",\"@id\":\"https:\\\/\\\/africadailyreport.com\\\/fr\\\/2024\\\/12\\\/13\\\/rwanda-announces-intention-to-bid-for-formula-one-grand-prix\\\/#breadcrumb\",\"itemListElement\":[{\"@type\":\"ListItem\",\"position\":1,\"name\":\"Home\",\"item\":\"https:\\\/\\\/africadailyreport.com\\\/fr\\\/\"},{\"@type\":\"ListItem\",\"position\":2,\"name\":\"Formule 1: le Rwanda se porte officiellement candidat \u00e0 l&#8217;organisation d&#8217;un Grand Prix sur son sol\"}]},{\"@type\":\"WebSite\",\"@id\":\"https:\\\/\\\/africadailyreport.com\\\/fr\\\/#website\",\"url\":\"https:\\\/\\\/africadailyreport.com\\\/fr\\\/\",\"name\":\"Africa Daily Report\",\"description\":\"\",\"publisher\":{\"@id\":\"https:\\\/\\\/africadailyreport.com\\\/fr\\\/#organization\"},\"potentialAction\":[{\"@type\":\"SearchAction\",\"target\":{\"@type\":\"EntryPoint\",\"urlTemplate\":\"https:\\\/\\\/africadailyreport.com\\\/fr\\\/?s={search_term_string}\"},\"query-input\":{\"@type\":\"PropertyValueSpecification\",\"valueRequired\":true,\"valueName\":\"search_term_string\"}}],\"inLanguage\":\"fr-FR\"},{\"@type\":\"Organization\",\"@id\":\"https:\\\/\\\/africadailyreport.com\\\/fr\\\/#organization\",\"name\":\"Africa Daily Report\",\"url\":\"https:\\\/\\\/africadailyreport.com\\\/fr\\\/\",\"logo\":{\"@type\":\"ImageObject\",\"inLanguage\":\"fr-FR\",\"@id\":\"https:\\\/\\\/africadailyreport.com\\\/fr\\\/#\\\/schema\\\/logo\\\/image\\\/\",\"url\":\"https:\\\/\\\/africadailyreport.com\\\/wp-content\\\/uploads\\\/2024\\\/09\\\/ADR-Transparent-Green-Logo-1.png\",\"contentUrl\":\"https:\\\/\\\/africadailyreport.com\\\/wp-content\\\/uploads\\\/2024\\\/09\\\/ADR-Transparent-Green-Logo-1.png\",\"width\":267,\"height\":185,\"caption\":\"Africa Daily Report\"},\"image\":{\"@id\":\"https:\\\/\\\/africadailyreport.com\\\/fr\\\/#\\\/schema\\\/logo\\\/image\\\/\"},\"sameAs\":[\"https:\\\/\\\/www.facebook.com\\\/africadailyreport\",\"https:\\\/\\\/x.com\\\/adr_africa\",\"https:\\\/\\\/www.youtube.com\\\/@africadailyreport\",\"https:\\\/\\\/instagram.com\\\/africadailyreport\"]},{\"@type\":\"Person\",\"@id\":\"https:\\\/\\\/africadailyreport.com\\\/fr\\\/#\\\/schema\\\/person\\\/c44d86d79f5570b3ba4cf70c989843f8\",\"name\":\"ADR\\\/AFP\",\"image\":{\"@type\":\"ImageObject\",\"inLanguage\":\"fr-FR\",\"@id\":\"https:\\\/\\\/secure.gravatar.com\\\/avatar\\\/2fbdc3782aa386b408fd9a36f0bc78ee569c94a7a05670cab3a1d72916408214?s=96&d=mm&r=g\",\"url\":\"https:\\\/\\\/secure.gravatar.com\\\/avatar\\\/2fbdc3782aa386b408fd9a36f0bc78ee569c94a7a05670cab3a1d72916408214?s=96&d=mm&r=g\",\"contentUrl\":\"https:\\\/\\\/secure.gravatar.com\\\/avatar\\\/2fbdc3782aa386b408fd9a36f0bc78ee569c94a7a05670cab3a1d72916408214?s=96&d=mm&r=g\",\"caption\":\"ADR\\\/AFP\"},\"sameAs\":[\"http:\\\/\\\/africadailyreport.com\"],\"url\":\"https:\\\/\\\/africadailyreport.com\\\/fr\\\/author\\\/both\\\/\"}]}<\/script>\n<!-- \/ Yoast SEO Premium plugin. -->","yoast_head_json":{"title":"Formule 1: le Rwanda se porte officiellement candidat \u00e0 l'organisation d'un Grand Prix sur son sol - Africa Daily Report","robots":{"index":"index","follow":"follow","max-snippet":"max-snippet:-1","max-image-preview":"max-image-preview:large","max-video-preview":"max-video-preview:-1"},"canonical":"https:\/\/africadailyreport.com\/fr\/2024\/12\/13\/rwanda-announces-intention-to-bid-for-formula-one-grand-prix\/","og_locale":"fr_FR","og_type":"article","og_title":"Formule 1: le Rwanda se porte officiellement candidat \u00e0 l'organisation d'un Grand Prix sur son sol","og_description":"Kigali,\u00a0Rwanda &#8211; (AFP) &#8211; Le pr\u00e9sident du Rwanda Paul Kagame a annonc\u00e9 vendredi que son pays allait se porter candidat \u00e0 l&rsquo;organisation d&rsquo;une course de Formule 1 qui aurait lieu dans la capitale, Kigali. Le pays des Grands Lacs poursuit activement son projet d&rsquo;accueillir un Grand Prix de F1, dans le but de ramener ce [&hellip;]","og_url":"https:\/\/africadailyreport.com\/fr\/2024\/12\/13\/rwanda-announces-intention-to-bid-for-formula-one-grand-prix\/","og_site_name":"Africa Daily Report","article_publisher":"https:\/\/www.facebook.com\/africadailyreport","article_published_time":"2024-12-13T12:27:17+00:00","article_modified_time":"2024-12-13T12:34:00+00:00","og_image":[{"url":"https:\/\/africadailyreport.com\/wp-content\/uploads\/2024\/12\/AFP__20241208__36PV9K2__v4__HighRes__AutoPrixF1UaeRace-scaled.jpg","width":1,"height":1,"type":"image\/jpeg"}],"author":"ADR\/AFP","twitter_card":"summary_large_image","twitter_creator":"@adr_africa","twitter_site":"@adr_africa","twitter_misc":{"\u00c9crit par":"ADR\/AFP","Dur\u00e9e de lecture estim\u00e9e":"2 minutes"},"schema":{"@context":"https:\/\/schema.org","@graph":[{"@type":"Article","@id":"https:\/\/africadailyreport.com\/fr\/2024\/12\/13\/rwanda-announces-intention-to-bid-for-formula-one-grand-prix\/#article","isPartOf":{"@id":"https:\/\/africadailyreport.com\/fr\/2024\/12\/13\/rwanda-announces-intention-to-bid-for-formula-one-grand-prix\/"},"author":{"name":"ADR\/AFP","@id":"https:\/\/africadailyreport.com\/fr\/#\/schema\/person\/c44d86d79f5570b3ba4cf70c989843f8"},"headline":"Formule 1: le Rwanda se porte officiellement candidat \u00e0 l&rsquo;organisation d&rsquo;un Grand Prix sur son sol","datePublished":"2024-12-13T12:27:17+00:00","dateModified":"2024-12-13T12:34:00+00:00","mainEntityOfPage":{"@id":"https:\/\/africadailyreport.com\/fr\/2024\/12\/13\/rwanda-announces-intention-to-bid-for-formula-one-grand-prix\/"},"wordCount":388,"commentCount":0,"publisher":{"@id":"https:\/\/africadailyreport.com\/fr\/#organization"},"image":{"@id":"https:\/\/africadailyreport.com\/fr\/2024\/12\/13\/rwanda-announces-intention-to-bid-for-formula-one-grand-prix\/#primaryimage"},"thumbnailUrl":"https:\/\/i0.wp.com\/africadailyreport.com\/wp-content\/uploads\/2024\/12\/AFP__20241208__36PV9K2__v4__HighRes__AutoPrixF1UaeRace-scaled.jpg?fit=%2C&ssl=1","keywords":["f1","FIA","Formula One Grand Prix","Kagame","race","Rwanda"],"articleSection":["Actualit\u00e9s","Sports"],"inLanguage":"fr-FR","potentialAction":[{"@type":"CommentAction","name":"Comment","target":["https:\/\/africadailyreport.com\/fr\/2024\/12\/13\/rwanda-announces-intention-to-bid-for-formula-one-grand-prix\/#respond"]}],"copyrightYear":"2024","copyrightHolder":{"@id":"https:\/\/africadailyreport.com\/#organization"}},{"@type":"WebPage","@id":"https:\/\/africadailyreport.com\/fr\/2024\/12\/13\/rwanda-announces-intention-to-bid-for-formula-one-grand-prix\/","url":"https:\/\/africadailyreport.com\/fr\/2024\/12\/13\/rwanda-announces-intention-to-bid-for-formula-one-grand-prix\/","name":"Formule 1: le Rwanda se porte officiellement candidat \u00e0 l'organisation d'un Grand Prix sur son sol - Africa Daily Report","isPartOf":{"@id":"https:\/\/africadailyreport.com\/fr\/#website"},"primaryImageOfPage":{"@id":"https:\/\/africadailyreport.com\/fr\/2024\/12\/13\/rwanda-announces-intention-to-bid-for-formula-one-grand-prix\/#primaryimage"},"image":{"@id":"https:\/\/africadailyreport.com\/fr\/2024\/12\/13\/rwanda-announces-intention-to-bid-for-formula-one-grand-prix\/#primaryimage"},"thumbnailUrl":"https:\/\/i0.wp.com\/africadailyreport.com\/wp-content\/uploads\/2024\/12\/AFP__20241208__36PV9K2__v4__HighRes__AutoPrixF1UaeRace-scaled.jpg?fit=%2C&ssl=1","datePublished":"2024-12-13T12:27:17+00:00","dateModified":"2024-12-13T12:34:00+00:00","breadcrumb":{"@id":"https:\/\/africadailyreport.com\/fr\/2024\/12\/13\/rwanda-announces-intention-to-bid-for-formula-one-grand-prix\/#breadcrumb"},"inLanguage":"fr-FR","potentialAction":[{"@type":"ReadAction","target":["https:\/\/africadailyreport.com\/fr\/2024\/12\/13\/rwanda-announces-intention-to-bid-for-formula-one-grand-prix\/"]}]},{"@type":"ImageObject","inLanguage":"fr-FR","@id":"https:\/\/africadailyreport.com\/fr\/2024\/12\/13\/rwanda-announces-intention-to-bid-for-formula-one-grand-prix\/#primaryimage","url":"https:\/\/i0.wp.com\/africadailyreport.com\/wp-content\/uploads\/2024\/12\/AFP__20241208__36PV9K2__v4__HighRes__AutoPrixF1UaeRace-scaled.jpg?fit=%2C&ssl=1","contentUrl":"https:\/\/i0.wp.com\/africadailyreport.com\/wp-content\/uploads\/2024\/12\/AFP__20241208__36PV9K2__v4__HighRes__AutoPrixF1UaeRace-scaled.jpg?fit=%2C&ssl=1","caption":"Mercedes' British driver Lewis Hamilton performs a burn out after the Abu Dhabi Formula One Grand Prix at the Yas Marina Circuit in Abu Dhabi on December 8, 2024. (Photo by Giuseppe CACACE \/ AFP)"},{"@type":"BreadcrumbList","@id":"https:\/\/africadailyreport.com\/fr\/2024\/12\/13\/rwanda-announces-intention-to-bid-for-formula-one-grand-prix\/#breadcrumb","itemListElement":[{"@type":"ListItem","position":1,"name":"Home","item":"https:\/\/africadailyreport.com\/fr\/"},{"@type":"ListItem","position":2,"name":"Formule 1: le Rwanda se porte officiellement candidat \u00e0 l&#8217;organisation d&#8217;un Grand Prix sur son sol"}]},{"@type":"WebSite","@id":"https:\/\/africadailyreport.com\/fr\/#website","url":"https:\/\/africadailyreport.com\/fr\/","name":"Africa Daily Report","description":"","publisher":{"@id":"https:\/\/africadailyreport.com\/fr\/#organization"},"potentialAction":[{"@type":"SearchAction","target":{"@type":"EntryPoint","urlTemplate":"https:\/\/africadailyreport.com\/fr\/?s={search_term_string}"},"query-input":{"@type":"PropertyValueSpecification","valueRequired":true,"valueName":"search_term_string"}}],"inLanguage":"fr-FR"},{"@type":"Organization","@id":"https:\/\/africadailyreport.com\/fr\/#organization","name":"Africa Daily Report","url":"https:\/\/africadailyreport.com\/fr\/","logo":{"@type":"ImageObject","inLanguage":"fr-FR","@id":"https:\/\/africadailyreport.com\/fr\/#\/schema\/logo\/image\/","url":"https:\/\/africadailyreport.com\/wp-content\/uploads\/2024\/09\/ADR-Transparent-Green-Logo-1.png","contentUrl":"https:\/\/africadailyreport.com\/wp-content\/uploads\/2024\/09\/ADR-Transparent-Green-Logo-1.png","width":267,"height":185,"caption":"Africa Daily Report"},"image":{"@id":"https:\/\/africadailyreport.com\/fr\/#\/schema\/logo\/image\/"},"sameAs":["https:\/\/www.facebook.com\/africadailyreport","https:\/\/x.com\/adr_africa","https:\/\/www.youtube.com\/@africadailyreport","https:\/\/instagram.com\/africadailyreport"]},{"@type":"Person","@id":"https:\/\/africadailyreport.com\/fr\/#\/schema\/person\/c44d86d79f5570b3ba4cf70c989843f8","name":"ADR\/AFP","image":{"@type":"ImageObject","inLanguage":"fr-FR","@id":"https:\/\/secure.gravatar.com\/avatar\/2fbdc3782aa386b408fd9a36f0bc78ee569c94a7a05670cab3a1d72916408214?s=96&d=mm&r=g","url":"https:\/\/secure.gravatar.com\/avatar\/2fbdc3782aa386b408fd9a36f0bc78ee569c94a7a05670cab3a1d72916408214?s=96&d=mm&r=g","contentUrl":"https:\/\/secure.gravatar.com\/avatar\/2fbdc3782aa386b408fd9a36f0bc78ee569c94a7a05670cab3a1d72916408214?s=96&d=mm&r=g","caption":"ADR\/AFP"},"sameAs":["http:\/\/africadailyreport.com"],"url":"https:\/\/africadailyreport.com\/fr\/author\/both\/"}]}},"jetpack_featured_media_url":"https:\/\/i0.wp.com\/africadailyreport.com\/wp-content\/uploads\/2024\/12\/AFP__20241208__36PV9K2__v4__HighRes__AutoPrixF1UaeRace-scaled.jpg?fit=%2C&ssl=1","jetpack_sharing_enabled":true,"amp_enabled":true,"_links":{"self":[{"href":"https:\/\/africadailyreport.com\/fr\/wp-json\/wp\/v2\/posts\/15236","targetHints":{"allow":["GET"]}}],"collection":[{"href":"https:\/\/africadailyreport.com\/fr\/wp-json\/wp\/v2\/posts"}],"about":[{"href":"https:\/\/africadailyreport.com\/fr\/wp-json\/wp\/v2\/types\/post"}],"author":[{"embeddable":true,"href":"https:\/\/africadailyreport.com\/fr\/wp-json\/wp\/v2\/users\/10"}],"replies":[{"embeddable":true,"href":"https:\/\/africadailyreport.com\/fr\/wp-json\/wp\/v2\/comments?post=15236"}],"version-history":[{"count":2,"href":"https:\/\/africadailyreport.com\/fr\/wp-json\/wp\/v2\/posts\/15236\/revisions"}],"predecessor-version":[{"id":15238,"href":"https:\/\/africadailyreport.com\/fr\/wp-json\/wp\/v2\/posts\/15236\/revisions\/15238"}],"wp:featuredmedia":[{"embeddable":true,"href":"https:\/\/africadailyreport.com\/fr\/wp-json\/wp\/v2\/media\/15234"}],"wp:attachment":[{"href":"https:\/\/africadailyreport.com\/fr\/wp-json\/wp\/v2\/media?parent=15236"}],"wp:term":[{"taxonomy":"category","embeddable":true,"href":"https:\/\/africadailyreport.com\/fr\/wp-json\/wp\/v2\/categories?post=15236"},{"taxonomy":"post_tag","embeddable":true,"href":"https:\/\/africadailyreport.com\/fr\/wp-json\/wp\/v2\/tags?post=15236"},{"taxonomy":"adr_country","embeddable":true,"href":"https:\/\/africadailyreport.com\/fr\/wp-json\/wp\/v2\/adr_country?post=15236"}],"curies":[{"name":"wp","href":"https:\/\/api.w.org\/{rel}","templated":true}]}}