{"id":15086,"date":"2024-12-05T12:12:05","date_gmt":"2024-12-05T12:12:05","guid":{"rendered":"https:\/\/africadailyreport.com\/2024\/12\/05\/de-la-dissolution-a-la-chute-du-gouvernement-barnier-les-dates-cles-dune-periode-inedite\/"},"modified":"2024-12-05T12:12:58","modified_gmt":"2024-12-05T12:12:58","slug":"de-la-dissolution-a-la-chute-du-gouvernement-barnier-les-dates-cles-dune-periode-inedite","status":"publish","type":"post","link":"https:\/\/africadailyreport.com\/fr\/2024\/12\/05\/de-la-dissolution-a-la-chute-du-gouvernement-barnier-les-dates-cles-dune-periode-inedite\/","title":{"rendered":"De la dissolution \u00e0 la chute du gouvernement Barnier: les dates-cl\u00e9s d&rsquo;une p\u00e9riode in\u00e9dite"},"content":{"rendered":"\n<h2 class=\"wp-block-heading\" id=\"h-paris-france-afp-de-la-dissolution-surprise-de-l-assemblee-nationale-a-la-chute-du-gouvernement-de-michel-barnier-a-la-suite-d-une-motion-de-censure-voici-les-moments-cles-d-une-periode-politique-inedite-sous-la-ve-republique\"><em>Paris,\u00a0France &#8211; (AFP) &#8211; <\/em>De la dissolution surprise de l&rsquo;Assembl\u00e9e nationale \u00e0 la chute du gouvernement de Michel Barnier \u00e0 la suite d&rsquo;une motion de censure, voici les moments-cl\u00e9s d&rsquo;une p\u00e9riode politique in\u00e9dite sous la Ve R\u00e9publique.<\/h2>\n\n\n\n\n\n<h2 class=\"wp-block-heading\" id=\"h-9-juin-coup-de-tonnerre\">&#8211; 9 juin: coup de tonnerre &#8211;<\/h2>\n\n\n\n<p>Le 9 juin, le Rassemblement national (RN) sort largement en t\u00eate des \u00e9lections europ\u00e9ennes avec 31,37% des suffrages, loin devant les listes macroniste (14,6%) et socialiste (13,83%).<\/p>\n\n\n\n<p>Dans la foul\u00e9e, Emmanuel Macron dissout l&rsquo;Assembl\u00e9e nationale: face \u00e0 la \u00ab\u00a0mont\u00e9e des nationalistes\u00a0\u00bb, il faut \u00ab\u00a0redonner\u00a0\u00bb aux Fran\u00e7ais \u00ab\u00a0le choix de notre avenir parlementaire\u00a0\u00bb, dit-il.<\/p>\n\n\n\n<h2 class=\"wp-block-heading\" id=\"h-13-juin-nouveau-front-populaire\">&#8211; 13 juin: Nouveau Front populaire &#8211;<\/h2>\n\n\n\n<p>Rapidement, la gauche scelle une alliance sous la banni\u00e8re du Nouveau Front populaire (NFP). PS, LFI, \u00e9cologistes et PCF s&rsquo;engagent, le 13 juin, sur un programme commun \u00ab\u00a0de rupture\u00a0\u00bb.<\/p>\n\n\n\n<p>A droite, le pr\u00e9sident des R\u00e9publicains (LR) Eric Ciotti s&rsquo;allie avec le RN sans concertation interne. Exclu par son bureau politique, il s&rsquo;accroche \u00e0 son poste, bouclant m\u00eame \u00e0 cl\u00e9 quelques heures le si\u00e8ge du parti gaulliste.<\/p>\n\n\n\n<h2 class=\"wp-block-heading\" id=\"h-30-juin-rn-en-tete\">&#8211; 30 juin: RN en t\u00eate &#8211;<\/h2>\n\n\n\n<p>Au premier tour des l\u00e9gislatives, le RN arrive de nouveau en t\u00eate (33,1%).<\/p>\n\n\n\n<p>Un \u00ab\u00a0front r\u00e9publicain\u00a0\u00bb s&rsquo;organise. Le 2 juillet, plus de 200 candidats du NFP ou du camp macroniste se d\u00e9sistent en faveur des mieux plac\u00e9s pour faire barrage \u00e0 l&rsquo;extr\u00eame droite.<\/p>\n\n\n\n<h2 class=\"wp-block-heading\" id=\"h-nbsp-7-juillet-trois-blocs-sans-majorite-absolue\">&#8211;&nbsp;7 juillet: trois blocs sans majorit\u00e9 absolue &#8211;<\/h2>\n\n\n\n<p>La strat\u00e9gie fonctionne: le NFP sort en t\u00eate du second tour (193 d\u00e9put\u00e9s), devant les macronistes (166). Le RN se renforce (123 \u00e9lus et trois apparent\u00e9s, contre 89 auparavant) mais reste loin du pouvoir.<\/p>\n\n\n\n<p>Aucun des trois blocs n&rsquo;approche de la majorit\u00e9 absolue. La France entre dans l&rsquo;inconnu politique.<\/p>\n\n\n\n<h2 class=\"wp-block-heading\" id=\"h-nbsp-10-juillet-l-appel-de-macron\">&#8211; &nbsp;10 juillet: l&rsquo;appel de Macron &#8211;<\/h2>\n\n\n\n<p>Apr\u00e8s avoir refus\u00e9 la d\u00e9mission du Premier ministre Gabriel Attal (finalement accept\u00e9e le 16), Emmanuel Macron demande aux \u00ab\u00a0forces politiques r\u00e9publicaines\u00a0\u00bb de \u00ab\u00a0b\u00e2tir une majorit\u00e9 solide\u00a0\u00bb pour gouverner, scandalisant la gauche qui revendique Matignon.<\/p>\n\n\n\n<h2 class=\"wp-block-heading\" id=\"h-18-juillet-yael-braun-pivet-au-perchoir\">&#8211; 18 juillet: Ya\u00ebl Braun-Pivet au perchoir &#8211;<\/h2>\n\n\n\n<p>Le 18 juillet, Ya\u00ebl Braun-Pivet, pr\u00e9sidente sortante de l&rsquo;Assembl\u00e9e, est r\u00e9\u00e9lue gr\u00e2ce \u00e0 une entente entre droite et macronie face au candidat de la gauche Andr\u00e9 Chassaigne (PCF).<\/p>\n\n\n\n<p>Le 20, le camp pr\u00e9sidentiel obtient six des huit pr\u00e9sidences de commission tandis que l&rsquo;Insoumis Eric Coquerel retrouve la pr\u00e9sidence de la commission des Finances.&nbsp;Le NFP est majoritaire au Bureau de l&rsquo;Assembl\u00e9e.<\/p>\n\n\n\n<h2 class=\"wp-block-heading\" id=\"h-23-juillet-lucie-castets-candidate\">&#8211; 23 juillet: Lucie Castets candidate &#8211;<\/h2>\n\n\n\n<p>Haute-fonctionnaire, engag\u00e9e dans la d\u00e9fense des services publics, Lucie Castets est d\u00e9sign\u00e9e, le 23 juillet, par le NFP comme candidate pour Matignon. Elle fait activement campagne.<\/p>\n\n\n\n<p>Emmanuel Macron indique qu&rsquo;il ne d\u00e9signera pas de Premier ministre avant la fin des Jeux olympiques.<\/p>\n\n\n\n<h2 class=\"wp-block-heading\" id=\"h-26-aout-option-castets-ecartee\">&#8211; 26 ao\u00fbt: option Castets \u00e9cart\u00e9e &#8211;<\/h2>\n\n\n\n<p>Apr\u00e8s avoir consult\u00e9 les forces politiques, le pr\u00e9sident \u00e9carte le 26 ao\u00fbt l&rsquo;option d&rsquo;un gouvernement men\u00e9 par Mme Castets, au nom de \u00ab\u00a0la stabilit\u00e9 institutionnelle\u00a0\u00bb.<\/p>\n\n\n\n<p>L&rsquo;hypoth\u00e8se d&rsquo;une nomination de Bernard Cazeneuve, ex-Premier ministre de Fran\u00e7ois Hollande, agite \u00e0 gauche. Parmi les autres noms qui circulent, Xavier Bertrand, ex-ministre de Nicolas Sarkozy et pr\u00e9sident des Hauts-de-France, ou Thierry Beaudet, pr\u00e9sident du Conseil \u00e9conomique, social et environnemental.<\/p>\n\n\n\n<h2 class=\"wp-block-heading\" id=\"h-5-septembre-barnier-premier-ministre\">&#8211; 5 septembre : Barnier Premier ministre &#8211;<\/h2>\n\n\n\n<p>Le 5 septembre, le pr\u00e9sident nomme \u00e0 Matignon l&rsquo;ancien commissaire europ\u00e9en Michel Barnier.<\/p>\n\n\n\n<p>L&rsquo;ex-ministre de droite de 73 ans entame des consultations au centre et \u00e0 droite.<\/p>\n\n\n\n<h2 class=\"wp-block-heading\" id=\"h-21-septembre-un-gouvernement-marque-a-droite\">&#8211; 21 septembre: un gouvernement marqu\u00e9 \u00e0 droite &#8211;<\/h2>\n\n\n\n<p>Le 21 septembre,&nbsp;Emmanuel Macron nomme les 39 membres du gouvernement Barnier, marqu\u00e9 \u00e0 droite, avec \u00e0 l&rsquo;Int\u00e9rieur le conservateur Bruno Retailleau.<\/p>\n\n\n\n<p>Seule prise de gauche, le ministre de la Justice Didier Migaud.<\/p>\n\n\n\n<h2 class=\"wp-block-heading\" id=\"h-4-decembre-barnier-renverse\">&#8211; 4 d\u00e9cembre: Barnier renvers\u00e9 &#8211;<\/h2>\n\n\n\n<p>La pr\u00e9paration des textes budg\u00e9taires \u00e9prouve durement la fragile coalition de Michel Barnier.<\/p>\n\n\n\n<p>Le 2 d\u00e9cembre, il engage la responsabilit\u00e9 de l&rsquo;ex\u00e9cutif&nbsp;devant l&rsquo;Assembl\u00e9e nationale pour faire adopter sans vote le projet de budget de la S\u00e9curit\u00e9 sociale (article 49.3).<\/p>\n\n\n\n<p>Le 4, une motion de censure d\u00e9pos\u00e9e par la gauche recueille, gr\u00e2ce au soutien du RN, 311 voix sur les 288 n\u00e9cessaires. Michel Barnier est contraint de pr\u00e9senter sa d\u00e9mission \u00e0 Emmanuel Macron.<\/p>\n\n\n\n<p><\/p>\n\n\n\n<p>\u00a9 Agence France-Presse<\/p>\n","protected":false},"excerpt":{"rendered":"<p>Paris,\u00a0France &#8211; (AFP) &#8211; De la dissolution surprise de l&rsquo;Assembl\u00e9e nationale \u00e0 la chute du gouvernement de Michel Barnier \u00e0 la suite d&rsquo;une motion de censure, voici les moments-cl\u00e9s d&rsquo;une p\u00e9riode politique in\u00e9dite sous la Ve R\u00e9publique. &#8211; 9 juin: coup de tonnerre &#8211; Le 9 juin, le Rassemblement national (RN) sort largement en t\u00eate [&hellip;]<\/p>\n","protected":false},"author":10,"featured_media":15084,"comment_status":"open","ping_status":"open","sticky":false,"template":"","format":"standard","meta":{"_acf_changed":false,"om_disable_all_campaigns":false,"_monsterinsights_skip_tracking":false,"_monsterinsights_sitenote_active":false,"_monsterinsights_sitenote_note":"","_monsterinsights_sitenote_category":0,"tdm_status":"","tdm_grid_status":"","_jetpack_newsletter_access":"","_jetpack_dont_email_post_to_subs":false,"_jetpack_newsletter_tier_id":0,"_jetpack_memberships_contains_paywalled_content":false,"_jetpack_memberships_contains_paid_content":false,"footnotes":""},"categories":[293,1008,1274],"tags":[812,1168,1818,2221,1170],"adr_country":[1090,1097],"class_list":{"0":"post-15086","1":"post","2":"type-post","3":"status-publish","4":"format-standard","5":"has-post-thumbnail","7":"category-actualites-fr","8":"category-politics-fr","9":"category-world-fr","10":"tag-france-fr","11":"tag-government-fr","12":"tag-legislatives-fr","13":"tag-michel-barnier-fr","14":"tag-politics-fr","15":"adr_country-france","16":"adr_country-monde"},"acf":{"post_version":""},"yoast_head":"<!-- This site is optimized with the Yoast SEO Premium plugin v26.0 (Yoast SEO v27.4) - https:\/\/yoast.com\/product\/yoast-seo-premium-wordpress\/ -->\n<title>De la dissolution \u00e0 la chute du gouvernement Barnier: les dates-cl\u00e9s d&#039;une p\u00e9riode in\u00e9dite - Africa Daily Report<\/title>\n<meta name=\"robots\" content=\"index, follow, max-snippet:-1, max-image-preview:large, max-video-preview:-1\" \/>\n<link rel=\"canonical\" href=\"https:\/\/africadailyreport.com\/fr\/2024\/12\/05\/de-la-dissolution-a-la-chute-du-gouvernement-barnier-les-dates-cles-dune-periode-inedite\/\" \/>\n<meta property=\"og:locale\" content=\"fr_FR\" \/>\n<meta property=\"og:type\" content=\"article\" \/>\n<meta property=\"og:title\" content=\"De la dissolution \u00e0 la chute du gouvernement Barnier: les dates-cl\u00e9s d&#039;une p\u00e9riode in\u00e9dite\" \/>\n<meta property=\"og:description\" content=\"Paris,\u00a0France &#8211; (AFP) &#8211; De la dissolution surprise de l&rsquo;Assembl\u00e9e nationale \u00e0 la chute du gouvernement de Michel Barnier \u00e0 la suite d&rsquo;une motion de censure, voici les moments-cl\u00e9s d&rsquo;une p\u00e9riode politique in\u00e9dite sous la Ve R\u00e9publique. &#8211; 9 juin: coup de tonnerre &#8211; Le 9 juin, le Rassemblement national (RN) sort largement en t\u00eate [&hellip;]\" \/>\n<meta property=\"og:url\" content=\"https:\/\/africadailyreport.com\/fr\/2024\/12\/05\/de-la-dissolution-a-la-chute-du-gouvernement-barnier-les-dates-cles-dune-periode-inedite\/\" \/>\n<meta property=\"og:site_name\" content=\"Africa Daily Report\" \/>\n<meta property=\"article:publisher\" content=\"https:\/\/www.facebook.com\/africadailyreport\" \/>\n<meta property=\"article:published_time\" content=\"2024-12-05T12:12:05+00:00\" \/>\n<meta property=\"article:modified_time\" content=\"2024-12-05T12:12:58+00:00\" \/>\n<meta property=\"og:image\" content=\"https:\/\/africadailyreport.com\/wp-content\/uploads\/2024\/12\/AFP__20241204__36PG8PG__v4__HighRes__TopshotFrancePoliticsParliamentGovernment.jpg\" \/>\n\t<meta property=\"og:image:width\" content=\"1\" \/>\n\t<meta property=\"og:image:height\" content=\"1\" \/>\n\t<meta property=\"og:image:type\" content=\"image\/jpeg\" \/>\n<meta name=\"author\" content=\"ADR\/AFP\" \/>\n<meta name=\"twitter:card\" content=\"summary_large_image\" \/>\n<meta name=\"twitter:creator\" content=\"@adr_africa\" \/>\n<meta name=\"twitter:site\" content=\"@adr_africa\" \/>\n<meta name=\"twitter:label1\" content=\"\u00c9crit par\" \/>\n\t<meta name=\"twitter:data1\" content=\"ADR\/AFP\" \/>\n\t<meta name=\"twitter:label2\" content=\"Dur\u00e9e de lecture estim\u00e9e\" \/>\n\t<meta name=\"twitter:data2\" content=\"4 minutes\" \/>\n<script type=\"application\/ld+json\" class=\"yoast-schema-graph\">{\"@context\":\"https:\\\/\\\/schema.org\",\"@graph\":[{\"@type\":\"Article\",\"@id\":\"https:\\\/\\\/africadailyreport.com\\\/fr\\\/2024\\\/12\\\/05\\\/de-la-dissolution-a-la-chute-du-gouvernement-barnier-les-dates-cles-dune-periode-inedite\\\/#article\",\"isPartOf\":{\"@id\":\"https:\\\/\\\/africadailyreport.com\\\/fr\\\/2024\\\/12\\\/05\\\/de-la-dissolution-a-la-chute-du-gouvernement-barnier-les-dates-cles-dune-periode-inedite\\\/\"},\"author\":{\"name\":\"ADR\\\/AFP\",\"@id\":\"https:\\\/\\\/africadailyreport.com\\\/fr\\\/#\\\/schema\\\/person\\\/c44d86d79f5570b3ba4cf70c989843f8\"},\"headline\":\"De la dissolution \u00e0 la chute du gouvernement Barnier: les dates-cl\u00e9s d&rsquo;une p\u00e9riode in\u00e9dite\",\"datePublished\":\"2024-12-05T12:12:05+00:00\",\"dateModified\":\"2024-12-05T12:12:58+00:00\",\"mainEntityOfPage\":{\"@id\":\"https:\\\/\\\/africadailyreport.com\\\/fr\\\/2024\\\/12\\\/05\\\/de-la-dissolution-a-la-chute-du-gouvernement-barnier-les-dates-cles-dune-periode-inedite\\\/\"},\"wordCount\":736,\"commentCount\":0,\"publisher\":{\"@id\":\"https:\\\/\\\/africadailyreport.com\\\/fr\\\/#organization\"},\"image\":{\"@id\":\"https:\\\/\\\/africadailyreport.com\\\/fr\\\/2024\\\/12\\\/05\\\/de-la-dissolution-a-la-chute-du-gouvernement-barnier-les-dates-cles-dune-periode-inedite\\\/#primaryimage\"},\"thumbnailUrl\":\"https:\\\/\\\/i0.wp.com\\\/africadailyreport.com\\\/wp-content\\\/uploads\\\/2024\\\/12\\\/AFP__20241204__36PG8PG__v4__HighRes__TopshotFrancePoliticsParliamentGovernment.jpg?fit=%2C&ssl=1\",\"keywords\":[\"france\",\"Government\",\"legislatives\",\"Michel Barnier\",\"Politics\"],\"articleSection\":[\"Actualit\u00e9s\",\"Politics\",\"WORLD\"],\"inLanguage\":\"fr-FR\",\"potentialAction\":[{\"@type\":\"CommentAction\",\"name\":\"Comment\",\"target\":[\"https:\\\/\\\/africadailyreport.com\\\/fr\\\/2024\\\/12\\\/05\\\/de-la-dissolution-a-la-chute-du-gouvernement-barnier-les-dates-cles-dune-periode-inedite\\\/#respond\"]}],\"copyrightYear\":\"2024\",\"copyrightHolder\":{\"@id\":\"https:\\\/\\\/africadailyreport.com\\\/#organization\"}},{\"@type\":\"WebPage\",\"@id\":\"https:\\\/\\\/africadailyreport.com\\\/fr\\\/2024\\\/12\\\/05\\\/de-la-dissolution-a-la-chute-du-gouvernement-barnier-les-dates-cles-dune-periode-inedite\\\/\",\"url\":\"https:\\\/\\\/africadailyreport.com\\\/fr\\\/2024\\\/12\\\/05\\\/de-la-dissolution-a-la-chute-du-gouvernement-barnier-les-dates-cles-dune-periode-inedite\\\/\",\"name\":\"De la dissolution \u00e0 la chute du gouvernement Barnier: les dates-cl\u00e9s d'une p\u00e9riode in\u00e9dite - Africa Daily Report\",\"isPartOf\":{\"@id\":\"https:\\\/\\\/africadailyreport.com\\\/fr\\\/#website\"},\"primaryImageOfPage\":{\"@id\":\"https:\\\/\\\/africadailyreport.com\\\/fr\\\/2024\\\/12\\\/05\\\/de-la-dissolution-a-la-chute-du-gouvernement-barnier-les-dates-cles-dune-periode-inedite\\\/#primaryimage\"},\"image\":{\"@id\":\"https:\\\/\\\/africadailyreport.com\\\/fr\\\/2024\\\/12\\\/05\\\/de-la-dissolution-a-la-chute-du-gouvernement-barnier-les-dates-cles-dune-periode-inedite\\\/#primaryimage\"},\"thumbnailUrl\":\"https:\\\/\\\/i0.wp.com\\\/africadailyreport.com\\\/wp-content\\\/uploads\\\/2024\\\/12\\\/AFP__20241204__36PG8PG__v4__HighRes__TopshotFrancePoliticsParliamentGovernment.jpg?fit=%2C&ssl=1\",\"datePublished\":\"2024-12-05T12:12:05+00:00\",\"dateModified\":\"2024-12-05T12:12:58+00:00\",\"breadcrumb\":{\"@id\":\"https:\\\/\\\/africadailyreport.com\\\/fr\\\/2024\\\/12\\\/05\\\/de-la-dissolution-a-la-chute-du-gouvernement-barnier-les-dates-cles-dune-periode-inedite\\\/#breadcrumb\"},\"inLanguage\":\"fr-FR\",\"potentialAction\":[{\"@type\":\"ReadAction\",\"target\":[\"https:\\\/\\\/africadailyreport.com\\\/fr\\\/2024\\\/12\\\/05\\\/de-la-dissolution-a-la-chute-du-gouvernement-barnier-les-dates-cles-dune-periode-inedite\\\/\"]}]},{\"@type\":\"ImageObject\",\"inLanguage\":\"fr-FR\",\"@id\":\"https:\\\/\\\/africadailyreport.com\\\/fr\\\/2024\\\/12\\\/05\\\/de-la-dissolution-a-la-chute-du-gouvernement-barnier-les-dates-cles-dune-periode-inedite\\\/#primaryimage\",\"url\":\"https:\\\/\\\/i0.wp.com\\\/africadailyreport.com\\\/wp-content\\\/uploads\\\/2024\\\/12\\\/AFP__20241204__36PG8PG__v4__HighRes__TopshotFrancePoliticsParliamentGovernment.jpg?fit=%2C&ssl=1\",\"contentUrl\":\"https:\\\/\\\/i0.wp.com\\\/africadailyreport.com\\\/wp-content\\\/uploads\\\/2024\\\/12\\\/AFP__20241204__36PG8PG__v4__HighRes__TopshotFrancePoliticsParliamentGovernment.jpg?fit=%2C&ssl=1\",\"caption\":\"French Prime Minister Michel Barnier gestures after the result of the no-confidence vote on his administration at the National Assembly in Paris on December 4, 2024 as French MPs voted to oust his government after just three months in office in a move which deepens a political crisis in the country. - The French National Assembly was voting two motions brought by the French left-wing Nouveau Front Populaire (New Popular Front) NFP coalition and the French far-right Rassemblement National (National Rally) RN party in a standoff over 2025's austerity budget, which saw French Prime Minister force through a social security financing bill without a vote (article 49.3) on December 2, 2024. (Photo by ALAIN JOCARD \\\/ AFP)\"},{\"@type\":\"BreadcrumbList\",\"@id\":\"https:\\\/\\\/africadailyreport.com\\\/fr\\\/2024\\\/12\\\/05\\\/de-la-dissolution-a-la-chute-du-gouvernement-barnier-les-dates-cles-dune-periode-inedite\\\/#breadcrumb\",\"itemListElement\":[{\"@type\":\"ListItem\",\"position\":1,\"name\":\"Home\",\"item\":\"https:\\\/\\\/africadailyreport.com\\\/fr\\\/\"},{\"@type\":\"ListItem\",\"position\":2,\"name\":\"De la dissolution \u00e0 la chute du gouvernement Barnier: les dates-cl\u00e9s d&#8217;une p\u00e9riode in\u00e9dite\"}]},{\"@type\":\"WebSite\",\"@id\":\"https:\\\/\\\/africadailyreport.com\\\/fr\\\/#website\",\"url\":\"https:\\\/\\\/africadailyreport.com\\\/fr\\\/\",\"name\":\"Africa Daily Report\",\"description\":\"\",\"publisher\":{\"@id\":\"https:\\\/\\\/africadailyreport.com\\\/fr\\\/#organization\"},\"potentialAction\":[{\"@type\":\"SearchAction\",\"target\":{\"@type\":\"EntryPoint\",\"urlTemplate\":\"https:\\\/\\\/africadailyreport.com\\\/fr\\\/?s={search_term_string}\"},\"query-input\":{\"@type\":\"PropertyValueSpecification\",\"valueRequired\":true,\"valueName\":\"search_term_string\"}}],\"inLanguage\":\"fr-FR\"},{\"@type\":\"Organization\",\"@id\":\"https:\\\/\\\/africadailyreport.com\\\/fr\\\/#organization\",\"name\":\"Africa Daily Report\",\"url\":\"https:\\\/\\\/africadailyreport.com\\\/fr\\\/\",\"logo\":{\"@type\":\"ImageObject\",\"inLanguage\":\"fr-FR\",\"@id\":\"https:\\\/\\\/africadailyreport.com\\\/fr\\\/#\\\/schema\\\/logo\\\/image\\\/\",\"url\":\"https:\\\/\\\/africadailyreport.com\\\/wp-content\\\/uploads\\\/2024\\\/09\\\/ADR-Transparent-Green-Logo-1.png\",\"contentUrl\":\"https:\\\/\\\/africadailyreport.com\\\/wp-content\\\/uploads\\\/2024\\\/09\\\/ADR-Transparent-Green-Logo-1.png\",\"width\":267,\"height\":185,\"caption\":\"Africa Daily Report\"},\"image\":{\"@id\":\"https:\\\/\\\/africadailyreport.com\\\/fr\\\/#\\\/schema\\\/logo\\\/image\\\/\"},\"sameAs\":[\"https:\\\/\\\/www.facebook.com\\\/africadailyreport\",\"https:\\\/\\\/x.com\\\/adr_africa\",\"https:\\\/\\\/www.youtube.com\\\/@africadailyreport\",\"https:\\\/\\\/instagram.com\\\/africadailyreport\"]},{\"@type\":\"Person\",\"@id\":\"https:\\\/\\\/africadailyreport.com\\\/fr\\\/#\\\/schema\\\/person\\\/c44d86d79f5570b3ba4cf70c989843f8\",\"name\":\"ADR\\\/AFP\",\"image\":{\"@type\":\"ImageObject\",\"inLanguage\":\"fr-FR\",\"@id\":\"https:\\\/\\\/secure.gravatar.com\\\/avatar\\\/2fbdc3782aa386b408fd9a36f0bc78ee569c94a7a05670cab3a1d72916408214?s=96&d=mm&r=g\",\"url\":\"https:\\\/\\\/secure.gravatar.com\\\/avatar\\\/2fbdc3782aa386b408fd9a36f0bc78ee569c94a7a05670cab3a1d72916408214?s=96&d=mm&r=g\",\"contentUrl\":\"https:\\\/\\\/secure.gravatar.com\\\/avatar\\\/2fbdc3782aa386b408fd9a36f0bc78ee569c94a7a05670cab3a1d72916408214?s=96&d=mm&r=g\",\"caption\":\"ADR\\\/AFP\"},\"sameAs\":[\"http:\\\/\\\/africadailyreport.com\"],\"url\":\"https:\\\/\\\/africadailyreport.com\\\/fr\\\/author\\\/both\\\/\"}]}<\/script>\n<!-- \/ Yoast SEO Premium plugin. -->","yoast_head_json":{"title":"De la dissolution \u00e0 la chute du gouvernement Barnier: les dates-cl\u00e9s d'une p\u00e9riode in\u00e9dite - Africa Daily Report","robots":{"index":"index","follow":"follow","max-snippet":"max-snippet:-1","max-image-preview":"max-image-preview:large","max-video-preview":"max-video-preview:-1"},"canonical":"https:\/\/africadailyreport.com\/fr\/2024\/12\/05\/de-la-dissolution-a-la-chute-du-gouvernement-barnier-les-dates-cles-dune-periode-inedite\/","og_locale":"fr_FR","og_type":"article","og_title":"De la dissolution \u00e0 la chute du gouvernement Barnier: les dates-cl\u00e9s d'une p\u00e9riode in\u00e9dite","og_description":"Paris,\u00a0France &#8211; (AFP) &#8211; De la dissolution surprise de l&rsquo;Assembl\u00e9e nationale \u00e0 la chute du gouvernement de Michel Barnier \u00e0 la suite d&rsquo;une motion de censure, voici les moments-cl\u00e9s d&rsquo;une p\u00e9riode politique in\u00e9dite sous la Ve R\u00e9publique. &#8211; 9 juin: coup de tonnerre &#8211; Le 9 juin, le Rassemblement national (RN) sort largement en t\u00eate [&hellip;]","og_url":"https:\/\/africadailyreport.com\/fr\/2024\/12\/05\/de-la-dissolution-a-la-chute-du-gouvernement-barnier-les-dates-cles-dune-periode-inedite\/","og_site_name":"Africa Daily Report","article_publisher":"https:\/\/www.facebook.com\/africadailyreport","article_published_time":"2024-12-05T12:12:05+00:00","article_modified_time":"2024-12-05T12:12:58+00:00","og_image":[{"url":"https:\/\/africadailyreport.com\/wp-content\/uploads\/2024\/12\/AFP__20241204__36PG8PG__v4__HighRes__TopshotFrancePoliticsParliamentGovernment.jpg","width":1,"height":1,"type":"image\/jpeg"}],"author":"ADR\/AFP","twitter_card":"summary_large_image","twitter_creator":"@adr_africa","twitter_site":"@adr_africa","twitter_misc":{"\u00c9crit par":"ADR\/AFP","Dur\u00e9e de lecture estim\u00e9e":"4 minutes"},"schema":{"@context":"https:\/\/schema.org","@graph":[{"@type":"Article","@id":"https:\/\/africadailyreport.com\/fr\/2024\/12\/05\/de-la-dissolution-a-la-chute-du-gouvernement-barnier-les-dates-cles-dune-periode-inedite\/#article","isPartOf":{"@id":"https:\/\/africadailyreport.com\/fr\/2024\/12\/05\/de-la-dissolution-a-la-chute-du-gouvernement-barnier-les-dates-cles-dune-periode-inedite\/"},"author":{"name":"ADR\/AFP","@id":"https:\/\/africadailyreport.com\/fr\/#\/schema\/person\/c44d86d79f5570b3ba4cf70c989843f8"},"headline":"De la dissolution \u00e0 la chute du gouvernement Barnier: les dates-cl\u00e9s d&rsquo;une p\u00e9riode in\u00e9dite","datePublished":"2024-12-05T12:12:05+00:00","dateModified":"2024-12-05T12:12:58+00:00","mainEntityOfPage":{"@id":"https:\/\/africadailyreport.com\/fr\/2024\/12\/05\/de-la-dissolution-a-la-chute-du-gouvernement-barnier-les-dates-cles-dune-periode-inedite\/"},"wordCount":736,"commentCount":0,"publisher":{"@id":"https:\/\/africadailyreport.com\/fr\/#organization"},"image":{"@id":"https:\/\/africadailyreport.com\/fr\/2024\/12\/05\/de-la-dissolution-a-la-chute-du-gouvernement-barnier-les-dates-cles-dune-periode-inedite\/#primaryimage"},"thumbnailUrl":"https:\/\/i0.wp.com\/africadailyreport.com\/wp-content\/uploads\/2024\/12\/AFP__20241204__36PG8PG__v4__HighRes__TopshotFrancePoliticsParliamentGovernment.jpg?fit=%2C&ssl=1","keywords":["france","Government","legislatives","Michel Barnier","Politics"],"articleSection":["Actualit\u00e9s","Politics","WORLD"],"inLanguage":"fr-FR","potentialAction":[{"@type":"CommentAction","name":"Comment","target":["https:\/\/africadailyreport.com\/fr\/2024\/12\/05\/de-la-dissolution-a-la-chute-du-gouvernement-barnier-les-dates-cles-dune-periode-inedite\/#respond"]}],"copyrightYear":"2024","copyrightHolder":{"@id":"https:\/\/africadailyreport.com\/#organization"}},{"@type":"WebPage","@id":"https:\/\/africadailyreport.com\/fr\/2024\/12\/05\/de-la-dissolution-a-la-chute-du-gouvernement-barnier-les-dates-cles-dune-periode-inedite\/","url":"https:\/\/africadailyreport.com\/fr\/2024\/12\/05\/de-la-dissolution-a-la-chute-du-gouvernement-barnier-les-dates-cles-dune-periode-inedite\/","name":"De la dissolution \u00e0 la chute du gouvernement Barnier: les dates-cl\u00e9s d'une p\u00e9riode in\u00e9dite - Africa Daily Report","isPartOf":{"@id":"https:\/\/africadailyreport.com\/fr\/#website"},"primaryImageOfPage":{"@id":"https:\/\/africadailyreport.com\/fr\/2024\/12\/05\/de-la-dissolution-a-la-chute-du-gouvernement-barnier-les-dates-cles-dune-periode-inedite\/#primaryimage"},"image":{"@id":"https:\/\/africadailyreport.com\/fr\/2024\/12\/05\/de-la-dissolution-a-la-chute-du-gouvernement-barnier-les-dates-cles-dune-periode-inedite\/#primaryimage"},"thumbnailUrl":"https:\/\/i0.wp.com\/africadailyreport.com\/wp-content\/uploads\/2024\/12\/AFP__20241204__36PG8PG__v4__HighRes__TopshotFrancePoliticsParliamentGovernment.jpg?fit=%2C&ssl=1","datePublished":"2024-12-05T12:12:05+00:00","dateModified":"2024-12-05T12:12:58+00:00","breadcrumb":{"@id":"https:\/\/africadailyreport.com\/fr\/2024\/12\/05\/de-la-dissolution-a-la-chute-du-gouvernement-barnier-les-dates-cles-dune-periode-inedite\/#breadcrumb"},"inLanguage":"fr-FR","potentialAction":[{"@type":"ReadAction","target":["https:\/\/africadailyreport.com\/fr\/2024\/12\/05\/de-la-dissolution-a-la-chute-du-gouvernement-barnier-les-dates-cles-dune-periode-inedite\/"]}]},{"@type":"ImageObject","inLanguage":"fr-FR","@id":"https:\/\/africadailyreport.com\/fr\/2024\/12\/05\/de-la-dissolution-a-la-chute-du-gouvernement-barnier-les-dates-cles-dune-periode-inedite\/#primaryimage","url":"https:\/\/i0.wp.com\/africadailyreport.com\/wp-content\/uploads\/2024\/12\/AFP__20241204__36PG8PG__v4__HighRes__TopshotFrancePoliticsParliamentGovernment.jpg?fit=%2C&ssl=1","contentUrl":"https:\/\/i0.wp.com\/africadailyreport.com\/wp-content\/uploads\/2024\/12\/AFP__20241204__36PG8PG__v4__HighRes__TopshotFrancePoliticsParliamentGovernment.jpg?fit=%2C&ssl=1","caption":"French Prime Minister Michel Barnier gestures after the result of the no-confidence vote on his administration at the National Assembly in Paris on December 4, 2024 as French MPs voted to oust his government after just three months in office in a move which deepens a political crisis in the country. - The French National Assembly was voting two motions brought by the French left-wing Nouveau Front Populaire (New Popular Front) NFP coalition and the French far-right Rassemblement National (National Rally) RN party in a standoff over 2025's austerity budget, which saw French Prime Minister force through a social security financing bill without a vote (article 49.3) on December 2, 2024. (Photo by ALAIN JOCARD \/ AFP)"},{"@type":"BreadcrumbList","@id":"https:\/\/africadailyreport.com\/fr\/2024\/12\/05\/de-la-dissolution-a-la-chute-du-gouvernement-barnier-les-dates-cles-dune-periode-inedite\/#breadcrumb","itemListElement":[{"@type":"ListItem","position":1,"name":"Home","item":"https:\/\/africadailyreport.com\/fr\/"},{"@type":"ListItem","position":2,"name":"De la dissolution \u00e0 la chute du gouvernement Barnier: les dates-cl\u00e9s d&#8217;une p\u00e9riode in\u00e9dite"}]},{"@type":"WebSite","@id":"https:\/\/africadailyreport.com\/fr\/#website","url":"https:\/\/africadailyreport.com\/fr\/","name":"Africa Daily Report","description":"","publisher":{"@id":"https:\/\/africadailyreport.com\/fr\/#organization"},"potentialAction":[{"@type":"SearchAction","target":{"@type":"EntryPoint","urlTemplate":"https:\/\/africadailyreport.com\/fr\/?s={search_term_string}"},"query-input":{"@type":"PropertyValueSpecification","valueRequired":true,"valueName":"search_term_string"}}],"inLanguage":"fr-FR"},{"@type":"Organization","@id":"https:\/\/africadailyreport.com\/fr\/#organization","name":"Africa Daily Report","url":"https:\/\/africadailyreport.com\/fr\/","logo":{"@type":"ImageObject","inLanguage":"fr-FR","@id":"https:\/\/africadailyreport.com\/fr\/#\/schema\/logo\/image\/","url":"https:\/\/africadailyreport.com\/wp-content\/uploads\/2024\/09\/ADR-Transparent-Green-Logo-1.png","contentUrl":"https:\/\/africadailyreport.com\/wp-content\/uploads\/2024\/09\/ADR-Transparent-Green-Logo-1.png","width":267,"height":185,"caption":"Africa Daily Report"},"image":{"@id":"https:\/\/africadailyreport.com\/fr\/#\/schema\/logo\/image\/"},"sameAs":["https:\/\/www.facebook.com\/africadailyreport","https:\/\/x.com\/adr_africa","https:\/\/www.youtube.com\/@africadailyreport","https:\/\/instagram.com\/africadailyreport"]},{"@type":"Person","@id":"https:\/\/africadailyreport.com\/fr\/#\/schema\/person\/c44d86d79f5570b3ba4cf70c989843f8","name":"ADR\/AFP","image":{"@type":"ImageObject","inLanguage":"fr-FR","@id":"https:\/\/secure.gravatar.com\/avatar\/2fbdc3782aa386b408fd9a36f0bc78ee569c94a7a05670cab3a1d72916408214?s=96&d=mm&r=g","url":"https:\/\/secure.gravatar.com\/avatar\/2fbdc3782aa386b408fd9a36f0bc78ee569c94a7a05670cab3a1d72916408214?s=96&d=mm&r=g","contentUrl":"https:\/\/secure.gravatar.com\/avatar\/2fbdc3782aa386b408fd9a36f0bc78ee569c94a7a05670cab3a1d72916408214?s=96&d=mm&r=g","caption":"ADR\/AFP"},"sameAs":["http:\/\/africadailyreport.com"],"url":"https:\/\/africadailyreport.com\/fr\/author\/both\/"}]}},"jetpack_featured_media_url":"https:\/\/i0.wp.com\/africadailyreport.com\/wp-content\/uploads\/2024\/12\/AFP__20241204__36PG8PG__v4__HighRes__TopshotFrancePoliticsParliamentGovernment.jpg?fit=%2C&ssl=1","jetpack_sharing_enabled":true,"amp_enabled":true,"_links":{"self":[{"href":"https:\/\/africadailyreport.com\/fr\/wp-json\/wp\/v2\/posts\/15086","targetHints":{"allow":["GET"]}}],"collection":[{"href":"https:\/\/africadailyreport.com\/fr\/wp-json\/wp\/v2\/posts"}],"about":[{"href":"https:\/\/africadailyreport.com\/fr\/wp-json\/wp\/v2\/types\/post"}],"author":[{"embeddable":true,"href":"https:\/\/africadailyreport.com\/fr\/wp-json\/wp\/v2\/users\/10"}],"replies":[{"embeddable":true,"href":"https:\/\/africadailyreport.com\/fr\/wp-json\/wp\/v2\/comments?post=15086"}],"version-history":[{"count":1,"href":"https:\/\/africadailyreport.com\/fr\/wp-json\/wp\/v2\/posts\/15086\/revisions"}],"predecessor-version":[{"id":15088,"href":"https:\/\/africadailyreport.com\/fr\/wp-json\/wp\/v2\/posts\/15086\/revisions\/15088"}],"wp:featuredmedia":[{"embeddable":true,"href":"https:\/\/africadailyreport.com\/fr\/wp-json\/wp\/v2\/media\/15084"}],"wp:attachment":[{"href":"https:\/\/africadailyreport.com\/fr\/wp-json\/wp\/v2\/media?parent=15086"}],"wp:term":[{"taxonomy":"category","embeddable":true,"href":"https:\/\/africadailyreport.com\/fr\/wp-json\/wp\/v2\/categories?post=15086"},{"taxonomy":"post_tag","embeddable":true,"href":"https:\/\/africadailyreport.com\/fr\/wp-json\/wp\/v2\/tags?post=15086"},{"taxonomy":"adr_country","embeddable":true,"href":"https:\/\/africadailyreport.com\/fr\/wp-json\/wp\/v2\/adr_country?post=15086"}],"curies":[{"name":"wp","href":"https:\/\/api.w.org\/{rel}","templated":true}]}}