{"id":15077,"date":"2024-12-04T21:14:37","date_gmt":"2024-12-04T21:14:37","guid":{"rendered":"https:\/\/africadailyreport.com\/2024\/12\/04\/rebels-kill-9-civilians-in-east-dr-congo\/"},"modified":"2024-12-04T21:19:54","modified_gmt":"2024-12-04T21:19:54","slug":"rebels-kill-9-civilians-in-east-dr-congo","status":"publish","type":"post","link":"https:\/\/africadailyreport.com\/fr\/2024\/12\/04\/rebels-kill-9-civilians-in-east-dr-congo\/","title":{"rendered":"Est de la RDC: au moins neuf civils tu\u00e9s dans une attaque des rebelles ADF"},"content":{"rendered":"\n<figure class=\"wp-block-image size-full\"><img data-recalc-dims=\"1\" loading=\"lazy\" decoding=\"async\" width=\"696\" height=\"933\" src=\"https:\/\/i0.wp.com\/africadailyreport.com\/wp-content\/uploads\/2024\/12\/Democratic-Republic-Of-Congo-Flag.jpg?resize=696%2C933&#038;ssl=1\" alt=\"\" class=\"wp-image-15072\" srcset=\"https:\/\/i0.wp.com\/africadailyreport.com\/wp-content\/uploads\/2024\/12\/Democratic-Republic-Of-Congo-Flag.jpg?w=716&amp;ssl=1 716w, https:\/\/i0.wp.com\/africadailyreport.com\/wp-content\/uploads\/2024\/12\/Democratic-Republic-Of-Congo-Flag.jpg?resize=224%2C300&amp;ssl=1 224w, https:\/\/i0.wp.com\/africadailyreport.com\/wp-content\/uploads\/2024\/12\/Democratic-Republic-Of-Congo-Flag.jpg?resize=313%2C420&amp;ssl=1 313w, https:\/\/i0.wp.com\/africadailyreport.com\/wp-content\/uploads\/2024\/12\/Democratic-Republic-Of-Congo-Flag.jpg?resize=150%2C201&amp;ssl=1 150w, https:\/\/i0.wp.com\/africadailyreport.com\/wp-content\/uploads\/2024\/12\/Democratic-Republic-Of-Congo-Flag.jpg?resize=300%2C402&amp;ssl=1 300w, https:\/\/i0.wp.com\/africadailyreport.com\/wp-content\/uploads\/2024\/12\/Democratic-Republic-Of-Congo-Flag.jpg?resize=696%2C933&amp;ssl=1 696w\" sizes=\"auto, (max-width: 696px) 100vw, 696px\" \/><\/figure>\n\n\n\n<h2 class=\"wp-block-heading\" id=\"h-\"><\/h2>\n\n\n\n<p>Beni,\u00a0RD Congo<\/p>\n\n\n\n<p>Au moins neuf civils ont \u00e9t\u00e9 tu\u00e9s par des rebelles ADF (Forces d\u00e9mocratiques alli\u00e9es) dans le nord-est de la R\u00e9publique d\u00e9mocratique du Congo, deux jours apr\u00e8s une autre tuerie commise par ce groupe arm\u00e9 affili\u00e9 au groupe \u00c9tat islamique (EI), a appris l&rsquo;AFP mercredi de sources locales.<\/p>\n\n\n\n<p>Cette attaque a eu lieu mardi vers 19h00 locales dans la localit\u00e9 de Tenambo, situ\u00e9e \u00e0 environ 25 kilom\u00e8tres au nord de la ville de Beni, dans la province du Nord-Kivu, une zone r\u00e9guli\u00e8rement endeuill\u00e9e par les tueries des ADF, selon les autorit\u00e9s locales.<\/p>\n\n\n\n<p>\u00ab\u00a0Nous d\u00e9plorons la mort de neuf civils tu\u00e9s, cinq bless\u00e9s, 15 maisons incendi\u00e9es\u00a0\u00bb, a d\u00e9clar\u00e9 \u00e0 l&rsquo;AFP le colonel Michel Mbala, commandant de la police du territoire de Beni. Un bilan confirm\u00e9 par plusieurs sources locales et qui pourrait s&rsquo;alourdir, selon elles.<\/p>\n\n\n\n<p>A l&rsquo;origine des rebelles ougandais majoritairement musulmans, les ADF sont implant\u00e9s depuis le milieu des ann\u00e9es 1990 dans le nord-est de la R\u00e9publique d\u00e9mocratique du Congo (RDC), o\u00f9 ils ont tu\u00e9 des milliers de civils et multiplient les exactions.<\/p>\n\n\n\n<p>Ils ont pr\u00eat\u00e9 all\u00e9geance en 2019 \u00e0 l&rsquo;Etat islamique, qui les pr\u00e9sente comme sa \u00ab\u00a0province d&rsquo;Afrique centrale\u00a0\u00bb (Iscap) et revendique certaines de leurs attaques.<\/p>\n\n\n\n<p>\u00ab\u00a0Vu le mode op\u00e9ratoire, la fa\u00e7on dont ils ont incendi\u00e9 les maisons et \u00e9gorg\u00e9 notre population, nous assimilons directement cette incursion aux ADF\u00a0\u00bb, a indiqu\u00e9 \u00e0 l&rsquo;AFP Isaac Kavalami, pr\u00e9sident de la soci\u00e9t\u00e9 civile d&rsquo;Oicha, l&rsquo;agglom\u00e9ration qui englobe la localit\u00e9 vis\u00e9e par l&rsquo;attaque.<\/p>\n\n\n\n<p>Des groupes criminels r\u00e9pliquent parfois le mode op\u00e9ratoire des ADF pour maquiller leurs forfaits, mais la police ainsi que le maire d&rsquo;Oicha ont assur\u00e9 \u00e0 l&rsquo;AFP que ces rebelles \u00e9taient bien impliqu\u00e9s dans l&rsquo;attaque de mardi.<\/p>\n\n\n\n<p>Dimanche, les ADF avaient d\u00e9j\u00e0 tu\u00e9 14 civils \u00e0 Kambi Ya Miba, un village situ\u00e9 \u00e0 quelques dizaines de kilom\u00e8tres d&rsquo;Oicha, selon des sources locales.<\/p>\n\n\n\n<p>Fin 2021, Kampala et Kinshasa ont lanc\u00e9 une op\u00e9ration militaire conjointe contre les ADF, baptis\u00e9e \u00ab\u00a0Shujaa\u00a0\u00bb, sans parvenir jusqu&rsquo;\u00e0 pr\u00e9sent \u00e0 mettre fin \u00e0 leurs exactions.<\/p>\n\n\n\n<p>Les op\u00e9rations ont repouss\u00e9 ces rebelles dans des zones difficiles d&rsquo;acc\u00e8s, o\u00f9 les civils se trouvent souvent \u00e0 la merci de ce groupe aux m\u00e9thodes particuli\u00e8rement violentes et au fonctionnement m\u00e9connu.<\/p>\n\n\n\n<p>\u00a9 Agence France-Presse<\/p>\n\n\n\n<p><\/p>\n","protected":false},"excerpt":{"rendered":"<p>Beni,\u00a0RD Congo Au moins neuf civils ont \u00e9t\u00e9 tu\u00e9s par des rebelles ADF (Forces d\u00e9mocratiques alli\u00e9es) dans le nord-est de la R\u00e9publique d\u00e9mocratique du Congo, deux jours apr\u00e8s une autre tuerie commise par ce groupe arm\u00e9 affili\u00e9 au groupe \u00c9tat islamique (EI), a appris l&rsquo;AFP mercredi de sources locales. Cette attaque a eu lieu mardi [&hellip;]<\/p>\n","protected":false},"author":10,"featured_media":15073,"comment_status":"open","ping_status":"open","sticky":false,"template":"","format":"standard","meta":{"_acf_changed":false,"om_disable_all_campaigns":false,"_monsterinsights_skip_tracking":false,"_monsterinsights_sitenote_active":false,"_monsterinsights_sitenote_note":"","_monsterinsights_sitenote_category":0,"tdm_status":"","tdm_grid_status":"","_jetpack_newsletter_access":"","_jetpack_dont_email_post_to_subs":false,"_jetpack_newsletter_tier_id":0,"_jetpack_memberships_contains_paywalled_content":false,"_jetpack_memberships_contains_paid_content":false,"footnotes":""},"categories":[837],"tags":[808,1126,1223,691],"adr_country":[1099,1089],"class_list":{"0":"post-15077","1":"post","2":"type-post","3":"status-publish","4":"format-standard","5":"has-post-thumbnail","7":"category-afrique-fr","8":"tag-conflit-fr","9":"tag-drc-fr","10":"tag-droits-humains-2","11":"tag-rd-congo-2","12":"adr_country-afrique","13":"adr_country-d-r-congo"},"acf":{"post_version":""},"yoast_head":"<!-- This site is optimized with the Yoast SEO Premium plugin v26.0 (Yoast SEO v27.4) - https:\/\/yoast.com\/product\/yoast-seo-premium-wordpress\/ -->\n<title>Est de la RDC: au moins neuf civils tu\u00e9s dans une attaque des rebelles ADF - Africa Daily Report<\/title>\n<meta name=\"robots\" content=\"index, follow, max-snippet:-1, max-image-preview:large, max-video-preview:-1\" \/>\n<link rel=\"canonical\" href=\"https:\/\/africadailyreport.com\/fr\/2024\/12\/04\/rebels-kill-9-civilians-in-east-dr-congo\/\" \/>\n<meta property=\"og:locale\" content=\"fr_FR\" \/>\n<meta property=\"og:type\" content=\"article\" \/>\n<meta property=\"og:title\" content=\"Est de la RDC: au moins neuf civils tu\u00e9s dans une attaque des rebelles ADF\" \/>\n<meta property=\"og:description\" content=\"Beni,\u00a0RD Congo Au moins neuf civils ont \u00e9t\u00e9 tu\u00e9s par des rebelles ADF (Forces d\u00e9mocratiques alli\u00e9es) dans le nord-est de la R\u00e9publique d\u00e9mocratique du Congo, deux jours apr\u00e8s une autre tuerie commise par ce groupe arm\u00e9 affili\u00e9 au groupe \u00c9tat islamique (EI), a appris l&rsquo;AFP mercredi de sources locales. Cette attaque a eu lieu mardi [&hellip;]\" \/>\n<meta property=\"og:url\" content=\"https:\/\/africadailyreport.com\/fr\/2024\/12\/04\/rebels-kill-9-civilians-in-east-dr-congo\/\" \/>\n<meta property=\"og:site_name\" content=\"Africa Daily Report\" \/>\n<meta property=\"article:publisher\" content=\"https:\/\/www.facebook.com\/africadailyreport\" \/>\n<meta property=\"article:published_time\" content=\"2024-12-04T21:14:37+00:00\" \/>\n<meta property=\"article:modified_time\" content=\"2024-12-04T21:19:54+00:00\" \/>\n<meta property=\"og:image\" content=\"https:\/\/africadailyreport.com\/wp-content\/uploads\/2024\/12\/Democratic-Republic-Of-Congo-Flag.jpg\" \/>\n\t<meta property=\"og:image:width\" content=\"716\" \/>\n\t<meta property=\"og:image:height\" content=\"960\" \/>\n\t<meta property=\"og:image:type\" content=\"image\/jpeg\" \/>\n<meta name=\"author\" content=\"ADR\/AFP\" \/>\n<meta name=\"twitter:card\" content=\"summary_large_image\" \/>\n<meta name=\"twitter:creator\" content=\"@adr_africa\" \/>\n<meta name=\"twitter:site\" content=\"@adr_africa\" \/>\n<meta name=\"twitter:label1\" content=\"\u00c9crit par\" \/>\n\t<meta name=\"twitter:data1\" content=\"ADR\/AFP\" \/>\n\t<meta name=\"twitter:label2\" content=\"Dur\u00e9e de lecture estim\u00e9e\" \/>\n\t<meta name=\"twitter:data2\" content=\"2 minutes\" \/>\n<script type=\"application\/ld+json\" class=\"yoast-schema-graph\">{\"@context\":\"https:\\\/\\\/schema.org\",\"@graph\":[{\"@type\":\"Article\",\"@id\":\"https:\\\/\\\/africadailyreport.com\\\/fr\\\/2024\\\/12\\\/04\\\/rebels-kill-9-civilians-in-east-dr-congo\\\/#article\",\"isPartOf\":{\"@id\":\"https:\\\/\\\/africadailyreport.com\\\/fr\\\/2024\\\/12\\\/04\\\/rebels-kill-9-civilians-in-east-dr-congo\\\/\"},\"author\":{\"name\":\"ADR\\\/AFP\",\"@id\":\"https:\\\/\\\/africadailyreport.com\\\/fr\\\/#\\\/schema\\\/person\\\/c44d86d79f5570b3ba4cf70c989843f8\"},\"headline\":\"Est de la RDC: au moins neuf civils tu\u00e9s dans une attaque des rebelles ADF\",\"datePublished\":\"2024-12-04T21:14:37+00:00\",\"dateModified\":\"2024-12-04T21:19:54+00:00\",\"mainEntityOfPage\":{\"@id\":\"https:\\\/\\\/africadailyreport.com\\\/fr\\\/2024\\\/12\\\/04\\\/rebels-kill-9-civilians-in-east-dr-congo\\\/\"},\"wordCount\":420,\"commentCount\":0,\"publisher\":{\"@id\":\"https:\\\/\\\/africadailyreport.com\\\/fr\\\/#organization\"},\"image\":{\"@id\":\"https:\\\/\\\/africadailyreport.com\\\/fr\\\/2024\\\/12\\\/04\\\/rebels-kill-9-civilians-in-east-dr-congo\\\/#primaryimage\"},\"thumbnailUrl\":\"https:\\\/\\\/i0.wp.com\\\/africadailyreport.com\\\/wp-content\\\/uploads\\\/2024\\\/12\\\/Democratic-Republic-Of-Congo-Flag.jpg?fit=716%2C960&ssl=1\",\"keywords\":[\"conflit\",\"DRC\",\"droits humains\",\"rd congo\"],\"articleSection\":[\"AFRIQUE\"],\"inLanguage\":\"fr-FR\",\"potentialAction\":[{\"@type\":\"CommentAction\",\"name\":\"Comment\",\"target\":[\"https:\\\/\\\/africadailyreport.com\\\/fr\\\/2024\\\/12\\\/04\\\/rebels-kill-9-civilians-in-east-dr-congo\\\/#respond\"]}],\"copyrightYear\":\"2024\",\"copyrightHolder\":{\"@id\":\"https:\\\/\\\/africadailyreport.com\\\/#organization\"}},{\"@type\":\"WebPage\",\"@id\":\"https:\\\/\\\/africadailyreport.com\\\/fr\\\/2024\\\/12\\\/04\\\/rebels-kill-9-civilians-in-east-dr-congo\\\/\",\"url\":\"https:\\\/\\\/africadailyreport.com\\\/fr\\\/2024\\\/12\\\/04\\\/rebels-kill-9-civilians-in-east-dr-congo\\\/\",\"name\":\"Est de la RDC: au moins neuf civils tu\u00e9s dans une attaque des rebelles ADF - Africa Daily Report\",\"isPartOf\":{\"@id\":\"https:\\\/\\\/africadailyreport.com\\\/fr\\\/#website\"},\"primaryImageOfPage\":{\"@id\":\"https:\\\/\\\/africadailyreport.com\\\/fr\\\/2024\\\/12\\\/04\\\/rebels-kill-9-civilians-in-east-dr-congo\\\/#primaryimage\"},\"image\":{\"@id\":\"https:\\\/\\\/africadailyreport.com\\\/fr\\\/2024\\\/12\\\/04\\\/rebels-kill-9-civilians-in-east-dr-congo\\\/#primaryimage\"},\"thumbnailUrl\":\"https:\\\/\\\/i0.wp.com\\\/africadailyreport.com\\\/wp-content\\\/uploads\\\/2024\\\/12\\\/Democratic-Republic-Of-Congo-Flag.jpg?fit=716%2C960&ssl=1\",\"datePublished\":\"2024-12-04T21:14:37+00:00\",\"dateModified\":\"2024-12-04T21:19:54+00:00\",\"breadcrumb\":{\"@id\":\"https:\\\/\\\/africadailyreport.com\\\/fr\\\/2024\\\/12\\\/04\\\/rebels-kill-9-civilians-in-east-dr-congo\\\/#breadcrumb\"},\"inLanguage\":\"fr-FR\",\"potentialAction\":[{\"@type\":\"ReadAction\",\"target\":[\"https:\\\/\\\/africadailyreport.com\\\/fr\\\/2024\\\/12\\\/04\\\/rebels-kill-9-civilians-in-east-dr-congo\\\/\"]}]},{\"@type\":\"ImageObject\",\"inLanguage\":\"fr-FR\",\"@id\":\"https:\\\/\\\/africadailyreport.com\\\/fr\\\/2024\\\/12\\\/04\\\/rebels-kill-9-civilians-in-east-dr-congo\\\/#primaryimage\",\"url\":\"https:\\\/\\\/i0.wp.com\\\/africadailyreport.com\\\/wp-content\\\/uploads\\\/2024\\\/12\\\/Democratic-Republic-Of-Congo-Flag.jpg?fit=716%2C960&ssl=1\",\"contentUrl\":\"https:\\\/\\\/i0.wp.com\\\/africadailyreport.com\\\/wp-content\\\/uploads\\\/2024\\\/12\\\/Democratic-Republic-Of-Congo-Flag.jpg?fit=716%2C960&ssl=1\",\"width\":716,\"height\":960},{\"@type\":\"BreadcrumbList\",\"@id\":\"https:\\\/\\\/africadailyreport.com\\\/fr\\\/2024\\\/12\\\/04\\\/rebels-kill-9-civilians-in-east-dr-congo\\\/#breadcrumb\",\"itemListElement\":[{\"@type\":\"ListItem\",\"position\":1,\"name\":\"Home\",\"item\":\"https:\\\/\\\/africadailyreport.com\\\/fr\\\/\"},{\"@type\":\"ListItem\",\"position\":2,\"name\":\"Est de la RDC: au moins neuf civils tu\u00e9s dans une attaque des rebelles ADF\"}]},{\"@type\":\"WebSite\",\"@id\":\"https:\\\/\\\/africadailyreport.com\\\/fr\\\/#website\",\"url\":\"https:\\\/\\\/africadailyreport.com\\\/fr\\\/\",\"name\":\"Africa Daily Report\",\"description\":\"\",\"publisher\":{\"@id\":\"https:\\\/\\\/africadailyreport.com\\\/fr\\\/#organization\"},\"potentialAction\":[{\"@type\":\"SearchAction\",\"target\":{\"@type\":\"EntryPoint\",\"urlTemplate\":\"https:\\\/\\\/africadailyreport.com\\\/fr\\\/?s={search_term_string}\"},\"query-input\":{\"@type\":\"PropertyValueSpecification\",\"valueRequired\":true,\"valueName\":\"search_term_string\"}}],\"inLanguage\":\"fr-FR\"},{\"@type\":\"Organization\",\"@id\":\"https:\\\/\\\/africadailyreport.com\\\/fr\\\/#organization\",\"name\":\"Africa Daily Report\",\"url\":\"https:\\\/\\\/africadailyreport.com\\\/fr\\\/\",\"logo\":{\"@type\":\"ImageObject\",\"inLanguage\":\"fr-FR\",\"@id\":\"https:\\\/\\\/africadailyreport.com\\\/fr\\\/#\\\/schema\\\/logo\\\/image\\\/\",\"url\":\"https:\\\/\\\/africadailyreport.com\\\/wp-content\\\/uploads\\\/2024\\\/09\\\/ADR-Transparent-Green-Logo-1.png\",\"contentUrl\":\"https:\\\/\\\/africadailyreport.com\\\/wp-content\\\/uploads\\\/2024\\\/09\\\/ADR-Transparent-Green-Logo-1.png\",\"width\":267,\"height\":185,\"caption\":\"Africa Daily Report\"},\"image\":{\"@id\":\"https:\\\/\\\/africadailyreport.com\\\/fr\\\/#\\\/schema\\\/logo\\\/image\\\/\"},\"sameAs\":[\"https:\\\/\\\/www.facebook.com\\\/africadailyreport\",\"https:\\\/\\\/x.com\\\/adr_africa\",\"https:\\\/\\\/www.youtube.com\\\/@africadailyreport\",\"https:\\\/\\\/instagram.com\\\/africadailyreport\"]},{\"@type\":\"Person\",\"@id\":\"https:\\\/\\\/africadailyreport.com\\\/fr\\\/#\\\/schema\\\/person\\\/c44d86d79f5570b3ba4cf70c989843f8\",\"name\":\"ADR\\\/AFP\",\"image\":{\"@type\":\"ImageObject\",\"inLanguage\":\"fr-FR\",\"@id\":\"https:\\\/\\\/secure.gravatar.com\\\/avatar\\\/2fbdc3782aa386b408fd9a36f0bc78ee569c94a7a05670cab3a1d72916408214?s=96&d=mm&r=g\",\"url\":\"https:\\\/\\\/secure.gravatar.com\\\/avatar\\\/2fbdc3782aa386b408fd9a36f0bc78ee569c94a7a05670cab3a1d72916408214?s=96&d=mm&r=g\",\"contentUrl\":\"https:\\\/\\\/secure.gravatar.com\\\/avatar\\\/2fbdc3782aa386b408fd9a36f0bc78ee569c94a7a05670cab3a1d72916408214?s=96&d=mm&r=g\",\"caption\":\"ADR\\\/AFP\"},\"sameAs\":[\"http:\\\/\\\/africadailyreport.com\"],\"url\":\"https:\\\/\\\/africadailyreport.com\\\/fr\\\/author\\\/both\\\/\"}]}<\/script>\n<!-- \/ Yoast SEO Premium plugin. -->","yoast_head_json":{"title":"Est de la RDC: au moins neuf civils tu\u00e9s dans une attaque des rebelles ADF - Africa Daily Report","robots":{"index":"index","follow":"follow","max-snippet":"max-snippet:-1","max-image-preview":"max-image-preview:large","max-video-preview":"max-video-preview:-1"},"canonical":"https:\/\/africadailyreport.com\/fr\/2024\/12\/04\/rebels-kill-9-civilians-in-east-dr-congo\/","og_locale":"fr_FR","og_type":"article","og_title":"Est de la RDC: au moins neuf civils tu\u00e9s dans une attaque des rebelles ADF","og_description":"Beni,\u00a0RD Congo Au moins neuf civils ont \u00e9t\u00e9 tu\u00e9s par des rebelles ADF (Forces d\u00e9mocratiques alli\u00e9es) dans le nord-est de la R\u00e9publique d\u00e9mocratique du Congo, deux jours apr\u00e8s une autre tuerie commise par ce groupe arm\u00e9 affili\u00e9 au groupe \u00c9tat islamique (EI), a appris l&rsquo;AFP mercredi de sources locales. Cette attaque a eu lieu mardi [&hellip;]","og_url":"https:\/\/africadailyreport.com\/fr\/2024\/12\/04\/rebels-kill-9-civilians-in-east-dr-congo\/","og_site_name":"Africa Daily Report","article_publisher":"https:\/\/www.facebook.com\/africadailyreport","article_published_time":"2024-12-04T21:14:37+00:00","article_modified_time":"2024-12-04T21:19:54+00:00","og_image":[{"width":716,"height":960,"url":"https:\/\/africadailyreport.com\/wp-content\/uploads\/2024\/12\/Democratic-Republic-Of-Congo-Flag.jpg","type":"image\/jpeg"}],"author":"ADR\/AFP","twitter_card":"summary_large_image","twitter_creator":"@adr_africa","twitter_site":"@adr_africa","twitter_misc":{"\u00c9crit par":"ADR\/AFP","Dur\u00e9e de lecture estim\u00e9e":"2 minutes"},"schema":{"@context":"https:\/\/schema.org","@graph":[{"@type":"Article","@id":"https:\/\/africadailyreport.com\/fr\/2024\/12\/04\/rebels-kill-9-civilians-in-east-dr-congo\/#article","isPartOf":{"@id":"https:\/\/africadailyreport.com\/fr\/2024\/12\/04\/rebels-kill-9-civilians-in-east-dr-congo\/"},"author":{"name":"ADR\/AFP","@id":"https:\/\/africadailyreport.com\/fr\/#\/schema\/person\/c44d86d79f5570b3ba4cf70c989843f8"},"headline":"Est de la RDC: au moins neuf civils tu\u00e9s dans une attaque des rebelles ADF","datePublished":"2024-12-04T21:14:37+00:00","dateModified":"2024-12-04T21:19:54+00:00","mainEntityOfPage":{"@id":"https:\/\/africadailyreport.com\/fr\/2024\/12\/04\/rebels-kill-9-civilians-in-east-dr-congo\/"},"wordCount":420,"commentCount":0,"publisher":{"@id":"https:\/\/africadailyreport.com\/fr\/#organization"},"image":{"@id":"https:\/\/africadailyreport.com\/fr\/2024\/12\/04\/rebels-kill-9-civilians-in-east-dr-congo\/#primaryimage"},"thumbnailUrl":"https:\/\/i0.wp.com\/africadailyreport.com\/wp-content\/uploads\/2024\/12\/Democratic-Republic-Of-Congo-Flag.jpg?fit=716%2C960&ssl=1","keywords":["conflit","DRC","droits humains","rd congo"],"articleSection":["AFRIQUE"],"inLanguage":"fr-FR","potentialAction":[{"@type":"CommentAction","name":"Comment","target":["https:\/\/africadailyreport.com\/fr\/2024\/12\/04\/rebels-kill-9-civilians-in-east-dr-congo\/#respond"]}],"copyrightYear":"2024","copyrightHolder":{"@id":"https:\/\/africadailyreport.com\/#organization"}},{"@type":"WebPage","@id":"https:\/\/africadailyreport.com\/fr\/2024\/12\/04\/rebels-kill-9-civilians-in-east-dr-congo\/","url":"https:\/\/africadailyreport.com\/fr\/2024\/12\/04\/rebels-kill-9-civilians-in-east-dr-congo\/","name":"Est de la RDC: au moins neuf civils tu\u00e9s dans une attaque des rebelles ADF - Africa Daily Report","isPartOf":{"@id":"https:\/\/africadailyreport.com\/fr\/#website"},"primaryImageOfPage":{"@id":"https:\/\/africadailyreport.com\/fr\/2024\/12\/04\/rebels-kill-9-civilians-in-east-dr-congo\/#primaryimage"},"image":{"@id":"https:\/\/africadailyreport.com\/fr\/2024\/12\/04\/rebels-kill-9-civilians-in-east-dr-congo\/#primaryimage"},"thumbnailUrl":"https:\/\/i0.wp.com\/africadailyreport.com\/wp-content\/uploads\/2024\/12\/Democratic-Republic-Of-Congo-Flag.jpg?fit=716%2C960&ssl=1","datePublished":"2024-12-04T21:14:37+00:00","dateModified":"2024-12-04T21:19:54+00:00","breadcrumb":{"@id":"https:\/\/africadailyreport.com\/fr\/2024\/12\/04\/rebels-kill-9-civilians-in-east-dr-congo\/#breadcrumb"},"inLanguage":"fr-FR","potentialAction":[{"@type":"ReadAction","target":["https:\/\/africadailyreport.com\/fr\/2024\/12\/04\/rebels-kill-9-civilians-in-east-dr-congo\/"]}]},{"@type":"ImageObject","inLanguage":"fr-FR","@id":"https:\/\/africadailyreport.com\/fr\/2024\/12\/04\/rebels-kill-9-civilians-in-east-dr-congo\/#primaryimage","url":"https:\/\/i0.wp.com\/africadailyreport.com\/wp-content\/uploads\/2024\/12\/Democratic-Republic-Of-Congo-Flag.jpg?fit=716%2C960&ssl=1","contentUrl":"https:\/\/i0.wp.com\/africadailyreport.com\/wp-content\/uploads\/2024\/12\/Democratic-Republic-Of-Congo-Flag.jpg?fit=716%2C960&ssl=1","width":716,"height":960},{"@type":"BreadcrumbList","@id":"https:\/\/africadailyreport.com\/fr\/2024\/12\/04\/rebels-kill-9-civilians-in-east-dr-congo\/#breadcrumb","itemListElement":[{"@type":"ListItem","position":1,"name":"Home","item":"https:\/\/africadailyreport.com\/fr\/"},{"@type":"ListItem","position":2,"name":"Est de la RDC: au moins neuf civils tu\u00e9s dans une attaque des rebelles ADF"}]},{"@type":"WebSite","@id":"https:\/\/africadailyreport.com\/fr\/#website","url":"https:\/\/africadailyreport.com\/fr\/","name":"Africa Daily Report","description":"","publisher":{"@id":"https:\/\/africadailyreport.com\/fr\/#organization"},"potentialAction":[{"@type":"SearchAction","target":{"@type":"EntryPoint","urlTemplate":"https:\/\/africadailyreport.com\/fr\/?s={search_term_string}"},"query-input":{"@type":"PropertyValueSpecification","valueRequired":true,"valueName":"search_term_string"}}],"inLanguage":"fr-FR"},{"@type":"Organization","@id":"https:\/\/africadailyreport.com\/fr\/#organization","name":"Africa Daily Report","url":"https:\/\/africadailyreport.com\/fr\/","logo":{"@type":"ImageObject","inLanguage":"fr-FR","@id":"https:\/\/africadailyreport.com\/fr\/#\/schema\/logo\/image\/","url":"https:\/\/africadailyreport.com\/wp-content\/uploads\/2024\/09\/ADR-Transparent-Green-Logo-1.png","contentUrl":"https:\/\/africadailyreport.com\/wp-content\/uploads\/2024\/09\/ADR-Transparent-Green-Logo-1.png","width":267,"height":185,"caption":"Africa Daily Report"},"image":{"@id":"https:\/\/africadailyreport.com\/fr\/#\/schema\/logo\/image\/"},"sameAs":["https:\/\/www.facebook.com\/africadailyreport","https:\/\/x.com\/adr_africa","https:\/\/www.youtube.com\/@africadailyreport","https:\/\/instagram.com\/africadailyreport"]},{"@type":"Person","@id":"https:\/\/africadailyreport.com\/fr\/#\/schema\/person\/c44d86d79f5570b3ba4cf70c989843f8","name":"ADR\/AFP","image":{"@type":"ImageObject","inLanguage":"fr-FR","@id":"https:\/\/secure.gravatar.com\/avatar\/2fbdc3782aa386b408fd9a36f0bc78ee569c94a7a05670cab3a1d72916408214?s=96&d=mm&r=g","url":"https:\/\/secure.gravatar.com\/avatar\/2fbdc3782aa386b408fd9a36f0bc78ee569c94a7a05670cab3a1d72916408214?s=96&d=mm&r=g","contentUrl":"https:\/\/secure.gravatar.com\/avatar\/2fbdc3782aa386b408fd9a36f0bc78ee569c94a7a05670cab3a1d72916408214?s=96&d=mm&r=g","caption":"ADR\/AFP"},"sameAs":["http:\/\/africadailyreport.com"],"url":"https:\/\/africadailyreport.com\/fr\/author\/both\/"}]}},"jetpack_featured_media_url":"https:\/\/i0.wp.com\/africadailyreport.com\/wp-content\/uploads\/2024\/12\/Democratic-Republic-Of-Congo-Flag.jpg?fit=716%2C960&ssl=1","jetpack_sharing_enabled":true,"amp_enabled":true,"_links":{"self":[{"href":"https:\/\/africadailyreport.com\/fr\/wp-json\/wp\/v2\/posts\/15077","targetHints":{"allow":["GET"]}}],"collection":[{"href":"https:\/\/africadailyreport.com\/fr\/wp-json\/wp\/v2\/posts"}],"about":[{"href":"https:\/\/africadailyreport.com\/fr\/wp-json\/wp\/v2\/types\/post"}],"author":[{"embeddable":true,"href":"https:\/\/africadailyreport.com\/fr\/wp-json\/wp\/v2\/users\/10"}],"replies":[{"embeddable":true,"href":"https:\/\/africadailyreport.com\/fr\/wp-json\/wp\/v2\/comments?post=15077"}],"version-history":[{"count":3,"href":"https:\/\/africadailyreport.com\/fr\/wp-json\/wp\/v2\/posts\/15077\/revisions"}],"predecessor-version":[{"id":15081,"href":"https:\/\/africadailyreport.com\/fr\/wp-json\/wp\/v2\/posts\/15077\/revisions\/15081"}],"wp:featuredmedia":[{"embeddable":true,"href":"https:\/\/africadailyreport.com\/fr\/wp-json\/wp\/v2\/media\/15073"}],"wp:attachment":[{"href":"https:\/\/africadailyreport.com\/fr\/wp-json\/wp\/v2\/media?parent=15077"}],"wp:term":[{"taxonomy":"category","embeddable":true,"href":"https:\/\/africadailyreport.com\/fr\/wp-json\/wp\/v2\/categories?post=15077"},{"taxonomy":"post_tag","embeddable":true,"href":"https:\/\/africadailyreport.com\/fr\/wp-json\/wp\/v2\/tags?post=15077"},{"taxonomy":"adr_country","embeddable":true,"href":"https:\/\/africadailyreport.com\/fr\/wp-json\/wp\/v2\/adr_country?post=15077"}],"curies":[{"name":"wp","href":"https:\/\/api.w.org\/{rel}","templated":true}]}}