{"id":15031,"date":"2024-12-03T03:47:37","date_gmt":"2024-12-03T03:47:37","guid":{"rendered":"https:\/\/africadailyreport.com\/2024\/12\/03\/senegal-pm-says-will-remain-head-of-govt-after-speculation\/"},"modified":"2024-12-03T03:51:25","modified_gmt":"2024-12-03T03:51:25","slug":"senegal-pm-says-will-remain-head-of-govt-after-speculation","status":"publish","type":"post","link":"https:\/\/africadailyreport.com\/fr\/2024\/12\/03\/senegal-pm-says-will-remain-head-of-govt-after-speculation\/","title":{"rendered":"S\u00e9n\u00e9gal: Sonko choisit de rester Premier ministre"},"content":{"rendered":"\n<figure class=\"wp-block-image size-large\"><img data-recalc-dims=\"1\" loading=\"lazy\" decoding=\"async\" width=\"696\" height=\"464\" src=\"https:\/\/i0.wp.com\/africadailyreport.com\/wp-content\/uploads\/2024\/12\/senegal-1.jpeg?resize=696%2C464&#038;ssl=1\" alt=\"\" class=\"wp-image-15027\" srcset=\"https:\/\/i0.wp.com\/africadailyreport.com\/wp-content\/uploads\/2024\/12\/senegal-1.jpeg?resize=1024%2C683&amp;ssl=1 1024w, https:\/\/i0.wp.com\/africadailyreport.com\/wp-content\/uploads\/2024\/12\/senegal-1.jpeg?resize=300%2C200&amp;ssl=1 300w, https:\/\/i0.wp.com\/africadailyreport.com\/wp-content\/uploads\/2024\/12\/senegal-1.jpeg?resize=768%2C512&amp;ssl=1 768w, https:\/\/i0.wp.com\/africadailyreport.com\/wp-content\/uploads\/2024\/12\/senegal-1.jpeg?resize=1536%2C1025&amp;ssl=1 1536w, https:\/\/i0.wp.com\/africadailyreport.com\/wp-content\/uploads\/2024\/12\/senegal-1.jpeg?resize=630%2C420&amp;ssl=1 630w, https:\/\/i0.wp.com\/africadailyreport.com\/wp-content\/uploads\/2024\/12\/senegal-1.jpeg?resize=150%2C100&amp;ssl=1 150w, https:\/\/i0.wp.com\/africadailyreport.com\/wp-content\/uploads\/2024\/12\/senegal-1.jpeg?resize=696%2C464&amp;ssl=1 696w, https:\/\/i0.wp.com\/africadailyreport.com\/wp-content\/uploads\/2024\/12\/senegal-1.jpeg?resize=1068%2C712&amp;ssl=1 1068w, https:\/\/i0.wp.com\/africadailyreport.com\/wp-content\/uploads\/2024\/12\/senegal-1.jpeg?w=1799&amp;ssl=1 1799w, https:\/\/i0.wp.com\/africadailyreport.com\/wp-content\/uploads\/2024\/12\/senegal-1.jpeg?w=1392&amp;ssl=1 1392w\" sizes=\"auto, (max-width: 696px) 100vw, 696px\" \/><figcaption class=\"wp-element-caption\">(FILES) Senegalese opposition presidential candidate Bassirou Diomaye Faye gestures as he acknowledges the crowd of supporters gathering at the Caroline Faye Stadium in Mbour, on March 22, 2024 for the closing rally of the presidential campaign. Senegal&rsquo;s presidential candidates were set to make their final pitches to voters on March 22, 2024, marking the end of a rushed campaign for what is considered an unprecedented election after weeks of political crisis. &#8211; Donald Trump&rsquo;s victory in the US presidential election, the continuing war in the Middle East or the Paris Olympics&#8230; are among the twelve events that marked the year 2024. (Photo by MARCO LONGARI \/ AFP)<\/figcaption><\/figure>\n\n\n\n<h2 class=\"wp-block-heading\" id=\"h-\"><\/h2>\n\n\n\n<p>Dakar,\u00a0S\u00e9n\u00e9gal<\/p>\n\n\n\n<p>AJOUTE \u00c9LECTION DU PR\u00c9SIDENT DE L&rsquo;ASSEMBL\u00c9E<\/p>\n\n\n\n<p>Le Premier ministre Ousmane Sonko a annonc\u00e9 lundi avoir choisi de rester \u00e0 la t\u00eate du gouvernement plut\u00f4t que de devenir pr\u00e9sident de l&rsquo;Assembl\u00e9e, coupant court aux sp\u00e9culations sur son r\u00f4le apr\u00e8s la victoire de son parti aux l\u00e9gislatives.<\/p>\n\n\n\n<p>M. Sonko, figure dominante de la politique s\u00e9n\u00e9galaise ces derni\u00e8res ann\u00e9es, a indiqu\u00e9 \u00e0 des journalistes qu&rsquo;il renon\u00e7ait au mandat de d\u00e9put\u00e9 remport\u00e9 aux \u00e9lections parlementaires du 17 novembre, \u00e0 l&rsquo;occasion de l&rsquo;installation de la nouvelle Assembl\u00e9e.<\/p>\n\n\n\n<p>M. Sonko a \u00e9t\u00e9 nomm\u00e9 Premier ministre en avril au lendemain de la victoire de son bras droit Bassirou Diomaye Faye \u00e0 la pr\u00e9sidentielle, succ\u00e8s dont il est l&rsquo;architecte. En novembre, il \u00e9tait t\u00eate de liste de son parti, le Pastef, vainqueur des l\u00e9gislatives, avec 130 des 165 si\u00e8ges de l&rsquo;Assembl\u00e9e nationale.<\/p>\n\n\n\n<p>\u00ab\u00a0Je reste \u00e0 la Primature (le poste de Premier ministre). J&rsquo;\u00e9tais venu d\u00e9poser ma lettre de d\u00e9mission en tant que d\u00e9put\u00e9\u00a0\u00bb, a-t-il dit \u00e0 l&rsquo;ext\u00e9rieur de l&rsquo;Assembl\u00e9e.<\/p>\n\n\n\n<p>\u00ab\u00a0Nous avons entam\u00e9 un travail \u00e0 la Primature. Le pr\u00e9sident a besoin de moi \u00e0 ses c\u00f4t\u00e9s. On continue ce travail\u00a0\u00bb, a-t-il dit.<\/p>\n\n\n\n<p>Les fonctions parlementaires et gouvernementales \u00e9tant incompatibles, M. Sonko sera remplac\u00e9 \u00e0 l&rsquo;Assembl\u00e9e par le suivant sur la liste du Pastef.<\/p>\n\n\n\n<p>La campagne des l\u00e9gislatives a soulev\u00e9 des interrogations sur la place de M. Sonko au sein des institutions. Des voix se sont \u00e9lev\u00e9es pour plaider qu&rsquo;il occupe la pr\u00e9sidence du Parlement pour parer les cons\u00e9quences d&rsquo;un \u00e9ventuel conflit \u00e0 la t\u00eate de l&rsquo;ex\u00e9cutif avec un pr\u00e9sident qui lui doit sa position.<\/p>\n\n\n\n<p>Malick Ndiaye, jusqu&rsquo;alors ministre des Transports terrestres et a\u00e9riens, a \u00e9t\u00e9 \u00e9lu dans la soir\u00e9e pr\u00e9sident de l&rsquo;Assembl\u00e9e. R\u00e9put\u00e9 proche de M. Sonko, il devient officiellement le deuxi\u00e8me personnage de l&rsquo;Etat.<\/p>\n\n\n\n<p>\u00a9 Agence France-Presse<\/p>\n\n\n\n<p><\/p>\n","protected":false},"excerpt":{"rendered":"<p>Dakar,\u00a0S\u00e9n\u00e9gal AJOUTE \u00c9LECTION DU PR\u00c9SIDENT DE L&rsquo;ASSEMBL\u00c9E Le Premier ministre Ousmane Sonko a annonc\u00e9 lundi avoir choisi de rester \u00e0 la t\u00eate du gouvernement plut\u00f4t que de devenir pr\u00e9sident de l&rsquo;Assembl\u00e9e, coupant court aux sp\u00e9culations sur son r\u00f4le apr\u00e8s la victoire de son parti aux l\u00e9gislatives. M. Sonko, figure dominante de la politique s\u00e9n\u00e9galaise ces [&hellip;]<\/p>\n","protected":false},"author":10,"featured_media":15028,"comment_status":"open","ping_status":"open","sticky":false,"template":"","format":"standard","meta":{"_acf_changed":false,"om_disable_all_campaigns":false,"_monsterinsights_skip_tracking":false,"_monsterinsights_sitenote_active":false,"_monsterinsights_sitenote_note":"","_monsterinsights_sitenote_category":0,"tdm_status":"","tdm_grid_status":"","_jetpack_newsletter_access":"","_jetpack_dont_email_post_to_subs":false,"_jetpack_newsletter_tier_id":0,"_jetpack_memberships_contains_paywalled_content":false,"_jetpack_memberships_contains_paid_content":false,"footnotes":""},"categories":[293,837],"tags":[1517,1170,815],"adr_country":[1099,1092],"class_list":{"0":"post-15031","1":"post","2":"type-post","3":"status-publish","4":"format-standard","5":"has-post-thumbnail","7":"category-actualites-fr","8":"category-afrique-fr","9":"tag-parliament-fr","10":"tag-politics-fr","11":"tag-senegal-2-fr","12":"adr_country-afrique","13":"adr_country-senegal"},"acf":{"post_version":""},"yoast_head":"<!-- This site is optimized with the Yoast SEO Premium plugin v26.0 (Yoast SEO v27.4) - https:\/\/yoast.com\/product\/yoast-seo-premium-wordpress\/ -->\n<title>S\u00e9n\u00e9gal: Sonko choisit de rester Premier ministre - Africa Daily Report<\/title>\n<meta name=\"robots\" content=\"index, follow, max-snippet:-1, max-image-preview:large, max-video-preview:-1\" \/>\n<link rel=\"canonical\" href=\"https:\/\/africadailyreport.com\/fr\/2024\/12\/03\/senegal-pm-says-will-remain-head-of-govt-after-speculation\/\" \/>\n<meta property=\"og:locale\" content=\"fr_FR\" \/>\n<meta property=\"og:type\" content=\"article\" \/>\n<meta property=\"og:title\" content=\"S\u00e9n\u00e9gal: Sonko choisit de rester Premier ministre\" \/>\n<meta property=\"og:description\" content=\"Dakar,\u00a0S\u00e9n\u00e9gal AJOUTE \u00c9LECTION DU PR\u00c9SIDENT DE L&rsquo;ASSEMBL\u00c9E Le Premier ministre Ousmane Sonko a annonc\u00e9 lundi avoir choisi de rester \u00e0 la t\u00eate du gouvernement plut\u00f4t que de devenir pr\u00e9sident de l&rsquo;Assembl\u00e9e, coupant court aux sp\u00e9culations sur son r\u00f4le apr\u00e8s la victoire de son parti aux l\u00e9gislatives. M. Sonko, figure dominante de la politique s\u00e9n\u00e9galaise ces [&hellip;]\" \/>\n<meta property=\"og:url\" content=\"https:\/\/africadailyreport.com\/fr\/2024\/12\/03\/senegal-pm-says-will-remain-head-of-govt-after-speculation\/\" \/>\n<meta property=\"og:site_name\" content=\"Africa Daily Report\" \/>\n<meta property=\"article:publisher\" content=\"https:\/\/www.facebook.com\/africadailyreport\" \/>\n<meta property=\"article:published_time\" content=\"2024-12-03T03:47:37+00:00\" \/>\n<meta property=\"article:modified_time\" content=\"2024-12-03T03:51:25+00:00\" \/>\n<meta property=\"og:image\" content=\"https:\/\/africadailyreport.com\/wp-content\/uploads\/2024\/12\/senegal-1.jpeg\" \/>\n\t<meta property=\"og:image:width\" content=\"1799\" \/>\n\t<meta property=\"og:image:height\" content=\"1200\" \/>\n\t<meta property=\"og:image:type\" content=\"image\/jpeg\" \/>\n<meta name=\"author\" content=\"ADR\/AFP\" \/>\n<meta name=\"twitter:card\" content=\"summary_large_image\" \/>\n<meta name=\"twitter:creator\" content=\"@adr_africa\" \/>\n<meta name=\"twitter:site\" content=\"@adr_africa\" \/>\n<meta name=\"twitter:label1\" content=\"\u00c9crit par\" \/>\n\t<meta name=\"twitter:data1\" content=\"ADR\/AFP\" \/>\n\t<meta name=\"twitter:label2\" content=\"Dur\u00e9e de lecture estim\u00e9e\" \/>\n\t<meta name=\"twitter:data2\" content=\"3 minutes\" \/>\n<script type=\"application\/ld+json\" class=\"yoast-schema-graph\">{\"@context\":\"https:\\\/\\\/schema.org\",\"@graph\":[{\"@type\":\"Article\",\"@id\":\"https:\\\/\\\/africadailyreport.com\\\/fr\\\/2024\\\/12\\\/03\\\/senegal-pm-says-will-remain-head-of-govt-after-speculation\\\/#article\",\"isPartOf\":{\"@id\":\"https:\\\/\\\/africadailyreport.com\\\/fr\\\/2024\\\/12\\\/03\\\/senegal-pm-says-will-remain-head-of-govt-after-speculation\\\/\"},\"author\":{\"name\":\"ADR\\\/AFP\",\"@id\":\"https:\\\/\\\/africadailyreport.com\\\/fr\\\/#\\\/schema\\\/person\\\/c44d86d79f5570b3ba4cf70c989843f8\"},\"headline\":\"S\u00e9n\u00e9gal: Sonko choisit de rester Premier ministre\",\"datePublished\":\"2024-12-03T03:47:37+00:00\",\"dateModified\":\"2024-12-03T03:51:25+00:00\",\"mainEntityOfPage\":{\"@id\":\"https:\\\/\\\/africadailyreport.com\\\/fr\\\/2024\\\/12\\\/03\\\/senegal-pm-says-will-remain-head-of-govt-after-speculation\\\/\"},\"wordCount\":454,\"commentCount\":0,\"publisher\":{\"@id\":\"https:\\\/\\\/africadailyreport.com\\\/fr\\\/#organization\"},\"image\":{\"@id\":\"https:\\\/\\\/africadailyreport.com\\\/fr\\\/2024\\\/12\\\/03\\\/senegal-pm-says-will-remain-head-of-govt-after-speculation\\\/#primaryimage\"},\"thumbnailUrl\":\"https:\\\/\\\/i0.wp.com\\\/africadailyreport.com\\\/wp-content\\\/uploads\\\/2024\\\/12\\\/senegal-1.jpeg?fit=1799%2C1200&ssl=1\",\"keywords\":[\"parliament\",\"Politics\",\"Senegal\"],\"articleSection\":[\"Actualit\u00e9s\",\"AFRIQUE\"],\"inLanguage\":\"fr-FR\",\"potentialAction\":[{\"@type\":\"CommentAction\",\"name\":\"Comment\",\"target\":[\"https:\\\/\\\/africadailyreport.com\\\/fr\\\/2024\\\/12\\\/03\\\/senegal-pm-says-will-remain-head-of-govt-after-speculation\\\/#respond\"]}],\"copyrightYear\":\"2024\",\"copyrightHolder\":{\"@id\":\"https:\\\/\\\/africadailyreport.com\\\/#organization\"}},{\"@type\":\"WebPage\",\"@id\":\"https:\\\/\\\/africadailyreport.com\\\/fr\\\/2024\\\/12\\\/03\\\/senegal-pm-says-will-remain-head-of-govt-after-speculation\\\/\",\"url\":\"https:\\\/\\\/africadailyreport.com\\\/fr\\\/2024\\\/12\\\/03\\\/senegal-pm-says-will-remain-head-of-govt-after-speculation\\\/\",\"name\":\"S\u00e9n\u00e9gal: Sonko choisit de rester Premier ministre - Africa Daily Report\",\"isPartOf\":{\"@id\":\"https:\\\/\\\/africadailyreport.com\\\/fr\\\/#website\"},\"primaryImageOfPage\":{\"@id\":\"https:\\\/\\\/africadailyreport.com\\\/fr\\\/2024\\\/12\\\/03\\\/senegal-pm-says-will-remain-head-of-govt-after-speculation\\\/#primaryimage\"},\"image\":{\"@id\":\"https:\\\/\\\/africadailyreport.com\\\/fr\\\/2024\\\/12\\\/03\\\/senegal-pm-says-will-remain-head-of-govt-after-speculation\\\/#primaryimage\"},\"thumbnailUrl\":\"https:\\\/\\\/i0.wp.com\\\/africadailyreport.com\\\/wp-content\\\/uploads\\\/2024\\\/12\\\/senegal-1.jpeg?fit=1799%2C1200&ssl=1\",\"datePublished\":\"2024-12-03T03:47:37+00:00\",\"dateModified\":\"2024-12-03T03:51:25+00:00\",\"breadcrumb\":{\"@id\":\"https:\\\/\\\/africadailyreport.com\\\/fr\\\/2024\\\/12\\\/03\\\/senegal-pm-says-will-remain-head-of-govt-after-speculation\\\/#breadcrumb\"},\"inLanguage\":\"fr-FR\",\"potentialAction\":[{\"@type\":\"ReadAction\",\"target\":[\"https:\\\/\\\/africadailyreport.com\\\/fr\\\/2024\\\/12\\\/03\\\/senegal-pm-says-will-remain-head-of-govt-after-speculation\\\/\"]}]},{\"@type\":\"ImageObject\",\"inLanguage\":\"fr-FR\",\"@id\":\"https:\\\/\\\/africadailyreport.com\\\/fr\\\/2024\\\/12\\\/03\\\/senegal-pm-says-will-remain-head-of-govt-after-speculation\\\/#primaryimage\",\"url\":\"https:\\\/\\\/i0.wp.com\\\/africadailyreport.com\\\/wp-content\\\/uploads\\\/2024\\\/12\\\/senegal-1.jpeg?fit=1799%2C1200&ssl=1\",\"contentUrl\":\"https:\\\/\\\/i0.wp.com\\\/africadailyreport.com\\\/wp-content\\\/uploads\\\/2024\\\/12\\\/senegal-1.jpeg?fit=1799%2C1200&ssl=1\",\"width\":1799,\"height\":1200,\"caption\":\"(FILES) Senegalese opposition presidential candidate Bassirou Diomaye Faye gestures as he acknowledges the crowd of supporters gathering at the Caroline Faye Stadium in Mbour, on March 22, 2024 for the closing rally of the presidential campaign. Senegal's presidential candidates were set to make their final pitches to voters on March 22, 2024, marking the end of a rushed campaign for what is considered an unprecedented election after weeks of political crisis. - Donald Trump's victory in the US presidential election, the continuing war in the Middle East or the Paris Olympics... are among the twelve events that marked the year 2024. (Photo by MARCO LONGARI \\\/ AFP)\"},{\"@type\":\"BreadcrumbList\",\"@id\":\"https:\\\/\\\/africadailyreport.com\\\/fr\\\/2024\\\/12\\\/03\\\/senegal-pm-says-will-remain-head-of-govt-after-speculation\\\/#breadcrumb\",\"itemListElement\":[{\"@type\":\"ListItem\",\"position\":1,\"name\":\"Home\",\"item\":\"https:\\\/\\\/africadailyreport.com\\\/fr\\\/\"},{\"@type\":\"ListItem\",\"position\":2,\"name\":\"S\u00e9n\u00e9gal: Sonko choisit de rester Premier ministre\"}]},{\"@type\":\"WebSite\",\"@id\":\"https:\\\/\\\/africadailyreport.com\\\/fr\\\/#website\",\"url\":\"https:\\\/\\\/africadailyreport.com\\\/fr\\\/\",\"name\":\"Africa Daily Report\",\"description\":\"\",\"publisher\":{\"@id\":\"https:\\\/\\\/africadailyreport.com\\\/fr\\\/#organization\"},\"potentialAction\":[{\"@type\":\"SearchAction\",\"target\":{\"@type\":\"EntryPoint\",\"urlTemplate\":\"https:\\\/\\\/africadailyreport.com\\\/fr\\\/?s={search_term_string}\"},\"query-input\":{\"@type\":\"PropertyValueSpecification\",\"valueRequired\":true,\"valueName\":\"search_term_string\"}}],\"inLanguage\":\"fr-FR\"},{\"@type\":\"Organization\",\"@id\":\"https:\\\/\\\/africadailyreport.com\\\/fr\\\/#organization\",\"name\":\"Africa Daily Report\",\"url\":\"https:\\\/\\\/africadailyreport.com\\\/fr\\\/\",\"logo\":{\"@type\":\"ImageObject\",\"inLanguage\":\"fr-FR\",\"@id\":\"https:\\\/\\\/africadailyreport.com\\\/fr\\\/#\\\/schema\\\/logo\\\/image\\\/\",\"url\":\"https:\\\/\\\/africadailyreport.com\\\/wp-content\\\/uploads\\\/2024\\\/09\\\/ADR-Transparent-Green-Logo-1.png\",\"contentUrl\":\"https:\\\/\\\/africadailyreport.com\\\/wp-content\\\/uploads\\\/2024\\\/09\\\/ADR-Transparent-Green-Logo-1.png\",\"width\":267,\"height\":185,\"caption\":\"Africa Daily Report\"},\"image\":{\"@id\":\"https:\\\/\\\/africadailyreport.com\\\/fr\\\/#\\\/schema\\\/logo\\\/image\\\/\"},\"sameAs\":[\"https:\\\/\\\/www.facebook.com\\\/africadailyreport\",\"https:\\\/\\\/x.com\\\/adr_africa\",\"https:\\\/\\\/www.youtube.com\\\/@africadailyreport\",\"https:\\\/\\\/instagram.com\\\/africadailyreport\"]},{\"@type\":\"Person\",\"@id\":\"https:\\\/\\\/africadailyreport.com\\\/fr\\\/#\\\/schema\\\/person\\\/c44d86d79f5570b3ba4cf70c989843f8\",\"name\":\"ADR\\\/AFP\",\"image\":{\"@type\":\"ImageObject\",\"inLanguage\":\"fr-FR\",\"@id\":\"https:\\\/\\\/secure.gravatar.com\\\/avatar\\\/2fbdc3782aa386b408fd9a36f0bc78ee569c94a7a05670cab3a1d72916408214?s=96&d=mm&r=g\",\"url\":\"https:\\\/\\\/secure.gravatar.com\\\/avatar\\\/2fbdc3782aa386b408fd9a36f0bc78ee569c94a7a05670cab3a1d72916408214?s=96&d=mm&r=g\",\"contentUrl\":\"https:\\\/\\\/secure.gravatar.com\\\/avatar\\\/2fbdc3782aa386b408fd9a36f0bc78ee569c94a7a05670cab3a1d72916408214?s=96&d=mm&r=g\",\"caption\":\"ADR\\\/AFP\"},\"sameAs\":[\"http:\\\/\\\/africadailyreport.com\"],\"url\":\"https:\\\/\\\/africadailyreport.com\\\/fr\\\/author\\\/both\\\/\"}]}<\/script>\n<!-- \/ Yoast SEO Premium plugin. -->","yoast_head_json":{"title":"S\u00e9n\u00e9gal: Sonko choisit de rester Premier ministre - Africa Daily Report","robots":{"index":"index","follow":"follow","max-snippet":"max-snippet:-1","max-image-preview":"max-image-preview:large","max-video-preview":"max-video-preview:-1"},"canonical":"https:\/\/africadailyreport.com\/fr\/2024\/12\/03\/senegal-pm-says-will-remain-head-of-govt-after-speculation\/","og_locale":"fr_FR","og_type":"article","og_title":"S\u00e9n\u00e9gal: Sonko choisit de rester Premier ministre","og_description":"Dakar,\u00a0S\u00e9n\u00e9gal AJOUTE \u00c9LECTION DU PR\u00c9SIDENT DE L&rsquo;ASSEMBL\u00c9E Le Premier ministre Ousmane Sonko a annonc\u00e9 lundi avoir choisi de rester \u00e0 la t\u00eate du gouvernement plut\u00f4t que de devenir pr\u00e9sident de l&rsquo;Assembl\u00e9e, coupant court aux sp\u00e9culations sur son r\u00f4le apr\u00e8s la victoire de son parti aux l\u00e9gislatives. M. Sonko, figure dominante de la politique s\u00e9n\u00e9galaise ces [&hellip;]","og_url":"https:\/\/africadailyreport.com\/fr\/2024\/12\/03\/senegal-pm-says-will-remain-head-of-govt-after-speculation\/","og_site_name":"Africa Daily Report","article_publisher":"https:\/\/www.facebook.com\/africadailyreport","article_published_time":"2024-12-03T03:47:37+00:00","article_modified_time":"2024-12-03T03:51:25+00:00","og_image":[{"width":1799,"height":1200,"url":"https:\/\/africadailyreport.com\/wp-content\/uploads\/2024\/12\/senegal-1.jpeg","type":"image\/jpeg"}],"author":"ADR\/AFP","twitter_card":"summary_large_image","twitter_creator":"@adr_africa","twitter_site":"@adr_africa","twitter_misc":{"\u00c9crit par":"ADR\/AFP","Dur\u00e9e de lecture estim\u00e9e":"3 minutes"},"schema":{"@context":"https:\/\/schema.org","@graph":[{"@type":"Article","@id":"https:\/\/africadailyreport.com\/fr\/2024\/12\/03\/senegal-pm-says-will-remain-head-of-govt-after-speculation\/#article","isPartOf":{"@id":"https:\/\/africadailyreport.com\/fr\/2024\/12\/03\/senegal-pm-says-will-remain-head-of-govt-after-speculation\/"},"author":{"name":"ADR\/AFP","@id":"https:\/\/africadailyreport.com\/fr\/#\/schema\/person\/c44d86d79f5570b3ba4cf70c989843f8"},"headline":"S\u00e9n\u00e9gal: Sonko choisit de rester Premier ministre","datePublished":"2024-12-03T03:47:37+00:00","dateModified":"2024-12-03T03:51:25+00:00","mainEntityOfPage":{"@id":"https:\/\/africadailyreport.com\/fr\/2024\/12\/03\/senegal-pm-says-will-remain-head-of-govt-after-speculation\/"},"wordCount":454,"commentCount":0,"publisher":{"@id":"https:\/\/africadailyreport.com\/fr\/#organization"},"image":{"@id":"https:\/\/africadailyreport.com\/fr\/2024\/12\/03\/senegal-pm-says-will-remain-head-of-govt-after-speculation\/#primaryimage"},"thumbnailUrl":"https:\/\/i0.wp.com\/africadailyreport.com\/wp-content\/uploads\/2024\/12\/senegal-1.jpeg?fit=1799%2C1200&ssl=1","keywords":["parliament","Politics","Senegal"],"articleSection":["Actualit\u00e9s","AFRIQUE"],"inLanguage":"fr-FR","potentialAction":[{"@type":"CommentAction","name":"Comment","target":["https:\/\/africadailyreport.com\/fr\/2024\/12\/03\/senegal-pm-says-will-remain-head-of-govt-after-speculation\/#respond"]}],"copyrightYear":"2024","copyrightHolder":{"@id":"https:\/\/africadailyreport.com\/#organization"}},{"@type":"WebPage","@id":"https:\/\/africadailyreport.com\/fr\/2024\/12\/03\/senegal-pm-says-will-remain-head-of-govt-after-speculation\/","url":"https:\/\/africadailyreport.com\/fr\/2024\/12\/03\/senegal-pm-says-will-remain-head-of-govt-after-speculation\/","name":"S\u00e9n\u00e9gal: Sonko choisit de rester Premier ministre - Africa Daily Report","isPartOf":{"@id":"https:\/\/africadailyreport.com\/fr\/#website"},"primaryImageOfPage":{"@id":"https:\/\/africadailyreport.com\/fr\/2024\/12\/03\/senegal-pm-says-will-remain-head-of-govt-after-speculation\/#primaryimage"},"image":{"@id":"https:\/\/africadailyreport.com\/fr\/2024\/12\/03\/senegal-pm-says-will-remain-head-of-govt-after-speculation\/#primaryimage"},"thumbnailUrl":"https:\/\/i0.wp.com\/africadailyreport.com\/wp-content\/uploads\/2024\/12\/senegal-1.jpeg?fit=1799%2C1200&ssl=1","datePublished":"2024-12-03T03:47:37+00:00","dateModified":"2024-12-03T03:51:25+00:00","breadcrumb":{"@id":"https:\/\/africadailyreport.com\/fr\/2024\/12\/03\/senegal-pm-says-will-remain-head-of-govt-after-speculation\/#breadcrumb"},"inLanguage":"fr-FR","potentialAction":[{"@type":"ReadAction","target":["https:\/\/africadailyreport.com\/fr\/2024\/12\/03\/senegal-pm-says-will-remain-head-of-govt-after-speculation\/"]}]},{"@type":"ImageObject","inLanguage":"fr-FR","@id":"https:\/\/africadailyreport.com\/fr\/2024\/12\/03\/senegal-pm-says-will-remain-head-of-govt-after-speculation\/#primaryimage","url":"https:\/\/i0.wp.com\/africadailyreport.com\/wp-content\/uploads\/2024\/12\/senegal-1.jpeg?fit=1799%2C1200&ssl=1","contentUrl":"https:\/\/i0.wp.com\/africadailyreport.com\/wp-content\/uploads\/2024\/12\/senegal-1.jpeg?fit=1799%2C1200&ssl=1","width":1799,"height":1200,"caption":"(FILES) Senegalese opposition presidential candidate Bassirou Diomaye Faye gestures as he acknowledges the crowd of supporters gathering at the Caroline Faye Stadium in Mbour, on March 22, 2024 for the closing rally of the presidential campaign. Senegal's presidential candidates were set to make their final pitches to voters on March 22, 2024, marking the end of a rushed campaign for what is considered an unprecedented election after weeks of political crisis. - Donald Trump's victory in the US presidential election, the continuing war in the Middle East or the Paris Olympics... are among the twelve events that marked the year 2024. (Photo by MARCO LONGARI \/ AFP)"},{"@type":"BreadcrumbList","@id":"https:\/\/africadailyreport.com\/fr\/2024\/12\/03\/senegal-pm-says-will-remain-head-of-govt-after-speculation\/#breadcrumb","itemListElement":[{"@type":"ListItem","position":1,"name":"Home","item":"https:\/\/africadailyreport.com\/fr\/"},{"@type":"ListItem","position":2,"name":"S\u00e9n\u00e9gal: Sonko choisit de rester Premier ministre"}]},{"@type":"WebSite","@id":"https:\/\/africadailyreport.com\/fr\/#website","url":"https:\/\/africadailyreport.com\/fr\/","name":"Africa Daily Report","description":"","publisher":{"@id":"https:\/\/africadailyreport.com\/fr\/#organization"},"potentialAction":[{"@type":"SearchAction","target":{"@type":"EntryPoint","urlTemplate":"https:\/\/africadailyreport.com\/fr\/?s={search_term_string}"},"query-input":{"@type":"PropertyValueSpecification","valueRequired":true,"valueName":"search_term_string"}}],"inLanguage":"fr-FR"},{"@type":"Organization","@id":"https:\/\/africadailyreport.com\/fr\/#organization","name":"Africa Daily Report","url":"https:\/\/africadailyreport.com\/fr\/","logo":{"@type":"ImageObject","inLanguage":"fr-FR","@id":"https:\/\/africadailyreport.com\/fr\/#\/schema\/logo\/image\/","url":"https:\/\/africadailyreport.com\/wp-content\/uploads\/2024\/09\/ADR-Transparent-Green-Logo-1.png","contentUrl":"https:\/\/africadailyreport.com\/wp-content\/uploads\/2024\/09\/ADR-Transparent-Green-Logo-1.png","width":267,"height":185,"caption":"Africa Daily Report"},"image":{"@id":"https:\/\/africadailyreport.com\/fr\/#\/schema\/logo\/image\/"},"sameAs":["https:\/\/www.facebook.com\/africadailyreport","https:\/\/x.com\/adr_africa","https:\/\/www.youtube.com\/@africadailyreport","https:\/\/instagram.com\/africadailyreport"]},{"@type":"Person","@id":"https:\/\/africadailyreport.com\/fr\/#\/schema\/person\/c44d86d79f5570b3ba4cf70c989843f8","name":"ADR\/AFP","image":{"@type":"ImageObject","inLanguage":"fr-FR","@id":"https:\/\/secure.gravatar.com\/avatar\/2fbdc3782aa386b408fd9a36f0bc78ee569c94a7a05670cab3a1d72916408214?s=96&d=mm&r=g","url":"https:\/\/secure.gravatar.com\/avatar\/2fbdc3782aa386b408fd9a36f0bc78ee569c94a7a05670cab3a1d72916408214?s=96&d=mm&r=g","contentUrl":"https:\/\/secure.gravatar.com\/avatar\/2fbdc3782aa386b408fd9a36f0bc78ee569c94a7a05670cab3a1d72916408214?s=96&d=mm&r=g","caption":"ADR\/AFP"},"sameAs":["http:\/\/africadailyreport.com"],"url":"https:\/\/africadailyreport.com\/fr\/author\/both\/"}]}},"jetpack_featured_media_url":"https:\/\/i0.wp.com\/africadailyreport.com\/wp-content\/uploads\/2024\/12\/senegal-1.jpeg?fit=1799%2C1200&ssl=1","jetpack_sharing_enabled":true,"amp_enabled":true,"_links":{"self":[{"href":"https:\/\/africadailyreport.com\/fr\/wp-json\/wp\/v2\/posts\/15031","targetHints":{"allow":["GET"]}}],"collection":[{"href":"https:\/\/africadailyreport.com\/fr\/wp-json\/wp\/v2\/posts"}],"about":[{"href":"https:\/\/africadailyreport.com\/fr\/wp-json\/wp\/v2\/types\/post"}],"author":[{"embeddable":true,"href":"https:\/\/africadailyreport.com\/fr\/wp-json\/wp\/v2\/users\/10"}],"replies":[{"embeddable":true,"href":"https:\/\/africadailyreport.com\/fr\/wp-json\/wp\/v2\/comments?post=15031"}],"version-history":[{"count":2,"href":"https:\/\/africadailyreport.com\/fr\/wp-json\/wp\/v2\/posts\/15031\/revisions"}],"predecessor-version":[{"id":15034,"href":"https:\/\/africadailyreport.com\/fr\/wp-json\/wp\/v2\/posts\/15031\/revisions\/15034"}],"wp:featuredmedia":[{"embeddable":true,"href":"https:\/\/africadailyreport.com\/fr\/wp-json\/wp\/v2\/media\/15028"}],"wp:attachment":[{"href":"https:\/\/africadailyreport.com\/fr\/wp-json\/wp\/v2\/media?parent=15031"}],"wp:term":[{"taxonomy":"category","embeddable":true,"href":"https:\/\/africadailyreport.com\/fr\/wp-json\/wp\/v2\/categories?post=15031"},{"taxonomy":"post_tag","embeddable":true,"href":"https:\/\/africadailyreport.com\/fr\/wp-json\/wp\/v2\/tags?post=15031"},{"taxonomy":"adr_country","embeddable":true,"href":"https:\/\/africadailyreport.com\/fr\/wp-json\/wp\/v2\/adr_country?post=15031"}],"curies":[{"name":"wp","href":"https:\/\/api.w.org\/{rel}","templated":true}]}}